




{"id":33954,"date":"2012-09-05T16:48:00","date_gmt":"2012-09-05T13:48:00","guid":{"rendered":"http:\/\/qtmm.org\/?p=33954"},"modified":"2022-01-22T16:50:48","modified_gmt":"2022-01-22T13:50:48","slug":"ali-bilge-cankorelnin-qirimda-elcilik-faaliyetini-aks-ettirgen-sergi-acildi","status":"publish","type":"post","link":"https:\/\/qtmm.org\/qt\/ali-bilge-cankorelnin-qirimda-elcilik-faaliyetini-aks-ettirgen-sergi-acildi\/","title":{"rendered":"Ali Bilge Cankorelni\u00f1 Q\u0131r\u0131mda el\u00e7ilik faaliyetini aks ettirgen sergi a\u00e7\u0131ld\u0131"},"content":{"rendered":"\n<p>\u0130. Gasprinskiy ad\u0131na cumhuriyet q\u0131r\u0131mtatar k\u00fct\u00fcphanesinde 2012 senesi sent\u00e2br 5 k\u00fcn\u00fc T\u00fcrkiyeni\u00f1 Ukrainadaki sab\u0131q El\u00e7isi Ali Bilge Cankorelni\u00f1 Q\u0131r\u0131m ziyaretine ba\u011f\u0131\u015flan\u0131p, on\u0131\u00f1 T\u00fcrkiyeni\u00f1 Ukrainada El\u00e7isi olaraq \u00e7al\u0131\u015fqanda faaliyetini aks ettirgen fotosergi a\u00e7\u0131ld\u0131.<\/p>\n\n\n\n<p>Sergini Q\u0131r\u0131mtatar qad\u0131n-q\u0131zlar birle\u015fmesi ve \u0130. Gasprinskiy ad\u0131na cumhuriyet q\u0131r\u0131mtatar k\u00fct\u00fcphanesi birlikte te\u015fkil ettiler. Q\u0131r\u0131mtatar qad\u0131n-q\u0131zlar birle\u015fmesini\u00f1 reisi Safinar Cemileva Ali Bilge Cankorel ve on\u0131\u00f1 refiqas\u0131 \u0130cl\u00e2l han\u0131m\u011fa ve bun\u0131\u00f1 kibi de sergi a\u00e7\u0131l\u0131\u015f\u0131na kelgenlerge te\u015fekk\u00fcr bildirdi.<\/p>\n\n\n\n<p>Safinar han\u0131m Q\u0131r\u0131mtatar qad\u0131n-q\u0131zlar birle\u015fmesini\u00f1 faaliyeti aqq\u0131nda ik\u00e2ye etip, so\u00f1ra sab\u0131q El\u00e7i Ali Bilge Cankorelni\u00f1 Q\u0131r\u0131m ziyaretinen ba\u011fl\u0131 videolevhan\u0131 seyir etmekni teklif etti. C\u00fcmleden musafirlerge Aqmescitte T\u00fcrkiyeni\u00f1 Fahriy konsull\u0131\u011f\u0131 a\u00e7\u0131l\u0131\u015f\u0131 ve Seyran Osmanov fahriy konsul olaraq tayinlengeni, Aqmescit rayon\u0131 Pionerskoye qasabas\u0131nda suv a\u011flar\u0131n\u0131\u00f1 a\u00e7\u0131l\u0131\u015f\u0131 ve daa \u00e7oq vaqialar numay\u0131\u015f etildi.<\/p>\n\n\n\n<p>&#8220;T\u00fcrkiyeni\u00f1 Ukrainada El\u00e7isi ol\u0131p h\u0131zmet etken Ali Bilge Cankorel Q\u0131r\u0131m ve q\u0131r\u0131mtatar halq\u0131 i\u00e7\u00fcn pek \u00e7oq i\u015f yapt\u0131, &#8211; dedi \u00f6z \u00e7\u0131q\u0131\u015f\u0131nda k\u00fct\u00fcphane direktor\u0131n\u0131\u00f1 muavini Leyl\u00e2 Qad\u0131rova. &#8211; On\u0131\u00f1 faaliyetinden tek eyi teessuratlar\u0131m\u0131z qald\u0131.<\/p>\n\n\n\n<p>Bug\u00fcn on\u0131\u00f1 i\u015fini devam ettirgenler ayn\u0131 \u015fu y\u00f6neli\u015fte \u00e7al\u0131\u015fmaqtalar. B\u00fct\u00fcn bu i\u015flerni fotolarda k\u00f6rmek m\u00fcmk\u00fcn. Bu \u00f6z\u00fcne has tarihiy bir fursatt\u0131r. \u00c7\u00fcnki, sergimizde cenap Cankorelni\u00f1 kendisinde bile olma\u011fan resimler bulunmaqta. Biz sergimizde say\u011f\u0131l\u0131 el\u00e7imizni\u00f1 Q\u0131r\u0131mdaki faaliyetini k\u00f6stergen b\u00fct\u00fcn resimlerni toplama\u011fa t\u0131r\u0131\u015ft\u0131q&#8221;.<\/p>\n\n\n\n<p>K\u00f6r\u00fc\u015f\u00fcvni\u00f1 so\u00f1unda Safinar Cemilev Q\u0131r\u0131mtatar qad\u0131nlar birle\u015fmesi ad\u0131ndan musafirlerge hatire bah\u015f\u0131\u015flar\u0131n\u0131 taqdim etti.<br><br>Hat\u0131rlatam\u0131z ki, 2001 senesinden 2005 senesine qadar T\u00fcrkiyeni\u00f1 Ukrainadaki El\u00e7isi ol\u011fan Ali Bilge Cankorel Q\u0131r\u0131m\u011fa defalarca resmiy ziyaretlernen kelip, Cumhuriyet yolba\u015f\u00e7\u0131lar\u0131 ve Q\u0131r\u0131mtatar halq\u0131n\u0131\u00f1 Meclisinen k\u00f6r\u00fc\u015fti.<\/p>\n\n\n\n<p>Ali Bilge Cankorelni\u00f1 qoltutuv\u0131 sayesinde Aqmescit rayon\u0131n\u0131\u00f1 Pionerskoye k\u00f6y\u00fcnde, Aqmescit \u015feerini\u00f1 Maryino-Ukrainka qasabalar\u0131nda suv a\u011flar\u0131 a\u00e7\u0131ld\u0131.<\/p>\n\n\n\n<p>T\u00fcrkiye Cumhuriyetini\u00f1 Q\u0131r\u0131mda Fahriy konsull\u0131\u011f\u0131 meydan\u011fa ketirildi. Cankorel \u00e7e\u015fit sotsial-iqtisadiy ve milletlerara leyhalarda faal i\u015ftirak etti.<\/p>\n\n\n\n<figure class=\"wp-block-gallery columns-3 is-cropped wp-block-gallery-1 is-layout-flex wp-block-gallery-is-layout-flex\"><ul class=\"blocks-gallery-grid\"><li class=\"blocks-gallery-item\"><figure><a href=\"http:\/\/qtmm.org\/wp-content\/uploads\/2022\/01\/5047c20a0eee9.jpeg\"><img loading=\"lazy\" decoding=\"async\" width=\"640\" height=\"480\" src=\"http:\/\/qtmm.org\/wp-content\/uploads\/2022\/01\/5047c20a0eee9.jpeg\" alt=\"\" data-id=\"33955\" data-full-url=\"http:\/\/qtmm.org\/wp-content\/uploads\/2022\/01\/5047c20a0eee9.jpeg\" data-link=\"http:\/\/qtmm.org\/qt\/?attachment_id=33955\" class=\"wp-image-33955\" srcset=\"https:\/\/qtmm.org\/wp-content\/uploads\/2022\/01\/5047c20a0eee9.jpeg 640w, https:\/\/qtmm.org\/wp-content\/uploads\/2022\/01\/5047c20a0eee9-300x225.jpeg 300w\" sizes=\"auto, (max-width: 640px) 100vw, 640px\" \/><\/a><\/figure><\/li><li class=\"blocks-gallery-item\"><figure><a href=\"http:\/\/qtmm.org\/wp-content\/uploads\/2022\/01\/5047c20a60795.jpeg\"><img loading=\"lazy\" decoding=\"async\" width=\"640\" height=\"480\" src=\"http:\/\/qtmm.org\/wp-content\/uploads\/2022\/01\/5047c20a60795.jpeg\" alt=\"\" data-id=\"33959\" data-full-url=\"http:\/\/qtmm.org\/wp-content\/uploads\/2022\/01\/5047c20a60795.jpeg\" data-link=\"http:\/\/qtmm.org\/qt\/?attachment_id=33959\" class=\"wp-image-33959\" srcset=\"https:\/\/qtmm.org\/wp-content\/uploads\/2022\/01\/5047c20a60795.jpeg 640w, https:\/\/qtmm.org\/wp-content\/uploads\/2022\/01\/5047c20a60795-300x225.jpeg 300w\" sizes=\"auto, (max-width: 640px) 100vw, 640px\" \/><\/a><\/figure><\/li><li class=\"blocks-gallery-item\"><figure><a href=\"http:\/\/qtmm.org\/wp-content\/uploads\/2022\/01\/5047c20ab109e.jpeg\"><img loading=\"lazy\" decoding=\"async\" width=\"640\" height=\"480\" src=\"http:\/\/qtmm.org\/wp-content\/uploads\/2022\/01\/5047c20ab109e.jpeg\" alt=\"\" data-id=\"33963\" data-full-url=\"http:\/\/qtmm.org\/wp-content\/uploads\/2022\/01\/5047c20ab109e.jpeg\" data-link=\"http:\/\/qtmm.org\/qt\/?attachment_id=33963\" class=\"wp-image-33963\" srcset=\"https:\/\/qtmm.org\/wp-content\/uploads\/2022\/01\/5047c20ab109e.jpeg 640w, https:\/\/qtmm.org\/wp-content\/uploads\/2022\/01\/5047c20ab109e-300x225.jpeg 300w\" sizes=\"auto, (max-width: 640px) 100vw, 640px\" \/><\/a><\/figure><\/li><li class=\"blocks-gallery-item\"><figure><a href=\"http:\/\/qtmm.org\/wp-content\/uploads\/2022\/01\/5047c20b5ffb3.jpeg\"><img loading=\"lazy\" decoding=\"async\" width=\"640\" height=\"480\" src=\"http:\/\/qtmm.org\/wp-content\/uploads\/2022\/01\/5047c20b5ffb3.jpeg\" alt=\"\" data-id=\"33967\" data-full-url=\"http:\/\/qtmm.org\/wp-content\/uploads\/2022\/01\/5047c20b5ffb3.jpeg\" data-link=\"http:\/\/qtmm.org\/qt\/?attachment_id=33967\" class=\"wp-image-33967\" srcset=\"https:\/\/qtmm.org\/wp-content\/uploads\/2022\/01\/5047c20b5ffb3.jpeg 640w, https:\/\/qtmm.org\/wp-content\/uploads\/2022\/01\/5047c20b5ffb3-300x225.jpeg 300w\" sizes=\"auto, (max-width: 640px) 100vw, 640px\" \/><\/a><\/figure><\/li><li class=\"blocks-gallery-item\"><figure><a href=\"http:\/\/qtmm.org\/wp-content\/uploads\/2022\/01\/5047c20b10e1a.jpeg\"><img loading=\"lazy\" decoding=\"async\" width=\"640\" height=\"480\" src=\"http:\/\/qtmm.org\/wp-content\/uploads\/2022\/01\/5047c20b10e1a.jpeg\" alt=\"\" data-id=\"33971\" data-full-url=\"http:\/\/qtmm.org\/wp-content\/uploads\/2022\/01\/5047c20b10e1a.jpeg\" data-link=\"http:\/\/qtmm.org\/qt\/?attachment_id=33971\" class=\"wp-image-33971\" srcset=\"https:\/\/qtmm.org\/wp-content\/uploads\/2022\/01\/5047c20b10e1a.jpeg 640w, https:\/\/qtmm.org\/wp-content\/uploads\/2022\/01\/5047c20b10e1a-300x225.jpeg 300w\" sizes=\"auto, (max-width: 640px) 100vw, 640px\" \/><\/a><\/figure><\/li><li class=\"blocks-gallery-item\"><figure><a href=\"http:\/\/qtmm.org\/wp-content\/uploads\/2022\/01\/5047c208aa746.jpeg\"><img loading=\"lazy\" decoding=\"async\" width=\"640\" height=\"480\" src=\"http:\/\/qtmm.org\/wp-content\/uploads\/2022\/01\/5047c208aa746.jpeg\" alt=\"\" data-id=\"33975\" data-full-url=\"http:\/\/qtmm.org\/wp-content\/uploads\/2022\/01\/5047c208aa746.jpeg\" data-link=\"http:\/\/qtmm.org\/qt\/?attachment_id=33975\" class=\"wp-image-33975\" srcset=\"https:\/\/qtmm.org\/wp-content\/uploads\/2022\/01\/5047c208aa746.jpeg 640w, https:\/\/qtmm.org\/wp-content\/uploads\/2022\/01\/5047c208aa746-300x225.jpeg 300w\" sizes=\"auto, (max-width: 640px) 100vw, 640px\" \/><\/a><\/figure><\/li><li class=\"blocks-gallery-item\"><figure><a href=\"http:\/\/qtmm.org\/wp-content\/uploads\/2022\/01\/5047c209aa736.jpeg\"><img loading=\"lazy\" decoding=\"async\" width=\"640\" height=\"480\" src=\"http:\/\/qtmm.org\/wp-content\/uploads\/2022\/01\/5047c209aa736.jpeg\" alt=\"\" data-id=\"33979\" data-full-url=\"http:\/\/qtmm.org\/wp-content\/uploads\/2022\/01\/5047c209aa736.jpeg\" data-link=\"http:\/\/qtmm.org\/qt\/?attachment_id=33979\" class=\"wp-image-33979\" srcset=\"https:\/\/qtmm.org\/wp-content\/uploads\/2022\/01\/5047c209aa736.jpeg 640w, https:\/\/qtmm.org\/wp-content\/uploads\/2022\/01\/5047c209aa736-300x225.jpeg 300w\" sizes=\"auto, (max-width: 640px) 100vw, 640px\" \/><\/a><\/figure><\/li><li class=\"blocks-gallery-item\"><figure><a href=\"http:\/\/qtmm.org\/wp-content\/uploads\/2022\/01\/5047c2073c585.jpeg\"><img loading=\"lazy\" decoding=\"async\" width=\"640\" height=\"480\" src=\"http:\/\/qtmm.org\/wp-content\/uploads\/2022\/01\/5047c2073c585.jpeg\" alt=\"\" data-id=\"33983\" data-full-url=\"http:\/\/qtmm.org\/wp-content\/uploads\/2022\/01\/5047c2073c585.jpeg\" data-link=\"http:\/\/qtmm.org\/qt\/?attachment_id=33983\" class=\"wp-image-33983\" srcset=\"https:\/\/qtmm.org\/wp-content\/uploads\/2022\/01\/5047c2073c585.jpeg 640w, https:\/\/qtmm.org\/wp-content\/uploads\/2022\/01\/5047c2073c585-300x225.jpeg 300w\" sizes=\"auto, (max-width: 640px) 100vw, 640px\" \/><\/a><\/figure><\/li><li class=\"blocks-gallery-item\"><figure><a href=\"http:\/\/qtmm.org\/wp-content\/uploads\/2022\/01\/5047c2079f3a7.jpeg\"><img loading=\"lazy\" decoding=\"async\" width=\"640\" height=\"480\" src=\"http:\/\/qtmm.org\/wp-content\/uploads\/2022\/01\/5047c2079f3a7.jpeg\" alt=\"\" data-id=\"33987\" data-full-url=\"http:\/\/qtmm.org\/wp-content\/uploads\/2022\/01\/5047c2079f3a7.jpeg\" data-link=\"http:\/\/qtmm.org\/qt\/?attachment_id=33987\" class=\"wp-image-33987\" srcset=\"https:\/\/qtmm.org\/wp-content\/uploads\/2022\/01\/5047c2079f3a7.jpeg 640w, https:\/\/qtmm.org\/wp-content\/uploads\/2022\/01\/5047c2079f3a7-300x225.jpeg 300w\" sizes=\"auto, (max-width: 640px) 100vw, 640px\" \/><\/a><\/figure><\/li><li class=\"blocks-gallery-item\"><figure><a href=\"http:\/\/qtmm.org\/wp-content\/uploads\/2022\/01\/5047c2090a8a8.jpeg\"><img loading=\"lazy\" decoding=\"async\" width=\"640\" height=\"480\" src=\"http:\/\/qtmm.org\/wp-content\/uploads\/2022\/01\/5047c2090a8a8.jpeg\" alt=\"\" data-id=\"33991\" data-full-url=\"http:\/\/qtmm.org\/wp-content\/uploads\/2022\/01\/5047c2090a8a8.jpeg\" data-link=\"http:\/\/qtmm.org\/qt\/?attachment_id=33991\" class=\"wp-image-33991\" srcset=\"https:\/\/qtmm.org\/wp-content\/uploads\/2022\/01\/5047c2090a8a8.jpeg 640w, https:\/\/qtmm.org\/wp-content\/uploads\/2022\/01\/5047c2090a8a8-300x225.jpeg 300w\" sizes=\"auto, (max-width: 640px) 100vw, 640px\" \/><\/a><\/figure><\/li><li class=\"blocks-gallery-item\"><figure><a href=\"http:\/\/qtmm.org\/wp-content\/uploads\/2022\/01\/5047c2095b1b3.jpeg\"><img loading=\"lazy\" decoding=\"async\" width=\"640\" height=\"480\" src=\"http:\/\/qtmm.org\/wp-content\/uploads\/2022\/01\/5047c2095b1b3.jpeg\" alt=\"\" data-id=\"33995\" data-full-url=\"http:\/\/qtmm.org\/wp-content\/uploads\/2022\/01\/5047c2095b1b3.jpeg\" data-link=\"http:\/\/qtmm.org\/qt\/?attachment_id=33995\" class=\"wp-image-33995\" srcset=\"https:\/\/qtmm.org\/wp-content\/uploads\/2022\/01\/5047c2095b1b3.jpeg 640w, https:\/\/qtmm.org\/wp-content\/uploads\/2022\/01\/5047c2095b1b3-300x225.jpeg 300w\" sizes=\"auto, (max-width: 640px) 100vw, 640px\" \/><\/a><\/figure><\/li><li class=\"blocks-gallery-item\"><figure><a href=\"http:\/\/qtmm.org\/wp-content\/uploads\/2022\/01\/5047c20856f5c.jpeg\"><img loading=\"lazy\" decoding=\"async\" width=\"640\" height=\"480\" src=\"http:\/\/qtmm.org\/wp-content\/uploads\/2022\/01\/5047c20856f5c.jpeg\" alt=\"\" data-id=\"33999\" data-full-url=\"http:\/\/qtmm.org\/wp-content\/uploads\/2022\/01\/5047c20856f5c.jpeg\" data-link=\"http:\/\/qtmm.org\/qt\/?attachment_id=33999\" class=\"wp-image-33999\" srcset=\"https:\/\/qtmm.org\/wp-content\/uploads\/2022\/01\/5047c20856f5c.jpeg 640w, https:\/\/qtmm.org\/wp-content\/uploads\/2022\/01\/5047c20856f5c-300x225.jpeg 300w\" sizes=\"auto, (max-width: 640px) 100vw, 640px\" \/><\/a><\/figure><\/li><li class=\"blocks-gallery-item\"><figure><a href=\"http:\/\/qtmm.org\/wp-content\/uploads\/2022\/01\/5047c20800891.jpeg\"><img loading=\"lazy\" decoding=\"async\" width=\"640\" height=\"480\" src=\"http:\/\/qtmm.org\/wp-content\/uploads\/2022\/01\/5047c20800891.jpeg\" alt=\"\" data-id=\"34003\" data-full-url=\"http:\/\/qtmm.org\/wp-content\/uploads\/2022\/01\/5047c20800891.jpeg\" data-link=\"http:\/\/qtmm.org\/qt\/?attachment_id=34003\" class=\"wp-image-34003\" srcset=\"https:\/\/qtmm.org\/wp-content\/uploads\/2022\/01\/5047c20800891.jpeg 640w, https:\/\/qtmm.org\/wp-content\/uploads\/2022\/01\/5047c20800891-300x225.jpeg 300w\" sizes=\"auto, (max-width: 640px) 100vw, 640px\" \/><\/a><\/figure><\/li><\/ul><\/figure>\n","protected":false},"excerpt":{"rendered":"<p>\u0130. Gasprinskiy ad\u0131na cumhuriyet q\u0131r\u0131mtatar k\u00fct\u00fcphanesinde 2012 senesi sent\u00e2br 5 k\u00fcn\u00fc T\u00fcrkiyeni\u00f1 Ukrainadaki sab\u0131q El\u00e7isi Ali Bilge Cankorelni\u00f1 Q\u0131r\u0131m ziyaretine ba\u011f\u0131\u015flan\u0131p, on\u0131\u00f1 T\u00fcrkiyeni\u00f1 Ukrainada El\u00e7isi olaraq \u00e7al\u0131\u015fqanda faaliyetini aks ettirgen fotosergi a\u00e7\u0131ld\u0131. Sergini Q\u0131r\u0131mtatar qad\u0131n-q\u0131zlar birle\u015fmesi ve \u0130. Gasprinskiy ad\u0131na cumhuriyet q\u0131r\u0131mtatar k\u00fct\u00fcphanesi birlikte te\u015fkil ettiler. Q\u0131r\u0131mtatar qad\u0131n-q\u0131zlar birle\u015fmesini\u00f1 reisi Safinar Cemileva Ali Bilge Cankorel [&hellip;]<\/p>\n","protected":false},"author":1,"featured_media":33987,"comment_status":"open","ping_status":"open","sticky":false,"template":"","format":"standard","meta":{"inline_featured_image":false,"footnotes":""},"categories":[265],"tags":[],"class_list":["post-33954","post","type-post","status-publish","format-standard","has-post-thumbnail","hentry","category-haberler"],"acf":[],"yoast_head":"<!-- This site is optimized with the Yoast SEO plugin v27.4 - https:\/\/yoast.com\/product\/yoast-seo-wordpress\/ -->\n<title>Ali Bilge Cankorelni\u00f1 Q\u0131r\u0131mda el\u00e7ilik faaliyetini aks ettirgen sergi a\u00e7\u0131ld\u0131 - \u041c\u0435\u0434\u0436\u043b\u0456\u0441<\/title>\n<meta name=\"robots\" content=\"index, follow, max-snippet:-1, max-image-preview:large, max-video-preview:-1\" \/>\n<link rel=\"canonical\" href=\"https:\/\/qtmm.org\/qt\/ali-bilge-cankorelnin-qirimda-elcilik-faaliyetini-aks-ettirgen-sergi-acildi\/\" \/>\n<meta property=\"og:locale\" content=\"en_US\" \/>\n<meta property=\"og:type\" content=\"article\" \/>\n<meta property=\"og:title\" content=\"Ali Bilge Cankorelni\u00f1 Q\u0131r\u0131mda el\u00e7ilik faaliyetini aks ettirgen sergi a\u00e7\u0131ld\u0131 - \u041c\u0435\u0434\u0436\u043b\u0456\u0441\" \/>\n<meta property=\"og:description\" content=\"\u0130. Gasprinskiy ad\u0131na cumhuriyet q\u0131r\u0131mtatar k\u00fct\u00fcphanesinde 2012 senesi sent\u00e2br 5 k\u00fcn\u00fc T\u00fcrkiyeni\u00f1 Ukrainadaki sab\u0131q El\u00e7isi Ali Bilge Cankorelni\u00f1 Q\u0131r\u0131m ziyaretine ba\u011f\u0131\u015flan\u0131p, on\u0131\u00f1 T\u00fcrkiyeni\u00f1 Ukrainada El\u00e7isi olaraq \u00e7al\u0131\u015fqanda faaliyetini aks ettirgen fotosergi a\u00e7\u0131ld\u0131. Sergini Q\u0131r\u0131mtatar qad\u0131n-q\u0131zlar birle\u015fmesi ve \u0130. Gasprinskiy ad\u0131na cumhuriyet q\u0131r\u0131mtatar k\u00fct\u00fcphanesi birlikte te\u015fkil ettiler. Q\u0131r\u0131mtatar qad\u0131n-q\u0131zlar birle\u015fmesini\u00f1 reisi Safinar Cemileva Ali Bilge Cankorel [&hellip;]\" \/>\n<meta property=\"og:url\" content=\"https:\/\/qtmm.org\/qt\/ali-bilge-cankorelnin-qirimda-elcilik-faaliyetini-aks-ettirgen-sergi-acildi\/\" \/>\n<meta property=\"og:site_name\" content=\"\u041c\u0435\u0434\u0436\u043b\u0456\u0441\" \/>\n<meta property=\"article:publisher\" content=\"https:\/\/www.facebook.com\/qtmm.info\/\" \/>\n<meta property=\"article:published_time\" content=\"2012-09-05T13:48:00+00:00\" \/>\n<meta property=\"article:modified_time\" content=\"2022-01-22T13:50:48+00:00\" \/>\n<meta property=\"og:image\" content=\"https:\/\/qtmm.org\/wp-content\/uploads\/2022\/01\/5047c2079f3a7.jpeg\" \/>\n\t<meta property=\"og:image:width\" content=\"640\" \/>\n\t<meta property=\"og:image:height\" content=\"480\" \/>\n\t<meta property=\"og:image:type\" content=\"image\/jpeg\" \/>\n<meta name=\"author\" content=\"Developer\" \/>\n<meta name=\"twitter:card\" content=\"summary_large_image\" \/>\n<meta name=\"twitter:label1\" content=\"Written by\" \/>\n\t<meta name=\"twitter:data1\" content=\"Developer\" \/>\n\t<meta name=\"twitter:label2\" content=\"Est. reading time\" \/>\n\t<meta name=\"twitter:data2\" content=\"2 minutes\" \/>\n<script type=\"application\/ld+json\" class=\"yoast-schema-graph\">{\"@context\":\"https:\\\/\\\/schema.org\",\"@graph\":[{\"@type\":\"Article\",\"@id\":\"https:\\\/\\\/qtmm.org\\\/qt\\\/ali-bilge-cankorelnin-qirimda-elcilik-faaliyetini-aks-ettirgen-sergi-acildi\\\/#article\",\"isPartOf\":{\"@id\":\"https:\\\/\\\/qtmm.org\\\/qt\\\/ali-bilge-cankorelnin-qirimda-elcilik-faaliyetini-aks-ettirgen-sergi-acildi\\\/\"},\"author\":{\"name\":\"Developer\",\"@id\":\"https:\\\/\\\/qtmm.org\\\/qt\\\/#\\\/schema\\\/person\\\/de562469f971dec226ac06e60bbf74a7\"},\"headline\":\"Ali Bilge Cankorelni\u00f1 Q\u0131r\u0131mda el\u00e7ilik faaliyetini aks ettirgen sergi a\u00e7\u0131ld\u0131\",\"datePublished\":\"2012-09-05T13:48:00+00:00\",\"dateModified\":\"2022-01-22T13:50:48+00:00\",\"mainEntityOfPage\":{\"@id\":\"https:\\\/\\\/qtmm.org\\\/qt\\\/ali-bilge-cankorelnin-qirimda-elcilik-faaliyetini-aks-ettirgen-sergi-acildi\\\/\"},\"wordCount\":412,\"commentCount\":0,\"publisher\":{\"@id\":\"https:\\\/\\\/qtmm.org\\\/qt\\\/#organization\"},\"image\":{\"@id\":\"https:\\\/\\\/qtmm.org\\\/qt\\\/ali-bilge-cankorelnin-qirimda-elcilik-faaliyetini-aks-ettirgen-sergi-acildi\\\/#primaryimage\"},\"thumbnailUrl\":\"https:\\\/\\\/qtmm.org\\\/wp-content\\\/uploads\\\/2022\\\/01\\\/5047c2079f3a7.jpeg\",\"articleSection\":[\"Haberler\"],\"inLanguage\":\"qt\",\"potentialAction\":[{\"@type\":\"CommentAction\",\"name\":\"Comment\",\"target\":[\"https:\\\/\\\/qtmm.org\\\/qt\\\/ali-bilge-cankorelnin-qirimda-elcilik-faaliyetini-aks-ettirgen-sergi-acildi\\\/#respond\"]}]},{\"@type\":\"WebPage\",\"@id\":\"https:\\\/\\\/qtmm.org\\\/qt\\\/ali-bilge-cankorelnin-qirimda-elcilik-faaliyetini-aks-ettirgen-sergi-acildi\\\/\",\"url\":\"https:\\\/\\\/qtmm.org\\\/qt\\\/ali-bilge-cankorelnin-qirimda-elcilik-faaliyetini-aks-ettirgen-sergi-acildi\\\/\",\"name\":\"Ali Bilge Cankorelni\u00f1 Q\u0131r\u0131mda el\u00e7ilik faaliyetini aks ettirgen sergi a\u00e7\u0131ld\u0131 - \u041c\u0435\u0434\u0436\u043b\u0456\u0441\",\"isPartOf\":{\"@id\":\"https:\\\/\\\/qtmm.org\\\/qt\\\/#website\"},\"primaryImageOfPage\":{\"@id\":\"https:\\\/\\\/qtmm.org\\\/qt\\\/ali-bilge-cankorelnin-qirimda-elcilik-faaliyetini-aks-ettirgen-sergi-acildi\\\/#primaryimage\"},\"image\":{\"@id\":\"https:\\\/\\\/qtmm.org\\\/qt\\\/ali-bilge-cankorelnin-qirimda-elcilik-faaliyetini-aks-ettirgen-sergi-acildi\\\/#primaryimage\"},\"thumbnailUrl\":\"https:\\\/\\\/qtmm.org\\\/wp-content\\\/uploads\\\/2022\\\/01\\\/5047c2079f3a7.jpeg\",\"datePublished\":\"2012-09-05T13:48:00+00:00\",\"dateModified\":\"2022-01-22T13:50:48+00:00\",\"breadcrumb\":{\"@id\":\"https:\\\/\\\/qtmm.org\\\/qt\\\/ali-bilge-cankorelnin-qirimda-elcilik-faaliyetini-aks-ettirgen-sergi-acildi\\\/#breadcrumb\"},\"inLanguage\":\"qt\",\"potentialAction\":[{\"@type\":\"ReadAction\",\"target\":[\"https:\\\/\\\/qtmm.org\\\/qt\\\/ali-bilge-cankorelnin-qirimda-elcilik-faaliyetini-aks-ettirgen-sergi-acildi\\\/\"]}]},{\"@type\":\"ImageObject\",\"inLanguage\":\"qt\",\"@id\":\"https:\\\/\\\/qtmm.org\\\/qt\\\/ali-bilge-cankorelnin-qirimda-elcilik-faaliyetini-aks-ettirgen-sergi-acildi\\\/#primaryimage\",\"url\":\"https:\\\/\\\/qtmm.org\\\/wp-content\\\/uploads\\\/2022\\\/01\\\/5047c2079f3a7.jpeg\",\"contentUrl\":\"https:\\\/\\\/qtmm.org\\\/wp-content\\\/uploads\\\/2022\\\/01\\\/5047c2079f3a7.jpeg\",\"width\":640,\"height\":480},{\"@type\":\"BreadcrumbList\",\"@id\":\"https:\\\/\\\/qtmm.org\\\/qt\\\/ali-bilge-cankorelnin-qirimda-elcilik-faaliyetini-aks-ettirgen-sergi-acildi\\\/#breadcrumb\",\"itemListElement\":[{\"@type\":\"ListItem\",\"position\":1,\"name\":\"\u0413\u043e\u043b\u043e\u0432\u043d\u0430\",\"item\":\"https:\\\/\\\/qtmm.org\\\/qt\\\/\"},{\"@type\":\"ListItem\",\"position\":2,\"name\":\"Ali Bilge Cankorelni\u00f1 Q\u0131r\u0131mda el\u00e7ilik faaliyetini aks ettirgen sergi a\u00e7\u0131ld\u0131\"}]},{\"@type\":\"WebSite\",\"@id\":\"https:\\\/\\\/qtmm.org\\\/qt\\\/#website\",\"url\":\"https:\\\/\\\/qtmm.org\\\/qt\\\/\",\"name\":\"\u041c\u0435\u0434\u0436\u043b\u0456\u0441\",\"description\":\"\",\"publisher\":{\"@id\":\"https:\\\/\\\/qtmm.org\\\/qt\\\/#organization\"},\"potentialAction\":[{\"@type\":\"SearchAction\",\"target\":{\"@type\":\"EntryPoint\",\"urlTemplate\":\"https:\\\/\\\/qtmm.org\\\/qt\\\/?s={search_term_string}\"},\"query-input\":{\"@type\":\"PropertyValueSpecification\",\"valueRequired\":true,\"valueName\":\"search_term_string\"}}],\"inLanguage\":\"qt\"},{\"@type\":\"Organization\",\"@id\":\"https:\\\/\\\/qtmm.org\\\/qt\\\/#organization\",\"name\":\"\u041c\u0435\u0434\u0436\u043b\u0456\u0441\",\"url\":\"https:\\\/\\\/qtmm.org\\\/qt\\\/\",\"logo\":{\"@type\":\"ImageObject\",\"inLanguage\":\"qt\",\"@id\":\"https:\\\/\\\/qtmm.org\\\/qt\\\/#\\\/schema\\\/logo\\\/image\\\/\",\"url\":\"https:\\\/\\\/qtmm.org\\\/wp-content\\\/uploads\\\/2024\\\/12\\\/ua-mejlis-logo-rgb.svg\",\"contentUrl\":\"https:\\\/\\\/qtmm.org\\\/wp-content\\\/uploads\\\/2024\\\/12\\\/ua-mejlis-logo-rgb.svg\",\"caption\":\"\u041c\u0435\u0434\u0436\u043b\u0456\u0441\"},\"image\":{\"@id\":\"https:\\\/\\\/qtmm.org\\\/qt\\\/#\\\/schema\\\/logo\\\/image\\\/\"},\"sameAs\":[\"https:\\\/\\\/www.facebook.com\\\/qtmm.info\\\/\"]},{\"@type\":\"Person\",\"@id\":\"https:\\\/\\\/qtmm.org\\\/qt\\\/#\\\/schema\\\/person\\\/de562469f971dec226ac06e60bbf74a7\",\"name\":\"Developer\",\"image\":{\"@type\":\"ImageObject\",\"inLanguage\":\"qt\",\"@id\":\"https:\\\/\\\/secure.gravatar.com\\\/avatar\\\/392b4cc8fbfeb00b39dfeeab4ee6edded39ffd48e25858637e4765810300227e?s=96&d=mm&r=g\",\"url\":\"https:\\\/\\\/secure.gravatar.com\\\/avatar\\\/392b4cc8fbfeb00b39dfeeab4ee6edded39ffd48e25858637e4765810300227e?s=96&d=mm&r=g\",\"contentUrl\":\"https:\\\/\\\/secure.gravatar.com\\\/avatar\\\/392b4cc8fbfeb00b39dfeeab4ee6edded39ffd48e25858637e4765810300227e?s=96&d=mm&r=g\",\"caption\":\"Developer\"},\"url\":\"https:\\\/\\\/qtmm.org\\\/qt\\\/author\\\/Developer\\\/\"}]}<\/script>\n<!-- \/ Yoast SEO plugin. -->","yoast_head_json":{"title":"Ali Bilge Cankorelni\u00f1 Q\u0131r\u0131mda el\u00e7ilik faaliyetini aks ettirgen sergi a\u00e7\u0131ld\u0131 - \u041c\u0435\u0434\u0436\u043b\u0456\u0441","robots":{"index":"index","follow":"follow","max-snippet":"max-snippet:-1","max-image-preview":"max-image-preview:large","max-video-preview":"max-video-preview:-1"},"canonical":"https:\/\/qtmm.org\/qt\/ali-bilge-cankorelnin-qirimda-elcilik-faaliyetini-aks-ettirgen-sergi-acildi\/","og_locale":"en_US","og_type":"article","og_title":"Ali Bilge Cankorelni\u00f1 Q\u0131r\u0131mda el\u00e7ilik faaliyetini aks ettirgen sergi a\u00e7\u0131ld\u0131 - \u041c\u0435\u0434\u0436\u043b\u0456\u0441","og_description":"\u0130. Gasprinskiy ad\u0131na cumhuriyet q\u0131r\u0131mtatar k\u00fct\u00fcphanesinde 2012 senesi sent\u00e2br 5 k\u00fcn\u00fc T\u00fcrkiyeni\u00f1 Ukrainadaki sab\u0131q El\u00e7isi Ali Bilge Cankorelni\u00f1 Q\u0131r\u0131m ziyaretine ba\u011f\u0131\u015flan\u0131p, on\u0131\u00f1 T\u00fcrkiyeni\u00f1 Ukrainada El\u00e7isi olaraq \u00e7al\u0131\u015fqanda faaliyetini aks ettirgen fotosergi a\u00e7\u0131ld\u0131. Sergini Q\u0131r\u0131mtatar qad\u0131n-q\u0131zlar birle\u015fmesi ve \u0130. Gasprinskiy ad\u0131na cumhuriyet q\u0131r\u0131mtatar k\u00fct\u00fcphanesi birlikte te\u015fkil ettiler. Q\u0131r\u0131mtatar qad\u0131n-q\u0131zlar birle\u015fmesini\u00f1 reisi Safinar Cemileva Ali Bilge Cankorel [&hellip;]","og_url":"https:\/\/qtmm.org\/qt\/ali-bilge-cankorelnin-qirimda-elcilik-faaliyetini-aks-ettirgen-sergi-acildi\/","og_site_name":"\u041c\u0435\u0434\u0436\u043b\u0456\u0441","article_publisher":"https:\/\/www.facebook.com\/qtmm.info\/","article_published_time":"2012-09-05T13:48:00+00:00","article_modified_time":"2022-01-22T13:50:48+00:00","og_image":[{"width":640,"height":480,"url":"https:\/\/qtmm.org\/wp-content\/uploads\/2022\/01\/5047c2079f3a7.jpeg","type":"image\/jpeg"}],"author":"Developer","twitter_card":"summary_large_image","twitter_misc":{"Written by":"Developer","Est. reading time":"2 minutes"},"schema":{"@context":"https:\/\/schema.org","@graph":[{"@type":"Article","@id":"https:\/\/qtmm.org\/qt\/ali-bilge-cankorelnin-qirimda-elcilik-faaliyetini-aks-ettirgen-sergi-acildi\/#article","isPartOf":{"@id":"https:\/\/qtmm.org\/qt\/ali-bilge-cankorelnin-qirimda-elcilik-faaliyetini-aks-ettirgen-sergi-acildi\/"},"author":{"name":"Developer","@id":"https:\/\/qtmm.org\/qt\/#\/schema\/person\/de562469f971dec226ac06e60bbf74a7"},"headline":"Ali Bilge Cankorelni\u00f1 Q\u0131r\u0131mda el\u00e7ilik faaliyetini aks ettirgen sergi a\u00e7\u0131ld\u0131","datePublished":"2012-09-05T13:48:00+00:00","dateModified":"2022-01-22T13:50:48+00:00","mainEntityOfPage":{"@id":"https:\/\/qtmm.org\/qt\/ali-bilge-cankorelnin-qirimda-elcilik-faaliyetini-aks-ettirgen-sergi-acildi\/"},"wordCount":412,"commentCount":0,"publisher":{"@id":"https:\/\/qtmm.org\/qt\/#organization"},"image":{"@id":"https:\/\/qtmm.org\/qt\/ali-bilge-cankorelnin-qirimda-elcilik-faaliyetini-aks-ettirgen-sergi-acildi\/#primaryimage"},"thumbnailUrl":"https:\/\/qtmm.org\/wp-content\/uploads\/2022\/01\/5047c2079f3a7.jpeg","articleSection":["Haberler"],"inLanguage":"qt","potentialAction":[{"@type":"CommentAction","name":"Comment","target":["https:\/\/qtmm.org\/qt\/ali-bilge-cankorelnin-qirimda-elcilik-faaliyetini-aks-ettirgen-sergi-acildi\/#respond"]}]},{"@type":"WebPage","@id":"https:\/\/qtmm.org\/qt\/ali-bilge-cankorelnin-qirimda-elcilik-faaliyetini-aks-ettirgen-sergi-acildi\/","url":"https:\/\/qtmm.org\/qt\/ali-bilge-cankorelnin-qirimda-elcilik-faaliyetini-aks-ettirgen-sergi-acildi\/","name":"Ali Bilge Cankorelni\u00f1 Q\u0131r\u0131mda el\u00e7ilik faaliyetini aks ettirgen sergi a\u00e7\u0131ld\u0131 - \u041c\u0435\u0434\u0436\u043b\u0456\u0441","isPartOf":{"@id":"https:\/\/qtmm.org\/qt\/#website"},"primaryImageOfPage":{"@id":"https:\/\/qtmm.org\/qt\/ali-bilge-cankorelnin-qirimda-elcilik-faaliyetini-aks-ettirgen-sergi-acildi\/#primaryimage"},"image":{"@id":"https:\/\/qtmm.org\/qt\/ali-bilge-cankorelnin-qirimda-elcilik-faaliyetini-aks-ettirgen-sergi-acildi\/#primaryimage"},"thumbnailUrl":"https:\/\/qtmm.org\/wp-content\/uploads\/2022\/01\/5047c2079f3a7.jpeg","datePublished":"2012-09-05T13:48:00+00:00","dateModified":"2022-01-22T13:50:48+00:00","breadcrumb":{"@id":"https:\/\/qtmm.org\/qt\/ali-bilge-cankorelnin-qirimda-elcilik-faaliyetini-aks-ettirgen-sergi-acildi\/#breadcrumb"},"inLanguage":"qt","potentialAction":[{"@type":"ReadAction","target":["https:\/\/qtmm.org\/qt\/ali-bilge-cankorelnin-qirimda-elcilik-faaliyetini-aks-ettirgen-sergi-acildi\/"]}]},{"@type":"ImageObject","inLanguage":"qt","@id":"https:\/\/qtmm.org\/qt\/ali-bilge-cankorelnin-qirimda-elcilik-faaliyetini-aks-ettirgen-sergi-acildi\/#primaryimage","url":"https:\/\/qtmm.org\/wp-content\/uploads\/2022\/01\/5047c2079f3a7.jpeg","contentUrl":"https:\/\/qtmm.org\/wp-content\/uploads\/2022\/01\/5047c2079f3a7.jpeg","width":640,"height":480},{"@type":"BreadcrumbList","@id":"https:\/\/qtmm.org\/qt\/ali-bilge-cankorelnin-qirimda-elcilik-faaliyetini-aks-ettirgen-sergi-acildi\/#breadcrumb","itemListElement":[{"@type":"ListItem","position":1,"name":"\u0413\u043e\u043b\u043e\u0432\u043d\u0430","item":"https:\/\/qtmm.org\/qt\/"},{"@type":"ListItem","position":2,"name":"Ali Bilge Cankorelni\u00f1 Q\u0131r\u0131mda el\u00e7ilik faaliyetini aks ettirgen sergi a\u00e7\u0131ld\u0131"}]},{"@type":"WebSite","@id":"https:\/\/qtmm.org\/qt\/#website","url":"https:\/\/qtmm.org\/qt\/","name":"\u041c\u0435\u0434\u0436\u043b\u0456\u0441","description":"","publisher":{"@id":"https:\/\/qtmm.org\/qt\/#organization"},"potentialAction":[{"@type":"SearchAction","target":{"@type":"EntryPoint","urlTemplate":"https:\/\/qtmm.org\/qt\/?s={search_term_string}"},"query-input":{"@type":"PropertyValueSpecification","valueRequired":true,"valueName":"search_term_string"}}],"inLanguage":"qt"},{"@type":"Organization","@id":"https:\/\/qtmm.org\/qt\/#organization","name":"\u041c\u0435\u0434\u0436\u043b\u0456\u0441","url":"https:\/\/qtmm.org\/qt\/","logo":{"@type":"ImageObject","inLanguage":"qt","@id":"https:\/\/qtmm.org\/qt\/#\/schema\/logo\/image\/","url":"https:\/\/qtmm.org\/wp-content\/uploads\/2024\/12\/ua-mejlis-logo-rgb.svg","contentUrl":"https:\/\/qtmm.org\/wp-content\/uploads\/2024\/12\/ua-mejlis-logo-rgb.svg","caption":"\u041c\u0435\u0434\u0436\u043b\u0456\u0441"},"image":{"@id":"https:\/\/qtmm.org\/qt\/#\/schema\/logo\/image\/"},"sameAs":["https:\/\/www.facebook.com\/qtmm.info\/"]},{"@type":"Person","@id":"https:\/\/qtmm.org\/qt\/#\/schema\/person\/de562469f971dec226ac06e60bbf74a7","name":"Developer","image":{"@type":"ImageObject","inLanguage":"qt","@id":"https:\/\/secure.gravatar.com\/avatar\/392b4cc8fbfeb00b39dfeeab4ee6edded39ffd48e25858637e4765810300227e?s=96&d=mm&r=g","url":"https:\/\/secure.gravatar.com\/avatar\/392b4cc8fbfeb00b39dfeeab4ee6edded39ffd48e25858637e4765810300227e?s=96&d=mm&r=g","contentUrl":"https:\/\/secure.gravatar.com\/avatar\/392b4cc8fbfeb00b39dfeeab4ee6edded39ffd48e25858637e4765810300227e?s=96&d=mm&r=g","caption":"Developer"},"url":"https:\/\/qtmm.org\/qt\/author\/Developer\/"}]}},"_links":{"self":[{"href":"https:\/\/qtmm.org\/qt\/wp-json\/wp\/v2\/posts\/33954","targetHints":{"allow":["GET"]}}],"collection":[{"href":"https:\/\/qtmm.org\/qt\/wp-json\/wp\/v2\/posts"}],"about":[{"href":"https:\/\/qtmm.org\/qt\/wp-json\/wp\/v2\/types\/post"}],"author":[{"embeddable":true,"href":"https:\/\/qtmm.org\/qt\/wp-json\/wp\/v2\/users\/1"}],"replies":[{"embeddable":true,"href":"https:\/\/qtmm.org\/qt\/wp-json\/wp\/v2\/comments?post=33954"}],"version-history":[{"count":1,"href":"https:\/\/qtmm.org\/qt\/wp-json\/wp\/v2\/posts\/33954\/revisions"}],"predecessor-version":[{"id":34007,"href":"https:\/\/qtmm.org\/qt\/wp-json\/wp\/v2\/posts\/33954\/revisions\/34007"}],"wp:featuredmedia":[{"embeddable":true,"href":"https:\/\/qtmm.org\/qt\/wp-json\/wp\/v2\/media\/33987"}],"wp:attachment":[{"href":"https:\/\/qtmm.org\/qt\/wp-json\/wp\/v2\/media?parent=33954"}],"wp:term":[{"taxonomy":"category","embeddable":true,"href":"https:\/\/qtmm.org\/qt\/wp-json\/wp\/v2\/categories?post=33954"},{"taxonomy":"post_tag","embeddable":true,"href":"https:\/\/qtmm.org\/qt\/wp-json\/wp\/v2\/tags?post=33954"}],"curies":[{"name":"wp","href":"https:\/\/api.w.org\/{rel}","templated":true}]}}