




{"id":33952,"date":"2012-09-04T16:47:00","date_gmt":"2012-09-04T13:47:00","guid":{"rendered":"http:\/\/qtmm.org\/?p=33952"},"modified":"2022-01-22T16:48:00","modified_gmt":"2022-01-22T13:48:00","slug":"butundunya-qirimtatarlar-kongressi-koordinatsion-kenesinin-azasi-nusret-cemilev-dustlik-ordeninen-mukafatlandi","status":"publish","type":"post","link":"https:\/\/qtmm.org\/qt\/butundunya-qirimtatarlar-kongressi-koordinatsion-kenesinin-azasi-nusret-cemilev-dustlik-ordeninen-mukafatlandi\/","title":{"rendered":"B\u00fct\u00fcnd\u00fcnya q\u0131r\u0131mtatarlar kongressi koordinatsion ke\u00f1e\u015fini\u00f1 azas\u0131 Nusret Cemilev \u00abDustlik\u00bb ordeninen muk\u00e2fatland\u0131"},"content":{"rendered":"\n<p>\u00d6zbekistan halqlar\u0131 aras\u0131nda dostluq ve i\u015fbirlikke, epsi millet ve toplumlarn\u0131\u00f1 dostlu\u011f\u0131, qarda\u015fl\u0131\u011f\u0131 ve \u00f6zara bar\u0131\u015f\u0131ql\u0131\u011f\u0131n\u0131 pekit\u00fcvge qo\u015fqan issesi i\u00e7\u00fcn B\u00fct\u00fcnd\u00fcnya q\u0131r\u0131mtatarlar kongressi koordinatsion ke\u00f1e\u015fini\u00f1 azas\u0131, Ta\u015fkentteki &#8220;Avdet&#8221; q\u0131r\u0131mtatar medeniy merkezni\u00f1 reisi Nusret Cemilev 2012 senesi avgust 27-de &#8220;Dustlik&#8221; ordeninen muk\u00e2fatland\u0131<\/p>\n\n\n\n<p>&nbsp;&#8220;Dustlik&#8221; ordeni \u00d6zbekistan cumhuriyetini\u00f1 e\u00f1 y\u00fcksek milliy devlet muk\u00e2fatlar\u0131ndan biridir. Bu orden devletni\u00f1 yolba\u015f\u00e7\u0131s\u0131 \u0130slam Karimovn\u0131\u00f1 te\u015febb\u00fcsi boyunca 1994 senesi may\u0131s 5-6 k\u00fcnleri \u00d6zbekistan cumhuriyetini\u00f1 parlamenti ke\u00e7irgen sessiyas\u0131nda teesis etildi.<\/p>\n\n\n\n<p>\u00a0&#8220;Dustlik&#8221; ordeni ile \u00d6zbekistan halqlar\u0131 aras\u0131nda dostluq ve i\u015fbirlikke, epsi millet ve toplumlarn\u0131\u00f1 dostlu\u011f\u0131, qarda\u015fl\u0131\u011f\u0131 ve \u00f6zara bar\u0131\u015f\u0131ql\u0131qn\u0131 pekit\u00fcv i\u015finde muvafaqiyetlerni elde etken insanlar taqdirleneler. Orden ve ait vesiqa \u00d6zbekistan Cumhuriyeti Prezidentini\u00f1 i\u015ftirakinde ya da on\u0131\u00f1 ad\u0131ndan \u00d6liy Majlis Qanunberici palatas\u0131n\u0131\u00f1 reisi , \u00d6liy Majlis senat\u0131 reisi, \u00d6zbekistan ba\u015f naziri taraf\u0131ndan taqdim etile.<\/p>\n\n\n\n<p>&nbsp;&#8220;Dustlik&#8221; ordeninen muk\u00e2fatlan\u011fan \u015fah\u0131slar\u011fa minimal ayl\u0131q maa\u015fn\u0131\u00f1 otuz qat miqdar\u0131nda bir kerelik para muk\u00e2fat\u0131 da berile, bun\u0131\u00f1 kibi de olar qanunda belgilengen imtiyazlardan da faydalanalar.<\/p>\n","protected":false},"excerpt":{"rendered":"<p>\u00d6zbekistan halqlar\u0131 aras\u0131nda dostluq ve i\u015fbirlikke, epsi millet ve toplumlarn\u0131\u00f1 dostlu\u011f\u0131, qarda\u015fl\u0131\u011f\u0131 ve \u00f6zara bar\u0131\u015f\u0131ql\u0131\u011f\u0131n\u0131 pekit\u00fcvge qo\u015fqan issesi i\u00e7\u00fcn B\u00fct\u00fcnd\u00fcnya q\u0131r\u0131mtatarlar kongressi koordinatsion ke\u00f1e\u015fini\u00f1 azas\u0131, Ta\u015fkentteki &#8220;Avdet&#8221; q\u0131r\u0131mtatar medeniy merkezni\u00f1 reisi Nusret Cemilev 2012 senesi avgust 27-de &#8220;Dustlik&#8221; ordeninen muk\u00e2fatland\u0131 &nbsp;&#8220;Dustlik&#8221; ordeni \u00d6zbekistan cumhuriyetini\u00f1 e\u00f1 y\u00fcksek milliy devlet muk\u00e2fatlar\u0131ndan biridir. Bu orden devletni\u00f1 yolba\u015f\u00e7\u0131s\u0131 \u0130slam [&hellip;]<\/p>\n","protected":false},"author":1,"featured_media":0,"comment_status":"open","ping_status":"open","sticky":false,"template":"","format":"standard","meta":{"inline_featured_image":false,"footnotes":""},"categories":[265],"tags":[],"class_list":["post-33952","post","type-post","status-publish","format-standard","hentry","category-haberler"],"acf":[],"yoast_head":"<!-- This site is optimized with the Yoast SEO plugin v27.4 - https:\/\/yoast.com\/product\/yoast-seo-wordpress\/ -->\n<title>B\u00fct\u00fcnd\u00fcnya q\u0131r\u0131mtatarlar kongressi koordinatsion ke\u00f1e\u015fini\u00f1 azas\u0131 Nusret Cemilev \u00abDustlik\u00bb ordeninen muk\u00e2fatland\u0131 - \u041c\u0435\u0434\u0436\u043b\u0456\u0441<\/title>\n<meta name=\"robots\" content=\"index, follow, max-snippet:-1, max-image-preview:large, max-video-preview:-1\" \/>\n<link rel=\"canonical\" href=\"https:\/\/qtmm.org\/qt\/butundunya-qirimtatarlar-kongressi-koordinatsion-kenesinin-azasi-nusret-cemilev-dustlik-ordeninen-mukafatlandi\/\" \/>\n<meta property=\"og:locale\" content=\"en_US\" \/>\n<meta property=\"og:type\" content=\"article\" \/>\n<meta property=\"og:title\" content=\"B\u00fct\u00fcnd\u00fcnya q\u0131r\u0131mtatarlar kongressi koordinatsion ke\u00f1e\u015fini\u00f1 azas\u0131 Nusret Cemilev \u00abDustlik\u00bb ordeninen muk\u00e2fatland\u0131 - \u041c\u0435\u0434\u0436\u043b\u0456\u0441\" \/>\n<meta property=\"og:description\" content=\"\u00d6zbekistan halqlar\u0131 aras\u0131nda dostluq ve i\u015fbirlikke, epsi millet ve toplumlarn\u0131\u00f1 dostlu\u011f\u0131, qarda\u015fl\u0131\u011f\u0131 ve \u00f6zara bar\u0131\u015f\u0131ql\u0131\u011f\u0131n\u0131 pekit\u00fcvge qo\u015fqan issesi i\u00e7\u00fcn B\u00fct\u00fcnd\u00fcnya q\u0131r\u0131mtatarlar kongressi koordinatsion ke\u00f1e\u015fini\u00f1 azas\u0131, Ta\u015fkentteki &#8220;Avdet&#8221; q\u0131r\u0131mtatar medeniy merkezni\u00f1 reisi Nusret Cemilev 2012 senesi avgust 27-de &#8220;Dustlik&#8221; ordeninen muk\u00e2fatland\u0131 &nbsp;&#8220;Dustlik&#8221; ordeni \u00d6zbekistan cumhuriyetini\u00f1 e\u00f1 y\u00fcksek milliy devlet muk\u00e2fatlar\u0131ndan biridir. Bu orden devletni\u00f1 yolba\u015f\u00e7\u0131s\u0131 \u0130slam [&hellip;]\" \/>\n<meta property=\"og:url\" content=\"https:\/\/qtmm.org\/qt\/butundunya-qirimtatarlar-kongressi-koordinatsion-kenesinin-azasi-nusret-cemilev-dustlik-ordeninen-mukafatlandi\/\" \/>\n<meta property=\"og:site_name\" content=\"\u041c\u0435\u0434\u0436\u043b\u0456\u0441\" \/>\n<meta property=\"article:publisher\" content=\"https:\/\/www.facebook.com\/qtmm.info\/\" \/>\n<meta property=\"article:published_time\" content=\"2012-09-04T13:47:00+00:00\" \/>\n<meta property=\"article:modified_time\" content=\"2022-01-22T13:48:00+00:00\" \/>\n<meta name=\"author\" content=\"Developer\" \/>\n<meta name=\"twitter:card\" content=\"summary_large_image\" \/>\n<meta name=\"twitter:label1\" content=\"Written by\" \/>\n\t<meta name=\"twitter:data1\" content=\"Developer\" \/>\n\t<meta name=\"twitter:label2\" content=\"Est. reading time\" \/>\n\t<meta name=\"twitter:data2\" content=\"1 minute\" \/>\n<script type=\"application\/ld+json\" class=\"yoast-schema-graph\">{\"@context\":\"https:\\\/\\\/schema.org\",\"@graph\":[{\"@type\":\"Article\",\"@id\":\"https:\\\/\\\/qtmm.org\\\/qt\\\/butundunya-qirimtatarlar-kongressi-koordinatsion-kenesinin-azasi-nusret-cemilev-dustlik-ordeninen-mukafatlandi\\\/#article\",\"isPartOf\":{\"@id\":\"https:\\\/\\\/qtmm.org\\\/qt\\\/butundunya-qirimtatarlar-kongressi-koordinatsion-kenesinin-azasi-nusret-cemilev-dustlik-ordeninen-mukafatlandi\\\/\"},\"author\":{\"name\":\"Developer\",\"@id\":\"https:\\\/\\\/qtmm.org\\\/qt\\\/#\\\/schema\\\/person\\\/de562469f971dec226ac06e60bbf74a7\"},\"headline\":\"B\u00fct\u00fcnd\u00fcnya q\u0131r\u0131mtatarlar kongressi koordinatsion ke\u00f1e\u015fini\u00f1 azas\u0131 Nusret Cemilev \u00abDustlik\u00bb ordeninen muk\u00e2fatland\u0131\",\"datePublished\":\"2012-09-04T13:47:00+00:00\",\"dateModified\":\"2022-01-22T13:48:00+00:00\",\"mainEntityOfPage\":{\"@id\":\"https:\\\/\\\/qtmm.org\\\/qt\\\/butundunya-qirimtatarlar-kongressi-koordinatsion-kenesinin-azasi-nusret-cemilev-dustlik-ordeninen-mukafatlandi\\\/\"},\"wordCount\":214,\"commentCount\":0,\"publisher\":{\"@id\":\"https:\\\/\\\/qtmm.org\\\/qt\\\/#organization\"},\"articleSection\":[\"Haberler\"],\"inLanguage\":\"qt\",\"potentialAction\":[{\"@type\":\"CommentAction\",\"name\":\"Comment\",\"target\":[\"https:\\\/\\\/qtmm.org\\\/qt\\\/butundunya-qirimtatarlar-kongressi-koordinatsion-kenesinin-azasi-nusret-cemilev-dustlik-ordeninen-mukafatlandi\\\/#respond\"]}]},{\"@type\":\"WebPage\",\"@id\":\"https:\\\/\\\/qtmm.org\\\/qt\\\/butundunya-qirimtatarlar-kongressi-koordinatsion-kenesinin-azasi-nusret-cemilev-dustlik-ordeninen-mukafatlandi\\\/\",\"url\":\"https:\\\/\\\/qtmm.org\\\/qt\\\/butundunya-qirimtatarlar-kongressi-koordinatsion-kenesinin-azasi-nusret-cemilev-dustlik-ordeninen-mukafatlandi\\\/\",\"name\":\"B\u00fct\u00fcnd\u00fcnya q\u0131r\u0131mtatarlar kongressi koordinatsion ke\u00f1e\u015fini\u00f1 azas\u0131 Nusret Cemilev \u00abDustlik\u00bb ordeninen muk\u00e2fatland\u0131 - \u041c\u0435\u0434\u0436\u043b\u0456\u0441\",\"isPartOf\":{\"@id\":\"https:\\\/\\\/qtmm.org\\\/qt\\\/#website\"},\"datePublished\":\"2012-09-04T13:47:00+00:00\",\"dateModified\":\"2022-01-22T13:48:00+00:00\",\"breadcrumb\":{\"@id\":\"https:\\\/\\\/qtmm.org\\\/qt\\\/butundunya-qirimtatarlar-kongressi-koordinatsion-kenesinin-azasi-nusret-cemilev-dustlik-ordeninen-mukafatlandi\\\/#breadcrumb\"},\"inLanguage\":\"qt\",\"potentialAction\":[{\"@type\":\"ReadAction\",\"target\":[\"https:\\\/\\\/qtmm.org\\\/qt\\\/butundunya-qirimtatarlar-kongressi-koordinatsion-kenesinin-azasi-nusret-cemilev-dustlik-ordeninen-mukafatlandi\\\/\"]}]},{\"@type\":\"BreadcrumbList\",\"@id\":\"https:\\\/\\\/qtmm.org\\\/qt\\\/butundunya-qirimtatarlar-kongressi-koordinatsion-kenesinin-azasi-nusret-cemilev-dustlik-ordeninen-mukafatlandi\\\/#breadcrumb\",\"itemListElement\":[{\"@type\":\"ListItem\",\"position\":1,\"name\":\"\u0413\u043e\u043b\u043e\u0432\u043d\u0430\",\"item\":\"https:\\\/\\\/qtmm.org\\\/qt\\\/\"},{\"@type\":\"ListItem\",\"position\":2,\"name\":\"B\u00fct\u00fcnd\u00fcnya q\u0131r\u0131mtatarlar kongressi koordinatsion ke\u00f1e\u015fini\u00f1 azas\u0131 Nusret Cemilev \u00abDustlik\u00bb ordeninen muk\u00e2fatland\u0131\"}]},{\"@type\":\"WebSite\",\"@id\":\"https:\\\/\\\/qtmm.org\\\/qt\\\/#website\",\"url\":\"https:\\\/\\\/qtmm.org\\\/qt\\\/\",\"name\":\"\u041c\u0435\u0434\u0436\u043b\u0456\u0441\",\"description\":\"\",\"publisher\":{\"@id\":\"https:\\\/\\\/qtmm.org\\\/qt\\\/#organization\"},\"potentialAction\":[{\"@type\":\"SearchAction\",\"target\":{\"@type\":\"EntryPoint\",\"urlTemplate\":\"https:\\\/\\\/qtmm.org\\\/qt\\\/?s={search_term_string}\"},\"query-input\":{\"@type\":\"PropertyValueSpecification\",\"valueRequired\":true,\"valueName\":\"search_term_string\"}}],\"inLanguage\":\"qt\"},{\"@type\":\"Organization\",\"@id\":\"https:\\\/\\\/qtmm.org\\\/qt\\\/#organization\",\"name\":\"\u041c\u0435\u0434\u0436\u043b\u0456\u0441\",\"url\":\"https:\\\/\\\/qtmm.org\\\/qt\\\/\",\"logo\":{\"@type\":\"ImageObject\",\"inLanguage\":\"qt\",\"@id\":\"https:\\\/\\\/qtmm.org\\\/qt\\\/#\\\/schema\\\/logo\\\/image\\\/\",\"url\":\"https:\\\/\\\/qtmm.org\\\/wp-content\\\/uploads\\\/2024\\\/12\\\/ua-mejlis-logo-rgb.svg\",\"contentUrl\":\"https:\\\/\\\/qtmm.org\\\/wp-content\\\/uploads\\\/2024\\\/12\\\/ua-mejlis-logo-rgb.svg\",\"caption\":\"\u041c\u0435\u0434\u0436\u043b\u0456\u0441\"},\"image\":{\"@id\":\"https:\\\/\\\/qtmm.org\\\/qt\\\/#\\\/schema\\\/logo\\\/image\\\/\"},\"sameAs\":[\"https:\\\/\\\/www.facebook.com\\\/qtmm.info\\\/\"]},{\"@type\":\"Person\",\"@id\":\"https:\\\/\\\/qtmm.org\\\/qt\\\/#\\\/schema\\\/person\\\/de562469f971dec226ac06e60bbf74a7\",\"name\":\"Developer\",\"image\":{\"@type\":\"ImageObject\",\"inLanguage\":\"qt\",\"@id\":\"https:\\\/\\\/secure.gravatar.com\\\/avatar\\\/392b4cc8fbfeb00b39dfeeab4ee6edded39ffd48e25858637e4765810300227e?s=96&d=mm&r=g\",\"url\":\"https:\\\/\\\/secure.gravatar.com\\\/avatar\\\/392b4cc8fbfeb00b39dfeeab4ee6edded39ffd48e25858637e4765810300227e?s=96&d=mm&r=g\",\"contentUrl\":\"https:\\\/\\\/secure.gravatar.com\\\/avatar\\\/392b4cc8fbfeb00b39dfeeab4ee6edded39ffd48e25858637e4765810300227e?s=96&d=mm&r=g\",\"caption\":\"Developer\"},\"url\":\"https:\\\/\\\/qtmm.org\\\/qt\\\/author\\\/Developer\\\/\"}]}<\/script>\n<!-- \/ Yoast SEO plugin. -->","yoast_head_json":{"title":"B\u00fct\u00fcnd\u00fcnya q\u0131r\u0131mtatarlar kongressi koordinatsion ke\u00f1e\u015fini\u00f1 azas\u0131 Nusret Cemilev \u00abDustlik\u00bb ordeninen muk\u00e2fatland\u0131 - \u041c\u0435\u0434\u0436\u043b\u0456\u0441","robots":{"index":"index","follow":"follow","max-snippet":"max-snippet:-1","max-image-preview":"max-image-preview:large","max-video-preview":"max-video-preview:-1"},"canonical":"https:\/\/qtmm.org\/qt\/butundunya-qirimtatarlar-kongressi-koordinatsion-kenesinin-azasi-nusret-cemilev-dustlik-ordeninen-mukafatlandi\/","og_locale":"en_US","og_type":"article","og_title":"B\u00fct\u00fcnd\u00fcnya q\u0131r\u0131mtatarlar kongressi koordinatsion ke\u00f1e\u015fini\u00f1 azas\u0131 Nusret Cemilev \u00abDustlik\u00bb ordeninen muk\u00e2fatland\u0131 - \u041c\u0435\u0434\u0436\u043b\u0456\u0441","og_description":"\u00d6zbekistan halqlar\u0131 aras\u0131nda dostluq ve i\u015fbirlikke, epsi millet ve toplumlarn\u0131\u00f1 dostlu\u011f\u0131, qarda\u015fl\u0131\u011f\u0131 ve \u00f6zara bar\u0131\u015f\u0131ql\u0131\u011f\u0131n\u0131 pekit\u00fcvge qo\u015fqan issesi i\u00e7\u00fcn B\u00fct\u00fcnd\u00fcnya q\u0131r\u0131mtatarlar kongressi koordinatsion ke\u00f1e\u015fini\u00f1 azas\u0131, Ta\u015fkentteki &#8220;Avdet&#8221; q\u0131r\u0131mtatar medeniy merkezni\u00f1 reisi Nusret Cemilev 2012 senesi avgust 27-de &#8220;Dustlik&#8221; ordeninen muk\u00e2fatland\u0131 &nbsp;&#8220;Dustlik&#8221; ordeni \u00d6zbekistan cumhuriyetini\u00f1 e\u00f1 y\u00fcksek milliy devlet muk\u00e2fatlar\u0131ndan biridir. Bu orden devletni\u00f1 yolba\u015f\u00e7\u0131s\u0131 \u0130slam [&hellip;]","og_url":"https:\/\/qtmm.org\/qt\/butundunya-qirimtatarlar-kongressi-koordinatsion-kenesinin-azasi-nusret-cemilev-dustlik-ordeninen-mukafatlandi\/","og_site_name":"\u041c\u0435\u0434\u0436\u043b\u0456\u0441","article_publisher":"https:\/\/www.facebook.com\/qtmm.info\/","article_published_time":"2012-09-04T13:47:00+00:00","article_modified_time":"2022-01-22T13:48:00+00:00","author":"Developer","twitter_card":"summary_large_image","twitter_misc":{"Written by":"Developer","Est. reading time":"1 minute"},"schema":{"@context":"https:\/\/schema.org","@graph":[{"@type":"Article","@id":"https:\/\/qtmm.org\/qt\/butundunya-qirimtatarlar-kongressi-koordinatsion-kenesinin-azasi-nusret-cemilev-dustlik-ordeninen-mukafatlandi\/#article","isPartOf":{"@id":"https:\/\/qtmm.org\/qt\/butundunya-qirimtatarlar-kongressi-koordinatsion-kenesinin-azasi-nusret-cemilev-dustlik-ordeninen-mukafatlandi\/"},"author":{"name":"Developer","@id":"https:\/\/qtmm.org\/qt\/#\/schema\/person\/de562469f971dec226ac06e60bbf74a7"},"headline":"B\u00fct\u00fcnd\u00fcnya q\u0131r\u0131mtatarlar kongressi koordinatsion ke\u00f1e\u015fini\u00f1 azas\u0131 Nusret Cemilev \u00abDustlik\u00bb ordeninen muk\u00e2fatland\u0131","datePublished":"2012-09-04T13:47:00+00:00","dateModified":"2022-01-22T13:48:00+00:00","mainEntityOfPage":{"@id":"https:\/\/qtmm.org\/qt\/butundunya-qirimtatarlar-kongressi-koordinatsion-kenesinin-azasi-nusret-cemilev-dustlik-ordeninen-mukafatlandi\/"},"wordCount":214,"commentCount":0,"publisher":{"@id":"https:\/\/qtmm.org\/qt\/#organization"},"articleSection":["Haberler"],"inLanguage":"qt","potentialAction":[{"@type":"CommentAction","name":"Comment","target":["https:\/\/qtmm.org\/qt\/butundunya-qirimtatarlar-kongressi-koordinatsion-kenesinin-azasi-nusret-cemilev-dustlik-ordeninen-mukafatlandi\/#respond"]}]},{"@type":"WebPage","@id":"https:\/\/qtmm.org\/qt\/butundunya-qirimtatarlar-kongressi-koordinatsion-kenesinin-azasi-nusret-cemilev-dustlik-ordeninen-mukafatlandi\/","url":"https:\/\/qtmm.org\/qt\/butundunya-qirimtatarlar-kongressi-koordinatsion-kenesinin-azasi-nusret-cemilev-dustlik-ordeninen-mukafatlandi\/","name":"B\u00fct\u00fcnd\u00fcnya q\u0131r\u0131mtatarlar kongressi koordinatsion ke\u00f1e\u015fini\u00f1 azas\u0131 Nusret Cemilev \u00abDustlik\u00bb ordeninen muk\u00e2fatland\u0131 - \u041c\u0435\u0434\u0436\u043b\u0456\u0441","isPartOf":{"@id":"https:\/\/qtmm.org\/qt\/#website"},"datePublished":"2012-09-04T13:47:00+00:00","dateModified":"2022-01-22T13:48:00+00:00","breadcrumb":{"@id":"https:\/\/qtmm.org\/qt\/butundunya-qirimtatarlar-kongressi-koordinatsion-kenesinin-azasi-nusret-cemilev-dustlik-ordeninen-mukafatlandi\/#breadcrumb"},"inLanguage":"qt","potentialAction":[{"@type":"ReadAction","target":["https:\/\/qtmm.org\/qt\/butundunya-qirimtatarlar-kongressi-koordinatsion-kenesinin-azasi-nusret-cemilev-dustlik-ordeninen-mukafatlandi\/"]}]},{"@type":"BreadcrumbList","@id":"https:\/\/qtmm.org\/qt\/butundunya-qirimtatarlar-kongressi-koordinatsion-kenesinin-azasi-nusret-cemilev-dustlik-ordeninen-mukafatlandi\/#breadcrumb","itemListElement":[{"@type":"ListItem","position":1,"name":"\u0413\u043e\u043b\u043e\u0432\u043d\u0430","item":"https:\/\/qtmm.org\/qt\/"},{"@type":"ListItem","position":2,"name":"B\u00fct\u00fcnd\u00fcnya q\u0131r\u0131mtatarlar kongressi koordinatsion ke\u00f1e\u015fini\u00f1 azas\u0131 Nusret Cemilev \u00abDustlik\u00bb ordeninen muk\u00e2fatland\u0131"}]},{"@type":"WebSite","@id":"https:\/\/qtmm.org\/qt\/#website","url":"https:\/\/qtmm.org\/qt\/","name":"\u041c\u0435\u0434\u0436\u043b\u0456\u0441","description":"","publisher":{"@id":"https:\/\/qtmm.org\/qt\/#organization"},"potentialAction":[{"@type":"SearchAction","target":{"@type":"EntryPoint","urlTemplate":"https:\/\/qtmm.org\/qt\/?s={search_term_string}"},"query-input":{"@type":"PropertyValueSpecification","valueRequired":true,"valueName":"search_term_string"}}],"inLanguage":"qt"},{"@type":"Organization","@id":"https:\/\/qtmm.org\/qt\/#organization","name":"\u041c\u0435\u0434\u0436\u043b\u0456\u0441","url":"https:\/\/qtmm.org\/qt\/","logo":{"@type":"ImageObject","inLanguage":"qt","@id":"https:\/\/qtmm.org\/qt\/#\/schema\/logo\/image\/","url":"https:\/\/qtmm.org\/wp-content\/uploads\/2024\/12\/ua-mejlis-logo-rgb.svg","contentUrl":"https:\/\/qtmm.org\/wp-content\/uploads\/2024\/12\/ua-mejlis-logo-rgb.svg","caption":"\u041c\u0435\u0434\u0436\u043b\u0456\u0441"},"image":{"@id":"https:\/\/qtmm.org\/qt\/#\/schema\/logo\/image\/"},"sameAs":["https:\/\/www.facebook.com\/qtmm.info\/"]},{"@type":"Person","@id":"https:\/\/qtmm.org\/qt\/#\/schema\/person\/de562469f971dec226ac06e60bbf74a7","name":"Developer","image":{"@type":"ImageObject","inLanguage":"qt","@id":"https:\/\/secure.gravatar.com\/avatar\/392b4cc8fbfeb00b39dfeeab4ee6edded39ffd48e25858637e4765810300227e?s=96&d=mm&r=g","url":"https:\/\/secure.gravatar.com\/avatar\/392b4cc8fbfeb00b39dfeeab4ee6edded39ffd48e25858637e4765810300227e?s=96&d=mm&r=g","contentUrl":"https:\/\/secure.gravatar.com\/avatar\/392b4cc8fbfeb00b39dfeeab4ee6edded39ffd48e25858637e4765810300227e?s=96&d=mm&r=g","caption":"Developer"},"url":"https:\/\/qtmm.org\/qt\/author\/Developer\/"}]}},"_links":{"self":[{"href":"https:\/\/qtmm.org\/qt\/wp-json\/wp\/v2\/posts\/33952","targetHints":{"allow":["GET"]}}],"collection":[{"href":"https:\/\/qtmm.org\/qt\/wp-json\/wp\/v2\/posts"}],"about":[{"href":"https:\/\/qtmm.org\/qt\/wp-json\/wp\/v2\/types\/post"}],"author":[{"embeddable":true,"href":"https:\/\/qtmm.org\/qt\/wp-json\/wp\/v2\/users\/1"}],"replies":[{"embeddable":true,"href":"https:\/\/qtmm.org\/qt\/wp-json\/wp\/v2\/comments?post=33952"}],"version-history":[{"count":1,"href":"https:\/\/qtmm.org\/qt\/wp-json\/wp\/v2\/posts\/33952\/revisions"}],"predecessor-version":[{"id":33953,"href":"https:\/\/qtmm.org\/qt\/wp-json\/wp\/v2\/posts\/33952\/revisions\/33953"}],"wp:attachment":[{"href":"https:\/\/qtmm.org\/qt\/wp-json\/wp\/v2\/media?parent=33952"}],"wp:term":[{"taxonomy":"category","embeddable":true,"href":"https:\/\/qtmm.org\/qt\/wp-json\/wp\/v2\/categories?post=33952"},{"taxonomy":"post_tag","embeddable":true,"href":"https:\/\/qtmm.org\/qt\/wp-json\/wp\/v2\/tags?post=33952"}],"curies":[{"name":"wp","href":"https:\/\/api.w.org\/{rel}","templated":true}]}}