




{"id":33829,"date":"2012-09-04T00:12:00","date_gmt":"2012-09-03T21:12:00","guid":{"rendered":"http:\/\/qtmm.org\/?p=33829"},"modified":"2022-01-22T00:14:00","modified_gmt":"2022-01-21T21:14:00","slug":"meclis-delegatsiyasi-avgust-anlasmalari-imzalanmasinin-32-yilligina-ve","status":"publish","type":"post","link":"https:\/\/qtmm.org\/qt\/meclis-delegatsiyasi-avgust-anlasmalari-imzalanmasinin-32-yilligina-ve\/","title":{"rendered":"Meclis delegatsiyas\u0131 Avgust a\u00f1la\u015fmalar\u0131 imzalanmas\u0131n\u0131\u00f1 32 y\u0131ll\u0131\u011f\u0131na ve"},"content":{"rendered":"\n<p>Avgust 31 \u2013 sent\u00e2br 3 k\u00fcnleri Poloniyan\u0131\u00f1 Gdansk \u015feerinde Avgust a\u00f1la\u015fmalar\u0131 imzalanmas\u0131n\u0131\u00f1 32 y\u0131ll\u0131\u011f\u0131na ve &#8220;K\u00fcre\u015fici G\u00f6\u00f1\u00fclde\u015flik&#8221; meydan\u011fa ketirilmesini\u00f1 30 y\u0131ll\u0131\u011f\u0131na ba\u011f\u0131\u015flan\u0131p \u00f6tkerilgen yubiley merasimlerinde halqara resmiy delegatsiyalar, \u015fu c\u00fcmleden Q\u0131r\u0131mtatar halq\u0131 Meclisini\u00f1 t\u0131\u015fq\u0131 al\u00e2qalar b\u00f6l\u00fcgini\u00f1 ba\u015f\u0131 Ali Hamzin yetek\u00e7iligindeki delegatsiyas\u0131 da it\u015ftirak etti.<\/p>\n\n\n\n<p>Meclis delegatsiyas\u0131n\u0131\u00f1 erk\u00e2n\u0131na \u0130nformatsion siyaset ve cemaat te\u015fkil\u00e2tlar\u0131nen ba\u011flanuv b\u00f6l\u00fcgini\u00f1 ba\u015f\u0131, &#8220;Avdet&#8221; gazetas\u0131n\u0131\u00f1 muarriri \u015eevket Qaybullayev, Meclisni\u00f1 Litva Cumhuriyetindeki temsilcisi Adas Yakubausks, &#8220;Bizim Q\u0131r\u0131m&#8221; te\u015fkil\u00e2t\u0131n\u0131\u00f1 reisi, Qurultay delegat\u0131 Abduraman Egiz ve Poloniyada q\u0131r\u0131mtatar cemiyetini\u00f1 vekili Nedim \u00dcseinov kirdiler.<\/p>\n\n\n\n<figure class=\"wp-block-image size-full\"><img loading=\"lazy\" decoding=\"async\" width=\"800\" height=\"386\" src=\"http:\/\/qtmm.org\/wp-content\/uploads\/2022\/01\/img_7139.jpeg\" alt=\"\" class=\"wp-image-33836\" srcset=\"https:\/\/qtmm.org\/wp-content\/uploads\/2022\/01\/img_7139.jpeg 800w, https:\/\/qtmm.org\/wp-content\/uploads\/2022\/01\/img_7139-300x145.jpeg 300w, https:\/\/qtmm.org\/wp-content\/uploads\/2022\/01\/img_7139-768x371.jpeg 768w\" sizes=\"auto, (max-width: 800px) 100vw, 800px\" \/><\/figure>\n\n\n\n<p>31 avgust k\u00fcn\u00fc Meclis delegatsiyas\u0131 &#8220;G\u00f6\u00f1\u00fclde\u015flik areketini\u00f1 1981 senesi dekabr ay\u0131ndan so\u00f1 Poloniyada arbiy rejim devrinde \u00f6ld\u00fcrilgen i\u015f\u00e7ilerine, facial\u0131 vaqialarn\u0131\u00f1 qurbanlar\u0131na abide&#8221;ge g\u00fcl\u00e7emberler qoyuvda i\u015ftirak etip, \u015fu k\u00fcn\u00fc Poloniyadaki semetde\u015flerimiznen k\u00f6r\u00fc\u015fti ve Gdansk \u015feerindeki yek\u00e2ne &#8220;\u00d6liva&#8221; camisinde cuma namaz\u0131n\u0131 q\u0131ld\u0131lar.<\/p>\n\n\n\n<p>So\u00f1ra Emek Havfs\u0131zl\u0131\u011f\u0131 ve gigiyenas\u0131n\u0131\u00f1 tarihiy zal\u0131nda Avgust a\u00f1la\u015fmalar\u0131 imzalanmas\u0131n\u0131\u00f1 32 y\u0131ll\u0131\u011f\u0131na ve &#8220;K\u00fcre\u015fici G\u00f6\u00f1\u00fclde\u015flik&#8221; meydan\u011fa ketirilmesini\u00f1 30 y\u0131ll\u0131\u011f\u0131na ba\u011f\u0131\u015flan\u011fan yubiley merasimi ol\u0131p ke\u00e7ti. Onda &#8220;K\u00fcre\u015fici G\u00f6\u00f1\u00fclde\u015flik&#8221;ni\u00f1 quruc\u0131s\u0131, kommunistler devrinde muhalifet\u00e7i K\u00f6rnel Moravetskiy, Avropa g\u00f6\u00f1\u00fclde\u015flik merkezini\u00f1 direktor\u0131 Bazil Kerskiy, Milliy hat\u0131ra institut\u0131n\u0131\u00f1 direktor\u0131 Luka\u015f Kaminskiy \u00e7\u0131q\u0131\u015fta bulund\u0131lar. Musafirlerni birinci ol\u0131p G\u00f6\u00f1\u00fclde\u015flik areketi \u00fclke komissiyas\u0131 reisini\u00f1 muavini Tadeu\u015f Mayhrovi\u00e7, leh siyaset\u00e7isi, &#8220;G\u00f6\u00f1\u00fclde\u015flik&#8221; areketi liderlerinden biri, kommunistlerden so\u00f1ki Poloniyan\u0131\u00f1 birinci ba\u015f naziri Tad\u00e9u\u015f Mazov\u00e9tskiy sel\u00e2mlad\u0131lar.<\/p>\n\n\n\n<p>Sent\u00e2br 1 ve 2 k\u00fcnleri tantanal\u0131 merasimlerni\u00f1 devam\u0131 olaraq &#8220;Serbestlikke al\u0131p bar\u011fan yollar&#8221; mevzus\u0131nda konferentsiya \u00f6tkerildi. Konferentsiya i\u015ftirak\u00e7ileri ad\u0131na Poloniya Prezidenti Bronislav Komorovskiy, Ba\u015f nazir Donald Tusk ve belli Litva siyaset\u00e7isi, Avropa Parlamentini\u00f1 deputat\u0131 Vitautas Landsbergis hay\u0131rlav yolla\u011fanlar.<\/p>\n\n\n\n<p>Meclis reisi Mustafa Cemilevni\u00f1 leh tilinde yaz\u0131l\u011fan sel\u00e2m\u0131n\u0131 konferentsiya i\u015ftirak\u00e7ileri g\u00fcrdeli el\u00e7\u0131rpamalarnen qar\u015f\u0131lad\u0131lar. Devlet muk\u00e2fatlar\u0131na taqdim etilgen bir s\u0131ra demokratik areketlerni\u00f1 faallerine Poloniya Prezidenti Bronislav Komorovskiyni\u00f1 ad\u0131ndan muk\u00e2fatlarn\u0131 on\u0131\u00f1 yard\u0131mc\u0131s\u0131 Yan Lit\u0131nskiy berdi.<br>Bundan da \u011fayr\u0131 \u00e7etel celegatsiyalar\u0131, dissident ve \u00f6z devletlerinde demokratiya i\u00e7\u00fcn k\u00fcre\u015fken insanlarn\u0131\u00f1 \u00e7\u0131q\u0131\u015flar\u0131 di\u00f1lenildi.<\/p>\n\n\n\n<p>Q\u0131r\u0131mtatar halq\u0131 Meclisini temsil etken Ali Hamzin \u00f6z \u00e7\u0131q\u0131\u015f\u0131nda 2013 senesi Gdansk \u015feerinde SSSRde uquqkoruv areketi vekilleri ve dissidentlerini\u00f1 i\u015ftirakinde halqara kongress ke\u00e7irmekni teklif etti.<\/p>\n\n\n\n<figure class=\"wp-block-image size-full\"><img loading=\"lazy\" decoding=\"async\" width=\"800\" height=\"449\" src=\"http:\/\/qtmm.org\/wp-content\/uploads\/2022\/01\/4_39.jpeg\" alt=\"\" class=\"wp-image-33840\" srcset=\"https:\/\/qtmm.org\/wp-content\/uploads\/2022\/01\/4_39.jpeg 800w, https:\/\/qtmm.org\/wp-content\/uploads\/2022\/01\/4_39-300x168.jpeg 300w, https:\/\/qtmm.org\/wp-content\/uploads\/2022\/01\/4_39-768x431.jpeg 768w\" sizes=\"auto, (max-width: 800px) 100vw, 800px\" \/><\/figure>\n\n\n\n<p>Poloniya ve q\u0131r\u0131mtatar cemaat te\u015fkil\u00e2tlar\u0131n\u0131\u00f1 \u00f6zara i\u015fbirligine y\u00fcksek q\u0131ymet kesken \u015eevket Qaybullayev olarn\u0131 \u00f6z faaliyetlerini daa da k\u00fc\u00e7lendirmege \u00e7a\u011f\u0131rd\u0131. Q\u0131r\u0131mtatar gen\u00e7leri ad\u0131ndan Abduraman Egiz \u00e7\u0131q\u0131\u015fta bulund\u0131.<\/p>\n\n\n\n<p>Poloniya ziyareti devam\u0131nda Meclis delegatsiyas\u0131 leh uquqqoruy\u0131c\u0131lar\u0131, siyaset\u00e7ileri Lagle Parek, Trivimi Velliste ve Estoniyal\u0131 Valeriy Kalabugin, g\u00fcrcistanl\u0131 siyaset\u00e7iler Tarel Gvinia\u015fvili, Vahtang Dzabiradze ve Guram Soselia, litval\u0131 cemaat erbaplar\u0131 Saulius Pe\u00e7eliunas ve Leonardas Vilkas ile k\u00f6r\u00fc\u015fip, umumiy vaziyetke dair meselelerni muzakere ettiler.<\/p>\n\n\n\n<p>\u00d6z halq\u0131n\u0131\u00f1 aqlar\u0131 i\u00e7\u00fcn qans\u0131z k\u00fcre\u015f al\u0131p bar\u011fan q\u0131r\u0131mtatar halq\u0131 milliy areketine K\u00f6rnel Moravetskiy y\u00fcksek q\u0131ymet kesti ve Poloniya G\u00f6\u00f1\u00fclde\u015flikni\u00f1 tarih\u0131n\u0131 aks ettirgen &#8220;D\u00fcnyan\u0131 yah\u015f\u0131la\u015ft\u0131rmaq \u00fcm\u00fctinen&#8221; serleval\u0131 kitapn\u0131 m\u00fcellifi olaraq Meclis reisi i\u00e7\u00fcn imzalad\u0131. &#8220;K\u00fcrke\u015fici G\u00f6\u00f1\u00fclde\u015flikni\u00f1 lideri ne h\u0131tap etken Ali Hamzin on\u0131 Q\u0131r\u0131m\u011fa kendisi i\u00e7\u00fcn o\u00f1aytl\u0131 bir vaq\u0131tta kelmege davet etti.<\/p>\n\n\n\n<figure class=\"wp-block-image size-full\"><img loading=\"lazy\" decoding=\"async\" width=\"800\" height=\"449\" src=\"http:\/\/qtmm.org\/wp-content\/uploads\/2022\/01\/img_7280.jpeg\" alt=\"\" class=\"wp-image-33848\" srcset=\"https:\/\/qtmm.org\/wp-content\/uploads\/2022\/01\/img_7280.jpeg 800w, https:\/\/qtmm.org\/wp-content\/uploads\/2022\/01\/img_7280-300x168.jpeg 300w, https:\/\/qtmm.org\/wp-content\/uploads\/2022\/01\/img_7280-768x431.jpeg 768w\" sizes=\"auto, (max-width: 800px) 100vw, 800px\" \/><\/figure>\n","protected":false},"excerpt":{"rendered":"<p>Avgust 31 \u2013 sent\u00e2br 3 k\u00fcnleri Poloniyan\u0131\u00f1 Gdansk \u015feerinde Avgust a\u00f1la\u015fmalar\u0131 imzalanmas\u0131n\u0131\u00f1 32 y\u0131ll\u0131\u011f\u0131na ve &#8220;K\u00fcre\u015fici G\u00f6\u00f1\u00fclde\u015flik&#8221; meydan\u011fa ketirilmesini\u00f1 30 y\u0131ll\u0131\u011f\u0131na ba\u011f\u0131\u015flan\u0131p \u00f6tkerilgen yubiley merasimlerinde halqara resmiy delegatsiyalar, \u015fu c\u00fcmleden Q\u0131r\u0131mtatar halq\u0131 Meclisini\u00f1 t\u0131\u015fq\u0131 al\u00e2qalar b\u00f6l\u00fcgini\u00f1 ba\u015f\u0131 Ali Hamzin yetek\u00e7iligindeki delegatsiyas\u0131 da it\u015ftirak etti. Meclis delegatsiyas\u0131n\u0131\u00f1 erk\u00e2n\u0131na \u0130nformatsion siyaset ve cemaat te\u015fkil\u00e2tlar\u0131nen ba\u011flanuv b\u00f6l\u00fcgini\u00f1 ba\u015f\u0131, [&hellip;]<\/p>\n","protected":false},"author":1,"featured_media":33830,"comment_status":"open","ping_status":"open","sticky":false,"template":"","format":"standard","meta":{"inline_featured_image":false,"footnotes":""},"categories":[265],"tags":[],"class_list":["post-33829","post","type-post","status-publish","format-standard","has-post-thumbnail","hentry","category-haberler"],"acf":[],"yoast_head":"<!-- This site is optimized with the Yoast SEO plugin v27.4 - https:\/\/yoast.com\/product\/yoast-seo-wordpress\/ -->\n<title>Meclis delegatsiyas\u0131 Avgust a\u00f1la\u015fmalar\u0131 imzalanmas\u0131n\u0131\u00f1 32 y\u0131ll\u0131\u011f\u0131na ve - \u041c\u0435\u0434\u0436\u043b\u0456\u0441<\/title>\n<meta name=\"robots\" content=\"index, follow, max-snippet:-1, max-image-preview:large, max-video-preview:-1\" \/>\n<link rel=\"canonical\" href=\"https:\/\/qtmm.org\/qt\/meclis-delegatsiyasi-avgust-anlasmalari-imzalanmasinin-32-yilligina-ve\/\" \/>\n<meta property=\"og:locale\" content=\"en_US\" \/>\n<meta property=\"og:type\" content=\"article\" \/>\n<meta property=\"og:title\" content=\"Meclis delegatsiyas\u0131 Avgust a\u00f1la\u015fmalar\u0131 imzalanmas\u0131n\u0131\u00f1 32 y\u0131ll\u0131\u011f\u0131na ve - \u041c\u0435\u0434\u0436\u043b\u0456\u0441\" \/>\n<meta property=\"og:description\" content=\"Avgust 31 \u2013 sent\u00e2br 3 k\u00fcnleri Poloniyan\u0131\u00f1 Gdansk \u015feerinde Avgust a\u00f1la\u015fmalar\u0131 imzalanmas\u0131n\u0131\u00f1 32 y\u0131ll\u0131\u011f\u0131na ve &#8220;K\u00fcre\u015fici G\u00f6\u00f1\u00fclde\u015flik&#8221; meydan\u011fa ketirilmesini\u00f1 30 y\u0131ll\u0131\u011f\u0131na ba\u011f\u0131\u015flan\u0131p \u00f6tkerilgen yubiley merasimlerinde halqara resmiy delegatsiyalar, \u015fu c\u00fcmleden Q\u0131r\u0131mtatar halq\u0131 Meclisini\u00f1 t\u0131\u015fq\u0131 al\u00e2qalar b\u00f6l\u00fcgini\u00f1 ba\u015f\u0131 Ali Hamzin yetek\u00e7iligindeki delegatsiyas\u0131 da it\u015ftirak etti. Meclis delegatsiyas\u0131n\u0131\u00f1 erk\u00e2n\u0131na \u0130nformatsion siyaset ve cemaat te\u015fkil\u00e2tlar\u0131nen ba\u011flanuv b\u00f6l\u00fcgini\u00f1 ba\u015f\u0131, [&hellip;]\" \/>\n<meta property=\"og:url\" content=\"https:\/\/qtmm.org\/qt\/meclis-delegatsiyasi-avgust-anlasmalari-imzalanmasinin-32-yilligina-ve\/\" \/>\n<meta property=\"og:site_name\" content=\"\u041c\u0435\u0434\u0436\u043b\u0456\u0441\" \/>\n<meta property=\"article:publisher\" content=\"https:\/\/www.facebook.com\/qtmm.info\/\" \/>\n<meta property=\"article:published_time\" content=\"2012-09-03T21:12:00+00:00\" \/>\n<meta property=\"article:modified_time\" content=\"2022-01-21T21:14:00+00:00\" \/>\n<meta property=\"og:image\" content=\"https:\/\/qtmm.org\/wp-content\/uploads\/2022\/01\/5_16.jpeg\" \/>\n\t<meta property=\"og:image:width\" content=\"800\" \/>\n\t<meta property=\"og:image:height\" content=\"449\" \/>\n\t<meta property=\"og:image:type\" content=\"image\/jpeg\" \/>\n<meta name=\"author\" content=\"Developer\" \/>\n<meta name=\"twitter:card\" content=\"summary_large_image\" \/>\n<meta name=\"twitter:label1\" content=\"Written by\" \/>\n\t<meta name=\"twitter:data1\" content=\"Developer\" \/>\n\t<meta name=\"twitter:label2\" content=\"Est. reading time\" \/>\n\t<meta name=\"twitter:data2\" content=\"3 minutes\" \/>\n<script type=\"application\/ld+json\" class=\"yoast-schema-graph\">{\"@context\":\"https:\\\/\\\/schema.org\",\"@graph\":[{\"@type\":\"Article\",\"@id\":\"https:\\\/\\\/qtmm.org\\\/qt\\\/meclis-delegatsiyasi-avgust-anlasmalari-imzalanmasinin-32-yilligina-ve\\\/#article\",\"isPartOf\":{\"@id\":\"https:\\\/\\\/qtmm.org\\\/qt\\\/meclis-delegatsiyasi-avgust-anlasmalari-imzalanmasinin-32-yilligina-ve\\\/\"},\"author\":{\"name\":\"Developer\",\"@id\":\"https:\\\/\\\/qtmm.org\\\/qt\\\/#\\\/schema\\\/person\\\/de562469f971dec226ac06e60bbf74a7\"},\"headline\":\"Meclis delegatsiyas\u0131 Avgust a\u00f1la\u015fmalar\u0131 imzalanmas\u0131n\u0131\u00f1 32 y\u0131ll\u0131\u011f\u0131na ve\",\"datePublished\":\"2012-09-03T21:12:00+00:00\",\"dateModified\":\"2022-01-21T21:14:00+00:00\",\"mainEntityOfPage\":{\"@id\":\"https:\\\/\\\/qtmm.org\\\/qt\\\/meclis-delegatsiyasi-avgust-anlasmalari-imzalanmasinin-32-yilligina-ve\\\/\"},\"wordCount\":627,\"commentCount\":0,\"publisher\":{\"@id\":\"https:\\\/\\\/qtmm.org\\\/qt\\\/#organization\"},\"image\":{\"@id\":\"https:\\\/\\\/qtmm.org\\\/qt\\\/meclis-delegatsiyasi-avgust-anlasmalari-imzalanmasinin-32-yilligina-ve\\\/#primaryimage\"},\"thumbnailUrl\":\"https:\\\/\\\/qtmm.org\\\/wp-content\\\/uploads\\\/2022\\\/01\\\/5_16.jpeg\",\"articleSection\":[\"Haberler\"],\"inLanguage\":\"qt\",\"potentialAction\":[{\"@type\":\"CommentAction\",\"name\":\"Comment\",\"target\":[\"https:\\\/\\\/qtmm.org\\\/qt\\\/meclis-delegatsiyasi-avgust-anlasmalari-imzalanmasinin-32-yilligina-ve\\\/#respond\"]}]},{\"@type\":\"WebPage\",\"@id\":\"https:\\\/\\\/qtmm.org\\\/qt\\\/meclis-delegatsiyasi-avgust-anlasmalari-imzalanmasinin-32-yilligina-ve\\\/\",\"url\":\"https:\\\/\\\/qtmm.org\\\/qt\\\/meclis-delegatsiyasi-avgust-anlasmalari-imzalanmasinin-32-yilligina-ve\\\/\",\"name\":\"Meclis delegatsiyas\u0131 Avgust a\u00f1la\u015fmalar\u0131 imzalanmas\u0131n\u0131\u00f1 32 y\u0131ll\u0131\u011f\u0131na ve - \u041c\u0435\u0434\u0436\u043b\u0456\u0441\",\"isPartOf\":{\"@id\":\"https:\\\/\\\/qtmm.org\\\/qt\\\/#website\"},\"primaryImageOfPage\":{\"@id\":\"https:\\\/\\\/qtmm.org\\\/qt\\\/meclis-delegatsiyasi-avgust-anlasmalari-imzalanmasinin-32-yilligina-ve\\\/#primaryimage\"},\"image\":{\"@id\":\"https:\\\/\\\/qtmm.org\\\/qt\\\/meclis-delegatsiyasi-avgust-anlasmalari-imzalanmasinin-32-yilligina-ve\\\/#primaryimage\"},\"thumbnailUrl\":\"https:\\\/\\\/qtmm.org\\\/wp-content\\\/uploads\\\/2022\\\/01\\\/5_16.jpeg\",\"datePublished\":\"2012-09-03T21:12:00+00:00\",\"dateModified\":\"2022-01-21T21:14:00+00:00\",\"breadcrumb\":{\"@id\":\"https:\\\/\\\/qtmm.org\\\/qt\\\/meclis-delegatsiyasi-avgust-anlasmalari-imzalanmasinin-32-yilligina-ve\\\/#breadcrumb\"},\"inLanguage\":\"qt\",\"potentialAction\":[{\"@type\":\"ReadAction\",\"target\":[\"https:\\\/\\\/qtmm.org\\\/qt\\\/meclis-delegatsiyasi-avgust-anlasmalari-imzalanmasinin-32-yilligina-ve\\\/\"]}]},{\"@type\":\"ImageObject\",\"inLanguage\":\"qt\",\"@id\":\"https:\\\/\\\/qtmm.org\\\/qt\\\/meclis-delegatsiyasi-avgust-anlasmalari-imzalanmasinin-32-yilligina-ve\\\/#primaryimage\",\"url\":\"https:\\\/\\\/qtmm.org\\\/wp-content\\\/uploads\\\/2022\\\/01\\\/5_16.jpeg\",\"contentUrl\":\"https:\\\/\\\/qtmm.org\\\/wp-content\\\/uploads\\\/2022\\\/01\\\/5_16.jpeg\",\"width\":800,\"height\":449},{\"@type\":\"BreadcrumbList\",\"@id\":\"https:\\\/\\\/qtmm.org\\\/qt\\\/meclis-delegatsiyasi-avgust-anlasmalari-imzalanmasinin-32-yilligina-ve\\\/#breadcrumb\",\"itemListElement\":[{\"@type\":\"ListItem\",\"position\":1,\"name\":\"\u0413\u043e\u043b\u043e\u0432\u043d\u0430\",\"item\":\"https:\\\/\\\/qtmm.org\\\/qt\\\/\"},{\"@type\":\"ListItem\",\"position\":2,\"name\":\"Meclis delegatsiyas\u0131 Avgust a\u00f1la\u015fmalar\u0131 imzalanmas\u0131n\u0131\u00f1 32 y\u0131ll\u0131\u011f\u0131na ve\"}]},{\"@type\":\"WebSite\",\"@id\":\"https:\\\/\\\/qtmm.org\\\/qt\\\/#website\",\"url\":\"https:\\\/\\\/qtmm.org\\\/qt\\\/\",\"name\":\"\u041c\u0435\u0434\u0436\u043b\u0456\u0441\",\"description\":\"\",\"publisher\":{\"@id\":\"https:\\\/\\\/qtmm.org\\\/qt\\\/#organization\"},\"potentialAction\":[{\"@type\":\"SearchAction\",\"target\":{\"@type\":\"EntryPoint\",\"urlTemplate\":\"https:\\\/\\\/qtmm.org\\\/qt\\\/?s={search_term_string}\"},\"query-input\":{\"@type\":\"PropertyValueSpecification\",\"valueRequired\":true,\"valueName\":\"search_term_string\"}}],\"inLanguage\":\"qt\"},{\"@type\":\"Organization\",\"@id\":\"https:\\\/\\\/qtmm.org\\\/qt\\\/#organization\",\"name\":\"\u041c\u0435\u0434\u0436\u043b\u0456\u0441\",\"url\":\"https:\\\/\\\/qtmm.org\\\/qt\\\/\",\"logo\":{\"@type\":\"ImageObject\",\"inLanguage\":\"qt\",\"@id\":\"https:\\\/\\\/qtmm.org\\\/qt\\\/#\\\/schema\\\/logo\\\/image\\\/\",\"url\":\"https:\\\/\\\/qtmm.org\\\/wp-content\\\/uploads\\\/2024\\\/12\\\/ua-mejlis-logo-rgb.svg\",\"contentUrl\":\"https:\\\/\\\/qtmm.org\\\/wp-content\\\/uploads\\\/2024\\\/12\\\/ua-mejlis-logo-rgb.svg\",\"caption\":\"\u041c\u0435\u0434\u0436\u043b\u0456\u0441\"},\"image\":{\"@id\":\"https:\\\/\\\/qtmm.org\\\/qt\\\/#\\\/schema\\\/logo\\\/image\\\/\"},\"sameAs\":[\"https:\\\/\\\/www.facebook.com\\\/qtmm.info\\\/\"]},{\"@type\":\"Person\",\"@id\":\"https:\\\/\\\/qtmm.org\\\/qt\\\/#\\\/schema\\\/person\\\/de562469f971dec226ac06e60bbf74a7\",\"name\":\"Developer\",\"image\":{\"@type\":\"ImageObject\",\"inLanguage\":\"qt\",\"@id\":\"https:\\\/\\\/secure.gravatar.com\\\/avatar\\\/392b4cc8fbfeb00b39dfeeab4ee6edded39ffd48e25858637e4765810300227e?s=96&d=mm&r=g\",\"url\":\"https:\\\/\\\/secure.gravatar.com\\\/avatar\\\/392b4cc8fbfeb00b39dfeeab4ee6edded39ffd48e25858637e4765810300227e?s=96&d=mm&r=g\",\"contentUrl\":\"https:\\\/\\\/secure.gravatar.com\\\/avatar\\\/392b4cc8fbfeb00b39dfeeab4ee6edded39ffd48e25858637e4765810300227e?s=96&d=mm&r=g\",\"caption\":\"Developer\"},\"url\":\"https:\\\/\\\/qtmm.org\\\/qt\\\/author\\\/Developer\\\/\"}]}<\/script>\n<!-- \/ Yoast SEO plugin. -->","yoast_head_json":{"title":"Meclis delegatsiyas\u0131 Avgust a\u00f1la\u015fmalar\u0131 imzalanmas\u0131n\u0131\u00f1 32 y\u0131ll\u0131\u011f\u0131na ve - \u041c\u0435\u0434\u0436\u043b\u0456\u0441","robots":{"index":"index","follow":"follow","max-snippet":"max-snippet:-1","max-image-preview":"max-image-preview:large","max-video-preview":"max-video-preview:-1"},"canonical":"https:\/\/qtmm.org\/qt\/meclis-delegatsiyasi-avgust-anlasmalari-imzalanmasinin-32-yilligina-ve\/","og_locale":"en_US","og_type":"article","og_title":"Meclis delegatsiyas\u0131 Avgust a\u00f1la\u015fmalar\u0131 imzalanmas\u0131n\u0131\u00f1 32 y\u0131ll\u0131\u011f\u0131na ve - \u041c\u0435\u0434\u0436\u043b\u0456\u0441","og_description":"Avgust 31 \u2013 sent\u00e2br 3 k\u00fcnleri Poloniyan\u0131\u00f1 Gdansk \u015feerinde Avgust a\u00f1la\u015fmalar\u0131 imzalanmas\u0131n\u0131\u00f1 32 y\u0131ll\u0131\u011f\u0131na ve &#8220;K\u00fcre\u015fici G\u00f6\u00f1\u00fclde\u015flik&#8221; meydan\u011fa ketirilmesini\u00f1 30 y\u0131ll\u0131\u011f\u0131na ba\u011f\u0131\u015flan\u0131p \u00f6tkerilgen yubiley merasimlerinde halqara resmiy delegatsiyalar, \u015fu c\u00fcmleden Q\u0131r\u0131mtatar halq\u0131 Meclisini\u00f1 t\u0131\u015fq\u0131 al\u00e2qalar b\u00f6l\u00fcgini\u00f1 ba\u015f\u0131 Ali Hamzin yetek\u00e7iligindeki delegatsiyas\u0131 da it\u015ftirak etti. Meclis delegatsiyas\u0131n\u0131\u00f1 erk\u00e2n\u0131na \u0130nformatsion siyaset ve cemaat te\u015fkil\u00e2tlar\u0131nen ba\u011flanuv b\u00f6l\u00fcgini\u00f1 ba\u015f\u0131, [&hellip;]","og_url":"https:\/\/qtmm.org\/qt\/meclis-delegatsiyasi-avgust-anlasmalari-imzalanmasinin-32-yilligina-ve\/","og_site_name":"\u041c\u0435\u0434\u0436\u043b\u0456\u0441","article_publisher":"https:\/\/www.facebook.com\/qtmm.info\/","article_published_time":"2012-09-03T21:12:00+00:00","article_modified_time":"2022-01-21T21:14:00+00:00","og_image":[{"width":800,"height":449,"url":"https:\/\/qtmm.org\/wp-content\/uploads\/2022\/01\/5_16.jpeg","type":"image\/jpeg"}],"author":"Developer","twitter_card":"summary_large_image","twitter_misc":{"Written by":"Developer","Est. reading time":"3 minutes"},"schema":{"@context":"https:\/\/schema.org","@graph":[{"@type":"Article","@id":"https:\/\/qtmm.org\/qt\/meclis-delegatsiyasi-avgust-anlasmalari-imzalanmasinin-32-yilligina-ve\/#article","isPartOf":{"@id":"https:\/\/qtmm.org\/qt\/meclis-delegatsiyasi-avgust-anlasmalari-imzalanmasinin-32-yilligina-ve\/"},"author":{"name":"Developer","@id":"https:\/\/qtmm.org\/qt\/#\/schema\/person\/de562469f971dec226ac06e60bbf74a7"},"headline":"Meclis delegatsiyas\u0131 Avgust a\u00f1la\u015fmalar\u0131 imzalanmas\u0131n\u0131\u00f1 32 y\u0131ll\u0131\u011f\u0131na ve","datePublished":"2012-09-03T21:12:00+00:00","dateModified":"2022-01-21T21:14:00+00:00","mainEntityOfPage":{"@id":"https:\/\/qtmm.org\/qt\/meclis-delegatsiyasi-avgust-anlasmalari-imzalanmasinin-32-yilligina-ve\/"},"wordCount":627,"commentCount":0,"publisher":{"@id":"https:\/\/qtmm.org\/qt\/#organization"},"image":{"@id":"https:\/\/qtmm.org\/qt\/meclis-delegatsiyasi-avgust-anlasmalari-imzalanmasinin-32-yilligina-ve\/#primaryimage"},"thumbnailUrl":"https:\/\/qtmm.org\/wp-content\/uploads\/2022\/01\/5_16.jpeg","articleSection":["Haberler"],"inLanguage":"qt","potentialAction":[{"@type":"CommentAction","name":"Comment","target":["https:\/\/qtmm.org\/qt\/meclis-delegatsiyasi-avgust-anlasmalari-imzalanmasinin-32-yilligina-ve\/#respond"]}]},{"@type":"WebPage","@id":"https:\/\/qtmm.org\/qt\/meclis-delegatsiyasi-avgust-anlasmalari-imzalanmasinin-32-yilligina-ve\/","url":"https:\/\/qtmm.org\/qt\/meclis-delegatsiyasi-avgust-anlasmalari-imzalanmasinin-32-yilligina-ve\/","name":"Meclis delegatsiyas\u0131 Avgust a\u00f1la\u015fmalar\u0131 imzalanmas\u0131n\u0131\u00f1 32 y\u0131ll\u0131\u011f\u0131na ve - \u041c\u0435\u0434\u0436\u043b\u0456\u0441","isPartOf":{"@id":"https:\/\/qtmm.org\/qt\/#website"},"primaryImageOfPage":{"@id":"https:\/\/qtmm.org\/qt\/meclis-delegatsiyasi-avgust-anlasmalari-imzalanmasinin-32-yilligina-ve\/#primaryimage"},"image":{"@id":"https:\/\/qtmm.org\/qt\/meclis-delegatsiyasi-avgust-anlasmalari-imzalanmasinin-32-yilligina-ve\/#primaryimage"},"thumbnailUrl":"https:\/\/qtmm.org\/wp-content\/uploads\/2022\/01\/5_16.jpeg","datePublished":"2012-09-03T21:12:00+00:00","dateModified":"2022-01-21T21:14:00+00:00","breadcrumb":{"@id":"https:\/\/qtmm.org\/qt\/meclis-delegatsiyasi-avgust-anlasmalari-imzalanmasinin-32-yilligina-ve\/#breadcrumb"},"inLanguage":"qt","potentialAction":[{"@type":"ReadAction","target":["https:\/\/qtmm.org\/qt\/meclis-delegatsiyasi-avgust-anlasmalari-imzalanmasinin-32-yilligina-ve\/"]}]},{"@type":"ImageObject","inLanguage":"qt","@id":"https:\/\/qtmm.org\/qt\/meclis-delegatsiyasi-avgust-anlasmalari-imzalanmasinin-32-yilligina-ve\/#primaryimage","url":"https:\/\/qtmm.org\/wp-content\/uploads\/2022\/01\/5_16.jpeg","contentUrl":"https:\/\/qtmm.org\/wp-content\/uploads\/2022\/01\/5_16.jpeg","width":800,"height":449},{"@type":"BreadcrumbList","@id":"https:\/\/qtmm.org\/qt\/meclis-delegatsiyasi-avgust-anlasmalari-imzalanmasinin-32-yilligina-ve\/#breadcrumb","itemListElement":[{"@type":"ListItem","position":1,"name":"\u0413\u043e\u043b\u043e\u0432\u043d\u0430","item":"https:\/\/qtmm.org\/qt\/"},{"@type":"ListItem","position":2,"name":"Meclis delegatsiyas\u0131 Avgust a\u00f1la\u015fmalar\u0131 imzalanmas\u0131n\u0131\u00f1 32 y\u0131ll\u0131\u011f\u0131na ve"}]},{"@type":"WebSite","@id":"https:\/\/qtmm.org\/qt\/#website","url":"https:\/\/qtmm.org\/qt\/","name":"\u041c\u0435\u0434\u0436\u043b\u0456\u0441","description":"","publisher":{"@id":"https:\/\/qtmm.org\/qt\/#organization"},"potentialAction":[{"@type":"SearchAction","target":{"@type":"EntryPoint","urlTemplate":"https:\/\/qtmm.org\/qt\/?s={search_term_string}"},"query-input":{"@type":"PropertyValueSpecification","valueRequired":true,"valueName":"search_term_string"}}],"inLanguage":"qt"},{"@type":"Organization","@id":"https:\/\/qtmm.org\/qt\/#organization","name":"\u041c\u0435\u0434\u0436\u043b\u0456\u0441","url":"https:\/\/qtmm.org\/qt\/","logo":{"@type":"ImageObject","inLanguage":"qt","@id":"https:\/\/qtmm.org\/qt\/#\/schema\/logo\/image\/","url":"https:\/\/qtmm.org\/wp-content\/uploads\/2024\/12\/ua-mejlis-logo-rgb.svg","contentUrl":"https:\/\/qtmm.org\/wp-content\/uploads\/2024\/12\/ua-mejlis-logo-rgb.svg","caption":"\u041c\u0435\u0434\u0436\u043b\u0456\u0441"},"image":{"@id":"https:\/\/qtmm.org\/qt\/#\/schema\/logo\/image\/"},"sameAs":["https:\/\/www.facebook.com\/qtmm.info\/"]},{"@type":"Person","@id":"https:\/\/qtmm.org\/qt\/#\/schema\/person\/de562469f971dec226ac06e60bbf74a7","name":"Developer","image":{"@type":"ImageObject","inLanguage":"qt","@id":"https:\/\/secure.gravatar.com\/avatar\/392b4cc8fbfeb00b39dfeeab4ee6edded39ffd48e25858637e4765810300227e?s=96&d=mm&r=g","url":"https:\/\/secure.gravatar.com\/avatar\/392b4cc8fbfeb00b39dfeeab4ee6edded39ffd48e25858637e4765810300227e?s=96&d=mm&r=g","contentUrl":"https:\/\/secure.gravatar.com\/avatar\/392b4cc8fbfeb00b39dfeeab4ee6edded39ffd48e25858637e4765810300227e?s=96&d=mm&r=g","caption":"Developer"},"url":"https:\/\/qtmm.org\/qt\/author\/Developer\/"}]}},"_links":{"self":[{"href":"https:\/\/qtmm.org\/qt\/wp-json\/wp\/v2\/posts\/33829","targetHints":{"allow":["GET"]}}],"collection":[{"href":"https:\/\/qtmm.org\/qt\/wp-json\/wp\/v2\/posts"}],"about":[{"href":"https:\/\/qtmm.org\/qt\/wp-json\/wp\/v2\/types\/post"}],"author":[{"embeddable":true,"href":"https:\/\/qtmm.org\/qt\/wp-json\/wp\/v2\/users\/1"}],"replies":[{"embeddable":true,"href":"https:\/\/qtmm.org\/qt\/wp-json\/wp\/v2\/comments?post=33829"}],"version-history":[{"count":1,"href":"https:\/\/qtmm.org\/qt\/wp-json\/wp\/v2\/posts\/33829\/revisions"}],"predecessor-version":[{"id":33852,"href":"https:\/\/qtmm.org\/qt\/wp-json\/wp\/v2\/posts\/33829\/revisions\/33852"}],"wp:featuredmedia":[{"embeddable":true,"href":"https:\/\/qtmm.org\/qt\/wp-json\/wp\/v2\/media\/33830"}],"wp:attachment":[{"href":"https:\/\/qtmm.org\/qt\/wp-json\/wp\/v2\/media?parent=33829"}],"wp:term":[{"taxonomy":"category","embeddable":true,"href":"https:\/\/qtmm.org\/qt\/wp-json\/wp\/v2\/categories?post=33829"},{"taxonomy":"post_tag","embeddable":true,"href":"https:\/\/qtmm.org\/qt\/wp-json\/wp\/v2\/tags?post=33829"}],"curies":[{"name":"wp","href":"https:\/\/api.w.org\/{rel}","templated":true}]}}