




{"id":33827,"date":"2012-09-03T00:11:00","date_gmt":"2012-09-02T21:11:00","guid":{"rendered":"http:\/\/qtmm.org\/?p=33827"},"modified":"2022-01-22T00:12:24","modified_gmt":"2022-01-21T21:12:24","slug":"qarasubazarda-sevinc-balalar-bagcasi-acildi","status":"publish","type":"post","link":"https:\/\/qtmm.org\/qt\/qarasubazarda-sevinc-balalar-bagcasi-acildi\/","title":{"rendered":"Qarasubazarda \u00abSevin\u00e7\u00bb balalar ba\u011f\u00e7as\u0131 a\u00e7\u0131ld\u0131"},"content":{"rendered":"\n<p>Sent\u00e2br 1 k\u00fcn\u00fc Qarasubazarda eki q\u0131r\u0131mtatar ve eki ukrain tilli gruppalardan ibaret \u21161 &#8220;Sevin\u00e7&#8221; balalar ba\u011f\u00e7as\u0131 a\u00e7\u0131ld\u0131.<br><br>&#8220;Sevin\u00e7&#8221; balalar ba\u011f\u00e7as\u0131n\u0131\u00f1 tantanal\u0131 a\u00e7\u0131l\u0131\u015f\u0131nda Qarasuvbazar \u015feer yolba\u015f\u00e7\u0131s\u0131 Albert Kangiyev, Q\u0131r\u0131m Yuqar\u0131 \u015euras\u0131n\u0131\u00f1 deputat\u0131, Meclis reisini\u00f1 birinci muavini Refat \u00c7ubarov, Q\u0131r\u0131m Yuqar\u0131 \u015euras\u0131n\u0131\u00f1 deputat\u0131, &#8220;Maarif\u00e7i&#8221; q\u0131r\u0131mtatar tasil hadimleri birle\u015fmesini\u00f1 reisi Safure Kacametova, Qarasuvbazar rayon devlet memuriyetini\u00f1 reisi \u00d6leg Rusetskiy, regional meclis reisi Mustafa Asaba, musulman cemiyetini\u00f1 ba\u015f\u0131 \u0130limdar Abdure\u015fitov, Bekir \u00c7oban-zade vaquf\u0131n\u0131\u00f1 quruc\u0131s\u0131 Resul Velil\u00e2yev, &#8220;Taygan&#8221; safari-park\u0131n\u0131\u00f1 m\u00fcdiri \u00d6leg Zubkov, Qarasubazar cemaat\u00e7\u0131l\u0131\u011f\u0131, ana-babalar, balalar ve digerleri i\u015ftirak ettiler.<\/p>\n\n\n\n<p>S. Kacametovan\u0131\u00f1 aytqan\u0131na k\u00f6re, 9 y\u0131l evelsi yani 2003 senesi yazda Qarasuvbazar \u015feer \u015furas\u0131 ana-babalar ve cemaat\u00e7\u0131l\u0131qn\u0131\u00f1 naraz\u0131l\u0131\u011f\u0131na baqmadan \u015feerni\u00f1 Bekir \u00c7oban-zade soqa\u011f\u0131nda yerle\u015fken 4-nci q\u0131r\u0131mtatar mektebini qapatqan edi. Aqs\u0131z bu areketini memuriyet \u015feerni\u00f1 s\u0131\u00f1\u0131r\u0131nda mektepni\u00f1 ya\u00f1\u0131 binas\u0131 i\u015fke t\u00fc\u015f\u00fcrilecek, dep a\u00f1latt\u0131 ve bir y\u0131ldan mektepni\u00f1 \u015fu eski binas\u0131nda q\u0131r\u0131mtatar balalar ba\u011f\u00e7as\u0131 a\u00e7\u0131laca\u011f\u0131n\u0131 vade etken edi. L\u00e2kin ba\u011f\u00e7a \u015feer b\u00fccetinde para olma\u011fan\u0131 sebebinden a\u00e7\u0131lmad\u0131.<\/p>\n\n\n\n<p>Ana-babalarn\u0131\u00f1 defalarca muracaatlar\u0131ndan so\u00f1 rayon akimiyeti eger tamir ve restavratsiya i\u015flerine q\u0131r\u0131mtatarlarn\u0131\u00f1 kendileri para tapsalar, balalar ba\u011f\u00e7as\u0131n\u0131 a\u00e7ma\u011fa s\u00f6z berdiler. Milliy Meclis ve &#8220;Maarif\u00e7i&#8221; birle\u015fmesini\u00f1 te\u015febb\u00fcsinen eski q\u0131r\u0131mtatar mektep binas\u0131n\u0131 balalar ba\u011f\u00e7as\u0131 i\u00e7\u00fcn keli\u015ftirilip restavratsiya yapuv leyhas\u0131 i\u015flendi. Mektep binas\u0131n\u0131 balalar ba\u011f\u00e7as\u0131 i\u00e7\u00fcn tolus\u0131nen restavratsiya yapuv ve ba\u011f\u00e7an\u0131 zarur e\u015fyalar ve oquv qullanmalar\u0131nen donatmaq boyunca b\u00fct\u00fcn masraflarn\u0131 T\u0130KA qar\u015f\u0131lad\u0131<br><br>2009 senesi T\u0130KA i\u015flerni tamamlad\u0131. Leyha resmiy s\u00fcrette taqdim etildi, amma balalar ba\u011f\u00e7as\u0131n\u0131\u00f1 a\u00e7\u0131lmas\u0131na \u015feer \u015furas\u0131 aradan \u00fc\u00e7 y\u0131l ke\u00e7ken so\u00f1 tap 2012 senesi sent\u00e2br 1 arfesinde ve ba\u011f\u00e7a status\u0131n\u0131 de\u00f1i\u015ftirgeni alda izin berdi.<\/p>\n\n\n\n<p>Rayon devlet memuriyetini\u00f1 reisi (Qarasuvbazar rayon\u0131nda &#8220;Regionlar partiyas\u0131&#8221;n\u0131\u00f1 ba\u015f\u0131) \u00d6leg Rusetskiyni\u00f1 \u015fahsiy k\u00f6steri\u015fine binaen qanun\u011fa z\u0131t qarar al\u0131nd\u0131. Yani qarar ana tilinde oqut\u0131l\u011fan m\u00fcessiselerni\u00f1 nizamnamesi ve normativ vesiqalar bozul\u011fan\u0131 aqibetinde q\u0131r\u0131mtatar bala\u00e7\u0131qlar\u0131n\u0131\u00f1 yar\u0131s\u0131ndan \u00e7oqu \u00e7oqtan beklenilgen ba\u011f\u00e7a\u011fa bar\u0131p olamad\u0131lar.<\/p>\n\n\n\n<p>Bundan da \u011fayr\u0131 &#8220;Sevin\u00e7&#8221; balalar ba\u011f\u00e7as\u0131n\u0131\u00f1 a\u00e7\u0131l\u0131\u015f\u0131na &#8220;Regionlar partiyas\u0131&#8221;n\u0131\u00f1 vekilleri ellerinde bayraqlarnen s\u0131ra-s\u0131ra tizilip keldiler. \u015eu k\u00fcn\u00fc &#8220;Regionlar partiyas\u0131&#8221; Q\u0131r\u0131mn\u0131\u00f1 b\u00fct\u00fcn oquv m\u00fcessiselerinde te\u015fviqat al\u0131p bard\u0131lar, albuki Ukrainan\u0131\u00f1 &#8220;Ukraina halq deputatlar\u0131n\u0131 saylav aqq\u0131nda&#8221; qanunn\u0131\u00f1 74-nci maddesi (2-nci q\u0131sm\u0131) boyunca oquv m\u00fcessiselerinde saylavald\u0131 te\u015fviqat yasaqt\u0131r. Amma bu\u00f1a baqmadan &#8220;Regionlar partiyas\u0131&#8221; mektep tantanalar\u0131nda bayraqlar, partiya simvolikas\u0131nen i\u015ftirak etip, talebelerge Regionlar partiyas\u0131n\u0131\u00f1 belgileri ol\u011fan k\u00fcndelik ve \u00e7antalarn\u0131 ediye ettiler.<\/p>\n\n\n\n<p>&#8220;Sevin\u00e7&#8221; balalar ba\u011f\u00e7as\u0131n\u0131\u00f1 bayram\u0131ndan regionc\u0131lar tek Meclis reisini\u00f1 birinci muavini Refat \u00c7ubarov talap etken so\u00f1 kettiler.<br><br>Q\u0131r\u0131mtatar halq\u0131 tasilini\u00f1 \u011fayr\u0131dan tiklenmesinen ba\u011fl\u0131 meselelerni\u00f1 \u00e7eziminde devletke yard\u0131m etmek maqsad\u0131nen Meclis tasilge yat\u0131r\u0131mlarn\u0131 celp et\u00fcv yollar\u0131n\u0131 ara\u015ft\u0131ra. L\u00e2kin bu yolda olmaycaq problemler yap\u0131la, daval\u0131 vaziyet meydan\u011fa ketirile ve neticede qolay \u00e7ezilebilecek meseleler y\u0131llarnen \u00e7ezilmey.<\/p>\n","protected":false},"excerpt":{"rendered":"<p>Sent\u00e2br 1 k\u00fcn\u00fc Qarasubazarda eki q\u0131r\u0131mtatar ve eki ukrain tilli gruppalardan ibaret \u21161 &#8220;Sevin\u00e7&#8221; balalar ba\u011f\u00e7as\u0131 a\u00e7\u0131ld\u0131. &#8220;Sevin\u00e7&#8221; balalar ba\u011f\u00e7as\u0131n\u0131\u00f1 tantanal\u0131 a\u00e7\u0131l\u0131\u015f\u0131nda Qarasuvbazar \u015feer yolba\u015f\u00e7\u0131s\u0131 Albert Kangiyev, Q\u0131r\u0131m Yuqar\u0131 \u015euras\u0131n\u0131\u00f1 deputat\u0131, Meclis reisini\u00f1 birinci muavini Refat \u00c7ubarov, Q\u0131r\u0131m Yuqar\u0131 \u015euras\u0131n\u0131\u00f1 deputat\u0131, &#8220;Maarif\u00e7i&#8221; q\u0131r\u0131mtatar tasil hadimleri birle\u015fmesini\u00f1 reisi Safure Kacametova, Qarasuvbazar rayon devlet memuriyetini\u00f1 reisi \u00d6leg [&hellip;]<\/p>\n","protected":false},"author":1,"featured_media":0,"comment_status":"open","ping_status":"open","sticky":false,"template":"","format":"standard","meta":{"inline_featured_image":false,"footnotes":""},"categories":[265],"tags":[],"class_list":["post-33827","post","type-post","status-publish","format-standard","hentry","category-haberler"],"acf":[],"yoast_head":"<!-- This site is optimized with the Yoast SEO plugin v27.4 - https:\/\/yoast.com\/product\/yoast-seo-wordpress\/ -->\n<title>Qarasubazarda \u00abSevin\u00e7\u00bb balalar ba\u011f\u00e7as\u0131 a\u00e7\u0131ld\u0131 - \u041c\u0435\u0434\u0436\u043b\u0456\u0441<\/title>\n<meta name=\"robots\" content=\"index, follow, max-snippet:-1, max-image-preview:large, max-video-preview:-1\" \/>\n<link rel=\"canonical\" href=\"https:\/\/qtmm.org\/qt\/qarasubazarda-sevinc-balalar-bagcasi-acildi\/\" \/>\n<meta property=\"og:locale\" content=\"en_US\" \/>\n<meta property=\"og:type\" content=\"article\" \/>\n<meta property=\"og:title\" content=\"Qarasubazarda \u00abSevin\u00e7\u00bb balalar ba\u011f\u00e7as\u0131 a\u00e7\u0131ld\u0131 - \u041c\u0435\u0434\u0436\u043b\u0456\u0441\" \/>\n<meta property=\"og:description\" content=\"Sent\u00e2br 1 k\u00fcn\u00fc Qarasubazarda eki q\u0131r\u0131mtatar ve eki ukrain tilli gruppalardan ibaret \u21161 &#8220;Sevin\u00e7&#8221; balalar ba\u011f\u00e7as\u0131 a\u00e7\u0131ld\u0131. &#8220;Sevin\u00e7&#8221; balalar ba\u011f\u00e7as\u0131n\u0131\u00f1 tantanal\u0131 a\u00e7\u0131l\u0131\u015f\u0131nda Qarasuvbazar \u015feer yolba\u015f\u00e7\u0131s\u0131 Albert Kangiyev, Q\u0131r\u0131m Yuqar\u0131 \u015euras\u0131n\u0131\u00f1 deputat\u0131, Meclis reisini\u00f1 birinci muavini Refat \u00c7ubarov, Q\u0131r\u0131m Yuqar\u0131 \u015euras\u0131n\u0131\u00f1 deputat\u0131, &#8220;Maarif\u00e7i&#8221; q\u0131r\u0131mtatar tasil hadimleri birle\u015fmesini\u00f1 reisi Safure Kacametova, Qarasuvbazar rayon devlet memuriyetini\u00f1 reisi \u00d6leg [&hellip;]\" \/>\n<meta property=\"og:url\" content=\"https:\/\/qtmm.org\/qt\/qarasubazarda-sevinc-balalar-bagcasi-acildi\/\" \/>\n<meta property=\"og:site_name\" content=\"\u041c\u0435\u0434\u0436\u043b\u0456\u0441\" \/>\n<meta property=\"article:publisher\" content=\"https:\/\/www.facebook.com\/qtmm.info\/\" \/>\n<meta property=\"article:published_time\" content=\"2012-09-02T21:11:00+00:00\" \/>\n<meta property=\"article:modified_time\" content=\"2022-01-21T21:12:24+00:00\" \/>\n<meta name=\"author\" content=\"Developer\" \/>\n<meta name=\"twitter:card\" content=\"summary_large_image\" \/>\n<meta name=\"twitter:label1\" content=\"Written by\" \/>\n\t<meta name=\"twitter:data1\" content=\"Developer\" \/>\n\t<meta name=\"twitter:label2\" content=\"Est. reading time\" \/>\n\t<meta name=\"twitter:data2\" content=\"3 minutes\" \/>\n<script type=\"application\/ld+json\" class=\"yoast-schema-graph\">{\"@context\":\"https:\\\/\\\/schema.org\",\"@graph\":[{\"@type\":\"Article\",\"@id\":\"https:\\\/\\\/qtmm.org\\\/qt\\\/qarasubazarda-sevinc-balalar-bagcasi-acildi\\\/#article\",\"isPartOf\":{\"@id\":\"https:\\\/\\\/qtmm.org\\\/qt\\\/qarasubazarda-sevinc-balalar-bagcasi-acildi\\\/\"},\"author\":{\"name\":\"Developer\",\"@id\":\"https:\\\/\\\/qtmm.org\\\/qt\\\/#\\\/schema\\\/person\\\/de562469f971dec226ac06e60bbf74a7\"},\"headline\":\"Qarasubazarda \u00abSevin\u00e7\u00bb balalar ba\u011f\u00e7as\u0131 a\u00e7\u0131ld\u0131\",\"datePublished\":\"2012-09-02T21:11:00+00:00\",\"dateModified\":\"2022-01-21T21:12:24+00:00\",\"mainEntityOfPage\":{\"@id\":\"https:\\\/\\\/qtmm.org\\\/qt\\\/qarasubazarda-sevinc-balalar-bagcasi-acildi\\\/\"},\"wordCount\":571,\"commentCount\":0,\"publisher\":{\"@id\":\"https:\\\/\\\/qtmm.org\\\/qt\\\/#organization\"},\"articleSection\":[\"Haberler\"],\"inLanguage\":\"qt\",\"potentialAction\":[{\"@type\":\"CommentAction\",\"name\":\"Comment\",\"target\":[\"https:\\\/\\\/qtmm.org\\\/qt\\\/qarasubazarda-sevinc-balalar-bagcasi-acildi\\\/#respond\"]}]},{\"@type\":\"WebPage\",\"@id\":\"https:\\\/\\\/qtmm.org\\\/qt\\\/qarasubazarda-sevinc-balalar-bagcasi-acildi\\\/\",\"url\":\"https:\\\/\\\/qtmm.org\\\/qt\\\/qarasubazarda-sevinc-balalar-bagcasi-acildi\\\/\",\"name\":\"Qarasubazarda \u00abSevin\u00e7\u00bb balalar ba\u011f\u00e7as\u0131 a\u00e7\u0131ld\u0131 - \u041c\u0435\u0434\u0436\u043b\u0456\u0441\",\"isPartOf\":{\"@id\":\"https:\\\/\\\/qtmm.org\\\/qt\\\/#website\"},\"datePublished\":\"2012-09-02T21:11:00+00:00\",\"dateModified\":\"2022-01-21T21:12:24+00:00\",\"breadcrumb\":{\"@id\":\"https:\\\/\\\/qtmm.org\\\/qt\\\/qarasubazarda-sevinc-balalar-bagcasi-acildi\\\/#breadcrumb\"},\"inLanguage\":\"qt\",\"potentialAction\":[{\"@type\":\"ReadAction\",\"target\":[\"https:\\\/\\\/qtmm.org\\\/qt\\\/qarasubazarda-sevinc-balalar-bagcasi-acildi\\\/\"]}]},{\"@type\":\"BreadcrumbList\",\"@id\":\"https:\\\/\\\/qtmm.org\\\/qt\\\/qarasubazarda-sevinc-balalar-bagcasi-acildi\\\/#breadcrumb\",\"itemListElement\":[{\"@type\":\"ListItem\",\"position\":1,\"name\":\"\u0413\u043e\u043b\u043e\u0432\u043d\u0430\",\"item\":\"https:\\\/\\\/qtmm.org\\\/qt\\\/\"},{\"@type\":\"ListItem\",\"position\":2,\"name\":\"Qarasubazarda \u00abSevin\u00e7\u00bb balalar ba\u011f\u00e7as\u0131 a\u00e7\u0131ld\u0131\"}]},{\"@type\":\"WebSite\",\"@id\":\"https:\\\/\\\/qtmm.org\\\/qt\\\/#website\",\"url\":\"https:\\\/\\\/qtmm.org\\\/qt\\\/\",\"name\":\"\u041c\u0435\u0434\u0436\u043b\u0456\u0441\",\"description\":\"\",\"publisher\":{\"@id\":\"https:\\\/\\\/qtmm.org\\\/qt\\\/#organization\"},\"potentialAction\":[{\"@type\":\"SearchAction\",\"target\":{\"@type\":\"EntryPoint\",\"urlTemplate\":\"https:\\\/\\\/qtmm.org\\\/qt\\\/?s={search_term_string}\"},\"query-input\":{\"@type\":\"PropertyValueSpecification\",\"valueRequired\":true,\"valueName\":\"search_term_string\"}}],\"inLanguage\":\"qt\"},{\"@type\":\"Organization\",\"@id\":\"https:\\\/\\\/qtmm.org\\\/qt\\\/#organization\",\"name\":\"\u041c\u0435\u0434\u0436\u043b\u0456\u0441\",\"url\":\"https:\\\/\\\/qtmm.org\\\/qt\\\/\",\"logo\":{\"@type\":\"ImageObject\",\"inLanguage\":\"qt\",\"@id\":\"https:\\\/\\\/qtmm.org\\\/qt\\\/#\\\/schema\\\/logo\\\/image\\\/\",\"url\":\"https:\\\/\\\/qtmm.org\\\/wp-content\\\/uploads\\\/2024\\\/12\\\/ua-mejlis-logo-rgb.svg\",\"contentUrl\":\"https:\\\/\\\/qtmm.org\\\/wp-content\\\/uploads\\\/2024\\\/12\\\/ua-mejlis-logo-rgb.svg\",\"caption\":\"\u041c\u0435\u0434\u0436\u043b\u0456\u0441\"},\"image\":{\"@id\":\"https:\\\/\\\/qtmm.org\\\/qt\\\/#\\\/schema\\\/logo\\\/image\\\/\"},\"sameAs\":[\"https:\\\/\\\/www.facebook.com\\\/qtmm.info\\\/\"]},{\"@type\":\"Person\",\"@id\":\"https:\\\/\\\/qtmm.org\\\/qt\\\/#\\\/schema\\\/person\\\/de562469f971dec226ac06e60bbf74a7\",\"name\":\"Developer\",\"image\":{\"@type\":\"ImageObject\",\"inLanguage\":\"qt\",\"@id\":\"https:\\\/\\\/secure.gravatar.com\\\/avatar\\\/392b4cc8fbfeb00b39dfeeab4ee6edded39ffd48e25858637e4765810300227e?s=96&d=mm&r=g\",\"url\":\"https:\\\/\\\/secure.gravatar.com\\\/avatar\\\/392b4cc8fbfeb00b39dfeeab4ee6edded39ffd48e25858637e4765810300227e?s=96&d=mm&r=g\",\"contentUrl\":\"https:\\\/\\\/secure.gravatar.com\\\/avatar\\\/392b4cc8fbfeb00b39dfeeab4ee6edded39ffd48e25858637e4765810300227e?s=96&d=mm&r=g\",\"caption\":\"Developer\"},\"url\":\"https:\\\/\\\/qtmm.org\\\/qt\\\/author\\\/Developer\\\/\"}]}<\/script>\n<!-- \/ Yoast SEO plugin. -->","yoast_head_json":{"title":"Qarasubazarda \u00abSevin\u00e7\u00bb balalar ba\u011f\u00e7as\u0131 a\u00e7\u0131ld\u0131 - \u041c\u0435\u0434\u0436\u043b\u0456\u0441","robots":{"index":"index","follow":"follow","max-snippet":"max-snippet:-1","max-image-preview":"max-image-preview:large","max-video-preview":"max-video-preview:-1"},"canonical":"https:\/\/qtmm.org\/qt\/qarasubazarda-sevinc-balalar-bagcasi-acildi\/","og_locale":"en_US","og_type":"article","og_title":"Qarasubazarda \u00abSevin\u00e7\u00bb balalar ba\u011f\u00e7as\u0131 a\u00e7\u0131ld\u0131 - \u041c\u0435\u0434\u0436\u043b\u0456\u0441","og_description":"Sent\u00e2br 1 k\u00fcn\u00fc Qarasubazarda eki q\u0131r\u0131mtatar ve eki ukrain tilli gruppalardan ibaret \u21161 &#8220;Sevin\u00e7&#8221; balalar ba\u011f\u00e7as\u0131 a\u00e7\u0131ld\u0131. &#8220;Sevin\u00e7&#8221; balalar ba\u011f\u00e7as\u0131n\u0131\u00f1 tantanal\u0131 a\u00e7\u0131l\u0131\u015f\u0131nda Qarasuvbazar \u015feer yolba\u015f\u00e7\u0131s\u0131 Albert Kangiyev, Q\u0131r\u0131m Yuqar\u0131 \u015euras\u0131n\u0131\u00f1 deputat\u0131, Meclis reisini\u00f1 birinci muavini Refat \u00c7ubarov, Q\u0131r\u0131m Yuqar\u0131 \u015euras\u0131n\u0131\u00f1 deputat\u0131, &#8220;Maarif\u00e7i&#8221; q\u0131r\u0131mtatar tasil hadimleri birle\u015fmesini\u00f1 reisi Safure Kacametova, Qarasuvbazar rayon devlet memuriyetini\u00f1 reisi \u00d6leg [&hellip;]","og_url":"https:\/\/qtmm.org\/qt\/qarasubazarda-sevinc-balalar-bagcasi-acildi\/","og_site_name":"\u041c\u0435\u0434\u0436\u043b\u0456\u0441","article_publisher":"https:\/\/www.facebook.com\/qtmm.info\/","article_published_time":"2012-09-02T21:11:00+00:00","article_modified_time":"2022-01-21T21:12:24+00:00","author":"Developer","twitter_card":"summary_large_image","twitter_misc":{"Written by":"Developer","Est. reading time":"3 minutes"},"schema":{"@context":"https:\/\/schema.org","@graph":[{"@type":"Article","@id":"https:\/\/qtmm.org\/qt\/qarasubazarda-sevinc-balalar-bagcasi-acildi\/#article","isPartOf":{"@id":"https:\/\/qtmm.org\/qt\/qarasubazarda-sevinc-balalar-bagcasi-acildi\/"},"author":{"name":"Developer","@id":"https:\/\/qtmm.org\/qt\/#\/schema\/person\/de562469f971dec226ac06e60bbf74a7"},"headline":"Qarasubazarda \u00abSevin\u00e7\u00bb balalar ba\u011f\u00e7as\u0131 a\u00e7\u0131ld\u0131","datePublished":"2012-09-02T21:11:00+00:00","dateModified":"2022-01-21T21:12:24+00:00","mainEntityOfPage":{"@id":"https:\/\/qtmm.org\/qt\/qarasubazarda-sevinc-balalar-bagcasi-acildi\/"},"wordCount":571,"commentCount":0,"publisher":{"@id":"https:\/\/qtmm.org\/qt\/#organization"},"articleSection":["Haberler"],"inLanguage":"qt","potentialAction":[{"@type":"CommentAction","name":"Comment","target":["https:\/\/qtmm.org\/qt\/qarasubazarda-sevinc-balalar-bagcasi-acildi\/#respond"]}]},{"@type":"WebPage","@id":"https:\/\/qtmm.org\/qt\/qarasubazarda-sevinc-balalar-bagcasi-acildi\/","url":"https:\/\/qtmm.org\/qt\/qarasubazarda-sevinc-balalar-bagcasi-acildi\/","name":"Qarasubazarda \u00abSevin\u00e7\u00bb balalar ba\u011f\u00e7as\u0131 a\u00e7\u0131ld\u0131 - \u041c\u0435\u0434\u0436\u043b\u0456\u0441","isPartOf":{"@id":"https:\/\/qtmm.org\/qt\/#website"},"datePublished":"2012-09-02T21:11:00+00:00","dateModified":"2022-01-21T21:12:24+00:00","breadcrumb":{"@id":"https:\/\/qtmm.org\/qt\/qarasubazarda-sevinc-balalar-bagcasi-acildi\/#breadcrumb"},"inLanguage":"qt","potentialAction":[{"@type":"ReadAction","target":["https:\/\/qtmm.org\/qt\/qarasubazarda-sevinc-balalar-bagcasi-acildi\/"]}]},{"@type":"BreadcrumbList","@id":"https:\/\/qtmm.org\/qt\/qarasubazarda-sevinc-balalar-bagcasi-acildi\/#breadcrumb","itemListElement":[{"@type":"ListItem","position":1,"name":"\u0413\u043e\u043b\u043e\u0432\u043d\u0430","item":"https:\/\/qtmm.org\/qt\/"},{"@type":"ListItem","position":2,"name":"Qarasubazarda \u00abSevin\u00e7\u00bb balalar ba\u011f\u00e7as\u0131 a\u00e7\u0131ld\u0131"}]},{"@type":"WebSite","@id":"https:\/\/qtmm.org\/qt\/#website","url":"https:\/\/qtmm.org\/qt\/","name":"\u041c\u0435\u0434\u0436\u043b\u0456\u0441","description":"","publisher":{"@id":"https:\/\/qtmm.org\/qt\/#organization"},"potentialAction":[{"@type":"SearchAction","target":{"@type":"EntryPoint","urlTemplate":"https:\/\/qtmm.org\/qt\/?s={search_term_string}"},"query-input":{"@type":"PropertyValueSpecification","valueRequired":true,"valueName":"search_term_string"}}],"inLanguage":"qt"},{"@type":"Organization","@id":"https:\/\/qtmm.org\/qt\/#organization","name":"\u041c\u0435\u0434\u0436\u043b\u0456\u0441","url":"https:\/\/qtmm.org\/qt\/","logo":{"@type":"ImageObject","inLanguage":"qt","@id":"https:\/\/qtmm.org\/qt\/#\/schema\/logo\/image\/","url":"https:\/\/qtmm.org\/wp-content\/uploads\/2024\/12\/ua-mejlis-logo-rgb.svg","contentUrl":"https:\/\/qtmm.org\/wp-content\/uploads\/2024\/12\/ua-mejlis-logo-rgb.svg","caption":"\u041c\u0435\u0434\u0436\u043b\u0456\u0441"},"image":{"@id":"https:\/\/qtmm.org\/qt\/#\/schema\/logo\/image\/"},"sameAs":["https:\/\/www.facebook.com\/qtmm.info\/"]},{"@type":"Person","@id":"https:\/\/qtmm.org\/qt\/#\/schema\/person\/de562469f971dec226ac06e60bbf74a7","name":"Developer","image":{"@type":"ImageObject","inLanguage":"qt","@id":"https:\/\/secure.gravatar.com\/avatar\/392b4cc8fbfeb00b39dfeeab4ee6edded39ffd48e25858637e4765810300227e?s=96&d=mm&r=g","url":"https:\/\/secure.gravatar.com\/avatar\/392b4cc8fbfeb00b39dfeeab4ee6edded39ffd48e25858637e4765810300227e?s=96&d=mm&r=g","contentUrl":"https:\/\/secure.gravatar.com\/avatar\/392b4cc8fbfeb00b39dfeeab4ee6edded39ffd48e25858637e4765810300227e?s=96&d=mm&r=g","caption":"Developer"},"url":"https:\/\/qtmm.org\/qt\/author\/Developer\/"}]}},"_links":{"self":[{"href":"https:\/\/qtmm.org\/qt\/wp-json\/wp\/v2\/posts\/33827","targetHints":{"allow":["GET"]}}],"collection":[{"href":"https:\/\/qtmm.org\/qt\/wp-json\/wp\/v2\/posts"}],"about":[{"href":"https:\/\/qtmm.org\/qt\/wp-json\/wp\/v2\/types\/post"}],"author":[{"embeddable":true,"href":"https:\/\/qtmm.org\/qt\/wp-json\/wp\/v2\/users\/1"}],"replies":[{"embeddable":true,"href":"https:\/\/qtmm.org\/qt\/wp-json\/wp\/v2\/comments?post=33827"}],"version-history":[{"count":1,"href":"https:\/\/qtmm.org\/qt\/wp-json\/wp\/v2\/posts\/33827\/revisions"}],"predecessor-version":[{"id":33828,"href":"https:\/\/qtmm.org\/qt\/wp-json\/wp\/v2\/posts\/33827\/revisions\/33828"}],"wp:attachment":[{"href":"https:\/\/qtmm.org\/qt\/wp-json\/wp\/v2\/media?parent=33827"}],"wp:term":[{"taxonomy":"category","embeddable":true,"href":"https:\/\/qtmm.org\/qt\/wp-json\/wp\/v2\/categories?post=33827"},{"taxonomy":"post_tag","embeddable":true,"href":"https:\/\/qtmm.org\/qt\/wp-json\/wp\/v2\/tags?post=33827"}],"curies":[{"name":"wp","href":"https:\/\/api.w.org\/{rel}","templated":true}]}}