




{"id":33803,"date":"2012-09-01T00:09:00","date_gmt":"2012-08-31T21:09:00","guid":{"rendered":"http:\/\/qtmm.org\/?p=33803"},"modified":"2022-01-22T00:10:22","modified_gmt":"2022-01-21T21:10:22","slug":"sentabr-1-bilgi-kunu","status":"publish","type":"post","link":"https:\/\/qtmm.org\/qt\/sentabr-1-bilgi-kunu\/","title":{"rendered":"Sent\u00e2br 1 \u2013 Bilgi k\u00fcn\u00fc"},"content":{"rendered":"\n<p>Sent\u00e2br 1-de Q\u0131r\u0131mn\u0131\u00f1 b\u00fct\u00fcn mekteplerinde Bilgi k\u00fcn\u00fcne ba\u011f\u0131\u015flan\u011fan tantanal\u0131 tedbirler \u00f6tkerildi.<\/p>\n\n\n\n<p>Evelki y\u0131llardakisi kibi Q\u0131r\u0131mtatar halq\u0131 Meclisini\u00f1 azalar\u0131 bu k\u00fcn\u00fc q\u0131r\u0131mtatar tilinde tasil berilgen mekteplerni ve milliy s\u0131n\u0131flar a\u00e7\u0131l\u011fan mekteplerni\u00f1 tantanlar\u0131nda i\u015ftirak ettiler. Meclis reisini\u00f1 birinci muavini Refat \u00c7ubarov Eski Q\u0131r\u0131mdaki 361 talebe oqu\u011fan ve olardan 35-i birinci s\u0131n\u0131f talebeleri ol\u011fan 2-nci sanl\u0131 mektepni ziyaret etti.<\/p>\n\n\n\n<p>Musafirler aras\u0131nda \u0130sl\u00e2m Terek regional meclis reisi Ekrem Abdulvaapov, Eski Q\u0131r\u0131m \u015feer meclisini\u00f1 reisi Dil\u00e2ver \u0130smailov, Eski Q\u0131r\u0131m musulman cemiyetini\u00f1 reisi Rasim Sadredinov, \u0130sl\u00e2m esaslar\u0131 derslerini bergen oca Re\u015fid Keles, \u015feer golovas\u0131 P\u00f6tr Kat\u00fck, \u0130sl\u00e2m Terek rayon devlet memuriyetini\u00f1 ba\u015f\u0131 Amet Halitov bar ediler.<\/p>\n\n\n\n<p>Belli ki Eski Q\u0131r\u0131mdaki q\u0131r\u0131mtatar tilinde oqut\u0131l\u011fan orta mektep 1995 senesi Eski Q\u0131r\u0131m \u015feer meclisi etraf\u0131nda birle\u015fken ana-babalar ve ocalarn\u0131\u00f1 \u011fayreti sayesinde a\u00e7\u0131ld\u0131. Mektepni\u00f1 a\u00e7\u0131lmas\u0131na salmaql\u0131 isse qo\u015fqan oca Ay\u015fe \u00c7abanova bug\u00fcn de \u015fu mektepke m\u00fcdirlik yapa.<\/p>\n\n\n\n<p>16 y\u0131l i\u00e7inde mektep pek \u00e7oq dostlarn\u0131, \u015fu c\u00fcmleden T\u00fcrkiye ve Poloniyadan, peyda etti. Dostlarn\u0131\u00f1 yard\u0131m\u0131nen mektep i\u00e7\u00fcn ay\u0131r\u0131l\u011fan bina tolus\u0131nen tamirlendi, s\u0131n\u0131f odalar\u0131 ise zarur e\u015fyalarnen, oquv qullanmalar\u0131nen, bilgisayarlar ile donat\u0131ld\u0131.<\/p>\n\n\n\n<p>Sent\u00e2br 1 tantanas\u0131n\u0131\u00f1 e\u00f1 eyecanl\u0131 daqqas\u0131 \u2013Ukraina ve diger devletlerni\u00f1 aliy oquv yurtlar\u0131na kirgen 2012 senesi mektep mezunlar\u0131n\u0131\u00f1 ve mektep bosa\u011fas\u0131n\u0131 ilki kere atla\u011fan kencelerni\u00f1 cedveli oqulmas\u0131 old\u0131.<\/p>\n\n\n\n<p>Tantanal\u0131 tedbirni\u00f1 so\u00f1unda mektep musafirleri ve memuriyet azalar\u0131n\u0131\u00f1 topla\u015fuv\u0131 ol\u0131p, onda mektepni\u00f1 birinci dereceli planlar\u0131, \u015fu c\u00fcmleden mektepte &#8220;K\u00fcre\u015f&#8221; sport sektsiyas\u0131n\u0131\u00f1 a\u00e7\u0131lmas\u0131 muzakere etildi. Bu munasebetnen mektep memuriyeti &#8220;K\u00fcre\u015f&#8221; Q\u0131r\u0131m federatsiyas\u0131na yard\u0131m sorap muracaat etti.<\/p>\n","protected":false},"excerpt":{"rendered":"<p>Sent\u00e2br 1-de Q\u0131r\u0131mn\u0131\u00f1 b\u00fct\u00fcn mekteplerinde Bilgi k\u00fcn\u00fcne ba\u011f\u0131\u015flan\u011fan tantanal\u0131 tedbirler \u00f6tkerildi. Evelki y\u0131llardakisi kibi Q\u0131r\u0131mtatar halq\u0131 Meclisini\u00f1 azalar\u0131 bu k\u00fcn\u00fc q\u0131r\u0131mtatar tilinde tasil berilgen mekteplerni ve milliy s\u0131n\u0131flar a\u00e7\u0131l\u011fan mekteplerni\u00f1 tantanlar\u0131nda i\u015ftirak ettiler. Meclis reisini\u00f1 birinci muavini Refat \u00c7ubarov Eski Q\u0131r\u0131mdaki 361 talebe oqu\u011fan ve olardan 35-i birinci s\u0131n\u0131f talebeleri ol\u011fan 2-nci sanl\u0131 mektepni ziyaret [&hellip;]<\/p>\n","protected":false},"author":1,"featured_media":0,"comment_status":"open","ping_status":"open","sticky":false,"template":"","format":"standard","meta":{"inline_featured_image":false,"footnotes":""},"categories":[265],"tags":[],"class_list":["post-33803","post","type-post","status-publish","format-standard","hentry","category-haberler"],"acf":[],"yoast_head":"<!-- This site is optimized with the Yoast SEO plugin v27.4 - https:\/\/yoast.com\/product\/yoast-seo-wordpress\/ -->\n<title>Sent\u00e2br 1 \u2013 Bilgi k\u00fcn\u00fc - \u041c\u0435\u0434\u0436\u043b\u0456\u0441<\/title>\n<meta name=\"robots\" content=\"index, follow, max-snippet:-1, max-image-preview:large, max-video-preview:-1\" \/>\n<link rel=\"canonical\" href=\"https:\/\/qtmm.org\/qt\/sentabr-1-bilgi-kunu\/\" \/>\n<meta property=\"og:locale\" content=\"en_US\" \/>\n<meta property=\"og:type\" content=\"article\" \/>\n<meta property=\"og:title\" content=\"Sent\u00e2br 1 \u2013 Bilgi k\u00fcn\u00fc - \u041c\u0435\u0434\u0436\u043b\u0456\u0441\" \/>\n<meta property=\"og:description\" content=\"Sent\u00e2br 1-de Q\u0131r\u0131mn\u0131\u00f1 b\u00fct\u00fcn mekteplerinde Bilgi k\u00fcn\u00fcne ba\u011f\u0131\u015flan\u011fan tantanal\u0131 tedbirler \u00f6tkerildi. Evelki y\u0131llardakisi kibi Q\u0131r\u0131mtatar halq\u0131 Meclisini\u00f1 azalar\u0131 bu k\u00fcn\u00fc q\u0131r\u0131mtatar tilinde tasil berilgen mekteplerni ve milliy s\u0131n\u0131flar a\u00e7\u0131l\u011fan mekteplerni\u00f1 tantanlar\u0131nda i\u015ftirak ettiler. Meclis reisini\u00f1 birinci muavini Refat \u00c7ubarov Eski Q\u0131r\u0131mdaki 361 talebe oqu\u011fan ve olardan 35-i birinci s\u0131n\u0131f talebeleri ol\u011fan 2-nci sanl\u0131 mektepni ziyaret [&hellip;]\" \/>\n<meta property=\"og:url\" content=\"https:\/\/qtmm.org\/qt\/sentabr-1-bilgi-kunu\/\" \/>\n<meta property=\"og:site_name\" content=\"\u041c\u0435\u0434\u0436\u043b\u0456\u0441\" \/>\n<meta property=\"article:publisher\" content=\"https:\/\/www.facebook.com\/qtmm.info\/\" \/>\n<meta property=\"article:published_time\" content=\"2012-08-31T21:09:00+00:00\" \/>\n<meta property=\"article:modified_time\" content=\"2022-01-21T21:10:22+00:00\" \/>\n<meta name=\"author\" content=\"Developer\" \/>\n<meta name=\"twitter:card\" content=\"summary_large_image\" \/>\n<meta name=\"twitter:label1\" content=\"Written by\" \/>\n\t<meta name=\"twitter:data1\" content=\"Developer\" \/>\n\t<meta name=\"twitter:label2\" content=\"Est. reading time\" \/>\n\t<meta name=\"twitter:data2\" content=\"2 minutes\" \/>\n<script type=\"application\/ld+json\" class=\"yoast-schema-graph\">{\"@context\":\"https:\\\/\\\/schema.org\",\"@graph\":[{\"@type\":\"Article\",\"@id\":\"https:\\\/\\\/qtmm.org\\\/qt\\\/sentabr-1-bilgi-kunu\\\/#article\",\"isPartOf\":{\"@id\":\"https:\\\/\\\/qtmm.org\\\/qt\\\/sentabr-1-bilgi-kunu\\\/\"},\"author\":{\"name\":\"Developer\",\"@id\":\"https:\\\/\\\/qtmm.org\\\/qt\\\/#\\\/schema\\\/person\\\/de562469f971dec226ac06e60bbf74a7\"},\"headline\":\"Sent\u00e2br 1 \u2013 Bilgi k\u00fcn\u00fc\",\"datePublished\":\"2012-08-31T21:09:00+00:00\",\"dateModified\":\"2022-01-21T21:10:22+00:00\",\"mainEntityOfPage\":{\"@id\":\"https:\\\/\\\/qtmm.org\\\/qt\\\/sentabr-1-bilgi-kunu\\\/\"},\"wordCount\":324,\"commentCount\":0,\"publisher\":{\"@id\":\"https:\\\/\\\/qtmm.org\\\/qt\\\/#organization\"},\"articleSection\":[\"Haberler\"],\"inLanguage\":\"qt\",\"potentialAction\":[{\"@type\":\"CommentAction\",\"name\":\"Comment\",\"target\":[\"https:\\\/\\\/qtmm.org\\\/qt\\\/sentabr-1-bilgi-kunu\\\/#respond\"]}]},{\"@type\":\"WebPage\",\"@id\":\"https:\\\/\\\/qtmm.org\\\/qt\\\/sentabr-1-bilgi-kunu\\\/\",\"url\":\"https:\\\/\\\/qtmm.org\\\/qt\\\/sentabr-1-bilgi-kunu\\\/\",\"name\":\"Sent\u00e2br 1 \u2013 Bilgi k\u00fcn\u00fc - \u041c\u0435\u0434\u0436\u043b\u0456\u0441\",\"isPartOf\":{\"@id\":\"https:\\\/\\\/qtmm.org\\\/qt\\\/#website\"},\"datePublished\":\"2012-08-31T21:09:00+00:00\",\"dateModified\":\"2022-01-21T21:10:22+00:00\",\"breadcrumb\":{\"@id\":\"https:\\\/\\\/qtmm.org\\\/qt\\\/sentabr-1-bilgi-kunu\\\/#breadcrumb\"},\"inLanguage\":\"qt\",\"potentialAction\":[{\"@type\":\"ReadAction\",\"target\":[\"https:\\\/\\\/qtmm.org\\\/qt\\\/sentabr-1-bilgi-kunu\\\/\"]}]},{\"@type\":\"BreadcrumbList\",\"@id\":\"https:\\\/\\\/qtmm.org\\\/qt\\\/sentabr-1-bilgi-kunu\\\/#breadcrumb\",\"itemListElement\":[{\"@type\":\"ListItem\",\"position\":1,\"name\":\"\u0413\u043e\u043b\u043e\u0432\u043d\u0430\",\"item\":\"https:\\\/\\\/qtmm.org\\\/qt\\\/\"},{\"@type\":\"ListItem\",\"position\":2,\"name\":\"Sent\u00e2br 1 \u2013 Bilgi k\u00fcn\u00fc\"}]},{\"@type\":\"WebSite\",\"@id\":\"https:\\\/\\\/qtmm.org\\\/qt\\\/#website\",\"url\":\"https:\\\/\\\/qtmm.org\\\/qt\\\/\",\"name\":\"\u041c\u0435\u0434\u0436\u043b\u0456\u0441\",\"description\":\"\",\"publisher\":{\"@id\":\"https:\\\/\\\/qtmm.org\\\/qt\\\/#organization\"},\"potentialAction\":[{\"@type\":\"SearchAction\",\"target\":{\"@type\":\"EntryPoint\",\"urlTemplate\":\"https:\\\/\\\/qtmm.org\\\/qt\\\/?s={search_term_string}\"},\"query-input\":{\"@type\":\"PropertyValueSpecification\",\"valueRequired\":true,\"valueName\":\"search_term_string\"}}],\"inLanguage\":\"qt\"},{\"@type\":\"Organization\",\"@id\":\"https:\\\/\\\/qtmm.org\\\/qt\\\/#organization\",\"name\":\"\u041c\u0435\u0434\u0436\u043b\u0456\u0441\",\"url\":\"https:\\\/\\\/qtmm.org\\\/qt\\\/\",\"logo\":{\"@type\":\"ImageObject\",\"inLanguage\":\"qt\",\"@id\":\"https:\\\/\\\/qtmm.org\\\/qt\\\/#\\\/schema\\\/logo\\\/image\\\/\",\"url\":\"https:\\\/\\\/qtmm.org\\\/wp-content\\\/uploads\\\/2024\\\/12\\\/ua-mejlis-logo-rgb.svg\",\"contentUrl\":\"https:\\\/\\\/qtmm.org\\\/wp-content\\\/uploads\\\/2024\\\/12\\\/ua-mejlis-logo-rgb.svg\",\"caption\":\"\u041c\u0435\u0434\u0436\u043b\u0456\u0441\"},\"image\":{\"@id\":\"https:\\\/\\\/qtmm.org\\\/qt\\\/#\\\/schema\\\/logo\\\/image\\\/\"},\"sameAs\":[\"https:\\\/\\\/www.facebook.com\\\/qtmm.info\\\/\"]},{\"@type\":\"Person\",\"@id\":\"https:\\\/\\\/qtmm.org\\\/qt\\\/#\\\/schema\\\/person\\\/de562469f971dec226ac06e60bbf74a7\",\"name\":\"Developer\",\"image\":{\"@type\":\"ImageObject\",\"inLanguage\":\"qt\",\"@id\":\"https:\\\/\\\/secure.gravatar.com\\\/avatar\\\/392b4cc8fbfeb00b39dfeeab4ee6edded39ffd48e25858637e4765810300227e?s=96&d=mm&r=g\",\"url\":\"https:\\\/\\\/secure.gravatar.com\\\/avatar\\\/392b4cc8fbfeb00b39dfeeab4ee6edded39ffd48e25858637e4765810300227e?s=96&d=mm&r=g\",\"contentUrl\":\"https:\\\/\\\/secure.gravatar.com\\\/avatar\\\/392b4cc8fbfeb00b39dfeeab4ee6edded39ffd48e25858637e4765810300227e?s=96&d=mm&r=g\",\"caption\":\"Developer\"},\"url\":\"https:\\\/\\\/qtmm.org\\\/qt\\\/author\\\/Developer\\\/\"}]}<\/script>\n<!-- \/ Yoast SEO plugin. -->","yoast_head_json":{"title":"Sent\u00e2br 1 \u2013 Bilgi k\u00fcn\u00fc - \u041c\u0435\u0434\u0436\u043b\u0456\u0441","robots":{"index":"index","follow":"follow","max-snippet":"max-snippet:-1","max-image-preview":"max-image-preview:large","max-video-preview":"max-video-preview:-1"},"canonical":"https:\/\/qtmm.org\/qt\/sentabr-1-bilgi-kunu\/","og_locale":"en_US","og_type":"article","og_title":"Sent\u00e2br 1 \u2013 Bilgi k\u00fcn\u00fc - \u041c\u0435\u0434\u0436\u043b\u0456\u0441","og_description":"Sent\u00e2br 1-de Q\u0131r\u0131mn\u0131\u00f1 b\u00fct\u00fcn mekteplerinde Bilgi k\u00fcn\u00fcne ba\u011f\u0131\u015flan\u011fan tantanal\u0131 tedbirler \u00f6tkerildi. Evelki y\u0131llardakisi kibi Q\u0131r\u0131mtatar halq\u0131 Meclisini\u00f1 azalar\u0131 bu k\u00fcn\u00fc q\u0131r\u0131mtatar tilinde tasil berilgen mekteplerni ve milliy s\u0131n\u0131flar a\u00e7\u0131l\u011fan mekteplerni\u00f1 tantanlar\u0131nda i\u015ftirak ettiler. Meclis reisini\u00f1 birinci muavini Refat \u00c7ubarov Eski Q\u0131r\u0131mdaki 361 talebe oqu\u011fan ve olardan 35-i birinci s\u0131n\u0131f talebeleri ol\u011fan 2-nci sanl\u0131 mektepni ziyaret [&hellip;]","og_url":"https:\/\/qtmm.org\/qt\/sentabr-1-bilgi-kunu\/","og_site_name":"\u041c\u0435\u0434\u0436\u043b\u0456\u0441","article_publisher":"https:\/\/www.facebook.com\/qtmm.info\/","article_published_time":"2012-08-31T21:09:00+00:00","article_modified_time":"2022-01-21T21:10:22+00:00","author":"Developer","twitter_card":"summary_large_image","twitter_misc":{"Written by":"Developer","Est. reading time":"2 minutes"},"schema":{"@context":"https:\/\/schema.org","@graph":[{"@type":"Article","@id":"https:\/\/qtmm.org\/qt\/sentabr-1-bilgi-kunu\/#article","isPartOf":{"@id":"https:\/\/qtmm.org\/qt\/sentabr-1-bilgi-kunu\/"},"author":{"name":"Developer","@id":"https:\/\/qtmm.org\/qt\/#\/schema\/person\/de562469f971dec226ac06e60bbf74a7"},"headline":"Sent\u00e2br 1 \u2013 Bilgi k\u00fcn\u00fc","datePublished":"2012-08-31T21:09:00+00:00","dateModified":"2022-01-21T21:10:22+00:00","mainEntityOfPage":{"@id":"https:\/\/qtmm.org\/qt\/sentabr-1-bilgi-kunu\/"},"wordCount":324,"commentCount":0,"publisher":{"@id":"https:\/\/qtmm.org\/qt\/#organization"},"articleSection":["Haberler"],"inLanguage":"qt","potentialAction":[{"@type":"CommentAction","name":"Comment","target":["https:\/\/qtmm.org\/qt\/sentabr-1-bilgi-kunu\/#respond"]}]},{"@type":"WebPage","@id":"https:\/\/qtmm.org\/qt\/sentabr-1-bilgi-kunu\/","url":"https:\/\/qtmm.org\/qt\/sentabr-1-bilgi-kunu\/","name":"Sent\u00e2br 1 \u2013 Bilgi k\u00fcn\u00fc - \u041c\u0435\u0434\u0436\u043b\u0456\u0441","isPartOf":{"@id":"https:\/\/qtmm.org\/qt\/#website"},"datePublished":"2012-08-31T21:09:00+00:00","dateModified":"2022-01-21T21:10:22+00:00","breadcrumb":{"@id":"https:\/\/qtmm.org\/qt\/sentabr-1-bilgi-kunu\/#breadcrumb"},"inLanguage":"qt","potentialAction":[{"@type":"ReadAction","target":["https:\/\/qtmm.org\/qt\/sentabr-1-bilgi-kunu\/"]}]},{"@type":"BreadcrumbList","@id":"https:\/\/qtmm.org\/qt\/sentabr-1-bilgi-kunu\/#breadcrumb","itemListElement":[{"@type":"ListItem","position":1,"name":"\u0413\u043e\u043b\u043e\u0432\u043d\u0430","item":"https:\/\/qtmm.org\/qt\/"},{"@type":"ListItem","position":2,"name":"Sent\u00e2br 1 \u2013 Bilgi k\u00fcn\u00fc"}]},{"@type":"WebSite","@id":"https:\/\/qtmm.org\/qt\/#website","url":"https:\/\/qtmm.org\/qt\/","name":"\u041c\u0435\u0434\u0436\u043b\u0456\u0441","description":"","publisher":{"@id":"https:\/\/qtmm.org\/qt\/#organization"},"potentialAction":[{"@type":"SearchAction","target":{"@type":"EntryPoint","urlTemplate":"https:\/\/qtmm.org\/qt\/?s={search_term_string}"},"query-input":{"@type":"PropertyValueSpecification","valueRequired":true,"valueName":"search_term_string"}}],"inLanguage":"qt"},{"@type":"Organization","@id":"https:\/\/qtmm.org\/qt\/#organization","name":"\u041c\u0435\u0434\u0436\u043b\u0456\u0441","url":"https:\/\/qtmm.org\/qt\/","logo":{"@type":"ImageObject","inLanguage":"qt","@id":"https:\/\/qtmm.org\/qt\/#\/schema\/logo\/image\/","url":"https:\/\/qtmm.org\/wp-content\/uploads\/2024\/12\/ua-mejlis-logo-rgb.svg","contentUrl":"https:\/\/qtmm.org\/wp-content\/uploads\/2024\/12\/ua-mejlis-logo-rgb.svg","caption":"\u041c\u0435\u0434\u0436\u043b\u0456\u0441"},"image":{"@id":"https:\/\/qtmm.org\/qt\/#\/schema\/logo\/image\/"},"sameAs":["https:\/\/www.facebook.com\/qtmm.info\/"]},{"@type":"Person","@id":"https:\/\/qtmm.org\/qt\/#\/schema\/person\/de562469f971dec226ac06e60bbf74a7","name":"Developer","image":{"@type":"ImageObject","inLanguage":"qt","@id":"https:\/\/secure.gravatar.com\/avatar\/392b4cc8fbfeb00b39dfeeab4ee6edded39ffd48e25858637e4765810300227e?s=96&d=mm&r=g","url":"https:\/\/secure.gravatar.com\/avatar\/392b4cc8fbfeb00b39dfeeab4ee6edded39ffd48e25858637e4765810300227e?s=96&d=mm&r=g","contentUrl":"https:\/\/secure.gravatar.com\/avatar\/392b4cc8fbfeb00b39dfeeab4ee6edded39ffd48e25858637e4765810300227e?s=96&d=mm&r=g","caption":"Developer"},"url":"https:\/\/qtmm.org\/qt\/author\/Developer\/"}]}},"_links":{"self":[{"href":"https:\/\/qtmm.org\/qt\/wp-json\/wp\/v2\/posts\/33803","targetHints":{"allow":["GET"]}}],"collection":[{"href":"https:\/\/qtmm.org\/qt\/wp-json\/wp\/v2\/posts"}],"about":[{"href":"https:\/\/qtmm.org\/qt\/wp-json\/wp\/v2\/types\/post"}],"author":[{"embeddable":true,"href":"https:\/\/qtmm.org\/qt\/wp-json\/wp\/v2\/users\/1"}],"replies":[{"embeddable":true,"href":"https:\/\/qtmm.org\/qt\/wp-json\/wp\/v2\/comments?post=33803"}],"version-history":[{"count":1,"href":"https:\/\/qtmm.org\/qt\/wp-json\/wp\/v2\/posts\/33803\/revisions"}],"predecessor-version":[{"id":33808,"href":"https:\/\/qtmm.org\/qt\/wp-json\/wp\/v2\/posts\/33803\/revisions\/33808"}],"wp:attachment":[{"href":"https:\/\/qtmm.org\/qt\/wp-json\/wp\/v2\/media?parent=33803"}],"wp:term":[{"taxonomy":"category","embeddable":true,"href":"https:\/\/qtmm.org\/qt\/wp-json\/wp\/v2\/categories?post=33803"},{"taxonomy":"post_tag","embeddable":true,"href":"https:\/\/qtmm.org\/qt\/wp-json\/wp\/v2\/tags?post=33803"}],"curies":[{"name":"wp","href":"https:\/\/api.w.org\/{rel}","templated":true}]}}