




{"id":33762,"date":"2012-09-01T00:07:00","date_gmt":"2012-08-31T21:07:00","guid":{"rendered":"http:\/\/qtmm.org\/?p=33762"},"modified":"2022-01-22T00:08:41","modified_gmt":"2022-01-21T21:08:41","slug":"meclis-reisi-mustafa-cemilev-ukrainanin-en-nufuzli-100-adami-sirasinda","status":"publish","type":"post","link":"https:\/\/qtmm.org\/qt\/meclis-reisi-mustafa-cemilev-ukrainanin-en-nufuzli-100-adami-sirasinda\/","title":{"rendered":"Meclis reisi Mustafa Cemilev &#8211; Ukrainan\u0131\u00f1 e\u00f1 nufuzl\u0131 100 adam\u0131 s\u0131ras\u0131nda"},"content":{"rendered":"\n<p><a rel=\"noreferrer noopener\" href=\"http:\/\/korrespondent.net\/ukraine\/politics\/1389595-top-100-izdaniya-korrespondent-polnyj-spisok-samyh-vliyatelnyh-lyudej-ukrainy\" target=\"_blank\">\u00abKorrespondent\u00bb<\/a>\u00a0mecmuas\u0131 TOP -100 er y\u0131ll\u0131q leyha \u00e7er\u00e7ivesinde Ukrainan\u0131\u00f1 e\u00f1 nufuzl\u0131 100 adam\u0131n\u0131\u00f1 adlar\u0131n\u0131 seslendirdi<\/p>\n\n\n\n<p>Reytingge Ukraina Prezidenti Viktor Yanukovi\u00e7 yetek\u00e7ilik yapa.<\/p>\n\n\n\n<p>Mecmuan\u0131\u00f1 versiyas\u0131 boyunca ekinci yerde ukrain i\u015f adam\u0131 Rinat Ahmetov, \u00fc\u00e7\u00fcnci yerge ise ke\u00e7ken senede ol\u011fan\u0131 kibi Prezident memuriyetini\u00f1 ba\u015f\u0131 Sergey L\u00f6vo\u00e7kin k\u00f6terildi, d\u00f6rt\u00fcnci yerde \u2013 MAKO holdingni\u00f1 saibi, Prezidentni\u00f1 \u00fcyken o\u011flu Aleksandr Yanukovi\u00e7tir. Group DF direktorlar ke\u00f1e\u015fini\u00f1 ba\u015f\u0131 Dmitriy Firta\u015f be\u015finci yerni ald\u0131.<\/p>\n\n\n\n<p>Y\u00fcz nufuzl\u0131 insan s\u0131ras\u0131na Ukraina halq deputat\u0131, Q\u0131r\u0131mtatar halq\u0131 Meclisini\u00f1 reisi Mustaf\u0131 Cemilev de kirdi. O, 76-nci yerde. On\u0131\u00f1 reytingi ke\u00e7ken y\u0131ldakisine k\u00f6re \u00fc\u00e7 noqta t\u00f6pege k\u00f6terildi, ke\u00e7ken sene o, 79-nc\u0131 yerde edi.<\/p>\n\n\n\n<p>TOP -100 s\u0131ras\u0131na q\u0131r\u0131ml\u0131lardan Q\u0131r\u0131m Nazirler \u015furas\u0131n\u0131\u00f1 reisi Anatoliy Mogilev kirip, 57-nci yerni ald\u0131.On\u0131\u00f1 reytingi bu y\u0131l\u0131 46 noqta\u011fa a\u015fa\u011f\u0131 endi.<\/p>\n\n\n\n<p>Ukrainan\u0131\u00f1 sab\u0131q ba\u015f naziri Yuliya Timo\u015fenko 13-nci yerde, &#8220;Front Zmin&#8221;(De\u00f1i\u015fmeler cebesi) partiyas\u0131n\u0131\u00f1 lideri Arseniy Yatsen\u00fck 9-nci yerni i\u015f\u011fal etti.<\/p>\n\n\n\n<p><em>Nufuzl\u0131 insanlarn\u0131 se\u00e7\u00fcvde &#8220;Korrespondent&#8221; mecmuas\u0131 siyaset\u00e7ilerni\u00f1 k\u00fctle aras\u0131nda itibar\u0131, memleket \u00f6m\u00fcrine tesir seviyesi, i\u015f adamlar\u0131n\u0131\u00f1 saip old\u0131\u011f\u0131 ve idare ettigi kompaniyalarn\u0131\u00f1 k\u00f6lemi, medeniyet ve sport erbaplar\u0131n\u0131\u00f1 ise m\u00fchlisleri aras\u0131nda sevgi qazanmas\u0131n\u0131 esapqa ald\u0131.<\/em><\/p>\n\n\n\n<p><em>B\u00f6yleliknen, dep yaza &#8220;Korrespondent&#8221; mecmuas\u0131 TOP-100 reytingi \u2013 ekspertlerni\u00f1 fikirine bazan\u011fan mecmua muarririyetini\u00f1 qarar\u0131d\u0131r. Ekspertler cevdelinde Vaziyetni \u015fekillendir\u00fcv agentligini\u00f1 direktor\u0131 Vitaliy Bala, Berta Communications kompaniyas\u0131 personal ve strategik konsalting m\u00fcdiri Taras Berezovets, Ukraina siyaseti institut\u0131 idaresini\u00f1 ba\u015f\u0131 K\u00f6st Bondarenko, Londrada Ukraina institut\u0131n\u0131\u00f1 direktor\u0131 Andrey G\u00fcnder, Dragon Capital yat\u0131r\u0131m kompaniyas\u0131n\u0131\u00f1 ortaq direktor\u0131 Toma\u015f Fiala bulunmaqtalar.<\/em><\/p>\n\n\n\n<figure class=\"wp-block-image size-full\"><img loading=\"lazy\" decoding=\"async\" width=\"312\" height=\"800\" src=\"http:\/\/qtmm.org\/wp-content\/uploads\/2022\/01\/kor_04.jpeg\" alt=\"\" class=\"wp-image-33768\" srcset=\"https:\/\/qtmm.org\/wp-content\/uploads\/2022\/01\/kor_04.jpeg 312w, https:\/\/qtmm.org\/wp-content\/uploads\/2022\/01\/kor_04-117x300.jpeg 117w\" sizes=\"auto, (max-width: 312px) 100vw, 312px\" \/><\/figure>\n","protected":false},"excerpt":{"rendered":"<p>\u00abKorrespondent\u00bb\u00a0mecmuas\u0131 TOP -100 er y\u0131ll\u0131q leyha \u00e7er\u00e7ivesinde Ukrainan\u0131\u00f1 e\u00f1 nufuzl\u0131 100 adam\u0131n\u0131\u00f1 adlar\u0131n\u0131 seslendirdi Reytingge Ukraina Prezidenti Viktor Yanukovi\u00e7 yetek\u00e7ilik yapa. Mecmuan\u0131\u00f1 versiyas\u0131 boyunca ekinci yerde ukrain i\u015f adam\u0131 Rinat Ahmetov, \u00fc\u00e7\u00fcnci yerge ise ke\u00e7ken senede ol\u011fan\u0131 kibi Prezident memuriyetini\u00f1 ba\u015f\u0131 Sergey L\u00f6vo\u00e7kin k\u00f6terildi, d\u00f6rt\u00fcnci yerde \u2013 MAKO holdingni\u00f1 saibi, Prezidentni\u00f1 \u00fcyken o\u011flu Aleksandr Yanukovi\u00e7tir. [&hellip;]<\/p>\n","protected":false},"author":1,"featured_media":33763,"comment_status":"open","ping_status":"open","sticky":false,"template":"","format":"standard","meta":{"inline_featured_image":false,"footnotes":""},"categories":[265],"tags":[],"class_list":["post-33762","post","type-post","status-publish","format-standard","has-post-thumbnail","hentry","category-haberler"],"acf":[],"yoast_head":"<!-- This site is optimized with the Yoast SEO plugin v27.4 - https:\/\/yoast.com\/product\/yoast-seo-wordpress\/ -->\n<title>Meclis reisi Mustafa Cemilev - Ukrainan\u0131\u00f1 e\u00f1 nufuzl\u0131 100 adam\u0131 s\u0131ras\u0131nda - \u041c\u0435\u0434\u0436\u043b\u0456\u0441<\/title>\n<meta name=\"robots\" content=\"index, follow, max-snippet:-1, max-image-preview:large, max-video-preview:-1\" \/>\n<link rel=\"canonical\" href=\"https:\/\/qtmm.org\/qt\/meclis-reisi-mustafa-cemilev-ukrainanin-en-nufuzli-100-adami-sirasinda\/\" \/>\n<meta property=\"og:locale\" content=\"en_US\" \/>\n<meta property=\"og:type\" content=\"article\" \/>\n<meta property=\"og:title\" content=\"Meclis reisi Mustafa Cemilev - Ukrainan\u0131\u00f1 e\u00f1 nufuzl\u0131 100 adam\u0131 s\u0131ras\u0131nda - \u041c\u0435\u0434\u0436\u043b\u0456\u0441\" \/>\n<meta property=\"og:description\" content=\"\u00abKorrespondent\u00bb\u00a0mecmuas\u0131 TOP -100 er y\u0131ll\u0131q leyha \u00e7er\u00e7ivesinde Ukrainan\u0131\u00f1 e\u00f1 nufuzl\u0131 100 adam\u0131n\u0131\u00f1 adlar\u0131n\u0131 seslendirdi Reytingge Ukraina Prezidenti Viktor Yanukovi\u00e7 yetek\u00e7ilik yapa. Mecmuan\u0131\u00f1 versiyas\u0131 boyunca ekinci yerde ukrain i\u015f adam\u0131 Rinat Ahmetov, \u00fc\u00e7\u00fcnci yerge ise ke\u00e7ken senede ol\u011fan\u0131 kibi Prezident memuriyetini\u00f1 ba\u015f\u0131 Sergey L\u00f6vo\u00e7kin k\u00f6terildi, d\u00f6rt\u00fcnci yerde \u2013 MAKO holdingni\u00f1 saibi, Prezidentni\u00f1 \u00fcyken o\u011flu Aleksandr Yanukovi\u00e7tir. [&hellip;]\" \/>\n<meta property=\"og:url\" content=\"https:\/\/qtmm.org\/qt\/meclis-reisi-mustafa-cemilev-ukrainanin-en-nufuzli-100-adami-sirasinda\/\" \/>\n<meta property=\"og:site_name\" content=\"\u041c\u0435\u0434\u0436\u043b\u0456\u0441\" \/>\n<meta property=\"article:publisher\" content=\"https:\/\/www.facebook.com\/qtmm.info\/\" \/>\n<meta property=\"article:published_time\" content=\"2012-08-31T21:07:00+00:00\" \/>\n<meta property=\"article:modified_time\" content=\"2022-01-21T21:08:41+00:00\" \/>\n<meta property=\"og:image\" content=\"https:\/\/qtmm.org\/wp-content\/uploads\/2022\/01\/1346401620.35-1.jpg\" \/>\n\t<meta property=\"og:image:width\" content=\"800\" \/>\n\t<meta property=\"og:image:height\" content=\"600\" \/>\n\t<meta property=\"og:image:type\" content=\"image\/jpeg\" \/>\n<meta name=\"author\" content=\"Developer\" \/>\n<meta name=\"twitter:card\" content=\"summary_large_image\" \/>\n<meta name=\"twitter:label1\" content=\"Written by\" \/>\n\t<meta name=\"twitter:data1\" content=\"Developer\" \/>\n\t<meta name=\"twitter:label2\" content=\"Est. reading time\" \/>\n\t<meta name=\"twitter:data2\" content=\"1 minute\" \/>\n<script type=\"application\/ld+json\" class=\"yoast-schema-graph\">{\"@context\":\"https:\\\/\\\/schema.org\",\"@graph\":[{\"@type\":\"Article\",\"@id\":\"https:\\\/\\\/qtmm.org\\\/qt\\\/meclis-reisi-mustafa-cemilev-ukrainanin-en-nufuzli-100-adami-sirasinda\\\/#article\",\"isPartOf\":{\"@id\":\"https:\\\/\\\/qtmm.org\\\/qt\\\/meclis-reisi-mustafa-cemilev-ukrainanin-en-nufuzli-100-adami-sirasinda\\\/\"},\"author\":{\"name\":\"Developer\",\"@id\":\"https:\\\/\\\/qtmm.org\\\/qt\\\/#\\\/schema\\\/person\\\/de562469f971dec226ac06e60bbf74a7\"},\"headline\":\"Meclis reisi Mustafa Cemilev &#8211; Ukrainan\u0131\u00f1 e\u00f1 nufuzl\u0131 100 adam\u0131 s\u0131ras\u0131nda\",\"datePublished\":\"2012-08-31T21:07:00+00:00\",\"dateModified\":\"2022-01-21T21:08:41+00:00\",\"mainEntityOfPage\":{\"@id\":\"https:\\\/\\\/qtmm.org\\\/qt\\\/meclis-reisi-mustafa-cemilev-ukrainanin-en-nufuzli-100-adami-sirasinda\\\/\"},\"wordCount\":305,\"commentCount\":0,\"publisher\":{\"@id\":\"https:\\\/\\\/qtmm.org\\\/qt\\\/#organization\"},\"image\":{\"@id\":\"https:\\\/\\\/qtmm.org\\\/qt\\\/meclis-reisi-mustafa-cemilev-ukrainanin-en-nufuzli-100-adami-sirasinda\\\/#primaryimage\"},\"thumbnailUrl\":\"https:\\\/\\\/qtmm.org\\\/wp-content\\\/uploads\\\/2022\\\/01\\\/1346401620.35-1.jpg\",\"articleSection\":[\"Haberler\"],\"inLanguage\":\"qt\",\"potentialAction\":[{\"@type\":\"CommentAction\",\"name\":\"Comment\",\"target\":[\"https:\\\/\\\/qtmm.org\\\/qt\\\/meclis-reisi-mustafa-cemilev-ukrainanin-en-nufuzli-100-adami-sirasinda\\\/#respond\"]}]},{\"@type\":\"WebPage\",\"@id\":\"https:\\\/\\\/qtmm.org\\\/qt\\\/meclis-reisi-mustafa-cemilev-ukrainanin-en-nufuzli-100-adami-sirasinda\\\/\",\"url\":\"https:\\\/\\\/qtmm.org\\\/qt\\\/meclis-reisi-mustafa-cemilev-ukrainanin-en-nufuzli-100-adami-sirasinda\\\/\",\"name\":\"Meclis reisi Mustafa Cemilev - Ukrainan\u0131\u00f1 e\u00f1 nufuzl\u0131 100 adam\u0131 s\u0131ras\u0131nda - \u041c\u0435\u0434\u0436\u043b\u0456\u0441\",\"isPartOf\":{\"@id\":\"https:\\\/\\\/qtmm.org\\\/qt\\\/#website\"},\"primaryImageOfPage\":{\"@id\":\"https:\\\/\\\/qtmm.org\\\/qt\\\/meclis-reisi-mustafa-cemilev-ukrainanin-en-nufuzli-100-adami-sirasinda\\\/#primaryimage\"},\"image\":{\"@id\":\"https:\\\/\\\/qtmm.org\\\/qt\\\/meclis-reisi-mustafa-cemilev-ukrainanin-en-nufuzli-100-adami-sirasinda\\\/#primaryimage\"},\"thumbnailUrl\":\"https:\\\/\\\/qtmm.org\\\/wp-content\\\/uploads\\\/2022\\\/01\\\/1346401620.35-1.jpg\",\"datePublished\":\"2012-08-31T21:07:00+00:00\",\"dateModified\":\"2022-01-21T21:08:41+00:00\",\"breadcrumb\":{\"@id\":\"https:\\\/\\\/qtmm.org\\\/qt\\\/meclis-reisi-mustafa-cemilev-ukrainanin-en-nufuzli-100-adami-sirasinda\\\/#breadcrumb\"},\"inLanguage\":\"qt\",\"potentialAction\":[{\"@type\":\"ReadAction\",\"target\":[\"https:\\\/\\\/qtmm.org\\\/qt\\\/meclis-reisi-mustafa-cemilev-ukrainanin-en-nufuzli-100-adami-sirasinda\\\/\"]}]},{\"@type\":\"ImageObject\",\"inLanguage\":\"qt\",\"@id\":\"https:\\\/\\\/qtmm.org\\\/qt\\\/meclis-reisi-mustafa-cemilev-ukrainanin-en-nufuzli-100-adami-sirasinda\\\/#primaryimage\",\"url\":\"https:\\\/\\\/qtmm.org\\\/wp-content\\\/uploads\\\/2022\\\/01\\\/1346401620.35-1.jpg\",\"contentUrl\":\"https:\\\/\\\/qtmm.org\\\/wp-content\\\/uploads\\\/2022\\\/01\\\/1346401620.35-1.jpg\",\"width\":800,\"height\":600},{\"@type\":\"BreadcrumbList\",\"@id\":\"https:\\\/\\\/qtmm.org\\\/qt\\\/meclis-reisi-mustafa-cemilev-ukrainanin-en-nufuzli-100-adami-sirasinda\\\/#breadcrumb\",\"itemListElement\":[{\"@type\":\"ListItem\",\"position\":1,\"name\":\"\u0413\u043e\u043b\u043e\u0432\u043d\u0430\",\"item\":\"https:\\\/\\\/qtmm.org\\\/qt\\\/\"},{\"@type\":\"ListItem\",\"position\":2,\"name\":\"Meclis reisi Mustafa Cemilev &#8211; Ukrainan\u0131\u00f1 e\u00f1 nufuzl\u0131 100 adam\u0131 s\u0131ras\u0131nda\"}]},{\"@type\":\"WebSite\",\"@id\":\"https:\\\/\\\/qtmm.org\\\/qt\\\/#website\",\"url\":\"https:\\\/\\\/qtmm.org\\\/qt\\\/\",\"name\":\"\u041c\u0435\u0434\u0436\u043b\u0456\u0441\",\"description\":\"\",\"publisher\":{\"@id\":\"https:\\\/\\\/qtmm.org\\\/qt\\\/#organization\"},\"potentialAction\":[{\"@type\":\"SearchAction\",\"target\":{\"@type\":\"EntryPoint\",\"urlTemplate\":\"https:\\\/\\\/qtmm.org\\\/qt\\\/?s={search_term_string}\"},\"query-input\":{\"@type\":\"PropertyValueSpecification\",\"valueRequired\":true,\"valueName\":\"search_term_string\"}}],\"inLanguage\":\"qt\"},{\"@type\":\"Organization\",\"@id\":\"https:\\\/\\\/qtmm.org\\\/qt\\\/#organization\",\"name\":\"\u041c\u0435\u0434\u0436\u043b\u0456\u0441\",\"url\":\"https:\\\/\\\/qtmm.org\\\/qt\\\/\",\"logo\":{\"@type\":\"ImageObject\",\"inLanguage\":\"qt\",\"@id\":\"https:\\\/\\\/qtmm.org\\\/qt\\\/#\\\/schema\\\/logo\\\/image\\\/\",\"url\":\"https:\\\/\\\/qtmm.org\\\/wp-content\\\/uploads\\\/2024\\\/12\\\/ua-mejlis-logo-rgb.svg\",\"contentUrl\":\"https:\\\/\\\/qtmm.org\\\/wp-content\\\/uploads\\\/2024\\\/12\\\/ua-mejlis-logo-rgb.svg\",\"caption\":\"\u041c\u0435\u0434\u0436\u043b\u0456\u0441\"},\"image\":{\"@id\":\"https:\\\/\\\/qtmm.org\\\/qt\\\/#\\\/schema\\\/logo\\\/image\\\/\"},\"sameAs\":[\"https:\\\/\\\/www.facebook.com\\\/qtmm.info\\\/\"]},{\"@type\":\"Person\",\"@id\":\"https:\\\/\\\/qtmm.org\\\/qt\\\/#\\\/schema\\\/person\\\/de562469f971dec226ac06e60bbf74a7\",\"name\":\"Developer\",\"image\":{\"@type\":\"ImageObject\",\"inLanguage\":\"qt\",\"@id\":\"https:\\\/\\\/secure.gravatar.com\\\/avatar\\\/392b4cc8fbfeb00b39dfeeab4ee6edded39ffd48e25858637e4765810300227e?s=96&d=mm&r=g\",\"url\":\"https:\\\/\\\/secure.gravatar.com\\\/avatar\\\/392b4cc8fbfeb00b39dfeeab4ee6edded39ffd48e25858637e4765810300227e?s=96&d=mm&r=g\",\"contentUrl\":\"https:\\\/\\\/secure.gravatar.com\\\/avatar\\\/392b4cc8fbfeb00b39dfeeab4ee6edded39ffd48e25858637e4765810300227e?s=96&d=mm&r=g\",\"caption\":\"Developer\"},\"url\":\"https:\\\/\\\/qtmm.org\\\/qt\\\/author\\\/Developer\\\/\"}]}<\/script>\n<!-- \/ Yoast SEO plugin. -->","yoast_head_json":{"title":"Meclis reisi Mustafa Cemilev - Ukrainan\u0131\u00f1 e\u00f1 nufuzl\u0131 100 adam\u0131 s\u0131ras\u0131nda - \u041c\u0435\u0434\u0436\u043b\u0456\u0441","robots":{"index":"index","follow":"follow","max-snippet":"max-snippet:-1","max-image-preview":"max-image-preview:large","max-video-preview":"max-video-preview:-1"},"canonical":"https:\/\/qtmm.org\/qt\/meclis-reisi-mustafa-cemilev-ukrainanin-en-nufuzli-100-adami-sirasinda\/","og_locale":"en_US","og_type":"article","og_title":"Meclis reisi Mustafa Cemilev - Ukrainan\u0131\u00f1 e\u00f1 nufuzl\u0131 100 adam\u0131 s\u0131ras\u0131nda - \u041c\u0435\u0434\u0436\u043b\u0456\u0441","og_description":"\u00abKorrespondent\u00bb\u00a0mecmuas\u0131 TOP -100 er y\u0131ll\u0131q leyha \u00e7er\u00e7ivesinde Ukrainan\u0131\u00f1 e\u00f1 nufuzl\u0131 100 adam\u0131n\u0131\u00f1 adlar\u0131n\u0131 seslendirdi Reytingge Ukraina Prezidenti Viktor Yanukovi\u00e7 yetek\u00e7ilik yapa. Mecmuan\u0131\u00f1 versiyas\u0131 boyunca ekinci yerde ukrain i\u015f adam\u0131 Rinat Ahmetov, \u00fc\u00e7\u00fcnci yerge ise ke\u00e7ken senede ol\u011fan\u0131 kibi Prezident memuriyetini\u00f1 ba\u015f\u0131 Sergey L\u00f6vo\u00e7kin k\u00f6terildi, d\u00f6rt\u00fcnci yerde \u2013 MAKO holdingni\u00f1 saibi, Prezidentni\u00f1 \u00fcyken o\u011flu Aleksandr Yanukovi\u00e7tir. [&hellip;]","og_url":"https:\/\/qtmm.org\/qt\/meclis-reisi-mustafa-cemilev-ukrainanin-en-nufuzli-100-adami-sirasinda\/","og_site_name":"\u041c\u0435\u0434\u0436\u043b\u0456\u0441","article_publisher":"https:\/\/www.facebook.com\/qtmm.info\/","article_published_time":"2012-08-31T21:07:00+00:00","article_modified_time":"2022-01-21T21:08:41+00:00","og_image":[{"width":800,"height":600,"url":"https:\/\/qtmm.org\/wp-content\/uploads\/2022\/01\/1346401620.35-1.jpg","type":"image\/jpeg"}],"author":"Developer","twitter_card":"summary_large_image","twitter_misc":{"Written by":"Developer","Est. reading time":"1 minute"},"schema":{"@context":"https:\/\/schema.org","@graph":[{"@type":"Article","@id":"https:\/\/qtmm.org\/qt\/meclis-reisi-mustafa-cemilev-ukrainanin-en-nufuzli-100-adami-sirasinda\/#article","isPartOf":{"@id":"https:\/\/qtmm.org\/qt\/meclis-reisi-mustafa-cemilev-ukrainanin-en-nufuzli-100-adami-sirasinda\/"},"author":{"name":"Developer","@id":"https:\/\/qtmm.org\/qt\/#\/schema\/person\/de562469f971dec226ac06e60bbf74a7"},"headline":"Meclis reisi Mustafa Cemilev &#8211; Ukrainan\u0131\u00f1 e\u00f1 nufuzl\u0131 100 adam\u0131 s\u0131ras\u0131nda","datePublished":"2012-08-31T21:07:00+00:00","dateModified":"2022-01-21T21:08:41+00:00","mainEntityOfPage":{"@id":"https:\/\/qtmm.org\/qt\/meclis-reisi-mustafa-cemilev-ukrainanin-en-nufuzli-100-adami-sirasinda\/"},"wordCount":305,"commentCount":0,"publisher":{"@id":"https:\/\/qtmm.org\/qt\/#organization"},"image":{"@id":"https:\/\/qtmm.org\/qt\/meclis-reisi-mustafa-cemilev-ukrainanin-en-nufuzli-100-adami-sirasinda\/#primaryimage"},"thumbnailUrl":"https:\/\/qtmm.org\/wp-content\/uploads\/2022\/01\/1346401620.35-1.jpg","articleSection":["Haberler"],"inLanguage":"qt","potentialAction":[{"@type":"CommentAction","name":"Comment","target":["https:\/\/qtmm.org\/qt\/meclis-reisi-mustafa-cemilev-ukrainanin-en-nufuzli-100-adami-sirasinda\/#respond"]}]},{"@type":"WebPage","@id":"https:\/\/qtmm.org\/qt\/meclis-reisi-mustafa-cemilev-ukrainanin-en-nufuzli-100-adami-sirasinda\/","url":"https:\/\/qtmm.org\/qt\/meclis-reisi-mustafa-cemilev-ukrainanin-en-nufuzli-100-adami-sirasinda\/","name":"Meclis reisi Mustafa Cemilev - Ukrainan\u0131\u00f1 e\u00f1 nufuzl\u0131 100 adam\u0131 s\u0131ras\u0131nda - \u041c\u0435\u0434\u0436\u043b\u0456\u0441","isPartOf":{"@id":"https:\/\/qtmm.org\/qt\/#website"},"primaryImageOfPage":{"@id":"https:\/\/qtmm.org\/qt\/meclis-reisi-mustafa-cemilev-ukrainanin-en-nufuzli-100-adami-sirasinda\/#primaryimage"},"image":{"@id":"https:\/\/qtmm.org\/qt\/meclis-reisi-mustafa-cemilev-ukrainanin-en-nufuzli-100-adami-sirasinda\/#primaryimage"},"thumbnailUrl":"https:\/\/qtmm.org\/wp-content\/uploads\/2022\/01\/1346401620.35-1.jpg","datePublished":"2012-08-31T21:07:00+00:00","dateModified":"2022-01-21T21:08:41+00:00","breadcrumb":{"@id":"https:\/\/qtmm.org\/qt\/meclis-reisi-mustafa-cemilev-ukrainanin-en-nufuzli-100-adami-sirasinda\/#breadcrumb"},"inLanguage":"qt","potentialAction":[{"@type":"ReadAction","target":["https:\/\/qtmm.org\/qt\/meclis-reisi-mustafa-cemilev-ukrainanin-en-nufuzli-100-adami-sirasinda\/"]}]},{"@type":"ImageObject","inLanguage":"qt","@id":"https:\/\/qtmm.org\/qt\/meclis-reisi-mustafa-cemilev-ukrainanin-en-nufuzli-100-adami-sirasinda\/#primaryimage","url":"https:\/\/qtmm.org\/wp-content\/uploads\/2022\/01\/1346401620.35-1.jpg","contentUrl":"https:\/\/qtmm.org\/wp-content\/uploads\/2022\/01\/1346401620.35-1.jpg","width":800,"height":600},{"@type":"BreadcrumbList","@id":"https:\/\/qtmm.org\/qt\/meclis-reisi-mustafa-cemilev-ukrainanin-en-nufuzli-100-adami-sirasinda\/#breadcrumb","itemListElement":[{"@type":"ListItem","position":1,"name":"\u0413\u043e\u043b\u043e\u0432\u043d\u0430","item":"https:\/\/qtmm.org\/qt\/"},{"@type":"ListItem","position":2,"name":"Meclis reisi Mustafa Cemilev &#8211; Ukrainan\u0131\u00f1 e\u00f1 nufuzl\u0131 100 adam\u0131 s\u0131ras\u0131nda"}]},{"@type":"WebSite","@id":"https:\/\/qtmm.org\/qt\/#website","url":"https:\/\/qtmm.org\/qt\/","name":"\u041c\u0435\u0434\u0436\u043b\u0456\u0441","description":"","publisher":{"@id":"https:\/\/qtmm.org\/qt\/#organization"},"potentialAction":[{"@type":"SearchAction","target":{"@type":"EntryPoint","urlTemplate":"https:\/\/qtmm.org\/qt\/?s={search_term_string}"},"query-input":{"@type":"PropertyValueSpecification","valueRequired":true,"valueName":"search_term_string"}}],"inLanguage":"qt"},{"@type":"Organization","@id":"https:\/\/qtmm.org\/qt\/#organization","name":"\u041c\u0435\u0434\u0436\u043b\u0456\u0441","url":"https:\/\/qtmm.org\/qt\/","logo":{"@type":"ImageObject","inLanguage":"qt","@id":"https:\/\/qtmm.org\/qt\/#\/schema\/logo\/image\/","url":"https:\/\/qtmm.org\/wp-content\/uploads\/2024\/12\/ua-mejlis-logo-rgb.svg","contentUrl":"https:\/\/qtmm.org\/wp-content\/uploads\/2024\/12\/ua-mejlis-logo-rgb.svg","caption":"\u041c\u0435\u0434\u0436\u043b\u0456\u0441"},"image":{"@id":"https:\/\/qtmm.org\/qt\/#\/schema\/logo\/image\/"},"sameAs":["https:\/\/www.facebook.com\/qtmm.info\/"]},{"@type":"Person","@id":"https:\/\/qtmm.org\/qt\/#\/schema\/person\/de562469f971dec226ac06e60bbf74a7","name":"Developer","image":{"@type":"ImageObject","inLanguage":"qt","@id":"https:\/\/secure.gravatar.com\/avatar\/392b4cc8fbfeb00b39dfeeab4ee6edded39ffd48e25858637e4765810300227e?s=96&d=mm&r=g","url":"https:\/\/secure.gravatar.com\/avatar\/392b4cc8fbfeb00b39dfeeab4ee6edded39ffd48e25858637e4765810300227e?s=96&d=mm&r=g","contentUrl":"https:\/\/secure.gravatar.com\/avatar\/392b4cc8fbfeb00b39dfeeab4ee6edded39ffd48e25858637e4765810300227e?s=96&d=mm&r=g","caption":"Developer"},"url":"https:\/\/qtmm.org\/qt\/author\/Developer\/"}]}},"_links":{"self":[{"href":"https:\/\/qtmm.org\/qt\/wp-json\/wp\/v2\/posts\/33762","targetHints":{"allow":["GET"]}}],"collection":[{"href":"https:\/\/qtmm.org\/qt\/wp-json\/wp\/v2\/posts"}],"about":[{"href":"https:\/\/qtmm.org\/qt\/wp-json\/wp\/v2\/types\/post"}],"author":[{"embeddable":true,"href":"https:\/\/qtmm.org\/qt\/wp-json\/wp\/v2\/users\/1"}],"replies":[{"embeddable":true,"href":"https:\/\/qtmm.org\/qt\/wp-json\/wp\/v2\/comments?post=33762"}],"version-history":[{"count":1,"href":"https:\/\/qtmm.org\/qt\/wp-json\/wp\/v2\/posts\/33762\/revisions"}],"predecessor-version":[{"id":33776,"href":"https:\/\/qtmm.org\/qt\/wp-json\/wp\/v2\/posts\/33762\/revisions\/33776"}],"wp:featuredmedia":[{"embeddable":true,"href":"https:\/\/qtmm.org\/qt\/wp-json\/wp\/v2\/media\/33763"}],"wp:attachment":[{"href":"https:\/\/qtmm.org\/qt\/wp-json\/wp\/v2\/media?parent=33762"}],"wp:term":[{"taxonomy":"category","embeddable":true,"href":"https:\/\/qtmm.org\/qt\/wp-json\/wp\/v2\/categories?post=33762"},{"taxonomy":"post_tag","embeddable":true,"href":"https:\/\/qtmm.org\/qt\/wp-json\/wp\/v2\/tags?post=33762"}],"curies":[{"name":"wp","href":"https:\/\/api.w.org\/{rel}","templated":true}]}}