




{"id":33752,"date":"2012-08-31T00:06:00","date_gmt":"2012-08-30T21:06:00","guid":{"rendered":"http:\/\/qtmm.org\/?p=33752"},"modified":"2022-01-22T00:07:25","modified_gmt":"2022-01-21T21:07:25","slug":"sair-ve-yazici-seryan-ali-75-yasini-toldurdi","status":"publish","type":"post","link":"https:\/\/qtmm.org\/qt\/sair-ve-yazici-seryan-ali-75-yasini-toldurdi\/","title":{"rendered":"\u015eair ve yaz\u0131c\u0131 \u015eeryan Ali 75 ya\u015f\u0131n\u0131 toldurd\u0131"},"content":{"rendered":"\n<p>2012 senesi avgust 30 k\u00fcn\u00fc \u0130. Gasprinskiy ad\u0131na q\u0131r\u0131mtatar k\u00fct\u00fcphanesini\u00f1 oquv zal\u0131nda k\u00fct\u00fcphane ve q\u0131r\u0131mtatar yaz\u0131c\u0131lar birligi \u015fair ve yaz\u0131c\u0131 \u015eeryan Ali 75 ya\u015f\u0131n\u0131 toldur\u011fan\u0131 munasebetinen tantanal\u0131 tedbir ke\u00e7irdiler.<\/p>\n\n\n\n<figure class=\"wp-block-image size-full\"><img loading=\"lazy\" decoding=\"async\" width=\"650\" height=\"840\" src=\"http:\/\/qtmm.org\/wp-content\/uploads\/2022\/01\/p8310004.jpeg\" alt=\"\" class=\"wp-image-33753\" srcset=\"https:\/\/qtmm.org\/wp-content\/uploads\/2022\/01\/p8310004.jpeg 650w, https:\/\/qtmm.org\/wp-content\/uploads\/2022\/01\/p8310004-232x300.jpeg 232w\" sizes=\"auto, (max-width: 650px) 100vw, 650px\" \/><\/figure>\n\n\n\n<p>\u0130. Gasprinskiy ad\u0131na q\u0131r\u0131mtatar k\u00fct\u00fcphanesini\u00f1 hadimleri \u015eeryan Ali eserlerinden tertip etilgen fotovesiqal\u0131 sergini te\u015fkil etip, onda \u015fairni\u00f1 kitaplar\u0131, resimleri ve on\u0131\u00f1 aqq\u0131nda maqaleler taqdim olund\u0131.<\/p>\n\n\n\n<p>\u015eairni Ukraina yaz\u0131c\u0131lar birligini\u00f1 azalar\u0131 Riza Faz\u0131l, \u0130sa Abduraman, Q\u0131r\u0131m Yuqar\u0131 \u015euras\u0131n\u0131\u00f1 deputat\u0131, Meclis medeniyet ve maarif b\u00f6l\u00fcgini\u00f1 ba\u015f\u0131 Safure Kacametova, &#8220;\u0130lham&#8221; edebiy klub\u0131n\u0131\u00f1 azazalar\u0131 ve digerleri hay\u0131rlad\u0131lar. Tedbirni Q\u0131r\u0131mtatar akademik muz\u0131kal\u0131-drama teatrini\u00f1 rejiss\u00f6r\u0131 Refat Seytablayev ve y\u0131rc\u0131 Rustem Memetov halq y\u0131rlar\u0131n\u0131 icra etip yara\u015ft\u0131rd\u0131lar.<\/p>\n\n\n\n<figure class=\"wp-block-image size-full\"><img loading=\"lazy\" decoding=\"async\" width=\"650\" height=\"286\" src=\"http:\/\/qtmm.org\/wp-content\/uploads\/2022\/01\/p8300138.jpeg\" alt=\"\" class=\"wp-image-33757\" srcset=\"https:\/\/qtmm.org\/wp-content\/uploads\/2022\/01\/p8300138.jpeg 650w, https:\/\/qtmm.org\/wp-content\/uploads\/2022\/01\/p8300138-300x132.jpeg 300w\" sizes=\"auto, (max-width: 650px) 100vw, 650px\" \/><\/figure>\n\n\n\n<p><em><u>Mal\u00fcmat:<\/u><\/em><\/p>\n\n\n\n<p>\u015eeryan Ali (Aliyev) Aqme\u00e7it rayon\u0131n\u0131\u00f1 Camal (Nizovka) k\u00f6y\u00fcnde d\u00fcnya\u011fa keldi. S\u00fcrg\u00fcnlikte \u00d6zbekistann\u0131\u00f1 M\u0131rza\u00e7\u00f6l\u00fcne t\u00fc\u015fti. Ta\u015fkent pedagogika institut\u0131n\u0131 bitirgen so\u00f1 mektepte ocal\u0131q yapt\u0131, rayon gazetas\u0131 muarririyetinde \u00e7al\u0131\u015ft\u0131, Cizaq vil\u00e2yet radio ve televideniye boyunca komitet m\u00fcdiri old\u0131. Edebiyatqa publitsist, bir s\u0131ra problem maqaleler m\u00fcellifi olaraq kelip, tez arada zemaneviy q\u0131r\u0131mtatar \u015fairler s\u0131ras\u0131ndan munasip yer ald\u0131.<\/p>\n\n\n\n<p>On\u0131\u00f1 &#8220;\u00d6m\u00fcr dal\u011falar\u0131&#8221; serleval\u0131 birinci \u015fiirler c\u0131y\u0131nt\u0131\u011f\u0131 1974 senesi Ta\u015fkentte ne\u015fir etildi. Bundan so\u00f1ki c\u0131y\u0131nt\u0131qlar\u0131 on\u0131 \u015fiiriyette \u00f6z yolun\u0131 tapabilgen \u00f6zg\u00fcn \u015fair olaraq k\u00f6stereler. Poema janr\u0131nda baya\u011f\u0131 muvafaqiyetlerni elde etken \u015eeryan Ali bug\u00fcnki k\u00fcnni\u00f1 \u011fayet m\u00fcim ahl\u00e2q, vatanperverlik, til meselelerini k\u00f6tere. Mevzu boyunca \u00e7e\u015fit ol\u011fan \u015fiirlerini\u00f1 tili sade, samimiy ve merhametli. \u015eair eserlerini\u00f1 lirik hususiyetleri bestek\u00e2rlarn\u0131\u00f1 da diqqat\u0131ndan \u00e7ette qalmad\u0131, on\u0131\u00f1 \u015fiirlerine bir s\u0131ra y\u0131rlar yaz\u0131ld\u0131.<\/p>\n\n\n\n<p>\u015eeryan Ali Ukraina yaz\u0131c\u0131lar birligini\u00f1 azas\u0131d\u0131r.<\/p>\n\n\n\n<p>Q\u0131r\u0131m\u011fa \u015fair 1995 senesi qayt\u0131p keldi ve bu devir on\u0131\u00f1 icad\u0131n\u0131\u00f1 e\u00f1 mahsuldar devridir. \u0130. Gasprinskiy k\u00fct\u00fcphanesi yan\u0131ndaki &#8220;\u0130lham&#8221; gen\u00e7 istidatlar klub\u0131na yolba\u015f\u00e7\u0131l\u0131q yapa.<\/p>\n","protected":false},"excerpt":{"rendered":"<p>2012 senesi avgust 30 k\u00fcn\u00fc \u0130. Gasprinskiy ad\u0131na q\u0131r\u0131mtatar k\u00fct\u00fcphanesini\u00f1 oquv zal\u0131nda k\u00fct\u00fcphane ve q\u0131r\u0131mtatar yaz\u0131c\u0131lar birligi \u015fair ve yaz\u0131c\u0131 \u015eeryan Ali 75 ya\u015f\u0131n\u0131 toldur\u011fan\u0131 munasebetinen tantanal\u0131 tedbir ke\u00e7irdiler. \u0130. Gasprinskiy ad\u0131na q\u0131r\u0131mtatar k\u00fct\u00fcphanesini\u00f1 hadimleri \u015eeryan Ali eserlerinden tertip etilgen fotovesiqal\u0131 sergini te\u015fkil etip, onda \u015fairni\u00f1 kitaplar\u0131, resimleri ve on\u0131\u00f1 aqq\u0131nda maqaleler taqdim olund\u0131. \u015eairni [&hellip;]<\/p>\n","protected":false},"author":1,"featured_media":0,"comment_status":"open","ping_status":"open","sticky":false,"template":"","format":"standard","meta":{"inline_featured_image":false,"footnotes":""},"categories":[265],"tags":[],"class_list":["post-33752","post","type-post","status-publish","format-standard","hentry","category-haberler"],"acf":[],"yoast_head":"<!-- This site is optimized with the Yoast SEO plugin v27.4 - https:\/\/yoast.com\/product\/yoast-seo-wordpress\/ -->\n<title>\u015eair ve yaz\u0131c\u0131 \u015eeryan Ali 75 ya\u015f\u0131n\u0131 toldurd\u0131 - \u041c\u0435\u0434\u0436\u043b\u0456\u0441<\/title>\n<meta name=\"robots\" content=\"index, follow, max-snippet:-1, max-image-preview:large, max-video-preview:-1\" \/>\n<link rel=\"canonical\" href=\"https:\/\/qtmm.org\/qt\/sair-ve-yazici-seryan-ali-75-yasini-toldurdi\/\" \/>\n<meta property=\"og:locale\" content=\"en_US\" \/>\n<meta property=\"og:type\" content=\"article\" \/>\n<meta property=\"og:title\" content=\"\u015eair ve yaz\u0131c\u0131 \u015eeryan Ali 75 ya\u015f\u0131n\u0131 toldurd\u0131 - \u041c\u0435\u0434\u0436\u043b\u0456\u0441\" \/>\n<meta property=\"og:description\" content=\"2012 senesi avgust 30 k\u00fcn\u00fc \u0130. Gasprinskiy ad\u0131na q\u0131r\u0131mtatar k\u00fct\u00fcphanesini\u00f1 oquv zal\u0131nda k\u00fct\u00fcphane ve q\u0131r\u0131mtatar yaz\u0131c\u0131lar birligi \u015fair ve yaz\u0131c\u0131 \u015eeryan Ali 75 ya\u015f\u0131n\u0131 toldur\u011fan\u0131 munasebetinen tantanal\u0131 tedbir ke\u00e7irdiler. \u0130. Gasprinskiy ad\u0131na q\u0131r\u0131mtatar k\u00fct\u00fcphanesini\u00f1 hadimleri \u015eeryan Ali eserlerinden tertip etilgen fotovesiqal\u0131 sergini te\u015fkil etip, onda \u015fairni\u00f1 kitaplar\u0131, resimleri ve on\u0131\u00f1 aqq\u0131nda maqaleler taqdim olund\u0131. \u015eairni [&hellip;]\" \/>\n<meta property=\"og:url\" content=\"https:\/\/qtmm.org\/qt\/sair-ve-yazici-seryan-ali-75-yasini-toldurdi\/\" \/>\n<meta property=\"og:site_name\" content=\"\u041c\u0435\u0434\u0436\u043b\u0456\u0441\" \/>\n<meta property=\"article:publisher\" content=\"https:\/\/www.facebook.com\/qtmm.info\/\" \/>\n<meta property=\"article:published_time\" content=\"2012-08-30T21:06:00+00:00\" \/>\n<meta property=\"article:modified_time\" content=\"2022-01-21T21:07:25+00:00\" \/>\n<meta property=\"og:image\" content=\"https:\/\/qtmm.org\/wp-content\/uploads\/2022\/01\/p8310004.jpeg\" \/>\n\t<meta property=\"og:image:width\" content=\"650\" \/>\n\t<meta property=\"og:image:height\" content=\"840\" \/>\n\t<meta property=\"og:image:type\" content=\"image\/jpeg\" \/>\n<meta name=\"author\" content=\"Developer\" \/>\n<meta name=\"twitter:card\" content=\"summary_large_image\" \/>\n<meta name=\"twitter:label1\" content=\"Written by\" \/>\n\t<meta name=\"twitter:data1\" content=\"Developer\" \/>\n\t<meta name=\"twitter:label2\" content=\"Est. reading time\" \/>\n\t<meta name=\"twitter:data2\" content=\"2 minutes\" \/>\n<script type=\"application\/ld+json\" class=\"yoast-schema-graph\">{\"@context\":\"https:\\\/\\\/schema.org\",\"@graph\":[{\"@type\":\"Article\",\"@id\":\"https:\\\/\\\/qtmm.org\\\/qt\\\/sair-ve-yazici-seryan-ali-75-yasini-toldurdi\\\/#article\",\"isPartOf\":{\"@id\":\"https:\\\/\\\/qtmm.org\\\/qt\\\/sair-ve-yazici-seryan-ali-75-yasini-toldurdi\\\/\"},\"author\":{\"name\":\"Developer\",\"@id\":\"https:\\\/\\\/qtmm.org\\\/qt\\\/#\\\/schema\\\/person\\\/de562469f971dec226ac06e60bbf74a7\"},\"headline\":\"\u015eair ve yaz\u0131c\u0131 \u015eeryan Ali 75 ya\u015f\u0131n\u0131 toldurd\u0131\",\"datePublished\":\"2012-08-30T21:06:00+00:00\",\"dateModified\":\"2022-01-21T21:07:25+00:00\",\"mainEntityOfPage\":{\"@id\":\"https:\\\/\\\/qtmm.org\\\/qt\\\/sair-ve-yazici-seryan-ali-75-yasini-toldurdi\\\/\"},\"wordCount\":361,\"commentCount\":0,\"publisher\":{\"@id\":\"https:\\\/\\\/qtmm.org\\\/qt\\\/#organization\"},\"image\":{\"@id\":\"https:\\\/\\\/qtmm.org\\\/qt\\\/sair-ve-yazici-seryan-ali-75-yasini-toldurdi\\\/#primaryimage\"},\"thumbnailUrl\":\"http:\\\/\\\/qtmm.org\\\/wp-content\\\/uploads\\\/2022\\\/01\\\/p8310004.jpeg\",\"articleSection\":[\"Haberler\"],\"inLanguage\":\"qt\",\"potentialAction\":[{\"@type\":\"CommentAction\",\"name\":\"Comment\",\"target\":[\"https:\\\/\\\/qtmm.org\\\/qt\\\/sair-ve-yazici-seryan-ali-75-yasini-toldurdi\\\/#respond\"]}]},{\"@type\":\"WebPage\",\"@id\":\"https:\\\/\\\/qtmm.org\\\/qt\\\/sair-ve-yazici-seryan-ali-75-yasini-toldurdi\\\/\",\"url\":\"https:\\\/\\\/qtmm.org\\\/qt\\\/sair-ve-yazici-seryan-ali-75-yasini-toldurdi\\\/\",\"name\":\"\u015eair ve yaz\u0131c\u0131 \u015eeryan Ali 75 ya\u015f\u0131n\u0131 toldurd\u0131 - \u041c\u0435\u0434\u0436\u043b\u0456\u0441\",\"isPartOf\":{\"@id\":\"https:\\\/\\\/qtmm.org\\\/qt\\\/#website\"},\"primaryImageOfPage\":{\"@id\":\"https:\\\/\\\/qtmm.org\\\/qt\\\/sair-ve-yazici-seryan-ali-75-yasini-toldurdi\\\/#primaryimage\"},\"image\":{\"@id\":\"https:\\\/\\\/qtmm.org\\\/qt\\\/sair-ve-yazici-seryan-ali-75-yasini-toldurdi\\\/#primaryimage\"},\"thumbnailUrl\":\"http:\\\/\\\/qtmm.org\\\/wp-content\\\/uploads\\\/2022\\\/01\\\/p8310004.jpeg\",\"datePublished\":\"2012-08-30T21:06:00+00:00\",\"dateModified\":\"2022-01-21T21:07:25+00:00\",\"breadcrumb\":{\"@id\":\"https:\\\/\\\/qtmm.org\\\/qt\\\/sair-ve-yazici-seryan-ali-75-yasini-toldurdi\\\/#breadcrumb\"},\"inLanguage\":\"qt\",\"potentialAction\":[{\"@type\":\"ReadAction\",\"target\":[\"https:\\\/\\\/qtmm.org\\\/qt\\\/sair-ve-yazici-seryan-ali-75-yasini-toldurdi\\\/\"]}]},{\"@type\":\"ImageObject\",\"inLanguage\":\"qt\",\"@id\":\"https:\\\/\\\/qtmm.org\\\/qt\\\/sair-ve-yazici-seryan-ali-75-yasini-toldurdi\\\/#primaryimage\",\"url\":\"http:\\\/\\\/qtmm.org\\\/wp-content\\\/uploads\\\/2022\\\/01\\\/p8310004.jpeg\",\"contentUrl\":\"http:\\\/\\\/qtmm.org\\\/wp-content\\\/uploads\\\/2022\\\/01\\\/p8310004.jpeg\"},{\"@type\":\"BreadcrumbList\",\"@id\":\"https:\\\/\\\/qtmm.org\\\/qt\\\/sair-ve-yazici-seryan-ali-75-yasini-toldurdi\\\/#breadcrumb\",\"itemListElement\":[{\"@type\":\"ListItem\",\"position\":1,\"name\":\"\u0413\u043e\u043b\u043e\u0432\u043d\u0430\",\"item\":\"https:\\\/\\\/qtmm.org\\\/qt\\\/\"},{\"@type\":\"ListItem\",\"position\":2,\"name\":\"\u015eair ve yaz\u0131c\u0131 \u015eeryan Ali 75 ya\u015f\u0131n\u0131 toldurd\u0131\"}]},{\"@type\":\"WebSite\",\"@id\":\"https:\\\/\\\/qtmm.org\\\/qt\\\/#website\",\"url\":\"https:\\\/\\\/qtmm.org\\\/qt\\\/\",\"name\":\"\u041c\u0435\u0434\u0436\u043b\u0456\u0441\",\"description\":\"\",\"publisher\":{\"@id\":\"https:\\\/\\\/qtmm.org\\\/qt\\\/#organization\"},\"potentialAction\":[{\"@type\":\"SearchAction\",\"target\":{\"@type\":\"EntryPoint\",\"urlTemplate\":\"https:\\\/\\\/qtmm.org\\\/qt\\\/?s={search_term_string}\"},\"query-input\":{\"@type\":\"PropertyValueSpecification\",\"valueRequired\":true,\"valueName\":\"search_term_string\"}}],\"inLanguage\":\"qt\"},{\"@type\":\"Organization\",\"@id\":\"https:\\\/\\\/qtmm.org\\\/qt\\\/#organization\",\"name\":\"\u041c\u0435\u0434\u0436\u043b\u0456\u0441\",\"url\":\"https:\\\/\\\/qtmm.org\\\/qt\\\/\",\"logo\":{\"@type\":\"ImageObject\",\"inLanguage\":\"qt\",\"@id\":\"https:\\\/\\\/qtmm.org\\\/qt\\\/#\\\/schema\\\/logo\\\/image\\\/\",\"url\":\"https:\\\/\\\/qtmm.org\\\/wp-content\\\/uploads\\\/2024\\\/12\\\/ua-mejlis-logo-rgb.svg\",\"contentUrl\":\"https:\\\/\\\/qtmm.org\\\/wp-content\\\/uploads\\\/2024\\\/12\\\/ua-mejlis-logo-rgb.svg\",\"caption\":\"\u041c\u0435\u0434\u0436\u043b\u0456\u0441\"},\"image\":{\"@id\":\"https:\\\/\\\/qtmm.org\\\/qt\\\/#\\\/schema\\\/logo\\\/image\\\/\"},\"sameAs\":[\"https:\\\/\\\/www.facebook.com\\\/qtmm.info\\\/\"]},{\"@type\":\"Person\",\"@id\":\"https:\\\/\\\/qtmm.org\\\/qt\\\/#\\\/schema\\\/person\\\/de562469f971dec226ac06e60bbf74a7\",\"name\":\"Developer\",\"image\":{\"@type\":\"ImageObject\",\"inLanguage\":\"qt\",\"@id\":\"https:\\\/\\\/secure.gravatar.com\\\/avatar\\\/392b4cc8fbfeb00b39dfeeab4ee6edded39ffd48e25858637e4765810300227e?s=96&d=mm&r=g\",\"url\":\"https:\\\/\\\/secure.gravatar.com\\\/avatar\\\/392b4cc8fbfeb00b39dfeeab4ee6edded39ffd48e25858637e4765810300227e?s=96&d=mm&r=g\",\"contentUrl\":\"https:\\\/\\\/secure.gravatar.com\\\/avatar\\\/392b4cc8fbfeb00b39dfeeab4ee6edded39ffd48e25858637e4765810300227e?s=96&d=mm&r=g\",\"caption\":\"Developer\"},\"url\":\"https:\\\/\\\/qtmm.org\\\/qt\\\/author\\\/Developer\\\/\"}]}<\/script>\n<!-- \/ Yoast SEO plugin. -->","yoast_head_json":{"title":"\u015eair ve yaz\u0131c\u0131 \u015eeryan Ali 75 ya\u015f\u0131n\u0131 toldurd\u0131 - \u041c\u0435\u0434\u0436\u043b\u0456\u0441","robots":{"index":"index","follow":"follow","max-snippet":"max-snippet:-1","max-image-preview":"max-image-preview:large","max-video-preview":"max-video-preview:-1"},"canonical":"https:\/\/qtmm.org\/qt\/sair-ve-yazici-seryan-ali-75-yasini-toldurdi\/","og_locale":"en_US","og_type":"article","og_title":"\u015eair ve yaz\u0131c\u0131 \u015eeryan Ali 75 ya\u015f\u0131n\u0131 toldurd\u0131 - \u041c\u0435\u0434\u0436\u043b\u0456\u0441","og_description":"2012 senesi avgust 30 k\u00fcn\u00fc \u0130. Gasprinskiy ad\u0131na q\u0131r\u0131mtatar k\u00fct\u00fcphanesini\u00f1 oquv zal\u0131nda k\u00fct\u00fcphane ve q\u0131r\u0131mtatar yaz\u0131c\u0131lar birligi \u015fair ve yaz\u0131c\u0131 \u015eeryan Ali 75 ya\u015f\u0131n\u0131 toldur\u011fan\u0131 munasebetinen tantanal\u0131 tedbir ke\u00e7irdiler. \u0130. Gasprinskiy ad\u0131na q\u0131r\u0131mtatar k\u00fct\u00fcphanesini\u00f1 hadimleri \u015eeryan Ali eserlerinden tertip etilgen fotovesiqal\u0131 sergini te\u015fkil etip, onda \u015fairni\u00f1 kitaplar\u0131, resimleri ve on\u0131\u00f1 aqq\u0131nda maqaleler taqdim olund\u0131. \u015eairni [&hellip;]","og_url":"https:\/\/qtmm.org\/qt\/sair-ve-yazici-seryan-ali-75-yasini-toldurdi\/","og_site_name":"\u041c\u0435\u0434\u0436\u043b\u0456\u0441","article_publisher":"https:\/\/www.facebook.com\/qtmm.info\/","article_published_time":"2012-08-30T21:06:00+00:00","article_modified_time":"2022-01-21T21:07:25+00:00","og_image":[{"width":650,"height":840,"url":"https:\/\/qtmm.org\/wp-content\/uploads\/2022\/01\/p8310004.jpeg","type":"image\/jpeg"}],"author":"Developer","twitter_card":"summary_large_image","twitter_misc":{"Written by":"Developer","Est. reading time":"2 minutes"},"schema":{"@context":"https:\/\/schema.org","@graph":[{"@type":"Article","@id":"https:\/\/qtmm.org\/qt\/sair-ve-yazici-seryan-ali-75-yasini-toldurdi\/#article","isPartOf":{"@id":"https:\/\/qtmm.org\/qt\/sair-ve-yazici-seryan-ali-75-yasini-toldurdi\/"},"author":{"name":"Developer","@id":"https:\/\/qtmm.org\/qt\/#\/schema\/person\/de562469f971dec226ac06e60bbf74a7"},"headline":"\u015eair ve yaz\u0131c\u0131 \u015eeryan Ali 75 ya\u015f\u0131n\u0131 toldurd\u0131","datePublished":"2012-08-30T21:06:00+00:00","dateModified":"2022-01-21T21:07:25+00:00","mainEntityOfPage":{"@id":"https:\/\/qtmm.org\/qt\/sair-ve-yazici-seryan-ali-75-yasini-toldurdi\/"},"wordCount":361,"commentCount":0,"publisher":{"@id":"https:\/\/qtmm.org\/qt\/#organization"},"image":{"@id":"https:\/\/qtmm.org\/qt\/sair-ve-yazici-seryan-ali-75-yasini-toldurdi\/#primaryimage"},"thumbnailUrl":"http:\/\/qtmm.org\/wp-content\/uploads\/2022\/01\/p8310004.jpeg","articleSection":["Haberler"],"inLanguage":"qt","potentialAction":[{"@type":"CommentAction","name":"Comment","target":["https:\/\/qtmm.org\/qt\/sair-ve-yazici-seryan-ali-75-yasini-toldurdi\/#respond"]}]},{"@type":"WebPage","@id":"https:\/\/qtmm.org\/qt\/sair-ve-yazici-seryan-ali-75-yasini-toldurdi\/","url":"https:\/\/qtmm.org\/qt\/sair-ve-yazici-seryan-ali-75-yasini-toldurdi\/","name":"\u015eair ve yaz\u0131c\u0131 \u015eeryan Ali 75 ya\u015f\u0131n\u0131 toldurd\u0131 - \u041c\u0435\u0434\u0436\u043b\u0456\u0441","isPartOf":{"@id":"https:\/\/qtmm.org\/qt\/#website"},"primaryImageOfPage":{"@id":"https:\/\/qtmm.org\/qt\/sair-ve-yazici-seryan-ali-75-yasini-toldurdi\/#primaryimage"},"image":{"@id":"https:\/\/qtmm.org\/qt\/sair-ve-yazici-seryan-ali-75-yasini-toldurdi\/#primaryimage"},"thumbnailUrl":"http:\/\/qtmm.org\/wp-content\/uploads\/2022\/01\/p8310004.jpeg","datePublished":"2012-08-30T21:06:00+00:00","dateModified":"2022-01-21T21:07:25+00:00","breadcrumb":{"@id":"https:\/\/qtmm.org\/qt\/sair-ve-yazici-seryan-ali-75-yasini-toldurdi\/#breadcrumb"},"inLanguage":"qt","potentialAction":[{"@type":"ReadAction","target":["https:\/\/qtmm.org\/qt\/sair-ve-yazici-seryan-ali-75-yasini-toldurdi\/"]}]},{"@type":"ImageObject","inLanguage":"qt","@id":"https:\/\/qtmm.org\/qt\/sair-ve-yazici-seryan-ali-75-yasini-toldurdi\/#primaryimage","url":"http:\/\/qtmm.org\/wp-content\/uploads\/2022\/01\/p8310004.jpeg","contentUrl":"http:\/\/qtmm.org\/wp-content\/uploads\/2022\/01\/p8310004.jpeg"},{"@type":"BreadcrumbList","@id":"https:\/\/qtmm.org\/qt\/sair-ve-yazici-seryan-ali-75-yasini-toldurdi\/#breadcrumb","itemListElement":[{"@type":"ListItem","position":1,"name":"\u0413\u043e\u043b\u043e\u0432\u043d\u0430","item":"https:\/\/qtmm.org\/qt\/"},{"@type":"ListItem","position":2,"name":"\u015eair ve yaz\u0131c\u0131 \u015eeryan Ali 75 ya\u015f\u0131n\u0131 toldurd\u0131"}]},{"@type":"WebSite","@id":"https:\/\/qtmm.org\/qt\/#website","url":"https:\/\/qtmm.org\/qt\/","name":"\u041c\u0435\u0434\u0436\u043b\u0456\u0441","description":"","publisher":{"@id":"https:\/\/qtmm.org\/qt\/#organization"},"potentialAction":[{"@type":"SearchAction","target":{"@type":"EntryPoint","urlTemplate":"https:\/\/qtmm.org\/qt\/?s={search_term_string}"},"query-input":{"@type":"PropertyValueSpecification","valueRequired":true,"valueName":"search_term_string"}}],"inLanguage":"qt"},{"@type":"Organization","@id":"https:\/\/qtmm.org\/qt\/#organization","name":"\u041c\u0435\u0434\u0436\u043b\u0456\u0441","url":"https:\/\/qtmm.org\/qt\/","logo":{"@type":"ImageObject","inLanguage":"qt","@id":"https:\/\/qtmm.org\/qt\/#\/schema\/logo\/image\/","url":"https:\/\/qtmm.org\/wp-content\/uploads\/2024\/12\/ua-mejlis-logo-rgb.svg","contentUrl":"https:\/\/qtmm.org\/wp-content\/uploads\/2024\/12\/ua-mejlis-logo-rgb.svg","caption":"\u041c\u0435\u0434\u0436\u043b\u0456\u0441"},"image":{"@id":"https:\/\/qtmm.org\/qt\/#\/schema\/logo\/image\/"},"sameAs":["https:\/\/www.facebook.com\/qtmm.info\/"]},{"@type":"Person","@id":"https:\/\/qtmm.org\/qt\/#\/schema\/person\/de562469f971dec226ac06e60bbf74a7","name":"Developer","image":{"@type":"ImageObject","inLanguage":"qt","@id":"https:\/\/secure.gravatar.com\/avatar\/392b4cc8fbfeb00b39dfeeab4ee6edded39ffd48e25858637e4765810300227e?s=96&d=mm&r=g","url":"https:\/\/secure.gravatar.com\/avatar\/392b4cc8fbfeb00b39dfeeab4ee6edded39ffd48e25858637e4765810300227e?s=96&d=mm&r=g","contentUrl":"https:\/\/secure.gravatar.com\/avatar\/392b4cc8fbfeb00b39dfeeab4ee6edded39ffd48e25858637e4765810300227e?s=96&d=mm&r=g","caption":"Developer"},"url":"https:\/\/qtmm.org\/qt\/author\/Developer\/"}]}},"_links":{"self":[{"href":"https:\/\/qtmm.org\/qt\/wp-json\/wp\/v2\/posts\/33752","targetHints":{"allow":["GET"]}}],"collection":[{"href":"https:\/\/qtmm.org\/qt\/wp-json\/wp\/v2\/posts"}],"about":[{"href":"https:\/\/qtmm.org\/qt\/wp-json\/wp\/v2\/types\/post"}],"author":[{"embeddable":true,"href":"https:\/\/qtmm.org\/qt\/wp-json\/wp\/v2\/users\/1"}],"replies":[{"embeddable":true,"href":"https:\/\/qtmm.org\/qt\/wp-json\/wp\/v2\/comments?post=33752"}],"version-history":[{"count":1,"href":"https:\/\/qtmm.org\/qt\/wp-json\/wp\/v2\/posts\/33752\/revisions"}],"predecessor-version":[{"id":33761,"href":"https:\/\/qtmm.org\/qt\/wp-json\/wp\/v2\/posts\/33752\/revisions\/33761"}],"wp:attachment":[{"href":"https:\/\/qtmm.org\/qt\/wp-json\/wp\/v2\/media?parent=33752"}],"wp:term":[{"taxonomy":"category","embeddable":true,"href":"https:\/\/qtmm.org\/qt\/wp-json\/wp\/v2\/categories?post=33752"},{"taxonomy":"post_tag","embeddable":true,"href":"https:\/\/qtmm.org\/qt\/wp-json\/wp\/v2\/tags?post=33752"}],"curies":[{"name":"wp","href":"https:\/\/api.w.org\/{rel}","templated":true}]}}