




{"id":33547,"date":"2012-08-30T00:02:00","date_gmt":"2012-08-29T21:02:00","guid":{"rendered":"http:\/\/qtmm.org\/?p=33547"},"modified":"2022-01-22T00:03:03","modified_gmt":"2022-01-21T21:03:03","slug":"poloniya-ekinci-cian-cenki-muzeyinin-hadimleri-meclisni-ziyaret-ettiler","status":"publish","type":"post","link":"https:\/\/qtmm.org\/qt\/poloniya-ekinci-cian-cenki-muzeyinin-hadimleri-meclisni-ziyaret-ettiler\/","title":{"rendered":"Poloniya Ekinci cian cenki m\u00fczeyini\u00f1 hadimleri Meclisni ziyaret ettiler"},"content":{"rendered":"\n<p>Q\u0131r\u0131mtatar halqn\u0131\u00f1 Meclisini Poloniya (Gdansk \u015f.) Ekinci cian cenki m\u00fczeyini\u00f1 hadimleri &#8211; professor, ba\u015f m\u00fctehass\u0131s Rafal Vnuk ve m\u00fctehass\u0131s Agata Abramovi\u00e7 ziyaret ettiler.<\/p>\n\n\n\n<p>2012 senesi avgust 28-de ol\u0131p ke\u00e7ken k\u00f6r\u00fc\u015f\u00fcvde Q\u0131r\u0131mtatar halqn\u0131\u00f1 Meclisini Q\u0131r\u0131mtatar halq\u0131 genotsidini \u00f6gren\u00fcv ve aqibetlerini yoq et\u00fcv boyunca Qurultay mahsus komissiyas\u0131 reisini\u00f1 muavini Elvedin \u00c7ubarov ve \u015fu komissiya azas\u0131, &#8220;Avdet&#8221; gazetas\u0131n\u0131\u00f1 muarriri, Meclis Prezidium\u0131n\u0131\u00f1 azas\u0131 \u015eevket Qaybullayev temsil ettiler.<\/p>\n\n\n\n<p>Poloniyal\u0131 musafirler devlet yard\u0131m\u0131nda meydan\u011fa ketirilgen ve a\u00e7\u0131lmas\u0131 2014 senesine qararla\u015ft\u0131r\u0131l\u011fan Ekinci cian cenki m\u00fczeyini taqdim ettiler.<\/p>\n\n\n\n<p>Professor Rafal Vnuk bildirgenine k\u00f6re m\u00fczey memlekette e\u00f1 b\u00fcy\u00fck m\u00fczey ol\u0131p, Ekinci cian cenkini\u00f1 tarih\u0131n\u0131 adiy adamlarn\u0131\u00f1 k\u00f6z\u00fcnen k\u00f6sterecek. Sovetler Birligini\u00f1 kommunist rejimi taraf\u0131ndan ekinci cian cenki vaqt\u0131ndaki s\u00fcrg\u00fcnlikler aqq\u0131nda ik\u00e2ye m\u00fczey ekspozitsiyas\u0131n\u0131\u00f1 m\u00fcim q\u0131sm\u0131 olacaq.<\/p>\n\n\n\n<p>Ekspozitsiyan\u0131\u00f1 Q\u0131r\u0131mtatar halq\u0131n\u0131\u00f1 1944 senesi s\u00fcrg\u00fcnligine ba\u011f\u0131\u015flan\u011fan . q\u0131sm\u0131nda m\u00fczey Q\u0131r\u0131mdan \u00e7\u0131qar\u0131l\u0131p, Orta Asiya cumhuriyetlerinde ve Rusiyeni\u00f1 \u015fimaliy vil\u00e2yetlerinde \u015fiddetli komendant rejimi ast\u0131nda ya\u015famaq zoruna qal\u011fan insanlarn\u0131\u00f1 fotoresimlerini k\u00f6stermege istey.<\/p>\n\n\n\n<p>Bu munasebetnen m\u00fczey q\u0131r\u0131mtatar halq\u0131n\u0131\u00f1 vek\u00e2letli organ\u0131 ve on\u0131\u00f1 mahsus komissiyas\u0131nen ortaql\u0131qta \u00e7al\u0131\u015fmaq niyetinde ki, bu i\u015fbirlik q\u0131r\u0131mtatar halq\u0131n\u0131\u00f1 tarih\u0131ndaki facial\u0131 devir olduq\u00e7a tolu ifade etilir.<\/p>\n\n\n\n<p>E.\u00c7ubarov ve \u015e.Qaybullayev musafirlerge mahsus komissiyan\u0131\u00f1 te\u015febb\u00fcsinen 2009 senesinden berli ke\u00e7irilgen &#8220;Unutma!&#8221; aktsiyas\u0131 \u00e7er\u00e7ivesinde s\u00fcrg\u00fcnlik \u015faatlar\u0131n\u0131\u00f1 ik\u00e2yeleri toplan\u011fan\u0131, bu aktsiya neticelerinden biri q\u0131r\u0131mtatar halq\u0131 s\u00fcrg\u00fcnligi aqq\u0131nda vesiqal\u0131 fond\u0131n\u0131\u00f1 meydan\u011fa ketirilgeni aqq\u0131nda ik\u00e2ye ettiler.<\/p>\n\n\n\n<p>M\u00fczey ve Qurultayn\u0131\u00f1 Mahsus komissiyas\u0131 aras\u0131nda i\u015fbirlikte birinci ad\u0131m olaraq mahsus komissiya azalar\u0131 M\u00fczeyni\u00f1 vekili professor Rafal Vnukke q\u0131r\u0131mtatarlarn\u0131\u00f1 s\u00fcrg\u00fcnlik yerlerindeki \u00f6m\u00fcrini aks ettirgen bir s\u0131ra resimler berildi.<\/p>\n","protected":false},"excerpt":{"rendered":"<p>Q\u0131r\u0131mtatar halqn\u0131\u00f1 Meclisini Poloniya (Gdansk \u015f.) Ekinci cian cenki m\u00fczeyini\u00f1 hadimleri &#8211; professor, ba\u015f m\u00fctehass\u0131s Rafal Vnuk ve m\u00fctehass\u0131s Agata Abramovi\u00e7 ziyaret ettiler. 2012 senesi avgust 28-de ol\u0131p ke\u00e7ken k\u00f6r\u00fc\u015f\u00fcvde Q\u0131r\u0131mtatar halqn\u0131\u00f1 Meclisini Q\u0131r\u0131mtatar halq\u0131 genotsidini \u00f6gren\u00fcv ve aqibetlerini yoq et\u00fcv boyunca Qurultay mahsus komissiyas\u0131 reisini\u00f1 muavini Elvedin \u00c7ubarov ve \u015fu komissiya azas\u0131, &#8220;Avdet&#8221; gazetas\u0131n\u0131\u00f1 [&hellip;]<\/p>\n","protected":false},"author":1,"featured_media":0,"comment_status":"open","ping_status":"open","sticky":false,"template":"","format":"standard","meta":{"inline_featured_image":false,"footnotes":""},"categories":[265],"tags":[],"class_list":["post-33547","post","type-post","status-publish","format-standard","hentry","category-haberler"],"acf":[],"yoast_head":"<!-- This site is optimized with the Yoast SEO plugin v27.4 - https:\/\/yoast.com\/product\/yoast-seo-wordpress\/ -->\n<title>Poloniya Ekinci cian cenki m\u00fczeyini\u00f1 hadimleri Meclisni ziyaret ettiler - \u041c\u0435\u0434\u0436\u043b\u0456\u0441<\/title>\n<meta name=\"robots\" content=\"index, follow, max-snippet:-1, max-image-preview:large, max-video-preview:-1\" \/>\n<link rel=\"canonical\" href=\"https:\/\/qtmm.org\/qt\/poloniya-ekinci-cian-cenki-muzeyinin-hadimleri-meclisni-ziyaret-ettiler\/\" \/>\n<meta property=\"og:locale\" content=\"en_US\" \/>\n<meta property=\"og:type\" content=\"article\" \/>\n<meta property=\"og:title\" content=\"Poloniya Ekinci cian cenki m\u00fczeyini\u00f1 hadimleri Meclisni ziyaret ettiler - \u041c\u0435\u0434\u0436\u043b\u0456\u0441\" \/>\n<meta property=\"og:description\" content=\"Q\u0131r\u0131mtatar halqn\u0131\u00f1 Meclisini Poloniya (Gdansk \u015f.) Ekinci cian cenki m\u00fczeyini\u00f1 hadimleri &#8211; professor, ba\u015f m\u00fctehass\u0131s Rafal Vnuk ve m\u00fctehass\u0131s Agata Abramovi\u00e7 ziyaret ettiler. 2012 senesi avgust 28-de ol\u0131p ke\u00e7ken k\u00f6r\u00fc\u015f\u00fcvde Q\u0131r\u0131mtatar halqn\u0131\u00f1 Meclisini Q\u0131r\u0131mtatar halq\u0131 genotsidini \u00f6gren\u00fcv ve aqibetlerini yoq et\u00fcv boyunca Qurultay mahsus komissiyas\u0131 reisini\u00f1 muavini Elvedin \u00c7ubarov ve \u015fu komissiya azas\u0131, &#8220;Avdet&#8221; gazetas\u0131n\u0131\u00f1 [&hellip;]\" \/>\n<meta property=\"og:url\" content=\"https:\/\/qtmm.org\/qt\/poloniya-ekinci-cian-cenki-muzeyinin-hadimleri-meclisni-ziyaret-ettiler\/\" \/>\n<meta property=\"og:site_name\" content=\"\u041c\u0435\u0434\u0436\u043b\u0456\u0441\" \/>\n<meta property=\"article:publisher\" content=\"https:\/\/www.facebook.com\/qtmm.info\/\" \/>\n<meta property=\"article:published_time\" content=\"2012-08-29T21:02:00+00:00\" \/>\n<meta property=\"article:modified_time\" content=\"2022-01-21T21:03:03+00:00\" \/>\n<meta name=\"author\" content=\"Developer\" \/>\n<meta name=\"twitter:card\" content=\"summary_large_image\" \/>\n<meta name=\"twitter:label1\" content=\"Written by\" \/>\n\t<meta name=\"twitter:data1\" content=\"Developer\" \/>\n\t<meta name=\"twitter:label2\" content=\"Est. reading time\" \/>\n\t<meta name=\"twitter:data2\" content=\"2 minutes\" \/>\n<script type=\"application\/ld+json\" class=\"yoast-schema-graph\">{\"@context\":\"https:\\\/\\\/schema.org\",\"@graph\":[{\"@type\":\"Article\",\"@id\":\"https:\\\/\\\/qtmm.org\\\/qt\\\/poloniya-ekinci-cian-cenki-muzeyinin-hadimleri-meclisni-ziyaret-ettiler\\\/#article\",\"isPartOf\":{\"@id\":\"https:\\\/\\\/qtmm.org\\\/qt\\\/poloniya-ekinci-cian-cenki-muzeyinin-hadimleri-meclisni-ziyaret-ettiler\\\/\"},\"author\":{\"name\":\"Developer\",\"@id\":\"https:\\\/\\\/qtmm.org\\\/qt\\\/#\\\/schema\\\/person\\\/de562469f971dec226ac06e60bbf74a7\"},\"headline\":\"Poloniya Ekinci cian cenki m\u00fczeyini\u00f1 hadimleri Meclisni ziyaret ettiler\",\"datePublished\":\"2012-08-29T21:02:00+00:00\",\"dateModified\":\"2022-01-21T21:03:03+00:00\",\"mainEntityOfPage\":{\"@id\":\"https:\\\/\\\/qtmm.org\\\/qt\\\/poloniya-ekinci-cian-cenki-muzeyinin-hadimleri-meclisni-ziyaret-ettiler\\\/\"},\"wordCount\":348,\"commentCount\":0,\"publisher\":{\"@id\":\"https:\\\/\\\/qtmm.org\\\/qt\\\/#organization\"},\"articleSection\":[\"Haberler\"],\"inLanguage\":\"qt\",\"potentialAction\":[{\"@type\":\"CommentAction\",\"name\":\"Comment\",\"target\":[\"https:\\\/\\\/qtmm.org\\\/qt\\\/poloniya-ekinci-cian-cenki-muzeyinin-hadimleri-meclisni-ziyaret-ettiler\\\/#respond\"]}]},{\"@type\":\"WebPage\",\"@id\":\"https:\\\/\\\/qtmm.org\\\/qt\\\/poloniya-ekinci-cian-cenki-muzeyinin-hadimleri-meclisni-ziyaret-ettiler\\\/\",\"url\":\"https:\\\/\\\/qtmm.org\\\/qt\\\/poloniya-ekinci-cian-cenki-muzeyinin-hadimleri-meclisni-ziyaret-ettiler\\\/\",\"name\":\"Poloniya Ekinci cian cenki m\u00fczeyini\u00f1 hadimleri Meclisni ziyaret ettiler - \u041c\u0435\u0434\u0436\u043b\u0456\u0441\",\"isPartOf\":{\"@id\":\"https:\\\/\\\/qtmm.org\\\/qt\\\/#website\"},\"datePublished\":\"2012-08-29T21:02:00+00:00\",\"dateModified\":\"2022-01-21T21:03:03+00:00\",\"breadcrumb\":{\"@id\":\"https:\\\/\\\/qtmm.org\\\/qt\\\/poloniya-ekinci-cian-cenki-muzeyinin-hadimleri-meclisni-ziyaret-ettiler\\\/#breadcrumb\"},\"inLanguage\":\"qt\",\"potentialAction\":[{\"@type\":\"ReadAction\",\"target\":[\"https:\\\/\\\/qtmm.org\\\/qt\\\/poloniya-ekinci-cian-cenki-muzeyinin-hadimleri-meclisni-ziyaret-ettiler\\\/\"]}]},{\"@type\":\"BreadcrumbList\",\"@id\":\"https:\\\/\\\/qtmm.org\\\/qt\\\/poloniya-ekinci-cian-cenki-muzeyinin-hadimleri-meclisni-ziyaret-ettiler\\\/#breadcrumb\",\"itemListElement\":[{\"@type\":\"ListItem\",\"position\":1,\"name\":\"\u0413\u043e\u043b\u043e\u0432\u043d\u0430\",\"item\":\"https:\\\/\\\/qtmm.org\\\/qt\\\/\"},{\"@type\":\"ListItem\",\"position\":2,\"name\":\"Poloniya Ekinci cian cenki m\u00fczeyini\u00f1 hadimleri Meclisni ziyaret ettiler\"}]},{\"@type\":\"WebSite\",\"@id\":\"https:\\\/\\\/qtmm.org\\\/qt\\\/#website\",\"url\":\"https:\\\/\\\/qtmm.org\\\/qt\\\/\",\"name\":\"\u041c\u0435\u0434\u0436\u043b\u0456\u0441\",\"description\":\"\",\"publisher\":{\"@id\":\"https:\\\/\\\/qtmm.org\\\/qt\\\/#organization\"},\"potentialAction\":[{\"@type\":\"SearchAction\",\"target\":{\"@type\":\"EntryPoint\",\"urlTemplate\":\"https:\\\/\\\/qtmm.org\\\/qt\\\/?s={search_term_string}\"},\"query-input\":{\"@type\":\"PropertyValueSpecification\",\"valueRequired\":true,\"valueName\":\"search_term_string\"}}],\"inLanguage\":\"qt\"},{\"@type\":\"Organization\",\"@id\":\"https:\\\/\\\/qtmm.org\\\/qt\\\/#organization\",\"name\":\"\u041c\u0435\u0434\u0436\u043b\u0456\u0441\",\"url\":\"https:\\\/\\\/qtmm.org\\\/qt\\\/\",\"logo\":{\"@type\":\"ImageObject\",\"inLanguage\":\"qt\",\"@id\":\"https:\\\/\\\/qtmm.org\\\/qt\\\/#\\\/schema\\\/logo\\\/image\\\/\",\"url\":\"https:\\\/\\\/qtmm.org\\\/wp-content\\\/uploads\\\/2024\\\/12\\\/ua-mejlis-logo-rgb.svg\",\"contentUrl\":\"https:\\\/\\\/qtmm.org\\\/wp-content\\\/uploads\\\/2024\\\/12\\\/ua-mejlis-logo-rgb.svg\",\"caption\":\"\u041c\u0435\u0434\u0436\u043b\u0456\u0441\"},\"image\":{\"@id\":\"https:\\\/\\\/qtmm.org\\\/qt\\\/#\\\/schema\\\/logo\\\/image\\\/\"},\"sameAs\":[\"https:\\\/\\\/www.facebook.com\\\/qtmm.info\\\/\"]},{\"@type\":\"Person\",\"@id\":\"https:\\\/\\\/qtmm.org\\\/qt\\\/#\\\/schema\\\/person\\\/de562469f971dec226ac06e60bbf74a7\",\"name\":\"Developer\",\"image\":{\"@type\":\"ImageObject\",\"inLanguage\":\"qt\",\"@id\":\"https:\\\/\\\/secure.gravatar.com\\\/avatar\\\/392b4cc8fbfeb00b39dfeeab4ee6edded39ffd48e25858637e4765810300227e?s=96&d=mm&r=g\",\"url\":\"https:\\\/\\\/secure.gravatar.com\\\/avatar\\\/392b4cc8fbfeb00b39dfeeab4ee6edded39ffd48e25858637e4765810300227e?s=96&d=mm&r=g\",\"contentUrl\":\"https:\\\/\\\/secure.gravatar.com\\\/avatar\\\/392b4cc8fbfeb00b39dfeeab4ee6edded39ffd48e25858637e4765810300227e?s=96&d=mm&r=g\",\"caption\":\"Developer\"},\"url\":\"https:\\\/\\\/qtmm.org\\\/qt\\\/author\\\/Developer\\\/\"}]}<\/script>\n<!-- \/ Yoast SEO plugin. -->","yoast_head_json":{"title":"Poloniya Ekinci cian cenki m\u00fczeyini\u00f1 hadimleri Meclisni ziyaret ettiler - \u041c\u0435\u0434\u0436\u043b\u0456\u0441","robots":{"index":"index","follow":"follow","max-snippet":"max-snippet:-1","max-image-preview":"max-image-preview:large","max-video-preview":"max-video-preview:-1"},"canonical":"https:\/\/qtmm.org\/qt\/poloniya-ekinci-cian-cenki-muzeyinin-hadimleri-meclisni-ziyaret-ettiler\/","og_locale":"en_US","og_type":"article","og_title":"Poloniya Ekinci cian cenki m\u00fczeyini\u00f1 hadimleri Meclisni ziyaret ettiler - \u041c\u0435\u0434\u0436\u043b\u0456\u0441","og_description":"Q\u0131r\u0131mtatar halqn\u0131\u00f1 Meclisini Poloniya (Gdansk \u015f.) Ekinci cian cenki m\u00fczeyini\u00f1 hadimleri &#8211; professor, ba\u015f m\u00fctehass\u0131s Rafal Vnuk ve m\u00fctehass\u0131s Agata Abramovi\u00e7 ziyaret ettiler. 2012 senesi avgust 28-de ol\u0131p ke\u00e7ken k\u00f6r\u00fc\u015f\u00fcvde Q\u0131r\u0131mtatar halqn\u0131\u00f1 Meclisini Q\u0131r\u0131mtatar halq\u0131 genotsidini \u00f6gren\u00fcv ve aqibetlerini yoq et\u00fcv boyunca Qurultay mahsus komissiyas\u0131 reisini\u00f1 muavini Elvedin \u00c7ubarov ve \u015fu komissiya azas\u0131, &#8220;Avdet&#8221; gazetas\u0131n\u0131\u00f1 [&hellip;]","og_url":"https:\/\/qtmm.org\/qt\/poloniya-ekinci-cian-cenki-muzeyinin-hadimleri-meclisni-ziyaret-ettiler\/","og_site_name":"\u041c\u0435\u0434\u0436\u043b\u0456\u0441","article_publisher":"https:\/\/www.facebook.com\/qtmm.info\/","article_published_time":"2012-08-29T21:02:00+00:00","article_modified_time":"2022-01-21T21:03:03+00:00","author":"Developer","twitter_card":"summary_large_image","twitter_misc":{"Written by":"Developer","Est. reading time":"2 minutes"},"schema":{"@context":"https:\/\/schema.org","@graph":[{"@type":"Article","@id":"https:\/\/qtmm.org\/qt\/poloniya-ekinci-cian-cenki-muzeyinin-hadimleri-meclisni-ziyaret-ettiler\/#article","isPartOf":{"@id":"https:\/\/qtmm.org\/qt\/poloniya-ekinci-cian-cenki-muzeyinin-hadimleri-meclisni-ziyaret-ettiler\/"},"author":{"name":"Developer","@id":"https:\/\/qtmm.org\/qt\/#\/schema\/person\/de562469f971dec226ac06e60bbf74a7"},"headline":"Poloniya Ekinci cian cenki m\u00fczeyini\u00f1 hadimleri Meclisni ziyaret ettiler","datePublished":"2012-08-29T21:02:00+00:00","dateModified":"2022-01-21T21:03:03+00:00","mainEntityOfPage":{"@id":"https:\/\/qtmm.org\/qt\/poloniya-ekinci-cian-cenki-muzeyinin-hadimleri-meclisni-ziyaret-ettiler\/"},"wordCount":348,"commentCount":0,"publisher":{"@id":"https:\/\/qtmm.org\/qt\/#organization"},"articleSection":["Haberler"],"inLanguage":"qt","potentialAction":[{"@type":"CommentAction","name":"Comment","target":["https:\/\/qtmm.org\/qt\/poloniya-ekinci-cian-cenki-muzeyinin-hadimleri-meclisni-ziyaret-ettiler\/#respond"]}]},{"@type":"WebPage","@id":"https:\/\/qtmm.org\/qt\/poloniya-ekinci-cian-cenki-muzeyinin-hadimleri-meclisni-ziyaret-ettiler\/","url":"https:\/\/qtmm.org\/qt\/poloniya-ekinci-cian-cenki-muzeyinin-hadimleri-meclisni-ziyaret-ettiler\/","name":"Poloniya Ekinci cian cenki m\u00fczeyini\u00f1 hadimleri Meclisni ziyaret ettiler - \u041c\u0435\u0434\u0436\u043b\u0456\u0441","isPartOf":{"@id":"https:\/\/qtmm.org\/qt\/#website"},"datePublished":"2012-08-29T21:02:00+00:00","dateModified":"2022-01-21T21:03:03+00:00","breadcrumb":{"@id":"https:\/\/qtmm.org\/qt\/poloniya-ekinci-cian-cenki-muzeyinin-hadimleri-meclisni-ziyaret-ettiler\/#breadcrumb"},"inLanguage":"qt","potentialAction":[{"@type":"ReadAction","target":["https:\/\/qtmm.org\/qt\/poloniya-ekinci-cian-cenki-muzeyinin-hadimleri-meclisni-ziyaret-ettiler\/"]}]},{"@type":"BreadcrumbList","@id":"https:\/\/qtmm.org\/qt\/poloniya-ekinci-cian-cenki-muzeyinin-hadimleri-meclisni-ziyaret-ettiler\/#breadcrumb","itemListElement":[{"@type":"ListItem","position":1,"name":"\u0413\u043e\u043b\u043e\u0432\u043d\u0430","item":"https:\/\/qtmm.org\/qt\/"},{"@type":"ListItem","position":2,"name":"Poloniya Ekinci cian cenki m\u00fczeyini\u00f1 hadimleri Meclisni ziyaret ettiler"}]},{"@type":"WebSite","@id":"https:\/\/qtmm.org\/qt\/#website","url":"https:\/\/qtmm.org\/qt\/","name":"\u041c\u0435\u0434\u0436\u043b\u0456\u0441","description":"","publisher":{"@id":"https:\/\/qtmm.org\/qt\/#organization"},"potentialAction":[{"@type":"SearchAction","target":{"@type":"EntryPoint","urlTemplate":"https:\/\/qtmm.org\/qt\/?s={search_term_string}"},"query-input":{"@type":"PropertyValueSpecification","valueRequired":true,"valueName":"search_term_string"}}],"inLanguage":"qt"},{"@type":"Organization","@id":"https:\/\/qtmm.org\/qt\/#organization","name":"\u041c\u0435\u0434\u0436\u043b\u0456\u0441","url":"https:\/\/qtmm.org\/qt\/","logo":{"@type":"ImageObject","inLanguage":"qt","@id":"https:\/\/qtmm.org\/qt\/#\/schema\/logo\/image\/","url":"https:\/\/qtmm.org\/wp-content\/uploads\/2024\/12\/ua-mejlis-logo-rgb.svg","contentUrl":"https:\/\/qtmm.org\/wp-content\/uploads\/2024\/12\/ua-mejlis-logo-rgb.svg","caption":"\u041c\u0435\u0434\u0436\u043b\u0456\u0441"},"image":{"@id":"https:\/\/qtmm.org\/qt\/#\/schema\/logo\/image\/"},"sameAs":["https:\/\/www.facebook.com\/qtmm.info\/"]},{"@type":"Person","@id":"https:\/\/qtmm.org\/qt\/#\/schema\/person\/de562469f971dec226ac06e60bbf74a7","name":"Developer","image":{"@type":"ImageObject","inLanguage":"qt","@id":"https:\/\/secure.gravatar.com\/avatar\/392b4cc8fbfeb00b39dfeeab4ee6edded39ffd48e25858637e4765810300227e?s=96&d=mm&r=g","url":"https:\/\/secure.gravatar.com\/avatar\/392b4cc8fbfeb00b39dfeeab4ee6edded39ffd48e25858637e4765810300227e?s=96&d=mm&r=g","contentUrl":"https:\/\/secure.gravatar.com\/avatar\/392b4cc8fbfeb00b39dfeeab4ee6edded39ffd48e25858637e4765810300227e?s=96&d=mm&r=g","caption":"Developer"},"url":"https:\/\/qtmm.org\/qt\/author\/Developer\/"}]}},"_links":{"self":[{"href":"https:\/\/qtmm.org\/qt\/wp-json\/wp\/v2\/posts\/33547","targetHints":{"allow":["GET"]}}],"collection":[{"href":"https:\/\/qtmm.org\/qt\/wp-json\/wp\/v2\/posts"}],"about":[{"href":"https:\/\/qtmm.org\/qt\/wp-json\/wp\/v2\/types\/post"}],"author":[{"embeddable":true,"href":"https:\/\/qtmm.org\/qt\/wp-json\/wp\/v2\/users\/1"}],"replies":[{"embeddable":true,"href":"https:\/\/qtmm.org\/qt\/wp-json\/wp\/v2\/comments?post=33547"}],"version-history":[{"count":1,"href":"https:\/\/qtmm.org\/qt\/wp-json\/wp\/v2\/posts\/33547\/revisions"}],"predecessor-version":[{"id":33548,"href":"https:\/\/qtmm.org\/qt\/wp-json\/wp\/v2\/posts\/33547\/revisions\/33548"}],"wp:attachment":[{"href":"https:\/\/qtmm.org\/qt\/wp-json\/wp\/v2\/media?parent=33547"}],"wp:term":[{"taxonomy":"category","embeddable":true,"href":"https:\/\/qtmm.org\/qt\/wp-json\/wp\/v2\/categories?post=33547"},{"taxonomy":"post_tag","embeddable":true,"href":"https:\/\/qtmm.org\/qt\/wp-json\/wp\/v2\/tags?post=33547"}],"curies":[{"name":"wp","href":"https:\/\/api.w.org\/{rel}","templated":true}]}}