




{"id":33529,"date":"2012-08-29T00:00:00","date_gmt":"2012-08-28T21:00:00","guid":{"rendered":"http:\/\/qtmm.org\/?p=33529"},"modified":"2022-01-22T00:02:23","modified_gmt":"2022-01-21T21:02:23","slug":"qirimtatarlar-ve-simaliy-qibriz-turkiye-cumhuriyeti-arasinda-baglarni-pekitmeli","status":"publish","type":"post","link":"https:\/\/qtmm.org\/qt\/qirimtatarlar-ve-simaliy-qibriz-turkiye-cumhuriyeti-arasinda-baglarni-pekitmeli\/","title":{"rendered":"Qirimtatarlar ve \u015eimaliy Qibriz T\u00fcrkiye Cumhuriyeti arasinda ba\u011flarni pekitmeli"},"content":{"rendered":"\n<p>\u015eQTCde ziyaretnen bulun\u011fan Q\u0131r\u0131mtatar halq\u0131 Meclisini\u00f1 Ba\u015fqan\u0131, Ukraina halq deputat\u0131 Mustafa Cemil Q\u0131r\u0131mo\u011flu Maliye naziri Ersin Tatar taraf\u0131ndan kabul etildi.<\/p>\n\n\n\n<p>E. Tatar mustaqillik mucadelesinde eki halqn\u0131\u00f1 taqdirleri biri-birine be\u00f1zegenini qayd eterek: &#8220;sizler Q\u0131r\u0131m Cumhuriyetinde Tatarlarn\u0131\u00f1 mustaqilligi i\u00e7\u00fcn k\u00fcre\u015f al\u0131p baras\u0131\u00f1\u0131z. Aqiqiy qaramanlar kibi \u00f6z areketi\u00f1izni quvetlendirmek i\u00e7\u00fcn daa ziyade \u011fayret k\u00f6stermektesi\u00f1iz.<\/p>\n\n\n\n<p>Biz de ayn\u0131 areketlerni yapam\u0131z. \u015eQTC. Qurd\u0131q ve Q\u0131br\u0131z t\u00fcrk halq\u0131 olaraq bu yerlerni inki\u015faf ettirmek, \u00e7e\u00e7eklendirmek kerekmiz ve d\u00fcnyan\u0131\u00f1 bizge qoy\u011fan embargo, aqs\u0131zl\u0131\u011f\u0131, \u00e7e\u015fit manialarn\u0131 a\u015fmaq i\u00e7\u00fcn \u011fayret etemiz&#8221;, &#8211; dedi.<\/p>\n\n\n\n<p>Asil Nadirni\u00f1 yaqalanmas\u0131na dair Maliye naziri Tatar iqtisadiyat komandan\u0131 ol\u011fan Nadirni\u00f1 ayaqlar\u0131n\u0131 z\u0131nc\u0131rlad\u0131lar, dedi. Rum akimleri \u015eimaliy Q\u0131br\u0131z T\u00fcrkiye cumhuriyetine yat\u0131r\u0131mlar yapqan\u0131 i\u00e7\u00fcn Asil Nadirni bat\u0131rmaq istegenlerini tenqid etken E. Tatar rumlar Asil Nadirni bat\u0131rmaq i\u00e7\u00fcn sermiyalar ay\u0131r\u011fan\u0131 mahkeme vesiqalar\u0131nda da ol\u011fan\u0131na diqqat \u00e7ekti.<\/p>\n\n\n\n<figure class=\"wp-block-image size-full\"><img loading=\"lazy\" decoding=\"async\" width=\"650\" height=\"630\" src=\"http:\/\/qtmm.org\/wp-content\/uploads\/2022\/01\/tatar2.jpeg\" alt=\"\" class=\"wp-image-33534\" srcset=\"https:\/\/qtmm.org\/wp-content\/uploads\/2022\/01\/tatar2.jpeg 650w, https:\/\/qtmm.org\/wp-content\/uploads\/2022\/01\/tatar2-300x291.jpeg 300w\" sizes=\"auto, (max-width: 650px) 100vw, 650px\" \/><\/figure>\n\n\n\n<p>E. Tatar mustaqillik areketi mevzus\u0131n\u0131 devam ettirerek: &#8220;bu devletni ya\u015fatmaq, quvetlendirmek \u2013 bizim e\u00f1 m\u00fcim vazifemizdir. \u0130qtisadiy a\u00f1lamda vaqt\u0131-vaqt\u0131nen baz\u0131 fedak\u00e2rl\u0131q da l\u00e2zim. Halqqa bun\u0131 a\u00f1latmaq kerek. \u00c7\u00fcnki devletni\u00f1 sa\u011flaml\u0131\u011f\u0131 devletni\u00f1 k\u00fc\u00e7\u00fcdir&#8221;, dedi.<\/p>\n\n\n\n<p>Q\u0131r\u0131mtatarlarnen dialog ve munasebetlerni devam ettir\u00fcvni\u00f1 emiyetine diqqatn\u0131 celp etken E. Tatar Q\u0131br\u0131zda oqu\u011fan talebeler ayn\u0131 zamanda Q\u0131br\u0131zn\u0131\u00f1 da fahriy temsilcileri ol\u011fan\u0131n\u0131 s\u00f6yledi.<\/p>\n\n\n\n<figure class=\"wp-block-image size-full\"><img loading=\"lazy\" decoding=\"async\" width=\"650\" height=\"412\" src=\"http:\/\/qtmm.org\/wp-content\/uploads\/2022\/01\/tatar3.jpeg\" alt=\"\" class=\"wp-image-33538\" srcset=\"https:\/\/qtmm.org\/wp-content\/uploads\/2022\/01\/tatar3.jpeg 650w, https:\/\/qtmm.org\/wp-content\/uploads\/2022\/01\/tatar3-300x190.jpeg 300w\" sizes=\"auto, (max-width: 650px) 100vw, 650px\" \/><\/figure>\n\n\n\n<p>Q\u0131r\u0131mtatar halq\u0131 Meclisini\u00f1 ba\u015f\u0131, Ukraina halq deputat\u0131 Mustafa Cemil Q\u0131r\u0131mo\u011flu da eki \u00fclke aras\u0131nda angi alanlarda i\u015fbirligi yap\u0131labilecegi boyunca \u00e7al\u0131\u015ft\u0131qlar\u0131n\u0131 belirtti.<\/p>\n\n\n\n<p>Q\u0131r\u0131mo\u011flu, &#8220;biz yal\u0131\u00f1\u0131z dost, qarda\u015f degilmiz. \u0130\u015fbirligimiz ne qadar qaviy olsa, yaq\u0131nl\u0131\u011f\u0131m\u0131z da o qadar olur. Bu yerde 15 nefer balam\u0131z oquy. Olarn\u0131\u00f1 say\u0131s\u0131n\u0131 artt\u0131rmaq ve sizi\u00f1 de ya\u015flar\u0131\u00f1\u0131zn\u0131 Q\u0131r\u0131mda k\u00f6rmege isteymiz&#8221;, dedi.<\/p>\n\n\n\n<p>Tam\u0131rlar\u0131 q\u0131r\u0131mtatarlar\u0131ndan ol\u011fan Ersin Tatarn\u0131\u00f1 \u015eQTC Nazir oluv\u0131n\u0131 \u011furur ile tilge al\u011fan Q\u0131r\u0131mo\u011flu Tatarn\u0131 Q\u0131r\u0131m\u011fa davet etti.<\/p>\n\n\n\n<p>Q\u0131r\u0131mtatar i\u015f adamlar\u0131n\u0131\u00f1 \u015eimaliy Q\u0131br\u0131z T\u00fcrkiye Cumhuriyetini\u00f1 i\u015f dairelerinen i\u015fbirligini pekitmek ve inki\u015faf ettirmek i\u00e7\u00fcn o\u00f1aytl\u0131 \u015faraitler yaratuv meselelerini Meclis reisini\u00f1 yard\u0131mc\u0131s\u0131, Q\u0131r\u0131m Halqara Biznes Birle\u015fmesini\u00f1 yat\u0131r\u0131mlar ve halqara ticaret komitetini\u00f1 ba\u015f\u0131 Rustem \u00dcmerov seslendirdi.<\/p>\n\n\n\n<p>Mustafa Cemilev Ersin Tatarn\u0131\u00f1 ecdatlar\u0131 da Q\u0131r\u0131mdan ol\u011fan\u0131, on\u0131\u00f1 babas\u0131 Rustem Tatar q\u0131r\u0131mtatar halq\u0131n\u0131\u00f1 tarih\u0131 ve facial\u0131 taqdiri aqq\u0131nda \u00e7oq bilgeniini say\u011f\u0131 ve \u011furur ile qayd eterek nazirni ve ailesini e\u00f1 yaq\u0131n zamanda Q\u0131r\u0131m ziyaretine davet etti.<\/p>\n\n\n\n<figure class=\"wp-block-image size-full\"><img loading=\"lazy\" decoding=\"async\" width=\"650\" height=\"418\" src=\"http:\/\/qtmm.org\/wp-content\/uploads\/2022\/01\/otec_tatara1.jpeg\" alt=\"\" class=\"wp-image-33542\" srcset=\"https:\/\/qtmm.org\/wp-content\/uploads\/2022\/01\/otec_tatara1.jpeg 650w, https:\/\/qtmm.org\/wp-content\/uploads\/2022\/01\/otec_tatara1-300x193.jpeg 300w\" sizes=\"auto, (max-width: 650px) 100vw, 650px\" \/><\/figure>\n\n\n\n<p><\/p>\n","protected":false},"excerpt":{"rendered":"<p>\u015eQTCde ziyaretnen bulun\u011fan Q\u0131r\u0131mtatar halq\u0131 Meclisini\u00f1 Ba\u015fqan\u0131, Ukraina halq deputat\u0131 Mustafa Cemil Q\u0131r\u0131mo\u011flu Maliye naziri Ersin Tatar taraf\u0131ndan kabul etildi. E. Tatar mustaqillik mucadelesinde eki halqn\u0131\u00f1 taqdirleri biri-birine be\u00f1zegenini qayd eterek: &#8220;sizler Q\u0131r\u0131m Cumhuriyetinde Tatarlarn\u0131\u00f1 mustaqilligi i\u00e7\u00fcn k\u00fcre\u015f al\u0131p baras\u0131\u00f1\u0131z. Aqiqiy qaramanlar kibi \u00f6z areketi\u00f1izni quvetlendirmek i\u00e7\u00fcn daa ziyade \u011fayret k\u00f6stermektesi\u00f1iz. Biz de ayn\u0131 areketlerni [&hellip;]<\/p>\n","protected":false},"author":1,"featured_media":33530,"comment_status":"open","ping_status":"open","sticky":false,"template":"","format":"standard","meta":{"inline_featured_image":false,"footnotes":""},"categories":[265],"tags":[],"class_list":["post-33529","post","type-post","status-publish","format-standard","has-post-thumbnail","hentry","category-haberler"],"acf":[],"yoast_head":"<!-- This site is optimized with the Yoast SEO plugin v27.4 - https:\/\/yoast.com\/product\/yoast-seo-wordpress\/ -->\n<title>Qirimtatarlar ve \u015eimaliy Qibriz T\u00fcrkiye Cumhuriyeti arasinda ba\u011flarni pekitmeli - \u041c\u0435\u0434\u0436\u043b\u0456\u0441<\/title>\n<meta name=\"robots\" content=\"index, follow, max-snippet:-1, max-image-preview:large, max-video-preview:-1\" \/>\n<link rel=\"canonical\" href=\"https:\/\/qtmm.org\/qt\/qirimtatarlar-ve-simaliy-qibriz-turkiye-cumhuriyeti-arasinda-baglarni-pekitmeli\/\" \/>\n<meta property=\"og:locale\" content=\"en_US\" \/>\n<meta property=\"og:type\" content=\"article\" \/>\n<meta property=\"og:title\" content=\"Qirimtatarlar ve \u015eimaliy Qibriz T\u00fcrkiye Cumhuriyeti arasinda ba\u011flarni pekitmeli - \u041c\u0435\u0434\u0436\u043b\u0456\u0441\" \/>\n<meta property=\"og:description\" content=\"\u015eQTCde ziyaretnen bulun\u011fan Q\u0131r\u0131mtatar halq\u0131 Meclisini\u00f1 Ba\u015fqan\u0131, Ukraina halq deputat\u0131 Mustafa Cemil Q\u0131r\u0131mo\u011flu Maliye naziri Ersin Tatar taraf\u0131ndan kabul etildi. E. Tatar mustaqillik mucadelesinde eki halqn\u0131\u00f1 taqdirleri biri-birine be\u00f1zegenini qayd eterek: &#8220;sizler Q\u0131r\u0131m Cumhuriyetinde Tatarlarn\u0131\u00f1 mustaqilligi i\u00e7\u00fcn k\u00fcre\u015f al\u0131p baras\u0131\u00f1\u0131z. Aqiqiy qaramanlar kibi \u00f6z areketi\u00f1izni quvetlendirmek i\u00e7\u00fcn daa ziyade \u011fayret k\u00f6stermektesi\u00f1iz. Biz de ayn\u0131 areketlerni [&hellip;]\" \/>\n<meta property=\"og:url\" content=\"https:\/\/qtmm.org\/qt\/qirimtatarlar-ve-simaliy-qibriz-turkiye-cumhuriyeti-arasinda-baglarni-pekitmeli\/\" \/>\n<meta property=\"og:site_name\" content=\"\u041c\u0435\u0434\u0436\u043b\u0456\u0441\" \/>\n<meta property=\"article:publisher\" content=\"https:\/\/www.facebook.com\/qtmm.info\/\" \/>\n<meta property=\"article:published_time\" content=\"2012-08-28T21:00:00+00:00\" \/>\n<meta property=\"article:modified_time\" content=\"2022-01-21T21:02:23+00:00\" \/>\n<meta property=\"og:image\" content=\"https:\/\/qtmm.org\/wp-content\/uploads\/2022\/01\/tatar1.jpeg\" \/>\n\t<meta property=\"og:image:width\" content=\"650\" \/>\n\t<meta property=\"og:image:height\" content=\"381\" \/>\n\t<meta property=\"og:image:type\" content=\"image\/jpeg\" \/>\n<meta name=\"author\" content=\"Developer\" \/>\n<meta name=\"twitter:card\" content=\"summary_large_image\" \/>\n<meta name=\"twitter:label1\" content=\"Written by\" \/>\n\t<meta name=\"twitter:data1\" content=\"Developer\" \/>\n\t<meta name=\"twitter:label2\" content=\"Est. reading time\" \/>\n\t<meta name=\"twitter:data2\" content=\"2 minutes\" \/>\n<script type=\"application\/ld+json\" class=\"yoast-schema-graph\">{\"@context\":\"https:\\\/\\\/schema.org\",\"@graph\":[{\"@type\":\"Article\",\"@id\":\"https:\\\/\\\/qtmm.org\\\/qt\\\/qirimtatarlar-ve-simaliy-qibriz-turkiye-cumhuriyeti-arasinda-baglarni-pekitmeli\\\/#article\",\"isPartOf\":{\"@id\":\"https:\\\/\\\/qtmm.org\\\/qt\\\/qirimtatarlar-ve-simaliy-qibriz-turkiye-cumhuriyeti-arasinda-baglarni-pekitmeli\\\/\"},\"author\":{\"name\":\"Developer\",\"@id\":\"https:\\\/\\\/qtmm.org\\\/qt\\\/#\\\/schema\\\/person\\\/de562469f971dec226ac06e60bbf74a7\"},\"headline\":\"Qirimtatarlar ve \u015eimaliy Qibriz T\u00fcrkiye Cumhuriyeti arasinda ba\u011flarni pekitmeli\",\"datePublished\":\"2012-08-28T21:00:00+00:00\",\"dateModified\":\"2022-01-21T21:02:23+00:00\",\"mainEntityOfPage\":{\"@id\":\"https:\\\/\\\/qtmm.org\\\/qt\\\/qirimtatarlar-ve-simaliy-qibriz-turkiye-cumhuriyeti-arasinda-baglarni-pekitmeli\\\/\"},\"wordCount\":477,\"commentCount\":0,\"publisher\":{\"@id\":\"https:\\\/\\\/qtmm.org\\\/qt\\\/#organization\"},\"image\":{\"@id\":\"https:\\\/\\\/qtmm.org\\\/qt\\\/qirimtatarlar-ve-simaliy-qibriz-turkiye-cumhuriyeti-arasinda-baglarni-pekitmeli\\\/#primaryimage\"},\"thumbnailUrl\":\"https:\\\/\\\/qtmm.org\\\/wp-content\\\/uploads\\\/2022\\\/01\\\/tatar1.jpeg\",\"articleSection\":[\"Haberler\"],\"inLanguage\":\"qt\",\"potentialAction\":[{\"@type\":\"CommentAction\",\"name\":\"Comment\",\"target\":[\"https:\\\/\\\/qtmm.org\\\/qt\\\/qirimtatarlar-ve-simaliy-qibriz-turkiye-cumhuriyeti-arasinda-baglarni-pekitmeli\\\/#respond\"]}]},{\"@type\":\"WebPage\",\"@id\":\"https:\\\/\\\/qtmm.org\\\/qt\\\/qirimtatarlar-ve-simaliy-qibriz-turkiye-cumhuriyeti-arasinda-baglarni-pekitmeli\\\/\",\"url\":\"https:\\\/\\\/qtmm.org\\\/qt\\\/qirimtatarlar-ve-simaliy-qibriz-turkiye-cumhuriyeti-arasinda-baglarni-pekitmeli\\\/\",\"name\":\"Qirimtatarlar ve \u015eimaliy Qibriz T\u00fcrkiye Cumhuriyeti arasinda ba\u011flarni pekitmeli - \u041c\u0435\u0434\u0436\u043b\u0456\u0441\",\"isPartOf\":{\"@id\":\"https:\\\/\\\/qtmm.org\\\/qt\\\/#website\"},\"primaryImageOfPage\":{\"@id\":\"https:\\\/\\\/qtmm.org\\\/qt\\\/qirimtatarlar-ve-simaliy-qibriz-turkiye-cumhuriyeti-arasinda-baglarni-pekitmeli\\\/#primaryimage\"},\"image\":{\"@id\":\"https:\\\/\\\/qtmm.org\\\/qt\\\/qirimtatarlar-ve-simaliy-qibriz-turkiye-cumhuriyeti-arasinda-baglarni-pekitmeli\\\/#primaryimage\"},\"thumbnailUrl\":\"https:\\\/\\\/qtmm.org\\\/wp-content\\\/uploads\\\/2022\\\/01\\\/tatar1.jpeg\",\"datePublished\":\"2012-08-28T21:00:00+00:00\",\"dateModified\":\"2022-01-21T21:02:23+00:00\",\"breadcrumb\":{\"@id\":\"https:\\\/\\\/qtmm.org\\\/qt\\\/qirimtatarlar-ve-simaliy-qibriz-turkiye-cumhuriyeti-arasinda-baglarni-pekitmeli\\\/#breadcrumb\"},\"inLanguage\":\"qt\",\"potentialAction\":[{\"@type\":\"ReadAction\",\"target\":[\"https:\\\/\\\/qtmm.org\\\/qt\\\/qirimtatarlar-ve-simaliy-qibriz-turkiye-cumhuriyeti-arasinda-baglarni-pekitmeli\\\/\"]}]},{\"@type\":\"ImageObject\",\"inLanguage\":\"qt\",\"@id\":\"https:\\\/\\\/qtmm.org\\\/qt\\\/qirimtatarlar-ve-simaliy-qibriz-turkiye-cumhuriyeti-arasinda-baglarni-pekitmeli\\\/#primaryimage\",\"url\":\"https:\\\/\\\/qtmm.org\\\/wp-content\\\/uploads\\\/2022\\\/01\\\/tatar1.jpeg\",\"contentUrl\":\"https:\\\/\\\/qtmm.org\\\/wp-content\\\/uploads\\\/2022\\\/01\\\/tatar1.jpeg\",\"width\":650,\"height\":381},{\"@type\":\"BreadcrumbList\",\"@id\":\"https:\\\/\\\/qtmm.org\\\/qt\\\/qirimtatarlar-ve-simaliy-qibriz-turkiye-cumhuriyeti-arasinda-baglarni-pekitmeli\\\/#breadcrumb\",\"itemListElement\":[{\"@type\":\"ListItem\",\"position\":1,\"name\":\"\u0413\u043e\u043b\u043e\u0432\u043d\u0430\",\"item\":\"https:\\\/\\\/qtmm.org\\\/qt\\\/\"},{\"@type\":\"ListItem\",\"position\":2,\"name\":\"Qirimtatarlar ve \u015eimaliy Qibriz T\u00fcrkiye Cumhuriyeti arasinda ba\u011flarni pekitmeli\"}]},{\"@type\":\"WebSite\",\"@id\":\"https:\\\/\\\/qtmm.org\\\/qt\\\/#website\",\"url\":\"https:\\\/\\\/qtmm.org\\\/qt\\\/\",\"name\":\"\u041c\u0435\u0434\u0436\u043b\u0456\u0441\",\"description\":\"\",\"publisher\":{\"@id\":\"https:\\\/\\\/qtmm.org\\\/qt\\\/#organization\"},\"potentialAction\":[{\"@type\":\"SearchAction\",\"target\":{\"@type\":\"EntryPoint\",\"urlTemplate\":\"https:\\\/\\\/qtmm.org\\\/qt\\\/?s={search_term_string}\"},\"query-input\":{\"@type\":\"PropertyValueSpecification\",\"valueRequired\":true,\"valueName\":\"search_term_string\"}}],\"inLanguage\":\"qt\"},{\"@type\":\"Organization\",\"@id\":\"https:\\\/\\\/qtmm.org\\\/qt\\\/#organization\",\"name\":\"\u041c\u0435\u0434\u0436\u043b\u0456\u0441\",\"url\":\"https:\\\/\\\/qtmm.org\\\/qt\\\/\",\"logo\":{\"@type\":\"ImageObject\",\"inLanguage\":\"qt\",\"@id\":\"https:\\\/\\\/qtmm.org\\\/qt\\\/#\\\/schema\\\/logo\\\/image\\\/\",\"url\":\"https:\\\/\\\/qtmm.org\\\/wp-content\\\/uploads\\\/2024\\\/12\\\/ua-mejlis-logo-rgb.svg\",\"contentUrl\":\"https:\\\/\\\/qtmm.org\\\/wp-content\\\/uploads\\\/2024\\\/12\\\/ua-mejlis-logo-rgb.svg\",\"caption\":\"\u041c\u0435\u0434\u0436\u043b\u0456\u0441\"},\"image\":{\"@id\":\"https:\\\/\\\/qtmm.org\\\/qt\\\/#\\\/schema\\\/logo\\\/image\\\/\"},\"sameAs\":[\"https:\\\/\\\/www.facebook.com\\\/qtmm.info\\\/\"]},{\"@type\":\"Person\",\"@id\":\"https:\\\/\\\/qtmm.org\\\/qt\\\/#\\\/schema\\\/person\\\/de562469f971dec226ac06e60bbf74a7\",\"name\":\"Developer\",\"image\":{\"@type\":\"ImageObject\",\"inLanguage\":\"qt\",\"@id\":\"https:\\\/\\\/secure.gravatar.com\\\/avatar\\\/392b4cc8fbfeb00b39dfeeab4ee6edded39ffd48e25858637e4765810300227e?s=96&d=mm&r=g\",\"url\":\"https:\\\/\\\/secure.gravatar.com\\\/avatar\\\/392b4cc8fbfeb00b39dfeeab4ee6edded39ffd48e25858637e4765810300227e?s=96&d=mm&r=g\",\"contentUrl\":\"https:\\\/\\\/secure.gravatar.com\\\/avatar\\\/392b4cc8fbfeb00b39dfeeab4ee6edded39ffd48e25858637e4765810300227e?s=96&d=mm&r=g\",\"caption\":\"Developer\"},\"url\":\"https:\\\/\\\/qtmm.org\\\/qt\\\/author\\\/Developer\\\/\"}]}<\/script>\n<!-- \/ Yoast SEO plugin. -->","yoast_head_json":{"title":"Qirimtatarlar ve \u015eimaliy Qibriz T\u00fcrkiye Cumhuriyeti arasinda ba\u011flarni pekitmeli - \u041c\u0435\u0434\u0436\u043b\u0456\u0441","robots":{"index":"index","follow":"follow","max-snippet":"max-snippet:-1","max-image-preview":"max-image-preview:large","max-video-preview":"max-video-preview:-1"},"canonical":"https:\/\/qtmm.org\/qt\/qirimtatarlar-ve-simaliy-qibriz-turkiye-cumhuriyeti-arasinda-baglarni-pekitmeli\/","og_locale":"en_US","og_type":"article","og_title":"Qirimtatarlar ve \u015eimaliy Qibriz T\u00fcrkiye Cumhuriyeti arasinda ba\u011flarni pekitmeli - \u041c\u0435\u0434\u0436\u043b\u0456\u0441","og_description":"\u015eQTCde ziyaretnen bulun\u011fan Q\u0131r\u0131mtatar halq\u0131 Meclisini\u00f1 Ba\u015fqan\u0131, Ukraina halq deputat\u0131 Mustafa Cemil Q\u0131r\u0131mo\u011flu Maliye naziri Ersin Tatar taraf\u0131ndan kabul etildi. E. Tatar mustaqillik mucadelesinde eki halqn\u0131\u00f1 taqdirleri biri-birine be\u00f1zegenini qayd eterek: &#8220;sizler Q\u0131r\u0131m Cumhuriyetinde Tatarlarn\u0131\u00f1 mustaqilligi i\u00e7\u00fcn k\u00fcre\u015f al\u0131p baras\u0131\u00f1\u0131z. Aqiqiy qaramanlar kibi \u00f6z areketi\u00f1izni quvetlendirmek i\u00e7\u00fcn daa ziyade \u011fayret k\u00f6stermektesi\u00f1iz. Biz de ayn\u0131 areketlerni [&hellip;]","og_url":"https:\/\/qtmm.org\/qt\/qirimtatarlar-ve-simaliy-qibriz-turkiye-cumhuriyeti-arasinda-baglarni-pekitmeli\/","og_site_name":"\u041c\u0435\u0434\u0436\u043b\u0456\u0441","article_publisher":"https:\/\/www.facebook.com\/qtmm.info\/","article_published_time":"2012-08-28T21:00:00+00:00","article_modified_time":"2022-01-21T21:02:23+00:00","og_image":[{"width":650,"height":381,"url":"https:\/\/qtmm.org\/wp-content\/uploads\/2022\/01\/tatar1.jpeg","type":"image\/jpeg"}],"author":"Developer","twitter_card":"summary_large_image","twitter_misc":{"Written by":"Developer","Est. reading time":"2 minutes"},"schema":{"@context":"https:\/\/schema.org","@graph":[{"@type":"Article","@id":"https:\/\/qtmm.org\/qt\/qirimtatarlar-ve-simaliy-qibriz-turkiye-cumhuriyeti-arasinda-baglarni-pekitmeli\/#article","isPartOf":{"@id":"https:\/\/qtmm.org\/qt\/qirimtatarlar-ve-simaliy-qibriz-turkiye-cumhuriyeti-arasinda-baglarni-pekitmeli\/"},"author":{"name":"Developer","@id":"https:\/\/qtmm.org\/qt\/#\/schema\/person\/de562469f971dec226ac06e60bbf74a7"},"headline":"Qirimtatarlar ve \u015eimaliy Qibriz T\u00fcrkiye Cumhuriyeti arasinda ba\u011flarni pekitmeli","datePublished":"2012-08-28T21:00:00+00:00","dateModified":"2022-01-21T21:02:23+00:00","mainEntityOfPage":{"@id":"https:\/\/qtmm.org\/qt\/qirimtatarlar-ve-simaliy-qibriz-turkiye-cumhuriyeti-arasinda-baglarni-pekitmeli\/"},"wordCount":477,"commentCount":0,"publisher":{"@id":"https:\/\/qtmm.org\/qt\/#organization"},"image":{"@id":"https:\/\/qtmm.org\/qt\/qirimtatarlar-ve-simaliy-qibriz-turkiye-cumhuriyeti-arasinda-baglarni-pekitmeli\/#primaryimage"},"thumbnailUrl":"https:\/\/qtmm.org\/wp-content\/uploads\/2022\/01\/tatar1.jpeg","articleSection":["Haberler"],"inLanguage":"qt","potentialAction":[{"@type":"CommentAction","name":"Comment","target":["https:\/\/qtmm.org\/qt\/qirimtatarlar-ve-simaliy-qibriz-turkiye-cumhuriyeti-arasinda-baglarni-pekitmeli\/#respond"]}]},{"@type":"WebPage","@id":"https:\/\/qtmm.org\/qt\/qirimtatarlar-ve-simaliy-qibriz-turkiye-cumhuriyeti-arasinda-baglarni-pekitmeli\/","url":"https:\/\/qtmm.org\/qt\/qirimtatarlar-ve-simaliy-qibriz-turkiye-cumhuriyeti-arasinda-baglarni-pekitmeli\/","name":"Qirimtatarlar ve \u015eimaliy Qibriz T\u00fcrkiye Cumhuriyeti arasinda ba\u011flarni pekitmeli - \u041c\u0435\u0434\u0436\u043b\u0456\u0441","isPartOf":{"@id":"https:\/\/qtmm.org\/qt\/#website"},"primaryImageOfPage":{"@id":"https:\/\/qtmm.org\/qt\/qirimtatarlar-ve-simaliy-qibriz-turkiye-cumhuriyeti-arasinda-baglarni-pekitmeli\/#primaryimage"},"image":{"@id":"https:\/\/qtmm.org\/qt\/qirimtatarlar-ve-simaliy-qibriz-turkiye-cumhuriyeti-arasinda-baglarni-pekitmeli\/#primaryimage"},"thumbnailUrl":"https:\/\/qtmm.org\/wp-content\/uploads\/2022\/01\/tatar1.jpeg","datePublished":"2012-08-28T21:00:00+00:00","dateModified":"2022-01-21T21:02:23+00:00","breadcrumb":{"@id":"https:\/\/qtmm.org\/qt\/qirimtatarlar-ve-simaliy-qibriz-turkiye-cumhuriyeti-arasinda-baglarni-pekitmeli\/#breadcrumb"},"inLanguage":"qt","potentialAction":[{"@type":"ReadAction","target":["https:\/\/qtmm.org\/qt\/qirimtatarlar-ve-simaliy-qibriz-turkiye-cumhuriyeti-arasinda-baglarni-pekitmeli\/"]}]},{"@type":"ImageObject","inLanguage":"qt","@id":"https:\/\/qtmm.org\/qt\/qirimtatarlar-ve-simaliy-qibriz-turkiye-cumhuriyeti-arasinda-baglarni-pekitmeli\/#primaryimage","url":"https:\/\/qtmm.org\/wp-content\/uploads\/2022\/01\/tatar1.jpeg","contentUrl":"https:\/\/qtmm.org\/wp-content\/uploads\/2022\/01\/tatar1.jpeg","width":650,"height":381},{"@type":"BreadcrumbList","@id":"https:\/\/qtmm.org\/qt\/qirimtatarlar-ve-simaliy-qibriz-turkiye-cumhuriyeti-arasinda-baglarni-pekitmeli\/#breadcrumb","itemListElement":[{"@type":"ListItem","position":1,"name":"\u0413\u043e\u043b\u043e\u0432\u043d\u0430","item":"https:\/\/qtmm.org\/qt\/"},{"@type":"ListItem","position":2,"name":"Qirimtatarlar ve \u015eimaliy Qibriz T\u00fcrkiye Cumhuriyeti arasinda ba\u011flarni pekitmeli"}]},{"@type":"WebSite","@id":"https:\/\/qtmm.org\/qt\/#website","url":"https:\/\/qtmm.org\/qt\/","name":"\u041c\u0435\u0434\u0436\u043b\u0456\u0441","description":"","publisher":{"@id":"https:\/\/qtmm.org\/qt\/#organization"},"potentialAction":[{"@type":"SearchAction","target":{"@type":"EntryPoint","urlTemplate":"https:\/\/qtmm.org\/qt\/?s={search_term_string}"},"query-input":{"@type":"PropertyValueSpecification","valueRequired":true,"valueName":"search_term_string"}}],"inLanguage":"qt"},{"@type":"Organization","@id":"https:\/\/qtmm.org\/qt\/#organization","name":"\u041c\u0435\u0434\u0436\u043b\u0456\u0441","url":"https:\/\/qtmm.org\/qt\/","logo":{"@type":"ImageObject","inLanguage":"qt","@id":"https:\/\/qtmm.org\/qt\/#\/schema\/logo\/image\/","url":"https:\/\/qtmm.org\/wp-content\/uploads\/2024\/12\/ua-mejlis-logo-rgb.svg","contentUrl":"https:\/\/qtmm.org\/wp-content\/uploads\/2024\/12\/ua-mejlis-logo-rgb.svg","caption":"\u041c\u0435\u0434\u0436\u043b\u0456\u0441"},"image":{"@id":"https:\/\/qtmm.org\/qt\/#\/schema\/logo\/image\/"},"sameAs":["https:\/\/www.facebook.com\/qtmm.info\/"]},{"@type":"Person","@id":"https:\/\/qtmm.org\/qt\/#\/schema\/person\/de562469f971dec226ac06e60bbf74a7","name":"Developer","image":{"@type":"ImageObject","inLanguage":"qt","@id":"https:\/\/secure.gravatar.com\/avatar\/392b4cc8fbfeb00b39dfeeab4ee6edded39ffd48e25858637e4765810300227e?s=96&d=mm&r=g","url":"https:\/\/secure.gravatar.com\/avatar\/392b4cc8fbfeb00b39dfeeab4ee6edded39ffd48e25858637e4765810300227e?s=96&d=mm&r=g","contentUrl":"https:\/\/secure.gravatar.com\/avatar\/392b4cc8fbfeb00b39dfeeab4ee6edded39ffd48e25858637e4765810300227e?s=96&d=mm&r=g","caption":"Developer"},"url":"https:\/\/qtmm.org\/qt\/author\/Developer\/"}]}},"_links":{"self":[{"href":"https:\/\/qtmm.org\/qt\/wp-json\/wp\/v2\/posts\/33529","targetHints":{"allow":["GET"]}}],"collection":[{"href":"https:\/\/qtmm.org\/qt\/wp-json\/wp\/v2\/posts"}],"about":[{"href":"https:\/\/qtmm.org\/qt\/wp-json\/wp\/v2\/types\/post"}],"author":[{"embeddable":true,"href":"https:\/\/qtmm.org\/qt\/wp-json\/wp\/v2\/users\/1"}],"replies":[{"embeddable":true,"href":"https:\/\/qtmm.org\/qt\/wp-json\/wp\/v2\/comments?post=33529"}],"version-history":[{"count":1,"href":"https:\/\/qtmm.org\/qt\/wp-json\/wp\/v2\/posts\/33529\/revisions"}],"predecessor-version":[{"id":33546,"href":"https:\/\/qtmm.org\/qt\/wp-json\/wp\/v2\/posts\/33529\/revisions\/33546"}],"wp:featuredmedia":[{"embeddable":true,"href":"https:\/\/qtmm.org\/qt\/wp-json\/wp\/v2\/media\/33530"}],"wp:attachment":[{"href":"https:\/\/qtmm.org\/qt\/wp-json\/wp\/v2\/media?parent=33529"}],"wp:term":[{"taxonomy":"category","embeddable":true,"href":"https:\/\/qtmm.org\/qt\/wp-json\/wp\/v2\/categories?post=33529"},{"taxonomy":"post_tag","embeddable":true,"href":"https:\/\/qtmm.org\/qt\/wp-json\/wp\/v2\/tags?post=33529"}],"curies":[{"name":"wp","href":"https:\/\/api.w.org\/{rel}","templated":true}]}}