




{"id":33527,"date":"2012-08-28T00:00:00","date_gmt":"2012-08-27T21:00:00","guid":{"rendered":"http:\/\/qtmm.org\/?p=33527"},"modified":"2022-01-22T00:00:26","modified_gmt":"2022-01-21T21:00:26","slug":"mustafa-cemilev-yaqin-sarq-universitetinin-rektori-suat-gunsel-ile-korusti","status":"publish","type":"post","link":"https:\/\/qtmm.org\/qt\/mustafa-cemilev-yaqin-sarq-universitetinin-rektori-suat-gunsel-ile-korusti\/","title":{"rendered":"Mustafa Cemilev Yaq\u0131n \u015earq universitetini\u00f1 rektor\u0131 Suat G\u00fcnsel ile k\u00f6r\u00fc\u015fti"},"content":{"rendered":"\n<p>2012 senesi avgust 28 k\u00fcn\u00fc \u015eimaliy Q\u0131br\u0131z T\u00fcrkiye Cumhuriyetinde resmiy ziyaretnen bulun\u011fan Q\u0131r\u0131mtatar halq\u0131 Meclisini\u00f1 reisi, Ukraina halq deputat\u0131 Mustafa Cemilev Q\u0131br\u0131zdaki Yaq\u0131n \u015earq universitetini\u00f1 rektor\u0131 professor Suat G\u00fcnselnen k\u00f6r\u00fc\u015fti.<\/p>\n\n\n\n<p>Qonu\u015fma devam\u0131nda Mustafa Cemilev ve Suat G\u00fcnsel tasil saas\u0131nda eki tarafl\u0131 al\u00e2qalarn\u0131 daa da keni\u015fletmek ve pekitmek maqsad\u0131nda faal i\u015f al\u0131p bar\u0131laca\u011f\u0131n\u0131 qayd ettiler.<\/p>\n\n\n\n<p>Cenap G\u00fcnsel Q\u0131r\u0131mdan oquma\u011fa kelgen ve \u00f6z cumhuriyetlerini e\u00f1 yah\u015f\u0131 \u015fekilde temsil etken \u00fc\u00e7 q\u0131r\u0131mtatar studentni\u00f1 oquv\u0131ndan memn\u00fcn ol\u011fan\u0131n\u0131 bildirdi. K\u00f6r\u00fc\u015f\u00fcvde Meclis reisini\u00f1 yard\u0131mc\u0131s\u0131, Q\u0131r\u0131m Halqara biznes birle\u015fmesi Yat\u0131r\u0131mlar ve halqara ticaret komitetini\u00f1 ba\u015f\u0131 Rustem \u00dcmerov de i\u015ftirak etti.<\/p>\n\n\n\n<p>Belli ki, Meclis reisi Mustafa Cemilev ve Q\u0131br\u0131z Yaq\u0131n \u015earq universitetini\u00f1 rektor\u0131, professor Sual G\u00fcnsel 2009 senesi avgust 15-te \u015eimaliy Q\u0131br\u0131z T\u00fcrkiye Cumhuriyeti ve Ukraina aras\u0131nda t\u00fcrk-ukrain al\u0131\u015f-veri\u015f munasebetleri, iqtisadiyat, tehnika, ilim ve medeniyet saalar\u0131nda uzun m\u00fcddetli eki tarafl\u0131 i\u015fbirlik \u00e7er\u00e7ivesinde a\u00f1la\u015fman\u0131 imzala\u011fan ediler.<\/p>\n\n\n\n<p>Yaq\u0131n \u015farq universitetini\u00f1 iqtisadiyat ve sotsial ilimler fakultetinde tasil almaq i\u00e7\u00fcn er y\u0131l\u0131 Q\u0131r\u0131mdan \u00fc\u00e7 nefer gen\u00e7 yollan\u0131la.<\/p>\n","protected":false},"excerpt":{"rendered":"<p>2012 senesi avgust 28 k\u00fcn\u00fc \u015eimaliy Q\u0131br\u0131z T\u00fcrkiye Cumhuriyetinde resmiy ziyaretnen bulun\u011fan Q\u0131r\u0131mtatar halq\u0131 Meclisini\u00f1 reisi, Ukraina halq deputat\u0131 Mustafa Cemilev Q\u0131br\u0131zdaki Yaq\u0131n \u015earq universitetini\u00f1 rektor\u0131 professor Suat G\u00fcnselnen k\u00f6r\u00fc\u015fti. Qonu\u015fma devam\u0131nda Mustafa Cemilev ve Suat G\u00fcnsel tasil saas\u0131nda eki tarafl\u0131 al\u00e2qalarn\u0131 daa da keni\u015fletmek ve pekitmek maqsad\u0131nda faal i\u015f al\u0131p bar\u0131laca\u011f\u0131n\u0131 qayd ettiler. Cenap [&hellip;]<\/p>\n","protected":false},"author":1,"featured_media":0,"comment_status":"open","ping_status":"open","sticky":false,"template":"","format":"standard","meta":{"inline_featured_image":false,"footnotes":""},"categories":[265],"tags":[],"class_list":["post-33527","post","type-post","status-publish","format-standard","hentry","category-haberler"],"acf":[],"yoast_head":"<!-- This site is optimized with the Yoast SEO plugin v27.4 - https:\/\/yoast.com\/product\/yoast-seo-wordpress\/ -->\n<title>Mustafa Cemilev Yaq\u0131n \u015earq universitetini\u00f1 rektor\u0131 Suat G\u00fcnsel ile k\u00f6r\u00fc\u015fti - \u041c\u0435\u0434\u0436\u043b\u0456\u0441<\/title>\n<meta name=\"robots\" content=\"index, follow, max-snippet:-1, max-image-preview:large, max-video-preview:-1\" \/>\n<link rel=\"canonical\" href=\"https:\/\/qtmm.org\/qt\/mustafa-cemilev-yaqin-sarq-universitetinin-rektori-suat-gunsel-ile-korusti\/\" \/>\n<meta property=\"og:locale\" content=\"en_US\" \/>\n<meta property=\"og:type\" content=\"article\" \/>\n<meta property=\"og:title\" content=\"Mustafa Cemilev Yaq\u0131n \u015earq universitetini\u00f1 rektor\u0131 Suat G\u00fcnsel ile k\u00f6r\u00fc\u015fti - \u041c\u0435\u0434\u0436\u043b\u0456\u0441\" \/>\n<meta property=\"og:description\" content=\"2012 senesi avgust 28 k\u00fcn\u00fc \u015eimaliy Q\u0131br\u0131z T\u00fcrkiye Cumhuriyetinde resmiy ziyaretnen bulun\u011fan Q\u0131r\u0131mtatar halq\u0131 Meclisini\u00f1 reisi, Ukraina halq deputat\u0131 Mustafa Cemilev Q\u0131br\u0131zdaki Yaq\u0131n \u015earq universitetini\u00f1 rektor\u0131 professor Suat G\u00fcnselnen k\u00f6r\u00fc\u015fti. Qonu\u015fma devam\u0131nda Mustafa Cemilev ve Suat G\u00fcnsel tasil saas\u0131nda eki tarafl\u0131 al\u00e2qalarn\u0131 daa da keni\u015fletmek ve pekitmek maqsad\u0131nda faal i\u015f al\u0131p bar\u0131laca\u011f\u0131n\u0131 qayd ettiler. Cenap [&hellip;]\" \/>\n<meta property=\"og:url\" content=\"https:\/\/qtmm.org\/qt\/mustafa-cemilev-yaqin-sarq-universitetinin-rektori-suat-gunsel-ile-korusti\/\" \/>\n<meta property=\"og:site_name\" content=\"\u041c\u0435\u0434\u0436\u043b\u0456\u0441\" \/>\n<meta property=\"article:publisher\" content=\"https:\/\/www.facebook.com\/qtmm.info\/\" \/>\n<meta property=\"article:published_time\" content=\"2012-08-27T21:00:00+00:00\" \/>\n<meta property=\"article:modified_time\" content=\"2022-01-21T21:00:26+00:00\" \/>\n<meta name=\"author\" content=\"Developer\" \/>\n<meta name=\"twitter:card\" content=\"summary_large_image\" \/>\n<meta name=\"twitter:label1\" content=\"Written by\" \/>\n\t<meta name=\"twitter:data1\" content=\"Developer\" \/>\n\t<meta name=\"twitter:label2\" content=\"Est. reading time\" \/>\n\t<meta name=\"twitter:data2\" content=\"1 minute\" \/>\n<script type=\"application\/ld+json\" class=\"yoast-schema-graph\">{\"@context\":\"https:\\\/\\\/schema.org\",\"@graph\":[{\"@type\":\"Article\",\"@id\":\"https:\\\/\\\/qtmm.org\\\/qt\\\/mustafa-cemilev-yaqin-sarq-universitetinin-rektori-suat-gunsel-ile-korusti\\\/#article\",\"isPartOf\":{\"@id\":\"https:\\\/\\\/qtmm.org\\\/qt\\\/mustafa-cemilev-yaqin-sarq-universitetinin-rektori-suat-gunsel-ile-korusti\\\/\"},\"author\":{\"name\":\"Developer\",\"@id\":\"https:\\\/\\\/qtmm.org\\\/qt\\\/#\\\/schema\\\/person\\\/de562469f971dec226ac06e60bbf74a7\"},\"headline\":\"Mustafa Cemilev Yaq\u0131n \u015earq universitetini\u00f1 rektor\u0131 Suat G\u00fcnsel ile k\u00f6r\u00fc\u015fti\",\"datePublished\":\"2012-08-27T21:00:00+00:00\",\"dateModified\":\"2022-01-21T21:00:26+00:00\",\"mainEntityOfPage\":{\"@id\":\"https:\\\/\\\/qtmm.org\\\/qt\\\/mustafa-cemilev-yaqin-sarq-universitetinin-rektori-suat-gunsel-ile-korusti\\\/\"},\"wordCount\":230,\"commentCount\":0,\"publisher\":{\"@id\":\"https:\\\/\\\/qtmm.org\\\/qt\\\/#organization\"},\"articleSection\":[\"Haberler\"],\"inLanguage\":\"qt\",\"potentialAction\":[{\"@type\":\"CommentAction\",\"name\":\"Comment\",\"target\":[\"https:\\\/\\\/qtmm.org\\\/qt\\\/mustafa-cemilev-yaqin-sarq-universitetinin-rektori-suat-gunsel-ile-korusti\\\/#respond\"]}]},{\"@type\":\"WebPage\",\"@id\":\"https:\\\/\\\/qtmm.org\\\/qt\\\/mustafa-cemilev-yaqin-sarq-universitetinin-rektori-suat-gunsel-ile-korusti\\\/\",\"url\":\"https:\\\/\\\/qtmm.org\\\/qt\\\/mustafa-cemilev-yaqin-sarq-universitetinin-rektori-suat-gunsel-ile-korusti\\\/\",\"name\":\"Mustafa Cemilev Yaq\u0131n \u015earq universitetini\u00f1 rektor\u0131 Suat G\u00fcnsel ile k\u00f6r\u00fc\u015fti - \u041c\u0435\u0434\u0436\u043b\u0456\u0441\",\"isPartOf\":{\"@id\":\"https:\\\/\\\/qtmm.org\\\/qt\\\/#website\"},\"datePublished\":\"2012-08-27T21:00:00+00:00\",\"dateModified\":\"2022-01-21T21:00:26+00:00\",\"breadcrumb\":{\"@id\":\"https:\\\/\\\/qtmm.org\\\/qt\\\/mustafa-cemilev-yaqin-sarq-universitetinin-rektori-suat-gunsel-ile-korusti\\\/#breadcrumb\"},\"inLanguage\":\"qt\",\"potentialAction\":[{\"@type\":\"ReadAction\",\"target\":[\"https:\\\/\\\/qtmm.org\\\/qt\\\/mustafa-cemilev-yaqin-sarq-universitetinin-rektori-suat-gunsel-ile-korusti\\\/\"]}]},{\"@type\":\"BreadcrumbList\",\"@id\":\"https:\\\/\\\/qtmm.org\\\/qt\\\/mustafa-cemilev-yaqin-sarq-universitetinin-rektori-suat-gunsel-ile-korusti\\\/#breadcrumb\",\"itemListElement\":[{\"@type\":\"ListItem\",\"position\":1,\"name\":\"\u0413\u043e\u043b\u043e\u0432\u043d\u0430\",\"item\":\"https:\\\/\\\/qtmm.org\\\/qt\\\/\"},{\"@type\":\"ListItem\",\"position\":2,\"name\":\"Mustafa Cemilev Yaq\u0131n \u015earq universitetini\u00f1 rektor\u0131 Suat G\u00fcnsel ile k\u00f6r\u00fc\u015fti\"}]},{\"@type\":\"WebSite\",\"@id\":\"https:\\\/\\\/qtmm.org\\\/qt\\\/#website\",\"url\":\"https:\\\/\\\/qtmm.org\\\/qt\\\/\",\"name\":\"\u041c\u0435\u0434\u0436\u043b\u0456\u0441\",\"description\":\"\",\"publisher\":{\"@id\":\"https:\\\/\\\/qtmm.org\\\/qt\\\/#organization\"},\"potentialAction\":[{\"@type\":\"SearchAction\",\"target\":{\"@type\":\"EntryPoint\",\"urlTemplate\":\"https:\\\/\\\/qtmm.org\\\/qt\\\/?s={search_term_string}\"},\"query-input\":{\"@type\":\"PropertyValueSpecification\",\"valueRequired\":true,\"valueName\":\"search_term_string\"}}],\"inLanguage\":\"qt\"},{\"@type\":\"Organization\",\"@id\":\"https:\\\/\\\/qtmm.org\\\/qt\\\/#organization\",\"name\":\"\u041c\u0435\u0434\u0436\u043b\u0456\u0441\",\"url\":\"https:\\\/\\\/qtmm.org\\\/qt\\\/\",\"logo\":{\"@type\":\"ImageObject\",\"inLanguage\":\"qt\",\"@id\":\"https:\\\/\\\/qtmm.org\\\/qt\\\/#\\\/schema\\\/logo\\\/image\\\/\",\"url\":\"https:\\\/\\\/qtmm.org\\\/wp-content\\\/uploads\\\/2024\\\/12\\\/ua-mejlis-logo-rgb.svg\",\"contentUrl\":\"https:\\\/\\\/qtmm.org\\\/wp-content\\\/uploads\\\/2024\\\/12\\\/ua-mejlis-logo-rgb.svg\",\"caption\":\"\u041c\u0435\u0434\u0436\u043b\u0456\u0441\"},\"image\":{\"@id\":\"https:\\\/\\\/qtmm.org\\\/qt\\\/#\\\/schema\\\/logo\\\/image\\\/\"},\"sameAs\":[\"https:\\\/\\\/www.facebook.com\\\/qtmm.info\\\/\"]},{\"@type\":\"Person\",\"@id\":\"https:\\\/\\\/qtmm.org\\\/qt\\\/#\\\/schema\\\/person\\\/de562469f971dec226ac06e60bbf74a7\",\"name\":\"Developer\",\"image\":{\"@type\":\"ImageObject\",\"inLanguage\":\"qt\",\"@id\":\"https:\\\/\\\/secure.gravatar.com\\\/avatar\\\/392b4cc8fbfeb00b39dfeeab4ee6edded39ffd48e25858637e4765810300227e?s=96&d=mm&r=g\",\"url\":\"https:\\\/\\\/secure.gravatar.com\\\/avatar\\\/392b4cc8fbfeb00b39dfeeab4ee6edded39ffd48e25858637e4765810300227e?s=96&d=mm&r=g\",\"contentUrl\":\"https:\\\/\\\/secure.gravatar.com\\\/avatar\\\/392b4cc8fbfeb00b39dfeeab4ee6edded39ffd48e25858637e4765810300227e?s=96&d=mm&r=g\",\"caption\":\"Developer\"},\"url\":\"https:\\\/\\\/qtmm.org\\\/qt\\\/author\\\/Developer\\\/\"}]}<\/script>\n<!-- \/ Yoast SEO plugin. -->","yoast_head_json":{"title":"Mustafa Cemilev Yaq\u0131n \u015earq universitetini\u00f1 rektor\u0131 Suat G\u00fcnsel ile k\u00f6r\u00fc\u015fti - \u041c\u0435\u0434\u0436\u043b\u0456\u0441","robots":{"index":"index","follow":"follow","max-snippet":"max-snippet:-1","max-image-preview":"max-image-preview:large","max-video-preview":"max-video-preview:-1"},"canonical":"https:\/\/qtmm.org\/qt\/mustafa-cemilev-yaqin-sarq-universitetinin-rektori-suat-gunsel-ile-korusti\/","og_locale":"en_US","og_type":"article","og_title":"Mustafa Cemilev Yaq\u0131n \u015earq universitetini\u00f1 rektor\u0131 Suat G\u00fcnsel ile k\u00f6r\u00fc\u015fti - \u041c\u0435\u0434\u0436\u043b\u0456\u0441","og_description":"2012 senesi avgust 28 k\u00fcn\u00fc \u015eimaliy Q\u0131br\u0131z T\u00fcrkiye Cumhuriyetinde resmiy ziyaretnen bulun\u011fan Q\u0131r\u0131mtatar halq\u0131 Meclisini\u00f1 reisi, Ukraina halq deputat\u0131 Mustafa Cemilev Q\u0131br\u0131zdaki Yaq\u0131n \u015earq universitetini\u00f1 rektor\u0131 professor Suat G\u00fcnselnen k\u00f6r\u00fc\u015fti. Qonu\u015fma devam\u0131nda Mustafa Cemilev ve Suat G\u00fcnsel tasil saas\u0131nda eki tarafl\u0131 al\u00e2qalarn\u0131 daa da keni\u015fletmek ve pekitmek maqsad\u0131nda faal i\u015f al\u0131p bar\u0131laca\u011f\u0131n\u0131 qayd ettiler. Cenap [&hellip;]","og_url":"https:\/\/qtmm.org\/qt\/mustafa-cemilev-yaqin-sarq-universitetinin-rektori-suat-gunsel-ile-korusti\/","og_site_name":"\u041c\u0435\u0434\u0436\u043b\u0456\u0441","article_publisher":"https:\/\/www.facebook.com\/qtmm.info\/","article_published_time":"2012-08-27T21:00:00+00:00","article_modified_time":"2022-01-21T21:00:26+00:00","author":"Developer","twitter_card":"summary_large_image","twitter_misc":{"Written by":"Developer","Est. reading time":"1 minute"},"schema":{"@context":"https:\/\/schema.org","@graph":[{"@type":"Article","@id":"https:\/\/qtmm.org\/qt\/mustafa-cemilev-yaqin-sarq-universitetinin-rektori-suat-gunsel-ile-korusti\/#article","isPartOf":{"@id":"https:\/\/qtmm.org\/qt\/mustafa-cemilev-yaqin-sarq-universitetinin-rektori-suat-gunsel-ile-korusti\/"},"author":{"name":"Developer","@id":"https:\/\/qtmm.org\/qt\/#\/schema\/person\/de562469f971dec226ac06e60bbf74a7"},"headline":"Mustafa Cemilev Yaq\u0131n \u015earq universitetini\u00f1 rektor\u0131 Suat G\u00fcnsel ile k\u00f6r\u00fc\u015fti","datePublished":"2012-08-27T21:00:00+00:00","dateModified":"2022-01-21T21:00:26+00:00","mainEntityOfPage":{"@id":"https:\/\/qtmm.org\/qt\/mustafa-cemilev-yaqin-sarq-universitetinin-rektori-suat-gunsel-ile-korusti\/"},"wordCount":230,"commentCount":0,"publisher":{"@id":"https:\/\/qtmm.org\/qt\/#organization"},"articleSection":["Haberler"],"inLanguage":"qt","potentialAction":[{"@type":"CommentAction","name":"Comment","target":["https:\/\/qtmm.org\/qt\/mustafa-cemilev-yaqin-sarq-universitetinin-rektori-suat-gunsel-ile-korusti\/#respond"]}]},{"@type":"WebPage","@id":"https:\/\/qtmm.org\/qt\/mustafa-cemilev-yaqin-sarq-universitetinin-rektori-suat-gunsel-ile-korusti\/","url":"https:\/\/qtmm.org\/qt\/mustafa-cemilev-yaqin-sarq-universitetinin-rektori-suat-gunsel-ile-korusti\/","name":"Mustafa Cemilev Yaq\u0131n \u015earq universitetini\u00f1 rektor\u0131 Suat G\u00fcnsel ile k\u00f6r\u00fc\u015fti - \u041c\u0435\u0434\u0436\u043b\u0456\u0441","isPartOf":{"@id":"https:\/\/qtmm.org\/qt\/#website"},"datePublished":"2012-08-27T21:00:00+00:00","dateModified":"2022-01-21T21:00:26+00:00","breadcrumb":{"@id":"https:\/\/qtmm.org\/qt\/mustafa-cemilev-yaqin-sarq-universitetinin-rektori-suat-gunsel-ile-korusti\/#breadcrumb"},"inLanguage":"qt","potentialAction":[{"@type":"ReadAction","target":["https:\/\/qtmm.org\/qt\/mustafa-cemilev-yaqin-sarq-universitetinin-rektori-suat-gunsel-ile-korusti\/"]}]},{"@type":"BreadcrumbList","@id":"https:\/\/qtmm.org\/qt\/mustafa-cemilev-yaqin-sarq-universitetinin-rektori-suat-gunsel-ile-korusti\/#breadcrumb","itemListElement":[{"@type":"ListItem","position":1,"name":"\u0413\u043e\u043b\u043e\u0432\u043d\u0430","item":"https:\/\/qtmm.org\/qt\/"},{"@type":"ListItem","position":2,"name":"Mustafa Cemilev Yaq\u0131n \u015earq universitetini\u00f1 rektor\u0131 Suat G\u00fcnsel ile k\u00f6r\u00fc\u015fti"}]},{"@type":"WebSite","@id":"https:\/\/qtmm.org\/qt\/#website","url":"https:\/\/qtmm.org\/qt\/","name":"\u041c\u0435\u0434\u0436\u043b\u0456\u0441","description":"","publisher":{"@id":"https:\/\/qtmm.org\/qt\/#organization"},"potentialAction":[{"@type":"SearchAction","target":{"@type":"EntryPoint","urlTemplate":"https:\/\/qtmm.org\/qt\/?s={search_term_string}"},"query-input":{"@type":"PropertyValueSpecification","valueRequired":true,"valueName":"search_term_string"}}],"inLanguage":"qt"},{"@type":"Organization","@id":"https:\/\/qtmm.org\/qt\/#organization","name":"\u041c\u0435\u0434\u0436\u043b\u0456\u0441","url":"https:\/\/qtmm.org\/qt\/","logo":{"@type":"ImageObject","inLanguage":"qt","@id":"https:\/\/qtmm.org\/qt\/#\/schema\/logo\/image\/","url":"https:\/\/qtmm.org\/wp-content\/uploads\/2024\/12\/ua-mejlis-logo-rgb.svg","contentUrl":"https:\/\/qtmm.org\/wp-content\/uploads\/2024\/12\/ua-mejlis-logo-rgb.svg","caption":"\u041c\u0435\u0434\u0436\u043b\u0456\u0441"},"image":{"@id":"https:\/\/qtmm.org\/qt\/#\/schema\/logo\/image\/"},"sameAs":["https:\/\/www.facebook.com\/qtmm.info\/"]},{"@type":"Person","@id":"https:\/\/qtmm.org\/qt\/#\/schema\/person\/de562469f971dec226ac06e60bbf74a7","name":"Developer","image":{"@type":"ImageObject","inLanguage":"qt","@id":"https:\/\/secure.gravatar.com\/avatar\/392b4cc8fbfeb00b39dfeeab4ee6edded39ffd48e25858637e4765810300227e?s=96&d=mm&r=g","url":"https:\/\/secure.gravatar.com\/avatar\/392b4cc8fbfeb00b39dfeeab4ee6edded39ffd48e25858637e4765810300227e?s=96&d=mm&r=g","contentUrl":"https:\/\/secure.gravatar.com\/avatar\/392b4cc8fbfeb00b39dfeeab4ee6edded39ffd48e25858637e4765810300227e?s=96&d=mm&r=g","caption":"Developer"},"url":"https:\/\/qtmm.org\/qt\/author\/Developer\/"}]}},"_links":{"self":[{"href":"https:\/\/qtmm.org\/qt\/wp-json\/wp\/v2\/posts\/33527","targetHints":{"allow":["GET"]}}],"collection":[{"href":"https:\/\/qtmm.org\/qt\/wp-json\/wp\/v2\/posts"}],"about":[{"href":"https:\/\/qtmm.org\/qt\/wp-json\/wp\/v2\/types\/post"}],"author":[{"embeddable":true,"href":"https:\/\/qtmm.org\/qt\/wp-json\/wp\/v2\/users\/1"}],"replies":[{"embeddable":true,"href":"https:\/\/qtmm.org\/qt\/wp-json\/wp\/v2\/comments?post=33527"}],"version-history":[{"count":1,"href":"https:\/\/qtmm.org\/qt\/wp-json\/wp\/v2\/posts\/33527\/revisions"}],"predecessor-version":[{"id":33528,"href":"https:\/\/qtmm.org\/qt\/wp-json\/wp\/v2\/posts\/33527\/revisions\/33528"}],"wp:attachment":[{"href":"https:\/\/qtmm.org\/qt\/wp-json\/wp\/v2\/media?parent=33527"}],"wp:term":[{"taxonomy":"category","embeddable":true,"href":"https:\/\/qtmm.org\/qt\/wp-json\/wp\/v2\/categories?post=33527"},{"taxonomy":"post_tag","embeddable":true,"href":"https:\/\/qtmm.org\/qt\/wp-json\/wp\/v2\/tags?post=33527"}],"curies":[{"name":"wp","href":"https:\/\/api.w.org\/{rel}","templated":true}]}}