




{"id":33525,"date":"2012-08-28T23:59:00","date_gmt":"2012-08-28T20:59:00","guid":{"rendered":"http:\/\/qtmm.org\/?p=33525"},"modified":"2022-01-21T23:59:55","modified_gmt":"2022-01-21T20:59:55","slug":"meclis-reisi-mustafa-cemilev-bayrak-haber-televizion-kanalaninin-aqsamga-dogru-programmasinin-musafiri-oldi","status":"publish","type":"post","link":"https:\/\/qtmm.org\/qt\/meclis-reisi-mustafa-cemilev-bayrak-haber-televizion-kanalaninin-aqsamga-dogru-programmasinin-musafiri-oldi\/","title":{"rendered":"Meclis reisi Mustafa Cemilev &#8220;Bayrak Haber&#8221; televizion kanalan\u0131n\u0131\u00f1 Aq\u015fam\u011fa do\u011fru programmas\u0131n\u0131\u00f1 musafiri old\u0131"},"content":{"rendered":"\n<p>\u015eimaliy Q\u0131br\u0131z T\u00fcrkiye Cumhuriyetinde resmiy ziyaretnen bulun\u011fan Meclis reisi, Ukraina halq deputat\u0131 Mustafa Cemilev &#8220;Bayrak Radio Television Corporation&#8221; korporatsiyas\u0131n\u0131\u00f1 daveti ile 2012 senesi avgust 28 k\u00fcn\u00fc &#8220;Bayrak Haber&#8221; televizion kanalan\u0131n\u0131\u00f1 Aq\u015fam\u011fa do\u011fru programmas\u0131n\u0131\u00f1 musafiri old\u0131.<\/p>\n\n\n\n<p>40 daqqal\u0131q subet devam\u0131nda Meclis yolba\u015f\u00e7\u0131s\u0131 1944 senesi \u00f6z yurtundan s\u00fcrg\u00fcn etilgen q\u0131r\u0131mtatar halq\u0131n\u0131\u00f1 tarih\u0131, \u00e7oqy\u0131ll\u0131q milliy k\u00fcre\u015fi ve Vatan\u011fa avdetni\u00f1 me\u015faqatlar\u0131 aqq\u0131nda ik\u00e2ye etti.<\/p>\n\n\n\n<p>Mustafa Cemilev q\u0131r\u0131mtatarlar bug\u00fcnde-bug\u00fcn Q\u0131r\u0131mda azl\u0131qn\u0131 te\u015fkil etkenlerini qayd etip, halqn\u0131\u00f1 bug\u00fcnki vaziyetine dair mal\u00fcmat berdi. &#8220;\u00d6z mustaqilliklerini elde etken Q\u0131br\u0131zdaki t\u00fcrkler bu esnada \u015fansl\u0131lar&#8221;, dedi Meclis reisi ve q\u0131r\u0131mtatar halq\u0131 ve \u015eimaliy Q\u0131br\u0131z T\u00fcrkiye Cumhuriyetinen dostane munasebetlerni devam ettirmek meselesine ayr\u0131ca emiyet berdi .<\/p>\n\n\n\n<p>Bundan da \u011fayr\u0131 Mustafa Cemilev \u00f6z cevaplar\u0131nda Q\u0131r\u0131m Halqara biznes birle\u015fmesinen beraber q\u0131r\u0131mtatar i\u015f adamlar\u0131n\u0131\u00f1 Q\u0131br\u0131z\u011fa tan\u0131\u015fmaq maqsad\u0131nen ziyaretini te\u015fkil\u00e2tland\u0131rmaq teklifinde bulund\u0131.<\/p>\n","protected":false},"excerpt":{"rendered":"<p>\u015eimaliy Q\u0131br\u0131z T\u00fcrkiye Cumhuriyetinde resmiy ziyaretnen bulun\u011fan Meclis reisi, Ukraina halq deputat\u0131 Mustafa Cemilev &#8220;Bayrak Radio Television Corporation&#8221; korporatsiyas\u0131n\u0131\u00f1 daveti ile 2012 senesi avgust 28 k\u00fcn\u00fc &#8220;Bayrak Haber&#8221; televizion kanalan\u0131n\u0131\u00f1 Aq\u015fam\u011fa do\u011fru programmas\u0131n\u0131\u00f1 musafiri old\u0131. 40 daqqal\u0131q subet devam\u0131nda Meclis yolba\u015f\u00e7\u0131s\u0131 1944 senesi \u00f6z yurtundan s\u00fcrg\u00fcn etilgen q\u0131r\u0131mtatar halq\u0131n\u0131\u00f1 tarih\u0131, \u00e7oqy\u0131ll\u0131q milliy k\u00fcre\u015fi ve Vatan\u011fa [&hellip;]<\/p>\n","protected":false},"author":1,"featured_media":0,"comment_status":"open","ping_status":"open","sticky":false,"template":"","format":"standard","meta":{"inline_featured_image":false,"footnotes":""},"categories":[265],"tags":[],"class_list":["post-33525","post","type-post","status-publish","format-standard","hentry","category-haberler"],"acf":[],"yoast_head":"<!-- This site is optimized with the Yoast SEO plugin v27.4 - https:\/\/yoast.com\/product\/yoast-seo-wordpress\/ -->\n<title>Meclis reisi Mustafa Cemilev &quot;Bayrak Haber&quot; televizion kanalan\u0131n\u0131\u00f1 Aq\u015fam\u011fa do\u011fru programmas\u0131n\u0131\u00f1 musafiri old\u0131 - \u041c\u0435\u0434\u0436\u043b\u0456\u0441<\/title>\n<meta name=\"robots\" content=\"index, follow, max-snippet:-1, max-image-preview:large, max-video-preview:-1\" \/>\n<link rel=\"canonical\" href=\"https:\/\/qtmm.org\/qt\/meclis-reisi-mustafa-cemilev-bayrak-haber-televizion-kanalaninin-aqsamga-dogru-programmasinin-musafiri-oldi\/\" \/>\n<meta property=\"og:locale\" content=\"en_US\" \/>\n<meta property=\"og:type\" content=\"article\" \/>\n<meta property=\"og:title\" content=\"Meclis reisi Mustafa Cemilev &quot;Bayrak Haber&quot; televizion kanalan\u0131n\u0131\u00f1 Aq\u015fam\u011fa do\u011fru programmas\u0131n\u0131\u00f1 musafiri old\u0131 - \u041c\u0435\u0434\u0436\u043b\u0456\u0441\" \/>\n<meta property=\"og:description\" content=\"\u015eimaliy Q\u0131br\u0131z T\u00fcrkiye Cumhuriyetinde resmiy ziyaretnen bulun\u011fan Meclis reisi, Ukraina halq deputat\u0131 Mustafa Cemilev &#8220;Bayrak Radio Television Corporation&#8221; korporatsiyas\u0131n\u0131\u00f1 daveti ile 2012 senesi avgust 28 k\u00fcn\u00fc &#8220;Bayrak Haber&#8221; televizion kanalan\u0131n\u0131\u00f1 Aq\u015fam\u011fa do\u011fru programmas\u0131n\u0131\u00f1 musafiri old\u0131. 40 daqqal\u0131q subet devam\u0131nda Meclis yolba\u015f\u00e7\u0131s\u0131 1944 senesi \u00f6z yurtundan s\u00fcrg\u00fcn etilgen q\u0131r\u0131mtatar halq\u0131n\u0131\u00f1 tarih\u0131, \u00e7oqy\u0131ll\u0131q milliy k\u00fcre\u015fi ve Vatan\u011fa [&hellip;]\" \/>\n<meta property=\"og:url\" content=\"https:\/\/qtmm.org\/qt\/meclis-reisi-mustafa-cemilev-bayrak-haber-televizion-kanalaninin-aqsamga-dogru-programmasinin-musafiri-oldi\/\" \/>\n<meta property=\"og:site_name\" content=\"\u041c\u0435\u0434\u0436\u043b\u0456\u0441\" \/>\n<meta property=\"article:publisher\" content=\"https:\/\/www.facebook.com\/qtmm.info\/\" \/>\n<meta property=\"article:published_time\" content=\"2012-08-28T20:59:00+00:00\" \/>\n<meta property=\"article:modified_time\" content=\"2022-01-21T20:59:55+00:00\" \/>\n<meta name=\"author\" content=\"Developer\" \/>\n<meta name=\"twitter:card\" content=\"summary_large_image\" \/>\n<meta name=\"twitter:label1\" content=\"Written by\" \/>\n\t<meta name=\"twitter:data1\" content=\"Developer\" \/>\n\t<meta name=\"twitter:label2\" content=\"Est. reading time\" \/>\n\t<meta name=\"twitter:data2\" content=\"1 minute\" \/>\n<script type=\"application\/ld+json\" class=\"yoast-schema-graph\">{\"@context\":\"https:\\\/\\\/schema.org\",\"@graph\":[{\"@type\":\"Article\",\"@id\":\"https:\\\/\\\/qtmm.org\\\/qt\\\/meclis-reisi-mustafa-cemilev-bayrak-haber-televizion-kanalaninin-aqsamga-dogru-programmasinin-musafiri-oldi\\\/#article\",\"isPartOf\":{\"@id\":\"https:\\\/\\\/qtmm.org\\\/qt\\\/meclis-reisi-mustafa-cemilev-bayrak-haber-televizion-kanalaninin-aqsamga-dogru-programmasinin-musafiri-oldi\\\/\"},\"author\":{\"name\":\"Developer\",\"@id\":\"https:\\\/\\\/qtmm.org\\\/qt\\\/#\\\/schema\\\/person\\\/de562469f971dec226ac06e60bbf74a7\"},\"headline\":\"Meclis reisi Mustafa Cemilev &#8220;Bayrak Haber&#8221; televizion kanalan\u0131n\u0131\u00f1 Aq\u015fam\u011fa do\u011fru programmas\u0131n\u0131\u00f1 musafiri old\u0131\",\"datePublished\":\"2012-08-28T20:59:00+00:00\",\"dateModified\":\"2022-01-21T20:59:55+00:00\",\"mainEntityOfPage\":{\"@id\":\"https:\\\/\\\/qtmm.org\\\/qt\\\/meclis-reisi-mustafa-cemilev-bayrak-haber-televizion-kanalaninin-aqsamga-dogru-programmasinin-musafiri-oldi\\\/\"},\"wordCount\":202,\"commentCount\":0,\"publisher\":{\"@id\":\"https:\\\/\\\/qtmm.org\\\/qt\\\/#organization\"},\"articleSection\":[\"Haberler\"],\"inLanguage\":\"qt\",\"potentialAction\":[{\"@type\":\"CommentAction\",\"name\":\"Comment\",\"target\":[\"https:\\\/\\\/qtmm.org\\\/qt\\\/meclis-reisi-mustafa-cemilev-bayrak-haber-televizion-kanalaninin-aqsamga-dogru-programmasinin-musafiri-oldi\\\/#respond\"]}]},{\"@type\":\"WebPage\",\"@id\":\"https:\\\/\\\/qtmm.org\\\/qt\\\/meclis-reisi-mustafa-cemilev-bayrak-haber-televizion-kanalaninin-aqsamga-dogru-programmasinin-musafiri-oldi\\\/\",\"url\":\"https:\\\/\\\/qtmm.org\\\/qt\\\/meclis-reisi-mustafa-cemilev-bayrak-haber-televizion-kanalaninin-aqsamga-dogru-programmasinin-musafiri-oldi\\\/\",\"name\":\"Meclis reisi Mustafa Cemilev \\\"Bayrak Haber\\\" televizion kanalan\u0131n\u0131\u00f1 Aq\u015fam\u011fa do\u011fru programmas\u0131n\u0131\u00f1 musafiri old\u0131 - \u041c\u0435\u0434\u0436\u043b\u0456\u0441\",\"isPartOf\":{\"@id\":\"https:\\\/\\\/qtmm.org\\\/qt\\\/#website\"},\"datePublished\":\"2012-08-28T20:59:00+00:00\",\"dateModified\":\"2022-01-21T20:59:55+00:00\",\"breadcrumb\":{\"@id\":\"https:\\\/\\\/qtmm.org\\\/qt\\\/meclis-reisi-mustafa-cemilev-bayrak-haber-televizion-kanalaninin-aqsamga-dogru-programmasinin-musafiri-oldi\\\/#breadcrumb\"},\"inLanguage\":\"qt\",\"potentialAction\":[{\"@type\":\"ReadAction\",\"target\":[\"https:\\\/\\\/qtmm.org\\\/qt\\\/meclis-reisi-mustafa-cemilev-bayrak-haber-televizion-kanalaninin-aqsamga-dogru-programmasinin-musafiri-oldi\\\/\"]}]},{\"@type\":\"BreadcrumbList\",\"@id\":\"https:\\\/\\\/qtmm.org\\\/qt\\\/meclis-reisi-mustafa-cemilev-bayrak-haber-televizion-kanalaninin-aqsamga-dogru-programmasinin-musafiri-oldi\\\/#breadcrumb\",\"itemListElement\":[{\"@type\":\"ListItem\",\"position\":1,\"name\":\"\u0413\u043e\u043b\u043e\u0432\u043d\u0430\",\"item\":\"https:\\\/\\\/qtmm.org\\\/qt\\\/\"},{\"@type\":\"ListItem\",\"position\":2,\"name\":\"Meclis reisi Mustafa Cemilev &#8220;Bayrak Haber&#8221; televizion kanalan\u0131n\u0131\u00f1 Aq\u015fam\u011fa do\u011fru programmas\u0131n\u0131\u00f1 musafiri old\u0131\"}]},{\"@type\":\"WebSite\",\"@id\":\"https:\\\/\\\/qtmm.org\\\/qt\\\/#website\",\"url\":\"https:\\\/\\\/qtmm.org\\\/qt\\\/\",\"name\":\"\u041c\u0435\u0434\u0436\u043b\u0456\u0441\",\"description\":\"\",\"publisher\":{\"@id\":\"https:\\\/\\\/qtmm.org\\\/qt\\\/#organization\"},\"potentialAction\":[{\"@type\":\"SearchAction\",\"target\":{\"@type\":\"EntryPoint\",\"urlTemplate\":\"https:\\\/\\\/qtmm.org\\\/qt\\\/?s={search_term_string}\"},\"query-input\":{\"@type\":\"PropertyValueSpecification\",\"valueRequired\":true,\"valueName\":\"search_term_string\"}}],\"inLanguage\":\"qt\"},{\"@type\":\"Organization\",\"@id\":\"https:\\\/\\\/qtmm.org\\\/qt\\\/#organization\",\"name\":\"\u041c\u0435\u0434\u0436\u043b\u0456\u0441\",\"url\":\"https:\\\/\\\/qtmm.org\\\/qt\\\/\",\"logo\":{\"@type\":\"ImageObject\",\"inLanguage\":\"qt\",\"@id\":\"https:\\\/\\\/qtmm.org\\\/qt\\\/#\\\/schema\\\/logo\\\/image\\\/\",\"url\":\"https:\\\/\\\/qtmm.org\\\/wp-content\\\/uploads\\\/2024\\\/12\\\/ua-mejlis-logo-rgb.svg\",\"contentUrl\":\"https:\\\/\\\/qtmm.org\\\/wp-content\\\/uploads\\\/2024\\\/12\\\/ua-mejlis-logo-rgb.svg\",\"caption\":\"\u041c\u0435\u0434\u0436\u043b\u0456\u0441\"},\"image\":{\"@id\":\"https:\\\/\\\/qtmm.org\\\/qt\\\/#\\\/schema\\\/logo\\\/image\\\/\"},\"sameAs\":[\"https:\\\/\\\/www.facebook.com\\\/qtmm.info\\\/\"]},{\"@type\":\"Person\",\"@id\":\"https:\\\/\\\/qtmm.org\\\/qt\\\/#\\\/schema\\\/person\\\/de562469f971dec226ac06e60bbf74a7\",\"name\":\"Developer\",\"image\":{\"@type\":\"ImageObject\",\"inLanguage\":\"qt\",\"@id\":\"https:\\\/\\\/secure.gravatar.com\\\/avatar\\\/392b4cc8fbfeb00b39dfeeab4ee6edded39ffd48e25858637e4765810300227e?s=96&d=mm&r=g\",\"url\":\"https:\\\/\\\/secure.gravatar.com\\\/avatar\\\/392b4cc8fbfeb00b39dfeeab4ee6edded39ffd48e25858637e4765810300227e?s=96&d=mm&r=g\",\"contentUrl\":\"https:\\\/\\\/secure.gravatar.com\\\/avatar\\\/392b4cc8fbfeb00b39dfeeab4ee6edded39ffd48e25858637e4765810300227e?s=96&d=mm&r=g\",\"caption\":\"Developer\"},\"url\":\"https:\\\/\\\/qtmm.org\\\/qt\\\/author\\\/Developer\\\/\"}]}<\/script>\n<!-- \/ Yoast SEO plugin. -->","yoast_head_json":{"title":"Meclis reisi Mustafa Cemilev \"Bayrak Haber\" televizion kanalan\u0131n\u0131\u00f1 Aq\u015fam\u011fa do\u011fru programmas\u0131n\u0131\u00f1 musafiri old\u0131 - \u041c\u0435\u0434\u0436\u043b\u0456\u0441","robots":{"index":"index","follow":"follow","max-snippet":"max-snippet:-1","max-image-preview":"max-image-preview:large","max-video-preview":"max-video-preview:-1"},"canonical":"https:\/\/qtmm.org\/qt\/meclis-reisi-mustafa-cemilev-bayrak-haber-televizion-kanalaninin-aqsamga-dogru-programmasinin-musafiri-oldi\/","og_locale":"en_US","og_type":"article","og_title":"Meclis reisi Mustafa Cemilev \"Bayrak Haber\" televizion kanalan\u0131n\u0131\u00f1 Aq\u015fam\u011fa do\u011fru programmas\u0131n\u0131\u00f1 musafiri old\u0131 - \u041c\u0435\u0434\u0436\u043b\u0456\u0441","og_description":"\u015eimaliy Q\u0131br\u0131z T\u00fcrkiye Cumhuriyetinde resmiy ziyaretnen bulun\u011fan Meclis reisi, Ukraina halq deputat\u0131 Mustafa Cemilev &#8220;Bayrak Radio Television Corporation&#8221; korporatsiyas\u0131n\u0131\u00f1 daveti ile 2012 senesi avgust 28 k\u00fcn\u00fc &#8220;Bayrak Haber&#8221; televizion kanalan\u0131n\u0131\u00f1 Aq\u015fam\u011fa do\u011fru programmas\u0131n\u0131\u00f1 musafiri old\u0131. 40 daqqal\u0131q subet devam\u0131nda Meclis yolba\u015f\u00e7\u0131s\u0131 1944 senesi \u00f6z yurtundan s\u00fcrg\u00fcn etilgen q\u0131r\u0131mtatar halq\u0131n\u0131\u00f1 tarih\u0131, \u00e7oqy\u0131ll\u0131q milliy k\u00fcre\u015fi ve Vatan\u011fa [&hellip;]","og_url":"https:\/\/qtmm.org\/qt\/meclis-reisi-mustafa-cemilev-bayrak-haber-televizion-kanalaninin-aqsamga-dogru-programmasinin-musafiri-oldi\/","og_site_name":"\u041c\u0435\u0434\u0436\u043b\u0456\u0441","article_publisher":"https:\/\/www.facebook.com\/qtmm.info\/","article_published_time":"2012-08-28T20:59:00+00:00","article_modified_time":"2022-01-21T20:59:55+00:00","author":"Developer","twitter_card":"summary_large_image","twitter_misc":{"Written by":"Developer","Est. reading time":"1 minute"},"schema":{"@context":"https:\/\/schema.org","@graph":[{"@type":"Article","@id":"https:\/\/qtmm.org\/qt\/meclis-reisi-mustafa-cemilev-bayrak-haber-televizion-kanalaninin-aqsamga-dogru-programmasinin-musafiri-oldi\/#article","isPartOf":{"@id":"https:\/\/qtmm.org\/qt\/meclis-reisi-mustafa-cemilev-bayrak-haber-televizion-kanalaninin-aqsamga-dogru-programmasinin-musafiri-oldi\/"},"author":{"name":"Developer","@id":"https:\/\/qtmm.org\/qt\/#\/schema\/person\/de562469f971dec226ac06e60bbf74a7"},"headline":"Meclis reisi Mustafa Cemilev &#8220;Bayrak Haber&#8221; televizion kanalan\u0131n\u0131\u00f1 Aq\u015fam\u011fa do\u011fru programmas\u0131n\u0131\u00f1 musafiri old\u0131","datePublished":"2012-08-28T20:59:00+00:00","dateModified":"2022-01-21T20:59:55+00:00","mainEntityOfPage":{"@id":"https:\/\/qtmm.org\/qt\/meclis-reisi-mustafa-cemilev-bayrak-haber-televizion-kanalaninin-aqsamga-dogru-programmasinin-musafiri-oldi\/"},"wordCount":202,"commentCount":0,"publisher":{"@id":"https:\/\/qtmm.org\/qt\/#organization"},"articleSection":["Haberler"],"inLanguage":"qt","potentialAction":[{"@type":"CommentAction","name":"Comment","target":["https:\/\/qtmm.org\/qt\/meclis-reisi-mustafa-cemilev-bayrak-haber-televizion-kanalaninin-aqsamga-dogru-programmasinin-musafiri-oldi\/#respond"]}]},{"@type":"WebPage","@id":"https:\/\/qtmm.org\/qt\/meclis-reisi-mustafa-cemilev-bayrak-haber-televizion-kanalaninin-aqsamga-dogru-programmasinin-musafiri-oldi\/","url":"https:\/\/qtmm.org\/qt\/meclis-reisi-mustafa-cemilev-bayrak-haber-televizion-kanalaninin-aqsamga-dogru-programmasinin-musafiri-oldi\/","name":"Meclis reisi Mustafa Cemilev \"Bayrak Haber\" televizion kanalan\u0131n\u0131\u00f1 Aq\u015fam\u011fa do\u011fru programmas\u0131n\u0131\u00f1 musafiri old\u0131 - \u041c\u0435\u0434\u0436\u043b\u0456\u0441","isPartOf":{"@id":"https:\/\/qtmm.org\/qt\/#website"},"datePublished":"2012-08-28T20:59:00+00:00","dateModified":"2022-01-21T20:59:55+00:00","breadcrumb":{"@id":"https:\/\/qtmm.org\/qt\/meclis-reisi-mustafa-cemilev-bayrak-haber-televizion-kanalaninin-aqsamga-dogru-programmasinin-musafiri-oldi\/#breadcrumb"},"inLanguage":"qt","potentialAction":[{"@type":"ReadAction","target":["https:\/\/qtmm.org\/qt\/meclis-reisi-mustafa-cemilev-bayrak-haber-televizion-kanalaninin-aqsamga-dogru-programmasinin-musafiri-oldi\/"]}]},{"@type":"BreadcrumbList","@id":"https:\/\/qtmm.org\/qt\/meclis-reisi-mustafa-cemilev-bayrak-haber-televizion-kanalaninin-aqsamga-dogru-programmasinin-musafiri-oldi\/#breadcrumb","itemListElement":[{"@type":"ListItem","position":1,"name":"\u0413\u043e\u043b\u043e\u0432\u043d\u0430","item":"https:\/\/qtmm.org\/qt\/"},{"@type":"ListItem","position":2,"name":"Meclis reisi Mustafa Cemilev &#8220;Bayrak Haber&#8221; televizion kanalan\u0131n\u0131\u00f1 Aq\u015fam\u011fa do\u011fru programmas\u0131n\u0131\u00f1 musafiri old\u0131"}]},{"@type":"WebSite","@id":"https:\/\/qtmm.org\/qt\/#website","url":"https:\/\/qtmm.org\/qt\/","name":"\u041c\u0435\u0434\u0436\u043b\u0456\u0441","description":"","publisher":{"@id":"https:\/\/qtmm.org\/qt\/#organization"},"potentialAction":[{"@type":"SearchAction","target":{"@type":"EntryPoint","urlTemplate":"https:\/\/qtmm.org\/qt\/?s={search_term_string}"},"query-input":{"@type":"PropertyValueSpecification","valueRequired":true,"valueName":"search_term_string"}}],"inLanguage":"qt"},{"@type":"Organization","@id":"https:\/\/qtmm.org\/qt\/#organization","name":"\u041c\u0435\u0434\u0436\u043b\u0456\u0441","url":"https:\/\/qtmm.org\/qt\/","logo":{"@type":"ImageObject","inLanguage":"qt","@id":"https:\/\/qtmm.org\/qt\/#\/schema\/logo\/image\/","url":"https:\/\/qtmm.org\/wp-content\/uploads\/2024\/12\/ua-mejlis-logo-rgb.svg","contentUrl":"https:\/\/qtmm.org\/wp-content\/uploads\/2024\/12\/ua-mejlis-logo-rgb.svg","caption":"\u041c\u0435\u0434\u0436\u043b\u0456\u0441"},"image":{"@id":"https:\/\/qtmm.org\/qt\/#\/schema\/logo\/image\/"},"sameAs":["https:\/\/www.facebook.com\/qtmm.info\/"]},{"@type":"Person","@id":"https:\/\/qtmm.org\/qt\/#\/schema\/person\/de562469f971dec226ac06e60bbf74a7","name":"Developer","image":{"@type":"ImageObject","inLanguage":"qt","@id":"https:\/\/secure.gravatar.com\/avatar\/392b4cc8fbfeb00b39dfeeab4ee6edded39ffd48e25858637e4765810300227e?s=96&d=mm&r=g","url":"https:\/\/secure.gravatar.com\/avatar\/392b4cc8fbfeb00b39dfeeab4ee6edded39ffd48e25858637e4765810300227e?s=96&d=mm&r=g","contentUrl":"https:\/\/secure.gravatar.com\/avatar\/392b4cc8fbfeb00b39dfeeab4ee6edded39ffd48e25858637e4765810300227e?s=96&d=mm&r=g","caption":"Developer"},"url":"https:\/\/qtmm.org\/qt\/author\/Developer\/"}]}},"_links":{"self":[{"href":"https:\/\/qtmm.org\/qt\/wp-json\/wp\/v2\/posts\/33525","targetHints":{"allow":["GET"]}}],"collection":[{"href":"https:\/\/qtmm.org\/qt\/wp-json\/wp\/v2\/posts"}],"about":[{"href":"https:\/\/qtmm.org\/qt\/wp-json\/wp\/v2\/types\/post"}],"author":[{"embeddable":true,"href":"https:\/\/qtmm.org\/qt\/wp-json\/wp\/v2\/users\/1"}],"replies":[{"embeddable":true,"href":"https:\/\/qtmm.org\/qt\/wp-json\/wp\/v2\/comments?post=33525"}],"version-history":[{"count":1,"href":"https:\/\/qtmm.org\/qt\/wp-json\/wp\/v2\/posts\/33525\/revisions"}],"predecessor-version":[{"id":33526,"href":"https:\/\/qtmm.org\/qt\/wp-json\/wp\/v2\/posts\/33525\/revisions\/33526"}],"wp:attachment":[{"href":"https:\/\/qtmm.org\/qt\/wp-json\/wp\/v2\/media?parent=33525"}],"wp:term":[{"taxonomy":"category","embeddable":true,"href":"https:\/\/qtmm.org\/qt\/wp-json\/wp\/v2\/categories?post=33525"},{"taxonomy":"post_tag","embeddable":true,"href":"https:\/\/qtmm.org\/qt\/wp-json\/wp\/v2\/tags?post=33525"}],"curies":[{"name":"wp","href":"https:\/\/api.w.org\/{rel}","templated":true}]}}