




{"id":33399,"date":"2012-08-28T23:57:00","date_gmt":"2012-08-28T20:57:00","guid":{"rendered":"http:\/\/qtmm.org\/?p=33399"},"modified":"2022-01-21T23:59:23","modified_gmt":"2022-01-21T20:59:23","slug":"mustafa-cemilev-simaliy-qibriz-turkiye-cumhuriyetinin-qurucisi-ve-birinci-prezidenti-rauf-denktasnin-qabirini-ziyaret-etti","status":"publish","type":"post","link":"https:\/\/qtmm.org\/qt\/mustafa-cemilev-simaliy-qibriz-turkiye-cumhuriyetinin-qurucisi-ve-birinci-prezidenti-rauf-denktasnin-qabirini-ziyaret-etti\/","title":{"rendered":"Mustafa Cemilev \u015eimaliy Q\u0131br\u0131z T\u00fcrkiye Cumhuriyetini\u00f1 quruc\u0131s\u0131 ve birinci prezidenti Rauf Denkta\u015fn\u0131\u00f1 qabirini ziyaret etti"},"content":{"rendered":"\n<p>\u015eimaliy Q\u0131br\u0131z T\u00fcrkiye Cumhuriyetinde i\u015f ziyaretinen bulun\u011fan Q\u0131r\u0131mtatar halq\u0131 Meclisini\u00f1 reisi, Ukraina halq deputat\u0131 Mustafa Cemilev 2012 senesi avgust 27 k\u00fcn\u00fc \u015eimaliy Q\u0131br\u0131z T\u00fcrkiye Cumhuriyetini\u00f1 quruc\u0131s\u0131 ve birinci prezidenti Rauf Denkta\u015fn\u0131\u00f1 qabirini ziyaret etti.<\/p>\n\n\n\n<p>Belli ki, me\u015fur devlet ve i\u00e7timaiy-siyaset erbab\u0131 Rauf Denkta\u015f 2012 senesi yanvar 13 k\u00fcn\u00fc 88 ya\u015f\u0131nda vefat etti.<\/p>\n\n\n\n<p>Rauf Denkta\u015fn\u0131\u00f1 2012 senesi yanvar 17-de Lefko\u015fa \u015feerinde devlet seviyesinde q\u0131l\u0131n\u011fan cenaze merasiminde Meclis reisi Mustafa Cemilev de i\u015ftirak etken edi.<\/p>\n\n\n\n<p>Q\u0131r\u0131mtatar halq\u0131 Meclisini\u00f1 ad\u0131ndan Mustafa Cemilev \u00f6z yard\u0131mc\u0131s\u0131, Q\u0131r\u0131m Halqara biznes birle\u015fmesi(CIBA) yat\u0131r\u0131mlar ve halqara ticaret boyunca komitet reisi Rustem \u00dcmerovnen birlikte Rauf Denkta\u015fn\u0131\u00f1 qabirine g\u00fcl\u00e7ember qoyd\u0131lar ve \u00f6z halq\u0131n\u0131\u00f1 aqlar\u0131 i\u00e7\u00fcn k\u00fcre\u015fken merhumn\u0131\u00f1 ruhuna dua oqud\u0131lar.<\/p>\n\n\n\n<p>\u015eimaliy Q\u0131br\u0131z T\u00fcrkiye Cumhuriyetini\u00f1 quruc\u0131s\u0131 ve birinci prezidenti Rauf Denkta\u015f Lefko\u015fa \u015feerini\u00f1 mezarl\u0131\u011f\u0131nda defn etildi.<\/p>\n\n\n\n<figure class=\"wp-block-gallery columns-3 is-cropped wp-block-gallery-1 is-layout-flex wp-block-gallery-is-layout-flex\"><ul class=\"blocks-gallery-grid\"><li class=\"blocks-gallery-item\"><figure><a href=\"http:\/\/qtmm.org\/wp-content\/uploads\/2022\/01\/503f4584aa841.jpeg\"><img loading=\"lazy\" decoding=\"async\" width=\"640\" height=\"480\" src=\"http:\/\/qtmm.org\/wp-content\/uploads\/2022\/01\/503f4584aa841.jpeg\" alt=\"\" data-id=\"33488\" data-full-url=\"http:\/\/qtmm.org\/wp-content\/uploads\/2022\/01\/503f4584aa841.jpeg\" data-link=\"http:\/\/qtmm.org\/?attachment_id=33488\" class=\"wp-image-33488\" srcset=\"https:\/\/qtmm.org\/wp-content\/uploads\/2022\/01\/503f4584aa841.jpeg 640w, https:\/\/qtmm.org\/wp-content\/uploads\/2022\/01\/503f4584aa841-300x225.jpeg 300w\" sizes=\"auto, (max-width: 640px) 100vw, 640px\" \/><\/a><\/figure><\/li><li class=\"blocks-gallery-item\"><figure><a href=\"http:\/\/qtmm.org\/wp-content\/uploads\/2022\/01\/503f4585eaba6.jpeg\"><img loading=\"lazy\" decoding=\"async\" width=\"640\" height=\"480\" src=\"http:\/\/qtmm.org\/wp-content\/uploads\/2022\/01\/503f4585eaba6.jpeg\" alt=\"\" data-id=\"33492\" data-full-url=\"http:\/\/qtmm.org\/wp-content\/uploads\/2022\/01\/503f4585eaba6.jpeg\" data-link=\"http:\/\/qtmm.org\/?attachment_id=33492\" class=\"wp-image-33492\" srcset=\"https:\/\/qtmm.org\/wp-content\/uploads\/2022\/01\/503f4585eaba6.jpeg 640w, https:\/\/qtmm.org\/wp-content\/uploads\/2022\/01\/503f4585eaba6-300x225.jpeg 300w\" sizes=\"auto, (max-width: 640px) 100vw, 640px\" \/><\/a><\/figure><\/li><li class=\"blocks-gallery-item\"><figure><a href=\"http:\/\/qtmm.org\/wp-content\/uploads\/2022\/01\/503f4586d3c69.jpeg\"><img loading=\"lazy\" decoding=\"async\" width=\"640\" height=\"480\" src=\"http:\/\/qtmm.org\/wp-content\/uploads\/2022\/01\/503f4586d3c69.jpeg\" alt=\"\" data-id=\"33496\" data-full-url=\"http:\/\/qtmm.org\/wp-content\/uploads\/2022\/01\/503f4586d3c69.jpeg\" data-link=\"http:\/\/qtmm.org\/?attachment_id=33496\" class=\"wp-image-33496\" srcset=\"https:\/\/qtmm.org\/wp-content\/uploads\/2022\/01\/503f4586d3c69.jpeg 640w, https:\/\/qtmm.org\/wp-content\/uploads\/2022\/01\/503f4586d3c69-300x225.jpeg 300w\" sizes=\"auto, (max-width: 640px) 100vw, 640px\" \/><\/a><\/figure><\/li><li class=\"blocks-gallery-item\"><figure><a href=\"http:\/\/qtmm.org\/wp-content\/uploads\/2022\/01\/503f45854f36b.jpeg\"><img loading=\"lazy\" decoding=\"async\" width=\"640\" height=\"480\" src=\"http:\/\/qtmm.org\/wp-content\/uploads\/2022\/01\/503f45854f36b.jpeg\" alt=\"\" data-id=\"33500\" data-full-url=\"http:\/\/qtmm.org\/wp-content\/uploads\/2022\/01\/503f45854f36b.jpeg\" data-link=\"http:\/\/qtmm.org\/qt\/?attachment_id=33500\" class=\"wp-image-33500\" srcset=\"https:\/\/qtmm.org\/wp-content\/uploads\/2022\/01\/503f45854f36b.jpeg 640w, https:\/\/qtmm.org\/wp-content\/uploads\/2022\/01\/503f45854f36b-300x225.jpeg 300w\" sizes=\"auto, (max-width: 640px) 100vw, 640px\" \/><\/a><\/figure><\/li><li class=\"blocks-gallery-item\"><figure><a href=\"http:\/\/qtmm.org\/wp-content\/uploads\/2022\/01\/503f45859e8ed.jpeg\"><img loading=\"lazy\" decoding=\"async\" width=\"640\" height=\"480\" src=\"http:\/\/qtmm.org\/wp-content\/uploads\/2022\/01\/503f45859e8ed.jpeg\" alt=\"\" data-id=\"33504\" data-full-url=\"http:\/\/qtmm.org\/wp-content\/uploads\/2022\/01\/503f45859e8ed.jpeg\" data-link=\"http:\/\/qtmm.org\/qt\/?attachment_id=33504\" class=\"wp-image-33504\" srcset=\"https:\/\/qtmm.org\/wp-content\/uploads\/2022\/01\/503f45859e8ed.jpeg 640w, https:\/\/qtmm.org\/wp-content\/uploads\/2022\/01\/503f45859e8ed-300x225.jpeg 300w\" sizes=\"auto, (max-width: 640px) 100vw, 640px\" \/><\/a><\/figure><\/li><li class=\"blocks-gallery-item\"><figure><a href=\"http:\/\/qtmm.org\/wp-content\/uploads\/2022\/01\/503f45863fd42.jpeg\"><img loading=\"lazy\" decoding=\"async\" width=\"640\" height=\"480\" src=\"http:\/\/qtmm.org\/wp-content\/uploads\/2022\/01\/503f45863fd42.jpeg\" alt=\"\" data-id=\"33508\" data-full-url=\"http:\/\/qtmm.org\/wp-content\/uploads\/2022\/01\/503f45863fd42.jpeg\" data-link=\"http:\/\/qtmm.org\/qt\/?attachment_id=33508\" class=\"wp-image-33508\" srcset=\"https:\/\/qtmm.org\/wp-content\/uploads\/2022\/01\/503f45863fd42.jpeg 640w, https:\/\/qtmm.org\/wp-content\/uploads\/2022\/01\/503f45863fd42-300x225.jpeg 300w\" sizes=\"auto, (max-width: 640px) 100vw, 640px\" \/><\/a><\/figure><\/li><li class=\"blocks-gallery-item\"><figure><a href=\"http:\/\/qtmm.org\/wp-content\/uploads\/2022\/01\/503f458689cd6.jpeg\"><img loading=\"lazy\" decoding=\"async\" width=\"640\" height=\"480\" src=\"http:\/\/qtmm.org\/wp-content\/uploads\/2022\/01\/503f458689cd6.jpeg\" alt=\"\" data-id=\"33512\" data-full-url=\"http:\/\/qtmm.org\/wp-content\/uploads\/2022\/01\/503f458689cd6.jpeg\" data-link=\"http:\/\/qtmm.org\/qt\/?attachment_id=33512\" class=\"wp-image-33512\" srcset=\"https:\/\/qtmm.org\/wp-content\/uploads\/2022\/01\/503f458689cd6.jpeg 640w, https:\/\/qtmm.org\/wp-content\/uploads\/2022\/01\/503f458689cd6-300x225.jpeg 300w\" sizes=\"auto, (max-width: 640px) 100vw, 640px\" \/><\/a><\/figure><\/li><li class=\"blocks-gallery-item\"><figure><a href=\"http:\/\/qtmm.org\/wp-content\/uploads\/2022\/01\/503f4585030b1.jpeg\"><img loading=\"lazy\" decoding=\"async\" width=\"640\" height=\"480\" src=\"http:\/\/qtmm.org\/wp-content\/uploads\/2022\/01\/503f4585030b1.jpeg\" alt=\"\" data-id=\"33516\" data-full-url=\"http:\/\/qtmm.org\/wp-content\/uploads\/2022\/01\/503f4585030b1.jpeg\" data-link=\"http:\/\/qtmm.org\/qt\/?attachment_id=33516\" class=\"wp-image-33516\" srcset=\"https:\/\/qtmm.org\/wp-content\/uploads\/2022\/01\/503f4585030b1.jpeg 640w, https:\/\/qtmm.org\/wp-content\/uploads\/2022\/01\/503f4585030b1-300x225.jpeg 300w\" sizes=\"auto, (max-width: 640px) 100vw, 640px\" \/><\/a><\/figure><\/li><li class=\"blocks-gallery-item\"><figure><a href=\"http:\/\/qtmm.org\/wp-content\/uploads\/2022\/01\/503f4587295d3.jpeg\"><img loading=\"lazy\" decoding=\"async\" width=\"640\" height=\"480\" src=\"http:\/\/qtmm.org\/wp-content\/uploads\/2022\/01\/503f4587295d3.jpeg\" alt=\"\" data-id=\"33520\" data-full-url=\"http:\/\/qtmm.org\/wp-content\/uploads\/2022\/01\/503f4587295d3.jpeg\" data-link=\"http:\/\/qtmm.org\/qt\/?attachment_id=33520\" class=\"wp-image-33520\" srcset=\"https:\/\/qtmm.org\/wp-content\/uploads\/2022\/01\/503f4587295d3.jpeg 640w, https:\/\/qtmm.org\/wp-content\/uploads\/2022\/01\/503f4587295d3-300x225.jpeg 300w\" sizes=\"auto, (max-width: 640px) 100vw, 640px\" \/><\/a><\/figure><\/li><\/ul><\/figure>\n","protected":false},"excerpt":{"rendered":"<p>\u015eimaliy Q\u0131br\u0131z T\u00fcrkiye Cumhuriyetinde i\u015f ziyaretinen bulun\u011fan Q\u0131r\u0131mtatar halq\u0131 Meclisini\u00f1 reisi, Ukraina halq deputat\u0131 Mustafa Cemilev 2012 senesi avgust 27 k\u00fcn\u00fc \u015eimaliy Q\u0131br\u0131z T\u00fcrkiye Cumhuriyetini\u00f1 quruc\u0131s\u0131 ve birinci prezidenti Rauf Denkta\u015fn\u0131\u00f1 qabirini ziyaret etti. Belli ki, me\u015fur devlet ve i\u00e7timaiy-siyaset erbab\u0131 Rauf Denkta\u015f 2012 senesi yanvar 13 k\u00fcn\u00fc 88 ya\u015f\u0131nda vefat etti. Rauf Denkta\u015fn\u0131\u00f1 2012 [&hellip;]<\/p>\n","protected":false},"author":1,"featured_media":33500,"comment_status":"open","ping_status":"open","sticky":false,"template":"","format":"standard","meta":{"inline_featured_image":false,"footnotes":""},"categories":[265],"tags":[],"class_list":["post-33399","post","type-post","status-publish","format-standard","has-post-thumbnail","hentry","category-haberler"],"acf":[],"yoast_head":"<!-- This site is optimized with the Yoast SEO plugin v27.4 - https:\/\/yoast.com\/product\/yoast-seo-wordpress\/ -->\n<title>Mustafa Cemilev \u015eimaliy Q\u0131br\u0131z T\u00fcrkiye Cumhuriyetini\u00f1 quruc\u0131s\u0131 ve birinci prezidenti Rauf Denkta\u015fn\u0131\u00f1 qabirini ziyaret etti - \u041c\u0435\u0434\u0436\u043b\u0456\u0441<\/title>\n<meta name=\"robots\" content=\"index, follow, max-snippet:-1, max-image-preview:large, max-video-preview:-1\" \/>\n<link rel=\"canonical\" href=\"https:\/\/qtmm.org\/qt\/mustafa-cemilev-simaliy-qibriz-turkiye-cumhuriyetinin-qurucisi-ve-birinci-prezidenti-rauf-denktasnin-qabirini-ziyaret-etti\/\" \/>\n<meta property=\"og:locale\" content=\"en_US\" \/>\n<meta property=\"og:type\" content=\"article\" \/>\n<meta property=\"og:title\" content=\"Mustafa Cemilev \u015eimaliy Q\u0131br\u0131z T\u00fcrkiye Cumhuriyetini\u00f1 quruc\u0131s\u0131 ve birinci prezidenti Rauf Denkta\u015fn\u0131\u00f1 qabirini ziyaret etti - \u041c\u0435\u0434\u0436\u043b\u0456\u0441\" \/>\n<meta property=\"og:description\" content=\"\u015eimaliy Q\u0131br\u0131z T\u00fcrkiye Cumhuriyetinde i\u015f ziyaretinen bulun\u011fan Q\u0131r\u0131mtatar halq\u0131 Meclisini\u00f1 reisi, Ukraina halq deputat\u0131 Mustafa Cemilev 2012 senesi avgust 27 k\u00fcn\u00fc \u015eimaliy Q\u0131br\u0131z T\u00fcrkiye Cumhuriyetini\u00f1 quruc\u0131s\u0131 ve birinci prezidenti Rauf Denkta\u015fn\u0131\u00f1 qabirini ziyaret etti. Belli ki, me\u015fur devlet ve i\u00e7timaiy-siyaset erbab\u0131 Rauf Denkta\u015f 2012 senesi yanvar 13 k\u00fcn\u00fc 88 ya\u015f\u0131nda vefat etti. Rauf Denkta\u015fn\u0131\u00f1 2012 [&hellip;]\" \/>\n<meta property=\"og:url\" content=\"https:\/\/qtmm.org\/qt\/mustafa-cemilev-simaliy-qibriz-turkiye-cumhuriyetinin-qurucisi-ve-birinci-prezidenti-rauf-denktasnin-qabirini-ziyaret-etti\/\" \/>\n<meta property=\"og:site_name\" content=\"\u041c\u0435\u0434\u0436\u043b\u0456\u0441\" \/>\n<meta property=\"article:publisher\" content=\"https:\/\/www.facebook.com\/qtmm.info\/\" \/>\n<meta property=\"article:published_time\" content=\"2012-08-28T20:57:00+00:00\" \/>\n<meta property=\"article:modified_time\" content=\"2022-01-21T20:59:23+00:00\" \/>\n<meta property=\"og:image\" content=\"https:\/\/qtmm.org\/wp-content\/uploads\/2022\/01\/503f45854f36b.jpeg\" \/>\n\t<meta property=\"og:image:width\" content=\"640\" \/>\n\t<meta property=\"og:image:height\" content=\"480\" \/>\n\t<meta property=\"og:image:type\" content=\"image\/jpeg\" \/>\n<meta name=\"author\" content=\"Developer\" \/>\n<meta name=\"twitter:card\" content=\"summary_large_image\" \/>\n<meta name=\"twitter:label1\" content=\"Written by\" \/>\n\t<meta name=\"twitter:data1\" content=\"Developer\" \/>\n\t<meta name=\"twitter:label2\" content=\"Est. reading time\" \/>\n\t<meta name=\"twitter:data2\" content=\"1 minute\" \/>\n<script type=\"application\/ld+json\" class=\"yoast-schema-graph\">{\"@context\":\"https:\\\/\\\/schema.org\",\"@graph\":[{\"@type\":\"Article\",\"@id\":\"https:\\\/\\\/qtmm.org\\\/qt\\\/mustafa-cemilev-simaliy-qibriz-turkiye-cumhuriyetinin-qurucisi-ve-birinci-prezidenti-rauf-denktasnin-qabirini-ziyaret-etti\\\/#article\",\"isPartOf\":{\"@id\":\"https:\\\/\\\/qtmm.org\\\/qt\\\/mustafa-cemilev-simaliy-qibriz-turkiye-cumhuriyetinin-qurucisi-ve-birinci-prezidenti-rauf-denktasnin-qabirini-ziyaret-etti\\\/\"},\"author\":{\"name\":\"Developer\",\"@id\":\"https:\\\/\\\/qtmm.org\\\/qt\\\/#\\\/schema\\\/person\\\/de562469f971dec226ac06e60bbf74a7\"},\"headline\":\"Mustafa Cemilev \u015eimaliy Q\u0131br\u0131z T\u00fcrkiye Cumhuriyetini\u00f1 quruc\u0131s\u0131 ve birinci prezidenti Rauf Denkta\u015fn\u0131\u00f1 qabirini ziyaret etti\",\"datePublished\":\"2012-08-28T20:57:00+00:00\",\"dateModified\":\"2022-01-21T20:59:23+00:00\",\"mainEntityOfPage\":{\"@id\":\"https:\\\/\\\/qtmm.org\\\/qt\\\/mustafa-cemilev-simaliy-qibriz-turkiye-cumhuriyetinin-qurucisi-ve-birinci-prezidenti-rauf-denktasnin-qabirini-ziyaret-etti\\\/\"},\"wordCount\":187,\"commentCount\":0,\"publisher\":{\"@id\":\"https:\\\/\\\/qtmm.org\\\/qt\\\/#organization\"},\"image\":{\"@id\":\"https:\\\/\\\/qtmm.org\\\/qt\\\/mustafa-cemilev-simaliy-qibriz-turkiye-cumhuriyetinin-qurucisi-ve-birinci-prezidenti-rauf-denktasnin-qabirini-ziyaret-etti\\\/#primaryimage\"},\"thumbnailUrl\":\"https:\\\/\\\/qtmm.org\\\/wp-content\\\/uploads\\\/2022\\\/01\\\/503f45854f36b.jpeg\",\"articleSection\":[\"Haberler\"],\"inLanguage\":\"qt\",\"potentialAction\":[{\"@type\":\"CommentAction\",\"name\":\"Comment\",\"target\":[\"https:\\\/\\\/qtmm.org\\\/qt\\\/mustafa-cemilev-simaliy-qibriz-turkiye-cumhuriyetinin-qurucisi-ve-birinci-prezidenti-rauf-denktasnin-qabirini-ziyaret-etti\\\/#respond\"]}]},{\"@type\":\"WebPage\",\"@id\":\"https:\\\/\\\/qtmm.org\\\/qt\\\/mustafa-cemilev-simaliy-qibriz-turkiye-cumhuriyetinin-qurucisi-ve-birinci-prezidenti-rauf-denktasnin-qabirini-ziyaret-etti\\\/\",\"url\":\"https:\\\/\\\/qtmm.org\\\/qt\\\/mustafa-cemilev-simaliy-qibriz-turkiye-cumhuriyetinin-qurucisi-ve-birinci-prezidenti-rauf-denktasnin-qabirini-ziyaret-etti\\\/\",\"name\":\"Mustafa Cemilev \u015eimaliy Q\u0131br\u0131z T\u00fcrkiye Cumhuriyetini\u00f1 quruc\u0131s\u0131 ve birinci prezidenti Rauf Denkta\u015fn\u0131\u00f1 qabirini ziyaret etti - \u041c\u0435\u0434\u0436\u043b\u0456\u0441\",\"isPartOf\":{\"@id\":\"https:\\\/\\\/qtmm.org\\\/qt\\\/#website\"},\"primaryImageOfPage\":{\"@id\":\"https:\\\/\\\/qtmm.org\\\/qt\\\/mustafa-cemilev-simaliy-qibriz-turkiye-cumhuriyetinin-qurucisi-ve-birinci-prezidenti-rauf-denktasnin-qabirini-ziyaret-etti\\\/#primaryimage\"},\"image\":{\"@id\":\"https:\\\/\\\/qtmm.org\\\/qt\\\/mustafa-cemilev-simaliy-qibriz-turkiye-cumhuriyetinin-qurucisi-ve-birinci-prezidenti-rauf-denktasnin-qabirini-ziyaret-etti\\\/#primaryimage\"},\"thumbnailUrl\":\"https:\\\/\\\/qtmm.org\\\/wp-content\\\/uploads\\\/2022\\\/01\\\/503f45854f36b.jpeg\",\"datePublished\":\"2012-08-28T20:57:00+00:00\",\"dateModified\":\"2022-01-21T20:59:23+00:00\",\"breadcrumb\":{\"@id\":\"https:\\\/\\\/qtmm.org\\\/qt\\\/mustafa-cemilev-simaliy-qibriz-turkiye-cumhuriyetinin-qurucisi-ve-birinci-prezidenti-rauf-denktasnin-qabirini-ziyaret-etti\\\/#breadcrumb\"},\"inLanguage\":\"qt\",\"potentialAction\":[{\"@type\":\"ReadAction\",\"target\":[\"https:\\\/\\\/qtmm.org\\\/qt\\\/mustafa-cemilev-simaliy-qibriz-turkiye-cumhuriyetinin-qurucisi-ve-birinci-prezidenti-rauf-denktasnin-qabirini-ziyaret-etti\\\/\"]}]},{\"@type\":\"ImageObject\",\"inLanguage\":\"qt\",\"@id\":\"https:\\\/\\\/qtmm.org\\\/qt\\\/mustafa-cemilev-simaliy-qibriz-turkiye-cumhuriyetinin-qurucisi-ve-birinci-prezidenti-rauf-denktasnin-qabirini-ziyaret-etti\\\/#primaryimage\",\"url\":\"https:\\\/\\\/qtmm.org\\\/wp-content\\\/uploads\\\/2022\\\/01\\\/503f45854f36b.jpeg\",\"contentUrl\":\"https:\\\/\\\/qtmm.org\\\/wp-content\\\/uploads\\\/2022\\\/01\\\/503f45854f36b.jpeg\",\"width\":640,\"height\":480},{\"@type\":\"BreadcrumbList\",\"@id\":\"https:\\\/\\\/qtmm.org\\\/qt\\\/mustafa-cemilev-simaliy-qibriz-turkiye-cumhuriyetinin-qurucisi-ve-birinci-prezidenti-rauf-denktasnin-qabirini-ziyaret-etti\\\/#breadcrumb\",\"itemListElement\":[{\"@type\":\"ListItem\",\"position\":1,\"name\":\"\u0413\u043e\u043b\u043e\u0432\u043d\u0430\",\"item\":\"https:\\\/\\\/qtmm.org\\\/qt\\\/\"},{\"@type\":\"ListItem\",\"position\":2,\"name\":\"Mustafa Cemilev \u015eimaliy Q\u0131br\u0131z T\u00fcrkiye Cumhuriyetini\u00f1 quruc\u0131s\u0131 ve birinci prezidenti Rauf Denkta\u015fn\u0131\u00f1 qabirini ziyaret etti\"}]},{\"@type\":\"WebSite\",\"@id\":\"https:\\\/\\\/qtmm.org\\\/qt\\\/#website\",\"url\":\"https:\\\/\\\/qtmm.org\\\/qt\\\/\",\"name\":\"\u041c\u0435\u0434\u0436\u043b\u0456\u0441\",\"description\":\"\",\"publisher\":{\"@id\":\"https:\\\/\\\/qtmm.org\\\/qt\\\/#organization\"},\"potentialAction\":[{\"@type\":\"SearchAction\",\"target\":{\"@type\":\"EntryPoint\",\"urlTemplate\":\"https:\\\/\\\/qtmm.org\\\/qt\\\/?s={search_term_string}\"},\"query-input\":{\"@type\":\"PropertyValueSpecification\",\"valueRequired\":true,\"valueName\":\"search_term_string\"}}],\"inLanguage\":\"qt\"},{\"@type\":\"Organization\",\"@id\":\"https:\\\/\\\/qtmm.org\\\/qt\\\/#organization\",\"name\":\"\u041c\u0435\u0434\u0436\u043b\u0456\u0441\",\"url\":\"https:\\\/\\\/qtmm.org\\\/qt\\\/\",\"logo\":{\"@type\":\"ImageObject\",\"inLanguage\":\"qt\",\"@id\":\"https:\\\/\\\/qtmm.org\\\/qt\\\/#\\\/schema\\\/logo\\\/image\\\/\",\"url\":\"https:\\\/\\\/qtmm.org\\\/wp-content\\\/uploads\\\/2024\\\/12\\\/ua-mejlis-logo-rgb.svg\",\"contentUrl\":\"https:\\\/\\\/qtmm.org\\\/wp-content\\\/uploads\\\/2024\\\/12\\\/ua-mejlis-logo-rgb.svg\",\"caption\":\"\u041c\u0435\u0434\u0436\u043b\u0456\u0441\"},\"image\":{\"@id\":\"https:\\\/\\\/qtmm.org\\\/qt\\\/#\\\/schema\\\/logo\\\/image\\\/\"},\"sameAs\":[\"https:\\\/\\\/www.facebook.com\\\/qtmm.info\\\/\"]},{\"@type\":\"Person\",\"@id\":\"https:\\\/\\\/qtmm.org\\\/qt\\\/#\\\/schema\\\/person\\\/de562469f971dec226ac06e60bbf74a7\",\"name\":\"Developer\",\"image\":{\"@type\":\"ImageObject\",\"inLanguage\":\"qt\",\"@id\":\"https:\\\/\\\/secure.gravatar.com\\\/avatar\\\/392b4cc8fbfeb00b39dfeeab4ee6edded39ffd48e25858637e4765810300227e?s=96&d=mm&r=g\",\"url\":\"https:\\\/\\\/secure.gravatar.com\\\/avatar\\\/392b4cc8fbfeb00b39dfeeab4ee6edded39ffd48e25858637e4765810300227e?s=96&d=mm&r=g\",\"contentUrl\":\"https:\\\/\\\/secure.gravatar.com\\\/avatar\\\/392b4cc8fbfeb00b39dfeeab4ee6edded39ffd48e25858637e4765810300227e?s=96&d=mm&r=g\",\"caption\":\"Developer\"},\"url\":\"https:\\\/\\\/qtmm.org\\\/qt\\\/author\\\/Developer\\\/\"}]}<\/script>\n<!-- \/ Yoast SEO plugin. -->","yoast_head_json":{"title":"Mustafa Cemilev \u015eimaliy Q\u0131br\u0131z T\u00fcrkiye Cumhuriyetini\u00f1 quruc\u0131s\u0131 ve birinci prezidenti Rauf Denkta\u015fn\u0131\u00f1 qabirini ziyaret etti - \u041c\u0435\u0434\u0436\u043b\u0456\u0441","robots":{"index":"index","follow":"follow","max-snippet":"max-snippet:-1","max-image-preview":"max-image-preview:large","max-video-preview":"max-video-preview:-1"},"canonical":"https:\/\/qtmm.org\/qt\/mustafa-cemilev-simaliy-qibriz-turkiye-cumhuriyetinin-qurucisi-ve-birinci-prezidenti-rauf-denktasnin-qabirini-ziyaret-etti\/","og_locale":"en_US","og_type":"article","og_title":"Mustafa Cemilev \u015eimaliy Q\u0131br\u0131z T\u00fcrkiye Cumhuriyetini\u00f1 quruc\u0131s\u0131 ve birinci prezidenti Rauf Denkta\u015fn\u0131\u00f1 qabirini ziyaret etti - \u041c\u0435\u0434\u0436\u043b\u0456\u0441","og_description":"\u015eimaliy Q\u0131br\u0131z T\u00fcrkiye Cumhuriyetinde i\u015f ziyaretinen bulun\u011fan Q\u0131r\u0131mtatar halq\u0131 Meclisini\u00f1 reisi, Ukraina halq deputat\u0131 Mustafa Cemilev 2012 senesi avgust 27 k\u00fcn\u00fc \u015eimaliy Q\u0131br\u0131z T\u00fcrkiye Cumhuriyetini\u00f1 quruc\u0131s\u0131 ve birinci prezidenti Rauf Denkta\u015fn\u0131\u00f1 qabirini ziyaret etti. Belli ki, me\u015fur devlet ve i\u00e7timaiy-siyaset erbab\u0131 Rauf Denkta\u015f 2012 senesi yanvar 13 k\u00fcn\u00fc 88 ya\u015f\u0131nda vefat etti. Rauf Denkta\u015fn\u0131\u00f1 2012 [&hellip;]","og_url":"https:\/\/qtmm.org\/qt\/mustafa-cemilev-simaliy-qibriz-turkiye-cumhuriyetinin-qurucisi-ve-birinci-prezidenti-rauf-denktasnin-qabirini-ziyaret-etti\/","og_site_name":"\u041c\u0435\u0434\u0436\u043b\u0456\u0441","article_publisher":"https:\/\/www.facebook.com\/qtmm.info\/","article_published_time":"2012-08-28T20:57:00+00:00","article_modified_time":"2022-01-21T20:59:23+00:00","og_image":[{"width":640,"height":480,"url":"https:\/\/qtmm.org\/wp-content\/uploads\/2022\/01\/503f45854f36b.jpeg","type":"image\/jpeg"}],"author":"Developer","twitter_card":"summary_large_image","twitter_misc":{"Written by":"Developer","Est. reading time":"1 minute"},"schema":{"@context":"https:\/\/schema.org","@graph":[{"@type":"Article","@id":"https:\/\/qtmm.org\/qt\/mustafa-cemilev-simaliy-qibriz-turkiye-cumhuriyetinin-qurucisi-ve-birinci-prezidenti-rauf-denktasnin-qabirini-ziyaret-etti\/#article","isPartOf":{"@id":"https:\/\/qtmm.org\/qt\/mustafa-cemilev-simaliy-qibriz-turkiye-cumhuriyetinin-qurucisi-ve-birinci-prezidenti-rauf-denktasnin-qabirini-ziyaret-etti\/"},"author":{"name":"Developer","@id":"https:\/\/qtmm.org\/qt\/#\/schema\/person\/de562469f971dec226ac06e60bbf74a7"},"headline":"Mustafa Cemilev \u015eimaliy Q\u0131br\u0131z T\u00fcrkiye Cumhuriyetini\u00f1 quruc\u0131s\u0131 ve birinci prezidenti Rauf Denkta\u015fn\u0131\u00f1 qabirini ziyaret etti","datePublished":"2012-08-28T20:57:00+00:00","dateModified":"2022-01-21T20:59:23+00:00","mainEntityOfPage":{"@id":"https:\/\/qtmm.org\/qt\/mustafa-cemilev-simaliy-qibriz-turkiye-cumhuriyetinin-qurucisi-ve-birinci-prezidenti-rauf-denktasnin-qabirini-ziyaret-etti\/"},"wordCount":187,"commentCount":0,"publisher":{"@id":"https:\/\/qtmm.org\/qt\/#organization"},"image":{"@id":"https:\/\/qtmm.org\/qt\/mustafa-cemilev-simaliy-qibriz-turkiye-cumhuriyetinin-qurucisi-ve-birinci-prezidenti-rauf-denktasnin-qabirini-ziyaret-etti\/#primaryimage"},"thumbnailUrl":"https:\/\/qtmm.org\/wp-content\/uploads\/2022\/01\/503f45854f36b.jpeg","articleSection":["Haberler"],"inLanguage":"qt","potentialAction":[{"@type":"CommentAction","name":"Comment","target":["https:\/\/qtmm.org\/qt\/mustafa-cemilev-simaliy-qibriz-turkiye-cumhuriyetinin-qurucisi-ve-birinci-prezidenti-rauf-denktasnin-qabirini-ziyaret-etti\/#respond"]}]},{"@type":"WebPage","@id":"https:\/\/qtmm.org\/qt\/mustafa-cemilev-simaliy-qibriz-turkiye-cumhuriyetinin-qurucisi-ve-birinci-prezidenti-rauf-denktasnin-qabirini-ziyaret-etti\/","url":"https:\/\/qtmm.org\/qt\/mustafa-cemilev-simaliy-qibriz-turkiye-cumhuriyetinin-qurucisi-ve-birinci-prezidenti-rauf-denktasnin-qabirini-ziyaret-etti\/","name":"Mustafa Cemilev \u015eimaliy Q\u0131br\u0131z T\u00fcrkiye Cumhuriyetini\u00f1 quruc\u0131s\u0131 ve birinci prezidenti Rauf Denkta\u015fn\u0131\u00f1 qabirini ziyaret etti - \u041c\u0435\u0434\u0436\u043b\u0456\u0441","isPartOf":{"@id":"https:\/\/qtmm.org\/qt\/#website"},"primaryImageOfPage":{"@id":"https:\/\/qtmm.org\/qt\/mustafa-cemilev-simaliy-qibriz-turkiye-cumhuriyetinin-qurucisi-ve-birinci-prezidenti-rauf-denktasnin-qabirini-ziyaret-etti\/#primaryimage"},"image":{"@id":"https:\/\/qtmm.org\/qt\/mustafa-cemilev-simaliy-qibriz-turkiye-cumhuriyetinin-qurucisi-ve-birinci-prezidenti-rauf-denktasnin-qabirini-ziyaret-etti\/#primaryimage"},"thumbnailUrl":"https:\/\/qtmm.org\/wp-content\/uploads\/2022\/01\/503f45854f36b.jpeg","datePublished":"2012-08-28T20:57:00+00:00","dateModified":"2022-01-21T20:59:23+00:00","breadcrumb":{"@id":"https:\/\/qtmm.org\/qt\/mustafa-cemilev-simaliy-qibriz-turkiye-cumhuriyetinin-qurucisi-ve-birinci-prezidenti-rauf-denktasnin-qabirini-ziyaret-etti\/#breadcrumb"},"inLanguage":"qt","potentialAction":[{"@type":"ReadAction","target":["https:\/\/qtmm.org\/qt\/mustafa-cemilev-simaliy-qibriz-turkiye-cumhuriyetinin-qurucisi-ve-birinci-prezidenti-rauf-denktasnin-qabirini-ziyaret-etti\/"]}]},{"@type":"ImageObject","inLanguage":"qt","@id":"https:\/\/qtmm.org\/qt\/mustafa-cemilev-simaliy-qibriz-turkiye-cumhuriyetinin-qurucisi-ve-birinci-prezidenti-rauf-denktasnin-qabirini-ziyaret-etti\/#primaryimage","url":"https:\/\/qtmm.org\/wp-content\/uploads\/2022\/01\/503f45854f36b.jpeg","contentUrl":"https:\/\/qtmm.org\/wp-content\/uploads\/2022\/01\/503f45854f36b.jpeg","width":640,"height":480},{"@type":"BreadcrumbList","@id":"https:\/\/qtmm.org\/qt\/mustafa-cemilev-simaliy-qibriz-turkiye-cumhuriyetinin-qurucisi-ve-birinci-prezidenti-rauf-denktasnin-qabirini-ziyaret-etti\/#breadcrumb","itemListElement":[{"@type":"ListItem","position":1,"name":"\u0413\u043e\u043b\u043e\u0432\u043d\u0430","item":"https:\/\/qtmm.org\/qt\/"},{"@type":"ListItem","position":2,"name":"Mustafa Cemilev \u015eimaliy Q\u0131br\u0131z T\u00fcrkiye Cumhuriyetini\u00f1 quruc\u0131s\u0131 ve birinci prezidenti Rauf Denkta\u015fn\u0131\u00f1 qabirini ziyaret etti"}]},{"@type":"WebSite","@id":"https:\/\/qtmm.org\/qt\/#website","url":"https:\/\/qtmm.org\/qt\/","name":"\u041c\u0435\u0434\u0436\u043b\u0456\u0441","description":"","publisher":{"@id":"https:\/\/qtmm.org\/qt\/#organization"},"potentialAction":[{"@type":"SearchAction","target":{"@type":"EntryPoint","urlTemplate":"https:\/\/qtmm.org\/qt\/?s={search_term_string}"},"query-input":{"@type":"PropertyValueSpecification","valueRequired":true,"valueName":"search_term_string"}}],"inLanguage":"qt"},{"@type":"Organization","@id":"https:\/\/qtmm.org\/qt\/#organization","name":"\u041c\u0435\u0434\u0436\u043b\u0456\u0441","url":"https:\/\/qtmm.org\/qt\/","logo":{"@type":"ImageObject","inLanguage":"qt","@id":"https:\/\/qtmm.org\/qt\/#\/schema\/logo\/image\/","url":"https:\/\/qtmm.org\/wp-content\/uploads\/2024\/12\/ua-mejlis-logo-rgb.svg","contentUrl":"https:\/\/qtmm.org\/wp-content\/uploads\/2024\/12\/ua-mejlis-logo-rgb.svg","caption":"\u041c\u0435\u0434\u0436\u043b\u0456\u0441"},"image":{"@id":"https:\/\/qtmm.org\/qt\/#\/schema\/logo\/image\/"},"sameAs":["https:\/\/www.facebook.com\/qtmm.info\/"]},{"@type":"Person","@id":"https:\/\/qtmm.org\/qt\/#\/schema\/person\/de562469f971dec226ac06e60bbf74a7","name":"Developer","image":{"@type":"ImageObject","inLanguage":"qt","@id":"https:\/\/secure.gravatar.com\/avatar\/392b4cc8fbfeb00b39dfeeab4ee6edded39ffd48e25858637e4765810300227e?s=96&d=mm&r=g","url":"https:\/\/secure.gravatar.com\/avatar\/392b4cc8fbfeb00b39dfeeab4ee6edded39ffd48e25858637e4765810300227e?s=96&d=mm&r=g","contentUrl":"https:\/\/secure.gravatar.com\/avatar\/392b4cc8fbfeb00b39dfeeab4ee6edded39ffd48e25858637e4765810300227e?s=96&d=mm&r=g","caption":"Developer"},"url":"https:\/\/qtmm.org\/qt\/author\/Developer\/"}]}},"_links":{"self":[{"href":"https:\/\/qtmm.org\/qt\/wp-json\/wp\/v2\/posts\/33399","targetHints":{"allow":["GET"]}}],"collection":[{"href":"https:\/\/qtmm.org\/qt\/wp-json\/wp\/v2\/posts"}],"about":[{"href":"https:\/\/qtmm.org\/qt\/wp-json\/wp\/v2\/types\/post"}],"author":[{"embeddable":true,"href":"https:\/\/qtmm.org\/qt\/wp-json\/wp\/v2\/users\/1"}],"replies":[{"embeddable":true,"href":"https:\/\/qtmm.org\/qt\/wp-json\/wp\/v2\/comments?post=33399"}],"version-history":[{"count":1,"href":"https:\/\/qtmm.org\/qt\/wp-json\/wp\/v2\/posts\/33399\/revisions"}],"predecessor-version":[{"id":33524,"href":"https:\/\/qtmm.org\/qt\/wp-json\/wp\/v2\/posts\/33399\/revisions\/33524"}],"wp:featuredmedia":[{"embeddable":true,"href":"https:\/\/qtmm.org\/qt\/wp-json\/wp\/v2\/media\/33500"}],"wp:attachment":[{"href":"https:\/\/qtmm.org\/qt\/wp-json\/wp\/v2\/media?parent=33399"}],"wp:term":[{"taxonomy":"category","embeddable":true,"href":"https:\/\/qtmm.org\/qt\/wp-json\/wp\/v2\/categories?post=33399"},{"taxonomy":"post_tag","embeddable":true,"href":"https:\/\/qtmm.org\/qt\/wp-json\/wp\/v2\/tags?post=33399"}],"curies":[{"name":"wp","href":"https:\/\/api.w.org\/{rel}","templated":true}]}}