




{"id":33389,"date":"2012-08-28T23:57:00","date_gmt":"2012-08-28T20:57:00","guid":{"rendered":"http:\/\/qtmm.org\/?p=33389"},"modified":"2022-01-21T23:57:42","modified_gmt":"2022-01-21T20:57:42","slug":"meclis-reisi-mustafa-cemilev-simaliy-qibriz-turkiye-cumhuriyeti-parlament-reisi-hasan-bozer-ile-korusti","status":"publish","type":"post","link":"https:\/\/qtmm.org\/qt\/meclis-reisi-mustafa-cemilev-simaliy-qibriz-turkiye-cumhuriyeti-parlament-reisi-hasan-bozer-ile-korusti\/","title":{"rendered":"Meclis reisi Mustafa Cemilev \u015eimaliy Q\u0131br\u0131z T\u00fcrkiye Cumhuriyeti parlament reisi Hasan B\u00f6zer ile k\u00f6r\u00fc\u015fti"},"content":{"rendered":"\n<p>2012 senesi avgust 28-de Meclis reisi, Ukraina halq deputat\u0131 Mustafa Cemilev resmiy ziyareti \u00e7er\u00e7ivesinde \u015eimaliy Q\u0131br\u0131z T\u00fcrkiye Cumhuriyeti parlament reisi Hasan B\u00f6zer ile k\u00f6r\u00fc\u015fti. Parlament reisi Hasan B\u00f6zer Q\u0131r\u0131mtatar halq\u0131 Meclisini\u00f1 reisi, Ukraina halq deputat\u0131 Mustafa Cemilevni \u00f6z a\u011fas\u0131, dep say\u011fan\u0131 ve on\u0131 qar\u015f\u0131lamaqn\u0131 \u00f6z\u00fc i\u00e7\u00fcn \u015feref, dep bilgenini aytt\u0131.<\/p>\n\n\n\n<p>Q\u0131r\u0131mtatar halq\u0131 Meclisini\u00f1 reisi, Ukraina halq deputat\u0131 Mustafa Cemilevni parlament reisi Hasan B\u00f6zerge q\u0131r\u0131mtatar halq\u0131n\u0131\u00f1 bug\u00fcnki al\u0131n\u0131 ve Ukrainada parlament saylavlar\u0131 arfesinde siyasiy vaziyetni tarif etti. Tarafdar Q\u0131r\u0131mtatar halq\u0131n\u0131\u00f1 Meclis i \u015eimaliy Q\u0131br\u0131z T\u00fcrkiye Cumhuriyeti aras\u0131nda i\u015fbirlik istiqballerini muzakere ettiler.<\/p>\n\n\n\n<p>K\u00f6r\u00fc\u015f\u00fcvde Meclis yolba\u015f\u00e7\u0131s\u0131n\u0131\u00f1 yard\u0131mc\u0131s\u0131, Q\u0131r\u0131m Halqara biznes birle\u015fmesi Yat\u0131r\u0131mlar ve halqara ticaret komitetini\u00f1 reisi Rustem \u00dcmerov da bulund\u0131.<\/p>\n","protected":false},"excerpt":{"rendered":"<p>2012 senesi avgust 28-de Meclis reisi, Ukraina halq deputat\u0131 Mustafa Cemilev resmiy ziyareti \u00e7er\u00e7ivesinde \u015eimaliy Q\u0131br\u0131z T\u00fcrkiye Cumhuriyeti parlament reisi Hasan B\u00f6zer ile k\u00f6r\u00fc\u015fti. Parlament reisi Hasan B\u00f6zer Q\u0131r\u0131mtatar halq\u0131 Meclisini\u00f1 reisi, Ukraina halq deputat\u0131 Mustafa Cemilevni \u00f6z a\u011fas\u0131, dep say\u011fan\u0131 ve on\u0131 qar\u015f\u0131lamaqn\u0131 \u00f6z\u00fc i\u00e7\u00fcn \u015feref, dep bilgenini aytt\u0131. Q\u0131r\u0131mtatar halq\u0131 Meclisini\u00f1 reisi, Ukraina [&hellip;]<\/p>\n","protected":false},"author":1,"featured_media":0,"comment_status":"open","ping_status":"open","sticky":false,"template":"","format":"standard","meta":{"inline_featured_image":false,"footnotes":""},"categories":[265],"tags":[],"class_list":["post-33389","post","type-post","status-publish","format-standard","hentry","category-haberler"],"acf":[],"yoast_head":"<!-- This site is optimized with the Yoast SEO plugin v27.4 - https:\/\/yoast.com\/product\/yoast-seo-wordpress\/ -->\n<title>Meclis reisi Mustafa Cemilev \u015eimaliy Q\u0131br\u0131z T\u00fcrkiye Cumhuriyeti parlament reisi Hasan B\u00f6zer ile k\u00f6r\u00fc\u015fti - \u041c\u0435\u0434\u0436\u043b\u0456\u0441<\/title>\n<meta name=\"robots\" content=\"index, follow, max-snippet:-1, max-image-preview:large, max-video-preview:-1\" \/>\n<link rel=\"canonical\" href=\"https:\/\/qtmm.org\/qt\/meclis-reisi-mustafa-cemilev-simaliy-qibriz-turkiye-cumhuriyeti-parlament-reisi-hasan-bozer-ile-korusti\/\" \/>\n<meta property=\"og:locale\" content=\"en_US\" \/>\n<meta property=\"og:type\" content=\"article\" \/>\n<meta property=\"og:title\" content=\"Meclis reisi Mustafa Cemilev \u015eimaliy Q\u0131br\u0131z T\u00fcrkiye Cumhuriyeti parlament reisi Hasan B\u00f6zer ile k\u00f6r\u00fc\u015fti - \u041c\u0435\u0434\u0436\u043b\u0456\u0441\" \/>\n<meta property=\"og:description\" content=\"2012 senesi avgust 28-de Meclis reisi, Ukraina halq deputat\u0131 Mustafa Cemilev resmiy ziyareti \u00e7er\u00e7ivesinde \u015eimaliy Q\u0131br\u0131z T\u00fcrkiye Cumhuriyeti parlament reisi Hasan B\u00f6zer ile k\u00f6r\u00fc\u015fti. Parlament reisi Hasan B\u00f6zer Q\u0131r\u0131mtatar halq\u0131 Meclisini\u00f1 reisi, Ukraina halq deputat\u0131 Mustafa Cemilevni \u00f6z a\u011fas\u0131, dep say\u011fan\u0131 ve on\u0131 qar\u015f\u0131lamaqn\u0131 \u00f6z\u00fc i\u00e7\u00fcn \u015feref, dep bilgenini aytt\u0131. Q\u0131r\u0131mtatar halq\u0131 Meclisini\u00f1 reisi, Ukraina [&hellip;]\" \/>\n<meta property=\"og:url\" content=\"https:\/\/qtmm.org\/qt\/meclis-reisi-mustafa-cemilev-simaliy-qibriz-turkiye-cumhuriyeti-parlament-reisi-hasan-bozer-ile-korusti\/\" \/>\n<meta property=\"og:site_name\" content=\"\u041c\u0435\u0434\u0436\u043b\u0456\u0441\" \/>\n<meta property=\"article:publisher\" content=\"https:\/\/www.facebook.com\/qtmm.info\/\" \/>\n<meta property=\"article:published_time\" content=\"2012-08-28T20:57:00+00:00\" \/>\n<meta property=\"article:modified_time\" content=\"2022-01-21T20:57:42+00:00\" \/>\n<meta name=\"author\" content=\"Developer\" \/>\n<meta name=\"twitter:card\" content=\"summary_large_image\" \/>\n<meta name=\"twitter:label1\" content=\"Written by\" \/>\n\t<meta name=\"twitter:data1\" content=\"Developer\" \/>\n\t<meta name=\"twitter:label2\" content=\"Est. reading time\" \/>\n\t<meta name=\"twitter:data2\" content=\"1 minute\" \/>\n<script type=\"application\/ld+json\" class=\"yoast-schema-graph\">{\"@context\":\"https:\\\/\\\/schema.org\",\"@graph\":[{\"@type\":\"Article\",\"@id\":\"https:\\\/\\\/qtmm.org\\\/qt\\\/meclis-reisi-mustafa-cemilev-simaliy-qibriz-turkiye-cumhuriyeti-parlament-reisi-hasan-bozer-ile-korusti\\\/#article\",\"isPartOf\":{\"@id\":\"https:\\\/\\\/qtmm.org\\\/qt\\\/meclis-reisi-mustafa-cemilev-simaliy-qibriz-turkiye-cumhuriyeti-parlament-reisi-hasan-bozer-ile-korusti\\\/\"},\"author\":{\"name\":\"Developer\",\"@id\":\"https:\\\/\\\/qtmm.org\\\/qt\\\/#\\\/schema\\\/person\\\/de562469f971dec226ac06e60bbf74a7\"},\"headline\":\"Meclis reisi Mustafa Cemilev \u015eimaliy Q\u0131br\u0131z T\u00fcrkiye Cumhuriyeti parlament reisi Hasan B\u00f6zer ile k\u00f6r\u00fc\u015fti\",\"datePublished\":\"2012-08-28T20:57:00+00:00\",\"dateModified\":\"2022-01-21T20:57:42+00:00\",\"mainEntityOfPage\":{\"@id\":\"https:\\\/\\\/qtmm.org\\\/qt\\\/meclis-reisi-mustafa-cemilev-simaliy-qibriz-turkiye-cumhuriyeti-parlament-reisi-hasan-bozer-ile-korusti\\\/\"},\"wordCount\":168,\"commentCount\":0,\"publisher\":{\"@id\":\"https:\\\/\\\/qtmm.org\\\/qt\\\/#organization\"},\"articleSection\":[\"Haberler\"],\"inLanguage\":\"qt\",\"potentialAction\":[{\"@type\":\"CommentAction\",\"name\":\"Comment\",\"target\":[\"https:\\\/\\\/qtmm.org\\\/qt\\\/meclis-reisi-mustafa-cemilev-simaliy-qibriz-turkiye-cumhuriyeti-parlament-reisi-hasan-bozer-ile-korusti\\\/#respond\"]}]},{\"@type\":\"WebPage\",\"@id\":\"https:\\\/\\\/qtmm.org\\\/qt\\\/meclis-reisi-mustafa-cemilev-simaliy-qibriz-turkiye-cumhuriyeti-parlament-reisi-hasan-bozer-ile-korusti\\\/\",\"url\":\"https:\\\/\\\/qtmm.org\\\/qt\\\/meclis-reisi-mustafa-cemilev-simaliy-qibriz-turkiye-cumhuriyeti-parlament-reisi-hasan-bozer-ile-korusti\\\/\",\"name\":\"Meclis reisi Mustafa Cemilev \u015eimaliy Q\u0131br\u0131z T\u00fcrkiye Cumhuriyeti parlament reisi Hasan B\u00f6zer ile k\u00f6r\u00fc\u015fti - \u041c\u0435\u0434\u0436\u043b\u0456\u0441\",\"isPartOf\":{\"@id\":\"https:\\\/\\\/qtmm.org\\\/qt\\\/#website\"},\"datePublished\":\"2012-08-28T20:57:00+00:00\",\"dateModified\":\"2022-01-21T20:57:42+00:00\",\"breadcrumb\":{\"@id\":\"https:\\\/\\\/qtmm.org\\\/qt\\\/meclis-reisi-mustafa-cemilev-simaliy-qibriz-turkiye-cumhuriyeti-parlament-reisi-hasan-bozer-ile-korusti\\\/#breadcrumb\"},\"inLanguage\":\"qt\",\"potentialAction\":[{\"@type\":\"ReadAction\",\"target\":[\"https:\\\/\\\/qtmm.org\\\/qt\\\/meclis-reisi-mustafa-cemilev-simaliy-qibriz-turkiye-cumhuriyeti-parlament-reisi-hasan-bozer-ile-korusti\\\/\"]}]},{\"@type\":\"BreadcrumbList\",\"@id\":\"https:\\\/\\\/qtmm.org\\\/qt\\\/meclis-reisi-mustafa-cemilev-simaliy-qibriz-turkiye-cumhuriyeti-parlament-reisi-hasan-bozer-ile-korusti\\\/#breadcrumb\",\"itemListElement\":[{\"@type\":\"ListItem\",\"position\":1,\"name\":\"\u0413\u043e\u043b\u043e\u0432\u043d\u0430\",\"item\":\"https:\\\/\\\/qtmm.org\\\/qt\\\/\"},{\"@type\":\"ListItem\",\"position\":2,\"name\":\"Meclis reisi Mustafa Cemilev \u015eimaliy Q\u0131br\u0131z T\u00fcrkiye Cumhuriyeti parlament reisi Hasan B\u00f6zer ile k\u00f6r\u00fc\u015fti\"}]},{\"@type\":\"WebSite\",\"@id\":\"https:\\\/\\\/qtmm.org\\\/qt\\\/#website\",\"url\":\"https:\\\/\\\/qtmm.org\\\/qt\\\/\",\"name\":\"\u041c\u0435\u0434\u0436\u043b\u0456\u0441\",\"description\":\"\",\"publisher\":{\"@id\":\"https:\\\/\\\/qtmm.org\\\/qt\\\/#organization\"},\"potentialAction\":[{\"@type\":\"SearchAction\",\"target\":{\"@type\":\"EntryPoint\",\"urlTemplate\":\"https:\\\/\\\/qtmm.org\\\/qt\\\/?s={search_term_string}\"},\"query-input\":{\"@type\":\"PropertyValueSpecification\",\"valueRequired\":true,\"valueName\":\"search_term_string\"}}],\"inLanguage\":\"qt\"},{\"@type\":\"Organization\",\"@id\":\"https:\\\/\\\/qtmm.org\\\/qt\\\/#organization\",\"name\":\"\u041c\u0435\u0434\u0436\u043b\u0456\u0441\",\"url\":\"https:\\\/\\\/qtmm.org\\\/qt\\\/\",\"logo\":{\"@type\":\"ImageObject\",\"inLanguage\":\"qt\",\"@id\":\"https:\\\/\\\/qtmm.org\\\/qt\\\/#\\\/schema\\\/logo\\\/image\\\/\",\"url\":\"https:\\\/\\\/qtmm.org\\\/wp-content\\\/uploads\\\/2024\\\/12\\\/ua-mejlis-logo-rgb.svg\",\"contentUrl\":\"https:\\\/\\\/qtmm.org\\\/wp-content\\\/uploads\\\/2024\\\/12\\\/ua-mejlis-logo-rgb.svg\",\"caption\":\"\u041c\u0435\u0434\u0436\u043b\u0456\u0441\"},\"image\":{\"@id\":\"https:\\\/\\\/qtmm.org\\\/qt\\\/#\\\/schema\\\/logo\\\/image\\\/\"},\"sameAs\":[\"https:\\\/\\\/www.facebook.com\\\/qtmm.info\\\/\"]},{\"@type\":\"Person\",\"@id\":\"https:\\\/\\\/qtmm.org\\\/qt\\\/#\\\/schema\\\/person\\\/de562469f971dec226ac06e60bbf74a7\",\"name\":\"Developer\",\"image\":{\"@type\":\"ImageObject\",\"inLanguage\":\"qt\",\"@id\":\"https:\\\/\\\/secure.gravatar.com\\\/avatar\\\/392b4cc8fbfeb00b39dfeeab4ee6edded39ffd48e25858637e4765810300227e?s=96&d=mm&r=g\",\"url\":\"https:\\\/\\\/secure.gravatar.com\\\/avatar\\\/392b4cc8fbfeb00b39dfeeab4ee6edded39ffd48e25858637e4765810300227e?s=96&d=mm&r=g\",\"contentUrl\":\"https:\\\/\\\/secure.gravatar.com\\\/avatar\\\/392b4cc8fbfeb00b39dfeeab4ee6edded39ffd48e25858637e4765810300227e?s=96&d=mm&r=g\",\"caption\":\"Developer\"},\"url\":\"https:\\\/\\\/qtmm.org\\\/qt\\\/author\\\/Developer\\\/\"}]}<\/script>\n<!-- \/ Yoast SEO plugin. -->","yoast_head_json":{"title":"Meclis reisi Mustafa Cemilev \u015eimaliy Q\u0131br\u0131z T\u00fcrkiye Cumhuriyeti parlament reisi Hasan B\u00f6zer ile k\u00f6r\u00fc\u015fti - \u041c\u0435\u0434\u0436\u043b\u0456\u0441","robots":{"index":"index","follow":"follow","max-snippet":"max-snippet:-1","max-image-preview":"max-image-preview:large","max-video-preview":"max-video-preview:-1"},"canonical":"https:\/\/qtmm.org\/qt\/meclis-reisi-mustafa-cemilev-simaliy-qibriz-turkiye-cumhuriyeti-parlament-reisi-hasan-bozer-ile-korusti\/","og_locale":"en_US","og_type":"article","og_title":"Meclis reisi Mustafa Cemilev \u015eimaliy Q\u0131br\u0131z T\u00fcrkiye Cumhuriyeti parlament reisi Hasan B\u00f6zer ile k\u00f6r\u00fc\u015fti - \u041c\u0435\u0434\u0436\u043b\u0456\u0441","og_description":"2012 senesi avgust 28-de Meclis reisi, Ukraina halq deputat\u0131 Mustafa Cemilev resmiy ziyareti \u00e7er\u00e7ivesinde \u015eimaliy Q\u0131br\u0131z T\u00fcrkiye Cumhuriyeti parlament reisi Hasan B\u00f6zer ile k\u00f6r\u00fc\u015fti. Parlament reisi Hasan B\u00f6zer Q\u0131r\u0131mtatar halq\u0131 Meclisini\u00f1 reisi, Ukraina halq deputat\u0131 Mustafa Cemilevni \u00f6z a\u011fas\u0131, dep say\u011fan\u0131 ve on\u0131 qar\u015f\u0131lamaqn\u0131 \u00f6z\u00fc i\u00e7\u00fcn \u015feref, dep bilgenini aytt\u0131. Q\u0131r\u0131mtatar halq\u0131 Meclisini\u00f1 reisi, Ukraina [&hellip;]","og_url":"https:\/\/qtmm.org\/qt\/meclis-reisi-mustafa-cemilev-simaliy-qibriz-turkiye-cumhuriyeti-parlament-reisi-hasan-bozer-ile-korusti\/","og_site_name":"\u041c\u0435\u0434\u0436\u043b\u0456\u0441","article_publisher":"https:\/\/www.facebook.com\/qtmm.info\/","article_published_time":"2012-08-28T20:57:00+00:00","article_modified_time":"2022-01-21T20:57:42+00:00","author":"Developer","twitter_card":"summary_large_image","twitter_misc":{"Written by":"Developer","Est. reading time":"1 minute"},"schema":{"@context":"https:\/\/schema.org","@graph":[{"@type":"Article","@id":"https:\/\/qtmm.org\/qt\/meclis-reisi-mustafa-cemilev-simaliy-qibriz-turkiye-cumhuriyeti-parlament-reisi-hasan-bozer-ile-korusti\/#article","isPartOf":{"@id":"https:\/\/qtmm.org\/qt\/meclis-reisi-mustafa-cemilev-simaliy-qibriz-turkiye-cumhuriyeti-parlament-reisi-hasan-bozer-ile-korusti\/"},"author":{"name":"Developer","@id":"https:\/\/qtmm.org\/qt\/#\/schema\/person\/de562469f971dec226ac06e60bbf74a7"},"headline":"Meclis reisi Mustafa Cemilev \u015eimaliy Q\u0131br\u0131z T\u00fcrkiye Cumhuriyeti parlament reisi Hasan B\u00f6zer ile k\u00f6r\u00fc\u015fti","datePublished":"2012-08-28T20:57:00+00:00","dateModified":"2022-01-21T20:57:42+00:00","mainEntityOfPage":{"@id":"https:\/\/qtmm.org\/qt\/meclis-reisi-mustafa-cemilev-simaliy-qibriz-turkiye-cumhuriyeti-parlament-reisi-hasan-bozer-ile-korusti\/"},"wordCount":168,"commentCount":0,"publisher":{"@id":"https:\/\/qtmm.org\/qt\/#organization"},"articleSection":["Haberler"],"inLanguage":"qt","potentialAction":[{"@type":"CommentAction","name":"Comment","target":["https:\/\/qtmm.org\/qt\/meclis-reisi-mustafa-cemilev-simaliy-qibriz-turkiye-cumhuriyeti-parlament-reisi-hasan-bozer-ile-korusti\/#respond"]}]},{"@type":"WebPage","@id":"https:\/\/qtmm.org\/qt\/meclis-reisi-mustafa-cemilev-simaliy-qibriz-turkiye-cumhuriyeti-parlament-reisi-hasan-bozer-ile-korusti\/","url":"https:\/\/qtmm.org\/qt\/meclis-reisi-mustafa-cemilev-simaliy-qibriz-turkiye-cumhuriyeti-parlament-reisi-hasan-bozer-ile-korusti\/","name":"Meclis reisi Mustafa Cemilev \u015eimaliy Q\u0131br\u0131z T\u00fcrkiye Cumhuriyeti parlament reisi Hasan B\u00f6zer ile k\u00f6r\u00fc\u015fti - \u041c\u0435\u0434\u0436\u043b\u0456\u0441","isPartOf":{"@id":"https:\/\/qtmm.org\/qt\/#website"},"datePublished":"2012-08-28T20:57:00+00:00","dateModified":"2022-01-21T20:57:42+00:00","breadcrumb":{"@id":"https:\/\/qtmm.org\/qt\/meclis-reisi-mustafa-cemilev-simaliy-qibriz-turkiye-cumhuriyeti-parlament-reisi-hasan-bozer-ile-korusti\/#breadcrumb"},"inLanguage":"qt","potentialAction":[{"@type":"ReadAction","target":["https:\/\/qtmm.org\/qt\/meclis-reisi-mustafa-cemilev-simaliy-qibriz-turkiye-cumhuriyeti-parlament-reisi-hasan-bozer-ile-korusti\/"]}]},{"@type":"BreadcrumbList","@id":"https:\/\/qtmm.org\/qt\/meclis-reisi-mustafa-cemilev-simaliy-qibriz-turkiye-cumhuriyeti-parlament-reisi-hasan-bozer-ile-korusti\/#breadcrumb","itemListElement":[{"@type":"ListItem","position":1,"name":"\u0413\u043e\u043b\u043e\u0432\u043d\u0430","item":"https:\/\/qtmm.org\/qt\/"},{"@type":"ListItem","position":2,"name":"Meclis reisi Mustafa Cemilev \u015eimaliy Q\u0131br\u0131z T\u00fcrkiye Cumhuriyeti parlament reisi Hasan B\u00f6zer ile k\u00f6r\u00fc\u015fti"}]},{"@type":"WebSite","@id":"https:\/\/qtmm.org\/qt\/#website","url":"https:\/\/qtmm.org\/qt\/","name":"\u041c\u0435\u0434\u0436\u043b\u0456\u0441","description":"","publisher":{"@id":"https:\/\/qtmm.org\/qt\/#organization"},"potentialAction":[{"@type":"SearchAction","target":{"@type":"EntryPoint","urlTemplate":"https:\/\/qtmm.org\/qt\/?s={search_term_string}"},"query-input":{"@type":"PropertyValueSpecification","valueRequired":true,"valueName":"search_term_string"}}],"inLanguage":"qt"},{"@type":"Organization","@id":"https:\/\/qtmm.org\/qt\/#organization","name":"\u041c\u0435\u0434\u0436\u043b\u0456\u0441","url":"https:\/\/qtmm.org\/qt\/","logo":{"@type":"ImageObject","inLanguage":"qt","@id":"https:\/\/qtmm.org\/qt\/#\/schema\/logo\/image\/","url":"https:\/\/qtmm.org\/wp-content\/uploads\/2024\/12\/ua-mejlis-logo-rgb.svg","contentUrl":"https:\/\/qtmm.org\/wp-content\/uploads\/2024\/12\/ua-mejlis-logo-rgb.svg","caption":"\u041c\u0435\u0434\u0436\u043b\u0456\u0441"},"image":{"@id":"https:\/\/qtmm.org\/qt\/#\/schema\/logo\/image\/"},"sameAs":["https:\/\/www.facebook.com\/qtmm.info\/"]},{"@type":"Person","@id":"https:\/\/qtmm.org\/qt\/#\/schema\/person\/de562469f971dec226ac06e60bbf74a7","name":"Developer","image":{"@type":"ImageObject","inLanguage":"qt","@id":"https:\/\/secure.gravatar.com\/avatar\/392b4cc8fbfeb00b39dfeeab4ee6edded39ffd48e25858637e4765810300227e?s=96&d=mm&r=g","url":"https:\/\/secure.gravatar.com\/avatar\/392b4cc8fbfeb00b39dfeeab4ee6edded39ffd48e25858637e4765810300227e?s=96&d=mm&r=g","contentUrl":"https:\/\/secure.gravatar.com\/avatar\/392b4cc8fbfeb00b39dfeeab4ee6edded39ffd48e25858637e4765810300227e?s=96&d=mm&r=g","caption":"Developer"},"url":"https:\/\/qtmm.org\/qt\/author\/Developer\/"}]}},"_links":{"self":[{"href":"https:\/\/qtmm.org\/qt\/wp-json\/wp\/v2\/posts\/33389","targetHints":{"allow":["GET"]}}],"collection":[{"href":"https:\/\/qtmm.org\/qt\/wp-json\/wp\/v2\/posts"}],"about":[{"href":"https:\/\/qtmm.org\/qt\/wp-json\/wp\/v2\/types\/post"}],"author":[{"embeddable":true,"href":"https:\/\/qtmm.org\/qt\/wp-json\/wp\/v2\/users\/1"}],"replies":[{"embeddable":true,"href":"https:\/\/qtmm.org\/qt\/wp-json\/wp\/v2\/comments?post=33389"}],"version-history":[{"count":1,"href":"https:\/\/qtmm.org\/qt\/wp-json\/wp\/v2\/posts\/33389\/revisions"}],"predecessor-version":[{"id":33390,"href":"https:\/\/qtmm.org\/qt\/wp-json\/wp\/v2\/posts\/33389\/revisions\/33390"}],"wp:attachment":[{"href":"https:\/\/qtmm.org\/qt\/wp-json\/wp\/v2\/media?parent=33389"}],"wp:term":[{"taxonomy":"category","embeddable":true,"href":"https:\/\/qtmm.org\/qt\/wp-json\/wp\/v2\/categories?post=33389"},{"taxonomy":"post_tag","embeddable":true,"href":"https:\/\/qtmm.org\/qt\/wp-json\/wp\/v2\/tags?post=33389"}],"curies":[{"name":"wp","href":"https:\/\/api.w.org\/{rel}","templated":true}]}}