




{"id":33379,"date":"2012-08-23T23:56:00","date_gmt":"2012-08-23T20:56:00","guid":{"rendered":"http:\/\/qtmm.org\/?p=33379"},"modified":"2022-01-21T23:57:08","modified_gmt":"2022-01-21T20:57:08","slug":"kutleviy-surgunlik-ve-qatller-qurbanlarinin-hatirasini-saqlav-ogrunda-umumavropa-stalinizm-ve-natsizm-qurbanlarinin-hatirasi-kunune-bagislangan-butunqirim-mitingi-istirakcilerinin-qarari","status":"publish","type":"post","link":"https:\/\/qtmm.org\/qt\/kutleviy-surgunlik-ve-qatller-qurbanlarinin-hatirasini-saqlav-ogrunda-umumavropa-stalinizm-ve-natsizm-qurbanlarinin-hatirasi-kunune-bagislangan-butunqirim-mitingi-istirakcilerinin-qarari\/","title":{"rendered":"K\u00fctleviy s\u00fcrg\u00fcnlik ve qatller qurbanlar\u0131n\u0131\u00f1 hat\u0131ras\u0131n\u0131 saqlav o\u011frunda Umumavropa stalinizm ve natsizm qurbanlar\u0131n\u0131\u00f1 hat\u0131ras\u0131 k\u00fcn\u00fcne ba\u011f\u0131\u015flan\u011fan B\u00fct\u00fcnq\u0131r\u0131m mitingi i\u015ftirak\u00e7ilerini\u00f1 qarar\u0131"},"content":{"rendered":"\n<p>Biz, K\u00fctleviy s\u00fcrg\u00fcnlik ve qatller qurbanlar\u0131n\u0131\u00f1 hat\u0131ras\u0131n\u0131 saqlav o\u011frunda Umumavropa stalinizm ve natsizm qurbanlar\u0131n\u0131\u00f1 hat\u0131ras\u0131 k\u00fcn\u00fcne ba\u011f\u0131\u015flan\u011fan B\u00fct\u00fcnq\u0131r\u0131m mitingini\u00f1 i\u015ftirak\u00e7ileri OSCE Parlament Assambleyas\u0131 2009 senesi iy\u00fcl 3-te Viln\u00fcste qabul etken &#8220;XXI as\u0131rda OSCE region\u0131nda insan aqlar\u0131 ve serbestligini taqdirlev&#8221; qarar\u0131na tolus\u0131nen qoltutaraq:<\/p>\n\n\n\n<p>&#8211; ukrain ve q\u0131r\u0131mtatar halqlar\u0131 daa yaq\u0131n ke\u00e7mi\u015fte soyq\u0131r\u0131m\u011fa o\u011fra\u011fanlar\u0131, kommunist ve natsist rejimleri taraf\u0131ndan insan aqlar\u0131 bozul\u011fan\u0131 ve insanl\u0131qqa qar\u015f\u0131 cinayet qurbanlar\u0131 ol\u011fan\u0131n\u0131 qayd eterek;<\/p>\n\n\n\n<p>&#8211; Ukrainada kommunist rejimni ve on\u0131\u00f1 taraf\u0131ndan q\u0131r\u0131mtatar ve ukrain halqlar\u0131na nisbeten yapqan cinayetliklerini a\u00e7\u0131qtan-a\u00e7\u0131q aqla\u011fan siyasiy k\u00fc\u00e7lerni\u00f1 faalle\u015fkeni neticesinde insan ve halqlarn\u0131\u00f1 aqlar\u0131 kene tel\u00fcke alt\u0131nda bulun\u011fan\u0131n\u0131 qayd eterek;<\/p>\n\n\n\n<p>&#8211; devlette akimiyet ve muhalifet k\u00fc\u00e7leri aras\u0131nda muntazam siyasiy dialogn\u0131\u00f1 yoqlu\u011f\u0131 yetkeli rejimni\u00f1 tiklenmesine al\u0131p kelecegine qasevet sezerek;<\/p>\n\n\n\n<p>&#8211; SSSR kommunist rejimi taraf\u0131ndan \u00f6z Vatan\u0131ndan s\u00fcrg\u00fcn etilgen, onlarnen y\u0131llar devam\u0131nda s\u00fcrg\u00fcnlik yerlerinde zorluqnen tutul\u011fan q\u0131r\u0131mtatar halq\u0131n\u0131\u00f1 qaytuv, yerle\u015f\u00fcv ve aqlar\u0131n\u0131\u00f1 \u011fayr\u0131dan tiklenmesi meselelerini\u00f1 kompleks \u015fekilde \u00e7ezilmek l\u00e2zimligini devlet a\u00e7\u0131qtan-a\u00e7\u0131q itibar\u011fa alma\u011fan\u0131n\u0131 qayd eterek<br>Ukraina Prezidenti, Ukraina Yuqar\u0131 \u015euras\u0131 ve Nazirler \u015euras\u0131ndan insan ve halqlarn\u0131\u00f1 aqlar\u0131n\u0131 teminlev saas\u0131nda halqara qanunlar\u011fa riayet etilmesini talap etemiz.<\/p>\n\n\n\n<p>Bu munasebetnen OSCE , Avropa \u015euras\u0131 ve Avropa Birligine ukrain cemiyetini demokratla\u015ft\u0131r\u011fan ve \u00f6z Vatan\u0131na qaytayatqan q\u0131r\u0131mtatar halq\u0131n\u0131\u00f1 aqlar\u0131n\u0131 \u011fayr\u0131dan tiklemesini teminlegen konkret qarar ve areketlerni qabul etmelerine \u00e7a\u011f\u0131ram\u0131z.<\/p>\n\n\n\n<p>Bug\u00fcn biz Avropan\u0131\u00f1 b\u00fct\u00fcn halqlar\u0131nen beraber stalinizm ve natsizm qurbanlar\u0131n\u0131\u00f1 hat\u0131ras\u0131 \u00f6g\u00fcnde secde etemiz.<\/p>\n\n\n\n<p>K\u00fctleviy s\u00fcrg\u00fcnlik ve qatller qurbanlar\u0131n\u0131\u00f1 hat\u0131ras\u0131n\u0131 saqlav o\u011frunda Umumavropa stalinizm ve natsizm qurbanlar\u0131n\u0131\u00f1 hat\u0131ras\u0131 k\u00fcn\u00fcne ba\u011f\u0131\u015flan\u011fan B\u00fct\u00fcnq\u0131r\u0131m mitinginde qabul etildi<\/p>\n\n\n\n<p class=\"has-text-align-right\"><em><strong>Aqmescit \u015f.<br>2012 senesi avgust 23<\/strong><\/em><\/p>\n","protected":false},"excerpt":{"rendered":"<p>Biz, K\u00fctleviy s\u00fcrg\u00fcnlik ve qatller qurbanlar\u0131n\u0131\u00f1 hat\u0131ras\u0131n\u0131 saqlav o\u011frunda Umumavropa stalinizm ve natsizm qurbanlar\u0131n\u0131\u00f1 hat\u0131ras\u0131 k\u00fcn\u00fcne ba\u011f\u0131\u015flan\u011fan B\u00fct\u00fcnq\u0131r\u0131m mitingini\u00f1 i\u015ftirak\u00e7ileri OSCE Parlament Assambleyas\u0131 2009 senesi iy\u00fcl 3-te Viln\u00fcste qabul etken &#8220;XXI as\u0131rda OSCE region\u0131nda insan aqlar\u0131 ve serbestligini taqdirlev&#8221; qarar\u0131na tolus\u0131nen qoltutaraq: &#8211; ukrain ve q\u0131r\u0131mtatar halqlar\u0131 daa yaq\u0131n ke\u00e7mi\u015fte soyq\u0131r\u0131m\u011fa o\u011fra\u011fanlar\u0131, kommunist ve natsist [&hellip;]<\/p>\n","protected":false},"author":1,"featured_media":0,"comment_status":"open","ping_status":"open","sticky":false,"template":"","format":"standard","meta":{"inline_featured_image":false,"footnotes":""},"categories":[265],"tags":[],"class_list":["post-33379","post","type-post","status-publish","format-standard","hentry","category-haberler"],"acf":[],"yoast_head":"<!-- This site is optimized with the Yoast SEO plugin v27.4 - https:\/\/yoast.com\/product\/yoast-seo-wordpress\/ -->\n<title>K\u00fctleviy s\u00fcrg\u00fcnlik ve qatller qurbanlar\u0131n\u0131\u00f1 hat\u0131ras\u0131n\u0131 saqlav o\u011frunda Umumavropa stalinizm ve natsizm qurbanlar\u0131n\u0131\u00f1 hat\u0131ras\u0131 k\u00fcn\u00fcne ba\u011f\u0131\u015flan\u011fan B\u00fct\u00fcnq\u0131r\u0131m mitingi i\u015ftirak\u00e7ilerini\u00f1 qarar\u0131 - \u041c\u0435\u0434\u0436\u043b\u0456\u0441<\/title>\n<meta name=\"robots\" content=\"index, follow, max-snippet:-1, max-image-preview:large, max-video-preview:-1\" \/>\n<link rel=\"canonical\" href=\"https:\/\/qtmm.org\/qt\/kutleviy-surgunlik-ve-qatller-qurbanlarinin-hatirasini-saqlav-ogrunda-umumavropa-stalinizm-ve-natsizm-qurbanlarinin-hatirasi-kunune-bagislangan-butunqirim-mitingi-istirakcilerinin-qarari\/\" \/>\n<meta property=\"og:locale\" content=\"en_US\" \/>\n<meta property=\"og:type\" content=\"article\" \/>\n<meta property=\"og:title\" content=\"K\u00fctleviy s\u00fcrg\u00fcnlik ve qatller qurbanlar\u0131n\u0131\u00f1 hat\u0131ras\u0131n\u0131 saqlav o\u011frunda Umumavropa stalinizm ve natsizm qurbanlar\u0131n\u0131\u00f1 hat\u0131ras\u0131 k\u00fcn\u00fcne ba\u011f\u0131\u015flan\u011fan B\u00fct\u00fcnq\u0131r\u0131m mitingi i\u015ftirak\u00e7ilerini\u00f1 qarar\u0131 - \u041c\u0435\u0434\u0436\u043b\u0456\u0441\" \/>\n<meta property=\"og:description\" content=\"Biz, K\u00fctleviy s\u00fcrg\u00fcnlik ve qatller qurbanlar\u0131n\u0131\u00f1 hat\u0131ras\u0131n\u0131 saqlav o\u011frunda Umumavropa stalinizm ve natsizm qurbanlar\u0131n\u0131\u00f1 hat\u0131ras\u0131 k\u00fcn\u00fcne ba\u011f\u0131\u015flan\u011fan B\u00fct\u00fcnq\u0131r\u0131m mitingini\u00f1 i\u015ftirak\u00e7ileri OSCE Parlament Assambleyas\u0131 2009 senesi iy\u00fcl 3-te Viln\u00fcste qabul etken &#8220;XXI as\u0131rda OSCE region\u0131nda insan aqlar\u0131 ve serbestligini taqdirlev&#8221; qarar\u0131na tolus\u0131nen qoltutaraq: &#8211; ukrain ve q\u0131r\u0131mtatar halqlar\u0131 daa yaq\u0131n ke\u00e7mi\u015fte soyq\u0131r\u0131m\u011fa o\u011fra\u011fanlar\u0131, kommunist ve natsist [&hellip;]\" \/>\n<meta property=\"og:url\" content=\"https:\/\/qtmm.org\/qt\/kutleviy-surgunlik-ve-qatller-qurbanlarinin-hatirasini-saqlav-ogrunda-umumavropa-stalinizm-ve-natsizm-qurbanlarinin-hatirasi-kunune-bagislangan-butunqirim-mitingi-istirakcilerinin-qarari\/\" \/>\n<meta property=\"og:site_name\" content=\"\u041c\u0435\u0434\u0436\u043b\u0456\u0441\" \/>\n<meta property=\"article:publisher\" content=\"https:\/\/www.facebook.com\/qtmm.info\/\" \/>\n<meta property=\"article:published_time\" content=\"2012-08-23T20:56:00+00:00\" \/>\n<meta property=\"article:modified_time\" content=\"2022-01-21T20:57:08+00:00\" \/>\n<meta name=\"author\" content=\"Developer\" \/>\n<meta name=\"twitter:card\" content=\"summary_large_image\" \/>\n<meta name=\"twitter:label1\" content=\"Written by\" \/>\n\t<meta name=\"twitter:data1\" content=\"Developer\" \/>\n\t<meta name=\"twitter:label2\" content=\"Est. reading time\" \/>\n\t<meta name=\"twitter:data2\" content=\"2 minutes\" \/>\n<script type=\"application\/ld+json\" class=\"yoast-schema-graph\">{\"@context\":\"https:\\\/\\\/schema.org\",\"@graph\":[{\"@type\":\"Article\",\"@id\":\"https:\\\/\\\/qtmm.org\\\/qt\\\/kutleviy-surgunlik-ve-qatller-qurbanlarinin-hatirasini-saqlav-ogrunda-umumavropa-stalinizm-ve-natsizm-qurbanlarinin-hatirasi-kunune-bagislangan-butunqirim-mitingi-istirakcilerinin-qarari\\\/#article\",\"isPartOf\":{\"@id\":\"https:\\\/\\\/qtmm.org\\\/qt\\\/kutleviy-surgunlik-ve-qatller-qurbanlarinin-hatirasini-saqlav-ogrunda-umumavropa-stalinizm-ve-natsizm-qurbanlarinin-hatirasi-kunune-bagislangan-butunqirim-mitingi-istirakcilerinin-qarari\\\/\"},\"author\":{\"name\":\"Developer\",\"@id\":\"https:\\\/\\\/qtmm.org\\\/qt\\\/#\\\/schema\\\/person\\\/de562469f971dec226ac06e60bbf74a7\"},\"headline\":\"K\u00fctleviy s\u00fcrg\u00fcnlik ve qatller qurbanlar\u0131n\u0131\u00f1 hat\u0131ras\u0131n\u0131 saqlav o\u011frunda Umumavropa stalinizm ve natsizm qurbanlar\u0131n\u0131\u00f1 hat\u0131ras\u0131 k\u00fcn\u00fcne ba\u011f\u0131\u015flan\u011fan B\u00fct\u00fcnq\u0131r\u0131m mitingi i\u015ftirak\u00e7ilerini\u00f1 qarar\u0131\",\"datePublished\":\"2012-08-23T20:56:00+00:00\",\"dateModified\":\"2022-01-21T20:57:08+00:00\",\"mainEntityOfPage\":{\"@id\":\"https:\\\/\\\/qtmm.org\\\/qt\\\/kutleviy-surgunlik-ve-qatller-qurbanlarinin-hatirasini-saqlav-ogrunda-umumavropa-stalinizm-ve-natsizm-qurbanlarinin-hatirasi-kunune-bagislangan-butunqirim-mitingi-istirakcilerinin-qarari\\\/\"},\"wordCount\":389,\"commentCount\":0,\"publisher\":{\"@id\":\"https:\\\/\\\/qtmm.org\\\/qt\\\/#organization\"},\"articleSection\":[\"Haberler\"],\"inLanguage\":\"qt\",\"potentialAction\":[{\"@type\":\"CommentAction\",\"name\":\"Comment\",\"target\":[\"https:\\\/\\\/qtmm.org\\\/qt\\\/kutleviy-surgunlik-ve-qatller-qurbanlarinin-hatirasini-saqlav-ogrunda-umumavropa-stalinizm-ve-natsizm-qurbanlarinin-hatirasi-kunune-bagislangan-butunqirim-mitingi-istirakcilerinin-qarari\\\/#respond\"]}]},{\"@type\":\"WebPage\",\"@id\":\"https:\\\/\\\/qtmm.org\\\/qt\\\/kutleviy-surgunlik-ve-qatller-qurbanlarinin-hatirasini-saqlav-ogrunda-umumavropa-stalinizm-ve-natsizm-qurbanlarinin-hatirasi-kunune-bagislangan-butunqirim-mitingi-istirakcilerinin-qarari\\\/\",\"url\":\"https:\\\/\\\/qtmm.org\\\/qt\\\/kutleviy-surgunlik-ve-qatller-qurbanlarinin-hatirasini-saqlav-ogrunda-umumavropa-stalinizm-ve-natsizm-qurbanlarinin-hatirasi-kunune-bagislangan-butunqirim-mitingi-istirakcilerinin-qarari\\\/\",\"name\":\"K\u00fctleviy s\u00fcrg\u00fcnlik ve qatller qurbanlar\u0131n\u0131\u00f1 hat\u0131ras\u0131n\u0131 saqlav o\u011frunda Umumavropa stalinizm ve natsizm qurbanlar\u0131n\u0131\u00f1 hat\u0131ras\u0131 k\u00fcn\u00fcne ba\u011f\u0131\u015flan\u011fan B\u00fct\u00fcnq\u0131r\u0131m mitingi i\u015ftirak\u00e7ilerini\u00f1 qarar\u0131 - \u041c\u0435\u0434\u0436\u043b\u0456\u0441\",\"isPartOf\":{\"@id\":\"https:\\\/\\\/qtmm.org\\\/qt\\\/#website\"},\"datePublished\":\"2012-08-23T20:56:00+00:00\",\"dateModified\":\"2022-01-21T20:57:08+00:00\",\"breadcrumb\":{\"@id\":\"https:\\\/\\\/qtmm.org\\\/qt\\\/kutleviy-surgunlik-ve-qatller-qurbanlarinin-hatirasini-saqlav-ogrunda-umumavropa-stalinizm-ve-natsizm-qurbanlarinin-hatirasi-kunune-bagislangan-butunqirim-mitingi-istirakcilerinin-qarari\\\/#breadcrumb\"},\"inLanguage\":\"qt\",\"potentialAction\":[{\"@type\":\"ReadAction\",\"target\":[\"https:\\\/\\\/qtmm.org\\\/qt\\\/kutleviy-surgunlik-ve-qatller-qurbanlarinin-hatirasini-saqlav-ogrunda-umumavropa-stalinizm-ve-natsizm-qurbanlarinin-hatirasi-kunune-bagislangan-butunqirim-mitingi-istirakcilerinin-qarari\\\/\"]}]},{\"@type\":\"BreadcrumbList\",\"@id\":\"https:\\\/\\\/qtmm.org\\\/qt\\\/kutleviy-surgunlik-ve-qatller-qurbanlarinin-hatirasini-saqlav-ogrunda-umumavropa-stalinizm-ve-natsizm-qurbanlarinin-hatirasi-kunune-bagislangan-butunqirim-mitingi-istirakcilerinin-qarari\\\/#breadcrumb\",\"itemListElement\":[{\"@type\":\"ListItem\",\"position\":1,\"name\":\"\u0413\u043e\u043b\u043e\u0432\u043d\u0430\",\"item\":\"https:\\\/\\\/qtmm.org\\\/qt\\\/\"},{\"@type\":\"ListItem\",\"position\":2,\"name\":\"K\u00fctleviy s\u00fcrg\u00fcnlik ve qatller qurbanlar\u0131n\u0131\u00f1 hat\u0131ras\u0131n\u0131 saqlav o\u011frunda Umumavropa stalinizm ve natsizm qurbanlar\u0131n\u0131\u00f1 hat\u0131ras\u0131 k\u00fcn\u00fcne ba\u011f\u0131\u015flan\u011fan B\u00fct\u00fcnq\u0131r\u0131m mitingi i\u015ftirak\u00e7ilerini\u00f1 qarar\u0131\"}]},{\"@type\":\"WebSite\",\"@id\":\"https:\\\/\\\/qtmm.org\\\/qt\\\/#website\",\"url\":\"https:\\\/\\\/qtmm.org\\\/qt\\\/\",\"name\":\"\u041c\u0435\u0434\u0436\u043b\u0456\u0441\",\"description\":\"\",\"publisher\":{\"@id\":\"https:\\\/\\\/qtmm.org\\\/qt\\\/#organization\"},\"potentialAction\":[{\"@type\":\"SearchAction\",\"target\":{\"@type\":\"EntryPoint\",\"urlTemplate\":\"https:\\\/\\\/qtmm.org\\\/qt\\\/?s={search_term_string}\"},\"query-input\":{\"@type\":\"PropertyValueSpecification\",\"valueRequired\":true,\"valueName\":\"search_term_string\"}}],\"inLanguage\":\"qt\"},{\"@type\":\"Organization\",\"@id\":\"https:\\\/\\\/qtmm.org\\\/qt\\\/#organization\",\"name\":\"\u041c\u0435\u0434\u0436\u043b\u0456\u0441\",\"url\":\"https:\\\/\\\/qtmm.org\\\/qt\\\/\",\"logo\":{\"@type\":\"ImageObject\",\"inLanguage\":\"qt\",\"@id\":\"https:\\\/\\\/qtmm.org\\\/qt\\\/#\\\/schema\\\/logo\\\/image\\\/\",\"url\":\"https:\\\/\\\/qtmm.org\\\/wp-content\\\/uploads\\\/2024\\\/12\\\/ua-mejlis-logo-rgb.svg\",\"contentUrl\":\"https:\\\/\\\/qtmm.org\\\/wp-content\\\/uploads\\\/2024\\\/12\\\/ua-mejlis-logo-rgb.svg\",\"caption\":\"\u041c\u0435\u0434\u0436\u043b\u0456\u0441\"},\"image\":{\"@id\":\"https:\\\/\\\/qtmm.org\\\/qt\\\/#\\\/schema\\\/logo\\\/image\\\/\"},\"sameAs\":[\"https:\\\/\\\/www.facebook.com\\\/qtmm.info\\\/\"]},{\"@type\":\"Person\",\"@id\":\"https:\\\/\\\/qtmm.org\\\/qt\\\/#\\\/schema\\\/person\\\/de562469f971dec226ac06e60bbf74a7\",\"name\":\"Developer\",\"image\":{\"@type\":\"ImageObject\",\"inLanguage\":\"qt\",\"@id\":\"https:\\\/\\\/secure.gravatar.com\\\/avatar\\\/392b4cc8fbfeb00b39dfeeab4ee6edded39ffd48e25858637e4765810300227e?s=96&d=mm&r=g\",\"url\":\"https:\\\/\\\/secure.gravatar.com\\\/avatar\\\/392b4cc8fbfeb00b39dfeeab4ee6edded39ffd48e25858637e4765810300227e?s=96&d=mm&r=g\",\"contentUrl\":\"https:\\\/\\\/secure.gravatar.com\\\/avatar\\\/392b4cc8fbfeb00b39dfeeab4ee6edded39ffd48e25858637e4765810300227e?s=96&d=mm&r=g\",\"caption\":\"Developer\"},\"url\":\"https:\\\/\\\/qtmm.org\\\/qt\\\/author\\\/Developer\\\/\"}]}<\/script>\n<!-- \/ Yoast SEO plugin. -->","yoast_head_json":{"title":"K\u00fctleviy s\u00fcrg\u00fcnlik ve qatller qurbanlar\u0131n\u0131\u00f1 hat\u0131ras\u0131n\u0131 saqlav o\u011frunda Umumavropa stalinizm ve natsizm qurbanlar\u0131n\u0131\u00f1 hat\u0131ras\u0131 k\u00fcn\u00fcne ba\u011f\u0131\u015flan\u011fan B\u00fct\u00fcnq\u0131r\u0131m mitingi i\u015ftirak\u00e7ilerini\u00f1 qarar\u0131 - \u041c\u0435\u0434\u0436\u043b\u0456\u0441","robots":{"index":"index","follow":"follow","max-snippet":"max-snippet:-1","max-image-preview":"max-image-preview:large","max-video-preview":"max-video-preview:-1"},"canonical":"https:\/\/qtmm.org\/qt\/kutleviy-surgunlik-ve-qatller-qurbanlarinin-hatirasini-saqlav-ogrunda-umumavropa-stalinizm-ve-natsizm-qurbanlarinin-hatirasi-kunune-bagislangan-butunqirim-mitingi-istirakcilerinin-qarari\/","og_locale":"en_US","og_type":"article","og_title":"K\u00fctleviy s\u00fcrg\u00fcnlik ve qatller qurbanlar\u0131n\u0131\u00f1 hat\u0131ras\u0131n\u0131 saqlav o\u011frunda Umumavropa stalinizm ve natsizm qurbanlar\u0131n\u0131\u00f1 hat\u0131ras\u0131 k\u00fcn\u00fcne ba\u011f\u0131\u015flan\u011fan B\u00fct\u00fcnq\u0131r\u0131m mitingi i\u015ftirak\u00e7ilerini\u00f1 qarar\u0131 - \u041c\u0435\u0434\u0436\u043b\u0456\u0441","og_description":"Biz, K\u00fctleviy s\u00fcrg\u00fcnlik ve qatller qurbanlar\u0131n\u0131\u00f1 hat\u0131ras\u0131n\u0131 saqlav o\u011frunda Umumavropa stalinizm ve natsizm qurbanlar\u0131n\u0131\u00f1 hat\u0131ras\u0131 k\u00fcn\u00fcne ba\u011f\u0131\u015flan\u011fan B\u00fct\u00fcnq\u0131r\u0131m mitingini\u00f1 i\u015ftirak\u00e7ileri OSCE Parlament Assambleyas\u0131 2009 senesi iy\u00fcl 3-te Viln\u00fcste qabul etken &#8220;XXI as\u0131rda OSCE region\u0131nda insan aqlar\u0131 ve serbestligini taqdirlev&#8221; qarar\u0131na tolus\u0131nen qoltutaraq: &#8211; ukrain ve q\u0131r\u0131mtatar halqlar\u0131 daa yaq\u0131n ke\u00e7mi\u015fte soyq\u0131r\u0131m\u011fa o\u011fra\u011fanlar\u0131, kommunist ve natsist [&hellip;]","og_url":"https:\/\/qtmm.org\/qt\/kutleviy-surgunlik-ve-qatller-qurbanlarinin-hatirasini-saqlav-ogrunda-umumavropa-stalinizm-ve-natsizm-qurbanlarinin-hatirasi-kunune-bagislangan-butunqirim-mitingi-istirakcilerinin-qarari\/","og_site_name":"\u041c\u0435\u0434\u0436\u043b\u0456\u0441","article_publisher":"https:\/\/www.facebook.com\/qtmm.info\/","article_published_time":"2012-08-23T20:56:00+00:00","article_modified_time":"2022-01-21T20:57:08+00:00","author":"Developer","twitter_card":"summary_large_image","twitter_misc":{"Written by":"Developer","Est. reading time":"2 minutes"},"schema":{"@context":"https:\/\/schema.org","@graph":[{"@type":"Article","@id":"https:\/\/qtmm.org\/qt\/kutleviy-surgunlik-ve-qatller-qurbanlarinin-hatirasini-saqlav-ogrunda-umumavropa-stalinizm-ve-natsizm-qurbanlarinin-hatirasi-kunune-bagislangan-butunqirim-mitingi-istirakcilerinin-qarari\/#article","isPartOf":{"@id":"https:\/\/qtmm.org\/qt\/kutleviy-surgunlik-ve-qatller-qurbanlarinin-hatirasini-saqlav-ogrunda-umumavropa-stalinizm-ve-natsizm-qurbanlarinin-hatirasi-kunune-bagislangan-butunqirim-mitingi-istirakcilerinin-qarari\/"},"author":{"name":"Developer","@id":"https:\/\/qtmm.org\/qt\/#\/schema\/person\/de562469f971dec226ac06e60bbf74a7"},"headline":"K\u00fctleviy s\u00fcrg\u00fcnlik ve qatller qurbanlar\u0131n\u0131\u00f1 hat\u0131ras\u0131n\u0131 saqlav o\u011frunda Umumavropa stalinizm ve natsizm qurbanlar\u0131n\u0131\u00f1 hat\u0131ras\u0131 k\u00fcn\u00fcne ba\u011f\u0131\u015flan\u011fan B\u00fct\u00fcnq\u0131r\u0131m mitingi i\u015ftirak\u00e7ilerini\u00f1 qarar\u0131","datePublished":"2012-08-23T20:56:00+00:00","dateModified":"2022-01-21T20:57:08+00:00","mainEntityOfPage":{"@id":"https:\/\/qtmm.org\/qt\/kutleviy-surgunlik-ve-qatller-qurbanlarinin-hatirasini-saqlav-ogrunda-umumavropa-stalinizm-ve-natsizm-qurbanlarinin-hatirasi-kunune-bagislangan-butunqirim-mitingi-istirakcilerinin-qarari\/"},"wordCount":389,"commentCount":0,"publisher":{"@id":"https:\/\/qtmm.org\/qt\/#organization"},"articleSection":["Haberler"],"inLanguage":"qt","potentialAction":[{"@type":"CommentAction","name":"Comment","target":["https:\/\/qtmm.org\/qt\/kutleviy-surgunlik-ve-qatller-qurbanlarinin-hatirasini-saqlav-ogrunda-umumavropa-stalinizm-ve-natsizm-qurbanlarinin-hatirasi-kunune-bagislangan-butunqirim-mitingi-istirakcilerinin-qarari\/#respond"]}]},{"@type":"WebPage","@id":"https:\/\/qtmm.org\/qt\/kutleviy-surgunlik-ve-qatller-qurbanlarinin-hatirasini-saqlav-ogrunda-umumavropa-stalinizm-ve-natsizm-qurbanlarinin-hatirasi-kunune-bagislangan-butunqirim-mitingi-istirakcilerinin-qarari\/","url":"https:\/\/qtmm.org\/qt\/kutleviy-surgunlik-ve-qatller-qurbanlarinin-hatirasini-saqlav-ogrunda-umumavropa-stalinizm-ve-natsizm-qurbanlarinin-hatirasi-kunune-bagislangan-butunqirim-mitingi-istirakcilerinin-qarari\/","name":"K\u00fctleviy s\u00fcrg\u00fcnlik ve qatller qurbanlar\u0131n\u0131\u00f1 hat\u0131ras\u0131n\u0131 saqlav o\u011frunda Umumavropa stalinizm ve natsizm qurbanlar\u0131n\u0131\u00f1 hat\u0131ras\u0131 k\u00fcn\u00fcne ba\u011f\u0131\u015flan\u011fan B\u00fct\u00fcnq\u0131r\u0131m mitingi i\u015ftirak\u00e7ilerini\u00f1 qarar\u0131 - \u041c\u0435\u0434\u0436\u043b\u0456\u0441","isPartOf":{"@id":"https:\/\/qtmm.org\/qt\/#website"},"datePublished":"2012-08-23T20:56:00+00:00","dateModified":"2022-01-21T20:57:08+00:00","breadcrumb":{"@id":"https:\/\/qtmm.org\/qt\/kutleviy-surgunlik-ve-qatller-qurbanlarinin-hatirasini-saqlav-ogrunda-umumavropa-stalinizm-ve-natsizm-qurbanlarinin-hatirasi-kunune-bagislangan-butunqirim-mitingi-istirakcilerinin-qarari\/#breadcrumb"},"inLanguage":"qt","potentialAction":[{"@type":"ReadAction","target":["https:\/\/qtmm.org\/qt\/kutleviy-surgunlik-ve-qatller-qurbanlarinin-hatirasini-saqlav-ogrunda-umumavropa-stalinizm-ve-natsizm-qurbanlarinin-hatirasi-kunune-bagislangan-butunqirim-mitingi-istirakcilerinin-qarari\/"]}]},{"@type":"BreadcrumbList","@id":"https:\/\/qtmm.org\/qt\/kutleviy-surgunlik-ve-qatller-qurbanlarinin-hatirasini-saqlav-ogrunda-umumavropa-stalinizm-ve-natsizm-qurbanlarinin-hatirasi-kunune-bagislangan-butunqirim-mitingi-istirakcilerinin-qarari\/#breadcrumb","itemListElement":[{"@type":"ListItem","position":1,"name":"\u0413\u043e\u043b\u043e\u0432\u043d\u0430","item":"https:\/\/qtmm.org\/qt\/"},{"@type":"ListItem","position":2,"name":"K\u00fctleviy s\u00fcrg\u00fcnlik ve qatller qurbanlar\u0131n\u0131\u00f1 hat\u0131ras\u0131n\u0131 saqlav o\u011frunda Umumavropa stalinizm ve natsizm qurbanlar\u0131n\u0131\u00f1 hat\u0131ras\u0131 k\u00fcn\u00fcne ba\u011f\u0131\u015flan\u011fan B\u00fct\u00fcnq\u0131r\u0131m mitingi i\u015ftirak\u00e7ilerini\u00f1 qarar\u0131"}]},{"@type":"WebSite","@id":"https:\/\/qtmm.org\/qt\/#website","url":"https:\/\/qtmm.org\/qt\/","name":"\u041c\u0435\u0434\u0436\u043b\u0456\u0441","description":"","publisher":{"@id":"https:\/\/qtmm.org\/qt\/#organization"},"potentialAction":[{"@type":"SearchAction","target":{"@type":"EntryPoint","urlTemplate":"https:\/\/qtmm.org\/qt\/?s={search_term_string}"},"query-input":{"@type":"PropertyValueSpecification","valueRequired":true,"valueName":"search_term_string"}}],"inLanguage":"qt"},{"@type":"Organization","@id":"https:\/\/qtmm.org\/qt\/#organization","name":"\u041c\u0435\u0434\u0436\u043b\u0456\u0441","url":"https:\/\/qtmm.org\/qt\/","logo":{"@type":"ImageObject","inLanguage":"qt","@id":"https:\/\/qtmm.org\/qt\/#\/schema\/logo\/image\/","url":"https:\/\/qtmm.org\/wp-content\/uploads\/2024\/12\/ua-mejlis-logo-rgb.svg","contentUrl":"https:\/\/qtmm.org\/wp-content\/uploads\/2024\/12\/ua-mejlis-logo-rgb.svg","caption":"\u041c\u0435\u0434\u0436\u043b\u0456\u0441"},"image":{"@id":"https:\/\/qtmm.org\/qt\/#\/schema\/logo\/image\/"},"sameAs":["https:\/\/www.facebook.com\/qtmm.info\/"]},{"@type":"Person","@id":"https:\/\/qtmm.org\/qt\/#\/schema\/person\/de562469f971dec226ac06e60bbf74a7","name":"Developer","image":{"@type":"ImageObject","inLanguage":"qt","@id":"https:\/\/secure.gravatar.com\/avatar\/392b4cc8fbfeb00b39dfeeab4ee6edded39ffd48e25858637e4765810300227e?s=96&d=mm&r=g","url":"https:\/\/secure.gravatar.com\/avatar\/392b4cc8fbfeb00b39dfeeab4ee6edded39ffd48e25858637e4765810300227e?s=96&d=mm&r=g","contentUrl":"https:\/\/secure.gravatar.com\/avatar\/392b4cc8fbfeb00b39dfeeab4ee6edded39ffd48e25858637e4765810300227e?s=96&d=mm&r=g","caption":"Developer"},"url":"https:\/\/qtmm.org\/qt\/author\/Developer\/"}]}},"_links":{"self":[{"href":"https:\/\/qtmm.org\/qt\/wp-json\/wp\/v2\/posts\/33379","targetHints":{"allow":["GET"]}}],"collection":[{"href":"https:\/\/qtmm.org\/qt\/wp-json\/wp\/v2\/posts"}],"about":[{"href":"https:\/\/qtmm.org\/qt\/wp-json\/wp\/v2\/types\/post"}],"author":[{"embeddable":true,"href":"https:\/\/qtmm.org\/qt\/wp-json\/wp\/v2\/users\/1"}],"replies":[{"embeddable":true,"href":"https:\/\/qtmm.org\/qt\/wp-json\/wp\/v2\/comments?post=33379"}],"version-history":[{"count":1,"href":"https:\/\/qtmm.org\/qt\/wp-json\/wp\/v2\/posts\/33379\/revisions"}],"predecessor-version":[{"id":33388,"href":"https:\/\/qtmm.org\/qt\/wp-json\/wp\/v2\/posts\/33379\/revisions\/33388"}],"wp:attachment":[{"href":"https:\/\/qtmm.org\/qt\/wp-json\/wp\/v2\/media?parent=33379"}],"wp:term":[{"taxonomy":"category","embeddable":true,"href":"https:\/\/qtmm.org\/qt\/wp-json\/wp\/v2\/categories?post=33379"},{"taxonomy":"post_tag","embeddable":true,"href":"https:\/\/qtmm.org\/qt\/wp-json\/wp\/v2\/tags?post=33379"}],"curies":[{"name":"wp","href":"https:\/\/api.w.org\/{rel}","templated":true}]}}