




{"id":33229,"date":"2012-08-23T23:53:00","date_gmt":"2012-08-23T20:53:00","guid":{"rendered":"http:\/\/qtmm.org\/?p=33229"},"modified":"2022-01-21T23:56:17","modified_gmt":"2022-01-21T20:56:17","slug":"qirimtatarlar-potr-simonenkoni-curuk-yimirta-ve-fasist-sozlerinen-qarsiladilar","status":"publish","type":"post","link":"https:\/\/qtmm.org\/qt\/qirimtatarlar-potr-simonenkoni-curuk-yimirta-ve-fasist-sozlerinen-qarsiladilar\/","title":{"rendered":"Q\u0131r\u0131mtatarlar P\u00f6tr Simonenkon\u0131 \u00e7\u00fcr\u00fck y\u0131m\u0131rta ve \u00abfa\u015fist\u00bb s\u00f6zlerinen qar\u015f\u0131lad\u0131lar"},"content":{"rendered":"\n<p>2012 senesi avgust 22 k\u00fcn\u00fc Aqmescitni\u00f1 merkeziy meydan\u0131nda UKP lideri P\u00f6tr Simonenko Q\u0131r\u0131mdaki saylavc\u0131larnen k\u00f6r\u00fc\u015f\u00fcv ke\u00e7irdi.<\/p>\n\n\n\n<p>\u015eaatlarn\u0131\u00f1 bildirgenine k\u00f6re Ukraina kommunist partiyas\u0131 ve on\u0131\u00f1 liderine qoltutmaq i\u00e7\u00fcn toplan\u011fan i\u015ftirak\u00e7ilerni maddiy desteklegenler. L\u00e2kin bu\u00f1a baqmadan, P\u00f6tr Simonenkonen k\u00f6r\u00fc\u015fmege ancaq 300 yaq\u0131n, o da esasen qart ve bayraq ta\u015f\u0131maq i\u00e7\u00fcn kiralan\u011fan ya\u015flar kelgen.<\/p>\n\n\n\n<figure class=\"wp-block-image size-full\"><img loading=\"lazy\" decoding=\"async\" width=\"800\" height=\"600\" src=\"http:\/\/qtmm.org\/wp-content\/uploads\/2022\/01\/img_0246.jpeg\" alt=\"\" class=\"wp-image-33234\" srcset=\"https:\/\/qtmm.org\/wp-content\/uploads\/2022\/01\/img_0246.jpeg 800w, https:\/\/qtmm.org\/wp-content\/uploads\/2022\/01\/img_0246-300x225.jpeg 300w, https:\/\/qtmm.org\/wp-content\/uploads\/2022\/01\/img_0246-768x576.jpeg 768w\" sizes=\"auto, (max-width: 800px) 100vw, 800px\" \/><\/figure>\n\n\n\n<p>Mitingge P\u00f6tr Simonenkon\u0131\u00f1 2012 senesi may\u0131s 16-da Ukraina Yuqar\u0131 \u015euras\u0131n\u0131\u00f1 minberinden q\u0131r\u0131mtatar halq\u0131n\u0131 aqaret etken \u00e7\u0131q\u0131\u015f\u0131na a\u00e7uvlan\u011fan q\u0131r\u0131mtatarlar da naraz\u0131l\u0131q bildirmek i\u00e7\u00fcn keldiler. Belli ki, o \u00e7\u0131q\u0131\u015f\u0131nda Simonenko 1944 senesi may\u0131s 18-de q\u0131r\u0131mtatarlarn\u0131 aql\u0131 s\u00fcrette s\u00fcrg\u00fcn ettiler, dedi. Q\u0131r\u0131mtatarlarn\u0131\u00f1 qollar\u0131nda milliy bayraqlar ve &#8220;Ukrainada fa\u015fizmge \u2013 yol yoq!&#8221;, &#8220;P\u00f6tr Simonenko mahkeme etilsin!&#8221;, &#8220;Simonenko Q\u0131r\u0131mdan def ol!&#8221; kibi \u015fiarlar da bar edi.<\/p>\n\n\n\n<figure class=\"wp-block-image size-full\"><img loading=\"lazy\" decoding=\"async\" width=\"800\" height=\"600\" src=\"http:\/\/qtmm.org\/wp-content\/uploads\/2022\/01\/img_0239.jpeg\" alt=\"\" class=\"wp-image-33238\" srcset=\"https:\/\/qtmm.org\/wp-content\/uploads\/2022\/01\/img_0239.jpeg 800w, https:\/\/qtmm.org\/wp-content\/uploads\/2022\/01\/img_0239-300x225.jpeg 300w, https:\/\/qtmm.org\/wp-content\/uploads\/2022\/01\/img_0239-768x576.jpeg 768w\" sizes=\"auto, (max-width: 800px) 100vw, 800px\" \/><\/figure>\n\n\n\n<p>Ukraina &#8220;ba\u015f kommunisti&#8221;ni\u00f1 bir saatlik \u00e7\u0131q\u0131\u015f\u0131 devam\u0131nda q\u0131r\u0131mtatarlar &#8220;Ukrainada fa\u015fizmge \u2013 yol yoq!&#8221;, &#8220;P\u00f6tr Simonenko mahkeme etilsin!&#8221;, &#8220;Simonenko Q\u0131r\u0131mdan def ol!&#8221; dep q\u0131\u00e7\u0131rd\u0131lar ve sana\u011fa \u00e7\u00fcr\u00fck y\u0131m\u0131rtalarn\u0131 att\u0131lar.<\/p>\n\n\n\n<figure class=\"wp-block-image size-full\"><img loading=\"lazy\" decoding=\"async\" width=\"800\" height=\"600\" src=\"http:\/\/qtmm.org\/wp-content\/uploads\/2022\/01\/img_0240.jpeg\" alt=\"\" class=\"wp-image-33242\" srcset=\"https:\/\/qtmm.org\/wp-content\/uploads\/2022\/01\/img_0240.jpeg 800w, https:\/\/qtmm.org\/wp-content\/uploads\/2022\/01\/img_0240-300x225.jpeg 300w, https:\/\/qtmm.org\/wp-content\/uploads\/2022\/01\/img_0240-768x576.jpeg 768w\" sizes=\"auto, (max-width: 800px) 100vw, 800px\" \/><\/figure>\n\n\n\n<p>Tedbir bitken so\u00f1 P\u00f6tr Simonenko &#8220;Mashara!&#8221; q\u0131\u00e7\u0131ruvlar\u0131 ve \u0130\u00e7ki i\u015fler nazirligi k\u00fc\u00e7lerini\u00f1 qoruv\u0131nda meydann\u0131 terk etti.<\/p>\n\n\n\n<figure class=\"wp-block-image size-full\"><img loading=\"lazy\" decoding=\"async\" width=\"800\" height=\"600\" src=\"http:\/\/qtmm.org\/wp-content\/uploads\/2022\/01\/123n.jpeg\" alt=\"\" class=\"wp-image-33246\" srcset=\"https:\/\/qtmm.org\/wp-content\/uploads\/2022\/01\/123n.jpeg 800w, https:\/\/qtmm.org\/wp-content\/uploads\/2022\/01\/123n-300x225.jpeg 300w, https:\/\/qtmm.org\/wp-content\/uploads\/2022\/01\/123n-768x576.jpeg 768w\" sizes=\"auto, (max-width: 800px) 100vw, 800px\" \/><\/figure>\n\n\n\n<figure class=\"wp-block-image size-full\"><img loading=\"lazy\" decoding=\"async\" width=\"800\" height=\"600\" src=\"http:\/\/qtmm.org\/wp-content\/uploads\/2022\/01\/img_0246_1.jpeg\" alt=\"\" class=\"wp-image-33250\" srcset=\"https:\/\/qtmm.org\/wp-content\/uploads\/2022\/01\/img_0246_1.jpeg 800w, https:\/\/qtmm.org\/wp-content\/uploads\/2022\/01\/img_0246_1-300x225.jpeg 300w, https:\/\/qtmm.org\/wp-content\/uploads\/2022\/01\/img_0246_1-768x576.jpeg 768w\" sizes=\"auto, (max-width: 800px) 100vw, 800px\" \/><\/figure>\n\n\n\n<p>Q\u0131r\u0131mtatar halq\u0131 Meclisi reisini\u00f1 birinci muavini Refat \u00c7ubarov adiseni b\u00f6yle izaatlad\u0131: &#8220;Er angi medeniyetli devlette soyq\u0131r\u0131mn\u0131, kimge nisbeten yap\u0131l\u011fan\u0131ndan qatiy nazar, aqla\u011fan siyaset\u00e7i minberden t\u00fc\u015fkeni daqqas\u0131ndan siyaset\u00e7i olaraq bitken olurd\u0131. Ukraina, Q\u0131r\u0131mn\u0131\u00f1 facias\u0131 \u015funda ki k\u00fctleviy, q\u0131r\u0131mtatarlar, ukrain ya da yeudilerge nisbeten \u2013 umumen, kimge olsa-olsun, zulumn\u0131 aql\u0131 dep say\u011fan maneviy bozuq Ukraina halq deputat\u0131 status\u0131ndan qullan\u011fan\u0131 alda \u0130\u00e7ki i\u015fler nazirligini\u00f1 imayesinde memleket boylap dolanaraq, yap\u0131l\u011fan cinayetlerni aqlama\u011fa, ke\u00e7ken nesillerni\u00f1 \u00e7ekken azaplar\u0131n\u0131 unutma\u011fa t\u0131r\u0131\u015fqan insanlar \u00f6g\u00fcnde \u00e7\u0131q\u0131\u015fta buluna&#8221;.<\/p>\n\n\n\n<figure class=\"wp-block-image size-full\"><img loading=\"lazy\" decoding=\"async\" width=\"800\" height=\"600\" src=\"http:\/\/qtmm.org\/wp-content\/uploads\/2022\/01\/img_0252.jpeg\" alt=\"\" class=\"wp-image-33254\" srcset=\"https:\/\/qtmm.org\/wp-content\/uploads\/2022\/01\/img_0252.jpeg 800w, https:\/\/qtmm.org\/wp-content\/uploads\/2022\/01\/img_0252-300x225.jpeg 300w, https:\/\/qtmm.org\/wp-content\/uploads\/2022\/01\/img_0252-768x576.jpeg 768w\" sizes=\"auto, (max-width: 800px) 100vw, 800px\" \/><\/figure>\n\n\n\n<p>Aktsiyan\u0131\u00f1 so\u00f1unda Refat \u00c7ubarov meydan\u011fa kelgen q\u0131r\u0131mtatarlar\u011fa Simonenko kibi siyaset\u00e7ilerni qabul etmegenlerini k\u00f6stermege kelgenleri i\u00e7\u00fcn te\u015fekk\u00fcr bildirdi. Ayn\u0131 zamanda Refat \u00c7ubarov naraz\u0131l\u0131q bildirgenler aras\u0131nda ba\u015fqa millet vekillerini\u00f1 az ol\u011fan\u0131n\u0131 qayd etip, &#8220;eminmiz ki, yar\u0131n-o bir k\u00fcn olarn\u0131\u00f1 k\u00f6zleri a\u00e7\u0131l\u0131r ve Simonenko kibi maneviy bozuqlar i\u00e7\u00fcn ukrain siyasetine yol ebediyen qapal\u0131r&#8221;, dep qo\u015ft\u0131.<\/p>\n\n\n\n<figure class=\"wp-block-image size-full\"><img loading=\"lazy\" decoding=\"async\" width=\"800\" height=\"600\" src=\"http:\/\/qtmm.org\/wp-content\/uploads\/2022\/01\/img_0254.jpeg\" alt=\"\" class=\"wp-image-33258\" srcset=\"https:\/\/qtmm.org\/wp-content\/uploads\/2022\/01\/img_0254.jpeg 800w, https:\/\/qtmm.org\/wp-content\/uploads\/2022\/01\/img_0254-300x225.jpeg 300w, https:\/\/qtmm.org\/wp-content\/uploads\/2022\/01\/img_0254-768x576.jpeg 768w\" sizes=\"auto, (max-width: 800px) 100vw, 800px\" \/><\/figure>\n\n\n\n<figure class=\"wp-block-image size-full\"><img loading=\"lazy\" decoding=\"async\" width=\"800\" height=\"600\" src=\"http:\/\/qtmm.org\/wp-content\/uploads\/2022\/01\/img_0255.jpeg\" alt=\"\" class=\"wp-image-33262\" srcset=\"https:\/\/qtmm.org\/wp-content\/uploads\/2022\/01\/img_0255.jpeg 800w, https:\/\/qtmm.org\/wp-content\/uploads\/2022\/01\/img_0255-300x225.jpeg 300w, https:\/\/qtmm.org\/wp-content\/uploads\/2022\/01\/img_0255-768x576.jpeg 768w\" sizes=\"auto, (max-width: 800px) 100vw, 800px\" \/><\/figure>\n","protected":false},"excerpt":{"rendered":"<p>2012 senesi avgust 22 k\u00fcn\u00fc Aqmescitni\u00f1 merkeziy meydan\u0131nda UKP lideri P\u00f6tr Simonenko Q\u0131r\u0131mdaki saylavc\u0131larnen k\u00f6r\u00fc\u015f\u00fcv ke\u00e7irdi. \u015eaatlarn\u0131\u00f1 bildirgenine k\u00f6re Ukraina kommunist partiyas\u0131 ve on\u0131\u00f1 liderine qoltutmaq i\u00e7\u00fcn toplan\u011fan i\u015ftirak\u00e7ilerni maddiy desteklegenler. L\u00e2kin bu\u00f1a baqmadan, P\u00f6tr Simonenkonen k\u00f6r\u00fc\u015fmege ancaq 300 yaq\u0131n, o da esasen qart ve bayraq ta\u015f\u0131maq i\u00e7\u00fcn kiralan\u011fan ya\u015flar kelgen. Mitingge P\u00f6tr Simonenkon\u0131\u00f1 2012 [&hellip;]<\/p>\n","protected":false},"author":1,"featured_media":33230,"comment_status":"open","ping_status":"open","sticky":false,"template":"","format":"standard","meta":{"inline_featured_image":false,"footnotes":""},"categories":[265],"tags":[],"class_list":["post-33229","post","type-post","status-publish","format-standard","has-post-thumbnail","hentry","category-haberler"],"acf":[],"yoast_head":"<!-- This site is optimized with the Yoast SEO plugin v27.4 - https:\/\/yoast.com\/product\/yoast-seo-wordpress\/ -->\n<title>Q\u0131r\u0131mtatarlar P\u00f6tr Simonenkon\u0131 \u00e7\u00fcr\u00fck y\u0131m\u0131rta ve \u00abfa\u015fist\u00bb s\u00f6zlerinen qar\u015f\u0131lad\u0131lar - \u041c\u0435\u0434\u0436\u043b\u0456\u0441<\/title>\n<meta name=\"robots\" content=\"index, follow, max-snippet:-1, max-image-preview:large, max-video-preview:-1\" \/>\n<link rel=\"canonical\" href=\"https:\/\/qtmm.org\/qt\/qirimtatarlar-potr-simonenkoni-curuk-yimirta-ve-fasist-sozlerinen-qarsiladilar\/\" \/>\n<meta property=\"og:locale\" content=\"en_US\" \/>\n<meta property=\"og:type\" content=\"article\" \/>\n<meta property=\"og:title\" content=\"Q\u0131r\u0131mtatarlar P\u00f6tr Simonenkon\u0131 \u00e7\u00fcr\u00fck y\u0131m\u0131rta ve \u00abfa\u015fist\u00bb s\u00f6zlerinen qar\u015f\u0131lad\u0131lar - \u041c\u0435\u0434\u0436\u043b\u0456\u0441\" \/>\n<meta property=\"og:description\" content=\"2012 senesi avgust 22 k\u00fcn\u00fc Aqmescitni\u00f1 merkeziy meydan\u0131nda UKP lideri P\u00f6tr Simonenko Q\u0131r\u0131mdaki saylavc\u0131larnen k\u00f6r\u00fc\u015f\u00fcv ke\u00e7irdi. \u015eaatlarn\u0131\u00f1 bildirgenine k\u00f6re Ukraina kommunist partiyas\u0131 ve on\u0131\u00f1 liderine qoltutmaq i\u00e7\u00fcn toplan\u011fan i\u015ftirak\u00e7ilerni maddiy desteklegenler. L\u00e2kin bu\u00f1a baqmadan, P\u00f6tr Simonenkonen k\u00f6r\u00fc\u015fmege ancaq 300 yaq\u0131n, o da esasen qart ve bayraq ta\u015f\u0131maq i\u00e7\u00fcn kiralan\u011fan ya\u015flar kelgen. Mitingge P\u00f6tr Simonenkon\u0131\u00f1 2012 [&hellip;]\" \/>\n<meta property=\"og:url\" content=\"https:\/\/qtmm.org\/qt\/qirimtatarlar-potr-simonenkoni-curuk-yimirta-ve-fasist-sozlerinen-qarsiladilar\/\" \/>\n<meta property=\"og:site_name\" content=\"\u041c\u0435\u0434\u0436\u043b\u0456\u0441\" \/>\n<meta property=\"article:publisher\" content=\"https:\/\/www.facebook.com\/qtmm.info\/\" \/>\n<meta property=\"article:published_time\" content=\"2012-08-23T20:53:00+00:00\" \/>\n<meta property=\"article:modified_time\" content=\"2022-01-21T20:56:17+00:00\" \/>\n<meta property=\"og:image\" content=\"https:\/\/qtmm.org\/wp-content\/uploads\/2022\/01\/img_0238.jpeg\" \/>\n\t<meta property=\"og:image:width\" content=\"800\" \/>\n\t<meta property=\"og:image:height\" content=\"600\" \/>\n\t<meta property=\"og:image:type\" content=\"image\/jpeg\" \/>\n<meta name=\"author\" content=\"Developer\" \/>\n<meta name=\"twitter:card\" content=\"summary_large_image\" \/>\n<meta name=\"twitter:label1\" content=\"Written by\" \/>\n\t<meta name=\"twitter:data1\" content=\"Developer\" \/>\n\t<meta name=\"twitter:label2\" content=\"Est. reading time\" \/>\n\t<meta name=\"twitter:data2\" content=\"2 minutes\" \/>\n<script type=\"application\/ld+json\" class=\"yoast-schema-graph\">{\"@context\":\"https:\\\/\\\/schema.org\",\"@graph\":[{\"@type\":\"Article\",\"@id\":\"https:\\\/\\\/qtmm.org\\\/qt\\\/qirimtatarlar-potr-simonenkoni-curuk-yimirta-ve-fasist-sozlerinen-qarsiladilar\\\/#article\",\"isPartOf\":{\"@id\":\"https:\\\/\\\/qtmm.org\\\/qt\\\/qirimtatarlar-potr-simonenkoni-curuk-yimirta-ve-fasist-sozlerinen-qarsiladilar\\\/\"},\"author\":{\"name\":\"Developer\",\"@id\":\"https:\\\/\\\/qtmm.org\\\/qt\\\/#\\\/schema\\\/person\\\/de562469f971dec226ac06e60bbf74a7\"},\"headline\":\"Q\u0131r\u0131mtatarlar P\u00f6tr Simonenkon\u0131 \u00e7\u00fcr\u00fck y\u0131m\u0131rta ve \u00abfa\u015fist\u00bb s\u00f6zlerinen qar\u015f\u0131lad\u0131lar\",\"datePublished\":\"2012-08-23T20:53:00+00:00\",\"dateModified\":\"2022-01-21T20:56:17+00:00\",\"mainEntityOfPage\":{\"@id\":\"https:\\\/\\\/qtmm.org\\\/qt\\\/qirimtatarlar-potr-simonenkoni-curuk-yimirta-ve-fasist-sozlerinen-qarsiladilar\\\/\"},\"wordCount\":425,\"commentCount\":0,\"publisher\":{\"@id\":\"https:\\\/\\\/qtmm.org\\\/qt\\\/#organization\"},\"image\":{\"@id\":\"https:\\\/\\\/qtmm.org\\\/qt\\\/qirimtatarlar-potr-simonenkoni-curuk-yimirta-ve-fasist-sozlerinen-qarsiladilar\\\/#primaryimage\"},\"thumbnailUrl\":\"https:\\\/\\\/qtmm.org\\\/wp-content\\\/uploads\\\/2022\\\/01\\\/img_0238.jpeg\",\"articleSection\":[\"Haberler\"],\"inLanguage\":\"qt\",\"potentialAction\":[{\"@type\":\"CommentAction\",\"name\":\"Comment\",\"target\":[\"https:\\\/\\\/qtmm.org\\\/qt\\\/qirimtatarlar-potr-simonenkoni-curuk-yimirta-ve-fasist-sozlerinen-qarsiladilar\\\/#respond\"]}]},{\"@type\":\"WebPage\",\"@id\":\"https:\\\/\\\/qtmm.org\\\/qt\\\/qirimtatarlar-potr-simonenkoni-curuk-yimirta-ve-fasist-sozlerinen-qarsiladilar\\\/\",\"url\":\"https:\\\/\\\/qtmm.org\\\/qt\\\/qirimtatarlar-potr-simonenkoni-curuk-yimirta-ve-fasist-sozlerinen-qarsiladilar\\\/\",\"name\":\"Q\u0131r\u0131mtatarlar P\u00f6tr Simonenkon\u0131 \u00e7\u00fcr\u00fck y\u0131m\u0131rta ve \u00abfa\u015fist\u00bb s\u00f6zlerinen qar\u015f\u0131lad\u0131lar - \u041c\u0435\u0434\u0436\u043b\u0456\u0441\",\"isPartOf\":{\"@id\":\"https:\\\/\\\/qtmm.org\\\/qt\\\/#website\"},\"primaryImageOfPage\":{\"@id\":\"https:\\\/\\\/qtmm.org\\\/qt\\\/qirimtatarlar-potr-simonenkoni-curuk-yimirta-ve-fasist-sozlerinen-qarsiladilar\\\/#primaryimage\"},\"image\":{\"@id\":\"https:\\\/\\\/qtmm.org\\\/qt\\\/qirimtatarlar-potr-simonenkoni-curuk-yimirta-ve-fasist-sozlerinen-qarsiladilar\\\/#primaryimage\"},\"thumbnailUrl\":\"https:\\\/\\\/qtmm.org\\\/wp-content\\\/uploads\\\/2022\\\/01\\\/img_0238.jpeg\",\"datePublished\":\"2012-08-23T20:53:00+00:00\",\"dateModified\":\"2022-01-21T20:56:17+00:00\",\"breadcrumb\":{\"@id\":\"https:\\\/\\\/qtmm.org\\\/qt\\\/qirimtatarlar-potr-simonenkoni-curuk-yimirta-ve-fasist-sozlerinen-qarsiladilar\\\/#breadcrumb\"},\"inLanguage\":\"qt\",\"potentialAction\":[{\"@type\":\"ReadAction\",\"target\":[\"https:\\\/\\\/qtmm.org\\\/qt\\\/qirimtatarlar-potr-simonenkoni-curuk-yimirta-ve-fasist-sozlerinen-qarsiladilar\\\/\"]}]},{\"@type\":\"ImageObject\",\"inLanguage\":\"qt\",\"@id\":\"https:\\\/\\\/qtmm.org\\\/qt\\\/qirimtatarlar-potr-simonenkoni-curuk-yimirta-ve-fasist-sozlerinen-qarsiladilar\\\/#primaryimage\",\"url\":\"https:\\\/\\\/qtmm.org\\\/wp-content\\\/uploads\\\/2022\\\/01\\\/img_0238.jpeg\",\"contentUrl\":\"https:\\\/\\\/qtmm.org\\\/wp-content\\\/uploads\\\/2022\\\/01\\\/img_0238.jpeg\",\"width\":800,\"height\":600},{\"@type\":\"BreadcrumbList\",\"@id\":\"https:\\\/\\\/qtmm.org\\\/qt\\\/qirimtatarlar-potr-simonenkoni-curuk-yimirta-ve-fasist-sozlerinen-qarsiladilar\\\/#breadcrumb\",\"itemListElement\":[{\"@type\":\"ListItem\",\"position\":1,\"name\":\"\u0413\u043e\u043b\u043e\u0432\u043d\u0430\",\"item\":\"https:\\\/\\\/qtmm.org\\\/qt\\\/\"},{\"@type\":\"ListItem\",\"position\":2,\"name\":\"Q\u0131r\u0131mtatarlar P\u00f6tr Simonenkon\u0131 \u00e7\u00fcr\u00fck y\u0131m\u0131rta ve \u00abfa\u015fist\u00bb s\u00f6zlerinen qar\u015f\u0131lad\u0131lar\"}]},{\"@type\":\"WebSite\",\"@id\":\"https:\\\/\\\/qtmm.org\\\/qt\\\/#website\",\"url\":\"https:\\\/\\\/qtmm.org\\\/qt\\\/\",\"name\":\"\u041c\u0435\u0434\u0436\u043b\u0456\u0441\",\"description\":\"\",\"publisher\":{\"@id\":\"https:\\\/\\\/qtmm.org\\\/qt\\\/#organization\"},\"potentialAction\":[{\"@type\":\"SearchAction\",\"target\":{\"@type\":\"EntryPoint\",\"urlTemplate\":\"https:\\\/\\\/qtmm.org\\\/qt\\\/?s={search_term_string}\"},\"query-input\":{\"@type\":\"PropertyValueSpecification\",\"valueRequired\":true,\"valueName\":\"search_term_string\"}}],\"inLanguage\":\"qt\"},{\"@type\":\"Organization\",\"@id\":\"https:\\\/\\\/qtmm.org\\\/qt\\\/#organization\",\"name\":\"\u041c\u0435\u0434\u0436\u043b\u0456\u0441\",\"url\":\"https:\\\/\\\/qtmm.org\\\/qt\\\/\",\"logo\":{\"@type\":\"ImageObject\",\"inLanguage\":\"qt\",\"@id\":\"https:\\\/\\\/qtmm.org\\\/qt\\\/#\\\/schema\\\/logo\\\/image\\\/\",\"url\":\"https:\\\/\\\/qtmm.org\\\/wp-content\\\/uploads\\\/2024\\\/12\\\/ua-mejlis-logo-rgb.svg\",\"contentUrl\":\"https:\\\/\\\/qtmm.org\\\/wp-content\\\/uploads\\\/2024\\\/12\\\/ua-mejlis-logo-rgb.svg\",\"caption\":\"\u041c\u0435\u0434\u0436\u043b\u0456\u0441\"},\"image\":{\"@id\":\"https:\\\/\\\/qtmm.org\\\/qt\\\/#\\\/schema\\\/logo\\\/image\\\/\"},\"sameAs\":[\"https:\\\/\\\/www.facebook.com\\\/qtmm.info\\\/\"]},{\"@type\":\"Person\",\"@id\":\"https:\\\/\\\/qtmm.org\\\/qt\\\/#\\\/schema\\\/person\\\/de562469f971dec226ac06e60bbf74a7\",\"name\":\"Developer\",\"image\":{\"@type\":\"ImageObject\",\"inLanguage\":\"qt\",\"@id\":\"https:\\\/\\\/secure.gravatar.com\\\/avatar\\\/392b4cc8fbfeb00b39dfeeab4ee6edded39ffd48e25858637e4765810300227e?s=96&d=mm&r=g\",\"url\":\"https:\\\/\\\/secure.gravatar.com\\\/avatar\\\/392b4cc8fbfeb00b39dfeeab4ee6edded39ffd48e25858637e4765810300227e?s=96&d=mm&r=g\",\"contentUrl\":\"https:\\\/\\\/secure.gravatar.com\\\/avatar\\\/392b4cc8fbfeb00b39dfeeab4ee6edded39ffd48e25858637e4765810300227e?s=96&d=mm&r=g\",\"caption\":\"Developer\"},\"url\":\"https:\\\/\\\/qtmm.org\\\/qt\\\/author\\\/Developer\\\/\"}]}<\/script>\n<!-- \/ Yoast SEO plugin. -->","yoast_head_json":{"title":"Q\u0131r\u0131mtatarlar P\u00f6tr Simonenkon\u0131 \u00e7\u00fcr\u00fck y\u0131m\u0131rta ve \u00abfa\u015fist\u00bb s\u00f6zlerinen qar\u015f\u0131lad\u0131lar - \u041c\u0435\u0434\u0436\u043b\u0456\u0441","robots":{"index":"index","follow":"follow","max-snippet":"max-snippet:-1","max-image-preview":"max-image-preview:large","max-video-preview":"max-video-preview:-1"},"canonical":"https:\/\/qtmm.org\/qt\/qirimtatarlar-potr-simonenkoni-curuk-yimirta-ve-fasist-sozlerinen-qarsiladilar\/","og_locale":"en_US","og_type":"article","og_title":"Q\u0131r\u0131mtatarlar P\u00f6tr Simonenkon\u0131 \u00e7\u00fcr\u00fck y\u0131m\u0131rta ve \u00abfa\u015fist\u00bb s\u00f6zlerinen qar\u015f\u0131lad\u0131lar - \u041c\u0435\u0434\u0436\u043b\u0456\u0441","og_description":"2012 senesi avgust 22 k\u00fcn\u00fc Aqmescitni\u00f1 merkeziy meydan\u0131nda UKP lideri P\u00f6tr Simonenko Q\u0131r\u0131mdaki saylavc\u0131larnen k\u00f6r\u00fc\u015f\u00fcv ke\u00e7irdi. \u015eaatlarn\u0131\u00f1 bildirgenine k\u00f6re Ukraina kommunist partiyas\u0131 ve on\u0131\u00f1 liderine qoltutmaq i\u00e7\u00fcn toplan\u011fan i\u015ftirak\u00e7ilerni maddiy desteklegenler. L\u00e2kin bu\u00f1a baqmadan, P\u00f6tr Simonenkonen k\u00f6r\u00fc\u015fmege ancaq 300 yaq\u0131n, o da esasen qart ve bayraq ta\u015f\u0131maq i\u00e7\u00fcn kiralan\u011fan ya\u015flar kelgen. Mitingge P\u00f6tr Simonenkon\u0131\u00f1 2012 [&hellip;]","og_url":"https:\/\/qtmm.org\/qt\/qirimtatarlar-potr-simonenkoni-curuk-yimirta-ve-fasist-sozlerinen-qarsiladilar\/","og_site_name":"\u041c\u0435\u0434\u0436\u043b\u0456\u0441","article_publisher":"https:\/\/www.facebook.com\/qtmm.info\/","article_published_time":"2012-08-23T20:53:00+00:00","article_modified_time":"2022-01-21T20:56:17+00:00","og_image":[{"width":800,"height":600,"url":"https:\/\/qtmm.org\/wp-content\/uploads\/2022\/01\/img_0238.jpeg","type":"image\/jpeg"}],"author":"Developer","twitter_card":"summary_large_image","twitter_misc":{"Written by":"Developer","Est. reading time":"2 minutes"},"schema":{"@context":"https:\/\/schema.org","@graph":[{"@type":"Article","@id":"https:\/\/qtmm.org\/qt\/qirimtatarlar-potr-simonenkoni-curuk-yimirta-ve-fasist-sozlerinen-qarsiladilar\/#article","isPartOf":{"@id":"https:\/\/qtmm.org\/qt\/qirimtatarlar-potr-simonenkoni-curuk-yimirta-ve-fasist-sozlerinen-qarsiladilar\/"},"author":{"name":"Developer","@id":"https:\/\/qtmm.org\/qt\/#\/schema\/person\/de562469f971dec226ac06e60bbf74a7"},"headline":"Q\u0131r\u0131mtatarlar P\u00f6tr Simonenkon\u0131 \u00e7\u00fcr\u00fck y\u0131m\u0131rta ve \u00abfa\u015fist\u00bb s\u00f6zlerinen qar\u015f\u0131lad\u0131lar","datePublished":"2012-08-23T20:53:00+00:00","dateModified":"2022-01-21T20:56:17+00:00","mainEntityOfPage":{"@id":"https:\/\/qtmm.org\/qt\/qirimtatarlar-potr-simonenkoni-curuk-yimirta-ve-fasist-sozlerinen-qarsiladilar\/"},"wordCount":425,"commentCount":0,"publisher":{"@id":"https:\/\/qtmm.org\/qt\/#organization"},"image":{"@id":"https:\/\/qtmm.org\/qt\/qirimtatarlar-potr-simonenkoni-curuk-yimirta-ve-fasist-sozlerinen-qarsiladilar\/#primaryimage"},"thumbnailUrl":"https:\/\/qtmm.org\/wp-content\/uploads\/2022\/01\/img_0238.jpeg","articleSection":["Haberler"],"inLanguage":"qt","potentialAction":[{"@type":"CommentAction","name":"Comment","target":["https:\/\/qtmm.org\/qt\/qirimtatarlar-potr-simonenkoni-curuk-yimirta-ve-fasist-sozlerinen-qarsiladilar\/#respond"]}]},{"@type":"WebPage","@id":"https:\/\/qtmm.org\/qt\/qirimtatarlar-potr-simonenkoni-curuk-yimirta-ve-fasist-sozlerinen-qarsiladilar\/","url":"https:\/\/qtmm.org\/qt\/qirimtatarlar-potr-simonenkoni-curuk-yimirta-ve-fasist-sozlerinen-qarsiladilar\/","name":"Q\u0131r\u0131mtatarlar P\u00f6tr Simonenkon\u0131 \u00e7\u00fcr\u00fck y\u0131m\u0131rta ve \u00abfa\u015fist\u00bb s\u00f6zlerinen qar\u015f\u0131lad\u0131lar - \u041c\u0435\u0434\u0436\u043b\u0456\u0441","isPartOf":{"@id":"https:\/\/qtmm.org\/qt\/#website"},"primaryImageOfPage":{"@id":"https:\/\/qtmm.org\/qt\/qirimtatarlar-potr-simonenkoni-curuk-yimirta-ve-fasist-sozlerinen-qarsiladilar\/#primaryimage"},"image":{"@id":"https:\/\/qtmm.org\/qt\/qirimtatarlar-potr-simonenkoni-curuk-yimirta-ve-fasist-sozlerinen-qarsiladilar\/#primaryimage"},"thumbnailUrl":"https:\/\/qtmm.org\/wp-content\/uploads\/2022\/01\/img_0238.jpeg","datePublished":"2012-08-23T20:53:00+00:00","dateModified":"2022-01-21T20:56:17+00:00","breadcrumb":{"@id":"https:\/\/qtmm.org\/qt\/qirimtatarlar-potr-simonenkoni-curuk-yimirta-ve-fasist-sozlerinen-qarsiladilar\/#breadcrumb"},"inLanguage":"qt","potentialAction":[{"@type":"ReadAction","target":["https:\/\/qtmm.org\/qt\/qirimtatarlar-potr-simonenkoni-curuk-yimirta-ve-fasist-sozlerinen-qarsiladilar\/"]}]},{"@type":"ImageObject","inLanguage":"qt","@id":"https:\/\/qtmm.org\/qt\/qirimtatarlar-potr-simonenkoni-curuk-yimirta-ve-fasist-sozlerinen-qarsiladilar\/#primaryimage","url":"https:\/\/qtmm.org\/wp-content\/uploads\/2022\/01\/img_0238.jpeg","contentUrl":"https:\/\/qtmm.org\/wp-content\/uploads\/2022\/01\/img_0238.jpeg","width":800,"height":600},{"@type":"BreadcrumbList","@id":"https:\/\/qtmm.org\/qt\/qirimtatarlar-potr-simonenkoni-curuk-yimirta-ve-fasist-sozlerinen-qarsiladilar\/#breadcrumb","itemListElement":[{"@type":"ListItem","position":1,"name":"\u0413\u043e\u043b\u043e\u0432\u043d\u0430","item":"https:\/\/qtmm.org\/qt\/"},{"@type":"ListItem","position":2,"name":"Q\u0131r\u0131mtatarlar P\u00f6tr Simonenkon\u0131 \u00e7\u00fcr\u00fck y\u0131m\u0131rta ve \u00abfa\u015fist\u00bb s\u00f6zlerinen qar\u015f\u0131lad\u0131lar"}]},{"@type":"WebSite","@id":"https:\/\/qtmm.org\/qt\/#website","url":"https:\/\/qtmm.org\/qt\/","name":"\u041c\u0435\u0434\u0436\u043b\u0456\u0441","description":"","publisher":{"@id":"https:\/\/qtmm.org\/qt\/#organization"},"potentialAction":[{"@type":"SearchAction","target":{"@type":"EntryPoint","urlTemplate":"https:\/\/qtmm.org\/qt\/?s={search_term_string}"},"query-input":{"@type":"PropertyValueSpecification","valueRequired":true,"valueName":"search_term_string"}}],"inLanguage":"qt"},{"@type":"Organization","@id":"https:\/\/qtmm.org\/qt\/#organization","name":"\u041c\u0435\u0434\u0436\u043b\u0456\u0441","url":"https:\/\/qtmm.org\/qt\/","logo":{"@type":"ImageObject","inLanguage":"qt","@id":"https:\/\/qtmm.org\/qt\/#\/schema\/logo\/image\/","url":"https:\/\/qtmm.org\/wp-content\/uploads\/2024\/12\/ua-mejlis-logo-rgb.svg","contentUrl":"https:\/\/qtmm.org\/wp-content\/uploads\/2024\/12\/ua-mejlis-logo-rgb.svg","caption":"\u041c\u0435\u0434\u0436\u043b\u0456\u0441"},"image":{"@id":"https:\/\/qtmm.org\/qt\/#\/schema\/logo\/image\/"},"sameAs":["https:\/\/www.facebook.com\/qtmm.info\/"]},{"@type":"Person","@id":"https:\/\/qtmm.org\/qt\/#\/schema\/person\/de562469f971dec226ac06e60bbf74a7","name":"Developer","image":{"@type":"ImageObject","inLanguage":"qt","@id":"https:\/\/secure.gravatar.com\/avatar\/392b4cc8fbfeb00b39dfeeab4ee6edded39ffd48e25858637e4765810300227e?s=96&d=mm&r=g","url":"https:\/\/secure.gravatar.com\/avatar\/392b4cc8fbfeb00b39dfeeab4ee6edded39ffd48e25858637e4765810300227e?s=96&d=mm&r=g","contentUrl":"https:\/\/secure.gravatar.com\/avatar\/392b4cc8fbfeb00b39dfeeab4ee6edded39ffd48e25858637e4765810300227e?s=96&d=mm&r=g","caption":"Developer"},"url":"https:\/\/qtmm.org\/qt\/author\/Developer\/"}]}},"_links":{"self":[{"href":"https:\/\/qtmm.org\/qt\/wp-json\/wp\/v2\/posts\/33229","targetHints":{"allow":["GET"]}}],"collection":[{"href":"https:\/\/qtmm.org\/qt\/wp-json\/wp\/v2\/posts"}],"about":[{"href":"https:\/\/qtmm.org\/qt\/wp-json\/wp\/v2\/types\/post"}],"author":[{"embeddable":true,"href":"https:\/\/qtmm.org\/qt\/wp-json\/wp\/v2\/users\/1"}],"replies":[{"embeddable":true,"href":"https:\/\/qtmm.org\/qt\/wp-json\/wp\/v2\/comments?post=33229"}],"version-history":[{"count":1,"href":"https:\/\/qtmm.org\/qt\/wp-json\/wp\/v2\/posts\/33229\/revisions"}],"predecessor-version":[{"id":33342,"href":"https:\/\/qtmm.org\/qt\/wp-json\/wp\/v2\/posts\/33229\/revisions\/33342"}],"wp:featuredmedia":[{"embeddable":true,"href":"https:\/\/qtmm.org\/qt\/wp-json\/wp\/v2\/media\/33230"}],"wp:attachment":[{"href":"https:\/\/qtmm.org\/qt\/wp-json\/wp\/v2\/media?parent=33229"}],"wp:term":[{"taxonomy":"category","embeddable":true,"href":"https:\/\/qtmm.org\/qt\/wp-json\/wp\/v2\/categories?post=33229"},{"taxonomy":"post_tag","embeddable":true,"href":"https:\/\/qtmm.org\/qt\/wp-json\/wp\/v2\/tags?post=33229"}],"curies":[{"name":"wp","href":"https:\/\/api.w.org\/{rel}","templated":true}]}}