




{"id":33227,"date":"2012-08-22T23:52:00","date_gmt":"2012-08-22T20:52:00","guid":{"rendered":"http:\/\/qtmm.org\/?p=33227"},"modified":"2022-01-21T23:53:09","modified_gmt":"2022-01-21T20:53:09","slug":"refat-cubarov-meydanga-kel-de-fasist-kibi-areket-etken-siyasetcilerge-ozunni-ve-milletinni-saymaga-mecbur-et","status":"publish","type":"post","link":"https:\/\/qtmm.org\/qt\/refat-cubarov-meydanga-kel-de-fasist-kibi-areket-etken-siyasetcilerge-ozunni-ve-milletinni-saymaga-mecbur-et\/","title":{"rendered":"Refat \u00c7ubarov: Meydan\u011fa kel de, fa\u015fist kibi areket etken siyaset\u00e7ilerge \u00f6z\u00fc\u00f1ni ve milleti\u00f1ni sayma\u011fa mecbur et!"},"content":{"rendered":"\n<p>Meclis reisini\u00f1 birinci muavini Refat \u00c7ubarov Facebookta \u00f6z saifesinde Ukraina kommunist partiyas\u0131n\u0131\u00f1 lideri P\u00f6tr Simonenkon\u0131\u00f1 s\u00f6zleri kimge toqun\u011fan olsa meydan\u011fa kelip o\u00f1a \u00f6z munasebetini k\u00f6stermege \u00e7a\u011f\u0131rd\u0131.<\/p>\n\n\n\n<p>&#8220;Bug\u00fcn &#8211; avgust 22-de Aqmescitni\u00f1 merkeziy meydan\u0131nda kommunist partiyas\u0131n\u0131\u00f1 yetek\u00e7isi P\u00f6tr Simonenko Q\u0131r\u0131mdaki saylavc\u0131lar\u0131nen k\u00f6r\u00fc\u015fecek. Mezk\u00fcr k\u00f6r\u00fc\u015f\u00fcv saylavald\u0131 az\u0131rl\u0131qnen belgilengeni a\u00f1la\u015f\u0131la ebet. Simonenko kelecek parlament saylavlar\u0131nda Q\u0131r\u0131m sakinlerini\u00f1 reylerini qazanmaqn\u0131 planla\u015ft\u0131ra. Eminim ki, menim yazd\u0131qlar\u0131mn\u0131 oqu\u011fanlarn\u0131\u00f1 \u00e7oqus\u0131 P\u00f6tr Simonenkon\u0131\u00f1 Ukraina Yuqar\u0131 \u015euras\u0131 minberinden may\u0131s ay\u0131nda yapqan \u00e7\u0131q\u0131\u015f\u0131ndan \u015fok ya\u015fa\u011fand\u0131rlar. O zaman Simonenkon\u0131\u00f1 s\u00f6yledigi \u015fu s\u00f6zler: &#8220;q\u0131r\u0131mtatarlarn\u0131 qurtarmaq i\u00e7\u00fcn olarn\u0131 Q\u0131r\u0131mdan \u00e7\u0131qard\u0131lar\u2026&#8221;, &#8220;s\u00fcrg\u00fcn etilgen yerlerinden olar tasil ald\u0131lar, akademikler ol\u0131p, qocaman i\u015fhanelerni\u00f1 yolba\u015f\u00e7\u0131lar\u0131 old\u0131lar. Demek, bu aktsiya q\u0131r\u0131mtatar halq\u0131n\u0131 qurtarmaq i\u00e7\u00fcn yap\u0131l\u011fan edi&#8221; bir \u00e7oq q\u0131r\u0131mtatarlar\u011fa tesir etkendir.<\/p>\n\n\n\n<p>Kim de kim P\u00f6tr Simonenkon\u0131\u00f1 s\u00f6zleri on\u0131 aqaret etti, dep say\u011fanlar, s\u00fcrg\u00fcnlikni\u00f1 birinci y\u0131llar\u0131nda el\u00e2k ol\u011fan bi\u00f1lernen soy-aqrabalar\u0131n\u0131\u00f1, g\u00fcnahs\u0131z insanlarn\u0131\u00f1 ruhu i\u00e7\u00fcn acc\u0131 \u00e7ekkenler, P\u00f6tr Simonenkon\u0131\u00f1 insanl\u0131qqa z\u0131t \u00e7\u0131q\u0131\u015flar\u0131 i\u00e7\u00fcn esab\u0131n\u0131 berecekler, \u015feref ve namus\u0131n\u0131 qor\u00e7alama\u011fa istegenlerni\u00f1 episi bug\u00fcn meydan\u011fa kelip, Simonenkon\u0131\u00f1 \u00e7\u0131q\u0131\u015flar\u0131na \u00f6z munasebetini k\u00f6stermek kerekler.<br><br>&nbsp;&#8220;Biz avgust 22 k\u00fcn\u00fc saat 17.00-de Aqmescitni\u00f1 merkeziy meydan\u0131nda toplanam\u0131z. Bizim yerimiz \u2013 Kirov soqa\u011f\u0131 taraf\u0131ndan kiri\u015fteki meydan\u00e7\u0131qta yani Ukrain teatri ve eykel aras\u0131ndad\u0131r&#8221;, &#8211; dep yaza Refat \u00c7ubarov.<\/p>\n\n\n\n<p>\u00c7ubarovn\u0131\u00f1 aytqan\u0131na k\u00f6re topla\u015fuv s\u00f6z ve davas\u0131z topla\u015fuvlar aqq\u0131n\u0131 amelge ke\u00e7ir\u00fcv \u00e7er\u00e7ivesinde yap\u0131l\u0131p, kelgenler Ukrainada stalincilikni\u00f1 qayta tiklenmesine qar\u015f\u0131 fikirini ifade etecekler.<\/p>\n\n\n\n<p>&#8220;Bizim areketlerimiz &#8211; bar\u0131\u015f\u0131q ve zorbal\u0131qs\u0131z usullarnen P\u00f6tr Simonenkon\u0131 milletlara munasebetlerni\u00f1 bozulmas\u0131na sebep\u00e7i olabilecek \u00e7\u0131q\u0131\u015flar\u0131 i\u00e7\u00fcn afu sorama\u011fa mecbur etmektir&#8221;, &#8211; dep qayd ete Facebookta \u00c7ubarov.<\/p>\n\n\n\n<p>Meydan\u011fa kel de, fa\u015fistlerce davran\u011fan siyaset\u00e7ilerni kendi\u00f1ni ve \u00f6z milleti\u00f1ni \u00fcrmet etmege mecbur et!<\/p>\n\n\n\n<p><em>Hat\u0131rlatam\u0131z ki, may\u0131s 16 k\u00fcn\u00fc Ukraina Yuqar\u0131 \u015euras\u0131 &#8220;Milliy mens\u00fcpligine k\u00f6re s\u00fcrg\u00fcn etilgen \u015fah\u0131slarn\u0131\u00f1 aqlar\u0131n\u0131 \u011fayr\u0131dan tiklev aqq\u0131nda&#8221; Qanun leyhas\u0131 i\u00e7\u00fcn rey berilgende m\u00fcsbet qarar al\u0131p olamad\u0131. Ukraina kommunist partiyas\u0131 deputatlar\u0131 rey ber\u00fcvde i\u015ftirak etmediler. Amma bundan evel fraktsiya yetek\u00e7isi P\u00f6tr Simonenko q\u0131r\u0131mtatar halq\u0131n\u0131\u00f1 s\u00fcrg\u00fcnligini a\u00e7\u0131qtan-a\u00e7\u0131q aqlad\u0131<\/em><\/p>\n","protected":false},"excerpt":{"rendered":"<p>Meclis reisini\u00f1 birinci muavini Refat \u00c7ubarov Facebookta \u00f6z saifesinde Ukraina kommunist partiyas\u0131n\u0131\u00f1 lideri P\u00f6tr Simonenkon\u0131\u00f1 s\u00f6zleri kimge toqun\u011fan olsa meydan\u011fa kelip o\u00f1a \u00f6z munasebetini k\u00f6stermege \u00e7a\u011f\u0131rd\u0131. &#8220;Bug\u00fcn &#8211; avgust 22-de Aqmescitni\u00f1 merkeziy meydan\u0131nda kommunist partiyas\u0131n\u0131\u00f1 yetek\u00e7isi P\u00f6tr Simonenko Q\u0131r\u0131mdaki saylavc\u0131lar\u0131nen k\u00f6r\u00fc\u015fecek. Mezk\u00fcr k\u00f6r\u00fc\u015f\u00fcv saylavald\u0131 az\u0131rl\u0131qnen belgilengeni a\u00f1la\u015f\u0131la ebet. Simonenko kelecek parlament saylavlar\u0131nda Q\u0131r\u0131m sakinlerini\u00f1 reylerini [&hellip;]<\/p>\n","protected":false},"author":1,"featured_media":0,"comment_status":"open","ping_status":"open","sticky":false,"template":"","format":"standard","meta":{"inline_featured_image":false,"footnotes":""},"categories":[265],"tags":[],"class_list":["post-33227","post","type-post","status-publish","format-standard","hentry","category-haberler"],"acf":[],"yoast_head":"<!-- This site is optimized with the Yoast SEO plugin v27.4 - https:\/\/yoast.com\/product\/yoast-seo-wordpress\/ -->\n<title>Refat \u00c7ubarov: Meydan\u011fa kel de, fa\u015fist kibi areket etken siyaset\u00e7ilerge \u00f6z\u00fc\u00f1ni ve milleti\u00f1ni sayma\u011fa mecbur et! - \u041c\u0435\u0434\u0436\u043b\u0456\u0441<\/title>\n<meta name=\"robots\" content=\"index, follow, max-snippet:-1, max-image-preview:large, max-video-preview:-1\" \/>\n<link rel=\"canonical\" href=\"https:\/\/qtmm.org\/qt\/refat-cubarov-meydanga-kel-de-fasist-kibi-areket-etken-siyasetcilerge-ozunni-ve-milletinni-saymaga-mecbur-et\/\" \/>\n<meta property=\"og:locale\" content=\"en_US\" \/>\n<meta property=\"og:type\" content=\"article\" \/>\n<meta property=\"og:title\" content=\"Refat \u00c7ubarov: Meydan\u011fa kel de, fa\u015fist kibi areket etken siyaset\u00e7ilerge \u00f6z\u00fc\u00f1ni ve milleti\u00f1ni sayma\u011fa mecbur et! - \u041c\u0435\u0434\u0436\u043b\u0456\u0441\" \/>\n<meta property=\"og:description\" content=\"Meclis reisini\u00f1 birinci muavini Refat \u00c7ubarov Facebookta \u00f6z saifesinde Ukraina kommunist partiyas\u0131n\u0131\u00f1 lideri P\u00f6tr Simonenkon\u0131\u00f1 s\u00f6zleri kimge toqun\u011fan olsa meydan\u011fa kelip o\u00f1a \u00f6z munasebetini k\u00f6stermege \u00e7a\u011f\u0131rd\u0131. &#8220;Bug\u00fcn &#8211; avgust 22-de Aqmescitni\u00f1 merkeziy meydan\u0131nda kommunist partiyas\u0131n\u0131\u00f1 yetek\u00e7isi P\u00f6tr Simonenko Q\u0131r\u0131mdaki saylavc\u0131lar\u0131nen k\u00f6r\u00fc\u015fecek. Mezk\u00fcr k\u00f6r\u00fc\u015f\u00fcv saylavald\u0131 az\u0131rl\u0131qnen belgilengeni a\u00f1la\u015f\u0131la ebet. Simonenko kelecek parlament saylavlar\u0131nda Q\u0131r\u0131m sakinlerini\u00f1 reylerini [&hellip;]\" \/>\n<meta property=\"og:url\" content=\"https:\/\/qtmm.org\/qt\/refat-cubarov-meydanga-kel-de-fasist-kibi-areket-etken-siyasetcilerge-ozunni-ve-milletinni-saymaga-mecbur-et\/\" \/>\n<meta property=\"og:site_name\" content=\"\u041c\u0435\u0434\u0436\u043b\u0456\u0441\" \/>\n<meta property=\"article:publisher\" content=\"https:\/\/www.facebook.com\/qtmm.info\/\" \/>\n<meta property=\"article:published_time\" content=\"2012-08-22T20:52:00+00:00\" \/>\n<meta property=\"article:modified_time\" content=\"2022-01-21T20:53:09+00:00\" \/>\n<meta name=\"author\" content=\"Developer\" \/>\n<meta name=\"twitter:card\" content=\"summary_large_image\" \/>\n<meta name=\"twitter:label1\" content=\"Written by\" \/>\n\t<meta name=\"twitter:data1\" content=\"Developer\" \/>\n\t<meta name=\"twitter:label2\" content=\"Est. reading time\" \/>\n\t<meta name=\"twitter:data2\" content=\"2 minutes\" \/>\n<script type=\"application\/ld+json\" class=\"yoast-schema-graph\">{\"@context\":\"https:\\\/\\\/schema.org\",\"@graph\":[{\"@type\":\"Article\",\"@id\":\"https:\\\/\\\/qtmm.org\\\/qt\\\/refat-cubarov-meydanga-kel-de-fasist-kibi-areket-etken-siyasetcilerge-ozunni-ve-milletinni-saymaga-mecbur-et\\\/#article\",\"isPartOf\":{\"@id\":\"https:\\\/\\\/qtmm.org\\\/qt\\\/refat-cubarov-meydanga-kel-de-fasist-kibi-areket-etken-siyasetcilerge-ozunni-ve-milletinni-saymaga-mecbur-et\\\/\"},\"author\":{\"name\":\"Developer\",\"@id\":\"https:\\\/\\\/qtmm.org\\\/qt\\\/#\\\/schema\\\/person\\\/de562469f971dec226ac06e60bbf74a7\"},\"headline\":\"Refat \u00c7ubarov: Meydan\u011fa kel de, fa\u015fist kibi areket etken siyaset\u00e7ilerge \u00f6z\u00fc\u00f1ni ve milleti\u00f1ni sayma\u011fa mecbur et!\",\"datePublished\":\"2012-08-22T20:52:00+00:00\",\"dateModified\":\"2022-01-21T20:53:09+00:00\",\"mainEntityOfPage\":{\"@id\":\"https:\\\/\\\/qtmm.org\\\/qt\\\/refat-cubarov-meydanga-kel-de-fasist-kibi-areket-etken-siyasetcilerge-ozunni-ve-milletinni-saymaga-mecbur-et\\\/\"},\"wordCount\":472,\"commentCount\":0,\"publisher\":{\"@id\":\"https:\\\/\\\/qtmm.org\\\/qt\\\/#organization\"},\"articleSection\":[\"Haberler\"],\"inLanguage\":\"qt\",\"potentialAction\":[{\"@type\":\"CommentAction\",\"name\":\"Comment\",\"target\":[\"https:\\\/\\\/qtmm.org\\\/qt\\\/refat-cubarov-meydanga-kel-de-fasist-kibi-areket-etken-siyasetcilerge-ozunni-ve-milletinni-saymaga-mecbur-et\\\/#respond\"]}]},{\"@type\":\"WebPage\",\"@id\":\"https:\\\/\\\/qtmm.org\\\/qt\\\/refat-cubarov-meydanga-kel-de-fasist-kibi-areket-etken-siyasetcilerge-ozunni-ve-milletinni-saymaga-mecbur-et\\\/\",\"url\":\"https:\\\/\\\/qtmm.org\\\/qt\\\/refat-cubarov-meydanga-kel-de-fasist-kibi-areket-etken-siyasetcilerge-ozunni-ve-milletinni-saymaga-mecbur-et\\\/\",\"name\":\"Refat \u00c7ubarov: Meydan\u011fa kel de, fa\u015fist kibi areket etken siyaset\u00e7ilerge \u00f6z\u00fc\u00f1ni ve milleti\u00f1ni sayma\u011fa mecbur et! - \u041c\u0435\u0434\u0436\u043b\u0456\u0441\",\"isPartOf\":{\"@id\":\"https:\\\/\\\/qtmm.org\\\/qt\\\/#website\"},\"datePublished\":\"2012-08-22T20:52:00+00:00\",\"dateModified\":\"2022-01-21T20:53:09+00:00\",\"breadcrumb\":{\"@id\":\"https:\\\/\\\/qtmm.org\\\/qt\\\/refat-cubarov-meydanga-kel-de-fasist-kibi-areket-etken-siyasetcilerge-ozunni-ve-milletinni-saymaga-mecbur-et\\\/#breadcrumb\"},\"inLanguage\":\"qt\",\"potentialAction\":[{\"@type\":\"ReadAction\",\"target\":[\"https:\\\/\\\/qtmm.org\\\/qt\\\/refat-cubarov-meydanga-kel-de-fasist-kibi-areket-etken-siyasetcilerge-ozunni-ve-milletinni-saymaga-mecbur-et\\\/\"]}]},{\"@type\":\"BreadcrumbList\",\"@id\":\"https:\\\/\\\/qtmm.org\\\/qt\\\/refat-cubarov-meydanga-kel-de-fasist-kibi-areket-etken-siyasetcilerge-ozunni-ve-milletinni-saymaga-mecbur-et\\\/#breadcrumb\",\"itemListElement\":[{\"@type\":\"ListItem\",\"position\":1,\"name\":\"\u0413\u043e\u043b\u043e\u0432\u043d\u0430\",\"item\":\"https:\\\/\\\/qtmm.org\\\/qt\\\/\"},{\"@type\":\"ListItem\",\"position\":2,\"name\":\"Refat \u00c7ubarov: Meydan\u011fa kel de, fa\u015fist kibi areket etken siyaset\u00e7ilerge \u00f6z\u00fc\u00f1ni ve milleti\u00f1ni sayma\u011fa mecbur et!\"}]},{\"@type\":\"WebSite\",\"@id\":\"https:\\\/\\\/qtmm.org\\\/qt\\\/#website\",\"url\":\"https:\\\/\\\/qtmm.org\\\/qt\\\/\",\"name\":\"\u041c\u0435\u0434\u0436\u043b\u0456\u0441\",\"description\":\"\",\"publisher\":{\"@id\":\"https:\\\/\\\/qtmm.org\\\/qt\\\/#organization\"},\"potentialAction\":[{\"@type\":\"SearchAction\",\"target\":{\"@type\":\"EntryPoint\",\"urlTemplate\":\"https:\\\/\\\/qtmm.org\\\/qt\\\/?s={search_term_string}\"},\"query-input\":{\"@type\":\"PropertyValueSpecification\",\"valueRequired\":true,\"valueName\":\"search_term_string\"}}],\"inLanguage\":\"qt\"},{\"@type\":\"Organization\",\"@id\":\"https:\\\/\\\/qtmm.org\\\/qt\\\/#organization\",\"name\":\"\u041c\u0435\u0434\u0436\u043b\u0456\u0441\",\"url\":\"https:\\\/\\\/qtmm.org\\\/qt\\\/\",\"logo\":{\"@type\":\"ImageObject\",\"inLanguage\":\"qt\",\"@id\":\"https:\\\/\\\/qtmm.org\\\/qt\\\/#\\\/schema\\\/logo\\\/image\\\/\",\"url\":\"https:\\\/\\\/qtmm.org\\\/wp-content\\\/uploads\\\/2024\\\/12\\\/ua-mejlis-logo-rgb.svg\",\"contentUrl\":\"https:\\\/\\\/qtmm.org\\\/wp-content\\\/uploads\\\/2024\\\/12\\\/ua-mejlis-logo-rgb.svg\",\"caption\":\"\u041c\u0435\u0434\u0436\u043b\u0456\u0441\"},\"image\":{\"@id\":\"https:\\\/\\\/qtmm.org\\\/qt\\\/#\\\/schema\\\/logo\\\/image\\\/\"},\"sameAs\":[\"https:\\\/\\\/www.facebook.com\\\/qtmm.info\\\/\"]},{\"@type\":\"Person\",\"@id\":\"https:\\\/\\\/qtmm.org\\\/qt\\\/#\\\/schema\\\/person\\\/de562469f971dec226ac06e60bbf74a7\",\"name\":\"Developer\",\"image\":{\"@type\":\"ImageObject\",\"inLanguage\":\"qt\",\"@id\":\"https:\\\/\\\/secure.gravatar.com\\\/avatar\\\/392b4cc8fbfeb00b39dfeeab4ee6edded39ffd48e25858637e4765810300227e?s=96&d=mm&r=g\",\"url\":\"https:\\\/\\\/secure.gravatar.com\\\/avatar\\\/392b4cc8fbfeb00b39dfeeab4ee6edded39ffd48e25858637e4765810300227e?s=96&d=mm&r=g\",\"contentUrl\":\"https:\\\/\\\/secure.gravatar.com\\\/avatar\\\/392b4cc8fbfeb00b39dfeeab4ee6edded39ffd48e25858637e4765810300227e?s=96&d=mm&r=g\",\"caption\":\"Developer\"},\"url\":\"https:\\\/\\\/qtmm.org\\\/qt\\\/author\\\/Developer\\\/\"}]}<\/script>\n<!-- \/ Yoast SEO plugin. -->","yoast_head_json":{"title":"Refat \u00c7ubarov: Meydan\u011fa kel de, fa\u015fist kibi areket etken siyaset\u00e7ilerge \u00f6z\u00fc\u00f1ni ve milleti\u00f1ni sayma\u011fa mecbur et! - \u041c\u0435\u0434\u0436\u043b\u0456\u0441","robots":{"index":"index","follow":"follow","max-snippet":"max-snippet:-1","max-image-preview":"max-image-preview:large","max-video-preview":"max-video-preview:-1"},"canonical":"https:\/\/qtmm.org\/qt\/refat-cubarov-meydanga-kel-de-fasist-kibi-areket-etken-siyasetcilerge-ozunni-ve-milletinni-saymaga-mecbur-et\/","og_locale":"en_US","og_type":"article","og_title":"Refat \u00c7ubarov: Meydan\u011fa kel de, fa\u015fist kibi areket etken siyaset\u00e7ilerge \u00f6z\u00fc\u00f1ni ve milleti\u00f1ni sayma\u011fa mecbur et! - \u041c\u0435\u0434\u0436\u043b\u0456\u0441","og_description":"Meclis reisini\u00f1 birinci muavini Refat \u00c7ubarov Facebookta \u00f6z saifesinde Ukraina kommunist partiyas\u0131n\u0131\u00f1 lideri P\u00f6tr Simonenkon\u0131\u00f1 s\u00f6zleri kimge toqun\u011fan olsa meydan\u011fa kelip o\u00f1a \u00f6z munasebetini k\u00f6stermege \u00e7a\u011f\u0131rd\u0131. &#8220;Bug\u00fcn &#8211; avgust 22-de Aqmescitni\u00f1 merkeziy meydan\u0131nda kommunist partiyas\u0131n\u0131\u00f1 yetek\u00e7isi P\u00f6tr Simonenko Q\u0131r\u0131mdaki saylavc\u0131lar\u0131nen k\u00f6r\u00fc\u015fecek. Mezk\u00fcr k\u00f6r\u00fc\u015f\u00fcv saylavald\u0131 az\u0131rl\u0131qnen belgilengeni a\u00f1la\u015f\u0131la ebet. Simonenko kelecek parlament saylavlar\u0131nda Q\u0131r\u0131m sakinlerini\u00f1 reylerini [&hellip;]","og_url":"https:\/\/qtmm.org\/qt\/refat-cubarov-meydanga-kel-de-fasist-kibi-areket-etken-siyasetcilerge-ozunni-ve-milletinni-saymaga-mecbur-et\/","og_site_name":"\u041c\u0435\u0434\u0436\u043b\u0456\u0441","article_publisher":"https:\/\/www.facebook.com\/qtmm.info\/","article_published_time":"2012-08-22T20:52:00+00:00","article_modified_time":"2022-01-21T20:53:09+00:00","author":"Developer","twitter_card":"summary_large_image","twitter_misc":{"Written by":"Developer","Est. reading time":"2 minutes"},"schema":{"@context":"https:\/\/schema.org","@graph":[{"@type":"Article","@id":"https:\/\/qtmm.org\/qt\/refat-cubarov-meydanga-kel-de-fasist-kibi-areket-etken-siyasetcilerge-ozunni-ve-milletinni-saymaga-mecbur-et\/#article","isPartOf":{"@id":"https:\/\/qtmm.org\/qt\/refat-cubarov-meydanga-kel-de-fasist-kibi-areket-etken-siyasetcilerge-ozunni-ve-milletinni-saymaga-mecbur-et\/"},"author":{"name":"Developer","@id":"https:\/\/qtmm.org\/qt\/#\/schema\/person\/de562469f971dec226ac06e60bbf74a7"},"headline":"Refat \u00c7ubarov: Meydan\u011fa kel de, fa\u015fist kibi areket etken siyaset\u00e7ilerge \u00f6z\u00fc\u00f1ni ve milleti\u00f1ni sayma\u011fa mecbur et!","datePublished":"2012-08-22T20:52:00+00:00","dateModified":"2022-01-21T20:53:09+00:00","mainEntityOfPage":{"@id":"https:\/\/qtmm.org\/qt\/refat-cubarov-meydanga-kel-de-fasist-kibi-areket-etken-siyasetcilerge-ozunni-ve-milletinni-saymaga-mecbur-et\/"},"wordCount":472,"commentCount":0,"publisher":{"@id":"https:\/\/qtmm.org\/qt\/#organization"},"articleSection":["Haberler"],"inLanguage":"qt","potentialAction":[{"@type":"CommentAction","name":"Comment","target":["https:\/\/qtmm.org\/qt\/refat-cubarov-meydanga-kel-de-fasist-kibi-areket-etken-siyasetcilerge-ozunni-ve-milletinni-saymaga-mecbur-et\/#respond"]}]},{"@type":"WebPage","@id":"https:\/\/qtmm.org\/qt\/refat-cubarov-meydanga-kel-de-fasist-kibi-areket-etken-siyasetcilerge-ozunni-ve-milletinni-saymaga-mecbur-et\/","url":"https:\/\/qtmm.org\/qt\/refat-cubarov-meydanga-kel-de-fasist-kibi-areket-etken-siyasetcilerge-ozunni-ve-milletinni-saymaga-mecbur-et\/","name":"Refat \u00c7ubarov: Meydan\u011fa kel de, fa\u015fist kibi areket etken siyaset\u00e7ilerge \u00f6z\u00fc\u00f1ni ve milleti\u00f1ni sayma\u011fa mecbur et! - \u041c\u0435\u0434\u0436\u043b\u0456\u0441","isPartOf":{"@id":"https:\/\/qtmm.org\/qt\/#website"},"datePublished":"2012-08-22T20:52:00+00:00","dateModified":"2022-01-21T20:53:09+00:00","breadcrumb":{"@id":"https:\/\/qtmm.org\/qt\/refat-cubarov-meydanga-kel-de-fasist-kibi-areket-etken-siyasetcilerge-ozunni-ve-milletinni-saymaga-mecbur-et\/#breadcrumb"},"inLanguage":"qt","potentialAction":[{"@type":"ReadAction","target":["https:\/\/qtmm.org\/qt\/refat-cubarov-meydanga-kel-de-fasist-kibi-areket-etken-siyasetcilerge-ozunni-ve-milletinni-saymaga-mecbur-et\/"]}]},{"@type":"BreadcrumbList","@id":"https:\/\/qtmm.org\/qt\/refat-cubarov-meydanga-kel-de-fasist-kibi-areket-etken-siyasetcilerge-ozunni-ve-milletinni-saymaga-mecbur-et\/#breadcrumb","itemListElement":[{"@type":"ListItem","position":1,"name":"\u0413\u043e\u043b\u043e\u0432\u043d\u0430","item":"https:\/\/qtmm.org\/qt\/"},{"@type":"ListItem","position":2,"name":"Refat \u00c7ubarov: Meydan\u011fa kel de, fa\u015fist kibi areket etken siyaset\u00e7ilerge \u00f6z\u00fc\u00f1ni ve milleti\u00f1ni sayma\u011fa mecbur et!"}]},{"@type":"WebSite","@id":"https:\/\/qtmm.org\/qt\/#website","url":"https:\/\/qtmm.org\/qt\/","name":"\u041c\u0435\u0434\u0436\u043b\u0456\u0441","description":"","publisher":{"@id":"https:\/\/qtmm.org\/qt\/#organization"},"potentialAction":[{"@type":"SearchAction","target":{"@type":"EntryPoint","urlTemplate":"https:\/\/qtmm.org\/qt\/?s={search_term_string}"},"query-input":{"@type":"PropertyValueSpecification","valueRequired":true,"valueName":"search_term_string"}}],"inLanguage":"qt"},{"@type":"Organization","@id":"https:\/\/qtmm.org\/qt\/#organization","name":"\u041c\u0435\u0434\u0436\u043b\u0456\u0441","url":"https:\/\/qtmm.org\/qt\/","logo":{"@type":"ImageObject","inLanguage":"qt","@id":"https:\/\/qtmm.org\/qt\/#\/schema\/logo\/image\/","url":"https:\/\/qtmm.org\/wp-content\/uploads\/2024\/12\/ua-mejlis-logo-rgb.svg","contentUrl":"https:\/\/qtmm.org\/wp-content\/uploads\/2024\/12\/ua-mejlis-logo-rgb.svg","caption":"\u041c\u0435\u0434\u0436\u043b\u0456\u0441"},"image":{"@id":"https:\/\/qtmm.org\/qt\/#\/schema\/logo\/image\/"},"sameAs":["https:\/\/www.facebook.com\/qtmm.info\/"]},{"@type":"Person","@id":"https:\/\/qtmm.org\/qt\/#\/schema\/person\/de562469f971dec226ac06e60bbf74a7","name":"Developer","image":{"@type":"ImageObject","inLanguage":"qt","@id":"https:\/\/secure.gravatar.com\/avatar\/392b4cc8fbfeb00b39dfeeab4ee6edded39ffd48e25858637e4765810300227e?s=96&d=mm&r=g","url":"https:\/\/secure.gravatar.com\/avatar\/392b4cc8fbfeb00b39dfeeab4ee6edded39ffd48e25858637e4765810300227e?s=96&d=mm&r=g","contentUrl":"https:\/\/secure.gravatar.com\/avatar\/392b4cc8fbfeb00b39dfeeab4ee6edded39ffd48e25858637e4765810300227e?s=96&d=mm&r=g","caption":"Developer"},"url":"https:\/\/qtmm.org\/qt\/author\/Developer\/"}]}},"_links":{"self":[{"href":"https:\/\/qtmm.org\/qt\/wp-json\/wp\/v2\/posts\/33227","targetHints":{"allow":["GET"]}}],"collection":[{"href":"https:\/\/qtmm.org\/qt\/wp-json\/wp\/v2\/posts"}],"about":[{"href":"https:\/\/qtmm.org\/qt\/wp-json\/wp\/v2\/types\/post"}],"author":[{"embeddable":true,"href":"https:\/\/qtmm.org\/qt\/wp-json\/wp\/v2\/users\/1"}],"replies":[{"embeddable":true,"href":"https:\/\/qtmm.org\/qt\/wp-json\/wp\/v2\/comments?post=33227"}],"version-history":[{"count":1,"href":"https:\/\/qtmm.org\/qt\/wp-json\/wp\/v2\/posts\/33227\/revisions"}],"predecessor-version":[{"id":33228,"href":"https:\/\/qtmm.org\/qt\/wp-json\/wp\/v2\/posts\/33227\/revisions\/33228"}],"wp:attachment":[{"href":"https:\/\/qtmm.org\/qt\/wp-json\/wp\/v2\/media?parent=33227"}],"wp:term":[{"taxonomy":"category","embeddable":true,"href":"https:\/\/qtmm.org\/qt\/wp-json\/wp\/v2\/categories?post=33227"},{"taxonomy":"post_tag","embeddable":true,"href":"https:\/\/qtmm.org\/qt\/wp-json\/wp\/v2\/tags?post=33227"}],"curies":[{"name":"wp","href":"https:\/\/api.w.org\/{rel}","templated":true}]}}