




{"id":33201,"date":"2012-08-21T23:50:00","date_gmt":"2012-08-21T20:50:00","guid":{"rendered":"http:\/\/qtmm.org\/?p=33201"},"modified":"2022-01-21T23:52:34","modified_gmt":"2022-01-21T20:52:34","slug":"alraid-ramazan-bayraminin-ucunci-kunu-qirimda-kures-boyunca-cumhuriyet-yarisi-kecirdi","status":"publish","type":"post","link":"https:\/\/qtmm.org\/qt\/alraid-ramazan-bayraminin-ucunci-kunu-qirimda-kures-boyunca-cumhuriyet-yarisi-kecirdi\/","title":{"rendered":"\u00abAlraid\u00bb Ramazan bayram\u0131n\u0131\u00f1 \u00fc\u00e7\u00fcnci k\u00fcn\u00fc Q\u0131r\u0131mda k\u00fcre\u015f boyunca cumhuriyet yar\u0131\u015f\u0131 ke\u00e7irdi"},"content":{"rendered":"\n<p>2012 senesi 21 avgust k\u00fcn\u00fc Aqmescitte &#8220;Alraid&#8221; birle\u015fmesi ve Q\u0131r\u0131mtatar milliy k\u00fcre\u015f federatsiyas\u0131 Oraza bayram\u0131 \u015ferefine k\u00fcre\u015f boyunca cumhuriyet yar\u0131\u015f\u0131n\u0131 ke\u00e7irdi.<\/p>\n\n\n\n<p>Yar\u0131\u015fqa te\u015frif buyur\u011fan Meclis reisini\u00f1 birinci muavini Refat \u00c7ubarov, Q\u0131r\u0131m Tasil nazirligi sport ve beden terbiyesi idaresini\u00f1 ba\u015f\u0131 Vitaliy Romanov, B\u00fct\u00fcnukrain cemaat te\u015fkil\u00e2tlar\u0131n\u0131\u00f1 birle\u015fmesi &#8220;Alraid&#8221; Q\u0131r\u0131m b\u00f6l\u00fcgini\u00f1 ba\u015f\u0131 Ali Muhammed Taha, Meclis t\u0131\u015fq\u0131 al\u00e2qalar b\u00f6l\u00fcgini\u00f1 ba\u015f\u0131 Ali Hamzin k\u00fcre\u015f\u00e7ilerge muvafaqiyet tilediler.<\/p>\n\n\n\n<figure class=\"wp-block-image size-full\"><img loading=\"lazy\" decoding=\"async\" width=\"650\" height=\"350\" src=\"http:\/\/qtmm.org\/wp-content\/uploads\/2022\/01\/img_0213.jpeg\" alt=\"\" class=\"wp-image-33206\" srcset=\"https:\/\/qtmm.org\/wp-content\/uploads\/2022\/01\/img_0213.jpeg 650w, https:\/\/qtmm.org\/wp-content\/uploads\/2022\/01\/img_0213-300x162.jpeg 300w\" sizes=\"auto, (max-width: 650px) 100vw, 650px\" \/><\/figure>\n\n\n\n<p>&#8220;\u00dcrmetli sport\u00e7\u0131lar, say\u011f\u0131l\u0131 musafirler! Er y\u0131l\u0131 Oraza bayram\u0131nda k\u00fcre\u015f boyunca cumhuriyet miqyas\u0131nda yar\u0131\u015f ke\u00e7irmek endi yah\u015f\u0131 bir ananege \u00e7evirildi, &#8211; dedi \u00f6z \u00e7\u0131q\u0131\u015f\u0131nda Refat \u00c7ubarov. \u2013 &#8220;Alraid&#8221; birle\u015fmesi ve Q\u0131r\u0131mtatar milliy k\u00fcre\u015f federatsiyas\u0131 yah\u015f\u0131 ananege temel qoyd\u0131lar, o\u00f1a art\u0131q er kes al\u0131\u015ft\u0131. Eminim ki, bu yar\u0131\u015flarn\u0131\u00f1 kelecegi daa ziyade keni\u015f olur&#8221;.<\/p>\n\n\n\n<figure class=\"wp-block-image size-full\"><img loading=\"lazy\" decoding=\"async\" width=\"650\" height=\"350\" src=\"http:\/\/qtmm.org\/wp-content\/uploads\/2022\/01\/img_0216.jpeg\" alt=\"\" class=\"wp-image-33210\" srcset=\"https:\/\/qtmm.org\/wp-content\/uploads\/2022\/01\/img_0216.jpeg 650w, https:\/\/qtmm.org\/wp-content\/uploads\/2022\/01\/img_0216-300x162.jpeg 300w\" sizes=\"auto, (max-width: 650px) 100vw, 650px\" \/><\/figure>\n\n\n\n<p>Meclis reisini\u00f1 birinci muavini \u015fun\u0131 da qayd etti ki, insanlar nas\u0131ld\u0131r tedbirge toplansalar, k\u00fcre\u015f daima \u015fu tedbirni\u00f1 ay\u0131r\u0131lmaz bir q\u0131sm\u0131 ola.<\/p>\n\n\n\n<figure class=\"wp-block-image size-full\"><img loading=\"lazy\" decoding=\"async\" width=\"650\" height=\"350\" src=\"http:\/\/qtmm.org\/wp-content\/uploads\/2022\/01\/img_0217.jpeg\" alt=\"\" class=\"wp-image-33214\" srcset=\"https:\/\/qtmm.org\/wp-content\/uploads\/2022\/01\/img_0217.jpeg 650w, https:\/\/qtmm.org\/wp-content\/uploads\/2022\/01\/img_0217-300x162.jpeg 300w\" sizes=\"auto, (max-width: 650px) 100vw, 650px\" \/><\/figure>\n\n\n\n<p>&#8220;Meclis ad\u0131ndan, B\u00fct\u00fcnd\u00fcnya q\u0131r\u0131mtatarlar kongressi ad\u0131ndan yar\u0131\u015f i\u015ftirak\u00e7ilerini hay\u0131rlamaq, yar\u0131\u015fn\u0131 te\u015fkil\u00e2tland\u0131r\u011fan &#8220;Alraid&#8221; ve Q\u0131r\u0131m milliy k\u00fcre\u015f federatsiyas\u0131n\u0131 ise taqdirlemek ister edim. B\u00f6yle zarur ve m\u00fcim tedbir pek kerektir. Ebet, er biri\u00f1iz ye\u00f1mekni t\u00fc\u015f\u00fcnesi\u00f1iz. Amma angi yer qazan\u011fan\u0131\u00f1\u0131zdan qatiy nazar biz sizlerni \u00fcrmet etemiz. Biz tek birlik ol\u011fan\u0131m\u0131zda ye\u00f1ebilirmiz, \u00e7\u00fcnki Q\u0131r\u0131mn\u0131\u00f1 menfaat\u0131n\u0131 t\u00fc\u015f\u00fcnemiz, &#8211; dep sel\u00e2mlar\u0131 yar\u0131\u015f i\u015ftirak\u00e7ilerini Refat \u00c7ubarov.<\/p>\n\n\n\n<figure class=\"wp-block-image size-full\"><img loading=\"lazy\" decoding=\"async\" width=\"650\" height=\"350\" src=\"http:\/\/qtmm.org\/wp-content\/uploads\/2022\/01\/img_0227.jpeg\" alt=\"\" class=\"wp-image-33218\" srcset=\"https:\/\/qtmm.org\/wp-content\/uploads\/2022\/01\/img_0227.jpeg 650w, https:\/\/qtmm.org\/wp-content\/uploads\/2022\/01\/img_0227-300x162.jpeg 300w\" sizes=\"auto, (max-width: 650px) 100vw, 650px\" \/><\/figure>\n\n\n\n<p>Vitaliy Romanov ise Ukraina Olimpiya oyunlar\u0131 komiteti Q\u0131r\u0131m b\u00f6l\u00fcgini\u00f1 ba\u015f\u0131 Yevgeniy Mihaylin &#8220;Alraid&#8221; birli\u015fmesini\u00f1 ve Ali Muhammad Tahan\u0131\u00f1 i\u015fini taqdirlegenini aytt\u0131.<\/p>\n\n\n\n<p>Romanov \u00f6z nevbetinde b\u00fct\u00fcn musulmanlarn\u0131 bayramnen hay\u0131rlap, olar\u011fa eyilikler, k\u00fcre\u015f\u00e7ilerge ise \u011falebeler tiledi<\/p>\n\n\n\n<figure class=\"wp-block-image size-full\"><img loading=\"lazy\" decoding=\"async\" width=\"650\" height=\"435\" src=\"http:\/\/qtmm.org\/wp-content\/uploads\/2022\/01\/img_0222.jpeg\" alt=\"\" class=\"wp-image-33222\" srcset=\"https:\/\/qtmm.org\/wp-content\/uploads\/2022\/01\/img_0222.jpeg 650w, https:\/\/qtmm.org\/wp-content\/uploads\/2022\/01\/img_0222-300x201.jpeg 300w\" sizes=\"auto, (max-width: 650px) 100vw, 650px\" \/><\/figure>\n","protected":false},"excerpt":{"rendered":"<p>2012 senesi 21 avgust k\u00fcn\u00fc Aqmescitte &#8220;Alraid&#8221; birle\u015fmesi ve Q\u0131r\u0131mtatar milliy k\u00fcre\u015f federatsiyas\u0131 Oraza bayram\u0131 \u015ferefine k\u00fcre\u015f boyunca cumhuriyet yar\u0131\u015f\u0131n\u0131 ke\u00e7irdi. Yar\u0131\u015fqa te\u015frif buyur\u011fan Meclis reisini\u00f1 birinci muavini Refat \u00c7ubarov, Q\u0131r\u0131m Tasil nazirligi sport ve beden terbiyesi idaresini\u00f1 ba\u015f\u0131 Vitaliy Romanov, B\u00fct\u00fcnukrain cemaat te\u015fkil\u00e2tlar\u0131n\u0131\u00f1 birle\u015fmesi &#8220;Alraid&#8221; Q\u0131r\u0131m b\u00f6l\u00fcgini\u00f1 ba\u015f\u0131 Ali Muhammed Taha, Meclis t\u0131\u015fq\u0131 al\u00e2qalar [&hellip;]<\/p>\n","protected":false},"author":1,"featured_media":33202,"comment_status":"open","ping_status":"open","sticky":false,"template":"","format":"standard","meta":{"inline_featured_image":false,"footnotes":""},"categories":[265],"tags":[],"class_list":["post-33201","post","type-post","status-publish","format-standard","has-post-thumbnail","hentry","category-haberler"],"acf":[],"yoast_head":"<!-- This site is optimized with the Yoast SEO plugin v27.4 - https:\/\/yoast.com\/product\/yoast-seo-wordpress\/ -->\n<title>\u00abAlraid\u00bb Ramazan bayram\u0131n\u0131\u00f1 \u00fc\u00e7\u00fcnci k\u00fcn\u00fc Q\u0131r\u0131mda k\u00fcre\u015f boyunca cumhuriyet yar\u0131\u015f\u0131 ke\u00e7irdi - \u041c\u0435\u0434\u0436\u043b\u0456\u0441<\/title>\n<meta name=\"robots\" content=\"index, follow, max-snippet:-1, max-image-preview:large, max-video-preview:-1\" \/>\n<link rel=\"canonical\" href=\"https:\/\/qtmm.org\/qt\/alraid-ramazan-bayraminin-ucunci-kunu-qirimda-kures-boyunca-cumhuriyet-yarisi-kecirdi\/\" \/>\n<meta property=\"og:locale\" content=\"en_US\" \/>\n<meta property=\"og:type\" content=\"article\" \/>\n<meta property=\"og:title\" content=\"\u00abAlraid\u00bb Ramazan bayram\u0131n\u0131\u00f1 \u00fc\u00e7\u00fcnci k\u00fcn\u00fc Q\u0131r\u0131mda k\u00fcre\u015f boyunca cumhuriyet yar\u0131\u015f\u0131 ke\u00e7irdi - \u041c\u0435\u0434\u0436\u043b\u0456\u0441\" \/>\n<meta property=\"og:description\" content=\"2012 senesi 21 avgust k\u00fcn\u00fc Aqmescitte &#8220;Alraid&#8221; birle\u015fmesi ve Q\u0131r\u0131mtatar milliy k\u00fcre\u015f federatsiyas\u0131 Oraza bayram\u0131 \u015ferefine k\u00fcre\u015f boyunca cumhuriyet yar\u0131\u015f\u0131n\u0131 ke\u00e7irdi. Yar\u0131\u015fqa te\u015frif buyur\u011fan Meclis reisini\u00f1 birinci muavini Refat \u00c7ubarov, Q\u0131r\u0131m Tasil nazirligi sport ve beden terbiyesi idaresini\u00f1 ba\u015f\u0131 Vitaliy Romanov, B\u00fct\u00fcnukrain cemaat te\u015fkil\u00e2tlar\u0131n\u0131\u00f1 birle\u015fmesi &#8220;Alraid&#8221; Q\u0131r\u0131m b\u00f6l\u00fcgini\u00f1 ba\u015f\u0131 Ali Muhammed Taha, Meclis t\u0131\u015fq\u0131 al\u00e2qalar [&hellip;]\" \/>\n<meta property=\"og:url\" content=\"https:\/\/qtmm.org\/qt\/alraid-ramazan-bayraminin-ucunci-kunu-qirimda-kures-boyunca-cumhuriyet-yarisi-kecirdi\/\" \/>\n<meta property=\"og:site_name\" content=\"\u041c\u0435\u0434\u0436\u043b\u0456\u0441\" \/>\n<meta property=\"article:publisher\" content=\"https:\/\/www.facebook.com\/qtmm.info\/\" \/>\n<meta property=\"article:published_time\" content=\"2012-08-21T20:50:00+00:00\" \/>\n<meta property=\"article:modified_time\" content=\"2022-01-21T20:52:34+00:00\" \/>\n<meta property=\"og:image\" content=\"https:\/\/qtmm.org\/wp-content\/uploads\/2022\/01\/img_0209.jpeg\" \/>\n\t<meta property=\"og:image:width\" content=\"650\" \/>\n\t<meta property=\"og:image:height\" content=\"350\" \/>\n\t<meta property=\"og:image:type\" content=\"image\/jpeg\" \/>\n<meta name=\"author\" content=\"Developer\" \/>\n<meta name=\"twitter:card\" content=\"summary_large_image\" \/>\n<meta name=\"twitter:label1\" content=\"Written by\" \/>\n\t<meta name=\"twitter:data1\" content=\"Developer\" \/>\n\t<meta name=\"twitter:label2\" content=\"Est. reading time\" \/>\n\t<meta name=\"twitter:data2\" content=\"2 minutes\" \/>\n<script type=\"application\/ld+json\" class=\"yoast-schema-graph\">{\"@context\":\"https:\\\/\\\/schema.org\",\"@graph\":[{\"@type\":\"Article\",\"@id\":\"https:\\\/\\\/qtmm.org\\\/qt\\\/alraid-ramazan-bayraminin-ucunci-kunu-qirimda-kures-boyunca-cumhuriyet-yarisi-kecirdi\\\/#article\",\"isPartOf\":{\"@id\":\"https:\\\/\\\/qtmm.org\\\/qt\\\/alraid-ramazan-bayraminin-ucunci-kunu-qirimda-kures-boyunca-cumhuriyet-yarisi-kecirdi\\\/\"},\"author\":{\"name\":\"Developer\",\"@id\":\"https:\\\/\\\/qtmm.org\\\/qt\\\/#\\\/schema\\\/person\\\/de562469f971dec226ac06e60bbf74a7\"},\"headline\":\"\u00abAlraid\u00bb Ramazan bayram\u0131n\u0131\u00f1 \u00fc\u00e7\u00fcnci k\u00fcn\u00fc Q\u0131r\u0131mda k\u00fcre\u015f boyunca cumhuriyet yar\u0131\u015f\u0131 ke\u00e7irdi\",\"datePublished\":\"2012-08-21T20:50:00+00:00\",\"dateModified\":\"2022-01-21T20:52:34+00:00\",\"mainEntityOfPage\":{\"@id\":\"https:\\\/\\\/qtmm.org\\\/qt\\\/alraid-ramazan-bayraminin-ucunci-kunu-qirimda-kures-boyunca-cumhuriyet-yarisi-kecirdi\\\/\"},\"wordCount\":343,\"commentCount\":0,\"publisher\":{\"@id\":\"https:\\\/\\\/qtmm.org\\\/qt\\\/#organization\"},\"image\":{\"@id\":\"https:\\\/\\\/qtmm.org\\\/qt\\\/alraid-ramazan-bayraminin-ucunci-kunu-qirimda-kures-boyunca-cumhuriyet-yarisi-kecirdi\\\/#primaryimage\"},\"thumbnailUrl\":\"https:\\\/\\\/qtmm.org\\\/wp-content\\\/uploads\\\/2022\\\/01\\\/img_0209.jpeg\",\"articleSection\":[\"Haberler\"],\"inLanguage\":\"qt\",\"potentialAction\":[{\"@type\":\"CommentAction\",\"name\":\"Comment\",\"target\":[\"https:\\\/\\\/qtmm.org\\\/qt\\\/alraid-ramazan-bayraminin-ucunci-kunu-qirimda-kures-boyunca-cumhuriyet-yarisi-kecirdi\\\/#respond\"]}]},{\"@type\":\"WebPage\",\"@id\":\"https:\\\/\\\/qtmm.org\\\/qt\\\/alraid-ramazan-bayraminin-ucunci-kunu-qirimda-kures-boyunca-cumhuriyet-yarisi-kecirdi\\\/\",\"url\":\"https:\\\/\\\/qtmm.org\\\/qt\\\/alraid-ramazan-bayraminin-ucunci-kunu-qirimda-kures-boyunca-cumhuriyet-yarisi-kecirdi\\\/\",\"name\":\"\u00abAlraid\u00bb Ramazan bayram\u0131n\u0131\u00f1 \u00fc\u00e7\u00fcnci k\u00fcn\u00fc Q\u0131r\u0131mda k\u00fcre\u015f boyunca cumhuriyet yar\u0131\u015f\u0131 ke\u00e7irdi - \u041c\u0435\u0434\u0436\u043b\u0456\u0441\",\"isPartOf\":{\"@id\":\"https:\\\/\\\/qtmm.org\\\/qt\\\/#website\"},\"primaryImageOfPage\":{\"@id\":\"https:\\\/\\\/qtmm.org\\\/qt\\\/alraid-ramazan-bayraminin-ucunci-kunu-qirimda-kures-boyunca-cumhuriyet-yarisi-kecirdi\\\/#primaryimage\"},\"image\":{\"@id\":\"https:\\\/\\\/qtmm.org\\\/qt\\\/alraid-ramazan-bayraminin-ucunci-kunu-qirimda-kures-boyunca-cumhuriyet-yarisi-kecirdi\\\/#primaryimage\"},\"thumbnailUrl\":\"https:\\\/\\\/qtmm.org\\\/wp-content\\\/uploads\\\/2022\\\/01\\\/img_0209.jpeg\",\"datePublished\":\"2012-08-21T20:50:00+00:00\",\"dateModified\":\"2022-01-21T20:52:34+00:00\",\"breadcrumb\":{\"@id\":\"https:\\\/\\\/qtmm.org\\\/qt\\\/alraid-ramazan-bayraminin-ucunci-kunu-qirimda-kures-boyunca-cumhuriyet-yarisi-kecirdi\\\/#breadcrumb\"},\"inLanguage\":\"qt\",\"potentialAction\":[{\"@type\":\"ReadAction\",\"target\":[\"https:\\\/\\\/qtmm.org\\\/qt\\\/alraid-ramazan-bayraminin-ucunci-kunu-qirimda-kures-boyunca-cumhuriyet-yarisi-kecirdi\\\/\"]}]},{\"@type\":\"ImageObject\",\"inLanguage\":\"qt\",\"@id\":\"https:\\\/\\\/qtmm.org\\\/qt\\\/alraid-ramazan-bayraminin-ucunci-kunu-qirimda-kures-boyunca-cumhuriyet-yarisi-kecirdi\\\/#primaryimage\",\"url\":\"https:\\\/\\\/qtmm.org\\\/wp-content\\\/uploads\\\/2022\\\/01\\\/img_0209.jpeg\",\"contentUrl\":\"https:\\\/\\\/qtmm.org\\\/wp-content\\\/uploads\\\/2022\\\/01\\\/img_0209.jpeg\",\"width\":650,\"height\":350},{\"@type\":\"BreadcrumbList\",\"@id\":\"https:\\\/\\\/qtmm.org\\\/qt\\\/alraid-ramazan-bayraminin-ucunci-kunu-qirimda-kures-boyunca-cumhuriyet-yarisi-kecirdi\\\/#breadcrumb\",\"itemListElement\":[{\"@type\":\"ListItem\",\"position\":1,\"name\":\"\u0413\u043e\u043b\u043e\u0432\u043d\u0430\",\"item\":\"https:\\\/\\\/qtmm.org\\\/qt\\\/\"},{\"@type\":\"ListItem\",\"position\":2,\"name\":\"\u00abAlraid\u00bb Ramazan bayram\u0131n\u0131\u00f1 \u00fc\u00e7\u00fcnci k\u00fcn\u00fc Q\u0131r\u0131mda k\u00fcre\u015f boyunca cumhuriyet yar\u0131\u015f\u0131 ke\u00e7irdi\"}]},{\"@type\":\"WebSite\",\"@id\":\"https:\\\/\\\/qtmm.org\\\/qt\\\/#website\",\"url\":\"https:\\\/\\\/qtmm.org\\\/qt\\\/\",\"name\":\"\u041c\u0435\u0434\u0436\u043b\u0456\u0441\",\"description\":\"\",\"publisher\":{\"@id\":\"https:\\\/\\\/qtmm.org\\\/qt\\\/#organization\"},\"potentialAction\":[{\"@type\":\"SearchAction\",\"target\":{\"@type\":\"EntryPoint\",\"urlTemplate\":\"https:\\\/\\\/qtmm.org\\\/qt\\\/?s={search_term_string}\"},\"query-input\":{\"@type\":\"PropertyValueSpecification\",\"valueRequired\":true,\"valueName\":\"search_term_string\"}}],\"inLanguage\":\"qt\"},{\"@type\":\"Organization\",\"@id\":\"https:\\\/\\\/qtmm.org\\\/qt\\\/#organization\",\"name\":\"\u041c\u0435\u0434\u0436\u043b\u0456\u0441\",\"url\":\"https:\\\/\\\/qtmm.org\\\/qt\\\/\",\"logo\":{\"@type\":\"ImageObject\",\"inLanguage\":\"qt\",\"@id\":\"https:\\\/\\\/qtmm.org\\\/qt\\\/#\\\/schema\\\/logo\\\/image\\\/\",\"url\":\"https:\\\/\\\/qtmm.org\\\/wp-content\\\/uploads\\\/2024\\\/12\\\/ua-mejlis-logo-rgb.svg\",\"contentUrl\":\"https:\\\/\\\/qtmm.org\\\/wp-content\\\/uploads\\\/2024\\\/12\\\/ua-mejlis-logo-rgb.svg\",\"caption\":\"\u041c\u0435\u0434\u0436\u043b\u0456\u0441\"},\"image\":{\"@id\":\"https:\\\/\\\/qtmm.org\\\/qt\\\/#\\\/schema\\\/logo\\\/image\\\/\"},\"sameAs\":[\"https:\\\/\\\/www.facebook.com\\\/qtmm.info\\\/\"]},{\"@type\":\"Person\",\"@id\":\"https:\\\/\\\/qtmm.org\\\/qt\\\/#\\\/schema\\\/person\\\/de562469f971dec226ac06e60bbf74a7\",\"name\":\"Developer\",\"image\":{\"@type\":\"ImageObject\",\"inLanguage\":\"qt\",\"@id\":\"https:\\\/\\\/secure.gravatar.com\\\/avatar\\\/392b4cc8fbfeb00b39dfeeab4ee6edded39ffd48e25858637e4765810300227e?s=96&d=mm&r=g\",\"url\":\"https:\\\/\\\/secure.gravatar.com\\\/avatar\\\/392b4cc8fbfeb00b39dfeeab4ee6edded39ffd48e25858637e4765810300227e?s=96&d=mm&r=g\",\"contentUrl\":\"https:\\\/\\\/secure.gravatar.com\\\/avatar\\\/392b4cc8fbfeb00b39dfeeab4ee6edded39ffd48e25858637e4765810300227e?s=96&d=mm&r=g\",\"caption\":\"Developer\"},\"url\":\"https:\\\/\\\/qtmm.org\\\/qt\\\/author\\\/Developer\\\/\"}]}<\/script>\n<!-- \/ Yoast SEO plugin. -->","yoast_head_json":{"title":"\u00abAlraid\u00bb Ramazan bayram\u0131n\u0131\u00f1 \u00fc\u00e7\u00fcnci k\u00fcn\u00fc Q\u0131r\u0131mda k\u00fcre\u015f boyunca cumhuriyet yar\u0131\u015f\u0131 ke\u00e7irdi - \u041c\u0435\u0434\u0436\u043b\u0456\u0441","robots":{"index":"index","follow":"follow","max-snippet":"max-snippet:-1","max-image-preview":"max-image-preview:large","max-video-preview":"max-video-preview:-1"},"canonical":"https:\/\/qtmm.org\/qt\/alraid-ramazan-bayraminin-ucunci-kunu-qirimda-kures-boyunca-cumhuriyet-yarisi-kecirdi\/","og_locale":"en_US","og_type":"article","og_title":"\u00abAlraid\u00bb Ramazan bayram\u0131n\u0131\u00f1 \u00fc\u00e7\u00fcnci k\u00fcn\u00fc Q\u0131r\u0131mda k\u00fcre\u015f boyunca cumhuriyet yar\u0131\u015f\u0131 ke\u00e7irdi - \u041c\u0435\u0434\u0436\u043b\u0456\u0441","og_description":"2012 senesi 21 avgust k\u00fcn\u00fc Aqmescitte &#8220;Alraid&#8221; birle\u015fmesi ve Q\u0131r\u0131mtatar milliy k\u00fcre\u015f federatsiyas\u0131 Oraza bayram\u0131 \u015ferefine k\u00fcre\u015f boyunca cumhuriyet yar\u0131\u015f\u0131n\u0131 ke\u00e7irdi. Yar\u0131\u015fqa te\u015frif buyur\u011fan Meclis reisini\u00f1 birinci muavini Refat \u00c7ubarov, Q\u0131r\u0131m Tasil nazirligi sport ve beden terbiyesi idaresini\u00f1 ba\u015f\u0131 Vitaliy Romanov, B\u00fct\u00fcnukrain cemaat te\u015fkil\u00e2tlar\u0131n\u0131\u00f1 birle\u015fmesi &#8220;Alraid&#8221; Q\u0131r\u0131m b\u00f6l\u00fcgini\u00f1 ba\u015f\u0131 Ali Muhammed Taha, Meclis t\u0131\u015fq\u0131 al\u00e2qalar [&hellip;]","og_url":"https:\/\/qtmm.org\/qt\/alraid-ramazan-bayraminin-ucunci-kunu-qirimda-kures-boyunca-cumhuriyet-yarisi-kecirdi\/","og_site_name":"\u041c\u0435\u0434\u0436\u043b\u0456\u0441","article_publisher":"https:\/\/www.facebook.com\/qtmm.info\/","article_published_time":"2012-08-21T20:50:00+00:00","article_modified_time":"2022-01-21T20:52:34+00:00","og_image":[{"width":650,"height":350,"url":"https:\/\/qtmm.org\/wp-content\/uploads\/2022\/01\/img_0209.jpeg","type":"image\/jpeg"}],"author":"Developer","twitter_card":"summary_large_image","twitter_misc":{"Written by":"Developer","Est. reading time":"2 minutes"},"schema":{"@context":"https:\/\/schema.org","@graph":[{"@type":"Article","@id":"https:\/\/qtmm.org\/qt\/alraid-ramazan-bayraminin-ucunci-kunu-qirimda-kures-boyunca-cumhuriyet-yarisi-kecirdi\/#article","isPartOf":{"@id":"https:\/\/qtmm.org\/qt\/alraid-ramazan-bayraminin-ucunci-kunu-qirimda-kures-boyunca-cumhuriyet-yarisi-kecirdi\/"},"author":{"name":"Developer","@id":"https:\/\/qtmm.org\/qt\/#\/schema\/person\/de562469f971dec226ac06e60bbf74a7"},"headline":"\u00abAlraid\u00bb Ramazan bayram\u0131n\u0131\u00f1 \u00fc\u00e7\u00fcnci k\u00fcn\u00fc Q\u0131r\u0131mda k\u00fcre\u015f boyunca cumhuriyet yar\u0131\u015f\u0131 ke\u00e7irdi","datePublished":"2012-08-21T20:50:00+00:00","dateModified":"2022-01-21T20:52:34+00:00","mainEntityOfPage":{"@id":"https:\/\/qtmm.org\/qt\/alraid-ramazan-bayraminin-ucunci-kunu-qirimda-kures-boyunca-cumhuriyet-yarisi-kecirdi\/"},"wordCount":343,"commentCount":0,"publisher":{"@id":"https:\/\/qtmm.org\/qt\/#organization"},"image":{"@id":"https:\/\/qtmm.org\/qt\/alraid-ramazan-bayraminin-ucunci-kunu-qirimda-kures-boyunca-cumhuriyet-yarisi-kecirdi\/#primaryimage"},"thumbnailUrl":"https:\/\/qtmm.org\/wp-content\/uploads\/2022\/01\/img_0209.jpeg","articleSection":["Haberler"],"inLanguage":"qt","potentialAction":[{"@type":"CommentAction","name":"Comment","target":["https:\/\/qtmm.org\/qt\/alraid-ramazan-bayraminin-ucunci-kunu-qirimda-kures-boyunca-cumhuriyet-yarisi-kecirdi\/#respond"]}]},{"@type":"WebPage","@id":"https:\/\/qtmm.org\/qt\/alraid-ramazan-bayraminin-ucunci-kunu-qirimda-kures-boyunca-cumhuriyet-yarisi-kecirdi\/","url":"https:\/\/qtmm.org\/qt\/alraid-ramazan-bayraminin-ucunci-kunu-qirimda-kures-boyunca-cumhuriyet-yarisi-kecirdi\/","name":"\u00abAlraid\u00bb Ramazan bayram\u0131n\u0131\u00f1 \u00fc\u00e7\u00fcnci k\u00fcn\u00fc Q\u0131r\u0131mda k\u00fcre\u015f boyunca cumhuriyet yar\u0131\u015f\u0131 ke\u00e7irdi - \u041c\u0435\u0434\u0436\u043b\u0456\u0441","isPartOf":{"@id":"https:\/\/qtmm.org\/qt\/#website"},"primaryImageOfPage":{"@id":"https:\/\/qtmm.org\/qt\/alraid-ramazan-bayraminin-ucunci-kunu-qirimda-kures-boyunca-cumhuriyet-yarisi-kecirdi\/#primaryimage"},"image":{"@id":"https:\/\/qtmm.org\/qt\/alraid-ramazan-bayraminin-ucunci-kunu-qirimda-kures-boyunca-cumhuriyet-yarisi-kecirdi\/#primaryimage"},"thumbnailUrl":"https:\/\/qtmm.org\/wp-content\/uploads\/2022\/01\/img_0209.jpeg","datePublished":"2012-08-21T20:50:00+00:00","dateModified":"2022-01-21T20:52:34+00:00","breadcrumb":{"@id":"https:\/\/qtmm.org\/qt\/alraid-ramazan-bayraminin-ucunci-kunu-qirimda-kures-boyunca-cumhuriyet-yarisi-kecirdi\/#breadcrumb"},"inLanguage":"qt","potentialAction":[{"@type":"ReadAction","target":["https:\/\/qtmm.org\/qt\/alraid-ramazan-bayraminin-ucunci-kunu-qirimda-kures-boyunca-cumhuriyet-yarisi-kecirdi\/"]}]},{"@type":"ImageObject","inLanguage":"qt","@id":"https:\/\/qtmm.org\/qt\/alraid-ramazan-bayraminin-ucunci-kunu-qirimda-kures-boyunca-cumhuriyet-yarisi-kecirdi\/#primaryimage","url":"https:\/\/qtmm.org\/wp-content\/uploads\/2022\/01\/img_0209.jpeg","contentUrl":"https:\/\/qtmm.org\/wp-content\/uploads\/2022\/01\/img_0209.jpeg","width":650,"height":350},{"@type":"BreadcrumbList","@id":"https:\/\/qtmm.org\/qt\/alraid-ramazan-bayraminin-ucunci-kunu-qirimda-kures-boyunca-cumhuriyet-yarisi-kecirdi\/#breadcrumb","itemListElement":[{"@type":"ListItem","position":1,"name":"\u0413\u043e\u043b\u043e\u0432\u043d\u0430","item":"https:\/\/qtmm.org\/qt\/"},{"@type":"ListItem","position":2,"name":"\u00abAlraid\u00bb Ramazan bayram\u0131n\u0131\u00f1 \u00fc\u00e7\u00fcnci k\u00fcn\u00fc Q\u0131r\u0131mda k\u00fcre\u015f boyunca cumhuriyet yar\u0131\u015f\u0131 ke\u00e7irdi"}]},{"@type":"WebSite","@id":"https:\/\/qtmm.org\/qt\/#website","url":"https:\/\/qtmm.org\/qt\/","name":"\u041c\u0435\u0434\u0436\u043b\u0456\u0441","description":"","publisher":{"@id":"https:\/\/qtmm.org\/qt\/#organization"},"potentialAction":[{"@type":"SearchAction","target":{"@type":"EntryPoint","urlTemplate":"https:\/\/qtmm.org\/qt\/?s={search_term_string}"},"query-input":{"@type":"PropertyValueSpecification","valueRequired":true,"valueName":"search_term_string"}}],"inLanguage":"qt"},{"@type":"Organization","@id":"https:\/\/qtmm.org\/qt\/#organization","name":"\u041c\u0435\u0434\u0436\u043b\u0456\u0441","url":"https:\/\/qtmm.org\/qt\/","logo":{"@type":"ImageObject","inLanguage":"qt","@id":"https:\/\/qtmm.org\/qt\/#\/schema\/logo\/image\/","url":"https:\/\/qtmm.org\/wp-content\/uploads\/2024\/12\/ua-mejlis-logo-rgb.svg","contentUrl":"https:\/\/qtmm.org\/wp-content\/uploads\/2024\/12\/ua-mejlis-logo-rgb.svg","caption":"\u041c\u0435\u0434\u0436\u043b\u0456\u0441"},"image":{"@id":"https:\/\/qtmm.org\/qt\/#\/schema\/logo\/image\/"},"sameAs":["https:\/\/www.facebook.com\/qtmm.info\/"]},{"@type":"Person","@id":"https:\/\/qtmm.org\/qt\/#\/schema\/person\/de562469f971dec226ac06e60bbf74a7","name":"Developer","image":{"@type":"ImageObject","inLanguage":"qt","@id":"https:\/\/secure.gravatar.com\/avatar\/392b4cc8fbfeb00b39dfeeab4ee6edded39ffd48e25858637e4765810300227e?s=96&d=mm&r=g","url":"https:\/\/secure.gravatar.com\/avatar\/392b4cc8fbfeb00b39dfeeab4ee6edded39ffd48e25858637e4765810300227e?s=96&d=mm&r=g","contentUrl":"https:\/\/secure.gravatar.com\/avatar\/392b4cc8fbfeb00b39dfeeab4ee6edded39ffd48e25858637e4765810300227e?s=96&d=mm&r=g","caption":"Developer"},"url":"https:\/\/qtmm.org\/qt\/author\/Developer\/"}]}},"_links":{"self":[{"href":"https:\/\/qtmm.org\/qt\/wp-json\/wp\/v2\/posts\/33201","targetHints":{"allow":["GET"]}}],"collection":[{"href":"https:\/\/qtmm.org\/qt\/wp-json\/wp\/v2\/posts"}],"about":[{"href":"https:\/\/qtmm.org\/qt\/wp-json\/wp\/v2\/types\/post"}],"author":[{"embeddable":true,"href":"https:\/\/qtmm.org\/qt\/wp-json\/wp\/v2\/users\/1"}],"replies":[{"embeddable":true,"href":"https:\/\/qtmm.org\/qt\/wp-json\/wp\/v2\/comments?post=33201"}],"version-history":[{"count":1,"href":"https:\/\/qtmm.org\/qt\/wp-json\/wp\/v2\/posts\/33201\/revisions"}],"predecessor-version":[{"id":33226,"href":"https:\/\/qtmm.org\/qt\/wp-json\/wp\/v2\/posts\/33201\/revisions\/33226"}],"wp:featuredmedia":[{"embeddable":true,"href":"https:\/\/qtmm.org\/qt\/wp-json\/wp\/v2\/media\/33202"}],"wp:attachment":[{"href":"https:\/\/qtmm.org\/qt\/wp-json\/wp\/v2\/media?parent=33201"}],"wp:term":[{"taxonomy":"category","embeddable":true,"href":"https:\/\/qtmm.org\/qt\/wp-json\/wp\/v2\/categories?post=33201"},{"taxonomy":"post_tag","embeddable":true,"href":"https:\/\/qtmm.org\/qt\/wp-json\/wp\/v2\/tags?post=33201"}],"curies":[{"name":"wp","href":"https:\/\/api.w.org\/{rel}","templated":true}]}}