




{"id":33195,"date":"2012-08-19T23:49:00","date_gmt":"2012-08-19T20:49:00","guid":{"rendered":"http:\/\/qtmm.org\/?p=33195"},"modified":"2022-01-21T23:49:56","modified_gmt":"2022-01-21T20:49:56","slug":"saudiya-arabistani-vaquflar-ve-din-isleri-boyunca-nazirliknin-hadimi-mahmud-addossari-mejlis-reisi-mustafa-cemilevni-id-al-fitr-ile-hayirladi","status":"publish","type":"post","link":"https:\/\/qtmm.org\/qt\/saudiya-arabistani-vaquflar-ve-din-isleri-boyunca-nazirliknin-hadimi-mahmud-addossari-mejlis-reisi-mustafa-cemilevni-id-al-fitr-ile-hayirladi\/","title":{"rendered":"Saudiya Arabistan\u0131 Vaquflar ve din i\u015fleri boyunca nazirlikni\u00f1 hadimi Mahmud Addossari Mejlis reisi Mustafa Cemilevni \u0130d al-fitr ile hay\u0131rlad\u0131"},"content":{"rendered":"\n<p>Saudiya Arabistan\u0131 Q\u0131rall\u0131\u011f\u0131 Vaquflar ve din i\u015fleri boyunca nazirlikni\u00f1 hadimi Mahmud Addossari ve B\u00fct\u00fcnukrain &#8220;Alraid&#8221; cemaat te\u015fkil\u00e2tlar\u0131n\u0131\u00f1 birle\u015fmesi Q\u0131r\u0131m b\u00f6l\u00fcgini\u00f1 reisi doktor Ali Mohamad Taha avgust 19 k\u00fcn\u00fc oraza ay\u0131 so\u00f1una kelgeni ve \u0130sl\u00e2mn\u0131\u00f1 eki b\u00fcy\u00fck bayramlar\u0131ndan biri ol\u011fan ve b\u00fct\u00fcn d\u00fcnya musulmanlar\u0131 avgust 19,20 ve 21 k\u00fcnleri qayd etken Oraza bayram\u0131 munasebetinen Mejlis reisi Mustafa Cemilevni hay\u0131rlad\u0131.<\/p>\n\n\n\n<p>Mahmud Addossarini\u00f1 bildirgenine k\u00f6re q\u0131r\u0131mtatar halq\u0131n\u0131\u00f1 liderinen musulmanlar i\u00e7\u00fcn b\u00fcy\u00fck bayramn\u0131\u00f1 ilk k\u00fcn\u00fcnde k\u00f6r\u00fc\u015fmek on\u0131\u00f1 i\u00e7\u00fcn b\u00fcy\u00fck \u015fereftir.<\/p>\n\n\n\n<p>Saudiya Arabistan\u0131 Vaquflar ve din i\u015fleri boyunca nazirlikni\u00f1 hadimi Mahmud Addossari q\u0131r\u0131mtatar halq\u0131na Allahtan rahmet ve bereket, tarihiy Vatan\u0131nda birlik ve \u00e7e\u00e7eklen\u00fcv tiledi.<\/p>\n\n\n\n<p>Ramazan ay\u0131 devam\u0131nda cenap Addosari B\u00fct\u00fcnukrain &#8220;Alraid&#8221; cemaat te\u015fkil\u00e2tlar\u0131n\u0131\u00f1 birle\u015fmesini\u00f1 merkeziy ofisi yerle\u015fken Kiyev \u0130sl\u00e2m Cemaat Merkezinde bulun\u0131p, Quran oquma\u011fa \u00f6gret\u00fcv boyunca kurslar al\u0131p bard\u0131.<\/p>\n\n\n\n<p>Mustafa Cemilev Q\u0131r\u0131mtatar halq\u0131 Meclisini\u00f1 ad\u0131ndan musafirlerni Oraza bayram\u0131nen hay\u0131rlap, musulman halqlar\u0131n\u0131\u00f1 ileride de birligi ve dostlu\u011f\u0131na eminlik bildirerek B\u00fct\u00fcnukrain &#8220;Alraid&#8221; cemaat te\u015fkil\u00e2tlar\u0131n\u0131\u00f1 birle\u015fmesi Q\u0131r\u0131m b\u00f6l\u00fcgini\u00f1 reisi doktor Ali Mohamad Taha\u011fa q\u0131r\u0131mtatar halq\u0131 milliy-medeniy ananelerini\u00f1 inki\u015faf\u0131na qoltutqan\u0131 i\u00e7\u00fcn Milliy Meclisni\u00f1 \u015eeref yarl\u0131\u011f\u0131n\u0131 taqdim etti.<\/p>\n\n\n\n<p>Hat\u0131rlatam\u0131z ki, avgust 19 k\u00fcn\u00fc saba Q\u0131r\u0131mn\u0131\u00f1 b\u00fct\u00fcn camilerinde, bun\u0131\u00f1 kibi de Ukraina boylap \u0130sl\u00e2m medeniy merkezlerni\u00f1 camilerinde bayram namazlar\u0131 q\u0131l\u0131nd\u0131.<\/p>\n","protected":false},"excerpt":{"rendered":"<p>Saudiya Arabistan\u0131 Q\u0131rall\u0131\u011f\u0131 Vaquflar ve din i\u015fleri boyunca nazirlikni\u00f1 hadimi Mahmud Addossari ve B\u00fct\u00fcnukrain &#8220;Alraid&#8221; cemaat te\u015fkil\u00e2tlar\u0131n\u0131\u00f1 birle\u015fmesi Q\u0131r\u0131m b\u00f6l\u00fcgini\u00f1 reisi doktor Ali Mohamad Taha avgust 19 k\u00fcn\u00fc oraza ay\u0131 so\u00f1una kelgeni ve \u0130sl\u00e2mn\u0131\u00f1 eki b\u00fcy\u00fck bayramlar\u0131ndan biri ol\u011fan ve b\u00fct\u00fcn d\u00fcnya musulmanlar\u0131 avgust 19,20 ve 21 k\u00fcnleri qayd etken Oraza bayram\u0131 munasebetinen Mejlis reisi [&hellip;]<\/p>\n","protected":false},"author":1,"featured_media":33196,"comment_status":"open","ping_status":"open","sticky":false,"template":"","format":"standard","meta":{"inline_featured_image":false,"footnotes":""},"categories":[265],"tags":[],"class_list":["post-33195","post","type-post","status-publish","format-standard","has-post-thumbnail","hentry","category-haberler"],"acf":[],"yoast_head":"<!-- This site is optimized with the Yoast SEO plugin v27.4 - https:\/\/yoast.com\/product\/yoast-seo-wordpress\/ -->\n<title>Saudiya Arabistan\u0131 Vaquflar ve din i\u015fleri boyunca nazirlikni\u00f1 hadimi Mahmud Addossari Mejlis reisi Mustafa Cemilevni \u0130d al-fitr ile hay\u0131rlad\u0131 - \u041c\u0435\u0434\u0436\u043b\u0456\u0441<\/title>\n<meta name=\"robots\" content=\"index, follow, max-snippet:-1, max-image-preview:large, max-video-preview:-1\" \/>\n<link rel=\"canonical\" href=\"https:\/\/qtmm.org\/qt\/saudiya-arabistani-vaquflar-ve-din-isleri-boyunca-nazirliknin-hadimi-mahmud-addossari-mejlis-reisi-mustafa-cemilevni-id-al-fitr-ile-hayirladi\/\" \/>\n<meta property=\"og:locale\" content=\"en_US\" \/>\n<meta property=\"og:type\" content=\"article\" \/>\n<meta property=\"og:title\" content=\"Saudiya Arabistan\u0131 Vaquflar ve din i\u015fleri boyunca nazirlikni\u00f1 hadimi Mahmud Addossari Mejlis reisi Mustafa Cemilevni \u0130d al-fitr ile hay\u0131rlad\u0131 - \u041c\u0435\u0434\u0436\u043b\u0456\u0441\" \/>\n<meta property=\"og:description\" content=\"Saudiya Arabistan\u0131 Q\u0131rall\u0131\u011f\u0131 Vaquflar ve din i\u015fleri boyunca nazirlikni\u00f1 hadimi Mahmud Addossari ve B\u00fct\u00fcnukrain &#8220;Alraid&#8221; cemaat te\u015fkil\u00e2tlar\u0131n\u0131\u00f1 birle\u015fmesi Q\u0131r\u0131m b\u00f6l\u00fcgini\u00f1 reisi doktor Ali Mohamad Taha avgust 19 k\u00fcn\u00fc oraza ay\u0131 so\u00f1una kelgeni ve \u0130sl\u00e2mn\u0131\u00f1 eki b\u00fcy\u00fck bayramlar\u0131ndan biri ol\u011fan ve b\u00fct\u00fcn d\u00fcnya musulmanlar\u0131 avgust 19,20 ve 21 k\u00fcnleri qayd etken Oraza bayram\u0131 munasebetinen Mejlis reisi [&hellip;]\" \/>\n<meta property=\"og:url\" content=\"https:\/\/qtmm.org\/qt\/saudiya-arabistani-vaquflar-ve-din-isleri-boyunca-nazirliknin-hadimi-mahmud-addossari-mejlis-reisi-mustafa-cemilevni-id-al-fitr-ile-hayirladi\/\" \/>\n<meta property=\"og:site_name\" content=\"\u041c\u0435\u0434\u0436\u043b\u0456\u0441\" \/>\n<meta property=\"article:publisher\" content=\"https:\/\/www.facebook.com\/qtmm.info\/\" \/>\n<meta property=\"article:published_time\" content=\"2012-08-19T20:49:00+00:00\" \/>\n<meta property=\"article:modified_time\" content=\"2022-01-21T20:49:56+00:00\" \/>\n<meta property=\"og:image\" content=\"https:\/\/qtmm.org\/wp-content\/uploads\/2022\/01\/img_0206_1.jpeg\" \/>\n\t<meta property=\"og:image:width\" content=\"800\" \/>\n\t<meta property=\"og:image:height\" content=\"600\" \/>\n\t<meta property=\"og:image:type\" content=\"image\/jpeg\" \/>\n<meta name=\"author\" content=\"Developer\" \/>\n<meta name=\"twitter:card\" content=\"summary_large_image\" \/>\n<meta name=\"twitter:label1\" content=\"Written by\" \/>\n\t<meta name=\"twitter:data1\" content=\"Developer\" \/>\n\t<meta name=\"twitter:label2\" content=\"Est. reading time\" \/>\n\t<meta name=\"twitter:data2\" content=\"1 minute\" \/>\n<script type=\"application\/ld+json\" class=\"yoast-schema-graph\">{\"@context\":\"https:\\\/\\\/schema.org\",\"@graph\":[{\"@type\":\"Article\",\"@id\":\"https:\\\/\\\/qtmm.org\\\/qt\\\/saudiya-arabistani-vaquflar-ve-din-isleri-boyunca-nazirliknin-hadimi-mahmud-addossari-mejlis-reisi-mustafa-cemilevni-id-al-fitr-ile-hayirladi\\\/#article\",\"isPartOf\":{\"@id\":\"https:\\\/\\\/qtmm.org\\\/qt\\\/saudiya-arabistani-vaquflar-ve-din-isleri-boyunca-nazirliknin-hadimi-mahmud-addossari-mejlis-reisi-mustafa-cemilevni-id-al-fitr-ile-hayirladi\\\/\"},\"author\":{\"name\":\"Developer\",\"@id\":\"https:\\\/\\\/qtmm.org\\\/qt\\\/#\\\/schema\\\/person\\\/de562469f971dec226ac06e60bbf74a7\"},\"headline\":\"Saudiya Arabistan\u0131 Vaquflar ve din i\u015fleri boyunca nazirlikni\u00f1 hadimi Mahmud Addossari Mejlis reisi Mustafa Cemilevni \u0130d al-fitr ile hay\u0131rlad\u0131\",\"datePublished\":\"2012-08-19T20:49:00+00:00\",\"dateModified\":\"2022-01-21T20:49:56+00:00\",\"mainEntityOfPage\":{\"@id\":\"https:\\\/\\\/qtmm.org\\\/qt\\\/saudiya-arabistani-vaquflar-ve-din-isleri-boyunca-nazirliknin-hadimi-mahmud-addossari-mejlis-reisi-mustafa-cemilevni-id-al-fitr-ile-hayirladi\\\/\"},\"wordCount\":298,\"commentCount\":0,\"publisher\":{\"@id\":\"https:\\\/\\\/qtmm.org\\\/qt\\\/#organization\"},\"image\":{\"@id\":\"https:\\\/\\\/qtmm.org\\\/qt\\\/saudiya-arabistani-vaquflar-ve-din-isleri-boyunca-nazirliknin-hadimi-mahmud-addossari-mejlis-reisi-mustafa-cemilevni-id-al-fitr-ile-hayirladi\\\/#primaryimage\"},\"thumbnailUrl\":\"https:\\\/\\\/qtmm.org\\\/wp-content\\\/uploads\\\/2022\\\/01\\\/img_0206_1.jpeg\",\"articleSection\":[\"Haberler\"],\"inLanguage\":\"qt\",\"potentialAction\":[{\"@type\":\"CommentAction\",\"name\":\"Comment\",\"target\":[\"https:\\\/\\\/qtmm.org\\\/qt\\\/saudiya-arabistani-vaquflar-ve-din-isleri-boyunca-nazirliknin-hadimi-mahmud-addossari-mejlis-reisi-mustafa-cemilevni-id-al-fitr-ile-hayirladi\\\/#respond\"]}]},{\"@type\":\"WebPage\",\"@id\":\"https:\\\/\\\/qtmm.org\\\/qt\\\/saudiya-arabistani-vaquflar-ve-din-isleri-boyunca-nazirliknin-hadimi-mahmud-addossari-mejlis-reisi-mustafa-cemilevni-id-al-fitr-ile-hayirladi\\\/\",\"url\":\"https:\\\/\\\/qtmm.org\\\/qt\\\/saudiya-arabistani-vaquflar-ve-din-isleri-boyunca-nazirliknin-hadimi-mahmud-addossari-mejlis-reisi-mustafa-cemilevni-id-al-fitr-ile-hayirladi\\\/\",\"name\":\"Saudiya Arabistan\u0131 Vaquflar ve din i\u015fleri boyunca nazirlikni\u00f1 hadimi Mahmud Addossari Mejlis reisi Mustafa Cemilevni \u0130d al-fitr ile hay\u0131rlad\u0131 - \u041c\u0435\u0434\u0436\u043b\u0456\u0441\",\"isPartOf\":{\"@id\":\"https:\\\/\\\/qtmm.org\\\/qt\\\/#website\"},\"primaryImageOfPage\":{\"@id\":\"https:\\\/\\\/qtmm.org\\\/qt\\\/saudiya-arabistani-vaquflar-ve-din-isleri-boyunca-nazirliknin-hadimi-mahmud-addossari-mejlis-reisi-mustafa-cemilevni-id-al-fitr-ile-hayirladi\\\/#primaryimage\"},\"image\":{\"@id\":\"https:\\\/\\\/qtmm.org\\\/qt\\\/saudiya-arabistani-vaquflar-ve-din-isleri-boyunca-nazirliknin-hadimi-mahmud-addossari-mejlis-reisi-mustafa-cemilevni-id-al-fitr-ile-hayirladi\\\/#primaryimage\"},\"thumbnailUrl\":\"https:\\\/\\\/qtmm.org\\\/wp-content\\\/uploads\\\/2022\\\/01\\\/img_0206_1.jpeg\",\"datePublished\":\"2012-08-19T20:49:00+00:00\",\"dateModified\":\"2022-01-21T20:49:56+00:00\",\"breadcrumb\":{\"@id\":\"https:\\\/\\\/qtmm.org\\\/qt\\\/saudiya-arabistani-vaquflar-ve-din-isleri-boyunca-nazirliknin-hadimi-mahmud-addossari-mejlis-reisi-mustafa-cemilevni-id-al-fitr-ile-hayirladi\\\/#breadcrumb\"},\"inLanguage\":\"qt\",\"potentialAction\":[{\"@type\":\"ReadAction\",\"target\":[\"https:\\\/\\\/qtmm.org\\\/qt\\\/saudiya-arabistani-vaquflar-ve-din-isleri-boyunca-nazirliknin-hadimi-mahmud-addossari-mejlis-reisi-mustafa-cemilevni-id-al-fitr-ile-hayirladi\\\/\"]}]},{\"@type\":\"ImageObject\",\"inLanguage\":\"qt\",\"@id\":\"https:\\\/\\\/qtmm.org\\\/qt\\\/saudiya-arabistani-vaquflar-ve-din-isleri-boyunca-nazirliknin-hadimi-mahmud-addossari-mejlis-reisi-mustafa-cemilevni-id-al-fitr-ile-hayirladi\\\/#primaryimage\",\"url\":\"https:\\\/\\\/qtmm.org\\\/wp-content\\\/uploads\\\/2022\\\/01\\\/img_0206_1.jpeg\",\"contentUrl\":\"https:\\\/\\\/qtmm.org\\\/wp-content\\\/uploads\\\/2022\\\/01\\\/img_0206_1.jpeg\",\"width\":800,\"height\":600},{\"@type\":\"BreadcrumbList\",\"@id\":\"https:\\\/\\\/qtmm.org\\\/qt\\\/saudiya-arabistani-vaquflar-ve-din-isleri-boyunca-nazirliknin-hadimi-mahmud-addossari-mejlis-reisi-mustafa-cemilevni-id-al-fitr-ile-hayirladi\\\/#breadcrumb\",\"itemListElement\":[{\"@type\":\"ListItem\",\"position\":1,\"name\":\"\u0413\u043e\u043b\u043e\u0432\u043d\u0430\",\"item\":\"https:\\\/\\\/qtmm.org\\\/qt\\\/\"},{\"@type\":\"ListItem\",\"position\":2,\"name\":\"Saudiya Arabistan\u0131 Vaquflar ve din i\u015fleri boyunca nazirlikni\u00f1 hadimi Mahmud Addossari Mejlis reisi Mustafa Cemilevni \u0130d al-fitr ile hay\u0131rlad\u0131\"}]},{\"@type\":\"WebSite\",\"@id\":\"https:\\\/\\\/qtmm.org\\\/qt\\\/#website\",\"url\":\"https:\\\/\\\/qtmm.org\\\/qt\\\/\",\"name\":\"\u041c\u0435\u0434\u0436\u043b\u0456\u0441\",\"description\":\"\",\"publisher\":{\"@id\":\"https:\\\/\\\/qtmm.org\\\/qt\\\/#organization\"},\"potentialAction\":[{\"@type\":\"SearchAction\",\"target\":{\"@type\":\"EntryPoint\",\"urlTemplate\":\"https:\\\/\\\/qtmm.org\\\/qt\\\/?s={search_term_string}\"},\"query-input\":{\"@type\":\"PropertyValueSpecification\",\"valueRequired\":true,\"valueName\":\"search_term_string\"}}],\"inLanguage\":\"qt\"},{\"@type\":\"Organization\",\"@id\":\"https:\\\/\\\/qtmm.org\\\/qt\\\/#organization\",\"name\":\"\u041c\u0435\u0434\u0436\u043b\u0456\u0441\",\"url\":\"https:\\\/\\\/qtmm.org\\\/qt\\\/\",\"logo\":{\"@type\":\"ImageObject\",\"inLanguage\":\"qt\",\"@id\":\"https:\\\/\\\/qtmm.org\\\/qt\\\/#\\\/schema\\\/logo\\\/image\\\/\",\"url\":\"https:\\\/\\\/qtmm.org\\\/wp-content\\\/uploads\\\/2024\\\/12\\\/ua-mejlis-logo-rgb.svg\",\"contentUrl\":\"https:\\\/\\\/qtmm.org\\\/wp-content\\\/uploads\\\/2024\\\/12\\\/ua-mejlis-logo-rgb.svg\",\"caption\":\"\u041c\u0435\u0434\u0436\u043b\u0456\u0441\"},\"image\":{\"@id\":\"https:\\\/\\\/qtmm.org\\\/qt\\\/#\\\/schema\\\/logo\\\/image\\\/\"},\"sameAs\":[\"https:\\\/\\\/www.facebook.com\\\/qtmm.info\\\/\"]},{\"@type\":\"Person\",\"@id\":\"https:\\\/\\\/qtmm.org\\\/qt\\\/#\\\/schema\\\/person\\\/de562469f971dec226ac06e60bbf74a7\",\"name\":\"Developer\",\"image\":{\"@type\":\"ImageObject\",\"inLanguage\":\"qt\",\"@id\":\"https:\\\/\\\/secure.gravatar.com\\\/avatar\\\/392b4cc8fbfeb00b39dfeeab4ee6edded39ffd48e25858637e4765810300227e?s=96&d=mm&r=g\",\"url\":\"https:\\\/\\\/secure.gravatar.com\\\/avatar\\\/392b4cc8fbfeb00b39dfeeab4ee6edded39ffd48e25858637e4765810300227e?s=96&d=mm&r=g\",\"contentUrl\":\"https:\\\/\\\/secure.gravatar.com\\\/avatar\\\/392b4cc8fbfeb00b39dfeeab4ee6edded39ffd48e25858637e4765810300227e?s=96&d=mm&r=g\",\"caption\":\"Developer\"},\"url\":\"https:\\\/\\\/qtmm.org\\\/qt\\\/author\\\/Developer\\\/\"}]}<\/script>\n<!-- \/ Yoast SEO plugin. -->","yoast_head_json":{"title":"Saudiya Arabistan\u0131 Vaquflar ve din i\u015fleri boyunca nazirlikni\u00f1 hadimi Mahmud Addossari Mejlis reisi Mustafa Cemilevni \u0130d al-fitr ile hay\u0131rlad\u0131 - \u041c\u0435\u0434\u0436\u043b\u0456\u0441","robots":{"index":"index","follow":"follow","max-snippet":"max-snippet:-1","max-image-preview":"max-image-preview:large","max-video-preview":"max-video-preview:-1"},"canonical":"https:\/\/qtmm.org\/qt\/saudiya-arabistani-vaquflar-ve-din-isleri-boyunca-nazirliknin-hadimi-mahmud-addossari-mejlis-reisi-mustafa-cemilevni-id-al-fitr-ile-hayirladi\/","og_locale":"en_US","og_type":"article","og_title":"Saudiya Arabistan\u0131 Vaquflar ve din i\u015fleri boyunca nazirlikni\u00f1 hadimi Mahmud Addossari Mejlis reisi Mustafa Cemilevni \u0130d al-fitr ile hay\u0131rlad\u0131 - \u041c\u0435\u0434\u0436\u043b\u0456\u0441","og_description":"Saudiya Arabistan\u0131 Q\u0131rall\u0131\u011f\u0131 Vaquflar ve din i\u015fleri boyunca nazirlikni\u00f1 hadimi Mahmud Addossari ve B\u00fct\u00fcnukrain &#8220;Alraid&#8221; cemaat te\u015fkil\u00e2tlar\u0131n\u0131\u00f1 birle\u015fmesi Q\u0131r\u0131m b\u00f6l\u00fcgini\u00f1 reisi doktor Ali Mohamad Taha avgust 19 k\u00fcn\u00fc oraza ay\u0131 so\u00f1una kelgeni ve \u0130sl\u00e2mn\u0131\u00f1 eki b\u00fcy\u00fck bayramlar\u0131ndan biri ol\u011fan ve b\u00fct\u00fcn d\u00fcnya musulmanlar\u0131 avgust 19,20 ve 21 k\u00fcnleri qayd etken Oraza bayram\u0131 munasebetinen Mejlis reisi [&hellip;]","og_url":"https:\/\/qtmm.org\/qt\/saudiya-arabistani-vaquflar-ve-din-isleri-boyunca-nazirliknin-hadimi-mahmud-addossari-mejlis-reisi-mustafa-cemilevni-id-al-fitr-ile-hayirladi\/","og_site_name":"\u041c\u0435\u0434\u0436\u043b\u0456\u0441","article_publisher":"https:\/\/www.facebook.com\/qtmm.info\/","article_published_time":"2012-08-19T20:49:00+00:00","article_modified_time":"2022-01-21T20:49:56+00:00","og_image":[{"width":800,"height":600,"url":"https:\/\/qtmm.org\/wp-content\/uploads\/2022\/01\/img_0206_1.jpeg","type":"image\/jpeg"}],"author":"Developer","twitter_card":"summary_large_image","twitter_misc":{"Written by":"Developer","Est. reading time":"1 minute"},"schema":{"@context":"https:\/\/schema.org","@graph":[{"@type":"Article","@id":"https:\/\/qtmm.org\/qt\/saudiya-arabistani-vaquflar-ve-din-isleri-boyunca-nazirliknin-hadimi-mahmud-addossari-mejlis-reisi-mustafa-cemilevni-id-al-fitr-ile-hayirladi\/#article","isPartOf":{"@id":"https:\/\/qtmm.org\/qt\/saudiya-arabistani-vaquflar-ve-din-isleri-boyunca-nazirliknin-hadimi-mahmud-addossari-mejlis-reisi-mustafa-cemilevni-id-al-fitr-ile-hayirladi\/"},"author":{"name":"Developer","@id":"https:\/\/qtmm.org\/qt\/#\/schema\/person\/de562469f971dec226ac06e60bbf74a7"},"headline":"Saudiya Arabistan\u0131 Vaquflar ve din i\u015fleri boyunca nazirlikni\u00f1 hadimi Mahmud Addossari Mejlis reisi Mustafa Cemilevni \u0130d al-fitr ile hay\u0131rlad\u0131","datePublished":"2012-08-19T20:49:00+00:00","dateModified":"2022-01-21T20:49:56+00:00","mainEntityOfPage":{"@id":"https:\/\/qtmm.org\/qt\/saudiya-arabistani-vaquflar-ve-din-isleri-boyunca-nazirliknin-hadimi-mahmud-addossari-mejlis-reisi-mustafa-cemilevni-id-al-fitr-ile-hayirladi\/"},"wordCount":298,"commentCount":0,"publisher":{"@id":"https:\/\/qtmm.org\/qt\/#organization"},"image":{"@id":"https:\/\/qtmm.org\/qt\/saudiya-arabistani-vaquflar-ve-din-isleri-boyunca-nazirliknin-hadimi-mahmud-addossari-mejlis-reisi-mustafa-cemilevni-id-al-fitr-ile-hayirladi\/#primaryimage"},"thumbnailUrl":"https:\/\/qtmm.org\/wp-content\/uploads\/2022\/01\/img_0206_1.jpeg","articleSection":["Haberler"],"inLanguage":"qt","potentialAction":[{"@type":"CommentAction","name":"Comment","target":["https:\/\/qtmm.org\/qt\/saudiya-arabistani-vaquflar-ve-din-isleri-boyunca-nazirliknin-hadimi-mahmud-addossari-mejlis-reisi-mustafa-cemilevni-id-al-fitr-ile-hayirladi\/#respond"]}]},{"@type":"WebPage","@id":"https:\/\/qtmm.org\/qt\/saudiya-arabistani-vaquflar-ve-din-isleri-boyunca-nazirliknin-hadimi-mahmud-addossari-mejlis-reisi-mustafa-cemilevni-id-al-fitr-ile-hayirladi\/","url":"https:\/\/qtmm.org\/qt\/saudiya-arabistani-vaquflar-ve-din-isleri-boyunca-nazirliknin-hadimi-mahmud-addossari-mejlis-reisi-mustafa-cemilevni-id-al-fitr-ile-hayirladi\/","name":"Saudiya Arabistan\u0131 Vaquflar ve din i\u015fleri boyunca nazirlikni\u00f1 hadimi Mahmud Addossari Mejlis reisi Mustafa Cemilevni \u0130d al-fitr ile hay\u0131rlad\u0131 - \u041c\u0435\u0434\u0436\u043b\u0456\u0441","isPartOf":{"@id":"https:\/\/qtmm.org\/qt\/#website"},"primaryImageOfPage":{"@id":"https:\/\/qtmm.org\/qt\/saudiya-arabistani-vaquflar-ve-din-isleri-boyunca-nazirliknin-hadimi-mahmud-addossari-mejlis-reisi-mustafa-cemilevni-id-al-fitr-ile-hayirladi\/#primaryimage"},"image":{"@id":"https:\/\/qtmm.org\/qt\/saudiya-arabistani-vaquflar-ve-din-isleri-boyunca-nazirliknin-hadimi-mahmud-addossari-mejlis-reisi-mustafa-cemilevni-id-al-fitr-ile-hayirladi\/#primaryimage"},"thumbnailUrl":"https:\/\/qtmm.org\/wp-content\/uploads\/2022\/01\/img_0206_1.jpeg","datePublished":"2012-08-19T20:49:00+00:00","dateModified":"2022-01-21T20:49:56+00:00","breadcrumb":{"@id":"https:\/\/qtmm.org\/qt\/saudiya-arabistani-vaquflar-ve-din-isleri-boyunca-nazirliknin-hadimi-mahmud-addossari-mejlis-reisi-mustafa-cemilevni-id-al-fitr-ile-hayirladi\/#breadcrumb"},"inLanguage":"qt","potentialAction":[{"@type":"ReadAction","target":["https:\/\/qtmm.org\/qt\/saudiya-arabistani-vaquflar-ve-din-isleri-boyunca-nazirliknin-hadimi-mahmud-addossari-mejlis-reisi-mustafa-cemilevni-id-al-fitr-ile-hayirladi\/"]}]},{"@type":"ImageObject","inLanguage":"qt","@id":"https:\/\/qtmm.org\/qt\/saudiya-arabistani-vaquflar-ve-din-isleri-boyunca-nazirliknin-hadimi-mahmud-addossari-mejlis-reisi-mustafa-cemilevni-id-al-fitr-ile-hayirladi\/#primaryimage","url":"https:\/\/qtmm.org\/wp-content\/uploads\/2022\/01\/img_0206_1.jpeg","contentUrl":"https:\/\/qtmm.org\/wp-content\/uploads\/2022\/01\/img_0206_1.jpeg","width":800,"height":600},{"@type":"BreadcrumbList","@id":"https:\/\/qtmm.org\/qt\/saudiya-arabistani-vaquflar-ve-din-isleri-boyunca-nazirliknin-hadimi-mahmud-addossari-mejlis-reisi-mustafa-cemilevni-id-al-fitr-ile-hayirladi\/#breadcrumb","itemListElement":[{"@type":"ListItem","position":1,"name":"\u0413\u043e\u043b\u043e\u0432\u043d\u0430","item":"https:\/\/qtmm.org\/qt\/"},{"@type":"ListItem","position":2,"name":"Saudiya Arabistan\u0131 Vaquflar ve din i\u015fleri boyunca nazirlikni\u00f1 hadimi Mahmud Addossari Mejlis reisi Mustafa Cemilevni \u0130d al-fitr ile hay\u0131rlad\u0131"}]},{"@type":"WebSite","@id":"https:\/\/qtmm.org\/qt\/#website","url":"https:\/\/qtmm.org\/qt\/","name":"\u041c\u0435\u0434\u0436\u043b\u0456\u0441","description":"","publisher":{"@id":"https:\/\/qtmm.org\/qt\/#organization"},"potentialAction":[{"@type":"SearchAction","target":{"@type":"EntryPoint","urlTemplate":"https:\/\/qtmm.org\/qt\/?s={search_term_string}"},"query-input":{"@type":"PropertyValueSpecification","valueRequired":true,"valueName":"search_term_string"}}],"inLanguage":"qt"},{"@type":"Organization","@id":"https:\/\/qtmm.org\/qt\/#organization","name":"\u041c\u0435\u0434\u0436\u043b\u0456\u0441","url":"https:\/\/qtmm.org\/qt\/","logo":{"@type":"ImageObject","inLanguage":"qt","@id":"https:\/\/qtmm.org\/qt\/#\/schema\/logo\/image\/","url":"https:\/\/qtmm.org\/wp-content\/uploads\/2024\/12\/ua-mejlis-logo-rgb.svg","contentUrl":"https:\/\/qtmm.org\/wp-content\/uploads\/2024\/12\/ua-mejlis-logo-rgb.svg","caption":"\u041c\u0435\u0434\u0436\u043b\u0456\u0441"},"image":{"@id":"https:\/\/qtmm.org\/qt\/#\/schema\/logo\/image\/"},"sameAs":["https:\/\/www.facebook.com\/qtmm.info\/"]},{"@type":"Person","@id":"https:\/\/qtmm.org\/qt\/#\/schema\/person\/de562469f971dec226ac06e60bbf74a7","name":"Developer","image":{"@type":"ImageObject","inLanguage":"qt","@id":"https:\/\/secure.gravatar.com\/avatar\/392b4cc8fbfeb00b39dfeeab4ee6edded39ffd48e25858637e4765810300227e?s=96&d=mm&r=g","url":"https:\/\/secure.gravatar.com\/avatar\/392b4cc8fbfeb00b39dfeeab4ee6edded39ffd48e25858637e4765810300227e?s=96&d=mm&r=g","contentUrl":"https:\/\/secure.gravatar.com\/avatar\/392b4cc8fbfeb00b39dfeeab4ee6edded39ffd48e25858637e4765810300227e?s=96&d=mm&r=g","caption":"Developer"},"url":"https:\/\/qtmm.org\/qt\/author\/Developer\/"}]}},"_links":{"self":[{"href":"https:\/\/qtmm.org\/qt\/wp-json\/wp\/v2\/posts\/33195","targetHints":{"allow":["GET"]}}],"collection":[{"href":"https:\/\/qtmm.org\/qt\/wp-json\/wp\/v2\/posts"}],"about":[{"href":"https:\/\/qtmm.org\/qt\/wp-json\/wp\/v2\/types\/post"}],"author":[{"embeddable":true,"href":"https:\/\/qtmm.org\/qt\/wp-json\/wp\/v2\/users\/1"}],"replies":[{"embeddable":true,"href":"https:\/\/qtmm.org\/qt\/wp-json\/wp\/v2\/comments?post=33195"}],"version-history":[{"count":1,"href":"https:\/\/qtmm.org\/qt\/wp-json\/wp\/v2\/posts\/33195\/revisions"}],"predecessor-version":[{"id":33200,"href":"https:\/\/qtmm.org\/qt\/wp-json\/wp\/v2\/posts\/33195\/revisions\/33200"}],"wp:featuredmedia":[{"embeddable":true,"href":"https:\/\/qtmm.org\/qt\/wp-json\/wp\/v2\/media\/33196"}],"wp:attachment":[{"href":"https:\/\/qtmm.org\/qt\/wp-json\/wp\/v2\/media?parent=33195"}],"wp:term":[{"taxonomy":"category","embeddable":true,"href":"https:\/\/qtmm.org\/qt\/wp-json\/wp\/v2\/categories?post=33195"},{"taxonomy":"post_tag","embeddable":true,"href":"https:\/\/qtmm.org\/qt\/wp-json\/wp\/v2\/tags?post=33195"}],"curies":[{"name":"wp","href":"https:\/\/api.w.org\/{rel}","templated":true}]}}