




{"id":33162,"date":"2012-08-18T23:45:00","date_gmt":"2012-08-18T20:45:00","guid":{"rendered":"http:\/\/qtmm.org\/?p=33162"},"modified":"2022-01-21T23:47:57","modified_gmt":"2022-01-21T20:47:57","slug":"kezlevdeki-han-camide-qurultay-delegati-qirim-nazirler-surasi-reisi-muavini-aziz-abdullayevnin-anasi-nuriye-acimamut-vefat-etkeninin-100-nci-kunu-munasebetinen-dua-kecirildi","status":"publish","type":"post","link":"https:\/\/qtmm.org\/qt\/kezlevdeki-han-camide-qurultay-delegati-qirim-nazirler-surasi-reisi-muavini-aziz-abdullayevnin-anasi-nuriye-acimamut-vefat-etkeninin-100-nci-kunu-munasebetinen-dua-kecirildi\/","title":{"rendered":"Kezlevdeki Han Camide Qurultay delegat\u0131, Q\u0131r\u0131m Nazirler \u015euras\u0131 reisi muavini Aziz Abdullayevni\u00f1 anas\u0131 Nuriye Acimamut vefat etkenini\u00f1 100-nci k\u00fcn\u00fc munasebetinen dua ke\u00e7irildi"},"content":{"rendered":"\n<p>2012 senesi avgust 18 k\u00fcn\u00fc Ramazan ay\u0131n\u0131\u00f1 so\u00f1ki k\u00fcn\u00fc ve Oraza bayram arfesinde Kezlevde Han Camide Qurultay delegat\u0131, Q\u0131r\u0131m Nazirler \u015euras\u0131 reisi muavini Aziz Abdullayevni\u00f1 anas\u0131 Nuriye Acimamut q\u0131z\u0131 vefat etkenini\u00f1 100-nci k\u00fcn\u00fc munasebetinen dua ke\u00e7irildi.<\/p>\n\n\n\n<p>Adetimizge k\u00f6re Han Camide Nuriye Acimamut q\u0131z\u0131n\u0131\u00f1 ruhuna dua oquld\u0131 ve so\u00f1ra aq\u015fam namaz\u0131 q\u0131l\u0131nd\u0131.<\/p>\n\n\n\n<figure class=\"wp-block-image size-full\"><img loading=\"lazy\" decoding=\"async\" width=\"650\" height=\"322\" src=\"http:\/\/qtmm.org\/wp-content\/uploads\/2022\/01\/3_40.jpeg\" alt=\"\" class=\"wp-image-33168\" srcset=\"https:\/\/qtmm.org\/wp-content\/uploads\/2022\/01\/3_40.jpeg 650w, https:\/\/qtmm.org\/wp-content\/uploads\/2022\/01\/3_40-300x149.jpeg 300w\" sizes=\"auto, (max-width: 650px) 100vw, 650px\" \/><\/figure>\n\n\n\n<p>Aziz Abdullayev ve Kezlev regional meclisni\u00f1 qoltutuv\u0131nda berilgen iftarda 200-den ziyade insan i\u015ftirak etti.<\/p>\n\n\n\n<figure class=\"wp-block-image size-full\"><img loading=\"lazy\" decoding=\"async\" width=\"650\" height=\"332\" src=\"http:\/\/qtmm.org\/wp-content\/uploads\/2022\/01\/6_15.jpeg\" alt=\"\" class=\"wp-image-33172\" srcset=\"https:\/\/qtmm.org\/wp-content\/uploads\/2022\/01\/6_15.jpeg 650w, https:\/\/qtmm.org\/wp-content\/uploads\/2022\/01\/6_15-300x153.jpeg 300w\" sizes=\"auto, (max-width: 650px) 100vw, 650px\" \/><\/figure>\n\n\n\n<p>Olar aras\u0131nda Q\u0131r\u0131mtatar halq\u0131 Meclisini\u00f1 reisi Mustafa Cemilev, on\u0131\u00f1 birinci muavini, B\u00fct\u00fcnd\u00fcnya q\u0131r\u0131mtatarlar kongressini\u00f1 prezidenti Refat \u00c7ubarov, Merkeziy Meclis ve regional meclislerni\u00f1 azalar\u0131, QMPU rektor\u0131 Fevzi Yaqubov, Ukraina Prezidentini\u00f1 Q\u0131r\u0131mdaki daimiy temsilcisini\u00f1 muavini \u0130braim Mamutov, Q\u0131r\u0131m M\u00fcftiligi, q\u0131r\u0131mtatar cemaat\u00e7\u0131l\u0131\u011f\u0131n\u0131\u00f1 vekilleri, Aziz Abdullayevni\u00f1 aqrabalar\u0131 ve dostlar\u0131 bar ediler.<\/p>\n\n\n\n<figure class=\"wp-block-image size-full\"><img loading=\"lazy\" decoding=\"async\" width=\"650\" height=\"349\" src=\"http:\/\/qtmm.org\/wp-content\/uploads\/2022\/01\/5_15-1.jpeg\" alt=\"\" class=\"wp-image-33180\" srcset=\"https:\/\/qtmm.org\/wp-content\/uploads\/2022\/01\/5_15-1.jpeg 650w, https:\/\/qtmm.org\/wp-content\/uploads\/2022\/01\/5_15-1-300x161.jpeg 300w\" sizes=\"auto, (max-width: 650px) 100vw, 650px\" \/><\/figure>\n\n\n\n<p>\u0130ftardan so\u00f1 camini\u00f1 imam\u0131 Elmar Abdul\u011faniyev dua oqud\u0131.<\/p>\n\n\n\n<figure class=\"wp-block-image size-full\"><img loading=\"lazy\" decoding=\"async\" width=\"650\" height=\"430\" src=\"http:\/\/qtmm.org\/wp-content\/uploads\/2022\/01\/2_66.jpeg\" alt=\"\" class=\"wp-image-33184\" srcset=\"https:\/\/qtmm.org\/wp-content\/uploads\/2022\/01\/2_66.jpeg 650w, https:\/\/qtmm.org\/wp-content\/uploads\/2022\/01\/2_66-300x198.jpeg 300w\" sizes=\"auto, (max-width: 650px) 100vw, 650px\" \/><\/figure>\n\n\n\n<p>Meclis reisi Mustafa Cemilev duada bulun\u011fanlarn\u0131 ve umumen er kesni musulman d\u00fcnyas\u0131n\u0131\u00f1 e\u00f1 b\u00fcy\u00fck eki bayramdan biri &#8211; keleyatqan mubarek Oraza bayram\u0131nen samimiy hay\u0131rlap, qaviy sa\u011fl\u0131q, quvan\u00e7, sab\u0131r-taqat tiledi. &#8220;<\/p>\n\n\n\n<p>Y\u00fcce Allah Vatan\u0131m\u0131zda daa \u00e7oq bayramlarn\u0131 qayd etmekni nasip etsin. Bizim vazifemiz milliy ve diniy birligimizni qor\u00e7alamaq ve pekitmektir&#8221;, &#8211; dedi Mustafa Cemilev.<\/p>\n\n\n\n<figure class=\"wp-block-image size-full\"><img loading=\"lazy\" decoding=\"async\" width=\"650\" height=\"416\" src=\"http:\/\/qtmm.org\/wp-content\/uploads\/2022\/01\/4_38.jpeg\" alt=\"\" class=\"wp-image-33188\" srcset=\"https:\/\/qtmm.org\/wp-content\/uploads\/2022\/01\/4_38.jpeg 650w, https:\/\/qtmm.org\/wp-content\/uploads\/2022\/01\/4_38-300x192.jpeg 300w\" sizes=\"auto, (max-width: 650px) 100vw, 650px\" \/><\/figure>\n","protected":false},"excerpt":{"rendered":"<p>2012 senesi avgust 18 k\u00fcn\u00fc Ramazan ay\u0131n\u0131\u00f1 so\u00f1ki k\u00fcn\u00fc ve Oraza bayram arfesinde Kezlevde Han Camide Qurultay delegat\u0131, Q\u0131r\u0131m Nazirler \u015euras\u0131 reisi muavini Aziz Abdullayevni\u00f1 anas\u0131 Nuriye Acimamut q\u0131z\u0131 vefat etkenini\u00f1 100-nci k\u00fcn\u00fc munasebetinen dua ke\u00e7irildi. Adetimizge k\u00f6re Han Camide Nuriye Acimamut q\u0131z\u0131n\u0131\u00f1 ruhuna dua oquld\u0131 ve so\u00f1ra aq\u015fam namaz\u0131 q\u0131l\u0131nd\u0131. Aziz Abdullayev ve Kezlev [&hellip;]<\/p>\n","protected":false},"author":1,"featured_media":33164,"comment_status":"open","ping_status":"open","sticky":false,"template":"","format":"standard","meta":{"inline_featured_image":false,"footnotes":""},"categories":[265],"tags":[],"class_list":["post-33162","post","type-post","status-publish","format-standard","has-post-thumbnail","hentry","category-haberler"],"acf":[],"yoast_head":"<!-- This site is optimized with the Yoast SEO plugin v27.4 - https:\/\/yoast.com\/product\/yoast-seo-wordpress\/ -->\n<title>Kezlevdeki Han Camide Qurultay delegat\u0131, Q\u0131r\u0131m Nazirler \u015euras\u0131 reisi muavini Aziz Abdullayevni\u00f1 anas\u0131 Nuriye Acimamut vefat etkenini\u00f1 100-nci k\u00fcn\u00fc munasebetinen dua ke\u00e7irildi - \u041c\u0435\u0434\u0436\u043b\u0456\u0441<\/title>\n<meta name=\"robots\" content=\"index, follow, max-snippet:-1, max-image-preview:large, max-video-preview:-1\" \/>\n<link rel=\"canonical\" href=\"https:\/\/qtmm.org\/qt\/kezlevdeki-han-camide-qurultay-delegati-qirim-nazirler-surasi-reisi-muavini-aziz-abdullayevnin-anasi-nuriye-acimamut-vefat-etkeninin-100-nci-kunu-munasebetinen-dua-kecirildi\/\" \/>\n<meta property=\"og:locale\" content=\"en_US\" \/>\n<meta property=\"og:type\" content=\"article\" \/>\n<meta property=\"og:title\" content=\"Kezlevdeki Han Camide Qurultay delegat\u0131, Q\u0131r\u0131m Nazirler \u015euras\u0131 reisi muavini Aziz Abdullayevni\u00f1 anas\u0131 Nuriye Acimamut vefat etkenini\u00f1 100-nci k\u00fcn\u00fc munasebetinen dua ke\u00e7irildi - \u041c\u0435\u0434\u0436\u043b\u0456\u0441\" \/>\n<meta property=\"og:description\" content=\"2012 senesi avgust 18 k\u00fcn\u00fc Ramazan ay\u0131n\u0131\u00f1 so\u00f1ki k\u00fcn\u00fc ve Oraza bayram arfesinde Kezlevde Han Camide Qurultay delegat\u0131, Q\u0131r\u0131m Nazirler \u015euras\u0131 reisi muavini Aziz Abdullayevni\u00f1 anas\u0131 Nuriye Acimamut q\u0131z\u0131 vefat etkenini\u00f1 100-nci k\u00fcn\u00fc munasebetinen dua ke\u00e7irildi. Adetimizge k\u00f6re Han Camide Nuriye Acimamut q\u0131z\u0131n\u0131\u00f1 ruhuna dua oquld\u0131 ve so\u00f1ra aq\u015fam namaz\u0131 q\u0131l\u0131nd\u0131. Aziz Abdullayev ve Kezlev [&hellip;]\" \/>\n<meta property=\"og:url\" content=\"https:\/\/qtmm.org\/qt\/kezlevdeki-han-camide-qurultay-delegati-qirim-nazirler-surasi-reisi-muavini-aziz-abdullayevnin-anasi-nuriye-acimamut-vefat-etkeninin-100-nci-kunu-munasebetinen-dua-kecirildi\/\" \/>\n<meta property=\"og:site_name\" content=\"\u041c\u0435\u0434\u0436\u043b\u0456\u0441\" \/>\n<meta property=\"article:publisher\" content=\"https:\/\/www.facebook.com\/qtmm.info\/\" \/>\n<meta property=\"article:published_time\" content=\"2012-08-18T20:45:00+00:00\" \/>\n<meta property=\"article:modified_time\" content=\"2022-01-21T20:47:57+00:00\" \/>\n<meta property=\"og:image\" content=\"https:\/\/qtmm.org\/wp-content\/uploads\/2022\/01\/1_62.jpeg\" \/>\n\t<meta property=\"og:image:width\" content=\"650\" \/>\n\t<meta property=\"og:image:height\" content=\"480\" \/>\n\t<meta property=\"og:image:type\" content=\"image\/jpeg\" \/>\n<meta name=\"author\" content=\"Developer\" \/>\n<meta name=\"twitter:card\" content=\"summary_large_image\" \/>\n<meta name=\"twitter:label1\" content=\"Written by\" \/>\n\t<meta name=\"twitter:data1\" content=\"Developer\" \/>\n\t<meta name=\"twitter:label2\" content=\"Est. reading time\" \/>\n\t<meta name=\"twitter:data2\" content=\"1 minute\" \/>\n<script type=\"application\/ld+json\" class=\"yoast-schema-graph\">{\"@context\":\"https:\\\/\\\/schema.org\",\"@graph\":[{\"@type\":\"Article\",\"@id\":\"https:\\\/\\\/qtmm.org\\\/qt\\\/kezlevdeki-han-camide-qurultay-delegati-qirim-nazirler-surasi-reisi-muavini-aziz-abdullayevnin-anasi-nuriye-acimamut-vefat-etkeninin-100-nci-kunu-munasebetinen-dua-kecirildi\\\/#article\",\"isPartOf\":{\"@id\":\"https:\\\/\\\/qtmm.org\\\/qt\\\/kezlevdeki-han-camide-qurultay-delegati-qirim-nazirler-surasi-reisi-muavini-aziz-abdullayevnin-anasi-nuriye-acimamut-vefat-etkeninin-100-nci-kunu-munasebetinen-dua-kecirildi\\\/\"},\"author\":{\"name\":\"Developer\",\"@id\":\"https:\\\/\\\/qtmm.org\\\/qt\\\/#\\\/schema\\\/person\\\/de562469f971dec226ac06e60bbf74a7\"},\"headline\":\"Kezlevdeki Han Camide Qurultay delegat\u0131, Q\u0131r\u0131m Nazirler \u015euras\u0131 reisi muavini Aziz Abdullayevni\u00f1 anas\u0131 Nuriye Acimamut vefat etkenini\u00f1 100-nci k\u00fcn\u00fc munasebetinen dua ke\u00e7irildi\",\"datePublished\":\"2012-08-18T20:45:00+00:00\",\"dateModified\":\"2022-01-21T20:47:57+00:00\",\"mainEntityOfPage\":{\"@id\":\"https:\\\/\\\/qtmm.org\\\/qt\\\/kezlevdeki-han-camide-qurultay-delegati-qirim-nazirler-surasi-reisi-muavini-aziz-abdullayevnin-anasi-nuriye-acimamut-vefat-etkeninin-100-nci-kunu-munasebetinen-dua-kecirildi\\\/\"},\"wordCount\":246,\"commentCount\":0,\"publisher\":{\"@id\":\"https:\\\/\\\/qtmm.org\\\/qt\\\/#organization\"},\"image\":{\"@id\":\"https:\\\/\\\/qtmm.org\\\/qt\\\/kezlevdeki-han-camide-qurultay-delegati-qirim-nazirler-surasi-reisi-muavini-aziz-abdullayevnin-anasi-nuriye-acimamut-vefat-etkeninin-100-nci-kunu-munasebetinen-dua-kecirildi\\\/#primaryimage\"},\"thumbnailUrl\":\"https:\\\/\\\/qtmm.org\\\/wp-content\\\/uploads\\\/2022\\\/01\\\/1_62.jpeg\",\"articleSection\":[\"Haberler\"],\"inLanguage\":\"qt\",\"potentialAction\":[{\"@type\":\"CommentAction\",\"name\":\"Comment\",\"target\":[\"https:\\\/\\\/qtmm.org\\\/qt\\\/kezlevdeki-han-camide-qurultay-delegati-qirim-nazirler-surasi-reisi-muavini-aziz-abdullayevnin-anasi-nuriye-acimamut-vefat-etkeninin-100-nci-kunu-munasebetinen-dua-kecirildi\\\/#respond\"]}]},{\"@type\":\"WebPage\",\"@id\":\"https:\\\/\\\/qtmm.org\\\/qt\\\/kezlevdeki-han-camide-qurultay-delegati-qirim-nazirler-surasi-reisi-muavini-aziz-abdullayevnin-anasi-nuriye-acimamut-vefat-etkeninin-100-nci-kunu-munasebetinen-dua-kecirildi\\\/\",\"url\":\"https:\\\/\\\/qtmm.org\\\/qt\\\/kezlevdeki-han-camide-qurultay-delegati-qirim-nazirler-surasi-reisi-muavini-aziz-abdullayevnin-anasi-nuriye-acimamut-vefat-etkeninin-100-nci-kunu-munasebetinen-dua-kecirildi\\\/\",\"name\":\"Kezlevdeki Han Camide Qurultay delegat\u0131, Q\u0131r\u0131m Nazirler \u015euras\u0131 reisi muavini Aziz Abdullayevni\u00f1 anas\u0131 Nuriye Acimamut vefat etkenini\u00f1 100-nci k\u00fcn\u00fc munasebetinen dua ke\u00e7irildi - \u041c\u0435\u0434\u0436\u043b\u0456\u0441\",\"isPartOf\":{\"@id\":\"https:\\\/\\\/qtmm.org\\\/qt\\\/#website\"},\"primaryImageOfPage\":{\"@id\":\"https:\\\/\\\/qtmm.org\\\/qt\\\/kezlevdeki-han-camide-qurultay-delegati-qirim-nazirler-surasi-reisi-muavini-aziz-abdullayevnin-anasi-nuriye-acimamut-vefat-etkeninin-100-nci-kunu-munasebetinen-dua-kecirildi\\\/#primaryimage\"},\"image\":{\"@id\":\"https:\\\/\\\/qtmm.org\\\/qt\\\/kezlevdeki-han-camide-qurultay-delegati-qirim-nazirler-surasi-reisi-muavini-aziz-abdullayevnin-anasi-nuriye-acimamut-vefat-etkeninin-100-nci-kunu-munasebetinen-dua-kecirildi\\\/#primaryimage\"},\"thumbnailUrl\":\"https:\\\/\\\/qtmm.org\\\/wp-content\\\/uploads\\\/2022\\\/01\\\/1_62.jpeg\",\"datePublished\":\"2012-08-18T20:45:00+00:00\",\"dateModified\":\"2022-01-21T20:47:57+00:00\",\"breadcrumb\":{\"@id\":\"https:\\\/\\\/qtmm.org\\\/qt\\\/kezlevdeki-han-camide-qurultay-delegati-qirim-nazirler-surasi-reisi-muavini-aziz-abdullayevnin-anasi-nuriye-acimamut-vefat-etkeninin-100-nci-kunu-munasebetinen-dua-kecirildi\\\/#breadcrumb\"},\"inLanguage\":\"qt\",\"potentialAction\":[{\"@type\":\"ReadAction\",\"target\":[\"https:\\\/\\\/qtmm.org\\\/qt\\\/kezlevdeki-han-camide-qurultay-delegati-qirim-nazirler-surasi-reisi-muavini-aziz-abdullayevnin-anasi-nuriye-acimamut-vefat-etkeninin-100-nci-kunu-munasebetinen-dua-kecirildi\\\/\"]}]},{\"@type\":\"ImageObject\",\"inLanguage\":\"qt\",\"@id\":\"https:\\\/\\\/qtmm.org\\\/qt\\\/kezlevdeki-han-camide-qurultay-delegati-qirim-nazirler-surasi-reisi-muavini-aziz-abdullayevnin-anasi-nuriye-acimamut-vefat-etkeninin-100-nci-kunu-munasebetinen-dua-kecirildi\\\/#primaryimage\",\"url\":\"https:\\\/\\\/qtmm.org\\\/wp-content\\\/uploads\\\/2022\\\/01\\\/1_62.jpeg\",\"contentUrl\":\"https:\\\/\\\/qtmm.org\\\/wp-content\\\/uploads\\\/2022\\\/01\\\/1_62.jpeg\",\"width\":650,\"height\":480},{\"@type\":\"BreadcrumbList\",\"@id\":\"https:\\\/\\\/qtmm.org\\\/qt\\\/kezlevdeki-han-camide-qurultay-delegati-qirim-nazirler-surasi-reisi-muavini-aziz-abdullayevnin-anasi-nuriye-acimamut-vefat-etkeninin-100-nci-kunu-munasebetinen-dua-kecirildi\\\/#breadcrumb\",\"itemListElement\":[{\"@type\":\"ListItem\",\"position\":1,\"name\":\"\u0413\u043e\u043b\u043e\u0432\u043d\u0430\",\"item\":\"https:\\\/\\\/qtmm.org\\\/qt\\\/\"},{\"@type\":\"ListItem\",\"position\":2,\"name\":\"Kezlevdeki Han Camide Qurultay delegat\u0131, Q\u0131r\u0131m Nazirler \u015euras\u0131 reisi muavini Aziz Abdullayevni\u00f1 anas\u0131 Nuriye Acimamut vefat etkenini\u00f1 100-nci k\u00fcn\u00fc munasebetinen dua ke\u00e7irildi\"}]},{\"@type\":\"WebSite\",\"@id\":\"https:\\\/\\\/qtmm.org\\\/qt\\\/#website\",\"url\":\"https:\\\/\\\/qtmm.org\\\/qt\\\/\",\"name\":\"\u041c\u0435\u0434\u0436\u043b\u0456\u0441\",\"description\":\"\",\"publisher\":{\"@id\":\"https:\\\/\\\/qtmm.org\\\/qt\\\/#organization\"},\"potentialAction\":[{\"@type\":\"SearchAction\",\"target\":{\"@type\":\"EntryPoint\",\"urlTemplate\":\"https:\\\/\\\/qtmm.org\\\/qt\\\/?s={search_term_string}\"},\"query-input\":{\"@type\":\"PropertyValueSpecification\",\"valueRequired\":true,\"valueName\":\"search_term_string\"}}],\"inLanguage\":\"qt\"},{\"@type\":\"Organization\",\"@id\":\"https:\\\/\\\/qtmm.org\\\/qt\\\/#organization\",\"name\":\"\u041c\u0435\u0434\u0436\u043b\u0456\u0441\",\"url\":\"https:\\\/\\\/qtmm.org\\\/qt\\\/\",\"logo\":{\"@type\":\"ImageObject\",\"inLanguage\":\"qt\",\"@id\":\"https:\\\/\\\/qtmm.org\\\/qt\\\/#\\\/schema\\\/logo\\\/image\\\/\",\"url\":\"https:\\\/\\\/qtmm.org\\\/wp-content\\\/uploads\\\/2024\\\/12\\\/ua-mejlis-logo-rgb.svg\",\"contentUrl\":\"https:\\\/\\\/qtmm.org\\\/wp-content\\\/uploads\\\/2024\\\/12\\\/ua-mejlis-logo-rgb.svg\",\"caption\":\"\u041c\u0435\u0434\u0436\u043b\u0456\u0441\"},\"image\":{\"@id\":\"https:\\\/\\\/qtmm.org\\\/qt\\\/#\\\/schema\\\/logo\\\/image\\\/\"},\"sameAs\":[\"https:\\\/\\\/www.facebook.com\\\/qtmm.info\\\/\"]},{\"@type\":\"Person\",\"@id\":\"https:\\\/\\\/qtmm.org\\\/qt\\\/#\\\/schema\\\/person\\\/de562469f971dec226ac06e60bbf74a7\",\"name\":\"Developer\",\"image\":{\"@type\":\"ImageObject\",\"inLanguage\":\"qt\",\"@id\":\"https:\\\/\\\/secure.gravatar.com\\\/avatar\\\/392b4cc8fbfeb00b39dfeeab4ee6edded39ffd48e25858637e4765810300227e?s=96&d=mm&r=g\",\"url\":\"https:\\\/\\\/secure.gravatar.com\\\/avatar\\\/392b4cc8fbfeb00b39dfeeab4ee6edded39ffd48e25858637e4765810300227e?s=96&d=mm&r=g\",\"contentUrl\":\"https:\\\/\\\/secure.gravatar.com\\\/avatar\\\/392b4cc8fbfeb00b39dfeeab4ee6edded39ffd48e25858637e4765810300227e?s=96&d=mm&r=g\",\"caption\":\"Developer\"},\"url\":\"https:\\\/\\\/qtmm.org\\\/qt\\\/author\\\/Developer\\\/\"}]}<\/script>\n<!-- \/ Yoast SEO plugin. -->","yoast_head_json":{"title":"Kezlevdeki Han Camide Qurultay delegat\u0131, Q\u0131r\u0131m Nazirler \u015euras\u0131 reisi muavini Aziz Abdullayevni\u00f1 anas\u0131 Nuriye Acimamut vefat etkenini\u00f1 100-nci k\u00fcn\u00fc munasebetinen dua ke\u00e7irildi - \u041c\u0435\u0434\u0436\u043b\u0456\u0441","robots":{"index":"index","follow":"follow","max-snippet":"max-snippet:-1","max-image-preview":"max-image-preview:large","max-video-preview":"max-video-preview:-1"},"canonical":"https:\/\/qtmm.org\/qt\/kezlevdeki-han-camide-qurultay-delegati-qirim-nazirler-surasi-reisi-muavini-aziz-abdullayevnin-anasi-nuriye-acimamut-vefat-etkeninin-100-nci-kunu-munasebetinen-dua-kecirildi\/","og_locale":"en_US","og_type":"article","og_title":"Kezlevdeki Han Camide Qurultay delegat\u0131, Q\u0131r\u0131m Nazirler \u015euras\u0131 reisi muavini Aziz Abdullayevni\u00f1 anas\u0131 Nuriye Acimamut vefat etkenini\u00f1 100-nci k\u00fcn\u00fc munasebetinen dua ke\u00e7irildi - \u041c\u0435\u0434\u0436\u043b\u0456\u0441","og_description":"2012 senesi avgust 18 k\u00fcn\u00fc Ramazan ay\u0131n\u0131\u00f1 so\u00f1ki k\u00fcn\u00fc ve Oraza bayram arfesinde Kezlevde Han Camide Qurultay delegat\u0131, Q\u0131r\u0131m Nazirler \u015euras\u0131 reisi muavini Aziz Abdullayevni\u00f1 anas\u0131 Nuriye Acimamut q\u0131z\u0131 vefat etkenini\u00f1 100-nci k\u00fcn\u00fc munasebetinen dua ke\u00e7irildi. Adetimizge k\u00f6re Han Camide Nuriye Acimamut q\u0131z\u0131n\u0131\u00f1 ruhuna dua oquld\u0131 ve so\u00f1ra aq\u015fam namaz\u0131 q\u0131l\u0131nd\u0131. Aziz Abdullayev ve Kezlev [&hellip;]","og_url":"https:\/\/qtmm.org\/qt\/kezlevdeki-han-camide-qurultay-delegati-qirim-nazirler-surasi-reisi-muavini-aziz-abdullayevnin-anasi-nuriye-acimamut-vefat-etkeninin-100-nci-kunu-munasebetinen-dua-kecirildi\/","og_site_name":"\u041c\u0435\u0434\u0436\u043b\u0456\u0441","article_publisher":"https:\/\/www.facebook.com\/qtmm.info\/","article_published_time":"2012-08-18T20:45:00+00:00","article_modified_time":"2022-01-21T20:47:57+00:00","og_image":[{"width":650,"height":480,"url":"https:\/\/qtmm.org\/wp-content\/uploads\/2022\/01\/1_62.jpeg","type":"image\/jpeg"}],"author":"Developer","twitter_card":"summary_large_image","twitter_misc":{"Written by":"Developer","Est. reading time":"1 minute"},"schema":{"@context":"https:\/\/schema.org","@graph":[{"@type":"Article","@id":"https:\/\/qtmm.org\/qt\/kezlevdeki-han-camide-qurultay-delegati-qirim-nazirler-surasi-reisi-muavini-aziz-abdullayevnin-anasi-nuriye-acimamut-vefat-etkeninin-100-nci-kunu-munasebetinen-dua-kecirildi\/#article","isPartOf":{"@id":"https:\/\/qtmm.org\/qt\/kezlevdeki-han-camide-qurultay-delegati-qirim-nazirler-surasi-reisi-muavini-aziz-abdullayevnin-anasi-nuriye-acimamut-vefat-etkeninin-100-nci-kunu-munasebetinen-dua-kecirildi\/"},"author":{"name":"Developer","@id":"https:\/\/qtmm.org\/qt\/#\/schema\/person\/de562469f971dec226ac06e60bbf74a7"},"headline":"Kezlevdeki Han Camide Qurultay delegat\u0131, Q\u0131r\u0131m Nazirler \u015euras\u0131 reisi muavini Aziz Abdullayevni\u00f1 anas\u0131 Nuriye Acimamut vefat etkenini\u00f1 100-nci k\u00fcn\u00fc munasebetinen dua ke\u00e7irildi","datePublished":"2012-08-18T20:45:00+00:00","dateModified":"2022-01-21T20:47:57+00:00","mainEntityOfPage":{"@id":"https:\/\/qtmm.org\/qt\/kezlevdeki-han-camide-qurultay-delegati-qirim-nazirler-surasi-reisi-muavini-aziz-abdullayevnin-anasi-nuriye-acimamut-vefat-etkeninin-100-nci-kunu-munasebetinen-dua-kecirildi\/"},"wordCount":246,"commentCount":0,"publisher":{"@id":"https:\/\/qtmm.org\/qt\/#organization"},"image":{"@id":"https:\/\/qtmm.org\/qt\/kezlevdeki-han-camide-qurultay-delegati-qirim-nazirler-surasi-reisi-muavini-aziz-abdullayevnin-anasi-nuriye-acimamut-vefat-etkeninin-100-nci-kunu-munasebetinen-dua-kecirildi\/#primaryimage"},"thumbnailUrl":"https:\/\/qtmm.org\/wp-content\/uploads\/2022\/01\/1_62.jpeg","articleSection":["Haberler"],"inLanguage":"qt","potentialAction":[{"@type":"CommentAction","name":"Comment","target":["https:\/\/qtmm.org\/qt\/kezlevdeki-han-camide-qurultay-delegati-qirim-nazirler-surasi-reisi-muavini-aziz-abdullayevnin-anasi-nuriye-acimamut-vefat-etkeninin-100-nci-kunu-munasebetinen-dua-kecirildi\/#respond"]}]},{"@type":"WebPage","@id":"https:\/\/qtmm.org\/qt\/kezlevdeki-han-camide-qurultay-delegati-qirim-nazirler-surasi-reisi-muavini-aziz-abdullayevnin-anasi-nuriye-acimamut-vefat-etkeninin-100-nci-kunu-munasebetinen-dua-kecirildi\/","url":"https:\/\/qtmm.org\/qt\/kezlevdeki-han-camide-qurultay-delegati-qirim-nazirler-surasi-reisi-muavini-aziz-abdullayevnin-anasi-nuriye-acimamut-vefat-etkeninin-100-nci-kunu-munasebetinen-dua-kecirildi\/","name":"Kezlevdeki Han Camide Qurultay delegat\u0131, Q\u0131r\u0131m Nazirler \u015euras\u0131 reisi muavini Aziz Abdullayevni\u00f1 anas\u0131 Nuriye Acimamut vefat etkenini\u00f1 100-nci k\u00fcn\u00fc munasebetinen dua ke\u00e7irildi - \u041c\u0435\u0434\u0436\u043b\u0456\u0441","isPartOf":{"@id":"https:\/\/qtmm.org\/qt\/#website"},"primaryImageOfPage":{"@id":"https:\/\/qtmm.org\/qt\/kezlevdeki-han-camide-qurultay-delegati-qirim-nazirler-surasi-reisi-muavini-aziz-abdullayevnin-anasi-nuriye-acimamut-vefat-etkeninin-100-nci-kunu-munasebetinen-dua-kecirildi\/#primaryimage"},"image":{"@id":"https:\/\/qtmm.org\/qt\/kezlevdeki-han-camide-qurultay-delegati-qirim-nazirler-surasi-reisi-muavini-aziz-abdullayevnin-anasi-nuriye-acimamut-vefat-etkeninin-100-nci-kunu-munasebetinen-dua-kecirildi\/#primaryimage"},"thumbnailUrl":"https:\/\/qtmm.org\/wp-content\/uploads\/2022\/01\/1_62.jpeg","datePublished":"2012-08-18T20:45:00+00:00","dateModified":"2022-01-21T20:47:57+00:00","breadcrumb":{"@id":"https:\/\/qtmm.org\/qt\/kezlevdeki-han-camide-qurultay-delegati-qirim-nazirler-surasi-reisi-muavini-aziz-abdullayevnin-anasi-nuriye-acimamut-vefat-etkeninin-100-nci-kunu-munasebetinen-dua-kecirildi\/#breadcrumb"},"inLanguage":"qt","potentialAction":[{"@type":"ReadAction","target":["https:\/\/qtmm.org\/qt\/kezlevdeki-han-camide-qurultay-delegati-qirim-nazirler-surasi-reisi-muavini-aziz-abdullayevnin-anasi-nuriye-acimamut-vefat-etkeninin-100-nci-kunu-munasebetinen-dua-kecirildi\/"]}]},{"@type":"ImageObject","inLanguage":"qt","@id":"https:\/\/qtmm.org\/qt\/kezlevdeki-han-camide-qurultay-delegati-qirim-nazirler-surasi-reisi-muavini-aziz-abdullayevnin-anasi-nuriye-acimamut-vefat-etkeninin-100-nci-kunu-munasebetinen-dua-kecirildi\/#primaryimage","url":"https:\/\/qtmm.org\/wp-content\/uploads\/2022\/01\/1_62.jpeg","contentUrl":"https:\/\/qtmm.org\/wp-content\/uploads\/2022\/01\/1_62.jpeg","width":650,"height":480},{"@type":"BreadcrumbList","@id":"https:\/\/qtmm.org\/qt\/kezlevdeki-han-camide-qurultay-delegati-qirim-nazirler-surasi-reisi-muavini-aziz-abdullayevnin-anasi-nuriye-acimamut-vefat-etkeninin-100-nci-kunu-munasebetinen-dua-kecirildi\/#breadcrumb","itemListElement":[{"@type":"ListItem","position":1,"name":"\u0413\u043e\u043b\u043e\u0432\u043d\u0430","item":"https:\/\/qtmm.org\/qt\/"},{"@type":"ListItem","position":2,"name":"Kezlevdeki Han Camide Qurultay delegat\u0131, Q\u0131r\u0131m Nazirler \u015euras\u0131 reisi muavini Aziz Abdullayevni\u00f1 anas\u0131 Nuriye Acimamut vefat etkenini\u00f1 100-nci k\u00fcn\u00fc munasebetinen dua ke\u00e7irildi"}]},{"@type":"WebSite","@id":"https:\/\/qtmm.org\/qt\/#website","url":"https:\/\/qtmm.org\/qt\/","name":"\u041c\u0435\u0434\u0436\u043b\u0456\u0441","description":"","publisher":{"@id":"https:\/\/qtmm.org\/qt\/#organization"},"potentialAction":[{"@type":"SearchAction","target":{"@type":"EntryPoint","urlTemplate":"https:\/\/qtmm.org\/qt\/?s={search_term_string}"},"query-input":{"@type":"PropertyValueSpecification","valueRequired":true,"valueName":"search_term_string"}}],"inLanguage":"qt"},{"@type":"Organization","@id":"https:\/\/qtmm.org\/qt\/#organization","name":"\u041c\u0435\u0434\u0436\u043b\u0456\u0441","url":"https:\/\/qtmm.org\/qt\/","logo":{"@type":"ImageObject","inLanguage":"qt","@id":"https:\/\/qtmm.org\/qt\/#\/schema\/logo\/image\/","url":"https:\/\/qtmm.org\/wp-content\/uploads\/2024\/12\/ua-mejlis-logo-rgb.svg","contentUrl":"https:\/\/qtmm.org\/wp-content\/uploads\/2024\/12\/ua-mejlis-logo-rgb.svg","caption":"\u041c\u0435\u0434\u0436\u043b\u0456\u0441"},"image":{"@id":"https:\/\/qtmm.org\/qt\/#\/schema\/logo\/image\/"},"sameAs":["https:\/\/www.facebook.com\/qtmm.info\/"]},{"@type":"Person","@id":"https:\/\/qtmm.org\/qt\/#\/schema\/person\/de562469f971dec226ac06e60bbf74a7","name":"Developer","image":{"@type":"ImageObject","inLanguage":"qt","@id":"https:\/\/secure.gravatar.com\/avatar\/392b4cc8fbfeb00b39dfeeab4ee6edded39ffd48e25858637e4765810300227e?s=96&d=mm&r=g","url":"https:\/\/secure.gravatar.com\/avatar\/392b4cc8fbfeb00b39dfeeab4ee6edded39ffd48e25858637e4765810300227e?s=96&d=mm&r=g","contentUrl":"https:\/\/secure.gravatar.com\/avatar\/392b4cc8fbfeb00b39dfeeab4ee6edded39ffd48e25858637e4765810300227e?s=96&d=mm&r=g","caption":"Developer"},"url":"https:\/\/qtmm.org\/qt\/author\/Developer\/"}]}},"_links":{"self":[{"href":"https:\/\/qtmm.org\/qt\/wp-json\/wp\/v2\/posts\/33162","targetHints":{"allow":["GET"]}}],"collection":[{"href":"https:\/\/qtmm.org\/qt\/wp-json\/wp\/v2\/posts"}],"about":[{"href":"https:\/\/qtmm.org\/qt\/wp-json\/wp\/v2\/types\/post"}],"author":[{"embeddable":true,"href":"https:\/\/qtmm.org\/qt\/wp-json\/wp\/v2\/users\/1"}],"replies":[{"embeddable":true,"href":"https:\/\/qtmm.org\/qt\/wp-json\/wp\/v2\/comments?post=33162"}],"version-history":[{"count":1,"href":"https:\/\/qtmm.org\/qt\/wp-json\/wp\/v2\/posts\/33162\/revisions"}],"predecessor-version":[{"id":33192,"href":"https:\/\/qtmm.org\/qt\/wp-json\/wp\/v2\/posts\/33162\/revisions\/33192"}],"wp:featuredmedia":[{"embeddable":true,"href":"https:\/\/qtmm.org\/qt\/wp-json\/wp\/v2\/media\/33164"}],"wp:attachment":[{"href":"https:\/\/qtmm.org\/qt\/wp-json\/wp\/v2\/media?parent=33162"}],"wp:term":[{"taxonomy":"category","embeddable":true,"href":"https:\/\/qtmm.org\/qt\/wp-json\/wp\/v2\/categories?post=33162"},{"taxonomy":"post_tag","embeddable":true,"href":"https:\/\/qtmm.org\/qt\/wp-json\/wp\/v2\/tags?post=33162"}],"curies":[{"name":"wp","href":"https:\/\/api.w.org\/{rel}","templated":true}]}}