




{"id":33114,"date":"2012-08-18T23:43:00","date_gmt":"2012-08-18T20:43:00","guid":{"rendered":"http:\/\/qtmm.org\/?p=33114"},"modified":"2022-01-21T23:45:36","modified_gmt":"2022-01-21T20:45:36","slug":"men-balalarim-icun-yasayim-ve-zorluqlar-ogunde-egilmege-aqqim-yoqtir-dey-zalina-useinova","status":"publish","type":"post","link":"https:\/\/qtmm.org\/qt\/men-balalarim-icun-yasayim-ve-zorluqlar-ogunde-egilmege-aqqim-yoqtir-dey-zalina-useinova\/","title":{"rendered":"\u00abMen balalar\u0131m i\u00e7\u00fcn ya\u015fay\u0131m ve zorluqlar \u00f6g\u00fcnde egilmege aqq\u0131m yoqt\u0131r\u00bb, &#8211; dey Zalina \u00dcseinova"},"content":{"rendered":"\n<p>Oraza Bayram arfesinde 2012 senesi avgust 18 k\u00fcn\u00fc Meclis reisi, Ukraina halq deputat\u0131 Mustafa Cemilev Saq rayon\u0131n\u0131\u00f1 Suvorovskoye k\u00f6y\u00fcnde ya\u015fa\u011fan \u00fc\u00e7 egiz balalar \u2013 Edem, Safiye ve Leniyeni\u00f1 anas\u0131 30 ya\u015fl\u0131 Zalina \u00dcseinovan\u0131\u00f1 ailesini ziyaret etti.<\/p>\n\n\n\n<p>Mustafa Cemilevni\u00f1 Zalina \u00dcseinovan\u0131 b\u00f6yle g\u00fczel balalarn\u0131 do\u011fur\u011fan\u0131, ana-babas\u0131n\u0131\u00f1 yard\u0131m\u0131 sayesinde a\u011f\u0131r devirni artta qald\u0131r\u0131p, balalar\u0131nen beraber evge esen-aman qaytqan\u0131nen hay\u0131rlavlar\u0131na Saq regional meclis reisi Zevcet Qurt\u00fcmerov, Qurultay Tefti\u015f komissiyas\u0131n\u0131\u00f1 reisi Qurtseit Abdullayev, Saq rayon \u015furas\u0131n\u0131\u00f1 deputatlar\u0131 Eskender Bil\u00e2lov ve Dil\u00e2ver Seithalilov da qo\u015fuld\u0131lar.<\/p>\n\n\n\n<figure class=\"wp-block-image size-full\"><img loading=\"lazy\" decoding=\"async\" width=\"650\" height=\"450\" src=\"http:\/\/qtmm.org\/wp-content\/uploads\/2022\/01\/img_0151.jpeg\" alt=\"\" class=\"wp-image-33119\" srcset=\"https:\/\/qtmm.org\/wp-content\/uploads\/2022\/01\/img_0151.jpeg 650w, https:\/\/qtmm.org\/wp-content\/uploads\/2022\/01\/img_0151-300x208.jpeg 300w\" sizes=\"auto, (max-width: 650px) 100vw, 650px\" \/><\/figure>\n\n\n\n<p>Musafirler bo\u015f qollar\u0131nen kelmediler. Olar balalar\u011fa ve analar\u0131na \u00fc\u00e7 yerli o\u00f1aytl\u0131 araba\u00e7\u0131q ve daa \u00e7oq kerekli \u015feylerni ba\u011f\u0131\u015flad\u0131lar.<\/p>\n\n\n\n<p>Mustafa Cemilev ve Zevcet Qurt\u00fcmerov \u015fahsen Safiye ve Leniye q\u0131z\u00e7\u0131qlar i\u00e7\u00fcn Quran ketirdiler.<\/p>\n\n\n\n<figure class=\"wp-block-image size-full\"><img loading=\"lazy\" decoding=\"async\" width=\"650\" height=\"410\" src=\"http:\/\/qtmm.org\/wp-content\/uploads\/2022\/01\/img_0157.jpeg\" alt=\"\" class=\"wp-image-33124\" srcset=\"https:\/\/qtmm.org\/wp-content\/uploads\/2022\/01\/img_0157.jpeg 650w, https:\/\/qtmm.org\/wp-content\/uploads\/2022\/01\/img_0157-300x189.jpeg 300w\" sizes=\"auto, (max-width: 650px) 100vw, 650px\" \/><\/figure>\n\n\n\n<p>Balalar 2011 senesi avgust 26 k\u00fcn\u00fc yedi ayl\u0131q ol\u0131p do\u011fd\u0131lar. Birinci Edem d\u00fcnya y\u00fcz\u00fcni k\u00f6rdi, so\u00f1ra Leniye ve birazdan Safiye do\u011fd\u0131. &#8220;Bir qa\u00e7 k\u00fcnden biz balalarn\u0131\u00f1 bir ya\u015f\u0131n\u0131 qayd etecekmiz. \u015e\u00fck\u00fcrler olsun, balalar sa\u011flam, yah\u015f\u0131 \u00f6seler&#8221;, &#8211; dedi balalarn\u0131\u00f1 bitas\u0131 Zulfira \u0130braimova.<\/p>\n\n\n\n<figure class=\"wp-block-image size-full\"><img loading=\"lazy\" decoding=\"async\" width=\"650\" height=\"389\" src=\"http:\/\/qtmm.org\/wp-content\/uploads\/2022\/01\/img_0158_2.jpeg\" alt=\"\" class=\"wp-image-33128\" srcset=\"https:\/\/qtmm.org\/wp-content\/uploads\/2022\/01\/img_0158_2.jpeg 650w, https:\/\/qtmm.org\/wp-content\/uploads\/2022\/01\/img_0158_2-300x180.jpeg 300w\" sizes=\"auto, (max-width: 650px) 100vw, 650px\" \/><\/figure>\n\n\n\n<p>Zalina \u00dcseinovan\u0131\u00f1 kendisi, ba\u015f\u0131na t\u00fc\u015fken q\u0131y\u0131nl\u0131qlar\u011fa baqmadan \u00f6z\u00fcne kelip ba\u015flad\u0131. \u015eimdilik o\u00f1a y\u00fcrmek zor ve o, k\u00fcnde pek \u00e7oq il\u00e2c i\u00e7mek zorunda. L\u00e2kin bu ces\u00fcr qad\u0131n Y\u00fcce Alla\u011fa \u015f\u00fck\u00fcrler ayt\u0131p, daima on\u0131\u00f1 yan\u0131nda bulun\u011fan ana-babas\u0131na ve a\u011f\u0131r k\u00fcnlerde yard\u0131m elini uzatqanlarn\u0131\u00f1 episine te\u015fekk\u00fcrler bildire.<\/p>\n\n\n\n<figure class=\"wp-block-image size-full\"><img loading=\"lazy\" decoding=\"async\" width=\"650\" height=\"390\" src=\"http:\/\/qtmm.org\/wp-content\/uploads\/2022\/01\/img_0163.jpeg\" alt=\"\" class=\"wp-image-33133\" srcset=\"https:\/\/qtmm.org\/wp-content\/uploads\/2022\/01\/img_0163.jpeg 650w, https:\/\/qtmm.org\/wp-content\/uploads\/2022\/01\/img_0163-300x180.jpeg 300w\" sizes=\"auto, (max-width: 650px) 100vw, 650px\" \/><\/figure>\n\n\n\n<p>&#8220;Men balalar\u0131m i\u00e7\u00fcn ya\u015fay\u0131m ve bilem ki, q\u0131y\u0131nl\u0131qlar \u00f6g\u00fcnde egilmege aqq\u0131m yoqt\u0131r&#8221; &#8211; dedi Zalina musafirlerge. Ayn\u0131 zamanda Zalina ve on\u0131\u00f1 soylar\u0131 adalet tiklenmesine inanalar. Do\u011fumdan so\u00f1 ekimlerni\u00f1 diqqats\u0131zl\u0131\u011f\u0131 neticesinde 4 litr qan coy\u011fan\u0131 aqibetinde fel\u00e7ke o\u011frad\u0131 ve eki ay reanimatsiyada yatt\u0131. Bu\u00f1a sebep\u00e7i ol\u011fanlarn\u0131\u00f1 episi cevapqa \u00e7ekilmeliler.<\/p>\n\n\n\n<figure class=\"wp-block-image size-full\"><img loading=\"lazy\" decoding=\"async\" width=\"650\" height=\"425\" src=\"http:\/\/qtmm.org\/wp-content\/uploads\/2022\/01\/img_0175.jpeg\" alt=\"\" class=\"wp-image-33137\" srcset=\"https:\/\/qtmm.org\/wp-content\/uploads\/2022\/01\/img_0175.jpeg 650w, https:\/\/qtmm.org\/wp-content\/uploads\/2022\/01\/img_0175-300x196.jpeg 300w\" sizes=\"auto, (max-width: 650px) 100vw, 650px\" \/><\/figure>\n\n\n\n<p>Meclis reisi Mustafa Cemilev Zalina \u00dcseinova, on\u0131\u00f1 balalar\u0131 ve merhametli ana-babas\u0131na sa\u011fl\u0131q, baht ve k\u00fc\u00e7-quvet tiledi. &#8220;Bizim borcum\u0131z sa\u011flam ve bahtl\u0131 evl\u00e2t \u00f6st\u00fcrmek, zorluqlarn\u0131 ye\u00f1mektir&#8221;.<\/p>\n\n\n\n<p>Musafirler aileni keleyatqan Oraza bayram ile hay\u0131rlad\u0131lar.<\/p>\n\n\n\n<figure class=\"wp-block-image size-full\"><img loading=\"lazy\" decoding=\"async\" width=\"650\" height=\"390\" src=\"http:\/\/qtmm.org\/wp-content\/uploads\/2022\/01\/img_0178.jpeg\" alt=\"\" class=\"wp-image-33148\" srcset=\"https:\/\/qtmm.org\/wp-content\/uploads\/2022\/01\/img_0178.jpeg 650w, https:\/\/qtmm.org\/wp-content\/uploads\/2022\/01\/img_0178-300x180.jpeg 300w\" sizes=\"auto, (max-width: 650px) 100vw, 650px\" \/><\/figure>\n\n\n\n<figure class=\"wp-block-image size-full\"><img loading=\"lazy\" decoding=\"async\" width=\"650\" height=\"350\" src=\"http:\/\/qtmm.org\/wp-content\/uploads\/2022\/01\/img_0179.jpeg\" alt=\"\" class=\"wp-image-33153\" srcset=\"https:\/\/qtmm.org\/wp-content\/uploads\/2022\/01\/img_0179.jpeg 650w, https:\/\/qtmm.org\/wp-content\/uploads\/2022\/01\/img_0179-300x162.jpeg 300w\" sizes=\"auto, (max-width: 650px) 100vw, 650px\" \/><\/figure>\n","protected":false},"excerpt":{"rendered":"<p>Oraza Bayram arfesinde 2012 senesi avgust 18 k\u00fcn\u00fc Meclis reisi, Ukraina halq deputat\u0131 Mustafa Cemilev Saq rayon\u0131n\u0131\u00f1 Suvorovskoye k\u00f6y\u00fcnde ya\u015fa\u011fan \u00fc\u00e7 egiz balalar \u2013 Edem, Safiye ve Leniyeni\u00f1 anas\u0131 30 ya\u015fl\u0131 Zalina \u00dcseinovan\u0131\u00f1 ailesini ziyaret etti. Mustafa Cemilevni\u00f1 Zalina \u00dcseinovan\u0131 b\u00f6yle g\u00fczel balalarn\u0131 do\u011fur\u011fan\u0131, ana-babas\u0131n\u0131\u00f1 yard\u0131m\u0131 sayesinde a\u011f\u0131r devirni artta qald\u0131r\u0131p, balalar\u0131nen beraber evge esen-aman [&hellip;]<\/p>\n","protected":false},"author":1,"featured_media":33115,"comment_status":"open","ping_status":"open","sticky":false,"template":"","format":"standard","meta":{"inline_featured_image":false,"footnotes":""},"categories":[265],"tags":[],"class_list":["post-33114","post","type-post","status-publish","format-standard","has-post-thumbnail","hentry","category-haberler"],"acf":[],"yoast_head":"<!-- This site is optimized with the Yoast SEO plugin v27.4 - https:\/\/yoast.com\/product\/yoast-seo-wordpress\/ -->\n<title>\u00abMen balalar\u0131m i\u00e7\u00fcn ya\u015fay\u0131m ve zorluqlar \u00f6g\u00fcnde egilmege aqq\u0131m yoqt\u0131r\u00bb, - dey Zalina \u00dcseinova - \u041c\u0435\u0434\u0436\u043b\u0456\u0441<\/title>\n<meta name=\"robots\" content=\"index, follow, max-snippet:-1, max-image-preview:large, max-video-preview:-1\" \/>\n<link rel=\"canonical\" href=\"https:\/\/qtmm.org\/qt\/men-balalarim-icun-yasayim-ve-zorluqlar-ogunde-egilmege-aqqim-yoqtir-dey-zalina-useinova\/\" \/>\n<meta property=\"og:locale\" content=\"en_US\" \/>\n<meta property=\"og:type\" content=\"article\" \/>\n<meta property=\"og:title\" content=\"\u00abMen balalar\u0131m i\u00e7\u00fcn ya\u015fay\u0131m ve zorluqlar \u00f6g\u00fcnde egilmege aqq\u0131m yoqt\u0131r\u00bb, - dey Zalina \u00dcseinova - \u041c\u0435\u0434\u0436\u043b\u0456\u0441\" \/>\n<meta property=\"og:description\" content=\"Oraza Bayram arfesinde 2012 senesi avgust 18 k\u00fcn\u00fc Meclis reisi, Ukraina halq deputat\u0131 Mustafa Cemilev Saq rayon\u0131n\u0131\u00f1 Suvorovskoye k\u00f6y\u00fcnde ya\u015fa\u011fan \u00fc\u00e7 egiz balalar \u2013 Edem, Safiye ve Leniyeni\u00f1 anas\u0131 30 ya\u015fl\u0131 Zalina \u00dcseinovan\u0131\u00f1 ailesini ziyaret etti. Mustafa Cemilevni\u00f1 Zalina \u00dcseinovan\u0131 b\u00f6yle g\u00fczel balalarn\u0131 do\u011fur\u011fan\u0131, ana-babas\u0131n\u0131\u00f1 yard\u0131m\u0131 sayesinde a\u011f\u0131r devirni artta qald\u0131r\u0131p, balalar\u0131nen beraber evge esen-aman [&hellip;]\" \/>\n<meta property=\"og:url\" content=\"https:\/\/qtmm.org\/qt\/men-balalarim-icun-yasayim-ve-zorluqlar-ogunde-egilmege-aqqim-yoqtir-dey-zalina-useinova\/\" \/>\n<meta property=\"og:site_name\" content=\"\u041c\u0435\u0434\u0436\u043b\u0456\u0441\" \/>\n<meta property=\"article:publisher\" content=\"https:\/\/www.facebook.com\/qtmm.info\/\" \/>\n<meta property=\"article:published_time\" content=\"2012-08-18T20:43:00+00:00\" \/>\n<meta property=\"article:modified_time\" content=\"2022-01-21T20:45:36+00:00\" \/>\n<meta property=\"og:image\" content=\"https:\/\/qtmm.org\/wp-content\/uploads\/2022\/01\/img_0149.jpeg\" \/>\n\t<meta property=\"og:image:width\" content=\"650\" \/>\n\t<meta property=\"og:image:height\" content=\"385\" \/>\n\t<meta property=\"og:image:type\" content=\"image\/jpeg\" \/>\n<meta name=\"author\" content=\"Developer\" \/>\n<meta name=\"twitter:card\" content=\"summary_large_image\" \/>\n<meta name=\"twitter:label1\" content=\"Written by\" \/>\n\t<meta name=\"twitter:data1\" content=\"Developer\" \/>\n\t<meta name=\"twitter:label2\" content=\"Est. reading time\" \/>\n\t<meta name=\"twitter:data2\" content=\"2 minutes\" \/>\n<script type=\"application\/ld+json\" class=\"yoast-schema-graph\">{\"@context\":\"https:\\\/\\\/schema.org\",\"@graph\":[{\"@type\":\"Article\",\"@id\":\"https:\\\/\\\/qtmm.org\\\/qt\\\/men-balalarim-icun-yasayim-ve-zorluqlar-ogunde-egilmege-aqqim-yoqtir-dey-zalina-useinova\\\/#article\",\"isPartOf\":{\"@id\":\"https:\\\/\\\/qtmm.org\\\/qt\\\/men-balalarim-icun-yasayim-ve-zorluqlar-ogunde-egilmege-aqqim-yoqtir-dey-zalina-useinova\\\/\"},\"author\":{\"name\":\"Developer\",\"@id\":\"https:\\\/\\\/qtmm.org\\\/qt\\\/#\\\/schema\\\/person\\\/de562469f971dec226ac06e60bbf74a7\"},\"headline\":\"\u00abMen balalar\u0131m i\u00e7\u00fcn ya\u015fay\u0131m ve zorluqlar \u00f6g\u00fcnde egilmege aqq\u0131m yoqt\u0131r\u00bb, &#8211; dey Zalina \u00dcseinova\",\"datePublished\":\"2012-08-18T20:43:00+00:00\",\"dateModified\":\"2022-01-21T20:45:36+00:00\",\"mainEntityOfPage\":{\"@id\":\"https:\\\/\\\/qtmm.org\\\/qt\\\/men-balalarim-icun-yasayim-ve-zorluqlar-ogunde-egilmege-aqqim-yoqtir-dey-zalina-useinova\\\/\"},\"wordCount\":399,\"commentCount\":0,\"publisher\":{\"@id\":\"https:\\\/\\\/qtmm.org\\\/qt\\\/#organization\"},\"image\":{\"@id\":\"https:\\\/\\\/qtmm.org\\\/qt\\\/men-balalarim-icun-yasayim-ve-zorluqlar-ogunde-egilmege-aqqim-yoqtir-dey-zalina-useinova\\\/#primaryimage\"},\"thumbnailUrl\":\"https:\\\/\\\/qtmm.org\\\/wp-content\\\/uploads\\\/2022\\\/01\\\/img_0149.jpeg\",\"articleSection\":[\"Haberler\"],\"inLanguage\":\"qt\",\"potentialAction\":[{\"@type\":\"CommentAction\",\"name\":\"Comment\",\"target\":[\"https:\\\/\\\/qtmm.org\\\/qt\\\/men-balalarim-icun-yasayim-ve-zorluqlar-ogunde-egilmege-aqqim-yoqtir-dey-zalina-useinova\\\/#respond\"]}]},{\"@type\":\"WebPage\",\"@id\":\"https:\\\/\\\/qtmm.org\\\/qt\\\/men-balalarim-icun-yasayim-ve-zorluqlar-ogunde-egilmege-aqqim-yoqtir-dey-zalina-useinova\\\/\",\"url\":\"https:\\\/\\\/qtmm.org\\\/qt\\\/men-balalarim-icun-yasayim-ve-zorluqlar-ogunde-egilmege-aqqim-yoqtir-dey-zalina-useinova\\\/\",\"name\":\"\u00abMen balalar\u0131m i\u00e7\u00fcn ya\u015fay\u0131m ve zorluqlar \u00f6g\u00fcnde egilmege aqq\u0131m yoqt\u0131r\u00bb, - dey Zalina \u00dcseinova - \u041c\u0435\u0434\u0436\u043b\u0456\u0441\",\"isPartOf\":{\"@id\":\"https:\\\/\\\/qtmm.org\\\/qt\\\/#website\"},\"primaryImageOfPage\":{\"@id\":\"https:\\\/\\\/qtmm.org\\\/qt\\\/men-balalarim-icun-yasayim-ve-zorluqlar-ogunde-egilmege-aqqim-yoqtir-dey-zalina-useinova\\\/#primaryimage\"},\"image\":{\"@id\":\"https:\\\/\\\/qtmm.org\\\/qt\\\/men-balalarim-icun-yasayim-ve-zorluqlar-ogunde-egilmege-aqqim-yoqtir-dey-zalina-useinova\\\/#primaryimage\"},\"thumbnailUrl\":\"https:\\\/\\\/qtmm.org\\\/wp-content\\\/uploads\\\/2022\\\/01\\\/img_0149.jpeg\",\"datePublished\":\"2012-08-18T20:43:00+00:00\",\"dateModified\":\"2022-01-21T20:45:36+00:00\",\"breadcrumb\":{\"@id\":\"https:\\\/\\\/qtmm.org\\\/qt\\\/men-balalarim-icun-yasayim-ve-zorluqlar-ogunde-egilmege-aqqim-yoqtir-dey-zalina-useinova\\\/#breadcrumb\"},\"inLanguage\":\"qt\",\"potentialAction\":[{\"@type\":\"ReadAction\",\"target\":[\"https:\\\/\\\/qtmm.org\\\/qt\\\/men-balalarim-icun-yasayim-ve-zorluqlar-ogunde-egilmege-aqqim-yoqtir-dey-zalina-useinova\\\/\"]}]},{\"@type\":\"ImageObject\",\"inLanguage\":\"qt\",\"@id\":\"https:\\\/\\\/qtmm.org\\\/qt\\\/men-balalarim-icun-yasayim-ve-zorluqlar-ogunde-egilmege-aqqim-yoqtir-dey-zalina-useinova\\\/#primaryimage\",\"url\":\"https:\\\/\\\/qtmm.org\\\/wp-content\\\/uploads\\\/2022\\\/01\\\/img_0149.jpeg\",\"contentUrl\":\"https:\\\/\\\/qtmm.org\\\/wp-content\\\/uploads\\\/2022\\\/01\\\/img_0149.jpeg\",\"width\":650,\"height\":385},{\"@type\":\"BreadcrumbList\",\"@id\":\"https:\\\/\\\/qtmm.org\\\/qt\\\/men-balalarim-icun-yasayim-ve-zorluqlar-ogunde-egilmege-aqqim-yoqtir-dey-zalina-useinova\\\/#breadcrumb\",\"itemListElement\":[{\"@type\":\"ListItem\",\"position\":1,\"name\":\"\u0413\u043e\u043b\u043e\u0432\u043d\u0430\",\"item\":\"https:\\\/\\\/qtmm.org\\\/qt\\\/\"},{\"@type\":\"ListItem\",\"position\":2,\"name\":\"\u00abMen balalar\u0131m i\u00e7\u00fcn ya\u015fay\u0131m ve zorluqlar \u00f6g\u00fcnde egilmege aqq\u0131m yoqt\u0131r\u00bb, &#8211; dey Zalina \u00dcseinova\"}]},{\"@type\":\"WebSite\",\"@id\":\"https:\\\/\\\/qtmm.org\\\/qt\\\/#website\",\"url\":\"https:\\\/\\\/qtmm.org\\\/qt\\\/\",\"name\":\"\u041c\u0435\u0434\u0436\u043b\u0456\u0441\",\"description\":\"\",\"publisher\":{\"@id\":\"https:\\\/\\\/qtmm.org\\\/qt\\\/#organization\"},\"potentialAction\":[{\"@type\":\"SearchAction\",\"target\":{\"@type\":\"EntryPoint\",\"urlTemplate\":\"https:\\\/\\\/qtmm.org\\\/qt\\\/?s={search_term_string}\"},\"query-input\":{\"@type\":\"PropertyValueSpecification\",\"valueRequired\":true,\"valueName\":\"search_term_string\"}}],\"inLanguage\":\"qt\"},{\"@type\":\"Organization\",\"@id\":\"https:\\\/\\\/qtmm.org\\\/qt\\\/#organization\",\"name\":\"\u041c\u0435\u0434\u0436\u043b\u0456\u0441\",\"url\":\"https:\\\/\\\/qtmm.org\\\/qt\\\/\",\"logo\":{\"@type\":\"ImageObject\",\"inLanguage\":\"qt\",\"@id\":\"https:\\\/\\\/qtmm.org\\\/qt\\\/#\\\/schema\\\/logo\\\/image\\\/\",\"url\":\"https:\\\/\\\/qtmm.org\\\/wp-content\\\/uploads\\\/2024\\\/12\\\/ua-mejlis-logo-rgb.svg\",\"contentUrl\":\"https:\\\/\\\/qtmm.org\\\/wp-content\\\/uploads\\\/2024\\\/12\\\/ua-mejlis-logo-rgb.svg\",\"caption\":\"\u041c\u0435\u0434\u0436\u043b\u0456\u0441\"},\"image\":{\"@id\":\"https:\\\/\\\/qtmm.org\\\/qt\\\/#\\\/schema\\\/logo\\\/image\\\/\"},\"sameAs\":[\"https:\\\/\\\/www.facebook.com\\\/qtmm.info\\\/\"]},{\"@type\":\"Person\",\"@id\":\"https:\\\/\\\/qtmm.org\\\/qt\\\/#\\\/schema\\\/person\\\/de562469f971dec226ac06e60bbf74a7\",\"name\":\"Developer\",\"image\":{\"@type\":\"ImageObject\",\"inLanguage\":\"qt\",\"@id\":\"https:\\\/\\\/secure.gravatar.com\\\/avatar\\\/392b4cc8fbfeb00b39dfeeab4ee6edded39ffd48e25858637e4765810300227e?s=96&d=mm&r=g\",\"url\":\"https:\\\/\\\/secure.gravatar.com\\\/avatar\\\/392b4cc8fbfeb00b39dfeeab4ee6edded39ffd48e25858637e4765810300227e?s=96&d=mm&r=g\",\"contentUrl\":\"https:\\\/\\\/secure.gravatar.com\\\/avatar\\\/392b4cc8fbfeb00b39dfeeab4ee6edded39ffd48e25858637e4765810300227e?s=96&d=mm&r=g\",\"caption\":\"Developer\"},\"url\":\"https:\\\/\\\/qtmm.org\\\/qt\\\/author\\\/Developer\\\/\"}]}<\/script>\n<!-- \/ Yoast SEO plugin. -->","yoast_head_json":{"title":"\u00abMen balalar\u0131m i\u00e7\u00fcn ya\u015fay\u0131m ve zorluqlar \u00f6g\u00fcnde egilmege aqq\u0131m yoqt\u0131r\u00bb, - dey Zalina \u00dcseinova - \u041c\u0435\u0434\u0436\u043b\u0456\u0441","robots":{"index":"index","follow":"follow","max-snippet":"max-snippet:-1","max-image-preview":"max-image-preview:large","max-video-preview":"max-video-preview:-1"},"canonical":"https:\/\/qtmm.org\/qt\/men-balalarim-icun-yasayim-ve-zorluqlar-ogunde-egilmege-aqqim-yoqtir-dey-zalina-useinova\/","og_locale":"en_US","og_type":"article","og_title":"\u00abMen balalar\u0131m i\u00e7\u00fcn ya\u015fay\u0131m ve zorluqlar \u00f6g\u00fcnde egilmege aqq\u0131m yoqt\u0131r\u00bb, - dey Zalina \u00dcseinova - \u041c\u0435\u0434\u0436\u043b\u0456\u0441","og_description":"Oraza Bayram arfesinde 2012 senesi avgust 18 k\u00fcn\u00fc Meclis reisi, Ukraina halq deputat\u0131 Mustafa Cemilev Saq rayon\u0131n\u0131\u00f1 Suvorovskoye k\u00f6y\u00fcnde ya\u015fa\u011fan \u00fc\u00e7 egiz balalar \u2013 Edem, Safiye ve Leniyeni\u00f1 anas\u0131 30 ya\u015fl\u0131 Zalina \u00dcseinovan\u0131\u00f1 ailesini ziyaret etti. Mustafa Cemilevni\u00f1 Zalina \u00dcseinovan\u0131 b\u00f6yle g\u00fczel balalarn\u0131 do\u011fur\u011fan\u0131, ana-babas\u0131n\u0131\u00f1 yard\u0131m\u0131 sayesinde a\u011f\u0131r devirni artta qald\u0131r\u0131p, balalar\u0131nen beraber evge esen-aman [&hellip;]","og_url":"https:\/\/qtmm.org\/qt\/men-balalarim-icun-yasayim-ve-zorluqlar-ogunde-egilmege-aqqim-yoqtir-dey-zalina-useinova\/","og_site_name":"\u041c\u0435\u0434\u0436\u043b\u0456\u0441","article_publisher":"https:\/\/www.facebook.com\/qtmm.info\/","article_published_time":"2012-08-18T20:43:00+00:00","article_modified_time":"2022-01-21T20:45:36+00:00","og_image":[{"width":650,"height":385,"url":"https:\/\/qtmm.org\/wp-content\/uploads\/2022\/01\/img_0149.jpeg","type":"image\/jpeg"}],"author":"Developer","twitter_card":"summary_large_image","twitter_misc":{"Written by":"Developer","Est. reading time":"2 minutes"},"schema":{"@context":"https:\/\/schema.org","@graph":[{"@type":"Article","@id":"https:\/\/qtmm.org\/qt\/men-balalarim-icun-yasayim-ve-zorluqlar-ogunde-egilmege-aqqim-yoqtir-dey-zalina-useinova\/#article","isPartOf":{"@id":"https:\/\/qtmm.org\/qt\/men-balalarim-icun-yasayim-ve-zorluqlar-ogunde-egilmege-aqqim-yoqtir-dey-zalina-useinova\/"},"author":{"name":"Developer","@id":"https:\/\/qtmm.org\/qt\/#\/schema\/person\/de562469f971dec226ac06e60bbf74a7"},"headline":"\u00abMen balalar\u0131m i\u00e7\u00fcn ya\u015fay\u0131m ve zorluqlar \u00f6g\u00fcnde egilmege aqq\u0131m yoqt\u0131r\u00bb, &#8211; dey Zalina \u00dcseinova","datePublished":"2012-08-18T20:43:00+00:00","dateModified":"2022-01-21T20:45:36+00:00","mainEntityOfPage":{"@id":"https:\/\/qtmm.org\/qt\/men-balalarim-icun-yasayim-ve-zorluqlar-ogunde-egilmege-aqqim-yoqtir-dey-zalina-useinova\/"},"wordCount":399,"commentCount":0,"publisher":{"@id":"https:\/\/qtmm.org\/qt\/#organization"},"image":{"@id":"https:\/\/qtmm.org\/qt\/men-balalarim-icun-yasayim-ve-zorluqlar-ogunde-egilmege-aqqim-yoqtir-dey-zalina-useinova\/#primaryimage"},"thumbnailUrl":"https:\/\/qtmm.org\/wp-content\/uploads\/2022\/01\/img_0149.jpeg","articleSection":["Haberler"],"inLanguage":"qt","potentialAction":[{"@type":"CommentAction","name":"Comment","target":["https:\/\/qtmm.org\/qt\/men-balalarim-icun-yasayim-ve-zorluqlar-ogunde-egilmege-aqqim-yoqtir-dey-zalina-useinova\/#respond"]}]},{"@type":"WebPage","@id":"https:\/\/qtmm.org\/qt\/men-balalarim-icun-yasayim-ve-zorluqlar-ogunde-egilmege-aqqim-yoqtir-dey-zalina-useinova\/","url":"https:\/\/qtmm.org\/qt\/men-balalarim-icun-yasayim-ve-zorluqlar-ogunde-egilmege-aqqim-yoqtir-dey-zalina-useinova\/","name":"\u00abMen balalar\u0131m i\u00e7\u00fcn ya\u015fay\u0131m ve zorluqlar \u00f6g\u00fcnde egilmege aqq\u0131m yoqt\u0131r\u00bb, - dey Zalina \u00dcseinova - \u041c\u0435\u0434\u0436\u043b\u0456\u0441","isPartOf":{"@id":"https:\/\/qtmm.org\/qt\/#website"},"primaryImageOfPage":{"@id":"https:\/\/qtmm.org\/qt\/men-balalarim-icun-yasayim-ve-zorluqlar-ogunde-egilmege-aqqim-yoqtir-dey-zalina-useinova\/#primaryimage"},"image":{"@id":"https:\/\/qtmm.org\/qt\/men-balalarim-icun-yasayim-ve-zorluqlar-ogunde-egilmege-aqqim-yoqtir-dey-zalina-useinova\/#primaryimage"},"thumbnailUrl":"https:\/\/qtmm.org\/wp-content\/uploads\/2022\/01\/img_0149.jpeg","datePublished":"2012-08-18T20:43:00+00:00","dateModified":"2022-01-21T20:45:36+00:00","breadcrumb":{"@id":"https:\/\/qtmm.org\/qt\/men-balalarim-icun-yasayim-ve-zorluqlar-ogunde-egilmege-aqqim-yoqtir-dey-zalina-useinova\/#breadcrumb"},"inLanguage":"qt","potentialAction":[{"@type":"ReadAction","target":["https:\/\/qtmm.org\/qt\/men-balalarim-icun-yasayim-ve-zorluqlar-ogunde-egilmege-aqqim-yoqtir-dey-zalina-useinova\/"]}]},{"@type":"ImageObject","inLanguage":"qt","@id":"https:\/\/qtmm.org\/qt\/men-balalarim-icun-yasayim-ve-zorluqlar-ogunde-egilmege-aqqim-yoqtir-dey-zalina-useinova\/#primaryimage","url":"https:\/\/qtmm.org\/wp-content\/uploads\/2022\/01\/img_0149.jpeg","contentUrl":"https:\/\/qtmm.org\/wp-content\/uploads\/2022\/01\/img_0149.jpeg","width":650,"height":385},{"@type":"BreadcrumbList","@id":"https:\/\/qtmm.org\/qt\/men-balalarim-icun-yasayim-ve-zorluqlar-ogunde-egilmege-aqqim-yoqtir-dey-zalina-useinova\/#breadcrumb","itemListElement":[{"@type":"ListItem","position":1,"name":"\u0413\u043e\u043b\u043e\u0432\u043d\u0430","item":"https:\/\/qtmm.org\/qt\/"},{"@type":"ListItem","position":2,"name":"\u00abMen balalar\u0131m i\u00e7\u00fcn ya\u015fay\u0131m ve zorluqlar \u00f6g\u00fcnde egilmege aqq\u0131m yoqt\u0131r\u00bb, &#8211; dey Zalina \u00dcseinova"}]},{"@type":"WebSite","@id":"https:\/\/qtmm.org\/qt\/#website","url":"https:\/\/qtmm.org\/qt\/","name":"\u041c\u0435\u0434\u0436\u043b\u0456\u0441","description":"","publisher":{"@id":"https:\/\/qtmm.org\/qt\/#organization"},"potentialAction":[{"@type":"SearchAction","target":{"@type":"EntryPoint","urlTemplate":"https:\/\/qtmm.org\/qt\/?s={search_term_string}"},"query-input":{"@type":"PropertyValueSpecification","valueRequired":true,"valueName":"search_term_string"}}],"inLanguage":"qt"},{"@type":"Organization","@id":"https:\/\/qtmm.org\/qt\/#organization","name":"\u041c\u0435\u0434\u0436\u043b\u0456\u0441","url":"https:\/\/qtmm.org\/qt\/","logo":{"@type":"ImageObject","inLanguage":"qt","@id":"https:\/\/qtmm.org\/qt\/#\/schema\/logo\/image\/","url":"https:\/\/qtmm.org\/wp-content\/uploads\/2024\/12\/ua-mejlis-logo-rgb.svg","contentUrl":"https:\/\/qtmm.org\/wp-content\/uploads\/2024\/12\/ua-mejlis-logo-rgb.svg","caption":"\u041c\u0435\u0434\u0436\u043b\u0456\u0441"},"image":{"@id":"https:\/\/qtmm.org\/qt\/#\/schema\/logo\/image\/"},"sameAs":["https:\/\/www.facebook.com\/qtmm.info\/"]},{"@type":"Person","@id":"https:\/\/qtmm.org\/qt\/#\/schema\/person\/de562469f971dec226ac06e60bbf74a7","name":"Developer","image":{"@type":"ImageObject","inLanguage":"qt","@id":"https:\/\/secure.gravatar.com\/avatar\/392b4cc8fbfeb00b39dfeeab4ee6edded39ffd48e25858637e4765810300227e?s=96&d=mm&r=g","url":"https:\/\/secure.gravatar.com\/avatar\/392b4cc8fbfeb00b39dfeeab4ee6edded39ffd48e25858637e4765810300227e?s=96&d=mm&r=g","contentUrl":"https:\/\/secure.gravatar.com\/avatar\/392b4cc8fbfeb00b39dfeeab4ee6edded39ffd48e25858637e4765810300227e?s=96&d=mm&r=g","caption":"Developer"},"url":"https:\/\/qtmm.org\/qt\/author\/Developer\/"}]}},"_links":{"self":[{"href":"https:\/\/qtmm.org\/qt\/wp-json\/wp\/v2\/posts\/33114","targetHints":{"allow":["GET"]}}],"collection":[{"href":"https:\/\/qtmm.org\/qt\/wp-json\/wp\/v2\/posts"}],"about":[{"href":"https:\/\/qtmm.org\/qt\/wp-json\/wp\/v2\/types\/post"}],"author":[{"embeddable":true,"href":"https:\/\/qtmm.org\/qt\/wp-json\/wp\/v2\/users\/1"}],"replies":[{"embeddable":true,"href":"https:\/\/qtmm.org\/qt\/wp-json\/wp\/v2\/comments?post=33114"}],"version-history":[{"count":1,"href":"https:\/\/qtmm.org\/qt\/wp-json\/wp\/v2\/posts\/33114\/revisions"}],"predecessor-version":[{"id":33157,"href":"https:\/\/qtmm.org\/qt\/wp-json\/wp\/v2\/posts\/33114\/revisions\/33157"}],"wp:featuredmedia":[{"embeddable":true,"href":"https:\/\/qtmm.org\/qt\/wp-json\/wp\/v2\/media\/33115"}],"wp:attachment":[{"href":"https:\/\/qtmm.org\/qt\/wp-json\/wp\/v2\/media?parent=33114"}],"wp:term":[{"taxonomy":"category","embeddable":true,"href":"https:\/\/qtmm.org\/qt\/wp-json\/wp\/v2\/categories?post=33114"},{"taxonomy":"post_tag","embeddable":true,"href":"https:\/\/qtmm.org\/qt\/wp-json\/wp\/v2\/tags?post=33114"}],"curies":[{"name":"wp","href":"https:\/\/api.w.org\/{rel}","templated":true}]}}