




{"id":33093,"date":"2012-08-15T23:40:00","date_gmt":"2012-08-15T20:40:00","guid":{"rendered":"http:\/\/qtmm.org\/?p=33093"},"modified":"2022-01-21T23:41:34","modified_gmt":"2022-01-21T20:41:34","slug":"refat-cubarov-qirim-yuqari-surasinda-qirimtatar-tilinde-ciqis-yapacaq","status":"publish","type":"post","link":"https:\/\/qtmm.org\/qt\/refat-cubarov-qirim-yuqari-surasinda-qirimtatar-tilinde-ciqis-yapacaq\/","title":{"rendered":"Refat \u00c7ubarov Q\u0131r\u0131m Yuqar\u0131 \u015euras\u0131nda q\u0131r\u0131mtatar tilinde \u00e7\u0131q\u0131\u015f yapacaq"},"content":{"rendered":"\n<p>Avgust 15 k\u00fcn\u00fc Q\u0131r\u0131m parlamentinde &#8220;Ukrainan\u0131\u00f1 &#8220;Devlet til siyasetini\u00f1 esaslar\u0131 aqq\u0131nda&#8221; qanun\u0131n\u0131 amelge ke\u00e7ir\u00fcv boyunca birinci nevbetteki tedbirler aqq\u0131nda&#8221; qarar muzakere etilgende \u00e7\u0131q\u0131\u015f yapqan Q\u0131r\u0131mtatar halq\u0131 Meclisi reisini\u00f1 birinci muavini, &#8220;Qurultay-Ruh&#8221; deputat fraktsiyas\u0131n\u0131\u00f1 ba\u015f\u0131 Refat \u00c7ubarov ileride parlament topla\u015fuvlar\u0131nda q\u0131r\u0131mtatar tilinde qonu\u015faca\u011f\u0131n\u0131 bildirdi, &#8211; dep haber ete&nbsp;<a href=\"http:\/\/qha.com.ua\/\" target=\"_blank\" rel=\"noreferrer noopener\">QHA<\/a>.<\/p>\n\n\n\n<p>&#8220;Kelecek sessiyadan ba\u015flap men bu yerde faqat q\u0131r\u0131mtatar tilinde qonu\u015facam. L\u00fctfen, nevbetteki sessiya\u011fa qadar de\u00f1i\u015fmelerni az\u0131rla\u00f1\u0131z qabul eteyik ve qanunn\u0131\u00f1 \u00e7al\u0131\u015fmas\u0131n\u0131 teminleyik&#8221; &#8211; dep teklif kirsetti Refat \u00c7ubarov.<\/p>\n\n\n\n<p>Qarar leyhas\u0131 boyunca rey berilgen so\u00f1 R. \u00c7ubarov kene s\u00f6z al\u0131p: &#8220;Kelecek sessiyadan ba\u015flap men \u00fc\u00e7 tilde \u00e7\u0131q\u0131\u015f yapacam. \u015eun\u0131\u00f1 i\u00e7\u00fcn q\u0131r\u0131mtatar tilini ve belki de ukrain tilini a\u00f1lama\u011fan meslekde\u015flerim ve jurnalistler i\u00e7\u00fcn tercimanlarn\u0131 az\u0131rlama\u00f1\u0131zn\u0131 rica etem. Men ma\u00f1a berilgen aqtan faydalanacam&#8221;<\/p>\n\n\n\n<p>Hat\u0131rlatam\u0131z ki, 2012 senesi avgust 15-te Q\u0131r\u0131m Yuqar\u0131 \u015euras\u0131 Q\u0131r\u0131m Nazirler \u015furas\u0131na okt\u00e2br 10-\u011fa qadar cumhuriyet parlamentini\u00f1 muzakeresine &#8220;Ukrainan\u0131\u00f1 &#8220;Devlet til siyasetini\u00f1 esaslar\u0131 aqq\u0131nda&#8221; qanun\u0131n\u0131 amelge ke\u00e7irmek boyunca tekliflerni kirsetmekni avale etti.<\/p>\n","protected":false},"excerpt":{"rendered":"<p>Avgust 15 k\u00fcn\u00fc Q\u0131r\u0131m parlamentinde &#8220;Ukrainan\u0131\u00f1 &#8220;Devlet til siyasetini\u00f1 esaslar\u0131 aqq\u0131nda&#8221; qanun\u0131n\u0131 amelge ke\u00e7ir\u00fcv boyunca birinci nevbetteki tedbirler aqq\u0131nda&#8221; qarar muzakere etilgende \u00e7\u0131q\u0131\u015f yapqan Q\u0131r\u0131mtatar halq\u0131 Meclisi reisini\u00f1 birinci muavini, &#8220;Qurultay-Ruh&#8221; deputat fraktsiyas\u0131n\u0131\u00f1 ba\u015f\u0131 Refat \u00c7ubarov ileride parlament topla\u015fuvlar\u0131nda q\u0131r\u0131mtatar tilinde qonu\u015faca\u011f\u0131n\u0131 bildirdi, &#8211; dep haber ete&nbsp;QHA. &#8220;Kelecek sessiyadan ba\u015flap men bu yerde faqat q\u0131r\u0131mtatar [&hellip;]<\/p>\n","protected":false},"author":1,"featured_media":33095,"comment_status":"open","ping_status":"open","sticky":false,"template":"","format":"standard","meta":{"inline_featured_image":false,"footnotes":""},"categories":[265],"tags":[],"class_list":["post-33093","post","type-post","status-publish","format-standard","has-post-thumbnail","hentry","category-haberler"],"acf":[],"yoast_head":"<!-- This site is optimized with the Yoast SEO plugin v27.4 - https:\/\/yoast.com\/product\/yoast-seo-wordpress\/ -->\n<title>Refat \u00c7ubarov Q\u0131r\u0131m Yuqar\u0131 \u015euras\u0131nda q\u0131r\u0131mtatar tilinde \u00e7\u0131q\u0131\u015f yapacaq - \u041c\u0435\u0434\u0436\u043b\u0456\u0441<\/title>\n<meta name=\"robots\" content=\"index, follow, max-snippet:-1, max-image-preview:large, max-video-preview:-1\" \/>\n<link rel=\"canonical\" href=\"https:\/\/qtmm.org\/qt\/refat-cubarov-qirim-yuqari-surasinda-qirimtatar-tilinde-ciqis-yapacaq\/\" \/>\n<meta property=\"og:locale\" content=\"en_US\" \/>\n<meta property=\"og:type\" content=\"article\" \/>\n<meta property=\"og:title\" content=\"Refat \u00c7ubarov Q\u0131r\u0131m Yuqar\u0131 \u015euras\u0131nda q\u0131r\u0131mtatar tilinde \u00e7\u0131q\u0131\u015f yapacaq - \u041c\u0435\u0434\u0436\u043b\u0456\u0441\" \/>\n<meta property=\"og:description\" content=\"Avgust 15 k\u00fcn\u00fc Q\u0131r\u0131m parlamentinde &#8220;Ukrainan\u0131\u00f1 &#8220;Devlet til siyasetini\u00f1 esaslar\u0131 aqq\u0131nda&#8221; qanun\u0131n\u0131 amelge ke\u00e7ir\u00fcv boyunca birinci nevbetteki tedbirler aqq\u0131nda&#8221; qarar muzakere etilgende \u00e7\u0131q\u0131\u015f yapqan Q\u0131r\u0131mtatar halq\u0131 Meclisi reisini\u00f1 birinci muavini, &#8220;Qurultay-Ruh&#8221; deputat fraktsiyas\u0131n\u0131\u00f1 ba\u015f\u0131 Refat \u00c7ubarov ileride parlament topla\u015fuvlar\u0131nda q\u0131r\u0131mtatar tilinde qonu\u015faca\u011f\u0131n\u0131 bildirdi, &#8211; dep haber ete&nbsp;QHA. &#8220;Kelecek sessiyadan ba\u015flap men bu yerde faqat q\u0131r\u0131mtatar [&hellip;]\" \/>\n<meta property=\"og:url\" content=\"https:\/\/qtmm.org\/qt\/refat-cubarov-qirim-yuqari-surasinda-qirimtatar-tilinde-ciqis-yapacaq\/\" \/>\n<meta property=\"og:site_name\" content=\"\u041c\u0435\u0434\u0436\u043b\u0456\u0441\" \/>\n<meta property=\"article:publisher\" content=\"https:\/\/www.facebook.com\/qtmm.info\/\" \/>\n<meta property=\"article:published_time\" content=\"2012-08-15T20:40:00+00:00\" \/>\n<meta property=\"article:modified_time\" content=\"2022-01-21T20:41:34+00:00\" \/>\n<meta property=\"og:image\" content=\"https:\/\/qtmm.org\/wp-content\/uploads\/2022\/01\/refat_chubarov_vr_ark_2.jpeg\" \/>\n\t<meta property=\"og:image:width\" content=\"650\" \/>\n\t<meta property=\"og:image:height\" content=\"400\" \/>\n\t<meta property=\"og:image:type\" content=\"image\/jpeg\" \/>\n<meta name=\"author\" content=\"Developer\" \/>\n<meta name=\"twitter:card\" content=\"summary_large_image\" \/>\n<meta name=\"twitter:label1\" content=\"Written by\" \/>\n\t<meta name=\"twitter:data1\" content=\"Developer\" \/>\n\t<meta name=\"twitter:label2\" content=\"Est. reading time\" \/>\n\t<meta name=\"twitter:data2\" content=\"1 minute\" \/>\n<script type=\"application\/ld+json\" class=\"yoast-schema-graph\">{\"@context\":\"https:\\\/\\\/schema.org\",\"@graph\":[{\"@type\":\"Article\",\"@id\":\"https:\\\/\\\/qtmm.org\\\/qt\\\/refat-cubarov-qirim-yuqari-surasinda-qirimtatar-tilinde-ciqis-yapacaq\\\/#article\",\"isPartOf\":{\"@id\":\"https:\\\/\\\/qtmm.org\\\/qt\\\/refat-cubarov-qirim-yuqari-surasinda-qirimtatar-tilinde-ciqis-yapacaq\\\/\"},\"author\":{\"name\":\"Developer\",\"@id\":\"https:\\\/\\\/qtmm.org\\\/qt\\\/#\\\/schema\\\/person\\\/de562469f971dec226ac06e60bbf74a7\"},\"headline\":\"Refat \u00c7ubarov Q\u0131r\u0131m Yuqar\u0131 \u015euras\u0131nda q\u0131r\u0131mtatar tilinde \u00e7\u0131q\u0131\u015f yapacaq\",\"datePublished\":\"2012-08-15T20:40:00+00:00\",\"dateModified\":\"2022-01-21T20:41:34+00:00\",\"mainEntityOfPage\":{\"@id\":\"https:\\\/\\\/qtmm.org\\\/qt\\\/refat-cubarov-qirim-yuqari-surasinda-qirimtatar-tilinde-ciqis-yapacaq\\\/\"},\"wordCount\":216,\"commentCount\":0,\"publisher\":{\"@id\":\"https:\\\/\\\/qtmm.org\\\/qt\\\/#organization\"},\"image\":{\"@id\":\"https:\\\/\\\/qtmm.org\\\/qt\\\/refat-cubarov-qirim-yuqari-surasinda-qirimtatar-tilinde-ciqis-yapacaq\\\/#primaryimage\"},\"thumbnailUrl\":\"https:\\\/\\\/qtmm.org\\\/wp-content\\\/uploads\\\/2022\\\/01\\\/refat_chubarov_vr_ark_2.jpeg\",\"articleSection\":[\"Haberler\"],\"inLanguage\":\"qt\",\"potentialAction\":[{\"@type\":\"CommentAction\",\"name\":\"Comment\",\"target\":[\"https:\\\/\\\/qtmm.org\\\/qt\\\/refat-cubarov-qirim-yuqari-surasinda-qirimtatar-tilinde-ciqis-yapacaq\\\/#respond\"]}]},{\"@type\":\"WebPage\",\"@id\":\"https:\\\/\\\/qtmm.org\\\/qt\\\/refat-cubarov-qirim-yuqari-surasinda-qirimtatar-tilinde-ciqis-yapacaq\\\/\",\"url\":\"https:\\\/\\\/qtmm.org\\\/qt\\\/refat-cubarov-qirim-yuqari-surasinda-qirimtatar-tilinde-ciqis-yapacaq\\\/\",\"name\":\"Refat \u00c7ubarov Q\u0131r\u0131m Yuqar\u0131 \u015euras\u0131nda q\u0131r\u0131mtatar tilinde \u00e7\u0131q\u0131\u015f yapacaq - \u041c\u0435\u0434\u0436\u043b\u0456\u0441\",\"isPartOf\":{\"@id\":\"https:\\\/\\\/qtmm.org\\\/qt\\\/#website\"},\"primaryImageOfPage\":{\"@id\":\"https:\\\/\\\/qtmm.org\\\/qt\\\/refat-cubarov-qirim-yuqari-surasinda-qirimtatar-tilinde-ciqis-yapacaq\\\/#primaryimage\"},\"image\":{\"@id\":\"https:\\\/\\\/qtmm.org\\\/qt\\\/refat-cubarov-qirim-yuqari-surasinda-qirimtatar-tilinde-ciqis-yapacaq\\\/#primaryimage\"},\"thumbnailUrl\":\"https:\\\/\\\/qtmm.org\\\/wp-content\\\/uploads\\\/2022\\\/01\\\/refat_chubarov_vr_ark_2.jpeg\",\"datePublished\":\"2012-08-15T20:40:00+00:00\",\"dateModified\":\"2022-01-21T20:41:34+00:00\",\"breadcrumb\":{\"@id\":\"https:\\\/\\\/qtmm.org\\\/qt\\\/refat-cubarov-qirim-yuqari-surasinda-qirimtatar-tilinde-ciqis-yapacaq\\\/#breadcrumb\"},\"inLanguage\":\"qt\",\"potentialAction\":[{\"@type\":\"ReadAction\",\"target\":[\"https:\\\/\\\/qtmm.org\\\/qt\\\/refat-cubarov-qirim-yuqari-surasinda-qirimtatar-tilinde-ciqis-yapacaq\\\/\"]}]},{\"@type\":\"ImageObject\",\"inLanguage\":\"qt\",\"@id\":\"https:\\\/\\\/qtmm.org\\\/qt\\\/refat-cubarov-qirim-yuqari-surasinda-qirimtatar-tilinde-ciqis-yapacaq\\\/#primaryimage\",\"url\":\"https:\\\/\\\/qtmm.org\\\/wp-content\\\/uploads\\\/2022\\\/01\\\/refat_chubarov_vr_ark_2.jpeg\",\"contentUrl\":\"https:\\\/\\\/qtmm.org\\\/wp-content\\\/uploads\\\/2022\\\/01\\\/refat_chubarov_vr_ark_2.jpeg\",\"width\":650,\"height\":400},{\"@type\":\"BreadcrumbList\",\"@id\":\"https:\\\/\\\/qtmm.org\\\/qt\\\/refat-cubarov-qirim-yuqari-surasinda-qirimtatar-tilinde-ciqis-yapacaq\\\/#breadcrumb\",\"itemListElement\":[{\"@type\":\"ListItem\",\"position\":1,\"name\":\"\u0413\u043e\u043b\u043e\u0432\u043d\u0430\",\"item\":\"https:\\\/\\\/qtmm.org\\\/qt\\\/\"},{\"@type\":\"ListItem\",\"position\":2,\"name\":\"Refat \u00c7ubarov Q\u0131r\u0131m Yuqar\u0131 \u015euras\u0131nda q\u0131r\u0131mtatar tilinde \u00e7\u0131q\u0131\u015f yapacaq\"}]},{\"@type\":\"WebSite\",\"@id\":\"https:\\\/\\\/qtmm.org\\\/qt\\\/#website\",\"url\":\"https:\\\/\\\/qtmm.org\\\/qt\\\/\",\"name\":\"\u041c\u0435\u0434\u0436\u043b\u0456\u0441\",\"description\":\"\",\"publisher\":{\"@id\":\"https:\\\/\\\/qtmm.org\\\/qt\\\/#organization\"},\"potentialAction\":[{\"@type\":\"SearchAction\",\"target\":{\"@type\":\"EntryPoint\",\"urlTemplate\":\"https:\\\/\\\/qtmm.org\\\/qt\\\/?s={search_term_string}\"},\"query-input\":{\"@type\":\"PropertyValueSpecification\",\"valueRequired\":true,\"valueName\":\"search_term_string\"}}],\"inLanguage\":\"qt\"},{\"@type\":\"Organization\",\"@id\":\"https:\\\/\\\/qtmm.org\\\/qt\\\/#organization\",\"name\":\"\u041c\u0435\u0434\u0436\u043b\u0456\u0441\",\"url\":\"https:\\\/\\\/qtmm.org\\\/qt\\\/\",\"logo\":{\"@type\":\"ImageObject\",\"inLanguage\":\"qt\",\"@id\":\"https:\\\/\\\/qtmm.org\\\/qt\\\/#\\\/schema\\\/logo\\\/image\\\/\",\"url\":\"https:\\\/\\\/qtmm.org\\\/wp-content\\\/uploads\\\/2024\\\/12\\\/ua-mejlis-logo-rgb.svg\",\"contentUrl\":\"https:\\\/\\\/qtmm.org\\\/wp-content\\\/uploads\\\/2024\\\/12\\\/ua-mejlis-logo-rgb.svg\",\"caption\":\"\u041c\u0435\u0434\u0436\u043b\u0456\u0441\"},\"image\":{\"@id\":\"https:\\\/\\\/qtmm.org\\\/qt\\\/#\\\/schema\\\/logo\\\/image\\\/\"},\"sameAs\":[\"https:\\\/\\\/www.facebook.com\\\/qtmm.info\\\/\"]},{\"@type\":\"Person\",\"@id\":\"https:\\\/\\\/qtmm.org\\\/qt\\\/#\\\/schema\\\/person\\\/de562469f971dec226ac06e60bbf74a7\",\"name\":\"Developer\",\"image\":{\"@type\":\"ImageObject\",\"inLanguage\":\"qt\",\"@id\":\"https:\\\/\\\/secure.gravatar.com\\\/avatar\\\/392b4cc8fbfeb00b39dfeeab4ee6edded39ffd48e25858637e4765810300227e?s=96&d=mm&r=g\",\"url\":\"https:\\\/\\\/secure.gravatar.com\\\/avatar\\\/392b4cc8fbfeb00b39dfeeab4ee6edded39ffd48e25858637e4765810300227e?s=96&d=mm&r=g\",\"contentUrl\":\"https:\\\/\\\/secure.gravatar.com\\\/avatar\\\/392b4cc8fbfeb00b39dfeeab4ee6edded39ffd48e25858637e4765810300227e?s=96&d=mm&r=g\",\"caption\":\"Developer\"},\"url\":\"https:\\\/\\\/qtmm.org\\\/qt\\\/author\\\/Developer\\\/\"}]}<\/script>\n<!-- \/ Yoast SEO plugin. -->","yoast_head_json":{"title":"Refat \u00c7ubarov Q\u0131r\u0131m Yuqar\u0131 \u015euras\u0131nda q\u0131r\u0131mtatar tilinde \u00e7\u0131q\u0131\u015f yapacaq - \u041c\u0435\u0434\u0436\u043b\u0456\u0441","robots":{"index":"index","follow":"follow","max-snippet":"max-snippet:-1","max-image-preview":"max-image-preview:large","max-video-preview":"max-video-preview:-1"},"canonical":"https:\/\/qtmm.org\/qt\/refat-cubarov-qirim-yuqari-surasinda-qirimtatar-tilinde-ciqis-yapacaq\/","og_locale":"en_US","og_type":"article","og_title":"Refat \u00c7ubarov Q\u0131r\u0131m Yuqar\u0131 \u015euras\u0131nda q\u0131r\u0131mtatar tilinde \u00e7\u0131q\u0131\u015f yapacaq - \u041c\u0435\u0434\u0436\u043b\u0456\u0441","og_description":"Avgust 15 k\u00fcn\u00fc Q\u0131r\u0131m parlamentinde &#8220;Ukrainan\u0131\u00f1 &#8220;Devlet til siyasetini\u00f1 esaslar\u0131 aqq\u0131nda&#8221; qanun\u0131n\u0131 amelge ke\u00e7ir\u00fcv boyunca birinci nevbetteki tedbirler aqq\u0131nda&#8221; qarar muzakere etilgende \u00e7\u0131q\u0131\u015f yapqan Q\u0131r\u0131mtatar halq\u0131 Meclisi reisini\u00f1 birinci muavini, &#8220;Qurultay-Ruh&#8221; deputat fraktsiyas\u0131n\u0131\u00f1 ba\u015f\u0131 Refat \u00c7ubarov ileride parlament topla\u015fuvlar\u0131nda q\u0131r\u0131mtatar tilinde qonu\u015faca\u011f\u0131n\u0131 bildirdi, &#8211; dep haber ete&nbsp;QHA. &#8220;Kelecek sessiyadan ba\u015flap men bu yerde faqat q\u0131r\u0131mtatar [&hellip;]","og_url":"https:\/\/qtmm.org\/qt\/refat-cubarov-qirim-yuqari-surasinda-qirimtatar-tilinde-ciqis-yapacaq\/","og_site_name":"\u041c\u0435\u0434\u0436\u043b\u0456\u0441","article_publisher":"https:\/\/www.facebook.com\/qtmm.info\/","article_published_time":"2012-08-15T20:40:00+00:00","article_modified_time":"2022-01-21T20:41:34+00:00","og_image":[{"width":650,"height":400,"url":"https:\/\/qtmm.org\/wp-content\/uploads\/2022\/01\/refat_chubarov_vr_ark_2.jpeg","type":"image\/jpeg"}],"author":"Developer","twitter_card":"summary_large_image","twitter_misc":{"Written by":"Developer","Est. reading time":"1 minute"},"schema":{"@context":"https:\/\/schema.org","@graph":[{"@type":"Article","@id":"https:\/\/qtmm.org\/qt\/refat-cubarov-qirim-yuqari-surasinda-qirimtatar-tilinde-ciqis-yapacaq\/#article","isPartOf":{"@id":"https:\/\/qtmm.org\/qt\/refat-cubarov-qirim-yuqari-surasinda-qirimtatar-tilinde-ciqis-yapacaq\/"},"author":{"name":"Developer","@id":"https:\/\/qtmm.org\/qt\/#\/schema\/person\/de562469f971dec226ac06e60bbf74a7"},"headline":"Refat \u00c7ubarov Q\u0131r\u0131m Yuqar\u0131 \u015euras\u0131nda q\u0131r\u0131mtatar tilinde \u00e7\u0131q\u0131\u015f yapacaq","datePublished":"2012-08-15T20:40:00+00:00","dateModified":"2022-01-21T20:41:34+00:00","mainEntityOfPage":{"@id":"https:\/\/qtmm.org\/qt\/refat-cubarov-qirim-yuqari-surasinda-qirimtatar-tilinde-ciqis-yapacaq\/"},"wordCount":216,"commentCount":0,"publisher":{"@id":"https:\/\/qtmm.org\/qt\/#organization"},"image":{"@id":"https:\/\/qtmm.org\/qt\/refat-cubarov-qirim-yuqari-surasinda-qirimtatar-tilinde-ciqis-yapacaq\/#primaryimage"},"thumbnailUrl":"https:\/\/qtmm.org\/wp-content\/uploads\/2022\/01\/refat_chubarov_vr_ark_2.jpeg","articleSection":["Haberler"],"inLanguage":"qt","potentialAction":[{"@type":"CommentAction","name":"Comment","target":["https:\/\/qtmm.org\/qt\/refat-cubarov-qirim-yuqari-surasinda-qirimtatar-tilinde-ciqis-yapacaq\/#respond"]}]},{"@type":"WebPage","@id":"https:\/\/qtmm.org\/qt\/refat-cubarov-qirim-yuqari-surasinda-qirimtatar-tilinde-ciqis-yapacaq\/","url":"https:\/\/qtmm.org\/qt\/refat-cubarov-qirim-yuqari-surasinda-qirimtatar-tilinde-ciqis-yapacaq\/","name":"Refat \u00c7ubarov Q\u0131r\u0131m Yuqar\u0131 \u015euras\u0131nda q\u0131r\u0131mtatar tilinde \u00e7\u0131q\u0131\u015f yapacaq - \u041c\u0435\u0434\u0436\u043b\u0456\u0441","isPartOf":{"@id":"https:\/\/qtmm.org\/qt\/#website"},"primaryImageOfPage":{"@id":"https:\/\/qtmm.org\/qt\/refat-cubarov-qirim-yuqari-surasinda-qirimtatar-tilinde-ciqis-yapacaq\/#primaryimage"},"image":{"@id":"https:\/\/qtmm.org\/qt\/refat-cubarov-qirim-yuqari-surasinda-qirimtatar-tilinde-ciqis-yapacaq\/#primaryimage"},"thumbnailUrl":"https:\/\/qtmm.org\/wp-content\/uploads\/2022\/01\/refat_chubarov_vr_ark_2.jpeg","datePublished":"2012-08-15T20:40:00+00:00","dateModified":"2022-01-21T20:41:34+00:00","breadcrumb":{"@id":"https:\/\/qtmm.org\/qt\/refat-cubarov-qirim-yuqari-surasinda-qirimtatar-tilinde-ciqis-yapacaq\/#breadcrumb"},"inLanguage":"qt","potentialAction":[{"@type":"ReadAction","target":["https:\/\/qtmm.org\/qt\/refat-cubarov-qirim-yuqari-surasinda-qirimtatar-tilinde-ciqis-yapacaq\/"]}]},{"@type":"ImageObject","inLanguage":"qt","@id":"https:\/\/qtmm.org\/qt\/refat-cubarov-qirim-yuqari-surasinda-qirimtatar-tilinde-ciqis-yapacaq\/#primaryimage","url":"https:\/\/qtmm.org\/wp-content\/uploads\/2022\/01\/refat_chubarov_vr_ark_2.jpeg","contentUrl":"https:\/\/qtmm.org\/wp-content\/uploads\/2022\/01\/refat_chubarov_vr_ark_2.jpeg","width":650,"height":400},{"@type":"BreadcrumbList","@id":"https:\/\/qtmm.org\/qt\/refat-cubarov-qirim-yuqari-surasinda-qirimtatar-tilinde-ciqis-yapacaq\/#breadcrumb","itemListElement":[{"@type":"ListItem","position":1,"name":"\u0413\u043e\u043b\u043e\u0432\u043d\u0430","item":"https:\/\/qtmm.org\/qt\/"},{"@type":"ListItem","position":2,"name":"Refat \u00c7ubarov Q\u0131r\u0131m Yuqar\u0131 \u015euras\u0131nda q\u0131r\u0131mtatar tilinde \u00e7\u0131q\u0131\u015f yapacaq"}]},{"@type":"WebSite","@id":"https:\/\/qtmm.org\/qt\/#website","url":"https:\/\/qtmm.org\/qt\/","name":"\u041c\u0435\u0434\u0436\u043b\u0456\u0441","description":"","publisher":{"@id":"https:\/\/qtmm.org\/qt\/#organization"},"potentialAction":[{"@type":"SearchAction","target":{"@type":"EntryPoint","urlTemplate":"https:\/\/qtmm.org\/qt\/?s={search_term_string}"},"query-input":{"@type":"PropertyValueSpecification","valueRequired":true,"valueName":"search_term_string"}}],"inLanguage":"qt"},{"@type":"Organization","@id":"https:\/\/qtmm.org\/qt\/#organization","name":"\u041c\u0435\u0434\u0436\u043b\u0456\u0441","url":"https:\/\/qtmm.org\/qt\/","logo":{"@type":"ImageObject","inLanguage":"qt","@id":"https:\/\/qtmm.org\/qt\/#\/schema\/logo\/image\/","url":"https:\/\/qtmm.org\/wp-content\/uploads\/2024\/12\/ua-mejlis-logo-rgb.svg","contentUrl":"https:\/\/qtmm.org\/wp-content\/uploads\/2024\/12\/ua-mejlis-logo-rgb.svg","caption":"\u041c\u0435\u0434\u0436\u043b\u0456\u0441"},"image":{"@id":"https:\/\/qtmm.org\/qt\/#\/schema\/logo\/image\/"},"sameAs":["https:\/\/www.facebook.com\/qtmm.info\/"]},{"@type":"Person","@id":"https:\/\/qtmm.org\/qt\/#\/schema\/person\/de562469f971dec226ac06e60bbf74a7","name":"Developer","image":{"@type":"ImageObject","inLanguage":"qt","@id":"https:\/\/secure.gravatar.com\/avatar\/392b4cc8fbfeb00b39dfeeab4ee6edded39ffd48e25858637e4765810300227e?s=96&d=mm&r=g","url":"https:\/\/secure.gravatar.com\/avatar\/392b4cc8fbfeb00b39dfeeab4ee6edded39ffd48e25858637e4765810300227e?s=96&d=mm&r=g","contentUrl":"https:\/\/secure.gravatar.com\/avatar\/392b4cc8fbfeb00b39dfeeab4ee6edded39ffd48e25858637e4765810300227e?s=96&d=mm&r=g","caption":"Developer"},"url":"https:\/\/qtmm.org\/qt\/author\/Developer\/"}]}},"_links":{"self":[{"href":"https:\/\/qtmm.org\/qt\/wp-json\/wp\/v2\/posts\/33093","targetHints":{"allow":["GET"]}}],"collection":[{"href":"https:\/\/qtmm.org\/qt\/wp-json\/wp\/v2\/posts"}],"about":[{"href":"https:\/\/qtmm.org\/qt\/wp-json\/wp\/v2\/types\/post"}],"author":[{"embeddable":true,"href":"https:\/\/qtmm.org\/qt\/wp-json\/wp\/v2\/users\/1"}],"replies":[{"embeddable":true,"href":"https:\/\/qtmm.org\/qt\/wp-json\/wp\/v2\/comments?post=33093"}],"version-history":[{"count":1,"href":"https:\/\/qtmm.org\/qt\/wp-json\/wp\/v2\/posts\/33093\/revisions"}],"predecessor-version":[{"id":33099,"href":"https:\/\/qtmm.org\/qt\/wp-json\/wp\/v2\/posts\/33093\/revisions\/33099"}],"wp:featuredmedia":[{"embeddable":true,"href":"https:\/\/qtmm.org\/qt\/wp-json\/wp\/v2\/media\/33095"}],"wp:attachment":[{"href":"https:\/\/qtmm.org\/qt\/wp-json\/wp\/v2\/media?parent=33093"}],"wp:term":[{"taxonomy":"category","embeddable":true,"href":"https:\/\/qtmm.org\/qt\/wp-json\/wp\/v2\/categories?post=33093"},{"taxonomy":"post_tag","embeddable":true,"href":"https:\/\/qtmm.org\/qt\/wp-json\/wp\/v2\/tags?post=33093"}],"curies":[{"name":"wp","href":"https:\/\/api.w.org\/{rel}","templated":true}]}}