




{"id":33086,"date":"2012-08-15T23:40:00","date_gmt":"2012-08-15T20:40:00","guid":{"rendered":"http:\/\/qtmm.org\/?p=33086"},"modified":"2022-01-21T23:40:46","modified_gmt":"2022-01-21T20:40:46","slug":"qirimtatar-halqi-meclisinin-reisinin-adina-taziye-telegrammalari-kele","status":"publish","type":"post","link":"https:\/\/qtmm.org\/qt\/qirimtatar-halqi-meclisinin-reisinin-adina-taziye-telegrammalari-kele\/","title":{"rendered":"Q\u0131r\u0131mtatar halq\u0131 Meclisini\u00f1 reisini\u00f1 ad\u0131na taziye telegrammalar\u0131 kele"},"content":{"rendered":"\n<p>Q\u0131r\u0131mtatar halq\u0131 Meclisi reisini\u00f1 ad\u0131na 2012 senesi avgust 13 k\u00fcn\u00fc qaza aqibetinde 10 ya\u015fl\u0131 torun\u0131 Canike Abdulcelilova vefat etkeni munasebetinen taziye telegrammalar\u0131 kelmekte.<\/p>\n\n\n\n<p>C\u00fcmleden, T\u00fcrkiye T\u0131\u015fq\u0131 i\u015fler naziri Ahmet Davuto\u011flu, Amerika Qo\u015fma \u015etatlar\u0131n\u0131\u00f1 Ukrainadaki Vefqulade ve Vek\u00e2letli el\u00e7isi Con Tefft ve on\u0131\u00f1 refiqas\u0131 Mariella, Ukraina halq deputatlar\u0131, devlet ve cumhuriyet akimiyet vekilleri, yaq\u0131n arqada\u015flar\u0131 ve meslekde\u015fleri ba\u015f sa\u011fl\u0131\u011f\u0131 tilediler.<\/p>\n\n\n\n<p>&#8220;Bu facial\u0131 vaq\u0131tta bizim oy-fikirlerimiz, dualar\u0131m\u0131z Siz ve yaq\u0131nlar\u0131\u00f1\u0131z ile ol\u011fan\u0131n\u0131 bilme\u00f1izni ister edik&#8221;, &#8211; dep yazalar \u00f6z telegrammalar\u0131nda Con Tefft ve on\u0131\u00f1 refiqas\u0131 Mariella. Bun\u0131\u00f1 kibi de T\u00fcrkiye q\u0131r\u0131mtatar dernekleri federatsiyas\u0131n\u0131\u00f1 vekilleri, Qocaeli q\u0131r\u0131mtatar dernegini\u00f1 reisi \u0130braim Arac\u0131, siyaset\u00e7i Vladimir \u015ekl\u00e2r ve &#8220;Svoboda&#8221; (Praga, \u00c7ehiya) radios\u0131 ukrain h\u0131zmetini\u00f1 hadimleri de taziyelerini bildirdiler.<\/p>\n\n\n\n<p>&#8220;Q\u0131ymetli dostum\u0131z ve meslekde\u015fimiz Mustafa, torun\u0131\u00f1\u0131z Canikeni\u00f1 facial\u0131 el\u00e2q\u0131 aqq\u0131ndaki haberni b\u00fcy\u00fck keder ile e\u015fittik. Alla sizge sab\u0131r bersin. Alla q\u0131z\u00e7\u0131qqa rahmet eylesin! Canike bizim qalplerimizde ebediy saqlan\u0131r.<\/p>\n\n\n\n<p>Kiyevden ba\u015f\u0131m\u0131zn\u0131 eggenimiz alda \u00d6les \u015eev\u00e7enko, Yevgen Sverst\u00fck, Vasil \u00d6vsiyenko, Levko Lukyanenko, Raisa Rudenko, \u00d6les Sergiyenko,Yevgen Pron\u00fck, Grigoriy K\u00fctsenko&#8221; &#8211; denile ukrain uquqqoruy\u0131c\u0131lar\u0131 ve dissidentleri imzala\u011fan telegrammada.<\/p>\n\n\n\n<p>Bun\u0131\u00f1 kibi de telegrammalar Almaniyadan uquqqoruy\u0131c\u0131 Garik Superfin, Ermenistandan &#8211; Vardan Arut\u00fcn\u00e2n, &#8220;Memorial&#8221; uquqqoruv ve hayriye cemiyeti idaresini\u00f1 reisi Arseniy Roginskiy (Rusiye), Frenkistandan SSSR dissident areketini\u00f1 i\u015ftirak\u00e7isi Natalya Gorbanevskayadan keldi.<\/p>\n\n\n\n<p>\u015eimaliy Kavkaz ve q\u0131r\u0131mtatar halqlar\u0131n\u0131\u00f1 aqlar\u0131 i\u00e7\u00fcn k\u00fcre\u015f\u00e7i Aleksey K\u00f6sterinni\u00f1 q\u0131z\u0131 Yelena K\u00f6sterina ve Moskvadan K\u00f6sterinler ailesi de M. Cemilevni\u00f1 ad\u0131na taziyelerini yollad\u0131lar, &#8220;Bu yan\u0131qqa dayanmaq pek zor. L\u00fctfen, rica etemiz, daima ces\u00fcr ol\u011fan\u0131\u00f1 kibi ces\u00fcr ol. Qabaatl\u0131larn\u0131 q\u0131d\u0131rma, sab\u0131r et!&#8221;, &#8211; denile telegrammada.<\/p>\n\n\n\n<p>Q\u0131r\u0131mtatar halq\u0131 Meclisini\u00f1 yolba\u015f\u00e7\u0131s\u0131 Mustafa Cemilev ve on\u0131\u00f1 yaq\u0131nlar\u0131 olar\u011fa ba\u015fsa\u011fl\u0131\u011f\u0131 tilegenlerni\u00f1 episine te\u015fekk\u00fcr bildireler. &#8220;Torun\u0131m el\u00e2k\u0131 munasebetinen bildirgen taziyeleri\u00f1iz, telqini\u00f1iz i\u00e7\u00fcn sa\u011f olu\u00f1\u0131z&#8221;, &#8211; dey M. Cemilev.<\/p>\n\n\n\n<p><em>Qaza aqibetinde Q\u0131r\u0131mtatar halq\u0131 Meclisini\u00f1 10 ya\u015fl\u0131 torun\u0131 Canike Amet q\u0131z\u0131 Abdulcelilova vefat etti. Facia avgust 13 k\u00fcn\u00fc Otuz k\u00f6y\u00fcnde Canike anna-babas\u0131 ve a\u011fas\u0131nen ya\u015fa\u011fan Otuz k\u00f6y\u00fcnde y\u00fcz berdi.<\/em><\/p>\n","protected":false},"excerpt":{"rendered":"<p>Q\u0131r\u0131mtatar halq\u0131 Meclisi reisini\u00f1 ad\u0131na 2012 senesi avgust 13 k\u00fcn\u00fc qaza aqibetinde 10 ya\u015fl\u0131 torun\u0131 Canike Abdulcelilova vefat etkeni munasebetinen taziye telegrammalar\u0131 kelmekte. C\u00fcmleden, T\u00fcrkiye T\u0131\u015fq\u0131 i\u015fler naziri Ahmet Davuto\u011flu, Amerika Qo\u015fma \u015etatlar\u0131n\u0131\u00f1 Ukrainadaki Vefqulade ve Vek\u00e2letli el\u00e7isi Con Tefft ve on\u0131\u00f1 refiqas\u0131 Mariella, Ukraina halq deputatlar\u0131, devlet ve cumhuriyet akimiyet vekilleri, yaq\u0131n arqada\u015flar\u0131 ve [&hellip;]<\/p>\n","protected":false},"author":1,"featured_media":0,"comment_status":"open","ping_status":"open","sticky":false,"template":"","format":"standard","meta":{"inline_featured_image":false,"footnotes":""},"categories":[265],"tags":[],"class_list":["post-33086","post","type-post","status-publish","format-standard","hentry","category-haberler"],"acf":[],"yoast_head":"<!-- This site is optimized with the Yoast SEO plugin v27.4 - https:\/\/yoast.com\/product\/yoast-seo-wordpress\/ -->\n<title>Q\u0131r\u0131mtatar halq\u0131 Meclisini\u00f1 reisini\u00f1 ad\u0131na taziye telegrammalar\u0131 kele - \u041c\u0435\u0434\u0436\u043b\u0456\u0441<\/title>\n<meta name=\"robots\" content=\"index, follow, max-snippet:-1, max-image-preview:large, max-video-preview:-1\" \/>\n<link rel=\"canonical\" href=\"https:\/\/qtmm.org\/qt\/qirimtatar-halqi-meclisinin-reisinin-adina-taziye-telegrammalari-kele\/\" \/>\n<meta property=\"og:locale\" content=\"en_US\" \/>\n<meta property=\"og:type\" content=\"article\" \/>\n<meta property=\"og:title\" content=\"Q\u0131r\u0131mtatar halq\u0131 Meclisini\u00f1 reisini\u00f1 ad\u0131na taziye telegrammalar\u0131 kele - \u041c\u0435\u0434\u0436\u043b\u0456\u0441\" \/>\n<meta property=\"og:description\" content=\"Q\u0131r\u0131mtatar halq\u0131 Meclisi reisini\u00f1 ad\u0131na 2012 senesi avgust 13 k\u00fcn\u00fc qaza aqibetinde 10 ya\u015fl\u0131 torun\u0131 Canike Abdulcelilova vefat etkeni munasebetinen taziye telegrammalar\u0131 kelmekte. C\u00fcmleden, T\u00fcrkiye T\u0131\u015fq\u0131 i\u015fler naziri Ahmet Davuto\u011flu, Amerika Qo\u015fma \u015etatlar\u0131n\u0131\u00f1 Ukrainadaki Vefqulade ve Vek\u00e2letli el\u00e7isi Con Tefft ve on\u0131\u00f1 refiqas\u0131 Mariella, Ukraina halq deputatlar\u0131, devlet ve cumhuriyet akimiyet vekilleri, yaq\u0131n arqada\u015flar\u0131 ve [&hellip;]\" \/>\n<meta property=\"og:url\" content=\"https:\/\/qtmm.org\/qt\/qirimtatar-halqi-meclisinin-reisinin-adina-taziye-telegrammalari-kele\/\" \/>\n<meta property=\"og:site_name\" content=\"\u041c\u0435\u0434\u0436\u043b\u0456\u0441\" \/>\n<meta property=\"article:publisher\" content=\"https:\/\/www.facebook.com\/qtmm.info\/\" \/>\n<meta property=\"article:published_time\" content=\"2012-08-15T20:40:00+00:00\" \/>\n<meta property=\"article:modified_time\" content=\"2022-01-21T20:40:46+00:00\" \/>\n<meta name=\"author\" content=\"Developer\" \/>\n<meta name=\"twitter:card\" content=\"summary_large_image\" \/>\n<meta name=\"twitter:label1\" content=\"Written by\" \/>\n\t<meta name=\"twitter:data1\" content=\"Developer\" \/>\n\t<meta name=\"twitter:label2\" content=\"Est. reading time\" \/>\n\t<meta name=\"twitter:data2\" content=\"2 minutes\" \/>\n<script type=\"application\/ld+json\" class=\"yoast-schema-graph\">{\"@context\":\"https:\\\/\\\/schema.org\",\"@graph\":[{\"@type\":\"Article\",\"@id\":\"https:\\\/\\\/qtmm.org\\\/qt\\\/qirimtatar-halqi-meclisinin-reisinin-adina-taziye-telegrammalari-kele\\\/#article\",\"isPartOf\":{\"@id\":\"https:\\\/\\\/qtmm.org\\\/qt\\\/qirimtatar-halqi-meclisinin-reisinin-adina-taziye-telegrammalari-kele\\\/\"},\"author\":{\"name\":\"Developer\",\"@id\":\"https:\\\/\\\/qtmm.org\\\/qt\\\/#\\\/schema\\\/person\\\/de562469f971dec226ac06e60bbf74a7\"},\"headline\":\"Q\u0131r\u0131mtatar halq\u0131 Meclisini\u00f1 reisini\u00f1 ad\u0131na taziye telegrammalar\u0131 kele\",\"datePublished\":\"2012-08-15T20:40:00+00:00\",\"dateModified\":\"2022-01-21T20:40:46+00:00\",\"mainEntityOfPage\":{\"@id\":\"https:\\\/\\\/qtmm.org\\\/qt\\\/qirimtatar-halqi-meclisinin-reisinin-adina-taziye-telegrammalari-kele\\\/\"},\"wordCount\":418,\"commentCount\":0,\"publisher\":{\"@id\":\"https:\\\/\\\/qtmm.org\\\/qt\\\/#organization\"},\"articleSection\":[\"Haberler\"],\"inLanguage\":\"qt\",\"potentialAction\":[{\"@type\":\"CommentAction\",\"name\":\"Comment\",\"target\":[\"https:\\\/\\\/qtmm.org\\\/qt\\\/qirimtatar-halqi-meclisinin-reisinin-adina-taziye-telegrammalari-kele\\\/#respond\"]}]},{\"@type\":\"WebPage\",\"@id\":\"https:\\\/\\\/qtmm.org\\\/qt\\\/qirimtatar-halqi-meclisinin-reisinin-adina-taziye-telegrammalari-kele\\\/\",\"url\":\"https:\\\/\\\/qtmm.org\\\/qt\\\/qirimtatar-halqi-meclisinin-reisinin-adina-taziye-telegrammalari-kele\\\/\",\"name\":\"Q\u0131r\u0131mtatar halq\u0131 Meclisini\u00f1 reisini\u00f1 ad\u0131na taziye telegrammalar\u0131 kele - \u041c\u0435\u0434\u0436\u043b\u0456\u0441\",\"isPartOf\":{\"@id\":\"https:\\\/\\\/qtmm.org\\\/qt\\\/#website\"},\"datePublished\":\"2012-08-15T20:40:00+00:00\",\"dateModified\":\"2022-01-21T20:40:46+00:00\",\"breadcrumb\":{\"@id\":\"https:\\\/\\\/qtmm.org\\\/qt\\\/qirimtatar-halqi-meclisinin-reisinin-adina-taziye-telegrammalari-kele\\\/#breadcrumb\"},\"inLanguage\":\"qt\",\"potentialAction\":[{\"@type\":\"ReadAction\",\"target\":[\"https:\\\/\\\/qtmm.org\\\/qt\\\/qirimtatar-halqi-meclisinin-reisinin-adina-taziye-telegrammalari-kele\\\/\"]}]},{\"@type\":\"BreadcrumbList\",\"@id\":\"https:\\\/\\\/qtmm.org\\\/qt\\\/qirimtatar-halqi-meclisinin-reisinin-adina-taziye-telegrammalari-kele\\\/#breadcrumb\",\"itemListElement\":[{\"@type\":\"ListItem\",\"position\":1,\"name\":\"\u0413\u043e\u043b\u043e\u0432\u043d\u0430\",\"item\":\"https:\\\/\\\/qtmm.org\\\/qt\\\/\"},{\"@type\":\"ListItem\",\"position\":2,\"name\":\"Q\u0131r\u0131mtatar halq\u0131 Meclisini\u00f1 reisini\u00f1 ad\u0131na taziye telegrammalar\u0131 kele\"}]},{\"@type\":\"WebSite\",\"@id\":\"https:\\\/\\\/qtmm.org\\\/qt\\\/#website\",\"url\":\"https:\\\/\\\/qtmm.org\\\/qt\\\/\",\"name\":\"\u041c\u0435\u0434\u0436\u043b\u0456\u0441\",\"description\":\"\",\"publisher\":{\"@id\":\"https:\\\/\\\/qtmm.org\\\/qt\\\/#organization\"},\"potentialAction\":[{\"@type\":\"SearchAction\",\"target\":{\"@type\":\"EntryPoint\",\"urlTemplate\":\"https:\\\/\\\/qtmm.org\\\/qt\\\/?s={search_term_string}\"},\"query-input\":{\"@type\":\"PropertyValueSpecification\",\"valueRequired\":true,\"valueName\":\"search_term_string\"}}],\"inLanguage\":\"qt\"},{\"@type\":\"Organization\",\"@id\":\"https:\\\/\\\/qtmm.org\\\/qt\\\/#organization\",\"name\":\"\u041c\u0435\u0434\u0436\u043b\u0456\u0441\",\"url\":\"https:\\\/\\\/qtmm.org\\\/qt\\\/\",\"logo\":{\"@type\":\"ImageObject\",\"inLanguage\":\"qt\",\"@id\":\"https:\\\/\\\/qtmm.org\\\/qt\\\/#\\\/schema\\\/logo\\\/image\\\/\",\"url\":\"https:\\\/\\\/qtmm.org\\\/wp-content\\\/uploads\\\/2024\\\/12\\\/ua-mejlis-logo-rgb.svg\",\"contentUrl\":\"https:\\\/\\\/qtmm.org\\\/wp-content\\\/uploads\\\/2024\\\/12\\\/ua-mejlis-logo-rgb.svg\",\"caption\":\"\u041c\u0435\u0434\u0436\u043b\u0456\u0441\"},\"image\":{\"@id\":\"https:\\\/\\\/qtmm.org\\\/qt\\\/#\\\/schema\\\/logo\\\/image\\\/\"},\"sameAs\":[\"https:\\\/\\\/www.facebook.com\\\/qtmm.info\\\/\"]},{\"@type\":\"Person\",\"@id\":\"https:\\\/\\\/qtmm.org\\\/qt\\\/#\\\/schema\\\/person\\\/de562469f971dec226ac06e60bbf74a7\",\"name\":\"Developer\",\"image\":{\"@type\":\"ImageObject\",\"inLanguage\":\"qt\",\"@id\":\"https:\\\/\\\/secure.gravatar.com\\\/avatar\\\/392b4cc8fbfeb00b39dfeeab4ee6edded39ffd48e25858637e4765810300227e?s=96&d=mm&r=g\",\"url\":\"https:\\\/\\\/secure.gravatar.com\\\/avatar\\\/392b4cc8fbfeb00b39dfeeab4ee6edded39ffd48e25858637e4765810300227e?s=96&d=mm&r=g\",\"contentUrl\":\"https:\\\/\\\/secure.gravatar.com\\\/avatar\\\/392b4cc8fbfeb00b39dfeeab4ee6edded39ffd48e25858637e4765810300227e?s=96&d=mm&r=g\",\"caption\":\"Developer\"},\"url\":\"https:\\\/\\\/qtmm.org\\\/qt\\\/author\\\/Developer\\\/\"}]}<\/script>\n<!-- \/ Yoast SEO plugin. -->","yoast_head_json":{"title":"Q\u0131r\u0131mtatar halq\u0131 Meclisini\u00f1 reisini\u00f1 ad\u0131na taziye telegrammalar\u0131 kele - \u041c\u0435\u0434\u0436\u043b\u0456\u0441","robots":{"index":"index","follow":"follow","max-snippet":"max-snippet:-1","max-image-preview":"max-image-preview:large","max-video-preview":"max-video-preview:-1"},"canonical":"https:\/\/qtmm.org\/qt\/qirimtatar-halqi-meclisinin-reisinin-adina-taziye-telegrammalari-kele\/","og_locale":"en_US","og_type":"article","og_title":"Q\u0131r\u0131mtatar halq\u0131 Meclisini\u00f1 reisini\u00f1 ad\u0131na taziye telegrammalar\u0131 kele - \u041c\u0435\u0434\u0436\u043b\u0456\u0441","og_description":"Q\u0131r\u0131mtatar halq\u0131 Meclisi reisini\u00f1 ad\u0131na 2012 senesi avgust 13 k\u00fcn\u00fc qaza aqibetinde 10 ya\u015fl\u0131 torun\u0131 Canike Abdulcelilova vefat etkeni munasebetinen taziye telegrammalar\u0131 kelmekte. C\u00fcmleden, T\u00fcrkiye T\u0131\u015fq\u0131 i\u015fler naziri Ahmet Davuto\u011flu, Amerika Qo\u015fma \u015etatlar\u0131n\u0131\u00f1 Ukrainadaki Vefqulade ve Vek\u00e2letli el\u00e7isi Con Tefft ve on\u0131\u00f1 refiqas\u0131 Mariella, Ukraina halq deputatlar\u0131, devlet ve cumhuriyet akimiyet vekilleri, yaq\u0131n arqada\u015flar\u0131 ve [&hellip;]","og_url":"https:\/\/qtmm.org\/qt\/qirimtatar-halqi-meclisinin-reisinin-adina-taziye-telegrammalari-kele\/","og_site_name":"\u041c\u0435\u0434\u0436\u043b\u0456\u0441","article_publisher":"https:\/\/www.facebook.com\/qtmm.info\/","article_published_time":"2012-08-15T20:40:00+00:00","article_modified_time":"2022-01-21T20:40:46+00:00","author":"Developer","twitter_card":"summary_large_image","twitter_misc":{"Written by":"Developer","Est. reading time":"2 minutes"},"schema":{"@context":"https:\/\/schema.org","@graph":[{"@type":"Article","@id":"https:\/\/qtmm.org\/qt\/qirimtatar-halqi-meclisinin-reisinin-adina-taziye-telegrammalari-kele\/#article","isPartOf":{"@id":"https:\/\/qtmm.org\/qt\/qirimtatar-halqi-meclisinin-reisinin-adina-taziye-telegrammalari-kele\/"},"author":{"name":"Developer","@id":"https:\/\/qtmm.org\/qt\/#\/schema\/person\/de562469f971dec226ac06e60bbf74a7"},"headline":"Q\u0131r\u0131mtatar halq\u0131 Meclisini\u00f1 reisini\u00f1 ad\u0131na taziye telegrammalar\u0131 kele","datePublished":"2012-08-15T20:40:00+00:00","dateModified":"2022-01-21T20:40:46+00:00","mainEntityOfPage":{"@id":"https:\/\/qtmm.org\/qt\/qirimtatar-halqi-meclisinin-reisinin-adina-taziye-telegrammalari-kele\/"},"wordCount":418,"commentCount":0,"publisher":{"@id":"https:\/\/qtmm.org\/qt\/#organization"},"articleSection":["Haberler"],"inLanguage":"qt","potentialAction":[{"@type":"CommentAction","name":"Comment","target":["https:\/\/qtmm.org\/qt\/qirimtatar-halqi-meclisinin-reisinin-adina-taziye-telegrammalari-kele\/#respond"]}]},{"@type":"WebPage","@id":"https:\/\/qtmm.org\/qt\/qirimtatar-halqi-meclisinin-reisinin-adina-taziye-telegrammalari-kele\/","url":"https:\/\/qtmm.org\/qt\/qirimtatar-halqi-meclisinin-reisinin-adina-taziye-telegrammalari-kele\/","name":"Q\u0131r\u0131mtatar halq\u0131 Meclisini\u00f1 reisini\u00f1 ad\u0131na taziye telegrammalar\u0131 kele - \u041c\u0435\u0434\u0436\u043b\u0456\u0441","isPartOf":{"@id":"https:\/\/qtmm.org\/qt\/#website"},"datePublished":"2012-08-15T20:40:00+00:00","dateModified":"2022-01-21T20:40:46+00:00","breadcrumb":{"@id":"https:\/\/qtmm.org\/qt\/qirimtatar-halqi-meclisinin-reisinin-adina-taziye-telegrammalari-kele\/#breadcrumb"},"inLanguage":"qt","potentialAction":[{"@type":"ReadAction","target":["https:\/\/qtmm.org\/qt\/qirimtatar-halqi-meclisinin-reisinin-adina-taziye-telegrammalari-kele\/"]}]},{"@type":"BreadcrumbList","@id":"https:\/\/qtmm.org\/qt\/qirimtatar-halqi-meclisinin-reisinin-adina-taziye-telegrammalari-kele\/#breadcrumb","itemListElement":[{"@type":"ListItem","position":1,"name":"\u0413\u043e\u043b\u043e\u0432\u043d\u0430","item":"https:\/\/qtmm.org\/qt\/"},{"@type":"ListItem","position":2,"name":"Q\u0131r\u0131mtatar halq\u0131 Meclisini\u00f1 reisini\u00f1 ad\u0131na taziye telegrammalar\u0131 kele"}]},{"@type":"WebSite","@id":"https:\/\/qtmm.org\/qt\/#website","url":"https:\/\/qtmm.org\/qt\/","name":"\u041c\u0435\u0434\u0436\u043b\u0456\u0441","description":"","publisher":{"@id":"https:\/\/qtmm.org\/qt\/#organization"},"potentialAction":[{"@type":"SearchAction","target":{"@type":"EntryPoint","urlTemplate":"https:\/\/qtmm.org\/qt\/?s={search_term_string}"},"query-input":{"@type":"PropertyValueSpecification","valueRequired":true,"valueName":"search_term_string"}}],"inLanguage":"qt"},{"@type":"Organization","@id":"https:\/\/qtmm.org\/qt\/#organization","name":"\u041c\u0435\u0434\u0436\u043b\u0456\u0441","url":"https:\/\/qtmm.org\/qt\/","logo":{"@type":"ImageObject","inLanguage":"qt","@id":"https:\/\/qtmm.org\/qt\/#\/schema\/logo\/image\/","url":"https:\/\/qtmm.org\/wp-content\/uploads\/2024\/12\/ua-mejlis-logo-rgb.svg","contentUrl":"https:\/\/qtmm.org\/wp-content\/uploads\/2024\/12\/ua-mejlis-logo-rgb.svg","caption":"\u041c\u0435\u0434\u0436\u043b\u0456\u0441"},"image":{"@id":"https:\/\/qtmm.org\/qt\/#\/schema\/logo\/image\/"},"sameAs":["https:\/\/www.facebook.com\/qtmm.info\/"]},{"@type":"Person","@id":"https:\/\/qtmm.org\/qt\/#\/schema\/person\/de562469f971dec226ac06e60bbf74a7","name":"Developer","image":{"@type":"ImageObject","inLanguage":"qt","@id":"https:\/\/secure.gravatar.com\/avatar\/392b4cc8fbfeb00b39dfeeab4ee6edded39ffd48e25858637e4765810300227e?s=96&d=mm&r=g","url":"https:\/\/secure.gravatar.com\/avatar\/392b4cc8fbfeb00b39dfeeab4ee6edded39ffd48e25858637e4765810300227e?s=96&d=mm&r=g","contentUrl":"https:\/\/secure.gravatar.com\/avatar\/392b4cc8fbfeb00b39dfeeab4ee6edded39ffd48e25858637e4765810300227e?s=96&d=mm&r=g","caption":"Developer"},"url":"https:\/\/qtmm.org\/qt\/author\/Developer\/"}]}},"_links":{"self":[{"href":"https:\/\/qtmm.org\/qt\/wp-json\/wp\/v2\/posts\/33086","targetHints":{"allow":["GET"]}}],"collection":[{"href":"https:\/\/qtmm.org\/qt\/wp-json\/wp\/v2\/posts"}],"about":[{"href":"https:\/\/qtmm.org\/qt\/wp-json\/wp\/v2\/types\/post"}],"author":[{"embeddable":true,"href":"https:\/\/qtmm.org\/qt\/wp-json\/wp\/v2\/users\/1"}],"replies":[{"embeddable":true,"href":"https:\/\/qtmm.org\/qt\/wp-json\/wp\/v2\/comments?post=33086"}],"version-history":[{"count":1,"href":"https:\/\/qtmm.org\/qt\/wp-json\/wp\/v2\/posts\/33086\/revisions"}],"predecessor-version":[{"id":33092,"href":"https:\/\/qtmm.org\/qt\/wp-json\/wp\/v2\/posts\/33086\/revisions\/33092"}],"wp:attachment":[{"href":"https:\/\/qtmm.org\/qt\/wp-json\/wp\/v2\/media?parent=33086"}],"wp:term":[{"taxonomy":"category","embeddable":true,"href":"https:\/\/qtmm.org\/qt\/wp-json\/wp\/v2\/categories?post=33086"},{"taxonomy":"post_tag","embeddable":true,"href":"https:\/\/qtmm.org\/qt\/wp-json\/wp\/v2\/tags?post=33086"}],"curies":[{"name":"wp","href":"https:\/\/api.w.org\/{rel}","templated":true}]}}