




{"id":33068,"date":"2012-08-14T23:38:00","date_gmt":"2012-08-14T20:38:00","guid":{"rendered":"http:\/\/qtmm.org\/?p=33068"},"modified":"2022-01-21T23:39:23","modified_gmt":"2022-01-21T20:39:23","slug":"lemmar-yunusov-ayder-yaqubovnin-oluminde-qabaatlilar-belgilenip-cezalanmasina-tirisirmiz","status":"publish","type":"post","link":"https:\/\/qtmm.org\/qt\/lemmar-yunusov-ayder-yaqubovnin-oluminde-qabaatlilar-belgilenip-cezalanmasina-tirisirmiz\/","title":{"rendered":"Lemmar Yunusov: \u00abAyder Yaqubovn\u0131\u00f1 \u00f6l\u00fcminde qabaatl\u0131lar belgilenip, cezalanmas\u0131na t\u0131r\u0131\u015f\u0131rm\u0131z\u00bb"},"content":{"rendered":"\n<p>&#8220;Kr\u0131mgaz&#8221; ortaql\u0131q te\u015fkil\u00e2t\u0131n\u0131\u00f1 ofisinde \u00f6z\u00fcni yaqqan\u0131 neticesinde \u00fc\u00e7 k\u00fcnden so\u00f1 el\u00e2k ol\u011fan 44 ya\u015fl\u0131 Ayder Yaqubovn\u0131 2012 senesi avgust 13 k\u00fcn\u00fc defn ettiler.<\/p>\n\n\n\n<p>Aqmescit regional meclisni\u00f1 reisi Lemmar Yunusovn\u0131\u00f1 bildirgenine k\u00f6re, sa\u011flam ve ailesini qay\u011f\u0131r\u011fan insann\u0131 b\u00f6yle yapma\u011fa mecbur etken sebepler belgilenmekte.<\/p>\n\n\n\n<p>&#8220;On\u0131\u00f1 yaq\u0131nlar\u0131 ve aqrabalar\u0131 \u015foktalar, bir qa\u00e7 k\u00fcnden so\u00f1 biz olarnen ve Ayder Yaqubovn\u0131\u00f1 arqada\u015flar\u0131nen ba\u011flan\u0131p, facian\u0131\u00f1 sebeplerini \u00f6grenmek maqsad\u0131ndam\u0131z. Aqiqiy sebeplerini bilgenimizden so\u00f1, insann\u0131 \u00f6z can\u0131na suiqast yapma\u011fa mecbur etkenler belgilenip cezalanmalar\u0131na t\u0131r\u0131\u015f\u0131rm\u0131z&#8221;, dedi Lemmar Yunusov.<\/p>\n","protected":false},"excerpt":{"rendered":"<p>&#8220;Kr\u0131mgaz&#8221; ortaql\u0131q te\u015fkil\u00e2t\u0131n\u0131\u00f1 ofisinde \u00f6z\u00fcni yaqqan\u0131 neticesinde \u00fc\u00e7 k\u00fcnden so\u00f1 el\u00e2k ol\u011fan 44 ya\u015fl\u0131 Ayder Yaqubovn\u0131 2012 senesi avgust 13 k\u00fcn\u00fc defn ettiler. Aqmescit regional meclisni\u00f1 reisi Lemmar Yunusovn\u0131\u00f1 bildirgenine k\u00f6re, sa\u011flam ve ailesini qay\u011f\u0131r\u011fan insann\u0131 b\u00f6yle yapma\u011fa mecbur etken sebepler belgilenmekte. &#8220;On\u0131\u00f1 yaq\u0131nlar\u0131 ve aqrabalar\u0131 \u015foktalar, bir qa\u00e7 k\u00fcnden so\u00f1 biz olarnen ve Ayder [&hellip;]<\/p>\n","protected":false},"author":1,"featured_media":33073,"comment_status":"open","ping_status":"open","sticky":false,"template":"","format":"standard","meta":{"inline_featured_image":false,"footnotes":""},"categories":[265],"tags":[],"class_list":["post-33068","post","type-post","status-publish","format-standard","has-post-thumbnail","hentry","category-haberler"],"acf":[],"yoast_head":"<!-- This site is optimized with the Yoast SEO plugin v27.4 - https:\/\/yoast.com\/product\/yoast-seo-wordpress\/ -->\n<title>Lemmar Yunusov: \u00abAyder Yaqubovn\u0131\u00f1 \u00f6l\u00fcminde qabaatl\u0131lar belgilenip, cezalanmas\u0131na t\u0131r\u0131\u015f\u0131rm\u0131z\u00bb - \u041c\u0435\u0434\u0436\u043b\u0456\u0441<\/title>\n<meta name=\"robots\" content=\"index, follow, max-snippet:-1, max-image-preview:large, max-video-preview:-1\" \/>\n<link rel=\"canonical\" href=\"https:\/\/qtmm.org\/qt\/lemmar-yunusov-ayder-yaqubovnin-oluminde-qabaatlilar-belgilenip-cezalanmasina-tirisirmiz\/\" \/>\n<meta property=\"og:locale\" content=\"en_US\" \/>\n<meta property=\"og:type\" content=\"article\" \/>\n<meta property=\"og:title\" content=\"Lemmar Yunusov: \u00abAyder Yaqubovn\u0131\u00f1 \u00f6l\u00fcminde qabaatl\u0131lar belgilenip, cezalanmas\u0131na t\u0131r\u0131\u015f\u0131rm\u0131z\u00bb - \u041c\u0435\u0434\u0436\u043b\u0456\u0441\" \/>\n<meta property=\"og:description\" content=\"&#8220;Kr\u0131mgaz&#8221; ortaql\u0131q te\u015fkil\u00e2t\u0131n\u0131\u00f1 ofisinde \u00f6z\u00fcni yaqqan\u0131 neticesinde \u00fc\u00e7 k\u00fcnden so\u00f1 el\u00e2k ol\u011fan 44 ya\u015fl\u0131 Ayder Yaqubovn\u0131 2012 senesi avgust 13 k\u00fcn\u00fc defn ettiler. Aqmescit regional meclisni\u00f1 reisi Lemmar Yunusovn\u0131\u00f1 bildirgenine k\u00f6re, sa\u011flam ve ailesini qay\u011f\u0131r\u011fan insann\u0131 b\u00f6yle yapma\u011fa mecbur etken sebepler belgilenmekte. &#8220;On\u0131\u00f1 yaq\u0131nlar\u0131 ve aqrabalar\u0131 \u015foktalar, bir qa\u00e7 k\u00fcnden so\u00f1 biz olarnen ve Ayder [&hellip;]\" \/>\n<meta property=\"og:url\" content=\"https:\/\/qtmm.org\/qt\/lemmar-yunusov-ayder-yaqubovnin-oluminde-qabaatlilar-belgilenip-cezalanmasina-tirisirmiz\/\" \/>\n<meta property=\"og:site_name\" content=\"\u041c\u0435\u0434\u0436\u043b\u0456\u0441\" \/>\n<meta property=\"article:publisher\" content=\"https:\/\/www.facebook.com\/qtmm.info\/\" \/>\n<meta property=\"article:published_time\" content=\"2012-08-14T20:38:00+00:00\" \/>\n<meta property=\"article:modified_time\" content=\"2022-01-21T20:39:23+00:00\" \/>\n<meta property=\"og:image\" content=\"https:\/\/qtmm.org\/wp-content\/uploads\/2022\/01\/samossozhenie.jpeg\" \/>\n\t<meta property=\"og:image:width\" content=\"509\" \/>\n\t<meta property=\"og:image:height\" content=\"447\" \/>\n\t<meta property=\"og:image:type\" content=\"image\/jpeg\" \/>\n<meta name=\"author\" content=\"Developer\" \/>\n<meta name=\"twitter:card\" content=\"summary_large_image\" \/>\n<meta name=\"twitter:label1\" content=\"Written by\" \/>\n\t<meta name=\"twitter:data1\" content=\"Developer\" \/>\n\t<meta name=\"twitter:label2\" content=\"Est. reading time\" \/>\n\t<meta name=\"twitter:data2\" content=\"1 minute\" \/>\n<script type=\"application\/ld+json\" class=\"yoast-schema-graph\">{\"@context\":\"https:\\\/\\\/schema.org\",\"@graph\":[{\"@type\":\"Article\",\"@id\":\"https:\\\/\\\/qtmm.org\\\/qt\\\/lemmar-yunusov-ayder-yaqubovnin-oluminde-qabaatlilar-belgilenip-cezalanmasina-tirisirmiz\\\/#article\",\"isPartOf\":{\"@id\":\"https:\\\/\\\/qtmm.org\\\/qt\\\/lemmar-yunusov-ayder-yaqubovnin-oluminde-qabaatlilar-belgilenip-cezalanmasina-tirisirmiz\\\/\"},\"author\":{\"name\":\"Developer\",\"@id\":\"https:\\\/\\\/qtmm.org\\\/qt\\\/#\\\/schema\\\/person\\\/de562469f971dec226ac06e60bbf74a7\"},\"headline\":\"Lemmar Yunusov: \u00abAyder Yaqubovn\u0131\u00f1 \u00f6l\u00fcminde qabaatl\u0131lar belgilenip, cezalanmas\u0131na t\u0131r\u0131\u015f\u0131rm\u0131z\u00bb\",\"datePublished\":\"2012-08-14T20:38:00+00:00\",\"dateModified\":\"2022-01-21T20:39:23+00:00\",\"mainEntityOfPage\":{\"@id\":\"https:\\\/\\\/qtmm.org\\\/qt\\\/lemmar-yunusov-ayder-yaqubovnin-oluminde-qabaatlilar-belgilenip-cezalanmasina-tirisirmiz\\\/\"},\"wordCount\":121,\"commentCount\":0,\"publisher\":{\"@id\":\"https:\\\/\\\/qtmm.org\\\/qt\\\/#organization\"},\"image\":{\"@id\":\"https:\\\/\\\/qtmm.org\\\/qt\\\/lemmar-yunusov-ayder-yaqubovnin-oluminde-qabaatlilar-belgilenip-cezalanmasina-tirisirmiz\\\/#primaryimage\"},\"thumbnailUrl\":\"https:\\\/\\\/qtmm.org\\\/wp-content\\\/uploads\\\/2022\\\/01\\\/samossozhenie.jpeg\",\"articleSection\":[\"Haberler\"],\"inLanguage\":\"qt\",\"potentialAction\":[{\"@type\":\"CommentAction\",\"name\":\"Comment\",\"target\":[\"https:\\\/\\\/qtmm.org\\\/qt\\\/lemmar-yunusov-ayder-yaqubovnin-oluminde-qabaatlilar-belgilenip-cezalanmasina-tirisirmiz\\\/#respond\"]}]},{\"@type\":\"WebPage\",\"@id\":\"https:\\\/\\\/qtmm.org\\\/qt\\\/lemmar-yunusov-ayder-yaqubovnin-oluminde-qabaatlilar-belgilenip-cezalanmasina-tirisirmiz\\\/\",\"url\":\"https:\\\/\\\/qtmm.org\\\/qt\\\/lemmar-yunusov-ayder-yaqubovnin-oluminde-qabaatlilar-belgilenip-cezalanmasina-tirisirmiz\\\/\",\"name\":\"Lemmar Yunusov: \u00abAyder Yaqubovn\u0131\u00f1 \u00f6l\u00fcminde qabaatl\u0131lar belgilenip, cezalanmas\u0131na t\u0131r\u0131\u015f\u0131rm\u0131z\u00bb - \u041c\u0435\u0434\u0436\u043b\u0456\u0441\",\"isPartOf\":{\"@id\":\"https:\\\/\\\/qtmm.org\\\/qt\\\/#website\"},\"primaryImageOfPage\":{\"@id\":\"https:\\\/\\\/qtmm.org\\\/qt\\\/lemmar-yunusov-ayder-yaqubovnin-oluminde-qabaatlilar-belgilenip-cezalanmasina-tirisirmiz\\\/#primaryimage\"},\"image\":{\"@id\":\"https:\\\/\\\/qtmm.org\\\/qt\\\/lemmar-yunusov-ayder-yaqubovnin-oluminde-qabaatlilar-belgilenip-cezalanmasina-tirisirmiz\\\/#primaryimage\"},\"thumbnailUrl\":\"https:\\\/\\\/qtmm.org\\\/wp-content\\\/uploads\\\/2022\\\/01\\\/samossozhenie.jpeg\",\"datePublished\":\"2012-08-14T20:38:00+00:00\",\"dateModified\":\"2022-01-21T20:39:23+00:00\",\"breadcrumb\":{\"@id\":\"https:\\\/\\\/qtmm.org\\\/qt\\\/lemmar-yunusov-ayder-yaqubovnin-oluminde-qabaatlilar-belgilenip-cezalanmasina-tirisirmiz\\\/#breadcrumb\"},\"inLanguage\":\"qt\",\"potentialAction\":[{\"@type\":\"ReadAction\",\"target\":[\"https:\\\/\\\/qtmm.org\\\/qt\\\/lemmar-yunusov-ayder-yaqubovnin-oluminde-qabaatlilar-belgilenip-cezalanmasina-tirisirmiz\\\/\"]}]},{\"@type\":\"ImageObject\",\"inLanguage\":\"qt\",\"@id\":\"https:\\\/\\\/qtmm.org\\\/qt\\\/lemmar-yunusov-ayder-yaqubovnin-oluminde-qabaatlilar-belgilenip-cezalanmasina-tirisirmiz\\\/#primaryimage\",\"url\":\"https:\\\/\\\/qtmm.org\\\/wp-content\\\/uploads\\\/2022\\\/01\\\/samossozhenie.jpeg\",\"contentUrl\":\"https:\\\/\\\/qtmm.org\\\/wp-content\\\/uploads\\\/2022\\\/01\\\/samossozhenie.jpeg\",\"width\":509,\"height\":447},{\"@type\":\"BreadcrumbList\",\"@id\":\"https:\\\/\\\/qtmm.org\\\/qt\\\/lemmar-yunusov-ayder-yaqubovnin-oluminde-qabaatlilar-belgilenip-cezalanmasina-tirisirmiz\\\/#breadcrumb\",\"itemListElement\":[{\"@type\":\"ListItem\",\"position\":1,\"name\":\"\u0413\u043e\u043b\u043e\u0432\u043d\u0430\",\"item\":\"https:\\\/\\\/qtmm.org\\\/qt\\\/\"},{\"@type\":\"ListItem\",\"position\":2,\"name\":\"Lemmar Yunusov: \u00abAyder Yaqubovn\u0131\u00f1 \u00f6l\u00fcminde qabaatl\u0131lar belgilenip, cezalanmas\u0131na t\u0131r\u0131\u015f\u0131rm\u0131z\u00bb\"}]},{\"@type\":\"WebSite\",\"@id\":\"https:\\\/\\\/qtmm.org\\\/qt\\\/#website\",\"url\":\"https:\\\/\\\/qtmm.org\\\/qt\\\/\",\"name\":\"\u041c\u0435\u0434\u0436\u043b\u0456\u0441\",\"description\":\"\",\"publisher\":{\"@id\":\"https:\\\/\\\/qtmm.org\\\/qt\\\/#organization\"},\"potentialAction\":[{\"@type\":\"SearchAction\",\"target\":{\"@type\":\"EntryPoint\",\"urlTemplate\":\"https:\\\/\\\/qtmm.org\\\/qt\\\/?s={search_term_string}\"},\"query-input\":{\"@type\":\"PropertyValueSpecification\",\"valueRequired\":true,\"valueName\":\"search_term_string\"}}],\"inLanguage\":\"qt\"},{\"@type\":\"Organization\",\"@id\":\"https:\\\/\\\/qtmm.org\\\/qt\\\/#organization\",\"name\":\"\u041c\u0435\u0434\u0436\u043b\u0456\u0441\",\"url\":\"https:\\\/\\\/qtmm.org\\\/qt\\\/\",\"logo\":{\"@type\":\"ImageObject\",\"inLanguage\":\"qt\",\"@id\":\"https:\\\/\\\/qtmm.org\\\/qt\\\/#\\\/schema\\\/logo\\\/image\\\/\",\"url\":\"https:\\\/\\\/qtmm.org\\\/wp-content\\\/uploads\\\/2024\\\/12\\\/ua-mejlis-logo-rgb.svg\",\"contentUrl\":\"https:\\\/\\\/qtmm.org\\\/wp-content\\\/uploads\\\/2024\\\/12\\\/ua-mejlis-logo-rgb.svg\",\"caption\":\"\u041c\u0435\u0434\u0436\u043b\u0456\u0441\"},\"image\":{\"@id\":\"https:\\\/\\\/qtmm.org\\\/qt\\\/#\\\/schema\\\/logo\\\/image\\\/\"},\"sameAs\":[\"https:\\\/\\\/www.facebook.com\\\/qtmm.info\\\/\"]},{\"@type\":\"Person\",\"@id\":\"https:\\\/\\\/qtmm.org\\\/qt\\\/#\\\/schema\\\/person\\\/de562469f971dec226ac06e60bbf74a7\",\"name\":\"Developer\",\"image\":{\"@type\":\"ImageObject\",\"inLanguage\":\"qt\",\"@id\":\"https:\\\/\\\/secure.gravatar.com\\\/avatar\\\/392b4cc8fbfeb00b39dfeeab4ee6edded39ffd48e25858637e4765810300227e?s=96&d=mm&r=g\",\"url\":\"https:\\\/\\\/secure.gravatar.com\\\/avatar\\\/392b4cc8fbfeb00b39dfeeab4ee6edded39ffd48e25858637e4765810300227e?s=96&d=mm&r=g\",\"contentUrl\":\"https:\\\/\\\/secure.gravatar.com\\\/avatar\\\/392b4cc8fbfeb00b39dfeeab4ee6edded39ffd48e25858637e4765810300227e?s=96&d=mm&r=g\",\"caption\":\"Developer\"},\"url\":\"https:\\\/\\\/qtmm.org\\\/qt\\\/author\\\/Developer\\\/\"}]}<\/script>\n<!-- \/ Yoast SEO plugin. -->","yoast_head_json":{"title":"Lemmar Yunusov: \u00abAyder Yaqubovn\u0131\u00f1 \u00f6l\u00fcminde qabaatl\u0131lar belgilenip, cezalanmas\u0131na t\u0131r\u0131\u015f\u0131rm\u0131z\u00bb - \u041c\u0435\u0434\u0436\u043b\u0456\u0441","robots":{"index":"index","follow":"follow","max-snippet":"max-snippet:-1","max-image-preview":"max-image-preview:large","max-video-preview":"max-video-preview:-1"},"canonical":"https:\/\/qtmm.org\/qt\/lemmar-yunusov-ayder-yaqubovnin-oluminde-qabaatlilar-belgilenip-cezalanmasina-tirisirmiz\/","og_locale":"en_US","og_type":"article","og_title":"Lemmar Yunusov: \u00abAyder Yaqubovn\u0131\u00f1 \u00f6l\u00fcminde qabaatl\u0131lar belgilenip, cezalanmas\u0131na t\u0131r\u0131\u015f\u0131rm\u0131z\u00bb - \u041c\u0435\u0434\u0436\u043b\u0456\u0441","og_description":"&#8220;Kr\u0131mgaz&#8221; ortaql\u0131q te\u015fkil\u00e2t\u0131n\u0131\u00f1 ofisinde \u00f6z\u00fcni yaqqan\u0131 neticesinde \u00fc\u00e7 k\u00fcnden so\u00f1 el\u00e2k ol\u011fan 44 ya\u015fl\u0131 Ayder Yaqubovn\u0131 2012 senesi avgust 13 k\u00fcn\u00fc defn ettiler. Aqmescit regional meclisni\u00f1 reisi Lemmar Yunusovn\u0131\u00f1 bildirgenine k\u00f6re, sa\u011flam ve ailesini qay\u011f\u0131r\u011fan insann\u0131 b\u00f6yle yapma\u011fa mecbur etken sebepler belgilenmekte. &#8220;On\u0131\u00f1 yaq\u0131nlar\u0131 ve aqrabalar\u0131 \u015foktalar, bir qa\u00e7 k\u00fcnden so\u00f1 biz olarnen ve Ayder [&hellip;]","og_url":"https:\/\/qtmm.org\/qt\/lemmar-yunusov-ayder-yaqubovnin-oluminde-qabaatlilar-belgilenip-cezalanmasina-tirisirmiz\/","og_site_name":"\u041c\u0435\u0434\u0436\u043b\u0456\u0441","article_publisher":"https:\/\/www.facebook.com\/qtmm.info\/","article_published_time":"2012-08-14T20:38:00+00:00","article_modified_time":"2022-01-21T20:39:23+00:00","og_image":[{"width":509,"height":447,"url":"https:\/\/qtmm.org\/wp-content\/uploads\/2022\/01\/samossozhenie.jpeg","type":"image\/jpeg"}],"author":"Developer","twitter_card":"summary_large_image","twitter_misc":{"Written by":"Developer","Est. reading time":"1 minute"},"schema":{"@context":"https:\/\/schema.org","@graph":[{"@type":"Article","@id":"https:\/\/qtmm.org\/qt\/lemmar-yunusov-ayder-yaqubovnin-oluminde-qabaatlilar-belgilenip-cezalanmasina-tirisirmiz\/#article","isPartOf":{"@id":"https:\/\/qtmm.org\/qt\/lemmar-yunusov-ayder-yaqubovnin-oluminde-qabaatlilar-belgilenip-cezalanmasina-tirisirmiz\/"},"author":{"name":"Developer","@id":"https:\/\/qtmm.org\/qt\/#\/schema\/person\/de562469f971dec226ac06e60bbf74a7"},"headline":"Lemmar Yunusov: \u00abAyder Yaqubovn\u0131\u00f1 \u00f6l\u00fcminde qabaatl\u0131lar belgilenip, cezalanmas\u0131na t\u0131r\u0131\u015f\u0131rm\u0131z\u00bb","datePublished":"2012-08-14T20:38:00+00:00","dateModified":"2022-01-21T20:39:23+00:00","mainEntityOfPage":{"@id":"https:\/\/qtmm.org\/qt\/lemmar-yunusov-ayder-yaqubovnin-oluminde-qabaatlilar-belgilenip-cezalanmasina-tirisirmiz\/"},"wordCount":121,"commentCount":0,"publisher":{"@id":"https:\/\/qtmm.org\/qt\/#organization"},"image":{"@id":"https:\/\/qtmm.org\/qt\/lemmar-yunusov-ayder-yaqubovnin-oluminde-qabaatlilar-belgilenip-cezalanmasina-tirisirmiz\/#primaryimage"},"thumbnailUrl":"https:\/\/qtmm.org\/wp-content\/uploads\/2022\/01\/samossozhenie.jpeg","articleSection":["Haberler"],"inLanguage":"qt","potentialAction":[{"@type":"CommentAction","name":"Comment","target":["https:\/\/qtmm.org\/qt\/lemmar-yunusov-ayder-yaqubovnin-oluminde-qabaatlilar-belgilenip-cezalanmasina-tirisirmiz\/#respond"]}]},{"@type":"WebPage","@id":"https:\/\/qtmm.org\/qt\/lemmar-yunusov-ayder-yaqubovnin-oluminde-qabaatlilar-belgilenip-cezalanmasina-tirisirmiz\/","url":"https:\/\/qtmm.org\/qt\/lemmar-yunusov-ayder-yaqubovnin-oluminde-qabaatlilar-belgilenip-cezalanmasina-tirisirmiz\/","name":"Lemmar Yunusov: \u00abAyder Yaqubovn\u0131\u00f1 \u00f6l\u00fcminde qabaatl\u0131lar belgilenip, cezalanmas\u0131na t\u0131r\u0131\u015f\u0131rm\u0131z\u00bb - \u041c\u0435\u0434\u0436\u043b\u0456\u0441","isPartOf":{"@id":"https:\/\/qtmm.org\/qt\/#website"},"primaryImageOfPage":{"@id":"https:\/\/qtmm.org\/qt\/lemmar-yunusov-ayder-yaqubovnin-oluminde-qabaatlilar-belgilenip-cezalanmasina-tirisirmiz\/#primaryimage"},"image":{"@id":"https:\/\/qtmm.org\/qt\/lemmar-yunusov-ayder-yaqubovnin-oluminde-qabaatlilar-belgilenip-cezalanmasina-tirisirmiz\/#primaryimage"},"thumbnailUrl":"https:\/\/qtmm.org\/wp-content\/uploads\/2022\/01\/samossozhenie.jpeg","datePublished":"2012-08-14T20:38:00+00:00","dateModified":"2022-01-21T20:39:23+00:00","breadcrumb":{"@id":"https:\/\/qtmm.org\/qt\/lemmar-yunusov-ayder-yaqubovnin-oluminde-qabaatlilar-belgilenip-cezalanmasina-tirisirmiz\/#breadcrumb"},"inLanguage":"qt","potentialAction":[{"@type":"ReadAction","target":["https:\/\/qtmm.org\/qt\/lemmar-yunusov-ayder-yaqubovnin-oluminde-qabaatlilar-belgilenip-cezalanmasina-tirisirmiz\/"]}]},{"@type":"ImageObject","inLanguage":"qt","@id":"https:\/\/qtmm.org\/qt\/lemmar-yunusov-ayder-yaqubovnin-oluminde-qabaatlilar-belgilenip-cezalanmasina-tirisirmiz\/#primaryimage","url":"https:\/\/qtmm.org\/wp-content\/uploads\/2022\/01\/samossozhenie.jpeg","contentUrl":"https:\/\/qtmm.org\/wp-content\/uploads\/2022\/01\/samossozhenie.jpeg","width":509,"height":447},{"@type":"BreadcrumbList","@id":"https:\/\/qtmm.org\/qt\/lemmar-yunusov-ayder-yaqubovnin-oluminde-qabaatlilar-belgilenip-cezalanmasina-tirisirmiz\/#breadcrumb","itemListElement":[{"@type":"ListItem","position":1,"name":"\u0413\u043e\u043b\u043e\u0432\u043d\u0430","item":"https:\/\/qtmm.org\/qt\/"},{"@type":"ListItem","position":2,"name":"Lemmar Yunusov: \u00abAyder Yaqubovn\u0131\u00f1 \u00f6l\u00fcminde qabaatl\u0131lar belgilenip, cezalanmas\u0131na t\u0131r\u0131\u015f\u0131rm\u0131z\u00bb"}]},{"@type":"WebSite","@id":"https:\/\/qtmm.org\/qt\/#website","url":"https:\/\/qtmm.org\/qt\/","name":"\u041c\u0435\u0434\u0436\u043b\u0456\u0441","description":"","publisher":{"@id":"https:\/\/qtmm.org\/qt\/#organization"},"potentialAction":[{"@type":"SearchAction","target":{"@type":"EntryPoint","urlTemplate":"https:\/\/qtmm.org\/qt\/?s={search_term_string}"},"query-input":{"@type":"PropertyValueSpecification","valueRequired":true,"valueName":"search_term_string"}}],"inLanguage":"qt"},{"@type":"Organization","@id":"https:\/\/qtmm.org\/qt\/#organization","name":"\u041c\u0435\u0434\u0436\u043b\u0456\u0441","url":"https:\/\/qtmm.org\/qt\/","logo":{"@type":"ImageObject","inLanguage":"qt","@id":"https:\/\/qtmm.org\/qt\/#\/schema\/logo\/image\/","url":"https:\/\/qtmm.org\/wp-content\/uploads\/2024\/12\/ua-mejlis-logo-rgb.svg","contentUrl":"https:\/\/qtmm.org\/wp-content\/uploads\/2024\/12\/ua-mejlis-logo-rgb.svg","caption":"\u041c\u0435\u0434\u0436\u043b\u0456\u0441"},"image":{"@id":"https:\/\/qtmm.org\/qt\/#\/schema\/logo\/image\/"},"sameAs":["https:\/\/www.facebook.com\/qtmm.info\/"]},{"@type":"Person","@id":"https:\/\/qtmm.org\/qt\/#\/schema\/person\/de562469f971dec226ac06e60bbf74a7","name":"Developer","image":{"@type":"ImageObject","inLanguage":"qt","@id":"https:\/\/secure.gravatar.com\/avatar\/392b4cc8fbfeb00b39dfeeab4ee6edded39ffd48e25858637e4765810300227e?s=96&d=mm&r=g","url":"https:\/\/secure.gravatar.com\/avatar\/392b4cc8fbfeb00b39dfeeab4ee6edded39ffd48e25858637e4765810300227e?s=96&d=mm&r=g","contentUrl":"https:\/\/secure.gravatar.com\/avatar\/392b4cc8fbfeb00b39dfeeab4ee6edded39ffd48e25858637e4765810300227e?s=96&d=mm&r=g","caption":"Developer"},"url":"https:\/\/qtmm.org\/qt\/author\/Developer\/"}]}},"_links":{"self":[{"href":"https:\/\/qtmm.org\/qt\/wp-json\/wp\/v2\/posts\/33068","targetHints":{"allow":["GET"]}}],"collection":[{"href":"https:\/\/qtmm.org\/qt\/wp-json\/wp\/v2\/posts"}],"about":[{"href":"https:\/\/qtmm.org\/qt\/wp-json\/wp\/v2\/types\/post"}],"author":[{"embeddable":true,"href":"https:\/\/qtmm.org\/qt\/wp-json\/wp\/v2\/users\/1"}],"replies":[{"embeddable":true,"href":"https:\/\/qtmm.org\/qt\/wp-json\/wp\/v2\/comments?post=33068"}],"version-history":[{"count":1,"href":"https:\/\/qtmm.org\/qt\/wp-json\/wp\/v2\/posts\/33068\/revisions"}],"predecessor-version":[{"id":33077,"href":"https:\/\/qtmm.org\/qt\/wp-json\/wp\/v2\/posts\/33068\/revisions\/33077"}],"wp:featuredmedia":[{"embeddable":true,"href":"https:\/\/qtmm.org\/qt\/wp-json\/wp\/v2\/media\/33073"}],"wp:attachment":[{"href":"https:\/\/qtmm.org\/qt\/wp-json\/wp\/v2\/media?parent=33068"}],"wp:term":[{"taxonomy":"category","embeddable":true,"href":"https:\/\/qtmm.org\/qt\/wp-json\/wp\/v2\/categories?post=33068"},{"taxonomy":"post_tag","embeddable":true,"href":"https:\/\/qtmm.org\/qt\/wp-json\/wp\/v2\/tags?post=33068"}],"curies":[{"name":"wp","href":"https:\/\/api.w.org\/{rel}","templated":true}]}}