




{"id":33052,"date":"2012-08-13T23:37:00","date_gmt":"2012-08-13T20:37:00","guid":{"rendered":"http:\/\/qtmm.org\/?p=33052"},"modified":"2022-01-21T23:38:33","modified_gmt":"2022-01-21T20:38:33","slug":"ramazan-ayi-butun-musulmanlarni-birlestire","status":"publish","type":"post","link":"https:\/\/qtmm.org\/qt\/ramazan-ayi-butun-musulmanlarni-birlestire\/","title":{"rendered":"Ramazan ay\u0131 b\u00fct\u00fcn musulmanlarn\u0131 birle\u015ftire"},"content":{"rendered":"\n<p>Musulmanlar i\u00e7\u00fcn muqaddes ol\u011fan Ramazan ay\u0131 ba\u015flan\u011fan\u0131nen Q\u0131r\u0131mn\u0131\u00f1 bir \u00e7oq yerlerinde Q\u0131r\u0131mtatar halq\u0131n\u0131\u00f1 Meclisi ve regional temsilcilikleri,\u00a0Q\u0131r\u0131m musulmanlar\u0131 diniy idaresi\u00a0ve i\u015f adamlar\u0131n\u0131\u00f1 yard\u0131m\u0131nda iftarlar ke\u00e7irile.<\/p>\n\n\n\n<p>Q\u0131r\u0131mn\u0131\u00f1 baz\u0131 camilerinde, \u015fu c\u00fcmleden Aqmescitte, Qarasuvbazarda, Eski Q\u0131r\u0131mda er k\u00fcn ve\u00a0&#8220;Alraid&#8221;\u00a0B\u00fct\u00fcnukrain cemaat te\u015fkil\u00e2tlar\u0131n\u0131\u00f1 birliginde aftada \u00fc\u00e7 kere iftar berile.<\/p>\n\n\n\n<p>2012 senesi avgust 11-de Ramazan ay\u0131n\u0131\u00f1 23-nci k\u00fcn\u00fc Aqmescit \u015feer \u015furas\u0131n\u0131\u00f1 deputat\u0131 Seytumer Berberov, Aqmescit \u015feeri Merkeziy rayon \u015furas\u0131n\u0131\u00f1 deputat\u0131 Lil\u00e2 M\u00fcslimova ve\u00a0Q\u0131r\u0131m Halqara I\u015f Adamlar\u0131 Birle\u015fmesini\u00f1\u00a0qoltutuv\u0131nda Aqmescit \u015feerindeki &#8220;Petrovskaya balka&#8221; maallesini\u00f1 sakinleri i\u00e7\u00fcn iftar \u00f6tkerildi.<\/p>\n\n\n\n<p>&#8220;Meraba&#8221; qavesinde ke\u00e7irilgen bu iftarda 50 adam i\u015ftirak etti. \u0130ftarn\u0131\u00f1 te\u015fkil\u00e2t\u00e7\u0131lar\u0131 oraza tutqanlarn\u0131\u00f1 episine sab\u0131r-taqat, tutqan orazalar\u0131n\u0131\u00f1 qabul etilmesini tilediler.<\/p>\n\n\n\n<p>\u00d6z nevbetinde &#8220;Petrovskaya balka&#8221; maallesini\u00f1 qartlar\u0131 \u0130sl\u00e2m \u015fartlar\u0131na boysunmaq &#8211; er bir musulmann\u0131\u00f1 boyun-borcu ol\u011fan\u0131n\u0131, musulmanlar biri-birine qoltutmaq ve yard\u0131mc\u0131 olmaq kerekligini qayd ettiler.<\/p>\n","protected":false},"excerpt":{"rendered":"<p>Musulmanlar i\u00e7\u00fcn muqaddes ol\u011fan Ramazan ay\u0131 ba\u015flan\u011fan\u0131nen Q\u0131r\u0131mn\u0131\u00f1 bir \u00e7oq yerlerinde Q\u0131r\u0131mtatar halq\u0131n\u0131\u00f1 Meclisi ve regional temsilcilikleri,\u00a0Q\u0131r\u0131m musulmanlar\u0131 diniy idaresi\u00a0ve i\u015f adamlar\u0131n\u0131\u00f1 yard\u0131m\u0131nda iftarlar ke\u00e7irile. Q\u0131r\u0131mn\u0131\u00f1 baz\u0131 camilerinde, \u015fu c\u00fcmleden Aqmescitte, Qarasuvbazarda, Eski Q\u0131r\u0131mda er k\u00fcn ve\u00a0&#8220;Alraid&#8221;\u00a0B\u00fct\u00fcnukrain cemaat te\u015fkil\u00e2tlar\u0131n\u0131\u00f1 birliginde aftada \u00fc\u00e7 kere iftar berile. 2012 senesi avgust 11-de Ramazan ay\u0131n\u0131\u00f1 23-nci k\u00fcn\u00fc Aqmescit \u015feer [&hellip;]<\/p>\n","protected":false},"author":1,"featured_media":33058,"comment_status":"open","ping_status":"open","sticky":false,"template":"","format":"standard","meta":{"inline_featured_image":false,"footnotes":""},"categories":[265],"tags":[],"class_list":["post-33052","post","type-post","status-publish","format-standard","has-post-thumbnail","hentry","category-haberler"],"acf":[],"yoast_head":"<!-- This site is optimized with the Yoast SEO plugin v27.4 - https:\/\/yoast.com\/product\/yoast-seo-wordpress\/ -->\n<title>Ramazan ay\u0131 b\u00fct\u00fcn musulmanlarn\u0131 birle\u015ftire - \u041c\u0435\u0434\u0436\u043b\u0456\u0441<\/title>\n<meta name=\"robots\" content=\"index, follow, max-snippet:-1, max-image-preview:large, max-video-preview:-1\" \/>\n<link rel=\"canonical\" href=\"https:\/\/qtmm.org\/qt\/ramazan-ayi-butun-musulmanlarni-birlestire\/\" \/>\n<meta property=\"og:locale\" content=\"en_US\" \/>\n<meta property=\"og:type\" content=\"article\" \/>\n<meta property=\"og:title\" content=\"Ramazan ay\u0131 b\u00fct\u00fcn musulmanlarn\u0131 birle\u015ftire - \u041c\u0435\u0434\u0436\u043b\u0456\u0441\" \/>\n<meta property=\"og:description\" content=\"Musulmanlar i\u00e7\u00fcn muqaddes ol\u011fan Ramazan ay\u0131 ba\u015flan\u011fan\u0131nen Q\u0131r\u0131mn\u0131\u00f1 bir \u00e7oq yerlerinde Q\u0131r\u0131mtatar halq\u0131n\u0131\u00f1 Meclisi ve regional temsilcilikleri,\u00a0Q\u0131r\u0131m musulmanlar\u0131 diniy idaresi\u00a0ve i\u015f adamlar\u0131n\u0131\u00f1 yard\u0131m\u0131nda iftarlar ke\u00e7irile. Q\u0131r\u0131mn\u0131\u00f1 baz\u0131 camilerinde, \u015fu c\u00fcmleden Aqmescitte, Qarasuvbazarda, Eski Q\u0131r\u0131mda er k\u00fcn ve\u00a0&#8220;Alraid&#8221;\u00a0B\u00fct\u00fcnukrain cemaat te\u015fkil\u00e2tlar\u0131n\u0131\u00f1 birliginde aftada \u00fc\u00e7 kere iftar berile. 2012 senesi avgust 11-de Ramazan ay\u0131n\u0131\u00f1 23-nci k\u00fcn\u00fc Aqmescit \u015feer [&hellip;]\" \/>\n<meta property=\"og:url\" content=\"https:\/\/qtmm.org\/qt\/ramazan-ayi-butun-musulmanlarni-birlestire\/\" \/>\n<meta property=\"og:site_name\" content=\"\u041c\u0435\u0434\u0436\u043b\u0456\u0441\" \/>\n<meta property=\"article:publisher\" content=\"https:\/\/www.facebook.com\/qtmm.info\/\" \/>\n<meta property=\"article:published_time\" content=\"2012-08-13T20:37:00+00:00\" \/>\n<meta property=\"article:modified_time\" content=\"2022-01-21T20:38:33+00:00\" \/>\n<meta property=\"og:image\" content=\"https:\/\/qtmm.org\/wp-content\/uploads\/2022\/01\/img_0123.jpeg\" \/>\n\t<meta property=\"og:image:width\" content=\"800\" \/>\n\t<meta property=\"og:image:height\" content=\"600\" \/>\n\t<meta property=\"og:image:type\" content=\"image\/jpeg\" \/>\n<meta name=\"author\" content=\"Developer\" \/>\n<meta name=\"twitter:card\" content=\"summary_large_image\" \/>\n<meta name=\"twitter:label1\" content=\"Written by\" \/>\n\t<meta name=\"twitter:data1\" content=\"Developer\" \/>\n\t<meta name=\"twitter:label2\" content=\"Est. reading time\" \/>\n\t<meta name=\"twitter:data2\" content=\"1 minute\" \/>\n<script type=\"application\/ld+json\" class=\"yoast-schema-graph\">{\"@context\":\"https:\\\/\\\/schema.org\",\"@graph\":[{\"@type\":\"Article\",\"@id\":\"https:\\\/\\\/qtmm.org\\\/qt\\\/ramazan-ayi-butun-musulmanlarni-birlestire\\\/#article\",\"isPartOf\":{\"@id\":\"https:\\\/\\\/qtmm.org\\\/qt\\\/ramazan-ayi-butun-musulmanlarni-birlestire\\\/\"},\"author\":{\"name\":\"Developer\",\"@id\":\"https:\\\/\\\/qtmm.org\\\/qt\\\/#\\\/schema\\\/person\\\/de562469f971dec226ac06e60bbf74a7\"},\"headline\":\"Ramazan ay\u0131 b\u00fct\u00fcn musulmanlarn\u0131 birle\u015ftire\",\"datePublished\":\"2012-08-13T20:37:00+00:00\",\"dateModified\":\"2022-01-21T20:38:33+00:00\",\"mainEntityOfPage\":{\"@id\":\"https:\\\/\\\/qtmm.org\\\/qt\\\/ramazan-ayi-butun-musulmanlarni-birlestire\\\/\"},\"wordCount\":185,\"commentCount\":0,\"publisher\":{\"@id\":\"https:\\\/\\\/qtmm.org\\\/qt\\\/#organization\"},\"image\":{\"@id\":\"https:\\\/\\\/qtmm.org\\\/qt\\\/ramazan-ayi-butun-musulmanlarni-birlestire\\\/#primaryimage\"},\"thumbnailUrl\":\"https:\\\/\\\/qtmm.org\\\/wp-content\\\/uploads\\\/2022\\\/01\\\/img_0123.jpeg\",\"articleSection\":[\"Haberler\"],\"inLanguage\":\"qt\",\"potentialAction\":[{\"@type\":\"CommentAction\",\"name\":\"Comment\",\"target\":[\"https:\\\/\\\/qtmm.org\\\/qt\\\/ramazan-ayi-butun-musulmanlarni-birlestire\\\/#respond\"]}]},{\"@type\":\"WebPage\",\"@id\":\"https:\\\/\\\/qtmm.org\\\/qt\\\/ramazan-ayi-butun-musulmanlarni-birlestire\\\/\",\"url\":\"https:\\\/\\\/qtmm.org\\\/qt\\\/ramazan-ayi-butun-musulmanlarni-birlestire\\\/\",\"name\":\"Ramazan ay\u0131 b\u00fct\u00fcn musulmanlarn\u0131 birle\u015ftire - \u041c\u0435\u0434\u0436\u043b\u0456\u0441\",\"isPartOf\":{\"@id\":\"https:\\\/\\\/qtmm.org\\\/qt\\\/#website\"},\"primaryImageOfPage\":{\"@id\":\"https:\\\/\\\/qtmm.org\\\/qt\\\/ramazan-ayi-butun-musulmanlarni-birlestire\\\/#primaryimage\"},\"image\":{\"@id\":\"https:\\\/\\\/qtmm.org\\\/qt\\\/ramazan-ayi-butun-musulmanlarni-birlestire\\\/#primaryimage\"},\"thumbnailUrl\":\"https:\\\/\\\/qtmm.org\\\/wp-content\\\/uploads\\\/2022\\\/01\\\/img_0123.jpeg\",\"datePublished\":\"2012-08-13T20:37:00+00:00\",\"dateModified\":\"2022-01-21T20:38:33+00:00\",\"breadcrumb\":{\"@id\":\"https:\\\/\\\/qtmm.org\\\/qt\\\/ramazan-ayi-butun-musulmanlarni-birlestire\\\/#breadcrumb\"},\"inLanguage\":\"qt\",\"potentialAction\":[{\"@type\":\"ReadAction\",\"target\":[\"https:\\\/\\\/qtmm.org\\\/qt\\\/ramazan-ayi-butun-musulmanlarni-birlestire\\\/\"]}]},{\"@type\":\"ImageObject\",\"inLanguage\":\"qt\",\"@id\":\"https:\\\/\\\/qtmm.org\\\/qt\\\/ramazan-ayi-butun-musulmanlarni-birlestire\\\/#primaryimage\",\"url\":\"https:\\\/\\\/qtmm.org\\\/wp-content\\\/uploads\\\/2022\\\/01\\\/img_0123.jpeg\",\"contentUrl\":\"https:\\\/\\\/qtmm.org\\\/wp-content\\\/uploads\\\/2022\\\/01\\\/img_0123.jpeg\",\"width\":800,\"height\":600},{\"@type\":\"BreadcrumbList\",\"@id\":\"https:\\\/\\\/qtmm.org\\\/qt\\\/ramazan-ayi-butun-musulmanlarni-birlestire\\\/#breadcrumb\",\"itemListElement\":[{\"@type\":\"ListItem\",\"position\":1,\"name\":\"\u0413\u043e\u043b\u043e\u0432\u043d\u0430\",\"item\":\"https:\\\/\\\/qtmm.org\\\/qt\\\/\"},{\"@type\":\"ListItem\",\"position\":2,\"name\":\"Ramazan ay\u0131 b\u00fct\u00fcn musulmanlarn\u0131 birle\u015ftire\"}]},{\"@type\":\"WebSite\",\"@id\":\"https:\\\/\\\/qtmm.org\\\/qt\\\/#website\",\"url\":\"https:\\\/\\\/qtmm.org\\\/qt\\\/\",\"name\":\"\u041c\u0435\u0434\u0436\u043b\u0456\u0441\",\"description\":\"\",\"publisher\":{\"@id\":\"https:\\\/\\\/qtmm.org\\\/qt\\\/#organization\"},\"potentialAction\":[{\"@type\":\"SearchAction\",\"target\":{\"@type\":\"EntryPoint\",\"urlTemplate\":\"https:\\\/\\\/qtmm.org\\\/qt\\\/?s={search_term_string}\"},\"query-input\":{\"@type\":\"PropertyValueSpecification\",\"valueRequired\":true,\"valueName\":\"search_term_string\"}}],\"inLanguage\":\"qt\"},{\"@type\":\"Organization\",\"@id\":\"https:\\\/\\\/qtmm.org\\\/qt\\\/#organization\",\"name\":\"\u041c\u0435\u0434\u0436\u043b\u0456\u0441\",\"url\":\"https:\\\/\\\/qtmm.org\\\/qt\\\/\",\"logo\":{\"@type\":\"ImageObject\",\"inLanguage\":\"qt\",\"@id\":\"https:\\\/\\\/qtmm.org\\\/qt\\\/#\\\/schema\\\/logo\\\/image\\\/\",\"url\":\"https:\\\/\\\/qtmm.org\\\/wp-content\\\/uploads\\\/2024\\\/12\\\/ua-mejlis-logo-rgb.svg\",\"contentUrl\":\"https:\\\/\\\/qtmm.org\\\/wp-content\\\/uploads\\\/2024\\\/12\\\/ua-mejlis-logo-rgb.svg\",\"caption\":\"\u041c\u0435\u0434\u0436\u043b\u0456\u0441\"},\"image\":{\"@id\":\"https:\\\/\\\/qtmm.org\\\/qt\\\/#\\\/schema\\\/logo\\\/image\\\/\"},\"sameAs\":[\"https:\\\/\\\/www.facebook.com\\\/qtmm.info\\\/\"]},{\"@type\":\"Person\",\"@id\":\"https:\\\/\\\/qtmm.org\\\/qt\\\/#\\\/schema\\\/person\\\/de562469f971dec226ac06e60bbf74a7\",\"name\":\"Developer\",\"image\":{\"@type\":\"ImageObject\",\"inLanguage\":\"qt\",\"@id\":\"https:\\\/\\\/secure.gravatar.com\\\/avatar\\\/392b4cc8fbfeb00b39dfeeab4ee6edded39ffd48e25858637e4765810300227e?s=96&d=mm&r=g\",\"url\":\"https:\\\/\\\/secure.gravatar.com\\\/avatar\\\/392b4cc8fbfeb00b39dfeeab4ee6edded39ffd48e25858637e4765810300227e?s=96&d=mm&r=g\",\"contentUrl\":\"https:\\\/\\\/secure.gravatar.com\\\/avatar\\\/392b4cc8fbfeb00b39dfeeab4ee6edded39ffd48e25858637e4765810300227e?s=96&d=mm&r=g\",\"caption\":\"Developer\"},\"url\":\"https:\\\/\\\/qtmm.org\\\/qt\\\/author\\\/Developer\\\/\"}]}<\/script>\n<!-- \/ Yoast SEO plugin. -->","yoast_head_json":{"title":"Ramazan ay\u0131 b\u00fct\u00fcn musulmanlarn\u0131 birle\u015ftire - \u041c\u0435\u0434\u0436\u043b\u0456\u0441","robots":{"index":"index","follow":"follow","max-snippet":"max-snippet:-1","max-image-preview":"max-image-preview:large","max-video-preview":"max-video-preview:-1"},"canonical":"https:\/\/qtmm.org\/qt\/ramazan-ayi-butun-musulmanlarni-birlestire\/","og_locale":"en_US","og_type":"article","og_title":"Ramazan ay\u0131 b\u00fct\u00fcn musulmanlarn\u0131 birle\u015ftire - \u041c\u0435\u0434\u0436\u043b\u0456\u0441","og_description":"Musulmanlar i\u00e7\u00fcn muqaddes ol\u011fan Ramazan ay\u0131 ba\u015flan\u011fan\u0131nen Q\u0131r\u0131mn\u0131\u00f1 bir \u00e7oq yerlerinde Q\u0131r\u0131mtatar halq\u0131n\u0131\u00f1 Meclisi ve regional temsilcilikleri,\u00a0Q\u0131r\u0131m musulmanlar\u0131 diniy idaresi\u00a0ve i\u015f adamlar\u0131n\u0131\u00f1 yard\u0131m\u0131nda iftarlar ke\u00e7irile. Q\u0131r\u0131mn\u0131\u00f1 baz\u0131 camilerinde, \u015fu c\u00fcmleden Aqmescitte, Qarasuvbazarda, Eski Q\u0131r\u0131mda er k\u00fcn ve\u00a0&#8220;Alraid&#8221;\u00a0B\u00fct\u00fcnukrain cemaat te\u015fkil\u00e2tlar\u0131n\u0131\u00f1 birliginde aftada \u00fc\u00e7 kere iftar berile. 2012 senesi avgust 11-de Ramazan ay\u0131n\u0131\u00f1 23-nci k\u00fcn\u00fc Aqmescit \u015feer [&hellip;]","og_url":"https:\/\/qtmm.org\/qt\/ramazan-ayi-butun-musulmanlarni-birlestire\/","og_site_name":"\u041c\u0435\u0434\u0436\u043b\u0456\u0441","article_publisher":"https:\/\/www.facebook.com\/qtmm.info\/","article_published_time":"2012-08-13T20:37:00+00:00","article_modified_time":"2022-01-21T20:38:33+00:00","og_image":[{"width":800,"height":600,"url":"https:\/\/qtmm.org\/wp-content\/uploads\/2022\/01\/img_0123.jpeg","type":"image\/jpeg"}],"author":"Developer","twitter_card":"summary_large_image","twitter_misc":{"Written by":"Developer","Est. reading time":"1 minute"},"schema":{"@context":"https:\/\/schema.org","@graph":[{"@type":"Article","@id":"https:\/\/qtmm.org\/qt\/ramazan-ayi-butun-musulmanlarni-birlestire\/#article","isPartOf":{"@id":"https:\/\/qtmm.org\/qt\/ramazan-ayi-butun-musulmanlarni-birlestire\/"},"author":{"name":"Developer","@id":"https:\/\/qtmm.org\/qt\/#\/schema\/person\/de562469f971dec226ac06e60bbf74a7"},"headline":"Ramazan ay\u0131 b\u00fct\u00fcn musulmanlarn\u0131 birle\u015ftire","datePublished":"2012-08-13T20:37:00+00:00","dateModified":"2022-01-21T20:38:33+00:00","mainEntityOfPage":{"@id":"https:\/\/qtmm.org\/qt\/ramazan-ayi-butun-musulmanlarni-birlestire\/"},"wordCount":185,"commentCount":0,"publisher":{"@id":"https:\/\/qtmm.org\/qt\/#organization"},"image":{"@id":"https:\/\/qtmm.org\/qt\/ramazan-ayi-butun-musulmanlarni-birlestire\/#primaryimage"},"thumbnailUrl":"https:\/\/qtmm.org\/wp-content\/uploads\/2022\/01\/img_0123.jpeg","articleSection":["Haberler"],"inLanguage":"qt","potentialAction":[{"@type":"CommentAction","name":"Comment","target":["https:\/\/qtmm.org\/qt\/ramazan-ayi-butun-musulmanlarni-birlestire\/#respond"]}]},{"@type":"WebPage","@id":"https:\/\/qtmm.org\/qt\/ramazan-ayi-butun-musulmanlarni-birlestire\/","url":"https:\/\/qtmm.org\/qt\/ramazan-ayi-butun-musulmanlarni-birlestire\/","name":"Ramazan ay\u0131 b\u00fct\u00fcn musulmanlarn\u0131 birle\u015ftire - \u041c\u0435\u0434\u0436\u043b\u0456\u0441","isPartOf":{"@id":"https:\/\/qtmm.org\/qt\/#website"},"primaryImageOfPage":{"@id":"https:\/\/qtmm.org\/qt\/ramazan-ayi-butun-musulmanlarni-birlestire\/#primaryimage"},"image":{"@id":"https:\/\/qtmm.org\/qt\/ramazan-ayi-butun-musulmanlarni-birlestire\/#primaryimage"},"thumbnailUrl":"https:\/\/qtmm.org\/wp-content\/uploads\/2022\/01\/img_0123.jpeg","datePublished":"2012-08-13T20:37:00+00:00","dateModified":"2022-01-21T20:38:33+00:00","breadcrumb":{"@id":"https:\/\/qtmm.org\/qt\/ramazan-ayi-butun-musulmanlarni-birlestire\/#breadcrumb"},"inLanguage":"qt","potentialAction":[{"@type":"ReadAction","target":["https:\/\/qtmm.org\/qt\/ramazan-ayi-butun-musulmanlarni-birlestire\/"]}]},{"@type":"ImageObject","inLanguage":"qt","@id":"https:\/\/qtmm.org\/qt\/ramazan-ayi-butun-musulmanlarni-birlestire\/#primaryimage","url":"https:\/\/qtmm.org\/wp-content\/uploads\/2022\/01\/img_0123.jpeg","contentUrl":"https:\/\/qtmm.org\/wp-content\/uploads\/2022\/01\/img_0123.jpeg","width":800,"height":600},{"@type":"BreadcrumbList","@id":"https:\/\/qtmm.org\/qt\/ramazan-ayi-butun-musulmanlarni-birlestire\/#breadcrumb","itemListElement":[{"@type":"ListItem","position":1,"name":"\u0413\u043e\u043b\u043e\u0432\u043d\u0430","item":"https:\/\/qtmm.org\/qt\/"},{"@type":"ListItem","position":2,"name":"Ramazan ay\u0131 b\u00fct\u00fcn musulmanlarn\u0131 birle\u015ftire"}]},{"@type":"WebSite","@id":"https:\/\/qtmm.org\/qt\/#website","url":"https:\/\/qtmm.org\/qt\/","name":"\u041c\u0435\u0434\u0436\u043b\u0456\u0441","description":"","publisher":{"@id":"https:\/\/qtmm.org\/qt\/#organization"},"potentialAction":[{"@type":"SearchAction","target":{"@type":"EntryPoint","urlTemplate":"https:\/\/qtmm.org\/qt\/?s={search_term_string}"},"query-input":{"@type":"PropertyValueSpecification","valueRequired":true,"valueName":"search_term_string"}}],"inLanguage":"qt"},{"@type":"Organization","@id":"https:\/\/qtmm.org\/qt\/#organization","name":"\u041c\u0435\u0434\u0436\u043b\u0456\u0441","url":"https:\/\/qtmm.org\/qt\/","logo":{"@type":"ImageObject","inLanguage":"qt","@id":"https:\/\/qtmm.org\/qt\/#\/schema\/logo\/image\/","url":"https:\/\/qtmm.org\/wp-content\/uploads\/2024\/12\/ua-mejlis-logo-rgb.svg","contentUrl":"https:\/\/qtmm.org\/wp-content\/uploads\/2024\/12\/ua-mejlis-logo-rgb.svg","caption":"\u041c\u0435\u0434\u0436\u043b\u0456\u0441"},"image":{"@id":"https:\/\/qtmm.org\/qt\/#\/schema\/logo\/image\/"},"sameAs":["https:\/\/www.facebook.com\/qtmm.info\/"]},{"@type":"Person","@id":"https:\/\/qtmm.org\/qt\/#\/schema\/person\/de562469f971dec226ac06e60bbf74a7","name":"Developer","image":{"@type":"ImageObject","inLanguage":"qt","@id":"https:\/\/secure.gravatar.com\/avatar\/392b4cc8fbfeb00b39dfeeab4ee6edded39ffd48e25858637e4765810300227e?s=96&d=mm&r=g","url":"https:\/\/secure.gravatar.com\/avatar\/392b4cc8fbfeb00b39dfeeab4ee6edded39ffd48e25858637e4765810300227e?s=96&d=mm&r=g","contentUrl":"https:\/\/secure.gravatar.com\/avatar\/392b4cc8fbfeb00b39dfeeab4ee6edded39ffd48e25858637e4765810300227e?s=96&d=mm&r=g","caption":"Developer"},"url":"https:\/\/qtmm.org\/qt\/author\/Developer\/"}]}},"_links":{"self":[{"href":"https:\/\/qtmm.org\/qt\/wp-json\/wp\/v2\/posts\/33052","targetHints":{"allow":["GET"]}}],"collection":[{"href":"https:\/\/qtmm.org\/qt\/wp-json\/wp\/v2\/posts"}],"about":[{"href":"https:\/\/qtmm.org\/qt\/wp-json\/wp\/v2\/types\/post"}],"author":[{"embeddable":true,"href":"https:\/\/qtmm.org\/qt\/wp-json\/wp\/v2\/users\/1"}],"replies":[{"embeddable":true,"href":"https:\/\/qtmm.org\/qt\/wp-json\/wp\/v2\/comments?post=33052"}],"version-history":[{"count":1,"href":"https:\/\/qtmm.org\/qt\/wp-json\/wp\/v2\/posts\/33052\/revisions"}],"predecessor-version":[{"id":33063,"href":"https:\/\/qtmm.org\/qt\/wp-json\/wp\/v2\/posts\/33052\/revisions\/33063"}],"wp:featuredmedia":[{"embeddable":true,"href":"https:\/\/qtmm.org\/qt\/wp-json\/wp\/v2\/media\/33058"}],"wp:attachment":[{"href":"https:\/\/qtmm.org\/qt\/wp-json\/wp\/v2\/media?parent=33052"}],"wp:term":[{"taxonomy":"category","embeddable":true,"href":"https:\/\/qtmm.org\/qt\/wp-json\/wp\/v2\/categories?post=33052"},{"taxonomy":"post_tag","embeddable":true,"href":"https:\/\/qtmm.org\/qt\/wp-json\/wp\/v2\/tags?post=33052"}],"curies":[{"name":"wp","href":"https:\/\/api.w.org\/{rel}","templated":true}]}}