




{"id":33042,"date":"2012-08-10T23:36:00","date_gmt":"2012-08-10T20:36:00","guid":{"rendered":"http:\/\/qtmm.org\/?p=33042"},"modified":"2022-01-21T23:37:10","modified_gmt":"2022-01-21T20:37:10","slug":"milliy-mensupligi-boyunca-surgun-etilgen-sahislarnin-aqlarini-gayridan-tiklev-aqqinda-qanun-leyhasi-ekinci-oquv-muzakeresine-azirlanila","status":"publish","type":"post","link":"https:\/\/qtmm.org\/qt\/milliy-mensupligi-boyunca-surgun-etilgen-sahislarnin-aqlarini-gayridan-tiklev-aqqinda-qanun-leyhasi-ekinci-oquv-muzakeresine-azirlanila\/","title":{"rendered":"\u00abMilliy mens\u00fcpligi boyunca s\u00fcrg\u00fcn etilgen \u015fah\u0131slarn\u0131\u00f1 aqlar\u0131n\u0131 \u011fayr\u0131dan tiklev aqq\u0131nda\u00bb qanun leyhas\u0131 ekinci oquv muzakeresine az\u0131rlan\u0131la"},"content":{"rendered":"\n<p>Alt\u0131nc\u0131 \u00e7a\u011f\u0131r\u0131l\u0131\u015f Ukraina Yuqar\u0131 \u015euras\u0131n\u0131\u00f1 on birinci sessiyas\u0131 devam\u0131nda \u0130nsan, milliy azl\u0131qlarn\u0131\u00f1 aqlar\u0131 ve milletlerara munasebetler meseleleri boyunca komitet &#8220;Milliy mens\u00fcpligi boyunca s\u00fcrg\u00fcn etilgen \u015fah\u0131slarn\u0131\u00f1 aqlar\u0131n\u0131 \u011fayr\u0131dan tiklev aqq\u0131nda&#8221; qanun leyhas\u0131n\u0131 ekinci oquv muzakeresine az\u0131rlamaqn\u0131 planla\u015ft\u0131ra. Bu aqta&nbsp;<a href=\"http:\/\/portal.rada.gov.ua\/rada\/control\/ru\/index\" target=\"_blank\" rel=\"noreferrer noopener\">Ukraina Yuqar\u0131 \u015euras\u0131n\u0131\u00f1 resmiy saifesi<\/a>&nbsp;haber bere.<\/p>\n\n\n\n<p>2012 senesi iy\u00fcn 20-de Ukraina Yuqar\u0131 \u015euras\u0131 taraf\u0131ndan qabul etilgen vesiqa\u011fa(\u21165515) binaen milliy mens\u00fcpligi boyunca s\u00fcrg\u00fcn etilgen \u015fah\u0131slarn\u0131\u00f1 status\u0131n\u0131, olarn\u0131\u00f1 aqlar\u0131n\u0131 tiklev boyunca devletni\u00f1 kefilligi, olarn\u0131\u00f1 aqlar\u0131n\u0131 tiklev boyunca devlet siyaseti printsipleri ve devlet akimiyeti, yerli akimiyet organlar\u0131n\u0131\u00f1 vek\u00e2letligini belgilemek teklif etile.<\/p>\n\n\n\n<p>Leyhada mevcut tertipke binaen s\u00fcrg\u00fcn etilgen \u015fah\u0131s, dep Ukraina vatanda\u015fl\u0131\u011f\u0131n\u0131 qabul etken a\u015fa\u011f\u0131daki insanlar say\u0131la:<\/p>\n\n\n\n<p>-1941-1944 seneleri milliy mens\u00fcpligi sebebinden \u015fimdiki Ukrainan\u0131\u00f1 topraqlar\u0131 ol\u011fan yerlerde daima ya\u015fap, SSSR devlet organlar\u0131n\u0131\u00f1 qarar\u0131 boyunca s\u00fcrg\u00fcn etilgen sab\u0131q SSSRni\u00f1 vatanda\u015flar\u0131 ol\u011fan q\u0131r\u0131mtatar halq\u0131, milliy azl\u0131qlarn\u0131\u00f1 vekilleri;<\/p>\n\n\n\n<p>&#8211; arbiy h\u0131zmeti yek\u00fcnlengen, evakuatsiyadan qaytqan, ceza i\u015flerinden azat etilgen so\u00f1 s\u00fcrg\u00fcnlik yerlerinde bulun\u011fan aile azalar\u0131n\u0131\u00f1 yan\u0131na zorluqnen yollan\u0131l\u011fan sab\u0131q SSSR vatanda\u015flar\u0131 ol\u011fan \u015fah\u0131slar;<\/p>\n\n\n\n<p>&#8211; 1941 -1944 seneleri s\u00fcrg\u00fcn etil\u00fcv vaqt\u0131nda daimiy ya\u015fa\u011fan yerlerinden uzaqta(arbiy h\u0131zmette, apshanelerde, emek ordus\u0131nda) bulun\u0131p, so\u00f1undan olarn\u0131\u00f1 da milliy mens\u00fcpligi sebebinden aqlar\u0131 ve serbestligi s\u0131\u00f1\u0131rlan\u011fan, \u015fu c\u00fcmleden evel ya\u015fa\u011fan yerine qaytmas\u0131 yasaqlan\u011fan \u015fah\u0131slar (sab\u0131q SSSR vatanda\u015flar\u0131)<\/p>\n\n\n\n<p>&#8211; daimiy ya\u015fa\u011fan yerlerine qaytmazdan evel s\u00fcrg\u00fcn etilgen \u015fah\u0131slarn\u0131\u00f1 ailesinde do\u011f\u011fan \u015fah\u0131slar<\/p>\n\n\n\n<p>Qanun leyhas\u0131nda bun\u0131\u00f1 kibi de s\u00fcrg\u00fcn etilgen \u015fah\u0131s status\u0131n\u0131 ber\u00fcvni\u00f1 tertibi, Ukraina\u011fa daimiy ya\u015famaq i\u00e7\u00fcn qayt\u0131p kelgen \u015fah\u0131slar ve olarn\u0131\u00f1 aile azalar\u0131na devlet kefilligini taqdim et\u00fcv, s\u00fcrg\u00fcnlik vaqt\u0131nda \u00e7ekip al\u0131n\u011fan mal-m\u00fclk\u00fc yerine \u00f6deme mehanizmi belgilene.<\/p>\n\n\n\n<p>Vesiqada milliy mens\u00fcpligi boyunca s\u00fcrg\u00fcn etilgen \u015fah\u0131slarn\u0131\u00f1 aqlar\u0131n\u0131 \u011fayr\u0131dan tiklev saas\u0131nda icra akimiyeti ve yerli akimiyet organlar\u0131n\u0131\u00f1 vek\u00e2letligini pekitmek teklif etile.<\/p>\n\n\n\n<p>Hat\u0131rlatam\u0131z ki,\u00a02012 senesi iy\u00fcn 20-de Ukraina Yuqar\u0131 \u015euras\u0131 mezk\u00fcr qanunn\u0131\u00f1 leyhas\u0131n\u0131 esas olaraq birinci oquvda qabul etip, on\u0131 ekinci oquvda muzakere etmek i\u00e7\u00fcn yollad\u0131.<\/p>\n\n\n\n<p>M\u00fcellifi Q\u0131r\u0131mtatar halq\u0131 meclisini\u00f1 reisi, Ukraina halq deputat\u0131 Mustafa Cemilev ol\u011fan \u2116 5515 Qanun leyhas\u0131 2010 senesi cedvelge al\u0131nd\u0131. Evel parlament qabul etken b\u00f6yle qanun leyhas\u0131na Ukraina prezidenti 2004 senesi veto qoy\u011fan edi.<br>&nbsp;<\/p>\n","protected":false},"excerpt":{"rendered":"<p>Alt\u0131nc\u0131 \u00e7a\u011f\u0131r\u0131l\u0131\u015f Ukraina Yuqar\u0131 \u015euras\u0131n\u0131\u00f1 on birinci sessiyas\u0131 devam\u0131nda \u0130nsan, milliy azl\u0131qlarn\u0131\u00f1 aqlar\u0131 ve milletlerara munasebetler meseleleri boyunca komitet &#8220;Milliy mens\u00fcpligi boyunca s\u00fcrg\u00fcn etilgen \u015fah\u0131slarn\u0131\u00f1 aqlar\u0131n\u0131 \u011fayr\u0131dan tiklev aqq\u0131nda&#8221; qanun leyhas\u0131n\u0131 ekinci oquv muzakeresine az\u0131rlamaqn\u0131 planla\u015ft\u0131ra. Bu aqta&nbsp;Ukraina Yuqar\u0131 \u015euras\u0131n\u0131\u00f1 resmiy saifesi&nbsp;haber bere. 2012 senesi iy\u00fcn 20-de Ukraina Yuqar\u0131 \u015euras\u0131 taraf\u0131ndan qabul etilgen vesiqa\u011fa(\u21165515) binaen [&hellip;]<\/p>\n","protected":false},"author":1,"featured_media":0,"comment_status":"open","ping_status":"open","sticky":false,"template":"","format":"standard","meta":{"inline_featured_image":false,"footnotes":""},"categories":[265],"tags":[],"class_list":["post-33042","post","type-post","status-publish","format-standard","hentry","category-haberler"],"acf":[],"yoast_head":"<!-- This site is optimized with the Yoast SEO plugin v27.4 - https:\/\/yoast.com\/product\/yoast-seo-wordpress\/ -->\n<title>\u00abMilliy mens\u00fcpligi boyunca s\u00fcrg\u00fcn etilgen \u015fah\u0131slarn\u0131\u00f1 aqlar\u0131n\u0131 \u011fayr\u0131dan tiklev aqq\u0131nda\u00bb qanun leyhas\u0131 ekinci oquv muzakeresine az\u0131rlan\u0131la - \u041c\u0435\u0434\u0436\u043b\u0456\u0441<\/title>\n<meta name=\"robots\" content=\"index, follow, max-snippet:-1, max-image-preview:large, max-video-preview:-1\" \/>\n<link rel=\"canonical\" href=\"https:\/\/qtmm.org\/qt\/milliy-mensupligi-boyunca-surgun-etilgen-sahislarnin-aqlarini-gayridan-tiklev-aqqinda-qanun-leyhasi-ekinci-oquv-muzakeresine-azirlanila\/\" \/>\n<meta property=\"og:locale\" content=\"en_US\" \/>\n<meta property=\"og:type\" content=\"article\" \/>\n<meta property=\"og:title\" content=\"\u00abMilliy mens\u00fcpligi boyunca s\u00fcrg\u00fcn etilgen \u015fah\u0131slarn\u0131\u00f1 aqlar\u0131n\u0131 \u011fayr\u0131dan tiklev aqq\u0131nda\u00bb qanun leyhas\u0131 ekinci oquv muzakeresine az\u0131rlan\u0131la - \u041c\u0435\u0434\u0436\u043b\u0456\u0441\" \/>\n<meta property=\"og:description\" content=\"Alt\u0131nc\u0131 \u00e7a\u011f\u0131r\u0131l\u0131\u015f Ukraina Yuqar\u0131 \u015euras\u0131n\u0131\u00f1 on birinci sessiyas\u0131 devam\u0131nda \u0130nsan, milliy azl\u0131qlarn\u0131\u00f1 aqlar\u0131 ve milletlerara munasebetler meseleleri boyunca komitet &#8220;Milliy mens\u00fcpligi boyunca s\u00fcrg\u00fcn etilgen \u015fah\u0131slarn\u0131\u00f1 aqlar\u0131n\u0131 \u011fayr\u0131dan tiklev aqq\u0131nda&#8221; qanun leyhas\u0131n\u0131 ekinci oquv muzakeresine az\u0131rlamaqn\u0131 planla\u015ft\u0131ra. Bu aqta&nbsp;Ukraina Yuqar\u0131 \u015euras\u0131n\u0131\u00f1 resmiy saifesi&nbsp;haber bere. 2012 senesi iy\u00fcn 20-de Ukraina Yuqar\u0131 \u015euras\u0131 taraf\u0131ndan qabul etilgen vesiqa\u011fa(\u21165515) binaen [&hellip;]\" \/>\n<meta property=\"og:url\" content=\"https:\/\/qtmm.org\/qt\/milliy-mensupligi-boyunca-surgun-etilgen-sahislarnin-aqlarini-gayridan-tiklev-aqqinda-qanun-leyhasi-ekinci-oquv-muzakeresine-azirlanila\/\" \/>\n<meta property=\"og:site_name\" content=\"\u041c\u0435\u0434\u0436\u043b\u0456\u0441\" \/>\n<meta property=\"article:publisher\" content=\"https:\/\/www.facebook.com\/qtmm.info\/\" \/>\n<meta property=\"article:published_time\" content=\"2012-08-10T20:36:00+00:00\" \/>\n<meta property=\"article:modified_time\" content=\"2022-01-21T20:37:10+00:00\" \/>\n<meta name=\"author\" content=\"Developer\" \/>\n<meta name=\"twitter:card\" content=\"summary_large_image\" \/>\n<meta name=\"twitter:label1\" content=\"Written by\" \/>\n\t<meta name=\"twitter:data1\" content=\"Developer\" \/>\n\t<meta name=\"twitter:label2\" content=\"Est. reading time\" \/>\n\t<meta name=\"twitter:data2\" content=\"2 minutes\" \/>\n<script type=\"application\/ld+json\" class=\"yoast-schema-graph\">{\"@context\":\"https:\\\/\\\/schema.org\",\"@graph\":[{\"@type\":\"Article\",\"@id\":\"https:\\\/\\\/qtmm.org\\\/qt\\\/milliy-mensupligi-boyunca-surgun-etilgen-sahislarnin-aqlarini-gayridan-tiklev-aqqinda-qanun-leyhasi-ekinci-oquv-muzakeresine-azirlanila\\\/#article\",\"isPartOf\":{\"@id\":\"https:\\\/\\\/qtmm.org\\\/qt\\\/milliy-mensupligi-boyunca-surgun-etilgen-sahislarnin-aqlarini-gayridan-tiklev-aqqinda-qanun-leyhasi-ekinci-oquv-muzakeresine-azirlanila\\\/\"},\"author\":{\"name\":\"Developer\",\"@id\":\"https:\\\/\\\/qtmm.org\\\/qt\\\/#\\\/schema\\\/person\\\/de562469f971dec226ac06e60bbf74a7\"},\"headline\":\"\u00abMilliy mens\u00fcpligi boyunca s\u00fcrg\u00fcn etilgen \u015fah\u0131slarn\u0131\u00f1 aqlar\u0131n\u0131 \u011fayr\u0131dan tiklev aqq\u0131nda\u00bb qanun leyhas\u0131 ekinci oquv muzakeresine az\u0131rlan\u0131la\",\"datePublished\":\"2012-08-10T20:36:00+00:00\",\"dateModified\":\"2022-01-21T20:37:10+00:00\",\"mainEntityOfPage\":{\"@id\":\"https:\\\/\\\/qtmm.org\\\/qt\\\/milliy-mensupligi-boyunca-surgun-etilgen-sahislarnin-aqlarini-gayridan-tiklev-aqqinda-qanun-leyhasi-ekinci-oquv-muzakeresine-azirlanila\\\/\"},\"wordCount\":473,\"commentCount\":0,\"publisher\":{\"@id\":\"https:\\\/\\\/qtmm.org\\\/qt\\\/#organization\"},\"articleSection\":[\"Haberler\"],\"inLanguage\":\"qt\",\"potentialAction\":[{\"@type\":\"CommentAction\",\"name\":\"Comment\",\"target\":[\"https:\\\/\\\/qtmm.org\\\/qt\\\/milliy-mensupligi-boyunca-surgun-etilgen-sahislarnin-aqlarini-gayridan-tiklev-aqqinda-qanun-leyhasi-ekinci-oquv-muzakeresine-azirlanila\\\/#respond\"]}]},{\"@type\":\"WebPage\",\"@id\":\"https:\\\/\\\/qtmm.org\\\/qt\\\/milliy-mensupligi-boyunca-surgun-etilgen-sahislarnin-aqlarini-gayridan-tiklev-aqqinda-qanun-leyhasi-ekinci-oquv-muzakeresine-azirlanila\\\/\",\"url\":\"https:\\\/\\\/qtmm.org\\\/qt\\\/milliy-mensupligi-boyunca-surgun-etilgen-sahislarnin-aqlarini-gayridan-tiklev-aqqinda-qanun-leyhasi-ekinci-oquv-muzakeresine-azirlanila\\\/\",\"name\":\"\u00abMilliy mens\u00fcpligi boyunca s\u00fcrg\u00fcn etilgen \u015fah\u0131slarn\u0131\u00f1 aqlar\u0131n\u0131 \u011fayr\u0131dan tiklev aqq\u0131nda\u00bb qanun leyhas\u0131 ekinci oquv muzakeresine az\u0131rlan\u0131la - \u041c\u0435\u0434\u0436\u043b\u0456\u0441\",\"isPartOf\":{\"@id\":\"https:\\\/\\\/qtmm.org\\\/qt\\\/#website\"},\"datePublished\":\"2012-08-10T20:36:00+00:00\",\"dateModified\":\"2022-01-21T20:37:10+00:00\",\"breadcrumb\":{\"@id\":\"https:\\\/\\\/qtmm.org\\\/qt\\\/milliy-mensupligi-boyunca-surgun-etilgen-sahislarnin-aqlarini-gayridan-tiklev-aqqinda-qanun-leyhasi-ekinci-oquv-muzakeresine-azirlanila\\\/#breadcrumb\"},\"inLanguage\":\"qt\",\"potentialAction\":[{\"@type\":\"ReadAction\",\"target\":[\"https:\\\/\\\/qtmm.org\\\/qt\\\/milliy-mensupligi-boyunca-surgun-etilgen-sahislarnin-aqlarini-gayridan-tiklev-aqqinda-qanun-leyhasi-ekinci-oquv-muzakeresine-azirlanila\\\/\"]}]},{\"@type\":\"BreadcrumbList\",\"@id\":\"https:\\\/\\\/qtmm.org\\\/qt\\\/milliy-mensupligi-boyunca-surgun-etilgen-sahislarnin-aqlarini-gayridan-tiklev-aqqinda-qanun-leyhasi-ekinci-oquv-muzakeresine-azirlanila\\\/#breadcrumb\",\"itemListElement\":[{\"@type\":\"ListItem\",\"position\":1,\"name\":\"\u0413\u043e\u043b\u043e\u0432\u043d\u0430\",\"item\":\"https:\\\/\\\/qtmm.org\\\/qt\\\/\"},{\"@type\":\"ListItem\",\"position\":2,\"name\":\"\u00abMilliy mens\u00fcpligi boyunca s\u00fcrg\u00fcn etilgen \u015fah\u0131slarn\u0131\u00f1 aqlar\u0131n\u0131 \u011fayr\u0131dan tiklev aqq\u0131nda\u00bb qanun leyhas\u0131 ekinci oquv muzakeresine az\u0131rlan\u0131la\"}]},{\"@type\":\"WebSite\",\"@id\":\"https:\\\/\\\/qtmm.org\\\/qt\\\/#website\",\"url\":\"https:\\\/\\\/qtmm.org\\\/qt\\\/\",\"name\":\"\u041c\u0435\u0434\u0436\u043b\u0456\u0441\",\"description\":\"\",\"publisher\":{\"@id\":\"https:\\\/\\\/qtmm.org\\\/qt\\\/#organization\"},\"potentialAction\":[{\"@type\":\"SearchAction\",\"target\":{\"@type\":\"EntryPoint\",\"urlTemplate\":\"https:\\\/\\\/qtmm.org\\\/qt\\\/?s={search_term_string}\"},\"query-input\":{\"@type\":\"PropertyValueSpecification\",\"valueRequired\":true,\"valueName\":\"search_term_string\"}}],\"inLanguage\":\"qt\"},{\"@type\":\"Organization\",\"@id\":\"https:\\\/\\\/qtmm.org\\\/qt\\\/#organization\",\"name\":\"\u041c\u0435\u0434\u0436\u043b\u0456\u0441\",\"url\":\"https:\\\/\\\/qtmm.org\\\/qt\\\/\",\"logo\":{\"@type\":\"ImageObject\",\"inLanguage\":\"qt\",\"@id\":\"https:\\\/\\\/qtmm.org\\\/qt\\\/#\\\/schema\\\/logo\\\/image\\\/\",\"url\":\"https:\\\/\\\/qtmm.org\\\/wp-content\\\/uploads\\\/2024\\\/12\\\/ua-mejlis-logo-rgb.svg\",\"contentUrl\":\"https:\\\/\\\/qtmm.org\\\/wp-content\\\/uploads\\\/2024\\\/12\\\/ua-mejlis-logo-rgb.svg\",\"caption\":\"\u041c\u0435\u0434\u0436\u043b\u0456\u0441\"},\"image\":{\"@id\":\"https:\\\/\\\/qtmm.org\\\/qt\\\/#\\\/schema\\\/logo\\\/image\\\/\"},\"sameAs\":[\"https:\\\/\\\/www.facebook.com\\\/qtmm.info\\\/\"]},{\"@type\":\"Person\",\"@id\":\"https:\\\/\\\/qtmm.org\\\/qt\\\/#\\\/schema\\\/person\\\/de562469f971dec226ac06e60bbf74a7\",\"name\":\"Developer\",\"image\":{\"@type\":\"ImageObject\",\"inLanguage\":\"qt\",\"@id\":\"https:\\\/\\\/secure.gravatar.com\\\/avatar\\\/392b4cc8fbfeb00b39dfeeab4ee6edded39ffd48e25858637e4765810300227e?s=96&d=mm&r=g\",\"url\":\"https:\\\/\\\/secure.gravatar.com\\\/avatar\\\/392b4cc8fbfeb00b39dfeeab4ee6edded39ffd48e25858637e4765810300227e?s=96&d=mm&r=g\",\"contentUrl\":\"https:\\\/\\\/secure.gravatar.com\\\/avatar\\\/392b4cc8fbfeb00b39dfeeab4ee6edded39ffd48e25858637e4765810300227e?s=96&d=mm&r=g\",\"caption\":\"Developer\"},\"url\":\"https:\\\/\\\/qtmm.org\\\/qt\\\/author\\\/Developer\\\/\"}]}<\/script>\n<!-- \/ Yoast SEO plugin. -->","yoast_head_json":{"title":"\u00abMilliy mens\u00fcpligi boyunca s\u00fcrg\u00fcn etilgen \u015fah\u0131slarn\u0131\u00f1 aqlar\u0131n\u0131 \u011fayr\u0131dan tiklev aqq\u0131nda\u00bb qanun leyhas\u0131 ekinci oquv muzakeresine az\u0131rlan\u0131la - \u041c\u0435\u0434\u0436\u043b\u0456\u0441","robots":{"index":"index","follow":"follow","max-snippet":"max-snippet:-1","max-image-preview":"max-image-preview:large","max-video-preview":"max-video-preview:-1"},"canonical":"https:\/\/qtmm.org\/qt\/milliy-mensupligi-boyunca-surgun-etilgen-sahislarnin-aqlarini-gayridan-tiklev-aqqinda-qanun-leyhasi-ekinci-oquv-muzakeresine-azirlanila\/","og_locale":"en_US","og_type":"article","og_title":"\u00abMilliy mens\u00fcpligi boyunca s\u00fcrg\u00fcn etilgen \u015fah\u0131slarn\u0131\u00f1 aqlar\u0131n\u0131 \u011fayr\u0131dan tiklev aqq\u0131nda\u00bb qanun leyhas\u0131 ekinci oquv muzakeresine az\u0131rlan\u0131la - \u041c\u0435\u0434\u0436\u043b\u0456\u0441","og_description":"Alt\u0131nc\u0131 \u00e7a\u011f\u0131r\u0131l\u0131\u015f Ukraina Yuqar\u0131 \u015euras\u0131n\u0131\u00f1 on birinci sessiyas\u0131 devam\u0131nda \u0130nsan, milliy azl\u0131qlarn\u0131\u00f1 aqlar\u0131 ve milletlerara munasebetler meseleleri boyunca komitet &#8220;Milliy mens\u00fcpligi boyunca s\u00fcrg\u00fcn etilgen \u015fah\u0131slarn\u0131\u00f1 aqlar\u0131n\u0131 \u011fayr\u0131dan tiklev aqq\u0131nda&#8221; qanun leyhas\u0131n\u0131 ekinci oquv muzakeresine az\u0131rlamaqn\u0131 planla\u015ft\u0131ra. Bu aqta&nbsp;Ukraina Yuqar\u0131 \u015euras\u0131n\u0131\u00f1 resmiy saifesi&nbsp;haber bere. 2012 senesi iy\u00fcn 20-de Ukraina Yuqar\u0131 \u015euras\u0131 taraf\u0131ndan qabul etilgen vesiqa\u011fa(\u21165515) binaen [&hellip;]","og_url":"https:\/\/qtmm.org\/qt\/milliy-mensupligi-boyunca-surgun-etilgen-sahislarnin-aqlarini-gayridan-tiklev-aqqinda-qanun-leyhasi-ekinci-oquv-muzakeresine-azirlanila\/","og_site_name":"\u041c\u0435\u0434\u0436\u043b\u0456\u0441","article_publisher":"https:\/\/www.facebook.com\/qtmm.info\/","article_published_time":"2012-08-10T20:36:00+00:00","article_modified_time":"2022-01-21T20:37:10+00:00","author":"Developer","twitter_card":"summary_large_image","twitter_misc":{"Written by":"Developer","Est. reading time":"2 minutes"},"schema":{"@context":"https:\/\/schema.org","@graph":[{"@type":"Article","@id":"https:\/\/qtmm.org\/qt\/milliy-mensupligi-boyunca-surgun-etilgen-sahislarnin-aqlarini-gayridan-tiklev-aqqinda-qanun-leyhasi-ekinci-oquv-muzakeresine-azirlanila\/#article","isPartOf":{"@id":"https:\/\/qtmm.org\/qt\/milliy-mensupligi-boyunca-surgun-etilgen-sahislarnin-aqlarini-gayridan-tiklev-aqqinda-qanun-leyhasi-ekinci-oquv-muzakeresine-azirlanila\/"},"author":{"name":"Developer","@id":"https:\/\/qtmm.org\/qt\/#\/schema\/person\/de562469f971dec226ac06e60bbf74a7"},"headline":"\u00abMilliy mens\u00fcpligi boyunca s\u00fcrg\u00fcn etilgen \u015fah\u0131slarn\u0131\u00f1 aqlar\u0131n\u0131 \u011fayr\u0131dan tiklev aqq\u0131nda\u00bb qanun leyhas\u0131 ekinci oquv muzakeresine az\u0131rlan\u0131la","datePublished":"2012-08-10T20:36:00+00:00","dateModified":"2022-01-21T20:37:10+00:00","mainEntityOfPage":{"@id":"https:\/\/qtmm.org\/qt\/milliy-mensupligi-boyunca-surgun-etilgen-sahislarnin-aqlarini-gayridan-tiklev-aqqinda-qanun-leyhasi-ekinci-oquv-muzakeresine-azirlanila\/"},"wordCount":473,"commentCount":0,"publisher":{"@id":"https:\/\/qtmm.org\/qt\/#organization"},"articleSection":["Haberler"],"inLanguage":"qt","potentialAction":[{"@type":"CommentAction","name":"Comment","target":["https:\/\/qtmm.org\/qt\/milliy-mensupligi-boyunca-surgun-etilgen-sahislarnin-aqlarini-gayridan-tiklev-aqqinda-qanun-leyhasi-ekinci-oquv-muzakeresine-azirlanila\/#respond"]}]},{"@type":"WebPage","@id":"https:\/\/qtmm.org\/qt\/milliy-mensupligi-boyunca-surgun-etilgen-sahislarnin-aqlarini-gayridan-tiklev-aqqinda-qanun-leyhasi-ekinci-oquv-muzakeresine-azirlanila\/","url":"https:\/\/qtmm.org\/qt\/milliy-mensupligi-boyunca-surgun-etilgen-sahislarnin-aqlarini-gayridan-tiklev-aqqinda-qanun-leyhasi-ekinci-oquv-muzakeresine-azirlanila\/","name":"\u00abMilliy mens\u00fcpligi boyunca s\u00fcrg\u00fcn etilgen \u015fah\u0131slarn\u0131\u00f1 aqlar\u0131n\u0131 \u011fayr\u0131dan tiklev aqq\u0131nda\u00bb qanun leyhas\u0131 ekinci oquv muzakeresine az\u0131rlan\u0131la - \u041c\u0435\u0434\u0436\u043b\u0456\u0441","isPartOf":{"@id":"https:\/\/qtmm.org\/qt\/#website"},"datePublished":"2012-08-10T20:36:00+00:00","dateModified":"2022-01-21T20:37:10+00:00","breadcrumb":{"@id":"https:\/\/qtmm.org\/qt\/milliy-mensupligi-boyunca-surgun-etilgen-sahislarnin-aqlarini-gayridan-tiklev-aqqinda-qanun-leyhasi-ekinci-oquv-muzakeresine-azirlanila\/#breadcrumb"},"inLanguage":"qt","potentialAction":[{"@type":"ReadAction","target":["https:\/\/qtmm.org\/qt\/milliy-mensupligi-boyunca-surgun-etilgen-sahislarnin-aqlarini-gayridan-tiklev-aqqinda-qanun-leyhasi-ekinci-oquv-muzakeresine-azirlanila\/"]}]},{"@type":"BreadcrumbList","@id":"https:\/\/qtmm.org\/qt\/milliy-mensupligi-boyunca-surgun-etilgen-sahislarnin-aqlarini-gayridan-tiklev-aqqinda-qanun-leyhasi-ekinci-oquv-muzakeresine-azirlanila\/#breadcrumb","itemListElement":[{"@type":"ListItem","position":1,"name":"\u0413\u043e\u043b\u043e\u0432\u043d\u0430","item":"https:\/\/qtmm.org\/qt\/"},{"@type":"ListItem","position":2,"name":"\u00abMilliy mens\u00fcpligi boyunca s\u00fcrg\u00fcn etilgen \u015fah\u0131slarn\u0131\u00f1 aqlar\u0131n\u0131 \u011fayr\u0131dan tiklev aqq\u0131nda\u00bb qanun leyhas\u0131 ekinci oquv muzakeresine az\u0131rlan\u0131la"}]},{"@type":"WebSite","@id":"https:\/\/qtmm.org\/qt\/#website","url":"https:\/\/qtmm.org\/qt\/","name":"\u041c\u0435\u0434\u0436\u043b\u0456\u0441","description":"","publisher":{"@id":"https:\/\/qtmm.org\/qt\/#organization"},"potentialAction":[{"@type":"SearchAction","target":{"@type":"EntryPoint","urlTemplate":"https:\/\/qtmm.org\/qt\/?s={search_term_string}"},"query-input":{"@type":"PropertyValueSpecification","valueRequired":true,"valueName":"search_term_string"}}],"inLanguage":"qt"},{"@type":"Organization","@id":"https:\/\/qtmm.org\/qt\/#organization","name":"\u041c\u0435\u0434\u0436\u043b\u0456\u0441","url":"https:\/\/qtmm.org\/qt\/","logo":{"@type":"ImageObject","inLanguage":"qt","@id":"https:\/\/qtmm.org\/qt\/#\/schema\/logo\/image\/","url":"https:\/\/qtmm.org\/wp-content\/uploads\/2024\/12\/ua-mejlis-logo-rgb.svg","contentUrl":"https:\/\/qtmm.org\/wp-content\/uploads\/2024\/12\/ua-mejlis-logo-rgb.svg","caption":"\u041c\u0435\u0434\u0436\u043b\u0456\u0441"},"image":{"@id":"https:\/\/qtmm.org\/qt\/#\/schema\/logo\/image\/"},"sameAs":["https:\/\/www.facebook.com\/qtmm.info\/"]},{"@type":"Person","@id":"https:\/\/qtmm.org\/qt\/#\/schema\/person\/de562469f971dec226ac06e60bbf74a7","name":"Developer","image":{"@type":"ImageObject","inLanguage":"qt","@id":"https:\/\/secure.gravatar.com\/avatar\/392b4cc8fbfeb00b39dfeeab4ee6edded39ffd48e25858637e4765810300227e?s=96&d=mm&r=g","url":"https:\/\/secure.gravatar.com\/avatar\/392b4cc8fbfeb00b39dfeeab4ee6edded39ffd48e25858637e4765810300227e?s=96&d=mm&r=g","contentUrl":"https:\/\/secure.gravatar.com\/avatar\/392b4cc8fbfeb00b39dfeeab4ee6edded39ffd48e25858637e4765810300227e?s=96&d=mm&r=g","caption":"Developer"},"url":"https:\/\/qtmm.org\/qt\/author\/Developer\/"}]}},"_links":{"self":[{"href":"https:\/\/qtmm.org\/qt\/wp-json\/wp\/v2\/posts\/33042","targetHints":{"allow":["GET"]}}],"collection":[{"href":"https:\/\/qtmm.org\/qt\/wp-json\/wp\/v2\/posts"}],"about":[{"href":"https:\/\/qtmm.org\/qt\/wp-json\/wp\/v2\/types\/post"}],"author":[{"embeddable":true,"href":"https:\/\/qtmm.org\/qt\/wp-json\/wp\/v2\/users\/1"}],"replies":[{"embeddable":true,"href":"https:\/\/qtmm.org\/qt\/wp-json\/wp\/v2\/comments?post=33042"}],"version-history":[{"count":1,"href":"https:\/\/qtmm.org\/qt\/wp-json\/wp\/v2\/posts\/33042\/revisions"}],"predecessor-version":[{"id":33051,"href":"https:\/\/qtmm.org\/qt\/wp-json\/wp\/v2\/posts\/33042\/revisions\/33051"}],"wp:attachment":[{"href":"https:\/\/qtmm.org\/qt\/wp-json\/wp\/v2\/media?parent=33042"}],"wp:term":[{"taxonomy":"category","embeddable":true,"href":"https:\/\/qtmm.org\/qt\/wp-json\/wp\/v2\/categories?post=33042"},{"taxonomy":"post_tag","embeddable":true,"href":"https:\/\/qtmm.org\/qt\/wp-json\/wp\/v2\/tags?post=33042"}],"curies":[{"name":"wp","href":"https:\/\/api.w.org\/{rel}","templated":true}]}}