




{"id":33028,"date":"2012-08-08T23:34:00","date_gmt":"2012-08-08T20:34:00","guid":{"rendered":"http:\/\/qtmm.org\/?p=33028"},"modified":"2022-01-21T23:36:06","modified_gmt":"2022-01-21T20:36:06","slug":"aqmescitte-belli-olmagan-sahislar-surgunlik-qurbanlarinin-abidesini-aqaret-ettiler","status":"publish","type":"post","link":"https:\/\/qtmm.org\/qt\/aqmescitte-belli-olmagan-sahislar-surgunlik-qurbanlarinin-abidesini-aqaret-ettiler\/","title":{"rendered":"Aqmescitte belli olma\u011fan \u015fah\u0131slar s\u00fcrg\u00fcnlik qurbanlar\u0131n\u0131\u00f1 abidesini aqaret ettiler"},"content":{"rendered":"\n<p>Aqmescitni\u00f1 Sal\u011f\u0131r ba\u011f\u00e7as\u0131nda q\u0131r\u0131mtatar halq\u0131 s\u00fcrg\u00fcnligini\u00f1 qurbanlar\u0131na qoyul\u011fan abide nevbetteki vandalizm \u00fcc\u00fcmine o\u011frad\u0131.<\/p>\n\n\n\n<p>Bellisiz \u015fah\u0131slar q\u0131r\u0131mtatarlar s\u00fcrg\u00fcn etilgen cumhuriyetlerni\u00f1 adlar\u0131 yaz\u0131l\u011fan ta\u015flar\u011fa, bun\u0131\u00f1 kibi de TMU botanika ba\u011f\u00e7as\u0131n\u0131\u00f1 qoras\u0131na mor boyanen fa\u015fistlerni\u00f1 \u011famal\u0131 ha\u00e7\u0131n\u0131 \u00e7\u0131zd\u0131lar.<\/p>\n\n\n\n<p>&#8220;Rusiye&#8221; dep yaz\u0131l\u011fan ta\u015fqa toqun\u0131lmay\u0131p, \u015fu yerde &#8220;Ya Ukraina qayda?&#8221; degen sual yaz\u0131l\u011fan.\u00a0<\/p>\n\n\n\n<p>Meclis K\u00e2tibiyetini\u00f1 ba\u015f\u0131 Zair Smedl\u00e2yev ve Aqmescit regional meclis azalar\u0131 adise y\u00fcz bergen yerge bar\u0131p, old\u011fan \u015feyni video ve fotokameralar\u011fa \u00e7ektiler ve Ukraina \u0130\u00e7ki i\u015fler nazirligini\u00f1 Q\u0131r\u0131mdaki Ba\u015f idaresi Kiyev rayon b\u00f6l\u00fcgine haber ettiler.&nbsp;<\/p>\n\n\n\n<p>&#8220;Evelki vandalizm areketleri i\u00e7\u00fcn i\u00e7 kimse cezalanma\u011fan\u0131 i\u015fte b\u00f6yle aqibetke ketire, bir \u011famal\u0131 ha\u00e7 yerine endi q\u0131r\u0131mtatar halq\u0131na dair yerlerde onlarnen b\u00f6yle belgiler peyda ola&#8221;, &#8211; dedi Zair Smedl\u00e2yev adisege izaat berirken.&nbsp;<\/p>\n\n\n\n<p>\u015eun\u0131 qayd etmeli ki, mezk\u00fcr abide Ukraina halq deputat\u0131 Rinat Ahmetovn\u0131\u00f1 maddiy qoltutuv\u0131nda tiklengen edi.&nbsp;<\/p>\n\n\n\n<p><em>Hat\u0131rlatam\u0131z ki, iy\u00fcl 15-ten 16-s\u0131na ke\u00e7er gecesi t\u0131pq\u0131 b\u00f6yle ha\u00e7nen SSSRni\u00f1 Eki defa qaraman\u0131, efsaneviy u\u00e7uc\u0131 Amethan Sultann\u0131\u00f1 portreti bozul\u011fan edi. Bir qa\u00e7 k\u00fcnden so\u00f1 bellisiz \u015fah\u0131slar mor boyanen Aqmescitte \u0130smail Gasprinskiy eykeli yan\u0131nda \u00e7aq\u0131l \u00fcst\u00fcnde milliy bayraq tasvirine de ha\u00e7 \u00e7\u0131z\u011fan ediler.&nbsp;<\/em><\/p>\n","protected":false},"excerpt":{"rendered":"<p>Aqmescitni\u00f1 Sal\u011f\u0131r ba\u011f\u00e7as\u0131nda q\u0131r\u0131mtatar halq\u0131 s\u00fcrg\u00fcnligini\u00f1 qurbanlar\u0131na qoyul\u011fan abide nevbetteki vandalizm \u00fcc\u00fcmine o\u011frad\u0131. Bellisiz \u015fah\u0131slar q\u0131r\u0131mtatarlar s\u00fcrg\u00fcn etilgen cumhuriyetlerni\u00f1 adlar\u0131 yaz\u0131l\u011fan ta\u015flar\u011fa, bun\u0131\u00f1 kibi de TMU botanika ba\u011f\u00e7as\u0131n\u0131\u00f1 qoras\u0131na mor boyanen fa\u015fistlerni\u00f1 \u011famal\u0131 ha\u00e7\u0131n\u0131 \u00e7\u0131zd\u0131lar. &#8220;Rusiye&#8221; dep yaz\u0131l\u011fan ta\u015fqa toqun\u0131lmay\u0131p, \u015fu yerde &#8220;Ya Ukraina qayda?&#8221; degen sual yaz\u0131l\u011fan.\u00a0 Meclis K\u00e2tibiyetini\u00f1 ba\u015f\u0131 Zair Smedl\u00e2yev ve Aqmescit [&hellip;]<\/p>\n","protected":false},"author":1,"featured_media":33030,"comment_status":"open","ping_status":"open","sticky":false,"template":"","format":"standard","meta":{"inline_featured_image":false,"footnotes":""},"categories":[265],"tags":[],"class_list":["post-33028","post","type-post","status-publish","format-standard","has-post-thumbnail","hentry","category-haberler"],"acf":[],"yoast_head":"<!-- This site is optimized with the Yoast SEO plugin v27.4 - https:\/\/yoast.com\/product\/yoast-seo-wordpress\/ -->\n<title>Aqmescitte belli olma\u011fan \u015fah\u0131slar s\u00fcrg\u00fcnlik qurbanlar\u0131n\u0131\u00f1 abidesini aqaret ettiler - \u041c\u0435\u0434\u0436\u043b\u0456\u0441<\/title>\n<meta name=\"robots\" content=\"index, follow, max-snippet:-1, max-image-preview:large, max-video-preview:-1\" \/>\n<link rel=\"canonical\" href=\"https:\/\/qtmm.org\/qt\/aqmescitte-belli-olmagan-sahislar-surgunlik-qurbanlarinin-abidesini-aqaret-ettiler\/\" \/>\n<meta property=\"og:locale\" content=\"en_US\" \/>\n<meta property=\"og:type\" content=\"article\" \/>\n<meta property=\"og:title\" content=\"Aqmescitte belli olma\u011fan \u015fah\u0131slar s\u00fcrg\u00fcnlik qurbanlar\u0131n\u0131\u00f1 abidesini aqaret ettiler - \u041c\u0435\u0434\u0436\u043b\u0456\u0441\" \/>\n<meta property=\"og:description\" content=\"Aqmescitni\u00f1 Sal\u011f\u0131r ba\u011f\u00e7as\u0131nda q\u0131r\u0131mtatar halq\u0131 s\u00fcrg\u00fcnligini\u00f1 qurbanlar\u0131na qoyul\u011fan abide nevbetteki vandalizm \u00fcc\u00fcmine o\u011frad\u0131. Bellisiz \u015fah\u0131slar q\u0131r\u0131mtatarlar s\u00fcrg\u00fcn etilgen cumhuriyetlerni\u00f1 adlar\u0131 yaz\u0131l\u011fan ta\u015flar\u011fa, bun\u0131\u00f1 kibi de TMU botanika ba\u011f\u00e7as\u0131n\u0131\u00f1 qoras\u0131na mor boyanen fa\u015fistlerni\u00f1 \u011famal\u0131 ha\u00e7\u0131n\u0131 \u00e7\u0131zd\u0131lar. &#8220;Rusiye&#8221; dep yaz\u0131l\u011fan ta\u015fqa toqun\u0131lmay\u0131p, \u015fu yerde &#8220;Ya Ukraina qayda?&#8221; degen sual yaz\u0131l\u011fan.\u00a0 Meclis K\u00e2tibiyetini\u00f1 ba\u015f\u0131 Zair Smedl\u00e2yev ve Aqmescit [&hellip;]\" \/>\n<meta property=\"og:url\" content=\"https:\/\/qtmm.org\/qt\/aqmescitte-belli-olmagan-sahislar-surgunlik-qurbanlarinin-abidesini-aqaret-ettiler\/\" \/>\n<meta property=\"og:site_name\" content=\"\u041c\u0435\u0434\u0436\u043b\u0456\u0441\" \/>\n<meta property=\"article:publisher\" content=\"https:\/\/www.facebook.com\/qtmm.info\/\" \/>\n<meta property=\"article:published_time\" content=\"2012-08-08T20:34:00+00:00\" \/>\n<meta property=\"article:modified_time\" content=\"2022-01-21T20:36:06+00:00\" \/>\n<meta property=\"og:image\" content=\"https:\/\/qtmm.org\/wp-content\/uploads\/2022\/01\/p8070044.jpeg\" \/>\n\t<meta property=\"og:image:width\" content=\"800\" \/>\n\t<meta property=\"og:image:height\" content=\"600\" \/>\n\t<meta property=\"og:image:type\" content=\"image\/jpeg\" \/>\n<meta name=\"author\" content=\"Developer\" \/>\n<meta name=\"twitter:card\" content=\"summary_large_image\" \/>\n<meta name=\"twitter:label1\" content=\"Written by\" \/>\n\t<meta name=\"twitter:data1\" content=\"Developer\" \/>\n\t<meta name=\"twitter:label2\" content=\"Est. reading time\" \/>\n\t<meta name=\"twitter:data2\" content=\"1 minute\" \/>\n<script type=\"application\/ld+json\" class=\"yoast-schema-graph\">{\"@context\":\"https:\\\/\\\/schema.org\",\"@graph\":[{\"@type\":\"Article\",\"@id\":\"https:\\\/\\\/qtmm.org\\\/qt\\\/aqmescitte-belli-olmagan-sahislar-surgunlik-qurbanlarinin-abidesini-aqaret-ettiler\\\/#article\",\"isPartOf\":{\"@id\":\"https:\\\/\\\/qtmm.org\\\/qt\\\/aqmescitte-belli-olmagan-sahislar-surgunlik-qurbanlarinin-abidesini-aqaret-ettiler\\\/\"},\"author\":{\"name\":\"Developer\",\"@id\":\"https:\\\/\\\/qtmm.org\\\/qt\\\/#\\\/schema\\\/person\\\/de562469f971dec226ac06e60bbf74a7\"},\"headline\":\"Aqmescitte belli olma\u011fan \u015fah\u0131slar s\u00fcrg\u00fcnlik qurbanlar\u0131n\u0131\u00f1 abidesini aqaret ettiler\",\"datePublished\":\"2012-08-08T20:34:00+00:00\",\"dateModified\":\"2022-01-21T20:36:06+00:00\",\"mainEntityOfPage\":{\"@id\":\"https:\\\/\\\/qtmm.org\\\/qt\\\/aqmescitte-belli-olmagan-sahislar-surgunlik-qurbanlarinin-abidesini-aqaret-ettiler\\\/\"},\"wordCount\":261,\"commentCount\":0,\"publisher\":{\"@id\":\"https:\\\/\\\/qtmm.org\\\/qt\\\/#organization\"},\"image\":{\"@id\":\"https:\\\/\\\/qtmm.org\\\/qt\\\/aqmescitte-belli-olmagan-sahislar-surgunlik-qurbanlarinin-abidesini-aqaret-ettiler\\\/#primaryimage\"},\"thumbnailUrl\":\"https:\\\/\\\/qtmm.org\\\/wp-content\\\/uploads\\\/2022\\\/01\\\/p8070044.jpeg\",\"articleSection\":[\"Haberler\"],\"inLanguage\":\"qt\",\"potentialAction\":[{\"@type\":\"CommentAction\",\"name\":\"Comment\",\"target\":[\"https:\\\/\\\/qtmm.org\\\/qt\\\/aqmescitte-belli-olmagan-sahislar-surgunlik-qurbanlarinin-abidesini-aqaret-ettiler\\\/#respond\"]}]},{\"@type\":\"WebPage\",\"@id\":\"https:\\\/\\\/qtmm.org\\\/qt\\\/aqmescitte-belli-olmagan-sahislar-surgunlik-qurbanlarinin-abidesini-aqaret-ettiler\\\/\",\"url\":\"https:\\\/\\\/qtmm.org\\\/qt\\\/aqmescitte-belli-olmagan-sahislar-surgunlik-qurbanlarinin-abidesini-aqaret-ettiler\\\/\",\"name\":\"Aqmescitte belli olma\u011fan \u015fah\u0131slar s\u00fcrg\u00fcnlik qurbanlar\u0131n\u0131\u00f1 abidesini aqaret ettiler - \u041c\u0435\u0434\u0436\u043b\u0456\u0441\",\"isPartOf\":{\"@id\":\"https:\\\/\\\/qtmm.org\\\/qt\\\/#website\"},\"primaryImageOfPage\":{\"@id\":\"https:\\\/\\\/qtmm.org\\\/qt\\\/aqmescitte-belli-olmagan-sahislar-surgunlik-qurbanlarinin-abidesini-aqaret-ettiler\\\/#primaryimage\"},\"image\":{\"@id\":\"https:\\\/\\\/qtmm.org\\\/qt\\\/aqmescitte-belli-olmagan-sahislar-surgunlik-qurbanlarinin-abidesini-aqaret-ettiler\\\/#primaryimage\"},\"thumbnailUrl\":\"https:\\\/\\\/qtmm.org\\\/wp-content\\\/uploads\\\/2022\\\/01\\\/p8070044.jpeg\",\"datePublished\":\"2012-08-08T20:34:00+00:00\",\"dateModified\":\"2022-01-21T20:36:06+00:00\",\"breadcrumb\":{\"@id\":\"https:\\\/\\\/qtmm.org\\\/qt\\\/aqmescitte-belli-olmagan-sahislar-surgunlik-qurbanlarinin-abidesini-aqaret-ettiler\\\/#breadcrumb\"},\"inLanguage\":\"qt\",\"potentialAction\":[{\"@type\":\"ReadAction\",\"target\":[\"https:\\\/\\\/qtmm.org\\\/qt\\\/aqmescitte-belli-olmagan-sahislar-surgunlik-qurbanlarinin-abidesini-aqaret-ettiler\\\/\"]}]},{\"@type\":\"ImageObject\",\"inLanguage\":\"qt\",\"@id\":\"https:\\\/\\\/qtmm.org\\\/qt\\\/aqmescitte-belli-olmagan-sahislar-surgunlik-qurbanlarinin-abidesini-aqaret-ettiler\\\/#primaryimage\",\"url\":\"https:\\\/\\\/qtmm.org\\\/wp-content\\\/uploads\\\/2022\\\/01\\\/p8070044.jpeg\",\"contentUrl\":\"https:\\\/\\\/qtmm.org\\\/wp-content\\\/uploads\\\/2022\\\/01\\\/p8070044.jpeg\",\"width\":800,\"height\":600},{\"@type\":\"BreadcrumbList\",\"@id\":\"https:\\\/\\\/qtmm.org\\\/qt\\\/aqmescitte-belli-olmagan-sahislar-surgunlik-qurbanlarinin-abidesini-aqaret-ettiler\\\/#breadcrumb\",\"itemListElement\":[{\"@type\":\"ListItem\",\"position\":1,\"name\":\"\u0413\u043e\u043b\u043e\u0432\u043d\u0430\",\"item\":\"https:\\\/\\\/qtmm.org\\\/qt\\\/\"},{\"@type\":\"ListItem\",\"position\":2,\"name\":\"Aqmescitte belli olma\u011fan \u015fah\u0131slar s\u00fcrg\u00fcnlik qurbanlar\u0131n\u0131\u00f1 abidesini aqaret ettiler\"}]},{\"@type\":\"WebSite\",\"@id\":\"https:\\\/\\\/qtmm.org\\\/qt\\\/#website\",\"url\":\"https:\\\/\\\/qtmm.org\\\/qt\\\/\",\"name\":\"\u041c\u0435\u0434\u0436\u043b\u0456\u0441\",\"description\":\"\",\"publisher\":{\"@id\":\"https:\\\/\\\/qtmm.org\\\/qt\\\/#organization\"},\"potentialAction\":[{\"@type\":\"SearchAction\",\"target\":{\"@type\":\"EntryPoint\",\"urlTemplate\":\"https:\\\/\\\/qtmm.org\\\/qt\\\/?s={search_term_string}\"},\"query-input\":{\"@type\":\"PropertyValueSpecification\",\"valueRequired\":true,\"valueName\":\"search_term_string\"}}],\"inLanguage\":\"qt\"},{\"@type\":\"Organization\",\"@id\":\"https:\\\/\\\/qtmm.org\\\/qt\\\/#organization\",\"name\":\"\u041c\u0435\u0434\u0436\u043b\u0456\u0441\",\"url\":\"https:\\\/\\\/qtmm.org\\\/qt\\\/\",\"logo\":{\"@type\":\"ImageObject\",\"inLanguage\":\"qt\",\"@id\":\"https:\\\/\\\/qtmm.org\\\/qt\\\/#\\\/schema\\\/logo\\\/image\\\/\",\"url\":\"https:\\\/\\\/qtmm.org\\\/wp-content\\\/uploads\\\/2024\\\/12\\\/ua-mejlis-logo-rgb.svg\",\"contentUrl\":\"https:\\\/\\\/qtmm.org\\\/wp-content\\\/uploads\\\/2024\\\/12\\\/ua-mejlis-logo-rgb.svg\",\"caption\":\"\u041c\u0435\u0434\u0436\u043b\u0456\u0441\"},\"image\":{\"@id\":\"https:\\\/\\\/qtmm.org\\\/qt\\\/#\\\/schema\\\/logo\\\/image\\\/\"},\"sameAs\":[\"https:\\\/\\\/www.facebook.com\\\/qtmm.info\\\/\"]},{\"@type\":\"Person\",\"@id\":\"https:\\\/\\\/qtmm.org\\\/qt\\\/#\\\/schema\\\/person\\\/de562469f971dec226ac06e60bbf74a7\",\"name\":\"Developer\",\"image\":{\"@type\":\"ImageObject\",\"inLanguage\":\"qt\",\"@id\":\"https:\\\/\\\/secure.gravatar.com\\\/avatar\\\/392b4cc8fbfeb00b39dfeeab4ee6edded39ffd48e25858637e4765810300227e?s=96&d=mm&r=g\",\"url\":\"https:\\\/\\\/secure.gravatar.com\\\/avatar\\\/392b4cc8fbfeb00b39dfeeab4ee6edded39ffd48e25858637e4765810300227e?s=96&d=mm&r=g\",\"contentUrl\":\"https:\\\/\\\/secure.gravatar.com\\\/avatar\\\/392b4cc8fbfeb00b39dfeeab4ee6edded39ffd48e25858637e4765810300227e?s=96&d=mm&r=g\",\"caption\":\"Developer\"},\"url\":\"https:\\\/\\\/qtmm.org\\\/qt\\\/author\\\/Developer\\\/\"}]}<\/script>\n<!-- \/ Yoast SEO plugin. -->","yoast_head_json":{"title":"Aqmescitte belli olma\u011fan \u015fah\u0131slar s\u00fcrg\u00fcnlik qurbanlar\u0131n\u0131\u00f1 abidesini aqaret ettiler - \u041c\u0435\u0434\u0436\u043b\u0456\u0441","robots":{"index":"index","follow":"follow","max-snippet":"max-snippet:-1","max-image-preview":"max-image-preview:large","max-video-preview":"max-video-preview:-1"},"canonical":"https:\/\/qtmm.org\/qt\/aqmescitte-belli-olmagan-sahislar-surgunlik-qurbanlarinin-abidesini-aqaret-ettiler\/","og_locale":"en_US","og_type":"article","og_title":"Aqmescitte belli olma\u011fan \u015fah\u0131slar s\u00fcrg\u00fcnlik qurbanlar\u0131n\u0131\u00f1 abidesini aqaret ettiler - \u041c\u0435\u0434\u0436\u043b\u0456\u0441","og_description":"Aqmescitni\u00f1 Sal\u011f\u0131r ba\u011f\u00e7as\u0131nda q\u0131r\u0131mtatar halq\u0131 s\u00fcrg\u00fcnligini\u00f1 qurbanlar\u0131na qoyul\u011fan abide nevbetteki vandalizm \u00fcc\u00fcmine o\u011frad\u0131. Bellisiz \u015fah\u0131slar q\u0131r\u0131mtatarlar s\u00fcrg\u00fcn etilgen cumhuriyetlerni\u00f1 adlar\u0131 yaz\u0131l\u011fan ta\u015flar\u011fa, bun\u0131\u00f1 kibi de TMU botanika ba\u011f\u00e7as\u0131n\u0131\u00f1 qoras\u0131na mor boyanen fa\u015fistlerni\u00f1 \u011famal\u0131 ha\u00e7\u0131n\u0131 \u00e7\u0131zd\u0131lar. &#8220;Rusiye&#8221; dep yaz\u0131l\u011fan ta\u015fqa toqun\u0131lmay\u0131p, \u015fu yerde &#8220;Ya Ukraina qayda?&#8221; degen sual yaz\u0131l\u011fan.\u00a0 Meclis K\u00e2tibiyetini\u00f1 ba\u015f\u0131 Zair Smedl\u00e2yev ve Aqmescit [&hellip;]","og_url":"https:\/\/qtmm.org\/qt\/aqmescitte-belli-olmagan-sahislar-surgunlik-qurbanlarinin-abidesini-aqaret-ettiler\/","og_site_name":"\u041c\u0435\u0434\u0436\u043b\u0456\u0441","article_publisher":"https:\/\/www.facebook.com\/qtmm.info\/","article_published_time":"2012-08-08T20:34:00+00:00","article_modified_time":"2022-01-21T20:36:06+00:00","og_image":[{"width":800,"height":600,"url":"https:\/\/qtmm.org\/wp-content\/uploads\/2022\/01\/p8070044.jpeg","type":"image\/jpeg"}],"author":"Developer","twitter_card":"summary_large_image","twitter_misc":{"Written by":"Developer","Est. reading time":"1 minute"},"schema":{"@context":"https:\/\/schema.org","@graph":[{"@type":"Article","@id":"https:\/\/qtmm.org\/qt\/aqmescitte-belli-olmagan-sahislar-surgunlik-qurbanlarinin-abidesini-aqaret-ettiler\/#article","isPartOf":{"@id":"https:\/\/qtmm.org\/qt\/aqmescitte-belli-olmagan-sahislar-surgunlik-qurbanlarinin-abidesini-aqaret-ettiler\/"},"author":{"name":"Developer","@id":"https:\/\/qtmm.org\/qt\/#\/schema\/person\/de562469f971dec226ac06e60bbf74a7"},"headline":"Aqmescitte belli olma\u011fan \u015fah\u0131slar s\u00fcrg\u00fcnlik qurbanlar\u0131n\u0131\u00f1 abidesini aqaret ettiler","datePublished":"2012-08-08T20:34:00+00:00","dateModified":"2022-01-21T20:36:06+00:00","mainEntityOfPage":{"@id":"https:\/\/qtmm.org\/qt\/aqmescitte-belli-olmagan-sahislar-surgunlik-qurbanlarinin-abidesini-aqaret-ettiler\/"},"wordCount":261,"commentCount":0,"publisher":{"@id":"https:\/\/qtmm.org\/qt\/#organization"},"image":{"@id":"https:\/\/qtmm.org\/qt\/aqmescitte-belli-olmagan-sahislar-surgunlik-qurbanlarinin-abidesini-aqaret-ettiler\/#primaryimage"},"thumbnailUrl":"https:\/\/qtmm.org\/wp-content\/uploads\/2022\/01\/p8070044.jpeg","articleSection":["Haberler"],"inLanguage":"qt","potentialAction":[{"@type":"CommentAction","name":"Comment","target":["https:\/\/qtmm.org\/qt\/aqmescitte-belli-olmagan-sahislar-surgunlik-qurbanlarinin-abidesini-aqaret-ettiler\/#respond"]}]},{"@type":"WebPage","@id":"https:\/\/qtmm.org\/qt\/aqmescitte-belli-olmagan-sahislar-surgunlik-qurbanlarinin-abidesini-aqaret-ettiler\/","url":"https:\/\/qtmm.org\/qt\/aqmescitte-belli-olmagan-sahislar-surgunlik-qurbanlarinin-abidesini-aqaret-ettiler\/","name":"Aqmescitte belli olma\u011fan \u015fah\u0131slar s\u00fcrg\u00fcnlik qurbanlar\u0131n\u0131\u00f1 abidesini aqaret ettiler - \u041c\u0435\u0434\u0436\u043b\u0456\u0441","isPartOf":{"@id":"https:\/\/qtmm.org\/qt\/#website"},"primaryImageOfPage":{"@id":"https:\/\/qtmm.org\/qt\/aqmescitte-belli-olmagan-sahislar-surgunlik-qurbanlarinin-abidesini-aqaret-ettiler\/#primaryimage"},"image":{"@id":"https:\/\/qtmm.org\/qt\/aqmescitte-belli-olmagan-sahislar-surgunlik-qurbanlarinin-abidesini-aqaret-ettiler\/#primaryimage"},"thumbnailUrl":"https:\/\/qtmm.org\/wp-content\/uploads\/2022\/01\/p8070044.jpeg","datePublished":"2012-08-08T20:34:00+00:00","dateModified":"2022-01-21T20:36:06+00:00","breadcrumb":{"@id":"https:\/\/qtmm.org\/qt\/aqmescitte-belli-olmagan-sahislar-surgunlik-qurbanlarinin-abidesini-aqaret-ettiler\/#breadcrumb"},"inLanguage":"qt","potentialAction":[{"@type":"ReadAction","target":["https:\/\/qtmm.org\/qt\/aqmescitte-belli-olmagan-sahislar-surgunlik-qurbanlarinin-abidesini-aqaret-ettiler\/"]}]},{"@type":"ImageObject","inLanguage":"qt","@id":"https:\/\/qtmm.org\/qt\/aqmescitte-belli-olmagan-sahislar-surgunlik-qurbanlarinin-abidesini-aqaret-ettiler\/#primaryimage","url":"https:\/\/qtmm.org\/wp-content\/uploads\/2022\/01\/p8070044.jpeg","contentUrl":"https:\/\/qtmm.org\/wp-content\/uploads\/2022\/01\/p8070044.jpeg","width":800,"height":600},{"@type":"BreadcrumbList","@id":"https:\/\/qtmm.org\/qt\/aqmescitte-belli-olmagan-sahislar-surgunlik-qurbanlarinin-abidesini-aqaret-ettiler\/#breadcrumb","itemListElement":[{"@type":"ListItem","position":1,"name":"\u0413\u043e\u043b\u043e\u0432\u043d\u0430","item":"https:\/\/qtmm.org\/qt\/"},{"@type":"ListItem","position":2,"name":"Aqmescitte belli olma\u011fan \u015fah\u0131slar s\u00fcrg\u00fcnlik qurbanlar\u0131n\u0131\u00f1 abidesini aqaret ettiler"}]},{"@type":"WebSite","@id":"https:\/\/qtmm.org\/qt\/#website","url":"https:\/\/qtmm.org\/qt\/","name":"\u041c\u0435\u0434\u0436\u043b\u0456\u0441","description":"","publisher":{"@id":"https:\/\/qtmm.org\/qt\/#organization"},"potentialAction":[{"@type":"SearchAction","target":{"@type":"EntryPoint","urlTemplate":"https:\/\/qtmm.org\/qt\/?s={search_term_string}"},"query-input":{"@type":"PropertyValueSpecification","valueRequired":true,"valueName":"search_term_string"}}],"inLanguage":"qt"},{"@type":"Organization","@id":"https:\/\/qtmm.org\/qt\/#organization","name":"\u041c\u0435\u0434\u0436\u043b\u0456\u0441","url":"https:\/\/qtmm.org\/qt\/","logo":{"@type":"ImageObject","inLanguage":"qt","@id":"https:\/\/qtmm.org\/qt\/#\/schema\/logo\/image\/","url":"https:\/\/qtmm.org\/wp-content\/uploads\/2024\/12\/ua-mejlis-logo-rgb.svg","contentUrl":"https:\/\/qtmm.org\/wp-content\/uploads\/2024\/12\/ua-mejlis-logo-rgb.svg","caption":"\u041c\u0435\u0434\u0436\u043b\u0456\u0441"},"image":{"@id":"https:\/\/qtmm.org\/qt\/#\/schema\/logo\/image\/"},"sameAs":["https:\/\/www.facebook.com\/qtmm.info\/"]},{"@type":"Person","@id":"https:\/\/qtmm.org\/qt\/#\/schema\/person\/de562469f971dec226ac06e60bbf74a7","name":"Developer","image":{"@type":"ImageObject","inLanguage":"qt","@id":"https:\/\/secure.gravatar.com\/avatar\/392b4cc8fbfeb00b39dfeeab4ee6edded39ffd48e25858637e4765810300227e?s=96&d=mm&r=g","url":"https:\/\/secure.gravatar.com\/avatar\/392b4cc8fbfeb00b39dfeeab4ee6edded39ffd48e25858637e4765810300227e?s=96&d=mm&r=g","contentUrl":"https:\/\/secure.gravatar.com\/avatar\/392b4cc8fbfeb00b39dfeeab4ee6edded39ffd48e25858637e4765810300227e?s=96&d=mm&r=g","caption":"Developer"},"url":"https:\/\/qtmm.org\/qt\/author\/Developer\/"}]}},"_links":{"self":[{"href":"https:\/\/qtmm.org\/qt\/wp-json\/wp\/v2\/posts\/33028","targetHints":{"allow":["GET"]}}],"collection":[{"href":"https:\/\/qtmm.org\/qt\/wp-json\/wp\/v2\/posts"}],"about":[{"href":"https:\/\/qtmm.org\/qt\/wp-json\/wp\/v2\/types\/post"}],"author":[{"embeddable":true,"href":"https:\/\/qtmm.org\/qt\/wp-json\/wp\/v2\/users\/1"}],"replies":[{"embeddable":true,"href":"https:\/\/qtmm.org\/qt\/wp-json\/wp\/v2\/comments?post=33028"}],"version-history":[{"count":1,"href":"https:\/\/qtmm.org\/qt\/wp-json\/wp\/v2\/posts\/33028\/revisions"}],"predecessor-version":[{"id":33037,"href":"https:\/\/qtmm.org\/qt\/wp-json\/wp\/v2\/posts\/33028\/revisions\/33037"}],"wp:featuredmedia":[{"embeddable":true,"href":"https:\/\/qtmm.org\/qt\/wp-json\/wp\/v2\/media\/33030"}],"wp:attachment":[{"href":"https:\/\/qtmm.org\/qt\/wp-json\/wp\/v2\/media?parent=33028"}],"wp:term":[{"taxonomy":"category","embeddable":true,"href":"https:\/\/qtmm.org\/qt\/wp-json\/wp\/v2\/categories?post=33028"},{"taxonomy":"post_tag","embeddable":true,"href":"https:\/\/qtmm.org\/qt\/wp-json\/wp\/v2\/tags?post=33028"}],"curies":[{"name":"wp","href":"https:\/\/api.w.org\/{rel}","templated":true}]}}