




{"id":33014,"date":"2012-08-03T23:33:00","date_gmt":"2012-08-03T20:33:00","guid":{"rendered":"http:\/\/qtmm.org\/?p=33014"},"modified":"2022-01-21T23:34:30","modified_gmt":"2022-01-21T20:34:30","slug":"6-nci-cagirilis-qirimtatar-halqi-qurultayina-delegatlarni-saylav-boyunca-merkeziy-saylav-komissiyasi-aqqinda-qurultay-qarari","status":"publish","type":"post","link":"https:\/\/qtmm.org\/qt\/6-nci-cagirilis-qirimtatar-halqi-qurultayina-delegatlarni-saylav-boyunca-merkeziy-saylav-komissiyasi-aqqinda-qurultay-qarari\/","title":{"rendered":"6-nc\u0131 \u00e7a\u011f\u0131r\u0131l\u0131\u015f Q\u0131r\u0131mtatar halq\u0131 qurultay\u0131na delegatlarn\u0131 saylav boyunca Merkeziy saylav komissiyas\u0131 aqq\u0131nda Qurultay qarar\u0131"},"content":{"rendered":"\n<p><strong>6-nc\u0131 \u00e7a\u011f\u0131r\u0131l\u0131\u015f Q\u0131r\u0131mtatar halq\u0131 qurultay\u0131na delegatlarn\u0131<\/strong><\/p>\n\n\n\n<p><strong>saylav boyunca Merkeziy saylav komissiyas\u0131 aqq\u0131nda Qurultay<\/strong><\/p>\n\n\n\n<p><strong>QARARI<\/strong><\/p>\n\n\n\n<p>Q\u0131r\u0131mtatar halq\u0131 qurultay\u0131 Reglamentini\u00f1 6.9 maddesi ve Qurultay 2012 senesi iy\u00fcl 22-de qabul etken &#8220;Q\u0131r\u0131mtatar halq\u0131 Qurultay\u0131na delegatlarn\u0131 saylavn\u0131\u00f1 e\u00e7sas printsipleri aqq\u0131nda&#8221; Qararn\u0131\u00f1 18-nci b\u00f6l\u00fcgi 1;2;3 maddelerine muvaf\u0131q&nbsp;<strong>Q\u0131r\u0131mtatar halq\u0131n\u0131\u00f1 Qurultay\u0131 qarar bere:<\/strong><\/p>\n\n\n\n<p><strong>I. 6-nc\u0131 \u00e7a\u011f\u0131r\u0131l\u0131\u015f Q\u0131r\u0131mtatar halq\u0131 qurultay\u0131na delegatlarn\u0131 saylav boyunca Merkeziy saylav komissiyas\u0131n\u0131 35 insandan ibaret a\u015fa\u011f\u0131daki erk\u00e2nda meydan\u011fa ketirmek:<\/strong><\/p>\n\n\n\n<figure class=\"wp-block-table\"><table><tbody><tr><td>1<\/td><td>Remzi Ablayev<\/td><td>19<\/td><td>Mustafa Mau\u015fev<\/td><\/tr><tr><td>2<\/td><td>Niyar Abdullayeva<\/td><td>20<\/td><td>Nazim Memetov<\/td><\/tr><tr><td>3<\/td><td>Dil\u00e2ver Ablayev<\/td><td>21<\/td><td>M\u00fcbein Nebiyev<\/td><\/tr><tr><td>4<\/td><td>Refat Adilseitov<\/td><td>22<\/td><td>Ali \u00d6zenba\u015f<\/td><\/tr><tr><td>5<\/td><td>Enver Arpatl\u0131<\/td><td>23<\/td><td>G\u00fclnar Sayfutdinova<\/td><\/tr><tr><td>6<\/td><td>Eskender Bariyev<\/td><td>24<\/td><td>Ziya Seytmemetov<\/td><\/tr><tr><td>7<\/td><td>Ali-Riza Da\u011fc\u0131<\/td><td>25<\/td><td>Rustem Tagarov<\/td><\/tr><tr><td>8<\/td><td>Nariman Cel\u00e2lov<\/td><td>26<\/td><td>Osman Topalov<\/td><\/tr><tr><td>9<\/td><td>Rustem Cabbarov<\/td><td>27<\/td><td>Aziz \u00dcseinov<\/td><\/tr><tr><td>10<\/td><td>Arsen Zeytullayev<\/td><td>28<\/td><td>Haybullayev Zamir<\/td><\/tr><tr><td>11<\/td><td>Re\u015fat \u0130braimov<\/td><td>29<\/td><td>Zarema Halikova<\/td><\/tr><tr><td>12<\/td><td>\u0130zet \u0130zedinov<\/td><td>30<\/td><td>\u0130braim \u00c7alba\u015f<\/td><\/tr><tr><td>13<\/td><td>Tal\u00e2t \u0130lyasov<\/td><td>31<\/td><td>Asan \u00c7aruhov<\/td><\/tr><tr><td>14<\/td><td>Beyye \u0130lyasova<\/td><td>32<\/td><td>Rustem \u015eevqiyev<\/td><\/tr><tr><td>15<\/td><td>Eldar Kanatayev<\/td><td>33<\/td><td>Asan Egizov<\/td><\/tr><tr><td>16<\/td><td>Elvir Kerimov<\/td><td>34<\/td><td>Enver Emirasanov<\/td><\/tr><tr><td>17<\/td><td>Mediha Mambetova<\/td><td>35<\/td><td>Murat Yaz\u0131ciyev<\/td><\/tr><tr><td>18<\/td><td>Hatice Mamutova<\/td><td>&nbsp;<\/td><td>&nbsp;<\/td><\/tr><\/tbody><\/table><\/figure>\n\n\n\n<p><strong>II. 6-nc\u0131 \u00e7a\u011f\u0131r\u0131l\u0131\u015f Q\u0131r\u0131mtatar halq\u0131 qurultay\u0131na delegatlarn\u0131 saylav boyunca Merkeziy saylav komissiyas\u0131n\u0131\u00f1 reisi olaraq Remzi ABLAYEVni tayinlemek.<\/strong><\/p>\n\n\n\n<p class=\"has-text-align-right\"><em>5-nci \u00e7a\u011f\u0131r\u0131l\u0131\u015f Q\u0131r\u0131mtatar halq\u0131 Qurultay\u0131n\u0131\u00f1 4-nci sessiyas\u0131nda qabul etildi.<br>Aqmescit, 2012 s. \u0130y\u00fcl 22<\/em><\/p>\n\n\n\n<p><strong>5-nci \u00e7a\u011f\u0131r\u0131l\u0131\u015f Q\u0131r\u0131mtatar halq\u0131 Qurultay\u0131 4-nci sessiyas\u0131n\u0131\u00f1 prezidium\u0131:<\/strong><\/p>\n\n\n\n<p><em>Mustafa Cemilev&nbsp;&nbsp;&nbsp;&nbsp;&nbsp;&nbsp;&nbsp;&nbsp;&nbsp;&nbsp;&nbsp;&nbsp;&nbsp;&nbsp;&nbsp;&nbsp;&nbsp;&nbsp;&nbsp;&nbsp; Refat \u00c7ubarov<\/em><\/p>\n\n\n\n<p><em>Remzi \u0130lyasov&nbsp; &nbsp; &nbsp; &nbsp; &nbsp; &nbsp; &nbsp;&nbsp; &nbsp;&nbsp;&nbsp;&nbsp;&nbsp;&nbsp;&nbsp;&nbsp;&nbsp; Ahtem \u00c7iygoz<\/em><\/p>\n\n\n\n<p><br><strong>5-nci \u00e7a\u011f\u0131r\u0131l\u0131\u015f Q\u0131r\u0131mtatar halq\u0131 Qurultay\u0131 4-nci sessiyas\u0131 k\u00e2tibiyetini\u00f1 reisi<\/strong><\/p>\n\n\n\n<p><em>Zair Smedl\u00e2yev<\/em><\/p>\n","protected":false},"excerpt":{"rendered":"<p>6-nc\u0131 \u00e7a\u011f\u0131r\u0131l\u0131\u015f Q\u0131r\u0131mtatar halq\u0131 qurultay\u0131na delegatlarn\u0131 saylav boyunca Merkeziy saylav komissiyas\u0131 aqq\u0131nda Qurultay QARARI Q\u0131r\u0131mtatar halq\u0131 qurultay\u0131 Reglamentini\u00f1 6.9 maddesi ve Qurultay 2012 senesi iy\u00fcl 22-de qabul etken &#8220;Q\u0131r\u0131mtatar halq\u0131 Qurultay\u0131na delegatlarn\u0131 saylavn\u0131\u00f1 e\u00e7sas printsipleri aqq\u0131nda&#8221; Qararn\u0131\u00f1 18-nci b\u00f6l\u00fcgi 1;2;3 maddelerine muvaf\u0131q&nbsp;Q\u0131r\u0131mtatar halq\u0131n\u0131\u00f1 Qurultay\u0131 qarar bere: I. 6-nc\u0131 \u00e7a\u011f\u0131r\u0131l\u0131\u015f Q\u0131r\u0131mtatar halq\u0131 qurultay\u0131na delegatlarn\u0131 saylav boyunca [&hellip;]<\/p>\n","protected":false},"author":1,"featured_media":0,"comment_status":"open","ping_status":"open","sticky":false,"template":"","format":"standard","meta":{"inline_featured_image":false,"footnotes":""},"categories":[265],"tags":[],"class_list":["post-33014","post","type-post","status-publish","format-standard","hentry","category-haberler"],"acf":[],"yoast_head":"<!-- This site is optimized with the Yoast SEO plugin v27.4 - https:\/\/yoast.com\/product\/yoast-seo-wordpress\/ -->\n<title>6-nc\u0131 \u00e7a\u011f\u0131r\u0131l\u0131\u015f Q\u0131r\u0131mtatar halq\u0131 qurultay\u0131na delegatlarn\u0131 saylav boyunca Merkeziy saylav komissiyas\u0131 aqq\u0131nda Qurultay qarar\u0131 - \u041c\u0435\u0434\u0436\u043b\u0456\u0441<\/title>\n<meta name=\"robots\" content=\"index, follow, max-snippet:-1, max-image-preview:large, max-video-preview:-1\" \/>\n<link rel=\"canonical\" href=\"https:\/\/qtmm.org\/qt\/6-nci-cagirilis-qirimtatar-halqi-qurultayina-delegatlarni-saylav-boyunca-merkeziy-saylav-komissiyasi-aqqinda-qurultay-qarari\/\" \/>\n<meta property=\"og:locale\" content=\"en_US\" \/>\n<meta property=\"og:type\" content=\"article\" \/>\n<meta property=\"og:title\" content=\"6-nc\u0131 \u00e7a\u011f\u0131r\u0131l\u0131\u015f Q\u0131r\u0131mtatar halq\u0131 qurultay\u0131na delegatlarn\u0131 saylav boyunca Merkeziy saylav komissiyas\u0131 aqq\u0131nda Qurultay qarar\u0131 - \u041c\u0435\u0434\u0436\u043b\u0456\u0441\" \/>\n<meta property=\"og:description\" content=\"6-nc\u0131 \u00e7a\u011f\u0131r\u0131l\u0131\u015f Q\u0131r\u0131mtatar halq\u0131 qurultay\u0131na delegatlarn\u0131 saylav boyunca Merkeziy saylav komissiyas\u0131 aqq\u0131nda Qurultay QARARI Q\u0131r\u0131mtatar halq\u0131 qurultay\u0131 Reglamentini\u00f1 6.9 maddesi ve Qurultay 2012 senesi iy\u00fcl 22-de qabul etken &#8220;Q\u0131r\u0131mtatar halq\u0131 Qurultay\u0131na delegatlarn\u0131 saylavn\u0131\u00f1 e\u00e7sas printsipleri aqq\u0131nda&#8221; Qararn\u0131\u00f1 18-nci b\u00f6l\u00fcgi 1;2;3 maddelerine muvaf\u0131q&nbsp;Q\u0131r\u0131mtatar halq\u0131n\u0131\u00f1 Qurultay\u0131 qarar bere: I. 6-nc\u0131 \u00e7a\u011f\u0131r\u0131l\u0131\u015f Q\u0131r\u0131mtatar halq\u0131 qurultay\u0131na delegatlarn\u0131 saylav boyunca [&hellip;]\" \/>\n<meta property=\"og:url\" content=\"https:\/\/qtmm.org\/qt\/6-nci-cagirilis-qirimtatar-halqi-qurultayina-delegatlarni-saylav-boyunca-merkeziy-saylav-komissiyasi-aqqinda-qurultay-qarari\/\" \/>\n<meta property=\"og:site_name\" content=\"\u041c\u0435\u0434\u0436\u043b\u0456\u0441\" \/>\n<meta property=\"article:publisher\" content=\"https:\/\/www.facebook.com\/qtmm.info\/\" \/>\n<meta property=\"article:published_time\" content=\"2012-08-03T20:33:00+00:00\" \/>\n<meta property=\"article:modified_time\" content=\"2022-01-21T20:34:30+00:00\" \/>\n<meta name=\"author\" content=\"Developer\" \/>\n<meta name=\"twitter:card\" content=\"summary_large_image\" \/>\n<meta name=\"twitter:label1\" content=\"Written by\" \/>\n\t<meta name=\"twitter:data1\" content=\"Developer\" \/>\n\t<meta name=\"twitter:label2\" content=\"Est. reading time\" \/>\n\t<meta name=\"twitter:data2\" content=\"1 minute\" \/>\n<script type=\"application\/ld+json\" class=\"yoast-schema-graph\">{\"@context\":\"https:\\\/\\\/schema.org\",\"@graph\":[{\"@type\":\"Article\",\"@id\":\"https:\\\/\\\/qtmm.org\\\/qt\\\/6-nci-cagirilis-qirimtatar-halqi-qurultayina-delegatlarni-saylav-boyunca-merkeziy-saylav-komissiyasi-aqqinda-qurultay-qarari\\\/#article\",\"isPartOf\":{\"@id\":\"https:\\\/\\\/qtmm.org\\\/qt\\\/6-nci-cagirilis-qirimtatar-halqi-qurultayina-delegatlarni-saylav-boyunca-merkeziy-saylav-komissiyasi-aqqinda-qurultay-qarari\\\/\"},\"author\":{\"name\":\"Developer\",\"@id\":\"https:\\\/\\\/qtmm.org\\\/qt\\\/#\\\/schema\\\/person\\\/de562469f971dec226ac06e60bbf74a7\"},\"headline\":\"6-nc\u0131 \u00e7a\u011f\u0131r\u0131l\u0131\u015f Q\u0131r\u0131mtatar halq\u0131 qurultay\u0131na delegatlarn\u0131 saylav boyunca Merkeziy saylav komissiyas\u0131 aqq\u0131nda Qurultay qarar\u0131\",\"datePublished\":\"2012-08-03T20:33:00+00:00\",\"dateModified\":\"2022-01-21T20:34:30+00:00\",\"mainEntityOfPage\":{\"@id\":\"https:\\\/\\\/qtmm.org\\\/qt\\\/6-nci-cagirilis-qirimtatar-halqi-qurultayina-delegatlarni-saylav-boyunca-merkeziy-saylav-komissiyasi-aqqinda-qurultay-qarari\\\/\"},\"wordCount\":311,\"commentCount\":0,\"publisher\":{\"@id\":\"https:\\\/\\\/qtmm.org\\\/qt\\\/#organization\"},\"articleSection\":[\"Haberler\"],\"inLanguage\":\"qt\",\"potentialAction\":[{\"@type\":\"CommentAction\",\"name\":\"Comment\",\"target\":[\"https:\\\/\\\/qtmm.org\\\/qt\\\/6-nci-cagirilis-qirimtatar-halqi-qurultayina-delegatlarni-saylav-boyunca-merkeziy-saylav-komissiyasi-aqqinda-qurultay-qarari\\\/#respond\"]}]},{\"@type\":\"WebPage\",\"@id\":\"https:\\\/\\\/qtmm.org\\\/qt\\\/6-nci-cagirilis-qirimtatar-halqi-qurultayina-delegatlarni-saylav-boyunca-merkeziy-saylav-komissiyasi-aqqinda-qurultay-qarari\\\/\",\"url\":\"https:\\\/\\\/qtmm.org\\\/qt\\\/6-nci-cagirilis-qirimtatar-halqi-qurultayina-delegatlarni-saylav-boyunca-merkeziy-saylav-komissiyasi-aqqinda-qurultay-qarari\\\/\",\"name\":\"6-nc\u0131 \u00e7a\u011f\u0131r\u0131l\u0131\u015f Q\u0131r\u0131mtatar halq\u0131 qurultay\u0131na delegatlarn\u0131 saylav boyunca Merkeziy saylav komissiyas\u0131 aqq\u0131nda Qurultay qarar\u0131 - \u041c\u0435\u0434\u0436\u043b\u0456\u0441\",\"isPartOf\":{\"@id\":\"https:\\\/\\\/qtmm.org\\\/qt\\\/#website\"},\"datePublished\":\"2012-08-03T20:33:00+00:00\",\"dateModified\":\"2022-01-21T20:34:30+00:00\",\"breadcrumb\":{\"@id\":\"https:\\\/\\\/qtmm.org\\\/qt\\\/6-nci-cagirilis-qirimtatar-halqi-qurultayina-delegatlarni-saylav-boyunca-merkeziy-saylav-komissiyasi-aqqinda-qurultay-qarari\\\/#breadcrumb\"},\"inLanguage\":\"qt\",\"potentialAction\":[{\"@type\":\"ReadAction\",\"target\":[\"https:\\\/\\\/qtmm.org\\\/qt\\\/6-nci-cagirilis-qirimtatar-halqi-qurultayina-delegatlarni-saylav-boyunca-merkeziy-saylav-komissiyasi-aqqinda-qurultay-qarari\\\/\"]}]},{\"@type\":\"BreadcrumbList\",\"@id\":\"https:\\\/\\\/qtmm.org\\\/qt\\\/6-nci-cagirilis-qirimtatar-halqi-qurultayina-delegatlarni-saylav-boyunca-merkeziy-saylav-komissiyasi-aqqinda-qurultay-qarari\\\/#breadcrumb\",\"itemListElement\":[{\"@type\":\"ListItem\",\"position\":1,\"name\":\"\u0413\u043e\u043b\u043e\u0432\u043d\u0430\",\"item\":\"https:\\\/\\\/qtmm.org\\\/qt\\\/\"},{\"@type\":\"ListItem\",\"position\":2,\"name\":\"6-nc\u0131 \u00e7a\u011f\u0131r\u0131l\u0131\u015f Q\u0131r\u0131mtatar halq\u0131 qurultay\u0131na delegatlarn\u0131 saylav boyunca Merkeziy saylav komissiyas\u0131 aqq\u0131nda Qurultay qarar\u0131\"}]},{\"@type\":\"WebSite\",\"@id\":\"https:\\\/\\\/qtmm.org\\\/qt\\\/#website\",\"url\":\"https:\\\/\\\/qtmm.org\\\/qt\\\/\",\"name\":\"\u041c\u0435\u0434\u0436\u043b\u0456\u0441\",\"description\":\"\",\"publisher\":{\"@id\":\"https:\\\/\\\/qtmm.org\\\/qt\\\/#organization\"},\"potentialAction\":[{\"@type\":\"SearchAction\",\"target\":{\"@type\":\"EntryPoint\",\"urlTemplate\":\"https:\\\/\\\/qtmm.org\\\/qt\\\/?s={search_term_string}\"},\"query-input\":{\"@type\":\"PropertyValueSpecification\",\"valueRequired\":true,\"valueName\":\"search_term_string\"}}],\"inLanguage\":\"qt\"},{\"@type\":\"Organization\",\"@id\":\"https:\\\/\\\/qtmm.org\\\/qt\\\/#organization\",\"name\":\"\u041c\u0435\u0434\u0436\u043b\u0456\u0441\",\"url\":\"https:\\\/\\\/qtmm.org\\\/qt\\\/\",\"logo\":{\"@type\":\"ImageObject\",\"inLanguage\":\"qt\",\"@id\":\"https:\\\/\\\/qtmm.org\\\/qt\\\/#\\\/schema\\\/logo\\\/image\\\/\",\"url\":\"https:\\\/\\\/qtmm.org\\\/wp-content\\\/uploads\\\/2024\\\/12\\\/ua-mejlis-logo-rgb.svg\",\"contentUrl\":\"https:\\\/\\\/qtmm.org\\\/wp-content\\\/uploads\\\/2024\\\/12\\\/ua-mejlis-logo-rgb.svg\",\"caption\":\"\u041c\u0435\u0434\u0436\u043b\u0456\u0441\"},\"image\":{\"@id\":\"https:\\\/\\\/qtmm.org\\\/qt\\\/#\\\/schema\\\/logo\\\/image\\\/\"},\"sameAs\":[\"https:\\\/\\\/www.facebook.com\\\/qtmm.info\\\/\"]},{\"@type\":\"Person\",\"@id\":\"https:\\\/\\\/qtmm.org\\\/qt\\\/#\\\/schema\\\/person\\\/de562469f971dec226ac06e60bbf74a7\",\"name\":\"Developer\",\"image\":{\"@type\":\"ImageObject\",\"inLanguage\":\"qt\",\"@id\":\"https:\\\/\\\/secure.gravatar.com\\\/avatar\\\/392b4cc8fbfeb00b39dfeeab4ee6edded39ffd48e25858637e4765810300227e?s=96&d=mm&r=g\",\"url\":\"https:\\\/\\\/secure.gravatar.com\\\/avatar\\\/392b4cc8fbfeb00b39dfeeab4ee6edded39ffd48e25858637e4765810300227e?s=96&d=mm&r=g\",\"contentUrl\":\"https:\\\/\\\/secure.gravatar.com\\\/avatar\\\/392b4cc8fbfeb00b39dfeeab4ee6edded39ffd48e25858637e4765810300227e?s=96&d=mm&r=g\",\"caption\":\"Developer\"},\"url\":\"https:\\\/\\\/qtmm.org\\\/qt\\\/author\\\/Developer\\\/\"}]}<\/script>\n<!-- \/ Yoast SEO plugin. -->","yoast_head_json":{"title":"6-nc\u0131 \u00e7a\u011f\u0131r\u0131l\u0131\u015f Q\u0131r\u0131mtatar halq\u0131 qurultay\u0131na delegatlarn\u0131 saylav boyunca Merkeziy saylav komissiyas\u0131 aqq\u0131nda Qurultay qarar\u0131 - \u041c\u0435\u0434\u0436\u043b\u0456\u0441","robots":{"index":"index","follow":"follow","max-snippet":"max-snippet:-1","max-image-preview":"max-image-preview:large","max-video-preview":"max-video-preview:-1"},"canonical":"https:\/\/qtmm.org\/qt\/6-nci-cagirilis-qirimtatar-halqi-qurultayina-delegatlarni-saylav-boyunca-merkeziy-saylav-komissiyasi-aqqinda-qurultay-qarari\/","og_locale":"en_US","og_type":"article","og_title":"6-nc\u0131 \u00e7a\u011f\u0131r\u0131l\u0131\u015f Q\u0131r\u0131mtatar halq\u0131 qurultay\u0131na delegatlarn\u0131 saylav boyunca Merkeziy saylav komissiyas\u0131 aqq\u0131nda Qurultay qarar\u0131 - \u041c\u0435\u0434\u0436\u043b\u0456\u0441","og_description":"6-nc\u0131 \u00e7a\u011f\u0131r\u0131l\u0131\u015f Q\u0131r\u0131mtatar halq\u0131 qurultay\u0131na delegatlarn\u0131 saylav boyunca Merkeziy saylav komissiyas\u0131 aqq\u0131nda Qurultay QARARI Q\u0131r\u0131mtatar halq\u0131 qurultay\u0131 Reglamentini\u00f1 6.9 maddesi ve Qurultay 2012 senesi iy\u00fcl 22-de qabul etken &#8220;Q\u0131r\u0131mtatar halq\u0131 Qurultay\u0131na delegatlarn\u0131 saylavn\u0131\u00f1 e\u00e7sas printsipleri aqq\u0131nda&#8221; Qararn\u0131\u00f1 18-nci b\u00f6l\u00fcgi 1;2;3 maddelerine muvaf\u0131q&nbsp;Q\u0131r\u0131mtatar halq\u0131n\u0131\u00f1 Qurultay\u0131 qarar bere: I. 6-nc\u0131 \u00e7a\u011f\u0131r\u0131l\u0131\u015f Q\u0131r\u0131mtatar halq\u0131 qurultay\u0131na delegatlarn\u0131 saylav boyunca [&hellip;]","og_url":"https:\/\/qtmm.org\/qt\/6-nci-cagirilis-qirimtatar-halqi-qurultayina-delegatlarni-saylav-boyunca-merkeziy-saylav-komissiyasi-aqqinda-qurultay-qarari\/","og_site_name":"\u041c\u0435\u0434\u0436\u043b\u0456\u0441","article_publisher":"https:\/\/www.facebook.com\/qtmm.info\/","article_published_time":"2012-08-03T20:33:00+00:00","article_modified_time":"2022-01-21T20:34:30+00:00","author":"Developer","twitter_card":"summary_large_image","twitter_misc":{"Written by":"Developer","Est. reading time":"1 minute"},"schema":{"@context":"https:\/\/schema.org","@graph":[{"@type":"Article","@id":"https:\/\/qtmm.org\/qt\/6-nci-cagirilis-qirimtatar-halqi-qurultayina-delegatlarni-saylav-boyunca-merkeziy-saylav-komissiyasi-aqqinda-qurultay-qarari\/#article","isPartOf":{"@id":"https:\/\/qtmm.org\/qt\/6-nci-cagirilis-qirimtatar-halqi-qurultayina-delegatlarni-saylav-boyunca-merkeziy-saylav-komissiyasi-aqqinda-qurultay-qarari\/"},"author":{"name":"Developer","@id":"https:\/\/qtmm.org\/qt\/#\/schema\/person\/de562469f971dec226ac06e60bbf74a7"},"headline":"6-nc\u0131 \u00e7a\u011f\u0131r\u0131l\u0131\u015f Q\u0131r\u0131mtatar halq\u0131 qurultay\u0131na delegatlarn\u0131 saylav boyunca Merkeziy saylav komissiyas\u0131 aqq\u0131nda Qurultay qarar\u0131","datePublished":"2012-08-03T20:33:00+00:00","dateModified":"2022-01-21T20:34:30+00:00","mainEntityOfPage":{"@id":"https:\/\/qtmm.org\/qt\/6-nci-cagirilis-qirimtatar-halqi-qurultayina-delegatlarni-saylav-boyunca-merkeziy-saylav-komissiyasi-aqqinda-qurultay-qarari\/"},"wordCount":311,"commentCount":0,"publisher":{"@id":"https:\/\/qtmm.org\/qt\/#organization"},"articleSection":["Haberler"],"inLanguage":"qt","potentialAction":[{"@type":"CommentAction","name":"Comment","target":["https:\/\/qtmm.org\/qt\/6-nci-cagirilis-qirimtatar-halqi-qurultayina-delegatlarni-saylav-boyunca-merkeziy-saylav-komissiyasi-aqqinda-qurultay-qarari\/#respond"]}]},{"@type":"WebPage","@id":"https:\/\/qtmm.org\/qt\/6-nci-cagirilis-qirimtatar-halqi-qurultayina-delegatlarni-saylav-boyunca-merkeziy-saylav-komissiyasi-aqqinda-qurultay-qarari\/","url":"https:\/\/qtmm.org\/qt\/6-nci-cagirilis-qirimtatar-halqi-qurultayina-delegatlarni-saylav-boyunca-merkeziy-saylav-komissiyasi-aqqinda-qurultay-qarari\/","name":"6-nc\u0131 \u00e7a\u011f\u0131r\u0131l\u0131\u015f Q\u0131r\u0131mtatar halq\u0131 qurultay\u0131na delegatlarn\u0131 saylav boyunca Merkeziy saylav komissiyas\u0131 aqq\u0131nda Qurultay qarar\u0131 - \u041c\u0435\u0434\u0436\u043b\u0456\u0441","isPartOf":{"@id":"https:\/\/qtmm.org\/qt\/#website"},"datePublished":"2012-08-03T20:33:00+00:00","dateModified":"2022-01-21T20:34:30+00:00","breadcrumb":{"@id":"https:\/\/qtmm.org\/qt\/6-nci-cagirilis-qirimtatar-halqi-qurultayina-delegatlarni-saylav-boyunca-merkeziy-saylav-komissiyasi-aqqinda-qurultay-qarari\/#breadcrumb"},"inLanguage":"qt","potentialAction":[{"@type":"ReadAction","target":["https:\/\/qtmm.org\/qt\/6-nci-cagirilis-qirimtatar-halqi-qurultayina-delegatlarni-saylav-boyunca-merkeziy-saylav-komissiyasi-aqqinda-qurultay-qarari\/"]}]},{"@type":"BreadcrumbList","@id":"https:\/\/qtmm.org\/qt\/6-nci-cagirilis-qirimtatar-halqi-qurultayina-delegatlarni-saylav-boyunca-merkeziy-saylav-komissiyasi-aqqinda-qurultay-qarari\/#breadcrumb","itemListElement":[{"@type":"ListItem","position":1,"name":"\u0413\u043e\u043b\u043e\u0432\u043d\u0430","item":"https:\/\/qtmm.org\/qt\/"},{"@type":"ListItem","position":2,"name":"6-nc\u0131 \u00e7a\u011f\u0131r\u0131l\u0131\u015f Q\u0131r\u0131mtatar halq\u0131 qurultay\u0131na delegatlarn\u0131 saylav boyunca Merkeziy saylav komissiyas\u0131 aqq\u0131nda Qurultay qarar\u0131"}]},{"@type":"WebSite","@id":"https:\/\/qtmm.org\/qt\/#website","url":"https:\/\/qtmm.org\/qt\/","name":"\u041c\u0435\u0434\u0436\u043b\u0456\u0441","description":"","publisher":{"@id":"https:\/\/qtmm.org\/qt\/#organization"},"potentialAction":[{"@type":"SearchAction","target":{"@type":"EntryPoint","urlTemplate":"https:\/\/qtmm.org\/qt\/?s={search_term_string}"},"query-input":{"@type":"PropertyValueSpecification","valueRequired":true,"valueName":"search_term_string"}}],"inLanguage":"qt"},{"@type":"Organization","@id":"https:\/\/qtmm.org\/qt\/#organization","name":"\u041c\u0435\u0434\u0436\u043b\u0456\u0441","url":"https:\/\/qtmm.org\/qt\/","logo":{"@type":"ImageObject","inLanguage":"qt","@id":"https:\/\/qtmm.org\/qt\/#\/schema\/logo\/image\/","url":"https:\/\/qtmm.org\/wp-content\/uploads\/2024\/12\/ua-mejlis-logo-rgb.svg","contentUrl":"https:\/\/qtmm.org\/wp-content\/uploads\/2024\/12\/ua-mejlis-logo-rgb.svg","caption":"\u041c\u0435\u0434\u0436\u043b\u0456\u0441"},"image":{"@id":"https:\/\/qtmm.org\/qt\/#\/schema\/logo\/image\/"},"sameAs":["https:\/\/www.facebook.com\/qtmm.info\/"]},{"@type":"Person","@id":"https:\/\/qtmm.org\/qt\/#\/schema\/person\/de562469f971dec226ac06e60bbf74a7","name":"Developer","image":{"@type":"ImageObject","inLanguage":"qt","@id":"https:\/\/secure.gravatar.com\/avatar\/392b4cc8fbfeb00b39dfeeab4ee6edded39ffd48e25858637e4765810300227e?s=96&d=mm&r=g","url":"https:\/\/secure.gravatar.com\/avatar\/392b4cc8fbfeb00b39dfeeab4ee6edded39ffd48e25858637e4765810300227e?s=96&d=mm&r=g","contentUrl":"https:\/\/secure.gravatar.com\/avatar\/392b4cc8fbfeb00b39dfeeab4ee6edded39ffd48e25858637e4765810300227e?s=96&d=mm&r=g","caption":"Developer"},"url":"https:\/\/qtmm.org\/qt\/author\/Developer\/"}]}},"_links":{"self":[{"href":"https:\/\/qtmm.org\/qt\/wp-json\/wp\/v2\/posts\/33014","targetHints":{"allow":["GET"]}}],"collection":[{"href":"https:\/\/qtmm.org\/qt\/wp-json\/wp\/v2\/posts"}],"about":[{"href":"https:\/\/qtmm.org\/qt\/wp-json\/wp\/v2\/types\/post"}],"author":[{"embeddable":true,"href":"https:\/\/qtmm.org\/qt\/wp-json\/wp\/v2\/users\/1"}],"replies":[{"embeddable":true,"href":"https:\/\/qtmm.org\/qt\/wp-json\/wp\/v2\/comments?post=33014"}],"version-history":[{"count":1,"href":"https:\/\/qtmm.org\/qt\/wp-json\/wp\/v2\/posts\/33014\/revisions"}],"predecessor-version":[{"id":33027,"href":"https:\/\/qtmm.org\/qt\/wp-json\/wp\/v2\/posts\/33014\/revisions\/33027"}],"wp:attachment":[{"href":"https:\/\/qtmm.org\/qt\/wp-json\/wp\/v2\/media?parent=33014"}],"wp:term":[{"taxonomy":"category","embeddable":true,"href":"https:\/\/qtmm.org\/qt\/wp-json\/wp\/v2\/categories?post=33014"},{"taxonomy":"post_tag","embeddable":true,"href":"https:\/\/qtmm.org\/qt\/wp-json\/wp\/v2\/tags?post=33014"}],"curies":[{"name":"wp","href":"https:\/\/api.w.org\/{rel}","templated":true}]}}