




{"id":32971,"date":"2012-07-31T23:31:00","date_gmt":"2012-07-31T20:31:00","guid":{"rendered":"http:\/\/qtmm.org\/?p=32971"},"modified":"2022-01-21T23:32:59","modified_gmt":"2022-01-21T20:32:59","slug":"ahtem-ciygoz-biz-krimskten-balalarni-kerek-olganga-qadar-evlerimizge-almaga-azirmiz","status":"publish","type":"post","link":"https:\/\/qtmm.org\/qt\/ahtem-ciygoz-biz-krimskten-balalarni-kerek-olganga-qadar-evlerimizge-almaga-azirmiz\/","title":{"rendered":"Ahtem \u00c7iygoz: Biz Kr\u0131mskten balalarn\u0131 kerek ol\u011fan\u011fa qadar evlerimizge alma\u011fa az\u0131rm\u0131z"},"content":{"rendered":"\n<p>2012 senesi iy\u00fcl 31 k\u00fcn\u00fc Aqmescitte Q\u0131r\u0131mtatar halq\u0131 Mejlisini\u00f1 muavini Ahtem \u00c7iygoz ve Ba\u011f\u00e7asaray \u015feer yolba\u015f\u00e7\u0131s\u0131n\u0131\u00f1 muavini Ali Abdullayev Kr\u0131mskteki adiseler boyunca matbuat konferetsiyas\u0131n\u0131 ke\u00e7irdiler.<\/p>\n\n\n\n<p>Matbuat konferentsiyan\u0131\u00f1 te\u015fkil\u00e2t\u00e7\u0131lar\u0131 aytqan\u0131na k\u00f6re, Meclis reisini\u00f1 avalesinen iy\u00fcl 9-10 k\u00fcnleri Meclis vekilleri afat y\u00fcz bergen \u015feerge yol ald\u0131lar. K\u00f6rgenleri olarn\u0131 de\u015fetke qoyd\u0131.<\/p>\n\n\n\n<p>&#8220;Ne sebepten Meclis reisini\u00f1 avalesinen Kr\u0131mskke bard\u0131q? \u00c7\u00fcnki Kr\u0131m rayon\u0131nda daa Q\u0131r\u0131m\u011fa qaytmadan evel pek \u00e7oq semetde\u015fimiz yerle\u015fti, &#8211; dep ba\u015flad\u0131 \u00f6z \u00e7\u0131q\u0131\u015f\u0131n\u0131 Ahtem \u00c7iygoz. \u2013 \u015eeerde bug\u00fcn de tarihiy vatan\u0131na qayt\u0131p olama\u011fan pek \u00e7oq q\u0131r\u0131mtatar\u0131 ya\u015fa. \u0130\u015fte, semetde\u015flerimizni\u00f1 al\u0131ndan haber almaq, qolum\u0131zdan kelgen yard\u0131mn\u0131 k\u00f6stermek i\u00e7\u00fcn anda kettik&#8221;.<\/p>\n\n\n\n<p>Meclis reisini\u00f1 muavini bun\u0131\u00f1 kibi de qayd etti ki, Kr\u0131mskte y\u00fcz bergen adiseni\u00f1 tam sebeplerini, k\u00f6r\u00fclgen zararn\u0131\u00f1 aqiqiy k\u00f6lemini \u00f6grenmek kerek edi. \u00c7\u00fcnki bu aqta mal\u00fcmat gizlenildi<\/p>\n\n\n\n<p>&#8220;Anda kelip, aqiqiy afatn\u0131 ve on\u0131\u00f1 aqibetlerini \u00f6z k\u00f6zlerimiznen k\u00f6rdik. \u015eeerni\u00f1 b\u00fcy\u00fck bir q\u0131sm\u0131 suv alt\u0131nda, ebet biz kelgende suv pek o qadar \u00e7oq degil edi. K\u00f6rgenlerimiz afatn\u0131\u00f1 nas\u0131l ol\u011fan\u0131n\u0131 tasavur etmek imk\u00e2n\u0131n\u0131 berdi. Matbuatta ise sa\u011fanaq ya\u011f\u0131p, 150-170 qurban old\u0131, denildi. Albu ki, bu asla da aqiqat degil&#8221;, &#8211; dedi Ahtem \u00c7iygoz.<\/p>\n\n\n\n<figure class=\"wp-block-image size-full\"><img loading=\"lazy\" decoding=\"async\" width=\"800\" height=\"600\" src=\"http:\/\/qtmm.org\/wp-content\/uploads\/2022\/01\/img_0106.jpeg\" alt=\"\" class=\"wp-image-32985\" srcset=\"https:\/\/qtmm.org\/wp-content\/uploads\/2022\/01\/img_0106.jpeg 800w, https:\/\/qtmm.org\/wp-content\/uploads\/2022\/01\/img_0106-300x225.jpeg 300w, https:\/\/qtmm.org\/wp-content\/uploads\/2022\/01\/img_0106-768x576.jpeg 768w\" sizes=\"auto, (max-width: 800px) 100vw, 800px\" \/><\/figure>\n\n\n\n<p>Matbuat konferentsiyan\u0131\u00f1 te\u015fkil\u00e2t\u00e7\u0131lar\u0131 qayd etkenlerine k\u00f6re, suv bas\u0131m\u0131n\u0131\u00f1 \u015faatlar\u0131nen subetle\u015fkende, olar i\u00e7 bir t\u00fcrl\u00fc sa\u011fanaq olma\u011fan\u0131n\u0131 aytt\u0131lar. Zararlan\u011fanlar degenler ki, dal\u011fan\u0131\u00f1 y\u00fcksekligi 7=8 metrge bar\u0131p, insanlar aq\u0131p keteyatqan ma\u015fina, buzdolap, terek ve ta\u015flar t\u00fcb\u00fcnde qal\u011fanlar.<\/p>\n\n\n\n<p>Matbuat konferentsiyas\u0131 devam\u0131nda Ahtem \u00c7iygoz \u015fun\u0131 da qayd etti ki, Kr\u0131mskte bulun\u011fanda olar Q\u0131r\u0131mtatar halq\u0131n\u0131\u00f1 Meclisi ad\u0131ndan kerek ol\u011fan\u011fa qadar balalarn\u0131 Q\u0131r\u0131mdaki ailelerge almaqn\u0131 teklif ettiler. &#8220;\u015eeerni\u00f1 b\u00fcy\u00fck bir q\u0131sm\u0131 \u00f6yle bir vaziyette ki, on\u0131 \u011fayr\u0131dan tiklemek i\u00e7\u00fcn daa pek \u00e7oq vaq\u0131t kerek olacaq. Afatta pek \u00e7oq ayvan \u00f6lgeninden, s\u0131caq avada yuqun\u00e7l\u0131 hastal\u0131qlar da \u00e7oqla\u015ft\u0131. Biz Meclis ofisinen ve mennen ba\u011flanmaq i\u00e7\u00fcn telefon nomerlerni qald\u0131rd\u0131q&#8221;, &#8211; dedi \u00c7iygoz.<\/p>\n\n\n\n<p>Balalarn\u0131 almaq ricas\u0131 old\u0131m\u0131, degen sualge Ahtem \u00c7iygoz: &#8220;\u015eimdilik b\u00f6yle rica t\u00fc\u015fmedi, amma biz daima az\u0131rm\u0131z&#8221;.<\/p>\n\n\n\n<p>Matbuat konferentsiyan\u0131\u00f1 so\u00f1unda Ahtem \u00c7iygoz haber etkenine k\u00f6re, Kr\u0131mskte bir q\u0131r\u0131mtatar qad\u0131n\u0131 el\u00e2k ol\u011fan, bundan ba\u015fqa mal\u00fcmat onda yoqt\u0131r. Umumen, \u015feerde episi ol\u0131p 1 000-den ziyade insan el\u00e2k old\u0131. Bun\u0131\u00f1 delili olaraq matbuat konferentsiyan\u0131\u00f1 te\u015fkil\u00e2t\u00e7\u0131lar\u0131 bir yerli sakinni\u00f1: &#8220;600 qabir qaz\u0131ld\u0131, daa qazalar\u2026&#8221; degen s\u00f6zlerini ketirdiler.<\/p>\n\n\n\n<figure class=\"wp-block-image size-full\"><img loading=\"lazy\" decoding=\"async\" width=\"800\" height=\"600\" src=\"http:\/\/qtmm.org\/wp-content\/uploads\/2022\/01\/img_0105.jpeg\" alt=\"\" class=\"wp-image-32991\" srcset=\"https:\/\/qtmm.org\/wp-content\/uploads\/2022\/01\/img_0105.jpeg 800w, https:\/\/qtmm.org\/wp-content\/uploads\/2022\/01\/img_0105-300x225.jpeg 300w, https:\/\/qtmm.org\/wp-content\/uploads\/2022\/01\/img_0105-768x576.jpeg 768w\" sizes=\"auto, (max-width: 800px) 100vw, 800px\" \/><\/figure>\n\n\n\n<p>Meclis reisini\u00f1 muavini bun\u0131\u00f1 kibi de afatn\u0131\u00f1 sebepleri boyunca \u00f6z fikirinen payla\u015ft\u0131. &#8220;Suvn\u0131 esalet a\u00e7qand\u0131rlar, &#8211; dedi \u00c7iygoz. \u2013 \u015eaatlarn\u0131\u00f1 hat\u0131rla\u011fan\u0131na k\u00f6re, suv eksilgen so\u00f1 balaban-balaban bal\u0131qlarn\u0131 tutqanlar. Suvn\u0131 a\u00e7qanlar elbette on\u0131\u00f1 qayda baraca\u011f\u0131n\u0131 yani Kr\u0131msk \u015feerini basaca\u011f\u0131n\u0131 bile ediler&#8221;.<\/p>\n\n\n\n<p>Hat\u0131rlatam\u0131z ki, iy\u00fclni\u00f1 ba\u015f\u0131nda Krasnodar \u00fclkesinde tabiiy ve tehnikiy afat y\u00fcz bergeni aqibetinde y\u00fczlernen insan el\u00e2k ol\u0131p, \u015feer harabege \u00e7evrildi. Kr\u0131msk \u015feerinde ya\u015fa\u011fan semetde\u015flerimiznen ba\u011flanmaq, allar\u0131ndan haber almaq ve yard\u0131m etmek maqsad\u0131nda Meclis reisi Mustafa Cemilevni\u00f1 avalesinen Meclis reisini\u00f1 muavini Ahtem \u00c7iygoz reberliginde gruppa Kr\u0131mskke bar\u0131p keldi.<\/p>\n","protected":false},"excerpt":{"rendered":"<p>2012 senesi iy\u00fcl 31 k\u00fcn\u00fc Aqmescitte Q\u0131r\u0131mtatar halq\u0131 Mejlisini\u00f1 muavini Ahtem \u00c7iygoz ve Ba\u011f\u00e7asaray \u015feer yolba\u015f\u00e7\u0131s\u0131n\u0131\u00f1 muavini Ali Abdullayev Kr\u0131mskteki adiseler boyunca matbuat konferetsiyas\u0131n\u0131 ke\u00e7irdiler. Matbuat konferentsiyan\u0131\u00f1 te\u015fkil\u00e2t\u00e7\u0131lar\u0131 aytqan\u0131na k\u00f6re, Meclis reisini\u00f1 avalesinen iy\u00fcl 9-10 k\u00fcnleri Meclis vekilleri afat y\u00fcz bergen \u015feerge yol ald\u0131lar. K\u00f6rgenleri olarn\u0131 de\u015fetke qoyd\u0131. &#8220;Ne sebepten Meclis reisini\u00f1 avalesinen Kr\u0131mskke bard\u0131q? [&hellip;]<\/p>\n","protected":false},"author":1,"featured_media":32977,"comment_status":"open","ping_status":"open","sticky":false,"template":"","format":"standard","meta":{"inline_featured_image":false,"footnotes":""},"categories":[265],"tags":[],"class_list":["post-32971","post","type-post","status-publish","format-standard","has-post-thumbnail","hentry","category-haberler"],"acf":[],"yoast_head":"<!-- This site is optimized with the Yoast SEO plugin v27.4 - https:\/\/yoast.com\/product\/yoast-seo-wordpress\/ -->\n<title>Ahtem \u00c7iygoz: Biz Kr\u0131mskten balalarn\u0131 kerek ol\u011fan\u011fa qadar evlerimizge alma\u011fa az\u0131rm\u0131z - \u041c\u0435\u0434\u0436\u043b\u0456\u0441<\/title>\n<meta name=\"robots\" content=\"index, follow, max-snippet:-1, max-image-preview:large, max-video-preview:-1\" \/>\n<link rel=\"canonical\" href=\"https:\/\/qtmm.org\/qt\/ahtem-ciygoz-biz-krimskten-balalarni-kerek-olganga-qadar-evlerimizge-almaga-azirmiz\/\" \/>\n<meta property=\"og:locale\" content=\"en_US\" \/>\n<meta property=\"og:type\" content=\"article\" \/>\n<meta property=\"og:title\" content=\"Ahtem \u00c7iygoz: Biz Kr\u0131mskten balalarn\u0131 kerek ol\u011fan\u011fa qadar evlerimizge alma\u011fa az\u0131rm\u0131z - \u041c\u0435\u0434\u0436\u043b\u0456\u0441\" \/>\n<meta property=\"og:description\" content=\"2012 senesi iy\u00fcl 31 k\u00fcn\u00fc Aqmescitte Q\u0131r\u0131mtatar halq\u0131 Mejlisini\u00f1 muavini Ahtem \u00c7iygoz ve Ba\u011f\u00e7asaray \u015feer yolba\u015f\u00e7\u0131s\u0131n\u0131\u00f1 muavini Ali Abdullayev Kr\u0131mskteki adiseler boyunca matbuat konferetsiyas\u0131n\u0131 ke\u00e7irdiler. Matbuat konferentsiyan\u0131\u00f1 te\u015fkil\u00e2t\u00e7\u0131lar\u0131 aytqan\u0131na k\u00f6re, Meclis reisini\u00f1 avalesinen iy\u00fcl 9-10 k\u00fcnleri Meclis vekilleri afat y\u00fcz bergen \u015feerge yol ald\u0131lar. K\u00f6rgenleri olarn\u0131 de\u015fetke qoyd\u0131. &#8220;Ne sebepten Meclis reisini\u00f1 avalesinen Kr\u0131mskke bard\u0131q? [&hellip;]\" \/>\n<meta property=\"og:url\" content=\"https:\/\/qtmm.org\/qt\/ahtem-ciygoz-biz-krimskten-balalarni-kerek-olganga-qadar-evlerimizge-almaga-azirmiz\/\" \/>\n<meta property=\"og:site_name\" content=\"\u041c\u0435\u0434\u0436\u043b\u0456\u0441\" \/>\n<meta property=\"article:publisher\" content=\"https:\/\/www.facebook.com\/qtmm.info\/\" \/>\n<meta property=\"article:published_time\" content=\"2012-07-31T20:31:00+00:00\" \/>\n<meta property=\"article:modified_time\" content=\"2022-01-21T20:32:59+00:00\" \/>\n<meta property=\"og:image\" content=\"https:\/\/qtmm.org\/wp-content\/uploads\/2022\/01\/img_0103.jpeg\" \/>\n\t<meta property=\"og:image:width\" content=\"800\" \/>\n\t<meta property=\"og:image:height\" content=\"600\" \/>\n\t<meta property=\"og:image:type\" content=\"image\/jpeg\" \/>\n<meta name=\"author\" content=\"Developer\" \/>\n<meta name=\"twitter:card\" content=\"summary_large_image\" \/>\n<meta name=\"twitter:label1\" content=\"Written by\" \/>\n\t<meta name=\"twitter:data1\" content=\"Developer\" \/>\n\t<meta name=\"twitter:label2\" content=\"Est. reading time\" \/>\n\t<meta name=\"twitter:data2\" content=\"3 minutes\" \/>\n<script type=\"application\/ld+json\" class=\"yoast-schema-graph\">{\"@context\":\"https:\\\/\\\/schema.org\",\"@graph\":[{\"@type\":\"Article\",\"@id\":\"https:\\\/\\\/qtmm.org\\\/qt\\\/ahtem-ciygoz-biz-krimskten-balalarni-kerek-olganga-qadar-evlerimizge-almaga-azirmiz\\\/#article\",\"isPartOf\":{\"@id\":\"https:\\\/\\\/qtmm.org\\\/qt\\\/ahtem-ciygoz-biz-krimskten-balalarni-kerek-olganga-qadar-evlerimizge-almaga-azirmiz\\\/\"},\"author\":{\"name\":\"Developer\",\"@id\":\"https:\\\/\\\/qtmm.org\\\/qt\\\/#\\\/schema\\\/person\\\/de562469f971dec226ac06e60bbf74a7\"},\"headline\":\"Ahtem \u00c7iygoz: Biz Kr\u0131mskten balalarn\u0131 kerek ol\u011fan\u011fa qadar evlerimizge alma\u011fa az\u0131rm\u0131z\",\"datePublished\":\"2012-07-31T20:31:00+00:00\",\"dateModified\":\"2022-01-21T20:32:59+00:00\",\"mainEntityOfPage\":{\"@id\":\"https:\\\/\\\/qtmm.org\\\/qt\\\/ahtem-ciygoz-biz-krimskten-balalarni-kerek-olganga-qadar-evlerimizge-almaga-azirmiz\\\/\"},\"wordCount\":605,\"commentCount\":0,\"publisher\":{\"@id\":\"https:\\\/\\\/qtmm.org\\\/qt\\\/#organization\"},\"image\":{\"@id\":\"https:\\\/\\\/qtmm.org\\\/qt\\\/ahtem-ciygoz-biz-krimskten-balalarni-kerek-olganga-qadar-evlerimizge-almaga-azirmiz\\\/#primaryimage\"},\"thumbnailUrl\":\"https:\\\/\\\/qtmm.org\\\/wp-content\\\/uploads\\\/2022\\\/01\\\/img_0103.jpeg\",\"articleSection\":[\"Haberler\"],\"inLanguage\":\"qt\",\"potentialAction\":[{\"@type\":\"CommentAction\",\"name\":\"Comment\",\"target\":[\"https:\\\/\\\/qtmm.org\\\/qt\\\/ahtem-ciygoz-biz-krimskten-balalarni-kerek-olganga-qadar-evlerimizge-almaga-azirmiz\\\/#respond\"]}]},{\"@type\":\"WebPage\",\"@id\":\"https:\\\/\\\/qtmm.org\\\/qt\\\/ahtem-ciygoz-biz-krimskten-balalarni-kerek-olganga-qadar-evlerimizge-almaga-azirmiz\\\/\",\"url\":\"https:\\\/\\\/qtmm.org\\\/qt\\\/ahtem-ciygoz-biz-krimskten-balalarni-kerek-olganga-qadar-evlerimizge-almaga-azirmiz\\\/\",\"name\":\"Ahtem \u00c7iygoz: Biz Kr\u0131mskten balalarn\u0131 kerek ol\u011fan\u011fa qadar evlerimizge alma\u011fa az\u0131rm\u0131z - \u041c\u0435\u0434\u0436\u043b\u0456\u0441\",\"isPartOf\":{\"@id\":\"https:\\\/\\\/qtmm.org\\\/qt\\\/#website\"},\"primaryImageOfPage\":{\"@id\":\"https:\\\/\\\/qtmm.org\\\/qt\\\/ahtem-ciygoz-biz-krimskten-balalarni-kerek-olganga-qadar-evlerimizge-almaga-azirmiz\\\/#primaryimage\"},\"image\":{\"@id\":\"https:\\\/\\\/qtmm.org\\\/qt\\\/ahtem-ciygoz-biz-krimskten-balalarni-kerek-olganga-qadar-evlerimizge-almaga-azirmiz\\\/#primaryimage\"},\"thumbnailUrl\":\"https:\\\/\\\/qtmm.org\\\/wp-content\\\/uploads\\\/2022\\\/01\\\/img_0103.jpeg\",\"datePublished\":\"2012-07-31T20:31:00+00:00\",\"dateModified\":\"2022-01-21T20:32:59+00:00\",\"breadcrumb\":{\"@id\":\"https:\\\/\\\/qtmm.org\\\/qt\\\/ahtem-ciygoz-biz-krimskten-balalarni-kerek-olganga-qadar-evlerimizge-almaga-azirmiz\\\/#breadcrumb\"},\"inLanguage\":\"qt\",\"potentialAction\":[{\"@type\":\"ReadAction\",\"target\":[\"https:\\\/\\\/qtmm.org\\\/qt\\\/ahtem-ciygoz-biz-krimskten-balalarni-kerek-olganga-qadar-evlerimizge-almaga-azirmiz\\\/\"]}]},{\"@type\":\"ImageObject\",\"inLanguage\":\"qt\",\"@id\":\"https:\\\/\\\/qtmm.org\\\/qt\\\/ahtem-ciygoz-biz-krimskten-balalarni-kerek-olganga-qadar-evlerimizge-almaga-azirmiz\\\/#primaryimage\",\"url\":\"https:\\\/\\\/qtmm.org\\\/wp-content\\\/uploads\\\/2022\\\/01\\\/img_0103.jpeg\",\"contentUrl\":\"https:\\\/\\\/qtmm.org\\\/wp-content\\\/uploads\\\/2022\\\/01\\\/img_0103.jpeg\",\"width\":800,\"height\":600},{\"@type\":\"BreadcrumbList\",\"@id\":\"https:\\\/\\\/qtmm.org\\\/qt\\\/ahtem-ciygoz-biz-krimskten-balalarni-kerek-olganga-qadar-evlerimizge-almaga-azirmiz\\\/#breadcrumb\",\"itemListElement\":[{\"@type\":\"ListItem\",\"position\":1,\"name\":\"\u0413\u043e\u043b\u043e\u0432\u043d\u0430\",\"item\":\"https:\\\/\\\/qtmm.org\\\/qt\\\/\"},{\"@type\":\"ListItem\",\"position\":2,\"name\":\"Ahtem \u00c7iygoz: Biz Kr\u0131mskten balalarn\u0131 kerek ol\u011fan\u011fa qadar evlerimizge alma\u011fa az\u0131rm\u0131z\"}]},{\"@type\":\"WebSite\",\"@id\":\"https:\\\/\\\/qtmm.org\\\/qt\\\/#website\",\"url\":\"https:\\\/\\\/qtmm.org\\\/qt\\\/\",\"name\":\"\u041c\u0435\u0434\u0436\u043b\u0456\u0441\",\"description\":\"\",\"publisher\":{\"@id\":\"https:\\\/\\\/qtmm.org\\\/qt\\\/#organization\"},\"potentialAction\":[{\"@type\":\"SearchAction\",\"target\":{\"@type\":\"EntryPoint\",\"urlTemplate\":\"https:\\\/\\\/qtmm.org\\\/qt\\\/?s={search_term_string}\"},\"query-input\":{\"@type\":\"PropertyValueSpecification\",\"valueRequired\":true,\"valueName\":\"search_term_string\"}}],\"inLanguage\":\"qt\"},{\"@type\":\"Organization\",\"@id\":\"https:\\\/\\\/qtmm.org\\\/qt\\\/#organization\",\"name\":\"\u041c\u0435\u0434\u0436\u043b\u0456\u0441\",\"url\":\"https:\\\/\\\/qtmm.org\\\/qt\\\/\",\"logo\":{\"@type\":\"ImageObject\",\"inLanguage\":\"qt\",\"@id\":\"https:\\\/\\\/qtmm.org\\\/qt\\\/#\\\/schema\\\/logo\\\/image\\\/\",\"url\":\"https:\\\/\\\/qtmm.org\\\/wp-content\\\/uploads\\\/2024\\\/12\\\/ua-mejlis-logo-rgb.svg\",\"contentUrl\":\"https:\\\/\\\/qtmm.org\\\/wp-content\\\/uploads\\\/2024\\\/12\\\/ua-mejlis-logo-rgb.svg\",\"caption\":\"\u041c\u0435\u0434\u0436\u043b\u0456\u0441\"},\"image\":{\"@id\":\"https:\\\/\\\/qtmm.org\\\/qt\\\/#\\\/schema\\\/logo\\\/image\\\/\"},\"sameAs\":[\"https:\\\/\\\/www.facebook.com\\\/qtmm.info\\\/\"]},{\"@type\":\"Person\",\"@id\":\"https:\\\/\\\/qtmm.org\\\/qt\\\/#\\\/schema\\\/person\\\/de562469f971dec226ac06e60bbf74a7\",\"name\":\"Developer\",\"image\":{\"@type\":\"ImageObject\",\"inLanguage\":\"qt\",\"@id\":\"https:\\\/\\\/secure.gravatar.com\\\/avatar\\\/392b4cc8fbfeb00b39dfeeab4ee6edded39ffd48e25858637e4765810300227e?s=96&d=mm&r=g\",\"url\":\"https:\\\/\\\/secure.gravatar.com\\\/avatar\\\/392b4cc8fbfeb00b39dfeeab4ee6edded39ffd48e25858637e4765810300227e?s=96&d=mm&r=g\",\"contentUrl\":\"https:\\\/\\\/secure.gravatar.com\\\/avatar\\\/392b4cc8fbfeb00b39dfeeab4ee6edded39ffd48e25858637e4765810300227e?s=96&d=mm&r=g\",\"caption\":\"Developer\"},\"url\":\"https:\\\/\\\/qtmm.org\\\/qt\\\/author\\\/Developer\\\/\"}]}<\/script>\n<!-- \/ Yoast SEO plugin. -->","yoast_head_json":{"title":"Ahtem \u00c7iygoz: Biz Kr\u0131mskten balalarn\u0131 kerek ol\u011fan\u011fa qadar evlerimizge alma\u011fa az\u0131rm\u0131z - \u041c\u0435\u0434\u0436\u043b\u0456\u0441","robots":{"index":"index","follow":"follow","max-snippet":"max-snippet:-1","max-image-preview":"max-image-preview:large","max-video-preview":"max-video-preview:-1"},"canonical":"https:\/\/qtmm.org\/qt\/ahtem-ciygoz-biz-krimskten-balalarni-kerek-olganga-qadar-evlerimizge-almaga-azirmiz\/","og_locale":"en_US","og_type":"article","og_title":"Ahtem \u00c7iygoz: Biz Kr\u0131mskten balalarn\u0131 kerek ol\u011fan\u011fa qadar evlerimizge alma\u011fa az\u0131rm\u0131z - \u041c\u0435\u0434\u0436\u043b\u0456\u0441","og_description":"2012 senesi iy\u00fcl 31 k\u00fcn\u00fc Aqmescitte Q\u0131r\u0131mtatar halq\u0131 Mejlisini\u00f1 muavini Ahtem \u00c7iygoz ve Ba\u011f\u00e7asaray \u015feer yolba\u015f\u00e7\u0131s\u0131n\u0131\u00f1 muavini Ali Abdullayev Kr\u0131mskteki adiseler boyunca matbuat konferetsiyas\u0131n\u0131 ke\u00e7irdiler. Matbuat konferentsiyan\u0131\u00f1 te\u015fkil\u00e2t\u00e7\u0131lar\u0131 aytqan\u0131na k\u00f6re, Meclis reisini\u00f1 avalesinen iy\u00fcl 9-10 k\u00fcnleri Meclis vekilleri afat y\u00fcz bergen \u015feerge yol ald\u0131lar. K\u00f6rgenleri olarn\u0131 de\u015fetke qoyd\u0131. &#8220;Ne sebepten Meclis reisini\u00f1 avalesinen Kr\u0131mskke bard\u0131q? [&hellip;]","og_url":"https:\/\/qtmm.org\/qt\/ahtem-ciygoz-biz-krimskten-balalarni-kerek-olganga-qadar-evlerimizge-almaga-azirmiz\/","og_site_name":"\u041c\u0435\u0434\u0436\u043b\u0456\u0441","article_publisher":"https:\/\/www.facebook.com\/qtmm.info\/","article_published_time":"2012-07-31T20:31:00+00:00","article_modified_time":"2022-01-21T20:32:59+00:00","og_image":[{"width":800,"height":600,"url":"https:\/\/qtmm.org\/wp-content\/uploads\/2022\/01\/img_0103.jpeg","type":"image\/jpeg"}],"author":"Developer","twitter_card":"summary_large_image","twitter_misc":{"Written by":"Developer","Est. reading time":"3 minutes"},"schema":{"@context":"https:\/\/schema.org","@graph":[{"@type":"Article","@id":"https:\/\/qtmm.org\/qt\/ahtem-ciygoz-biz-krimskten-balalarni-kerek-olganga-qadar-evlerimizge-almaga-azirmiz\/#article","isPartOf":{"@id":"https:\/\/qtmm.org\/qt\/ahtem-ciygoz-biz-krimskten-balalarni-kerek-olganga-qadar-evlerimizge-almaga-azirmiz\/"},"author":{"name":"Developer","@id":"https:\/\/qtmm.org\/qt\/#\/schema\/person\/de562469f971dec226ac06e60bbf74a7"},"headline":"Ahtem \u00c7iygoz: Biz Kr\u0131mskten balalarn\u0131 kerek ol\u011fan\u011fa qadar evlerimizge alma\u011fa az\u0131rm\u0131z","datePublished":"2012-07-31T20:31:00+00:00","dateModified":"2022-01-21T20:32:59+00:00","mainEntityOfPage":{"@id":"https:\/\/qtmm.org\/qt\/ahtem-ciygoz-biz-krimskten-balalarni-kerek-olganga-qadar-evlerimizge-almaga-azirmiz\/"},"wordCount":605,"commentCount":0,"publisher":{"@id":"https:\/\/qtmm.org\/qt\/#organization"},"image":{"@id":"https:\/\/qtmm.org\/qt\/ahtem-ciygoz-biz-krimskten-balalarni-kerek-olganga-qadar-evlerimizge-almaga-azirmiz\/#primaryimage"},"thumbnailUrl":"https:\/\/qtmm.org\/wp-content\/uploads\/2022\/01\/img_0103.jpeg","articleSection":["Haberler"],"inLanguage":"qt","potentialAction":[{"@type":"CommentAction","name":"Comment","target":["https:\/\/qtmm.org\/qt\/ahtem-ciygoz-biz-krimskten-balalarni-kerek-olganga-qadar-evlerimizge-almaga-azirmiz\/#respond"]}]},{"@type":"WebPage","@id":"https:\/\/qtmm.org\/qt\/ahtem-ciygoz-biz-krimskten-balalarni-kerek-olganga-qadar-evlerimizge-almaga-azirmiz\/","url":"https:\/\/qtmm.org\/qt\/ahtem-ciygoz-biz-krimskten-balalarni-kerek-olganga-qadar-evlerimizge-almaga-azirmiz\/","name":"Ahtem \u00c7iygoz: Biz Kr\u0131mskten balalarn\u0131 kerek ol\u011fan\u011fa qadar evlerimizge alma\u011fa az\u0131rm\u0131z - \u041c\u0435\u0434\u0436\u043b\u0456\u0441","isPartOf":{"@id":"https:\/\/qtmm.org\/qt\/#website"},"primaryImageOfPage":{"@id":"https:\/\/qtmm.org\/qt\/ahtem-ciygoz-biz-krimskten-balalarni-kerek-olganga-qadar-evlerimizge-almaga-azirmiz\/#primaryimage"},"image":{"@id":"https:\/\/qtmm.org\/qt\/ahtem-ciygoz-biz-krimskten-balalarni-kerek-olganga-qadar-evlerimizge-almaga-azirmiz\/#primaryimage"},"thumbnailUrl":"https:\/\/qtmm.org\/wp-content\/uploads\/2022\/01\/img_0103.jpeg","datePublished":"2012-07-31T20:31:00+00:00","dateModified":"2022-01-21T20:32:59+00:00","breadcrumb":{"@id":"https:\/\/qtmm.org\/qt\/ahtem-ciygoz-biz-krimskten-balalarni-kerek-olganga-qadar-evlerimizge-almaga-azirmiz\/#breadcrumb"},"inLanguage":"qt","potentialAction":[{"@type":"ReadAction","target":["https:\/\/qtmm.org\/qt\/ahtem-ciygoz-biz-krimskten-balalarni-kerek-olganga-qadar-evlerimizge-almaga-azirmiz\/"]}]},{"@type":"ImageObject","inLanguage":"qt","@id":"https:\/\/qtmm.org\/qt\/ahtem-ciygoz-biz-krimskten-balalarni-kerek-olganga-qadar-evlerimizge-almaga-azirmiz\/#primaryimage","url":"https:\/\/qtmm.org\/wp-content\/uploads\/2022\/01\/img_0103.jpeg","contentUrl":"https:\/\/qtmm.org\/wp-content\/uploads\/2022\/01\/img_0103.jpeg","width":800,"height":600},{"@type":"BreadcrumbList","@id":"https:\/\/qtmm.org\/qt\/ahtem-ciygoz-biz-krimskten-balalarni-kerek-olganga-qadar-evlerimizge-almaga-azirmiz\/#breadcrumb","itemListElement":[{"@type":"ListItem","position":1,"name":"\u0413\u043e\u043b\u043e\u0432\u043d\u0430","item":"https:\/\/qtmm.org\/qt\/"},{"@type":"ListItem","position":2,"name":"Ahtem \u00c7iygoz: Biz Kr\u0131mskten balalarn\u0131 kerek ol\u011fan\u011fa qadar evlerimizge alma\u011fa az\u0131rm\u0131z"}]},{"@type":"WebSite","@id":"https:\/\/qtmm.org\/qt\/#website","url":"https:\/\/qtmm.org\/qt\/","name":"\u041c\u0435\u0434\u0436\u043b\u0456\u0441","description":"","publisher":{"@id":"https:\/\/qtmm.org\/qt\/#organization"},"potentialAction":[{"@type":"SearchAction","target":{"@type":"EntryPoint","urlTemplate":"https:\/\/qtmm.org\/qt\/?s={search_term_string}"},"query-input":{"@type":"PropertyValueSpecification","valueRequired":true,"valueName":"search_term_string"}}],"inLanguage":"qt"},{"@type":"Organization","@id":"https:\/\/qtmm.org\/qt\/#organization","name":"\u041c\u0435\u0434\u0436\u043b\u0456\u0441","url":"https:\/\/qtmm.org\/qt\/","logo":{"@type":"ImageObject","inLanguage":"qt","@id":"https:\/\/qtmm.org\/qt\/#\/schema\/logo\/image\/","url":"https:\/\/qtmm.org\/wp-content\/uploads\/2024\/12\/ua-mejlis-logo-rgb.svg","contentUrl":"https:\/\/qtmm.org\/wp-content\/uploads\/2024\/12\/ua-mejlis-logo-rgb.svg","caption":"\u041c\u0435\u0434\u0436\u043b\u0456\u0441"},"image":{"@id":"https:\/\/qtmm.org\/qt\/#\/schema\/logo\/image\/"},"sameAs":["https:\/\/www.facebook.com\/qtmm.info\/"]},{"@type":"Person","@id":"https:\/\/qtmm.org\/qt\/#\/schema\/person\/de562469f971dec226ac06e60bbf74a7","name":"Developer","image":{"@type":"ImageObject","inLanguage":"qt","@id":"https:\/\/secure.gravatar.com\/avatar\/392b4cc8fbfeb00b39dfeeab4ee6edded39ffd48e25858637e4765810300227e?s=96&d=mm&r=g","url":"https:\/\/secure.gravatar.com\/avatar\/392b4cc8fbfeb00b39dfeeab4ee6edded39ffd48e25858637e4765810300227e?s=96&d=mm&r=g","contentUrl":"https:\/\/secure.gravatar.com\/avatar\/392b4cc8fbfeb00b39dfeeab4ee6edded39ffd48e25858637e4765810300227e?s=96&d=mm&r=g","caption":"Developer"},"url":"https:\/\/qtmm.org\/qt\/author\/Developer\/"}]}},"_links":{"self":[{"href":"https:\/\/qtmm.org\/qt\/wp-json\/wp\/v2\/posts\/32971","targetHints":{"allow":["GET"]}}],"collection":[{"href":"https:\/\/qtmm.org\/qt\/wp-json\/wp\/v2\/posts"}],"about":[{"href":"https:\/\/qtmm.org\/qt\/wp-json\/wp\/v2\/types\/post"}],"author":[{"embeddable":true,"href":"https:\/\/qtmm.org\/qt\/wp-json\/wp\/v2\/users\/1"}],"replies":[{"embeddable":true,"href":"https:\/\/qtmm.org\/qt\/wp-json\/wp\/v2\/comments?post=32971"}],"version-history":[{"count":1,"href":"https:\/\/qtmm.org\/qt\/wp-json\/wp\/v2\/posts\/32971\/revisions"}],"predecessor-version":[{"id":32999,"href":"https:\/\/qtmm.org\/qt\/wp-json\/wp\/v2\/posts\/32971\/revisions\/32999"}],"wp:featuredmedia":[{"embeddable":true,"href":"https:\/\/qtmm.org\/qt\/wp-json\/wp\/v2\/media\/32977"}],"wp:attachment":[{"href":"https:\/\/qtmm.org\/qt\/wp-json\/wp\/v2\/media?parent=32971"}],"wp:term":[{"taxonomy":"category","embeddable":true,"href":"https:\/\/qtmm.org\/qt\/wp-json\/wp\/v2\/categories?post=32971"},{"taxonomy":"post_tag","embeddable":true,"href":"https:\/\/qtmm.org\/qt\/wp-json\/wp\/v2\/tags?post=32971"}],"curies":[{"name":"wp","href":"https:\/\/api.w.org\/{rel}","templated":true}]}}