




{"id":32964,"date":"2012-07-30T23:31:00","date_gmt":"2012-07-30T20:31:00","guid":{"rendered":"http:\/\/qtmm.org\/?p=32964"},"modified":"2022-01-21T23:31:30","modified_gmt":"2022-01-21T20:31:30","slug":"mustafa-cemilev-birlesken-muhalifet-batkivscina-butunukrain-birlesmesinin-bir-cedvelinde-12-nci-sirada","status":"publish","type":"post","link":"https:\/\/qtmm.org\/qt\/mustafa-cemilev-birlesken-muhalifet-batkivscina-butunukrain-birlesmesinin-bir-cedvelinde-12-nci-sirada\/","title":{"rendered":"Mustafa Cemilev Birle\u015fken muhalifet \u00abBatk\u0456v\u015f\u00e7ina\u00bb B\u00fct\u00fcnukrain birle\u015fmesini\u00f1 bir cedvelinde 12-nci s\u0131rada"},"content":{"rendered":"\n<p>2012 senesi iy\u00fcl 30 k\u00fcn\u00fc Kiyevde, Turovskaya soqa\u011f\u0131ndaki 13-nci evde, &#8220;Batkiv\u015f\u00e7ina&#8221;n\u0131\u00f1 \u015ftab\u0131 bulun\u011fan yerde a\u00e7\u0131q avada Birle\u015fken muhalifet &#8220;Batk\u0456v\u015f\u00e7ina&#8221; B\u00fct\u00fcnukrain birle\u015fmesini\u00f1 qurultay\u0131 ol\u0131p ke\u00e7ti.<\/p>\n\n\n\n<p>Qurultay neticelerine k\u00f6re Birle\u015fken muhalifet &#8220;Batk\u0456v\u015f\u00e7ina&#8221; B\u00fct\u00fcnukrain birle\u015fmesinden Ukraina Yuqar\u0131 \u015euras\u0131na saylavlarda bir mandatl\u0131 saylav dairelerinde deputatl\u0131qqa namzetler ve \u00e7oqmandatl\u0131 saylav dairelerde deputatl\u0131kqa k\u00f6sterilgen namzetlerni\u00f1 cedveli tasdiqland\u0131.<\/p>\n\n\n\n<p>Eki cedvel de, er bir namzet kibi qurultay delegatlar\u0131 taraf\u0131ndan muzakere olun\u011fan so\u00f1 tasdiqland\u0131lar.<\/p>\n\n\n\n<p>Q\u0131r\u0131mtatar halq\u0131 Meclisini\u00f1 reisi, Ukraina halq deputat\u0131 Mustafa Cemilev Birle\u015fken muhalifet &#8220;Batk\u0456v\u015f\u00e7ina&#8221; B\u00fct\u00fcnukrain birle\u015fmesini\u00f1 bir cedvelinde 12-nci s\u0131rada yer ald\u0131. Cedvelni\u00f1 birinci s\u0131ralar\u0131na Yuliya Timo\u015fenko, Arseniy Yatsen\u00fck, Anatoliy Gritsenko, Aleksandr Tur\u00e7inov ve Yuriy Lutsenko namzetleri kirsetildi.<\/p>\n\n\n\n<p>B\u00fct\u00fcn meseleler baq\u0131l\u011fan so\u00f1 Ukraina gimni ya\u00f1\u011f\u0131rad\u0131, so\u00f1ra qurultay delegatlar\u0131n\u0131\u00f1 episi Ukraina Yuqar\u0131 \u015euras\u0131n\u0131\u00f1 nevbetten t\u0131\u015f topla\u015fuv\u0131na ke\u00e7tiler.<br>\u015eun\u0131 hat\u0131rlatam\u0131z ki, 2012 senesi iy\u00fcl 27-de Q\u0131r\u0131mtatar halq\u0131n\u0131\u00f1 Meclisi ve Birle\u015fken muhalifet &#8220;Batk\u0456v\u015f\u00e7ina&#8221; B\u00fct\u00fcnukrain birle\u015fmesi saylavlarda i\u015fbirlik boyunca ortaql\u0131q beyanat\u0131n\u0131 imzalad\u0131lar.<\/p>\n\n\n\n<p>Birle\u015fken muhalifetke 7 partiya kire &#8211; &#8220;Batk\u0456v\u015f\u00e7ina&#8221; B\u00fct\u00fcnukrain birle\u015fmesi, &#8220;Front zm\u0456n&#8221; (De\u00f1i\u015fmeler cebesi), &#8220;Narodn\u0131y ruh Ukrain\u0131&#8221; (Ukraina halq areketi), &#8220;Grajdanskaya pozitsiya&#8221; (Vatanda\u015fl\u0131q pozitsiyas\u0131) , &#8220;Za Ukrainu&#8221; (Ukraina i\u00e7\u00fcn!), &#8220;Reform\u0131 i por\u00e2dok&#8221; (\u0130sl\u00e2at ve tertip-nizam), &#8220;Narodnaya Samooborona&#8221; (Halq mudafaas\u0131).<\/p>\n\n\n\n<p>Ukraina Yuqar\u0131 \u015euras\u0131na saylavlar 2012 senesi okt\u00e2br 28-de olacaq.<\/p>\n","protected":false},"excerpt":{"rendered":"<p>2012 senesi iy\u00fcl 30 k\u00fcn\u00fc Kiyevde, Turovskaya soqa\u011f\u0131ndaki 13-nci evde, &#8220;Batkiv\u015f\u00e7ina&#8221;n\u0131\u00f1 \u015ftab\u0131 bulun\u011fan yerde a\u00e7\u0131q avada Birle\u015fken muhalifet &#8220;Batk\u0456v\u015f\u00e7ina&#8221; B\u00fct\u00fcnukrain birle\u015fmesini\u00f1 qurultay\u0131 ol\u0131p ke\u00e7ti. Qurultay neticelerine k\u00f6re Birle\u015fken muhalifet &#8220;Batk\u0456v\u015f\u00e7ina&#8221; B\u00fct\u00fcnukrain birle\u015fmesinden Ukraina Yuqar\u0131 \u015euras\u0131na saylavlarda bir mandatl\u0131 saylav dairelerinde deputatl\u0131qqa namzetler ve \u00e7oqmandatl\u0131 saylav dairelerde deputatl\u0131kqa k\u00f6sterilgen namzetlerni\u00f1 cedveli tasdiqland\u0131. Eki cedvel de, er [&hellip;]<\/p>\n","protected":false},"author":1,"featured_media":0,"comment_status":"open","ping_status":"open","sticky":false,"template":"","format":"standard","meta":{"inline_featured_image":false,"footnotes":""},"categories":[265],"tags":[],"class_list":["post-32964","post","type-post","status-publish","format-standard","hentry","category-haberler"],"acf":[],"yoast_head":"<!-- This site is optimized with the Yoast SEO plugin v27.4 - https:\/\/yoast.com\/product\/yoast-seo-wordpress\/ -->\n<title>Mustafa Cemilev Birle\u015fken muhalifet \u00abBatk\u0456v\u015f\u00e7ina\u00bb B\u00fct\u00fcnukrain birle\u015fmesini\u00f1 bir cedvelinde 12-nci s\u0131rada - \u041c\u0435\u0434\u0436\u043b\u0456\u0441<\/title>\n<meta name=\"robots\" content=\"index, follow, max-snippet:-1, max-image-preview:large, max-video-preview:-1\" \/>\n<link rel=\"canonical\" href=\"https:\/\/qtmm.org\/qt\/mustafa-cemilev-birlesken-muhalifet-batkivscina-butunukrain-birlesmesinin-bir-cedvelinde-12-nci-sirada\/\" \/>\n<meta property=\"og:locale\" content=\"en_US\" \/>\n<meta property=\"og:type\" content=\"article\" \/>\n<meta property=\"og:title\" content=\"Mustafa Cemilev Birle\u015fken muhalifet \u00abBatk\u0456v\u015f\u00e7ina\u00bb B\u00fct\u00fcnukrain birle\u015fmesini\u00f1 bir cedvelinde 12-nci s\u0131rada - \u041c\u0435\u0434\u0436\u043b\u0456\u0441\" \/>\n<meta property=\"og:description\" content=\"2012 senesi iy\u00fcl 30 k\u00fcn\u00fc Kiyevde, Turovskaya soqa\u011f\u0131ndaki 13-nci evde, &#8220;Batkiv\u015f\u00e7ina&#8221;n\u0131\u00f1 \u015ftab\u0131 bulun\u011fan yerde a\u00e7\u0131q avada Birle\u015fken muhalifet &#8220;Batk\u0456v\u015f\u00e7ina&#8221; B\u00fct\u00fcnukrain birle\u015fmesini\u00f1 qurultay\u0131 ol\u0131p ke\u00e7ti. Qurultay neticelerine k\u00f6re Birle\u015fken muhalifet &#8220;Batk\u0456v\u015f\u00e7ina&#8221; B\u00fct\u00fcnukrain birle\u015fmesinden Ukraina Yuqar\u0131 \u015euras\u0131na saylavlarda bir mandatl\u0131 saylav dairelerinde deputatl\u0131qqa namzetler ve \u00e7oqmandatl\u0131 saylav dairelerde deputatl\u0131kqa k\u00f6sterilgen namzetlerni\u00f1 cedveli tasdiqland\u0131. Eki cedvel de, er [&hellip;]\" \/>\n<meta property=\"og:url\" content=\"https:\/\/qtmm.org\/qt\/mustafa-cemilev-birlesken-muhalifet-batkivscina-butunukrain-birlesmesinin-bir-cedvelinde-12-nci-sirada\/\" \/>\n<meta property=\"og:site_name\" content=\"\u041c\u0435\u0434\u0436\u043b\u0456\u0441\" \/>\n<meta property=\"article:publisher\" content=\"https:\/\/www.facebook.com\/qtmm.info\/\" \/>\n<meta property=\"article:published_time\" content=\"2012-07-30T20:31:00+00:00\" \/>\n<meta property=\"article:modified_time\" content=\"2022-01-21T20:31:30+00:00\" \/>\n<meta name=\"author\" content=\"Developer\" \/>\n<meta name=\"twitter:card\" content=\"summary_large_image\" \/>\n<meta name=\"twitter:label1\" content=\"Written by\" \/>\n\t<meta name=\"twitter:data1\" content=\"Developer\" \/>\n\t<meta name=\"twitter:label2\" content=\"Est. reading time\" \/>\n\t<meta name=\"twitter:data2\" content=\"1 minute\" \/>\n<script type=\"application\/ld+json\" class=\"yoast-schema-graph\">{\"@context\":\"https:\\\/\\\/schema.org\",\"@graph\":[{\"@type\":\"Article\",\"@id\":\"https:\\\/\\\/qtmm.org\\\/qt\\\/mustafa-cemilev-birlesken-muhalifet-batkivscina-butunukrain-birlesmesinin-bir-cedvelinde-12-nci-sirada\\\/#article\",\"isPartOf\":{\"@id\":\"https:\\\/\\\/qtmm.org\\\/qt\\\/mustafa-cemilev-birlesken-muhalifet-batkivscina-butunukrain-birlesmesinin-bir-cedvelinde-12-nci-sirada\\\/\"},\"author\":{\"name\":\"Developer\",\"@id\":\"https:\\\/\\\/qtmm.org\\\/qt\\\/#\\\/schema\\\/person\\\/de562469f971dec226ac06e60bbf74a7\"},\"headline\":\"Mustafa Cemilev Birle\u015fken muhalifet \u00abBatk\u0456v\u015f\u00e7ina\u00bb B\u00fct\u00fcnukrain birle\u015fmesini\u00f1 bir cedvelinde 12-nci s\u0131rada\",\"datePublished\":\"2012-07-30T20:31:00+00:00\",\"dateModified\":\"2022-01-21T20:31:30+00:00\",\"mainEntityOfPage\":{\"@id\":\"https:\\\/\\\/qtmm.org\\\/qt\\\/mustafa-cemilev-birlesken-muhalifet-batkivscina-butunukrain-birlesmesinin-bir-cedvelinde-12-nci-sirada\\\/\"},\"wordCount\":287,\"commentCount\":0,\"publisher\":{\"@id\":\"https:\\\/\\\/qtmm.org\\\/qt\\\/#organization\"},\"articleSection\":[\"Haberler\"],\"inLanguage\":\"qt\",\"potentialAction\":[{\"@type\":\"CommentAction\",\"name\":\"Comment\",\"target\":[\"https:\\\/\\\/qtmm.org\\\/qt\\\/mustafa-cemilev-birlesken-muhalifet-batkivscina-butunukrain-birlesmesinin-bir-cedvelinde-12-nci-sirada\\\/#respond\"]}]},{\"@type\":\"WebPage\",\"@id\":\"https:\\\/\\\/qtmm.org\\\/qt\\\/mustafa-cemilev-birlesken-muhalifet-batkivscina-butunukrain-birlesmesinin-bir-cedvelinde-12-nci-sirada\\\/\",\"url\":\"https:\\\/\\\/qtmm.org\\\/qt\\\/mustafa-cemilev-birlesken-muhalifet-batkivscina-butunukrain-birlesmesinin-bir-cedvelinde-12-nci-sirada\\\/\",\"name\":\"Mustafa Cemilev Birle\u015fken muhalifet \u00abBatk\u0456v\u015f\u00e7ina\u00bb B\u00fct\u00fcnukrain birle\u015fmesini\u00f1 bir cedvelinde 12-nci s\u0131rada - \u041c\u0435\u0434\u0436\u043b\u0456\u0441\",\"isPartOf\":{\"@id\":\"https:\\\/\\\/qtmm.org\\\/qt\\\/#website\"},\"datePublished\":\"2012-07-30T20:31:00+00:00\",\"dateModified\":\"2022-01-21T20:31:30+00:00\",\"breadcrumb\":{\"@id\":\"https:\\\/\\\/qtmm.org\\\/qt\\\/mustafa-cemilev-birlesken-muhalifet-batkivscina-butunukrain-birlesmesinin-bir-cedvelinde-12-nci-sirada\\\/#breadcrumb\"},\"inLanguage\":\"qt\",\"potentialAction\":[{\"@type\":\"ReadAction\",\"target\":[\"https:\\\/\\\/qtmm.org\\\/qt\\\/mustafa-cemilev-birlesken-muhalifet-batkivscina-butunukrain-birlesmesinin-bir-cedvelinde-12-nci-sirada\\\/\"]}]},{\"@type\":\"BreadcrumbList\",\"@id\":\"https:\\\/\\\/qtmm.org\\\/qt\\\/mustafa-cemilev-birlesken-muhalifet-batkivscina-butunukrain-birlesmesinin-bir-cedvelinde-12-nci-sirada\\\/#breadcrumb\",\"itemListElement\":[{\"@type\":\"ListItem\",\"position\":1,\"name\":\"\u0413\u043e\u043b\u043e\u0432\u043d\u0430\",\"item\":\"https:\\\/\\\/qtmm.org\\\/qt\\\/\"},{\"@type\":\"ListItem\",\"position\":2,\"name\":\"Mustafa Cemilev Birle\u015fken muhalifet \u00abBatk\u0456v\u015f\u00e7ina\u00bb B\u00fct\u00fcnukrain birle\u015fmesini\u00f1 bir cedvelinde 12-nci s\u0131rada\"}]},{\"@type\":\"WebSite\",\"@id\":\"https:\\\/\\\/qtmm.org\\\/qt\\\/#website\",\"url\":\"https:\\\/\\\/qtmm.org\\\/qt\\\/\",\"name\":\"\u041c\u0435\u0434\u0436\u043b\u0456\u0441\",\"description\":\"\",\"publisher\":{\"@id\":\"https:\\\/\\\/qtmm.org\\\/qt\\\/#organization\"},\"potentialAction\":[{\"@type\":\"SearchAction\",\"target\":{\"@type\":\"EntryPoint\",\"urlTemplate\":\"https:\\\/\\\/qtmm.org\\\/qt\\\/?s={search_term_string}\"},\"query-input\":{\"@type\":\"PropertyValueSpecification\",\"valueRequired\":true,\"valueName\":\"search_term_string\"}}],\"inLanguage\":\"qt\"},{\"@type\":\"Organization\",\"@id\":\"https:\\\/\\\/qtmm.org\\\/qt\\\/#organization\",\"name\":\"\u041c\u0435\u0434\u0436\u043b\u0456\u0441\",\"url\":\"https:\\\/\\\/qtmm.org\\\/qt\\\/\",\"logo\":{\"@type\":\"ImageObject\",\"inLanguage\":\"qt\",\"@id\":\"https:\\\/\\\/qtmm.org\\\/qt\\\/#\\\/schema\\\/logo\\\/image\\\/\",\"url\":\"https:\\\/\\\/qtmm.org\\\/wp-content\\\/uploads\\\/2024\\\/12\\\/ua-mejlis-logo-rgb.svg\",\"contentUrl\":\"https:\\\/\\\/qtmm.org\\\/wp-content\\\/uploads\\\/2024\\\/12\\\/ua-mejlis-logo-rgb.svg\",\"caption\":\"\u041c\u0435\u0434\u0436\u043b\u0456\u0441\"},\"image\":{\"@id\":\"https:\\\/\\\/qtmm.org\\\/qt\\\/#\\\/schema\\\/logo\\\/image\\\/\"},\"sameAs\":[\"https:\\\/\\\/www.facebook.com\\\/qtmm.info\\\/\"]},{\"@type\":\"Person\",\"@id\":\"https:\\\/\\\/qtmm.org\\\/qt\\\/#\\\/schema\\\/person\\\/de562469f971dec226ac06e60bbf74a7\",\"name\":\"Developer\",\"image\":{\"@type\":\"ImageObject\",\"inLanguage\":\"qt\",\"@id\":\"https:\\\/\\\/secure.gravatar.com\\\/avatar\\\/392b4cc8fbfeb00b39dfeeab4ee6edded39ffd48e25858637e4765810300227e?s=96&d=mm&r=g\",\"url\":\"https:\\\/\\\/secure.gravatar.com\\\/avatar\\\/392b4cc8fbfeb00b39dfeeab4ee6edded39ffd48e25858637e4765810300227e?s=96&d=mm&r=g\",\"contentUrl\":\"https:\\\/\\\/secure.gravatar.com\\\/avatar\\\/392b4cc8fbfeb00b39dfeeab4ee6edded39ffd48e25858637e4765810300227e?s=96&d=mm&r=g\",\"caption\":\"Developer\"},\"url\":\"https:\\\/\\\/qtmm.org\\\/qt\\\/author\\\/Developer\\\/\"}]}<\/script>\n<!-- \/ Yoast SEO plugin. -->","yoast_head_json":{"title":"Mustafa Cemilev Birle\u015fken muhalifet \u00abBatk\u0456v\u015f\u00e7ina\u00bb B\u00fct\u00fcnukrain birle\u015fmesini\u00f1 bir cedvelinde 12-nci s\u0131rada - \u041c\u0435\u0434\u0436\u043b\u0456\u0441","robots":{"index":"index","follow":"follow","max-snippet":"max-snippet:-1","max-image-preview":"max-image-preview:large","max-video-preview":"max-video-preview:-1"},"canonical":"https:\/\/qtmm.org\/qt\/mustafa-cemilev-birlesken-muhalifet-batkivscina-butunukrain-birlesmesinin-bir-cedvelinde-12-nci-sirada\/","og_locale":"en_US","og_type":"article","og_title":"Mustafa Cemilev Birle\u015fken muhalifet \u00abBatk\u0456v\u015f\u00e7ina\u00bb B\u00fct\u00fcnukrain birle\u015fmesini\u00f1 bir cedvelinde 12-nci s\u0131rada - \u041c\u0435\u0434\u0436\u043b\u0456\u0441","og_description":"2012 senesi iy\u00fcl 30 k\u00fcn\u00fc Kiyevde, Turovskaya soqa\u011f\u0131ndaki 13-nci evde, &#8220;Batkiv\u015f\u00e7ina&#8221;n\u0131\u00f1 \u015ftab\u0131 bulun\u011fan yerde a\u00e7\u0131q avada Birle\u015fken muhalifet &#8220;Batk\u0456v\u015f\u00e7ina&#8221; B\u00fct\u00fcnukrain birle\u015fmesini\u00f1 qurultay\u0131 ol\u0131p ke\u00e7ti. Qurultay neticelerine k\u00f6re Birle\u015fken muhalifet &#8220;Batk\u0456v\u015f\u00e7ina&#8221; B\u00fct\u00fcnukrain birle\u015fmesinden Ukraina Yuqar\u0131 \u015euras\u0131na saylavlarda bir mandatl\u0131 saylav dairelerinde deputatl\u0131qqa namzetler ve \u00e7oqmandatl\u0131 saylav dairelerde deputatl\u0131kqa k\u00f6sterilgen namzetlerni\u00f1 cedveli tasdiqland\u0131. Eki cedvel de, er [&hellip;]","og_url":"https:\/\/qtmm.org\/qt\/mustafa-cemilev-birlesken-muhalifet-batkivscina-butunukrain-birlesmesinin-bir-cedvelinde-12-nci-sirada\/","og_site_name":"\u041c\u0435\u0434\u0436\u043b\u0456\u0441","article_publisher":"https:\/\/www.facebook.com\/qtmm.info\/","article_published_time":"2012-07-30T20:31:00+00:00","article_modified_time":"2022-01-21T20:31:30+00:00","author":"Developer","twitter_card":"summary_large_image","twitter_misc":{"Written by":"Developer","Est. reading time":"1 minute"},"schema":{"@context":"https:\/\/schema.org","@graph":[{"@type":"Article","@id":"https:\/\/qtmm.org\/qt\/mustafa-cemilev-birlesken-muhalifet-batkivscina-butunukrain-birlesmesinin-bir-cedvelinde-12-nci-sirada\/#article","isPartOf":{"@id":"https:\/\/qtmm.org\/qt\/mustafa-cemilev-birlesken-muhalifet-batkivscina-butunukrain-birlesmesinin-bir-cedvelinde-12-nci-sirada\/"},"author":{"name":"Developer","@id":"https:\/\/qtmm.org\/qt\/#\/schema\/person\/de562469f971dec226ac06e60bbf74a7"},"headline":"Mustafa Cemilev Birle\u015fken muhalifet \u00abBatk\u0456v\u015f\u00e7ina\u00bb B\u00fct\u00fcnukrain birle\u015fmesini\u00f1 bir cedvelinde 12-nci s\u0131rada","datePublished":"2012-07-30T20:31:00+00:00","dateModified":"2022-01-21T20:31:30+00:00","mainEntityOfPage":{"@id":"https:\/\/qtmm.org\/qt\/mustafa-cemilev-birlesken-muhalifet-batkivscina-butunukrain-birlesmesinin-bir-cedvelinde-12-nci-sirada\/"},"wordCount":287,"commentCount":0,"publisher":{"@id":"https:\/\/qtmm.org\/qt\/#organization"},"articleSection":["Haberler"],"inLanguage":"qt","potentialAction":[{"@type":"CommentAction","name":"Comment","target":["https:\/\/qtmm.org\/qt\/mustafa-cemilev-birlesken-muhalifet-batkivscina-butunukrain-birlesmesinin-bir-cedvelinde-12-nci-sirada\/#respond"]}]},{"@type":"WebPage","@id":"https:\/\/qtmm.org\/qt\/mustafa-cemilev-birlesken-muhalifet-batkivscina-butunukrain-birlesmesinin-bir-cedvelinde-12-nci-sirada\/","url":"https:\/\/qtmm.org\/qt\/mustafa-cemilev-birlesken-muhalifet-batkivscina-butunukrain-birlesmesinin-bir-cedvelinde-12-nci-sirada\/","name":"Mustafa Cemilev Birle\u015fken muhalifet \u00abBatk\u0456v\u015f\u00e7ina\u00bb B\u00fct\u00fcnukrain birle\u015fmesini\u00f1 bir cedvelinde 12-nci s\u0131rada - \u041c\u0435\u0434\u0436\u043b\u0456\u0441","isPartOf":{"@id":"https:\/\/qtmm.org\/qt\/#website"},"datePublished":"2012-07-30T20:31:00+00:00","dateModified":"2022-01-21T20:31:30+00:00","breadcrumb":{"@id":"https:\/\/qtmm.org\/qt\/mustafa-cemilev-birlesken-muhalifet-batkivscina-butunukrain-birlesmesinin-bir-cedvelinde-12-nci-sirada\/#breadcrumb"},"inLanguage":"qt","potentialAction":[{"@type":"ReadAction","target":["https:\/\/qtmm.org\/qt\/mustafa-cemilev-birlesken-muhalifet-batkivscina-butunukrain-birlesmesinin-bir-cedvelinde-12-nci-sirada\/"]}]},{"@type":"BreadcrumbList","@id":"https:\/\/qtmm.org\/qt\/mustafa-cemilev-birlesken-muhalifet-batkivscina-butunukrain-birlesmesinin-bir-cedvelinde-12-nci-sirada\/#breadcrumb","itemListElement":[{"@type":"ListItem","position":1,"name":"\u0413\u043e\u043b\u043e\u0432\u043d\u0430","item":"https:\/\/qtmm.org\/qt\/"},{"@type":"ListItem","position":2,"name":"Mustafa Cemilev Birle\u015fken muhalifet \u00abBatk\u0456v\u015f\u00e7ina\u00bb B\u00fct\u00fcnukrain birle\u015fmesini\u00f1 bir cedvelinde 12-nci s\u0131rada"}]},{"@type":"WebSite","@id":"https:\/\/qtmm.org\/qt\/#website","url":"https:\/\/qtmm.org\/qt\/","name":"\u041c\u0435\u0434\u0436\u043b\u0456\u0441","description":"","publisher":{"@id":"https:\/\/qtmm.org\/qt\/#organization"},"potentialAction":[{"@type":"SearchAction","target":{"@type":"EntryPoint","urlTemplate":"https:\/\/qtmm.org\/qt\/?s={search_term_string}"},"query-input":{"@type":"PropertyValueSpecification","valueRequired":true,"valueName":"search_term_string"}}],"inLanguage":"qt"},{"@type":"Organization","@id":"https:\/\/qtmm.org\/qt\/#organization","name":"\u041c\u0435\u0434\u0436\u043b\u0456\u0441","url":"https:\/\/qtmm.org\/qt\/","logo":{"@type":"ImageObject","inLanguage":"qt","@id":"https:\/\/qtmm.org\/qt\/#\/schema\/logo\/image\/","url":"https:\/\/qtmm.org\/wp-content\/uploads\/2024\/12\/ua-mejlis-logo-rgb.svg","contentUrl":"https:\/\/qtmm.org\/wp-content\/uploads\/2024\/12\/ua-mejlis-logo-rgb.svg","caption":"\u041c\u0435\u0434\u0436\u043b\u0456\u0441"},"image":{"@id":"https:\/\/qtmm.org\/qt\/#\/schema\/logo\/image\/"},"sameAs":["https:\/\/www.facebook.com\/qtmm.info\/"]},{"@type":"Person","@id":"https:\/\/qtmm.org\/qt\/#\/schema\/person\/de562469f971dec226ac06e60bbf74a7","name":"Developer","image":{"@type":"ImageObject","inLanguage":"qt","@id":"https:\/\/secure.gravatar.com\/avatar\/392b4cc8fbfeb00b39dfeeab4ee6edded39ffd48e25858637e4765810300227e?s=96&d=mm&r=g","url":"https:\/\/secure.gravatar.com\/avatar\/392b4cc8fbfeb00b39dfeeab4ee6edded39ffd48e25858637e4765810300227e?s=96&d=mm&r=g","contentUrl":"https:\/\/secure.gravatar.com\/avatar\/392b4cc8fbfeb00b39dfeeab4ee6edded39ffd48e25858637e4765810300227e?s=96&d=mm&r=g","caption":"Developer"},"url":"https:\/\/qtmm.org\/qt\/author\/Developer\/"}]}},"_links":{"self":[{"href":"https:\/\/qtmm.org\/qt\/wp-json\/wp\/v2\/posts\/32964","targetHints":{"allow":["GET"]}}],"collection":[{"href":"https:\/\/qtmm.org\/qt\/wp-json\/wp\/v2\/posts"}],"about":[{"href":"https:\/\/qtmm.org\/qt\/wp-json\/wp\/v2\/types\/post"}],"author":[{"embeddable":true,"href":"https:\/\/qtmm.org\/qt\/wp-json\/wp\/v2\/users\/1"}],"replies":[{"embeddable":true,"href":"https:\/\/qtmm.org\/qt\/wp-json\/wp\/v2\/comments?post=32964"}],"version-history":[{"count":1,"href":"https:\/\/qtmm.org\/qt\/wp-json\/wp\/v2\/posts\/32964\/revisions"}],"predecessor-version":[{"id":32969,"href":"https:\/\/qtmm.org\/qt\/wp-json\/wp\/v2\/posts\/32964\/revisions\/32969"}],"wp:attachment":[{"href":"https:\/\/qtmm.org\/qt\/wp-json\/wp\/v2\/media?parent=32964"}],"wp:term":[{"taxonomy":"category","embeddable":true,"href":"https:\/\/qtmm.org\/qt\/wp-json\/wp\/v2\/categories?post=32964"},{"taxonomy":"post_tag","embeddable":true,"href":"https:\/\/qtmm.org\/qt\/wp-json\/wp\/v2\/tags?post=32964"}],"curies":[{"name":"wp","href":"https:\/\/api.w.org\/{rel}","templated":true}]}}