




{"id":32930,"date":"2012-07-28T23:27:00","date_gmt":"2012-07-28T20:27:00","guid":{"rendered":"http:\/\/qtmm.org\/?p=32930"},"modified":"2022-01-21T23:28:54","modified_gmt":"2022-01-21T20:28:54","slug":"arseniy-yatsenuk-meclis-reisinen-beraber-beyanat-imzaladigimiz-milliy-azliqlarni-qorcalav-boyunca-pozitsiyamiznin-ifadesidir","status":"publish","type":"post","link":"https:\/\/qtmm.org\/qt\/arseniy-yatsenuk-meclis-reisinen-beraber-beyanat-imzaladigimiz-milliy-azliqlarni-qorcalav-boyunca-pozitsiyamiznin-ifadesidir\/","title":{"rendered":"Arseniy Yatsen\u00fck: Meclis reisinen beraber beyanat imzalad\u0131\u011f\u0131m\u0131z milliy azl\u0131qlarn\u0131 qor\u00e7alav boyunca pozitsiyam\u0131zn\u0131\u00f1 ifadesidir"},"content":{"rendered":"\n<p>&#8220;Q\u0131r\u0131mtatar halq\u0131n\u0131\u00f1 Meclisinen emekda\u015fl\u0131\u011f\u0131m\u0131z biz i\u00e7\u00fcn pek m\u00fcimdir&#8221;, &#8211; dedi Birle\u015fken muhalifet B\u00fct\u00fcnukrain &#8220;Batkiv\u015f\u00e7ina&#8221; birle\u015fmesi Merkeziy saylav \u015ftab\u0131n\u0131\u00f1 ba\u015f\u0131 Aleksandr Tur\u00e7inov. &#8211; Biz Mustafa Cemilevni \u00e7oq y\u0131llardan berli tan\u0131ym\u0131z. Bu insan imperiya rejimini\u00f1 apshanelerinde de k\u00fcre\u015fip, \u011falip olma\u011fa al\u0131\u015fq\u0131nd\u0131r. Bizlerni \u00e7oq \u015feyler birle\u015ftire&#8221;.<\/p>\n\n\n\n<p>Bu aqta Tur\u00e7inov 2012 senesi iy\u00fcl 27 k\u00fcn\u00fc ol\u0131p ke\u00e7ken matbuat konferentsiyas\u0131nda aytt\u0131. Onda &#8220;Batkiv\u015f\u00e7ina&#8221; B\u00fct\u00fcnukrain birle\u015fmesi ve Q\u0131r\u0131mtatarlar halq\u0131 meclisini\u00f1 2012 senesi parlament saylavlar\u0131nda i\u015ftirak et\u00fcv boyunca m\u00fc\u015fterek beyanat\u0131 imzaland\u0131.<\/p>\n\n\n\n<p>\u00d6z nevbetinde Q\u0131r\u0131mtatarlar halq\u0131 meclisini\u00f1 ba\u015f\u0131 Mustafa Cemilev bildirdi ki, yaq\u0131n vaq\u0131tta Meclisni\u00f1 topla\u015fuv\u0131 ke\u00e7irilip, q\u0131r\u0131mtatar halq\u0131 vek\u00e2letli organ\u0131n\u0131\u00f1 azalar\u0131 kesen-kes qarar qabul etecekler. &#8220;Biz \u011falebe qazanaca\u011f\u0131m\u0131z\u011fa \u00fcm\u00fct etemiz, er alda o\u00f1a iri\u015fmek i\u00e7\u00fcn elimizden kelgenni yaparm\u0131z&#8221;, &#8211; dedi Mustafa Cemilev.<\/p>\n\n\n\n<p>\u0130mzalan\u011fan beyanatn\u0131 izaatla\u011fan Birle\u015fken muhalifet B\u00fct\u00fcnukrain &#8220;Batkiv\u015f\u00e7ina&#8221; birle\u015fmesi ke\u00f1e\u015fini\u00f1 reisi Arseniy Yatsen\u00fck emin ki, taraflar pek mes\u00fclietli ve ciddiy qarar ald\u0131lar.<\/p>\n\n\n\n<p>&#8220;Bu mes\u00fclietli ve ciddiy qarard\u0131r, \u00e7\u00fcnki so\u00f1ki vaq\u0131tta koalitsion \u00e7oqluq, mesel\u00e2 Simonenko, s\u00fcrg\u00fcnlikni aqlama\u011fa t\u0131r\u0131\u015falar. \u0130osif Stalin q\u0131r\u0131mtatar halq\u0131n\u0131 s\u00fcrg\u00fcn etmeknen \u00f6l\u00fcmden qurtard\u0131 demek, menimce, tarihiy faktlarn\u0131 aqaret et\u00fcv demektir, &#8211; dedi Yatsen\u00fck. \u2013 Ve bug\u00fcn \u00e7oqlar\u0131 b\u00f6yle fikirdeler&#8221;.<\/p>\n\n\n\n<p>Arseniy Yatsen\u00fckni\u00f1 aytqan\u0131na k\u00f6re, birle\u015fken muhalifet \u00f6z programmas\u0131nda tam\u0131r halqlar ve milliy azl\u0131qlarn\u0131\u00f1 meselelerine baya\u011f\u0131 diqqat ay\u0131rd\u0131. Meclisnen birlikte beyanat imzalan\u011fan so\u00f1 Birle\u015fken muhalifetni\u00f1 programmas\u0131nda tam\u0131r halqlar ve milliy azl\u0131qlarn\u0131 qor\u00e7alav boyunca ayr\u0131ca madde ve ayr\u0131ca b\u00f6l\u00fck olacaq.<\/p>\n\n\n\n<p>&#8220;Q\u0131r\u0131mtatar halq\u0131 Meclisini\u00f1 reisinen beraber beyanat imzalad\u0131\u011f\u0131m\u0131z milliy azl\u0131qlarn\u0131 qor\u00e7alav boyunca pozitsiyam\u0131zn\u0131\u00f1 ifadesidir, beyanat eki tilde \u2013 ukrain ve q\u0131r\u0131mtatar tilinde imzalan\u011fan\u0131n\u0131 ayr\u0131ca qayd etmelidir&#8221;, &#8211; dedi Yatsen\u00fck.<\/p>\n\n\n\n<p>Hat\u0131rlatam\u0131z ki, iy\u00fcl 27 k\u00fcn\u00fc Birle\u015fken muhalifet B\u00fct\u00fcnukrain &#8220;Batkiv\u015f\u00e7ina&#8221; birle\u015fmesi ke\u00f1e\u015fini\u00f1 reisi Arseniy Yatsen\u00fck, Q\u0131r\u0131mtatar halq\u0131 Meclisini\u00f1 reisi Mustafa Cemilev ve Birle\u015fken muhalifet B\u00fct\u00fcnukrain &#8220;Batkiv\u015f\u00e7ina&#8221; birle\u015fmesi Merkeziy saylav \u015ftab\u0131n\u0131\u00f1 ba\u015f\u0131 Aleksandr Tur\u00e7inov Birle\u015fken muhalifet ve Meclis 2012 senesi parlament saylavlar\u0131nda beraber i\u015ftirak etecekleri aqq\u0131nda m\u00fc\u015fterek beyanatn\u0131 imzalad\u0131lar.<\/p>\n\n\n\n<p>&#8221; Birle\u015fken muhalifet B\u00fct\u00fcnukrain &#8220;Batkiv\u015f\u00e7ina&#8221; birle\u015fmesi ve Q\u0131r\u0131mtatar halq\u0131n\u0131\u00f1 Meclisi 2012 senesi parlament se\u00e7imlerinde qanun\u011fa riayet etilmesi, , saylav ceryan\u0131 i\u015ftirak\u00e7ileri i\u00e7\u00fcn episi basq\u0131\u00e7larda musaviy imk\u00e2nlar berilmesi, saylavlarn\u0131\u00f1 namusl\u0131, adaletli ve a\u00e7\u0131q nketiceleri elde etilmesini teminlev meselelerinde i\u015fbirlikte bulunacaqlar.<\/p>\n\n\n\n<p>Birle\u015fken muhalifet B\u00fct\u00fcnukrain &#8220;Batkiv\u015f\u00e7ina&#8221; birle\u015fmesi ve Q\u0131r\u0131mtatar halq\u0131n\u0131\u00f1 Meclisini\u00f1 m\u00fc\u015fterek beyanat\u0131 ukrain ve q\u0131r\u0131mtatar tillerinde imzaland\u0131.<\/p>\n\n\n\n<p><strong>Haberlerge video<\/strong><\/p>\n\n\n\n<figure class=\"wp-block-embed is-type-video is-provider-youtube wp-block-embed-youtube wp-embed-aspect-4-3 wp-has-aspect-ratio\"><div class=\"wp-block-embed__wrapper\">\n<iframe loading=\"lazy\" title=\"\u041f\u0440\u0435\u0441\u0441-\u043a\u043e\u043d\u0444\u0435\u0440\u0435\u043d\u0446\u0438\u044f_27.07.2012\" width=\"640\" height=\"480\" src=\"https:\/\/www.youtube.com\/embed\/j6-W30D60-s?feature=oembed\" frameborder=\"0\" allow=\"accelerometer; autoplay; clipboard-write; encrypted-media; gyroscope; picture-in-picture; web-share\" referrerpolicy=\"strict-origin-when-cross-origin\" allowfullscreen><\/iframe>\n<\/div><\/figure>\n","protected":false},"excerpt":{"rendered":"<p>&#8220;Q\u0131r\u0131mtatar halq\u0131n\u0131\u00f1 Meclisinen emekda\u015fl\u0131\u011f\u0131m\u0131z biz i\u00e7\u00fcn pek m\u00fcimdir&#8221;, &#8211; dedi Birle\u015fken muhalifet B\u00fct\u00fcnukrain &#8220;Batkiv\u015f\u00e7ina&#8221; birle\u015fmesi Merkeziy saylav \u015ftab\u0131n\u0131\u00f1 ba\u015f\u0131 Aleksandr Tur\u00e7inov. &#8211; Biz Mustafa Cemilevni \u00e7oq y\u0131llardan berli tan\u0131ym\u0131z. Bu insan imperiya rejimini\u00f1 apshanelerinde de k\u00fcre\u015fip, \u011falip olma\u011fa al\u0131\u015fq\u0131nd\u0131r. Bizlerni \u00e7oq \u015feyler birle\u015ftire&#8221;. Bu aqta Tur\u00e7inov 2012 senesi iy\u00fcl 27 k\u00fcn\u00fc ol\u0131p ke\u00e7ken matbuat konferentsiyas\u0131nda [&hellip;]<\/p>\n","protected":false},"author":1,"featured_media":32936,"comment_status":"open","ping_status":"open","sticky":false,"template":"","format":"standard","meta":{"inline_featured_image":false,"footnotes":""},"categories":[265],"tags":[],"class_list":["post-32930","post","type-post","status-publish","format-standard","has-post-thumbnail","hentry","category-haberler"],"acf":[],"yoast_head":"<!-- This site is optimized with the Yoast SEO plugin v27.4 - https:\/\/yoast.com\/product\/yoast-seo-wordpress\/ -->\n<title>Arseniy Yatsen\u00fck: Meclis reisinen beraber beyanat imzalad\u0131\u011f\u0131m\u0131z milliy azl\u0131qlarn\u0131 qor\u00e7alav boyunca pozitsiyam\u0131zn\u0131\u00f1 ifadesidir - \u041c\u0435\u0434\u0436\u043b\u0456\u0441<\/title>\n<meta name=\"robots\" content=\"index, follow, max-snippet:-1, max-image-preview:large, max-video-preview:-1\" \/>\n<link rel=\"canonical\" href=\"https:\/\/qtmm.org\/qt\/arseniy-yatsenuk-meclis-reisinen-beraber-beyanat-imzaladigimiz-milliy-azliqlarni-qorcalav-boyunca-pozitsiyamiznin-ifadesidir\/\" \/>\n<meta property=\"og:locale\" content=\"en_US\" \/>\n<meta property=\"og:type\" content=\"article\" \/>\n<meta property=\"og:title\" content=\"Arseniy Yatsen\u00fck: Meclis reisinen beraber beyanat imzalad\u0131\u011f\u0131m\u0131z milliy azl\u0131qlarn\u0131 qor\u00e7alav boyunca pozitsiyam\u0131zn\u0131\u00f1 ifadesidir - \u041c\u0435\u0434\u0436\u043b\u0456\u0441\" \/>\n<meta property=\"og:description\" content=\"&#8220;Q\u0131r\u0131mtatar halq\u0131n\u0131\u00f1 Meclisinen emekda\u015fl\u0131\u011f\u0131m\u0131z biz i\u00e7\u00fcn pek m\u00fcimdir&#8221;, &#8211; dedi Birle\u015fken muhalifet B\u00fct\u00fcnukrain &#8220;Batkiv\u015f\u00e7ina&#8221; birle\u015fmesi Merkeziy saylav \u015ftab\u0131n\u0131\u00f1 ba\u015f\u0131 Aleksandr Tur\u00e7inov. &#8211; Biz Mustafa Cemilevni \u00e7oq y\u0131llardan berli tan\u0131ym\u0131z. Bu insan imperiya rejimini\u00f1 apshanelerinde de k\u00fcre\u015fip, \u011falip olma\u011fa al\u0131\u015fq\u0131nd\u0131r. Bizlerni \u00e7oq \u015feyler birle\u015ftire&#8221;. Bu aqta Tur\u00e7inov 2012 senesi iy\u00fcl 27 k\u00fcn\u00fc ol\u0131p ke\u00e7ken matbuat konferentsiyas\u0131nda [&hellip;]\" \/>\n<meta property=\"og:url\" content=\"https:\/\/qtmm.org\/qt\/arseniy-yatsenuk-meclis-reisinen-beraber-beyanat-imzaladigimiz-milliy-azliqlarni-qorcalav-boyunca-pozitsiyamiznin-ifadesidir\/\" \/>\n<meta property=\"og:site_name\" content=\"\u041c\u0435\u0434\u0436\u043b\u0456\u0441\" \/>\n<meta property=\"article:publisher\" content=\"https:\/\/www.facebook.com\/qtmm.info\/\" \/>\n<meta property=\"article:published_time\" content=\"2012-07-28T20:27:00+00:00\" \/>\n<meta property=\"article:modified_time\" content=\"2022-01-21T20:28:54+00:00\" \/>\n<meta property=\"og:image\" content=\"https:\/\/qtmm.org\/wp-content\/uploads\/2022\/01\/v_tekst_16.jpeg\" \/>\n\t<meta property=\"og:image:width\" content=\"650\" \/>\n\t<meta property=\"og:image:height\" content=\"370\" \/>\n\t<meta property=\"og:image:type\" content=\"image\/jpeg\" \/>\n<meta name=\"author\" content=\"Developer\" \/>\n<meta name=\"twitter:card\" content=\"summary_large_image\" \/>\n<meta name=\"twitter:label1\" content=\"Written by\" \/>\n\t<meta name=\"twitter:data1\" content=\"Developer\" \/>\n\t<meta name=\"twitter:label2\" content=\"Est. reading time\" \/>\n\t<meta name=\"twitter:data2\" content=\"3 minutes\" \/>\n<script type=\"application\/ld+json\" class=\"yoast-schema-graph\">{\"@context\":\"https:\\\/\\\/schema.org\",\"@graph\":[{\"@type\":\"Article\",\"@id\":\"https:\\\/\\\/qtmm.org\\\/qt\\\/arseniy-yatsenuk-meclis-reisinen-beraber-beyanat-imzaladigimiz-milliy-azliqlarni-qorcalav-boyunca-pozitsiyamiznin-ifadesidir\\\/#article\",\"isPartOf\":{\"@id\":\"https:\\\/\\\/qtmm.org\\\/qt\\\/arseniy-yatsenuk-meclis-reisinen-beraber-beyanat-imzaladigimiz-milliy-azliqlarni-qorcalav-boyunca-pozitsiyamiznin-ifadesidir\\\/\"},\"author\":{\"name\":\"Developer\",\"@id\":\"https:\\\/\\\/qtmm.org\\\/qt\\\/#\\\/schema\\\/person\\\/de562469f971dec226ac06e60bbf74a7\"},\"headline\":\"Arseniy Yatsen\u00fck: Meclis reisinen beraber beyanat imzalad\u0131\u011f\u0131m\u0131z milliy azl\u0131qlarn\u0131 qor\u00e7alav boyunca pozitsiyam\u0131zn\u0131\u00f1 ifadesidir\",\"datePublished\":\"2012-07-28T20:27:00+00:00\",\"dateModified\":\"2022-01-21T20:28:54+00:00\",\"mainEntityOfPage\":{\"@id\":\"https:\\\/\\\/qtmm.org\\\/qt\\\/arseniy-yatsenuk-meclis-reisinen-beraber-beyanat-imzaladigimiz-milliy-azliqlarni-qorcalav-boyunca-pozitsiyamiznin-ifadesidir\\\/\"},\"wordCount\":537,\"commentCount\":0,\"publisher\":{\"@id\":\"https:\\\/\\\/qtmm.org\\\/qt\\\/#organization\"},\"image\":{\"@id\":\"https:\\\/\\\/qtmm.org\\\/qt\\\/arseniy-yatsenuk-meclis-reisinen-beraber-beyanat-imzaladigimiz-milliy-azliqlarni-qorcalav-boyunca-pozitsiyamiznin-ifadesidir\\\/#primaryimage\"},\"thumbnailUrl\":\"https:\\\/\\\/qtmm.org\\\/wp-content\\\/uploads\\\/2022\\\/01\\\/v_tekst_16.jpeg\",\"articleSection\":[\"Haberler\"],\"inLanguage\":\"qt\",\"potentialAction\":[{\"@type\":\"CommentAction\",\"name\":\"Comment\",\"target\":[\"https:\\\/\\\/qtmm.org\\\/qt\\\/arseniy-yatsenuk-meclis-reisinen-beraber-beyanat-imzaladigimiz-milliy-azliqlarni-qorcalav-boyunca-pozitsiyamiznin-ifadesidir\\\/#respond\"]}]},{\"@type\":\"WebPage\",\"@id\":\"https:\\\/\\\/qtmm.org\\\/qt\\\/arseniy-yatsenuk-meclis-reisinen-beraber-beyanat-imzaladigimiz-milliy-azliqlarni-qorcalav-boyunca-pozitsiyamiznin-ifadesidir\\\/\",\"url\":\"https:\\\/\\\/qtmm.org\\\/qt\\\/arseniy-yatsenuk-meclis-reisinen-beraber-beyanat-imzaladigimiz-milliy-azliqlarni-qorcalav-boyunca-pozitsiyamiznin-ifadesidir\\\/\",\"name\":\"Arseniy Yatsen\u00fck: Meclis reisinen beraber beyanat imzalad\u0131\u011f\u0131m\u0131z milliy azl\u0131qlarn\u0131 qor\u00e7alav boyunca pozitsiyam\u0131zn\u0131\u00f1 ifadesidir - \u041c\u0435\u0434\u0436\u043b\u0456\u0441\",\"isPartOf\":{\"@id\":\"https:\\\/\\\/qtmm.org\\\/qt\\\/#website\"},\"primaryImageOfPage\":{\"@id\":\"https:\\\/\\\/qtmm.org\\\/qt\\\/arseniy-yatsenuk-meclis-reisinen-beraber-beyanat-imzaladigimiz-milliy-azliqlarni-qorcalav-boyunca-pozitsiyamiznin-ifadesidir\\\/#primaryimage\"},\"image\":{\"@id\":\"https:\\\/\\\/qtmm.org\\\/qt\\\/arseniy-yatsenuk-meclis-reisinen-beraber-beyanat-imzaladigimiz-milliy-azliqlarni-qorcalav-boyunca-pozitsiyamiznin-ifadesidir\\\/#primaryimage\"},\"thumbnailUrl\":\"https:\\\/\\\/qtmm.org\\\/wp-content\\\/uploads\\\/2022\\\/01\\\/v_tekst_16.jpeg\",\"datePublished\":\"2012-07-28T20:27:00+00:00\",\"dateModified\":\"2022-01-21T20:28:54+00:00\",\"breadcrumb\":{\"@id\":\"https:\\\/\\\/qtmm.org\\\/qt\\\/arseniy-yatsenuk-meclis-reisinen-beraber-beyanat-imzaladigimiz-milliy-azliqlarni-qorcalav-boyunca-pozitsiyamiznin-ifadesidir\\\/#breadcrumb\"},\"inLanguage\":\"qt\",\"potentialAction\":[{\"@type\":\"ReadAction\",\"target\":[\"https:\\\/\\\/qtmm.org\\\/qt\\\/arseniy-yatsenuk-meclis-reisinen-beraber-beyanat-imzaladigimiz-milliy-azliqlarni-qorcalav-boyunca-pozitsiyamiznin-ifadesidir\\\/\"]}]},{\"@type\":\"ImageObject\",\"inLanguage\":\"qt\",\"@id\":\"https:\\\/\\\/qtmm.org\\\/qt\\\/arseniy-yatsenuk-meclis-reisinen-beraber-beyanat-imzaladigimiz-milliy-azliqlarni-qorcalav-boyunca-pozitsiyamiznin-ifadesidir\\\/#primaryimage\",\"url\":\"https:\\\/\\\/qtmm.org\\\/wp-content\\\/uploads\\\/2022\\\/01\\\/v_tekst_16.jpeg\",\"contentUrl\":\"https:\\\/\\\/qtmm.org\\\/wp-content\\\/uploads\\\/2022\\\/01\\\/v_tekst_16.jpeg\",\"width\":650,\"height\":370},{\"@type\":\"BreadcrumbList\",\"@id\":\"https:\\\/\\\/qtmm.org\\\/qt\\\/arseniy-yatsenuk-meclis-reisinen-beraber-beyanat-imzaladigimiz-milliy-azliqlarni-qorcalav-boyunca-pozitsiyamiznin-ifadesidir\\\/#breadcrumb\",\"itemListElement\":[{\"@type\":\"ListItem\",\"position\":1,\"name\":\"\u0413\u043e\u043b\u043e\u0432\u043d\u0430\",\"item\":\"https:\\\/\\\/qtmm.org\\\/qt\\\/\"},{\"@type\":\"ListItem\",\"position\":2,\"name\":\"Arseniy Yatsen\u00fck: Meclis reisinen beraber beyanat imzalad\u0131\u011f\u0131m\u0131z milliy azl\u0131qlarn\u0131 qor\u00e7alav boyunca pozitsiyam\u0131zn\u0131\u00f1 ifadesidir\"}]},{\"@type\":\"WebSite\",\"@id\":\"https:\\\/\\\/qtmm.org\\\/qt\\\/#website\",\"url\":\"https:\\\/\\\/qtmm.org\\\/qt\\\/\",\"name\":\"\u041c\u0435\u0434\u0436\u043b\u0456\u0441\",\"description\":\"\",\"publisher\":{\"@id\":\"https:\\\/\\\/qtmm.org\\\/qt\\\/#organization\"},\"potentialAction\":[{\"@type\":\"SearchAction\",\"target\":{\"@type\":\"EntryPoint\",\"urlTemplate\":\"https:\\\/\\\/qtmm.org\\\/qt\\\/?s={search_term_string}\"},\"query-input\":{\"@type\":\"PropertyValueSpecification\",\"valueRequired\":true,\"valueName\":\"search_term_string\"}}],\"inLanguage\":\"qt\"},{\"@type\":\"Organization\",\"@id\":\"https:\\\/\\\/qtmm.org\\\/qt\\\/#organization\",\"name\":\"\u041c\u0435\u0434\u0436\u043b\u0456\u0441\",\"url\":\"https:\\\/\\\/qtmm.org\\\/qt\\\/\",\"logo\":{\"@type\":\"ImageObject\",\"inLanguage\":\"qt\",\"@id\":\"https:\\\/\\\/qtmm.org\\\/qt\\\/#\\\/schema\\\/logo\\\/image\\\/\",\"url\":\"https:\\\/\\\/qtmm.org\\\/wp-content\\\/uploads\\\/2024\\\/12\\\/ua-mejlis-logo-rgb.svg\",\"contentUrl\":\"https:\\\/\\\/qtmm.org\\\/wp-content\\\/uploads\\\/2024\\\/12\\\/ua-mejlis-logo-rgb.svg\",\"caption\":\"\u041c\u0435\u0434\u0436\u043b\u0456\u0441\"},\"image\":{\"@id\":\"https:\\\/\\\/qtmm.org\\\/qt\\\/#\\\/schema\\\/logo\\\/image\\\/\"},\"sameAs\":[\"https:\\\/\\\/www.facebook.com\\\/qtmm.info\\\/\"]},{\"@type\":\"Person\",\"@id\":\"https:\\\/\\\/qtmm.org\\\/qt\\\/#\\\/schema\\\/person\\\/de562469f971dec226ac06e60bbf74a7\",\"name\":\"Developer\",\"image\":{\"@type\":\"ImageObject\",\"inLanguage\":\"qt\",\"@id\":\"https:\\\/\\\/secure.gravatar.com\\\/avatar\\\/392b4cc8fbfeb00b39dfeeab4ee6edded39ffd48e25858637e4765810300227e?s=96&d=mm&r=g\",\"url\":\"https:\\\/\\\/secure.gravatar.com\\\/avatar\\\/392b4cc8fbfeb00b39dfeeab4ee6edded39ffd48e25858637e4765810300227e?s=96&d=mm&r=g\",\"contentUrl\":\"https:\\\/\\\/secure.gravatar.com\\\/avatar\\\/392b4cc8fbfeb00b39dfeeab4ee6edded39ffd48e25858637e4765810300227e?s=96&d=mm&r=g\",\"caption\":\"Developer\"},\"url\":\"https:\\\/\\\/qtmm.org\\\/qt\\\/author\\\/Developer\\\/\"}]}<\/script>\n<!-- \/ Yoast SEO plugin. -->","yoast_head_json":{"title":"Arseniy Yatsen\u00fck: Meclis reisinen beraber beyanat imzalad\u0131\u011f\u0131m\u0131z milliy azl\u0131qlarn\u0131 qor\u00e7alav boyunca pozitsiyam\u0131zn\u0131\u00f1 ifadesidir - \u041c\u0435\u0434\u0436\u043b\u0456\u0441","robots":{"index":"index","follow":"follow","max-snippet":"max-snippet:-1","max-image-preview":"max-image-preview:large","max-video-preview":"max-video-preview:-1"},"canonical":"https:\/\/qtmm.org\/qt\/arseniy-yatsenuk-meclis-reisinen-beraber-beyanat-imzaladigimiz-milliy-azliqlarni-qorcalav-boyunca-pozitsiyamiznin-ifadesidir\/","og_locale":"en_US","og_type":"article","og_title":"Arseniy Yatsen\u00fck: Meclis reisinen beraber beyanat imzalad\u0131\u011f\u0131m\u0131z milliy azl\u0131qlarn\u0131 qor\u00e7alav boyunca pozitsiyam\u0131zn\u0131\u00f1 ifadesidir - \u041c\u0435\u0434\u0436\u043b\u0456\u0441","og_description":"&#8220;Q\u0131r\u0131mtatar halq\u0131n\u0131\u00f1 Meclisinen emekda\u015fl\u0131\u011f\u0131m\u0131z biz i\u00e7\u00fcn pek m\u00fcimdir&#8221;, &#8211; dedi Birle\u015fken muhalifet B\u00fct\u00fcnukrain &#8220;Batkiv\u015f\u00e7ina&#8221; birle\u015fmesi Merkeziy saylav \u015ftab\u0131n\u0131\u00f1 ba\u015f\u0131 Aleksandr Tur\u00e7inov. &#8211; Biz Mustafa Cemilevni \u00e7oq y\u0131llardan berli tan\u0131ym\u0131z. Bu insan imperiya rejimini\u00f1 apshanelerinde de k\u00fcre\u015fip, \u011falip olma\u011fa al\u0131\u015fq\u0131nd\u0131r. Bizlerni \u00e7oq \u015feyler birle\u015ftire&#8221;. Bu aqta Tur\u00e7inov 2012 senesi iy\u00fcl 27 k\u00fcn\u00fc ol\u0131p ke\u00e7ken matbuat konferentsiyas\u0131nda [&hellip;]","og_url":"https:\/\/qtmm.org\/qt\/arseniy-yatsenuk-meclis-reisinen-beraber-beyanat-imzaladigimiz-milliy-azliqlarni-qorcalav-boyunca-pozitsiyamiznin-ifadesidir\/","og_site_name":"\u041c\u0435\u0434\u0436\u043b\u0456\u0441","article_publisher":"https:\/\/www.facebook.com\/qtmm.info\/","article_published_time":"2012-07-28T20:27:00+00:00","article_modified_time":"2022-01-21T20:28:54+00:00","og_image":[{"width":650,"height":370,"url":"https:\/\/qtmm.org\/wp-content\/uploads\/2022\/01\/v_tekst_16.jpeg","type":"image\/jpeg"}],"author":"Developer","twitter_card":"summary_large_image","twitter_misc":{"Written by":"Developer","Est. reading time":"3 minutes"},"schema":{"@context":"https:\/\/schema.org","@graph":[{"@type":"Article","@id":"https:\/\/qtmm.org\/qt\/arseniy-yatsenuk-meclis-reisinen-beraber-beyanat-imzaladigimiz-milliy-azliqlarni-qorcalav-boyunca-pozitsiyamiznin-ifadesidir\/#article","isPartOf":{"@id":"https:\/\/qtmm.org\/qt\/arseniy-yatsenuk-meclis-reisinen-beraber-beyanat-imzaladigimiz-milliy-azliqlarni-qorcalav-boyunca-pozitsiyamiznin-ifadesidir\/"},"author":{"name":"Developer","@id":"https:\/\/qtmm.org\/qt\/#\/schema\/person\/de562469f971dec226ac06e60bbf74a7"},"headline":"Arseniy Yatsen\u00fck: Meclis reisinen beraber beyanat imzalad\u0131\u011f\u0131m\u0131z milliy azl\u0131qlarn\u0131 qor\u00e7alav boyunca pozitsiyam\u0131zn\u0131\u00f1 ifadesidir","datePublished":"2012-07-28T20:27:00+00:00","dateModified":"2022-01-21T20:28:54+00:00","mainEntityOfPage":{"@id":"https:\/\/qtmm.org\/qt\/arseniy-yatsenuk-meclis-reisinen-beraber-beyanat-imzaladigimiz-milliy-azliqlarni-qorcalav-boyunca-pozitsiyamiznin-ifadesidir\/"},"wordCount":537,"commentCount":0,"publisher":{"@id":"https:\/\/qtmm.org\/qt\/#organization"},"image":{"@id":"https:\/\/qtmm.org\/qt\/arseniy-yatsenuk-meclis-reisinen-beraber-beyanat-imzaladigimiz-milliy-azliqlarni-qorcalav-boyunca-pozitsiyamiznin-ifadesidir\/#primaryimage"},"thumbnailUrl":"https:\/\/qtmm.org\/wp-content\/uploads\/2022\/01\/v_tekst_16.jpeg","articleSection":["Haberler"],"inLanguage":"qt","potentialAction":[{"@type":"CommentAction","name":"Comment","target":["https:\/\/qtmm.org\/qt\/arseniy-yatsenuk-meclis-reisinen-beraber-beyanat-imzaladigimiz-milliy-azliqlarni-qorcalav-boyunca-pozitsiyamiznin-ifadesidir\/#respond"]}]},{"@type":"WebPage","@id":"https:\/\/qtmm.org\/qt\/arseniy-yatsenuk-meclis-reisinen-beraber-beyanat-imzaladigimiz-milliy-azliqlarni-qorcalav-boyunca-pozitsiyamiznin-ifadesidir\/","url":"https:\/\/qtmm.org\/qt\/arseniy-yatsenuk-meclis-reisinen-beraber-beyanat-imzaladigimiz-milliy-azliqlarni-qorcalav-boyunca-pozitsiyamiznin-ifadesidir\/","name":"Arseniy Yatsen\u00fck: Meclis reisinen beraber beyanat imzalad\u0131\u011f\u0131m\u0131z milliy azl\u0131qlarn\u0131 qor\u00e7alav boyunca pozitsiyam\u0131zn\u0131\u00f1 ifadesidir - \u041c\u0435\u0434\u0436\u043b\u0456\u0441","isPartOf":{"@id":"https:\/\/qtmm.org\/qt\/#website"},"primaryImageOfPage":{"@id":"https:\/\/qtmm.org\/qt\/arseniy-yatsenuk-meclis-reisinen-beraber-beyanat-imzaladigimiz-milliy-azliqlarni-qorcalav-boyunca-pozitsiyamiznin-ifadesidir\/#primaryimage"},"image":{"@id":"https:\/\/qtmm.org\/qt\/arseniy-yatsenuk-meclis-reisinen-beraber-beyanat-imzaladigimiz-milliy-azliqlarni-qorcalav-boyunca-pozitsiyamiznin-ifadesidir\/#primaryimage"},"thumbnailUrl":"https:\/\/qtmm.org\/wp-content\/uploads\/2022\/01\/v_tekst_16.jpeg","datePublished":"2012-07-28T20:27:00+00:00","dateModified":"2022-01-21T20:28:54+00:00","breadcrumb":{"@id":"https:\/\/qtmm.org\/qt\/arseniy-yatsenuk-meclis-reisinen-beraber-beyanat-imzaladigimiz-milliy-azliqlarni-qorcalav-boyunca-pozitsiyamiznin-ifadesidir\/#breadcrumb"},"inLanguage":"qt","potentialAction":[{"@type":"ReadAction","target":["https:\/\/qtmm.org\/qt\/arseniy-yatsenuk-meclis-reisinen-beraber-beyanat-imzaladigimiz-milliy-azliqlarni-qorcalav-boyunca-pozitsiyamiznin-ifadesidir\/"]}]},{"@type":"ImageObject","inLanguage":"qt","@id":"https:\/\/qtmm.org\/qt\/arseniy-yatsenuk-meclis-reisinen-beraber-beyanat-imzaladigimiz-milliy-azliqlarni-qorcalav-boyunca-pozitsiyamiznin-ifadesidir\/#primaryimage","url":"https:\/\/qtmm.org\/wp-content\/uploads\/2022\/01\/v_tekst_16.jpeg","contentUrl":"https:\/\/qtmm.org\/wp-content\/uploads\/2022\/01\/v_tekst_16.jpeg","width":650,"height":370},{"@type":"BreadcrumbList","@id":"https:\/\/qtmm.org\/qt\/arseniy-yatsenuk-meclis-reisinen-beraber-beyanat-imzaladigimiz-milliy-azliqlarni-qorcalav-boyunca-pozitsiyamiznin-ifadesidir\/#breadcrumb","itemListElement":[{"@type":"ListItem","position":1,"name":"\u0413\u043e\u043b\u043e\u0432\u043d\u0430","item":"https:\/\/qtmm.org\/qt\/"},{"@type":"ListItem","position":2,"name":"Arseniy Yatsen\u00fck: Meclis reisinen beraber beyanat imzalad\u0131\u011f\u0131m\u0131z milliy azl\u0131qlarn\u0131 qor\u00e7alav boyunca pozitsiyam\u0131zn\u0131\u00f1 ifadesidir"}]},{"@type":"WebSite","@id":"https:\/\/qtmm.org\/qt\/#website","url":"https:\/\/qtmm.org\/qt\/","name":"\u041c\u0435\u0434\u0436\u043b\u0456\u0441","description":"","publisher":{"@id":"https:\/\/qtmm.org\/qt\/#organization"},"potentialAction":[{"@type":"SearchAction","target":{"@type":"EntryPoint","urlTemplate":"https:\/\/qtmm.org\/qt\/?s={search_term_string}"},"query-input":{"@type":"PropertyValueSpecification","valueRequired":true,"valueName":"search_term_string"}}],"inLanguage":"qt"},{"@type":"Organization","@id":"https:\/\/qtmm.org\/qt\/#organization","name":"\u041c\u0435\u0434\u0436\u043b\u0456\u0441","url":"https:\/\/qtmm.org\/qt\/","logo":{"@type":"ImageObject","inLanguage":"qt","@id":"https:\/\/qtmm.org\/qt\/#\/schema\/logo\/image\/","url":"https:\/\/qtmm.org\/wp-content\/uploads\/2024\/12\/ua-mejlis-logo-rgb.svg","contentUrl":"https:\/\/qtmm.org\/wp-content\/uploads\/2024\/12\/ua-mejlis-logo-rgb.svg","caption":"\u041c\u0435\u0434\u0436\u043b\u0456\u0441"},"image":{"@id":"https:\/\/qtmm.org\/qt\/#\/schema\/logo\/image\/"},"sameAs":["https:\/\/www.facebook.com\/qtmm.info\/"]},{"@type":"Person","@id":"https:\/\/qtmm.org\/qt\/#\/schema\/person\/de562469f971dec226ac06e60bbf74a7","name":"Developer","image":{"@type":"ImageObject","inLanguage":"qt","@id":"https:\/\/secure.gravatar.com\/avatar\/392b4cc8fbfeb00b39dfeeab4ee6edded39ffd48e25858637e4765810300227e?s=96&d=mm&r=g","url":"https:\/\/secure.gravatar.com\/avatar\/392b4cc8fbfeb00b39dfeeab4ee6edded39ffd48e25858637e4765810300227e?s=96&d=mm&r=g","contentUrl":"https:\/\/secure.gravatar.com\/avatar\/392b4cc8fbfeb00b39dfeeab4ee6edded39ffd48e25858637e4765810300227e?s=96&d=mm&r=g","caption":"Developer"},"url":"https:\/\/qtmm.org\/qt\/author\/Developer\/"}]}},"_links":{"self":[{"href":"https:\/\/qtmm.org\/qt\/wp-json\/wp\/v2\/posts\/32930","targetHints":{"allow":["GET"]}}],"collection":[{"href":"https:\/\/qtmm.org\/qt\/wp-json\/wp\/v2\/posts"}],"about":[{"href":"https:\/\/qtmm.org\/qt\/wp-json\/wp\/v2\/types\/post"}],"author":[{"embeddable":true,"href":"https:\/\/qtmm.org\/qt\/wp-json\/wp\/v2\/users\/1"}],"replies":[{"embeddable":true,"href":"https:\/\/qtmm.org\/qt\/wp-json\/wp\/v2\/comments?post=32930"}],"version-history":[{"count":1,"href":"https:\/\/qtmm.org\/qt\/wp-json\/wp\/v2\/posts\/32930\/revisions"}],"predecessor-version":[{"id":32940,"href":"https:\/\/qtmm.org\/qt\/wp-json\/wp\/v2\/posts\/32930\/revisions\/32940"}],"wp:featuredmedia":[{"embeddable":true,"href":"https:\/\/qtmm.org\/qt\/wp-json\/wp\/v2\/media\/32936"}],"wp:attachment":[{"href":"https:\/\/qtmm.org\/qt\/wp-json\/wp\/v2\/media?parent=32930"}],"wp:term":[{"taxonomy":"category","embeddable":true,"href":"https:\/\/qtmm.org\/qt\/wp-json\/wp\/v2\/categories?post=32930"},{"taxonomy":"post_tag","embeddable":true,"href":"https:\/\/qtmm.org\/qt\/wp-json\/wp\/v2\/tags?post=32930"}],"curies":[{"name":"wp","href":"https:\/\/api.w.org\/{rel}","templated":true}]}}