




{"id":32924,"date":"2012-07-27T23:27:00","date_gmt":"2012-07-27T20:27:00","guid":{"rendered":"http:\/\/qtmm.org\/?p=32924"},"modified":"2022-01-21T23:27:49","modified_gmt":"2022-01-21T20:27:49","slug":"birlesken-muhalifetnin-batkivscina-vatan-butunukrain-birlesmesi-ve-qirimtatar-milliymeclisi-2012s-parlament-saylavlarinda-istirak-etecekleri-aqqinda-musterek-beyanatni-imzaladilar","status":"publish","type":"post","link":"https:\/\/qtmm.org\/qt\/birlesken-muhalifetnin-batkivscina-vatan-butunukrain-birlesmesi-ve-qirimtatar-milliymeclisi-2012s-parlament-saylavlarinda-istirak-etecekleri-aqqinda-musterek-beyanatni-imzaladilar\/","title":{"rendered":"Birle\u015fken Muhalifetni\u00f1 \u00abBatkiv\u015f\u00e7ina\u00bb (Vatan) B\u00fct\u00fcnukrain Birle\u015fmesi ve Q\u0131r\u0131mtatar MilliyMeclisi 2012s. parlament saylavlar\u0131nda i\u015ftirak etecekleri aqq\u0131nda m\u00fc\u015fterek beyanatn\u0131 imzalad\u0131lar"},"content":{"rendered":"\n<p>Birle\u015fken Muhalifetni\u00f1 &#8220;Batkiv\u015f\u00e7ina&#8221; (Vatan) B\u00fct\u00fcnukrain Birle\u015fmesi ve Q\u0131r\u0131mtatar MilliyMeclisi 2012 senesi parlament saylavlar\u0131nda i\u015ftirak etecekleri ve 7-nci \u00e7a\u011f\u0131r\u0131l\u0131\u015f Ukraina Yuqar\u0131 \u015euras\u0131nda Birle\u015fken muhalifetni\u00f1 cedveline Meclis k\u00f6stergen namzetler vastas\u0131nen i\u015fbirlik aqq\u0131nda m\u00fc\u015fterek beyanatn\u0131 imzalad\u0131lar.<br><br>Bu aqta 2012 senesi iy\u00fcl 27 k\u00fcn\u00fc Kiyevde Birle\u015fken Muhalifetni\u00f1 &#8220;Batkiv\u015f\u00e7ina&#8221; (Vatan) B\u00fct\u00fcnukrain Birle\u015fmesi ke\u00f1e\u015fini\u00f1 reisi Arseniy Yatsen\u00fck, Q\u0131r\u0131mtatar halq\u0131 Meclisini\u00f1 reisi Mustafa Cemilev ve Birle\u015fken Muhalifetni\u00f1 &#8220;Batkiv\u015f\u00e7ina&#8221; (Vatan) B\u00fct\u00fcnukrain Birle\u015fmesi Merkeziy saylav komissiyas\u0131n\u0131\u00f1 ba\u015f\u0131 Aleksandr Tur\u00e7inovn\u0131\u00f1 birlikte ke\u00e7irilgen matbuat konferentsiyas\u0131nda il\u00e2n etildi<\/p>\n\n\n\n<p>Birle\u015fken Muhalifetni\u00f1 &#8220;Batkiv\u015f\u00e7ina&#8221; (Vatan) B\u00fct\u00fcnukrain Birle\u015fmesi ve Q\u0131r\u0131mtatar MilliyMeclisni\u00f1 m\u00fc\u015fterek beyanat\u0131 ukrain ve q\u0131r\u0131mtatar tillerinde imzaland\u0131.<br><br>\u015eun\u0131 hat\u0131rlatam\u0131z ki, birle\u015fken muhalifetke 7 partiya kire: &#8220;Batkiv\u015f\u00e7ina&#8221; (Vatan) B\u00fct\u00fcnukrain Birle\u015fmesi, &#8220;Front zm\u0456n&#8221;(De\u00f1i\u015f\u00fcvler cebesi), &#8220;Narodn\u0131y ruh Ukrain\u0131&#8221; (Ukraina halq areketi), &#8220;Grajdanskaya pozitsiya&#8221; (Vatanda\u015fl\u0131q pozitsiyas\u0131), &#8220;Za Ukrainu&#8221; (Ukraina i\u00e7\u00fcn) partiyas\u0131, &#8220;Reform\u0131 i por\u00e2dok&#8221; (\u0130sl\u00e2at ve tertip-nizam) partiyas\u0131 ve &#8220;Narodnaya Samooborona&#8221; (Halq mudafaas\u0131) partiyas\u0131<br><br>Ukraina Yuqar\u0131 \u015euras\u0131na se\u00e7imler 2012 senesi okt\u00e2br 28-de olacaq.<\/p>\n\n\n\n<hr class=\"wp-block-separator\"\/>\n\n\n\n<p class=\"has-text-align-center\"><strong>Birle\u015fken&nbsp;<\/strong><strong>M<\/strong><strong>uhalifetni\u00f1 &#8220;Batkiv\u015f\u00e7ina&#8221; (Vatan) B\u00fct\u00fcnukrain&nbsp;<\/strong><strong>B<\/strong><strong>irle\u015fmesi ve Q\u0131r\u0131mtatar&nbsp;<\/strong><strong>Milliy<\/strong><strong>Meclisini\u00f1<\/strong><\/p>\n\n\n\n<p class=\"has-text-align-center\"><strong>M\u00fc\u015fterek&nbsp;<\/strong><strong>B<\/strong><strong>eyanat\u0131<\/strong><\/p>\n\n\n\n<p>Ukrainan\u0131&nbsp; demokratik inki\u015faf, iqtisadiy ve sotsial medeniy ilerilev yoluna qaytarmaq, insan aq-uquqlar\u0131n\u0131\u00f1 qor\u00e7alanmas\u0131n\u0131 teminlemek, ayatn\u0131\u00f1 siyasiy, uquqiy, iqtisadiy ve i\u00e7timaiy saalar\u0131nda adaletni tiklemek maqsad\u0131nen Q\u0131r\u0131mtatar MilliyMeclisi ve Birle\u015fken Muhalifetni\u00f1 &#8220;Batkiv\u015f\u00e7ina&#8221; (Vatan) B\u00fct\u00fcnukrain Birle\u015fmesi a\u015fa\u011f\u0131dakiler boyunca a\u00f1la\u015ft\u0131lar:<\/p>\n\n\n\n<p>Q\u0131r\u0131mtatar MilliyMeclisi ve Birle\u015fken Muhalifetni\u00f1 &#8220;Batkiv\u015f\u00e7ina&#8221; (Vatan) B\u00fct\u00fcnukrain Birle\u015fmesi Ukrainan\u0131\u00f1 demokratik inki\u015faf\u0131na, b\u00fct\u00fcn millet ve dinler vekillerini\u00f1 aqlar\u0131 ve serbestligini qoruv\u011fa zarar ketirecek er angi tel\u00fckege qar\u015f\u0131 k\u00fc\u00e7lerini birle\u015ftireler.<\/p>\n\n\n\n<p>Birle\u015fken Muhalifetni\u00f1 &#8220;Batkiv\u015f\u00e7ina&#8221; (Vatan) B\u00fct\u00fcnukrain Birle\u015fmesi,Sovet rejimini\u00f1 zulum\u0131na o\u011fra\u011fanQ\u0131r\u0131mtatar halq\u0131n\u0131\u00f1 siyasiy, iqtisadiy ve sotsial medeniy aqlar\u0131n\u0131\u00f1 \u011fayr\u0131dan tiklenilmesi boyunca talaplar\u0131na qoltuta. Ve bu 7-nci \u00e7a\u011f\u0131r\u0131l\u0131\u015f Ukraina Yuqar\u0131 \u015euras\u0131nda Birle\u015fken Muhalifetni\u00f1 parlament fraktsiyas\u0131n\u0131\u00f1 \u00e7al\u0131\u015fmalar\u0131nda \u00f6z ifadesini tapacaq,&nbsp;<\/p>\n\n\n\n<p>Birle\u015fken Muhalifetni\u00f1 &#8220;Batkiv\u015f\u00e7ina&#8221; (Vatan) B\u00fct\u00fcnukrain Birle\u015fmesi&nbsp; Q\u0131r\u0131mtatar halq\u0131n\u0131\u00f1 menfaatlar\u0131n\u0131 Ukraina Yuqar\u0131 \u015euras\u0131nda Q\u0131r\u0131mtatar Milliy Meclisni\u00f1 teklifinen Birle\u015fken Muhalifetni\u00f1 saylav cedveline kirsetilgen namzetler vastas\u0131nen taqdim etecek.<\/p>\n\n\n\n<p>Q\u0131r\u0131mtatar Milliy Meclisi, Birle\u015fken Muhalifet &#8220;Batkiv\u015f\u00e7ina&#8221; (Vatan) B\u00fct\u00fcnukrain Birle\u015fmesini\u00f1 siyasiy pozitsiyas\u0131 ve programmas\u0131na,&nbsp; Birle\u015fken Muhalifetni\u00f1&nbsp; \u011faye ve printsiplerini\u00f1 yay\u011f\u0131nla\u015ft\u0131r\u0131lmas\u0131na qoltut\u0131p, Birle\u015fken Muhalifetni\u00f1&nbsp; 2012 senesi parlament saylavlar\u0131nda \u011falebesini teminlemek i\u00e7\u00fcn k\u00fc\u00e7-\u011fayreti ile areket etecek. Biz birlikte&nbsp; Ukrain tilini\u00f1 devlet status\u0131n\u0131 er angi basq\u0131lardan qor\u00e7alamaq ve Ukrainadaki tam\u0131r halqlar ve milliy azl\u0131qlarn\u0131\u00f1 tillerini\u00f1 eksiksiz qullan\u0131lmas\u0131 i\u00e7\u00fcn er \u015feyni yaparm\u0131z.&nbsp;<\/p>\n\n\n\n<p>Q\u0131r\u0131mtatar Milliy Meclisi ve Birle\u015fken Muhalifetni\u00f1 &#8220;Batkiv\u015f\u00e7ina&#8221; (Vatan) B\u00fct\u00fcnukrain Birle\u015fmesi 2012 senesi parlament se\u00e7imlerinde qanun\u011fa riayet etilmesi, saylav ceryan\u0131n\u0131\u00f1 b\u00fct\u00fcn basq\u0131\u00e7lar\u0131nda i\u015ftirak\u00e7ilerini\u00f1 episine adaletli, a\u00e7\u0131q neticelerni elde etmeleri&nbsp; i\u00e7\u00fcn&nbsp; musaviy imk\u00e2nlar berilmesi meselelerinde&nbsp; beraber \u00e7al\u0131\u015facaqlar.<\/p>\n\n\n\n<p><strong>Birle\u015fken Muhalifetni\u00f1 &#8220;Batkiv\u015f\u00e7ina&#8221; (Vatan) B\u00fct\u00fcnukrain Birle\u015fmesi Ke\u00f1e\u015fini\u00f1 Reisi<\/strong><\/p>\n\n\n\n<p><em><strong>Arseniy Yatsen\u00fck<\/strong><\/em><\/p>\n\n\n\n<p><strong>Q\u0131r\u0131mtatar Milliy Meclisini\u00f1&nbsp; Reisi<\/strong><\/p>\n\n\n\n<p><em><strong>Mustafa Cemilev<\/strong><\/em><\/p>\n\n\n\n<p><strong>Birle\u015fken Muhalifetni\u00f1 &#8220;Batkiv\u015f\u00e7ina&#8221; (Vatan) B\u00fct\u00fcnukrain Birle\u015fmesi Merkeziy Saylav \u015etab\u0131n\u0131\u00f1 Reisi<\/strong><\/p>\n\n\n\n<p><em><strong>Aleksandr Tur\u00e7inov<\/strong><\/em><\/p>\n","protected":false},"excerpt":{"rendered":"<p>Birle\u015fken Muhalifetni\u00f1 &#8220;Batkiv\u015f\u00e7ina&#8221; (Vatan) B\u00fct\u00fcnukrain Birle\u015fmesi ve Q\u0131r\u0131mtatar MilliyMeclisi 2012 senesi parlament saylavlar\u0131nda i\u015ftirak etecekleri ve 7-nci \u00e7a\u011f\u0131r\u0131l\u0131\u015f Ukraina Yuqar\u0131 \u015euras\u0131nda Birle\u015fken muhalifetni\u00f1 cedveline Meclis k\u00f6stergen namzetler vastas\u0131nen i\u015fbirlik aqq\u0131nda m\u00fc\u015fterek beyanatn\u0131 imzalad\u0131lar. Bu aqta 2012 senesi iy\u00fcl 27 k\u00fcn\u00fc Kiyevde Birle\u015fken Muhalifetni\u00f1 &#8220;Batkiv\u015f\u00e7ina&#8221; (Vatan) B\u00fct\u00fcnukrain Birle\u015fmesi ke\u00f1e\u015fini\u00f1 reisi Arseniy Yatsen\u00fck, Q\u0131r\u0131mtatar halq\u0131 Meclisini\u00f1 reisi [&hellip;]<\/p>\n","protected":false},"author":1,"featured_media":0,"comment_status":"open","ping_status":"open","sticky":false,"template":"","format":"standard","meta":{"inline_featured_image":false,"footnotes":""},"categories":[265],"tags":[],"class_list":["post-32924","post","type-post","status-publish","format-standard","hentry","category-haberler"],"acf":[],"yoast_head":"<!-- This site is optimized with the Yoast SEO plugin v27.4 - https:\/\/yoast.com\/product\/yoast-seo-wordpress\/ -->\n<title>Birle\u015fken Muhalifetni\u00f1 \u00abBatkiv\u015f\u00e7ina\u00bb (Vatan) B\u00fct\u00fcnukrain Birle\u015fmesi ve Q\u0131r\u0131mtatar MilliyMeclisi 2012s. parlament saylavlar\u0131nda i\u015ftirak etecekleri aqq\u0131nda m\u00fc\u015fterek beyanatn\u0131 imzalad\u0131lar - \u041c\u0435\u0434\u0436\u043b\u0456\u0441<\/title>\n<meta name=\"robots\" content=\"index, follow, max-snippet:-1, max-image-preview:large, max-video-preview:-1\" \/>\n<link rel=\"canonical\" href=\"https:\/\/qtmm.org\/qt\/birlesken-muhalifetnin-batkivscina-vatan-butunukrain-birlesmesi-ve-qirimtatar-milliymeclisi-2012s-parlament-saylavlarinda-istirak-etecekleri-aqqinda-musterek-beyanatni-imzaladilar\/\" \/>\n<meta property=\"og:locale\" content=\"en_US\" \/>\n<meta property=\"og:type\" content=\"article\" \/>\n<meta property=\"og:title\" content=\"Birle\u015fken Muhalifetni\u00f1 \u00abBatkiv\u015f\u00e7ina\u00bb (Vatan) B\u00fct\u00fcnukrain Birle\u015fmesi ve Q\u0131r\u0131mtatar MilliyMeclisi 2012s. parlament saylavlar\u0131nda i\u015ftirak etecekleri aqq\u0131nda m\u00fc\u015fterek beyanatn\u0131 imzalad\u0131lar - \u041c\u0435\u0434\u0436\u043b\u0456\u0441\" \/>\n<meta property=\"og:description\" content=\"Birle\u015fken Muhalifetni\u00f1 &#8220;Batkiv\u015f\u00e7ina&#8221; (Vatan) B\u00fct\u00fcnukrain Birle\u015fmesi ve Q\u0131r\u0131mtatar MilliyMeclisi 2012 senesi parlament saylavlar\u0131nda i\u015ftirak etecekleri ve 7-nci \u00e7a\u011f\u0131r\u0131l\u0131\u015f Ukraina Yuqar\u0131 \u015euras\u0131nda Birle\u015fken muhalifetni\u00f1 cedveline Meclis k\u00f6stergen namzetler vastas\u0131nen i\u015fbirlik aqq\u0131nda m\u00fc\u015fterek beyanatn\u0131 imzalad\u0131lar. Bu aqta 2012 senesi iy\u00fcl 27 k\u00fcn\u00fc Kiyevde Birle\u015fken Muhalifetni\u00f1 &#8220;Batkiv\u015f\u00e7ina&#8221; (Vatan) B\u00fct\u00fcnukrain Birle\u015fmesi ke\u00f1e\u015fini\u00f1 reisi Arseniy Yatsen\u00fck, Q\u0131r\u0131mtatar halq\u0131 Meclisini\u00f1 reisi [&hellip;]\" \/>\n<meta property=\"og:url\" content=\"https:\/\/qtmm.org\/qt\/birlesken-muhalifetnin-batkivscina-vatan-butunukrain-birlesmesi-ve-qirimtatar-milliymeclisi-2012s-parlament-saylavlarinda-istirak-etecekleri-aqqinda-musterek-beyanatni-imzaladilar\/\" \/>\n<meta property=\"og:site_name\" content=\"\u041c\u0435\u0434\u0436\u043b\u0456\u0441\" \/>\n<meta property=\"article:publisher\" content=\"https:\/\/www.facebook.com\/qtmm.info\/\" \/>\n<meta property=\"article:published_time\" content=\"2012-07-27T20:27:00+00:00\" \/>\n<meta property=\"article:modified_time\" content=\"2022-01-21T20:27:49+00:00\" \/>\n<meta name=\"author\" content=\"Developer\" \/>\n<meta name=\"twitter:card\" content=\"summary_large_image\" \/>\n<meta name=\"twitter:label1\" content=\"Written by\" \/>\n\t<meta name=\"twitter:data1\" content=\"Developer\" \/>\n\t<meta name=\"twitter:label2\" content=\"Est. reading time\" \/>\n\t<meta name=\"twitter:data2\" content=\"3 minutes\" \/>\n<script type=\"application\/ld+json\" class=\"yoast-schema-graph\">{\"@context\":\"https:\\\/\\\/schema.org\",\"@graph\":[{\"@type\":\"Article\",\"@id\":\"https:\\\/\\\/qtmm.org\\\/qt\\\/birlesken-muhalifetnin-batkivscina-vatan-butunukrain-birlesmesi-ve-qirimtatar-milliymeclisi-2012s-parlament-saylavlarinda-istirak-etecekleri-aqqinda-musterek-beyanatni-imzaladilar\\\/#article\",\"isPartOf\":{\"@id\":\"https:\\\/\\\/qtmm.org\\\/qt\\\/birlesken-muhalifetnin-batkivscina-vatan-butunukrain-birlesmesi-ve-qirimtatar-milliymeclisi-2012s-parlament-saylavlarinda-istirak-etecekleri-aqqinda-musterek-beyanatni-imzaladilar\\\/\"},\"author\":{\"name\":\"Developer\",\"@id\":\"https:\\\/\\\/qtmm.org\\\/qt\\\/#\\\/schema\\\/person\\\/de562469f971dec226ac06e60bbf74a7\"},\"headline\":\"Birle\u015fken Muhalifetni\u00f1 \u00abBatkiv\u015f\u00e7ina\u00bb (Vatan) B\u00fct\u00fcnukrain Birle\u015fmesi ve Q\u0131r\u0131mtatar MilliyMeclisi 2012s. parlament saylavlar\u0131nda i\u015ftirak etecekleri aqq\u0131nda m\u00fc\u015fterek beyanatn\u0131 imzalad\u0131lar\",\"datePublished\":\"2012-07-27T20:27:00+00:00\",\"dateModified\":\"2022-01-21T20:27:49+00:00\",\"mainEntityOfPage\":{\"@id\":\"https:\\\/\\\/qtmm.org\\\/qt\\\/birlesken-muhalifetnin-batkivscina-vatan-butunukrain-birlesmesi-ve-qirimtatar-milliymeclisi-2012s-parlament-saylavlarinda-istirak-etecekleri-aqqinda-musterek-beyanatni-imzaladilar\\\/\"},\"wordCount\":658,\"commentCount\":0,\"publisher\":{\"@id\":\"https:\\\/\\\/qtmm.org\\\/qt\\\/#organization\"},\"articleSection\":[\"Haberler\"],\"inLanguage\":\"qt\",\"potentialAction\":[{\"@type\":\"CommentAction\",\"name\":\"Comment\",\"target\":[\"https:\\\/\\\/qtmm.org\\\/qt\\\/birlesken-muhalifetnin-batkivscina-vatan-butunukrain-birlesmesi-ve-qirimtatar-milliymeclisi-2012s-parlament-saylavlarinda-istirak-etecekleri-aqqinda-musterek-beyanatni-imzaladilar\\\/#respond\"]}]},{\"@type\":\"WebPage\",\"@id\":\"https:\\\/\\\/qtmm.org\\\/qt\\\/birlesken-muhalifetnin-batkivscina-vatan-butunukrain-birlesmesi-ve-qirimtatar-milliymeclisi-2012s-parlament-saylavlarinda-istirak-etecekleri-aqqinda-musterek-beyanatni-imzaladilar\\\/\",\"url\":\"https:\\\/\\\/qtmm.org\\\/qt\\\/birlesken-muhalifetnin-batkivscina-vatan-butunukrain-birlesmesi-ve-qirimtatar-milliymeclisi-2012s-parlament-saylavlarinda-istirak-etecekleri-aqqinda-musterek-beyanatni-imzaladilar\\\/\",\"name\":\"Birle\u015fken Muhalifetni\u00f1 \u00abBatkiv\u015f\u00e7ina\u00bb (Vatan) B\u00fct\u00fcnukrain Birle\u015fmesi ve Q\u0131r\u0131mtatar MilliyMeclisi 2012s. parlament saylavlar\u0131nda i\u015ftirak etecekleri aqq\u0131nda m\u00fc\u015fterek beyanatn\u0131 imzalad\u0131lar - \u041c\u0435\u0434\u0436\u043b\u0456\u0441\",\"isPartOf\":{\"@id\":\"https:\\\/\\\/qtmm.org\\\/qt\\\/#website\"},\"datePublished\":\"2012-07-27T20:27:00+00:00\",\"dateModified\":\"2022-01-21T20:27:49+00:00\",\"breadcrumb\":{\"@id\":\"https:\\\/\\\/qtmm.org\\\/qt\\\/birlesken-muhalifetnin-batkivscina-vatan-butunukrain-birlesmesi-ve-qirimtatar-milliymeclisi-2012s-parlament-saylavlarinda-istirak-etecekleri-aqqinda-musterek-beyanatni-imzaladilar\\\/#breadcrumb\"},\"inLanguage\":\"qt\",\"potentialAction\":[{\"@type\":\"ReadAction\",\"target\":[\"https:\\\/\\\/qtmm.org\\\/qt\\\/birlesken-muhalifetnin-batkivscina-vatan-butunukrain-birlesmesi-ve-qirimtatar-milliymeclisi-2012s-parlament-saylavlarinda-istirak-etecekleri-aqqinda-musterek-beyanatni-imzaladilar\\\/\"]}]},{\"@type\":\"BreadcrumbList\",\"@id\":\"https:\\\/\\\/qtmm.org\\\/qt\\\/birlesken-muhalifetnin-batkivscina-vatan-butunukrain-birlesmesi-ve-qirimtatar-milliymeclisi-2012s-parlament-saylavlarinda-istirak-etecekleri-aqqinda-musterek-beyanatni-imzaladilar\\\/#breadcrumb\",\"itemListElement\":[{\"@type\":\"ListItem\",\"position\":1,\"name\":\"\u0413\u043e\u043b\u043e\u0432\u043d\u0430\",\"item\":\"https:\\\/\\\/qtmm.org\\\/qt\\\/\"},{\"@type\":\"ListItem\",\"position\":2,\"name\":\"Birle\u015fken Muhalifetni\u00f1 \u00abBatkiv\u015f\u00e7ina\u00bb (Vatan) B\u00fct\u00fcnukrain Birle\u015fmesi ve Q\u0131r\u0131mtatar MilliyMeclisi 2012s. parlament saylavlar\u0131nda i\u015ftirak etecekleri aqq\u0131nda m\u00fc\u015fterek beyanatn\u0131 imzalad\u0131lar\"}]},{\"@type\":\"WebSite\",\"@id\":\"https:\\\/\\\/qtmm.org\\\/qt\\\/#website\",\"url\":\"https:\\\/\\\/qtmm.org\\\/qt\\\/\",\"name\":\"\u041c\u0435\u0434\u0436\u043b\u0456\u0441\",\"description\":\"\",\"publisher\":{\"@id\":\"https:\\\/\\\/qtmm.org\\\/qt\\\/#organization\"},\"potentialAction\":[{\"@type\":\"SearchAction\",\"target\":{\"@type\":\"EntryPoint\",\"urlTemplate\":\"https:\\\/\\\/qtmm.org\\\/qt\\\/?s={search_term_string}\"},\"query-input\":{\"@type\":\"PropertyValueSpecification\",\"valueRequired\":true,\"valueName\":\"search_term_string\"}}],\"inLanguage\":\"qt\"},{\"@type\":\"Organization\",\"@id\":\"https:\\\/\\\/qtmm.org\\\/qt\\\/#organization\",\"name\":\"\u041c\u0435\u0434\u0436\u043b\u0456\u0441\",\"url\":\"https:\\\/\\\/qtmm.org\\\/qt\\\/\",\"logo\":{\"@type\":\"ImageObject\",\"inLanguage\":\"qt\",\"@id\":\"https:\\\/\\\/qtmm.org\\\/qt\\\/#\\\/schema\\\/logo\\\/image\\\/\",\"url\":\"https:\\\/\\\/qtmm.org\\\/wp-content\\\/uploads\\\/2024\\\/12\\\/ua-mejlis-logo-rgb.svg\",\"contentUrl\":\"https:\\\/\\\/qtmm.org\\\/wp-content\\\/uploads\\\/2024\\\/12\\\/ua-mejlis-logo-rgb.svg\",\"caption\":\"\u041c\u0435\u0434\u0436\u043b\u0456\u0441\"},\"image\":{\"@id\":\"https:\\\/\\\/qtmm.org\\\/qt\\\/#\\\/schema\\\/logo\\\/image\\\/\"},\"sameAs\":[\"https:\\\/\\\/www.facebook.com\\\/qtmm.info\\\/\"]},{\"@type\":\"Person\",\"@id\":\"https:\\\/\\\/qtmm.org\\\/qt\\\/#\\\/schema\\\/person\\\/de562469f971dec226ac06e60bbf74a7\",\"name\":\"Developer\",\"image\":{\"@type\":\"ImageObject\",\"inLanguage\":\"qt\",\"@id\":\"https:\\\/\\\/secure.gravatar.com\\\/avatar\\\/392b4cc8fbfeb00b39dfeeab4ee6edded39ffd48e25858637e4765810300227e?s=96&d=mm&r=g\",\"url\":\"https:\\\/\\\/secure.gravatar.com\\\/avatar\\\/392b4cc8fbfeb00b39dfeeab4ee6edded39ffd48e25858637e4765810300227e?s=96&d=mm&r=g\",\"contentUrl\":\"https:\\\/\\\/secure.gravatar.com\\\/avatar\\\/392b4cc8fbfeb00b39dfeeab4ee6edded39ffd48e25858637e4765810300227e?s=96&d=mm&r=g\",\"caption\":\"Developer\"},\"url\":\"https:\\\/\\\/qtmm.org\\\/qt\\\/author\\\/Developer\\\/\"}]}<\/script>\n<!-- \/ Yoast SEO plugin. -->","yoast_head_json":{"title":"Birle\u015fken Muhalifetni\u00f1 \u00abBatkiv\u015f\u00e7ina\u00bb (Vatan) B\u00fct\u00fcnukrain Birle\u015fmesi ve Q\u0131r\u0131mtatar MilliyMeclisi 2012s. parlament saylavlar\u0131nda i\u015ftirak etecekleri aqq\u0131nda m\u00fc\u015fterek beyanatn\u0131 imzalad\u0131lar - \u041c\u0435\u0434\u0436\u043b\u0456\u0441","robots":{"index":"index","follow":"follow","max-snippet":"max-snippet:-1","max-image-preview":"max-image-preview:large","max-video-preview":"max-video-preview:-1"},"canonical":"https:\/\/qtmm.org\/qt\/birlesken-muhalifetnin-batkivscina-vatan-butunukrain-birlesmesi-ve-qirimtatar-milliymeclisi-2012s-parlament-saylavlarinda-istirak-etecekleri-aqqinda-musterek-beyanatni-imzaladilar\/","og_locale":"en_US","og_type":"article","og_title":"Birle\u015fken Muhalifetni\u00f1 \u00abBatkiv\u015f\u00e7ina\u00bb (Vatan) B\u00fct\u00fcnukrain Birle\u015fmesi ve Q\u0131r\u0131mtatar MilliyMeclisi 2012s. parlament saylavlar\u0131nda i\u015ftirak etecekleri aqq\u0131nda m\u00fc\u015fterek beyanatn\u0131 imzalad\u0131lar - \u041c\u0435\u0434\u0436\u043b\u0456\u0441","og_description":"Birle\u015fken Muhalifetni\u00f1 &#8220;Batkiv\u015f\u00e7ina&#8221; (Vatan) B\u00fct\u00fcnukrain Birle\u015fmesi ve Q\u0131r\u0131mtatar MilliyMeclisi 2012 senesi parlament saylavlar\u0131nda i\u015ftirak etecekleri ve 7-nci \u00e7a\u011f\u0131r\u0131l\u0131\u015f Ukraina Yuqar\u0131 \u015euras\u0131nda Birle\u015fken muhalifetni\u00f1 cedveline Meclis k\u00f6stergen namzetler vastas\u0131nen i\u015fbirlik aqq\u0131nda m\u00fc\u015fterek beyanatn\u0131 imzalad\u0131lar. Bu aqta 2012 senesi iy\u00fcl 27 k\u00fcn\u00fc Kiyevde Birle\u015fken Muhalifetni\u00f1 &#8220;Batkiv\u015f\u00e7ina&#8221; (Vatan) B\u00fct\u00fcnukrain Birle\u015fmesi ke\u00f1e\u015fini\u00f1 reisi Arseniy Yatsen\u00fck, Q\u0131r\u0131mtatar halq\u0131 Meclisini\u00f1 reisi [&hellip;]","og_url":"https:\/\/qtmm.org\/qt\/birlesken-muhalifetnin-batkivscina-vatan-butunukrain-birlesmesi-ve-qirimtatar-milliymeclisi-2012s-parlament-saylavlarinda-istirak-etecekleri-aqqinda-musterek-beyanatni-imzaladilar\/","og_site_name":"\u041c\u0435\u0434\u0436\u043b\u0456\u0441","article_publisher":"https:\/\/www.facebook.com\/qtmm.info\/","article_published_time":"2012-07-27T20:27:00+00:00","article_modified_time":"2022-01-21T20:27:49+00:00","author":"Developer","twitter_card":"summary_large_image","twitter_misc":{"Written by":"Developer","Est. reading time":"3 minutes"},"schema":{"@context":"https:\/\/schema.org","@graph":[{"@type":"Article","@id":"https:\/\/qtmm.org\/qt\/birlesken-muhalifetnin-batkivscina-vatan-butunukrain-birlesmesi-ve-qirimtatar-milliymeclisi-2012s-parlament-saylavlarinda-istirak-etecekleri-aqqinda-musterek-beyanatni-imzaladilar\/#article","isPartOf":{"@id":"https:\/\/qtmm.org\/qt\/birlesken-muhalifetnin-batkivscina-vatan-butunukrain-birlesmesi-ve-qirimtatar-milliymeclisi-2012s-parlament-saylavlarinda-istirak-etecekleri-aqqinda-musterek-beyanatni-imzaladilar\/"},"author":{"name":"Developer","@id":"https:\/\/qtmm.org\/qt\/#\/schema\/person\/de562469f971dec226ac06e60bbf74a7"},"headline":"Birle\u015fken Muhalifetni\u00f1 \u00abBatkiv\u015f\u00e7ina\u00bb (Vatan) B\u00fct\u00fcnukrain Birle\u015fmesi ve Q\u0131r\u0131mtatar MilliyMeclisi 2012s. parlament saylavlar\u0131nda i\u015ftirak etecekleri aqq\u0131nda m\u00fc\u015fterek beyanatn\u0131 imzalad\u0131lar","datePublished":"2012-07-27T20:27:00+00:00","dateModified":"2022-01-21T20:27:49+00:00","mainEntityOfPage":{"@id":"https:\/\/qtmm.org\/qt\/birlesken-muhalifetnin-batkivscina-vatan-butunukrain-birlesmesi-ve-qirimtatar-milliymeclisi-2012s-parlament-saylavlarinda-istirak-etecekleri-aqqinda-musterek-beyanatni-imzaladilar\/"},"wordCount":658,"commentCount":0,"publisher":{"@id":"https:\/\/qtmm.org\/qt\/#organization"},"articleSection":["Haberler"],"inLanguage":"qt","potentialAction":[{"@type":"CommentAction","name":"Comment","target":["https:\/\/qtmm.org\/qt\/birlesken-muhalifetnin-batkivscina-vatan-butunukrain-birlesmesi-ve-qirimtatar-milliymeclisi-2012s-parlament-saylavlarinda-istirak-etecekleri-aqqinda-musterek-beyanatni-imzaladilar\/#respond"]}]},{"@type":"WebPage","@id":"https:\/\/qtmm.org\/qt\/birlesken-muhalifetnin-batkivscina-vatan-butunukrain-birlesmesi-ve-qirimtatar-milliymeclisi-2012s-parlament-saylavlarinda-istirak-etecekleri-aqqinda-musterek-beyanatni-imzaladilar\/","url":"https:\/\/qtmm.org\/qt\/birlesken-muhalifetnin-batkivscina-vatan-butunukrain-birlesmesi-ve-qirimtatar-milliymeclisi-2012s-parlament-saylavlarinda-istirak-etecekleri-aqqinda-musterek-beyanatni-imzaladilar\/","name":"Birle\u015fken Muhalifetni\u00f1 \u00abBatkiv\u015f\u00e7ina\u00bb (Vatan) B\u00fct\u00fcnukrain Birle\u015fmesi ve Q\u0131r\u0131mtatar MilliyMeclisi 2012s. parlament saylavlar\u0131nda i\u015ftirak etecekleri aqq\u0131nda m\u00fc\u015fterek beyanatn\u0131 imzalad\u0131lar - \u041c\u0435\u0434\u0436\u043b\u0456\u0441","isPartOf":{"@id":"https:\/\/qtmm.org\/qt\/#website"},"datePublished":"2012-07-27T20:27:00+00:00","dateModified":"2022-01-21T20:27:49+00:00","breadcrumb":{"@id":"https:\/\/qtmm.org\/qt\/birlesken-muhalifetnin-batkivscina-vatan-butunukrain-birlesmesi-ve-qirimtatar-milliymeclisi-2012s-parlament-saylavlarinda-istirak-etecekleri-aqqinda-musterek-beyanatni-imzaladilar\/#breadcrumb"},"inLanguage":"qt","potentialAction":[{"@type":"ReadAction","target":["https:\/\/qtmm.org\/qt\/birlesken-muhalifetnin-batkivscina-vatan-butunukrain-birlesmesi-ve-qirimtatar-milliymeclisi-2012s-parlament-saylavlarinda-istirak-etecekleri-aqqinda-musterek-beyanatni-imzaladilar\/"]}]},{"@type":"BreadcrumbList","@id":"https:\/\/qtmm.org\/qt\/birlesken-muhalifetnin-batkivscina-vatan-butunukrain-birlesmesi-ve-qirimtatar-milliymeclisi-2012s-parlament-saylavlarinda-istirak-etecekleri-aqqinda-musterek-beyanatni-imzaladilar\/#breadcrumb","itemListElement":[{"@type":"ListItem","position":1,"name":"\u0413\u043e\u043b\u043e\u0432\u043d\u0430","item":"https:\/\/qtmm.org\/qt\/"},{"@type":"ListItem","position":2,"name":"Birle\u015fken Muhalifetni\u00f1 \u00abBatkiv\u015f\u00e7ina\u00bb (Vatan) B\u00fct\u00fcnukrain Birle\u015fmesi ve Q\u0131r\u0131mtatar MilliyMeclisi 2012s. parlament saylavlar\u0131nda i\u015ftirak etecekleri aqq\u0131nda m\u00fc\u015fterek beyanatn\u0131 imzalad\u0131lar"}]},{"@type":"WebSite","@id":"https:\/\/qtmm.org\/qt\/#website","url":"https:\/\/qtmm.org\/qt\/","name":"\u041c\u0435\u0434\u0436\u043b\u0456\u0441","description":"","publisher":{"@id":"https:\/\/qtmm.org\/qt\/#organization"},"potentialAction":[{"@type":"SearchAction","target":{"@type":"EntryPoint","urlTemplate":"https:\/\/qtmm.org\/qt\/?s={search_term_string}"},"query-input":{"@type":"PropertyValueSpecification","valueRequired":true,"valueName":"search_term_string"}}],"inLanguage":"qt"},{"@type":"Organization","@id":"https:\/\/qtmm.org\/qt\/#organization","name":"\u041c\u0435\u0434\u0436\u043b\u0456\u0441","url":"https:\/\/qtmm.org\/qt\/","logo":{"@type":"ImageObject","inLanguage":"qt","@id":"https:\/\/qtmm.org\/qt\/#\/schema\/logo\/image\/","url":"https:\/\/qtmm.org\/wp-content\/uploads\/2024\/12\/ua-mejlis-logo-rgb.svg","contentUrl":"https:\/\/qtmm.org\/wp-content\/uploads\/2024\/12\/ua-mejlis-logo-rgb.svg","caption":"\u041c\u0435\u0434\u0436\u043b\u0456\u0441"},"image":{"@id":"https:\/\/qtmm.org\/qt\/#\/schema\/logo\/image\/"},"sameAs":["https:\/\/www.facebook.com\/qtmm.info\/"]},{"@type":"Person","@id":"https:\/\/qtmm.org\/qt\/#\/schema\/person\/de562469f971dec226ac06e60bbf74a7","name":"Developer","image":{"@type":"ImageObject","inLanguage":"qt","@id":"https:\/\/secure.gravatar.com\/avatar\/392b4cc8fbfeb00b39dfeeab4ee6edded39ffd48e25858637e4765810300227e?s=96&d=mm&r=g","url":"https:\/\/secure.gravatar.com\/avatar\/392b4cc8fbfeb00b39dfeeab4ee6edded39ffd48e25858637e4765810300227e?s=96&d=mm&r=g","contentUrl":"https:\/\/secure.gravatar.com\/avatar\/392b4cc8fbfeb00b39dfeeab4ee6edded39ffd48e25858637e4765810300227e?s=96&d=mm&r=g","caption":"Developer"},"url":"https:\/\/qtmm.org\/qt\/author\/Developer\/"}]}},"_links":{"self":[{"href":"https:\/\/qtmm.org\/qt\/wp-json\/wp\/v2\/posts\/32924","targetHints":{"allow":["GET"]}}],"collection":[{"href":"https:\/\/qtmm.org\/qt\/wp-json\/wp\/v2\/posts"}],"about":[{"href":"https:\/\/qtmm.org\/qt\/wp-json\/wp\/v2\/types\/post"}],"author":[{"embeddable":true,"href":"https:\/\/qtmm.org\/qt\/wp-json\/wp\/v2\/users\/1"}],"replies":[{"embeddable":true,"href":"https:\/\/qtmm.org\/qt\/wp-json\/wp\/v2\/comments?post=32924"}],"version-history":[{"count":1,"href":"https:\/\/qtmm.org\/qt\/wp-json\/wp\/v2\/posts\/32924\/revisions"}],"predecessor-version":[{"id":32925,"href":"https:\/\/qtmm.org\/qt\/wp-json\/wp\/v2\/posts\/32924\/revisions\/32925"}],"wp:attachment":[{"href":"https:\/\/qtmm.org\/qt\/wp-json\/wp\/v2\/media?parent=32924"}],"wp:term":[{"taxonomy":"category","embeddable":true,"href":"https:\/\/qtmm.org\/qt\/wp-json\/wp\/v2\/categories?post=32924"},{"taxonomy":"post_tag","embeddable":true,"href":"https:\/\/qtmm.org\/qt\/wp-json\/wp\/v2\/tags?post=32924"}],"curies":[{"name":"wp","href":"https:\/\/api.w.org\/{rel}","templated":true}]}}