




{"id":32921,"date":"2012-07-27T23:26:00","date_gmt":"2012-07-27T20:26:00","guid":{"rendered":"http:\/\/qtmm.org\/?p=32921"},"modified":"2022-01-21T23:27:02","modified_gmt":"2022-01-21T20:27:02","slug":"aslan-umerov-meclis-inkisaf-yonelisini-belgiley-ve-halqni-birlestire","status":"publish","type":"post","link":"https:\/\/qtmm.org\/qt\/aslan-umerov-meclis-inkisaf-yonelisini-belgiley-ve-halqni-birlestire\/","title":{"rendered":"Aslan \u00dcmerov: Meclis inki\u015faf y\u00f6neli\u015fini belgiley ve halqn\u0131 birle\u015ftire"},"content":{"rendered":"\n<p>Biz olarn\u0131\u00f1 barl\u0131\u011f\u0131n\u0131 bilemiz, amma nas\u0131l ya\u015fa\u011fanlar\u0131ndan haberimiz yoq. Biz bu halq s\u00fcrg\u00fcnlikke o\u011frat\u0131l\u0131p, \u00f6z aqlar\u0131 i\u00e7\u00fcn k\u00fcre\u015fni endi tarihiy vatanlar\u0131nda 20 y\u0131ldan ziyade al\u0131p bar\u011fanlar\u0131n\u0131 da e\u015fitemiz. Q\u0131r\u0131mtatarlarnen ba\u011fl\u0131 vaziyetni tarif etken Rusiye matbuat\u0131 adeti \u00fczre ukrainlerni\u00f1 noqtai nazar\u0131n\u0131 k\u00f6sterip, q\u0131r\u0131mtatarlarn\u0131\u00f1 fikirlerini a\u00e7\u0131qlama\u011fa ne i\u00e7\u00fcndir a\u015f\u0131qmay.<\/p>\n\n\n\n<p>Aslan \u00dcmerov \u2013 Q\u0131r\u0131m halqara biznes birle\u015fme idaresini\u00f1 ba\u015f\u0131, Q\u0131r\u0131m inki\u015faf\u0131 faquf\u0131n\u0131\u00f1 esas\u00e7\u0131lar\u0131ndan biri ve Kiyev \u015feer q\u0131r\u0131mtatar cemiyetini\u00f1 reisi &#8220;yeTatar&#8221; m\u00fchbirine Ukrainada say\u0131 ceetinden \u00fc\u00e7\u00fcnci millet ol\u011fan q\u0131r\u0131mtatarlar tarihiy vatan\u0131 Q\u0131r\u0131mda \u00f6z\u00fcni\u00f1 siyasiy ve medeniy aqlar\u0131n\u0131 nas\u0131l qor\u00e7ala\u011fan\u0131 aqq\u0131nda iyake etti. Do\u011frus\u0131n\u0131 s\u00f6ylesem, Volgaboyu tatarlar\u0131 q\u0131r\u0131mtatarlar\u0131ndan \u00e7oq \u015feylerni \u00f6grenmek kerekler.<\/p>\n\n\n\n<p>\u201cQAYTMA\u011eA \u0130STEYLER, L\u00c2K\u0130N \u0130MK\u00c2NLARI YOQ&#8221;<br>Eger resmiy raqamlar\u011fa inanacaq olsaq, Ukrainada tahminen 285 bi\u00f1 q\u0131r\u0131mtatar\u0131 ya\u015fay. Olarn\u0131\u00f1 aman-aman episi Q\u0131r\u0131m yar\u0131madas\u0131nda yerle\u015fken. Q\u0131r\u0131mtatarlarn\u0131\u00f1 Kiyevde b\u00fcy\u00fck diasporas\u0131 bar, bir q\u0131sm\u0131 Herson, Geni\u00e7esk, Melitopol \u015feerinde ve Ukraina cen\u00fcbinde de ya\u015famaqta. \u0130nan\u0131lmaycaq \u015fey , amma daa 1990 senesi Q\u0131r\u0131mda q\u0131r\u0131mtatar tilinde laq\u0131rd\u0131 bile i\u00e7 e\u015fitilmez edi. 1944 senesi resmiy kommunist statistikas\u0131 boyunca 240 000 q\u0131r\u0131mtar\u0131 Sibir, Ural, Orta Asiya cumhuriyetleri \u2013 Qazahistan, Tacikistan, \u00d6zbekistan ve Q\u0131r\u011f\u0131zstan\u011fa s\u00fcrg\u00fcn etilip, birinci y\u0131llar\u0131nda zorluqnen k\u00f6\u00e7\u00fcrilgen q\u0131r\u0131mtatarlarn\u0131\u00f1 46 fay\u0131z\u0131 el\u00e2k old\u0131.<\/p>\n\n\n\n<p>&#8211; Vatan\u011fa avdet \u2013 bu pek m\u00fcrekkep ve manialar tolu bir ceryand\u0131r. Orta Asiya cumhuriyetlerinde, esasen \u00d6zbekistanda, bug\u00fcnde-bug\u00fcn al\u00e2 daa 100 bi\u00f1den ziyade semetde\u015fimiz ya\u015fay. Ukrainan\u0131\u00f1 t\u0131\u015f\u0131nda ya\u015famaq zorunda qal\u011fan q\u0131r\u0131mtatarlar tarihiy Vatan\u0131na qaytma\u011fa isteyler, amma te\u015fkilyi s\u00fcrette k\u00f6\u00e7mege \u00e7areleri yoqt\u0131r. S\u00fcrg\u00fcnlik yerinde qur\u011fan evini ucuz\u011fa satqan insan\u011fa bu para atta yol\u011fa bile yetmey. Vatanda\u015fl\u0131qtan \u00e7\u0131qmaq \u2013 daa bir m\u00fcrekkep mesele. Bun\u0131\u00f1 \u00fcst\u00fcne endi Q\u0131r\u0131mda ya\u00f1\u0131 mesken, topraq damart\u0131s\u0131 almaq kibi problemler \u00e7\u0131qa. E\u015fyalar\u0131n\u0131 al\u0131p kelmek de pek masrafl\u0131 bir i\u015f. \u00c7oqlar\u0131 bu masraflarn\u0131 k\u00f6terip olamay, &#8211; dey Aslan \u00dcmerov.<\/p>\n\n\n\n<p>Q\u0131r\u0131mn\u0131\u00f1 tam\u0131r halq\u0131n\u0131 tarihiy vatan\u0131na qaytarmaq meselesi e\u00f1 yuqar\u0131 devlet seviyesinde \u00e7ezilmesi kerek. Bizim i\u00e7\u00fcn m\u00fcimi \u2013 halqn\u0131\u00f1 siyasiy aqlan\u0131lmas\u0131, eski adlar\u0131n\u0131\u00f1 qaytar\u0131lmas\u0131, medeniy asabal\u0131\u011f\u0131n\u0131\u00f1 \u011fayr\u0131dan tiklenmesidir. Biz, Ukraina bu ceryanda d\u00fcnya cemaat\u00e7\u0131l\u0131\u011f\u0131 ile beraber i\u015ftirak etip, d\u00fcnya medeniyetinde b\u00f6yle problemlerni nas\u0131l adaletli \u00e7ezmek kereklgini munasip ve medeniyetli bir \u015fekilde k\u00f6stergenini ister edik. Q\u0131r\u0131mtatar halq\u0131 Meclisini\u00f1 yolba\u015f\u00e7\u0131lar\u0131 Ukrainada akkreditatsiya etilgen el\u00e7ilikler, halqara te\u015fkil\u00e2tlarn\u0131\u00f1 yetek\u00e7ilerinen k\u00f6r\u00fc\u015fkende bu meseleni k\u00f6tergen ediler. K\u00f6r\u00fc\u015f\u00fcv neticelerine k\u00f6re yaq\u0131n vaq\u0131tta halqara forum ke\u00e7irilmesi planla\u015ft\u0131r\u0131ld\u0131.<\/p>\n\n\n\n<p>285 B\u0130\u00d1GE &#8211; OL\u011eANI OLACA\u011eI 14 MEKTEYEP<br>So\u00f1ki 20 y\u0131l i\u00e7inde Q\u0131r\u0131m Muhtar Cumhuriyetinde q\u0131r\u0131mtatarlar toplu ya\u015fa\u011fan 300 qasaba quruld\u0131. \u015eimdi q\u0131r\u0131mtatarlar cumhuriyet ealisini\u00f1 13 fay\u0131z\u0131n\u0131 te\u015fkil eteler. Q\u0131r\u0131mtatar tilinde oqut\u0131l\u011fan mektep \u2013 14 dane. Eger mektepte q\u0131r\u0131mtatar tilinden ders berilse, on\u0131 q\u0131r\u0131mtatar mektebi deyler.<\/p>\n\n\n\n<p>&#8211; \u015eun\u0131\u00f1 i\u00e7\u00fcn de Q\u0131r\u0131m ikni\u015faf\u0131 vaquf\u0131 q\u0131r\u0131mtatar tili \u00f6gretilgen medeniy merkezlerni\u00f1 a\u00e7\u0131lmas\u0131n\u0131 m\u00fcim ve faydal\u0131 bir i\u015f dep sayam\u0131z. \u00c7\u00fcnki olarn\u0131\u00f1 vastas\u0131nen medeniy variyetni \u011fayr\u0131dan tiklev boyunca \u00e7e\u015fit leyhalarn\u0131 amelge ke\u00e7irmek m\u00fcmk\u00fcn. Vaquf\u0131m\u0131z b\u00f6yle merkezni birinci ol\u0131p Alu\u015ftada a\u00e7t\u0131. Bug\u00fcn er bir istegen insan Q\u0131r\u0131mn\u0131\u00f1 tam\u0131r halq\u0131n\u0131\u00f1 medeniyetinen tan\u0131\u015f ola bile ve q\u0131r\u0131mtatar tilini \u00f6grenmek imk\u00e2n\u0131na nail ola. B\u00f6yle merkezlerni Q\u0131r\u0131mn\u0131\u00f1 er bir k\u00f6\u015fesinde a\u00e7maqn\u0131 k\u00f6zde tutam\u0131z. Evlerinde milliy adetlerni k\u00fctken, balalar\u0131nen tek ana tilinde qonu\u015fqan aileler daa pek \u00e7oq. Eminim ki, ya\u015f nesil de irmaqlar\u011fa qaytmaqtalar. Biz bu meselede olar\u011fa yard\u0131mc\u0131 olma\u011fa t\u0131r\u0131\u015facaqm\u0131z. \u00d6seyatqan nesil kimliklerini, ke\u00e7mi\u015fini bilmek ve degerliklerimizni kelecek nesillerge de yetkizmek kerekler, &#8211; dey Aslan bey.<\/p>\n\n\n\n<p>MECL\u0130S \u2013 QIRIMTATARLARNI\u00d1 YEK\u00c2NE AK\u0130M\u0130YET \u0130NST\u0130TUTIDIR<\/p>\n\n\n\n<p>Meclis \u2013 bu demokratik s\u00fcrette \u015fekillengen milliy vek\u00e2letli organd\u0131r. Er be\u015f sene qurultay \u00e7a\u011f\u0131r\u0131l\u0131p, 250 delegat saylana. Olar ise \u00f6z nevbetinde Meclisni\u00f1 33 azas\u0131n\u0131 se\u00e7eler. Meclis qararlarn\u0131 q\u0131r\u0131mtatar halq\u0131n\u0131\u00f1 ad\u0131ndan ala.<br>Q\u0131r\u0131mtatarlarn\u0131 ne birle\u015ftire, degen sualime Aslan bey b\u00f6yle cevap bere:<\/p>\n\n\n\n<p>&#8211; Q\u0131r\u0131mtatar halq\u0131n\u0131\u00f1 Meclisi halqn\u0131 birle\u015ftirgen yek\u00e2ne idare organ\u0131d\u0131r. Meclis inki\u015faf y\u00f6neli\u015fini belgiley ve halqn\u0131 birle\u015ftire .<\/p>\n\n\n\n<p>T\u0130L MESELES\u0130NEN CEM\u0130YETN\u0130 B\u0130RLE\u015eT\u0130RMEK YER\u0130NE, AKS\u0130NE B\u00d6LMEGE TIRI\u015eALAR<\/p>\n\n\n\n<p>Subetimiz devam\u0131nda Rusiye telekanallar\u0131n\u0131\u00f1 pek sevgen mevzus\u0131nda sualni de berdim.<\/p>\n\n\n\n<p>&#8211; Ukrainada rus tilini\u00f1 status\u0131na q\u0131r\u0131mtatarlarn\u0131\u00f1 munasebeti nas\u0131l?<\/p>\n\n\n\n<p>&#8211; Ukrainada rus tili problemi yoqt\u0131r. Bu uydur\u0131l\u011fan bir mesele. On\u0131 se\u00e7imler \u00f6g\u00fcnden cemaatn\u0131\u00f1 fikirine tesir etmek i\u00e7\u00fcn qullanalar.<\/p>\n\n\n\n<p>&#8211; Ya Rusiyede bu meseleni Ukrainan\u0131\u00f1 e\u00f1 b\u00fcy\u00fck problemas\u0131 dep k\u00f6stereler de\u2026<\/p>\n\n\n\n<p>&#8211; Ukraina Anayasas\u0131nda angi til devlet tili ol\u011fan\u0131 a\u00e7\u0131q yaz\u0131l\u011fand\u0131r. Bu meseleni ise cemiyetni par\u00e7alamaq i\u00e7\u00fcn qullanalar, albu ki cemiyetni\u00f1 birligini pekitmek l\u00e2zim..<\/p>\n\n\n\n<p>\u201cB\u0130Z EP\u0130S\u0130 TATARLARNEN MANEV\u0130Y, TAR\u0130H\u0130Y VE MEDEN\u0130Y YAQINLI\u011eIMIZNI SEZEM\u0130Z\u201d<\/p>\n\n\n\n<p>Q\u0131r\u0131m, Volgaboyu tatarlarn\u0131 yal\u0131\u00f1\u0131z \u0130sl\u00e2m dini degil de, bir ecdatlar\u0131m\u0131zn\u0131\u00f1 tarih\u0131 da birle\u015ftire. Olarn\u0131 umumiy tarih ve medeniyet, d\u00fcnyabaq\u0131\u015f, as\u0131rlar devam\u0131nda inki\u015faf etken, zenginle\u015fken ve keni\u015flegen al\u00e2qalar birle\u015f\u015f\u00e7tire.<\/p>\n\n\n\n<p>&#8211; Bug\u00fcn bizni tek co\u011frafiya uzaqla\u015ft\u0131ra, l\u00e2kin adetlerimiz, tarih\u0131m\u0131z ve medeniyetimizge bun\u0131\u00f1 asla da zarar\u0131 tiymedi. Q\u0131r\u0131mda pek \u00e7oq qazantatarlar ya\u015fa\u011fan.<\/p>\n\n\n\n<p>&#8211; Q\u0131r\u0131mtatarlarn\u0131\u00f1 ayat\u0131nda T\u00fcrkiye nas\u0131l bir rol oynay?<\/p>\n\n\n\n<p>&#8211; \u0130nsanlarn\u0131 degerlikler birle\u015ftire. Nas\u0131l ki Tatarstannen olsa, T\u00fcrkiyenen de bizim pek \u00e7oq bir degerliklerimiz bar. Tekrarlay\u0131m ki, bizler, Tatarstan, T\u00fcrkiye tek co\u011frafik ceetten uzaqm\u0131z. Tarih ve medeniyetimiz ise bir.<\/p>\n\n\n\n<p class=\"has-text-align-right\"><strong><em>Robert Bolgarskiy<br>\u201ceTatar&#8221; tatar i\u015f gazetas\u0131<\/em><\/strong><br>\u00a0<\/p>\n","protected":false},"excerpt":{"rendered":"<p>Biz olarn\u0131\u00f1 barl\u0131\u011f\u0131n\u0131 bilemiz, amma nas\u0131l ya\u015fa\u011fanlar\u0131ndan haberimiz yoq. Biz bu halq s\u00fcrg\u00fcnlikke o\u011frat\u0131l\u0131p, \u00f6z aqlar\u0131 i\u00e7\u00fcn k\u00fcre\u015fni endi tarihiy vatanlar\u0131nda 20 y\u0131ldan ziyade al\u0131p bar\u011fanlar\u0131n\u0131 da e\u015fitemiz. Q\u0131r\u0131mtatarlarnen ba\u011fl\u0131 vaziyetni tarif etken Rusiye matbuat\u0131 adeti \u00fczre ukrainlerni\u00f1 noqtai nazar\u0131n\u0131 k\u00f6sterip, q\u0131r\u0131mtatarlarn\u0131\u00f1 fikirlerini a\u00e7\u0131qlama\u011fa ne i\u00e7\u00fcndir a\u015f\u0131qmay. Aslan \u00dcmerov \u2013 Q\u0131r\u0131m halqara biznes birle\u015fme idaresini\u00f1 [&hellip;]<\/p>\n","protected":false},"author":1,"featured_media":0,"comment_status":"open","ping_status":"open","sticky":false,"template":"","format":"standard","meta":{"inline_featured_image":false,"footnotes":""},"categories":[265],"tags":[],"class_list":["post-32921","post","type-post","status-publish","format-standard","hentry","category-haberler"],"acf":[],"yoast_head":"<!-- This site is optimized with the Yoast SEO plugin v27.4 - https:\/\/yoast.com\/product\/yoast-seo-wordpress\/ -->\n<title>Aslan \u00dcmerov: Meclis inki\u015faf y\u00f6neli\u015fini belgiley ve halqn\u0131 birle\u015ftire - \u041c\u0435\u0434\u0436\u043b\u0456\u0441<\/title>\n<meta name=\"robots\" content=\"index, follow, max-snippet:-1, max-image-preview:large, max-video-preview:-1\" \/>\n<link rel=\"canonical\" href=\"https:\/\/qtmm.org\/qt\/aslan-umerov-meclis-inkisaf-yonelisini-belgiley-ve-halqni-birlestire\/\" \/>\n<meta property=\"og:locale\" content=\"en_US\" \/>\n<meta property=\"og:type\" content=\"article\" \/>\n<meta property=\"og:title\" content=\"Aslan \u00dcmerov: Meclis inki\u015faf y\u00f6neli\u015fini belgiley ve halqn\u0131 birle\u015ftire - \u041c\u0435\u0434\u0436\u043b\u0456\u0441\" \/>\n<meta property=\"og:description\" content=\"Biz olarn\u0131\u00f1 barl\u0131\u011f\u0131n\u0131 bilemiz, amma nas\u0131l ya\u015fa\u011fanlar\u0131ndan haberimiz yoq. Biz bu halq s\u00fcrg\u00fcnlikke o\u011frat\u0131l\u0131p, \u00f6z aqlar\u0131 i\u00e7\u00fcn k\u00fcre\u015fni endi tarihiy vatanlar\u0131nda 20 y\u0131ldan ziyade al\u0131p bar\u011fanlar\u0131n\u0131 da e\u015fitemiz. Q\u0131r\u0131mtatarlarnen ba\u011fl\u0131 vaziyetni tarif etken Rusiye matbuat\u0131 adeti \u00fczre ukrainlerni\u00f1 noqtai nazar\u0131n\u0131 k\u00f6sterip, q\u0131r\u0131mtatarlarn\u0131\u00f1 fikirlerini a\u00e7\u0131qlama\u011fa ne i\u00e7\u00fcndir a\u015f\u0131qmay. Aslan \u00dcmerov \u2013 Q\u0131r\u0131m halqara biznes birle\u015fme idaresini\u00f1 [&hellip;]\" \/>\n<meta property=\"og:url\" content=\"https:\/\/qtmm.org\/qt\/aslan-umerov-meclis-inkisaf-yonelisini-belgiley-ve-halqni-birlestire\/\" \/>\n<meta property=\"og:site_name\" content=\"\u041c\u0435\u0434\u0436\u043b\u0456\u0441\" \/>\n<meta property=\"article:publisher\" content=\"https:\/\/www.facebook.com\/qtmm.info\/\" \/>\n<meta property=\"article:published_time\" content=\"2012-07-27T20:26:00+00:00\" \/>\n<meta property=\"article:modified_time\" content=\"2022-01-21T20:27:02+00:00\" \/>\n<meta name=\"author\" content=\"Developer\" \/>\n<meta name=\"twitter:card\" content=\"summary_large_image\" \/>\n<meta name=\"twitter:label1\" content=\"Written by\" \/>\n\t<meta name=\"twitter:data1\" content=\"Developer\" \/>\n\t<meta name=\"twitter:label2\" content=\"Est. reading time\" \/>\n\t<meta name=\"twitter:data2\" content=\"5 minutes\" \/>\n<script type=\"application\/ld+json\" class=\"yoast-schema-graph\">{\"@context\":\"https:\\\/\\\/schema.org\",\"@graph\":[{\"@type\":\"Article\",\"@id\":\"https:\\\/\\\/qtmm.org\\\/qt\\\/aslan-umerov-meclis-inkisaf-yonelisini-belgiley-ve-halqni-birlestire\\\/#article\",\"isPartOf\":{\"@id\":\"https:\\\/\\\/qtmm.org\\\/qt\\\/aslan-umerov-meclis-inkisaf-yonelisini-belgiley-ve-halqni-birlestire\\\/\"},\"author\":{\"name\":\"Developer\",\"@id\":\"https:\\\/\\\/qtmm.org\\\/qt\\\/#\\\/schema\\\/person\\\/de562469f971dec226ac06e60bbf74a7\"},\"headline\":\"Aslan \u00dcmerov: Meclis inki\u015faf y\u00f6neli\u015fini belgiley ve halqn\u0131 birle\u015ftire\",\"datePublished\":\"2012-07-27T20:26:00+00:00\",\"dateModified\":\"2022-01-21T20:27:02+00:00\",\"mainEntityOfPage\":{\"@id\":\"https:\\\/\\\/qtmm.org\\\/qt\\\/aslan-umerov-meclis-inkisaf-yonelisini-belgiley-ve-halqni-birlestire\\\/\"},\"wordCount\":1101,\"commentCount\":0,\"publisher\":{\"@id\":\"https:\\\/\\\/qtmm.org\\\/qt\\\/#organization\"},\"articleSection\":[\"Haberler\"],\"inLanguage\":\"qt\",\"potentialAction\":[{\"@type\":\"CommentAction\",\"name\":\"Comment\",\"target\":[\"https:\\\/\\\/qtmm.org\\\/qt\\\/aslan-umerov-meclis-inkisaf-yonelisini-belgiley-ve-halqni-birlestire\\\/#respond\"]}]},{\"@type\":\"WebPage\",\"@id\":\"https:\\\/\\\/qtmm.org\\\/qt\\\/aslan-umerov-meclis-inkisaf-yonelisini-belgiley-ve-halqni-birlestire\\\/\",\"url\":\"https:\\\/\\\/qtmm.org\\\/qt\\\/aslan-umerov-meclis-inkisaf-yonelisini-belgiley-ve-halqni-birlestire\\\/\",\"name\":\"Aslan \u00dcmerov: Meclis inki\u015faf y\u00f6neli\u015fini belgiley ve halqn\u0131 birle\u015ftire - \u041c\u0435\u0434\u0436\u043b\u0456\u0441\",\"isPartOf\":{\"@id\":\"https:\\\/\\\/qtmm.org\\\/qt\\\/#website\"},\"datePublished\":\"2012-07-27T20:26:00+00:00\",\"dateModified\":\"2022-01-21T20:27:02+00:00\",\"breadcrumb\":{\"@id\":\"https:\\\/\\\/qtmm.org\\\/qt\\\/aslan-umerov-meclis-inkisaf-yonelisini-belgiley-ve-halqni-birlestire\\\/#breadcrumb\"},\"inLanguage\":\"qt\",\"potentialAction\":[{\"@type\":\"ReadAction\",\"target\":[\"https:\\\/\\\/qtmm.org\\\/qt\\\/aslan-umerov-meclis-inkisaf-yonelisini-belgiley-ve-halqni-birlestire\\\/\"]}]},{\"@type\":\"BreadcrumbList\",\"@id\":\"https:\\\/\\\/qtmm.org\\\/qt\\\/aslan-umerov-meclis-inkisaf-yonelisini-belgiley-ve-halqni-birlestire\\\/#breadcrumb\",\"itemListElement\":[{\"@type\":\"ListItem\",\"position\":1,\"name\":\"\u0413\u043e\u043b\u043e\u0432\u043d\u0430\",\"item\":\"https:\\\/\\\/qtmm.org\\\/qt\\\/\"},{\"@type\":\"ListItem\",\"position\":2,\"name\":\"Aslan \u00dcmerov: Meclis inki\u015faf y\u00f6neli\u015fini belgiley ve halqn\u0131 birle\u015ftire\"}]},{\"@type\":\"WebSite\",\"@id\":\"https:\\\/\\\/qtmm.org\\\/qt\\\/#website\",\"url\":\"https:\\\/\\\/qtmm.org\\\/qt\\\/\",\"name\":\"\u041c\u0435\u0434\u0436\u043b\u0456\u0441\",\"description\":\"\",\"publisher\":{\"@id\":\"https:\\\/\\\/qtmm.org\\\/qt\\\/#organization\"},\"potentialAction\":[{\"@type\":\"SearchAction\",\"target\":{\"@type\":\"EntryPoint\",\"urlTemplate\":\"https:\\\/\\\/qtmm.org\\\/qt\\\/?s={search_term_string}\"},\"query-input\":{\"@type\":\"PropertyValueSpecification\",\"valueRequired\":true,\"valueName\":\"search_term_string\"}}],\"inLanguage\":\"qt\"},{\"@type\":\"Organization\",\"@id\":\"https:\\\/\\\/qtmm.org\\\/qt\\\/#organization\",\"name\":\"\u041c\u0435\u0434\u0436\u043b\u0456\u0441\",\"url\":\"https:\\\/\\\/qtmm.org\\\/qt\\\/\",\"logo\":{\"@type\":\"ImageObject\",\"inLanguage\":\"qt\",\"@id\":\"https:\\\/\\\/qtmm.org\\\/qt\\\/#\\\/schema\\\/logo\\\/image\\\/\",\"url\":\"https:\\\/\\\/qtmm.org\\\/wp-content\\\/uploads\\\/2024\\\/12\\\/ua-mejlis-logo-rgb.svg\",\"contentUrl\":\"https:\\\/\\\/qtmm.org\\\/wp-content\\\/uploads\\\/2024\\\/12\\\/ua-mejlis-logo-rgb.svg\",\"caption\":\"\u041c\u0435\u0434\u0436\u043b\u0456\u0441\"},\"image\":{\"@id\":\"https:\\\/\\\/qtmm.org\\\/qt\\\/#\\\/schema\\\/logo\\\/image\\\/\"},\"sameAs\":[\"https:\\\/\\\/www.facebook.com\\\/qtmm.info\\\/\"]},{\"@type\":\"Person\",\"@id\":\"https:\\\/\\\/qtmm.org\\\/qt\\\/#\\\/schema\\\/person\\\/de562469f971dec226ac06e60bbf74a7\",\"name\":\"Developer\",\"image\":{\"@type\":\"ImageObject\",\"inLanguage\":\"qt\",\"@id\":\"https:\\\/\\\/secure.gravatar.com\\\/avatar\\\/392b4cc8fbfeb00b39dfeeab4ee6edded39ffd48e25858637e4765810300227e?s=96&d=mm&r=g\",\"url\":\"https:\\\/\\\/secure.gravatar.com\\\/avatar\\\/392b4cc8fbfeb00b39dfeeab4ee6edded39ffd48e25858637e4765810300227e?s=96&d=mm&r=g\",\"contentUrl\":\"https:\\\/\\\/secure.gravatar.com\\\/avatar\\\/392b4cc8fbfeb00b39dfeeab4ee6edded39ffd48e25858637e4765810300227e?s=96&d=mm&r=g\",\"caption\":\"Developer\"},\"url\":\"https:\\\/\\\/qtmm.org\\\/qt\\\/author\\\/Developer\\\/\"}]}<\/script>\n<!-- \/ Yoast SEO plugin. -->","yoast_head_json":{"title":"Aslan \u00dcmerov: Meclis inki\u015faf y\u00f6neli\u015fini belgiley ve halqn\u0131 birle\u015ftire - \u041c\u0435\u0434\u0436\u043b\u0456\u0441","robots":{"index":"index","follow":"follow","max-snippet":"max-snippet:-1","max-image-preview":"max-image-preview:large","max-video-preview":"max-video-preview:-1"},"canonical":"https:\/\/qtmm.org\/qt\/aslan-umerov-meclis-inkisaf-yonelisini-belgiley-ve-halqni-birlestire\/","og_locale":"en_US","og_type":"article","og_title":"Aslan \u00dcmerov: Meclis inki\u015faf y\u00f6neli\u015fini belgiley ve halqn\u0131 birle\u015ftire - \u041c\u0435\u0434\u0436\u043b\u0456\u0441","og_description":"Biz olarn\u0131\u00f1 barl\u0131\u011f\u0131n\u0131 bilemiz, amma nas\u0131l ya\u015fa\u011fanlar\u0131ndan haberimiz yoq. Biz bu halq s\u00fcrg\u00fcnlikke o\u011frat\u0131l\u0131p, \u00f6z aqlar\u0131 i\u00e7\u00fcn k\u00fcre\u015fni endi tarihiy vatanlar\u0131nda 20 y\u0131ldan ziyade al\u0131p bar\u011fanlar\u0131n\u0131 da e\u015fitemiz. Q\u0131r\u0131mtatarlarnen ba\u011fl\u0131 vaziyetni tarif etken Rusiye matbuat\u0131 adeti \u00fczre ukrainlerni\u00f1 noqtai nazar\u0131n\u0131 k\u00f6sterip, q\u0131r\u0131mtatarlarn\u0131\u00f1 fikirlerini a\u00e7\u0131qlama\u011fa ne i\u00e7\u00fcndir a\u015f\u0131qmay. Aslan \u00dcmerov \u2013 Q\u0131r\u0131m halqara biznes birle\u015fme idaresini\u00f1 [&hellip;]","og_url":"https:\/\/qtmm.org\/qt\/aslan-umerov-meclis-inkisaf-yonelisini-belgiley-ve-halqni-birlestire\/","og_site_name":"\u041c\u0435\u0434\u0436\u043b\u0456\u0441","article_publisher":"https:\/\/www.facebook.com\/qtmm.info\/","article_published_time":"2012-07-27T20:26:00+00:00","article_modified_time":"2022-01-21T20:27:02+00:00","author":"Developer","twitter_card":"summary_large_image","twitter_misc":{"Written by":"Developer","Est. reading time":"5 minutes"},"schema":{"@context":"https:\/\/schema.org","@graph":[{"@type":"Article","@id":"https:\/\/qtmm.org\/qt\/aslan-umerov-meclis-inkisaf-yonelisini-belgiley-ve-halqni-birlestire\/#article","isPartOf":{"@id":"https:\/\/qtmm.org\/qt\/aslan-umerov-meclis-inkisaf-yonelisini-belgiley-ve-halqni-birlestire\/"},"author":{"name":"Developer","@id":"https:\/\/qtmm.org\/qt\/#\/schema\/person\/de562469f971dec226ac06e60bbf74a7"},"headline":"Aslan \u00dcmerov: Meclis inki\u015faf y\u00f6neli\u015fini belgiley ve halqn\u0131 birle\u015ftire","datePublished":"2012-07-27T20:26:00+00:00","dateModified":"2022-01-21T20:27:02+00:00","mainEntityOfPage":{"@id":"https:\/\/qtmm.org\/qt\/aslan-umerov-meclis-inkisaf-yonelisini-belgiley-ve-halqni-birlestire\/"},"wordCount":1101,"commentCount":0,"publisher":{"@id":"https:\/\/qtmm.org\/qt\/#organization"},"articleSection":["Haberler"],"inLanguage":"qt","potentialAction":[{"@type":"CommentAction","name":"Comment","target":["https:\/\/qtmm.org\/qt\/aslan-umerov-meclis-inkisaf-yonelisini-belgiley-ve-halqni-birlestire\/#respond"]}]},{"@type":"WebPage","@id":"https:\/\/qtmm.org\/qt\/aslan-umerov-meclis-inkisaf-yonelisini-belgiley-ve-halqni-birlestire\/","url":"https:\/\/qtmm.org\/qt\/aslan-umerov-meclis-inkisaf-yonelisini-belgiley-ve-halqni-birlestire\/","name":"Aslan \u00dcmerov: Meclis inki\u015faf y\u00f6neli\u015fini belgiley ve halqn\u0131 birle\u015ftire - \u041c\u0435\u0434\u0436\u043b\u0456\u0441","isPartOf":{"@id":"https:\/\/qtmm.org\/qt\/#website"},"datePublished":"2012-07-27T20:26:00+00:00","dateModified":"2022-01-21T20:27:02+00:00","breadcrumb":{"@id":"https:\/\/qtmm.org\/qt\/aslan-umerov-meclis-inkisaf-yonelisini-belgiley-ve-halqni-birlestire\/#breadcrumb"},"inLanguage":"qt","potentialAction":[{"@type":"ReadAction","target":["https:\/\/qtmm.org\/qt\/aslan-umerov-meclis-inkisaf-yonelisini-belgiley-ve-halqni-birlestire\/"]}]},{"@type":"BreadcrumbList","@id":"https:\/\/qtmm.org\/qt\/aslan-umerov-meclis-inkisaf-yonelisini-belgiley-ve-halqni-birlestire\/#breadcrumb","itemListElement":[{"@type":"ListItem","position":1,"name":"\u0413\u043e\u043b\u043e\u0432\u043d\u0430","item":"https:\/\/qtmm.org\/qt\/"},{"@type":"ListItem","position":2,"name":"Aslan \u00dcmerov: Meclis inki\u015faf y\u00f6neli\u015fini belgiley ve halqn\u0131 birle\u015ftire"}]},{"@type":"WebSite","@id":"https:\/\/qtmm.org\/qt\/#website","url":"https:\/\/qtmm.org\/qt\/","name":"\u041c\u0435\u0434\u0436\u043b\u0456\u0441","description":"","publisher":{"@id":"https:\/\/qtmm.org\/qt\/#organization"},"potentialAction":[{"@type":"SearchAction","target":{"@type":"EntryPoint","urlTemplate":"https:\/\/qtmm.org\/qt\/?s={search_term_string}"},"query-input":{"@type":"PropertyValueSpecification","valueRequired":true,"valueName":"search_term_string"}}],"inLanguage":"qt"},{"@type":"Organization","@id":"https:\/\/qtmm.org\/qt\/#organization","name":"\u041c\u0435\u0434\u0436\u043b\u0456\u0441","url":"https:\/\/qtmm.org\/qt\/","logo":{"@type":"ImageObject","inLanguage":"qt","@id":"https:\/\/qtmm.org\/qt\/#\/schema\/logo\/image\/","url":"https:\/\/qtmm.org\/wp-content\/uploads\/2024\/12\/ua-mejlis-logo-rgb.svg","contentUrl":"https:\/\/qtmm.org\/wp-content\/uploads\/2024\/12\/ua-mejlis-logo-rgb.svg","caption":"\u041c\u0435\u0434\u0436\u043b\u0456\u0441"},"image":{"@id":"https:\/\/qtmm.org\/qt\/#\/schema\/logo\/image\/"},"sameAs":["https:\/\/www.facebook.com\/qtmm.info\/"]},{"@type":"Person","@id":"https:\/\/qtmm.org\/qt\/#\/schema\/person\/de562469f971dec226ac06e60bbf74a7","name":"Developer","image":{"@type":"ImageObject","inLanguage":"qt","@id":"https:\/\/secure.gravatar.com\/avatar\/392b4cc8fbfeb00b39dfeeab4ee6edded39ffd48e25858637e4765810300227e?s=96&d=mm&r=g","url":"https:\/\/secure.gravatar.com\/avatar\/392b4cc8fbfeb00b39dfeeab4ee6edded39ffd48e25858637e4765810300227e?s=96&d=mm&r=g","contentUrl":"https:\/\/secure.gravatar.com\/avatar\/392b4cc8fbfeb00b39dfeeab4ee6edded39ffd48e25858637e4765810300227e?s=96&d=mm&r=g","caption":"Developer"},"url":"https:\/\/qtmm.org\/qt\/author\/Developer\/"}]}},"_links":{"self":[{"href":"https:\/\/qtmm.org\/qt\/wp-json\/wp\/v2\/posts\/32921","targetHints":{"allow":["GET"]}}],"collection":[{"href":"https:\/\/qtmm.org\/qt\/wp-json\/wp\/v2\/posts"}],"about":[{"href":"https:\/\/qtmm.org\/qt\/wp-json\/wp\/v2\/types\/post"}],"author":[{"embeddable":true,"href":"https:\/\/qtmm.org\/qt\/wp-json\/wp\/v2\/users\/1"}],"replies":[{"embeddable":true,"href":"https:\/\/qtmm.org\/qt\/wp-json\/wp\/v2\/comments?post=32921"}],"version-history":[{"count":1,"href":"https:\/\/qtmm.org\/qt\/wp-json\/wp\/v2\/posts\/32921\/revisions"}],"predecessor-version":[{"id":32923,"href":"https:\/\/qtmm.org\/qt\/wp-json\/wp\/v2\/posts\/32921\/revisions\/32923"}],"wp:attachment":[{"href":"https:\/\/qtmm.org\/qt\/wp-json\/wp\/v2\/media?parent=32921"}],"wp:term":[{"taxonomy":"category","embeddable":true,"href":"https:\/\/qtmm.org\/qt\/wp-json\/wp\/v2\/categories?post=32921"},{"taxonomy":"post_tag","embeddable":true,"href":"https:\/\/qtmm.org\/qt\/wp-json\/wp\/v2\/tags?post=32921"}],"curies":[{"name":"wp","href":"https:\/\/api.w.org\/{rel}","templated":true}]}}