




{"id":32896,"date":"2012-07-26T23:24:00","date_gmt":"2012-07-26T20:24:00","guid":{"rendered":"http:\/\/qtmm.org\/?p=32896"},"modified":"2022-01-21T23:25:46","modified_gmt":"2022-01-21T20:25:46","slug":"osce-milliy-azliqlarnin-isleri-boyunca-aliy-komissari-knut-vollebek-meclisni-ziyaret-etti","status":"publish","type":"post","link":"https:\/\/qtmm.org\/qt\/osce-milliy-azliqlarnin-isleri-boyunca-aliy-komissari-knut-vollebek-meclisni-ziyaret-etti\/","title":{"rendered":"OSCE Milliy azl\u0131qlarn\u0131\u00f1 i\u015fleri boyunca Aliy Komissar\u0131 Knut Vollebek Meclisni ziyaret etti"},"content":{"rendered":"\n<p>Ukrainada i\u015f ziyaretinden bulun\u011fan OSCE Milliy azl\u0131qlarn\u0131\u00f1 i\u015fleri boyunca Aliy Komissar\u0131 Knut Vollebek iy\u00fcl 26 k\u00fcn\u00fc Q\u0131r\u0131m\u011fa kelip, planla\u015ft\u0131r\u011fan k\u00f6r\u00fc\u015f\u00fcv ve konsultatsiyalar\u0131n\u0131 ke\u00e7irdi.<\/p>\n\n\n\n<p>Ayn\u0131 \u015fu k\u00fcn\u00fc cenap Knut Vollebek ve o\u00f1a refaqatl\u0131q yapqan mesleat\u00e7\u0131lar\u0131 Aleksandr Vinnikov ve Vinsent de Graf Meclis reisi, Ukraina halq deputat\u0131 Mustafa Cemilevnen k\u00f6r\u00fc\u015fti. Meclis ofisinde ol\u0131p ke\u00e7ken bu k\u00f6r\u00fc\u015f\u00fcvde Meclis reisini\u00f1 birinci muavini Refat \u00c7ubarov, t\u0131\u015fq\u0131 al\u00e2qalar b\u00f6l\u00fcgini\u00f1 ba\u015f\u0131 Ali Hamzin ve Meclis K\u00e2tibiyetini\u00f1 ba\u015f\u0131 Zair Smedl\u00e2yev i\u015ftirak ettiler.<\/p>\n\n\n\n<p>Bundan bir k\u00fcn evelsi Knut Vollebek ve Mustafa Cemilev Ukraina Yuqar\u0131 \u015euras\u0131nda k\u00f6r\u00fc\u015fkenleri sebebinden, Q\u0131r\u0131mda taraflar q\u0131r\u0131mtatar halq\u0131n\u0131\u00f1 \u00f6z Vatan\u0131nda aqlar\u0131n\u0131 \u011fayr\u0131dan tiklev, Ukrainada on\u0131\u00f1 tel\u00fckesizligini teminlev boyunca halqara forum\u011fa az\u0131rl\u0131qn\u0131\u00f1 keti\u015fat\u0131n\u0131 muzakere ettiler.<\/p>\n\n\n\n<p>OSCE Milliy azl\u0131qlarn\u0131\u00f1 i\u015fleri boyunca Aliy Komissar\u0131 Knut Vollebek Meclis yolba\u015f\u00e7\u0131lar\u0131na Kiyevde ol\u011fan k\u00f6r\u00fc\u015f\u00fcvleri, \u015fu c\u00fcmleden Ukraina t\u0131\u015fq\u0131 i\u015fler naziri Konstantin Gri\u015f\u00e7enko ile subeti aqq\u0131nda mal\u00fcmat berdi.<\/p>\n\n\n\n<figure class=\"wp-block-image size-full\"><img loading=\"lazy\" decoding=\"async\" width=\"650\" height=\"360\" src=\"http:\/\/qtmm.org\/wp-content\/uploads\/2022\/01\/2_65.jpeg\" alt=\"\" class=\"wp-image-32902\" srcset=\"https:\/\/qtmm.org\/wp-content\/uploads\/2022\/01\/2_65.jpeg 650w, https:\/\/qtmm.org\/wp-content\/uploads\/2022\/01\/2_65-300x166.jpeg 300w\" sizes=\"auto, (max-width: 650px) 100vw, 650px\" \/><\/figure>\n\n\n\n<p>Ukrain taraf\u0131 Knut Vollebek qayd etkenine k\u00f6re Halqara forum ke\u00e7irilmesine qoltut\u0131p, on\u0131 ke\u00e7ir\u00fcv m\u00fcddeti ve \u015fekili boyunca \u00f6z tekliflerini bildirmekte.<\/p>\n\n\n\n<p>Ayn\u0131 zamanda, dey cenap Knut Vollebek, on\u0131\u00f1 ofisi endi halqara ekspertlerni se\u00e7ip ald\u0131 ve olar bir qa\u00e7 ay devam\u0131nda Halqara forumda baq\u0131lacaq esas meseleler boyunca mahsus tedqiqatlar al\u0131p baracaqlar. &#8220;B\u00f6yleliknen, &#8211; dedi Knut Vollebek, &#8211; men birlikte Gaagada (2012 senesi iy\u00fcn ay\u0131nda) i\u015fledigim plandan memn\u00fcnim, \u015fimdi bu plan endi ker\u00e7ekle\u015f\u00fcv devrine kirmekte&#8221;.<\/p>\n\n\n\n<figure class=\"wp-block-image size-full\"><img loading=\"lazy\" decoding=\"async\" width=\"650\" height=\"360\" src=\"http:\/\/qtmm.org\/wp-content\/uploads\/2022\/01\/4_37.jpeg\" alt=\"\" class=\"wp-image-32907\" srcset=\"https:\/\/qtmm.org\/wp-content\/uploads\/2022\/01\/4_37.jpeg 650w, https:\/\/qtmm.org\/wp-content\/uploads\/2022\/01\/4_37-300x166.jpeg 300w\" sizes=\"auto, (max-width: 650px) 100vw, 650px\" \/><\/figure>\n\n\n\n<p>K\u00f6r\u00fc\u015f\u00fcvni\u00f1 i\u015ftirak\u00e7ileri &#8220;Milliy mens\u00fcpligine k\u00f6re s\u00fcrg\u00fcn etilgen insanlarn\u0131\u00f1 aqlar\u0131n\u0131 \u011fayr\u0131dan tiklev aqq\u0131nda&#8221; qanun leyhas\u0131n\u0131 ekinci oquv\u011fa az\u0131rlavnen ba\u011fl\u0131 meselelerni de baqt\u0131lar.<\/p>\n\n\n\n<p>Q\u0131r\u0131mtatar halq\u0131 Meclisini\u00f1 reisi Mustafa Cemilev Aliy komissarn\u0131 on\u0131\u00f1 \u015fu qanun leyhas\u0131na qoltutqan\u0131 i\u00e7\u00fcn minnetdarl\u0131q bildirip, ekinci oquv\u011fa kirsetilgen qo\u015fumca ve t\u00fczet\u00fcvler deklarativ harakter ta\u015f\u0131p, qabul etilgenleri taqdirde leyhan\u0131\u00f1 m\u00fcndericesini zay\u0131flatabilecegini s\u00f6yledi.<\/p>\n\n\n\n<p>K\u00f6r\u00fc\u015f\u00fcvni\u00f1 so\u00f1unda Knut Vollebek \u015fun\u0131 qayd etti ki, Halqara forumn\u0131 ke\u00e7ir\u00fcv meselesi on\u0131\u00f1 ofisi faaliyetini\u00f1 e\u00f1 degerli y\u00f6neli\u015flerinden biridir. Halqara ekspertlerni\u00f1 \u00f6z vazifelerini muvafaqiyetli eda etmesi Forum ke\u00e7ir\u00fcv m\u00fcddetini yaq\u0131nla\u015ft\u0131r\u0131r.<\/p>\n\n\n\n<figure class=\"wp-block-image size-full\"><img loading=\"lazy\" decoding=\"async\" width=\"650\" height=\"360\" src=\"http:\/\/qtmm.org\/wp-content\/uploads\/2022\/01\/5_14.jpeg\" alt=\"\" class=\"wp-image-32911\" srcset=\"https:\/\/qtmm.org\/wp-content\/uploads\/2022\/01\/5_14.jpeg 650w, https:\/\/qtmm.org\/wp-content\/uploads\/2022\/01\/5_14-300x166.jpeg 300w\" sizes=\"auto, (max-width: 650px) 100vw, 650px\" \/><\/figure>\n","protected":false},"excerpt":{"rendered":"<p>Ukrainada i\u015f ziyaretinden bulun\u011fan OSCE Milliy azl\u0131qlarn\u0131\u00f1 i\u015fleri boyunca Aliy Komissar\u0131 Knut Vollebek iy\u00fcl 26 k\u00fcn\u00fc Q\u0131r\u0131m\u011fa kelip, planla\u015ft\u0131r\u011fan k\u00f6r\u00fc\u015f\u00fcv ve konsultatsiyalar\u0131n\u0131 ke\u00e7irdi. Ayn\u0131 \u015fu k\u00fcn\u00fc cenap Knut Vollebek ve o\u00f1a refaqatl\u0131q yapqan mesleat\u00e7\u0131lar\u0131 Aleksandr Vinnikov ve Vinsent de Graf Meclis reisi, Ukraina halq deputat\u0131 Mustafa Cemilevnen k\u00f6r\u00fc\u015fti. Meclis ofisinde ol\u0131p ke\u00e7ken bu k\u00f6r\u00fc\u015f\u00fcvde Meclis [&hellip;]<\/p>\n","protected":false},"author":1,"featured_media":32898,"comment_status":"open","ping_status":"open","sticky":false,"template":"","format":"standard","meta":{"inline_featured_image":false,"footnotes":""},"categories":[265],"tags":[],"class_list":["post-32896","post","type-post","status-publish","format-standard","has-post-thumbnail","hentry","category-haberler"],"acf":[],"yoast_head":"<!-- This site is optimized with the Yoast SEO plugin v27.4 - https:\/\/yoast.com\/product\/yoast-seo-wordpress\/ -->\n<title>OSCE Milliy azl\u0131qlarn\u0131\u00f1 i\u015fleri boyunca Aliy Komissar\u0131 Knut Vollebek Meclisni ziyaret etti - \u041c\u0435\u0434\u0436\u043b\u0456\u0441<\/title>\n<meta name=\"robots\" content=\"index, follow, max-snippet:-1, max-image-preview:large, max-video-preview:-1\" \/>\n<link rel=\"canonical\" href=\"https:\/\/qtmm.org\/qt\/osce-milliy-azliqlarnin-isleri-boyunca-aliy-komissari-knut-vollebek-meclisni-ziyaret-etti\/\" \/>\n<meta property=\"og:locale\" content=\"en_US\" \/>\n<meta property=\"og:type\" content=\"article\" \/>\n<meta property=\"og:title\" content=\"OSCE Milliy azl\u0131qlarn\u0131\u00f1 i\u015fleri boyunca Aliy Komissar\u0131 Knut Vollebek Meclisni ziyaret etti - \u041c\u0435\u0434\u0436\u043b\u0456\u0441\" \/>\n<meta property=\"og:description\" content=\"Ukrainada i\u015f ziyaretinden bulun\u011fan OSCE Milliy azl\u0131qlarn\u0131\u00f1 i\u015fleri boyunca Aliy Komissar\u0131 Knut Vollebek iy\u00fcl 26 k\u00fcn\u00fc Q\u0131r\u0131m\u011fa kelip, planla\u015ft\u0131r\u011fan k\u00f6r\u00fc\u015f\u00fcv ve konsultatsiyalar\u0131n\u0131 ke\u00e7irdi. Ayn\u0131 \u015fu k\u00fcn\u00fc cenap Knut Vollebek ve o\u00f1a refaqatl\u0131q yapqan mesleat\u00e7\u0131lar\u0131 Aleksandr Vinnikov ve Vinsent de Graf Meclis reisi, Ukraina halq deputat\u0131 Mustafa Cemilevnen k\u00f6r\u00fc\u015fti. Meclis ofisinde ol\u0131p ke\u00e7ken bu k\u00f6r\u00fc\u015f\u00fcvde Meclis [&hellip;]\" \/>\n<meta property=\"og:url\" content=\"https:\/\/qtmm.org\/qt\/osce-milliy-azliqlarnin-isleri-boyunca-aliy-komissari-knut-vollebek-meclisni-ziyaret-etti\/\" \/>\n<meta property=\"og:site_name\" content=\"\u041c\u0435\u0434\u0436\u043b\u0456\u0441\" \/>\n<meta property=\"article:publisher\" content=\"https:\/\/www.facebook.com\/qtmm.info\/\" \/>\n<meta property=\"article:published_time\" content=\"2012-07-26T20:24:00+00:00\" \/>\n<meta property=\"article:modified_time\" content=\"2022-01-21T20:25:46+00:00\" \/>\n<meta property=\"og:image\" content=\"https:\/\/qtmm.org\/wp-content\/uploads\/2022\/01\/1_60.jpeg\" \/>\n\t<meta property=\"og:image:width\" content=\"650\" \/>\n\t<meta property=\"og:image:height\" content=\"360\" \/>\n\t<meta property=\"og:image:type\" content=\"image\/jpeg\" \/>\n<meta name=\"author\" content=\"Developer\" \/>\n<meta name=\"twitter:card\" content=\"summary_large_image\" \/>\n<meta name=\"twitter:label1\" content=\"Written by\" \/>\n\t<meta name=\"twitter:data1\" content=\"Developer\" \/>\n\t<meta name=\"twitter:label2\" content=\"Est. reading time\" \/>\n\t<meta name=\"twitter:data2\" content=\"2 minutes\" \/>\n<script type=\"application\/ld+json\" class=\"yoast-schema-graph\">{\"@context\":\"https:\\\/\\\/schema.org\",\"@graph\":[{\"@type\":\"Article\",\"@id\":\"https:\\\/\\\/qtmm.org\\\/qt\\\/osce-milliy-azliqlarnin-isleri-boyunca-aliy-komissari-knut-vollebek-meclisni-ziyaret-etti\\\/#article\",\"isPartOf\":{\"@id\":\"https:\\\/\\\/qtmm.org\\\/qt\\\/osce-milliy-azliqlarnin-isleri-boyunca-aliy-komissari-knut-vollebek-meclisni-ziyaret-etti\\\/\"},\"author\":{\"name\":\"Developer\",\"@id\":\"https:\\\/\\\/qtmm.org\\\/qt\\\/#\\\/schema\\\/person\\\/de562469f971dec226ac06e60bbf74a7\"},\"headline\":\"OSCE Milliy azl\u0131qlarn\u0131\u00f1 i\u015fleri boyunca Aliy Komissar\u0131 Knut Vollebek Meclisni ziyaret etti\",\"datePublished\":\"2012-07-26T20:24:00+00:00\",\"dateModified\":\"2022-01-21T20:25:46+00:00\",\"mainEntityOfPage\":{\"@id\":\"https:\\\/\\\/qtmm.org\\\/qt\\\/osce-milliy-azliqlarnin-isleri-boyunca-aliy-komissari-knut-vollebek-meclisni-ziyaret-etti\\\/\"},\"wordCount\":425,\"commentCount\":0,\"publisher\":{\"@id\":\"https:\\\/\\\/qtmm.org\\\/qt\\\/#organization\"},\"image\":{\"@id\":\"https:\\\/\\\/qtmm.org\\\/qt\\\/osce-milliy-azliqlarnin-isleri-boyunca-aliy-komissari-knut-vollebek-meclisni-ziyaret-etti\\\/#primaryimage\"},\"thumbnailUrl\":\"https:\\\/\\\/qtmm.org\\\/wp-content\\\/uploads\\\/2022\\\/01\\\/1_60.jpeg\",\"articleSection\":[\"Haberler\"],\"inLanguage\":\"qt\",\"potentialAction\":[{\"@type\":\"CommentAction\",\"name\":\"Comment\",\"target\":[\"https:\\\/\\\/qtmm.org\\\/qt\\\/osce-milliy-azliqlarnin-isleri-boyunca-aliy-komissari-knut-vollebek-meclisni-ziyaret-etti\\\/#respond\"]}]},{\"@type\":\"WebPage\",\"@id\":\"https:\\\/\\\/qtmm.org\\\/qt\\\/osce-milliy-azliqlarnin-isleri-boyunca-aliy-komissari-knut-vollebek-meclisni-ziyaret-etti\\\/\",\"url\":\"https:\\\/\\\/qtmm.org\\\/qt\\\/osce-milliy-azliqlarnin-isleri-boyunca-aliy-komissari-knut-vollebek-meclisni-ziyaret-etti\\\/\",\"name\":\"OSCE Milliy azl\u0131qlarn\u0131\u00f1 i\u015fleri boyunca Aliy Komissar\u0131 Knut Vollebek Meclisni ziyaret etti - \u041c\u0435\u0434\u0436\u043b\u0456\u0441\",\"isPartOf\":{\"@id\":\"https:\\\/\\\/qtmm.org\\\/qt\\\/#website\"},\"primaryImageOfPage\":{\"@id\":\"https:\\\/\\\/qtmm.org\\\/qt\\\/osce-milliy-azliqlarnin-isleri-boyunca-aliy-komissari-knut-vollebek-meclisni-ziyaret-etti\\\/#primaryimage\"},\"image\":{\"@id\":\"https:\\\/\\\/qtmm.org\\\/qt\\\/osce-milliy-azliqlarnin-isleri-boyunca-aliy-komissari-knut-vollebek-meclisni-ziyaret-etti\\\/#primaryimage\"},\"thumbnailUrl\":\"https:\\\/\\\/qtmm.org\\\/wp-content\\\/uploads\\\/2022\\\/01\\\/1_60.jpeg\",\"datePublished\":\"2012-07-26T20:24:00+00:00\",\"dateModified\":\"2022-01-21T20:25:46+00:00\",\"breadcrumb\":{\"@id\":\"https:\\\/\\\/qtmm.org\\\/qt\\\/osce-milliy-azliqlarnin-isleri-boyunca-aliy-komissari-knut-vollebek-meclisni-ziyaret-etti\\\/#breadcrumb\"},\"inLanguage\":\"qt\",\"potentialAction\":[{\"@type\":\"ReadAction\",\"target\":[\"https:\\\/\\\/qtmm.org\\\/qt\\\/osce-milliy-azliqlarnin-isleri-boyunca-aliy-komissari-knut-vollebek-meclisni-ziyaret-etti\\\/\"]}]},{\"@type\":\"ImageObject\",\"inLanguage\":\"qt\",\"@id\":\"https:\\\/\\\/qtmm.org\\\/qt\\\/osce-milliy-azliqlarnin-isleri-boyunca-aliy-komissari-knut-vollebek-meclisni-ziyaret-etti\\\/#primaryimage\",\"url\":\"https:\\\/\\\/qtmm.org\\\/wp-content\\\/uploads\\\/2022\\\/01\\\/1_60.jpeg\",\"contentUrl\":\"https:\\\/\\\/qtmm.org\\\/wp-content\\\/uploads\\\/2022\\\/01\\\/1_60.jpeg\",\"width\":650,\"height\":360},{\"@type\":\"BreadcrumbList\",\"@id\":\"https:\\\/\\\/qtmm.org\\\/qt\\\/osce-milliy-azliqlarnin-isleri-boyunca-aliy-komissari-knut-vollebek-meclisni-ziyaret-etti\\\/#breadcrumb\",\"itemListElement\":[{\"@type\":\"ListItem\",\"position\":1,\"name\":\"\u0413\u043e\u043b\u043e\u0432\u043d\u0430\",\"item\":\"https:\\\/\\\/qtmm.org\\\/qt\\\/\"},{\"@type\":\"ListItem\",\"position\":2,\"name\":\"OSCE Milliy azl\u0131qlarn\u0131\u00f1 i\u015fleri boyunca Aliy Komissar\u0131 Knut Vollebek Meclisni ziyaret etti\"}]},{\"@type\":\"WebSite\",\"@id\":\"https:\\\/\\\/qtmm.org\\\/qt\\\/#website\",\"url\":\"https:\\\/\\\/qtmm.org\\\/qt\\\/\",\"name\":\"\u041c\u0435\u0434\u0436\u043b\u0456\u0441\",\"description\":\"\",\"publisher\":{\"@id\":\"https:\\\/\\\/qtmm.org\\\/qt\\\/#organization\"},\"potentialAction\":[{\"@type\":\"SearchAction\",\"target\":{\"@type\":\"EntryPoint\",\"urlTemplate\":\"https:\\\/\\\/qtmm.org\\\/qt\\\/?s={search_term_string}\"},\"query-input\":{\"@type\":\"PropertyValueSpecification\",\"valueRequired\":true,\"valueName\":\"search_term_string\"}}],\"inLanguage\":\"qt\"},{\"@type\":\"Organization\",\"@id\":\"https:\\\/\\\/qtmm.org\\\/qt\\\/#organization\",\"name\":\"\u041c\u0435\u0434\u0436\u043b\u0456\u0441\",\"url\":\"https:\\\/\\\/qtmm.org\\\/qt\\\/\",\"logo\":{\"@type\":\"ImageObject\",\"inLanguage\":\"qt\",\"@id\":\"https:\\\/\\\/qtmm.org\\\/qt\\\/#\\\/schema\\\/logo\\\/image\\\/\",\"url\":\"https:\\\/\\\/qtmm.org\\\/wp-content\\\/uploads\\\/2024\\\/12\\\/ua-mejlis-logo-rgb.svg\",\"contentUrl\":\"https:\\\/\\\/qtmm.org\\\/wp-content\\\/uploads\\\/2024\\\/12\\\/ua-mejlis-logo-rgb.svg\",\"caption\":\"\u041c\u0435\u0434\u0436\u043b\u0456\u0441\"},\"image\":{\"@id\":\"https:\\\/\\\/qtmm.org\\\/qt\\\/#\\\/schema\\\/logo\\\/image\\\/\"},\"sameAs\":[\"https:\\\/\\\/www.facebook.com\\\/qtmm.info\\\/\"]},{\"@type\":\"Person\",\"@id\":\"https:\\\/\\\/qtmm.org\\\/qt\\\/#\\\/schema\\\/person\\\/de562469f971dec226ac06e60bbf74a7\",\"name\":\"Developer\",\"image\":{\"@type\":\"ImageObject\",\"inLanguage\":\"qt\",\"@id\":\"https:\\\/\\\/secure.gravatar.com\\\/avatar\\\/392b4cc8fbfeb00b39dfeeab4ee6edded39ffd48e25858637e4765810300227e?s=96&d=mm&r=g\",\"url\":\"https:\\\/\\\/secure.gravatar.com\\\/avatar\\\/392b4cc8fbfeb00b39dfeeab4ee6edded39ffd48e25858637e4765810300227e?s=96&d=mm&r=g\",\"contentUrl\":\"https:\\\/\\\/secure.gravatar.com\\\/avatar\\\/392b4cc8fbfeb00b39dfeeab4ee6edded39ffd48e25858637e4765810300227e?s=96&d=mm&r=g\",\"caption\":\"Developer\"},\"url\":\"https:\\\/\\\/qtmm.org\\\/qt\\\/author\\\/Developer\\\/\"}]}<\/script>\n<!-- \/ Yoast SEO plugin. -->","yoast_head_json":{"title":"OSCE Milliy azl\u0131qlarn\u0131\u00f1 i\u015fleri boyunca Aliy Komissar\u0131 Knut Vollebek Meclisni ziyaret etti - \u041c\u0435\u0434\u0436\u043b\u0456\u0441","robots":{"index":"index","follow":"follow","max-snippet":"max-snippet:-1","max-image-preview":"max-image-preview:large","max-video-preview":"max-video-preview:-1"},"canonical":"https:\/\/qtmm.org\/qt\/osce-milliy-azliqlarnin-isleri-boyunca-aliy-komissari-knut-vollebek-meclisni-ziyaret-etti\/","og_locale":"en_US","og_type":"article","og_title":"OSCE Milliy azl\u0131qlarn\u0131\u00f1 i\u015fleri boyunca Aliy Komissar\u0131 Knut Vollebek Meclisni ziyaret etti - \u041c\u0435\u0434\u0436\u043b\u0456\u0441","og_description":"Ukrainada i\u015f ziyaretinden bulun\u011fan OSCE Milliy azl\u0131qlarn\u0131\u00f1 i\u015fleri boyunca Aliy Komissar\u0131 Knut Vollebek iy\u00fcl 26 k\u00fcn\u00fc Q\u0131r\u0131m\u011fa kelip, planla\u015ft\u0131r\u011fan k\u00f6r\u00fc\u015f\u00fcv ve konsultatsiyalar\u0131n\u0131 ke\u00e7irdi. Ayn\u0131 \u015fu k\u00fcn\u00fc cenap Knut Vollebek ve o\u00f1a refaqatl\u0131q yapqan mesleat\u00e7\u0131lar\u0131 Aleksandr Vinnikov ve Vinsent de Graf Meclis reisi, Ukraina halq deputat\u0131 Mustafa Cemilevnen k\u00f6r\u00fc\u015fti. Meclis ofisinde ol\u0131p ke\u00e7ken bu k\u00f6r\u00fc\u015f\u00fcvde Meclis [&hellip;]","og_url":"https:\/\/qtmm.org\/qt\/osce-milliy-azliqlarnin-isleri-boyunca-aliy-komissari-knut-vollebek-meclisni-ziyaret-etti\/","og_site_name":"\u041c\u0435\u0434\u0436\u043b\u0456\u0441","article_publisher":"https:\/\/www.facebook.com\/qtmm.info\/","article_published_time":"2012-07-26T20:24:00+00:00","article_modified_time":"2022-01-21T20:25:46+00:00","og_image":[{"width":650,"height":360,"url":"https:\/\/qtmm.org\/wp-content\/uploads\/2022\/01\/1_60.jpeg","type":"image\/jpeg"}],"author":"Developer","twitter_card":"summary_large_image","twitter_misc":{"Written by":"Developer","Est. reading time":"2 minutes"},"schema":{"@context":"https:\/\/schema.org","@graph":[{"@type":"Article","@id":"https:\/\/qtmm.org\/qt\/osce-milliy-azliqlarnin-isleri-boyunca-aliy-komissari-knut-vollebek-meclisni-ziyaret-etti\/#article","isPartOf":{"@id":"https:\/\/qtmm.org\/qt\/osce-milliy-azliqlarnin-isleri-boyunca-aliy-komissari-knut-vollebek-meclisni-ziyaret-etti\/"},"author":{"name":"Developer","@id":"https:\/\/qtmm.org\/qt\/#\/schema\/person\/de562469f971dec226ac06e60bbf74a7"},"headline":"OSCE Milliy azl\u0131qlarn\u0131\u00f1 i\u015fleri boyunca Aliy Komissar\u0131 Knut Vollebek Meclisni ziyaret etti","datePublished":"2012-07-26T20:24:00+00:00","dateModified":"2022-01-21T20:25:46+00:00","mainEntityOfPage":{"@id":"https:\/\/qtmm.org\/qt\/osce-milliy-azliqlarnin-isleri-boyunca-aliy-komissari-knut-vollebek-meclisni-ziyaret-etti\/"},"wordCount":425,"commentCount":0,"publisher":{"@id":"https:\/\/qtmm.org\/qt\/#organization"},"image":{"@id":"https:\/\/qtmm.org\/qt\/osce-milliy-azliqlarnin-isleri-boyunca-aliy-komissari-knut-vollebek-meclisni-ziyaret-etti\/#primaryimage"},"thumbnailUrl":"https:\/\/qtmm.org\/wp-content\/uploads\/2022\/01\/1_60.jpeg","articleSection":["Haberler"],"inLanguage":"qt","potentialAction":[{"@type":"CommentAction","name":"Comment","target":["https:\/\/qtmm.org\/qt\/osce-milliy-azliqlarnin-isleri-boyunca-aliy-komissari-knut-vollebek-meclisni-ziyaret-etti\/#respond"]}]},{"@type":"WebPage","@id":"https:\/\/qtmm.org\/qt\/osce-milliy-azliqlarnin-isleri-boyunca-aliy-komissari-knut-vollebek-meclisni-ziyaret-etti\/","url":"https:\/\/qtmm.org\/qt\/osce-milliy-azliqlarnin-isleri-boyunca-aliy-komissari-knut-vollebek-meclisni-ziyaret-etti\/","name":"OSCE Milliy azl\u0131qlarn\u0131\u00f1 i\u015fleri boyunca Aliy Komissar\u0131 Knut Vollebek Meclisni ziyaret etti - \u041c\u0435\u0434\u0436\u043b\u0456\u0441","isPartOf":{"@id":"https:\/\/qtmm.org\/qt\/#website"},"primaryImageOfPage":{"@id":"https:\/\/qtmm.org\/qt\/osce-milliy-azliqlarnin-isleri-boyunca-aliy-komissari-knut-vollebek-meclisni-ziyaret-etti\/#primaryimage"},"image":{"@id":"https:\/\/qtmm.org\/qt\/osce-milliy-azliqlarnin-isleri-boyunca-aliy-komissari-knut-vollebek-meclisni-ziyaret-etti\/#primaryimage"},"thumbnailUrl":"https:\/\/qtmm.org\/wp-content\/uploads\/2022\/01\/1_60.jpeg","datePublished":"2012-07-26T20:24:00+00:00","dateModified":"2022-01-21T20:25:46+00:00","breadcrumb":{"@id":"https:\/\/qtmm.org\/qt\/osce-milliy-azliqlarnin-isleri-boyunca-aliy-komissari-knut-vollebek-meclisni-ziyaret-etti\/#breadcrumb"},"inLanguage":"qt","potentialAction":[{"@type":"ReadAction","target":["https:\/\/qtmm.org\/qt\/osce-milliy-azliqlarnin-isleri-boyunca-aliy-komissari-knut-vollebek-meclisni-ziyaret-etti\/"]}]},{"@type":"ImageObject","inLanguage":"qt","@id":"https:\/\/qtmm.org\/qt\/osce-milliy-azliqlarnin-isleri-boyunca-aliy-komissari-knut-vollebek-meclisni-ziyaret-etti\/#primaryimage","url":"https:\/\/qtmm.org\/wp-content\/uploads\/2022\/01\/1_60.jpeg","contentUrl":"https:\/\/qtmm.org\/wp-content\/uploads\/2022\/01\/1_60.jpeg","width":650,"height":360},{"@type":"BreadcrumbList","@id":"https:\/\/qtmm.org\/qt\/osce-milliy-azliqlarnin-isleri-boyunca-aliy-komissari-knut-vollebek-meclisni-ziyaret-etti\/#breadcrumb","itemListElement":[{"@type":"ListItem","position":1,"name":"\u0413\u043e\u043b\u043e\u0432\u043d\u0430","item":"https:\/\/qtmm.org\/qt\/"},{"@type":"ListItem","position":2,"name":"OSCE Milliy azl\u0131qlarn\u0131\u00f1 i\u015fleri boyunca Aliy Komissar\u0131 Knut Vollebek Meclisni ziyaret etti"}]},{"@type":"WebSite","@id":"https:\/\/qtmm.org\/qt\/#website","url":"https:\/\/qtmm.org\/qt\/","name":"\u041c\u0435\u0434\u0436\u043b\u0456\u0441","description":"","publisher":{"@id":"https:\/\/qtmm.org\/qt\/#organization"},"potentialAction":[{"@type":"SearchAction","target":{"@type":"EntryPoint","urlTemplate":"https:\/\/qtmm.org\/qt\/?s={search_term_string}"},"query-input":{"@type":"PropertyValueSpecification","valueRequired":true,"valueName":"search_term_string"}}],"inLanguage":"qt"},{"@type":"Organization","@id":"https:\/\/qtmm.org\/qt\/#organization","name":"\u041c\u0435\u0434\u0436\u043b\u0456\u0441","url":"https:\/\/qtmm.org\/qt\/","logo":{"@type":"ImageObject","inLanguage":"qt","@id":"https:\/\/qtmm.org\/qt\/#\/schema\/logo\/image\/","url":"https:\/\/qtmm.org\/wp-content\/uploads\/2024\/12\/ua-mejlis-logo-rgb.svg","contentUrl":"https:\/\/qtmm.org\/wp-content\/uploads\/2024\/12\/ua-mejlis-logo-rgb.svg","caption":"\u041c\u0435\u0434\u0436\u043b\u0456\u0441"},"image":{"@id":"https:\/\/qtmm.org\/qt\/#\/schema\/logo\/image\/"},"sameAs":["https:\/\/www.facebook.com\/qtmm.info\/"]},{"@type":"Person","@id":"https:\/\/qtmm.org\/qt\/#\/schema\/person\/de562469f971dec226ac06e60bbf74a7","name":"Developer","image":{"@type":"ImageObject","inLanguage":"qt","@id":"https:\/\/secure.gravatar.com\/avatar\/392b4cc8fbfeb00b39dfeeab4ee6edded39ffd48e25858637e4765810300227e?s=96&d=mm&r=g","url":"https:\/\/secure.gravatar.com\/avatar\/392b4cc8fbfeb00b39dfeeab4ee6edded39ffd48e25858637e4765810300227e?s=96&d=mm&r=g","contentUrl":"https:\/\/secure.gravatar.com\/avatar\/392b4cc8fbfeb00b39dfeeab4ee6edded39ffd48e25858637e4765810300227e?s=96&d=mm&r=g","caption":"Developer"},"url":"https:\/\/qtmm.org\/qt\/author\/Developer\/"}]}},"_links":{"self":[{"href":"https:\/\/qtmm.org\/qt\/wp-json\/wp\/v2\/posts\/32896","targetHints":{"allow":["GET"]}}],"collection":[{"href":"https:\/\/qtmm.org\/qt\/wp-json\/wp\/v2\/posts"}],"about":[{"href":"https:\/\/qtmm.org\/qt\/wp-json\/wp\/v2\/types\/post"}],"author":[{"embeddable":true,"href":"https:\/\/qtmm.org\/qt\/wp-json\/wp\/v2\/users\/1"}],"replies":[{"embeddable":true,"href":"https:\/\/qtmm.org\/qt\/wp-json\/wp\/v2\/comments?post=32896"}],"version-history":[{"count":1,"href":"https:\/\/qtmm.org\/qt\/wp-json\/wp\/v2\/posts\/32896\/revisions"}],"predecessor-version":[{"id":32915,"href":"https:\/\/qtmm.org\/qt\/wp-json\/wp\/v2\/posts\/32896\/revisions\/32915"}],"wp:featuredmedia":[{"embeddable":true,"href":"https:\/\/qtmm.org\/qt\/wp-json\/wp\/v2\/media\/32898"}],"wp:attachment":[{"href":"https:\/\/qtmm.org\/qt\/wp-json\/wp\/v2\/media?parent=32896"}],"wp:term":[{"taxonomy":"category","embeddable":true,"href":"https:\/\/qtmm.org\/qt\/wp-json\/wp\/v2\/categories?post=32896"},{"taxonomy":"post_tag","embeddable":true,"href":"https:\/\/qtmm.org\/qt\/wp-json\/wp\/v2\/tags?post=32896"}],"curies":[{"name":"wp","href":"https:\/\/api.w.org\/{rel}","templated":true}]}}