




{"id":32874,"date":"2012-07-25T23:23:00","date_gmt":"2012-07-25T20:23:00","guid":{"rendered":"http:\/\/qtmm.org\/?p=32874"},"modified":"2022-01-21T23:24:06","modified_gmt":"2022-01-21T20:24:06","slug":"2012-senesi-iyul-25-kunu-kiyevde-osce-milliy-azliqlarnin-isleri-boyunca-aliy-komissari-k-vollebek-meclis-reisi-mustafa-cemilevnen-korusti","status":"publish","type":"post","link":"https:\/\/qtmm.org\/qt\/2012-senesi-iyul-25-kunu-kiyevde-osce-milliy-azliqlarnin-isleri-boyunca-aliy-komissari-k-vollebek-meclis-reisi-mustafa-cemilevnen-korusti\/","title":{"rendered":"2012 senesi iy\u00fcl 25 k\u00fcn\u00fc Kiyevde OSCE Milliy azl\u0131qlarn\u0131\u00f1 i\u015fleri boyunca aliy komissar\u0131 K. Vollebek Meclis reisi Mustafa Cemilevnen k\u00f6r\u00fc\u015fti"},"content":{"rendered":"\n<p>2012 senesi iy\u00fcl 25 k\u00fcn\u00fc Kiyevde Ukraina Yuqar\u0131 \u015euras\u0131n\u0131\u00f1 resmiy k\u00f6r\u00fc\u015f\u00fcvler salon\u0131nda Ukrainada 4 k\u00fcnl\u00fck ziyaretnen bulun\u011fan OSCE Milliy azl\u0131qlarn\u0131\u00f1 i\u015fleri boyunca aliy komissar\u0131 Knut Vollebek Q\u0131r\u0131mtatar halq\u0131 Meclisini\u00f1 reisi Mustafa Cemilevnen k\u00f6r\u00fc\u015fti.<\/p>\n\n\n\n<p>K\u00f6r\u00fc\u015f\u00fcvde Q\u0131r\u0131m Muhtar Ceumhuriyetinde etnik siyasiy vaziyetnen ba\u011fl\u0131 meseleler, milliy mens\u00fcpligi boyunca s\u00fcrg\u00fcn etilgen \u015fah\u0131slarn\u0131\u00f1 aqlar\u0131n\u0131 \u011fayr\u0131dan tiklevni teminlegen qanunlarn\u0131 qabul et\u00fcv keti\u015fat\u0131, Ukrainada q\u0131r\u0131mtatarlar ve diger s\u00fcrg\u00fcn etilgen halqlarn\u0131\u00f1 meselelerini muzakere etecek halqara forumn\u0131\u00f1 ke\u00e7irilmesine dair mesleler k\u00f6terildi.<\/p>\n\n\n\n<p>Meclis reisini\u00f1 memleketni\u00f1 ya\u00f1\u0131 parlamentini se\u00e7\u00fcv Ukrainan\u0131\u00f1 etnik milliy ayat\u0131na dair m\u00fcim meselelerni\u00f1 \u00e7ezimine tesir etmesi boyunca fikiri Aliy komissarn\u0131\u00f1 diqqat\u0131n\u0131 ziyade \u00e7ekti.<\/p>\n\n\n\n<p>K\u00f6r\u00fc\u015f\u00fcvde k\u00f6terilgen m\u00fcim meselelerni\u00f1 muzakeresi iy\u00fcl 26 k\u00fcn\u00fc Q\u0131r\u0131mda devam etti.<\/p>\n\n\n\n<figure class=\"wp-block-image size-full\"><img loading=\"lazy\" decoding=\"async\" width=\"650\" height=\"443\" src=\"http:\/\/qtmm.org\/wp-content\/uploads\/2022\/01\/2_64.jpeg\" alt=\"\" class=\"wp-image-32887\" srcset=\"https:\/\/qtmm.org\/wp-content\/uploads\/2022\/01\/2_64.jpeg 650w, https:\/\/qtmm.org\/wp-content\/uploads\/2022\/01\/2_64-300x204.jpeg 300w\" sizes=\"auto, (max-width: 650px) 100vw, 650px\" \/><\/figure>\n","protected":false},"excerpt":{"rendered":"<p>2012 senesi iy\u00fcl 25 k\u00fcn\u00fc Kiyevde Ukraina Yuqar\u0131 \u015euras\u0131n\u0131\u00f1 resmiy k\u00f6r\u00fc\u015f\u00fcvler salon\u0131nda Ukrainada 4 k\u00fcnl\u00fck ziyaretnen bulun\u011fan OSCE Milliy azl\u0131qlarn\u0131\u00f1 i\u015fleri boyunca aliy komissar\u0131 Knut Vollebek Q\u0131r\u0131mtatar halq\u0131 Meclisini\u00f1 reisi Mustafa Cemilevnen k\u00f6r\u00fc\u015fti. K\u00f6r\u00fc\u015f\u00fcvde Q\u0131r\u0131m Muhtar Ceumhuriyetinde etnik siyasiy vaziyetnen ba\u011fl\u0131 meseleler, milliy mens\u00fcpligi boyunca s\u00fcrg\u00fcn etilgen \u015fah\u0131slarn\u0131\u00f1 aqlar\u0131n\u0131 \u011fayr\u0131dan tiklevni teminlegen qanunlarn\u0131 qabul et\u00fcv [&hellip;]<\/p>\n","protected":false},"author":1,"featured_media":32879,"comment_status":"open","ping_status":"open","sticky":false,"template":"","format":"standard","meta":{"inline_featured_image":false,"footnotes":""},"categories":[265],"tags":[],"class_list":["post-32874","post","type-post","status-publish","format-standard","has-post-thumbnail","hentry","category-haberler"],"acf":[],"yoast_head":"<!-- This site is optimized with the Yoast SEO plugin v27.4 - https:\/\/yoast.com\/product\/yoast-seo-wordpress\/ -->\n<title>2012 senesi iy\u00fcl 25 k\u00fcn\u00fc Kiyevde OSCE Milliy azl\u0131qlarn\u0131\u00f1 i\u015fleri boyunca aliy komissar\u0131 K. Vollebek Meclis reisi Mustafa Cemilevnen k\u00f6r\u00fc\u015fti - \u041c\u0435\u0434\u0436\u043b\u0456\u0441<\/title>\n<meta name=\"robots\" content=\"index, follow, max-snippet:-1, max-image-preview:large, max-video-preview:-1\" \/>\n<link rel=\"canonical\" href=\"https:\/\/qtmm.org\/qt\/2012-senesi-iyul-25-kunu-kiyevde-osce-milliy-azliqlarnin-isleri-boyunca-aliy-komissari-k-vollebek-meclis-reisi-mustafa-cemilevnen-korusti\/\" \/>\n<meta property=\"og:locale\" content=\"en_US\" \/>\n<meta property=\"og:type\" content=\"article\" \/>\n<meta property=\"og:title\" content=\"2012 senesi iy\u00fcl 25 k\u00fcn\u00fc Kiyevde OSCE Milliy azl\u0131qlarn\u0131\u00f1 i\u015fleri boyunca aliy komissar\u0131 K. Vollebek Meclis reisi Mustafa Cemilevnen k\u00f6r\u00fc\u015fti - \u041c\u0435\u0434\u0436\u043b\u0456\u0441\" \/>\n<meta property=\"og:description\" content=\"2012 senesi iy\u00fcl 25 k\u00fcn\u00fc Kiyevde Ukraina Yuqar\u0131 \u015euras\u0131n\u0131\u00f1 resmiy k\u00f6r\u00fc\u015f\u00fcvler salon\u0131nda Ukrainada 4 k\u00fcnl\u00fck ziyaretnen bulun\u011fan OSCE Milliy azl\u0131qlarn\u0131\u00f1 i\u015fleri boyunca aliy komissar\u0131 Knut Vollebek Q\u0131r\u0131mtatar halq\u0131 Meclisini\u00f1 reisi Mustafa Cemilevnen k\u00f6r\u00fc\u015fti. K\u00f6r\u00fc\u015f\u00fcvde Q\u0131r\u0131m Muhtar Ceumhuriyetinde etnik siyasiy vaziyetnen ba\u011fl\u0131 meseleler, milliy mens\u00fcpligi boyunca s\u00fcrg\u00fcn etilgen \u015fah\u0131slarn\u0131\u00f1 aqlar\u0131n\u0131 \u011fayr\u0131dan tiklevni teminlegen qanunlarn\u0131 qabul et\u00fcv [&hellip;]\" \/>\n<meta property=\"og:url\" content=\"https:\/\/qtmm.org\/qt\/2012-senesi-iyul-25-kunu-kiyevde-osce-milliy-azliqlarnin-isleri-boyunca-aliy-komissari-k-vollebek-meclis-reisi-mustafa-cemilevnen-korusti\/\" \/>\n<meta property=\"og:site_name\" content=\"\u041c\u0435\u0434\u0436\u043b\u0456\u0441\" \/>\n<meta property=\"article:publisher\" content=\"https:\/\/www.facebook.com\/qtmm.info\/\" \/>\n<meta property=\"article:published_time\" content=\"2012-07-25T20:23:00+00:00\" \/>\n<meta property=\"article:modified_time\" content=\"2022-01-21T20:24:06+00:00\" \/>\n<meta property=\"og:image\" content=\"https:\/\/qtmm.org\/wp-content\/uploads\/2022\/01\/1_59.jpeg\" \/>\n\t<meta property=\"og:image:width\" content=\"650\" \/>\n\t<meta property=\"og:image:height\" content=\"356\" \/>\n\t<meta property=\"og:image:type\" content=\"image\/jpeg\" \/>\n<meta name=\"author\" content=\"Developer\" \/>\n<meta name=\"twitter:card\" content=\"summary_large_image\" \/>\n<meta name=\"twitter:label1\" content=\"Written by\" \/>\n\t<meta name=\"twitter:data1\" content=\"Developer\" \/>\n\t<meta name=\"twitter:label2\" content=\"Est. reading time\" \/>\n\t<meta name=\"twitter:data2\" content=\"1 minute\" \/>\n<script type=\"application\/ld+json\" class=\"yoast-schema-graph\">{\"@context\":\"https:\\\/\\\/schema.org\",\"@graph\":[{\"@type\":\"Article\",\"@id\":\"https:\\\/\\\/qtmm.org\\\/qt\\\/2012-senesi-iyul-25-kunu-kiyevde-osce-milliy-azliqlarnin-isleri-boyunca-aliy-komissari-k-vollebek-meclis-reisi-mustafa-cemilevnen-korusti\\\/#article\",\"isPartOf\":{\"@id\":\"https:\\\/\\\/qtmm.org\\\/qt\\\/2012-senesi-iyul-25-kunu-kiyevde-osce-milliy-azliqlarnin-isleri-boyunca-aliy-komissari-k-vollebek-meclis-reisi-mustafa-cemilevnen-korusti\\\/\"},\"author\":{\"name\":\"Developer\",\"@id\":\"https:\\\/\\\/qtmm.org\\\/qt\\\/#\\\/schema\\\/person\\\/de562469f971dec226ac06e60bbf74a7\"},\"headline\":\"2012 senesi iy\u00fcl 25 k\u00fcn\u00fc Kiyevde OSCE Milliy azl\u0131qlarn\u0131\u00f1 i\u015fleri boyunca aliy komissar\u0131 K. Vollebek Meclis reisi Mustafa Cemilevnen k\u00f6r\u00fc\u015fti\",\"datePublished\":\"2012-07-25T20:23:00+00:00\",\"dateModified\":\"2022-01-21T20:24:06+00:00\",\"mainEntityOfPage\":{\"@id\":\"https:\\\/\\\/qtmm.org\\\/qt\\\/2012-senesi-iyul-25-kunu-kiyevde-osce-milliy-azliqlarnin-isleri-boyunca-aliy-komissari-k-vollebek-meclis-reisi-mustafa-cemilevnen-korusti\\\/\"},\"wordCount\":172,\"commentCount\":0,\"publisher\":{\"@id\":\"https:\\\/\\\/qtmm.org\\\/qt\\\/#organization\"},\"image\":{\"@id\":\"https:\\\/\\\/qtmm.org\\\/qt\\\/2012-senesi-iyul-25-kunu-kiyevde-osce-milliy-azliqlarnin-isleri-boyunca-aliy-komissari-k-vollebek-meclis-reisi-mustafa-cemilevnen-korusti\\\/#primaryimage\"},\"thumbnailUrl\":\"https:\\\/\\\/qtmm.org\\\/wp-content\\\/uploads\\\/2022\\\/01\\\/1_59.jpeg\",\"articleSection\":[\"Haberler\"],\"inLanguage\":\"qt\",\"potentialAction\":[{\"@type\":\"CommentAction\",\"name\":\"Comment\",\"target\":[\"https:\\\/\\\/qtmm.org\\\/qt\\\/2012-senesi-iyul-25-kunu-kiyevde-osce-milliy-azliqlarnin-isleri-boyunca-aliy-komissari-k-vollebek-meclis-reisi-mustafa-cemilevnen-korusti\\\/#respond\"]}]},{\"@type\":\"WebPage\",\"@id\":\"https:\\\/\\\/qtmm.org\\\/qt\\\/2012-senesi-iyul-25-kunu-kiyevde-osce-milliy-azliqlarnin-isleri-boyunca-aliy-komissari-k-vollebek-meclis-reisi-mustafa-cemilevnen-korusti\\\/\",\"url\":\"https:\\\/\\\/qtmm.org\\\/qt\\\/2012-senesi-iyul-25-kunu-kiyevde-osce-milliy-azliqlarnin-isleri-boyunca-aliy-komissari-k-vollebek-meclis-reisi-mustafa-cemilevnen-korusti\\\/\",\"name\":\"2012 senesi iy\u00fcl 25 k\u00fcn\u00fc Kiyevde OSCE Milliy azl\u0131qlarn\u0131\u00f1 i\u015fleri boyunca aliy komissar\u0131 K. Vollebek Meclis reisi Mustafa Cemilevnen k\u00f6r\u00fc\u015fti - \u041c\u0435\u0434\u0436\u043b\u0456\u0441\",\"isPartOf\":{\"@id\":\"https:\\\/\\\/qtmm.org\\\/qt\\\/#website\"},\"primaryImageOfPage\":{\"@id\":\"https:\\\/\\\/qtmm.org\\\/qt\\\/2012-senesi-iyul-25-kunu-kiyevde-osce-milliy-azliqlarnin-isleri-boyunca-aliy-komissari-k-vollebek-meclis-reisi-mustafa-cemilevnen-korusti\\\/#primaryimage\"},\"image\":{\"@id\":\"https:\\\/\\\/qtmm.org\\\/qt\\\/2012-senesi-iyul-25-kunu-kiyevde-osce-milliy-azliqlarnin-isleri-boyunca-aliy-komissari-k-vollebek-meclis-reisi-mustafa-cemilevnen-korusti\\\/#primaryimage\"},\"thumbnailUrl\":\"https:\\\/\\\/qtmm.org\\\/wp-content\\\/uploads\\\/2022\\\/01\\\/1_59.jpeg\",\"datePublished\":\"2012-07-25T20:23:00+00:00\",\"dateModified\":\"2022-01-21T20:24:06+00:00\",\"breadcrumb\":{\"@id\":\"https:\\\/\\\/qtmm.org\\\/qt\\\/2012-senesi-iyul-25-kunu-kiyevde-osce-milliy-azliqlarnin-isleri-boyunca-aliy-komissari-k-vollebek-meclis-reisi-mustafa-cemilevnen-korusti\\\/#breadcrumb\"},\"inLanguage\":\"qt\",\"potentialAction\":[{\"@type\":\"ReadAction\",\"target\":[\"https:\\\/\\\/qtmm.org\\\/qt\\\/2012-senesi-iyul-25-kunu-kiyevde-osce-milliy-azliqlarnin-isleri-boyunca-aliy-komissari-k-vollebek-meclis-reisi-mustafa-cemilevnen-korusti\\\/\"]}]},{\"@type\":\"ImageObject\",\"inLanguage\":\"qt\",\"@id\":\"https:\\\/\\\/qtmm.org\\\/qt\\\/2012-senesi-iyul-25-kunu-kiyevde-osce-milliy-azliqlarnin-isleri-boyunca-aliy-komissari-k-vollebek-meclis-reisi-mustafa-cemilevnen-korusti\\\/#primaryimage\",\"url\":\"https:\\\/\\\/qtmm.org\\\/wp-content\\\/uploads\\\/2022\\\/01\\\/1_59.jpeg\",\"contentUrl\":\"https:\\\/\\\/qtmm.org\\\/wp-content\\\/uploads\\\/2022\\\/01\\\/1_59.jpeg\",\"width\":650,\"height\":356},{\"@type\":\"BreadcrumbList\",\"@id\":\"https:\\\/\\\/qtmm.org\\\/qt\\\/2012-senesi-iyul-25-kunu-kiyevde-osce-milliy-azliqlarnin-isleri-boyunca-aliy-komissari-k-vollebek-meclis-reisi-mustafa-cemilevnen-korusti\\\/#breadcrumb\",\"itemListElement\":[{\"@type\":\"ListItem\",\"position\":1,\"name\":\"\u0413\u043e\u043b\u043e\u0432\u043d\u0430\",\"item\":\"https:\\\/\\\/qtmm.org\\\/qt\\\/\"},{\"@type\":\"ListItem\",\"position\":2,\"name\":\"2012 senesi iy\u00fcl 25 k\u00fcn\u00fc Kiyevde OSCE Milliy azl\u0131qlarn\u0131\u00f1 i\u015fleri boyunca aliy komissar\u0131 K. Vollebek Meclis reisi Mustafa Cemilevnen k\u00f6r\u00fc\u015fti\"}]},{\"@type\":\"WebSite\",\"@id\":\"https:\\\/\\\/qtmm.org\\\/qt\\\/#website\",\"url\":\"https:\\\/\\\/qtmm.org\\\/qt\\\/\",\"name\":\"\u041c\u0435\u0434\u0436\u043b\u0456\u0441\",\"description\":\"\",\"publisher\":{\"@id\":\"https:\\\/\\\/qtmm.org\\\/qt\\\/#organization\"},\"potentialAction\":[{\"@type\":\"SearchAction\",\"target\":{\"@type\":\"EntryPoint\",\"urlTemplate\":\"https:\\\/\\\/qtmm.org\\\/qt\\\/?s={search_term_string}\"},\"query-input\":{\"@type\":\"PropertyValueSpecification\",\"valueRequired\":true,\"valueName\":\"search_term_string\"}}],\"inLanguage\":\"qt\"},{\"@type\":\"Organization\",\"@id\":\"https:\\\/\\\/qtmm.org\\\/qt\\\/#organization\",\"name\":\"\u041c\u0435\u0434\u0436\u043b\u0456\u0441\",\"url\":\"https:\\\/\\\/qtmm.org\\\/qt\\\/\",\"logo\":{\"@type\":\"ImageObject\",\"inLanguage\":\"qt\",\"@id\":\"https:\\\/\\\/qtmm.org\\\/qt\\\/#\\\/schema\\\/logo\\\/image\\\/\",\"url\":\"https:\\\/\\\/qtmm.org\\\/wp-content\\\/uploads\\\/2024\\\/12\\\/ua-mejlis-logo-rgb.svg\",\"contentUrl\":\"https:\\\/\\\/qtmm.org\\\/wp-content\\\/uploads\\\/2024\\\/12\\\/ua-mejlis-logo-rgb.svg\",\"caption\":\"\u041c\u0435\u0434\u0436\u043b\u0456\u0441\"},\"image\":{\"@id\":\"https:\\\/\\\/qtmm.org\\\/qt\\\/#\\\/schema\\\/logo\\\/image\\\/\"},\"sameAs\":[\"https:\\\/\\\/www.facebook.com\\\/qtmm.info\\\/\"]},{\"@type\":\"Person\",\"@id\":\"https:\\\/\\\/qtmm.org\\\/qt\\\/#\\\/schema\\\/person\\\/de562469f971dec226ac06e60bbf74a7\",\"name\":\"Developer\",\"image\":{\"@type\":\"ImageObject\",\"inLanguage\":\"qt\",\"@id\":\"https:\\\/\\\/secure.gravatar.com\\\/avatar\\\/392b4cc8fbfeb00b39dfeeab4ee6edded39ffd48e25858637e4765810300227e?s=96&d=mm&r=g\",\"url\":\"https:\\\/\\\/secure.gravatar.com\\\/avatar\\\/392b4cc8fbfeb00b39dfeeab4ee6edded39ffd48e25858637e4765810300227e?s=96&d=mm&r=g\",\"contentUrl\":\"https:\\\/\\\/secure.gravatar.com\\\/avatar\\\/392b4cc8fbfeb00b39dfeeab4ee6edded39ffd48e25858637e4765810300227e?s=96&d=mm&r=g\",\"caption\":\"Developer\"},\"url\":\"https:\\\/\\\/qtmm.org\\\/qt\\\/author\\\/Developer\\\/\"}]}<\/script>\n<!-- \/ Yoast SEO plugin. -->","yoast_head_json":{"title":"2012 senesi iy\u00fcl 25 k\u00fcn\u00fc Kiyevde OSCE Milliy azl\u0131qlarn\u0131\u00f1 i\u015fleri boyunca aliy komissar\u0131 K. Vollebek Meclis reisi Mustafa Cemilevnen k\u00f6r\u00fc\u015fti - \u041c\u0435\u0434\u0436\u043b\u0456\u0441","robots":{"index":"index","follow":"follow","max-snippet":"max-snippet:-1","max-image-preview":"max-image-preview:large","max-video-preview":"max-video-preview:-1"},"canonical":"https:\/\/qtmm.org\/qt\/2012-senesi-iyul-25-kunu-kiyevde-osce-milliy-azliqlarnin-isleri-boyunca-aliy-komissari-k-vollebek-meclis-reisi-mustafa-cemilevnen-korusti\/","og_locale":"en_US","og_type":"article","og_title":"2012 senesi iy\u00fcl 25 k\u00fcn\u00fc Kiyevde OSCE Milliy azl\u0131qlarn\u0131\u00f1 i\u015fleri boyunca aliy komissar\u0131 K. Vollebek Meclis reisi Mustafa Cemilevnen k\u00f6r\u00fc\u015fti - \u041c\u0435\u0434\u0436\u043b\u0456\u0441","og_description":"2012 senesi iy\u00fcl 25 k\u00fcn\u00fc Kiyevde Ukraina Yuqar\u0131 \u015euras\u0131n\u0131\u00f1 resmiy k\u00f6r\u00fc\u015f\u00fcvler salon\u0131nda Ukrainada 4 k\u00fcnl\u00fck ziyaretnen bulun\u011fan OSCE Milliy azl\u0131qlarn\u0131\u00f1 i\u015fleri boyunca aliy komissar\u0131 Knut Vollebek Q\u0131r\u0131mtatar halq\u0131 Meclisini\u00f1 reisi Mustafa Cemilevnen k\u00f6r\u00fc\u015fti. K\u00f6r\u00fc\u015f\u00fcvde Q\u0131r\u0131m Muhtar Ceumhuriyetinde etnik siyasiy vaziyetnen ba\u011fl\u0131 meseleler, milliy mens\u00fcpligi boyunca s\u00fcrg\u00fcn etilgen \u015fah\u0131slarn\u0131\u00f1 aqlar\u0131n\u0131 \u011fayr\u0131dan tiklevni teminlegen qanunlarn\u0131 qabul et\u00fcv [&hellip;]","og_url":"https:\/\/qtmm.org\/qt\/2012-senesi-iyul-25-kunu-kiyevde-osce-milliy-azliqlarnin-isleri-boyunca-aliy-komissari-k-vollebek-meclis-reisi-mustafa-cemilevnen-korusti\/","og_site_name":"\u041c\u0435\u0434\u0436\u043b\u0456\u0441","article_publisher":"https:\/\/www.facebook.com\/qtmm.info\/","article_published_time":"2012-07-25T20:23:00+00:00","article_modified_time":"2022-01-21T20:24:06+00:00","og_image":[{"width":650,"height":356,"url":"https:\/\/qtmm.org\/wp-content\/uploads\/2022\/01\/1_59.jpeg","type":"image\/jpeg"}],"author":"Developer","twitter_card":"summary_large_image","twitter_misc":{"Written by":"Developer","Est. reading time":"1 minute"},"schema":{"@context":"https:\/\/schema.org","@graph":[{"@type":"Article","@id":"https:\/\/qtmm.org\/qt\/2012-senesi-iyul-25-kunu-kiyevde-osce-milliy-azliqlarnin-isleri-boyunca-aliy-komissari-k-vollebek-meclis-reisi-mustafa-cemilevnen-korusti\/#article","isPartOf":{"@id":"https:\/\/qtmm.org\/qt\/2012-senesi-iyul-25-kunu-kiyevde-osce-milliy-azliqlarnin-isleri-boyunca-aliy-komissari-k-vollebek-meclis-reisi-mustafa-cemilevnen-korusti\/"},"author":{"name":"Developer","@id":"https:\/\/qtmm.org\/qt\/#\/schema\/person\/de562469f971dec226ac06e60bbf74a7"},"headline":"2012 senesi iy\u00fcl 25 k\u00fcn\u00fc Kiyevde OSCE Milliy azl\u0131qlarn\u0131\u00f1 i\u015fleri boyunca aliy komissar\u0131 K. Vollebek Meclis reisi Mustafa Cemilevnen k\u00f6r\u00fc\u015fti","datePublished":"2012-07-25T20:23:00+00:00","dateModified":"2022-01-21T20:24:06+00:00","mainEntityOfPage":{"@id":"https:\/\/qtmm.org\/qt\/2012-senesi-iyul-25-kunu-kiyevde-osce-milliy-azliqlarnin-isleri-boyunca-aliy-komissari-k-vollebek-meclis-reisi-mustafa-cemilevnen-korusti\/"},"wordCount":172,"commentCount":0,"publisher":{"@id":"https:\/\/qtmm.org\/qt\/#organization"},"image":{"@id":"https:\/\/qtmm.org\/qt\/2012-senesi-iyul-25-kunu-kiyevde-osce-milliy-azliqlarnin-isleri-boyunca-aliy-komissari-k-vollebek-meclis-reisi-mustafa-cemilevnen-korusti\/#primaryimage"},"thumbnailUrl":"https:\/\/qtmm.org\/wp-content\/uploads\/2022\/01\/1_59.jpeg","articleSection":["Haberler"],"inLanguage":"qt","potentialAction":[{"@type":"CommentAction","name":"Comment","target":["https:\/\/qtmm.org\/qt\/2012-senesi-iyul-25-kunu-kiyevde-osce-milliy-azliqlarnin-isleri-boyunca-aliy-komissari-k-vollebek-meclis-reisi-mustafa-cemilevnen-korusti\/#respond"]}]},{"@type":"WebPage","@id":"https:\/\/qtmm.org\/qt\/2012-senesi-iyul-25-kunu-kiyevde-osce-milliy-azliqlarnin-isleri-boyunca-aliy-komissari-k-vollebek-meclis-reisi-mustafa-cemilevnen-korusti\/","url":"https:\/\/qtmm.org\/qt\/2012-senesi-iyul-25-kunu-kiyevde-osce-milliy-azliqlarnin-isleri-boyunca-aliy-komissari-k-vollebek-meclis-reisi-mustafa-cemilevnen-korusti\/","name":"2012 senesi iy\u00fcl 25 k\u00fcn\u00fc Kiyevde OSCE Milliy azl\u0131qlarn\u0131\u00f1 i\u015fleri boyunca aliy komissar\u0131 K. Vollebek Meclis reisi Mustafa Cemilevnen k\u00f6r\u00fc\u015fti - \u041c\u0435\u0434\u0436\u043b\u0456\u0441","isPartOf":{"@id":"https:\/\/qtmm.org\/qt\/#website"},"primaryImageOfPage":{"@id":"https:\/\/qtmm.org\/qt\/2012-senesi-iyul-25-kunu-kiyevde-osce-milliy-azliqlarnin-isleri-boyunca-aliy-komissari-k-vollebek-meclis-reisi-mustafa-cemilevnen-korusti\/#primaryimage"},"image":{"@id":"https:\/\/qtmm.org\/qt\/2012-senesi-iyul-25-kunu-kiyevde-osce-milliy-azliqlarnin-isleri-boyunca-aliy-komissari-k-vollebek-meclis-reisi-mustafa-cemilevnen-korusti\/#primaryimage"},"thumbnailUrl":"https:\/\/qtmm.org\/wp-content\/uploads\/2022\/01\/1_59.jpeg","datePublished":"2012-07-25T20:23:00+00:00","dateModified":"2022-01-21T20:24:06+00:00","breadcrumb":{"@id":"https:\/\/qtmm.org\/qt\/2012-senesi-iyul-25-kunu-kiyevde-osce-milliy-azliqlarnin-isleri-boyunca-aliy-komissari-k-vollebek-meclis-reisi-mustafa-cemilevnen-korusti\/#breadcrumb"},"inLanguage":"qt","potentialAction":[{"@type":"ReadAction","target":["https:\/\/qtmm.org\/qt\/2012-senesi-iyul-25-kunu-kiyevde-osce-milliy-azliqlarnin-isleri-boyunca-aliy-komissari-k-vollebek-meclis-reisi-mustafa-cemilevnen-korusti\/"]}]},{"@type":"ImageObject","inLanguage":"qt","@id":"https:\/\/qtmm.org\/qt\/2012-senesi-iyul-25-kunu-kiyevde-osce-milliy-azliqlarnin-isleri-boyunca-aliy-komissari-k-vollebek-meclis-reisi-mustafa-cemilevnen-korusti\/#primaryimage","url":"https:\/\/qtmm.org\/wp-content\/uploads\/2022\/01\/1_59.jpeg","contentUrl":"https:\/\/qtmm.org\/wp-content\/uploads\/2022\/01\/1_59.jpeg","width":650,"height":356},{"@type":"BreadcrumbList","@id":"https:\/\/qtmm.org\/qt\/2012-senesi-iyul-25-kunu-kiyevde-osce-milliy-azliqlarnin-isleri-boyunca-aliy-komissari-k-vollebek-meclis-reisi-mustafa-cemilevnen-korusti\/#breadcrumb","itemListElement":[{"@type":"ListItem","position":1,"name":"\u0413\u043e\u043b\u043e\u0432\u043d\u0430","item":"https:\/\/qtmm.org\/qt\/"},{"@type":"ListItem","position":2,"name":"2012 senesi iy\u00fcl 25 k\u00fcn\u00fc Kiyevde OSCE Milliy azl\u0131qlarn\u0131\u00f1 i\u015fleri boyunca aliy komissar\u0131 K. Vollebek Meclis reisi Mustafa Cemilevnen k\u00f6r\u00fc\u015fti"}]},{"@type":"WebSite","@id":"https:\/\/qtmm.org\/qt\/#website","url":"https:\/\/qtmm.org\/qt\/","name":"\u041c\u0435\u0434\u0436\u043b\u0456\u0441","description":"","publisher":{"@id":"https:\/\/qtmm.org\/qt\/#organization"},"potentialAction":[{"@type":"SearchAction","target":{"@type":"EntryPoint","urlTemplate":"https:\/\/qtmm.org\/qt\/?s={search_term_string}"},"query-input":{"@type":"PropertyValueSpecification","valueRequired":true,"valueName":"search_term_string"}}],"inLanguage":"qt"},{"@type":"Organization","@id":"https:\/\/qtmm.org\/qt\/#organization","name":"\u041c\u0435\u0434\u0436\u043b\u0456\u0441","url":"https:\/\/qtmm.org\/qt\/","logo":{"@type":"ImageObject","inLanguage":"qt","@id":"https:\/\/qtmm.org\/qt\/#\/schema\/logo\/image\/","url":"https:\/\/qtmm.org\/wp-content\/uploads\/2024\/12\/ua-mejlis-logo-rgb.svg","contentUrl":"https:\/\/qtmm.org\/wp-content\/uploads\/2024\/12\/ua-mejlis-logo-rgb.svg","caption":"\u041c\u0435\u0434\u0436\u043b\u0456\u0441"},"image":{"@id":"https:\/\/qtmm.org\/qt\/#\/schema\/logo\/image\/"},"sameAs":["https:\/\/www.facebook.com\/qtmm.info\/"]},{"@type":"Person","@id":"https:\/\/qtmm.org\/qt\/#\/schema\/person\/de562469f971dec226ac06e60bbf74a7","name":"Developer","image":{"@type":"ImageObject","inLanguage":"qt","@id":"https:\/\/secure.gravatar.com\/avatar\/392b4cc8fbfeb00b39dfeeab4ee6edded39ffd48e25858637e4765810300227e?s=96&d=mm&r=g","url":"https:\/\/secure.gravatar.com\/avatar\/392b4cc8fbfeb00b39dfeeab4ee6edded39ffd48e25858637e4765810300227e?s=96&d=mm&r=g","contentUrl":"https:\/\/secure.gravatar.com\/avatar\/392b4cc8fbfeb00b39dfeeab4ee6edded39ffd48e25858637e4765810300227e?s=96&d=mm&r=g","caption":"Developer"},"url":"https:\/\/qtmm.org\/qt\/author\/Developer\/"}]}},"_links":{"self":[{"href":"https:\/\/qtmm.org\/qt\/wp-json\/wp\/v2\/posts\/32874","targetHints":{"allow":["GET"]}}],"collection":[{"href":"https:\/\/qtmm.org\/qt\/wp-json\/wp\/v2\/posts"}],"about":[{"href":"https:\/\/qtmm.org\/qt\/wp-json\/wp\/v2\/types\/post"}],"author":[{"embeddable":true,"href":"https:\/\/qtmm.org\/qt\/wp-json\/wp\/v2\/users\/1"}],"replies":[{"embeddable":true,"href":"https:\/\/qtmm.org\/qt\/wp-json\/wp\/v2\/comments?post=32874"}],"version-history":[{"count":1,"href":"https:\/\/qtmm.org\/qt\/wp-json\/wp\/v2\/posts\/32874\/revisions"}],"predecessor-version":[{"id":32895,"href":"https:\/\/qtmm.org\/qt\/wp-json\/wp\/v2\/posts\/32874\/revisions\/32895"}],"wp:featuredmedia":[{"embeddable":true,"href":"https:\/\/qtmm.org\/qt\/wp-json\/wp\/v2\/media\/32879"}],"wp:attachment":[{"href":"https:\/\/qtmm.org\/qt\/wp-json\/wp\/v2\/media?parent=32874"}],"wp:term":[{"taxonomy":"category","embeddable":true,"href":"https:\/\/qtmm.org\/qt\/wp-json\/wp\/v2\/categories?post=32874"},{"taxonomy":"post_tag","embeddable":true,"href":"https:\/\/qtmm.org\/qt\/wp-json\/wp\/v2\/tags?post=32874"}],"curies":[{"name":"wp","href":"https:\/\/api.w.org\/{rel}","templated":true}]}}