




{"id":32868,"date":"2012-07-25T23:22:00","date_gmt":"2012-07-25T20:22:00","guid":{"rendered":"http:\/\/qtmm.org\/?p=32868"},"modified":"2022-01-21T23:23:07","modified_gmt":"2022-01-21T20:23:07","slug":"aqmescitte-cuma-cami-qurulacaq-yerde-moskva-vaqialarinin-25-yilligi-qayd-etildi","status":"publish","type":"post","link":"https:\/\/qtmm.org\/qt\/aqmescitte-cuma-cami-qurulacaq-yerde-moskva-vaqialarinin-25-yilligi-qayd-etildi\/","title":{"rendered":"Aqmescitte Cuma cami qurulacaq yerde Moskva vaqialar\u0131n\u0131\u00f1 25 y\u0131ll\u0131\u011f\u0131 qayd etildi"},"content":{"rendered":"\n<p>1987 senesi yazda Moskvada q\u0131r\u0131mtatarlarn\u0131\u00f1 naraz\u0131l\u0131q aktsiyalar\u0131n\u0131\u00f1 25 y\u0131ll\u0131\u011f\u0131na ba\u011f\u0131\u015flan\u0131p, Q\u0131r\u0131mtatar halq\u0131 Meclisi taraf\u0131ndan ke\u00e7irilgen yubiley tedbirler \u00e7er\u00e7ivesinde 2012 senesi iy\u00fcl 25 k\u00fcn\u00fc Aqmescitte Cuma cami qurulacaq tarlada \u015fu aktsiya i\u015ftirak\u00e7ilerini\u00f1 k\u00f6r\u00fc\u015f\u00fcvi \u00f6tkerildi.<\/p>\n\n\n\n<p>K\u00f6r\u00fc\u015f\u00fcvden so\u00f1 tedbir muqaddes Ramazan ay\u0131na do\u011fru kelgeni munasebetinen Meclis ve Q\u0131r\u0131m musulmanlar\u0131n\u0131\u00f1 m\u00fcftiligi ad\u0131ndan iftar berildi.<\/p>\n\n\n\n<p>K\u00f6r\u00fc\u015f\u00fcvde 500-den ziyade insan bulun\u0131p, olarn\u0131\u00f1 aras\u0131nda Moskvada Q\u0131z\u0131l meydandaki vaqialarn\u0131\u00f1 bivasta i\u015ftirak\u00e7ileri ve \u00d6zbekistan, Krasnodar \u00fclkesi, Herson, Zaporojye ve Q\u0131r\u0131m vil\u00e2yetlerinde q\u0131r\u0131mtatar halq\u0131 vekillerini\u00f1 Moskva\u011fa yollan\u0131lmas\u0131n\u0131 teminlegen insanlar balalar\u0131 ve torunlar\u0131nen keldiler.<\/p>\n\n\n\n<p>Tedbirni kiri\u015f s\u00f6z\u00fc ve dua ile a\u00e7qan Q\u0131r\u0131m m\u00fcftisi Emirali Ablayev Q\u0131r\u0131m\u011fa qaytuv o\u011frunda ces\u00fcrlik k\u00f6stergen insanlarn\u0131\u00f1 halq \u00f6g\u00fcndeki h\u0131zmetini ayr\u0131ca qayd etti. Tedbirni y\u0131rc\u0131, Q\u0131r\u0131mda h\u0131zmet k\u00f6stergen artist Rustem Memetov al\u0131p bard\u0131.<\/p>\n\n\n\n<p>Meclis reisini\u00f1 birinci muavini, B\u00fct\u00fcnd\u00fcnya q\u0131r\u0131mtatarlar kongressini\u00f1 prezidenti Refat \u00c7ubarov 1987 senesi vaqialar\u0131n\u0131\u00f1 b\u00fcy\u00fck emiyetini qayd eterek, k\u00fctleviyligi ve m\u00fcddeti ceetinden q\u0131r\u0131mtatarlarn\u0131\u00f1 aktsiyas\u0131 kibi aktsiya evel i\u00e7 olma\u011fan\u0131n\u0131 aytt\u0131. Aktsiya i\u015ftirak\u00e7ileri sovet akimiyetine birden bir talap \u2013 Vatan\u011fa qaytarmaq ve aqlar\u0131n\u0131 tiklemek talab\u0131nen muracaat ettiler.<\/p>\n\n\n\n<p>&#8220;1987 senesi Q\u0131r\u0131mtatarlar milliy areketi te\u015febb\u00fcs\u00e7i gruppalar\u0131n\u0131\u00f1 b\u00fct\u00fcnittifaq k\u00f6r\u00fc\u015f\u00fcvini\u00f1 SSSRde q\u0131r\u0131mtatar halq\u0131n\u0131\u00f1 aqs\u0131z vaziyeti aqq\u0131nda keni\u015f sovet ve halqara cemaat\u00e7\u0131l\u0131\u011f\u0131n\u0131 haberdar etmek boyunca qarar\u0131 y\u00fcksek seviyede ve netice elde etkeni alda eda etildi.<\/p>\n\n\n\n<p>Bun\u0131\u00f1 sayesinde q\u0131r\u0131mtatar halq\u0131n\u0131\u00f1 milliy meselesi d\u00fcnya k\u00fctleviy informatsion vastalar\u0131nda e\u00f1 \u00e7oq muzakere etilgen ve oqul\u011fan mevzu old\u0131. Bu ise, Sovetler imperiyas\u0131 da\u011f\u0131lmas\u0131na qadar q\u0131r\u0131mtatarlarn\u0131\u00f1 milliy meselesi yetek\u00e7i siyaset\u00e7iler taraf\u0131ndan teren ve tafsil\u00e2tl\u0131 talil ve tedqiq etilgeninden del\u00e2let bere. So\u00f1ra 1991 senesinden itibaren bu, halqn\u0131\u00f1 qans\u0131z-davas\u0131z Q\u0131r\u0131m\u011fa toplu s\u00fcrette qaytmas\u0131na imk\u00e2nlar a\u00e7t\u0131&#8221;, &#8211; dedi Refat \u00c7ubarov.<\/p>\n\n\n\n<p>Bundan so\u00f1 Q\u0131z\u0131l meydandaki aktsiyalarn\u0131\u00f1 i\u015ftirak\u00e7ileri \u00e7\u0131q\u0131\u015fta bulund\u0131lar. Q\u0131r\u0131mtatar halq\u0131n\u0131\u00f1 aqs\u0131z vaziyetinen naraz\u0131l\u0131q bildirerek ve KPSS Merkeziy komitetine q\u0131r\u0131mtatar halq\u0131 vekillerini\u00f1 talaplar\u0131n\u0131 qabul etmek ve \u00e7ezmek talab\u0131nen 1987 senesi may\u0131s 16-dan ta iy\u00fcn 18-ge qadar a\u00e7l\u0131q tutqan Bekir \u00dcmerov, Moskva vaqialar\u0131 i\u015ftirak\u00e7ilerini\u00f1 cedvelini al\u0131p bar\u011fan &#8220;pasportistka&#8221; Zore Ametova o k\u00fcnlerdeki birlik-beraberlikni hat\u0131rlarken, bug\u00fcn de b\u00f6yle birlik olma\u011fa \u00e7a\u011f\u0131rd\u0131lar. Bun\u0131\u00f1 kibi de \u00e7\u0131q\u0131\u015fta bulun\u011fan \u0130lver Ametov, Qurtseit Abdullayev, Ali Hamzin, Ferit Ziyadinov meselemizni\u00f1 \u00e7ezimi o\u011frunda areketni devam ettirmek kerekligini s\u00f6ylediler.<\/p>\n\n\n\n<p>S\u00f6zge \u00e7\u0131qqan Moskva vaqialar\u0131n\u0131\u00f1 daa bir i\u015ftirak\u00e7isi Enver Ametov 1987 senesi ke\u00e7irilgen aktsiya\u011fa y\u00fcksek q\u0131ymet kesip, bu aktsiya milliy areketni\u00f1 \u00e7oqy\u0131ll\u0131q faaliyetini\u00f1 neticesi ol\u011fan\u0131n\u0131 aytt\u0131. Bun\u0131\u00f1nen birge Enver Ametov tedbir te\u015fkil\u00e2t\u00e7\u0131lar\u0131 yubiley tedbirni Cuma cami qurulacaq yerde berilgen iftarnen bir yapqanlar\u0131nen raz\u0131 olma\u011fan\u0131n\u0131 bildirdi. Ametovn\u0131\u00f1 bu fikirini tedbir i\u015ftirak\u00e7ileri begenmediler. .<\/p>\n\n\n\n<p>Meclis reisini\u00f1 birinci muavini, B\u00fct\u00fcnd\u00fcnya q\u0131r\u0131mtatarlar kongressini\u00f1 prezidenti Refat \u00c7ubarov toplan\u011fanlar\u011fa Moskvada 1987 senesi numay\u0131\u015f etken ces\u00fcrlikleri ve bug\u00fcnki tedbirge kelgenleri i\u00e7\u00fcn Meclis ve K\u0131r\u0131m musulmanlar\u0131n\u0131\u00f1 m\u00fcftiligi ad\u0131ndan te\u015fekk\u00fcr bildirip, olarn\u0131\u00f1 areketleri gen\u00e7 nesilge \u00f6z halq\u0131 i\u00e7\u00fcn k\u00fcre\u015fni\u00f1 \u00f6rnegi olaca\u011f\u0131n\u0131 aytt\u0131.<\/p>\n\n\n\n<p>&#8220;Moskva vaqialar\u0131n\u0131\u00f1 25 y\u0131ll\u0131\u011f\u0131na ba\u011f\u0131\u015flan\u011fan so\u00f1ki tedbirni\u00f1 ayn\u0131 m\u0131nda Cuma cami qurulacaq yerde ke\u00e7irilmesi teren manan\u0131 ta\u015f\u0131y. Q\u0131r\u0131mtatar halq\u0131 Meclisini\u00f1 \u015fu yer i\u00e7\u00fcn yedi y\u0131l devam\u0131nda \u015fovinistik akimiyet vekillerine qar\u015f\u0131 k\u00fcre\u015fi \u2013 bu milliy areketimiz ba\u015fla\u011fan, \u015fu c\u00fcmleden 1987 senesini\u00f1 vaqias\u0131 da, k\u00fcre\u015f ananelerini\u00f1 devam\u0131d\u0131r&#8221;, &#8211; dedi Refat \u00c7ubarov.<\/p>\n\n\n\n<p>&#8220;Moskva vaqialar\u0131n\u0131\u00f1 i\u015ftirak\u00e7ilerine berdigimiz: &#8220;1987 senesi beslegen \u00fcm\u00fctleri\u00f1iz ker\u00e7ekle\u015ftimi?&#8221; sualge olar b\u00f6yle cevap qaytard\u0131lar:<br>Milliy areketni\u00f1 qurumlar\u0131 ol\u011fan Qurultay ve Meclisni kim ve nas\u0131l tenqid etmesin, 1987 senesi \u00fcm\u00fctlerimiz \u00f6m\u00fcrge ke\u00e7ti.<\/p>\n\n\n\n<p>Faqat anda ces\u00fcrlik k\u00f6stergen i\u015ftirak\u00e7ilerni degil de, bu aktsiyalarn\u0131 az\u0131rla\u011fan insanlarn\u0131 da unutmamaq kerek. Az\u0131rl\u0131q \u00d6zbekistanda birinci, ekinci k\u00f6r\u00fc\u015f\u00fcvlerni ke\u00e7ir\u00fcvden ba\u015flan\u0131p, \u00fc\u00e7\u00fcnci k\u00f6r\u00fc\u015f\u00fcvni biz endi Moskvada \u0130zmaylov ba\u011f\u00e7as\u0131nda yapt\u0131q.<\/p>\n\n\n\n<p>Bunda Moskvada bulunma\u011fan Mustafa Cemilev, \u015eevket Qaybullayev ve daa \u00e7oqlar\u0131n\u0131\u00f1 i\u015ftiraki b\u00fcy\u00fck. Bizim e\u00f1 b\u00fcy\u00fck vazifemiz Vatan\u011fa qaytmaq, milliy meselemiz aqq\u0131nda b\u00fct\u00fcn d\u00fcnya\u011fa bildirmek edi. Zan\u0131mca, 1987 senesini\u00f1 \u00fcm\u00fctleri amelge ke\u00e7ti, -dedi Ali Hamzin.<\/p>\n\n\n\n<p>Moskva vaqialar\u0131n\u0131\u00f1 i\u015ftirak\u00e7isi \u0130zet \u0130zedinov \u00f6z fikirini b\u00f6yle ifade etti:.<\/p>\n\n\n\n<p>-\u015e\u00fcbesiz, halq ol\u011fan meseleni\u00f1 \u00e7ezimini bekledi. Bizim \u00fcyken nesilimiz \u2013 Cebbar Akimov, Mustafa Selimov ve digerleri bu fursatn\u0131 ep yaq\u0131nla\u015ft\u0131rd\u0131lar. Bu Moskva\u011fa birinci bar\u0131\u015f\u0131m\u0131z degil, ondan evel de pek \u00e7oq kereler bar\u0131ld\u0131. Amma ayn\u0131 1987 senesi aktsiyas\u0131 areketimizde burul\u0131\u015f yapt\u0131 \u2013 halq k\u00fctleviy \u015fekilde Q\u0131r\u0131m\u011fa qayt\u0131p ba\u015flad\u0131.<\/p>\n","protected":false},"excerpt":{"rendered":"<p>1987 senesi yazda Moskvada q\u0131r\u0131mtatarlarn\u0131\u00f1 naraz\u0131l\u0131q aktsiyalar\u0131n\u0131\u00f1 25 y\u0131ll\u0131\u011f\u0131na ba\u011f\u0131\u015flan\u0131p, Q\u0131r\u0131mtatar halq\u0131 Meclisi taraf\u0131ndan ke\u00e7irilgen yubiley tedbirler \u00e7er\u00e7ivesinde 2012 senesi iy\u00fcl 25 k\u00fcn\u00fc Aqmescitte Cuma cami qurulacaq tarlada \u015fu aktsiya i\u015ftirak\u00e7ilerini\u00f1 k\u00f6r\u00fc\u015f\u00fcvi \u00f6tkerildi. K\u00f6r\u00fc\u015f\u00fcvden so\u00f1 tedbir muqaddes Ramazan ay\u0131na do\u011fru kelgeni munasebetinen Meclis ve Q\u0131r\u0131m musulmanlar\u0131n\u0131\u00f1 m\u00fcftiligi ad\u0131ndan iftar berildi. K\u00f6r\u00fc\u015f\u00fcvde 500-den ziyade insan bulun\u0131p, [&hellip;]<\/p>\n","protected":false},"author":1,"featured_media":0,"comment_status":"open","ping_status":"open","sticky":false,"template":"","format":"standard","meta":{"inline_featured_image":false,"footnotes":""},"categories":[265],"tags":[],"class_list":["post-32868","post","type-post","status-publish","format-standard","hentry","category-haberler"],"acf":[],"yoast_head":"<!-- This site is optimized with the Yoast SEO plugin v27.4 - https:\/\/yoast.com\/product\/yoast-seo-wordpress\/ -->\n<title>Aqmescitte Cuma cami qurulacaq yerde Moskva vaqialar\u0131n\u0131\u00f1 25 y\u0131ll\u0131\u011f\u0131 qayd etildi - \u041c\u0435\u0434\u0436\u043b\u0456\u0441<\/title>\n<meta name=\"robots\" content=\"index, follow, max-snippet:-1, max-image-preview:large, max-video-preview:-1\" \/>\n<link rel=\"canonical\" href=\"https:\/\/qtmm.org\/qt\/aqmescitte-cuma-cami-qurulacaq-yerde-moskva-vaqialarinin-25-yilligi-qayd-etildi\/\" \/>\n<meta property=\"og:locale\" content=\"en_US\" \/>\n<meta property=\"og:type\" content=\"article\" \/>\n<meta property=\"og:title\" content=\"Aqmescitte Cuma cami qurulacaq yerde Moskva vaqialar\u0131n\u0131\u00f1 25 y\u0131ll\u0131\u011f\u0131 qayd etildi - \u041c\u0435\u0434\u0436\u043b\u0456\u0441\" \/>\n<meta property=\"og:description\" content=\"1987 senesi yazda Moskvada q\u0131r\u0131mtatarlarn\u0131\u00f1 naraz\u0131l\u0131q aktsiyalar\u0131n\u0131\u00f1 25 y\u0131ll\u0131\u011f\u0131na ba\u011f\u0131\u015flan\u0131p, Q\u0131r\u0131mtatar halq\u0131 Meclisi taraf\u0131ndan ke\u00e7irilgen yubiley tedbirler \u00e7er\u00e7ivesinde 2012 senesi iy\u00fcl 25 k\u00fcn\u00fc Aqmescitte Cuma cami qurulacaq tarlada \u015fu aktsiya i\u015ftirak\u00e7ilerini\u00f1 k\u00f6r\u00fc\u015f\u00fcvi \u00f6tkerildi. K\u00f6r\u00fc\u015f\u00fcvden so\u00f1 tedbir muqaddes Ramazan ay\u0131na do\u011fru kelgeni munasebetinen Meclis ve Q\u0131r\u0131m musulmanlar\u0131n\u0131\u00f1 m\u00fcftiligi ad\u0131ndan iftar berildi. K\u00f6r\u00fc\u015f\u00fcvde 500-den ziyade insan bulun\u0131p, [&hellip;]\" \/>\n<meta property=\"og:url\" content=\"https:\/\/qtmm.org\/qt\/aqmescitte-cuma-cami-qurulacaq-yerde-moskva-vaqialarinin-25-yilligi-qayd-etildi\/\" \/>\n<meta property=\"og:site_name\" content=\"\u041c\u0435\u0434\u0436\u043b\u0456\u0441\" \/>\n<meta property=\"article:publisher\" content=\"https:\/\/www.facebook.com\/qtmm.info\/\" \/>\n<meta property=\"article:published_time\" content=\"2012-07-25T20:22:00+00:00\" \/>\n<meta property=\"article:modified_time\" content=\"2022-01-21T20:23:07+00:00\" \/>\n<meta name=\"author\" content=\"Developer\" \/>\n<meta name=\"twitter:card\" content=\"summary_large_image\" \/>\n<meta name=\"twitter:label1\" content=\"Written by\" \/>\n\t<meta name=\"twitter:data1\" content=\"Developer\" \/>\n\t<meta name=\"twitter:label2\" content=\"Est. reading time\" \/>\n\t<meta name=\"twitter:data2\" content=\"4 minutes\" \/>\n<script type=\"application\/ld+json\" class=\"yoast-schema-graph\">{\"@context\":\"https:\\\/\\\/schema.org\",\"@graph\":[{\"@type\":\"Article\",\"@id\":\"https:\\\/\\\/qtmm.org\\\/qt\\\/aqmescitte-cuma-cami-qurulacaq-yerde-moskva-vaqialarinin-25-yilligi-qayd-etildi\\\/#article\",\"isPartOf\":{\"@id\":\"https:\\\/\\\/qtmm.org\\\/qt\\\/aqmescitte-cuma-cami-qurulacaq-yerde-moskva-vaqialarinin-25-yilligi-qayd-etildi\\\/\"},\"author\":{\"name\":\"Developer\",\"@id\":\"https:\\\/\\\/qtmm.org\\\/qt\\\/#\\\/schema\\\/person\\\/de562469f971dec226ac06e60bbf74a7\"},\"headline\":\"Aqmescitte Cuma cami qurulacaq yerde Moskva vaqialar\u0131n\u0131\u00f1 25 y\u0131ll\u0131\u011f\u0131 qayd etildi\",\"datePublished\":\"2012-07-25T20:22:00+00:00\",\"dateModified\":\"2022-01-21T20:23:07+00:00\",\"mainEntityOfPage\":{\"@id\":\"https:\\\/\\\/qtmm.org\\\/qt\\\/aqmescitte-cuma-cami-qurulacaq-yerde-moskva-vaqialarinin-25-yilligi-qayd-etildi\\\/\"},\"wordCount\":909,\"commentCount\":0,\"publisher\":{\"@id\":\"https:\\\/\\\/qtmm.org\\\/qt\\\/#organization\"},\"articleSection\":[\"Haberler\"],\"inLanguage\":\"qt\",\"potentialAction\":[{\"@type\":\"CommentAction\",\"name\":\"Comment\",\"target\":[\"https:\\\/\\\/qtmm.org\\\/qt\\\/aqmescitte-cuma-cami-qurulacaq-yerde-moskva-vaqialarinin-25-yilligi-qayd-etildi\\\/#respond\"]}]},{\"@type\":\"WebPage\",\"@id\":\"https:\\\/\\\/qtmm.org\\\/qt\\\/aqmescitte-cuma-cami-qurulacaq-yerde-moskva-vaqialarinin-25-yilligi-qayd-etildi\\\/\",\"url\":\"https:\\\/\\\/qtmm.org\\\/qt\\\/aqmescitte-cuma-cami-qurulacaq-yerde-moskva-vaqialarinin-25-yilligi-qayd-etildi\\\/\",\"name\":\"Aqmescitte Cuma cami qurulacaq yerde Moskva vaqialar\u0131n\u0131\u00f1 25 y\u0131ll\u0131\u011f\u0131 qayd etildi - \u041c\u0435\u0434\u0436\u043b\u0456\u0441\",\"isPartOf\":{\"@id\":\"https:\\\/\\\/qtmm.org\\\/qt\\\/#website\"},\"datePublished\":\"2012-07-25T20:22:00+00:00\",\"dateModified\":\"2022-01-21T20:23:07+00:00\",\"breadcrumb\":{\"@id\":\"https:\\\/\\\/qtmm.org\\\/qt\\\/aqmescitte-cuma-cami-qurulacaq-yerde-moskva-vaqialarinin-25-yilligi-qayd-etildi\\\/#breadcrumb\"},\"inLanguage\":\"qt\",\"potentialAction\":[{\"@type\":\"ReadAction\",\"target\":[\"https:\\\/\\\/qtmm.org\\\/qt\\\/aqmescitte-cuma-cami-qurulacaq-yerde-moskva-vaqialarinin-25-yilligi-qayd-etildi\\\/\"]}]},{\"@type\":\"BreadcrumbList\",\"@id\":\"https:\\\/\\\/qtmm.org\\\/qt\\\/aqmescitte-cuma-cami-qurulacaq-yerde-moskva-vaqialarinin-25-yilligi-qayd-etildi\\\/#breadcrumb\",\"itemListElement\":[{\"@type\":\"ListItem\",\"position\":1,\"name\":\"\u0413\u043e\u043b\u043e\u0432\u043d\u0430\",\"item\":\"https:\\\/\\\/qtmm.org\\\/qt\\\/\"},{\"@type\":\"ListItem\",\"position\":2,\"name\":\"Aqmescitte Cuma cami qurulacaq yerde Moskva vaqialar\u0131n\u0131\u00f1 25 y\u0131ll\u0131\u011f\u0131 qayd etildi\"}]},{\"@type\":\"WebSite\",\"@id\":\"https:\\\/\\\/qtmm.org\\\/qt\\\/#website\",\"url\":\"https:\\\/\\\/qtmm.org\\\/qt\\\/\",\"name\":\"\u041c\u0435\u0434\u0436\u043b\u0456\u0441\",\"description\":\"\",\"publisher\":{\"@id\":\"https:\\\/\\\/qtmm.org\\\/qt\\\/#organization\"},\"potentialAction\":[{\"@type\":\"SearchAction\",\"target\":{\"@type\":\"EntryPoint\",\"urlTemplate\":\"https:\\\/\\\/qtmm.org\\\/qt\\\/?s={search_term_string}\"},\"query-input\":{\"@type\":\"PropertyValueSpecification\",\"valueRequired\":true,\"valueName\":\"search_term_string\"}}],\"inLanguage\":\"qt\"},{\"@type\":\"Organization\",\"@id\":\"https:\\\/\\\/qtmm.org\\\/qt\\\/#organization\",\"name\":\"\u041c\u0435\u0434\u0436\u043b\u0456\u0441\",\"url\":\"https:\\\/\\\/qtmm.org\\\/qt\\\/\",\"logo\":{\"@type\":\"ImageObject\",\"inLanguage\":\"qt\",\"@id\":\"https:\\\/\\\/qtmm.org\\\/qt\\\/#\\\/schema\\\/logo\\\/image\\\/\",\"url\":\"https:\\\/\\\/qtmm.org\\\/wp-content\\\/uploads\\\/2024\\\/12\\\/ua-mejlis-logo-rgb.svg\",\"contentUrl\":\"https:\\\/\\\/qtmm.org\\\/wp-content\\\/uploads\\\/2024\\\/12\\\/ua-mejlis-logo-rgb.svg\",\"caption\":\"\u041c\u0435\u0434\u0436\u043b\u0456\u0441\"},\"image\":{\"@id\":\"https:\\\/\\\/qtmm.org\\\/qt\\\/#\\\/schema\\\/logo\\\/image\\\/\"},\"sameAs\":[\"https:\\\/\\\/www.facebook.com\\\/qtmm.info\\\/\"]},{\"@type\":\"Person\",\"@id\":\"https:\\\/\\\/qtmm.org\\\/qt\\\/#\\\/schema\\\/person\\\/de562469f971dec226ac06e60bbf74a7\",\"name\":\"Developer\",\"image\":{\"@type\":\"ImageObject\",\"inLanguage\":\"qt\",\"@id\":\"https:\\\/\\\/secure.gravatar.com\\\/avatar\\\/392b4cc8fbfeb00b39dfeeab4ee6edded39ffd48e25858637e4765810300227e?s=96&d=mm&r=g\",\"url\":\"https:\\\/\\\/secure.gravatar.com\\\/avatar\\\/392b4cc8fbfeb00b39dfeeab4ee6edded39ffd48e25858637e4765810300227e?s=96&d=mm&r=g\",\"contentUrl\":\"https:\\\/\\\/secure.gravatar.com\\\/avatar\\\/392b4cc8fbfeb00b39dfeeab4ee6edded39ffd48e25858637e4765810300227e?s=96&d=mm&r=g\",\"caption\":\"Developer\"},\"url\":\"https:\\\/\\\/qtmm.org\\\/qt\\\/author\\\/Developer\\\/\"}]}<\/script>\n<!-- \/ Yoast SEO plugin. -->","yoast_head_json":{"title":"Aqmescitte Cuma cami qurulacaq yerde Moskva vaqialar\u0131n\u0131\u00f1 25 y\u0131ll\u0131\u011f\u0131 qayd etildi - \u041c\u0435\u0434\u0436\u043b\u0456\u0441","robots":{"index":"index","follow":"follow","max-snippet":"max-snippet:-1","max-image-preview":"max-image-preview:large","max-video-preview":"max-video-preview:-1"},"canonical":"https:\/\/qtmm.org\/qt\/aqmescitte-cuma-cami-qurulacaq-yerde-moskva-vaqialarinin-25-yilligi-qayd-etildi\/","og_locale":"en_US","og_type":"article","og_title":"Aqmescitte Cuma cami qurulacaq yerde Moskva vaqialar\u0131n\u0131\u00f1 25 y\u0131ll\u0131\u011f\u0131 qayd etildi - \u041c\u0435\u0434\u0436\u043b\u0456\u0441","og_description":"1987 senesi yazda Moskvada q\u0131r\u0131mtatarlarn\u0131\u00f1 naraz\u0131l\u0131q aktsiyalar\u0131n\u0131\u00f1 25 y\u0131ll\u0131\u011f\u0131na ba\u011f\u0131\u015flan\u0131p, Q\u0131r\u0131mtatar halq\u0131 Meclisi taraf\u0131ndan ke\u00e7irilgen yubiley tedbirler \u00e7er\u00e7ivesinde 2012 senesi iy\u00fcl 25 k\u00fcn\u00fc Aqmescitte Cuma cami qurulacaq tarlada \u015fu aktsiya i\u015ftirak\u00e7ilerini\u00f1 k\u00f6r\u00fc\u015f\u00fcvi \u00f6tkerildi. K\u00f6r\u00fc\u015f\u00fcvden so\u00f1 tedbir muqaddes Ramazan ay\u0131na do\u011fru kelgeni munasebetinen Meclis ve Q\u0131r\u0131m musulmanlar\u0131n\u0131\u00f1 m\u00fcftiligi ad\u0131ndan iftar berildi. K\u00f6r\u00fc\u015f\u00fcvde 500-den ziyade insan bulun\u0131p, [&hellip;]","og_url":"https:\/\/qtmm.org\/qt\/aqmescitte-cuma-cami-qurulacaq-yerde-moskva-vaqialarinin-25-yilligi-qayd-etildi\/","og_site_name":"\u041c\u0435\u0434\u0436\u043b\u0456\u0441","article_publisher":"https:\/\/www.facebook.com\/qtmm.info\/","article_published_time":"2012-07-25T20:22:00+00:00","article_modified_time":"2022-01-21T20:23:07+00:00","author":"Developer","twitter_card":"summary_large_image","twitter_misc":{"Written by":"Developer","Est. reading time":"4 minutes"},"schema":{"@context":"https:\/\/schema.org","@graph":[{"@type":"Article","@id":"https:\/\/qtmm.org\/qt\/aqmescitte-cuma-cami-qurulacaq-yerde-moskva-vaqialarinin-25-yilligi-qayd-etildi\/#article","isPartOf":{"@id":"https:\/\/qtmm.org\/qt\/aqmescitte-cuma-cami-qurulacaq-yerde-moskva-vaqialarinin-25-yilligi-qayd-etildi\/"},"author":{"name":"Developer","@id":"https:\/\/qtmm.org\/qt\/#\/schema\/person\/de562469f971dec226ac06e60bbf74a7"},"headline":"Aqmescitte Cuma cami qurulacaq yerde Moskva vaqialar\u0131n\u0131\u00f1 25 y\u0131ll\u0131\u011f\u0131 qayd etildi","datePublished":"2012-07-25T20:22:00+00:00","dateModified":"2022-01-21T20:23:07+00:00","mainEntityOfPage":{"@id":"https:\/\/qtmm.org\/qt\/aqmescitte-cuma-cami-qurulacaq-yerde-moskva-vaqialarinin-25-yilligi-qayd-etildi\/"},"wordCount":909,"commentCount":0,"publisher":{"@id":"https:\/\/qtmm.org\/qt\/#organization"},"articleSection":["Haberler"],"inLanguage":"qt","potentialAction":[{"@type":"CommentAction","name":"Comment","target":["https:\/\/qtmm.org\/qt\/aqmescitte-cuma-cami-qurulacaq-yerde-moskva-vaqialarinin-25-yilligi-qayd-etildi\/#respond"]}]},{"@type":"WebPage","@id":"https:\/\/qtmm.org\/qt\/aqmescitte-cuma-cami-qurulacaq-yerde-moskva-vaqialarinin-25-yilligi-qayd-etildi\/","url":"https:\/\/qtmm.org\/qt\/aqmescitte-cuma-cami-qurulacaq-yerde-moskva-vaqialarinin-25-yilligi-qayd-etildi\/","name":"Aqmescitte Cuma cami qurulacaq yerde Moskva vaqialar\u0131n\u0131\u00f1 25 y\u0131ll\u0131\u011f\u0131 qayd etildi - \u041c\u0435\u0434\u0436\u043b\u0456\u0441","isPartOf":{"@id":"https:\/\/qtmm.org\/qt\/#website"},"datePublished":"2012-07-25T20:22:00+00:00","dateModified":"2022-01-21T20:23:07+00:00","breadcrumb":{"@id":"https:\/\/qtmm.org\/qt\/aqmescitte-cuma-cami-qurulacaq-yerde-moskva-vaqialarinin-25-yilligi-qayd-etildi\/#breadcrumb"},"inLanguage":"qt","potentialAction":[{"@type":"ReadAction","target":["https:\/\/qtmm.org\/qt\/aqmescitte-cuma-cami-qurulacaq-yerde-moskva-vaqialarinin-25-yilligi-qayd-etildi\/"]}]},{"@type":"BreadcrumbList","@id":"https:\/\/qtmm.org\/qt\/aqmescitte-cuma-cami-qurulacaq-yerde-moskva-vaqialarinin-25-yilligi-qayd-etildi\/#breadcrumb","itemListElement":[{"@type":"ListItem","position":1,"name":"\u0413\u043e\u043b\u043e\u0432\u043d\u0430","item":"https:\/\/qtmm.org\/qt\/"},{"@type":"ListItem","position":2,"name":"Aqmescitte Cuma cami qurulacaq yerde Moskva vaqialar\u0131n\u0131\u00f1 25 y\u0131ll\u0131\u011f\u0131 qayd etildi"}]},{"@type":"WebSite","@id":"https:\/\/qtmm.org\/qt\/#website","url":"https:\/\/qtmm.org\/qt\/","name":"\u041c\u0435\u0434\u0436\u043b\u0456\u0441","description":"","publisher":{"@id":"https:\/\/qtmm.org\/qt\/#organization"},"potentialAction":[{"@type":"SearchAction","target":{"@type":"EntryPoint","urlTemplate":"https:\/\/qtmm.org\/qt\/?s={search_term_string}"},"query-input":{"@type":"PropertyValueSpecification","valueRequired":true,"valueName":"search_term_string"}}],"inLanguage":"qt"},{"@type":"Organization","@id":"https:\/\/qtmm.org\/qt\/#organization","name":"\u041c\u0435\u0434\u0436\u043b\u0456\u0441","url":"https:\/\/qtmm.org\/qt\/","logo":{"@type":"ImageObject","inLanguage":"qt","@id":"https:\/\/qtmm.org\/qt\/#\/schema\/logo\/image\/","url":"https:\/\/qtmm.org\/wp-content\/uploads\/2024\/12\/ua-mejlis-logo-rgb.svg","contentUrl":"https:\/\/qtmm.org\/wp-content\/uploads\/2024\/12\/ua-mejlis-logo-rgb.svg","caption":"\u041c\u0435\u0434\u0436\u043b\u0456\u0441"},"image":{"@id":"https:\/\/qtmm.org\/qt\/#\/schema\/logo\/image\/"},"sameAs":["https:\/\/www.facebook.com\/qtmm.info\/"]},{"@type":"Person","@id":"https:\/\/qtmm.org\/qt\/#\/schema\/person\/de562469f971dec226ac06e60bbf74a7","name":"Developer","image":{"@type":"ImageObject","inLanguage":"qt","@id":"https:\/\/secure.gravatar.com\/avatar\/392b4cc8fbfeb00b39dfeeab4ee6edded39ffd48e25858637e4765810300227e?s=96&d=mm&r=g","url":"https:\/\/secure.gravatar.com\/avatar\/392b4cc8fbfeb00b39dfeeab4ee6edded39ffd48e25858637e4765810300227e?s=96&d=mm&r=g","contentUrl":"https:\/\/secure.gravatar.com\/avatar\/392b4cc8fbfeb00b39dfeeab4ee6edded39ffd48e25858637e4765810300227e?s=96&d=mm&r=g","caption":"Developer"},"url":"https:\/\/qtmm.org\/qt\/author\/Developer\/"}]}},"_links":{"self":[{"href":"https:\/\/qtmm.org\/qt\/wp-json\/wp\/v2\/posts\/32868","targetHints":{"allow":["GET"]}}],"collection":[{"href":"https:\/\/qtmm.org\/qt\/wp-json\/wp\/v2\/posts"}],"about":[{"href":"https:\/\/qtmm.org\/qt\/wp-json\/wp\/v2\/types\/post"}],"author":[{"embeddable":true,"href":"https:\/\/qtmm.org\/qt\/wp-json\/wp\/v2\/users\/1"}],"replies":[{"embeddable":true,"href":"https:\/\/qtmm.org\/qt\/wp-json\/wp\/v2\/comments?post=32868"}],"version-history":[{"count":1,"href":"https:\/\/qtmm.org\/qt\/wp-json\/wp\/v2\/posts\/32868\/revisions"}],"predecessor-version":[{"id":32869,"href":"https:\/\/qtmm.org\/qt\/wp-json\/wp\/v2\/posts\/32868\/revisions\/32869"}],"wp:attachment":[{"href":"https:\/\/qtmm.org\/qt\/wp-json\/wp\/v2\/media?parent=32868"}],"wp:term":[{"taxonomy":"category","embeddable":true,"href":"https:\/\/qtmm.org\/qt\/wp-json\/wp\/v2\/categories?post=32868"},{"taxonomy":"post_tag","embeddable":true,"href":"https:\/\/qtmm.org\/qt\/wp-json\/wp\/v2\/tags?post=32868"}],"curies":[{"name":"wp","href":"https:\/\/api.w.org\/{rel}","templated":true}]}}