




{"id":32864,"date":"2012-07-25T23:21:00","date_gmt":"2012-07-25T20:21:00","guid":{"rendered":"http:\/\/qtmm.org\/?p=32864"},"modified":"2022-01-21T23:22:26","modified_gmt":"2022-01-21T20:22:26","slug":"refat-cubarov-r-kenjaliyevnin-qirim-milletlerara-meseleler-boyunca-cumhuriyet-komitetinin-reisi-olaraq-tayinlengenini-izaatladi","status":"publish","type":"post","link":"https:\/\/qtmm.org\/qt\/refat-cubarov-r-kenjaliyevnin-qirim-milletlerara-meseleler-boyunca-cumhuriyet-komitetinin-reisi-olaraq-tayinlengenini-izaatladi\/","title":{"rendered":"Refat \u00c7ubarov R. Kenjaliyevni\u00f1 Q\u0131r\u0131m Milletlerara meseleler boyunca cumhuriyet komitetini\u00f1 reisi olaraq tayinlengenini izaatlad\u0131"},"content":{"rendered":"\n<p>\u015eimdiki Q\u0131r\u0131m akimiyeti q\u0131r\u0131mtatar halq\u0131n\u0131\u00f1 vek\u00e2letli organ\u0131 ol\u011fan Meclisnen, \u00e7e\u015fit seviyelerdeki \u015furalarn\u0131\u00f1 q\u0131r\u0131mtatar deputatlar\u0131 ile dialog al\u0131p barmaqtan qa\u00e7\u0131n\u011fan\u0131 \u00e7oqmilletli Q\u0131r\u0131m cemiyetini\u00f1 faydas\u0131na oynamay.<\/p>\n\n\n\n<p>Bu aqta\u00a0CrimeanTatars.org\u00a0sayt\u0131na Meclis reisini\u00f1 birinci muavini Refat \u00c7ubarov R. Kenjaliyevni\u00f1 Q\u0131r\u0131m Milletlerara meseleler boyunca cumhuriyet komitetini\u00f1 reisi olaraq tayinlengenine izaat bergende aytt\u0131.<\/p>\n\n\n\n<p>O, bun\u0131\u00f1 kibi de qayd etti ki, evel Cumhuriyet milletler komitetini\u00f1 reisi tayinlengende Meclisnen aq\u0131l tan\u0131\u015f\u0131la edi. Endi ise Nazirler \u015furas\u0131 bun\u0131 yapmad\u0131.<\/p>\n\n\n\n<p>&#8220;Nazirler \u015euras\u0131 yolba\u015f\u00e7\u0131lar\u0131n\u0131\u00f1 b\u00f6yle areketleri meni asla da taac\u00fcplendirmedi, \u00e7\u00fcnki olar kendileri se\u00e7ken taktika\u011fa k\u00f6re i\u015f tutalar: &#8220;biz Q\u0131r\u0131mn\u0131 nas\u0131l idare etmek kerekligini \u00f6z\u00fcmiz bilemiz, Q\u0131r\u0131m Yuqar\u0131 \u015euras\u0131nda, \u015feer ve rayon \u015furalar\u0131nda da er angi qararn\u0131 ke\u00e7irmemiz i\u00e7\u00fcn reylerimiz yeterli&#8221;, &#8211; dedi R. \u00c7ubarov.<\/p>\n\n\n\n<p>Crimeantatars.org\u00a0sayt\u0131n\u0131\u00f1 komitetni\u00f1 ya\u00f1\u0131 reisinen dialog al\u0131p barmaq istiqballeri husus\u0131nda sualine, Meclis reisini\u00f1 muavini on\u0131\u00f1 i\u015flerine q\u0131ymet kesmek i\u00e7\u00fcn vaq\u0131t kerek, dedi. &#8221; Er bir insan faaliyetini\u00f1 e\u00f1 yah\u015f\u0131 \u00f6l\u00e7\u00fcsi i\u015fini\u00f1 neticeleridir. Cumhuriyet milletler komiteti reisi aqq\u0131nda i\u00e7 olma\u011fanda bir kvartal ke\u00e7ken so\u00f1 laf etermiz&#8221;.<\/p>\n\n\n\n<p>Bundan da \u011fayr\u0131, R. \u00c7ubarov \u015fun\u0131 da qayd etti ki, halq menfaatlar\u0131 o\u011frunda Meclis i\u00e7 bir t\u00fcrl\u00fc dialogdan vazge\u00e7medi.<\/p>\n\n\n\n<p>Hat\u0131rlatam\u0131z ki, Q\u0131r\u0131m Milletlerara munasebetler ve s\u00fcrg\u00fcn olun\u011fan insanlarn\u0131\u00f1 i\u015fleri boyunca cumhuriyet komitetini\u00f1 reisi Edem Dudakov ariza berip vazifesinden \u00f6z isteginen istifa\u011fa ketti.<\/p>\n\n\n\n<p>2012 senesi iy\u00fcl 25-te Q\u0131r\u0131m Yuqar\u0131 \u015euras\u0131 Q\u0131r\u0131m Milletlerara munasebetler ve s\u00fcrg\u00fcn olun\u011fan insanlarn\u0131\u00f1 i\u015fleri boyunca cumhuriyet komitetini\u00f1 reisi vazifesine Refat Kenjaliyevni tayinledi.<\/p>\n\n\n\n<p>2012 senesi mart ay\u0131nda R. Kenjaliyev Q\u0131r\u0131m ba\u015f nazirini\u00f1 mesleat\u00e7\u0131s\u0131 etip tayinlengen edi. 2004 senesi Q\u0131r\u0131mtatar halq\u0131 Qurultay\u0131n\u0131\u00f1 erk\u00e2n\u0131ndan \u00e7\u0131qar\u0131ld\u0131.<br>&nbsp;<\/p>\n","protected":false},"excerpt":{"rendered":"<p>\u015eimdiki Q\u0131r\u0131m akimiyeti q\u0131r\u0131mtatar halq\u0131n\u0131\u00f1 vek\u00e2letli organ\u0131 ol\u011fan Meclisnen, \u00e7e\u015fit seviyelerdeki \u015furalarn\u0131\u00f1 q\u0131r\u0131mtatar deputatlar\u0131 ile dialog al\u0131p barmaqtan qa\u00e7\u0131n\u011fan\u0131 \u00e7oqmilletli Q\u0131r\u0131m cemiyetini\u00f1 faydas\u0131na oynamay. Bu aqta\u00a0CrimeanTatars.org\u00a0sayt\u0131na Meclis reisini\u00f1 birinci muavini Refat \u00c7ubarov R. Kenjaliyevni\u00f1 Q\u0131r\u0131m Milletlerara meseleler boyunca cumhuriyet komitetini\u00f1 reisi olaraq tayinlengenine izaat bergende aytt\u0131. O, bun\u0131\u00f1 kibi de qayd etti ki, evel Cumhuriyet [&hellip;]<\/p>\n","protected":false},"author":1,"featured_media":0,"comment_status":"open","ping_status":"open","sticky":false,"template":"","format":"standard","meta":{"inline_featured_image":false,"footnotes":""},"categories":[265],"tags":[],"class_list":["post-32864","post","type-post","status-publish","format-standard","hentry","category-haberler"],"acf":[],"yoast_head":"<!-- This site is optimized with the Yoast SEO plugin v27.4 - https:\/\/yoast.com\/product\/yoast-seo-wordpress\/ -->\n<title>Refat \u00c7ubarov R. Kenjaliyevni\u00f1 Q\u0131r\u0131m Milletlerara meseleler boyunca cumhuriyet komitetini\u00f1 reisi olaraq tayinlengenini izaatlad\u0131 - \u041c\u0435\u0434\u0436\u043b\u0456\u0441<\/title>\n<meta name=\"robots\" content=\"index, follow, max-snippet:-1, max-image-preview:large, max-video-preview:-1\" \/>\n<link rel=\"canonical\" href=\"https:\/\/qtmm.org\/qt\/refat-cubarov-r-kenjaliyevnin-qirim-milletlerara-meseleler-boyunca-cumhuriyet-komitetinin-reisi-olaraq-tayinlengenini-izaatladi\/\" \/>\n<meta property=\"og:locale\" content=\"en_US\" \/>\n<meta property=\"og:type\" content=\"article\" \/>\n<meta property=\"og:title\" content=\"Refat \u00c7ubarov R. Kenjaliyevni\u00f1 Q\u0131r\u0131m Milletlerara meseleler boyunca cumhuriyet komitetini\u00f1 reisi olaraq tayinlengenini izaatlad\u0131 - \u041c\u0435\u0434\u0436\u043b\u0456\u0441\" \/>\n<meta property=\"og:description\" content=\"\u015eimdiki Q\u0131r\u0131m akimiyeti q\u0131r\u0131mtatar halq\u0131n\u0131\u00f1 vek\u00e2letli organ\u0131 ol\u011fan Meclisnen, \u00e7e\u015fit seviyelerdeki \u015furalarn\u0131\u00f1 q\u0131r\u0131mtatar deputatlar\u0131 ile dialog al\u0131p barmaqtan qa\u00e7\u0131n\u011fan\u0131 \u00e7oqmilletli Q\u0131r\u0131m cemiyetini\u00f1 faydas\u0131na oynamay. Bu aqta\u00a0CrimeanTatars.org\u00a0sayt\u0131na Meclis reisini\u00f1 birinci muavini Refat \u00c7ubarov R. Kenjaliyevni\u00f1 Q\u0131r\u0131m Milletlerara meseleler boyunca cumhuriyet komitetini\u00f1 reisi olaraq tayinlengenine izaat bergende aytt\u0131. O, bun\u0131\u00f1 kibi de qayd etti ki, evel Cumhuriyet [&hellip;]\" \/>\n<meta property=\"og:url\" content=\"https:\/\/qtmm.org\/qt\/refat-cubarov-r-kenjaliyevnin-qirim-milletlerara-meseleler-boyunca-cumhuriyet-komitetinin-reisi-olaraq-tayinlengenini-izaatladi\/\" \/>\n<meta property=\"og:site_name\" content=\"\u041c\u0435\u0434\u0436\u043b\u0456\u0441\" \/>\n<meta property=\"article:publisher\" content=\"https:\/\/www.facebook.com\/qtmm.info\/\" \/>\n<meta property=\"article:published_time\" content=\"2012-07-25T20:21:00+00:00\" \/>\n<meta property=\"article:modified_time\" content=\"2022-01-21T20:22:26+00:00\" \/>\n<meta name=\"author\" content=\"Developer\" \/>\n<meta name=\"twitter:card\" content=\"summary_large_image\" \/>\n<meta name=\"twitter:label1\" content=\"Written by\" \/>\n\t<meta name=\"twitter:data1\" content=\"Developer\" \/>\n\t<meta name=\"twitter:label2\" content=\"Est. reading time\" \/>\n\t<meta name=\"twitter:data2\" content=\"2 minutes\" \/>\n<script type=\"application\/ld+json\" class=\"yoast-schema-graph\">{\"@context\":\"https:\\\/\\\/schema.org\",\"@graph\":[{\"@type\":\"Article\",\"@id\":\"https:\\\/\\\/qtmm.org\\\/qt\\\/refat-cubarov-r-kenjaliyevnin-qirim-milletlerara-meseleler-boyunca-cumhuriyet-komitetinin-reisi-olaraq-tayinlengenini-izaatladi\\\/#article\",\"isPartOf\":{\"@id\":\"https:\\\/\\\/qtmm.org\\\/qt\\\/refat-cubarov-r-kenjaliyevnin-qirim-milletlerara-meseleler-boyunca-cumhuriyet-komitetinin-reisi-olaraq-tayinlengenini-izaatladi\\\/\"},\"author\":{\"name\":\"Developer\",\"@id\":\"https:\\\/\\\/qtmm.org\\\/qt\\\/#\\\/schema\\\/person\\\/de562469f971dec226ac06e60bbf74a7\"},\"headline\":\"Refat \u00c7ubarov R. Kenjaliyevni\u00f1 Q\u0131r\u0131m Milletlerara meseleler boyunca cumhuriyet komitetini\u00f1 reisi olaraq tayinlengenini izaatlad\u0131\",\"datePublished\":\"2012-07-25T20:21:00+00:00\",\"dateModified\":\"2022-01-21T20:22:26+00:00\",\"mainEntityOfPage\":{\"@id\":\"https:\\\/\\\/qtmm.org\\\/qt\\\/refat-cubarov-r-kenjaliyevnin-qirim-milletlerara-meseleler-boyunca-cumhuriyet-komitetinin-reisi-olaraq-tayinlengenini-izaatladi\\\/\"},\"wordCount\":341,\"commentCount\":0,\"publisher\":{\"@id\":\"https:\\\/\\\/qtmm.org\\\/qt\\\/#organization\"},\"articleSection\":[\"Haberler\"],\"inLanguage\":\"qt\",\"potentialAction\":[{\"@type\":\"CommentAction\",\"name\":\"Comment\",\"target\":[\"https:\\\/\\\/qtmm.org\\\/qt\\\/refat-cubarov-r-kenjaliyevnin-qirim-milletlerara-meseleler-boyunca-cumhuriyet-komitetinin-reisi-olaraq-tayinlengenini-izaatladi\\\/#respond\"]}]},{\"@type\":\"WebPage\",\"@id\":\"https:\\\/\\\/qtmm.org\\\/qt\\\/refat-cubarov-r-kenjaliyevnin-qirim-milletlerara-meseleler-boyunca-cumhuriyet-komitetinin-reisi-olaraq-tayinlengenini-izaatladi\\\/\",\"url\":\"https:\\\/\\\/qtmm.org\\\/qt\\\/refat-cubarov-r-kenjaliyevnin-qirim-milletlerara-meseleler-boyunca-cumhuriyet-komitetinin-reisi-olaraq-tayinlengenini-izaatladi\\\/\",\"name\":\"Refat \u00c7ubarov R. Kenjaliyevni\u00f1 Q\u0131r\u0131m Milletlerara meseleler boyunca cumhuriyet komitetini\u00f1 reisi olaraq tayinlengenini izaatlad\u0131 - \u041c\u0435\u0434\u0436\u043b\u0456\u0441\",\"isPartOf\":{\"@id\":\"https:\\\/\\\/qtmm.org\\\/qt\\\/#website\"},\"datePublished\":\"2012-07-25T20:21:00+00:00\",\"dateModified\":\"2022-01-21T20:22:26+00:00\",\"breadcrumb\":{\"@id\":\"https:\\\/\\\/qtmm.org\\\/qt\\\/refat-cubarov-r-kenjaliyevnin-qirim-milletlerara-meseleler-boyunca-cumhuriyet-komitetinin-reisi-olaraq-tayinlengenini-izaatladi\\\/#breadcrumb\"},\"inLanguage\":\"qt\",\"potentialAction\":[{\"@type\":\"ReadAction\",\"target\":[\"https:\\\/\\\/qtmm.org\\\/qt\\\/refat-cubarov-r-kenjaliyevnin-qirim-milletlerara-meseleler-boyunca-cumhuriyet-komitetinin-reisi-olaraq-tayinlengenini-izaatladi\\\/\"]}]},{\"@type\":\"BreadcrumbList\",\"@id\":\"https:\\\/\\\/qtmm.org\\\/qt\\\/refat-cubarov-r-kenjaliyevnin-qirim-milletlerara-meseleler-boyunca-cumhuriyet-komitetinin-reisi-olaraq-tayinlengenini-izaatladi\\\/#breadcrumb\",\"itemListElement\":[{\"@type\":\"ListItem\",\"position\":1,\"name\":\"\u0413\u043e\u043b\u043e\u0432\u043d\u0430\",\"item\":\"https:\\\/\\\/qtmm.org\\\/qt\\\/\"},{\"@type\":\"ListItem\",\"position\":2,\"name\":\"Refat \u00c7ubarov R. Kenjaliyevni\u00f1 Q\u0131r\u0131m Milletlerara meseleler boyunca cumhuriyet komitetini\u00f1 reisi olaraq tayinlengenini izaatlad\u0131\"}]},{\"@type\":\"WebSite\",\"@id\":\"https:\\\/\\\/qtmm.org\\\/qt\\\/#website\",\"url\":\"https:\\\/\\\/qtmm.org\\\/qt\\\/\",\"name\":\"\u041c\u0435\u0434\u0436\u043b\u0456\u0441\",\"description\":\"\",\"publisher\":{\"@id\":\"https:\\\/\\\/qtmm.org\\\/qt\\\/#organization\"},\"potentialAction\":[{\"@type\":\"SearchAction\",\"target\":{\"@type\":\"EntryPoint\",\"urlTemplate\":\"https:\\\/\\\/qtmm.org\\\/qt\\\/?s={search_term_string}\"},\"query-input\":{\"@type\":\"PropertyValueSpecification\",\"valueRequired\":true,\"valueName\":\"search_term_string\"}}],\"inLanguage\":\"qt\"},{\"@type\":\"Organization\",\"@id\":\"https:\\\/\\\/qtmm.org\\\/qt\\\/#organization\",\"name\":\"\u041c\u0435\u0434\u0436\u043b\u0456\u0441\",\"url\":\"https:\\\/\\\/qtmm.org\\\/qt\\\/\",\"logo\":{\"@type\":\"ImageObject\",\"inLanguage\":\"qt\",\"@id\":\"https:\\\/\\\/qtmm.org\\\/qt\\\/#\\\/schema\\\/logo\\\/image\\\/\",\"url\":\"https:\\\/\\\/qtmm.org\\\/wp-content\\\/uploads\\\/2024\\\/12\\\/ua-mejlis-logo-rgb.svg\",\"contentUrl\":\"https:\\\/\\\/qtmm.org\\\/wp-content\\\/uploads\\\/2024\\\/12\\\/ua-mejlis-logo-rgb.svg\",\"caption\":\"\u041c\u0435\u0434\u0436\u043b\u0456\u0441\"},\"image\":{\"@id\":\"https:\\\/\\\/qtmm.org\\\/qt\\\/#\\\/schema\\\/logo\\\/image\\\/\"},\"sameAs\":[\"https:\\\/\\\/www.facebook.com\\\/qtmm.info\\\/\"]},{\"@type\":\"Person\",\"@id\":\"https:\\\/\\\/qtmm.org\\\/qt\\\/#\\\/schema\\\/person\\\/de562469f971dec226ac06e60bbf74a7\",\"name\":\"Developer\",\"image\":{\"@type\":\"ImageObject\",\"inLanguage\":\"qt\",\"@id\":\"https:\\\/\\\/secure.gravatar.com\\\/avatar\\\/392b4cc8fbfeb00b39dfeeab4ee6edded39ffd48e25858637e4765810300227e?s=96&d=mm&r=g\",\"url\":\"https:\\\/\\\/secure.gravatar.com\\\/avatar\\\/392b4cc8fbfeb00b39dfeeab4ee6edded39ffd48e25858637e4765810300227e?s=96&d=mm&r=g\",\"contentUrl\":\"https:\\\/\\\/secure.gravatar.com\\\/avatar\\\/392b4cc8fbfeb00b39dfeeab4ee6edded39ffd48e25858637e4765810300227e?s=96&d=mm&r=g\",\"caption\":\"Developer\"},\"url\":\"https:\\\/\\\/qtmm.org\\\/qt\\\/author\\\/Developer\\\/\"}]}<\/script>\n<!-- \/ Yoast SEO plugin. -->","yoast_head_json":{"title":"Refat \u00c7ubarov R. Kenjaliyevni\u00f1 Q\u0131r\u0131m Milletlerara meseleler boyunca cumhuriyet komitetini\u00f1 reisi olaraq tayinlengenini izaatlad\u0131 - \u041c\u0435\u0434\u0436\u043b\u0456\u0441","robots":{"index":"index","follow":"follow","max-snippet":"max-snippet:-1","max-image-preview":"max-image-preview:large","max-video-preview":"max-video-preview:-1"},"canonical":"https:\/\/qtmm.org\/qt\/refat-cubarov-r-kenjaliyevnin-qirim-milletlerara-meseleler-boyunca-cumhuriyet-komitetinin-reisi-olaraq-tayinlengenini-izaatladi\/","og_locale":"en_US","og_type":"article","og_title":"Refat \u00c7ubarov R. Kenjaliyevni\u00f1 Q\u0131r\u0131m Milletlerara meseleler boyunca cumhuriyet komitetini\u00f1 reisi olaraq tayinlengenini izaatlad\u0131 - \u041c\u0435\u0434\u0436\u043b\u0456\u0441","og_description":"\u015eimdiki Q\u0131r\u0131m akimiyeti q\u0131r\u0131mtatar halq\u0131n\u0131\u00f1 vek\u00e2letli organ\u0131 ol\u011fan Meclisnen, \u00e7e\u015fit seviyelerdeki \u015furalarn\u0131\u00f1 q\u0131r\u0131mtatar deputatlar\u0131 ile dialog al\u0131p barmaqtan qa\u00e7\u0131n\u011fan\u0131 \u00e7oqmilletli Q\u0131r\u0131m cemiyetini\u00f1 faydas\u0131na oynamay. Bu aqta\u00a0CrimeanTatars.org\u00a0sayt\u0131na Meclis reisini\u00f1 birinci muavini Refat \u00c7ubarov R. Kenjaliyevni\u00f1 Q\u0131r\u0131m Milletlerara meseleler boyunca cumhuriyet komitetini\u00f1 reisi olaraq tayinlengenine izaat bergende aytt\u0131. O, bun\u0131\u00f1 kibi de qayd etti ki, evel Cumhuriyet [&hellip;]","og_url":"https:\/\/qtmm.org\/qt\/refat-cubarov-r-kenjaliyevnin-qirim-milletlerara-meseleler-boyunca-cumhuriyet-komitetinin-reisi-olaraq-tayinlengenini-izaatladi\/","og_site_name":"\u041c\u0435\u0434\u0436\u043b\u0456\u0441","article_publisher":"https:\/\/www.facebook.com\/qtmm.info\/","article_published_time":"2012-07-25T20:21:00+00:00","article_modified_time":"2022-01-21T20:22:26+00:00","author":"Developer","twitter_card":"summary_large_image","twitter_misc":{"Written by":"Developer","Est. reading time":"2 minutes"},"schema":{"@context":"https:\/\/schema.org","@graph":[{"@type":"Article","@id":"https:\/\/qtmm.org\/qt\/refat-cubarov-r-kenjaliyevnin-qirim-milletlerara-meseleler-boyunca-cumhuriyet-komitetinin-reisi-olaraq-tayinlengenini-izaatladi\/#article","isPartOf":{"@id":"https:\/\/qtmm.org\/qt\/refat-cubarov-r-kenjaliyevnin-qirim-milletlerara-meseleler-boyunca-cumhuriyet-komitetinin-reisi-olaraq-tayinlengenini-izaatladi\/"},"author":{"name":"Developer","@id":"https:\/\/qtmm.org\/qt\/#\/schema\/person\/de562469f971dec226ac06e60bbf74a7"},"headline":"Refat \u00c7ubarov R. Kenjaliyevni\u00f1 Q\u0131r\u0131m Milletlerara meseleler boyunca cumhuriyet komitetini\u00f1 reisi olaraq tayinlengenini izaatlad\u0131","datePublished":"2012-07-25T20:21:00+00:00","dateModified":"2022-01-21T20:22:26+00:00","mainEntityOfPage":{"@id":"https:\/\/qtmm.org\/qt\/refat-cubarov-r-kenjaliyevnin-qirim-milletlerara-meseleler-boyunca-cumhuriyet-komitetinin-reisi-olaraq-tayinlengenini-izaatladi\/"},"wordCount":341,"commentCount":0,"publisher":{"@id":"https:\/\/qtmm.org\/qt\/#organization"},"articleSection":["Haberler"],"inLanguage":"qt","potentialAction":[{"@type":"CommentAction","name":"Comment","target":["https:\/\/qtmm.org\/qt\/refat-cubarov-r-kenjaliyevnin-qirim-milletlerara-meseleler-boyunca-cumhuriyet-komitetinin-reisi-olaraq-tayinlengenini-izaatladi\/#respond"]}]},{"@type":"WebPage","@id":"https:\/\/qtmm.org\/qt\/refat-cubarov-r-kenjaliyevnin-qirim-milletlerara-meseleler-boyunca-cumhuriyet-komitetinin-reisi-olaraq-tayinlengenini-izaatladi\/","url":"https:\/\/qtmm.org\/qt\/refat-cubarov-r-kenjaliyevnin-qirim-milletlerara-meseleler-boyunca-cumhuriyet-komitetinin-reisi-olaraq-tayinlengenini-izaatladi\/","name":"Refat \u00c7ubarov R. Kenjaliyevni\u00f1 Q\u0131r\u0131m Milletlerara meseleler boyunca cumhuriyet komitetini\u00f1 reisi olaraq tayinlengenini izaatlad\u0131 - \u041c\u0435\u0434\u0436\u043b\u0456\u0441","isPartOf":{"@id":"https:\/\/qtmm.org\/qt\/#website"},"datePublished":"2012-07-25T20:21:00+00:00","dateModified":"2022-01-21T20:22:26+00:00","breadcrumb":{"@id":"https:\/\/qtmm.org\/qt\/refat-cubarov-r-kenjaliyevnin-qirim-milletlerara-meseleler-boyunca-cumhuriyet-komitetinin-reisi-olaraq-tayinlengenini-izaatladi\/#breadcrumb"},"inLanguage":"qt","potentialAction":[{"@type":"ReadAction","target":["https:\/\/qtmm.org\/qt\/refat-cubarov-r-kenjaliyevnin-qirim-milletlerara-meseleler-boyunca-cumhuriyet-komitetinin-reisi-olaraq-tayinlengenini-izaatladi\/"]}]},{"@type":"BreadcrumbList","@id":"https:\/\/qtmm.org\/qt\/refat-cubarov-r-kenjaliyevnin-qirim-milletlerara-meseleler-boyunca-cumhuriyet-komitetinin-reisi-olaraq-tayinlengenini-izaatladi\/#breadcrumb","itemListElement":[{"@type":"ListItem","position":1,"name":"\u0413\u043e\u043b\u043e\u0432\u043d\u0430","item":"https:\/\/qtmm.org\/qt\/"},{"@type":"ListItem","position":2,"name":"Refat \u00c7ubarov R. Kenjaliyevni\u00f1 Q\u0131r\u0131m Milletlerara meseleler boyunca cumhuriyet komitetini\u00f1 reisi olaraq tayinlengenini izaatlad\u0131"}]},{"@type":"WebSite","@id":"https:\/\/qtmm.org\/qt\/#website","url":"https:\/\/qtmm.org\/qt\/","name":"\u041c\u0435\u0434\u0436\u043b\u0456\u0441","description":"","publisher":{"@id":"https:\/\/qtmm.org\/qt\/#organization"},"potentialAction":[{"@type":"SearchAction","target":{"@type":"EntryPoint","urlTemplate":"https:\/\/qtmm.org\/qt\/?s={search_term_string}"},"query-input":{"@type":"PropertyValueSpecification","valueRequired":true,"valueName":"search_term_string"}}],"inLanguage":"qt"},{"@type":"Organization","@id":"https:\/\/qtmm.org\/qt\/#organization","name":"\u041c\u0435\u0434\u0436\u043b\u0456\u0441","url":"https:\/\/qtmm.org\/qt\/","logo":{"@type":"ImageObject","inLanguage":"qt","@id":"https:\/\/qtmm.org\/qt\/#\/schema\/logo\/image\/","url":"https:\/\/qtmm.org\/wp-content\/uploads\/2024\/12\/ua-mejlis-logo-rgb.svg","contentUrl":"https:\/\/qtmm.org\/wp-content\/uploads\/2024\/12\/ua-mejlis-logo-rgb.svg","caption":"\u041c\u0435\u0434\u0436\u043b\u0456\u0441"},"image":{"@id":"https:\/\/qtmm.org\/qt\/#\/schema\/logo\/image\/"},"sameAs":["https:\/\/www.facebook.com\/qtmm.info\/"]},{"@type":"Person","@id":"https:\/\/qtmm.org\/qt\/#\/schema\/person\/de562469f971dec226ac06e60bbf74a7","name":"Developer","image":{"@type":"ImageObject","inLanguage":"qt","@id":"https:\/\/secure.gravatar.com\/avatar\/392b4cc8fbfeb00b39dfeeab4ee6edded39ffd48e25858637e4765810300227e?s=96&d=mm&r=g","url":"https:\/\/secure.gravatar.com\/avatar\/392b4cc8fbfeb00b39dfeeab4ee6edded39ffd48e25858637e4765810300227e?s=96&d=mm&r=g","contentUrl":"https:\/\/secure.gravatar.com\/avatar\/392b4cc8fbfeb00b39dfeeab4ee6edded39ffd48e25858637e4765810300227e?s=96&d=mm&r=g","caption":"Developer"},"url":"https:\/\/qtmm.org\/qt\/author\/Developer\/"}]}},"_links":{"self":[{"href":"https:\/\/qtmm.org\/qt\/wp-json\/wp\/v2\/posts\/32864","targetHints":{"allow":["GET"]}}],"collection":[{"href":"https:\/\/qtmm.org\/qt\/wp-json\/wp\/v2\/posts"}],"about":[{"href":"https:\/\/qtmm.org\/qt\/wp-json\/wp\/v2\/types\/post"}],"author":[{"embeddable":true,"href":"https:\/\/qtmm.org\/qt\/wp-json\/wp\/v2\/users\/1"}],"replies":[{"embeddable":true,"href":"https:\/\/qtmm.org\/qt\/wp-json\/wp\/v2\/comments?post=32864"}],"version-history":[{"count":1,"href":"https:\/\/qtmm.org\/qt\/wp-json\/wp\/v2\/posts\/32864\/revisions"}],"predecessor-version":[{"id":32867,"href":"https:\/\/qtmm.org\/qt\/wp-json\/wp\/v2\/posts\/32864\/revisions\/32867"}],"wp:attachment":[{"href":"https:\/\/qtmm.org\/qt\/wp-json\/wp\/v2\/media?parent=32864"}],"wp:term":[{"taxonomy":"category","embeddable":true,"href":"https:\/\/qtmm.org\/qt\/wp-json\/wp\/v2\/categories?post=32864"},{"taxonomy":"post_tag","embeddable":true,"href":"https:\/\/qtmm.org\/qt\/wp-json\/wp\/v2\/tags?post=32864"}],"curies":[{"name":"wp","href":"https:\/\/api.w.org\/{rel}","templated":true}]}}