




{"id":32840,"date":"2012-07-22T23:19:00","date_gmt":"2012-07-22T20:19:00","guid":{"rendered":"http:\/\/qtmm.org\/?p=32840"},"modified":"2022-01-21T23:21:20","modified_gmt":"2022-01-21T20:21:20","slug":"meclis-reisi-mustafa-cemilev-v-qurultaynin-delegatlarina-mahsuldar-ve-semereli-calisqanlari-icun-tesekkur-bildirdi","status":"publish","type":"post","link":"https:\/\/qtmm.org\/qt\/meclis-reisi-mustafa-cemilev-v-qurultaynin-delegatlarina-mahsuldar-ve-semereli-calisqanlari-icun-tesekkur-bildirdi\/","title":{"rendered":"Meclis reisi Mustafa Cemilev V Qurultayn\u0131\u00f1 delegatlar\u0131na mahsuldar ve semereli \u00e7al\u0131\u015fqanlar\u0131 i\u00e7\u00fcn te\u015fekk\u00fcr bildirdi"},"content":{"rendered":"\n<p>22 iy\u00fcl k\u00fcn\u00fc V \u00e7a\u011f\u0131r\u0131l\u0131\u015f Qurultay\u0131 4-nci sessiyas\u0131n\u0131\u00f1 i\u015fine yek\u00fcn \u00e7ekken Meclis reisi Mustafa Cemilev delegatlar\u011fa mahsuldar ve semereli \u00e7al\u0131\u015fqanlar\u0131 i\u00e7\u00fcn te\u015fekk\u00fcr bildirdi<\/p>\n\n\n\n<p>&#8220;V \u00e7a\u011f\u0131r\u0131l\u0131\u015f Qurultay\u0131n\u0131\u00f1 4-nci sessiyas\u0131n\u0131\u00f1 k\u00fcn tertibine qoyul\u011fan meseleler delegatlar taraf\u0131ndan baq\u0131ld\u0131, muzakere etildi ve er biri boyunca ait qararlar al\u0131nd\u0131&#8221;, &#8211; dep qayd etti M. Cemilev.<\/p>\n\n\n\n<p>M.Cemilev emin ki, V \u00e7a\u011f\u0131r\u0131l\u0131\u015f Qurultay\u0131n\u0131\u00f1 4-nci sessiyas\u0131nda qabul etilgen qararlar, vesiqalar\u011fa kirsetilgen de\u00f1i\u015fme ve qo\u015fumcalar sayesinde q\u0131r\u0131mtatarlarn\u0131\u00f1 milliy sistemas\u0131 a\u00e7\u0131q ve demokratik ol\u011fan\u0131n\u0131 daa bir kere isbat etti.<\/p>\n\n\n\n<p>&#8220;Eger biz bu y\u00f6neli\u015fte \u00e7al\u0131\u015fmaqn\u0131 devam etsek ve daima demokratik ol\u0131p, \u00f6z-\u00f6z\u00fcmizni idare et\u00fcv milliy organlar\u0131na saylavlarda sahtek\u00e2rl\u0131qqa yol bermesek q\u0131r\u0131mtatar halq\u0131 \u00f6z milliy akimiyet organlar\u0131na daa ziyade i\u015fan\u0131r ve \u00f6z vekillerini saylar&#8221;, &#8211; dep devam etti Meclis reisi.<\/p>\n\n\n\n<figure class=\"wp-block-image size-full\"><img loading=\"lazy\" decoding=\"async\" width=\"800\" height=\"492\" src=\"http:\/\/qtmm.org\/wp-content\/uploads\/2022\/01\/img_0997_2.jpeg\" alt=\"\" class=\"wp-image-32853\" srcset=\"https:\/\/qtmm.org\/wp-content\/uploads\/2022\/01\/img_0997_2.jpeg 800w, https:\/\/qtmm.org\/wp-content\/uploads\/2022\/01\/img_0997_2-300x185.jpeg 300w, https:\/\/qtmm.org\/wp-content\/uploads\/2022\/01\/img_0997_2-768x472.jpeg 768w\" sizes=\"auto, (max-width: 800px) 100vw, 800px\" \/><\/figure>\n\n\n\n<p>Meclis reisi Mustafa Cemilev delegatlar\u011fa &#8220;Ukraina halq deputatlar\u0131n\u0131 saylav ve q\u0131r\u0131mtatar halq\u0131 \u00f6z-\u00f6z\u00fcni idare et\u00fcv milliy organlar\u0131n\u0131\u00f1 vazifeleri aqq\u0131nda Qurultayn\u0131\u00f1 qarar\u0131&#8221;n\u0131 eda et\u00fcv \u00e7er\u00e7ivesinde q\u0131r\u0131mtatarlarn\u0131\u00f1 2012 senesi okt\u00e2br 28-de olacaq saylavlarda q\u0131r\u0131mtatarlarn\u0131\u00f1 pozitsiyas\u0131 aqq\u0131nda qarar aluvda Mecliske i\u015fan\u00e7 bildirgen delegatlar\u011fa minnetdarl\u0131q bildirdi.<\/p>\n\n\n\n<p>\u00c7\u0131q\u0131\u015f\u0131n\u0131\u00f1 so\u00f1unda Mustafa Cemilev V \u00e7a\u011f\u0131r\u0131l\u0131\u015f Qurultay\u0131n\u0131\u00f1 4-nci sessiyas\u0131n\u0131 az\u0131rlav ve ke\u00e7ir\u00fcvde yard\u0131m etken, bun\u0131\u00f1 kibi de Qurultayn\u0131\u00f1 21-22 iy\u00fcl k\u00fcnlerinde i\u015fini canl\u0131 yay\u0131nla\u011fan ATR televizion kanal\u0131n\u0131\u00f1 h\u0131zmetlerini ayr\u0131ca qayd etti. &#8220;Ukraina ve on\u0131\u00f1 t\u0131\u015f\u0131nda ya\u015fa\u011fan q\u0131r\u0131mtatarlar milliy qurultayn\u0131\u00f1 i\u015fini k\u00f6zetmek imk\u00e2n\u0131na malik old\u0131lar&#8221;, &#8211; dedi M. Cemilev.<\/p>\n\n\n\n<figure class=\"wp-block-image size-full\"><img loading=\"lazy\" decoding=\"async\" width=\"650\" height=\"300\" src=\"http:\/\/qtmm.org\/wp-content\/uploads\/2022\/01\/img_1224.jpeg\" alt=\"\" class=\"wp-image-32857\" srcset=\"https:\/\/qtmm.org\/wp-content\/uploads\/2022\/01\/img_1224.jpeg 650w, https:\/\/qtmm.org\/wp-content\/uploads\/2022\/01\/img_1224-300x138.jpeg 300w\" sizes=\"auto, (max-width: 650px) 100vw, 650px\" \/><\/figure>\n\n\n\n<p>Bundan da \u011fayr\u0131 M. Cemilev Qurultay delegatlar\u0131n\u0131\u00f1 ad\u0131ndan V \u00e7a\u011f\u0131r\u0131l\u0131\u015f Qurultay\u0131 4-nci sessiyas\u0131n\u0131\u00f1 ke\u00e7irilmesini maddiy ceetten teminlegen Q\u0131r\u0131m halqara biznes birle\u015fmesine de te\u015fekk\u00fcr bildirdi.<\/p>\n\n\n\n<p><em>\u015eun\u0131 hat\u0131rlatam\u0131z ki, iy\u00fcl 21-22 k\u00fcnleri Aqmescitte Q\u0131r\u0131mtatar halq\u0131 V \u00e7a\u011f\u0131r\u0131l\u0131\u015f Qurultay\u0131n\u0131\u00f1 4-nci sessiyas\u0131 ol\u0131p ke\u00e7ti. Eki k\u00fcnl\u00fck i\u015f devam\u0131nda Qurultay delegatlar\u0131n\u0131 saylav printsipleri, 2012 senesi okt\u00e2br ay\u0131nda olacaq Ukraina halq deputatlar\u0131n\u0131 saylavlar, q\u0131r\u0131mtatar halq\u0131n\u0131\u00f1 resmiy simvollar\u0131 \u2013 milliy bayraq, tu\u011fra ve gimni, Q\u0131r\u0131mtatar halq\u0131 Qurultay delegatlar\u0131n\u0131 saylav boyunca Merkeziy saylav komissiyas\u0131 aqq\u0131nda meseleler baq\u0131ld\u0131.<\/em><\/p>\n\n\n\n<p><em>Kurultay i\u015finde 200 delegat, Ukrainada akkreditatsiyadan ke\u00e7ken el\u00e7ilikler, halqara te\u015fkil\u00e2tlar, Ukraina ve Q\u0131r\u0131m akimiyetini\u00f1 ve bun\u0131\u00f1 kibi de Amerika, T\u00fcrkiye, Romaniyadaki q\u0131r\u0131mtatar diasporas\u0131n\u0131\u00f1 vekilleri i\u015ftirak ettiler.<\/em><\/p>\n","protected":false},"excerpt":{"rendered":"<p>22 iy\u00fcl k\u00fcn\u00fc V \u00e7a\u011f\u0131r\u0131l\u0131\u015f Qurultay\u0131 4-nci sessiyas\u0131n\u0131\u00f1 i\u015fine yek\u00fcn \u00e7ekken Meclis reisi Mustafa Cemilev delegatlar\u011fa mahsuldar ve semereli \u00e7al\u0131\u015fqanlar\u0131 i\u00e7\u00fcn te\u015fekk\u00fcr bildirdi &#8220;V \u00e7a\u011f\u0131r\u0131l\u0131\u015f Qurultay\u0131n\u0131\u00f1 4-nci sessiyas\u0131n\u0131\u00f1 k\u00fcn tertibine qoyul\u011fan meseleler delegatlar taraf\u0131ndan baq\u0131ld\u0131, muzakere etildi ve er biri boyunca ait qararlar al\u0131nd\u0131&#8221;, &#8211; dep qayd etti M. Cemilev. M.Cemilev emin ki, V \u00e7a\u011f\u0131r\u0131l\u0131\u015f [&hellip;]<\/p>\n","protected":false},"author":1,"featured_media":32845,"comment_status":"open","ping_status":"open","sticky":false,"template":"","format":"standard","meta":{"inline_featured_image":false,"footnotes":""},"categories":[265],"tags":[],"class_list":["post-32840","post","type-post","status-publish","format-standard","has-post-thumbnail","hentry","category-haberler"],"acf":[],"yoast_head":"<!-- This site is optimized with the Yoast SEO plugin v27.4 - https:\/\/yoast.com\/product\/yoast-seo-wordpress\/ -->\n<title>Meclis reisi Mustafa Cemilev V Qurultayn\u0131\u00f1 delegatlar\u0131na mahsuldar ve semereli \u00e7al\u0131\u015fqanlar\u0131 i\u00e7\u00fcn te\u015fekk\u00fcr bildirdi - \u041c\u0435\u0434\u0436\u043b\u0456\u0441<\/title>\n<meta name=\"robots\" content=\"index, follow, max-snippet:-1, max-image-preview:large, max-video-preview:-1\" \/>\n<link rel=\"canonical\" href=\"https:\/\/qtmm.org\/qt\/meclis-reisi-mustafa-cemilev-v-qurultaynin-delegatlarina-mahsuldar-ve-semereli-calisqanlari-icun-tesekkur-bildirdi\/\" \/>\n<meta property=\"og:locale\" content=\"en_US\" \/>\n<meta property=\"og:type\" content=\"article\" \/>\n<meta property=\"og:title\" content=\"Meclis reisi Mustafa Cemilev V Qurultayn\u0131\u00f1 delegatlar\u0131na mahsuldar ve semereli \u00e7al\u0131\u015fqanlar\u0131 i\u00e7\u00fcn te\u015fekk\u00fcr bildirdi - \u041c\u0435\u0434\u0436\u043b\u0456\u0441\" \/>\n<meta property=\"og:description\" content=\"22 iy\u00fcl k\u00fcn\u00fc V \u00e7a\u011f\u0131r\u0131l\u0131\u015f Qurultay\u0131 4-nci sessiyas\u0131n\u0131\u00f1 i\u015fine yek\u00fcn \u00e7ekken Meclis reisi Mustafa Cemilev delegatlar\u011fa mahsuldar ve semereli \u00e7al\u0131\u015fqanlar\u0131 i\u00e7\u00fcn te\u015fekk\u00fcr bildirdi &#8220;V \u00e7a\u011f\u0131r\u0131l\u0131\u015f Qurultay\u0131n\u0131\u00f1 4-nci sessiyas\u0131n\u0131\u00f1 k\u00fcn tertibine qoyul\u011fan meseleler delegatlar taraf\u0131ndan baq\u0131ld\u0131, muzakere etildi ve er biri boyunca ait qararlar al\u0131nd\u0131&#8221;, &#8211; dep qayd etti M. Cemilev. M.Cemilev emin ki, V \u00e7a\u011f\u0131r\u0131l\u0131\u015f [&hellip;]\" \/>\n<meta property=\"og:url\" content=\"https:\/\/qtmm.org\/qt\/meclis-reisi-mustafa-cemilev-v-qurultaynin-delegatlarina-mahsuldar-ve-semereli-calisqanlari-icun-tesekkur-bildirdi\/\" \/>\n<meta property=\"og:site_name\" content=\"\u041c\u0435\u0434\u0436\u043b\u0456\u0441\" \/>\n<meta property=\"article:publisher\" content=\"https:\/\/www.facebook.com\/qtmm.info\/\" \/>\n<meta property=\"article:published_time\" content=\"2012-07-22T20:19:00+00:00\" \/>\n<meta property=\"article:modified_time\" content=\"2022-01-21T20:21:20+00:00\" \/>\n<meta property=\"og:image\" content=\"https:\/\/qtmm.org\/wp-content\/uploads\/2022\/01\/img_1220.jpeg\" \/>\n\t<meta property=\"og:image:width\" content=\"650\" \/>\n\t<meta property=\"og:image:height\" content=\"445\" \/>\n\t<meta property=\"og:image:type\" content=\"image\/jpeg\" \/>\n<meta name=\"author\" content=\"Developer\" \/>\n<meta name=\"twitter:card\" content=\"summary_large_image\" \/>\n<meta name=\"twitter:label1\" content=\"Written by\" \/>\n\t<meta name=\"twitter:data1\" content=\"Developer\" \/>\n\t<meta name=\"twitter:label2\" content=\"Est. reading time\" \/>\n\t<meta name=\"twitter:data2\" content=\"2 minutes\" \/>\n<script type=\"application\/ld+json\" class=\"yoast-schema-graph\">{\"@context\":\"https:\\\/\\\/schema.org\",\"@graph\":[{\"@type\":\"Article\",\"@id\":\"https:\\\/\\\/qtmm.org\\\/qt\\\/meclis-reisi-mustafa-cemilev-v-qurultaynin-delegatlarina-mahsuldar-ve-semereli-calisqanlari-icun-tesekkur-bildirdi\\\/#article\",\"isPartOf\":{\"@id\":\"https:\\\/\\\/qtmm.org\\\/qt\\\/meclis-reisi-mustafa-cemilev-v-qurultaynin-delegatlarina-mahsuldar-ve-semereli-calisqanlari-icun-tesekkur-bildirdi\\\/\"},\"author\":{\"name\":\"Developer\",\"@id\":\"https:\\\/\\\/qtmm.org\\\/qt\\\/#\\\/schema\\\/person\\\/de562469f971dec226ac06e60bbf74a7\"},\"headline\":\"Meclis reisi Mustafa Cemilev V Qurultayn\u0131\u00f1 delegatlar\u0131na mahsuldar ve semereli \u00e7al\u0131\u015fqanlar\u0131 i\u00e7\u00fcn te\u015fekk\u00fcr bildirdi\",\"datePublished\":\"2012-07-22T20:19:00+00:00\",\"dateModified\":\"2022-01-21T20:21:20+00:00\",\"mainEntityOfPage\":{\"@id\":\"https:\\\/\\\/qtmm.org\\\/qt\\\/meclis-reisi-mustafa-cemilev-v-qurultaynin-delegatlarina-mahsuldar-ve-semereli-calisqanlari-icun-tesekkur-bildirdi\\\/\"},\"wordCount\":476,\"commentCount\":0,\"publisher\":{\"@id\":\"https:\\\/\\\/qtmm.org\\\/qt\\\/#organization\"},\"image\":{\"@id\":\"https:\\\/\\\/qtmm.org\\\/qt\\\/meclis-reisi-mustafa-cemilev-v-qurultaynin-delegatlarina-mahsuldar-ve-semereli-calisqanlari-icun-tesekkur-bildirdi\\\/#primaryimage\"},\"thumbnailUrl\":\"https:\\\/\\\/qtmm.org\\\/wp-content\\\/uploads\\\/2022\\\/01\\\/img_1220.jpeg\",\"articleSection\":[\"Haberler\"],\"inLanguage\":\"qt\",\"potentialAction\":[{\"@type\":\"CommentAction\",\"name\":\"Comment\",\"target\":[\"https:\\\/\\\/qtmm.org\\\/qt\\\/meclis-reisi-mustafa-cemilev-v-qurultaynin-delegatlarina-mahsuldar-ve-semereli-calisqanlari-icun-tesekkur-bildirdi\\\/#respond\"]}]},{\"@type\":\"WebPage\",\"@id\":\"https:\\\/\\\/qtmm.org\\\/qt\\\/meclis-reisi-mustafa-cemilev-v-qurultaynin-delegatlarina-mahsuldar-ve-semereli-calisqanlari-icun-tesekkur-bildirdi\\\/\",\"url\":\"https:\\\/\\\/qtmm.org\\\/qt\\\/meclis-reisi-mustafa-cemilev-v-qurultaynin-delegatlarina-mahsuldar-ve-semereli-calisqanlari-icun-tesekkur-bildirdi\\\/\",\"name\":\"Meclis reisi Mustafa Cemilev V Qurultayn\u0131\u00f1 delegatlar\u0131na mahsuldar ve semereli \u00e7al\u0131\u015fqanlar\u0131 i\u00e7\u00fcn te\u015fekk\u00fcr bildirdi - \u041c\u0435\u0434\u0436\u043b\u0456\u0441\",\"isPartOf\":{\"@id\":\"https:\\\/\\\/qtmm.org\\\/qt\\\/#website\"},\"primaryImageOfPage\":{\"@id\":\"https:\\\/\\\/qtmm.org\\\/qt\\\/meclis-reisi-mustafa-cemilev-v-qurultaynin-delegatlarina-mahsuldar-ve-semereli-calisqanlari-icun-tesekkur-bildirdi\\\/#primaryimage\"},\"image\":{\"@id\":\"https:\\\/\\\/qtmm.org\\\/qt\\\/meclis-reisi-mustafa-cemilev-v-qurultaynin-delegatlarina-mahsuldar-ve-semereli-calisqanlari-icun-tesekkur-bildirdi\\\/#primaryimage\"},\"thumbnailUrl\":\"https:\\\/\\\/qtmm.org\\\/wp-content\\\/uploads\\\/2022\\\/01\\\/img_1220.jpeg\",\"datePublished\":\"2012-07-22T20:19:00+00:00\",\"dateModified\":\"2022-01-21T20:21:20+00:00\",\"breadcrumb\":{\"@id\":\"https:\\\/\\\/qtmm.org\\\/qt\\\/meclis-reisi-mustafa-cemilev-v-qurultaynin-delegatlarina-mahsuldar-ve-semereli-calisqanlari-icun-tesekkur-bildirdi\\\/#breadcrumb\"},\"inLanguage\":\"qt\",\"potentialAction\":[{\"@type\":\"ReadAction\",\"target\":[\"https:\\\/\\\/qtmm.org\\\/qt\\\/meclis-reisi-mustafa-cemilev-v-qurultaynin-delegatlarina-mahsuldar-ve-semereli-calisqanlari-icun-tesekkur-bildirdi\\\/\"]}]},{\"@type\":\"ImageObject\",\"inLanguage\":\"qt\",\"@id\":\"https:\\\/\\\/qtmm.org\\\/qt\\\/meclis-reisi-mustafa-cemilev-v-qurultaynin-delegatlarina-mahsuldar-ve-semereli-calisqanlari-icun-tesekkur-bildirdi\\\/#primaryimage\",\"url\":\"https:\\\/\\\/qtmm.org\\\/wp-content\\\/uploads\\\/2022\\\/01\\\/img_1220.jpeg\",\"contentUrl\":\"https:\\\/\\\/qtmm.org\\\/wp-content\\\/uploads\\\/2022\\\/01\\\/img_1220.jpeg\",\"width\":650,\"height\":445},{\"@type\":\"BreadcrumbList\",\"@id\":\"https:\\\/\\\/qtmm.org\\\/qt\\\/meclis-reisi-mustafa-cemilev-v-qurultaynin-delegatlarina-mahsuldar-ve-semereli-calisqanlari-icun-tesekkur-bildirdi\\\/#breadcrumb\",\"itemListElement\":[{\"@type\":\"ListItem\",\"position\":1,\"name\":\"\u0413\u043e\u043b\u043e\u0432\u043d\u0430\",\"item\":\"https:\\\/\\\/qtmm.org\\\/qt\\\/\"},{\"@type\":\"ListItem\",\"position\":2,\"name\":\"Meclis reisi Mustafa Cemilev V Qurultayn\u0131\u00f1 delegatlar\u0131na mahsuldar ve semereli \u00e7al\u0131\u015fqanlar\u0131 i\u00e7\u00fcn te\u015fekk\u00fcr bildirdi\"}]},{\"@type\":\"WebSite\",\"@id\":\"https:\\\/\\\/qtmm.org\\\/qt\\\/#website\",\"url\":\"https:\\\/\\\/qtmm.org\\\/qt\\\/\",\"name\":\"\u041c\u0435\u0434\u0436\u043b\u0456\u0441\",\"description\":\"\",\"publisher\":{\"@id\":\"https:\\\/\\\/qtmm.org\\\/qt\\\/#organization\"},\"potentialAction\":[{\"@type\":\"SearchAction\",\"target\":{\"@type\":\"EntryPoint\",\"urlTemplate\":\"https:\\\/\\\/qtmm.org\\\/qt\\\/?s={search_term_string}\"},\"query-input\":{\"@type\":\"PropertyValueSpecification\",\"valueRequired\":true,\"valueName\":\"search_term_string\"}}],\"inLanguage\":\"qt\"},{\"@type\":\"Organization\",\"@id\":\"https:\\\/\\\/qtmm.org\\\/qt\\\/#organization\",\"name\":\"\u041c\u0435\u0434\u0436\u043b\u0456\u0441\",\"url\":\"https:\\\/\\\/qtmm.org\\\/qt\\\/\",\"logo\":{\"@type\":\"ImageObject\",\"inLanguage\":\"qt\",\"@id\":\"https:\\\/\\\/qtmm.org\\\/qt\\\/#\\\/schema\\\/logo\\\/image\\\/\",\"url\":\"https:\\\/\\\/qtmm.org\\\/wp-content\\\/uploads\\\/2024\\\/12\\\/ua-mejlis-logo-rgb.svg\",\"contentUrl\":\"https:\\\/\\\/qtmm.org\\\/wp-content\\\/uploads\\\/2024\\\/12\\\/ua-mejlis-logo-rgb.svg\",\"caption\":\"\u041c\u0435\u0434\u0436\u043b\u0456\u0441\"},\"image\":{\"@id\":\"https:\\\/\\\/qtmm.org\\\/qt\\\/#\\\/schema\\\/logo\\\/image\\\/\"},\"sameAs\":[\"https:\\\/\\\/www.facebook.com\\\/qtmm.info\\\/\"]},{\"@type\":\"Person\",\"@id\":\"https:\\\/\\\/qtmm.org\\\/qt\\\/#\\\/schema\\\/person\\\/de562469f971dec226ac06e60bbf74a7\",\"name\":\"Developer\",\"image\":{\"@type\":\"ImageObject\",\"inLanguage\":\"qt\",\"@id\":\"https:\\\/\\\/secure.gravatar.com\\\/avatar\\\/392b4cc8fbfeb00b39dfeeab4ee6edded39ffd48e25858637e4765810300227e?s=96&d=mm&r=g\",\"url\":\"https:\\\/\\\/secure.gravatar.com\\\/avatar\\\/392b4cc8fbfeb00b39dfeeab4ee6edded39ffd48e25858637e4765810300227e?s=96&d=mm&r=g\",\"contentUrl\":\"https:\\\/\\\/secure.gravatar.com\\\/avatar\\\/392b4cc8fbfeb00b39dfeeab4ee6edded39ffd48e25858637e4765810300227e?s=96&d=mm&r=g\",\"caption\":\"Developer\"},\"url\":\"https:\\\/\\\/qtmm.org\\\/qt\\\/author\\\/Developer\\\/\"}]}<\/script>\n<!-- \/ Yoast SEO plugin. -->","yoast_head_json":{"title":"Meclis reisi Mustafa Cemilev V Qurultayn\u0131\u00f1 delegatlar\u0131na mahsuldar ve semereli \u00e7al\u0131\u015fqanlar\u0131 i\u00e7\u00fcn te\u015fekk\u00fcr bildirdi - \u041c\u0435\u0434\u0436\u043b\u0456\u0441","robots":{"index":"index","follow":"follow","max-snippet":"max-snippet:-1","max-image-preview":"max-image-preview:large","max-video-preview":"max-video-preview:-1"},"canonical":"https:\/\/qtmm.org\/qt\/meclis-reisi-mustafa-cemilev-v-qurultaynin-delegatlarina-mahsuldar-ve-semereli-calisqanlari-icun-tesekkur-bildirdi\/","og_locale":"en_US","og_type":"article","og_title":"Meclis reisi Mustafa Cemilev V Qurultayn\u0131\u00f1 delegatlar\u0131na mahsuldar ve semereli \u00e7al\u0131\u015fqanlar\u0131 i\u00e7\u00fcn te\u015fekk\u00fcr bildirdi - \u041c\u0435\u0434\u0436\u043b\u0456\u0441","og_description":"22 iy\u00fcl k\u00fcn\u00fc V \u00e7a\u011f\u0131r\u0131l\u0131\u015f Qurultay\u0131 4-nci sessiyas\u0131n\u0131\u00f1 i\u015fine yek\u00fcn \u00e7ekken Meclis reisi Mustafa Cemilev delegatlar\u011fa mahsuldar ve semereli \u00e7al\u0131\u015fqanlar\u0131 i\u00e7\u00fcn te\u015fekk\u00fcr bildirdi &#8220;V \u00e7a\u011f\u0131r\u0131l\u0131\u015f Qurultay\u0131n\u0131\u00f1 4-nci sessiyas\u0131n\u0131\u00f1 k\u00fcn tertibine qoyul\u011fan meseleler delegatlar taraf\u0131ndan baq\u0131ld\u0131, muzakere etildi ve er biri boyunca ait qararlar al\u0131nd\u0131&#8221;, &#8211; dep qayd etti M. Cemilev. M.Cemilev emin ki, V \u00e7a\u011f\u0131r\u0131l\u0131\u015f [&hellip;]","og_url":"https:\/\/qtmm.org\/qt\/meclis-reisi-mustafa-cemilev-v-qurultaynin-delegatlarina-mahsuldar-ve-semereli-calisqanlari-icun-tesekkur-bildirdi\/","og_site_name":"\u041c\u0435\u0434\u0436\u043b\u0456\u0441","article_publisher":"https:\/\/www.facebook.com\/qtmm.info\/","article_published_time":"2012-07-22T20:19:00+00:00","article_modified_time":"2022-01-21T20:21:20+00:00","og_image":[{"width":650,"height":445,"url":"https:\/\/qtmm.org\/wp-content\/uploads\/2022\/01\/img_1220.jpeg","type":"image\/jpeg"}],"author":"Developer","twitter_card":"summary_large_image","twitter_misc":{"Written by":"Developer","Est. reading time":"2 minutes"},"schema":{"@context":"https:\/\/schema.org","@graph":[{"@type":"Article","@id":"https:\/\/qtmm.org\/qt\/meclis-reisi-mustafa-cemilev-v-qurultaynin-delegatlarina-mahsuldar-ve-semereli-calisqanlari-icun-tesekkur-bildirdi\/#article","isPartOf":{"@id":"https:\/\/qtmm.org\/qt\/meclis-reisi-mustafa-cemilev-v-qurultaynin-delegatlarina-mahsuldar-ve-semereli-calisqanlari-icun-tesekkur-bildirdi\/"},"author":{"name":"Developer","@id":"https:\/\/qtmm.org\/qt\/#\/schema\/person\/de562469f971dec226ac06e60bbf74a7"},"headline":"Meclis reisi Mustafa Cemilev V Qurultayn\u0131\u00f1 delegatlar\u0131na mahsuldar ve semereli \u00e7al\u0131\u015fqanlar\u0131 i\u00e7\u00fcn te\u015fekk\u00fcr bildirdi","datePublished":"2012-07-22T20:19:00+00:00","dateModified":"2022-01-21T20:21:20+00:00","mainEntityOfPage":{"@id":"https:\/\/qtmm.org\/qt\/meclis-reisi-mustafa-cemilev-v-qurultaynin-delegatlarina-mahsuldar-ve-semereli-calisqanlari-icun-tesekkur-bildirdi\/"},"wordCount":476,"commentCount":0,"publisher":{"@id":"https:\/\/qtmm.org\/qt\/#organization"},"image":{"@id":"https:\/\/qtmm.org\/qt\/meclis-reisi-mustafa-cemilev-v-qurultaynin-delegatlarina-mahsuldar-ve-semereli-calisqanlari-icun-tesekkur-bildirdi\/#primaryimage"},"thumbnailUrl":"https:\/\/qtmm.org\/wp-content\/uploads\/2022\/01\/img_1220.jpeg","articleSection":["Haberler"],"inLanguage":"qt","potentialAction":[{"@type":"CommentAction","name":"Comment","target":["https:\/\/qtmm.org\/qt\/meclis-reisi-mustafa-cemilev-v-qurultaynin-delegatlarina-mahsuldar-ve-semereli-calisqanlari-icun-tesekkur-bildirdi\/#respond"]}]},{"@type":"WebPage","@id":"https:\/\/qtmm.org\/qt\/meclis-reisi-mustafa-cemilev-v-qurultaynin-delegatlarina-mahsuldar-ve-semereli-calisqanlari-icun-tesekkur-bildirdi\/","url":"https:\/\/qtmm.org\/qt\/meclis-reisi-mustafa-cemilev-v-qurultaynin-delegatlarina-mahsuldar-ve-semereli-calisqanlari-icun-tesekkur-bildirdi\/","name":"Meclis reisi Mustafa Cemilev V Qurultayn\u0131\u00f1 delegatlar\u0131na mahsuldar ve semereli \u00e7al\u0131\u015fqanlar\u0131 i\u00e7\u00fcn te\u015fekk\u00fcr bildirdi - \u041c\u0435\u0434\u0436\u043b\u0456\u0441","isPartOf":{"@id":"https:\/\/qtmm.org\/qt\/#website"},"primaryImageOfPage":{"@id":"https:\/\/qtmm.org\/qt\/meclis-reisi-mustafa-cemilev-v-qurultaynin-delegatlarina-mahsuldar-ve-semereli-calisqanlari-icun-tesekkur-bildirdi\/#primaryimage"},"image":{"@id":"https:\/\/qtmm.org\/qt\/meclis-reisi-mustafa-cemilev-v-qurultaynin-delegatlarina-mahsuldar-ve-semereli-calisqanlari-icun-tesekkur-bildirdi\/#primaryimage"},"thumbnailUrl":"https:\/\/qtmm.org\/wp-content\/uploads\/2022\/01\/img_1220.jpeg","datePublished":"2012-07-22T20:19:00+00:00","dateModified":"2022-01-21T20:21:20+00:00","breadcrumb":{"@id":"https:\/\/qtmm.org\/qt\/meclis-reisi-mustafa-cemilev-v-qurultaynin-delegatlarina-mahsuldar-ve-semereli-calisqanlari-icun-tesekkur-bildirdi\/#breadcrumb"},"inLanguage":"qt","potentialAction":[{"@type":"ReadAction","target":["https:\/\/qtmm.org\/qt\/meclis-reisi-mustafa-cemilev-v-qurultaynin-delegatlarina-mahsuldar-ve-semereli-calisqanlari-icun-tesekkur-bildirdi\/"]}]},{"@type":"ImageObject","inLanguage":"qt","@id":"https:\/\/qtmm.org\/qt\/meclis-reisi-mustafa-cemilev-v-qurultaynin-delegatlarina-mahsuldar-ve-semereli-calisqanlari-icun-tesekkur-bildirdi\/#primaryimage","url":"https:\/\/qtmm.org\/wp-content\/uploads\/2022\/01\/img_1220.jpeg","contentUrl":"https:\/\/qtmm.org\/wp-content\/uploads\/2022\/01\/img_1220.jpeg","width":650,"height":445},{"@type":"BreadcrumbList","@id":"https:\/\/qtmm.org\/qt\/meclis-reisi-mustafa-cemilev-v-qurultaynin-delegatlarina-mahsuldar-ve-semereli-calisqanlari-icun-tesekkur-bildirdi\/#breadcrumb","itemListElement":[{"@type":"ListItem","position":1,"name":"\u0413\u043e\u043b\u043e\u0432\u043d\u0430","item":"https:\/\/qtmm.org\/qt\/"},{"@type":"ListItem","position":2,"name":"Meclis reisi Mustafa Cemilev V Qurultayn\u0131\u00f1 delegatlar\u0131na mahsuldar ve semereli \u00e7al\u0131\u015fqanlar\u0131 i\u00e7\u00fcn te\u015fekk\u00fcr bildirdi"}]},{"@type":"WebSite","@id":"https:\/\/qtmm.org\/qt\/#website","url":"https:\/\/qtmm.org\/qt\/","name":"\u041c\u0435\u0434\u0436\u043b\u0456\u0441","description":"","publisher":{"@id":"https:\/\/qtmm.org\/qt\/#organization"},"potentialAction":[{"@type":"SearchAction","target":{"@type":"EntryPoint","urlTemplate":"https:\/\/qtmm.org\/qt\/?s={search_term_string}"},"query-input":{"@type":"PropertyValueSpecification","valueRequired":true,"valueName":"search_term_string"}}],"inLanguage":"qt"},{"@type":"Organization","@id":"https:\/\/qtmm.org\/qt\/#organization","name":"\u041c\u0435\u0434\u0436\u043b\u0456\u0441","url":"https:\/\/qtmm.org\/qt\/","logo":{"@type":"ImageObject","inLanguage":"qt","@id":"https:\/\/qtmm.org\/qt\/#\/schema\/logo\/image\/","url":"https:\/\/qtmm.org\/wp-content\/uploads\/2024\/12\/ua-mejlis-logo-rgb.svg","contentUrl":"https:\/\/qtmm.org\/wp-content\/uploads\/2024\/12\/ua-mejlis-logo-rgb.svg","caption":"\u041c\u0435\u0434\u0436\u043b\u0456\u0441"},"image":{"@id":"https:\/\/qtmm.org\/qt\/#\/schema\/logo\/image\/"},"sameAs":["https:\/\/www.facebook.com\/qtmm.info\/"]},{"@type":"Person","@id":"https:\/\/qtmm.org\/qt\/#\/schema\/person\/de562469f971dec226ac06e60bbf74a7","name":"Developer","image":{"@type":"ImageObject","inLanguage":"qt","@id":"https:\/\/secure.gravatar.com\/avatar\/392b4cc8fbfeb00b39dfeeab4ee6edded39ffd48e25858637e4765810300227e?s=96&d=mm&r=g","url":"https:\/\/secure.gravatar.com\/avatar\/392b4cc8fbfeb00b39dfeeab4ee6edded39ffd48e25858637e4765810300227e?s=96&d=mm&r=g","contentUrl":"https:\/\/secure.gravatar.com\/avatar\/392b4cc8fbfeb00b39dfeeab4ee6edded39ffd48e25858637e4765810300227e?s=96&d=mm&r=g","caption":"Developer"},"url":"https:\/\/qtmm.org\/qt\/author\/Developer\/"}]}},"_links":{"self":[{"href":"https:\/\/qtmm.org\/qt\/wp-json\/wp\/v2\/posts\/32840","targetHints":{"allow":["GET"]}}],"collection":[{"href":"https:\/\/qtmm.org\/qt\/wp-json\/wp\/v2\/posts"}],"about":[{"href":"https:\/\/qtmm.org\/qt\/wp-json\/wp\/v2\/types\/post"}],"author":[{"embeddable":true,"href":"https:\/\/qtmm.org\/qt\/wp-json\/wp\/v2\/users\/1"}],"replies":[{"embeddable":true,"href":"https:\/\/qtmm.org\/qt\/wp-json\/wp\/v2\/comments?post=32840"}],"version-history":[{"count":1,"href":"https:\/\/qtmm.org\/qt\/wp-json\/wp\/v2\/posts\/32840\/revisions"}],"predecessor-version":[{"id":32862,"href":"https:\/\/qtmm.org\/qt\/wp-json\/wp\/v2\/posts\/32840\/revisions\/32862"}],"wp:featuredmedia":[{"embeddable":true,"href":"https:\/\/qtmm.org\/qt\/wp-json\/wp\/v2\/media\/32845"}],"wp:attachment":[{"href":"https:\/\/qtmm.org\/qt\/wp-json\/wp\/v2\/media?parent=32840"}],"wp:term":[{"taxonomy":"category","embeddable":true,"href":"https:\/\/qtmm.org\/qt\/wp-json\/wp\/v2\/categories?post=32840"},{"taxonomy":"post_tag","embeddable":true,"href":"https:\/\/qtmm.org\/qt\/wp-json\/wp\/v2\/tags?post=32840"}],"curies":[{"name":"wp","href":"https:\/\/api.w.org\/{rel}","templated":true}]}}