




{"id":32830,"date":"2012-07-22T23:18:00","date_gmt":"2012-07-22T20:18:00","guid":{"rendered":"http:\/\/qtmm.org\/?p=32830"},"modified":"2022-01-21T23:19:42","modified_gmt":"2022-01-21T20:19:42","slug":"qurultay-m-cemilev-ve-r-cubarovni-ukraina-halq-deputatligina-namzet-olaraq-tevsiye-etmek-qararini-aldi","status":"publish","type":"post","link":"https:\/\/qtmm.org\/qt\/qurultay-m-cemilev-ve-r-cubarovni-ukraina-halq-deputatligina-namzet-olaraq-tevsiye-etmek-qararini-aldi\/","title":{"rendered":"Qurultay M.Cemilev ve R.\u00c7ubarovn\u0131 Ukraina halq deputatl\u0131\u011f\u0131na namzet olaraq tevsiye etmek qarar\u0131n\u0131 ald\u0131"},"content":{"rendered":"\n<p>Q\u0131r\u0131mtatar halq\u0131 V \u00e7a\u011f\u0131r\u0131l\u0131\u015f\u0131 4-nci sessiyas\u0131n\u0131\u00f1 delegatlar\u0131 Q\u0131r\u0131mtatar halq\u0131 Meclisini\u00f1 reisi M.Cemilev ve on\u0131\u00f1 birinci muavini R.\u00c7ubarovn\u0131 Ukraina halq deputatlar\u0131n\u0131 saylavlarda i\u015ftirak etmek i\u00e7\u00fcn cevelge kirsetilmesi i\u00e7\u00fcn Ukraina halq deputatl\u0131\u011f\u0131na namzet olaraq tevsiye etmek qarar\u0131n\u0131 ald\u0131lar.<\/p>\n\n\n\n<p>Mezk\u00fcr qarar i\u00e7\u00fcn Qurultayn\u0131\u00f1 iy\u00fcl 22 k\u00fcn\u00fc qayd etilgen delegatlarn\u0131\u00f1 \u00e7oqlu\u011f\u0131 rey berdi.<\/p>\n\n\n\n<p>Qurultay delegatlar\u0131n\u0131\u00f1 fikrince, qabul etilgen qarar halqn\u0131\u00f1 vek\u00e2letli organ\u0131n\u0131\u00f1 yolba\u015f\u00e7\u0131lar\u0131na i\u015fan\u00e7 artqan\u0131ndan del\u00e2let bere. Bu insanlar Ukraina parlamentine saylan\u011fanlar\u0131 taqdirde q\u0131r\u0131mtatarlarn\u0131\u00f1 menfaatlar\u0131n\u0131 taqdim etecek ve qor\u00e7alaycaqlar\u0131 \u015f\u00fcbesizdir.<\/p>\n\n\n\n<p>\u015eun\u0131 hat\u0131rlatam\u0131z ki, iy\u00fcl 21-22 k\u00fcnleri Aqmescitte Q\u0131r\u0131mtatar halq\u0131 V \u00e7a\u011f\u0131r\u0131l\u0131\u015f Qurultay\u0131n\u0131\u00f1 4-nci sessiyas\u0131 ol\u0131p ke\u00e7ti. Eki k\u00fcnl\u00fck i\u015f devam\u0131nda Qurultay delegatlar\u0131n\u0131 saylav printsipleri, 2012 senesi okt\u00e2br ay\u0131nda olacaq Ukraina halq deputatlar\u0131n\u0131 saylavlar, q\u0131r\u0131mtatar halq\u0131n\u0131\u00f1 resmiy simvollar\u0131 \u2013 milliy bayraq, tu\u011fra ve gimni, Q\u0131r\u0131mtatar halq\u0131 Qurultay delegatlar\u0131n\u0131 saylav boyunca Merkeziy saylav komissiyas\u0131 aqq\u0131nda meseleler baq\u0131ld\u0131.<\/p>\n\n\n\n<p>Kurultay i\u015finde 200 delegat, Ukrainada akkreditatsiyadan ke\u00e7ken el\u00e7ilikler, halqara te\u015fkil\u00e2tlar, Ukraina ve Q\u0131r\u0131m akimiyetini\u00f1 ve bun\u0131\u00f1 kibi de Amerika, T\u00fcrkiye, Romaniyadaki q\u0131r\u0131mtatar diasporas\u0131n\u0131\u00f1 vekilleri i\u015ftirak ettiler.<\/p>\n","protected":false},"excerpt":{"rendered":"<p>Q\u0131r\u0131mtatar halq\u0131 V \u00e7a\u011f\u0131r\u0131l\u0131\u015f\u0131 4-nci sessiyas\u0131n\u0131\u00f1 delegatlar\u0131 Q\u0131r\u0131mtatar halq\u0131 Meclisini\u00f1 reisi M.Cemilev ve on\u0131\u00f1 birinci muavini R.\u00c7ubarovn\u0131 Ukraina halq deputatlar\u0131n\u0131 saylavlarda i\u015ftirak etmek i\u00e7\u00fcn cevelge kirsetilmesi i\u00e7\u00fcn Ukraina halq deputatl\u0131\u011f\u0131na namzet olaraq tevsiye etmek qarar\u0131n\u0131 ald\u0131lar. Mezk\u00fcr qarar i\u00e7\u00fcn Qurultayn\u0131\u00f1 iy\u00fcl 22 k\u00fcn\u00fc qayd etilgen delegatlarn\u0131\u00f1 \u00e7oqlu\u011f\u0131 rey berdi. Qurultay delegatlar\u0131n\u0131\u00f1 fikrince, qabul etilgen qarar [&hellip;]<\/p>\n","protected":false},"author":1,"featured_media":32831,"comment_status":"open","ping_status":"open","sticky":false,"template":"","format":"standard","meta":{"inline_featured_image":false,"footnotes":""},"categories":[265],"tags":[],"class_list":["post-32830","post","type-post","status-publish","format-standard","has-post-thumbnail","hentry","category-haberler"],"acf":[],"yoast_head":"<!-- This site is optimized with the Yoast SEO plugin v27.4 - https:\/\/yoast.com\/product\/yoast-seo-wordpress\/ -->\n<title>Qurultay M.Cemilev ve R.\u00c7ubarovn\u0131 Ukraina halq deputatl\u0131\u011f\u0131na namzet olaraq tevsiye etmek qarar\u0131n\u0131 ald\u0131 - \u041c\u0435\u0434\u0436\u043b\u0456\u0441<\/title>\n<meta name=\"robots\" content=\"index, follow, max-snippet:-1, max-image-preview:large, max-video-preview:-1\" \/>\n<link rel=\"canonical\" href=\"https:\/\/qtmm.org\/qt\/qurultay-m-cemilev-ve-r-cubarovni-ukraina-halq-deputatligina-namzet-olaraq-tevsiye-etmek-qararini-aldi\/\" \/>\n<meta property=\"og:locale\" content=\"en_US\" \/>\n<meta property=\"og:type\" content=\"article\" \/>\n<meta property=\"og:title\" content=\"Qurultay M.Cemilev ve R.\u00c7ubarovn\u0131 Ukraina halq deputatl\u0131\u011f\u0131na namzet olaraq tevsiye etmek qarar\u0131n\u0131 ald\u0131 - \u041c\u0435\u0434\u0436\u043b\u0456\u0441\" \/>\n<meta property=\"og:description\" content=\"Q\u0131r\u0131mtatar halq\u0131 V \u00e7a\u011f\u0131r\u0131l\u0131\u015f\u0131 4-nci sessiyas\u0131n\u0131\u00f1 delegatlar\u0131 Q\u0131r\u0131mtatar halq\u0131 Meclisini\u00f1 reisi M.Cemilev ve on\u0131\u00f1 birinci muavini R.\u00c7ubarovn\u0131 Ukraina halq deputatlar\u0131n\u0131 saylavlarda i\u015ftirak etmek i\u00e7\u00fcn cevelge kirsetilmesi i\u00e7\u00fcn Ukraina halq deputatl\u0131\u011f\u0131na namzet olaraq tevsiye etmek qarar\u0131n\u0131 ald\u0131lar. Mezk\u00fcr qarar i\u00e7\u00fcn Qurultayn\u0131\u00f1 iy\u00fcl 22 k\u00fcn\u00fc qayd etilgen delegatlarn\u0131\u00f1 \u00e7oqlu\u011f\u0131 rey berdi. Qurultay delegatlar\u0131n\u0131\u00f1 fikrince, qabul etilgen qarar [&hellip;]\" \/>\n<meta property=\"og:url\" content=\"https:\/\/qtmm.org\/qt\/qurultay-m-cemilev-ve-r-cubarovni-ukraina-halq-deputatligina-namzet-olaraq-tevsiye-etmek-qararini-aldi\/\" \/>\n<meta property=\"og:site_name\" content=\"\u041c\u0435\u0434\u0436\u043b\u0456\u0441\" \/>\n<meta property=\"article:publisher\" content=\"https:\/\/www.facebook.com\/qtmm.info\/\" \/>\n<meta property=\"article:published_time\" content=\"2012-07-22T20:18:00+00:00\" \/>\n<meta property=\"article:modified_time\" content=\"2022-01-21T20:19:42+00:00\" \/>\n<meta property=\"og:image\" content=\"https:\/\/qtmm.org\/wp-content\/uploads\/2022\/01\/2_62.jpeg\" \/>\n\t<meta property=\"og:image:width\" content=\"650\" \/>\n\t<meta property=\"og:image:height\" content=\"300\" \/>\n\t<meta property=\"og:image:type\" content=\"image\/jpeg\" \/>\n<meta name=\"author\" content=\"Developer\" \/>\n<meta name=\"twitter:card\" content=\"summary_large_image\" \/>\n<meta name=\"twitter:label1\" content=\"Written by\" \/>\n\t<meta name=\"twitter:data1\" content=\"Developer\" \/>\n\t<meta name=\"twitter:label2\" content=\"Est. reading time\" \/>\n\t<meta name=\"twitter:data2\" content=\"1 minute\" \/>\n<script type=\"application\/ld+json\" class=\"yoast-schema-graph\">{\"@context\":\"https:\\\/\\\/schema.org\",\"@graph\":[{\"@type\":\"Article\",\"@id\":\"https:\\\/\\\/qtmm.org\\\/qt\\\/qurultay-m-cemilev-ve-r-cubarovni-ukraina-halq-deputatligina-namzet-olaraq-tevsiye-etmek-qararini-aldi\\\/#article\",\"isPartOf\":{\"@id\":\"https:\\\/\\\/qtmm.org\\\/qt\\\/qurultay-m-cemilev-ve-r-cubarovni-ukraina-halq-deputatligina-namzet-olaraq-tevsiye-etmek-qararini-aldi\\\/\"},\"author\":{\"name\":\"Developer\",\"@id\":\"https:\\\/\\\/qtmm.org\\\/qt\\\/#\\\/schema\\\/person\\\/de562469f971dec226ac06e60bbf74a7\"},\"headline\":\"Qurultay M.Cemilev ve R.\u00c7ubarovn\u0131 Ukraina halq deputatl\u0131\u011f\u0131na namzet olaraq tevsiye etmek qarar\u0131n\u0131 ald\u0131\",\"datePublished\":\"2012-07-22T20:18:00+00:00\",\"dateModified\":\"2022-01-21T20:19:42+00:00\",\"mainEntityOfPage\":{\"@id\":\"https:\\\/\\\/qtmm.org\\\/qt\\\/qurultay-m-cemilev-ve-r-cubarovni-ukraina-halq-deputatligina-namzet-olaraq-tevsiye-etmek-qararini-aldi\\\/\"},\"wordCount\":242,\"commentCount\":0,\"publisher\":{\"@id\":\"https:\\\/\\\/qtmm.org\\\/qt\\\/#organization\"},\"image\":{\"@id\":\"https:\\\/\\\/qtmm.org\\\/qt\\\/qurultay-m-cemilev-ve-r-cubarovni-ukraina-halq-deputatligina-namzet-olaraq-tevsiye-etmek-qararini-aldi\\\/#primaryimage\"},\"thumbnailUrl\":\"https:\\\/\\\/qtmm.org\\\/wp-content\\\/uploads\\\/2022\\\/01\\\/2_62.jpeg\",\"articleSection\":[\"Haberler\"],\"inLanguage\":\"qt\",\"potentialAction\":[{\"@type\":\"CommentAction\",\"name\":\"Comment\",\"target\":[\"https:\\\/\\\/qtmm.org\\\/qt\\\/qurultay-m-cemilev-ve-r-cubarovni-ukraina-halq-deputatligina-namzet-olaraq-tevsiye-etmek-qararini-aldi\\\/#respond\"]}]},{\"@type\":\"WebPage\",\"@id\":\"https:\\\/\\\/qtmm.org\\\/qt\\\/qurultay-m-cemilev-ve-r-cubarovni-ukraina-halq-deputatligina-namzet-olaraq-tevsiye-etmek-qararini-aldi\\\/\",\"url\":\"https:\\\/\\\/qtmm.org\\\/qt\\\/qurultay-m-cemilev-ve-r-cubarovni-ukraina-halq-deputatligina-namzet-olaraq-tevsiye-etmek-qararini-aldi\\\/\",\"name\":\"Qurultay M.Cemilev ve R.\u00c7ubarovn\u0131 Ukraina halq deputatl\u0131\u011f\u0131na namzet olaraq tevsiye etmek qarar\u0131n\u0131 ald\u0131 - \u041c\u0435\u0434\u0436\u043b\u0456\u0441\",\"isPartOf\":{\"@id\":\"https:\\\/\\\/qtmm.org\\\/qt\\\/#website\"},\"primaryImageOfPage\":{\"@id\":\"https:\\\/\\\/qtmm.org\\\/qt\\\/qurultay-m-cemilev-ve-r-cubarovni-ukraina-halq-deputatligina-namzet-olaraq-tevsiye-etmek-qararini-aldi\\\/#primaryimage\"},\"image\":{\"@id\":\"https:\\\/\\\/qtmm.org\\\/qt\\\/qurultay-m-cemilev-ve-r-cubarovni-ukraina-halq-deputatligina-namzet-olaraq-tevsiye-etmek-qararini-aldi\\\/#primaryimage\"},\"thumbnailUrl\":\"https:\\\/\\\/qtmm.org\\\/wp-content\\\/uploads\\\/2022\\\/01\\\/2_62.jpeg\",\"datePublished\":\"2012-07-22T20:18:00+00:00\",\"dateModified\":\"2022-01-21T20:19:42+00:00\",\"breadcrumb\":{\"@id\":\"https:\\\/\\\/qtmm.org\\\/qt\\\/qurultay-m-cemilev-ve-r-cubarovni-ukraina-halq-deputatligina-namzet-olaraq-tevsiye-etmek-qararini-aldi\\\/#breadcrumb\"},\"inLanguage\":\"qt\",\"potentialAction\":[{\"@type\":\"ReadAction\",\"target\":[\"https:\\\/\\\/qtmm.org\\\/qt\\\/qurultay-m-cemilev-ve-r-cubarovni-ukraina-halq-deputatligina-namzet-olaraq-tevsiye-etmek-qararini-aldi\\\/\"]}]},{\"@type\":\"ImageObject\",\"inLanguage\":\"qt\",\"@id\":\"https:\\\/\\\/qtmm.org\\\/qt\\\/qurultay-m-cemilev-ve-r-cubarovni-ukraina-halq-deputatligina-namzet-olaraq-tevsiye-etmek-qararini-aldi\\\/#primaryimage\",\"url\":\"https:\\\/\\\/qtmm.org\\\/wp-content\\\/uploads\\\/2022\\\/01\\\/2_62.jpeg\",\"contentUrl\":\"https:\\\/\\\/qtmm.org\\\/wp-content\\\/uploads\\\/2022\\\/01\\\/2_62.jpeg\",\"width\":650,\"height\":300},{\"@type\":\"BreadcrumbList\",\"@id\":\"https:\\\/\\\/qtmm.org\\\/qt\\\/qurultay-m-cemilev-ve-r-cubarovni-ukraina-halq-deputatligina-namzet-olaraq-tevsiye-etmek-qararini-aldi\\\/#breadcrumb\",\"itemListElement\":[{\"@type\":\"ListItem\",\"position\":1,\"name\":\"\u0413\u043e\u043b\u043e\u0432\u043d\u0430\",\"item\":\"https:\\\/\\\/qtmm.org\\\/qt\\\/\"},{\"@type\":\"ListItem\",\"position\":2,\"name\":\"Qurultay M.Cemilev ve R.\u00c7ubarovn\u0131 Ukraina halq deputatl\u0131\u011f\u0131na namzet olaraq tevsiye etmek qarar\u0131n\u0131 ald\u0131\"}]},{\"@type\":\"WebSite\",\"@id\":\"https:\\\/\\\/qtmm.org\\\/qt\\\/#website\",\"url\":\"https:\\\/\\\/qtmm.org\\\/qt\\\/\",\"name\":\"\u041c\u0435\u0434\u0436\u043b\u0456\u0441\",\"description\":\"\",\"publisher\":{\"@id\":\"https:\\\/\\\/qtmm.org\\\/qt\\\/#organization\"},\"potentialAction\":[{\"@type\":\"SearchAction\",\"target\":{\"@type\":\"EntryPoint\",\"urlTemplate\":\"https:\\\/\\\/qtmm.org\\\/qt\\\/?s={search_term_string}\"},\"query-input\":{\"@type\":\"PropertyValueSpecification\",\"valueRequired\":true,\"valueName\":\"search_term_string\"}}],\"inLanguage\":\"qt\"},{\"@type\":\"Organization\",\"@id\":\"https:\\\/\\\/qtmm.org\\\/qt\\\/#organization\",\"name\":\"\u041c\u0435\u0434\u0436\u043b\u0456\u0441\",\"url\":\"https:\\\/\\\/qtmm.org\\\/qt\\\/\",\"logo\":{\"@type\":\"ImageObject\",\"inLanguage\":\"qt\",\"@id\":\"https:\\\/\\\/qtmm.org\\\/qt\\\/#\\\/schema\\\/logo\\\/image\\\/\",\"url\":\"https:\\\/\\\/qtmm.org\\\/wp-content\\\/uploads\\\/2024\\\/12\\\/ua-mejlis-logo-rgb.svg\",\"contentUrl\":\"https:\\\/\\\/qtmm.org\\\/wp-content\\\/uploads\\\/2024\\\/12\\\/ua-mejlis-logo-rgb.svg\",\"caption\":\"\u041c\u0435\u0434\u0436\u043b\u0456\u0441\"},\"image\":{\"@id\":\"https:\\\/\\\/qtmm.org\\\/qt\\\/#\\\/schema\\\/logo\\\/image\\\/\"},\"sameAs\":[\"https:\\\/\\\/www.facebook.com\\\/qtmm.info\\\/\"]},{\"@type\":\"Person\",\"@id\":\"https:\\\/\\\/qtmm.org\\\/qt\\\/#\\\/schema\\\/person\\\/de562469f971dec226ac06e60bbf74a7\",\"name\":\"Developer\",\"image\":{\"@type\":\"ImageObject\",\"inLanguage\":\"qt\",\"@id\":\"https:\\\/\\\/secure.gravatar.com\\\/avatar\\\/392b4cc8fbfeb00b39dfeeab4ee6edded39ffd48e25858637e4765810300227e?s=96&d=mm&r=g\",\"url\":\"https:\\\/\\\/secure.gravatar.com\\\/avatar\\\/392b4cc8fbfeb00b39dfeeab4ee6edded39ffd48e25858637e4765810300227e?s=96&d=mm&r=g\",\"contentUrl\":\"https:\\\/\\\/secure.gravatar.com\\\/avatar\\\/392b4cc8fbfeb00b39dfeeab4ee6edded39ffd48e25858637e4765810300227e?s=96&d=mm&r=g\",\"caption\":\"Developer\"},\"url\":\"https:\\\/\\\/qtmm.org\\\/qt\\\/author\\\/Developer\\\/\"}]}<\/script>\n<!-- \/ Yoast SEO plugin. -->","yoast_head_json":{"title":"Qurultay M.Cemilev ve R.\u00c7ubarovn\u0131 Ukraina halq deputatl\u0131\u011f\u0131na namzet olaraq tevsiye etmek qarar\u0131n\u0131 ald\u0131 - \u041c\u0435\u0434\u0436\u043b\u0456\u0441","robots":{"index":"index","follow":"follow","max-snippet":"max-snippet:-1","max-image-preview":"max-image-preview:large","max-video-preview":"max-video-preview:-1"},"canonical":"https:\/\/qtmm.org\/qt\/qurultay-m-cemilev-ve-r-cubarovni-ukraina-halq-deputatligina-namzet-olaraq-tevsiye-etmek-qararini-aldi\/","og_locale":"en_US","og_type":"article","og_title":"Qurultay M.Cemilev ve R.\u00c7ubarovn\u0131 Ukraina halq deputatl\u0131\u011f\u0131na namzet olaraq tevsiye etmek qarar\u0131n\u0131 ald\u0131 - \u041c\u0435\u0434\u0436\u043b\u0456\u0441","og_description":"Q\u0131r\u0131mtatar halq\u0131 V \u00e7a\u011f\u0131r\u0131l\u0131\u015f\u0131 4-nci sessiyas\u0131n\u0131\u00f1 delegatlar\u0131 Q\u0131r\u0131mtatar halq\u0131 Meclisini\u00f1 reisi M.Cemilev ve on\u0131\u00f1 birinci muavini R.\u00c7ubarovn\u0131 Ukraina halq deputatlar\u0131n\u0131 saylavlarda i\u015ftirak etmek i\u00e7\u00fcn cevelge kirsetilmesi i\u00e7\u00fcn Ukraina halq deputatl\u0131\u011f\u0131na namzet olaraq tevsiye etmek qarar\u0131n\u0131 ald\u0131lar. Mezk\u00fcr qarar i\u00e7\u00fcn Qurultayn\u0131\u00f1 iy\u00fcl 22 k\u00fcn\u00fc qayd etilgen delegatlarn\u0131\u00f1 \u00e7oqlu\u011f\u0131 rey berdi. Qurultay delegatlar\u0131n\u0131\u00f1 fikrince, qabul etilgen qarar [&hellip;]","og_url":"https:\/\/qtmm.org\/qt\/qurultay-m-cemilev-ve-r-cubarovni-ukraina-halq-deputatligina-namzet-olaraq-tevsiye-etmek-qararini-aldi\/","og_site_name":"\u041c\u0435\u0434\u0436\u043b\u0456\u0441","article_publisher":"https:\/\/www.facebook.com\/qtmm.info\/","article_published_time":"2012-07-22T20:18:00+00:00","article_modified_time":"2022-01-21T20:19:42+00:00","og_image":[{"width":650,"height":300,"url":"https:\/\/qtmm.org\/wp-content\/uploads\/2022\/01\/2_62.jpeg","type":"image\/jpeg"}],"author":"Developer","twitter_card":"summary_large_image","twitter_misc":{"Written by":"Developer","Est. reading time":"1 minute"},"schema":{"@context":"https:\/\/schema.org","@graph":[{"@type":"Article","@id":"https:\/\/qtmm.org\/qt\/qurultay-m-cemilev-ve-r-cubarovni-ukraina-halq-deputatligina-namzet-olaraq-tevsiye-etmek-qararini-aldi\/#article","isPartOf":{"@id":"https:\/\/qtmm.org\/qt\/qurultay-m-cemilev-ve-r-cubarovni-ukraina-halq-deputatligina-namzet-olaraq-tevsiye-etmek-qararini-aldi\/"},"author":{"name":"Developer","@id":"https:\/\/qtmm.org\/qt\/#\/schema\/person\/de562469f971dec226ac06e60bbf74a7"},"headline":"Qurultay M.Cemilev ve R.\u00c7ubarovn\u0131 Ukraina halq deputatl\u0131\u011f\u0131na namzet olaraq tevsiye etmek qarar\u0131n\u0131 ald\u0131","datePublished":"2012-07-22T20:18:00+00:00","dateModified":"2022-01-21T20:19:42+00:00","mainEntityOfPage":{"@id":"https:\/\/qtmm.org\/qt\/qurultay-m-cemilev-ve-r-cubarovni-ukraina-halq-deputatligina-namzet-olaraq-tevsiye-etmek-qararini-aldi\/"},"wordCount":242,"commentCount":0,"publisher":{"@id":"https:\/\/qtmm.org\/qt\/#organization"},"image":{"@id":"https:\/\/qtmm.org\/qt\/qurultay-m-cemilev-ve-r-cubarovni-ukraina-halq-deputatligina-namzet-olaraq-tevsiye-etmek-qararini-aldi\/#primaryimage"},"thumbnailUrl":"https:\/\/qtmm.org\/wp-content\/uploads\/2022\/01\/2_62.jpeg","articleSection":["Haberler"],"inLanguage":"qt","potentialAction":[{"@type":"CommentAction","name":"Comment","target":["https:\/\/qtmm.org\/qt\/qurultay-m-cemilev-ve-r-cubarovni-ukraina-halq-deputatligina-namzet-olaraq-tevsiye-etmek-qararini-aldi\/#respond"]}]},{"@type":"WebPage","@id":"https:\/\/qtmm.org\/qt\/qurultay-m-cemilev-ve-r-cubarovni-ukraina-halq-deputatligina-namzet-olaraq-tevsiye-etmek-qararini-aldi\/","url":"https:\/\/qtmm.org\/qt\/qurultay-m-cemilev-ve-r-cubarovni-ukraina-halq-deputatligina-namzet-olaraq-tevsiye-etmek-qararini-aldi\/","name":"Qurultay M.Cemilev ve R.\u00c7ubarovn\u0131 Ukraina halq deputatl\u0131\u011f\u0131na namzet olaraq tevsiye etmek qarar\u0131n\u0131 ald\u0131 - \u041c\u0435\u0434\u0436\u043b\u0456\u0441","isPartOf":{"@id":"https:\/\/qtmm.org\/qt\/#website"},"primaryImageOfPage":{"@id":"https:\/\/qtmm.org\/qt\/qurultay-m-cemilev-ve-r-cubarovni-ukraina-halq-deputatligina-namzet-olaraq-tevsiye-etmek-qararini-aldi\/#primaryimage"},"image":{"@id":"https:\/\/qtmm.org\/qt\/qurultay-m-cemilev-ve-r-cubarovni-ukraina-halq-deputatligina-namzet-olaraq-tevsiye-etmek-qararini-aldi\/#primaryimage"},"thumbnailUrl":"https:\/\/qtmm.org\/wp-content\/uploads\/2022\/01\/2_62.jpeg","datePublished":"2012-07-22T20:18:00+00:00","dateModified":"2022-01-21T20:19:42+00:00","breadcrumb":{"@id":"https:\/\/qtmm.org\/qt\/qurultay-m-cemilev-ve-r-cubarovni-ukraina-halq-deputatligina-namzet-olaraq-tevsiye-etmek-qararini-aldi\/#breadcrumb"},"inLanguage":"qt","potentialAction":[{"@type":"ReadAction","target":["https:\/\/qtmm.org\/qt\/qurultay-m-cemilev-ve-r-cubarovni-ukraina-halq-deputatligina-namzet-olaraq-tevsiye-etmek-qararini-aldi\/"]}]},{"@type":"ImageObject","inLanguage":"qt","@id":"https:\/\/qtmm.org\/qt\/qurultay-m-cemilev-ve-r-cubarovni-ukraina-halq-deputatligina-namzet-olaraq-tevsiye-etmek-qararini-aldi\/#primaryimage","url":"https:\/\/qtmm.org\/wp-content\/uploads\/2022\/01\/2_62.jpeg","contentUrl":"https:\/\/qtmm.org\/wp-content\/uploads\/2022\/01\/2_62.jpeg","width":650,"height":300},{"@type":"BreadcrumbList","@id":"https:\/\/qtmm.org\/qt\/qurultay-m-cemilev-ve-r-cubarovni-ukraina-halq-deputatligina-namzet-olaraq-tevsiye-etmek-qararini-aldi\/#breadcrumb","itemListElement":[{"@type":"ListItem","position":1,"name":"\u0413\u043e\u043b\u043e\u0432\u043d\u0430","item":"https:\/\/qtmm.org\/qt\/"},{"@type":"ListItem","position":2,"name":"Qurultay M.Cemilev ve R.\u00c7ubarovn\u0131 Ukraina halq deputatl\u0131\u011f\u0131na namzet olaraq tevsiye etmek qarar\u0131n\u0131 ald\u0131"}]},{"@type":"WebSite","@id":"https:\/\/qtmm.org\/qt\/#website","url":"https:\/\/qtmm.org\/qt\/","name":"\u041c\u0435\u0434\u0436\u043b\u0456\u0441","description":"","publisher":{"@id":"https:\/\/qtmm.org\/qt\/#organization"},"potentialAction":[{"@type":"SearchAction","target":{"@type":"EntryPoint","urlTemplate":"https:\/\/qtmm.org\/qt\/?s={search_term_string}"},"query-input":{"@type":"PropertyValueSpecification","valueRequired":true,"valueName":"search_term_string"}}],"inLanguage":"qt"},{"@type":"Organization","@id":"https:\/\/qtmm.org\/qt\/#organization","name":"\u041c\u0435\u0434\u0436\u043b\u0456\u0441","url":"https:\/\/qtmm.org\/qt\/","logo":{"@type":"ImageObject","inLanguage":"qt","@id":"https:\/\/qtmm.org\/qt\/#\/schema\/logo\/image\/","url":"https:\/\/qtmm.org\/wp-content\/uploads\/2024\/12\/ua-mejlis-logo-rgb.svg","contentUrl":"https:\/\/qtmm.org\/wp-content\/uploads\/2024\/12\/ua-mejlis-logo-rgb.svg","caption":"\u041c\u0435\u0434\u0436\u043b\u0456\u0441"},"image":{"@id":"https:\/\/qtmm.org\/qt\/#\/schema\/logo\/image\/"},"sameAs":["https:\/\/www.facebook.com\/qtmm.info\/"]},{"@type":"Person","@id":"https:\/\/qtmm.org\/qt\/#\/schema\/person\/de562469f971dec226ac06e60bbf74a7","name":"Developer","image":{"@type":"ImageObject","inLanguage":"qt","@id":"https:\/\/secure.gravatar.com\/avatar\/392b4cc8fbfeb00b39dfeeab4ee6edded39ffd48e25858637e4765810300227e?s=96&d=mm&r=g","url":"https:\/\/secure.gravatar.com\/avatar\/392b4cc8fbfeb00b39dfeeab4ee6edded39ffd48e25858637e4765810300227e?s=96&d=mm&r=g","contentUrl":"https:\/\/secure.gravatar.com\/avatar\/392b4cc8fbfeb00b39dfeeab4ee6edded39ffd48e25858637e4765810300227e?s=96&d=mm&r=g","caption":"Developer"},"url":"https:\/\/qtmm.org\/qt\/author\/Developer\/"}]}},"_links":{"self":[{"href":"https:\/\/qtmm.org\/qt\/wp-json\/wp\/v2\/posts\/32830","targetHints":{"allow":["GET"]}}],"collection":[{"href":"https:\/\/qtmm.org\/qt\/wp-json\/wp\/v2\/posts"}],"about":[{"href":"https:\/\/qtmm.org\/qt\/wp-json\/wp\/v2\/types\/post"}],"author":[{"embeddable":true,"href":"https:\/\/qtmm.org\/qt\/wp-json\/wp\/v2\/users\/1"}],"replies":[{"embeddable":true,"href":"https:\/\/qtmm.org\/qt\/wp-json\/wp\/v2\/comments?post=32830"}],"version-history":[{"count":1,"href":"https:\/\/qtmm.org\/qt\/wp-json\/wp\/v2\/posts\/32830\/revisions"}],"predecessor-version":[{"id":32835,"href":"https:\/\/qtmm.org\/qt\/wp-json\/wp\/v2\/posts\/32830\/revisions\/32835"}],"wp:featuredmedia":[{"embeddable":true,"href":"https:\/\/qtmm.org\/qt\/wp-json\/wp\/v2\/media\/32831"}],"wp:attachment":[{"href":"https:\/\/qtmm.org\/qt\/wp-json\/wp\/v2\/media?parent=32830"}],"wp:term":[{"taxonomy":"category","embeddable":true,"href":"https:\/\/qtmm.org\/qt\/wp-json\/wp\/v2\/categories?post=32830"},{"taxonomy":"post_tag","embeddable":true,"href":"https:\/\/qtmm.org\/qt\/wp-json\/wp\/v2\/tags?post=32830"}],"curies":[{"name":"wp","href":"https:\/\/api.w.org\/{rel}","templated":true}]}}