




{"id":32818,"date":"2012-07-22T23:17:00","date_gmt":"2012-07-22T20:17:00","guid":{"rendered":"http:\/\/qtmm.org\/?p=32818"},"modified":"2022-01-21T23:18:18","modified_gmt":"2022-01-21T20:18:18","slug":"v-qurultay-delegati-r-umerov-qirimtatar-milliy-biznesnin-inkisafina-qoltutuv-meselesini-qurultay-ve-meclis-faaliyetinin-butun-esas-yonelislerinin-kun-tertibine-kirsetmekni-teklif-etti","status":"publish","type":"post","link":"https:\/\/qtmm.org\/qt\/v-qurultay-delegati-r-umerov-qirimtatar-milliy-biznesnin-inkisafina-qoltutuv-meselesini-qurultay-ve-meclis-faaliyetinin-butun-esas-yonelislerinin-kun-tertibine-kirsetmekni-teklif-etti\/","title":{"rendered":"V Qurultay delegat\u0131 R.\u00dcmerov q\u0131r\u0131mtatar milliy biznesni\u00f1 inki\u015faf\u0131na qoltutuv meselesini Qurultay ve Meclis faaliyetini\u00f1 b\u00fct\u00fcn esas y\u00f6neli\u015flerini\u00f1 k\u00fcn tertibine kirsetmekni teklif etti"},"content":{"rendered":"\n<p>2012 senesi iy\u00fcl 21 \u2013 Q\u0131r\u0131mtatar halq\u0131 5-nci \u00e7a\u011f\u0131r\u0131l\u0131\u015f Qurultay\u0131n\u0131\u00f1 birinci i\u015f k\u00fcn\u00fc 2012 senesi okt\u00e2br ay\u0131nda Ukraina halq deputatlar\u0131n\u0131 saylav meselesini muzakere et\u00fcv \u00e7er\u00e7ivesinde Qurultay delegat\u0131 Rustem \u00dcmerov maruzanen \u00e7\u0131q\u0131\u015fta bulund\u0131.<\/p>\n\n\n\n<p>On\u0131\u00f1 fikrince q\u0131r\u0131mtatar meselesini\u00f1 siyasiy-uquqiy taraflar\u0131n\u0131 \u00e7ez\u00fcv q\u0131r\u0131mtatar halq\u0131n\u0131\u00f1 avdeti, yerle\u015fmesi ve aqlar\u0131n\u0131\u00f1 tiklenmesinen ba\u011fl\u0131 diger meselelerni\u00f1 \u00e7ezilmesine siltem olacaq.<\/p>\n\n\n\n<p>&#8220;Ebet, biz a\u00f1laym\u0131z, bu saa Qurultay delegatlar\u0131 ve olardan ibaret milliy organlarn\u0131\u00f1 ayr\u0131ca diqqat\u0131 alt\u0131ndad\u0131r&#8221;, &#8211; dedi R. \u00dcmerov.<\/p>\n\n\n\n<p>Q\u0131r\u0131mtatar halq\u0131 Qurultay\u0131n\u0131\u00f1 azas\u0131, i\u015f adam\u0131 ve cemaat birle\u015fmelerini\u00f1 i\u015ftirak\u00e7isi olaraq Rustem \u00dcmerov Qurultay delegatlar\u0131na q\u0131r\u0131mtatar milliy biznesni\u00f1 inki\u015faf\u0131na qoltutuv meselesini Qurultay ve Meclis faaliyetini\u00f1 b\u00fct\u00fcn esas y\u00f6neli\u015flerini\u00f1 k\u00fcn tertibine kirsetmekni teklif etti .<\/p>\n\n\n\n<p>&#8220;Ma\u00f1a bu meselede qoltutma\u00f1\u0131zn\u0131 ve bu teklifimni Qurultay topla\u015fuv\u0131n\u0131\u00f1 protokol\u0131na Q\u0131r\u0131m halqara biznes birligini\u00f1 te\u015febb\u00fcsi s\u0131fat\u0131nda kirsetme\u00f1izni rica etem&#8221;, &#8211; dedi \u00dcmerov Qurultay delegatlar\u0131na h\u0131taben.<\/p>\n\n\n\n<p>Ayn\u0131 zamanda, nat\u0131qn\u0131\u00f1 aytqan\u0131na k\u00f6re ya\u00f1\u0131 de\u00f1i\u015fmeler sayesinde q\u0131r\u0131mtatar cemiyetinde, olsun Q\u0131r\u0131mda, olsun \u2013 on\u0131\u00f1 t\u0131\u015f\u0131nda ya\u015fa\u011fan ve Ukraina, Avropa, t\u00fcrk ve isl\u00e2m d\u00fcnyas\u0131ndaki i\u015f adamlar\u0131 \u00f6zlerini k\u00f6sterip ba\u015flad\u0131lar.<\/p>\n\n\n\n<figure class=\"wp-block-image size-full\"><img loading=\"lazy\" decoding=\"async\" width=\"800\" height=\"600\" src=\"http:\/\/qtmm.org\/wp-content\/uploads\/2022\/01\/img_0997.jpeg\" alt=\"\" class=\"wp-image-32823\" srcset=\"https:\/\/qtmm.org\/wp-content\/uploads\/2022\/01\/img_0997.jpeg 800w, https:\/\/qtmm.org\/wp-content\/uploads\/2022\/01\/img_0997-300x225.jpeg 300w, https:\/\/qtmm.org\/wp-content\/uploads\/2022\/01\/img_0997-768x576.jpeg 768w\" sizes=\"auto, (max-width: 800px) 100vw, 800px\" \/><\/figure>\n\n\n\n<p>&#8220;Q\u0131r\u0131m inki\u015faf\u0131 vaquf\u0131&#8221; Hayriye te\u015fkil\u00e2t\u0131na yolba\u015f\u00e7\u0131l\u0131q yapqan delegat Rustem \u00dcmerov q\u0131r\u0131mtatar cemiyetinde q\u0131r\u0131mtatar i\u015f adamlar\u0131n\u0131\u00f1 rol\u00fc bug\u00fcnkisinden de b\u00fcy\u00fck olur. &#8220;2011-2012 sene i\u00e7inde q\u0131r\u0131mtatar i\u015f adamlar\u0131 amelge ke\u00e7irgen i\u015fler bizim daa yoln\u0131\u00f1 e\u00f1 ba\u015f\u0131nda ol\u011fan\u0131m\u0131zn\u0131 k\u00f6stere&#8221;, &#8211; dep qayd etti.<\/p>\n\n\n\n<p>Bundan da \u011fayr\u0131 Qurultay delegat\u0131 R. \u00dcmerov emin ki, Q\u0131r\u0131mtatar halq\u0131n\u0131\u00f1 Meclisi, \u00f6z-\u00f6z\u00fcni idare etken milliy organ Q\u0131r\u0131mn\u0131\u00f1 inki\u015faf\u0131nen ba\u011fl\u0131 leyhalarn\u0131 amelge ke\u00e7ir\u00fcvde yard\u0131mc\u0131 olabilir.<\/p>\n","protected":false},"excerpt":{"rendered":"<p>2012 senesi iy\u00fcl 21 \u2013 Q\u0131r\u0131mtatar halq\u0131 5-nci \u00e7a\u011f\u0131r\u0131l\u0131\u015f Qurultay\u0131n\u0131\u00f1 birinci i\u015f k\u00fcn\u00fc 2012 senesi okt\u00e2br ay\u0131nda Ukraina halq deputatlar\u0131n\u0131 saylav meselesini muzakere et\u00fcv \u00e7er\u00e7ivesinde Qurultay delegat\u0131 Rustem \u00dcmerov maruzanen \u00e7\u0131q\u0131\u015fta bulund\u0131. On\u0131\u00f1 fikrince q\u0131r\u0131mtatar meselesini\u00f1 siyasiy-uquqiy taraflar\u0131n\u0131 \u00e7ez\u00fcv q\u0131r\u0131mtatar halq\u0131n\u0131\u00f1 avdeti, yerle\u015fmesi ve aqlar\u0131n\u0131\u00f1 tiklenmesinen ba\u011fl\u0131 diger meselelerni\u00f1 \u00e7ezilmesine siltem olacaq. &#8220;Ebet, biz a\u00f1laym\u0131z, [&hellip;]<\/p>\n","protected":false},"author":1,"featured_media":32819,"comment_status":"open","ping_status":"open","sticky":false,"template":"","format":"standard","meta":{"inline_featured_image":false,"footnotes":""},"categories":[265],"tags":[],"class_list":["post-32818","post","type-post","status-publish","format-standard","has-post-thumbnail","hentry","category-haberler"],"acf":[],"yoast_head":"<!-- This site is optimized with the Yoast SEO plugin v27.4 - https:\/\/yoast.com\/product\/yoast-seo-wordpress\/ -->\n<title>V Qurultay delegat\u0131 R.\u00dcmerov q\u0131r\u0131mtatar milliy biznesni\u00f1 inki\u015faf\u0131na qoltutuv meselesini Qurultay ve Meclis faaliyetini\u00f1 b\u00fct\u00fcn esas y\u00f6neli\u015flerini\u00f1 k\u00fcn tertibine kirsetmekni teklif etti - \u041c\u0435\u0434\u0436\u043b\u0456\u0441<\/title>\n<meta name=\"robots\" content=\"index, follow, max-snippet:-1, max-image-preview:large, max-video-preview:-1\" \/>\n<link rel=\"canonical\" href=\"https:\/\/qtmm.org\/qt\/v-qurultay-delegati-r-umerov-qirimtatar-milliy-biznesnin-inkisafina-qoltutuv-meselesini-qurultay-ve-meclis-faaliyetinin-butun-esas-yonelislerinin-kun-tertibine-kirsetmekni-teklif-etti\/\" \/>\n<meta property=\"og:locale\" content=\"en_US\" \/>\n<meta property=\"og:type\" content=\"article\" \/>\n<meta property=\"og:title\" content=\"V Qurultay delegat\u0131 R.\u00dcmerov q\u0131r\u0131mtatar milliy biznesni\u00f1 inki\u015faf\u0131na qoltutuv meselesini Qurultay ve Meclis faaliyetini\u00f1 b\u00fct\u00fcn esas y\u00f6neli\u015flerini\u00f1 k\u00fcn tertibine kirsetmekni teklif etti - \u041c\u0435\u0434\u0436\u043b\u0456\u0441\" \/>\n<meta property=\"og:description\" content=\"2012 senesi iy\u00fcl 21 \u2013 Q\u0131r\u0131mtatar halq\u0131 5-nci \u00e7a\u011f\u0131r\u0131l\u0131\u015f Qurultay\u0131n\u0131\u00f1 birinci i\u015f k\u00fcn\u00fc 2012 senesi okt\u00e2br ay\u0131nda Ukraina halq deputatlar\u0131n\u0131 saylav meselesini muzakere et\u00fcv \u00e7er\u00e7ivesinde Qurultay delegat\u0131 Rustem \u00dcmerov maruzanen \u00e7\u0131q\u0131\u015fta bulund\u0131. On\u0131\u00f1 fikrince q\u0131r\u0131mtatar meselesini\u00f1 siyasiy-uquqiy taraflar\u0131n\u0131 \u00e7ez\u00fcv q\u0131r\u0131mtatar halq\u0131n\u0131\u00f1 avdeti, yerle\u015fmesi ve aqlar\u0131n\u0131\u00f1 tiklenmesinen ba\u011fl\u0131 diger meselelerni\u00f1 \u00e7ezilmesine siltem olacaq. &#8220;Ebet, biz a\u00f1laym\u0131z, [&hellip;]\" \/>\n<meta property=\"og:url\" content=\"https:\/\/qtmm.org\/qt\/v-qurultay-delegati-r-umerov-qirimtatar-milliy-biznesnin-inkisafina-qoltutuv-meselesini-qurultay-ve-meclis-faaliyetinin-butun-esas-yonelislerinin-kun-tertibine-kirsetmekni-teklif-etti\/\" \/>\n<meta property=\"og:site_name\" content=\"\u041c\u0435\u0434\u0436\u043b\u0456\u0441\" \/>\n<meta property=\"article:publisher\" content=\"https:\/\/www.facebook.com\/qtmm.info\/\" \/>\n<meta property=\"article:published_time\" content=\"2012-07-22T20:17:00+00:00\" \/>\n<meta property=\"article:modified_time\" content=\"2022-01-21T20:18:18+00:00\" \/>\n<meta property=\"og:image\" content=\"https:\/\/qtmm.org\/wp-content\/uploads\/2022\/01\/img_1130_1.jpeg\" \/>\n\t<meta property=\"og:image:width\" content=\"800\" \/>\n\t<meta property=\"og:image:height\" content=\"600\" \/>\n\t<meta property=\"og:image:type\" content=\"image\/jpeg\" \/>\n<meta name=\"author\" content=\"Developer\" \/>\n<meta name=\"twitter:card\" content=\"summary_large_image\" \/>\n<meta name=\"twitter:label1\" content=\"Written by\" \/>\n\t<meta name=\"twitter:data1\" content=\"Developer\" \/>\n\t<meta name=\"twitter:label2\" content=\"Est. reading time\" \/>\n\t<meta name=\"twitter:data2\" content=\"2 minutes\" \/>\n<script type=\"application\/ld+json\" class=\"yoast-schema-graph\">{\"@context\":\"https:\\\/\\\/schema.org\",\"@graph\":[{\"@type\":\"Article\",\"@id\":\"https:\\\/\\\/qtmm.org\\\/qt\\\/v-qurultay-delegati-r-umerov-qirimtatar-milliy-biznesnin-inkisafina-qoltutuv-meselesini-qurultay-ve-meclis-faaliyetinin-butun-esas-yonelislerinin-kun-tertibine-kirsetmekni-teklif-etti\\\/#article\",\"isPartOf\":{\"@id\":\"https:\\\/\\\/qtmm.org\\\/qt\\\/v-qurultay-delegati-r-umerov-qirimtatar-milliy-biznesnin-inkisafina-qoltutuv-meselesini-qurultay-ve-meclis-faaliyetinin-butun-esas-yonelislerinin-kun-tertibine-kirsetmekni-teklif-etti\\\/\"},\"author\":{\"name\":\"Developer\",\"@id\":\"https:\\\/\\\/qtmm.org\\\/qt\\\/#\\\/schema\\\/person\\\/de562469f971dec226ac06e60bbf74a7\"},\"headline\":\"V Qurultay delegat\u0131 R.\u00dcmerov q\u0131r\u0131mtatar milliy biznesni\u00f1 inki\u015faf\u0131na qoltutuv meselesini Qurultay ve Meclis faaliyetini\u00f1 b\u00fct\u00fcn esas y\u00f6neli\u015flerini\u00f1 k\u00fcn tertibine kirsetmekni teklif etti\",\"datePublished\":\"2012-07-22T20:17:00+00:00\",\"dateModified\":\"2022-01-21T20:18:18+00:00\",\"mainEntityOfPage\":{\"@id\":\"https:\\\/\\\/qtmm.org\\\/qt\\\/v-qurultay-delegati-r-umerov-qirimtatar-milliy-biznesnin-inkisafina-qoltutuv-meselesini-qurultay-ve-meclis-faaliyetinin-butun-esas-yonelislerinin-kun-tertibine-kirsetmekni-teklif-etti\\\/\"},\"wordCount\":366,\"commentCount\":0,\"publisher\":{\"@id\":\"https:\\\/\\\/qtmm.org\\\/qt\\\/#organization\"},\"image\":{\"@id\":\"https:\\\/\\\/qtmm.org\\\/qt\\\/v-qurultay-delegati-r-umerov-qirimtatar-milliy-biznesnin-inkisafina-qoltutuv-meselesini-qurultay-ve-meclis-faaliyetinin-butun-esas-yonelislerinin-kun-tertibine-kirsetmekni-teklif-etti\\\/#primaryimage\"},\"thumbnailUrl\":\"https:\\\/\\\/qtmm.org\\\/wp-content\\\/uploads\\\/2022\\\/01\\\/img_1130_1.jpeg\",\"articleSection\":[\"Haberler\"],\"inLanguage\":\"qt\",\"potentialAction\":[{\"@type\":\"CommentAction\",\"name\":\"Comment\",\"target\":[\"https:\\\/\\\/qtmm.org\\\/qt\\\/v-qurultay-delegati-r-umerov-qirimtatar-milliy-biznesnin-inkisafina-qoltutuv-meselesini-qurultay-ve-meclis-faaliyetinin-butun-esas-yonelislerinin-kun-tertibine-kirsetmekni-teklif-etti\\\/#respond\"]}]},{\"@type\":\"WebPage\",\"@id\":\"https:\\\/\\\/qtmm.org\\\/qt\\\/v-qurultay-delegati-r-umerov-qirimtatar-milliy-biznesnin-inkisafina-qoltutuv-meselesini-qurultay-ve-meclis-faaliyetinin-butun-esas-yonelislerinin-kun-tertibine-kirsetmekni-teklif-etti\\\/\",\"url\":\"https:\\\/\\\/qtmm.org\\\/qt\\\/v-qurultay-delegati-r-umerov-qirimtatar-milliy-biznesnin-inkisafina-qoltutuv-meselesini-qurultay-ve-meclis-faaliyetinin-butun-esas-yonelislerinin-kun-tertibine-kirsetmekni-teklif-etti\\\/\",\"name\":\"V Qurultay delegat\u0131 R.\u00dcmerov q\u0131r\u0131mtatar milliy biznesni\u00f1 inki\u015faf\u0131na qoltutuv meselesini Qurultay ve Meclis faaliyetini\u00f1 b\u00fct\u00fcn esas y\u00f6neli\u015flerini\u00f1 k\u00fcn tertibine kirsetmekni teklif etti - \u041c\u0435\u0434\u0436\u043b\u0456\u0441\",\"isPartOf\":{\"@id\":\"https:\\\/\\\/qtmm.org\\\/qt\\\/#website\"},\"primaryImageOfPage\":{\"@id\":\"https:\\\/\\\/qtmm.org\\\/qt\\\/v-qurultay-delegati-r-umerov-qirimtatar-milliy-biznesnin-inkisafina-qoltutuv-meselesini-qurultay-ve-meclis-faaliyetinin-butun-esas-yonelislerinin-kun-tertibine-kirsetmekni-teklif-etti\\\/#primaryimage\"},\"image\":{\"@id\":\"https:\\\/\\\/qtmm.org\\\/qt\\\/v-qurultay-delegati-r-umerov-qirimtatar-milliy-biznesnin-inkisafina-qoltutuv-meselesini-qurultay-ve-meclis-faaliyetinin-butun-esas-yonelislerinin-kun-tertibine-kirsetmekni-teklif-etti\\\/#primaryimage\"},\"thumbnailUrl\":\"https:\\\/\\\/qtmm.org\\\/wp-content\\\/uploads\\\/2022\\\/01\\\/img_1130_1.jpeg\",\"datePublished\":\"2012-07-22T20:17:00+00:00\",\"dateModified\":\"2022-01-21T20:18:18+00:00\",\"breadcrumb\":{\"@id\":\"https:\\\/\\\/qtmm.org\\\/qt\\\/v-qurultay-delegati-r-umerov-qirimtatar-milliy-biznesnin-inkisafina-qoltutuv-meselesini-qurultay-ve-meclis-faaliyetinin-butun-esas-yonelislerinin-kun-tertibine-kirsetmekni-teklif-etti\\\/#breadcrumb\"},\"inLanguage\":\"qt\",\"potentialAction\":[{\"@type\":\"ReadAction\",\"target\":[\"https:\\\/\\\/qtmm.org\\\/qt\\\/v-qurultay-delegati-r-umerov-qirimtatar-milliy-biznesnin-inkisafina-qoltutuv-meselesini-qurultay-ve-meclis-faaliyetinin-butun-esas-yonelislerinin-kun-tertibine-kirsetmekni-teklif-etti\\\/\"]}]},{\"@type\":\"ImageObject\",\"inLanguage\":\"qt\",\"@id\":\"https:\\\/\\\/qtmm.org\\\/qt\\\/v-qurultay-delegati-r-umerov-qirimtatar-milliy-biznesnin-inkisafina-qoltutuv-meselesini-qurultay-ve-meclis-faaliyetinin-butun-esas-yonelislerinin-kun-tertibine-kirsetmekni-teklif-etti\\\/#primaryimage\",\"url\":\"https:\\\/\\\/qtmm.org\\\/wp-content\\\/uploads\\\/2022\\\/01\\\/img_1130_1.jpeg\",\"contentUrl\":\"https:\\\/\\\/qtmm.org\\\/wp-content\\\/uploads\\\/2022\\\/01\\\/img_1130_1.jpeg\",\"width\":800,\"height\":600},{\"@type\":\"BreadcrumbList\",\"@id\":\"https:\\\/\\\/qtmm.org\\\/qt\\\/v-qurultay-delegati-r-umerov-qirimtatar-milliy-biznesnin-inkisafina-qoltutuv-meselesini-qurultay-ve-meclis-faaliyetinin-butun-esas-yonelislerinin-kun-tertibine-kirsetmekni-teklif-etti\\\/#breadcrumb\",\"itemListElement\":[{\"@type\":\"ListItem\",\"position\":1,\"name\":\"\u0413\u043e\u043b\u043e\u0432\u043d\u0430\",\"item\":\"https:\\\/\\\/qtmm.org\\\/qt\\\/\"},{\"@type\":\"ListItem\",\"position\":2,\"name\":\"V Qurultay delegat\u0131 R.\u00dcmerov q\u0131r\u0131mtatar milliy biznesni\u00f1 inki\u015faf\u0131na qoltutuv meselesini Qurultay ve Meclis faaliyetini\u00f1 b\u00fct\u00fcn esas y\u00f6neli\u015flerini\u00f1 k\u00fcn tertibine kirsetmekni teklif etti\"}]},{\"@type\":\"WebSite\",\"@id\":\"https:\\\/\\\/qtmm.org\\\/qt\\\/#website\",\"url\":\"https:\\\/\\\/qtmm.org\\\/qt\\\/\",\"name\":\"\u041c\u0435\u0434\u0436\u043b\u0456\u0441\",\"description\":\"\",\"publisher\":{\"@id\":\"https:\\\/\\\/qtmm.org\\\/qt\\\/#organization\"},\"potentialAction\":[{\"@type\":\"SearchAction\",\"target\":{\"@type\":\"EntryPoint\",\"urlTemplate\":\"https:\\\/\\\/qtmm.org\\\/qt\\\/?s={search_term_string}\"},\"query-input\":{\"@type\":\"PropertyValueSpecification\",\"valueRequired\":true,\"valueName\":\"search_term_string\"}}],\"inLanguage\":\"qt\"},{\"@type\":\"Organization\",\"@id\":\"https:\\\/\\\/qtmm.org\\\/qt\\\/#organization\",\"name\":\"\u041c\u0435\u0434\u0436\u043b\u0456\u0441\",\"url\":\"https:\\\/\\\/qtmm.org\\\/qt\\\/\",\"logo\":{\"@type\":\"ImageObject\",\"inLanguage\":\"qt\",\"@id\":\"https:\\\/\\\/qtmm.org\\\/qt\\\/#\\\/schema\\\/logo\\\/image\\\/\",\"url\":\"https:\\\/\\\/qtmm.org\\\/wp-content\\\/uploads\\\/2024\\\/12\\\/ua-mejlis-logo-rgb.svg\",\"contentUrl\":\"https:\\\/\\\/qtmm.org\\\/wp-content\\\/uploads\\\/2024\\\/12\\\/ua-mejlis-logo-rgb.svg\",\"caption\":\"\u041c\u0435\u0434\u0436\u043b\u0456\u0441\"},\"image\":{\"@id\":\"https:\\\/\\\/qtmm.org\\\/qt\\\/#\\\/schema\\\/logo\\\/image\\\/\"},\"sameAs\":[\"https:\\\/\\\/www.facebook.com\\\/qtmm.info\\\/\"]},{\"@type\":\"Person\",\"@id\":\"https:\\\/\\\/qtmm.org\\\/qt\\\/#\\\/schema\\\/person\\\/de562469f971dec226ac06e60bbf74a7\",\"name\":\"Developer\",\"image\":{\"@type\":\"ImageObject\",\"inLanguage\":\"qt\",\"@id\":\"https:\\\/\\\/secure.gravatar.com\\\/avatar\\\/392b4cc8fbfeb00b39dfeeab4ee6edded39ffd48e25858637e4765810300227e?s=96&d=mm&r=g\",\"url\":\"https:\\\/\\\/secure.gravatar.com\\\/avatar\\\/392b4cc8fbfeb00b39dfeeab4ee6edded39ffd48e25858637e4765810300227e?s=96&d=mm&r=g\",\"contentUrl\":\"https:\\\/\\\/secure.gravatar.com\\\/avatar\\\/392b4cc8fbfeb00b39dfeeab4ee6edded39ffd48e25858637e4765810300227e?s=96&d=mm&r=g\",\"caption\":\"Developer\"},\"url\":\"https:\\\/\\\/qtmm.org\\\/qt\\\/author\\\/Developer\\\/\"}]}<\/script>\n<!-- \/ Yoast SEO plugin. -->","yoast_head_json":{"title":"V Qurultay delegat\u0131 R.\u00dcmerov q\u0131r\u0131mtatar milliy biznesni\u00f1 inki\u015faf\u0131na qoltutuv meselesini Qurultay ve Meclis faaliyetini\u00f1 b\u00fct\u00fcn esas y\u00f6neli\u015flerini\u00f1 k\u00fcn tertibine kirsetmekni teklif etti - \u041c\u0435\u0434\u0436\u043b\u0456\u0441","robots":{"index":"index","follow":"follow","max-snippet":"max-snippet:-1","max-image-preview":"max-image-preview:large","max-video-preview":"max-video-preview:-1"},"canonical":"https:\/\/qtmm.org\/qt\/v-qurultay-delegati-r-umerov-qirimtatar-milliy-biznesnin-inkisafina-qoltutuv-meselesini-qurultay-ve-meclis-faaliyetinin-butun-esas-yonelislerinin-kun-tertibine-kirsetmekni-teklif-etti\/","og_locale":"en_US","og_type":"article","og_title":"V Qurultay delegat\u0131 R.\u00dcmerov q\u0131r\u0131mtatar milliy biznesni\u00f1 inki\u015faf\u0131na qoltutuv meselesini Qurultay ve Meclis faaliyetini\u00f1 b\u00fct\u00fcn esas y\u00f6neli\u015flerini\u00f1 k\u00fcn tertibine kirsetmekni teklif etti - \u041c\u0435\u0434\u0436\u043b\u0456\u0441","og_description":"2012 senesi iy\u00fcl 21 \u2013 Q\u0131r\u0131mtatar halq\u0131 5-nci \u00e7a\u011f\u0131r\u0131l\u0131\u015f Qurultay\u0131n\u0131\u00f1 birinci i\u015f k\u00fcn\u00fc 2012 senesi okt\u00e2br ay\u0131nda Ukraina halq deputatlar\u0131n\u0131 saylav meselesini muzakere et\u00fcv \u00e7er\u00e7ivesinde Qurultay delegat\u0131 Rustem \u00dcmerov maruzanen \u00e7\u0131q\u0131\u015fta bulund\u0131. On\u0131\u00f1 fikrince q\u0131r\u0131mtatar meselesini\u00f1 siyasiy-uquqiy taraflar\u0131n\u0131 \u00e7ez\u00fcv q\u0131r\u0131mtatar halq\u0131n\u0131\u00f1 avdeti, yerle\u015fmesi ve aqlar\u0131n\u0131\u00f1 tiklenmesinen ba\u011fl\u0131 diger meselelerni\u00f1 \u00e7ezilmesine siltem olacaq. &#8220;Ebet, biz a\u00f1laym\u0131z, [&hellip;]","og_url":"https:\/\/qtmm.org\/qt\/v-qurultay-delegati-r-umerov-qirimtatar-milliy-biznesnin-inkisafina-qoltutuv-meselesini-qurultay-ve-meclis-faaliyetinin-butun-esas-yonelislerinin-kun-tertibine-kirsetmekni-teklif-etti\/","og_site_name":"\u041c\u0435\u0434\u0436\u043b\u0456\u0441","article_publisher":"https:\/\/www.facebook.com\/qtmm.info\/","article_published_time":"2012-07-22T20:17:00+00:00","article_modified_time":"2022-01-21T20:18:18+00:00","og_image":[{"width":800,"height":600,"url":"https:\/\/qtmm.org\/wp-content\/uploads\/2022\/01\/img_1130_1.jpeg","type":"image\/jpeg"}],"author":"Developer","twitter_card":"summary_large_image","twitter_misc":{"Written by":"Developer","Est. reading time":"2 minutes"},"schema":{"@context":"https:\/\/schema.org","@graph":[{"@type":"Article","@id":"https:\/\/qtmm.org\/qt\/v-qurultay-delegati-r-umerov-qirimtatar-milliy-biznesnin-inkisafina-qoltutuv-meselesini-qurultay-ve-meclis-faaliyetinin-butun-esas-yonelislerinin-kun-tertibine-kirsetmekni-teklif-etti\/#article","isPartOf":{"@id":"https:\/\/qtmm.org\/qt\/v-qurultay-delegati-r-umerov-qirimtatar-milliy-biznesnin-inkisafina-qoltutuv-meselesini-qurultay-ve-meclis-faaliyetinin-butun-esas-yonelislerinin-kun-tertibine-kirsetmekni-teklif-etti\/"},"author":{"name":"Developer","@id":"https:\/\/qtmm.org\/qt\/#\/schema\/person\/de562469f971dec226ac06e60bbf74a7"},"headline":"V Qurultay delegat\u0131 R.\u00dcmerov q\u0131r\u0131mtatar milliy biznesni\u00f1 inki\u015faf\u0131na qoltutuv meselesini Qurultay ve Meclis faaliyetini\u00f1 b\u00fct\u00fcn esas y\u00f6neli\u015flerini\u00f1 k\u00fcn tertibine kirsetmekni teklif etti","datePublished":"2012-07-22T20:17:00+00:00","dateModified":"2022-01-21T20:18:18+00:00","mainEntityOfPage":{"@id":"https:\/\/qtmm.org\/qt\/v-qurultay-delegati-r-umerov-qirimtatar-milliy-biznesnin-inkisafina-qoltutuv-meselesini-qurultay-ve-meclis-faaliyetinin-butun-esas-yonelislerinin-kun-tertibine-kirsetmekni-teklif-etti\/"},"wordCount":366,"commentCount":0,"publisher":{"@id":"https:\/\/qtmm.org\/qt\/#organization"},"image":{"@id":"https:\/\/qtmm.org\/qt\/v-qurultay-delegati-r-umerov-qirimtatar-milliy-biznesnin-inkisafina-qoltutuv-meselesini-qurultay-ve-meclis-faaliyetinin-butun-esas-yonelislerinin-kun-tertibine-kirsetmekni-teklif-etti\/#primaryimage"},"thumbnailUrl":"https:\/\/qtmm.org\/wp-content\/uploads\/2022\/01\/img_1130_1.jpeg","articleSection":["Haberler"],"inLanguage":"qt","potentialAction":[{"@type":"CommentAction","name":"Comment","target":["https:\/\/qtmm.org\/qt\/v-qurultay-delegati-r-umerov-qirimtatar-milliy-biznesnin-inkisafina-qoltutuv-meselesini-qurultay-ve-meclis-faaliyetinin-butun-esas-yonelislerinin-kun-tertibine-kirsetmekni-teklif-etti\/#respond"]}]},{"@type":"WebPage","@id":"https:\/\/qtmm.org\/qt\/v-qurultay-delegati-r-umerov-qirimtatar-milliy-biznesnin-inkisafina-qoltutuv-meselesini-qurultay-ve-meclis-faaliyetinin-butun-esas-yonelislerinin-kun-tertibine-kirsetmekni-teklif-etti\/","url":"https:\/\/qtmm.org\/qt\/v-qurultay-delegati-r-umerov-qirimtatar-milliy-biznesnin-inkisafina-qoltutuv-meselesini-qurultay-ve-meclis-faaliyetinin-butun-esas-yonelislerinin-kun-tertibine-kirsetmekni-teklif-etti\/","name":"V Qurultay delegat\u0131 R.\u00dcmerov q\u0131r\u0131mtatar milliy biznesni\u00f1 inki\u015faf\u0131na qoltutuv meselesini Qurultay ve Meclis faaliyetini\u00f1 b\u00fct\u00fcn esas y\u00f6neli\u015flerini\u00f1 k\u00fcn tertibine kirsetmekni teklif etti - \u041c\u0435\u0434\u0436\u043b\u0456\u0441","isPartOf":{"@id":"https:\/\/qtmm.org\/qt\/#website"},"primaryImageOfPage":{"@id":"https:\/\/qtmm.org\/qt\/v-qurultay-delegati-r-umerov-qirimtatar-milliy-biznesnin-inkisafina-qoltutuv-meselesini-qurultay-ve-meclis-faaliyetinin-butun-esas-yonelislerinin-kun-tertibine-kirsetmekni-teklif-etti\/#primaryimage"},"image":{"@id":"https:\/\/qtmm.org\/qt\/v-qurultay-delegati-r-umerov-qirimtatar-milliy-biznesnin-inkisafina-qoltutuv-meselesini-qurultay-ve-meclis-faaliyetinin-butun-esas-yonelislerinin-kun-tertibine-kirsetmekni-teklif-etti\/#primaryimage"},"thumbnailUrl":"https:\/\/qtmm.org\/wp-content\/uploads\/2022\/01\/img_1130_1.jpeg","datePublished":"2012-07-22T20:17:00+00:00","dateModified":"2022-01-21T20:18:18+00:00","breadcrumb":{"@id":"https:\/\/qtmm.org\/qt\/v-qurultay-delegati-r-umerov-qirimtatar-milliy-biznesnin-inkisafina-qoltutuv-meselesini-qurultay-ve-meclis-faaliyetinin-butun-esas-yonelislerinin-kun-tertibine-kirsetmekni-teklif-etti\/#breadcrumb"},"inLanguage":"qt","potentialAction":[{"@type":"ReadAction","target":["https:\/\/qtmm.org\/qt\/v-qurultay-delegati-r-umerov-qirimtatar-milliy-biznesnin-inkisafina-qoltutuv-meselesini-qurultay-ve-meclis-faaliyetinin-butun-esas-yonelislerinin-kun-tertibine-kirsetmekni-teklif-etti\/"]}]},{"@type":"ImageObject","inLanguage":"qt","@id":"https:\/\/qtmm.org\/qt\/v-qurultay-delegati-r-umerov-qirimtatar-milliy-biznesnin-inkisafina-qoltutuv-meselesini-qurultay-ve-meclis-faaliyetinin-butun-esas-yonelislerinin-kun-tertibine-kirsetmekni-teklif-etti\/#primaryimage","url":"https:\/\/qtmm.org\/wp-content\/uploads\/2022\/01\/img_1130_1.jpeg","contentUrl":"https:\/\/qtmm.org\/wp-content\/uploads\/2022\/01\/img_1130_1.jpeg","width":800,"height":600},{"@type":"BreadcrumbList","@id":"https:\/\/qtmm.org\/qt\/v-qurultay-delegati-r-umerov-qirimtatar-milliy-biznesnin-inkisafina-qoltutuv-meselesini-qurultay-ve-meclis-faaliyetinin-butun-esas-yonelislerinin-kun-tertibine-kirsetmekni-teklif-etti\/#breadcrumb","itemListElement":[{"@type":"ListItem","position":1,"name":"\u0413\u043e\u043b\u043e\u0432\u043d\u0430","item":"https:\/\/qtmm.org\/qt\/"},{"@type":"ListItem","position":2,"name":"V Qurultay delegat\u0131 R.\u00dcmerov q\u0131r\u0131mtatar milliy biznesni\u00f1 inki\u015faf\u0131na qoltutuv meselesini Qurultay ve Meclis faaliyetini\u00f1 b\u00fct\u00fcn esas y\u00f6neli\u015flerini\u00f1 k\u00fcn tertibine kirsetmekni teklif etti"}]},{"@type":"WebSite","@id":"https:\/\/qtmm.org\/qt\/#website","url":"https:\/\/qtmm.org\/qt\/","name":"\u041c\u0435\u0434\u0436\u043b\u0456\u0441","description":"","publisher":{"@id":"https:\/\/qtmm.org\/qt\/#organization"},"potentialAction":[{"@type":"SearchAction","target":{"@type":"EntryPoint","urlTemplate":"https:\/\/qtmm.org\/qt\/?s={search_term_string}"},"query-input":{"@type":"PropertyValueSpecification","valueRequired":true,"valueName":"search_term_string"}}],"inLanguage":"qt"},{"@type":"Organization","@id":"https:\/\/qtmm.org\/qt\/#organization","name":"\u041c\u0435\u0434\u0436\u043b\u0456\u0441","url":"https:\/\/qtmm.org\/qt\/","logo":{"@type":"ImageObject","inLanguage":"qt","@id":"https:\/\/qtmm.org\/qt\/#\/schema\/logo\/image\/","url":"https:\/\/qtmm.org\/wp-content\/uploads\/2024\/12\/ua-mejlis-logo-rgb.svg","contentUrl":"https:\/\/qtmm.org\/wp-content\/uploads\/2024\/12\/ua-mejlis-logo-rgb.svg","caption":"\u041c\u0435\u0434\u0436\u043b\u0456\u0441"},"image":{"@id":"https:\/\/qtmm.org\/qt\/#\/schema\/logo\/image\/"},"sameAs":["https:\/\/www.facebook.com\/qtmm.info\/"]},{"@type":"Person","@id":"https:\/\/qtmm.org\/qt\/#\/schema\/person\/de562469f971dec226ac06e60bbf74a7","name":"Developer","image":{"@type":"ImageObject","inLanguage":"qt","@id":"https:\/\/secure.gravatar.com\/avatar\/392b4cc8fbfeb00b39dfeeab4ee6edded39ffd48e25858637e4765810300227e?s=96&d=mm&r=g","url":"https:\/\/secure.gravatar.com\/avatar\/392b4cc8fbfeb00b39dfeeab4ee6edded39ffd48e25858637e4765810300227e?s=96&d=mm&r=g","contentUrl":"https:\/\/secure.gravatar.com\/avatar\/392b4cc8fbfeb00b39dfeeab4ee6edded39ffd48e25858637e4765810300227e?s=96&d=mm&r=g","caption":"Developer"},"url":"https:\/\/qtmm.org\/qt\/author\/Developer\/"}]}},"_links":{"self":[{"href":"https:\/\/qtmm.org\/qt\/wp-json\/wp\/v2\/posts\/32818","targetHints":{"allow":["GET"]}}],"collection":[{"href":"https:\/\/qtmm.org\/qt\/wp-json\/wp\/v2\/posts"}],"about":[{"href":"https:\/\/qtmm.org\/qt\/wp-json\/wp\/v2\/types\/post"}],"author":[{"embeddable":true,"href":"https:\/\/qtmm.org\/qt\/wp-json\/wp\/v2\/users\/1"}],"replies":[{"embeddable":true,"href":"https:\/\/qtmm.org\/qt\/wp-json\/wp\/v2\/comments?post=32818"}],"version-history":[{"count":1,"href":"https:\/\/qtmm.org\/qt\/wp-json\/wp\/v2\/posts\/32818\/revisions"}],"predecessor-version":[{"id":32829,"href":"https:\/\/qtmm.org\/qt\/wp-json\/wp\/v2\/posts\/32818\/revisions\/32829"}],"wp:featuredmedia":[{"embeddable":true,"href":"https:\/\/qtmm.org\/qt\/wp-json\/wp\/v2\/media\/32819"}],"wp:attachment":[{"href":"https:\/\/qtmm.org\/qt\/wp-json\/wp\/v2\/media?parent=32818"}],"wp:term":[{"taxonomy":"category","embeddable":true,"href":"https:\/\/qtmm.org\/qt\/wp-json\/wp\/v2\/categories?post=32818"},{"taxonomy":"post_tag","embeddable":true,"href":"https:\/\/qtmm.org\/qt\/wp-json\/wp\/v2\/tags?post=32818"}],"curies":[{"name":"wp","href":"https:\/\/api.w.org\/{rel}","templated":true}]}}