




{"id":32806,"date":"2012-07-22T23:16:00","date_gmt":"2012-07-22T20:16:00","guid":{"rendered":"http:\/\/qtmm.org\/?p=32806"},"modified":"2022-01-21T23:16:55","modified_gmt":"2022-01-21T20:16:55","slug":"qurultayinin-qirimtatar-halqi-resmiy-simvollari-milliy-bayraq-milliy-tugra-gerb-ve-gimn-aqqinda-qarari","status":"publish","type":"post","link":"https:\/\/qtmm.org\/qt\/qurultayinin-qirimtatar-halqi-resmiy-simvollari-milliy-bayraq-milliy-tugra-gerb-ve-gimn-aqqinda-qarari\/","title":{"rendered":"Qurultay\u0131n\u0131\u00f1 Q\u0131r\u0131mtatar halq\u0131 resmiy simvollar\u0131 \u2013 milliy bayraq, milliy tu\u011fra (gerb) ve gimn aqq\u0131nda qarar\u0131"},"content":{"rendered":"\n<p class=\"has-text-align-center\"><strong>Q\u0131r\u0131mtatar halq\u0131n\u0131\u00f1 resmiy simvollar\u0131 \u2013 milliy bayraq, milliy tu\u011fra (gerb) ve milliy gimn aqq\u0131nda<br>Q\u0131r\u0131mtatar halq\u0131 Qurultay\u0131n\u0131\u00f1 qarar\u0131.<\/strong><\/p>\n\n\n\n<p>1991 senesi iy\u00fcn 26-30 k\u00fcnleri Aqmescitte ke\u00e7irilgen ve kendini 1917 senesi Qurultay\u0131n\u0131\u00f1 devamc\u0131s\u0131 diye il\u00e2n etken 11 \u00e7a\u011f\u0131r\u0131l\u0131\u015f Q\u0131r\u0131mtatar halq\u0131 Qurultay\u0131, q\u0131r\u0131mtatarlarn\u0131\u00f1 milliy devlet\u00e7iligi ananelerini devam eterek 1991 senesi iy\u00fcn 30 k\u00fcn\u00fc &#8220;Q\u0131r\u0131mtatar halq\u0131n\u0131\u00f1 milliy bayra\u011f\u0131 ve milliy gimni aqq\u0131nda&#8221; qarar ald\u0131:<\/p>\n\n\n\n<p><em>&#8211; yuqar\u0131daki k\u00f6\u015fesinde alt\u0131n tam\u011fa bas\u0131l\u011fan mav\u0131 t\u00fcsl\u00fc quma\u00e7 q\u0131r\u0131mtatar halq\u0131n\u0131\u00f1 milliy bayra\u011f\u0131 olaraq say\u0131ls\u0131n. Bayraqn\u0131\u00f1 ke\u00f1ligi 1 ve uzunl\u0131\u011f\u0131 2 metrdir;<\/em><\/p>\n\n\n\n<p><em>&#8211; Noman \u00c7elebicihann\u0131\u00f1 &#8220;Ant etkenmen&#8221; eseri ise q\u0131r\u0131mtatar milliy gimni ols\u0131n.<\/em><\/p>\n\n\n\n<p>Mezk\u00fcr qarar al\u0131n\u011fan\u0131nen q\u0131r\u0131mtatar halq\u0131n\u0131\u00f1 resmiy simvollar\u0131 &#8211; milliy bayraq ve milliy gimn &#8211; halqn\u0131\u00f1 birligi, \u00f6zg\u00fcnligi, nesiller ba\u011f\u0131 ve azatl\u0131\u011f\u0131 i\u00e7\u00fcn \u00e7oqas\u0131rl\u0131q k\u00fcre\u015fini ifade etken ay\u0131r\u0131lmaz q\u0131s\u0131mlar\u0131 old\u0131lar.<\/p>\n\n\n\n<p>Q\u0131r\u0131mtatar halq\u0131n\u0131\u00f1 resmiy simvollar\u0131 &#8211; milliy bayraq ve milliy gimn devlet, halqara ve cemaat tedbirlerinde keni\u015f qullan\u0131la.<\/p>\n\n\n\n<p>1991 senesi iy\u00fcn 30-da 11 \u00e7a\u011f\u0131r\u0131l\u0131\u015f Q\u0131r\u0131mtatar halq\u0131 Qurultay\u0131nda tsadiqlan\u011fan Q\u0131r\u0131mtatar halq\u0131n\u0131\u00f1 resmiy simvollar\u0131 &#8211; milliy bayraq ve milliy gimnni qullanuv tertibini devam ettirmek maqsad\u0131nda U \u00e7a\u011f\u0131r\u0131l\u0131\u015f Qurultay\u0131 qarar bere:<\/p>\n\n\n\n<p>1. Q\u0131r\u0131mtatar halq\u0131n\u0131\u00f1 Meclisine VI \u00e7a\u011f\u0131r\u0131l\u0131\u015f Q\u0131r\u0131mtatar halq\u0131 Qurultay\u0131 tasdiqlamas\u0131 i\u00e7\u00fcn:<\/p>\n\n\n\n<p>1.1 &#8220;Q\u0131r\u0131mtatar halq\u0131n\u0131\u00f1 gimni aqq\u0131nda&#8221; nizamn\u0131 i\u015flep, gimn s\u00f6zlerini Noman \u00c7elebicihann\u0131\u00f1 &#8220;Ant etkenmen&#8221; \u015fiirindekisi kibi qald\u0131rmaq, q\u0131r\u0131mtatar halq\u0131 gimni muz\u0131kas\u0131n\u0131\u00f1 etalon\u0131n\u0131, on\u0131 resmiy qullanuv ve uquqiy imayesini\u00f1 tertibini belgilemek;<\/p>\n\n\n\n<p>1.2 &#8220;Q\u0131r\u0131mtatar halq\u0131n\u0131\u00f1 milliy bayra\u011f\u0131 aqq\u0131nda&#8221; nizamda q\u0131r\u0131mtatarlar halq\u0131 milliy bayra\u011f\u0131n\u0131\u00f1 resmiy qullan\u0131luv ve uquqiy qor\u00e7alav meselesini tertipke ketirmek;<\/p>\n\n\n\n<p>1.3 &#8220;Q\u0131r\u0131mtatar halq\u0131 milliy tu\u011fras\u0131 (gerbi) aqq\u0131nda&#8221; nizamda q\u0131r\u0131mtatar halq\u0131 milliy tu\u011fras\u0131n\u0131\u00f1 tarifi, resmiy qullan\u0131luv ve uquqiy qoruv meselesini tertipke ketirmek.<\/p>\n\n\n\n<p>2. Q\u0131r\u0131mtatar halq\u0131n\u0131\u00f1 resmiy simvollar\u0131 \u2013 milliy bayraq, milliy gimn ve milliy tu\u011franen ba\u011fl\u0131 b\u00fct\u00fcn meselelerni faqat Q\u0131r\u0131mtatar halq\u0131n\u0131\u00f1 Qurultay\u0131 \u00e7ezip, olarn\u0131 de\u00f1i\u015ftirmek boyunca er angi teklifler q\u0131r\u0131mtatar halq\u0131 taraf\u0131ndan a\u00e7\u0131q ve k\u00fcn evelden muzakere etilmegenge qadar baq\u0131lmas\u0131n.<\/p>\n\n\n\n<p class=\"has-text-align-right\"><em>V \u00e7a\u011f\u0131r\u0131l\u0131\u015f Q\u0131r\u0131mtatar halq\u0131 Qurultay\u0131n\u0131\u00f1 d\u00f6rt\u00fcnci sessiyas\u0131nda qabul etildi .<br>Aqmescit. 2012 senesi iy\u00fcl 22.<\/em><\/p>\n","protected":false},"excerpt":{"rendered":"<p>Q\u0131r\u0131mtatar halq\u0131n\u0131\u00f1 resmiy simvollar\u0131 \u2013 milliy bayraq, milliy tu\u011fra (gerb) ve milliy gimn aqq\u0131ndaQ\u0131r\u0131mtatar halq\u0131 Qurultay\u0131n\u0131\u00f1 qarar\u0131. 1991 senesi iy\u00fcn 26-30 k\u00fcnleri Aqmescitte ke\u00e7irilgen ve kendini 1917 senesi Qurultay\u0131n\u0131\u00f1 devamc\u0131s\u0131 diye il\u00e2n etken 11 \u00e7a\u011f\u0131r\u0131l\u0131\u015f Q\u0131r\u0131mtatar halq\u0131 Qurultay\u0131, q\u0131r\u0131mtatarlarn\u0131\u00f1 milliy devlet\u00e7iligi ananelerini devam eterek 1991 senesi iy\u00fcn 30 k\u00fcn\u00fc &#8220;Q\u0131r\u0131mtatar halq\u0131n\u0131\u00f1 milliy bayra\u011f\u0131 ve milliy [&hellip;]<\/p>\n","protected":false},"author":1,"featured_media":32807,"comment_status":"open","ping_status":"open","sticky":false,"template":"","format":"standard","meta":{"inline_featured_image":false,"footnotes":""},"categories":[265],"tags":[],"class_list":["post-32806","post","type-post","status-publish","format-standard","has-post-thumbnail","hentry","category-haberler"],"acf":[],"yoast_head":"<!-- This site is optimized with the Yoast SEO plugin v27.4 - https:\/\/yoast.com\/product\/yoast-seo-wordpress\/ -->\n<title>Qurultay\u0131n\u0131\u00f1 Q\u0131r\u0131mtatar halq\u0131 resmiy simvollar\u0131 \u2013 milliy bayraq, milliy tu\u011fra (gerb) ve gimn aqq\u0131nda qarar\u0131 - \u041c\u0435\u0434\u0436\u043b\u0456\u0441<\/title>\n<meta name=\"robots\" content=\"index, follow, max-snippet:-1, max-image-preview:large, max-video-preview:-1\" \/>\n<link rel=\"canonical\" href=\"https:\/\/qtmm.org\/qt\/qurultayinin-qirimtatar-halqi-resmiy-simvollari-milliy-bayraq-milliy-tugra-gerb-ve-gimn-aqqinda-qarari\/\" \/>\n<meta property=\"og:locale\" content=\"en_US\" \/>\n<meta property=\"og:type\" content=\"article\" \/>\n<meta property=\"og:title\" content=\"Qurultay\u0131n\u0131\u00f1 Q\u0131r\u0131mtatar halq\u0131 resmiy simvollar\u0131 \u2013 milliy bayraq, milliy tu\u011fra (gerb) ve gimn aqq\u0131nda qarar\u0131 - \u041c\u0435\u0434\u0436\u043b\u0456\u0441\" \/>\n<meta property=\"og:description\" content=\"Q\u0131r\u0131mtatar halq\u0131n\u0131\u00f1 resmiy simvollar\u0131 \u2013 milliy bayraq, milliy tu\u011fra (gerb) ve milliy gimn aqq\u0131ndaQ\u0131r\u0131mtatar halq\u0131 Qurultay\u0131n\u0131\u00f1 qarar\u0131. 1991 senesi iy\u00fcn 26-30 k\u00fcnleri Aqmescitte ke\u00e7irilgen ve kendini 1917 senesi Qurultay\u0131n\u0131\u00f1 devamc\u0131s\u0131 diye il\u00e2n etken 11 \u00e7a\u011f\u0131r\u0131l\u0131\u015f Q\u0131r\u0131mtatar halq\u0131 Qurultay\u0131, q\u0131r\u0131mtatarlarn\u0131\u00f1 milliy devlet\u00e7iligi ananelerini devam eterek 1991 senesi iy\u00fcn 30 k\u00fcn\u00fc &#8220;Q\u0131r\u0131mtatar halq\u0131n\u0131\u00f1 milliy bayra\u011f\u0131 ve milliy [&hellip;]\" \/>\n<meta property=\"og:url\" content=\"https:\/\/qtmm.org\/qt\/qurultayinin-qirimtatar-halqi-resmiy-simvollari-milliy-bayraq-milliy-tugra-gerb-ve-gimn-aqqinda-qarari\/\" \/>\n<meta property=\"og:site_name\" content=\"\u041c\u0435\u0434\u0436\u043b\u0456\u0441\" \/>\n<meta property=\"article:publisher\" content=\"https:\/\/www.facebook.com\/qtmm.info\/\" \/>\n<meta property=\"article:published_time\" content=\"2012-07-22T20:16:00+00:00\" \/>\n<meta property=\"article:modified_time\" content=\"2022-01-21T20:16:55+00:00\" \/>\n<meta property=\"og:image\" content=\"https:\/\/qtmm.org\/wp-content\/uploads\/2022\/01\/v_tekst_14.jpeg\" \/>\n\t<meta property=\"og:image:width\" content=\"650\" \/>\n\t<meta property=\"og:image:height\" content=\"340\" \/>\n\t<meta property=\"og:image:type\" content=\"image\/jpeg\" \/>\n<meta name=\"author\" content=\"Developer\" \/>\n<meta name=\"twitter:card\" content=\"summary_large_image\" \/>\n<meta name=\"twitter:label1\" content=\"Written by\" \/>\n\t<meta name=\"twitter:data1\" content=\"Developer\" \/>\n\t<meta name=\"twitter:label2\" content=\"Est. reading time\" \/>\n\t<meta name=\"twitter:data2\" content=\"2 minutes\" \/>\n<script type=\"application\/ld+json\" class=\"yoast-schema-graph\">{\"@context\":\"https:\\\/\\\/schema.org\",\"@graph\":[{\"@type\":\"Article\",\"@id\":\"https:\\\/\\\/qtmm.org\\\/qt\\\/qurultayinin-qirimtatar-halqi-resmiy-simvollari-milliy-bayraq-milliy-tugra-gerb-ve-gimn-aqqinda-qarari\\\/#article\",\"isPartOf\":{\"@id\":\"https:\\\/\\\/qtmm.org\\\/qt\\\/qurultayinin-qirimtatar-halqi-resmiy-simvollari-milliy-bayraq-milliy-tugra-gerb-ve-gimn-aqqinda-qarari\\\/\"},\"author\":{\"name\":\"Developer\",\"@id\":\"https:\\\/\\\/qtmm.org\\\/qt\\\/#\\\/schema\\\/person\\\/de562469f971dec226ac06e60bbf74a7\"},\"headline\":\"Qurultay\u0131n\u0131\u00f1 Q\u0131r\u0131mtatar halq\u0131 resmiy simvollar\u0131 \u2013 milliy bayraq, milliy tu\u011fra (gerb) ve gimn aqq\u0131nda qarar\u0131\",\"datePublished\":\"2012-07-22T20:16:00+00:00\",\"dateModified\":\"2022-01-21T20:16:55+00:00\",\"mainEntityOfPage\":{\"@id\":\"https:\\\/\\\/qtmm.org\\\/qt\\\/qurultayinin-qirimtatar-halqi-resmiy-simvollari-milliy-bayraq-milliy-tugra-gerb-ve-gimn-aqqinda-qarari\\\/\"},\"wordCount\":445,\"commentCount\":0,\"publisher\":{\"@id\":\"https:\\\/\\\/qtmm.org\\\/qt\\\/#organization\"},\"image\":{\"@id\":\"https:\\\/\\\/qtmm.org\\\/qt\\\/qurultayinin-qirimtatar-halqi-resmiy-simvollari-milliy-bayraq-milliy-tugra-gerb-ve-gimn-aqqinda-qarari\\\/#primaryimage\"},\"thumbnailUrl\":\"https:\\\/\\\/qtmm.org\\\/wp-content\\\/uploads\\\/2022\\\/01\\\/v_tekst_14.jpeg\",\"articleSection\":[\"Haberler\"],\"inLanguage\":\"qt\",\"potentialAction\":[{\"@type\":\"CommentAction\",\"name\":\"Comment\",\"target\":[\"https:\\\/\\\/qtmm.org\\\/qt\\\/qurultayinin-qirimtatar-halqi-resmiy-simvollari-milliy-bayraq-milliy-tugra-gerb-ve-gimn-aqqinda-qarari\\\/#respond\"]}]},{\"@type\":\"WebPage\",\"@id\":\"https:\\\/\\\/qtmm.org\\\/qt\\\/qurultayinin-qirimtatar-halqi-resmiy-simvollari-milliy-bayraq-milliy-tugra-gerb-ve-gimn-aqqinda-qarari\\\/\",\"url\":\"https:\\\/\\\/qtmm.org\\\/qt\\\/qurultayinin-qirimtatar-halqi-resmiy-simvollari-milliy-bayraq-milliy-tugra-gerb-ve-gimn-aqqinda-qarari\\\/\",\"name\":\"Qurultay\u0131n\u0131\u00f1 Q\u0131r\u0131mtatar halq\u0131 resmiy simvollar\u0131 \u2013 milliy bayraq, milliy tu\u011fra (gerb) ve gimn aqq\u0131nda qarar\u0131 - \u041c\u0435\u0434\u0436\u043b\u0456\u0441\",\"isPartOf\":{\"@id\":\"https:\\\/\\\/qtmm.org\\\/qt\\\/#website\"},\"primaryImageOfPage\":{\"@id\":\"https:\\\/\\\/qtmm.org\\\/qt\\\/qurultayinin-qirimtatar-halqi-resmiy-simvollari-milliy-bayraq-milliy-tugra-gerb-ve-gimn-aqqinda-qarari\\\/#primaryimage\"},\"image\":{\"@id\":\"https:\\\/\\\/qtmm.org\\\/qt\\\/qurultayinin-qirimtatar-halqi-resmiy-simvollari-milliy-bayraq-milliy-tugra-gerb-ve-gimn-aqqinda-qarari\\\/#primaryimage\"},\"thumbnailUrl\":\"https:\\\/\\\/qtmm.org\\\/wp-content\\\/uploads\\\/2022\\\/01\\\/v_tekst_14.jpeg\",\"datePublished\":\"2012-07-22T20:16:00+00:00\",\"dateModified\":\"2022-01-21T20:16:55+00:00\",\"breadcrumb\":{\"@id\":\"https:\\\/\\\/qtmm.org\\\/qt\\\/qurultayinin-qirimtatar-halqi-resmiy-simvollari-milliy-bayraq-milliy-tugra-gerb-ve-gimn-aqqinda-qarari\\\/#breadcrumb\"},\"inLanguage\":\"qt\",\"potentialAction\":[{\"@type\":\"ReadAction\",\"target\":[\"https:\\\/\\\/qtmm.org\\\/qt\\\/qurultayinin-qirimtatar-halqi-resmiy-simvollari-milliy-bayraq-milliy-tugra-gerb-ve-gimn-aqqinda-qarari\\\/\"]}]},{\"@type\":\"ImageObject\",\"inLanguage\":\"qt\",\"@id\":\"https:\\\/\\\/qtmm.org\\\/qt\\\/qurultayinin-qirimtatar-halqi-resmiy-simvollari-milliy-bayraq-milliy-tugra-gerb-ve-gimn-aqqinda-qarari\\\/#primaryimage\",\"url\":\"https:\\\/\\\/qtmm.org\\\/wp-content\\\/uploads\\\/2022\\\/01\\\/v_tekst_14.jpeg\",\"contentUrl\":\"https:\\\/\\\/qtmm.org\\\/wp-content\\\/uploads\\\/2022\\\/01\\\/v_tekst_14.jpeg\",\"width\":650,\"height\":340},{\"@type\":\"BreadcrumbList\",\"@id\":\"https:\\\/\\\/qtmm.org\\\/qt\\\/qurultayinin-qirimtatar-halqi-resmiy-simvollari-milliy-bayraq-milliy-tugra-gerb-ve-gimn-aqqinda-qarari\\\/#breadcrumb\",\"itemListElement\":[{\"@type\":\"ListItem\",\"position\":1,\"name\":\"\u0413\u043e\u043b\u043e\u0432\u043d\u0430\",\"item\":\"https:\\\/\\\/qtmm.org\\\/qt\\\/\"},{\"@type\":\"ListItem\",\"position\":2,\"name\":\"Qurultay\u0131n\u0131\u00f1 Q\u0131r\u0131mtatar halq\u0131 resmiy simvollar\u0131 \u2013 milliy bayraq, milliy tu\u011fra (gerb) ve gimn aqq\u0131nda qarar\u0131\"}]},{\"@type\":\"WebSite\",\"@id\":\"https:\\\/\\\/qtmm.org\\\/qt\\\/#website\",\"url\":\"https:\\\/\\\/qtmm.org\\\/qt\\\/\",\"name\":\"\u041c\u0435\u0434\u0436\u043b\u0456\u0441\",\"description\":\"\",\"publisher\":{\"@id\":\"https:\\\/\\\/qtmm.org\\\/qt\\\/#organization\"},\"potentialAction\":[{\"@type\":\"SearchAction\",\"target\":{\"@type\":\"EntryPoint\",\"urlTemplate\":\"https:\\\/\\\/qtmm.org\\\/qt\\\/?s={search_term_string}\"},\"query-input\":{\"@type\":\"PropertyValueSpecification\",\"valueRequired\":true,\"valueName\":\"search_term_string\"}}],\"inLanguage\":\"qt\"},{\"@type\":\"Organization\",\"@id\":\"https:\\\/\\\/qtmm.org\\\/qt\\\/#organization\",\"name\":\"\u041c\u0435\u0434\u0436\u043b\u0456\u0441\",\"url\":\"https:\\\/\\\/qtmm.org\\\/qt\\\/\",\"logo\":{\"@type\":\"ImageObject\",\"inLanguage\":\"qt\",\"@id\":\"https:\\\/\\\/qtmm.org\\\/qt\\\/#\\\/schema\\\/logo\\\/image\\\/\",\"url\":\"https:\\\/\\\/qtmm.org\\\/wp-content\\\/uploads\\\/2024\\\/12\\\/ua-mejlis-logo-rgb.svg\",\"contentUrl\":\"https:\\\/\\\/qtmm.org\\\/wp-content\\\/uploads\\\/2024\\\/12\\\/ua-mejlis-logo-rgb.svg\",\"caption\":\"\u041c\u0435\u0434\u0436\u043b\u0456\u0441\"},\"image\":{\"@id\":\"https:\\\/\\\/qtmm.org\\\/qt\\\/#\\\/schema\\\/logo\\\/image\\\/\"},\"sameAs\":[\"https:\\\/\\\/www.facebook.com\\\/qtmm.info\\\/\"]},{\"@type\":\"Person\",\"@id\":\"https:\\\/\\\/qtmm.org\\\/qt\\\/#\\\/schema\\\/person\\\/de562469f971dec226ac06e60bbf74a7\",\"name\":\"Developer\",\"image\":{\"@type\":\"ImageObject\",\"inLanguage\":\"qt\",\"@id\":\"https:\\\/\\\/secure.gravatar.com\\\/avatar\\\/392b4cc8fbfeb00b39dfeeab4ee6edded39ffd48e25858637e4765810300227e?s=96&d=mm&r=g\",\"url\":\"https:\\\/\\\/secure.gravatar.com\\\/avatar\\\/392b4cc8fbfeb00b39dfeeab4ee6edded39ffd48e25858637e4765810300227e?s=96&d=mm&r=g\",\"contentUrl\":\"https:\\\/\\\/secure.gravatar.com\\\/avatar\\\/392b4cc8fbfeb00b39dfeeab4ee6edded39ffd48e25858637e4765810300227e?s=96&d=mm&r=g\",\"caption\":\"Developer\"},\"url\":\"https:\\\/\\\/qtmm.org\\\/qt\\\/author\\\/Developer\\\/\"}]}<\/script>\n<!-- \/ Yoast SEO plugin. -->","yoast_head_json":{"title":"Qurultay\u0131n\u0131\u00f1 Q\u0131r\u0131mtatar halq\u0131 resmiy simvollar\u0131 \u2013 milliy bayraq, milliy tu\u011fra (gerb) ve gimn aqq\u0131nda qarar\u0131 - \u041c\u0435\u0434\u0436\u043b\u0456\u0441","robots":{"index":"index","follow":"follow","max-snippet":"max-snippet:-1","max-image-preview":"max-image-preview:large","max-video-preview":"max-video-preview:-1"},"canonical":"https:\/\/qtmm.org\/qt\/qurultayinin-qirimtatar-halqi-resmiy-simvollari-milliy-bayraq-milliy-tugra-gerb-ve-gimn-aqqinda-qarari\/","og_locale":"en_US","og_type":"article","og_title":"Qurultay\u0131n\u0131\u00f1 Q\u0131r\u0131mtatar halq\u0131 resmiy simvollar\u0131 \u2013 milliy bayraq, milliy tu\u011fra (gerb) ve gimn aqq\u0131nda qarar\u0131 - \u041c\u0435\u0434\u0436\u043b\u0456\u0441","og_description":"Q\u0131r\u0131mtatar halq\u0131n\u0131\u00f1 resmiy simvollar\u0131 \u2013 milliy bayraq, milliy tu\u011fra (gerb) ve milliy gimn aqq\u0131ndaQ\u0131r\u0131mtatar halq\u0131 Qurultay\u0131n\u0131\u00f1 qarar\u0131. 1991 senesi iy\u00fcn 26-30 k\u00fcnleri Aqmescitte ke\u00e7irilgen ve kendini 1917 senesi Qurultay\u0131n\u0131\u00f1 devamc\u0131s\u0131 diye il\u00e2n etken 11 \u00e7a\u011f\u0131r\u0131l\u0131\u015f Q\u0131r\u0131mtatar halq\u0131 Qurultay\u0131, q\u0131r\u0131mtatarlarn\u0131\u00f1 milliy devlet\u00e7iligi ananelerini devam eterek 1991 senesi iy\u00fcn 30 k\u00fcn\u00fc &#8220;Q\u0131r\u0131mtatar halq\u0131n\u0131\u00f1 milliy bayra\u011f\u0131 ve milliy [&hellip;]","og_url":"https:\/\/qtmm.org\/qt\/qurultayinin-qirimtatar-halqi-resmiy-simvollari-milliy-bayraq-milliy-tugra-gerb-ve-gimn-aqqinda-qarari\/","og_site_name":"\u041c\u0435\u0434\u0436\u043b\u0456\u0441","article_publisher":"https:\/\/www.facebook.com\/qtmm.info\/","article_published_time":"2012-07-22T20:16:00+00:00","article_modified_time":"2022-01-21T20:16:55+00:00","og_image":[{"width":650,"height":340,"url":"https:\/\/qtmm.org\/wp-content\/uploads\/2022\/01\/v_tekst_14.jpeg","type":"image\/jpeg"}],"author":"Developer","twitter_card":"summary_large_image","twitter_misc":{"Written by":"Developer","Est. reading time":"2 minutes"},"schema":{"@context":"https:\/\/schema.org","@graph":[{"@type":"Article","@id":"https:\/\/qtmm.org\/qt\/qurultayinin-qirimtatar-halqi-resmiy-simvollari-milliy-bayraq-milliy-tugra-gerb-ve-gimn-aqqinda-qarari\/#article","isPartOf":{"@id":"https:\/\/qtmm.org\/qt\/qurultayinin-qirimtatar-halqi-resmiy-simvollari-milliy-bayraq-milliy-tugra-gerb-ve-gimn-aqqinda-qarari\/"},"author":{"name":"Developer","@id":"https:\/\/qtmm.org\/qt\/#\/schema\/person\/de562469f971dec226ac06e60bbf74a7"},"headline":"Qurultay\u0131n\u0131\u00f1 Q\u0131r\u0131mtatar halq\u0131 resmiy simvollar\u0131 \u2013 milliy bayraq, milliy tu\u011fra (gerb) ve gimn aqq\u0131nda qarar\u0131","datePublished":"2012-07-22T20:16:00+00:00","dateModified":"2022-01-21T20:16:55+00:00","mainEntityOfPage":{"@id":"https:\/\/qtmm.org\/qt\/qurultayinin-qirimtatar-halqi-resmiy-simvollari-milliy-bayraq-milliy-tugra-gerb-ve-gimn-aqqinda-qarari\/"},"wordCount":445,"commentCount":0,"publisher":{"@id":"https:\/\/qtmm.org\/qt\/#organization"},"image":{"@id":"https:\/\/qtmm.org\/qt\/qurultayinin-qirimtatar-halqi-resmiy-simvollari-milliy-bayraq-milliy-tugra-gerb-ve-gimn-aqqinda-qarari\/#primaryimage"},"thumbnailUrl":"https:\/\/qtmm.org\/wp-content\/uploads\/2022\/01\/v_tekst_14.jpeg","articleSection":["Haberler"],"inLanguage":"qt","potentialAction":[{"@type":"CommentAction","name":"Comment","target":["https:\/\/qtmm.org\/qt\/qurultayinin-qirimtatar-halqi-resmiy-simvollari-milliy-bayraq-milliy-tugra-gerb-ve-gimn-aqqinda-qarari\/#respond"]}]},{"@type":"WebPage","@id":"https:\/\/qtmm.org\/qt\/qurultayinin-qirimtatar-halqi-resmiy-simvollari-milliy-bayraq-milliy-tugra-gerb-ve-gimn-aqqinda-qarari\/","url":"https:\/\/qtmm.org\/qt\/qurultayinin-qirimtatar-halqi-resmiy-simvollari-milliy-bayraq-milliy-tugra-gerb-ve-gimn-aqqinda-qarari\/","name":"Qurultay\u0131n\u0131\u00f1 Q\u0131r\u0131mtatar halq\u0131 resmiy simvollar\u0131 \u2013 milliy bayraq, milliy tu\u011fra (gerb) ve gimn aqq\u0131nda qarar\u0131 - \u041c\u0435\u0434\u0436\u043b\u0456\u0441","isPartOf":{"@id":"https:\/\/qtmm.org\/qt\/#website"},"primaryImageOfPage":{"@id":"https:\/\/qtmm.org\/qt\/qurultayinin-qirimtatar-halqi-resmiy-simvollari-milliy-bayraq-milliy-tugra-gerb-ve-gimn-aqqinda-qarari\/#primaryimage"},"image":{"@id":"https:\/\/qtmm.org\/qt\/qurultayinin-qirimtatar-halqi-resmiy-simvollari-milliy-bayraq-milliy-tugra-gerb-ve-gimn-aqqinda-qarari\/#primaryimage"},"thumbnailUrl":"https:\/\/qtmm.org\/wp-content\/uploads\/2022\/01\/v_tekst_14.jpeg","datePublished":"2012-07-22T20:16:00+00:00","dateModified":"2022-01-21T20:16:55+00:00","breadcrumb":{"@id":"https:\/\/qtmm.org\/qt\/qurultayinin-qirimtatar-halqi-resmiy-simvollari-milliy-bayraq-milliy-tugra-gerb-ve-gimn-aqqinda-qarari\/#breadcrumb"},"inLanguage":"qt","potentialAction":[{"@type":"ReadAction","target":["https:\/\/qtmm.org\/qt\/qurultayinin-qirimtatar-halqi-resmiy-simvollari-milliy-bayraq-milliy-tugra-gerb-ve-gimn-aqqinda-qarari\/"]}]},{"@type":"ImageObject","inLanguage":"qt","@id":"https:\/\/qtmm.org\/qt\/qurultayinin-qirimtatar-halqi-resmiy-simvollari-milliy-bayraq-milliy-tugra-gerb-ve-gimn-aqqinda-qarari\/#primaryimage","url":"https:\/\/qtmm.org\/wp-content\/uploads\/2022\/01\/v_tekst_14.jpeg","contentUrl":"https:\/\/qtmm.org\/wp-content\/uploads\/2022\/01\/v_tekst_14.jpeg","width":650,"height":340},{"@type":"BreadcrumbList","@id":"https:\/\/qtmm.org\/qt\/qurultayinin-qirimtatar-halqi-resmiy-simvollari-milliy-bayraq-milliy-tugra-gerb-ve-gimn-aqqinda-qarari\/#breadcrumb","itemListElement":[{"@type":"ListItem","position":1,"name":"\u0413\u043e\u043b\u043e\u0432\u043d\u0430","item":"https:\/\/qtmm.org\/qt\/"},{"@type":"ListItem","position":2,"name":"Qurultay\u0131n\u0131\u00f1 Q\u0131r\u0131mtatar halq\u0131 resmiy simvollar\u0131 \u2013 milliy bayraq, milliy tu\u011fra (gerb) ve gimn aqq\u0131nda qarar\u0131"}]},{"@type":"WebSite","@id":"https:\/\/qtmm.org\/qt\/#website","url":"https:\/\/qtmm.org\/qt\/","name":"\u041c\u0435\u0434\u0436\u043b\u0456\u0441","description":"","publisher":{"@id":"https:\/\/qtmm.org\/qt\/#organization"},"potentialAction":[{"@type":"SearchAction","target":{"@type":"EntryPoint","urlTemplate":"https:\/\/qtmm.org\/qt\/?s={search_term_string}"},"query-input":{"@type":"PropertyValueSpecification","valueRequired":true,"valueName":"search_term_string"}}],"inLanguage":"qt"},{"@type":"Organization","@id":"https:\/\/qtmm.org\/qt\/#organization","name":"\u041c\u0435\u0434\u0436\u043b\u0456\u0441","url":"https:\/\/qtmm.org\/qt\/","logo":{"@type":"ImageObject","inLanguage":"qt","@id":"https:\/\/qtmm.org\/qt\/#\/schema\/logo\/image\/","url":"https:\/\/qtmm.org\/wp-content\/uploads\/2024\/12\/ua-mejlis-logo-rgb.svg","contentUrl":"https:\/\/qtmm.org\/wp-content\/uploads\/2024\/12\/ua-mejlis-logo-rgb.svg","caption":"\u041c\u0435\u0434\u0436\u043b\u0456\u0441"},"image":{"@id":"https:\/\/qtmm.org\/qt\/#\/schema\/logo\/image\/"},"sameAs":["https:\/\/www.facebook.com\/qtmm.info\/"]},{"@type":"Person","@id":"https:\/\/qtmm.org\/qt\/#\/schema\/person\/de562469f971dec226ac06e60bbf74a7","name":"Developer","image":{"@type":"ImageObject","inLanguage":"qt","@id":"https:\/\/secure.gravatar.com\/avatar\/392b4cc8fbfeb00b39dfeeab4ee6edded39ffd48e25858637e4765810300227e?s=96&d=mm&r=g","url":"https:\/\/secure.gravatar.com\/avatar\/392b4cc8fbfeb00b39dfeeab4ee6edded39ffd48e25858637e4765810300227e?s=96&d=mm&r=g","contentUrl":"https:\/\/secure.gravatar.com\/avatar\/392b4cc8fbfeb00b39dfeeab4ee6edded39ffd48e25858637e4765810300227e?s=96&d=mm&r=g","caption":"Developer"},"url":"https:\/\/qtmm.org\/qt\/author\/Developer\/"}]}},"_links":{"self":[{"href":"https:\/\/qtmm.org\/qt\/wp-json\/wp\/v2\/posts\/32806","targetHints":{"allow":["GET"]}}],"collection":[{"href":"https:\/\/qtmm.org\/qt\/wp-json\/wp\/v2\/posts"}],"about":[{"href":"https:\/\/qtmm.org\/qt\/wp-json\/wp\/v2\/types\/post"}],"author":[{"embeddable":true,"href":"https:\/\/qtmm.org\/qt\/wp-json\/wp\/v2\/users\/1"}],"replies":[{"embeddable":true,"href":"https:\/\/qtmm.org\/qt\/wp-json\/wp\/v2\/comments?post=32806"}],"version-history":[{"count":1,"href":"https:\/\/qtmm.org\/qt\/wp-json\/wp\/v2\/posts\/32806\/revisions"}],"predecessor-version":[{"id":32816,"href":"https:\/\/qtmm.org\/qt\/wp-json\/wp\/v2\/posts\/32806\/revisions\/32816"}],"wp:featuredmedia":[{"embeddable":true,"href":"https:\/\/qtmm.org\/qt\/wp-json\/wp\/v2\/media\/32807"}],"wp:attachment":[{"href":"https:\/\/qtmm.org\/qt\/wp-json\/wp\/v2\/media?parent=32806"}],"wp:term":[{"taxonomy":"category","embeddable":true,"href":"https:\/\/qtmm.org\/qt\/wp-json\/wp\/v2\/categories?post=32806"},{"taxonomy":"post_tag","embeddable":true,"href":"https:\/\/qtmm.org\/qt\/wp-json\/wp\/v2\/tags?post=32806"}],"curies":[{"name":"wp","href":"https:\/\/api.w.org\/{rel}","templated":true}]}}