




{"id":32767,"date":"2012-07-21T23:13:00","date_gmt":"2012-07-21T20:13:00","guid":{"rendered":"http:\/\/qtmm.org\/?p=32767"},"modified":"2022-01-21T23:13:57","modified_gmt":"2022-01-21T20:13:57","slug":"qurultaynin-v-qurultay-delegatlarini-vekaletliklerinden-marum-etuv-qarari","status":"publish","type":"post","link":"https:\/\/qtmm.org\/qt\/qurultaynin-v-qurultay-delegatlarini-vekaletliklerinden-marum-etuv-qarari\/","title":{"rendered":"Qurultayn\u0131\u00f1 \u00abV Qurultay delegatlar\u0131n\u0131 vek\u00e2letliklerinden marum et\u00fcv\u00bb qarar\u0131"},"content":{"rendered":"\n<p><strong>Q\u0131r\u0131mtatar halq\u0131 Qurultay\u0131n\u0131\u00f1<br>&#8220;V Qurultay delegatlar\u0131n\u0131 vek\u00e2letliklerinden marum et\u00fcv aqq\u0131nda&#8221;<br>Qarar\u0131<\/strong><\/p>\n\n\n\n<p>Q\u0131r\u0131mtatar halq\u0131 V Qurultay\u0131 Mandat komissiyas\u0131n\u0131\u00f1 2012 senesi iy\u00fcl 21-de qabul etken \u21162 tutana\u011f\u0131nda Q\u0131r\u0131mtatar halq\u0131 Qurultay reglamentini\u00f1 2.2 ve 5.6 maddeleri ve &#8220;Q\u0131r\u0131mtatar halq\u0131 Qurultay\u0131 delegat\u0131n\u0131\u00f1 status\u0131 aqq\u0131nda nizam&#8221;n\u0131\u00f1 3-nci maddesine binaen Qurultay delegatlar\u0131n\u0131 vek\u00e2letliklerinden marum et\u00fcv boyunca bildirilgen tekliflerini di\u00f1leyerek<\/p>\n\n\n\n<p><strong>Q\u0131r\u0131mtatar halq\u0131n\u0131\u00f1 Qurultay\u0131 qarar bere:<\/strong><\/p>\n\n\n\n<p>V Qurultay 3-nci sessiyas\u0131n\u0131\u00f1 2010 senesi avgust 29-da qabul etken &#8220;Q\u0131r\u0131m Yuqar\u0131 \u015euras\u0131, yerli \u015furalar ve k\u00f6y, qasaba ve \u015feer ba\u015fqanlar\u0131n\u0131 saylav aqq\u0131nda&#8221; qarar\u0131n\u0131 boz\u011fanlar\u0131 i\u00e7\u00fcn a\u015fa\u011f\u0131daki 9 insan V Qurultay delegat\u0131 vek\u00e2letliginden marum etilsin<\/p>\n\n\n\n<p>1.&nbsp;<strong>Remzi Abdurefiyev<\/strong>&nbsp;&#8211; Alu\u015fta region\u0131ndan delegat;<\/p>\n\n\n\n<p>2.&nbsp;<strong>Ernes Abl\u00e2kimov<\/strong>&nbsp;\u2013 Aqmescit region\u0131ndan delegat;<\/p>\n\n\n\n<p>3.&nbsp;<strong>Daniyal Ametov<\/strong>&nbsp;&#8211; &#8220;Avdet&#8221; cemaat te\u015fkil\u00e2t\u0131ndan delegat;<\/p>\n\n\n\n<p>4.&nbsp;<strong>Kamil Ametov<\/strong>&nbsp;&#8211; Aqmescit region\u0131ndan delegat;<\/p>\n\n\n\n<p>5.&nbsp;<strong>Ruslan Balbek<\/strong>&nbsp;\u2013 Sudaq Aqmescit region\u0131ndan delegat<\/p>\n\n\n\n<p>6.&nbsp;<strong>Damir \u0130badullayev<\/strong>&nbsp;&#8211; Aqme\u00e7it region\u0131ndan delegat;<\/p>\n\n\n\n<p>7.&nbsp;<strong>Resude \u0130zmaylova<\/strong>&nbsp;&#8211; Aqme\u00e7it region\u0131ndan delegat;<\/p>\n\n\n\n<p>8.&nbsp;<strong>Seytumer Nemetulayev<\/strong>&nbsp;&#8211; Herson region\u0131ndan delegat;;<\/p>\n\n\n\n<p>9.&nbsp;<strong>Enver Suleymanov<\/strong>&nbsp;&#8211; Lenin region\u0131ndan delegat;a.<\/p>\n\n\n\n<p><em>Q\u0131r\u0131mtatar halq\u0131 V \u00e7a\u011f\u0131r\u0131l\u0131\u015f Qurultay\u0131n\u0131\u00f1 4 sessiyas\u0131nda qabul etildi.<br>Aqmescit, 2012 senesi iy\u00fcl 21.<\/em><\/p>\n\n\n\n<p><strong>Q\u0131r\u0131mtatar halq\u0131 V Qurultay\u0131 4 sessiyas\u0131n\u0131\u00f1 prezidium\u0131:<br>Mustafa Cemilev, Refat \u00c7ubarov, Remzi \u0130lyasov, Ahtem \u00c7iygoz<\/strong><\/p>\n\n\n\n<p><strong>Q\u0131r\u0131mtatar halq\u0131 V Qurultay\u0131 4 sessiyas\u0131n\u0131\u00f1 K\u00e2tibiyet reisi &#8211; Zair Smedl\u00e2yev<\/strong><\/p>\n","protected":false},"excerpt":{"rendered":"<p>Q\u0131r\u0131mtatar halq\u0131 Qurultay\u0131n\u0131\u00f1&#8220;V Qurultay delegatlar\u0131n\u0131 vek\u00e2letliklerinden marum et\u00fcv aqq\u0131nda&#8221;Qarar\u0131 Q\u0131r\u0131mtatar halq\u0131 V Qurultay\u0131 Mandat komissiyas\u0131n\u0131\u00f1 2012 senesi iy\u00fcl 21-de qabul etken \u21162 tutana\u011f\u0131nda Q\u0131r\u0131mtatar halq\u0131 Qurultay reglamentini\u00f1 2.2 ve 5.6 maddeleri ve &#8220;Q\u0131r\u0131mtatar halq\u0131 Qurultay\u0131 delegat\u0131n\u0131\u00f1 status\u0131 aqq\u0131nda nizam&#8221;n\u0131\u00f1 3-nci maddesine binaen Qurultay delegatlar\u0131n\u0131 vek\u00e2letliklerinden marum et\u00fcv boyunca bildirilgen tekliflerini di\u00f1leyerek Q\u0131r\u0131mtatar halq\u0131n\u0131\u00f1 Qurultay\u0131 qarar [&hellip;]<\/p>\n","protected":false},"author":1,"featured_media":32769,"comment_status":"open","ping_status":"open","sticky":false,"template":"","format":"standard","meta":{"inline_featured_image":false,"footnotes":""},"categories":[265],"tags":[],"class_list":["post-32767","post","type-post","status-publish","format-standard","has-post-thumbnail","hentry","category-haberler"],"acf":[],"yoast_head":"<!-- This site is optimized with the Yoast SEO plugin v27.4 - https:\/\/yoast.com\/product\/yoast-seo-wordpress\/ -->\n<title>Qurultayn\u0131\u00f1 \u00abV Qurultay delegatlar\u0131n\u0131 vek\u00e2letliklerinden marum et\u00fcv\u00bb qarar\u0131 - \u041c\u0435\u0434\u0436\u043b\u0456\u0441<\/title>\n<meta name=\"robots\" content=\"index, follow, max-snippet:-1, max-image-preview:large, max-video-preview:-1\" \/>\n<link rel=\"canonical\" href=\"https:\/\/qtmm.org\/qt\/qurultaynin-v-qurultay-delegatlarini-vekaletliklerinden-marum-etuv-qarari\/\" \/>\n<meta property=\"og:locale\" content=\"en_US\" \/>\n<meta property=\"og:type\" content=\"article\" \/>\n<meta property=\"og:title\" content=\"Qurultayn\u0131\u00f1 \u00abV Qurultay delegatlar\u0131n\u0131 vek\u00e2letliklerinden marum et\u00fcv\u00bb qarar\u0131 - \u041c\u0435\u0434\u0436\u043b\u0456\u0441\" \/>\n<meta property=\"og:description\" content=\"Q\u0131r\u0131mtatar halq\u0131 Qurultay\u0131n\u0131\u00f1&#8220;V Qurultay delegatlar\u0131n\u0131 vek\u00e2letliklerinden marum et\u00fcv aqq\u0131nda&#8221;Qarar\u0131 Q\u0131r\u0131mtatar halq\u0131 V Qurultay\u0131 Mandat komissiyas\u0131n\u0131\u00f1 2012 senesi iy\u00fcl 21-de qabul etken \u21162 tutana\u011f\u0131nda Q\u0131r\u0131mtatar halq\u0131 Qurultay reglamentini\u00f1 2.2 ve 5.6 maddeleri ve &#8220;Q\u0131r\u0131mtatar halq\u0131 Qurultay\u0131 delegat\u0131n\u0131\u00f1 status\u0131 aqq\u0131nda nizam&#8221;n\u0131\u00f1 3-nci maddesine binaen Qurultay delegatlar\u0131n\u0131 vek\u00e2letliklerinden marum et\u00fcv boyunca bildirilgen tekliflerini di\u00f1leyerek Q\u0131r\u0131mtatar halq\u0131n\u0131\u00f1 Qurultay\u0131 qarar [&hellip;]\" \/>\n<meta property=\"og:url\" content=\"https:\/\/qtmm.org\/qt\/qurultaynin-v-qurultay-delegatlarini-vekaletliklerinden-marum-etuv-qarari\/\" \/>\n<meta property=\"og:site_name\" content=\"\u041c\u0435\u0434\u0436\u043b\u0456\u0441\" \/>\n<meta property=\"article:publisher\" content=\"https:\/\/www.facebook.com\/qtmm.info\/\" \/>\n<meta property=\"article:published_time\" content=\"2012-07-21T20:13:00+00:00\" \/>\n<meta property=\"article:modified_time\" content=\"2022-01-21T20:13:57+00:00\" \/>\n<meta property=\"og:image\" content=\"https:\/\/qtmm.org\/wp-content\/uploads\/2022\/01\/v_tekst_13.jpeg\" \/>\n\t<meta property=\"og:image:width\" content=\"672\" \/>\n\t<meta property=\"og:image:height\" content=\"350\" \/>\n\t<meta property=\"og:image:type\" content=\"image\/jpeg\" \/>\n<meta name=\"author\" content=\"Developer\" \/>\n<meta name=\"twitter:card\" content=\"summary_large_image\" \/>\n<meta name=\"twitter:label1\" content=\"Written by\" \/>\n\t<meta name=\"twitter:data1\" content=\"Developer\" \/>\n\t<meta name=\"twitter:label2\" content=\"Est. reading time\" \/>\n\t<meta name=\"twitter:data2\" content=\"1 minute\" \/>\n<script type=\"application\/ld+json\" class=\"yoast-schema-graph\">{\"@context\":\"https:\\\/\\\/schema.org\",\"@graph\":[{\"@type\":\"Article\",\"@id\":\"https:\\\/\\\/qtmm.org\\\/qt\\\/qurultaynin-v-qurultay-delegatlarini-vekaletliklerinden-marum-etuv-qarari\\\/#article\",\"isPartOf\":{\"@id\":\"https:\\\/\\\/qtmm.org\\\/qt\\\/qurultaynin-v-qurultay-delegatlarini-vekaletliklerinden-marum-etuv-qarari\\\/\"},\"author\":{\"name\":\"Developer\",\"@id\":\"https:\\\/\\\/qtmm.org\\\/qt\\\/#\\\/schema\\\/person\\\/de562469f971dec226ac06e60bbf74a7\"},\"headline\":\"Qurultayn\u0131\u00f1 \u00abV Qurultay delegatlar\u0131n\u0131 vek\u00e2letliklerinden marum et\u00fcv\u00bb qarar\u0131\",\"datePublished\":\"2012-07-21T20:13:00+00:00\",\"dateModified\":\"2022-01-21T20:13:57+00:00\",\"mainEntityOfPage\":{\"@id\":\"https:\\\/\\\/qtmm.org\\\/qt\\\/qurultaynin-v-qurultay-delegatlarini-vekaletliklerinden-marum-etuv-qarari\\\/\"},\"wordCount\":275,\"commentCount\":0,\"publisher\":{\"@id\":\"https:\\\/\\\/qtmm.org\\\/qt\\\/#organization\"},\"image\":{\"@id\":\"https:\\\/\\\/qtmm.org\\\/qt\\\/qurultaynin-v-qurultay-delegatlarini-vekaletliklerinden-marum-etuv-qarari\\\/#primaryimage\"},\"thumbnailUrl\":\"https:\\\/\\\/qtmm.org\\\/wp-content\\\/uploads\\\/2022\\\/01\\\/v_tekst_13.jpeg\",\"articleSection\":[\"Haberler\"],\"inLanguage\":\"qt\",\"potentialAction\":[{\"@type\":\"CommentAction\",\"name\":\"Comment\",\"target\":[\"https:\\\/\\\/qtmm.org\\\/qt\\\/qurultaynin-v-qurultay-delegatlarini-vekaletliklerinden-marum-etuv-qarari\\\/#respond\"]}]},{\"@type\":\"WebPage\",\"@id\":\"https:\\\/\\\/qtmm.org\\\/qt\\\/qurultaynin-v-qurultay-delegatlarini-vekaletliklerinden-marum-etuv-qarari\\\/\",\"url\":\"https:\\\/\\\/qtmm.org\\\/qt\\\/qurultaynin-v-qurultay-delegatlarini-vekaletliklerinden-marum-etuv-qarari\\\/\",\"name\":\"Qurultayn\u0131\u00f1 \u00abV Qurultay delegatlar\u0131n\u0131 vek\u00e2letliklerinden marum et\u00fcv\u00bb qarar\u0131 - \u041c\u0435\u0434\u0436\u043b\u0456\u0441\",\"isPartOf\":{\"@id\":\"https:\\\/\\\/qtmm.org\\\/qt\\\/#website\"},\"primaryImageOfPage\":{\"@id\":\"https:\\\/\\\/qtmm.org\\\/qt\\\/qurultaynin-v-qurultay-delegatlarini-vekaletliklerinden-marum-etuv-qarari\\\/#primaryimage\"},\"image\":{\"@id\":\"https:\\\/\\\/qtmm.org\\\/qt\\\/qurultaynin-v-qurultay-delegatlarini-vekaletliklerinden-marum-etuv-qarari\\\/#primaryimage\"},\"thumbnailUrl\":\"https:\\\/\\\/qtmm.org\\\/wp-content\\\/uploads\\\/2022\\\/01\\\/v_tekst_13.jpeg\",\"datePublished\":\"2012-07-21T20:13:00+00:00\",\"dateModified\":\"2022-01-21T20:13:57+00:00\",\"breadcrumb\":{\"@id\":\"https:\\\/\\\/qtmm.org\\\/qt\\\/qurultaynin-v-qurultay-delegatlarini-vekaletliklerinden-marum-etuv-qarari\\\/#breadcrumb\"},\"inLanguage\":\"qt\",\"potentialAction\":[{\"@type\":\"ReadAction\",\"target\":[\"https:\\\/\\\/qtmm.org\\\/qt\\\/qurultaynin-v-qurultay-delegatlarini-vekaletliklerinden-marum-etuv-qarari\\\/\"]}]},{\"@type\":\"ImageObject\",\"inLanguage\":\"qt\",\"@id\":\"https:\\\/\\\/qtmm.org\\\/qt\\\/qurultaynin-v-qurultay-delegatlarini-vekaletliklerinden-marum-etuv-qarari\\\/#primaryimage\",\"url\":\"https:\\\/\\\/qtmm.org\\\/wp-content\\\/uploads\\\/2022\\\/01\\\/v_tekst_13.jpeg\",\"contentUrl\":\"https:\\\/\\\/qtmm.org\\\/wp-content\\\/uploads\\\/2022\\\/01\\\/v_tekst_13.jpeg\",\"width\":672,\"height\":350},{\"@type\":\"BreadcrumbList\",\"@id\":\"https:\\\/\\\/qtmm.org\\\/qt\\\/qurultaynin-v-qurultay-delegatlarini-vekaletliklerinden-marum-etuv-qarari\\\/#breadcrumb\",\"itemListElement\":[{\"@type\":\"ListItem\",\"position\":1,\"name\":\"\u0413\u043e\u043b\u043e\u0432\u043d\u0430\",\"item\":\"https:\\\/\\\/qtmm.org\\\/qt\\\/\"},{\"@type\":\"ListItem\",\"position\":2,\"name\":\"Qurultayn\u0131\u00f1 \u00abV Qurultay delegatlar\u0131n\u0131 vek\u00e2letliklerinden marum et\u00fcv\u00bb qarar\u0131\"}]},{\"@type\":\"WebSite\",\"@id\":\"https:\\\/\\\/qtmm.org\\\/qt\\\/#website\",\"url\":\"https:\\\/\\\/qtmm.org\\\/qt\\\/\",\"name\":\"\u041c\u0435\u0434\u0436\u043b\u0456\u0441\",\"description\":\"\",\"publisher\":{\"@id\":\"https:\\\/\\\/qtmm.org\\\/qt\\\/#organization\"},\"potentialAction\":[{\"@type\":\"SearchAction\",\"target\":{\"@type\":\"EntryPoint\",\"urlTemplate\":\"https:\\\/\\\/qtmm.org\\\/qt\\\/?s={search_term_string}\"},\"query-input\":{\"@type\":\"PropertyValueSpecification\",\"valueRequired\":true,\"valueName\":\"search_term_string\"}}],\"inLanguage\":\"qt\"},{\"@type\":\"Organization\",\"@id\":\"https:\\\/\\\/qtmm.org\\\/qt\\\/#organization\",\"name\":\"\u041c\u0435\u0434\u0436\u043b\u0456\u0441\",\"url\":\"https:\\\/\\\/qtmm.org\\\/qt\\\/\",\"logo\":{\"@type\":\"ImageObject\",\"inLanguage\":\"qt\",\"@id\":\"https:\\\/\\\/qtmm.org\\\/qt\\\/#\\\/schema\\\/logo\\\/image\\\/\",\"url\":\"https:\\\/\\\/qtmm.org\\\/wp-content\\\/uploads\\\/2024\\\/12\\\/ua-mejlis-logo-rgb.svg\",\"contentUrl\":\"https:\\\/\\\/qtmm.org\\\/wp-content\\\/uploads\\\/2024\\\/12\\\/ua-mejlis-logo-rgb.svg\",\"caption\":\"\u041c\u0435\u0434\u0436\u043b\u0456\u0441\"},\"image\":{\"@id\":\"https:\\\/\\\/qtmm.org\\\/qt\\\/#\\\/schema\\\/logo\\\/image\\\/\"},\"sameAs\":[\"https:\\\/\\\/www.facebook.com\\\/qtmm.info\\\/\"]},{\"@type\":\"Person\",\"@id\":\"https:\\\/\\\/qtmm.org\\\/qt\\\/#\\\/schema\\\/person\\\/de562469f971dec226ac06e60bbf74a7\",\"name\":\"Developer\",\"image\":{\"@type\":\"ImageObject\",\"inLanguage\":\"qt\",\"@id\":\"https:\\\/\\\/secure.gravatar.com\\\/avatar\\\/392b4cc8fbfeb00b39dfeeab4ee6edded39ffd48e25858637e4765810300227e?s=96&d=mm&r=g\",\"url\":\"https:\\\/\\\/secure.gravatar.com\\\/avatar\\\/392b4cc8fbfeb00b39dfeeab4ee6edded39ffd48e25858637e4765810300227e?s=96&d=mm&r=g\",\"contentUrl\":\"https:\\\/\\\/secure.gravatar.com\\\/avatar\\\/392b4cc8fbfeb00b39dfeeab4ee6edded39ffd48e25858637e4765810300227e?s=96&d=mm&r=g\",\"caption\":\"Developer\"},\"url\":\"https:\\\/\\\/qtmm.org\\\/qt\\\/author\\\/Developer\\\/\"}]}<\/script>\n<!-- \/ Yoast SEO plugin. -->","yoast_head_json":{"title":"Qurultayn\u0131\u00f1 \u00abV Qurultay delegatlar\u0131n\u0131 vek\u00e2letliklerinden marum et\u00fcv\u00bb qarar\u0131 - \u041c\u0435\u0434\u0436\u043b\u0456\u0441","robots":{"index":"index","follow":"follow","max-snippet":"max-snippet:-1","max-image-preview":"max-image-preview:large","max-video-preview":"max-video-preview:-1"},"canonical":"https:\/\/qtmm.org\/qt\/qurultaynin-v-qurultay-delegatlarini-vekaletliklerinden-marum-etuv-qarari\/","og_locale":"en_US","og_type":"article","og_title":"Qurultayn\u0131\u00f1 \u00abV Qurultay delegatlar\u0131n\u0131 vek\u00e2letliklerinden marum et\u00fcv\u00bb qarar\u0131 - \u041c\u0435\u0434\u0436\u043b\u0456\u0441","og_description":"Q\u0131r\u0131mtatar halq\u0131 Qurultay\u0131n\u0131\u00f1&#8220;V Qurultay delegatlar\u0131n\u0131 vek\u00e2letliklerinden marum et\u00fcv aqq\u0131nda&#8221;Qarar\u0131 Q\u0131r\u0131mtatar halq\u0131 V Qurultay\u0131 Mandat komissiyas\u0131n\u0131\u00f1 2012 senesi iy\u00fcl 21-de qabul etken \u21162 tutana\u011f\u0131nda Q\u0131r\u0131mtatar halq\u0131 Qurultay reglamentini\u00f1 2.2 ve 5.6 maddeleri ve &#8220;Q\u0131r\u0131mtatar halq\u0131 Qurultay\u0131 delegat\u0131n\u0131\u00f1 status\u0131 aqq\u0131nda nizam&#8221;n\u0131\u00f1 3-nci maddesine binaen Qurultay delegatlar\u0131n\u0131 vek\u00e2letliklerinden marum et\u00fcv boyunca bildirilgen tekliflerini di\u00f1leyerek Q\u0131r\u0131mtatar halq\u0131n\u0131\u00f1 Qurultay\u0131 qarar [&hellip;]","og_url":"https:\/\/qtmm.org\/qt\/qurultaynin-v-qurultay-delegatlarini-vekaletliklerinden-marum-etuv-qarari\/","og_site_name":"\u041c\u0435\u0434\u0436\u043b\u0456\u0441","article_publisher":"https:\/\/www.facebook.com\/qtmm.info\/","article_published_time":"2012-07-21T20:13:00+00:00","article_modified_time":"2022-01-21T20:13:57+00:00","og_image":[{"width":672,"height":350,"url":"https:\/\/qtmm.org\/wp-content\/uploads\/2022\/01\/v_tekst_13.jpeg","type":"image\/jpeg"}],"author":"Developer","twitter_card":"summary_large_image","twitter_misc":{"Written by":"Developer","Est. reading time":"1 minute"},"schema":{"@context":"https:\/\/schema.org","@graph":[{"@type":"Article","@id":"https:\/\/qtmm.org\/qt\/qurultaynin-v-qurultay-delegatlarini-vekaletliklerinden-marum-etuv-qarari\/#article","isPartOf":{"@id":"https:\/\/qtmm.org\/qt\/qurultaynin-v-qurultay-delegatlarini-vekaletliklerinden-marum-etuv-qarari\/"},"author":{"name":"Developer","@id":"https:\/\/qtmm.org\/qt\/#\/schema\/person\/de562469f971dec226ac06e60bbf74a7"},"headline":"Qurultayn\u0131\u00f1 \u00abV Qurultay delegatlar\u0131n\u0131 vek\u00e2letliklerinden marum et\u00fcv\u00bb qarar\u0131","datePublished":"2012-07-21T20:13:00+00:00","dateModified":"2022-01-21T20:13:57+00:00","mainEntityOfPage":{"@id":"https:\/\/qtmm.org\/qt\/qurultaynin-v-qurultay-delegatlarini-vekaletliklerinden-marum-etuv-qarari\/"},"wordCount":275,"commentCount":0,"publisher":{"@id":"https:\/\/qtmm.org\/qt\/#organization"},"image":{"@id":"https:\/\/qtmm.org\/qt\/qurultaynin-v-qurultay-delegatlarini-vekaletliklerinden-marum-etuv-qarari\/#primaryimage"},"thumbnailUrl":"https:\/\/qtmm.org\/wp-content\/uploads\/2022\/01\/v_tekst_13.jpeg","articleSection":["Haberler"],"inLanguage":"qt","potentialAction":[{"@type":"CommentAction","name":"Comment","target":["https:\/\/qtmm.org\/qt\/qurultaynin-v-qurultay-delegatlarini-vekaletliklerinden-marum-etuv-qarari\/#respond"]}]},{"@type":"WebPage","@id":"https:\/\/qtmm.org\/qt\/qurultaynin-v-qurultay-delegatlarini-vekaletliklerinden-marum-etuv-qarari\/","url":"https:\/\/qtmm.org\/qt\/qurultaynin-v-qurultay-delegatlarini-vekaletliklerinden-marum-etuv-qarari\/","name":"Qurultayn\u0131\u00f1 \u00abV Qurultay delegatlar\u0131n\u0131 vek\u00e2letliklerinden marum et\u00fcv\u00bb qarar\u0131 - \u041c\u0435\u0434\u0436\u043b\u0456\u0441","isPartOf":{"@id":"https:\/\/qtmm.org\/qt\/#website"},"primaryImageOfPage":{"@id":"https:\/\/qtmm.org\/qt\/qurultaynin-v-qurultay-delegatlarini-vekaletliklerinden-marum-etuv-qarari\/#primaryimage"},"image":{"@id":"https:\/\/qtmm.org\/qt\/qurultaynin-v-qurultay-delegatlarini-vekaletliklerinden-marum-etuv-qarari\/#primaryimage"},"thumbnailUrl":"https:\/\/qtmm.org\/wp-content\/uploads\/2022\/01\/v_tekst_13.jpeg","datePublished":"2012-07-21T20:13:00+00:00","dateModified":"2022-01-21T20:13:57+00:00","breadcrumb":{"@id":"https:\/\/qtmm.org\/qt\/qurultaynin-v-qurultay-delegatlarini-vekaletliklerinden-marum-etuv-qarari\/#breadcrumb"},"inLanguage":"qt","potentialAction":[{"@type":"ReadAction","target":["https:\/\/qtmm.org\/qt\/qurultaynin-v-qurultay-delegatlarini-vekaletliklerinden-marum-etuv-qarari\/"]}]},{"@type":"ImageObject","inLanguage":"qt","@id":"https:\/\/qtmm.org\/qt\/qurultaynin-v-qurultay-delegatlarini-vekaletliklerinden-marum-etuv-qarari\/#primaryimage","url":"https:\/\/qtmm.org\/wp-content\/uploads\/2022\/01\/v_tekst_13.jpeg","contentUrl":"https:\/\/qtmm.org\/wp-content\/uploads\/2022\/01\/v_tekst_13.jpeg","width":672,"height":350},{"@type":"BreadcrumbList","@id":"https:\/\/qtmm.org\/qt\/qurultaynin-v-qurultay-delegatlarini-vekaletliklerinden-marum-etuv-qarari\/#breadcrumb","itemListElement":[{"@type":"ListItem","position":1,"name":"\u0413\u043e\u043b\u043e\u0432\u043d\u0430","item":"https:\/\/qtmm.org\/qt\/"},{"@type":"ListItem","position":2,"name":"Qurultayn\u0131\u00f1 \u00abV Qurultay delegatlar\u0131n\u0131 vek\u00e2letliklerinden marum et\u00fcv\u00bb qarar\u0131"}]},{"@type":"WebSite","@id":"https:\/\/qtmm.org\/qt\/#website","url":"https:\/\/qtmm.org\/qt\/","name":"\u041c\u0435\u0434\u0436\u043b\u0456\u0441","description":"","publisher":{"@id":"https:\/\/qtmm.org\/qt\/#organization"},"potentialAction":[{"@type":"SearchAction","target":{"@type":"EntryPoint","urlTemplate":"https:\/\/qtmm.org\/qt\/?s={search_term_string}"},"query-input":{"@type":"PropertyValueSpecification","valueRequired":true,"valueName":"search_term_string"}}],"inLanguage":"qt"},{"@type":"Organization","@id":"https:\/\/qtmm.org\/qt\/#organization","name":"\u041c\u0435\u0434\u0436\u043b\u0456\u0441","url":"https:\/\/qtmm.org\/qt\/","logo":{"@type":"ImageObject","inLanguage":"qt","@id":"https:\/\/qtmm.org\/qt\/#\/schema\/logo\/image\/","url":"https:\/\/qtmm.org\/wp-content\/uploads\/2024\/12\/ua-mejlis-logo-rgb.svg","contentUrl":"https:\/\/qtmm.org\/wp-content\/uploads\/2024\/12\/ua-mejlis-logo-rgb.svg","caption":"\u041c\u0435\u0434\u0436\u043b\u0456\u0441"},"image":{"@id":"https:\/\/qtmm.org\/qt\/#\/schema\/logo\/image\/"},"sameAs":["https:\/\/www.facebook.com\/qtmm.info\/"]},{"@type":"Person","@id":"https:\/\/qtmm.org\/qt\/#\/schema\/person\/de562469f971dec226ac06e60bbf74a7","name":"Developer","image":{"@type":"ImageObject","inLanguage":"qt","@id":"https:\/\/secure.gravatar.com\/avatar\/392b4cc8fbfeb00b39dfeeab4ee6edded39ffd48e25858637e4765810300227e?s=96&d=mm&r=g","url":"https:\/\/secure.gravatar.com\/avatar\/392b4cc8fbfeb00b39dfeeab4ee6edded39ffd48e25858637e4765810300227e?s=96&d=mm&r=g","contentUrl":"https:\/\/secure.gravatar.com\/avatar\/392b4cc8fbfeb00b39dfeeab4ee6edded39ffd48e25858637e4765810300227e?s=96&d=mm&r=g","caption":"Developer"},"url":"https:\/\/qtmm.org\/qt\/author\/Developer\/"}]}},"_links":{"self":[{"href":"https:\/\/qtmm.org\/qt\/wp-json\/wp\/v2\/posts\/32767","targetHints":{"allow":["GET"]}}],"collection":[{"href":"https:\/\/qtmm.org\/qt\/wp-json\/wp\/v2\/posts"}],"about":[{"href":"https:\/\/qtmm.org\/qt\/wp-json\/wp\/v2\/types\/post"}],"author":[{"embeddable":true,"href":"https:\/\/qtmm.org\/qt\/wp-json\/wp\/v2\/users\/1"}],"replies":[{"embeddable":true,"href":"https:\/\/qtmm.org\/qt\/wp-json\/wp\/v2\/comments?post=32767"}],"version-history":[{"count":1,"href":"https:\/\/qtmm.org\/qt\/wp-json\/wp\/v2\/posts\/32767\/revisions"}],"predecessor-version":[{"id":32773,"href":"https:\/\/qtmm.org\/qt\/wp-json\/wp\/v2\/posts\/32767\/revisions\/32773"}],"wp:featuredmedia":[{"embeddable":true,"href":"https:\/\/qtmm.org\/qt\/wp-json\/wp\/v2\/media\/32769"}],"wp:attachment":[{"href":"https:\/\/qtmm.org\/qt\/wp-json\/wp\/v2\/media?parent=32767"}],"wp:term":[{"taxonomy":"category","embeddable":true,"href":"https:\/\/qtmm.org\/qt\/wp-json\/wp\/v2\/categories?post=32767"},{"taxonomy":"post_tag","embeddable":true,"href":"https:\/\/qtmm.org\/qt\/wp-json\/wp\/v2\/tags?post=32767"}],"curies":[{"name":"wp","href":"https:\/\/api.w.org\/{rel}","templated":true}]}}