




{"id":32751,"date":"2012-07-21T23:12:00","date_gmt":"2012-07-21T20:12:00","guid":{"rendered":"http:\/\/qtmm.org\/?p=32751"},"modified":"2022-01-21T23:13:00","modified_gmt":"2022-01-21T20:13:00","slug":"yunesko-eksperti-professor-berndt-fon-droste-yuneskonin-bagcasaraydaki-hansaray-boyunca-qarari-2014-senesi-iyul-ayinda-belli-olacaq","status":"publish","type":"post","link":"https:\/\/qtmm.org\/qt\/yunesko-eksperti-professor-berndt-fon-droste-yuneskonin-bagcasaraydaki-hansaray-boyunca-qarari-2014-senesi-iyul-ayinda-belli-olacaq\/","title":{"rendered":"Y\u00dcNESKO Eksperti professor Berndt fon Droste: Y\u00dcNESKOn\u0131\u00f1 Ba\u011f\u00e7asaraydaki Hansaray boyunca qarar\u0131 2014 senesi iy\u00fcl ay\u0131nda belli olacaq"},"content":{"rendered":"\n<p>Q\u0131r\u0131mtatar halq\u0131 U \u00e7a\u011f\u0131r\u0131l\u0131\u015f Qurultay\u0131 4-nci sessiyas\u0131n\u0131\u00f1 birinci i\u015f k\u00fcn\u00fc milliy qurultay delegatlar\u0131na hay\u0131rlav s\u00f6z\u00fcnen Y\u00dcNESKO eksperti professor Berndt fon Droste muracaat etti.<\/p>\n\n\n\n<p>C\u00fcmleden professor Berndt fon Droste Qurultay\u011fa davet etilgeni i\u00e7\u00fcn te\u015fekk\u00fcr bildirip, delegatlar\u011fa Avropa Birligini\u00f1 qoltutuv\u0131nda &#8220;Ba\u011f\u00e7asarayda Q\u0131r\u0131m Hanl\u0131\u011f\u0131 paytaht\u0131n\u0131\u00f1 tarihiy civarlar\u0131n\u0131&#8221; D\u00fcnya Miras\u0131 cedveline kirset\u00fcv meselesi aqq\u0131nda mal\u00fcmat berdi.<\/p>\n\n\n\n<p>&#8220;Ukraina akimleri mezk\u00fcr obyektlerni D\u00fcnya Miras\u0131n\u0131\u00f1 cedveline kirsetmek i\u00e7\u00fcn olarn\u0131 2013 senesi fevral 1-ge qadar Y\u00dcNESKOda taqdim etmek meram\u0131ndalar. Y\u00dcNESKO qarar\u0131 2014 senesi iy\u00fcl ay\u0131nda belli olacaq&#8221;, &#8211; dep haber etti professor.<\/p>\n\n\n\n<p>Professor Berndt fon Droste \u00c7ufut Qale, Sala\u00e7\u0131q mimarl\u0131q kompleksi ve Ba\u011f\u00e7asarayn\u0131\u00f1 eski q\u0131sm\u0131 bir zamanda bu topraqlarda ya\u015fa\u011fan halqlarn\u0131\u00f1 medeniyetinden del\u00e2let bergenlerinde i\u00e7 \u015f\u00fcbelenmey. On\u0131\u00f1 fikrince e\u00f1 m\u00fcimi \u015funda ki, \u00c7ufut Qale q\u0131r\u0131mtatar devletini\u00f1 tiklen\u00fcv devrini\u00f1 \u015faat\u0131d\u0131r. &#8220;Bu \u2013 Alt\u0131n Ordadan mustaqil ol\u011fan Q\u0131r\u0131m hanl\u0131\u011f\u0131n\u0131\u00f1 birinci paytaht\u0131 edi&#8221;.<\/p>\n\n\n\n<p>&#8220;Canike han\u0131m t\u00fcrbesi, 14-nci as\u0131rda temeli qoyul\u011fan ve so\u00f1ra Haci Geray han taraf\u0131ndan tamirlengen cami isarlar\u0131 o devirni\u00f1 \u015faatlar\u0131d\u0131r, &#8211; devam etti<br>\u00e7\u0131q\u0131\u015f\u0131n\u0131 professor Berndt fon Droste. &#8211; Sala\u00e7\u0131qta devletni\u00f1 birinci \u00fck\u00fcmdarlar\u0131 \u2013 Haci Geray ve Mengli Geray t\u00fcrbeleri tura. Yan\u0131nda ise Q\u0131r\u0131mdaki nufuzl\u0131 musulman diniy oquv m\u00fcessiselerden biri ol\u011fan Z\u0131nc\u0131rl\u0131 medrese yerle\u015fken&#8221;.<\/p>\n\n\n\n<p>Qurultayn\u0131\u00f1 musafiri professor Berndt fon Droste emin ki, Q\u0131r\u0131m hanlar\u0131n\u0131\u00f1 Ba\u011f\u00e7asaraydaki saray\u0131 d\u00fcnyada q\u0131r\u0131mtatar saray quruc\u0131l\u0131\u011f\u0131n\u0131\u00f1 saqlan\u0131p qal\u011fan yek\u00e2ne \u00f6rnegidir.<\/p>\n\n\n\n<p>&#8220;Bu &#8211; Q\u0131r\u0131m Hanl\u0131\u011f\u0131 deviri ve q\u0131r\u0131mtatar halq\u0131 medeniy miras\u0131n\u0131\u00f1 e\u00f1 parlaq misalidir&#8221;, &#8211; dep qayd etti professor. On\u0131\u00f1 fikrince Ba\u011f\u00e7asaray q\u0131r\u0131mtatar halq\u0131n\u0131\u00f1 maneviy degerligi, on\u0131\u00f1 \u011furur\u0131 ve birligini\u00f1 temsilidir.<\/p>\n\n\n\n<p>Professor \u015fun\u0131 da il\u00e2ve etti ki, mezk\u00fcr tarihiy ansamblni\u00f1 unikalligini numay\u0131\u015f etken daa bir s\u0131ra belgiler mevcut. &#8220;Tabiat ve medeniyet birligini\u00f1 acayip mahsul\u0131 ol\u011fan, mimariy ceetten nadir degerlikni keregi kibi qorumaq mecburiyeti olma\u011fance D\u00fcnya Miras\u0131n\u0131\u00f1 status\u0131n\u0131 elde etmek zor&#8221;, &#8211; dedi professor Berndt fon Droste.<\/p>\n\n\n\n<p>Bundan da \u011fayr\u0131, milliy qurultayn\u0131\u00f1 q\u0131ymetli musafiri \u015fun\u0131 da qayd etti ki, D\u00fcnya Miras\u0131 status\u0131n\u0131 qazan\u011fan obyektni\u00f1 q\u0131ymeti sadece status ile olmaz. &#8220;Bun\u0131\u00f1 o\u011frunda menfaatdar taraflar ve birinci nevbette q\u0131r\u0131mtatarlarn\u0131\u00f1 kendileri faal areket etmeleri kerek olacaq&#8221;, &#8211; dedi s\u00f6z\u00fcni yey\u00fcknlerken professor Berndt fon Droste.<\/p>\n\n\n\n<p><br><em>\u015eun\u0131 hat\u0131rlatam\u0131z ki, iy\u00fcl 21-22 k\u00fcnleri Aqmescitte Q\u0131r\u0131mtatar halq\u0131 U \u00e7a\u011f\u0131r\u0131l\u0131\u015f Qurultay\u0131n\u0131\u00f1 4-nci sessiyas\u0131 ol\u0131p ke\u00e7ti. Eki k\u00fcnl\u00fck i\u015f devam\u0131nda Qurultay delegatlar\u0131n\u0131 saylav printsipleri, 2012 senesi okt\u00e2br ay\u0131nda olacaq Ukraina halq deputatlar\u0131n\u0131 saylavlar, q\u0131r\u0131mtatar halq\u0131n\u0131\u00f1 resmiy simvollar\u0131 \u2013 milliy bayraq, tu\u011fra ve gimni, Q\u0131r\u0131mtatar halq\u0131 Qurultay delegatlar\u0131n\u0131 saylav boyunca Merkeziy saylav komissiyas\u0131 aqq\u0131nda meseleler baq\u0131ld\u0131.<\/em><\/p>\n\n\n\n<p><em>Kurultay i\u015finde 200 delegat, Ukrainada akkreditatsiyadan ke\u00e7ken el\u00e7ilikler, halqara te\u015fkil\u00e2tlar, Ukraina ve Q\u0131r\u0131m akimiyetini\u00f1 ve bun\u0131\u00f1 kibi de Amerika, T\u00fcrkiye, Romaniyadaki q\u0131r\u0131mtatar diasporas\u0131n\u0131\u00f1 vekilleri i\u015ftirak ettiler.<\/em><\/p>\n","protected":false},"excerpt":{"rendered":"<p>Q\u0131r\u0131mtatar halq\u0131 U \u00e7a\u011f\u0131r\u0131l\u0131\u015f Qurultay\u0131 4-nci sessiyas\u0131n\u0131\u00f1 birinci i\u015f k\u00fcn\u00fc milliy qurultay delegatlar\u0131na hay\u0131rlav s\u00f6z\u00fcnen Y\u00dcNESKO eksperti professor Berndt fon Droste muracaat etti. C\u00fcmleden professor Berndt fon Droste Qurultay\u011fa davet etilgeni i\u00e7\u00fcn te\u015fekk\u00fcr bildirip, delegatlar\u011fa Avropa Birligini\u00f1 qoltutuv\u0131nda &#8220;Ba\u011f\u00e7asarayda Q\u0131r\u0131m Hanl\u0131\u011f\u0131 paytaht\u0131n\u0131\u00f1 tarihiy civarlar\u0131n\u0131&#8221; D\u00fcnya Miras\u0131 cedveline kirset\u00fcv meselesi aqq\u0131nda mal\u00fcmat berdi. &#8220;Ukraina akimleri mezk\u00fcr [&hellip;]<\/p>\n","protected":false},"author":1,"featured_media":32752,"comment_status":"open","ping_status":"open","sticky":false,"template":"","format":"standard","meta":{"inline_featured_image":false,"footnotes":""},"categories":[265],"tags":[],"class_list":["post-32751","post","type-post","status-publish","format-standard","has-post-thumbnail","hentry","category-haberler"],"acf":[],"yoast_head":"<!-- This site is optimized with the Yoast SEO plugin v27.4 - https:\/\/yoast.com\/product\/yoast-seo-wordpress\/ -->\n<title>Y\u00dcNESKO Eksperti professor Berndt fon Droste: Y\u00dcNESKOn\u0131\u00f1 Ba\u011f\u00e7asaraydaki Hansaray boyunca qarar\u0131 2014 senesi iy\u00fcl ay\u0131nda belli olacaq - \u041c\u0435\u0434\u0436\u043b\u0456\u0441<\/title>\n<meta name=\"robots\" content=\"index, follow, max-snippet:-1, max-image-preview:large, max-video-preview:-1\" \/>\n<link rel=\"canonical\" href=\"https:\/\/qtmm.org\/qt\/yunesko-eksperti-professor-berndt-fon-droste-yuneskonin-bagcasaraydaki-hansaray-boyunca-qarari-2014-senesi-iyul-ayinda-belli-olacaq\/\" \/>\n<meta property=\"og:locale\" content=\"en_US\" \/>\n<meta property=\"og:type\" content=\"article\" \/>\n<meta property=\"og:title\" content=\"Y\u00dcNESKO Eksperti professor Berndt fon Droste: Y\u00dcNESKOn\u0131\u00f1 Ba\u011f\u00e7asaraydaki Hansaray boyunca qarar\u0131 2014 senesi iy\u00fcl ay\u0131nda belli olacaq - \u041c\u0435\u0434\u0436\u043b\u0456\u0441\" \/>\n<meta property=\"og:description\" content=\"Q\u0131r\u0131mtatar halq\u0131 U \u00e7a\u011f\u0131r\u0131l\u0131\u015f Qurultay\u0131 4-nci sessiyas\u0131n\u0131\u00f1 birinci i\u015f k\u00fcn\u00fc milliy qurultay delegatlar\u0131na hay\u0131rlav s\u00f6z\u00fcnen Y\u00dcNESKO eksperti professor Berndt fon Droste muracaat etti. C\u00fcmleden professor Berndt fon Droste Qurultay\u011fa davet etilgeni i\u00e7\u00fcn te\u015fekk\u00fcr bildirip, delegatlar\u011fa Avropa Birligini\u00f1 qoltutuv\u0131nda &#8220;Ba\u011f\u00e7asarayda Q\u0131r\u0131m Hanl\u0131\u011f\u0131 paytaht\u0131n\u0131\u00f1 tarihiy civarlar\u0131n\u0131&#8221; D\u00fcnya Miras\u0131 cedveline kirset\u00fcv meselesi aqq\u0131nda mal\u00fcmat berdi. &#8220;Ukraina akimleri mezk\u00fcr [&hellip;]\" \/>\n<meta property=\"og:url\" content=\"https:\/\/qtmm.org\/qt\/yunesko-eksperti-professor-berndt-fon-droste-yuneskonin-bagcasaraydaki-hansaray-boyunca-qarari-2014-senesi-iyul-ayinda-belli-olacaq\/\" \/>\n<meta property=\"og:site_name\" content=\"\u041c\u0435\u0434\u0436\u043b\u0456\u0441\" \/>\n<meta property=\"article:publisher\" content=\"https:\/\/www.facebook.com\/qtmm.info\/\" \/>\n<meta property=\"article:published_time\" content=\"2012-07-21T20:12:00+00:00\" \/>\n<meta property=\"article:modified_time\" content=\"2022-01-21T20:13:00+00:00\" \/>\n<meta property=\"og:image\" content=\"https:\/\/qtmm.org\/wp-content\/uploads\/2022\/01\/berndt_fon_droste_v_tekst.jpeg\" \/>\n\t<meta property=\"og:image:width\" content=\"650\" \/>\n\t<meta property=\"og:image:height\" content=\"450\" \/>\n\t<meta property=\"og:image:type\" content=\"image\/jpeg\" \/>\n<meta name=\"author\" content=\"Developer\" \/>\n<meta name=\"twitter:card\" content=\"summary_large_image\" \/>\n<meta name=\"twitter:label1\" content=\"Written by\" \/>\n\t<meta name=\"twitter:data1\" content=\"Developer\" \/>\n\t<meta name=\"twitter:label2\" content=\"Est. reading time\" \/>\n\t<meta name=\"twitter:data2\" content=\"3 minutes\" \/>\n<script type=\"application\/ld+json\" class=\"yoast-schema-graph\">{\"@context\":\"https:\\\/\\\/schema.org\",\"@graph\":[{\"@type\":\"Article\",\"@id\":\"https:\\\/\\\/qtmm.org\\\/qt\\\/yunesko-eksperti-professor-berndt-fon-droste-yuneskonin-bagcasaraydaki-hansaray-boyunca-qarari-2014-senesi-iyul-ayinda-belli-olacaq\\\/#article\",\"isPartOf\":{\"@id\":\"https:\\\/\\\/qtmm.org\\\/qt\\\/yunesko-eksperti-professor-berndt-fon-droste-yuneskonin-bagcasaraydaki-hansaray-boyunca-qarari-2014-senesi-iyul-ayinda-belli-olacaq\\\/\"},\"author\":{\"name\":\"Developer\",\"@id\":\"https:\\\/\\\/qtmm.org\\\/qt\\\/#\\\/schema\\\/person\\\/de562469f971dec226ac06e60bbf74a7\"},\"headline\":\"Y\u00dcNESKO Eksperti professor Berndt fon Droste: Y\u00dcNESKOn\u0131\u00f1 Ba\u011f\u00e7asaraydaki Hansaray boyunca qarar\u0131 2014 senesi iy\u00fcl ay\u0131nda belli olacaq\",\"datePublished\":\"2012-07-21T20:12:00+00:00\",\"dateModified\":\"2022-01-21T20:13:00+00:00\",\"mainEntityOfPage\":{\"@id\":\"https:\\\/\\\/qtmm.org\\\/qt\\\/yunesko-eksperti-professor-berndt-fon-droste-yuneskonin-bagcasaraydaki-hansaray-boyunca-qarari-2014-senesi-iyul-ayinda-belli-olacaq\\\/\"},\"wordCount\":572,\"commentCount\":0,\"publisher\":{\"@id\":\"https:\\\/\\\/qtmm.org\\\/qt\\\/#organization\"},\"image\":{\"@id\":\"https:\\\/\\\/qtmm.org\\\/qt\\\/yunesko-eksperti-professor-berndt-fon-droste-yuneskonin-bagcasaraydaki-hansaray-boyunca-qarari-2014-senesi-iyul-ayinda-belli-olacaq\\\/#primaryimage\"},\"thumbnailUrl\":\"https:\\\/\\\/qtmm.org\\\/wp-content\\\/uploads\\\/2022\\\/01\\\/berndt_fon_droste_v_tekst.jpeg\",\"articleSection\":[\"Haberler\"],\"inLanguage\":\"qt\",\"potentialAction\":[{\"@type\":\"CommentAction\",\"name\":\"Comment\",\"target\":[\"https:\\\/\\\/qtmm.org\\\/qt\\\/yunesko-eksperti-professor-berndt-fon-droste-yuneskonin-bagcasaraydaki-hansaray-boyunca-qarari-2014-senesi-iyul-ayinda-belli-olacaq\\\/#respond\"]}]},{\"@type\":\"WebPage\",\"@id\":\"https:\\\/\\\/qtmm.org\\\/qt\\\/yunesko-eksperti-professor-berndt-fon-droste-yuneskonin-bagcasaraydaki-hansaray-boyunca-qarari-2014-senesi-iyul-ayinda-belli-olacaq\\\/\",\"url\":\"https:\\\/\\\/qtmm.org\\\/qt\\\/yunesko-eksperti-professor-berndt-fon-droste-yuneskonin-bagcasaraydaki-hansaray-boyunca-qarari-2014-senesi-iyul-ayinda-belli-olacaq\\\/\",\"name\":\"Y\u00dcNESKO Eksperti professor Berndt fon Droste: Y\u00dcNESKOn\u0131\u00f1 Ba\u011f\u00e7asaraydaki Hansaray boyunca qarar\u0131 2014 senesi iy\u00fcl ay\u0131nda belli olacaq - \u041c\u0435\u0434\u0436\u043b\u0456\u0441\",\"isPartOf\":{\"@id\":\"https:\\\/\\\/qtmm.org\\\/qt\\\/#website\"},\"primaryImageOfPage\":{\"@id\":\"https:\\\/\\\/qtmm.org\\\/qt\\\/yunesko-eksperti-professor-berndt-fon-droste-yuneskonin-bagcasaraydaki-hansaray-boyunca-qarari-2014-senesi-iyul-ayinda-belli-olacaq\\\/#primaryimage\"},\"image\":{\"@id\":\"https:\\\/\\\/qtmm.org\\\/qt\\\/yunesko-eksperti-professor-berndt-fon-droste-yuneskonin-bagcasaraydaki-hansaray-boyunca-qarari-2014-senesi-iyul-ayinda-belli-olacaq\\\/#primaryimage\"},\"thumbnailUrl\":\"https:\\\/\\\/qtmm.org\\\/wp-content\\\/uploads\\\/2022\\\/01\\\/berndt_fon_droste_v_tekst.jpeg\",\"datePublished\":\"2012-07-21T20:12:00+00:00\",\"dateModified\":\"2022-01-21T20:13:00+00:00\",\"breadcrumb\":{\"@id\":\"https:\\\/\\\/qtmm.org\\\/qt\\\/yunesko-eksperti-professor-berndt-fon-droste-yuneskonin-bagcasaraydaki-hansaray-boyunca-qarari-2014-senesi-iyul-ayinda-belli-olacaq\\\/#breadcrumb\"},\"inLanguage\":\"qt\",\"potentialAction\":[{\"@type\":\"ReadAction\",\"target\":[\"https:\\\/\\\/qtmm.org\\\/qt\\\/yunesko-eksperti-professor-berndt-fon-droste-yuneskonin-bagcasaraydaki-hansaray-boyunca-qarari-2014-senesi-iyul-ayinda-belli-olacaq\\\/\"]}]},{\"@type\":\"ImageObject\",\"inLanguage\":\"qt\",\"@id\":\"https:\\\/\\\/qtmm.org\\\/qt\\\/yunesko-eksperti-professor-berndt-fon-droste-yuneskonin-bagcasaraydaki-hansaray-boyunca-qarari-2014-senesi-iyul-ayinda-belli-olacaq\\\/#primaryimage\",\"url\":\"https:\\\/\\\/qtmm.org\\\/wp-content\\\/uploads\\\/2022\\\/01\\\/berndt_fon_droste_v_tekst.jpeg\",\"contentUrl\":\"https:\\\/\\\/qtmm.org\\\/wp-content\\\/uploads\\\/2022\\\/01\\\/berndt_fon_droste_v_tekst.jpeg\",\"width\":650,\"height\":450},{\"@type\":\"BreadcrumbList\",\"@id\":\"https:\\\/\\\/qtmm.org\\\/qt\\\/yunesko-eksperti-professor-berndt-fon-droste-yuneskonin-bagcasaraydaki-hansaray-boyunca-qarari-2014-senesi-iyul-ayinda-belli-olacaq\\\/#breadcrumb\",\"itemListElement\":[{\"@type\":\"ListItem\",\"position\":1,\"name\":\"\u0413\u043e\u043b\u043e\u0432\u043d\u0430\",\"item\":\"https:\\\/\\\/qtmm.org\\\/qt\\\/\"},{\"@type\":\"ListItem\",\"position\":2,\"name\":\"Y\u00dcNESKO Eksperti professor Berndt fon Droste: Y\u00dcNESKOn\u0131\u00f1 Ba\u011f\u00e7asaraydaki Hansaray boyunca qarar\u0131 2014 senesi iy\u00fcl ay\u0131nda belli olacaq\"}]},{\"@type\":\"WebSite\",\"@id\":\"https:\\\/\\\/qtmm.org\\\/qt\\\/#website\",\"url\":\"https:\\\/\\\/qtmm.org\\\/qt\\\/\",\"name\":\"\u041c\u0435\u0434\u0436\u043b\u0456\u0441\",\"description\":\"\",\"publisher\":{\"@id\":\"https:\\\/\\\/qtmm.org\\\/qt\\\/#organization\"},\"potentialAction\":[{\"@type\":\"SearchAction\",\"target\":{\"@type\":\"EntryPoint\",\"urlTemplate\":\"https:\\\/\\\/qtmm.org\\\/qt\\\/?s={search_term_string}\"},\"query-input\":{\"@type\":\"PropertyValueSpecification\",\"valueRequired\":true,\"valueName\":\"search_term_string\"}}],\"inLanguage\":\"qt\"},{\"@type\":\"Organization\",\"@id\":\"https:\\\/\\\/qtmm.org\\\/qt\\\/#organization\",\"name\":\"\u041c\u0435\u0434\u0436\u043b\u0456\u0441\",\"url\":\"https:\\\/\\\/qtmm.org\\\/qt\\\/\",\"logo\":{\"@type\":\"ImageObject\",\"inLanguage\":\"qt\",\"@id\":\"https:\\\/\\\/qtmm.org\\\/qt\\\/#\\\/schema\\\/logo\\\/image\\\/\",\"url\":\"https:\\\/\\\/qtmm.org\\\/wp-content\\\/uploads\\\/2024\\\/12\\\/ua-mejlis-logo-rgb.svg\",\"contentUrl\":\"https:\\\/\\\/qtmm.org\\\/wp-content\\\/uploads\\\/2024\\\/12\\\/ua-mejlis-logo-rgb.svg\",\"caption\":\"\u041c\u0435\u0434\u0436\u043b\u0456\u0441\"},\"image\":{\"@id\":\"https:\\\/\\\/qtmm.org\\\/qt\\\/#\\\/schema\\\/logo\\\/image\\\/\"},\"sameAs\":[\"https:\\\/\\\/www.facebook.com\\\/qtmm.info\\\/\"]},{\"@type\":\"Person\",\"@id\":\"https:\\\/\\\/qtmm.org\\\/qt\\\/#\\\/schema\\\/person\\\/de562469f971dec226ac06e60bbf74a7\",\"name\":\"Developer\",\"image\":{\"@type\":\"ImageObject\",\"inLanguage\":\"qt\",\"@id\":\"https:\\\/\\\/secure.gravatar.com\\\/avatar\\\/392b4cc8fbfeb00b39dfeeab4ee6edded39ffd48e25858637e4765810300227e?s=96&d=mm&r=g\",\"url\":\"https:\\\/\\\/secure.gravatar.com\\\/avatar\\\/392b4cc8fbfeb00b39dfeeab4ee6edded39ffd48e25858637e4765810300227e?s=96&d=mm&r=g\",\"contentUrl\":\"https:\\\/\\\/secure.gravatar.com\\\/avatar\\\/392b4cc8fbfeb00b39dfeeab4ee6edded39ffd48e25858637e4765810300227e?s=96&d=mm&r=g\",\"caption\":\"Developer\"},\"url\":\"https:\\\/\\\/qtmm.org\\\/qt\\\/author\\\/Developer\\\/\"}]}<\/script>\n<!-- \/ Yoast SEO plugin. -->","yoast_head_json":{"title":"Y\u00dcNESKO Eksperti professor Berndt fon Droste: Y\u00dcNESKOn\u0131\u00f1 Ba\u011f\u00e7asaraydaki Hansaray boyunca qarar\u0131 2014 senesi iy\u00fcl ay\u0131nda belli olacaq - \u041c\u0435\u0434\u0436\u043b\u0456\u0441","robots":{"index":"index","follow":"follow","max-snippet":"max-snippet:-1","max-image-preview":"max-image-preview:large","max-video-preview":"max-video-preview:-1"},"canonical":"https:\/\/qtmm.org\/qt\/yunesko-eksperti-professor-berndt-fon-droste-yuneskonin-bagcasaraydaki-hansaray-boyunca-qarari-2014-senesi-iyul-ayinda-belli-olacaq\/","og_locale":"en_US","og_type":"article","og_title":"Y\u00dcNESKO Eksperti professor Berndt fon Droste: Y\u00dcNESKOn\u0131\u00f1 Ba\u011f\u00e7asaraydaki Hansaray boyunca qarar\u0131 2014 senesi iy\u00fcl ay\u0131nda belli olacaq - \u041c\u0435\u0434\u0436\u043b\u0456\u0441","og_description":"Q\u0131r\u0131mtatar halq\u0131 U \u00e7a\u011f\u0131r\u0131l\u0131\u015f Qurultay\u0131 4-nci sessiyas\u0131n\u0131\u00f1 birinci i\u015f k\u00fcn\u00fc milliy qurultay delegatlar\u0131na hay\u0131rlav s\u00f6z\u00fcnen Y\u00dcNESKO eksperti professor Berndt fon Droste muracaat etti. C\u00fcmleden professor Berndt fon Droste Qurultay\u011fa davet etilgeni i\u00e7\u00fcn te\u015fekk\u00fcr bildirip, delegatlar\u011fa Avropa Birligini\u00f1 qoltutuv\u0131nda &#8220;Ba\u011f\u00e7asarayda Q\u0131r\u0131m Hanl\u0131\u011f\u0131 paytaht\u0131n\u0131\u00f1 tarihiy civarlar\u0131n\u0131&#8221; D\u00fcnya Miras\u0131 cedveline kirset\u00fcv meselesi aqq\u0131nda mal\u00fcmat berdi. &#8220;Ukraina akimleri mezk\u00fcr [&hellip;]","og_url":"https:\/\/qtmm.org\/qt\/yunesko-eksperti-professor-berndt-fon-droste-yuneskonin-bagcasaraydaki-hansaray-boyunca-qarari-2014-senesi-iyul-ayinda-belli-olacaq\/","og_site_name":"\u041c\u0435\u0434\u0436\u043b\u0456\u0441","article_publisher":"https:\/\/www.facebook.com\/qtmm.info\/","article_published_time":"2012-07-21T20:12:00+00:00","article_modified_time":"2022-01-21T20:13:00+00:00","og_image":[{"width":650,"height":450,"url":"https:\/\/qtmm.org\/wp-content\/uploads\/2022\/01\/berndt_fon_droste_v_tekst.jpeg","type":"image\/jpeg"}],"author":"Developer","twitter_card":"summary_large_image","twitter_misc":{"Written by":"Developer","Est. reading time":"3 minutes"},"schema":{"@context":"https:\/\/schema.org","@graph":[{"@type":"Article","@id":"https:\/\/qtmm.org\/qt\/yunesko-eksperti-professor-berndt-fon-droste-yuneskonin-bagcasaraydaki-hansaray-boyunca-qarari-2014-senesi-iyul-ayinda-belli-olacaq\/#article","isPartOf":{"@id":"https:\/\/qtmm.org\/qt\/yunesko-eksperti-professor-berndt-fon-droste-yuneskonin-bagcasaraydaki-hansaray-boyunca-qarari-2014-senesi-iyul-ayinda-belli-olacaq\/"},"author":{"name":"Developer","@id":"https:\/\/qtmm.org\/qt\/#\/schema\/person\/de562469f971dec226ac06e60bbf74a7"},"headline":"Y\u00dcNESKO Eksperti professor Berndt fon Droste: Y\u00dcNESKOn\u0131\u00f1 Ba\u011f\u00e7asaraydaki Hansaray boyunca qarar\u0131 2014 senesi iy\u00fcl ay\u0131nda belli olacaq","datePublished":"2012-07-21T20:12:00+00:00","dateModified":"2022-01-21T20:13:00+00:00","mainEntityOfPage":{"@id":"https:\/\/qtmm.org\/qt\/yunesko-eksperti-professor-berndt-fon-droste-yuneskonin-bagcasaraydaki-hansaray-boyunca-qarari-2014-senesi-iyul-ayinda-belli-olacaq\/"},"wordCount":572,"commentCount":0,"publisher":{"@id":"https:\/\/qtmm.org\/qt\/#organization"},"image":{"@id":"https:\/\/qtmm.org\/qt\/yunesko-eksperti-professor-berndt-fon-droste-yuneskonin-bagcasaraydaki-hansaray-boyunca-qarari-2014-senesi-iyul-ayinda-belli-olacaq\/#primaryimage"},"thumbnailUrl":"https:\/\/qtmm.org\/wp-content\/uploads\/2022\/01\/berndt_fon_droste_v_tekst.jpeg","articleSection":["Haberler"],"inLanguage":"qt","potentialAction":[{"@type":"CommentAction","name":"Comment","target":["https:\/\/qtmm.org\/qt\/yunesko-eksperti-professor-berndt-fon-droste-yuneskonin-bagcasaraydaki-hansaray-boyunca-qarari-2014-senesi-iyul-ayinda-belli-olacaq\/#respond"]}]},{"@type":"WebPage","@id":"https:\/\/qtmm.org\/qt\/yunesko-eksperti-professor-berndt-fon-droste-yuneskonin-bagcasaraydaki-hansaray-boyunca-qarari-2014-senesi-iyul-ayinda-belli-olacaq\/","url":"https:\/\/qtmm.org\/qt\/yunesko-eksperti-professor-berndt-fon-droste-yuneskonin-bagcasaraydaki-hansaray-boyunca-qarari-2014-senesi-iyul-ayinda-belli-olacaq\/","name":"Y\u00dcNESKO Eksperti professor Berndt fon Droste: Y\u00dcNESKOn\u0131\u00f1 Ba\u011f\u00e7asaraydaki Hansaray boyunca qarar\u0131 2014 senesi iy\u00fcl ay\u0131nda belli olacaq - \u041c\u0435\u0434\u0436\u043b\u0456\u0441","isPartOf":{"@id":"https:\/\/qtmm.org\/qt\/#website"},"primaryImageOfPage":{"@id":"https:\/\/qtmm.org\/qt\/yunesko-eksperti-professor-berndt-fon-droste-yuneskonin-bagcasaraydaki-hansaray-boyunca-qarari-2014-senesi-iyul-ayinda-belli-olacaq\/#primaryimage"},"image":{"@id":"https:\/\/qtmm.org\/qt\/yunesko-eksperti-professor-berndt-fon-droste-yuneskonin-bagcasaraydaki-hansaray-boyunca-qarari-2014-senesi-iyul-ayinda-belli-olacaq\/#primaryimage"},"thumbnailUrl":"https:\/\/qtmm.org\/wp-content\/uploads\/2022\/01\/berndt_fon_droste_v_tekst.jpeg","datePublished":"2012-07-21T20:12:00+00:00","dateModified":"2022-01-21T20:13:00+00:00","breadcrumb":{"@id":"https:\/\/qtmm.org\/qt\/yunesko-eksperti-professor-berndt-fon-droste-yuneskonin-bagcasaraydaki-hansaray-boyunca-qarari-2014-senesi-iyul-ayinda-belli-olacaq\/#breadcrumb"},"inLanguage":"qt","potentialAction":[{"@type":"ReadAction","target":["https:\/\/qtmm.org\/qt\/yunesko-eksperti-professor-berndt-fon-droste-yuneskonin-bagcasaraydaki-hansaray-boyunca-qarari-2014-senesi-iyul-ayinda-belli-olacaq\/"]}]},{"@type":"ImageObject","inLanguage":"qt","@id":"https:\/\/qtmm.org\/qt\/yunesko-eksperti-professor-berndt-fon-droste-yuneskonin-bagcasaraydaki-hansaray-boyunca-qarari-2014-senesi-iyul-ayinda-belli-olacaq\/#primaryimage","url":"https:\/\/qtmm.org\/wp-content\/uploads\/2022\/01\/berndt_fon_droste_v_tekst.jpeg","contentUrl":"https:\/\/qtmm.org\/wp-content\/uploads\/2022\/01\/berndt_fon_droste_v_tekst.jpeg","width":650,"height":450},{"@type":"BreadcrumbList","@id":"https:\/\/qtmm.org\/qt\/yunesko-eksperti-professor-berndt-fon-droste-yuneskonin-bagcasaraydaki-hansaray-boyunca-qarari-2014-senesi-iyul-ayinda-belli-olacaq\/#breadcrumb","itemListElement":[{"@type":"ListItem","position":1,"name":"\u0413\u043e\u043b\u043e\u0432\u043d\u0430","item":"https:\/\/qtmm.org\/qt\/"},{"@type":"ListItem","position":2,"name":"Y\u00dcNESKO Eksperti professor Berndt fon Droste: Y\u00dcNESKOn\u0131\u00f1 Ba\u011f\u00e7asaraydaki Hansaray boyunca qarar\u0131 2014 senesi iy\u00fcl ay\u0131nda belli olacaq"}]},{"@type":"WebSite","@id":"https:\/\/qtmm.org\/qt\/#website","url":"https:\/\/qtmm.org\/qt\/","name":"\u041c\u0435\u0434\u0436\u043b\u0456\u0441","description":"","publisher":{"@id":"https:\/\/qtmm.org\/qt\/#organization"},"potentialAction":[{"@type":"SearchAction","target":{"@type":"EntryPoint","urlTemplate":"https:\/\/qtmm.org\/qt\/?s={search_term_string}"},"query-input":{"@type":"PropertyValueSpecification","valueRequired":true,"valueName":"search_term_string"}}],"inLanguage":"qt"},{"@type":"Organization","@id":"https:\/\/qtmm.org\/qt\/#organization","name":"\u041c\u0435\u0434\u0436\u043b\u0456\u0441","url":"https:\/\/qtmm.org\/qt\/","logo":{"@type":"ImageObject","inLanguage":"qt","@id":"https:\/\/qtmm.org\/qt\/#\/schema\/logo\/image\/","url":"https:\/\/qtmm.org\/wp-content\/uploads\/2024\/12\/ua-mejlis-logo-rgb.svg","contentUrl":"https:\/\/qtmm.org\/wp-content\/uploads\/2024\/12\/ua-mejlis-logo-rgb.svg","caption":"\u041c\u0435\u0434\u0436\u043b\u0456\u0441"},"image":{"@id":"https:\/\/qtmm.org\/qt\/#\/schema\/logo\/image\/"},"sameAs":["https:\/\/www.facebook.com\/qtmm.info\/"]},{"@type":"Person","@id":"https:\/\/qtmm.org\/qt\/#\/schema\/person\/de562469f971dec226ac06e60bbf74a7","name":"Developer","image":{"@type":"ImageObject","inLanguage":"qt","@id":"https:\/\/secure.gravatar.com\/avatar\/392b4cc8fbfeb00b39dfeeab4ee6edded39ffd48e25858637e4765810300227e?s=96&d=mm&r=g","url":"https:\/\/secure.gravatar.com\/avatar\/392b4cc8fbfeb00b39dfeeab4ee6edded39ffd48e25858637e4765810300227e?s=96&d=mm&r=g","contentUrl":"https:\/\/secure.gravatar.com\/avatar\/392b4cc8fbfeb00b39dfeeab4ee6edded39ffd48e25858637e4765810300227e?s=96&d=mm&r=g","caption":"Developer"},"url":"https:\/\/qtmm.org\/qt\/author\/Developer\/"}]}},"_links":{"self":[{"href":"https:\/\/qtmm.org\/qt\/wp-json\/wp\/v2\/posts\/32751","targetHints":{"allow":["GET"]}}],"collection":[{"href":"https:\/\/qtmm.org\/qt\/wp-json\/wp\/v2\/posts"}],"about":[{"href":"https:\/\/qtmm.org\/qt\/wp-json\/wp\/v2\/types\/post"}],"author":[{"embeddable":true,"href":"https:\/\/qtmm.org\/qt\/wp-json\/wp\/v2\/users\/1"}],"replies":[{"embeddable":true,"href":"https:\/\/qtmm.org\/qt\/wp-json\/wp\/v2\/comments?post=32751"}],"version-history":[{"count":1,"href":"https:\/\/qtmm.org\/qt\/wp-json\/wp\/v2\/posts\/32751\/revisions"}],"predecessor-version":[{"id":32761,"href":"https:\/\/qtmm.org\/qt\/wp-json\/wp\/v2\/posts\/32751\/revisions\/32761"}],"wp:featuredmedia":[{"embeddable":true,"href":"https:\/\/qtmm.org\/qt\/wp-json\/wp\/v2\/media\/32752"}],"wp:attachment":[{"href":"https:\/\/qtmm.org\/qt\/wp-json\/wp\/v2\/media?parent=32751"}],"wp:term":[{"taxonomy":"category","embeddable":true,"href":"https:\/\/qtmm.org\/qt\/wp-json\/wp\/v2\/categories?post=32751"},{"taxonomy":"post_tag","embeddable":true,"href":"https:\/\/qtmm.org\/qt\/wp-json\/wp\/v2\/tags?post=32751"}],"curies":[{"name":"wp","href":"https:\/\/api.w.org\/{rel}","templated":true}]}}