




{"id":32743,"date":"2012-07-21T23:11:00","date_gmt":"2012-07-21T20:11:00","guid":{"rendered":"http:\/\/qtmm.org\/?p=32743"},"modified":"2022-01-21T23:11:56","modified_gmt":"2022-01-21T20:11:56","slug":"batkivscina-birlesken-muhalifet-kenesinin-basi-a-yatsenuk-v-qurultay-delegatlarini-is-baslanmasinen-hayirladi","status":"publish","type":"post","link":"https:\/\/qtmm.org\/qt\/batkivscina-birlesken-muhalifet-kenesinin-basi-a-yatsenuk-v-qurultay-delegatlarini-is-baslanmasinen-hayirladi\/","title":{"rendered":"\u00abBatkiv\u015f\u00e7ina\u00bb Birle\u015fken Muhalifet ke\u00f1e\u015fini\u00f1 ba\u015f\u0131 A. Yatsen\u00fck V Qurultay delegatlar\u0131n\u0131 i\u015f ba\u015flanmas\u0131nen hay\u0131rlad\u0131"},"content":{"rendered":"\n<p>2012 senesi iy\u00fcl 21-de Q\u0131r\u0131mtatar halq\u0131 V qurultay\u0131n\u0131\u00f1 4-nci sessiyas\u0131 \u00f6z i\u015fini ba\u015flad\u0131. Meclis reisini\u00f1 birinci muavini Refat \u00c7ubarov oqup e\u015fittirgen hay\u0131rlavlar aras\u0131nda &#8220;Batkiv\u015f\u00e7ina&#8221; Birle\u015fken Muhalifet ke\u00f1e\u015fini\u00f1 ba\u015f\u0131 A. Yatsen\u00fckni\u00f1 V Qurultay delegatlar\u0131na muracaat\u0131 da bar edi.<\/p>\n\n\n\n<p>&#8220;Birle\u015fken muhalifet ad\u0131ndan siz, ye\u00f1ilmez q\u0131r\u0131mtatar halq\u0131n\u0131\u00f1 toluvek\u00e2letli vekillerine muracaat eterek, biz sizi\u00f1 problemleri\u00f1izni, maqsadlar\u0131\u00f1\u0131zn\u0131 a\u00f1la\u011fan\u0131m\u0131zn\u0131, a\u011fr\u0131\u00f1\u0131zn\u0131 sezgenimizni ve milletlerara davan\u0131 qoz\u011fa\u011fanlar\u011fa qar\u015f\u0131, tarihtan sizi\u00f1 facia\u00f1\u0131zn\u0131 silip ta\u015flama\u011fa t\u0131r\u0131\u015fqanlarnen k\u00fcre\u015fecegimizni bildirmek isteyim&#8221;, &#8211; dep yaz\u0131la Arseniy Yatsen\u00fckni\u00f1 muracaat\u0131nda.<\/p>\n\n\n\n<p>&#8220;Batkiv\u015f\u00e7ina&#8221; Birle\u015fken Muhalifet ke\u00f1e\u015fini\u00f1 ba\u015f\u0131 A. Yatsen\u00fck \u015fun\u0131 da qayd ete ki, bug\u00fcnde-bug\u00fcn Ukrainan\u0131\u00f1 b\u00fct\u00fcn vatanda\u015flar\u0131 m\u00fcrekkep bir aldalar: ya da insanlarn\u0131\u00f1 ve halqlarn\u0131\u00f1 aqlar\u0131n\u0131 tar-mar etken, qabar al\u0131c\u0131, h\u0131rs\u0131z \u00fck\u00fcmranl\u0131q ya da insan ve milletni\u00f1 degerligini qor\u00e7alama\u011fa bilgen mes\u00fclietli avropa devletini se\u00e7mek kerek.<\/p>\n\n\n\n<p>&#8220;Batkiv\u015f\u00e7ina&#8221; Birle\u015fken Muhalifet ke\u00f1e\u015fini\u00f1 ba\u015f\u0131 A. Yatsen\u00fck bug\u00fcnki ve kelecjek nesil \u00f6g\u00fcnde mes\u00fcliet ta\u015f\u0131\u011fan Ukraina vatanda\u015flar\u0131 bu vaziyetten \u00e7\u0131qmaq yollar\u0131n\u0131 tapacaqlar\u0131na eminligini bildirdi.<\/p>\n","protected":false},"excerpt":{"rendered":"<p>2012 senesi iy\u00fcl 21-de Q\u0131r\u0131mtatar halq\u0131 V qurultay\u0131n\u0131\u00f1 4-nci sessiyas\u0131 \u00f6z i\u015fini ba\u015flad\u0131. Meclis reisini\u00f1 birinci muavini Refat \u00c7ubarov oqup e\u015fittirgen hay\u0131rlavlar aras\u0131nda &#8220;Batkiv\u015f\u00e7ina&#8221; Birle\u015fken Muhalifet ke\u00f1e\u015fini\u00f1 ba\u015f\u0131 A. Yatsen\u00fckni\u00f1 V Qurultay delegatlar\u0131na muracaat\u0131 da bar edi. &#8220;Birle\u015fken muhalifet ad\u0131ndan siz, ye\u00f1ilmez q\u0131r\u0131mtatar halq\u0131n\u0131\u00f1 toluvek\u00e2letli vekillerine muracaat eterek, biz sizi\u00f1 problemleri\u00f1izni, maqsadlar\u0131\u00f1\u0131zn\u0131 a\u00f1la\u011fan\u0131m\u0131zn\u0131, a\u011fr\u0131\u00f1\u0131zn\u0131 sezgenimizni [&hellip;]<\/p>\n","protected":false},"author":1,"featured_media":32744,"comment_status":"open","ping_status":"open","sticky":false,"template":"","format":"standard","meta":{"inline_featured_image":false,"footnotes":""},"categories":[265],"tags":[],"class_list":["post-32743","post","type-post","status-publish","format-standard","has-post-thumbnail","hentry","category-haberler"],"acf":[],"yoast_head":"<!-- This site is optimized with the Yoast SEO plugin v27.4 - https:\/\/yoast.com\/product\/yoast-seo-wordpress\/ -->\n<title>\u00abBatkiv\u015f\u00e7ina\u00bb Birle\u015fken Muhalifet ke\u00f1e\u015fini\u00f1 ba\u015f\u0131 A. Yatsen\u00fck V Qurultay delegatlar\u0131n\u0131 i\u015f ba\u015flanmas\u0131nen hay\u0131rlad\u0131 - \u041c\u0435\u0434\u0436\u043b\u0456\u0441<\/title>\n<meta name=\"robots\" content=\"index, follow, max-snippet:-1, max-image-preview:large, max-video-preview:-1\" \/>\n<link rel=\"canonical\" href=\"https:\/\/qtmm.org\/qt\/batkivscina-birlesken-muhalifet-kenesinin-basi-a-yatsenuk-v-qurultay-delegatlarini-is-baslanmasinen-hayirladi\/\" \/>\n<meta property=\"og:locale\" content=\"en_US\" \/>\n<meta property=\"og:type\" content=\"article\" \/>\n<meta property=\"og:title\" content=\"\u00abBatkiv\u015f\u00e7ina\u00bb Birle\u015fken Muhalifet ke\u00f1e\u015fini\u00f1 ba\u015f\u0131 A. Yatsen\u00fck V Qurultay delegatlar\u0131n\u0131 i\u015f ba\u015flanmas\u0131nen hay\u0131rlad\u0131 - \u041c\u0435\u0434\u0436\u043b\u0456\u0441\" \/>\n<meta property=\"og:description\" content=\"2012 senesi iy\u00fcl 21-de Q\u0131r\u0131mtatar halq\u0131 V qurultay\u0131n\u0131\u00f1 4-nci sessiyas\u0131 \u00f6z i\u015fini ba\u015flad\u0131. Meclis reisini\u00f1 birinci muavini Refat \u00c7ubarov oqup e\u015fittirgen hay\u0131rlavlar aras\u0131nda &#8220;Batkiv\u015f\u00e7ina&#8221; Birle\u015fken Muhalifet ke\u00f1e\u015fini\u00f1 ba\u015f\u0131 A. Yatsen\u00fckni\u00f1 V Qurultay delegatlar\u0131na muracaat\u0131 da bar edi. &#8220;Birle\u015fken muhalifet ad\u0131ndan siz, ye\u00f1ilmez q\u0131r\u0131mtatar halq\u0131n\u0131\u00f1 toluvek\u00e2letli vekillerine muracaat eterek, biz sizi\u00f1 problemleri\u00f1izni, maqsadlar\u0131\u00f1\u0131zn\u0131 a\u00f1la\u011fan\u0131m\u0131zn\u0131, a\u011fr\u0131\u00f1\u0131zn\u0131 sezgenimizni [&hellip;]\" \/>\n<meta property=\"og:url\" content=\"https:\/\/qtmm.org\/qt\/batkivscina-birlesken-muhalifet-kenesinin-basi-a-yatsenuk-v-qurultay-delegatlarini-is-baslanmasinen-hayirladi\/\" \/>\n<meta property=\"og:site_name\" content=\"\u041c\u0435\u0434\u0436\u043b\u0456\u0441\" \/>\n<meta property=\"article:publisher\" content=\"https:\/\/www.facebook.com\/qtmm.info\/\" \/>\n<meta property=\"article:published_time\" content=\"2012-07-21T20:11:00+00:00\" \/>\n<meta property=\"article:modified_time\" content=\"2022-01-21T20:11:56+00:00\" \/>\n<meta property=\"og:image\" content=\"https:\/\/qtmm.org\/wp-content\/uploads\/2022\/01\/ajcenyk.jpeg\" \/>\n\t<meta property=\"og:image:width\" content=\"670\" \/>\n\t<meta property=\"og:image:height\" content=\"310\" \/>\n\t<meta property=\"og:image:type\" content=\"image\/jpeg\" \/>\n<meta name=\"author\" content=\"Developer\" \/>\n<meta name=\"twitter:card\" content=\"summary_large_image\" \/>\n<meta name=\"twitter:label1\" content=\"Written by\" \/>\n\t<meta name=\"twitter:data1\" content=\"Developer\" \/>\n\t<meta name=\"twitter:label2\" content=\"Est. reading time\" \/>\n\t<meta name=\"twitter:data2\" content=\"1 minute\" \/>\n<script type=\"application\/ld+json\" class=\"yoast-schema-graph\">{\"@context\":\"https:\\\/\\\/schema.org\",\"@graph\":[{\"@type\":\"Article\",\"@id\":\"https:\\\/\\\/qtmm.org\\\/qt\\\/batkivscina-birlesken-muhalifet-kenesinin-basi-a-yatsenuk-v-qurultay-delegatlarini-is-baslanmasinen-hayirladi\\\/#article\",\"isPartOf\":{\"@id\":\"https:\\\/\\\/qtmm.org\\\/qt\\\/batkivscina-birlesken-muhalifet-kenesinin-basi-a-yatsenuk-v-qurultay-delegatlarini-is-baslanmasinen-hayirladi\\\/\"},\"author\":{\"name\":\"Developer\",\"@id\":\"https:\\\/\\\/qtmm.org\\\/qt\\\/#\\\/schema\\\/person\\\/de562469f971dec226ac06e60bbf74a7\"},\"headline\":\"\u00abBatkiv\u015f\u00e7ina\u00bb Birle\u015fken Muhalifet ke\u00f1e\u015fini\u00f1 ba\u015f\u0131 A. Yatsen\u00fck V Qurultay delegatlar\u0131n\u0131 i\u015f ba\u015flanmas\u0131nen hay\u0131rlad\u0131\",\"datePublished\":\"2012-07-21T20:11:00+00:00\",\"dateModified\":\"2022-01-21T20:11:56+00:00\",\"mainEntityOfPage\":{\"@id\":\"https:\\\/\\\/qtmm.org\\\/qt\\\/batkivscina-birlesken-muhalifet-kenesinin-basi-a-yatsenuk-v-qurultay-delegatlarini-is-baslanmasinen-hayirladi\\\/\"},\"wordCount\":239,\"commentCount\":0,\"publisher\":{\"@id\":\"https:\\\/\\\/qtmm.org\\\/qt\\\/#organization\"},\"image\":{\"@id\":\"https:\\\/\\\/qtmm.org\\\/qt\\\/batkivscina-birlesken-muhalifet-kenesinin-basi-a-yatsenuk-v-qurultay-delegatlarini-is-baslanmasinen-hayirladi\\\/#primaryimage\"},\"thumbnailUrl\":\"https:\\\/\\\/qtmm.org\\\/wp-content\\\/uploads\\\/2022\\\/01\\\/ajcenyk.jpeg\",\"articleSection\":[\"Haberler\"],\"inLanguage\":\"qt\",\"potentialAction\":[{\"@type\":\"CommentAction\",\"name\":\"Comment\",\"target\":[\"https:\\\/\\\/qtmm.org\\\/qt\\\/batkivscina-birlesken-muhalifet-kenesinin-basi-a-yatsenuk-v-qurultay-delegatlarini-is-baslanmasinen-hayirladi\\\/#respond\"]}]},{\"@type\":\"WebPage\",\"@id\":\"https:\\\/\\\/qtmm.org\\\/qt\\\/batkivscina-birlesken-muhalifet-kenesinin-basi-a-yatsenuk-v-qurultay-delegatlarini-is-baslanmasinen-hayirladi\\\/\",\"url\":\"https:\\\/\\\/qtmm.org\\\/qt\\\/batkivscina-birlesken-muhalifet-kenesinin-basi-a-yatsenuk-v-qurultay-delegatlarini-is-baslanmasinen-hayirladi\\\/\",\"name\":\"\u00abBatkiv\u015f\u00e7ina\u00bb Birle\u015fken Muhalifet ke\u00f1e\u015fini\u00f1 ba\u015f\u0131 A. Yatsen\u00fck V Qurultay delegatlar\u0131n\u0131 i\u015f ba\u015flanmas\u0131nen hay\u0131rlad\u0131 - \u041c\u0435\u0434\u0436\u043b\u0456\u0441\",\"isPartOf\":{\"@id\":\"https:\\\/\\\/qtmm.org\\\/qt\\\/#website\"},\"primaryImageOfPage\":{\"@id\":\"https:\\\/\\\/qtmm.org\\\/qt\\\/batkivscina-birlesken-muhalifet-kenesinin-basi-a-yatsenuk-v-qurultay-delegatlarini-is-baslanmasinen-hayirladi\\\/#primaryimage\"},\"image\":{\"@id\":\"https:\\\/\\\/qtmm.org\\\/qt\\\/batkivscina-birlesken-muhalifet-kenesinin-basi-a-yatsenuk-v-qurultay-delegatlarini-is-baslanmasinen-hayirladi\\\/#primaryimage\"},\"thumbnailUrl\":\"https:\\\/\\\/qtmm.org\\\/wp-content\\\/uploads\\\/2022\\\/01\\\/ajcenyk.jpeg\",\"datePublished\":\"2012-07-21T20:11:00+00:00\",\"dateModified\":\"2022-01-21T20:11:56+00:00\",\"breadcrumb\":{\"@id\":\"https:\\\/\\\/qtmm.org\\\/qt\\\/batkivscina-birlesken-muhalifet-kenesinin-basi-a-yatsenuk-v-qurultay-delegatlarini-is-baslanmasinen-hayirladi\\\/#breadcrumb\"},\"inLanguage\":\"qt\",\"potentialAction\":[{\"@type\":\"ReadAction\",\"target\":[\"https:\\\/\\\/qtmm.org\\\/qt\\\/batkivscina-birlesken-muhalifet-kenesinin-basi-a-yatsenuk-v-qurultay-delegatlarini-is-baslanmasinen-hayirladi\\\/\"]}]},{\"@type\":\"ImageObject\",\"inLanguage\":\"qt\",\"@id\":\"https:\\\/\\\/qtmm.org\\\/qt\\\/batkivscina-birlesken-muhalifet-kenesinin-basi-a-yatsenuk-v-qurultay-delegatlarini-is-baslanmasinen-hayirladi\\\/#primaryimage\",\"url\":\"https:\\\/\\\/qtmm.org\\\/wp-content\\\/uploads\\\/2022\\\/01\\\/ajcenyk.jpeg\",\"contentUrl\":\"https:\\\/\\\/qtmm.org\\\/wp-content\\\/uploads\\\/2022\\\/01\\\/ajcenyk.jpeg\",\"width\":670,\"height\":310},{\"@type\":\"BreadcrumbList\",\"@id\":\"https:\\\/\\\/qtmm.org\\\/qt\\\/batkivscina-birlesken-muhalifet-kenesinin-basi-a-yatsenuk-v-qurultay-delegatlarini-is-baslanmasinen-hayirladi\\\/#breadcrumb\",\"itemListElement\":[{\"@type\":\"ListItem\",\"position\":1,\"name\":\"\u0413\u043e\u043b\u043e\u0432\u043d\u0430\",\"item\":\"https:\\\/\\\/qtmm.org\\\/qt\\\/\"},{\"@type\":\"ListItem\",\"position\":2,\"name\":\"\u00abBatkiv\u015f\u00e7ina\u00bb Birle\u015fken Muhalifet ke\u00f1e\u015fini\u00f1 ba\u015f\u0131 A. Yatsen\u00fck V Qurultay delegatlar\u0131n\u0131 i\u015f ba\u015flanmas\u0131nen hay\u0131rlad\u0131\"}]},{\"@type\":\"WebSite\",\"@id\":\"https:\\\/\\\/qtmm.org\\\/qt\\\/#website\",\"url\":\"https:\\\/\\\/qtmm.org\\\/qt\\\/\",\"name\":\"\u041c\u0435\u0434\u0436\u043b\u0456\u0441\",\"description\":\"\",\"publisher\":{\"@id\":\"https:\\\/\\\/qtmm.org\\\/qt\\\/#organization\"},\"potentialAction\":[{\"@type\":\"SearchAction\",\"target\":{\"@type\":\"EntryPoint\",\"urlTemplate\":\"https:\\\/\\\/qtmm.org\\\/qt\\\/?s={search_term_string}\"},\"query-input\":{\"@type\":\"PropertyValueSpecification\",\"valueRequired\":true,\"valueName\":\"search_term_string\"}}],\"inLanguage\":\"qt\"},{\"@type\":\"Organization\",\"@id\":\"https:\\\/\\\/qtmm.org\\\/qt\\\/#organization\",\"name\":\"\u041c\u0435\u0434\u0436\u043b\u0456\u0441\",\"url\":\"https:\\\/\\\/qtmm.org\\\/qt\\\/\",\"logo\":{\"@type\":\"ImageObject\",\"inLanguage\":\"qt\",\"@id\":\"https:\\\/\\\/qtmm.org\\\/qt\\\/#\\\/schema\\\/logo\\\/image\\\/\",\"url\":\"https:\\\/\\\/qtmm.org\\\/wp-content\\\/uploads\\\/2024\\\/12\\\/ua-mejlis-logo-rgb.svg\",\"contentUrl\":\"https:\\\/\\\/qtmm.org\\\/wp-content\\\/uploads\\\/2024\\\/12\\\/ua-mejlis-logo-rgb.svg\",\"caption\":\"\u041c\u0435\u0434\u0436\u043b\u0456\u0441\"},\"image\":{\"@id\":\"https:\\\/\\\/qtmm.org\\\/qt\\\/#\\\/schema\\\/logo\\\/image\\\/\"},\"sameAs\":[\"https:\\\/\\\/www.facebook.com\\\/qtmm.info\\\/\"]},{\"@type\":\"Person\",\"@id\":\"https:\\\/\\\/qtmm.org\\\/qt\\\/#\\\/schema\\\/person\\\/de562469f971dec226ac06e60bbf74a7\",\"name\":\"Developer\",\"image\":{\"@type\":\"ImageObject\",\"inLanguage\":\"qt\",\"@id\":\"https:\\\/\\\/secure.gravatar.com\\\/avatar\\\/392b4cc8fbfeb00b39dfeeab4ee6edded39ffd48e25858637e4765810300227e?s=96&d=mm&r=g\",\"url\":\"https:\\\/\\\/secure.gravatar.com\\\/avatar\\\/392b4cc8fbfeb00b39dfeeab4ee6edded39ffd48e25858637e4765810300227e?s=96&d=mm&r=g\",\"contentUrl\":\"https:\\\/\\\/secure.gravatar.com\\\/avatar\\\/392b4cc8fbfeb00b39dfeeab4ee6edded39ffd48e25858637e4765810300227e?s=96&d=mm&r=g\",\"caption\":\"Developer\"},\"url\":\"https:\\\/\\\/qtmm.org\\\/qt\\\/author\\\/Developer\\\/\"}]}<\/script>\n<!-- \/ Yoast SEO plugin. -->","yoast_head_json":{"title":"\u00abBatkiv\u015f\u00e7ina\u00bb Birle\u015fken Muhalifet ke\u00f1e\u015fini\u00f1 ba\u015f\u0131 A. Yatsen\u00fck V Qurultay delegatlar\u0131n\u0131 i\u015f ba\u015flanmas\u0131nen hay\u0131rlad\u0131 - \u041c\u0435\u0434\u0436\u043b\u0456\u0441","robots":{"index":"index","follow":"follow","max-snippet":"max-snippet:-1","max-image-preview":"max-image-preview:large","max-video-preview":"max-video-preview:-1"},"canonical":"https:\/\/qtmm.org\/qt\/batkivscina-birlesken-muhalifet-kenesinin-basi-a-yatsenuk-v-qurultay-delegatlarini-is-baslanmasinen-hayirladi\/","og_locale":"en_US","og_type":"article","og_title":"\u00abBatkiv\u015f\u00e7ina\u00bb Birle\u015fken Muhalifet ke\u00f1e\u015fini\u00f1 ba\u015f\u0131 A. Yatsen\u00fck V Qurultay delegatlar\u0131n\u0131 i\u015f ba\u015flanmas\u0131nen hay\u0131rlad\u0131 - \u041c\u0435\u0434\u0436\u043b\u0456\u0441","og_description":"2012 senesi iy\u00fcl 21-de Q\u0131r\u0131mtatar halq\u0131 V qurultay\u0131n\u0131\u00f1 4-nci sessiyas\u0131 \u00f6z i\u015fini ba\u015flad\u0131. Meclis reisini\u00f1 birinci muavini Refat \u00c7ubarov oqup e\u015fittirgen hay\u0131rlavlar aras\u0131nda &#8220;Batkiv\u015f\u00e7ina&#8221; Birle\u015fken Muhalifet ke\u00f1e\u015fini\u00f1 ba\u015f\u0131 A. Yatsen\u00fckni\u00f1 V Qurultay delegatlar\u0131na muracaat\u0131 da bar edi. &#8220;Birle\u015fken muhalifet ad\u0131ndan siz, ye\u00f1ilmez q\u0131r\u0131mtatar halq\u0131n\u0131\u00f1 toluvek\u00e2letli vekillerine muracaat eterek, biz sizi\u00f1 problemleri\u00f1izni, maqsadlar\u0131\u00f1\u0131zn\u0131 a\u00f1la\u011fan\u0131m\u0131zn\u0131, a\u011fr\u0131\u00f1\u0131zn\u0131 sezgenimizni [&hellip;]","og_url":"https:\/\/qtmm.org\/qt\/batkivscina-birlesken-muhalifet-kenesinin-basi-a-yatsenuk-v-qurultay-delegatlarini-is-baslanmasinen-hayirladi\/","og_site_name":"\u041c\u0435\u0434\u0436\u043b\u0456\u0441","article_publisher":"https:\/\/www.facebook.com\/qtmm.info\/","article_published_time":"2012-07-21T20:11:00+00:00","article_modified_time":"2022-01-21T20:11:56+00:00","og_image":[{"width":670,"height":310,"url":"https:\/\/qtmm.org\/wp-content\/uploads\/2022\/01\/ajcenyk.jpeg","type":"image\/jpeg"}],"author":"Developer","twitter_card":"summary_large_image","twitter_misc":{"Written by":"Developer","Est. reading time":"1 minute"},"schema":{"@context":"https:\/\/schema.org","@graph":[{"@type":"Article","@id":"https:\/\/qtmm.org\/qt\/batkivscina-birlesken-muhalifet-kenesinin-basi-a-yatsenuk-v-qurultay-delegatlarini-is-baslanmasinen-hayirladi\/#article","isPartOf":{"@id":"https:\/\/qtmm.org\/qt\/batkivscina-birlesken-muhalifet-kenesinin-basi-a-yatsenuk-v-qurultay-delegatlarini-is-baslanmasinen-hayirladi\/"},"author":{"name":"Developer","@id":"https:\/\/qtmm.org\/qt\/#\/schema\/person\/de562469f971dec226ac06e60bbf74a7"},"headline":"\u00abBatkiv\u015f\u00e7ina\u00bb Birle\u015fken Muhalifet ke\u00f1e\u015fini\u00f1 ba\u015f\u0131 A. Yatsen\u00fck V Qurultay delegatlar\u0131n\u0131 i\u015f ba\u015flanmas\u0131nen hay\u0131rlad\u0131","datePublished":"2012-07-21T20:11:00+00:00","dateModified":"2022-01-21T20:11:56+00:00","mainEntityOfPage":{"@id":"https:\/\/qtmm.org\/qt\/batkivscina-birlesken-muhalifet-kenesinin-basi-a-yatsenuk-v-qurultay-delegatlarini-is-baslanmasinen-hayirladi\/"},"wordCount":239,"commentCount":0,"publisher":{"@id":"https:\/\/qtmm.org\/qt\/#organization"},"image":{"@id":"https:\/\/qtmm.org\/qt\/batkivscina-birlesken-muhalifet-kenesinin-basi-a-yatsenuk-v-qurultay-delegatlarini-is-baslanmasinen-hayirladi\/#primaryimage"},"thumbnailUrl":"https:\/\/qtmm.org\/wp-content\/uploads\/2022\/01\/ajcenyk.jpeg","articleSection":["Haberler"],"inLanguage":"qt","potentialAction":[{"@type":"CommentAction","name":"Comment","target":["https:\/\/qtmm.org\/qt\/batkivscina-birlesken-muhalifet-kenesinin-basi-a-yatsenuk-v-qurultay-delegatlarini-is-baslanmasinen-hayirladi\/#respond"]}]},{"@type":"WebPage","@id":"https:\/\/qtmm.org\/qt\/batkivscina-birlesken-muhalifet-kenesinin-basi-a-yatsenuk-v-qurultay-delegatlarini-is-baslanmasinen-hayirladi\/","url":"https:\/\/qtmm.org\/qt\/batkivscina-birlesken-muhalifet-kenesinin-basi-a-yatsenuk-v-qurultay-delegatlarini-is-baslanmasinen-hayirladi\/","name":"\u00abBatkiv\u015f\u00e7ina\u00bb Birle\u015fken Muhalifet ke\u00f1e\u015fini\u00f1 ba\u015f\u0131 A. Yatsen\u00fck V Qurultay delegatlar\u0131n\u0131 i\u015f ba\u015flanmas\u0131nen hay\u0131rlad\u0131 - \u041c\u0435\u0434\u0436\u043b\u0456\u0441","isPartOf":{"@id":"https:\/\/qtmm.org\/qt\/#website"},"primaryImageOfPage":{"@id":"https:\/\/qtmm.org\/qt\/batkivscina-birlesken-muhalifet-kenesinin-basi-a-yatsenuk-v-qurultay-delegatlarini-is-baslanmasinen-hayirladi\/#primaryimage"},"image":{"@id":"https:\/\/qtmm.org\/qt\/batkivscina-birlesken-muhalifet-kenesinin-basi-a-yatsenuk-v-qurultay-delegatlarini-is-baslanmasinen-hayirladi\/#primaryimage"},"thumbnailUrl":"https:\/\/qtmm.org\/wp-content\/uploads\/2022\/01\/ajcenyk.jpeg","datePublished":"2012-07-21T20:11:00+00:00","dateModified":"2022-01-21T20:11:56+00:00","breadcrumb":{"@id":"https:\/\/qtmm.org\/qt\/batkivscina-birlesken-muhalifet-kenesinin-basi-a-yatsenuk-v-qurultay-delegatlarini-is-baslanmasinen-hayirladi\/#breadcrumb"},"inLanguage":"qt","potentialAction":[{"@type":"ReadAction","target":["https:\/\/qtmm.org\/qt\/batkivscina-birlesken-muhalifet-kenesinin-basi-a-yatsenuk-v-qurultay-delegatlarini-is-baslanmasinen-hayirladi\/"]}]},{"@type":"ImageObject","inLanguage":"qt","@id":"https:\/\/qtmm.org\/qt\/batkivscina-birlesken-muhalifet-kenesinin-basi-a-yatsenuk-v-qurultay-delegatlarini-is-baslanmasinen-hayirladi\/#primaryimage","url":"https:\/\/qtmm.org\/wp-content\/uploads\/2022\/01\/ajcenyk.jpeg","contentUrl":"https:\/\/qtmm.org\/wp-content\/uploads\/2022\/01\/ajcenyk.jpeg","width":670,"height":310},{"@type":"BreadcrumbList","@id":"https:\/\/qtmm.org\/qt\/batkivscina-birlesken-muhalifet-kenesinin-basi-a-yatsenuk-v-qurultay-delegatlarini-is-baslanmasinen-hayirladi\/#breadcrumb","itemListElement":[{"@type":"ListItem","position":1,"name":"\u0413\u043e\u043b\u043e\u0432\u043d\u0430","item":"https:\/\/qtmm.org\/qt\/"},{"@type":"ListItem","position":2,"name":"\u00abBatkiv\u015f\u00e7ina\u00bb Birle\u015fken Muhalifet ke\u00f1e\u015fini\u00f1 ba\u015f\u0131 A. Yatsen\u00fck V Qurultay delegatlar\u0131n\u0131 i\u015f ba\u015flanmas\u0131nen hay\u0131rlad\u0131"}]},{"@type":"WebSite","@id":"https:\/\/qtmm.org\/qt\/#website","url":"https:\/\/qtmm.org\/qt\/","name":"\u041c\u0435\u0434\u0436\u043b\u0456\u0441","description":"","publisher":{"@id":"https:\/\/qtmm.org\/qt\/#organization"},"potentialAction":[{"@type":"SearchAction","target":{"@type":"EntryPoint","urlTemplate":"https:\/\/qtmm.org\/qt\/?s={search_term_string}"},"query-input":{"@type":"PropertyValueSpecification","valueRequired":true,"valueName":"search_term_string"}}],"inLanguage":"qt"},{"@type":"Organization","@id":"https:\/\/qtmm.org\/qt\/#organization","name":"\u041c\u0435\u0434\u0436\u043b\u0456\u0441","url":"https:\/\/qtmm.org\/qt\/","logo":{"@type":"ImageObject","inLanguage":"qt","@id":"https:\/\/qtmm.org\/qt\/#\/schema\/logo\/image\/","url":"https:\/\/qtmm.org\/wp-content\/uploads\/2024\/12\/ua-mejlis-logo-rgb.svg","contentUrl":"https:\/\/qtmm.org\/wp-content\/uploads\/2024\/12\/ua-mejlis-logo-rgb.svg","caption":"\u041c\u0435\u0434\u0436\u043b\u0456\u0441"},"image":{"@id":"https:\/\/qtmm.org\/qt\/#\/schema\/logo\/image\/"},"sameAs":["https:\/\/www.facebook.com\/qtmm.info\/"]},{"@type":"Person","@id":"https:\/\/qtmm.org\/qt\/#\/schema\/person\/de562469f971dec226ac06e60bbf74a7","name":"Developer","image":{"@type":"ImageObject","inLanguage":"qt","@id":"https:\/\/secure.gravatar.com\/avatar\/392b4cc8fbfeb00b39dfeeab4ee6edded39ffd48e25858637e4765810300227e?s=96&d=mm&r=g","url":"https:\/\/secure.gravatar.com\/avatar\/392b4cc8fbfeb00b39dfeeab4ee6edded39ffd48e25858637e4765810300227e?s=96&d=mm&r=g","contentUrl":"https:\/\/secure.gravatar.com\/avatar\/392b4cc8fbfeb00b39dfeeab4ee6edded39ffd48e25858637e4765810300227e?s=96&d=mm&r=g","caption":"Developer"},"url":"https:\/\/qtmm.org\/qt\/author\/Developer\/"}]}},"_links":{"self":[{"href":"https:\/\/qtmm.org\/qt\/wp-json\/wp\/v2\/posts\/32743","targetHints":{"allow":["GET"]}}],"collection":[{"href":"https:\/\/qtmm.org\/qt\/wp-json\/wp\/v2\/posts"}],"about":[{"href":"https:\/\/qtmm.org\/qt\/wp-json\/wp\/v2\/types\/post"}],"author":[{"embeddable":true,"href":"https:\/\/qtmm.org\/qt\/wp-json\/wp\/v2\/users\/1"}],"replies":[{"embeddable":true,"href":"https:\/\/qtmm.org\/qt\/wp-json\/wp\/v2\/comments?post=32743"}],"version-history":[{"count":1,"href":"https:\/\/qtmm.org\/qt\/wp-json\/wp\/v2\/posts\/32743\/revisions"}],"predecessor-version":[{"id":32749,"href":"https:\/\/qtmm.org\/qt\/wp-json\/wp\/v2\/posts\/32743\/revisions\/32749"}],"wp:featuredmedia":[{"embeddable":true,"href":"https:\/\/qtmm.org\/qt\/wp-json\/wp\/v2\/media\/32744"}],"wp:attachment":[{"href":"https:\/\/qtmm.org\/qt\/wp-json\/wp\/v2\/media?parent=32743"}],"wp:term":[{"taxonomy":"category","embeddable":true,"href":"https:\/\/qtmm.org\/qt\/wp-json\/wp\/v2\/categories?post=32743"},{"taxonomy":"post_tag","embeddable":true,"href":"https:\/\/qtmm.org\/qt\/wp-json\/wp\/v2\/tags?post=32743"}],"curies":[{"name":"wp","href":"https:\/\/api.w.org\/{rel}","templated":true}]}}