




{"id":32724,"date":"2012-07-21T23:10:00","date_gmt":"2012-07-21T20:10:00","guid":{"rendered":"http:\/\/qtmm.org\/?p=32724"},"modified":"2022-01-21T23:10:32","modified_gmt":"2022-01-21T20:10:32","slug":"mesheti-turklernin-vatan-halqara-cemaat-teskilati-qurultay-isinde-istirak-etti","status":"publish","type":"post","link":"https:\/\/qtmm.org\/qt\/mesheti-turklernin-vatan-halqara-cemaat-teskilati-qurultay-isinde-istirak-etti\/","title":{"rendered":"Mesheti t\u00fcrklerni\u00f1 \u00abVatan\u00bb halqara cemaat te\u015fkil\u00e2t\u0131 Qurultay i\u015finde i\u015ftirak etti"},"content":{"rendered":"\n<p>21 iy\u00fcl k\u00fcn\u00fc Aqmescitte Q\u0131r\u0131mtatar halq\u0131 U Qurultay\u0131n\u0131\u00f1 4-nci sessiyas\u0131 ol\u0131p ke\u00e7ti.<\/p>\n\n\n\n<p>Q\u0131r\u0131mtatar halq\u0131 U Qurultay\u0131n\u0131\u00f1 4-nci sessiyas\u0131n\u0131\u00f1 i\u015finde 200 delegat, Ukrainada akkreditatsiya yap\u0131l\u011fan el\u00e7iliklerni\u00f1, halqara te\u015fkil\u00e2tlar, Ukraina ve Q\u0131r\u0131m \u00fck\u00fcmeti, Amerika, T\u00fcrkiye ve Romaniyadaki q\u0131r\u0131mtatar diasporas\u0131n\u0131\u00f1 vekilleri faal i\u015ftirak ettiler.<\/p>\n\n\n\n<p>Delegatlarn\u0131 Mesheti t\u00fcrklerni\u00f1 &#8220;Vatan&#8221; halqara cemaat te\u015fkil\u00e2t\u0131n\u0131\u00f1 reisi Cavid Aliyev hay\u0131rlap, Qurultay\u011fa davet etkenleri ve qarda\u015f mesheti t\u00fcrklerni\u00f1 problemlerine daima diqqat ay\u0131r\u011fanlar\u0131 i\u00e7\u00fcn te\u015fekk\u00fcr bildirdi.<\/p>\n\n\n\n<p>&#8220;Halqlar\u0131m\u0131zn\u0131\u00f1 taqdirindeki facial\u0131 vaqialar bizlerni ebediyen ba\u011flad\u0131 ve biz biri-birimizge e\u00f1 yaq\u0131n halqlar old\u0131q&#8221; _ dede Aliyev. C. Aliyev reisligindeki te\u015fkil\u00e2t insan ve halqlarn\u0131\u00f1 aqlar\u0131n\u0131 qor\u00e7ala\u011fan te\u015fkil\u00e2t ve institutlarnen ba\u011f tutmaq ve i\u015fbirlikte bulunmaq o\u011frunda yapqan faaliyeti aqq\u0131nda ik\u00e2ye etti.<\/p>\n\n\n\n<p>Mesheti t\u00fcrklerni\u00f1 &#8220;Vatan&#8221; halqara cemaat te\u015fkil\u00e2t\u0131 faal i\u015f al\u0131p bara ve G\u00fcrcistan mesheti t\u00fcrklerni\u00f1 meselesini tan\u0131mas\u0131n\u0131\u00f1 te\u015febb\u00fcs\u00e7isi old\u0131, &#8211; qayd etti Aliyev.<\/p>\n\n\n\n<p>\u2013 G\u00fcrcistan s\u00fcrg\u00fcn etilgen mesheti t\u00fcrklerni qaytarmaqn\u0131\u00f1 m\u00fcddeti boyunca Avropa \u015euras\u0131 \u00f6g\u00fcnde mecburiyet ald\u0131, &#8211; dep haber etti Aliyev. Amma, Aliyevni\u00f1 aytqan\u0131na k\u00f6re, G\u00fcrcistan al\u0131n\u011fan mecburiyetni nas\u0131l yerine ketirmek kerekligini\u00f1 \u015fimdilik \u00e7aresini tapma\u011fan. Belki q\u0131r\u0131mtatarlarn\u0131\u00f1 qaytuv tecribesi mesheti t\u00fcrklerni\u00f1 tarihiy topraqlar\u0131na avdeti meselesini \u00e7ez\u00fcvde numb\u00fcne olabilir, dep \u00fcm\u00fct ete Aliyev.<\/p>\n\n\n\n<p>Mesheti t\u00fcrklerni\u00f1 &#8220;Vatan&#8221; halqara cemaat te\u015fkil\u00e2t\u0131n\u0131\u00f1 reisi Cavid Aliyevni\u00f1 bildirgenine k\u00f6re on\u0131\u00f1 te\u015fkil\u00e2t\u0131n\u0131\u00f1 ba\u015f vazifesi mesheti t\u00fcrkler cemaat areketini \u011fayr\u0131dan qurmaq ve canland\u0131rmaqt\u0131r.<\/p>\n","protected":false},"excerpt":{"rendered":"<p>21 iy\u00fcl k\u00fcn\u00fc Aqmescitte Q\u0131r\u0131mtatar halq\u0131 U Qurultay\u0131n\u0131\u00f1 4-nci sessiyas\u0131 ol\u0131p ke\u00e7ti. Q\u0131r\u0131mtatar halq\u0131 U Qurultay\u0131n\u0131\u00f1 4-nci sessiyas\u0131n\u0131\u00f1 i\u015finde 200 delegat, Ukrainada akkreditatsiya yap\u0131l\u011fan el\u00e7iliklerni\u00f1, halqara te\u015fkil\u00e2tlar, Ukraina ve Q\u0131r\u0131m \u00fck\u00fcmeti, Amerika, T\u00fcrkiye ve Romaniyadaki q\u0131r\u0131mtatar diasporas\u0131n\u0131\u00f1 vekilleri faal i\u015ftirak ettiler. Delegatlarn\u0131 Mesheti t\u00fcrklerni\u00f1 &#8220;Vatan&#8221; halqara cemaat te\u015fkil\u00e2t\u0131n\u0131\u00f1 reisi Cavid Aliyev hay\u0131rlap, Qurultay\u011fa davet etkenleri [&hellip;]<\/p>\n","protected":false},"author":1,"featured_media":32729,"comment_status":"open","ping_status":"open","sticky":false,"template":"","format":"standard","meta":{"inline_featured_image":false,"footnotes":""},"categories":[265],"tags":[],"class_list":["post-32724","post","type-post","status-publish","format-standard","has-post-thumbnail","hentry","category-haberler"],"acf":[],"yoast_head":"<!-- This site is optimized with the Yoast SEO plugin v27.4 - https:\/\/yoast.com\/product\/yoast-seo-wordpress\/ -->\n<title>Mesheti t\u00fcrklerni\u00f1 \u00abVatan\u00bb halqara cemaat te\u015fkil\u00e2t\u0131 Qurultay i\u015finde i\u015ftirak etti - \u041c\u0435\u0434\u0436\u043b\u0456\u0441<\/title>\n<meta name=\"robots\" content=\"index, follow, max-snippet:-1, max-image-preview:large, max-video-preview:-1\" \/>\n<link rel=\"canonical\" href=\"https:\/\/qtmm.org\/qt\/mesheti-turklernin-vatan-halqara-cemaat-teskilati-qurultay-isinde-istirak-etti\/\" \/>\n<meta property=\"og:locale\" content=\"en_US\" \/>\n<meta property=\"og:type\" content=\"article\" \/>\n<meta property=\"og:title\" content=\"Mesheti t\u00fcrklerni\u00f1 \u00abVatan\u00bb halqara cemaat te\u015fkil\u00e2t\u0131 Qurultay i\u015finde i\u015ftirak etti - \u041c\u0435\u0434\u0436\u043b\u0456\u0441\" \/>\n<meta property=\"og:description\" content=\"21 iy\u00fcl k\u00fcn\u00fc Aqmescitte Q\u0131r\u0131mtatar halq\u0131 U Qurultay\u0131n\u0131\u00f1 4-nci sessiyas\u0131 ol\u0131p ke\u00e7ti. Q\u0131r\u0131mtatar halq\u0131 U Qurultay\u0131n\u0131\u00f1 4-nci sessiyas\u0131n\u0131\u00f1 i\u015finde 200 delegat, Ukrainada akkreditatsiya yap\u0131l\u011fan el\u00e7iliklerni\u00f1, halqara te\u015fkil\u00e2tlar, Ukraina ve Q\u0131r\u0131m \u00fck\u00fcmeti, Amerika, T\u00fcrkiye ve Romaniyadaki q\u0131r\u0131mtatar diasporas\u0131n\u0131\u00f1 vekilleri faal i\u015ftirak ettiler. Delegatlarn\u0131 Mesheti t\u00fcrklerni\u00f1 &#8220;Vatan&#8221; halqara cemaat te\u015fkil\u00e2t\u0131n\u0131\u00f1 reisi Cavid Aliyev hay\u0131rlap, Qurultay\u011fa davet etkenleri [&hellip;]\" \/>\n<meta property=\"og:url\" content=\"https:\/\/qtmm.org\/qt\/mesheti-turklernin-vatan-halqara-cemaat-teskilati-qurultay-isinde-istirak-etti\/\" \/>\n<meta property=\"og:site_name\" content=\"\u041c\u0435\u0434\u0436\u043b\u0456\u0441\" \/>\n<meta property=\"article:publisher\" content=\"https:\/\/www.facebook.com\/qtmm.info\/\" \/>\n<meta property=\"article:published_time\" content=\"2012-07-21T20:10:00+00:00\" \/>\n<meta property=\"article:modified_time\" content=\"2022-01-21T20:10:32+00:00\" \/>\n<meta property=\"og:image\" content=\"https:\/\/qtmm.org\/wp-content\/uploads\/2022\/01\/img_8465.jpeg\" \/>\n\t<meta property=\"og:image:width\" content=\"670\" \/>\n\t<meta property=\"og:image:height\" content=\"310\" \/>\n\t<meta property=\"og:image:type\" content=\"image\/jpeg\" \/>\n<meta name=\"author\" content=\"Developer\" \/>\n<meta name=\"twitter:card\" content=\"summary_large_image\" \/>\n<meta name=\"twitter:label1\" content=\"Written by\" \/>\n\t<meta name=\"twitter:data1\" content=\"Developer\" \/>\n\t<meta name=\"twitter:label2\" content=\"Est. reading time\" \/>\n\t<meta name=\"twitter:data2\" content=\"1 minute\" \/>\n<script type=\"application\/ld+json\" class=\"yoast-schema-graph\">{\"@context\":\"https:\\\/\\\/schema.org\",\"@graph\":[{\"@type\":\"Article\",\"@id\":\"https:\\\/\\\/qtmm.org\\\/qt\\\/mesheti-turklernin-vatan-halqara-cemaat-teskilati-qurultay-isinde-istirak-etti\\\/#article\",\"isPartOf\":{\"@id\":\"https:\\\/\\\/qtmm.org\\\/qt\\\/mesheti-turklernin-vatan-halqara-cemaat-teskilati-qurultay-isinde-istirak-etti\\\/\"},\"author\":{\"name\":\"Developer\",\"@id\":\"https:\\\/\\\/qtmm.org\\\/qt\\\/#\\\/schema\\\/person\\\/de562469f971dec226ac06e60bbf74a7\"},\"headline\":\"Mesheti t\u00fcrklerni\u00f1 \u00abVatan\u00bb halqara cemaat te\u015fkil\u00e2t\u0131 Qurultay i\u015finde i\u015ftirak etti\",\"datePublished\":\"2012-07-21T20:10:00+00:00\",\"dateModified\":\"2022-01-21T20:10:32+00:00\",\"mainEntityOfPage\":{\"@id\":\"https:\\\/\\\/qtmm.org\\\/qt\\\/mesheti-turklernin-vatan-halqara-cemaat-teskilati-qurultay-isinde-istirak-etti\\\/\"},\"wordCount\":308,\"commentCount\":0,\"publisher\":{\"@id\":\"https:\\\/\\\/qtmm.org\\\/qt\\\/#organization\"},\"image\":{\"@id\":\"https:\\\/\\\/qtmm.org\\\/qt\\\/mesheti-turklernin-vatan-halqara-cemaat-teskilati-qurultay-isinde-istirak-etti\\\/#primaryimage\"},\"thumbnailUrl\":\"https:\\\/\\\/qtmm.org\\\/wp-content\\\/uploads\\\/2022\\\/01\\\/img_8465.jpeg\",\"articleSection\":[\"Haberler\"],\"inLanguage\":\"qt\",\"potentialAction\":[{\"@type\":\"CommentAction\",\"name\":\"Comment\",\"target\":[\"https:\\\/\\\/qtmm.org\\\/qt\\\/mesheti-turklernin-vatan-halqara-cemaat-teskilati-qurultay-isinde-istirak-etti\\\/#respond\"]}]},{\"@type\":\"WebPage\",\"@id\":\"https:\\\/\\\/qtmm.org\\\/qt\\\/mesheti-turklernin-vatan-halqara-cemaat-teskilati-qurultay-isinde-istirak-etti\\\/\",\"url\":\"https:\\\/\\\/qtmm.org\\\/qt\\\/mesheti-turklernin-vatan-halqara-cemaat-teskilati-qurultay-isinde-istirak-etti\\\/\",\"name\":\"Mesheti t\u00fcrklerni\u00f1 \u00abVatan\u00bb halqara cemaat te\u015fkil\u00e2t\u0131 Qurultay i\u015finde i\u015ftirak etti - \u041c\u0435\u0434\u0436\u043b\u0456\u0441\",\"isPartOf\":{\"@id\":\"https:\\\/\\\/qtmm.org\\\/qt\\\/#website\"},\"primaryImageOfPage\":{\"@id\":\"https:\\\/\\\/qtmm.org\\\/qt\\\/mesheti-turklernin-vatan-halqara-cemaat-teskilati-qurultay-isinde-istirak-etti\\\/#primaryimage\"},\"image\":{\"@id\":\"https:\\\/\\\/qtmm.org\\\/qt\\\/mesheti-turklernin-vatan-halqara-cemaat-teskilati-qurultay-isinde-istirak-etti\\\/#primaryimage\"},\"thumbnailUrl\":\"https:\\\/\\\/qtmm.org\\\/wp-content\\\/uploads\\\/2022\\\/01\\\/img_8465.jpeg\",\"datePublished\":\"2012-07-21T20:10:00+00:00\",\"dateModified\":\"2022-01-21T20:10:32+00:00\",\"breadcrumb\":{\"@id\":\"https:\\\/\\\/qtmm.org\\\/qt\\\/mesheti-turklernin-vatan-halqara-cemaat-teskilati-qurultay-isinde-istirak-etti\\\/#breadcrumb\"},\"inLanguage\":\"qt\",\"potentialAction\":[{\"@type\":\"ReadAction\",\"target\":[\"https:\\\/\\\/qtmm.org\\\/qt\\\/mesheti-turklernin-vatan-halqara-cemaat-teskilati-qurultay-isinde-istirak-etti\\\/\"]}]},{\"@type\":\"ImageObject\",\"inLanguage\":\"qt\",\"@id\":\"https:\\\/\\\/qtmm.org\\\/qt\\\/mesheti-turklernin-vatan-halqara-cemaat-teskilati-qurultay-isinde-istirak-etti\\\/#primaryimage\",\"url\":\"https:\\\/\\\/qtmm.org\\\/wp-content\\\/uploads\\\/2022\\\/01\\\/img_8465.jpeg\",\"contentUrl\":\"https:\\\/\\\/qtmm.org\\\/wp-content\\\/uploads\\\/2022\\\/01\\\/img_8465.jpeg\",\"width\":670,\"height\":310},{\"@type\":\"BreadcrumbList\",\"@id\":\"https:\\\/\\\/qtmm.org\\\/qt\\\/mesheti-turklernin-vatan-halqara-cemaat-teskilati-qurultay-isinde-istirak-etti\\\/#breadcrumb\",\"itemListElement\":[{\"@type\":\"ListItem\",\"position\":1,\"name\":\"\u0413\u043e\u043b\u043e\u0432\u043d\u0430\",\"item\":\"https:\\\/\\\/qtmm.org\\\/qt\\\/\"},{\"@type\":\"ListItem\",\"position\":2,\"name\":\"Mesheti t\u00fcrklerni\u00f1 \u00abVatan\u00bb halqara cemaat te\u015fkil\u00e2t\u0131 Qurultay i\u015finde i\u015ftirak etti\"}]},{\"@type\":\"WebSite\",\"@id\":\"https:\\\/\\\/qtmm.org\\\/qt\\\/#website\",\"url\":\"https:\\\/\\\/qtmm.org\\\/qt\\\/\",\"name\":\"\u041c\u0435\u0434\u0436\u043b\u0456\u0441\",\"description\":\"\",\"publisher\":{\"@id\":\"https:\\\/\\\/qtmm.org\\\/qt\\\/#organization\"},\"potentialAction\":[{\"@type\":\"SearchAction\",\"target\":{\"@type\":\"EntryPoint\",\"urlTemplate\":\"https:\\\/\\\/qtmm.org\\\/qt\\\/?s={search_term_string}\"},\"query-input\":{\"@type\":\"PropertyValueSpecification\",\"valueRequired\":true,\"valueName\":\"search_term_string\"}}],\"inLanguage\":\"qt\"},{\"@type\":\"Organization\",\"@id\":\"https:\\\/\\\/qtmm.org\\\/qt\\\/#organization\",\"name\":\"\u041c\u0435\u0434\u0436\u043b\u0456\u0441\",\"url\":\"https:\\\/\\\/qtmm.org\\\/qt\\\/\",\"logo\":{\"@type\":\"ImageObject\",\"inLanguage\":\"qt\",\"@id\":\"https:\\\/\\\/qtmm.org\\\/qt\\\/#\\\/schema\\\/logo\\\/image\\\/\",\"url\":\"https:\\\/\\\/qtmm.org\\\/wp-content\\\/uploads\\\/2024\\\/12\\\/ua-mejlis-logo-rgb.svg\",\"contentUrl\":\"https:\\\/\\\/qtmm.org\\\/wp-content\\\/uploads\\\/2024\\\/12\\\/ua-mejlis-logo-rgb.svg\",\"caption\":\"\u041c\u0435\u0434\u0436\u043b\u0456\u0441\"},\"image\":{\"@id\":\"https:\\\/\\\/qtmm.org\\\/qt\\\/#\\\/schema\\\/logo\\\/image\\\/\"},\"sameAs\":[\"https:\\\/\\\/www.facebook.com\\\/qtmm.info\\\/\"]},{\"@type\":\"Person\",\"@id\":\"https:\\\/\\\/qtmm.org\\\/qt\\\/#\\\/schema\\\/person\\\/de562469f971dec226ac06e60bbf74a7\",\"name\":\"Developer\",\"image\":{\"@type\":\"ImageObject\",\"inLanguage\":\"qt\",\"@id\":\"https:\\\/\\\/secure.gravatar.com\\\/avatar\\\/392b4cc8fbfeb00b39dfeeab4ee6edded39ffd48e25858637e4765810300227e?s=96&d=mm&r=g\",\"url\":\"https:\\\/\\\/secure.gravatar.com\\\/avatar\\\/392b4cc8fbfeb00b39dfeeab4ee6edded39ffd48e25858637e4765810300227e?s=96&d=mm&r=g\",\"contentUrl\":\"https:\\\/\\\/secure.gravatar.com\\\/avatar\\\/392b4cc8fbfeb00b39dfeeab4ee6edded39ffd48e25858637e4765810300227e?s=96&d=mm&r=g\",\"caption\":\"Developer\"},\"url\":\"https:\\\/\\\/qtmm.org\\\/qt\\\/author\\\/Developer\\\/\"}]}<\/script>\n<!-- \/ Yoast SEO plugin. -->","yoast_head_json":{"title":"Mesheti t\u00fcrklerni\u00f1 \u00abVatan\u00bb halqara cemaat te\u015fkil\u00e2t\u0131 Qurultay i\u015finde i\u015ftirak etti - \u041c\u0435\u0434\u0436\u043b\u0456\u0441","robots":{"index":"index","follow":"follow","max-snippet":"max-snippet:-1","max-image-preview":"max-image-preview:large","max-video-preview":"max-video-preview:-1"},"canonical":"https:\/\/qtmm.org\/qt\/mesheti-turklernin-vatan-halqara-cemaat-teskilati-qurultay-isinde-istirak-etti\/","og_locale":"en_US","og_type":"article","og_title":"Mesheti t\u00fcrklerni\u00f1 \u00abVatan\u00bb halqara cemaat te\u015fkil\u00e2t\u0131 Qurultay i\u015finde i\u015ftirak etti - \u041c\u0435\u0434\u0436\u043b\u0456\u0441","og_description":"21 iy\u00fcl k\u00fcn\u00fc Aqmescitte Q\u0131r\u0131mtatar halq\u0131 U Qurultay\u0131n\u0131\u00f1 4-nci sessiyas\u0131 ol\u0131p ke\u00e7ti. Q\u0131r\u0131mtatar halq\u0131 U Qurultay\u0131n\u0131\u00f1 4-nci sessiyas\u0131n\u0131\u00f1 i\u015finde 200 delegat, Ukrainada akkreditatsiya yap\u0131l\u011fan el\u00e7iliklerni\u00f1, halqara te\u015fkil\u00e2tlar, Ukraina ve Q\u0131r\u0131m \u00fck\u00fcmeti, Amerika, T\u00fcrkiye ve Romaniyadaki q\u0131r\u0131mtatar diasporas\u0131n\u0131\u00f1 vekilleri faal i\u015ftirak ettiler. Delegatlarn\u0131 Mesheti t\u00fcrklerni\u00f1 &#8220;Vatan&#8221; halqara cemaat te\u015fkil\u00e2t\u0131n\u0131\u00f1 reisi Cavid Aliyev hay\u0131rlap, Qurultay\u011fa davet etkenleri [&hellip;]","og_url":"https:\/\/qtmm.org\/qt\/mesheti-turklernin-vatan-halqara-cemaat-teskilati-qurultay-isinde-istirak-etti\/","og_site_name":"\u041c\u0435\u0434\u0436\u043b\u0456\u0441","article_publisher":"https:\/\/www.facebook.com\/qtmm.info\/","article_published_time":"2012-07-21T20:10:00+00:00","article_modified_time":"2022-01-21T20:10:32+00:00","og_image":[{"width":670,"height":310,"url":"https:\/\/qtmm.org\/wp-content\/uploads\/2022\/01\/img_8465.jpeg","type":"image\/jpeg"}],"author":"Developer","twitter_card":"summary_large_image","twitter_misc":{"Written by":"Developer","Est. reading time":"1 minute"},"schema":{"@context":"https:\/\/schema.org","@graph":[{"@type":"Article","@id":"https:\/\/qtmm.org\/qt\/mesheti-turklernin-vatan-halqara-cemaat-teskilati-qurultay-isinde-istirak-etti\/#article","isPartOf":{"@id":"https:\/\/qtmm.org\/qt\/mesheti-turklernin-vatan-halqara-cemaat-teskilati-qurultay-isinde-istirak-etti\/"},"author":{"name":"Developer","@id":"https:\/\/qtmm.org\/qt\/#\/schema\/person\/de562469f971dec226ac06e60bbf74a7"},"headline":"Mesheti t\u00fcrklerni\u00f1 \u00abVatan\u00bb halqara cemaat te\u015fkil\u00e2t\u0131 Qurultay i\u015finde i\u015ftirak etti","datePublished":"2012-07-21T20:10:00+00:00","dateModified":"2022-01-21T20:10:32+00:00","mainEntityOfPage":{"@id":"https:\/\/qtmm.org\/qt\/mesheti-turklernin-vatan-halqara-cemaat-teskilati-qurultay-isinde-istirak-etti\/"},"wordCount":308,"commentCount":0,"publisher":{"@id":"https:\/\/qtmm.org\/qt\/#organization"},"image":{"@id":"https:\/\/qtmm.org\/qt\/mesheti-turklernin-vatan-halqara-cemaat-teskilati-qurultay-isinde-istirak-etti\/#primaryimage"},"thumbnailUrl":"https:\/\/qtmm.org\/wp-content\/uploads\/2022\/01\/img_8465.jpeg","articleSection":["Haberler"],"inLanguage":"qt","potentialAction":[{"@type":"CommentAction","name":"Comment","target":["https:\/\/qtmm.org\/qt\/mesheti-turklernin-vatan-halqara-cemaat-teskilati-qurultay-isinde-istirak-etti\/#respond"]}]},{"@type":"WebPage","@id":"https:\/\/qtmm.org\/qt\/mesheti-turklernin-vatan-halqara-cemaat-teskilati-qurultay-isinde-istirak-etti\/","url":"https:\/\/qtmm.org\/qt\/mesheti-turklernin-vatan-halqara-cemaat-teskilati-qurultay-isinde-istirak-etti\/","name":"Mesheti t\u00fcrklerni\u00f1 \u00abVatan\u00bb halqara cemaat te\u015fkil\u00e2t\u0131 Qurultay i\u015finde i\u015ftirak etti - \u041c\u0435\u0434\u0436\u043b\u0456\u0441","isPartOf":{"@id":"https:\/\/qtmm.org\/qt\/#website"},"primaryImageOfPage":{"@id":"https:\/\/qtmm.org\/qt\/mesheti-turklernin-vatan-halqara-cemaat-teskilati-qurultay-isinde-istirak-etti\/#primaryimage"},"image":{"@id":"https:\/\/qtmm.org\/qt\/mesheti-turklernin-vatan-halqara-cemaat-teskilati-qurultay-isinde-istirak-etti\/#primaryimage"},"thumbnailUrl":"https:\/\/qtmm.org\/wp-content\/uploads\/2022\/01\/img_8465.jpeg","datePublished":"2012-07-21T20:10:00+00:00","dateModified":"2022-01-21T20:10:32+00:00","breadcrumb":{"@id":"https:\/\/qtmm.org\/qt\/mesheti-turklernin-vatan-halqara-cemaat-teskilati-qurultay-isinde-istirak-etti\/#breadcrumb"},"inLanguage":"qt","potentialAction":[{"@type":"ReadAction","target":["https:\/\/qtmm.org\/qt\/mesheti-turklernin-vatan-halqara-cemaat-teskilati-qurultay-isinde-istirak-etti\/"]}]},{"@type":"ImageObject","inLanguage":"qt","@id":"https:\/\/qtmm.org\/qt\/mesheti-turklernin-vatan-halqara-cemaat-teskilati-qurultay-isinde-istirak-etti\/#primaryimage","url":"https:\/\/qtmm.org\/wp-content\/uploads\/2022\/01\/img_8465.jpeg","contentUrl":"https:\/\/qtmm.org\/wp-content\/uploads\/2022\/01\/img_8465.jpeg","width":670,"height":310},{"@type":"BreadcrumbList","@id":"https:\/\/qtmm.org\/qt\/mesheti-turklernin-vatan-halqara-cemaat-teskilati-qurultay-isinde-istirak-etti\/#breadcrumb","itemListElement":[{"@type":"ListItem","position":1,"name":"\u0413\u043e\u043b\u043e\u0432\u043d\u0430","item":"https:\/\/qtmm.org\/qt\/"},{"@type":"ListItem","position":2,"name":"Mesheti t\u00fcrklerni\u00f1 \u00abVatan\u00bb halqara cemaat te\u015fkil\u00e2t\u0131 Qurultay i\u015finde i\u015ftirak etti"}]},{"@type":"WebSite","@id":"https:\/\/qtmm.org\/qt\/#website","url":"https:\/\/qtmm.org\/qt\/","name":"\u041c\u0435\u0434\u0436\u043b\u0456\u0441","description":"","publisher":{"@id":"https:\/\/qtmm.org\/qt\/#organization"},"potentialAction":[{"@type":"SearchAction","target":{"@type":"EntryPoint","urlTemplate":"https:\/\/qtmm.org\/qt\/?s={search_term_string}"},"query-input":{"@type":"PropertyValueSpecification","valueRequired":true,"valueName":"search_term_string"}}],"inLanguage":"qt"},{"@type":"Organization","@id":"https:\/\/qtmm.org\/qt\/#organization","name":"\u041c\u0435\u0434\u0436\u043b\u0456\u0441","url":"https:\/\/qtmm.org\/qt\/","logo":{"@type":"ImageObject","inLanguage":"qt","@id":"https:\/\/qtmm.org\/qt\/#\/schema\/logo\/image\/","url":"https:\/\/qtmm.org\/wp-content\/uploads\/2024\/12\/ua-mejlis-logo-rgb.svg","contentUrl":"https:\/\/qtmm.org\/wp-content\/uploads\/2024\/12\/ua-mejlis-logo-rgb.svg","caption":"\u041c\u0435\u0434\u0436\u043b\u0456\u0441"},"image":{"@id":"https:\/\/qtmm.org\/qt\/#\/schema\/logo\/image\/"},"sameAs":["https:\/\/www.facebook.com\/qtmm.info\/"]},{"@type":"Person","@id":"https:\/\/qtmm.org\/qt\/#\/schema\/person\/de562469f971dec226ac06e60bbf74a7","name":"Developer","image":{"@type":"ImageObject","inLanguage":"qt","@id":"https:\/\/secure.gravatar.com\/avatar\/392b4cc8fbfeb00b39dfeeab4ee6edded39ffd48e25858637e4765810300227e?s=96&d=mm&r=g","url":"https:\/\/secure.gravatar.com\/avatar\/392b4cc8fbfeb00b39dfeeab4ee6edded39ffd48e25858637e4765810300227e?s=96&d=mm&r=g","contentUrl":"https:\/\/secure.gravatar.com\/avatar\/392b4cc8fbfeb00b39dfeeab4ee6edded39ffd48e25858637e4765810300227e?s=96&d=mm&r=g","caption":"Developer"},"url":"https:\/\/qtmm.org\/qt\/author\/Developer\/"}]}},"_links":{"self":[{"href":"https:\/\/qtmm.org\/qt\/wp-json\/wp\/v2\/posts\/32724","targetHints":{"allow":["GET"]}}],"collection":[{"href":"https:\/\/qtmm.org\/qt\/wp-json\/wp\/v2\/posts"}],"about":[{"href":"https:\/\/qtmm.org\/qt\/wp-json\/wp\/v2\/types\/post"}],"author":[{"embeddable":true,"href":"https:\/\/qtmm.org\/qt\/wp-json\/wp\/v2\/users\/1"}],"replies":[{"embeddable":true,"href":"https:\/\/qtmm.org\/qt\/wp-json\/wp\/v2\/comments?post=32724"}],"version-history":[{"count":1,"href":"https:\/\/qtmm.org\/qt\/wp-json\/wp\/v2\/posts\/32724\/revisions"}],"predecessor-version":[{"id":32737,"href":"https:\/\/qtmm.org\/qt\/wp-json\/wp\/v2\/posts\/32724\/revisions\/32737"}],"wp:featuredmedia":[{"embeddable":true,"href":"https:\/\/qtmm.org\/qt\/wp-json\/wp\/v2\/media\/32729"}],"wp:attachment":[{"href":"https:\/\/qtmm.org\/qt\/wp-json\/wp\/v2\/media?parent=32724"}],"wp:term":[{"taxonomy":"category","embeddable":true,"href":"https:\/\/qtmm.org\/qt\/wp-json\/wp\/v2\/categories?post=32724"},{"taxonomy":"post_tag","embeddable":true,"href":"https:\/\/qtmm.org\/qt\/wp-json\/wp\/v2\/tags?post=32724"}],"curies":[{"name":"wp","href":"https:\/\/api.w.org\/{rel}","templated":true}]}}