




{"id":32706,"date":"2012-07-21T23:08:00","date_gmt":"2012-07-21T20:08:00","guid":{"rendered":"http:\/\/qtmm.org\/?p=32706"},"modified":"2022-01-21T23:09:38","modified_gmt":"2022-01-21T20:09:38","slug":"rusiye-cezalangan-halqlar-birligi-qirimtatar-halqi-v-qurultayi-4-nci-sessiyasinin-delegatlarini-hayirladi","status":"publish","type":"post","link":"https:\/\/qtmm.org\/qt\/rusiye-cezalangan-halqlar-birligi-qirimtatar-halqi-v-qurultayi-4-nci-sessiyasinin-delegatlarini-hayirladi\/","title":{"rendered":"Rusiye Cezalan\u011fan halqlar birligi Q\u0131r\u0131mtatar halq\u0131 V Qurultay\u0131 4-nci sessiyas\u0131n\u0131\u00f1 delegatlar\u0131n\u0131 hay\u0131rlad\u0131"},"content":{"rendered":"\n<p>21-22 iy\u00fcl k\u00fcnleri Aqmescitte V Qurultayn\u0131\u00f1 4-nci sessiyas\u0131 ol\u0131p ke\u00e7ti.<\/p>\n\n\n\n<p>Q\u0131r\u0131mtatar halq\u0131 V Qurultay\u0131n\u0131\u00f1 4-nci sessiyas\u0131n\u0131\u00f1 i\u015finde 200 delegat, Ukrainada akkreditatsiya yap\u0131l\u011fan el\u00e7iliklerni\u00f1, halqara te\u015fkil\u00e2tlar, Ukraina ve Q\u0131r\u0131m \u00fck\u00fcmeti, Amerika, T\u00fcrkiye ve Romaniyadaki q\u0131r\u0131mtatar diasporas\u0131n\u0131\u00f1 vekilleri faal i\u015ftirak ettiler.<\/p>\n\n\n\n<p>Delegatlar\u011fa hay\u0131rlav s\u00f6z\u00fcnen Rusiye Cezalan\u011fan halqlar birligini\u00f1 reisi Arkadiy Gor\u00e2yev muracaat etti.<\/p>\n\n\n\n<p>&#8220;Rusiye Cezalan\u011fan halqlar birligi i\u00e7\u00fcn q\u0131r\u0131mtatarlarn\u0131\u00f1 aliy vek\u00e2letli organ\u0131 ol\u011fan Q\u0131r\u0131mtatar halq\u0131 Qurultay\u0131nda i\u015ftirak etmek b\u00fcy\u00fck \u015fereftir&#8221;, &#8211; dedi A. Gor\u00e2yev. Bun\u0131\u00f1 kibi de o, qayd etti ki &#8220;HH as\u0131rda s\u00fcrg\u00fcn etilgen halqlarn\u0131\u00f1 facial\u0131 taqdirleri ve SSSR kommunist rejimi taraf\u0131ndan yap\u0131l\u011fan soyq\u0131r\u0131m qalm\u0131q, qara\u00e7ay, \u00e7e\u00e7en, in\u011fu\u015f, balqar ve mesheti t\u00fcrk halq\u0131n\u0131 \u00f6z milliy aqlar\u0131 i\u00e7\u00fcn k\u00fcre\u015fte birle\u015ftire&#8221;.<\/p>\n\n\n\n<p>Arkadiy Gor\u00e2yevni\u00f1 bildirgenine k\u00f6re, Rusiye Cezalan\u011fan halqlar birligi Q\u0131r\u0131mtatar halq\u0131n\u0131\u00f1 \u00f6z Vatan\u0131nda aqlar\u0131n\u0131 \u011fayr\u0131dan tiklev, on\u0131\u00f1 Ukrainada tel\u00fckesizligini ve inki\u015faf\u0131n\u0131 teminlev meseleleri boyunca Meclisni\u00f1 Halqara forum ke\u00e7irmek te\u015febb\u00fcsine tolus\u0131nen qoltuta.<\/p>\n\n\n\n<p>&#8220;Q\u0131r\u0131mtatar halq\u0131n\u0131\u00f1 Meclisi \u00f6g\u00fcne kommunist rejimini\u00f1 cinayetlerini taqiqat etmek ve KPSS \u00fczerinden &#8220;N\u00fcrnberg \u2013 2&#8221; mahkemesini te\u015fkil etmek vazifesini qoy\u011fan &#8220;Avropa Hat\u0131ra ve Namus platformas\u0131&#8221;n\u0131\u00f1 resmiy azas\u0131 ol\u011fan\u0131na y\u00fcrekten sevinemiz, &#8211; dedi Arkadiy Gor\u00e2yev.<\/p>\n\n\n\n<p>\u00d6z s\u00f6z\u00fcni\u00f1 so\u00f1unda A. Gor\u00e2yev Q\u0131r\u0131mtatar halq\u0131 Meclisini\u00f1 reisine h\u0131tap eterek, &#8220;sab\u0131q SSSRde s\u00fcrg\u00fcn etilgen halqlarn\u0131\u00f1 taqdiri i\u00e7\u00fcn mes\u00fclietni de boynuna almaqn\u0131&#8221; rica etti ve Qurultay\u011fa ikmetli qararlar qabul et\u00fcv boyunca semereli \u00e7al\u0131\u015fmaqn\u0131 tiledi.<\/p>\n","protected":false},"excerpt":{"rendered":"<p>21-22 iy\u00fcl k\u00fcnleri Aqmescitte V Qurultayn\u0131\u00f1 4-nci sessiyas\u0131 ol\u0131p ke\u00e7ti. Q\u0131r\u0131mtatar halq\u0131 V Qurultay\u0131n\u0131\u00f1 4-nci sessiyas\u0131n\u0131\u00f1 i\u015finde 200 delegat, Ukrainada akkreditatsiya yap\u0131l\u011fan el\u00e7iliklerni\u00f1, halqara te\u015fkil\u00e2tlar, Ukraina ve Q\u0131r\u0131m \u00fck\u00fcmeti, Amerika, T\u00fcrkiye ve Romaniyadaki q\u0131r\u0131mtatar diasporas\u0131n\u0131\u00f1 vekilleri faal i\u015ftirak ettiler. Delegatlar\u011fa hay\u0131rlav s\u00f6z\u00fcnen Rusiye Cezalan\u011fan halqlar birligini\u00f1 reisi Arkadiy Gor\u00e2yev muracaat etti. &#8220;Rusiye Cezalan\u011fan halqlar birligi [&hellip;]<\/p>\n","protected":false},"author":1,"featured_media":32711,"comment_status":"open","ping_status":"open","sticky":false,"template":"","format":"standard","meta":{"inline_featured_image":false,"footnotes":""},"categories":[265],"tags":[],"class_list":["post-32706","post","type-post","status-publish","format-standard","has-post-thumbnail","hentry","category-haberler"],"acf":[],"yoast_head":"<!-- This site is optimized with the Yoast SEO plugin v27.4 - https:\/\/yoast.com\/product\/yoast-seo-wordpress\/ -->\n<title>Rusiye Cezalan\u011fan halqlar birligi Q\u0131r\u0131mtatar halq\u0131 V Qurultay\u0131 4-nci sessiyas\u0131n\u0131\u00f1 delegatlar\u0131n\u0131 hay\u0131rlad\u0131 - \u041c\u0435\u0434\u0436\u043b\u0456\u0441<\/title>\n<meta name=\"robots\" content=\"index, follow, max-snippet:-1, max-image-preview:large, max-video-preview:-1\" \/>\n<link rel=\"canonical\" href=\"https:\/\/qtmm.org\/qt\/rusiye-cezalangan-halqlar-birligi-qirimtatar-halqi-v-qurultayi-4-nci-sessiyasinin-delegatlarini-hayirladi\/\" \/>\n<meta property=\"og:locale\" content=\"en_US\" \/>\n<meta property=\"og:type\" content=\"article\" \/>\n<meta property=\"og:title\" content=\"Rusiye Cezalan\u011fan halqlar birligi Q\u0131r\u0131mtatar halq\u0131 V Qurultay\u0131 4-nci sessiyas\u0131n\u0131\u00f1 delegatlar\u0131n\u0131 hay\u0131rlad\u0131 - \u041c\u0435\u0434\u0436\u043b\u0456\u0441\" \/>\n<meta property=\"og:description\" content=\"21-22 iy\u00fcl k\u00fcnleri Aqmescitte V Qurultayn\u0131\u00f1 4-nci sessiyas\u0131 ol\u0131p ke\u00e7ti. Q\u0131r\u0131mtatar halq\u0131 V Qurultay\u0131n\u0131\u00f1 4-nci sessiyas\u0131n\u0131\u00f1 i\u015finde 200 delegat, Ukrainada akkreditatsiya yap\u0131l\u011fan el\u00e7iliklerni\u00f1, halqara te\u015fkil\u00e2tlar, Ukraina ve Q\u0131r\u0131m \u00fck\u00fcmeti, Amerika, T\u00fcrkiye ve Romaniyadaki q\u0131r\u0131mtatar diasporas\u0131n\u0131\u00f1 vekilleri faal i\u015ftirak ettiler. Delegatlar\u011fa hay\u0131rlav s\u00f6z\u00fcnen Rusiye Cezalan\u011fan halqlar birligini\u00f1 reisi Arkadiy Gor\u00e2yev muracaat etti. &#8220;Rusiye Cezalan\u011fan halqlar birligi [&hellip;]\" \/>\n<meta property=\"og:url\" content=\"https:\/\/qtmm.org\/qt\/rusiye-cezalangan-halqlar-birligi-qirimtatar-halqi-v-qurultayi-4-nci-sessiyasinin-delegatlarini-hayirladi\/\" \/>\n<meta property=\"og:site_name\" content=\"\u041c\u0435\u0434\u0436\u043b\u0456\u0441\" \/>\n<meta property=\"article:publisher\" content=\"https:\/\/www.facebook.com\/qtmm.info\/\" \/>\n<meta property=\"article:published_time\" content=\"2012-07-21T20:08:00+00:00\" \/>\n<meta property=\"article:modified_time\" content=\"2022-01-21T20:09:38+00:00\" \/>\n<meta property=\"og:image\" content=\"https:\/\/qtmm.org\/wp-content\/uploads\/2022\/01\/img_1030.jpeg\" \/>\n\t<meta property=\"og:image:width\" content=\"800\" \/>\n\t<meta property=\"og:image:height\" content=\"600\" \/>\n\t<meta property=\"og:image:type\" content=\"image\/jpeg\" \/>\n<meta name=\"author\" content=\"Developer\" \/>\n<meta name=\"twitter:card\" content=\"summary_large_image\" \/>\n<meta name=\"twitter:label1\" content=\"Written by\" \/>\n\t<meta name=\"twitter:data1\" content=\"Developer\" \/>\n\t<meta name=\"twitter:label2\" content=\"Est. reading time\" \/>\n\t<meta name=\"twitter:data2\" content=\"2 minutes\" \/>\n<script type=\"application\/ld+json\" class=\"yoast-schema-graph\">{\"@context\":\"https:\\\/\\\/schema.org\",\"@graph\":[{\"@type\":\"Article\",\"@id\":\"https:\\\/\\\/qtmm.org\\\/qt\\\/rusiye-cezalangan-halqlar-birligi-qirimtatar-halqi-v-qurultayi-4-nci-sessiyasinin-delegatlarini-hayirladi\\\/#article\",\"isPartOf\":{\"@id\":\"https:\\\/\\\/qtmm.org\\\/qt\\\/rusiye-cezalangan-halqlar-birligi-qirimtatar-halqi-v-qurultayi-4-nci-sessiyasinin-delegatlarini-hayirladi\\\/\"},\"author\":{\"name\":\"Developer\",\"@id\":\"https:\\\/\\\/qtmm.org\\\/qt\\\/#\\\/schema\\\/person\\\/de562469f971dec226ac06e60bbf74a7\"},\"headline\":\"Rusiye Cezalan\u011fan halqlar birligi Q\u0131r\u0131mtatar halq\u0131 V Qurultay\u0131 4-nci sessiyas\u0131n\u0131\u00f1 delegatlar\u0131n\u0131 hay\u0131rlad\u0131\",\"datePublished\":\"2012-07-21T20:08:00+00:00\",\"dateModified\":\"2022-01-21T20:09:38+00:00\",\"mainEntityOfPage\":{\"@id\":\"https:\\\/\\\/qtmm.org\\\/qt\\\/rusiye-cezalangan-halqlar-birligi-qirimtatar-halqi-v-qurultayi-4-nci-sessiyasinin-delegatlarini-hayirladi\\\/\"},\"wordCount\":324,\"commentCount\":0,\"publisher\":{\"@id\":\"https:\\\/\\\/qtmm.org\\\/qt\\\/#organization\"},\"image\":{\"@id\":\"https:\\\/\\\/qtmm.org\\\/qt\\\/rusiye-cezalangan-halqlar-birligi-qirimtatar-halqi-v-qurultayi-4-nci-sessiyasinin-delegatlarini-hayirladi\\\/#primaryimage\"},\"thumbnailUrl\":\"https:\\\/\\\/qtmm.org\\\/wp-content\\\/uploads\\\/2022\\\/01\\\/img_1030.jpeg\",\"articleSection\":[\"Haberler\"],\"inLanguage\":\"qt\",\"potentialAction\":[{\"@type\":\"CommentAction\",\"name\":\"Comment\",\"target\":[\"https:\\\/\\\/qtmm.org\\\/qt\\\/rusiye-cezalangan-halqlar-birligi-qirimtatar-halqi-v-qurultayi-4-nci-sessiyasinin-delegatlarini-hayirladi\\\/#respond\"]}]},{\"@type\":\"WebPage\",\"@id\":\"https:\\\/\\\/qtmm.org\\\/qt\\\/rusiye-cezalangan-halqlar-birligi-qirimtatar-halqi-v-qurultayi-4-nci-sessiyasinin-delegatlarini-hayirladi\\\/\",\"url\":\"https:\\\/\\\/qtmm.org\\\/qt\\\/rusiye-cezalangan-halqlar-birligi-qirimtatar-halqi-v-qurultayi-4-nci-sessiyasinin-delegatlarini-hayirladi\\\/\",\"name\":\"Rusiye Cezalan\u011fan halqlar birligi Q\u0131r\u0131mtatar halq\u0131 V Qurultay\u0131 4-nci sessiyas\u0131n\u0131\u00f1 delegatlar\u0131n\u0131 hay\u0131rlad\u0131 - \u041c\u0435\u0434\u0436\u043b\u0456\u0441\",\"isPartOf\":{\"@id\":\"https:\\\/\\\/qtmm.org\\\/qt\\\/#website\"},\"primaryImageOfPage\":{\"@id\":\"https:\\\/\\\/qtmm.org\\\/qt\\\/rusiye-cezalangan-halqlar-birligi-qirimtatar-halqi-v-qurultayi-4-nci-sessiyasinin-delegatlarini-hayirladi\\\/#primaryimage\"},\"image\":{\"@id\":\"https:\\\/\\\/qtmm.org\\\/qt\\\/rusiye-cezalangan-halqlar-birligi-qirimtatar-halqi-v-qurultayi-4-nci-sessiyasinin-delegatlarini-hayirladi\\\/#primaryimage\"},\"thumbnailUrl\":\"https:\\\/\\\/qtmm.org\\\/wp-content\\\/uploads\\\/2022\\\/01\\\/img_1030.jpeg\",\"datePublished\":\"2012-07-21T20:08:00+00:00\",\"dateModified\":\"2022-01-21T20:09:38+00:00\",\"breadcrumb\":{\"@id\":\"https:\\\/\\\/qtmm.org\\\/qt\\\/rusiye-cezalangan-halqlar-birligi-qirimtatar-halqi-v-qurultayi-4-nci-sessiyasinin-delegatlarini-hayirladi\\\/#breadcrumb\"},\"inLanguage\":\"qt\",\"potentialAction\":[{\"@type\":\"ReadAction\",\"target\":[\"https:\\\/\\\/qtmm.org\\\/qt\\\/rusiye-cezalangan-halqlar-birligi-qirimtatar-halqi-v-qurultayi-4-nci-sessiyasinin-delegatlarini-hayirladi\\\/\"]}]},{\"@type\":\"ImageObject\",\"inLanguage\":\"qt\",\"@id\":\"https:\\\/\\\/qtmm.org\\\/qt\\\/rusiye-cezalangan-halqlar-birligi-qirimtatar-halqi-v-qurultayi-4-nci-sessiyasinin-delegatlarini-hayirladi\\\/#primaryimage\",\"url\":\"https:\\\/\\\/qtmm.org\\\/wp-content\\\/uploads\\\/2022\\\/01\\\/img_1030.jpeg\",\"contentUrl\":\"https:\\\/\\\/qtmm.org\\\/wp-content\\\/uploads\\\/2022\\\/01\\\/img_1030.jpeg\",\"width\":800,\"height\":600},{\"@type\":\"BreadcrumbList\",\"@id\":\"https:\\\/\\\/qtmm.org\\\/qt\\\/rusiye-cezalangan-halqlar-birligi-qirimtatar-halqi-v-qurultayi-4-nci-sessiyasinin-delegatlarini-hayirladi\\\/#breadcrumb\",\"itemListElement\":[{\"@type\":\"ListItem\",\"position\":1,\"name\":\"\u0413\u043e\u043b\u043e\u0432\u043d\u0430\",\"item\":\"https:\\\/\\\/qtmm.org\\\/qt\\\/\"},{\"@type\":\"ListItem\",\"position\":2,\"name\":\"Rusiye Cezalan\u011fan halqlar birligi Q\u0131r\u0131mtatar halq\u0131 V Qurultay\u0131 4-nci sessiyas\u0131n\u0131\u00f1 delegatlar\u0131n\u0131 hay\u0131rlad\u0131\"}]},{\"@type\":\"WebSite\",\"@id\":\"https:\\\/\\\/qtmm.org\\\/qt\\\/#website\",\"url\":\"https:\\\/\\\/qtmm.org\\\/qt\\\/\",\"name\":\"\u041c\u0435\u0434\u0436\u043b\u0456\u0441\",\"description\":\"\",\"publisher\":{\"@id\":\"https:\\\/\\\/qtmm.org\\\/qt\\\/#organization\"},\"potentialAction\":[{\"@type\":\"SearchAction\",\"target\":{\"@type\":\"EntryPoint\",\"urlTemplate\":\"https:\\\/\\\/qtmm.org\\\/qt\\\/?s={search_term_string}\"},\"query-input\":{\"@type\":\"PropertyValueSpecification\",\"valueRequired\":true,\"valueName\":\"search_term_string\"}}],\"inLanguage\":\"qt\"},{\"@type\":\"Organization\",\"@id\":\"https:\\\/\\\/qtmm.org\\\/qt\\\/#organization\",\"name\":\"\u041c\u0435\u0434\u0436\u043b\u0456\u0441\",\"url\":\"https:\\\/\\\/qtmm.org\\\/qt\\\/\",\"logo\":{\"@type\":\"ImageObject\",\"inLanguage\":\"qt\",\"@id\":\"https:\\\/\\\/qtmm.org\\\/qt\\\/#\\\/schema\\\/logo\\\/image\\\/\",\"url\":\"https:\\\/\\\/qtmm.org\\\/wp-content\\\/uploads\\\/2024\\\/12\\\/ua-mejlis-logo-rgb.svg\",\"contentUrl\":\"https:\\\/\\\/qtmm.org\\\/wp-content\\\/uploads\\\/2024\\\/12\\\/ua-mejlis-logo-rgb.svg\",\"caption\":\"\u041c\u0435\u0434\u0436\u043b\u0456\u0441\"},\"image\":{\"@id\":\"https:\\\/\\\/qtmm.org\\\/qt\\\/#\\\/schema\\\/logo\\\/image\\\/\"},\"sameAs\":[\"https:\\\/\\\/www.facebook.com\\\/qtmm.info\\\/\"]},{\"@type\":\"Person\",\"@id\":\"https:\\\/\\\/qtmm.org\\\/qt\\\/#\\\/schema\\\/person\\\/de562469f971dec226ac06e60bbf74a7\",\"name\":\"Developer\",\"image\":{\"@type\":\"ImageObject\",\"inLanguage\":\"qt\",\"@id\":\"https:\\\/\\\/secure.gravatar.com\\\/avatar\\\/392b4cc8fbfeb00b39dfeeab4ee6edded39ffd48e25858637e4765810300227e?s=96&d=mm&r=g\",\"url\":\"https:\\\/\\\/secure.gravatar.com\\\/avatar\\\/392b4cc8fbfeb00b39dfeeab4ee6edded39ffd48e25858637e4765810300227e?s=96&d=mm&r=g\",\"contentUrl\":\"https:\\\/\\\/secure.gravatar.com\\\/avatar\\\/392b4cc8fbfeb00b39dfeeab4ee6edded39ffd48e25858637e4765810300227e?s=96&d=mm&r=g\",\"caption\":\"Developer\"},\"url\":\"https:\\\/\\\/qtmm.org\\\/qt\\\/author\\\/Developer\\\/\"}]}<\/script>\n<!-- \/ Yoast SEO plugin. -->","yoast_head_json":{"title":"Rusiye Cezalan\u011fan halqlar birligi Q\u0131r\u0131mtatar halq\u0131 V Qurultay\u0131 4-nci sessiyas\u0131n\u0131\u00f1 delegatlar\u0131n\u0131 hay\u0131rlad\u0131 - \u041c\u0435\u0434\u0436\u043b\u0456\u0441","robots":{"index":"index","follow":"follow","max-snippet":"max-snippet:-1","max-image-preview":"max-image-preview:large","max-video-preview":"max-video-preview:-1"},"canonical":"https:\/\/qtmm.org\/qt\/rusiye-cezalangan-halqlar-birligi-qirimtatar-halqi-v-qurultayi-4-nci-sessiyasinin-delegatlarini-hayirladi\/","og_locale":"en_US","og_type":"article","og_title":"Rusiye Cezalan\u011fan halqlar birligi Q\u0131r\u0131mtatar halq\u0131 V Qurultay\u0131 4-nci sessiyas\u0131n\u0131\u00f1 delegatlar\u0131n\u0131 hay\u0131rlad\u0131 - \u041c\u0435\u0434\u0436\u043b\u0456\u0441","og_description":"21-22 iy\u00fcl k\u00fcnleri Aqmescitte V Qurultayn\u0131\u00f1 4-nci sessiyas\u0131 ol\u0131p ke\u00e7ti. Q\u0131r\u0131mtatar halq\u0131 V Qurultay\u0131n\u0131\u00f1 4-nci sessiyas\u0131n\u0131\u00f1 i\u015finde 200 delegat, Ukrainada akkreditatsiya yap\u0131l\u011fan el\u00e7iliklerni\u00f1, halqara te\u015fkil\u00e2tlar, Ukraina ve Q\u0131r\u0131m \u00fck\u00fcmeti, Amerika, T\u00fcrkiye ve Romaniyadaki q\u0131r\u0131mtatar diasporas\u0131n\u0131\u00f1 vekilleri faal i\u015ftirak ettiler. Delegatlar\u011fa hay\u0131rlav s\u00f6z\u00fcnen Rusiye Cezalan\u011fan halqlar birligini\u00f1 reisi Arkadiy Gor\u00e2yev muracaat etti. &#8220;Rusiye Cezalan\u011fan halqlar birligi [&hellip;]","og_url":"https:\/\/qtmm.org\/qt\/rusiye-cezalangan-halqlar-birligi-qirimtatar-halqi-v-qurultayi-4-nci-sessiyasinin-delegatlarini-hayirladi\/","og_site_name":"\u041c\u0435\u0434\u0436\u043b\u0456\u0441","article_publisher":"https:\/\/www.facebook.com\/qtmm.info\/","article_published_time":"2012-07-21T20:08:00+00:00","article_modified_time":"2022-01-21T20:09:38+00:00","og_image":[{"width":800,"height":600,"url":"https:\/\/qtmm.org\/wp-content\/uploads\/2022\/01\/img_1030.jpeg","type":"image\/jpeg"}],"author":"Developer","twitter_card":"summary_large_image","twitter_misc":{"Written by":"Developer","Est. reading time":"2 minutes"},"schema":{"@context":"https:\/\/schema.org","@graph":[{"@type":"Article","@id":"https:\/\/qtmm.org\/qt\/rusiye-cezalangan-halqlar-birligi-qirimtatar-halqi-v-qurultayi-4-nci-sessiyasinin-delegatlarini-hayirladi\/#article","isPartOf":{"@id":"https:\/\/qtmm.org\/qt\/rusiye-cezalangan-halqlar-birligi-qirimtatar-halqi-v-qurultayi-4-nci-sessiyasinin-delegatlarini-hayirladi\/"},"author":{"name":"Developer","@id":"https:\/\/qtmm.org\/qt\/#\/schema\/person\/de562469f971dec226ac06e60bbf74a7"},"headline":"Rusiye Cezalan\u011fan halqlar birligi Q\u0131r\u0131mtatar halq\u0131 V Qurultay\u0131 4-nci sessiyas\u0131n\u0131\u00f1 delegatlar\u0131n\u0131 hay\u0131rlad\u0131","datePublished":"2012-07-21T20:08:00+00:00","dateModified":"2022-01-21T20:09:38+00:00","mainEntityOfPage":{"@id":"https:\/\/qtmm.org\/qt\/rusiye-cezalangan-halqlar-birligi-qirimtatar-halqi-v-qurultayi-4-nci-sessiyasinin-delegatlarini-hayirladi\/"},"wordCount":324,"commentCount":0,"publisher":{"@id":"https:\/\/qtmm.org\/qt\/#organization"},"image":{"@id":"https:\/\/qtmm.org\/qt\/rusiye-cezalangan-halqlar-birligi-qirimtatar-halqi-v-qurultayi-4-nci-sessiyasinin-delegatlarini-hayirladi\/#primaryimage"},"thumbnailUrl":"https:\/\/qtmm.org\/wp-content\/uploads\/2022\/01\/img_1030.jpeg","articleSection":["Haberler"],"inLanguage":"qt","potentialAction":[{"@type":"CommentAction","name":"Comment","target":["https:\/\/qtmm.org\/qt\/rusiye-cezalangan-halqlar-birligi-qirimtatar-halqi-v-qurultayi-4-nci-sessiyasinin-delegatlarini-hayirladi\/#respond"]}]},{"@type":"WebPage","@id":"https:\/\/qtmm.org\/qt\/rusiye-cezalangan-halqlar-birligi-qirimtatar-halqi-v-qurultayi-4-nci-sessiyasinin-delegatlarini-hayirladi\/","url":"https:\/\/qtmm.org\/qt\/rusiye-cezalangan-halqlar-birligi-qirimtatar-halqi-v-qurultayi-4-nci-sessiyasinin-delegatlarini-hayirladi\/","name":"Rusiye Cezalan\u011fan halqlar birligi Q\u0131r\u0131mtatar halq\u0131 V Qurultay\u0131 4-nci sessiyas\u0131n\u0131\u00f1 delegatlar\u0131n\u0131 hay\u0131rlad\u0131 - \u041c\u0435\u0434\u0436\u043b\u0456\u0441","isPartOf":{"@id":"https:\/\/qtmm.org\/qt\/#website"},"primaryImageOfPage":{"@id":"https:\/\/qtmm.org\/qt\/rusiye-cezalangan-halqlar-birligi-qirimtatar-halqi-v-qurultayi-4-nci-sessiyasinin-delegatlarini-hayirladi\/#primaryimage"},"image":{"@id":"https:\/\/qtmm.org\/qt\/rusiye-cezalangan-halqlar-birligi-qirimtatar-halqi-v-qurultayi-4-nci-sessiyasinin-delegatlarini-hayirladi\/#primaryimage"},"thumbnailUrl":"https:\/\/qtmm.org\/wp-content\/uploads\/2022\/01\/img_1030.jpeg","datePublished":"2012-07-21T20:08:00+00:00","dateModified":"2022-01-21T20:09:38+00:00","breadcrumb":{"@id":"https:\/\/qtmm.org\/qt\/rusiye-cezalangan-halqlar-birligi-qirimtatar-halqi-v-qurultayi-4-nci-sessiyasinin-delegatlarini-hayirladi\/#breadcrumb"},"inLanguage":"qt","potentialAction":[{"@type":"ReadAction","target":["https:\/\/qtmm.org\/qt\/rusiye-cezalangan-halqlar-birligi-qirimtatar-halqi-v-qurultayi-4-nci-sessiyasinin-delegatlarini-hayirladi\/"]}]},{"@type":"ImageObject","inLanguage":"qt","@id":"https:\/\/qtmm.org\/qt\/rusiye-cezalangan-halqlar-birligi-qirimtatar-halqi-v-qurultayi-4-nci-sessiyasinin-delegatlarini-hayirladi\/#primaryimage","url":"https:\/\/qtmm.org\/wp-content\/uploads\/2022\/01\/img_1030.jpeg","contentUrl":"https:\/\/qtmm.org\/wp-content\/uploads\/2022\/01\/img_1030.jpeg","width":800,"height":600},{"@type":"BreadcrumbList","@id":"https:\/\/qtmm.org\/qt\/rusiye-cezalangan-halqlar-birligi-qirimtatar-halqi-v-qurultayi-4-nci-sessiyasinin-delegatlarini-hayirladi\/#breadcrumb","itemListElement":[{"@type":"ListItem","position":1,"name":"\u0413\u043e\u043b\u043e\u0432\u043d\u0430","item":"https:\/\/qtmm.org\/qt\/"},{"@type":"ListItem","position":2,"name":"Rusiye Cezalan\u011fan halqlar birligi Q\u0131r\u0131mtatar halq\u0131 V Qurultay\u0131 4-nci sessiyas\u0131n\u0131\u00f1 delegatlar\u0131n\u0131 hay\u0131rlad\u0131"}]},{"@type":"WebSite","@id":"https:\/\/qtmm.org\/qt\/#website","url":"https:\/\/qtmm.org\/qt\/","name":"\u041c\u0435\u0434\u0436\u043b\u0456\u0441","description":"","publisher":{"@id":"https:\/\/qtmm.org\/qt\/#organization"},"potentialAction":[{"@type":"SearchAction","target":{"@type":"EntryPoint","urlTemplate":"https:\/\/qtmm.org\/qt\/?s={search_term_string}"},"query-input":{"@type":"PropertyValueSpecification","valueRequired":true,"valueName":"search_term_string"}}],"inLanguage":"qt"},{"@type":"Organization","@id":"https:\/\/qtmm.org\/qt\/#organization","name":"\u041c\u0435\u0434\u0436\u043b\u0456\u0441","url":"https:\/\/qtmm.org\/qt\/","logo":{"@type":"ImageObject","inLanguage":"qt","@id":"https:\/\/qtmm.org\/qt\/#\/schema\/logo\/image\/","url":"https:\/\/qtmm.org\/wp-content\/uploads\/2024\/12\/ua-mejlis-logo-rgb.svg","contentUrl":"https:\/\/qtmm.org\/wp-content\/uploads\/2024\/12\/ua-mejlis-logo-rgb.svg","caption":"\u041c\u0435\u0434\u0436\u043b\u0456\u0441"},"image":{"@id":"https:\/\/qtmm.org\/qt\/#\/schema\/logo\/image\/"},"sameAs":["https:\/\/www.facebook.com\/qtmm.info\/"]},{"@type":"Person","@id":"https:\/\/qtmm.org\/qt\/#\/schema\/person\/de562469f971dec226ac06e60bbf74a7","name":"Developer","image":{"@type":"ImageObject","inLanguage":"qt","@id":"https:\/\/secure.gravatar.com\/avatar\/392b4cc8fbfeb00b39dfeeab4ee6edded39ffd48e25858637e4765810300227e?s=96&d=mm&r=g","url":"https:\/\/secure.gravatar.com\/avatar\/392b4cc8fbfeb00b39dfeeab4ee6edded39ffd48e25858637e4765810300227e?s=96&d=mm&r=g","contentUrl":"https:\/\/secure.gravatar.com\/avatar\/392b4cc8fbfeb00b39dfeeab4ee6edded39ffd48e25858637e4765810300227e?s=96&d=mm&r=g","caption":"Developer"},"url":"https:\/\/qtmm.org\/qt\/author\/Developer\/"}]}},"_links":{"self":[{"href":"https:\/\/qtmm.org\/qt\/wp-json\/wp\/v2\/posts\/32706","targetHints":{"allow":["GET"]}}],"collection":[{"href":"https:\/\/qtmm.org\/qt\/wp-json\/wp\/v2\/posts"}],"about":[{"href":"https:\/\/qtmm.org\/qt\/wp-json\/wp\/v2\/types\/post"}],"author":[{"embeddable":true,"href":"https:\/\/qtmm.org\/qt\/wp-json\/wp\/v2\/users\/1"}],"replies":[{"embeddable":true,"href":"https:\/\/qtmm.org\/qt\/wp-json\/wp\/v2\/comments?post=32706"}],"version-history":[{"count":1,"href":"https:\/\/qtmm.org\/qt\/wp-json\/wp\/v2\/posts\/32706\/revisions"}],"predecessor-version":[{"id":32719,"href":"https:\/\/qtmm.org\/qt\/wp-json\/wp\/v2\/posts\/32706\/revisions\/32719"}],"wp:featuredmedia":[{"embeddable":true,"href":"https:\/\/qtmm.org\/qt\/wp-json\/wp\/v2\/media\/32711"}],"wp:attachment":[{"href":"https:\/\/qtmm.org\/qt\/wp-json\/wp\/v2\/media?parent=32706"}],"wp:term":[{"taxonomy":"category","embeddable":true,"href":"https:\/\/qtmm.org\/qt\/wp-json\/wp\/v2\/categories?post=32706"},{"taxonomy":"post_tag","embeddable":true,"href":"https:\/\/qtmm.org\/qt\/wp-json\/wp\/v2\/tags?post=32706"}],"curies":[{"name":"wp","href":"https:\/\/api.w.org\/{rel}","templated":true}]}}