




{"id":32688,"date":"2012-07-21T23:07:00","date_gmt":"2012-07-21T20:07:00","guid":{"rendered":"http:\/\/qtmm.org\/?p=32688"},"modified":"2022-01-21T23:08:44","modified_gmt":"2022-01-21T20:08:44","slug":"qirimtatar-milliy-meclis-reisi-m-cemiloglunun-v-qurultay-4-toplantisindaki-qonusmasi","status":"publish","type":"post","link":"https:\/\/qtmm.org\/qt\/qirimtatar-milliy-meclis-reisi-m-cemiloglunun-v-qurultay-4-toplantisindaki-qonusmasi\/","title":{"rendered":"Q\u0131r\u0131mtatar Milliy Meclis Reisi M.Cemilo\u011flu\u2019nun V.Qurultay 4.Toplant\u0131s\u0131ndaki Qonu\u015fmas\u0131"},"content":{"rendered":"\n<p><strong>Say\u00fc\u0131l\u0131 Qurultazy vekilleri, q\u0131ymetli misafirlerimiz!<\/strong><\/p>\n\n\n\n<p>Bu Qurultay toplant\u0131s\u0131n\u0131nda bizler esas olaraq 3 meselede qararlar al\u0131nacaqt\u0131r. Birincisi, Qurultay vekillerinin se\u00e7im qaidelerine kirsetilecek deni\u015fmeler hususta, ikincisi \u2013 Milli gimnimiz s\u00f6zlerine baz\u0131 deni\u015fmeler kirsetilmesi ve \u00fc\u00e7\u00fcnc\u00fcs\u00fc&nbsp; &#8211; on\u00fcm\u00fczdeki Ukrayna parlamento se\u00e7imleri hususta.<\/p>\n\n\n\n<p>Bu sene bizim topra\u011f\u0131m\u0131zda 74 y\u0131l devam etken kom\u00fcnist rejimin&nbsp; y\u0131k\u0131lmas\u0131n\u0131n arifesinde yeniden Q\u0131r\u0131m Tatar halk\u0131n\u0131n Milli Qurultay\u0131n meydan\u011fa kelmesine ve onun birinci toplant\u0131s\u0131 ba\u015fland\u0131\u011f\u0131na art\u0131q 21 y\u0131l tola. Ke\u00e7ken 21 y\u0131l devam\u0131nda biz 12 Qurultay toplant\u0131lar\u0131n\u0131 ge\u00e7irdik ve \u015fimdiki toplant\u0131m\u0131z art\u0131q 13-cis\u0131d\u0131r. Bu toplant\u0131larda bizler halq\u0131m\u0131z i\u00e7in en m\u00fchim meseleleri m\u00fczakere ettik, kerekli qararlar ald\u0131k ve Milli Meclisimizin azalar\u0131n\u0131 se\u00e7tik.<\/p>\n\n\n\n<p>Hayat, olup ke\u00e7ken vaqialar k\u00f6sterdi ki, milli demokratik y\u00f6netim sistemimizin yeniden qurmaq qarar\u0131sonki 20 y\u0131l i\u00e7erisinde halq\u0131m\u0131z\u0131n en do\u011fru ve tam zaman\u0131nda al\u0131n\u011fan qararlar\u0131nda birisidir. Halk\u0131m\u0131z\u0131n zor durumlar\u0131nda, binlerce insanlar\u0131m\u0131z vatan\u0131na qayt\u0131p kelme\u011fe ba\u015flad\u0131\u011f\u0131nda olar\u0131n haqlar\u0131n\u0131 qorumas\u0131na, olar\u0131n bir\u00e7oq problemlerini \u00e7\u00f6z\u00fcm\u00fcne, daha ziyade halk\u0131m\u0131zn\u0131 birle\u015fmesine ve, en \u00f6nemlisi, o qar\u011fa\u015fal\u0131 y\u0131llarda bizim topra\u011f\u0131m\u0131zda milletleraras\u0131 \u00e7at\u0131\u015fmalar olmamas\u0131na ve qan d\u00f6k\u00fclmemesine bu qurdu\u011fumuz sistemin b\u00fcy\u00fck rol\u00fc oldu. Maallesef, Sovyetler Birli\u011fi da\u011f\u0131ld\u0131\u011f\u0131ndan sonra onun bir\u00e7ok b\u00f6lgelerinde olaylar qans\u0131z ke\u00e7medi.<\/p>\n\n\n\n<p>Belki de Milli Meclisin, yerli meclislerimizin qusurlar\u0131, eksiklikleri hususta,&nbsp; bir\u00e7ok Milli Meclis veya yerli meclisler azalar\u0131n\u0131n beceriksizlikleri, yaln\u0131\u015f hareketleri haqq\u0131nda \u00e7oq \u015feyler s\u00f6ylemek m\u00fcmk\u00fcnd\u00fcr. Ama eminim ki, e\u011fer biz zaman\u0131nda bu y\u00f6netim sistemimizi qurmam\u0131\u015f olsayd\u0131q, halk\u0131m\u0131z\u0131n sorunlar\u0131 \u015fimd\u0131 daha ziyade, halq\u0131m\u0131z\u0131n birli\u011fi daha d\u00fc\u015f\u00fck seviyede olacaqt\u0131.<\/p>\n\n\n\n<p>Ke\u00e7ken sene yap\u0131l\u011fan ve yay\u0131nlan\u011fan baz\u0131 sosyolojik ara\u015ft\u0131rmalar\u011fa, bu s\u0131rada Ukrayna\u2019n\u0131n en me\u015fhur&nbsp; ol\u011fan Razumkov Ara\u015ft\u0131rma Merkezinin&nbsp; neticelerine k\u00f6re, \u015fimdi halk\u0131m\u0131z\u0131n 82 % Milli Meclisimizge tamamile inana ve onu desteklemektedir. On y\u0131l evvel ke\u00e7irilgen ara\u015ft\u0131rmalar\u011fa k\u00f6re ise bu raqam 70 % civar\u0131nda edi.&nbsp; Onun i\u00e7in, baz\u0131 kimselerin, Meclisin otoritesi d\u00fc\u015ft\u00fc, halq\u0131m\u0131z\u0131n birli\u011fi zay\u0131fland\u0131 kibi s\u00f6ylentilerin temelinde&nbsp; hi\u00e7bir ker\u00e7ek yoktur. Bunlar yaln\u0131z kendi isteklerini bir ker\u00e7ek kibi k\u00f6sterme\u011fe \u00e7al\u0131\u015falar.<\/p>\n\n\n\n<p>Belki de bu y\u00fcksek dereceli halq\u0131m\u0131z\u0131n itimad\u0131n\u0131 haqedecek qadar Milli Meclisin ba\u015far\u0131lar\u0131 olmam\u0131\u015ft\u0131r ve bu itimad\u0131n esas s\u0131r\u0131&nbsp; onun demokratik olmas\u0131ndad\u0131r. Yan\u0131, halq\u0131m\u0131z\u0131n b\u00fcy\u00fck \u00e7o\u011funlugu bu y\u00f6netim sistemimiz ne derece efektiv \u00e7al\u0131\u015faca\u011f\u0131 ve bu sistemde kimler \u00e7al\u0131\u015faca\u011f\u0131 kendilerinden ba\u011fl\u0131 oldu\u011funu anlaylar, \u00e7\u00fcnki o meclisleri olar kendileri se\u00e7eler.&nbsp; Onun i\u00e7in,&nbsp; e\u011fer hep seviyedeki meclislerimiz se\u00e7imleri demokratik \u015fekilde ve son derece a\u00e7\u0131k olursa halk\u0131m\u0131z\u0131n milli sistemimize oldu\u011fu itimad daima y\u00fcksek olacaq ve g\u00fcven krizi hi\u00e7 zaman olmayacaqt\u0131r.<\/p>\n\n\n\n<p>1991 y\u0131l\u0131nda itibaren, yani y\u00f6netim sistemimizin yeniden quruldu\u011funda sonki zamanlara qadar bizler Qurultay vekillerini ikki basamaqk\u0131 se\u00e7imlerle\u00a0 ve yerli meclislerimizi ise insanlar\u0131m\u0131z\u0131n ya\u015fad\u0131klar\u0131 yerlerde cemaat toplant\u0131lar\u0131nda saylay edi.<\/p>\n\n\n\n<p>\u0130ki basamaql\u0131 Qurultay vekillerin se\u00e7iminin&nbsp; &#8211; yani birinci basamaqta se\u00e7menler saylan\u0131lmas\u0131 ve ikinci basamaqta se\u00e7menlerin konferanlar\u0131nda Qurultay vekillerin saylan\u0131lmas\u0131nda hem olumlu ve hem olumsuz taraflar\u0131 var. Olumlu taraf\u0131 \u015fu ki, vekilleri se\u00e7mezden \u00f6nce konferanlarda vekil namzetlerin \u015fahsiyetleri hususta m\u00fczakereler yapmak, olara \u00e7e\u015fit sualler vermek m\u00fcmk\u00fcn. Ama, baz\u0131 soyda\u015flar\u0131m\u0131z\u0131n fikirlerine k\u00f6re b\u00f6yle sistem baz\u0131 kimselere, daha a\u00e7\u0131q\u00e7as\u0131 Milli Meclis\u2019ke,&nbsp; kendisine uy\u011fun ol\u011fan kimselerni se\u00e7ilmesine imkan yarata imi\u015f. Men bu fikirni tart\u0131\u015fmaq istemeyim, ama bir\u00e7oq soyda\u015flar\u0131m\u0131z b\u00f6yle fikirde ise, demek, bunu da hesapqa almaq kerektir. Bundan da \u011fayr\u0131, b\u00f6yle iddialar belli derecede do\u011fru olsa bile, ke\u00e7ken y\u0131llar i\u00e7erisinde ba\u015fka \u015fekilde se\u00e7imler ke\u00e7irmesinde bizim ne maddi baq\u0131mdan, ne de organizasyon baq\u0131m\u0131ndan imkanlar\u0131m\u0131z yoqtu.<\/p>\n\n\n\n<p>2009 y\u0131l\u0131nda bir\u00e7oq Meclis toplant\u0131lar\u0131nda olup ke\u00e7ken tart\u0131\u015fmal\u0131 m\u00fczakerelerden sonra yerli meclislerimizi ve Qurultay vekillerini ba\u015fka \u00fcs\u00fclnen se\u00e7meye qarar al\u0131nd\u0131. Bu k\u00fcnge qadar Aqyar\u2019dan \u011fayr\u0131 t\u00fcm Q\u0131r\u0131m\u2019da yerli meclislerimizin yeni \u00fcs\u00fcl ile se\u00e7imleri olup ke\u00e7ti. Toplam olaraq bu k\u00fcnge kadar 294 yerli meclis ve o meclisleri 2095 azas\u0131 se\u00e7ildi. Hep yerlerde se\u00e7imler ba\u015far\u0131l\u0131 ge\u00e7ti demek m\u00fcmk\u00fcnd\u00fcr. \u0130nsanlar\u0131m\u0131z\u0131n aktifli\u011fi baz\u0131 yerlerde&nbsp; 35 %, di\u011fer yerlerde&nbsp; 75 %, toplam olaraq&nbsp; 55 % civar\u0131nda oldu.<\/p>\n\n\n\n<p>Bu Qurultay toplant\u0131s\u0131nda&nbsp; biz Qurultay vekillerinin se\u00e7im qa\u0131delerine kerekli deni\u015ftirmeler kirsetmemiz kerek olacak, \u00e7\u00fcnki 6.Qurultay\u0131n vekilleri yeni se\u00e7im sistemine k\u00f6re ke\u00e7irilecektir. Bundan da \u011fayr\u0131, belki te\u015fkilatlar\u0131m\u0131zdan Qurultay\u011fa se\u00e7ilecek vekillerin say\u0131s\u0131na da baz\u0131 deni\u015fmeler kirsetilmesi kerek olacaqt\u0131r. Bu qonuda Milli Meclis azalar\u0131n ve zaten halq\u0131m\u0131z\u0131n aras\u0131nda \u00e7e\u015fit fikirler ver. Baz\u0131lar\u0131n fikirlerine k\u00f6re hep Qurultay vekillerini cemaat te\u015fkilatlar\u0131ndan se\u00e7ilsin, di\u011ferlerin d\u00fc\u015f\u00fcncelerine k\u00f6re hep vekiller majoritar sistemine k\u00f6re se\u00e7ilsin, \u00fc\u00e7\u00fcnc\u00fc fikir \u2013 yar\u0131 yar\u0131ya olsun, d\u00f6rd\u00fcnc\u00fc fikir \u2013 eskisi kibi qals\u0131n, yani 50 vekil te\u015fkilatlardan se\u00f6ilsin, kalan 200 vekil ise majoritar sistemine k\u00f6re.<\/p>\n\n\n\n<p>Menim fikrime k\u00f6re ise, eski oran qals\u0131n veya te\u015fkilatlardan se\u00e7ilecek vekillerin say\u0131s\u0131 biraz, belki 75 ki\u015fiye kadar, artt\u0131r\u0131ls\u0131n.<\/p>\n\n\n\n<p>K\u00fcn tertibimizin di\u011fer \u00f6nemli meselesi&nbsp; &#8211; Q\u0131r\u0131m Tatar milli gimnidir.<\/p>\n\n\n\n<p>Mal\u00fcm oldu\u011fu kibi, 2.Qurultay\u0131n Birinci toplant\u0131s\u0131nda 30 Haziran 1991 de milli gimniziz hususta qarar al\u0131n\u011fan edi. Bu qararda Q\u0131r\u0131m Tatar milli gimni olaraq Numan \u00c7elebicihan\u2019\u0131n \u2018Ant Etkenmen\u2019 \u015fiiri qab\u00fcl etilgen edi. Ve ker\u00e7ekten de bu \u015fiirin \u00e7oq s\u00f6zleri milli gimn i\u00e7in uy\u011fun, \u00e7\u00fcnki bu \u015fiirde milletin qaderi ve bu milletni serbestli\u011fi i\u00e7in sonuna qadar kure\u015f ettilmesi hususta s\u00f6zler var.&nbsp; Ama Numan \u00c7elebicihan\u2019\u0131n&nbsp; 1917 senesi&nbsp; \u2018Millet\u2019 gazetesinde yay\u0131nlan\u011fan bu \u015fiiri milli gimn olaraq yazamam\u0131\u015ft\u0131, o \u015fiirde \u00c7elebicihan\u2019\u0131n \u015fahsi duy\u011fular\u0131, onun d\u00fcnya bak\u0131\u015f\u0131, bu d\u00fcnya fani d\u00fcnya oldu\u011fu, her \u015feyin sonu oldu\u011fu, Qurultayl\u0131 han olsan bile bir g\u00fcn\u00fc seni topra\u011fa vermek&nbsp; i\u00e7in mezarcilar kelece\u011fi hususta d\u00fc\u015f\u00fcnceleri de aksettirile.<\/p>\n\n\n\n<p>Hep bu d\u00fc\u015f\u00fcnceler ne qadar do\u011fru olsa bile, bu gibi fikirler milli gimn i\u00e7in \u00e7oq uy\u011fun de\u011fil. Onun i\u00e7in milli gimnimizin s\u00f6zlerini biraz deni\u015ftirme fikri halq\u0131m\u0131z&nbsp; ve ayr\u0131ca \u015fairlerimiz aras\u0131nda daima vard\u0131. Ama Milli gimnin s\u00f6zlerini deni\u015ftirme meselesi bu siyasi meseledir ve bu hususta qararn\u0131 yaln\u0131z Qurultay alabilir.<\/p>\n\n\n\n<p>Bizim \u015fairleriniz kendi tekliflerini yapt\u0131lar, milli gimnimizin s\u00f6zlerine baz\u0131 deni\u015fmeler kirsettiler, onu orkestra icras\u0131nda qay\u0131t ettiler ve bu yeni \u015fekilde gimn \u00fc\u00e7 ay \u00f6nce matem mitinginde icra etilgen edi. Bu vaqia halq\u0131m\u0131z\u0131n ve ayr\u0131ca diasporam\u0131z\u0131n aras\u0131nda \u00e7oq geni\u015f m\u00fczakerelere ve tart\u0131\u015fmalar\u011fa yol a\u00e7t\u0131, \u00e7\u00fcnki bu hususta Qurultay\u0131m\u0131z\u0131n qarar\u0131 daha \u00e7\u0131qmad\u0131.<\/p>\n\n\n\n<p>B\u00f6ylelikle, Qurultay vekilleri bu teklif etilgen milli gimnimizin yeni variant\u0131n\u0131 baq\u0131p kendi qararlar\u0131n\u0131 almas\u0131 kerek olacaqt\u0131r.&nbsp; Al\u0131nabilecek qarar\u0131m\u0131z\u0131n birqa\u00e7 alternatifi var. Birincisi, teklif etilgen gimn variant\u0131 qab\u00fcl etile. \u0130kincisi,teklif etilgen variant qab\u00fcl etilmey ve onu daha ziyade keli\u015ftirmek i\u00e7in konkurs ilan etile. O zaman gimn hususta sonki qarar bu Qurultay toplant\u0131s\u0131nda de\u011fil de, yeni se\u00e7ilecek 6.Qurultay vekilleri taraf\u0131ndan qab\u00fcl etilecektir. O zamana qadar ise eski, 1991 senesi qab\u00fcl etti\u011fimiz gimn variant\u0131 qullan\u0131lacaqt\u0131r.<\/p>\n\n\n\n<p>Ve sonki bu Qurultay toplant\u0131s\u0131nda baq\u0131lacaq ve qararlar al\u0131nacaq meseleler s\u0131ras\u0131nda \u00fc\u00e7 ay sonra, 28 Ekimde olacaq Ukrayna parlamento se\u00e7imleri ve bu se\u00e7imlerde bizim i\u015ftira\u011f\u0131m\u0131z.<\/p>\n\n\n\n<p>Ama kelecek se\u00e7imlere ke\u00e7mezden evvel birqa\u00e7 s\u00f6z 2010 senesini Ekim ay\u0131nda olup ke\u00e7ken Ukrayna yerel se\u00e7imleri hususta s\u00f6ylemek isteyim, \u00e7\u00fcnki o se\u00e7imlerin neticelerinen ba\u011fl\u0131 baz\u0131 qararlar almas\u0131 kerek olacaqt\u0131r.<\/p>\n\n\n\n<p>2010 y\u0131l senesinin yerel se\u00e7imleri hem umumenUkrayna\u2019da ve hem Q\u0131r\u0131m\u2019da sonki y\u0131llar i\u00e7erisinde en az insan i\u015ftiraq etken se\u00e7imi oldu. Q\u0131r\u0131m\u2019da oy vermeye haqq\u0131 ol\u011fan insanlar\u0131n yaln\u0131z y\u00fczde 48-i i\u015ftiraq etti. Q\u0131r\u0131m Tatarlar\u0131n akt\u0131fli\u011fi daima oldu\u011fu kibi bu se\u00e7inlerde de biraz y\u00fcksek edi, ama farq b\u00fcy\u00fck olmad\u0131, yaln\u0131z 2-3 faiz ziyade oldu. Q\u0131r\u0131m Tatarlar\u0131n oylar\u0131 da\u011f\u0131lmas\u0131 ve neticede olar\u0131n temsilcileri yerel organlar\u0131na kirme \u015fanslar\u0131n\u0131 azaltmaq i\u00e7in baya\u011f\u0131 hareketler yap\u0131ld\u0131. Q\u0131r\u0131m Tatarlar\u0131n aras\u0131ndaki esas vaz\u0131feleri Milli Meclisimizin ve Qurultay\u0131m\u0131z\u0131n qararlar\u0131na qar\u015f\u0131 \u00e7al\u0131\u015fmaqtan ibaret ol\u011fan siyas\u0131 gruplar se\u00e7imlerde Ukrayna k\u00f6y demokratik partisi ve Ukrayna Sosyalist partisine \u00e7al\u0131\u015ft\u0131lar ve elbette Milli Meclisimizge ve bizimle beraber ol\u011fan RUH partisine qar\u015f\u0131 \u00e7oq aktif propaganda al\u0131p vard\u0131lar. Elbet olar 3 faizli barajn\u0131 ke\u00e7ip olamad\u0131lar ve zannetsem, olar\u011fa b\u00f6yle vazife verilme\u011fen edi. Olar\u0131n esas vazifeleri yaln\u0131z bizlere ne qadar da olsa zarar ketirmek ve se\u00e7ilebilecek temsilcilerimizin say\u0131s\u0131n\u0131 azaltmaqt\u0131. Hem de baz\u0131 yerlerde olar vazifelerini becerip oldular.<\/p>\n\n\n\n<figure class=\"wp-block-image size-full\"><img loading=\"lazy\" decoding=\"async\" width=\"650\" height=\"400\" src=\"http:\/\/qtmm.org\/wp-content\/uploads\/2022\/01\/2_60.jpeg\" alt=\"\" class=\"wp-image-32693\" srcset=\"https:\/\/qtmm.org\/wp-content\/uploads\/2022\/01\/2_60.jpeg 650w, https:\/\/qtmm.org\/wp-content\/uploads\/2022\/01\/2_60-300x185.jpeg 300w\" sizes=\"auto, (max-width: 650px) 100vw, 650px\" \/><\/figure>\n\n\n\n<p>Mesela, Q\u0131r\u0131m otonom cumhuriyetinin Yuqar\u0131 \u015furas\u0131na Qurultay taraf\u0131nda majoritar b\u00f6lgede aday k\u00f6sterilgen. Mesela, K\u0131r\u0131m otonom cumhuriyetin yuqar\u0131 \u015furas\u0131na Qurultay taraf\u0131ndan Ba\u015f\u00e7esaray 29-ci se\u00e7im b\u00f6lgesinde namzet olaraq k\u00f6sterilgen&nbsp; \u0130lmi Umerov toplam 5494 oy ald\u0131 ve se\u00e7imi qazanmaq i\u00e7in ona yaln\u0131z 127 oy yeti\u015fmedi. Ama ayni \u015fu se\u00e7im b\u00f6lgesinde daha ikki Q\u0131r\u0131m Tatar\u0131 Kam\u0131lev Re\u015fat&nbsp; ve&nbsp; L\u00fcmanov Enver&nbsp; kendi adaylar\u0131n\u0131 k\u00f6sterdiler ve se\u00e7imlerde birisi 400 oy ve ikincisi 301 oy qazand\u0131. Olar\u011fa oylar\u0131n\u0131 vergenlerin&nbsp; belli k\u0131sm\u0131 tahminlerimizge k\u00f6re bizim soyda\u015flar\u0131m\u0131z oldu. Neticede o b\u00f6lgede toplam 5619 oy qazan\u011fan D.Roga\u00e7ov isimli&nbsp; B\u00f6lgeler Patisinin aday\u0131 vekil olaraq se\u00e7ildi.<\/p>\n\n\n\n<p>Toplam olarak 2010 y\u0131l\u0131n se\u00e7imlerinde Q\u0131r\u0131m Tatarlardan \u015feher ve rayon \u015furalar\u0131na 123 ki\u015fi, yani bu seviyede hep Q\u0131r\u0131mda se\u00e7ilen vekillerinden 9,2 %, k\u00f6y \u015furalar\u0131na 870 ki\u015fi, yan\u0131 Q\u0131r\u0131m\u2019\u0131n bu seviyede vekillerin 16 %. Q\u0131r\u0131m Yuqar\u0131 \u015furas\u0131na bizden yaln\u0131z 5 vekil se\u00e7ildi, yani 5 %. Daha iki ki\u015fi \u2013 Bezaziyev ve Gafarov B\u00f6lgeler Partisinden esas olaraq Ruslar\u0131n oylar\u0131nen se\u00e7ildiler.<\/p>\n\n\n\n<p>Q\u0131r\u0131m Yuqar\u0131 \u015furas\u0131na, \u015feher ve rayon \u015furalar\u0131na Q\u0131r\u0131m Tatarlardan nuf\u00fcz oranlar\u0131na k\u00f6re biraz azca vekiller se\u00e7ildi\u011fin esas sebebi, bu sefer se\u00e7imler qar\u0131\u015f\u0131q sisteme k\u00f6re oldu\u011fudur, \u00e7\u00fcnki majoritar b\u00f6lgelerinde Q\u0131r\u0131m Tatarlar\u0131n se\u00e7ilme perspektifleri&nbsp; \u00e7oq az.<\/p>\n\n\n\n<p>Ama buna baqmadan, e\u011fer se\u00e7imlerde halq\u0131m\u0131z\u0131n aktifli\u011fi daha biraz y\u00fcksek olsayd\u0131 ve aram\u0131zda b\u00f6l\u00fcc\u00fcl\u00fck yapqan kimseler olmasayd\u0131 elbette halq\u0131m\u0131z\u0131n temsilcilerin say\u0131 daha ziyade \u0131lacaqt\u0131. \u00c7oq yaz\u0131q ki, bu b\u00f6l\u00fcc\u00fcler aras\u0131nda baz\u0131 yerli meclisler azalar\u0131 ve 7 Qurultay vekili de oldu. E\u011fer b\u00f6yle davran\u0131\u015flar yapqan s\u0131radaki vatanda\u015flar hususta bizler yaln\u0131z \u2018Yaz\u0131qlar olsun, demek, bunlar\u0131n milli duy\u011fular\u0131 bu seviyede eken\u2019, diyebilsek, b\u00f6l\u00fcc\u00fcl\u00fck yapqan Qurultay vekilleri hususta bizim tepkimiz biraz ba\u015fqa olmal\u0131d\u0131r, \u00e7\u00fcnki bunlar Qurultay nizamnamesinin taleplerine qar\u015f\u0131 hareketler yapt\u0131lar. Yani nizamnamezin taleplerine k\u00f6re olarn\u0131 Qurultay vekilleri siras\u0131ndan \u00e7\u0131kar\u0131lmas\u0131 hususta oylama yap\u0131lmas\u0131 kerek olacaqt\u0131r.<\/p>\n\n\n\n<p>Bu sene Ekim ay\u0131nda olacaq parlamento se\u00e7imlerinin neticelerei hem t\u00fcm devlet i\u00e7in ve hem de halq\u0131m\u0131z i\u00e7in \u00e7oq muhim olacaqt\u0131r. Ayni zaman bu se\u00e7imler halq\u0131m\u0131z\u0131n birli\u011fi ne derecede oldu\u011funu k\u00f6sterecektir. Bundan da \u011fayr\u0131, bu se\u00e7imlerde i\u015ftiraq ederek biz Ukrayna parlamentosunda bir veya iki temsilcimiz olmas\u0131n\u0131 sa\u011flayabiliriz.<\/p>\n\n\n\n<p>Biylelikle, Qurultay\u0131m\u0131z\u0131n bu toplant\u0131s\u0131nda Ukrayna parlamento se\u00e7imleri ile ilgili birqa\u00e7 qarar al\u0131nmas\u0131 kerek olacaqt\u0131r. Birincisi, Ukrayna\u2019n\u0131n hangi siyasi partisinen beraber biz bu se\u00e7imlerde i\u015ftiraq etece\u011fiz, yani, soyda\u015flarom\u0131za proportsional (yani, oran) sisteminde hangi partiyeye oylar\u0131n\u0131 vermesini tavsiye etecekmiz. \u0130kkincisi, Q\u0131r\u0131mda mevc\u00fct ol\u011fan 10 tane majoritar se\u00e7im b\u00f6lgelerinde hangi namzetlerni destekleyecrkmiz ve kendimiz bu b\u00f6lgelerge namzet k\u00f6sterecekmiz mi, yoq m\u0131. Namzet k\u00f6sterecek olsaq, o namzetler kimler olacaq. \u00dc\u00e7\u00fcnc\u00fcden, e\u011fer nas\u0131ld\u0131r siyasi partilerden bizi temsilcilerimizden birisini o partinin se\u00e7im listesinin ge\u00e7erli s\u0131ar\u0131na kirsetilmesi hususta anla\u015fma var ise bu yerge kimni teklif etecekmiz.<\/p>\n\n\n\n<p>Se\u00e7imlerle ilgili g\u00f6r\u00fc\u015fmelerimiz ve m\u00fczakerelerimiz hususta mal\u00fcmat\u00fcn\u00fcz vard\u0131r, \u00e7\u00fcnki olup ke\u00e7ken hep&nbsp; g\u00f6r\u00fc\u015fmeler haqq\u0131nda ve yay\u0131n organlar\u0131m\u0131za haber verip turduq. Daha etrafl\u0131 Ukrayna parlamento se\u00e7imleri haqq\u0131nda k\u00fcn tertibizge k\u00f6re Refa \u00c7ubarov qonu\u015facaq.<\/p>\n\n\n\n<p>Ama se\u00e7imlerle ilgili daha bir \u00f6nemli mesele var. Hi\u00e7 \u015f\u00fcphesiz ki, Q\u0131r\u0131m Tatar Milli Meclisinin&nbsp; Reisi ayni zaman Ukrayna millrvekili oldu\u011fu taqdirde, onun g\u00fcc\u00fc, etkisi ve zaten Milli Meclisinin siyasi a\u011f\u0131rl\u0131\u011f\u0131 daha ziyade olacaqt\u0131r. Hi\u00e7 olmad\u0131qta o zaman Milli Meclis reisi istedi\u011fi zaman istedi\u011fi devlet adamlar\u0131nen k\u00f6r\u00fc\u015fme\u011fe ve olarnen kerekli meseleleri m\u00fczakere etme\u011fe imkan\u0131 olacaq. Q\u0131r\u0131m Tatar Milli Meclisin reisi deni\u015ftirilmesi ve onun yerine ba\u015fqa adam se\u00e7ilmesi kerek oldu\u011fu hususta biz daha Qurultaym\u0131z\u0131n 2009 senesinin toplant\u0131s\u0131nda anla\u015fqan edik. Bu art\u0131q tart\u0131\u015f\u0131lacaq mesele de\u011fil ve \u015f\u00fcphesiz&nbsp; o qararn\u0131 yerine ketirme\u011fe kerek. Yaln\u0131z o qararn\u0131 ne zaman yerine ketirilece\u011fi hususta birqa\u00e7 fikirler var.&nbsp; Bi meseleni biz sonki Milli Meclisin toplant\u0131lar\u0131nda m\u00fczakere etken edik ve Milli Meclis azalar\u0131n \u00e7o\u011funlu\u011fu fikrine yeni Milli Meclis reisini yeni parlamento se\u00e7imlerinden sinra saylanacaq 6.Qurultay vekilleri qarar vermesi kerekmi\u015f. Menim fikrimce bu do\u011fru de\u011fil, \u00e7\u00fcnki biz yeni se\u00e7ilgen Milli Meclis reisini Ukrayna parlamentosuna namzet olaraq k\u00f6stermemiz kerek. Onun i\u00e7in, bu Qurultay toplant\u0131s\u0131n\u0131n k\u00fcn tertibine yeni Milli Meclis reisinin se\u00e7imi de kirsetilmesi rica olunur.<\/p>\n\n\n\n<p>Qurultay vekillerin \u00e7al\u0131\u015fmalar\u0131nda ba\u015far\u0131lar dilerim ve in\u015fallah burada ald\u0131\u011f\u0131m\u0131z qararlar milletimizin ve milli davam\u0131z\u0131n menfaat\u0131na olacaqt\u0131r.<\/p>\n\n\n\n<p class=\"has-text-align-center\"><strong>Diqqat\u0131n\u0131z i\u00e7in sa\u011f olunuz!<\/strong><\/p>\n","protected":false},"excerpt":{"rendered":"<p>Say\u00fc\u0131l\u0131 Qurultazy vekilleri, q\u0131ymetli misafirlerimiz! Bu Qurultay toplant\u0131s\u0131n\u0131nda bizler esas olaraq 3 meselede qararlar al\u0131nacaqt\u0131r. Birincisi, Qurultay vekillerinin se\u00e7im qaidelerine kirsetilecek deni\u015fmeler hususta, ikincisi \u2013 Milli gimnimiz s\u00f6zlerine baz\u0131 deni\u015fmeler kirsetilmesi ve \u00fc\u00e7\u00fcnc\u00fcs\u00fc&nbsp; &#8211; on\u00fcm\u00fczdeki Ukrayna parlamento se\u00e7imleri hususta. Bu sene bizim topra\u011f\u0131m\u0131zda 74 y\u0131l devam etken kom\u00fcnist rejimin&nbsp; y\u0131k\u0131lmas\u0131n\u0131n arifesinde yeniden Q\u0131r\u0131m Tatar halk\u0131n\u0131n [&hellip;]<\/p>\n","protected":false},"author":1,"featured_media":32689,"comment_status":"open","ping_status":"open","sticky":false,"template":"","format":"standard","meta":{"inline_featured_image":false,"footnotes":""},"categories":[265],"tags":[],"class_list":["post-32688","post","type-post","status-publish","format-standard","has-post-thumbnail","hentry","category-haberler"],"acf":[],"yoast_head":"<!-- This site is optimized with the Yoast SEO plugin v27.4 - https:\/\/yoast.com\/product\/yoast-seo-wordpress\/ -->\n<title>Q\u0131r\u0131mtatar Milliy Meclis Reisi M.Cemilo\u011flu\u2019nun V.Qurultay 4.Toplant\u0131s\u0131ndaki Qonu\u015fmas\u0131 - \u041c\u0435\u0434\u0436\u043b\u0456\u0441<\/title>\n<meta name=\"robots\" content=\"index, follow, max-snippet:-1, max-image-preview:large, max-video-preview:-1\" \/>\n<link rel=\"canonical\" href=\"https:\/\/qtmm.org\/qt\/qirimtatar-milliy-meclis-reisi-m-cemiloglunun-v-qurultay-4-toplantisindaki-qonusmasi\/\" \/>\n<meta property=\"og:locale\" content=\"en_US\" \/>\n<meta property=\"og:type\" content=\"article\" \/>\n<meta property=\"og:title\" content=\"Q\u0131r\u0131mtatar Milliy Meclis Reisi M.Cemilo\u011flu\u2019nun V.Qurultay 4.Toplant\u0131s\u0131ndaki Qonu\u015fmas\u0131 - \u041c\u0435\u0434\u0436\u043b\u0456\u0441\" \/>\n<meta property=\"og:description\" content=\"Say\u00fc\u0131l\u0131 Qurultazy vekilleri, q\u0131ymetli misafirlerimiz! Bu Qurultay toplant\u0131s\u0131n\u0131nda bizler esas olaraq 3 meselede qararlar al\u0131nacaqt\u0131r. Birincisi, Qurultay vekillerinin se\u00e7im qaidelerine kirsetilecek deni\u015fmeler hususta, ikincisi \u2013 Milli gimnimiz s\u00f6zlerine baz\u0131 deni\u015fmeler kirsetilmesi ve \u00fc\u00e7\u00fcnc\u00fcs\u00fc&nbsp; &#8211; on\u00fcm\u00fczdeki Ukrayna parlamento se\u00e7imleri hususta. Bu sene bizim topra\u011f\u0131m\u0131zda 74 y\u0131l devam etken kom\u00fcnist rejimin&nbsp; y\u0131k\u0131lmas\u0131n\u0131n arifesinde yeniden Q\u0131r\u0131m Tatar halk\u0131n\u0131n [&hellip;]\" \/>\n<meta property=\"og:url\" content=\"https:\/\/qtmm.org\/qt\/qirimtatar-milliy-meclis-reisi-m-cemiloglunun-v-qurultay-4-toplantisindaki-qonusmasi\/\" \/>\n<meta property=\"og:site_name\" content=\"\u041c\u0435\u0434\u0436\u043b\u0456\u0441\" \/>\n<meta property=\"article:publisher\" content=\"https:\/\/www.facebook.com\/qtmm.info\/\" \/>\n<meta property=\"article:published_time\" content=\"2012-07-21T20:07:00+00:00\" \/>\n<meta property=\"article:modified_time\" content=\"2022-01-21T20:08:44+00:00\" \/>\n<meta property=\"og:image\" content=\"https:\/\/qtmm.org\/wp-content\/uploads\/2022\/01\/1_57.jpeg\" \/>\n\t<meta property=\"og:image:width\" content=\"650\" \/>\n\t<meta property=\"og:image:height\" content=\"600\" \/>\n\t<meta property=\"og:image:type\" content=\"image\/jpeg\" \/>\n<meta name=\"author\" content=\"Developer\" \/>\n<meta name=\"twitter:card\" content=\"summary_large_image\" \/>\n<meta name=\"twitter:label1\" content=\"Written by\" \/>\n\t<meta name=\"twitter:data1\" content=\"Developer\" \/>\n\t<meta name=\"twitter:label2\" content=\"Est. reading time\" \/>\n\t<meta name=\"twitter:data2\" content=\"13 minutes\" \/>\n<script type=\"application\/ld+json\" class=\"yoast-schema-graph\">{\"@context\":\"https:\\\/\\\/schema.org\",\"@graph\":[{\"@type\":\"Article\",\"@id\":\"https:\\\/\\\/qtmm.org\\\/qt\\\/qirimtatar-milliy-meclis-reisi-m-cemiloglunun-v-qurultay-4-toplantisindaki-qonusmasi\\\/#article\",\"isPartOf\":{\"@id\":\"https:\\\/\\\/qtmm.org\\\/qt\\\/qirimtatar-milliy-meclis-reisi-m-cemiloglunun-v-qurultay-4-toplantisindaki-qonusmasi\\\/\"},\"author\":{\"name\":\"Developer\",\"@id\":\"https:\\\/\\\/qtmm.org\\\/qt\\\/#\\\/schema\\\/person\\\/de562469f971dec226ac06e60bbf74a7\"},\"headline\":\"Q\u0131r\u0131mtatar Milliy Meclis Reisi M.Cemilo\u011flu\u2019nun V.Qurultay 4.Toplant\u0131s\u0131ndaki Qonu\u015fmas\u0131\",\"datePublished\":\"2012-07-21T20:07:00+00:00\",\"dateModified\":\"2022-01-21T20:08:44+00:00\",\"mainEntityOfPage\":{\"@id\":\"https:\\\/\\\/qtmm.org\\\/qt\\\/qirimtatar-milliy-meclis-reisi-m-cemiloglunun-v-qurultay-4-toplantisindaki-qonusmasi\\\/\"},\"wordCount\":2593,\"commentCount\":0,\"publisher\":{\"@id\":\"https:\\\/\\\/qtmm.org\\\/qt\\\/#organization\"},\"image\":{\"@id\":\"https:\\\/\\\/qtmm.org\\\/qt\\\/qirimtatar-milliy-meclis-reisi-m-cemiloglunun-v-qurultay-4-toplantisindaki-qonusmasi\\\/#primaryimage\"},\"thumbnailUrl\":\"https:\\\/\\\/qtmm.org\\\/wp-content\\\/uploads\\\/2022\\\/01\\\/1_57.jpeg\",\"articleSection\":[\"Haberler\"],\"inLanguage\":\"qt\",\"potentialAction\":[{\"@type\":\"CommentAction\",\"name\":\"Comment\",\"target\":[\"https:\\\/\\\/qtmm.org\\\/qt\\\/qirimtatar-milliy-meclis-reisi-m-cemiloglunun-v-qurultay-4-toplantisindaki-qonusmasi\\\/#respond\"]}]},{\"@type\":\"WebPage\",\"@id\":\"https:\\\/\\\/qtmm.org\\\/qt\\\/qirimtatar-milliy-meclis-reisi-m-cemiloglunun-v-qurultay-4-toplantisindaki-qonusmasi\\\/\",\"url\":\"https:\\\/\\\/qtmm.org\\\/qt\\\/qirimtatar-milliy-meclis-reisi-m-cemiloglunun-v-qurultay-4-toplantisindaki-qonusmasi\\\/\",\"name\":\"Q\u0131r\u0131mtatar Milliy Meclis Reisi M.Cemilo\u011flu\u2019nun V.Qurultay 4.Toplant\u0131s\u0131ndaki Qonu\u015fmas\u0131 - \u041c\u0435\u0434\u0436\u043b\u0456\u0441\",\"isPartOf\":{\"@id\":\"https:\\\/\\\/qtmm.org\\\/qt\\\/#website\"},\"primaryImageOfPage\":{\"@id\":\"https:\\\/\\\/qtmm.org\\\/qt\\\/qirimtatar-milliy-meclis-reisi-m-cemiloglunun-v-qurultay-4-toplantisindaki-qonusmasi\\\/#primaryimage\"},\"image\":{\"@id\":\"https:\\\/\\\/qtmm.org\\\/qt\\\/qirimtatar-milliy-meclis-reisi-m-cemiloglunun-v-qurultay-4-toplantisindaki-qonusmasi\\\/#primaryimage\"},\"thumbnailUrl\":\"https:\\\/\\\/qtmm.org\\\/wp-content\\\/uploads\\\/2022\\\/01\\\/1_57.jpeg\",\"datePublished\":\"2012-07-21T20:07:00+00:00\",\"dateModified\":\"2022-01-21T20:08:44+00:00\",\"breadcrumb\":{\"@id\":\"https:\\\/\\\/qtmm.org\\\/qt\\\/qirimtatar-milliy-meclis-reisi-m-cemiloglunun-v-qurultay-4-toplantisindaki-qonusmasi\\\/#breadcrumb\"},\"inLanguage\":\"qt\",\"potentialAction\":[{\"@type\":\"ReadAction\",\"target\":[\"https:\\\/\\\/qtmm.org\\\/qt\\\/qirimtatar-milliy-meclis-reisi-m-cemiloglunun-v-qurultay-4-toplantisindaki-qonusmasi\\\/\"]}]},{\"@type\":\"ImageObject\",\"inLanguage\":\"qt\",\"@id\":\"https:\\\/\\\/qtmm.org\\\/qt\\\/qirimtatar-milliy-meclis-reisi-m-cemiloglunun-v-qurultay-4-toplantisindaki-qonusmasi\\\/#primaryimage\",\"url\":\"https:\\\/\\\/qtmm.org\\\/wp-content\\\/uploads\\\/2022\\\/01\\\/1_57.jpeg\",\"contentUrl\":\"https:\\\/\\\/qtmm.org\\\/wp-content\\\/uploads\\\/2022\\\/01\\\/1_57.jpeg\",\"width\":650,\"height\":600},{\"@type\":\"BreadcrumbList\",\"@id\":\"https:\\\/\\\/qtmm.org\\\/qt\\\/qirimtatar-milliy-meclis-reisi-m-cemiloglunun-v-qurultay-4-toplantisindaki-qonusmasi\\\/#breadcrumb\",\"itemListElement\":[{\"@type\":\"ListItem\",\"position\":1,\"name\":\"\u0413\u043e\u043b\u043e\u0432\u043d\u0430\",\"item\":\"https:\\\/\\\/qtmm.org\\\/qt\\\/\"},{\"@type\":\"ListItem\",\"position\":2,\"name\":\"Q\u0131r\u0131mtatar Milliy Meclis Reisi M.Cemilo\u011flu\u2019nun V.Qurultay 4.Toplant\u0131s\u0131ndaki Qonu\u015fmas\u0131\"}]},{\"@type\":\"WebSite\",\"@id\":\"https:\\\/\\\/qtmm.org\\\/qt\\\/#website\",\"url\":\"https:\\\/\\\/qtmm.org\\\/qt\\\/\",\"name\":\"\u041c\u0435\u0434\u0436\u043b\u0456\u0441\",\"description\":\"\",\"publisher\":{\"@id\":\"https:\\\/\\\/qtmm.org\\\/qt\\\/#organization\"},\"potentialAction\":[{\"@type\":\"SearchAction\",\"target\":{\"@type\":\"EntryPoint\",\"urlTemplate\":\"https:\\\/\\\/qtmm.org\\\/qt\\\/?s={search_term_string}\"},\"query-input\":{\"@type\":\"PropertyValueSpecification\",\"valueRequired\":true,\"valueName\":\"search_term_string\"}}],\"inLanguage\":\"qt\"},{\"@type\":\"Organization\",\"@id\":\"https:\\\/\\\/qtmm.org\\\/qt\\\/#organization\",\"name\":\"\u041c\u0435\u0434\u0436\u043b\u0456\u0441\",\"url\":\"https:\\\/\\\/qtmm.org\\\/qt\\\/\",\"logo\":{\"@type\":\"ImageObject\",\"inLanguage\":\"qt\",\"@id\":\"https:\\\/\\\/qtmm.org\\\/qt\\\/#\\\/schema\\\/logo\\\/image\\\/\",\"url\":\"https:\\\/\\\/qtmm.org\\\/wp-content\\\/uploads\\\/2024\\\/12\\\/ua-mejlis-logo-rgb.svg\",\"contentUrl\":\"https:\\\/\\\/qtmm.org\\\/wp-content\\\/uploads\\\/2024\\\/12\\\/ua-mejlis-logo-rgb.svg\",\"caption\":\"\u041c\u0435\u0434\u0436\u043b\u0456\u0441\"},\"image\":{\"@id\":\"https:\\\/\\\/qtmm.org\\\/qt\\\/#\\\/schema\\\/logo\\\/image\\\/\"},\"sameAs\":[\"https:\\\/\\\/www.facebook.com\\\/qtmm.info\\\/\"]},{\"@type\":\"Person\",\"@id\":\"https:\\\/\\\/qtmm.org\\\/qt\\\/#\\\/schema\\\/person\\\/de562469f971dec226ac06e60bbf74a7\",\"name\":\"Developer\",\"image\":{\"@type\":\"ImageObject\",\"inLanguage\":\"qt\",\"@id\":\"https:\\\/\\\/secure.gravatar.com\\\/avatar\\\/392b4cc8fbfeb00b39dfeeab4ee6edded39ffd48e25858637e4765810300227e?s=96&d=mm&r=g\",\"url\":\"https:\\\/\\\/secure.gravatar.com\\\/avatar\\\/392b4cc8fbfeb00b39dfeeab4ee6edded39ffd48e25858637e4765810300227e?s=96&d=mm&r=g\",\"contentUrl\":\"https:\\\/\\\/secure.gravatar.com\\\/avatar\\\/392b4cc8fbfeb00b39dfeeab4ee6edded39ffd48e25858637e4765810300227e?s=96&d=mm&r=g\",\"caption\":\"Developer\"},\"url\":\"https:\\\/\\\/qtmm.org\\\/qt\\\/author\\\/Developer\\\/\"}]}<\/script>\n<!-- \/ Yoast SEO plugin. -->","yoast_head_json":{"title":"Q\u0131r\u0131mtatar Milliy Meclis Reisi M.Cemilo\u011flu\u2019nun V.Qurultay 4.Toplant\u0131s\u0131ndaki Qonu\u015fmas\u0131 - \u041c\u0435\u0434\u0436\u043b\u0456\u0441","robots":{"index":"index","follow":"follow","max-snippet":"max-snippet:-1","max-image-preview":"max-image-preview:large","max-video-preview":"max-video-preview:-1"},"canonical":"https:\/\/qtmm.org\/qt\/qirimtatar-milliy-meclis-reisi-m-cemiloglunun-v-qurultay-4-toplantisindaki-qonusmasi\/","og_locale":"en_US","og_type":"article","og_title":"Q\u0131r\u0131mtatar Milliy Meclis Reisi M.Cemilo\u011flu\u2019nun V.Qurultay 4.Toplant\u0131s\u0131ndaki Qonu\u015fmas\u0131 - \u041c\u0435\u0434\u0436\u043b\u0456\u0441","og_description":"Say\u00fc\u0131l\u0131 Qurultazy vekilleri, q\u0131ymetli misafirlerimiz! Bu Qurultay toplant\u0131s\u0131n\u0131nda bizler esas olaraq 3 meselede qararlar al\u0131nacaqt\u0131r. Birincisi, Qurultay vekillerinin se\u00e7im qaidelerine kirsetilecek deni\u015fmeler hususta, ikincisi \u2013 Milli gimnimiz s\u00f6zlerine baz\u0131 deni\u015fmeler kirsetilmesi ve \u00fc\u00e7\u00fcnc\u00fcs\u00fc&nbsp; &#8211; on\u00fcm\u00fczdeki Ukrayna parlamento se\u00e7imleri hususta. Bu sene bizim topra\u011f\u0131m\u0131zda 74 y\u0131l devam etken kom\u00fcnist rejimin&nbsp; y\u0131k\u0131lmas\u0131n\u0131n arifesinde yeniden Q\u0131r\u0131m Tatar halk\u0131n\u0131n [&hellip;]","og_url":"https:\/\/qtmm.org\/qt\/qirimtatar-milliy-meclis-reisi-m-cemiloglunun-v-qurultay-4-toplantisindaki-qonusmasi\/","og_site_name":"\u041c\u0435\u0434\u0436\u043b\u0456\u0441","article_publisher":"https:\/\/www.facebook.com\/qtmm.info\/","article_published_time":"2012-07-21T20:07:00+00:00","article_modified_time":"2022-01-21T20:08:44+00:00","og_image":[{"width":650,"height":600,"url":"https:\/\/qtmm.org\/wp-content\/uploads\/2022\/01\/1_57.jpeg","type":"image\/jpeg"}],"author":"Developer","twitter_card":"summary_large_image","twitter_misc":{"Written by":"Developer","Est. reading time":"13 minutes"},"schema":{"@context":"https:\/\/schema.org","@graph":[{"@type":"Article","@id":"https:\/\/qtmm.org\/qt\/qirimtatar-milliy-meclis-reisi-m-cemiloglunun-v-qurultay-4-toplantisindaki-qonusmasi\/#article","isPartOf":{"@id":"https:\/\/qtmm.org\/qt\/qirimtatar-milliy-meclis-reisi-m-cemiloglunun-v-qurultay-4-toplantisindaki-qonusmasi\/"},"author":{"name":"Developer","@id":"https:\/\/qtmm.org\/qt\/#\/schema\/person\/de562469f971dec226ac06e60bbf74a7"},"headline":"Q\u0131r\u0131mtatar Milliy Meclis Reisi M.Cemilo\u011flu\u2019nun V.Qurultay 4.Toplant\u0131s\u0131ndaki Qonu\u015fmas\u0131","datePublished":"2012-07-21T20:07:00+00:00","dateModified":"2022-01-21T20:08:44+00:00","mainEntityOfPage":{"@id":"https:\/\/qtmm.org\/qt\/qirimtatar-milliy-meclis-reisi-m-cemiloglunun-v-qurultay-4-toplantisindaki-qonusmasi\/"},"wordCount":2593,"commentCount":0,"publisher":{"@id":"https:\/\/qtmm.org\/qt\/#organization"},"image":{"@id":"https:\/\/qtmm.org\/qt\/qirimtatar-milliy-meclis-reisi-m-cemiloglunun-v-qurultay-4-toplantisindaki-qonusmasi\/#primaryimage"},"thumbnailUrl":"https:\/\/qtmm.org\/wp-content\/uploads\/2022\/01\/1_57.jpeg","articleSection":["Haberler"],"inLanguage":"qt","potentialAction":[{"@type":"CommentAction","name":"Comment","target":["https:\/\/qtmm.org\/qt\/qirimtatar-milliy-meclis-reisi-m-cemiloglunun-v-qurultay-4-toplantisindaki-qonusmasi\/#respond"]}]},{"@type":"WebPage","@id":"https:\/\/qtmm.org\/qt\/qirimtatar-milliy-meclis-reisi-m-cemiloglunun-v-qurultay-4-toplantisindaki-qonusmasi\/","url":"https:\/\/qtmm.org\/qt\/qirimtatar-milliy-meclis-reisi-m-cemiloglunun-v-qurultay-4-toplantisindaki-qonusmasi\/","name":"Q\u0131r\u0131mtatar Milliy Meclis Reisi M.Cemilo\u011flu\u2019nun V.Qurultay 4.Toplant\u0131s\u0131ndaki Qonu\u015fmas\u0131 - \u041c\u0435\u0434\u0436\u043b\u0456\u0441","isPartOf":{"@id":"https:\/\/qtmm.org\/qt\/#website"},"primaryImageOfPage":{"@id":"https:\/\/qtmm.org\/qt\/qirimtatar-milliy-meclis-reisi-m-cemiloglunun-v-qurultay-4-toplantisindaki-qonusmasi\/#primaryimage"},"image":{"@id":"https:\/\/qtmm.org\/qt\/qirimtatar-milliy-meclis-reisi-m-cemiloglunun-v-qurultay-4-toplantisindaki-qonusmasi\/#primaryimage"},"thumbnailUrl":"https:\/\/qtmm.org\/wp-content\/uploads\/2022\/01\/1_57.jpeg","datePublished":"2012-07-21T20:07:00+00:00","dateModified":"2022-01-21T20:08:44+00:00","breadcrumb":{"@id":"https:\/\/qtmm.org\/qt\/qirimtatar-milliy-meclis-reisi-m-cemiloglunun-v-qurultay-4-toplantisindaki-qonusmasi\/#breadcrumb"},"inLanguage":"qt","potentialAction":[{"@type":"ReadAction","target":["https:\/\/qtmm.org\/qt\/qirimtatar-milliy-meclis-reisi-m-cemiloglunun-v-qurultay-4-toplantisindaki-qonusmasi\/"]}]},{"@type":"ImageObject","inLanguage":"qt","@id":"https:\/\/qtmm.org\/qt\/qirimtatar-milliy-meclis-reisi-m-cemiloglunun-v-qurultay-4-toplantisindaki-qonusmasi\/#primaryimage","url":"https:\/\/qtmm.org\/wp-content\/uploads\/2022\/01\/1_57.jpeg","contentUrl":"https:\/\/qtmm.org\/wp-content\/uploads\/2022\/01\/1_57.jpeg","width":650,"height":600},{"@type":"BreadcrumbList","@id":"https:\/\/qtmm.org\/qt\/qirimtatar-milliy-meclis-reisi-m-cemiloglunun-v-qurultay-4-toplantisindaki-qonusmasi\/#breadcrumb","itemListElement":[{"@type":"ListItem","position":1,"name":"\u0413\u043e\u043b\u043e\u0432\u043d\u0430","item":"https:\/\/qtmm.org\/qt\/"},{"@type":"ListItem","position":2,"name":"Q\u0131r\u0131mtatar Milliy Meclis Reisi M.Cemilo\u011flu\u2019nun V.Qurultay 4.Toplant\u0131s\u0131ndaki Qonu\u015fmas\u0131"}]},{"@type":"WebSite","@id":"https:\/\/qtmm.org\/qt\/#website","url":"https:\/\/qtmm.org\/qt\/","name":"\u041c\u0435\u0434\u0436\u043b\u0456\u0441","description":"","publisher":{"@id":"https:\/\/qtmm.org\/qt\/#organization"},"potentialAction":[{"@type":"SearchAction","target":{"@type":"EntryPoint","urlTemplate":"https:\/\/qtmm.org\/qt\/?s={search_term_string}"},"query-input":{"@type":"PropertyValueSpecification","valueRequired":true,"valueName":"search_term_string"}}],"inLanguage":"qt"},{"@type":"Organization","@id":"https:\/\/qtmm.org\/qt\/#organization","name":"\u041c\u0435\u0434\u0436\u043b\u0456\u0441","url":"https:\/\/qtmm.org\/qt\/","logo":{"@type":"ImageObject","inLanguage":"qt","@id":"https:\/\/qtmm.org\/qt\/#\/schema\/logo\/image\/","url":"https:\/\/qtmm.org\/wp-content\/uploads\/2024\/12\/ua-mejlis-logo-rgb.svg","contentUrl":"https:\/\/qtmm.org\/wp-content\/uploads\/2024\/12\/ua-mejlis-logo-rgb.svg","caption":"\u041c\u0435\u0434\u0436\u043b\u0456\u0441"},"image":{"@id":"https:\/\/qtmm.org\/qt\/#\/schema\/logo\/image\/"},"sameAs":["https:\/\/www.facebook.com\/qtmm.info\/"]},{"@type":"Person","@id":"https:\/\/qtmm.org\/qt\/#\/schema\/person\/de562469f971dec226ac06e60bbf74a7","name":"Developer","image":{"@type":"ImageObject","inLanguage":"qt","@id":"https:\/\/secure.gravatar.com\/avatar\/392b4cc8fbfeb00b39dfeeab4ee6edded39ffd48e25858637e4765810300227e?s=96&d=mm&r=g","url":"https:\/\/secure.gravatar.com\/avatar\/392b4cc8fbfeb00b39dfeeab4ee6edded39ffd48e25858637e4765810300227e?s=96&d=mm&r=g","contentUrl":"https:\/\/secure.gravatar.com\/avatar\/392b4cc8fbfeb00b39dfeeab4ee6edded39ffd48e25858637e4765810300227e?s=96&d=mm&r=g","caption":"Developer"},"url":"https:\/\/qtmm.org\/qt\/author\/Developer\/"}]}},"_links":{"self":[{"href":"https:\/\/qtmm.org\/qt\/wp-json\/wp\/v2\/posts\/32688","targetHints":{"allow":["GET"]}}],"collection":[{"href":"https:\/\/qtmm.org\/qt\/wp-json\/wp\/v2\/posts"}],"about":[{"href":"https:\/\/qtmm.org\/qt\/wp-json\/wp\/v2\/types\/post"}],"author":[{"embeddable":true,"href":"https:\/\/qtmm.org\/qt\/wp-json\/wp\/v2\/users\/1"}],"replies":[{"embeddable":true,"href":"https:\/\/qtmm.org\/qt\/wp-json\/wp\/v2\/comments?post=32688"}],"version-history":[{"count":1,"href":"https:\/\/qtmm.org\/qt\/wp-json\/wp\/v2\/posts\/32688\/revisions"}],"predecessor-version":[{"id":32701,"href":"https:\/\/qtmm.org\/qt\/wp-json\/wp\/v2\/posts\/32688\/revisions\/32701"}],"wp:featuredmedia":[{"embeddable":true,"href":"https:\/\/qtmm.org\/qt\/wp-json\/wp\/v2\/media\/32689"}],"wp:attachment":[{"href":"https:\/\/qtmm.org\/qt\/wp-json\/wp\/v2\/media?parent=32688"}],"wp:term":[{"taxonomy":"category","embeddable":true,"href":"https:\/\/qtmm.org\/qt\/wp-json\/wp\/v2\/categories?post=32688"},{"taxonomy":"post_tag","embeddable":true,"href":"https:\/\/qtmm.org\/qt\/wp-json\/wp\/v2\/tags?post=32688"}],"curies":[{"name":"wp","href":"https:\/\/api.w.org\/{rel}","templated":true}]}}