




{"id":32682,"date":"2012-07-21T23:06:00","date_gmt":"2012-07-21T20:06:00","guid":{"rendered":"http:\/\/qtmm.org\/?p=32682"},"modified":"2022-01-21T23:07:18","modified_gmt":"2022-01-21T20:07:18","slug":"oleg-zarubinskiy-5-nci-qurultay-delegatlarina-qirimtatar-halqi-ve-umumen-ukraina-devletinin-menfaatlarini-qorcalavda-muvafaqiyetler-tiledi","status":"publish","type":"post","link":"https:\/\/qtmm.org\/qt\/oleg-zarubinskiy-5-nci-qurultay-delegatlarina-qirimtatar-halqi-ve-umumen-ukraina-devletinin-menfaatlarini-qorcalavda-muvafaqiyetler-tiledi\/","title":{"rendered":"\u00d6leg Zarubinskiy 5-nci Qurultay delegatlar\u0131na q\u0131r\u0131mtatar halq\u0131 ve umumen Ukraina devletini\u00f1 menfaatlar\u0131n\u0131 qor\u00e7alavda muvafaqiyetler tiledi"},"content":{"rendered":"\n<p>2012 senesi iy\u00fcl 21-22 k\u00fcnleri Aqmescitte 5 Qurultayn\u0131\u00f1 4-nci sessiyas\u0131 ol\u0131p ke\u00e7ti.<\/p>\n\n\n\n<p>Eki k\u00fcn devam\u0131nda delegatlar Q\u0131r\u0131mtatar halq\u0131 qurultay\u0131na delegatlarn\u0131 saylav printsipleri, 2012 senesi okt\u00e2br ay\u0131nda olacaq Ukraina halq deputatlar\u0131n\u0131 saylav, q\u0131r\u0131mtatar halq\u0131n\u0131\u00f1 resmiy simvollar\u0131 \u2013 gimn, gerb ve bayraq aqq\u0131nda ve Qurultay delegatlar\u0131n\u0131 saylav boyunca Merkeziy saylav komissiyas\u0131n\u0131 tertip et\u00fcv meselelerini muzakere ettiler.<\/p>\n\n\n\n<p>Qurultayn\u0131\u00f1 i\u015finde 200-ge yaq\u0131n delegat, Ukrainada akkreditatsiya yap\u0131l\u011fan el\u00e7ilikler, halqara te\u015fkil\u00e2tlarn\u0131\u00f1 ve bun\u0131\u00f1 kibi de T\u00fcrkiye, Romaniya, Amerikadaki q\u0131r\u0131mtatar diasporas\u0131n\u0131\u00f1 vekilleri i\u015ftirak ettiler.<\/p>\n\n\n\n<p>Meclis reisini\u00f1 birinci mukavini Refat \u00c7ubarov oqup e\u015fittirgen hay\u0131rlavlar aras\u0131nda Ukraina Yuqar\u0131 \u015euras\u0131 \u0130nsan, milliy azl\u0131qlar ve milletlerara munasebetler boyunca komitet reisi \u00d6leg Zarubinskiyni\u00f1 telegrammas\u0131 da bar edi.<\/p>\n\n\n\n<p>&#8220;Qurultay ve on\u0131\u00f1 vek\u00e2letli organ\u0131 ol\u011fan Mejlis q\u0131r\u0131mtatar halq\u0131n\u0131\u00f1 menfaatlar\u0131n\u0131 temsil etkeni ukrain demokratik cemiyetni\u00f1 m\u00fcim faktor\u0131d\u0131r, &#8211; denile \u00d6leg Zarubinskiyni\u00f1 muracaat\u0131nda. \u2013 M\u00fcimi \u015fu ki olar q\u0131r\u0131mtatar halq\u0131n\u0131\u00f1 k\u00fcndelik ya\u015fay\u0131\u015f\u0131na dair meselelerni \u00e7ez\u00fcvni\u00f1 yollar\u0131n\u0131 ara\u015ft\u0131r\u0131p tapma\u011fa iqtidarl\u0131lar&#8221;.<\/p>\n\n\n\n<p>Ukraina Yuqar\u0131 \u015euras\u0131 \u0130nsan, milliy azl\u0131qlar ve milletlerara munasebetler boyunca komitet reisi \u00d6leg Zarubinskiyni\u00f1 muracaat\u0131nda denile ki: Komitetimizni\u00f1 erk\u00e2n\u0131na Meclis reisi, Ukraina halq deputat\u0131 Mustafa Cemilev de kirgeninden pek memn\u00fcnmiz. On\u0131\u00f1 ile i\u015fbirligimiz sayesinde q\u0131r\u0131mtatar halq\u0131n\u0131 qaytaruv, yerle\u015ftir\u00fcv ve aqlar\u0131n\u0131 tiklev boyunca devlet siyasetine tesir et\u00fcv usullar\u0131n\u0131 tapam\u0131z.<\/p>\n\n\n\n<p>So\u00f1ki vaq\u0131tta semereli \u00e7al\u0131\u015fuv\u0131m\u0131zn\u0131\u00f1 neticesi olaraq Ukraina Yuqar\u0131 Radas\u0131n\u0131\u00f1 &#8220;Milliy mens\u00fcpligine k\u00f6re s\u00fcrg\u00fcn etilgen insanlarn\u0131\u00f1 aqlar\u0131n\u0131 \u011fayr\u0131dan tiklev aqq\u0131nda&#8221; Qanun leyhas\u0131n\u0131 birinci oquvda qabul etkenini qayd etebilemiz&#8221;.<\/p>\n\n\n\n<p>Ukraina Yuqar\u0131 \u015euras\u0131 \u0130nsan, milliy azl\u0131qlar ve milletlerara munasebetler boyunca komitet reisi \u00d6leg Zarubinskiy qayd etti ki, Qurultayn\u0131\u00f1 4-nci sessiyas\u0131 ukrain devleti i\u00e7\u00fcn mes\u00fclietli bir devir \u2013 parlament saylavlar\u0131 arfesinde ke\u00e7e. On\u0131\u00f1 fikrince Qurultay delegatlar\u0131 Ukraina Yuqar\u0131 \u015euras\u0131nda kimlerni vekil olaraq k\u00f6receklerini belgilemeliler.<\/p>\n\n\n\n<p>\u00d6leg Zarubinskiy 5-nci Qurultay delegatlar\u0131na q\u0131r\u0131mtatar halq\u0131 ve umumen Ukraina devletini\u00f1 menfaatlar\u0131n\u0131 qor\u00e7alavda muvafaqiyetler tiledi<\/p>\n","protected":false},"excerpt":{"rendered":"<p>2012 senesi iy\u00fcl 21-22 k\u00fcnleri Aqmescitte 5 Qurultayn\u0131\u00f1 4-nci sessiyas\u0131 ol\u0131p ke\u00e7ti. Eki k\u00fcn devam\u0131nda delegatlar Q\u0131r\u0131mtatar halq\u0131 qurultay\u0131na delegatlarn\u0131 saylav printsipleri, 2012 senesi okt\u00e2br ay\u0131nda olacaq Ukraina halq deputatlar\u0131n\u0131 saylav, q\u0131r\u0131mtatar halq\u0131n\u0131\u00f1 resmiy simvollar\u0131 \u2013 gimn, gerb ve bayraq aqq\u0131nda ve Qurultay delegatlar\u0131n\u0131 saylav boyunca Merkeziy saylav komissiyas\u0131n\u0131 tertip et\u00fcv meselelerini muzakere ettiler. Qurultayn\u0131\u00f1 [&hellip;]<\/p>\n","protected":false},"author":1,"featured_media":32683,"comment_status":"open","ping_status":"open","sticky":false,"template":"","format":"standard","meta":{"inline_featured_image":false,"footnotes":""},"categories":[265],"tags":[],"class_list":["post-32682","post","type-post","status-publish","format-standard","has-post-thumbnail","hentry","category-haberler"],"acf":[],"yoast_head":"<!-- This site is optimized with the Yoast SEO plugin v27.4 - https:\/\/yoast.com\/product\/yoast-seo-wordpress\/ -->\n<title>\u00d6leg Zarubinskiy 5-nci Qurultay delegatlar\u0131na q\u0131r\u0131mtatar halq\u0131 ve umumen Ukraina devletini\u00f1 menfaatlar\u0131n\u0131 qor\u00e7alavda muvafaqiyetler tiledi - \u041c\u0435\u0434\u0436\u043b\u0456\u0441<\/title>\n<meta name=\"robots\" content=\"index, follow, max-snippet:-1, max-image-preview:large, max-video-preview:-1\" \/>\n<link rel=\"canonical\" href=\"https:\/\/qtmm.org\/qt\/oleg-zarubinskiy-5-nci-qurultay-delegatlarina-qirimtatar-halqi-ve-umumen-ukraina-devletinin-menfaatlarini-qorcalavda-muvafaqiyetler-tiledi\/\" \/>\n<meta property=\"og:locale\" content=\"en_US\" \/>\n<meta property=\"og:type\" content=\"article\" \/>\n<meta property=\"og:title\" content=\"\u00d6leg Zarubinskiy 5-nci Qurultay delegatlar\u0131na q\u0131r\u0131mtatar halq\u0131 ve umumen Ukraina devletini\u00f1 menfaatlar\u0131n\u0131 qor\u00e7alavda muvafaqiyetler tiledi - \u041c\u0435\u0434\u0436\u043b\u0456\u0441\" \/>\n<meta property=\"og:description\" content=\"2012 senesi iy\u00fcl 21-22 k\u00fcnleri Aqmescitte 5 Qurultayn\u0131\u00f1 4-nci sessiyas\u0131 ol\u0131p ke\u00e7ti. Eki k\u00fcn devam\u0131nda delegatlar Q\u0131r\u0131mtatar halq\u0131 qurultay\u0131na delegatlarn\u0131 saylav printsipleri, 2012 senesi okt\u00e2br ay\u0131nda olacaq Ukraina halq deputatlar\u0131n\u0131 saylav, q\u0131r\u0131mtatar halq\u0131n\u0131\u00f1 resmiy simvollar\u0131 \u2013 gimn, gerb ve bayraq aqq\u0131nda ve Qurultay delegatlar\u0131n\u0131 saylav boyunca Merkeziy saylav komissiyas\u0131n\u0131 tertip et\u00fcv meselelerini muzakere ettiler. Qurultayn\u0131\u00f1 [&hellip;]\" \/>\n<meta property=\"og:url\" content=\"https:\/\/qtmm.org\/qt\/oleg-zarubinskiy-5-nci-qurultay-delegatlarina-qirimtatar-halqi-ve-umumen-ukraina-devletinin-menfaatlarini-qorcalavda-muvafaqiyetler-tiledi\/\" \/>\n<meta property=\"og:site_name\" content=\"\u041c\u0435\u0434\u0436\u043b\u0456\u0441\" \/>\n<meta property=\"article:publisher\" content=\"https:\/\/www.facebook.com\/qtmm.info\/\" \/>\n<meta property=\"article:published_time\" content=\"2012-07-21T20:06:00+00:00\" \/>\n<meta property=\"article:modified_time\" content=\"2022-01-21T20:07:18+00:00\" \/>\n<meta property=\"og:image\" content=\"https:\/\/qtmm.org\/wp-content\/uploads\/2022\/01\/zarubinskiy.jpeg\" \/>\n\t<meta property=\"og:image:width\" content=\"800\" \/>\n\t<meta property=\"og:image:height\" content=\"591\" \/>\n\t<meta property=\"og:image:type\" content=\"image\/jpeg\" \/>\n<meta name=\"author\" content=\"Developer\" \/>\n<meta name=\"twitter:card\" content=\"summary_large_image\" \/>\n<meta name=\"twitter:label1\" content=\"Written by\" \/>\n\t<meta name=\"twitter:data1\" content=\"Developer\" \/>\n\t<meta name=\"twitter:label2\" content=\"Est. reading time\" \/>\n\t<meta name=\"twitter:data2\" content=\"2 minutes\" \/>\n<script type=\"application\/ld+json\" class=\"yoast-schema-graph\">{\"@context\":\"https:\\\/\\\/schema.org\",\"@graph\":[{\"@type\":\"Article\",\"@id\":\"https:\\\/\\\/qtmm.org\\\/qt\\\/oleg-zarubinskiy-5-nci-qurultay-delegatlarina-qirimtatar-halqi-ve-umumen-ukraina-devletinin-menfaatlarini-qorcalavda-muvafaqiyetler-tiledi\\\/#article\",\"isPartOf\":{\"@id\":\"https:\\\/\\\/qtmm.org\\\/qt\\\/oleg-zarubinskiy-5-nci-qurultay-delegatlarina-qirimtatar-halqi-ve-umumen-ukraina-devletinin-menfaatlarini-qorcalavda-muvafaqiyetler-tiledi\\\/\"},\"author\":{\"name\":\"Developer\",\"@id\":\"https:\\\/\\\/qtmm.org\\\/qt\\\/#\\\/schema\\\/person\\\/de562469f971dec226ac06e60bbf74a7\"},\"headline\":\"\u00d6leg Zarubinskiy 5-nci Qurultay delegatlar\u0131na q\u0131r\u0131mtatar halq\u0131 ve umumen Ukraina devletini\u00f1 menfaatlar\u0131n\u0131 qor\u00e7alavda muvafaqiyetler tiledi\",\"datePublished\":\"2012-07-21T20:06:00+00:00\",\"dateModified\":\"2022-01-21T20:07:18+00:00\",\"mainEntityOfPage\":{\"@id\":\"https:\\\/\\\/qtmm.org\\\/qt\\\/oleg-zarubinskiy-5-nci-qurultay-delegatlarina-qirimtatar-halqi-ve-umumen-ukraina-devletinin-menfaatlarini-qorcalavda-muvafaqiyetler-tiledi\\\/\"},\"wordCount\":389,\"commentCount\":0,\"publisher\":{\"@id\":\"https:\\\/\\\/qtmm.org\\\/qt\\\/#organization\"},\"image\":{\"@id\":\"https:\\\/\\\/qtmm.org\\\/qt\\\/oleg-zarubinskiy-5-nci-qurultay-delegatlarina-qirimtatar-halqi-ve-umumen-ukraina-devletinin-menfaatlarini-qorcalavda-muvafaqiyetler-tiledi\\\/#primaryimage\"},\"thumbnailUrl\":\"https:\\\/\\\/qtmm.org\\\/wp-content\\\/uploads\\\/2022\\\/01\\\/zarubinskiy.jpeg\",\"articleSection\":[\"Haberler\"],\"inLanguage\":\"qt\",\"potentialAction\":[{\"@type\":\"CommentAction\",\"name\":\"Comment\",\"target\":[\"https:\\\/\\\/qtmm.org\\\/qt\\\/oleg-zarubinskiy-5-nci-qurultay-delegatlarina-qirimtatar-halqi-ve-umumen-ukraina-devletinin-menfaatlarini-qorcalavda-muvafaqiyetler-tiledi\\\/#respond\"]}]},{\"@type\":\"WebPage\",\"@id\":\"https:\\\/\\\/qtmm.org\\\/qt\\\/oleg-zarubinskiy-5-nci-qurultay-delegatlarina-qirimtatar-halqi-ve-umumen-ukraina-devletinin-menfaatlarini-qorcalavda-muvafaqiyetler-tiledi\\\/\",\"url\":\"https:\\\/\\\/qtmm.org\\\/qt\\\/oleg-zarubinskiy-5-nci-qurultay-delegatlarina-qirimtatar-halqi-ve-umumen-ukraina-devletinin-menfaatlarini-qorcalavda-muvafaqiyetler-tiledi\\\/\",\"name\":\"\u00d6leg Zarubinskiy 5-nci Qurultay delegatlar\u0131na q\u0131r\u0131mtatar halq\u0131 ve umumen Ukraina devletini\u00f1 menfaatlar\u0131n\u0131 qor\u00e7alavda muvafaqiyetler tiledi - \u041c\u0435\u0434\u0436\u043b\u0456\u0441\",\"isPartOf\":{\"@id\":\"https:\\\/\\\/qtmm.org\\\/qt\\\/#website\"},\"primaryImageOfPage\":{\"@id\":\"https:\\\/\\\/qtmm.org\\\/qt\\\/oleg-zarubinskiy-5-nci-qurultay-delegatlarina-qirimtatar-halqi-ve-umumen-ukraina-devletinin-menfaatlarini-qorcalavda-muvafaqiyetler-tiledi\\\/#primaryimage\"},\"image\":{\"@id\":\"https:\\\/\\\/qtmm.org\\\/qt\\\/oleg-zarubinskiy-5-nci-qurultay-delegatlarina-qirimtatar-halqi-ve-umumen-ukraina-devletinin-menfaatlarini-qorcalavda-muvafaqiyetler-tiledi\\\/#primaryimage\"},\"thumbnailUrl\":\"https:\\\/\\\/qtmm.org\\\/wp-content\\\/uploads\\\/2022\\\/01\\\/zarubinskiy.jpeg\",\"datePublished\":\"2012-07-21T20:06:00+00:00\",\"dateModified\":\"2022-01-21T20:07:18+00:00\",\"breadcrumb\":{\"@id\":\"https:\\\/\\\/qtmm.org\\\/qt\\\/oleg-zarubinskiy-5-nci-qurultay-delegatlarina-qirimtatar-halqi-ve-umumen-ukraina-devletinin-menfaatlarini-qorcalavda-muvafaqiyetler-tiledi\\\/#breadcrumb\"},\"inLanguage\":\"qt\",\"potentialAction\":[{\"@type\":\"ReadAction\",\"target\":[\"https:\\\/\\\/qtmm.org\\\/qt\\\/oleg-zarubinskiy-5-nci-qurultay-delegatlarina-qirimtatar-halqi-ve-umumen-ukraina-devletinin-menfaatlarini-qorcalavda-muvafaqiyetler-tiledi\\\/\"]}]},{\"@type\":\"ImageObject\",\"inLanguage\":\"qt\",\"@id\":\"https:\\\/\\\/qtmm.org\\\/qt\\\/oleg-zarubinskiy-5-nci-qurultay-delegatlarina-qirimtatar-halqi-ve-umumen-ukraina-devletinin-menfaatlarini-qorcalavda-muvafaqiyetler-tiledi\\\/#primaryimage\",\"url\":\"https:\\\/\\\/qtmm.org\\\/wp-content\\\/uploads\\\/2022\\\/01\\\/zarubinskiy.jpeg\",\"contentUrl\":\"https:\\\/\\\/qtmm.org\\\/wp-content\\\/uploads\\\/2022\\\/01\\\/zarubinskiy.jpeg\",\"width\":800,\"height\":591},{\"@type\":\"BreadcrumbList\",\"@id\":\"https:\\\/\\\/qtmm.org\\\/qt\\\/oleg-zarubinskiy-5-nci-qurultay-delegatlarina-qirimtatar-halqi-ve-umumen-ukraina-devletinin-menfaatlarini-qorcalavda-muvafaqiyetler-tiledi\\\/#breadcrumb\",\"itemListElement\":[{\"@type\":\"ListItem\",\"position\":1,\"name\":\"\u0413\u043e\u043b\u043e\u0432\u043d\u0430\",\"item\":\"https:\\\/\\\/qtmm.org\\\/qt\\\/\"},{\"@type\":\"ListItem\",\"position\":2,\"name\":\"\u00d6leg Zarubinskiy 5-nci Qurultay delegatlar\u0131na q\u0131r\u0131mtatar halq\u0131 ve umumen Ukraina devletini\u00f1 menfaatlar\u0131n\u0131 qor\u00e7alavda muvafaqiyetler tiledi\"}]},{\"@type\":\"WebSite\",\"@id\":\"https:\\\/\\\/qtmm.org\\\/qt\\\/#website\",\"url\":\"https:\\\/\\\/qtmm.org\\\/qt\\\/\",\"name\":\"\u041c\u0435\u0434\u0436\u043b\u0456\u0441\",\"description\":\"\",\"publisher\":{\"@id\":\"https:\\\/\\\/qtmm.org\\\/qt\\\/#organization\"},\"potentialAction\":[{\"@type\":\"SearchAction\",\"target\":{\"@type\":\"EntryPoint\",\"urlTemplate\":\"https:\\\/\\\/qtmm.org\\\/qt\\\/?s={search_term_string}\"},\"query-input\":{\"@type\":\"PropertyValueSpecification\",\"valueRequired\":true,\"valueName\":\"search_term_string\"}}],\"inLanguage\":\"qt\"},{\"@type\":\"Organization\",\"@id\":\"https:\\\/\\\/qtmm.org\\\/qt\\\/#organization\",\"name\":\"\u041c\u0435\u0434\u0436\u043b\u0456\u0441\",\"url\":\"https:\\\/\\\/qtmm.org\\\/qt\\\/\",\"logo\":{\"@type\":\"ImageObject\",\"inLanguage\":\"qt\",\"@id\":\"https:\\\/\\\/qtmm.org\\\/qt\\\/#\\\/schema\\\/logo\\\/image\\\/\",\"url\":\"https:\\\/\\\/qtmm.org\\\/wp-content\\\/uploads\\\/2024\\\/12\\\/ua-mejlis-logo-rgb.svg\",\"contentUrl\":\"https:\\\/\\\/qtmm.org\\\/wp-content\\\/uploads\\\/2024\\\/12\\\/ua-mejlis-logo-rgb.svg\",\"caption\":\"\u041c\u0435\u0434\u0436\u043b\u0456\u0441\"},\"image\":{\"@id\":\"https:\\\/\\\/qtmm.org\\\/qt\\\/#\\\/schema\\\/logo\\\/image\\\/\"},\"sameAs\":[\"https:\\\/\\\/www.facebook.com\\\/qtmm.info\\\/\"]},{\"@type\":\"Person\",\"@id\":\"https:\\\/\\\/qtmm.org\\\/qt\\\/#\\\/schema\\\/person\\\/de562469f971dec226ac06e60bbf74a7\",\"name\":\"Developer\",\"image\":{\"@type\":\"ImageObject\",\"inLanguage\":\"qt\",\"@id\":\"https:\\\/\\\/secure.gravatar.com\\\/avatar\\\/392b4cc8fbfeb00b39dfeeab4ee6edded39ffd48e25858637e4765810300227e?s=96&d=mm&r=g\",\"url\":\"https:\\\/\\\/secure.gravatar.com\\\/avatar\\\/392b4cc8fbfeb00b39dfeeab4ee6edded39ffd48e25858637e4765810300227e?s=96&d=mm&r=g\",\"contentUrl\":\"https:\\\/\\\/secure.gravatar.com\\\/avatar\\\/392b4cc8fbfeb00b39dfeeab4ee6edded39ffd48e25858637e4765810300227e?s=96&d=mm&r=g\",\"caption\":\"Developer\"},\"url\":\"https:\\\/\\\/qtmm.org\\\/qt\\\/author\\\/Developer\\\/\"}]}<\/script>\n<!-- \/ Yoast SEO plugin. -->","yoast_head_json":{"title":"\u00d6leg Zarubinskiy 5-nci Qurultay delegatlar\u0131na q\u0131r\u0131mtatar halq\u0131 ve umumen Ukraina devletini\u00f1 menfaatlar\u0131n\u0131 qor\u00e7alavda muvafaqiyetler tiledi - \u041c\u0435\u0434\u0436\u043b\u0456\u0441","robots":{"index":"index","follow":"follow","max-snippet":"max-snippet:-1","max-image-preview":"max-image-preview:large","max-video-preview":"max-video-preview:-1"},"canonical":"https:\/\/qtmm.org\/qt\/oleg-zarubinskiy-5-nci-qurultay-delegatlarina-qirimtatar-halqi-ve-umumen-ukraina-devletinin-menfaatlarini-qorcalavda-muvafaqiyetler-tiledi\/","og_locale":"en_US","og_type":"article","og_title":"\u00d6leg Zarubinskiy 5-nci Qurultay delegatlar\u0131na q\u0131r\u0131mtatar halq\u0131 ve umumen Ukraina devletini\u00f1 menfaatlar\u0131n\u0131 qor\u00e7alavda muvafaqiyetler tiledi - \u041c\u0435\u0434\u0436\u043b\u0456\u0441","og_description":"2012 senesi iy\u00fcl 21-22 k\u00fcnleri Aqmescitte 5 Qurultayn\u0131\u00f1 4-nci sessiyas\u0131 ol\u0131p ke\u00e7ti. Eki k\u00fcn devam\u0131nda delegatlar Q\u0131r\u0131mtatar halq\u0131 qurultay\u0131na delegatlarn\u0131 saylav printsipleri, 2012 senesi okt\u00e2br ay\u0131nda olacaq Ukraina halq deputatlar\u0131n\u0131 saylav, q\u0131r\u0131mtatar halq\u0131n\u0131\u00f1 resmiy simvollar\u0131 \u2013 gimn, gerb ve bayraq aqq\u0131nda ve Qurultay delegatlar\u0131n\u0131 saylav boyunca Merkeziy saylav komissiyas\u0131n\u0131 tertip et\u00fcv meselelerini muzakere ettiler. Qurultayn\u0131\u00f1 [&hellip;]","og_url":"https:\/\/qtmm.org\/qt\/oleg-zarubinskiy-5-nci-qurultay-delegatlarina-qirimtatar-halqi-ve-umumen-ukraina-devletinin-menfaatlarini-qorcalavda-muvafaqiyetler-tiledi\/","og_site_name":"\u041c\u0435\u0434\u0436\u043b\u0456\u0441","article_publisher":"https:\/\/www.facebook.com\/qtmm.info\/","article_published_time":"2012-07-21T20:06:00+00:00","article_modified_time":"2022-01-21T20:07:18+00:00","og_image":[{"width":800,"height":591,"url":"https:\/\/qtmm.org\/wp-content\/uploads\/2022\/01\/zarubinskiy.jpeg","type":"image\/jpeg"}],"author":"Developer","twitter_card":"summary_large_image","twitter_misc":{"Written by":"Developer","Est. reading time":"2 minutes"},"schema":{"@context":"https:\/\/schema.org","@graph":[{"@type":"Article","@id":"https:\/\/qtmm.org\/qt\/oleg-zarubinskiy-5-nci-qurultay-delegatlarina-qirimtatar-halqi-ve-umumen-ukraina-devletinin-menfaatlarini-qorcalavda-muvafaqiyetler-tiledi\/#article","isPartOf":{"@id":"https:\/\/qtmm.org\/qt\/oleg-zarubinskiy-5-nci-qurultay-delegatlarina-qirimtatar-halqi-ve-umumen-ukraina-devletinin-menfaatlarini-qorcalavda-muvafaqiyetler-tiledi\/"},"author":{"name":"Developer","@id":"https:\/\/qtmm.org\/qt\/#\/schema\/person\/de562469f971dec226ac06e60bbf74a7"},"headline":"\u00d6leg Zarubinskiy 5-nci Qurultay delegatlar\u0131na q\u0131r\u0131mtatar halq\u0131 ve umumen Ukraina devletini\u00f1 menfaatlar\u0131n\u0131 qor\u00e7alavda muvafaqiyetler tiledi","datePublished":"2012-07-21T20:06:00+00:00","dateModified":"2022-01-21T20:07:18+00:00","mainEntityOfPage":{"@id":"https:\/\/qtmm.org\/qt\/oleg-zarubinskiy-5-nci-qurultay-delegatlarina-qirimtatar-halqi-ve-umumen-ukraina-devletinin-menfaatlarini-qorcalavda-muvafaqiyetler-tiledi\/"},"wordCount":389,"commentCount":0,"publisher":{"@id":"https:\/\/qtmm.org\/qt\/#organization"},"image":{"@id":"https:\/\/qtmm.org\/qt\/oleg-zarubinskiy-5-nci-qurultay-delegatlarina-qirimtatar-halqi-ve-umumen-ukraina-devletinin-menfaatlarini-qorcalavda-muvafaqiyetler-tiledi\/#primaryimage"},"thumbnailUrl":"https:\/\/qtmm.org\/wp-content\/uploads\/2022\/01\/zarubinskiy.jpeg","articleSection":["Haberler"],"inLanguage":"qt","potentialAction":[{"@type":"CommentAction","name":"Comment","target":["https:\/\/qtmm.org\/qt\/oleg-zarubinskiy-5-nci-qurultay-delegatlarina-qirimtatar-halqi-ve-umumen-ukraina-devletinin-menfaatlarini-qorcalavda-muvafaqiyetler-tiledi\/#respond"]}]},{"@type":"WebPage","@id":"https:\/\/qtmm.org\/qt\/oleg-zarubinskiy-5-nci-qurultay-delegatlarina-qirimtatar-halqi-ve-umumen-ukraina-devletinin-menfaatlarini-qorcalavda-muvafaqiyetler-tiledi\/","url":"https:\/\/qtmm.org\/qt\/oleg-zarubinskiy-5-nci-qurultay-delegatlarina-qirimtatar-halqi-ve-umumen-ukraina-devletinin-menfaatlarini-qorcalavda-muvafaqiyetler-tiledi\/","name":"\u00d6leg Zarubinskiy 5-nci Qurultay delegatlar\u0131na q\u0131r\u0131mtatar halq\u0131 ve umumen Ukraina devletini\u00f1 menfaatlar\u0131n\u0131 qor\u00e7alavda muvafaqiyetler tiledi - \u041c\u0435\u0434\u0436\u043b\u0456\u0441","isPartOf":{"@id":"https:\/\/qtmm.org\/qt\/#website"},"primaryImageOfPage":{"@id":"https:\/\/qtmm.org\/qt\/oleg-zarubinskiy-5-nci-qurultay-delegatlarina-qirimtatar-halqi-ve-umumen-ukraina-devletinin-menfaatlarini-qorcalavda-muvafaqiyetler-tiledi\/#primaryimage"},"image":{"@id":"https:\/\/qtmm.org\/qt\/oleg-zarubinskiy-5-nci-qurultay-delegatlarina-qirimtatar-halqi-ve-umumen-ukraina-devletinin-menfaatlarini-qorcalavda-muvafaqiyetler-tiledi\/#primaryimage"},"thumbnailUrl":"https:\/\/qtmm.org\/wp-content\/uploads\/2022\/01\/zarubinskiy.jpeg","datePublished":"2012-07-21T20:06:00+00:00","dateModified":"2022-01-21T20:07:18+00:00","breadcrumb":{"@id":"https:\/\/qtmm.org\/qt\/oleg-zarubinskiy-5-nci-qurultay-delegatlarina-qirimtatar-halqi-ve-umumen-ukraina-devletinin-menfaatlarini-qorcalavda-muvafaqiyetler-tiledi\/#breadcrumb"},"inLanguage":"qt","potentialAction":[{"@type":"ReadAction","target":["https:\/\/qtmm.org\/qt\/oleg-zarubinskiy-5-nci-qurultay-delegatlarina-qirimtatar-halqi-ve-umumen-ukraina-devletinin-menfaatlarini-qorcalavda-muvafaqiyetler-tiledi\/"]}]},{"@type":"ImageObject","inLanguage":"qt","@id":"https:\/\/qtmm.org\/qt\/oleg-zarubinskiy-5-nci-qurultay-delegatlarina-qirimtatar-halqi-ve-umumen-ukraina-devletinin-menfaatlarini-qorcalavda-muvafaqiyetler-tiledi\/#primaryimage","url":"https:\/\/qtmm.org\/wp-content\/uploads\/2022\/01\/zarubinskiy.jpeg","contentUrl":"https:\/\/qtmm.org\/wp-content\/uploads\/2022\/01\/zarubinskiy.jpeg","width":800,"height":591},{"@type":"BreadcrumbList","@id":"https:\/\/qtmm.org\/qt\/oleg-zarubinskiy-5-nci-qurultay-delegatlarina-qirimtatar-halqi-ve-umumen-ukraina-devletinin-menfaatlarini-qorcalavda-muvafaqiyetler-tiledi\/#breadcrumb","itemListElement":[{"@type":"ListItem","position":1,"name":"\u0413\u043e\u043b\u043e\u0432\u043d\u0430","item":"https:\/\/qtmm.org\/qt\/"},{"@type":"ListItem","position":2,"name":"\u00d6leg Zarubinskiy 5-nci Qurultay delegatlar\u0131na q\u0131r\u0131mtatar halq\u0131 ve umumen Ukraina devletini\u00f1 menfaatlar\u0131n\u0131 qor\u00e7alavda muvafaqiyetler tiledi"}]},{"@type":"WebSite","@id":"https:\/\/qtmm.org\/qt\/#website","url":"https:\/\/qtmm.org\/qt\/","name":"\u041c\u0435\u0434\u0436\u043b\u0456\u0441","description":"","publisher":{"@id":"https:\/\/qtmm.org\/qt\/#organization"},"potentialAction":[{"@type":"SearchAction","target":{"@type":"EntryPoint","urlTemplate":"https:\/\/qtmm.org\/qt\/?s={search_term_string}"},"query-input":{"@type":"PropertyValueSpecification","valueRequired":true,"valueName":"search_term_string"}}],"inLanguage":"qt"},{"@type":"Organization","@id":"https:\/\/qtmm.org\/qt\/#organization","name":"\u041c\u0435\u0434\u0436\u043b\u0456\u0441","url":"https:\/\/qtmm.org\/qt\/","logo":{"@type":"ImageObject","inLanguage":"qt","@id":"https:\/\/qtmm.org\/qt\/#\/schema\/logo\/image\/","url":"https:\/\/qtmm.org\/wp-content\/uploads\/2024\/12\/ua-mejlis-logo-rgb.svg","contentUrl":"https:\/\/qtmm.org\/wp-content\/uploads\/2024\/12\/ua-mejlis-logo-rgb.svg","caption":"\u041c\u0435\u0434\u0436\u043b\u0456\u0441"},"image":{"@id":"https:\/\/qtmm.org\/qt\/#\/schema\/logo\/image\/"},"sameAs":["https:\/\/www.facebook.com\/qtmm.info\/"]},{"@type":"Person","@id":"https:\/\/qtmm.org\/qt\/#\/schema\/person\/de562469f971dec226ac06e60bbf74a7","name":"Developer","image":{"@type":"ImageObject","inLanguage":"qt","@id":"https:\/\/secure.gravatar.com\/avatar\/392b4cc8fbfeb00b39dfeeab4ee6edded39ffd48e25858637e4765810300227e?s=96&d=mm&r=g","url":"https:\/\/secure.gravatar.com\/avatar\/392b4cc8fbfeb00b39dfeeab4ee6edded39ffd48e25858637e4765810300227e?s=96&d=mm&r=g","contentUrl":"https:\/\/secure.gravatar.com\/avatar\/392b4cc8fbfeb00b39dfeeab4ee6edded39ffd48e25858637e4765810300227e?s=96&d=mm&r=g","caption":"Developer"},"url":"https:\/\/qtmm.org\/qt\/author\/Developer\/"}]}},"_links":{"self":[{"href":"https:\/\/qtmm.org\/qt\/wp-json\/wp\/v2\/posts\/32682","targetHints":{"allow":["GET"]}}],"collection":[{"href":"https:\/\/qtmm.org\/qt\/wp-json\/wp\/v2\/posts"}],"about":[{"href":"https:\/\/qtmm.org\/qt\/wp-json\/wp\/v2\/types\/post"}],"author":[{"embeddable":true,"href":"https:\/\/qtmm.org\/qt\/wp-json\/wp\/v2\/users\/1"}],"replies":[{"embeddable":true,"href":"https:\/\/qtmm.org\/qt\/wp-json\/wp\/v2\/comments?post=32682"}],"version-history":[{"count":1,"href":"https:\/\/qtmm.org\/qt\/wp-json\/wp\/v2\/posts\/32682\/revisions"}],"predecessor-version":[{"id":32687,"href":"https:\/\/qtmm.org\/qt\/wp-json\/wp\/v2\/posts\/32682\/revisions\/32687"}],"wp:featuredmedia":[{"embeddable":true,"href":"https:\/\/qtmm.org\/qt\/wp-json\/wp\/v2\/media\/32683"}],"wp:attachment":[{"href":"https:\/\/qtmm.org\/qt\/wp-json\/wp\/v2\/media?parent=32682"}],"wp:term":[{"taxonomy":"category","embeddable":true,"href":"https:\/\/qtmm.org\/qt\/wp-json\/wp\/v2\/categories?post=32682"},{"taxonomy":"post_tag","embeddable":true,"href":"https:\/\/qtmm.org\/qt\/wp-json\/wp\/v2\/tags?post=32682"}],"curies":[{"name":"wp","href":"https:\/\/api.w.org\/{rel}","templated":true}]}}