




{"id":32658,"date":"2012-07-20T23:04:00","date_gmt":"2012-07-20T20:04:00","guid":{"rendered":"http:\/\/qtmm.org\/?p=32658"},"modified":"2022-01-21T23:04:58","modified_gmt":"2022-01-21T20:04:58","slug":"iyul-20-de-moskva-helsinki-gruppasinin-basi-ve-esascisi-belli-uquqqoruyici-dogma-kezlevli-l-alekseyeva-85-yasini-qayd-ete","status":"publish","type":"post","link":"https:\/\/qtmm.org\/qt\/iyul-20-de-moskva-helsinki-gruppasinin-basi-ve-esascisi-belli-uquqqoruyici-dogma-kezlevli-l-alekseyeva-85-yasini-qayd-ete\/","title":{"rendered":"\u0130y\u00fcl 20-de Moskva Helsinki gruppas\u0131n\u0131\u00f1 ba\u015f\u0131 ve esas\u00e7\u0131s\u0131, belli uquqqoruy\u0131c\u0131, do\u011fma Kezlevli L.Alekseyeva 85 ya\u015f\u0131n\u0131 qayd ete."},"content":{"rendered":"\n<p>&#8220;Tamam 85 y\u0131l evelsi 1927 senesi Siz Q\u0131r\u0131mn\u0131\u00f1 aziz topra\u011f\u0131nda d\u00fcnya\u011fa kelgeni\u00f1iz sizi\u00f1 taqdiri\u00f1izni q\u0131r\u0131mtatar halq\u0131n\u0131\u00f1 taqdirinen ba\u011flad\u0131.<\/p>\n\n\n\n<p>SSSR kommunist rejimine qar\u015f\u0131 beraber k\u00fcre\u015f al\u0131p bar\u011fan y\u0131llar\u0131m\u0131z\u011fa nazar ta\u015flap, b\u00fct\u00fcn ces\u00fcr arqada\u015flar\u0131m\u0131zn\u0131 hat\u0131rlarkenim q\u0131r\u0131mtatar halq\u0131 i\u00e7\u00fcn e\u00f1 a\u011f\u0131r devirde on\u0131\u00f1nen yan-yana\u015fa qorqubilmez ve sad\u0131q dostlar\u0131 bulun\u011fan\u0131 i\u00e7\u00fcn Y\u00fcce Rabbime \u015f\u00fck\u00fcrler olsun.<\/p>\n\n\n\n<p>Q\u0131r\u0131mtatar halq\u0131n\u0131\u00f1 \u00f6z aqlar\u0131 i\u00e7\u00fcn k\u00fcre\u015fi\u015fnde \u015fahsen i\u015ftirak et\u00fcvi\u00f1iz biz i\u00e7\u00fcn pek q\u0131ymetlidir.<\/p>\n\n\n\n<p>Bu umumhalq k\u00fcre\u015finde SSSRdeki uquqqoruv areketi tesis etken bar\u0131\u015f\u0131q printsiplerge esaslan\u0131p biz e\u00f1 m\u00fcim ye\u00f1i\u015fni elde ettik \u2013 q\u0131r\u0131mtatar halq\u0131 \u00f6z Vatan\u0131na qaytmaqta!<\/p>\n\n\n\n<p>Sizni 2012 senesi may\u0131sta Q\u0131r\u0131mda k\u00f6rgenimizden \u011fayet memn\u00fcnmiz. Sizni daima do\u011f\u011fan yeri\u00f1izde bekleymiz!<\/p>\n\n\n\n<p>Yubiley munasebetinen e\u00f1 samimiy hay\u0131rlavlar\u0131mn\u0131 qabul eti\u00f1iz. Y\u00fcce Rabbimiz Sizge sa\u011fl\u0131q, insan ve halqlarn\u0131\u00f1 aqlar\u0131 i\u00e7\u00fcn k\u00fcre\u015fte yan\u0131\u00f1\u0131zda daima sad\u0131q dostlar ve meslekde\u015fleri\u00f1iz bulunmas\u0131n\u0131 tileyim!&#8221;, denile Meclis reisi M.Cemilevni\u00f1 hay\u0131rlav\u0131nda.<\/p>\n","protected":false},"excerpt":{"rendered":"<p>&#8220;Tamam 85 y\u0131l evelsi 1927 senesi Siz Q\u0131r\u0131mn\u0131\u00f1 aziz topra\u011f\u0131nda d\u00fcnya\u011fa kelgeni\u00f1iz sizi\u00f1 taqdiri\u00f1izni q\u0131r\u0131mtatar halq\u0131n\u0131\u00f1 taqdirinen ba\u011flad\u0131. SSSR kommunist rejimine qar\u015f\u0131 beraber k\u00fcre\u015f al\u0131p bar\u011fan y\u0131llar\u0131m\u0131z\u011fa nazar ta\u015flap, b\u00fct\u00fcn ces\u00fcr arqada\u015flar\u0131m\u0131zn\u0131 hat\u0131rlarkenim q\u0131r\u0131mtatar halq\u0131 i\u00e7\u00fcn e\u00f1 a\u011f\u0131r devirde on\u0131\u00f1nen yan-yana\u015fa qorqubilmez ve sad\u0131q dostlar\u0131 bulun\u011fan\u0131 i\u00e7\u00fcn Y\u00fcce Rabbime \u015f\u00fck\u00fcrler olsun. Q\u0131r\u0131mtatar halq\u0131n\u0131\u00f1 \u00f6z aqlar\u0131 [&hellip;]<\/p>\n","protected":false},"author":1,"featured_media":32659,"comment_status":"open","ping_status":"open","sticky":false,"template":"","format":"standard","meta":{"inline_featured_image":false,"footnotes":""},"categories":[265],"tags":[],"class_list":["post-32658","post","type-post","status-publish","format-standard","has-post-thumbnail","hentry","category-haberler"],"acf":[],"yoast_head":"<!-- This site is optimized with the Yoast SEO plugin v27.4 - https:\/\/yoast.com\/product\/yoast-seo-wordpress\/ -->\n<title>\u0130y\u00fcl 20-de Moskva Helsinki gruppas\u0131n\u0131\u00f1 ba\u015f\u0131 ve esas\u00e7\u0131s\u0131, belli uquqqoruy\u0131c\u0131, do\u011fma Kezlevli L.Alekseyeva 85 ya\u015f\u0131n\u0131 qayd ete. - \u041c\u0435\u0434\u0436\u043b\u0456\u0441<\/title>\n<meta name=\"robots\" content=\"index, follow, max-snippet:-1, max-image-preview:large, max-video-preview:-1\" \/>\n<link rel=\"canonical\" href=\"https:\/\/qtmm.org\/qt\/iyul-20-de-moskva-helsinki-gruppasinin-basi-ve-esascisi-belli-uquqqoruyici-dogma-kezlevli-l-alekseyeva-85-yasini-qayd-ete\/\" \/>\n<meta property=\"og:locale\" content=\"en_US\" \/>\n<meta property=\"og:type\" content=\"article\" \/>\n<meta property=\"og:title\" content=\"\u0130y\u00fcl 20-de Moskva Helsinki gruppas\u0131n\u0131\u00f1 ba\u015f\u0131 ve esas\u00e7\u0131s\u0131, belli uquqqoruy\u0131c\u0131, do\u011fma Kezlevli L.Alekseyeva 85 ya\u015f\u0131n\u0131 qayd ete. - \u041c\u0435\u0434\u0436\u043b\u0456\u0441\" \/>\n<meta property=\"og:description\" content=\"&#8220;Tamam 85 y\u0131l evelsi 1927 senesi Siz Q\u0131r\u0131mn\u0131\u00f1 aziz topra\u011f\u0131nda d\u00fcnya\u011fa kelgeni\u00f1iz sizi\u00f1 taqdiri\u00f1izni q\u0131r\u0131mtatar halq\u0131n\u0131\u00f1 taqdirinen ba\u011flad\u0131. SSSR kommunist rejimine qar\u015f\u0131 beraber k\u00fcre\u015f al\u0131p bar\u011fan y\u0131llar\u0131m\u0131z\u011fa nazar ta\u015flap, b\u00fct\u00fcn ces\u00fcr arqada\u015flar\u0131m\u0131zn\u0131 hat\u0131rlarkenim q\u0131r\u0131mtatar halq\u0131 i\u00e7\u00fcn e\u00f1 a\u011f\u0131r devirde on\u0131\u00f1nen yan-yana\u015fa qorqubilmez ve sad\u0131q dostlar\u0131 bulun\u011fan\u0131 i\u00e7\u00fcn Y\u00fcce Rabbime \u015f\u00fck\u00fcrler olsun. Q\u0131r\u0131mtatar halq\u0131n\u0131\u00f1 \u00f6z aqlar\u0131 [&hellip;]\" \/>\n<meta property=\"og:url\" content=\"https:\/\/qtmm.org\/qt\/iyul-20-de-moskva-helsinki-gruppasinin-basi-ve-esascisi-belli-uquqqoruyici-dogma-kezlevli-l-alekseyeva-85-yasini-qayd-ete\/\" \/>\n<meta property=\"og:site_name\" content=\"\u041c\u0435\u0434\u0436\u043b\u0456\u0441\" \/>\n<meta property=\"article:publisher\" content=\"https:\/\/www.facebook.com\/qtmm.info\/\" \/>\n<meta property=\"article:published_time\" content=\"2012-07-20T20:04:00+00:00\" \/>\n<meta property=\"article:modified_time\" content=\"2022-01-21T20:04:58+00:00\" \/>\n<meta property=\"og:image\" content=\"https:\/\/qtmm.org\/wp-content\/uploads\/2022\/01\/img_0247_1.jpeg\" \/>\n\t<meta property=\"og:image:width\" content=\"800\" \/>\n\t<meta property=\"og:image:height\" content=\"600\" \/>\n\t<meta property=\"og:image:type\" content=\"image\/jpeg\" \/>\n<meta name=\"author\" content=\"Developer\" \/>\n<meta name=\"twitter:card\" content=\"summary_large_image\" \/>\n<meta name=\"twitter:label1\" content=\"Written by\" \/>\n\t<meta name=\"twitter:data1\" content=\"Developer\" \/>\n\t<meta name=\"twitter:label2\" content=\"Est. reading time\" \/>\n\t<meta name=\"twitter:data2\" content=\"1 minute\" \/>\n<script type=\"application\/ld+json\" class=\"yoast-schema-graph\">{\"@context\":\"https:\\\/\\\/schema.org\",\"@graph\":[{\"@type\":\"Article\",\"@id\":\"https:\\\/\\\/qtmm.org\\\/qt\\\/iyul-20-de-moskva-helsinki-gruppasinin-basi-ve-esascisi-belli-uquqqoruyici-dogma-kezlevli-l-alekseyeva-85-yasini-qayd-ete\\\/#article\",\"isPartOf\":{\"@id\":\"https:\\\/\\\/qtmm.org\\\/qt\\\/iyul-20-de-moskva-helsinki-gruppasinin-basi-ve-esascisi-belli-uquqqoruyici-dogma-kezlevli-l-alekseyeva-85-yasini-qayd-ete\\\/\"},\"author\":{\"name\":\"Developer\",\"@id\":\"https:\\\/\\\/qtmm.org\\\/qt\\\/#\\\/schema\\\/person\\\/de562469f971dec226ac06e60bbf74a7\"},\"headline\":\"\u0130y\u00fcl 20-de Moskva Helsinki gruppas\u0131n\u0131\u00f1 ba\u015f\u0131 ve esas\u00e7\u0131s\u0131, belli uquqqoruy\u0131c\u0131, do\u011fma Kezlevli L.Alekseyeva 85 ya\u015f\u0131n\u0131 qayd ete.\",\"datePublished\":\"2012-07-20T20:04:00+00:00\",\"dateModified\":\"2022-01-21T20:04:58+00:00\",\"mainEntityOfPage\":{\"@id\":\"https:\\\/\\\/qtmm.org\\\/qt\\\/iyul-20-de-moskva-helsinki-gruppasinin-basi-ve-esascisi-belli-uquqqoruyici-dogma-kezlevli-l-alekseyeva-85-yasini-qayd-ete\\\/\"},\"wordCount\":233,\"commentCount\":0,\"publisher\":{\"@id\":\"https:\\\/\\\/qtmm.org\\\/qt\\\/#organization\"},\"image\":{\"@id\":\"https:\\\/\\\/qtmm.org\\\/qt\\\/iyul-20-de-moskva-helsinki-gruppasinin-basi-ve-esascisi-belli-uquqqoruyici-dogma-kezlevli-l-alekseyeva-85-yasini-qayd-ete\\\/#primaryimage\"},\"thumbnailUrl\":\"https:\\\/\\\/qtmm.org\\\/wp-content\\\/uploads\\\/2022\\\/01\\\/img_0247_1.jpeg\",\"articleSection\":[\"Haberler\"],\"inLanguage\":\"qt\",\"potentialAction\":[{\"@type\":\"CommentAction\",\"name\":\"Comment\",\"target\":[\"https:\\\/\\\/qtmm.org\\\/qt\\\/iyul-20-de-moskva-helsinki-gruppasinin-basi-ve-esascisi-belli-uquqqoruyici-dogma-kezlevli-l-alekseyeva-85-yasini-qayd-ete\\\/#respond\"]}]},{\"@type\":\"WebPage\",\"@id\":\"https:\\\/\\\/qtmm.org\\\/qt\\\/iyul-20-de-moskva-helsinki-gruppasinin-basi-ve-esascisi-belli-uquqqoruyici-dogma-kezlevli-l-alekseyeva-85-yasini-qayd-ete\\\/\",\"url\":\"https:\\\/\\\/qtmm.org\\\/qt\\\/iyul-20-de-moskva-helsinki-gruppasinin-basi-ve-esascisi-belli-uquqqoruyici-dogma-kezlevli-l-alekseyeva-85-yasini-qayd-ete\\\/\",\"name\":\"\u0130y\u00fcl 20-de Moskva Helsinki gruppas\u0131n\u0131\u00f1 ba\u015f\u0131 ve esas\u00e7\u0131s\u0131, belli uquqqoruy\u0131c\u0131, do\u011fma Kezlevli L.Alekseyeva 85 ya\u015f\u0131n\u0131 qayd ete. - \u041c\u0435\u0434\u0436\u043b\u0456\u0441\",\"isPartOf\":{\"@id\":\"https:\\\/\\\/qtmm.org\\\/qt\\\/#website\"},\"primaryImageOfPage\":{\"@id\":\"https:\\\/\\\/qtmm.org\\\/qt\\\/iyul-20-de-moskva-helsinki-gruppasinin-basi-ve-esascisi-belli-uquqqoruyici-dogma-kezlevli-l-alekseyeva-85-yasini-qayd-ete\\\/#primaryimage\"},\"image\":{\"@id\":\"https:\\\/\\\/qtmm.org\\\/qt\\\/iyul-20-de-moskva-helsinki-gruppasinin-basi-ve-esascisi-belli-uquqqoruyici-dogma-kezlevli-l-alekseyeva-85-yasini-qayd-ete\\\/#primaryimage\"},\"thumbnailUrl\":\"https:\\\/\\\/qtmm.org\\\/wp-content\\\/uploads\\\/2022\\\/01\\\/img_0247_1.jpeg\",\"datePublished\":\"2012-07-20T20:04:00+00:00\",\"dateModified\":\"2022-01-21T20:04:58+00:00\",\"breadcrumb\":{\"@id\":\"https:\\\/\\\/qtmm.org\\\/qt\\\/iyul-20-de-moskva-helsinki-gruppasinin-basi-ve-esascisi-belli-uquqqoruyici-dogma-kezlevli-l-alekseyeva-85-yasini-qayd-ete\\\/#breadcrumb\"},\"inLanguage\":\"qt\",\"potentialAction\":[{\"@type\":\"ReadAction\",\"target\":[\"https:\\\/\\\/qtmm.org\\\/qt\\\/iyul-20-de-moskva-helsinki-gruppasinin-basi-ve-esascisi-belli-uquqqoruyici-dogma-kezlevli-l-alekseyeva-85-yasini-qayd-ete\\\/\"]}]},{\"@type\":\"ImageObject\",\"inLanguage\":\"qt\",\"@id\":\"https:\\\/\\\/qtmm.org\\\/qt\\\/iyul-20-de-moskva-helsinki-gruppasinin-basi-ve-esascisi-belli-uquqqoruyici-dogma-kezlevli-l-alekseyeva-85-yasini-qayd-ete\\\/#primaryimage\",\"url\":\"https:\\\/\\\/qtmm.org\\\/wp-content\\\/uploads\\\/2022\\\/01\\\/img_0247_1.jpeg\",\"contentUrl\":\"https:\\\/\\\/qtmm.org\\\/wp-content\\\/uploads\\\/2022\\\/01\\\/img_0247_1.jpeg\",\"width\":800,\"height\":600},{\"@type\":\"BreadcrumbList\",\"@id\":\"https:\\\/\\\/qtmm.org\\\/qt\\\/iyul-20-de-moskva-helsinki-gruppasinin-basi-ve-esascisi-belli-uquqqoruyici-dogma-kezlevli-l-alekseyeva-85-yasini-qayd-ete\\\/#breadcrumb\",\"itemListElement\":[{\"@type\":\"ListItem\",\"position\":1,\"name\":\"\u0413\u043e\u043b\u043e\u0432\u043d\u0430\",\"item\":\"https:\\\/\\\/qtmm.org\\\/qt\\\/\"},{\"@type\":\"ListItem\",\"position\":2,\"name\":\"\u0130y\u00fcl 20-de Moskva Helsinki gruppas\u0131n\u0131\u00f1 ba\u015f\u0131 ve esas\u00e7\u0131s\u0131, belli uquqqoruy\u0131c\u0131, do\u011fma Kezlevli L.Alekseyeva 85 ya\u015f\u0131n\u0131 qayd ete.\"}]},{\"@type\":\"WebSite\",\"@id\":\"https:\\\/\\\/qtmm.org\\\/qt\\\/#website\",\"url\":\"https:\\\/\\\/qtmm.org\\\/qt\\\/\",\"name\":\"\u041c\u0435\u0434\u0436\u043b\u0456\u0441\",\"description\":\"\",\"publisher\":{\"@id\":\"https:\\\/\\\/qtmm.org\\\/qt\\\/#organization\"},\"potentialAction\":[{\"@type\":\"SearchAction\",\"target\":{\"@type\":\"EntryPoint\",\"urlTemplate\":\"https:\\\/\\\/qtmm.org\\\/qt\\\/?s={search_term_string}\"},\"query-input\":{\"@type\":\"PropertyValueSpecification\",\"valueRequired\":true,\"valueName\":\"search_term_string\"}}],\"inLanguage\":\"qt\"},{\"@type\":\"Organization\",\"@id\":\"https:\\\/\\\/qtmm.org\\\/qt\\\/#organization\",\"name\":\"\u041c\u0435\u0434\u0436\u043b\u0456\u0441\",\"url\":\"https:\\\/\\\/qtmm.org\\\/qt\\\/\",\"logo\":{\"@type\":\"ImageObject\",\"inLanguage\":\"qt\",\"@id\":\"https:\\\/\\\/qtmm.org\\\/qt\\\/#\\\/schema\\\/logo\\\/image\\\/\",\"url\":\"https:\\\/\\\/qtmm.org\\\/wp-content\\\/uploads\\\/2024\\\/12\\\/ua-mejlis-logo-rgb.svg\",\"contentUrl\":\"https:\\\/\\\/qtmm.org\\\/wp-content\\\/uploads\\\/2024\\\/12\\\/ua-mejlis-logo-rgb.svg\",\"caption\":\"\u041c\u0435\u0434\u0436\u043b\u0456\u0441\"},\"image\":{\"@id\":\"https:\\\/\\\/qtmm.org\\\/qt\\\/#\\\/schema\\\/logo\\\/image\\\/\"},\"sameAs\":[\"https:\\\/\\\/www.facebook.com\\\/qtmm.info\\\/\"]},{\"@type\":\"Person\",\"@id\":\"https:\\\/\\\/qtmm.org\\\/qt\\\/#\\\/schema\\\/person\\\/de562469f971dec226ac06e60bbf74a7\",\"name\":\"Developer\",\"image\":{\"@type\":\"ImageObject\",\"inLanguage\":\"qt\",\"@id\":\"https:\\\/\\\/secure.gravatar.com\\\/avatar\\\/392b4cc8fbfeb00b39dfeeab4ee6edded39ffd48e25858637e4765810300227e?s=96&d=mm&r=g\",\"url\":\"https:\\\/\\\/secure.gravatar.com\\\/avatar\\\/392b4cc8fbfeb00b39dfeeab4ee6edded39ffd48e25858637e4765810300227e?s=96&d=mm&r=g\",\"contentUrl\":\"https:\\\/\\\/secure.gravatar.com\\\/avatar\\\/392b4cc8fbfeb00b39dfeeab4ee6edded39ffd48e25858637e4765810300227e?s=96&d=mm&r=g\",\"caption\":\"Developer\"},\"url\":\"https:\\\/\\\/qtmm.org\\\/qt\\\/author\\\/Developer\\\/\"}]}<\/script>\n<!-- \/ Yoast SEO plugin. -->","yoast_head_json":{"title":"\u0130y\u00fcl 20-de Moskva Helsinki gruppas\u0131n\u0131\u00f1 ba\u015f\u0131 ve esas\u00e7\u0131s\u0131, belli uquqqoruy\u0131c\u0131, do\u011fma Kezlevli L.Alekseyeva 85 ya\u015f\u0131n\u0131 qayd ete. - \u041c\u0435\u0434\u0436\u043b\u0456\u0441","robots":{"index":"index","follow":"follow","max-snippet":"max-snippet:-1","max-image-preview":"max-image-preview:large","max-video-preview":"max-video-preview:-1"},"canonical":"https:\/\/qtmm.org\/qt\/iyul-20-de-moskva-helsinki-gruppasinin-basi-ve-esascisi-belli-uquqqoruyici-dogma-kezlevli-l-alekseyeva-85-yasini-qayd-ete\/","og_locale":"en_US","og_type":"article","og_title":"\u0130y\u00fcl 20-de Moskva Helsinki gruppas\u0131n\u0131\u00f1 ba\u015f\u0131 ve esas\u00e7\u0131s\u0131, belli uquqqoruy\u0131c\u0131, do\u011fma Kezlevli L.Alekseyeva 85 ya\u015f\u0131n\u0131 qayd ete. - \u041c\u0435\u0434\u0436\u043b\u0456\u0441","og_description":"&#8220;Tamam 85 y\u0131l evelsi 1927 senesi Siz Q\u0131r\u0131mn\u0131\u00f1 aziz topra\u011f\u0131nda d\u00fcnya\u011fa kelgeni\u00f1iz sizi\u00f1 taqdiri\u00f1izni q\u0131r\u0131mtatar halq\u0131n\u0131\u00f1 taqdirinen ba\u011flad\u0131. SSSR kommunist rejimine qar\u015f\u0131 beraber k\u00fcre\u015f al\u0131p bar\u011fan y\u0131llar\u0131m\u0131z\u011fa nazar ta\u015flap, b\u00fct\u00fcn ces\u00fcr arqada\u015flar\u0131m\u0131zn\u0131 hat\u0131rlarkenim q\u0131r\u0131mtatar halq\u0131 i\u00e7\u00fcn e\u00f1 a\u011f\u0131r devirde on\u0131\u00f1nen yan-yana\u015fa qorqubilmez ve sad\u0131q dostlar\u0131 bulun\u011fan\u0131 i\u00e7\u00fcn Y\u00fcce Rabbime \u015f\u00fck\u00fcrler olsun. Q\u0131r\u0131mtatar halq\u0131n\u0131\u00f1 \u00f6z aqlar\u0131 [&hellip;]","og_url":"https:\/\/qtmm.org\/qt\/iyul-20-de-moskva-helsinki-gruppasinin-basi-ve-esascisi-belli-uquqqoruyici-dogma-kezlevli-l-alekseyeva-85-yasini-qayd-ete\/","og_site_name":"\u041c\u0435\u0434\u0436\u043b\u0456\u0441","article_publisher":"https:\/\/www.facebook.com\/qtmm.info\/","article_published_time":"2012-07-20T20:04:00+00:00","article_modified_time":"2022-01-21T20:04:58+00:00","og_image":[{"width":800,"height":600,"url":"https:\/\/qtmm.org\/wp-content\/uploads\/2022\/01\/img_0247_1.jpeg","type":"image\/jpeg"}],"author":"Developer","twitter_card":"summary_large_image","twitter_misc":{"Written by":"Developer","Est. reading time":"1 minute"},"schema":{"@context":"https:\/\/schema.org","@graph":[{"@type":"Article","@id":"https:\/\/qtmm.org\/qt\/iyul-20-de-moskva-helsinki-gruppasinin-basi-ve-esascisi-belli-uquqqoruyici-dogma-kezlevli-l-alekseyeva-85-yasini-qayd-ete\/#article","isPartOf":{"@id":"https:\/\/qtmm.org\/qt\/iyul-20-de-moskva-helsinki-gruppasinin-basi-ve-esascisi-belli-uquqqoruyici-dogma-kezlevli-l-alekseyeva-85-yasini-qayd-ete\/"},"author":{"name":"Developer","@id":"https:\/\/qtmm.org\/qt\/#\/schema\/person\/de562469f971dec226ac06e60bbf74a7"},"headline":"\u0130y\u00fcl 20-de Moskva Helsinki gruppas\u0131n\u0131\u00f1 ba\u015f\u0131 ve esas\u00e7\u0131s\u0131, belli uquqqoruy\u0131c\u0131, do\u011fma Kezlevli L.Alekseyeva 85 ya\u015f\u0131n\u0131 qayd ete.","datePublished":"2012-07-20T20:04:00+00:00","dateModified":"2022-01-21T20:04:58+00:00","mainEntityOfPage":{"@id":"https:\/\/qtmm.org\/qt\/iyul-20-de-moskva-helsinki-gruppasinin-basi-ve-esascisi-belli-uquqqoruyici-dogma-kezlevli-l-alekseyeva-85-yasini-qayd-ete\/"},"wordCount":233,"commentCount":0,"publisher":{"@id":"https:\/\/qtmm.org\/qt\/#organization"},"image":{"@id":"https:\/\/qtmm.org\/qt\/iyul-20-de-moskva-helsinki-gruppasinin-basi-ve-esascisi-belli-uquqqoruyici-dogma-kezlevli-l-alekseyeva-85-yasini-qayd-ete\/#primaryimage"},"thumbnailUrl":"https:\/\/qtmm.org\/wp-content\/uploads\/2022\/01\/img_0247_1.jpeg","articleSection":["Haberler"],"inLanguage":"qt","potentialAction":[{"@type":"CommentAction","name":"Comment","target":["https:\/\/qtmm.org\/qt\/iyul-20-de-moskva-helsinki-gruppasinin-basi-ve-esascisi-belli-uquqqoruyici-dogma-kezlevli-l-alekseyeva-85-yasini-qayd-ete\/#respond"]}]},{"@type":"WebPage","@id":"https:\/\/qtmm.org\/qt\/iyul-20-de-moskva-helsinki-gruppasinin-basi-ve-esascisi-belli-uquqqoruyici-dogma-kezlevli-l-alekseyeva-85-yasini-qayd-ete\/","url":"https:\/\/qtmm.org\/qt\/iyul-20-de-moskva-helsinki-gruppasinin-basi-ve-esascisi-belli-uquqqoruyici-dogma-kezlevli-l-alekseyeva-85-yasini-qayd-ete\/","name":"\u0130y\u00fcl 20-de Moskva Helsinki gruppas\u0131n\u0131\u00f1 ba\u015f\u0131 ve esas\u00e7\u0131s\u0131, belli uquqqoruy\u0131c\u0131, do\u011fma Kezlevli L.Alekseyeva 85 ya\u015f\u0131n\u0131 qayd ete. - \u041c\u0435\u0434\u0436\u043b\u0456\u0441","isPartOf":{"@id":"https:\/\/qtmm.org\/qt\/#website"},"primaryImageOfPage":{"@id":"https:\/\/qtmm.org\/qt\/iyul-20-de-moskva-helsinki-gruppasinin-basi-ve-esascisi-belli-uquqqoruyici-dogma-kezlevli-l-alekseyeva-85-yasini-qayd-ete\/#primaryimage"},"image":{"@id":"https:\/\/qtmm.org\/qt\/iyul-20-de-moskva-helsinki-gruppasinin-basi-ve-esascisi-belli-uquqqoruyici-dogma-kezlevli-l-alekseyeva-85-yasini-qayd-ete\/#primaryimage"},"thumbnailUrl":"https:\/\/qtmm.org\/wp-content\/uploads\/2022\/01\/img_0247_1.jpeg","datePublished":"2012-07-20T20:04:00+00:00","dateModified":"2022-01-21T20:04:58+00:00","breadcrumb":{"@id":"https:\/\/qtmm.org\/qt\/iyul-20-de-moskva-helsinki-gruppasinin-basi-ve-esascisi-belli-uquqqoruyici-dogma-kezlevli-l-alekseyeva-85-yasini-qayd-ete\/#breadcrumb"},"inLanguage":"qt","potentialAction":[{"@type":"ReadAction","target":["https:\/\/qtmm.org\/qt\/iyul-20-de-moskva-helsinki-gruppasinin-basi-ve-esascisi-belli-uquqqoruyici-dogma-kezlevli-l-alekseyeva-85-yasini-qayd-ete\/"]}]},{"@type":"ImageObject","inLanguage":"qt","@id":"https:\/\/qtmm.org\/qt\/iyul-20-de-moskva-helsinki-gruppasinin-basi-ve-esascisi-belli-uquqqoruyici-dogma-kezlevli-l-alekseyeva-85-yasini-qayd-ete\/#primaryimage","url":"https:\/\/qtmm.org\/wp-content\/uploads\/2022\/01\/img_0247_1.jpeg","contentUrl":"https:\/\/qtmm.org\/wp-content\/uploads\/2022\/01\/img_0247_1.jpeg","width":800,"height":600},{"@type":"BreadcrumbList","@id":"https:\/\/qtmm.org\/qt\/iyul-20-de-moskva-helsinki-gruppasinin-basi-ve-esascisi-belli-uquqqoruyici-dogma-kezlevli-l-alekseyeva-85-yasini-qayd-ete\/#breadcrumb","itemListElement":[{"@type":"ListItem","position":1,"name":"\u0413\u043e\u043b\u043e\u0432\u043d\u0430","item":"https:\/\/qtmm.org\/qt\/"},{"@type":"ListItem","position":2,"name":"\u0130y\u00fcl 20-de Moskva Helsinki gruppas\u0131n\u0131\u00f1 ba\u015f\u0131 ve esas\u00e7\u0131s\u0131, belli uquqqoruy\u0131c\u0131, do\u011fma Kezlevli L.Alekseyeva 85 ya\u015f\u0131n\u0131 qayd ete."}]},{"@type":"WebSite","@id":"https:\/\/qtmm.org\/qt\/#website","url":"https:\/\/qtmm.org\/qt\/","name":"\u041c\u0435\u0434\u0436\u043b\u0456\u0441","description":"","publisher":{"@id":"https:\/\/qtmm.org\/qt\/#organization"},"potentialAction":[{"@type":"SearchAction","target":{"@type":"EntryPoint","urlTemplate":"https:\/\/qtmm.org\/qt\/?s={search_term_string}"},"query-input":{"@type":"PropertyValueSpecification","valueRequired":true,"valueName":"search_term_string"}}],"inLanguage":"qt"},{"@type":"Organization","@id":"https:\/\/qtmm.org\/qt\/#organization","name":"\u041c\u0435\u0434\u0436\u043b\u0456\u0441","url":"https:\/\/qtmm.org\/qt\/","logo":{"@type":"ImageObject","inLanguage":"qt","@id":"https:\/\/qtmm.org\/qt\/#\/schema\/logo\/image\/","url":"https:\/\/qtmm.org\/wp-content\/uploads\/2024\/12\/ua-mejlis-logo-rgb.svg","contentUrl":"https:\/\/qtmm.org\/wp-content\/uploads\/2024\/12\/ua-mejlis-logo-rgb.svg","caption":"\u041c\u0435\u0434\u0436\u043b\u0456\u0441"},"image":{"@id":"https:\/\/qtmm.org\/qt\/#\/schema\/logo\/image\/"},"sameAs":["https:\/\/www.facebook.com\/qtmm.info\/"]},{"@type":"Person","@id":"https:\/\/qtmm.org\/qt\/#\/schema\/person\/de562469f971dec226ac06e60bbf74a7","name":"Developer","image":{"@type":"ImageObject","inLanguage":"qt","@id":"https:\/\/secure.gravatar.com\/avatar\/392b4cc8fbfeb00b39dfeeab4ee6edded39ffd48e25858637e4765810300227e?s=96&d=mm&r=g","url":"https:\/\/secure.gravatar.com\/avatar\/392b4cc8fbfeb00b39dfeeab4ee6edded39ffd48e25858637e4765810300227e?s=96&d=mm&r=g","contentUrl":"https:\/\/secure.gravatar.com\/avatar\/392b4cc8fbfeb00b39dfeeab4ee6edded39ffd48e25858637e4765810300227e?s=96&d=mm&r=g","caption":"Developer"},"url":"https:\/\/qtmm.org\/qt\/author\/Developer\/"}]}},"_links":{"self":[{"href":"https:\/\/qtmm.org\/qt\/wp-json\/wp\/v2\/posts\/32658","targetHints":{"allow":["GET"]}}],"collection":[{"href":"https:\/\/qtmm.org\/qt\/wp-json\/wp\/v2\/posts"}],"about":[{"href":"https:\/\/qtmm.org\/qt\/wp-json\/wp\/v2\/types\/post"}],"author":[{"embeddable":true,"href":"https:\/\/qtmm.org\/qt\/wp-json\/wp\/v2\/users\/1"}],"replies":[{"embeddable":true,"href":"https:\/\/qtmm.org\/qt\/wp-json\/wp\/v2\/comments?post=32658"}],"version-history":[{"count":1,"href":"https:\/\/qtmm.org\/qt\/wp-json\/wp\/v2\/posts\/32658\/revisions"}],"predecessor-version":[{"id":32663,"href":"https:\/\/qtmm.org\/qt\/wp-json\/wp\/v2\/posts\/32658\/revisions\/32663"}],"wp:featuredmedia":[{"embeddable":true,"href":"https:\/\/qtmm.org\/qt\/wp-json\/wp\/v2\/media\/32659"}],"wp:attachment":[{"href":"https:\/\/qtmm.org\/qt\/wp-json\/wp\/v2\/media?parent=32658"}],"wp:term":[{"taxonomy":"category","embeddable":true,"href":"https:\/\/qtmm.org\/qt\/wp-json\/wp\/v2\/categories?post=32658"},{"taxonomy":"post_tag","embeddable":true,"href":"https:\/\/qtmm.org\/qt\/wp-json\/wp\/v2\/tags?post=32658"}],"curies":[{"name":"wp","href":"https:\/\/api.w.org\/{rel}","templated":true}]}}