




{"id":32656,"date":"2012-07-19T23:03:00","date_gmt":"2012-07-19T20:03:00","guid":{"rendered":"http:\/\/qtmm.org\/?p=32656"},"modified":"2022-01-21T23:04:01","modified_gmt":"2022-01-21T20:04:01","slug":"aqmescitte-vahsiylikke-qarsi-naraziliq-mitingi-olip-kecti","status":"publish","type":"post","link":"https:\/\/qtmm.org\/qt\/aqmescitte-vahsiylikke-qarsi-naraziliq-mitingi-olip-kecti\/","title":{"rendered":"Aqmescitte vah\u015fiylikke qar\u015f\u0131 naraz\u0131l\u0131q mitingi ol\u0131p ke\u00e7ti"},"content":{"rendered":"\n<p>2012 senesi iy\u00fcl 19 k\u00fcn\u00fc Aqmescitte Sovetler Birligini\u00f1 Eki defa qaraman\u0131 Amethan Sultan ad\u0131na meydanda \u00e7e\u015fit millet, \u00e7e\u015fit dinlerge ve t\u00fcrl\u00fc siyasiy aq\u0131mlar\u011fa mens\u00fcp insanlar so\u00f1ki y\u0131llarda Q\u0131r\u0131mda y\u00fcz bergen adiselerge nisbeten naraz\u0131l\u0131qlar\u0131n\u0131 bildirmek i\u00e7\u00fcn topland\u0131lar.<\/p>\n\n\n\n<p>Amethan Sultann\u0131\u00f1 Meydanda as\u0131l\u0131 balaban portretinde tamam y\u00fcz\u00fcnde fa\u015fistlerni\u00f1 temsili ol\u011fan gamal\u0131 ha\u00e7 \u00e7\u0131z\u0131lmas\u0131 cemaat \u011fadab\u0131n\u0131 ta\u015f\u0131tqan so\u00f1ki tam\u00e7\u0131 old\u0131.<\/p>\n\n\n\n<p>Q\u0131r\u0131mtatar gen\u00e7lerini\u00f1 &#8220;Ya\u015flar \u015furas\u0131&#8221; te\u015fkil\u00e2t\u0131 ke\u00e7irgen mitingde Meclis azalar\u0131, Q\u0131r\u0131mn\u0131\u00f1 cemaat te\u015fkil\u00e2tlar\u0131 ve \u015feer sakinleri i\u015ftirak ettiler.<br>\u0130stegenlerni\u00f1 episi meydan\u011fa kelip, \u00f6z naraz\u0131l\u0131\u011f\u0131n\u0131 k\u00e2\u011f\u0131tta qayd ettiler. So\u00f1ra bu k\u00e2\u011f\u0131t miting qarar\u0131 s\u0131fat\u0131nda ait organlar\u011fa berilecek. &#8220;Vandallar mes\u00fclietlikke \u00e7ekilsin&#8221;, &#8220;Vandallar aqlan\u0131lmaz&#8221;, &#8220;Amethan Sultan kibi u\u00e7uc\u0131 d\u00fcnyada yoq&#8221;, kibi fikirler yaz\u0131ld\u0131.<\/p>\n\n\n\n<p>&#8220;Vah\u015fiylik, vandall\u0131qqa nisbeten b\u00f6yle munasebet k\u00f6stergen q\u0131r\u0131mtatar ya\u015flar te\u015fkil\u00e2tlar\u0131na te\u015fekk\u00fcr bildirmek isteyim, &#8211; dedi Q\u0131r\u0131mtatar halq\u0131 Meclisini\u00f1 birinci muavini Refat \u00c7ubarov.\u2013 Bun\u0131\u00f1 kibi de men \u015fu mitingde \u00f6z naraz\u0131l\u0131\u011f\u0131n\u0131 bildirmek i\u00e7\u00fcn bulun\u011fan er bir insandan minnetdar\u0131m.<\/p>\n\n\n\n<p>M\u0131nda men tek q\u0131r\u0131mtatarlarn\u0131 degil, ba\u015fqa millet insanlar\u0131n\u0131 da k\u00f6rem ve bu ma\u00f1a \u00fcm\u00fct bere. \u00c7\u00fcnki Amethan Sultan kibi yer y\u00fcz\u00fcnde bar\u0131\u015f\u0131ql\u0131q olmas\u0131 i\u00e7\u00fcn can\u0131n\u0131 feda etken \u015fah\u0131slarn\u0131 tiriler qor\u00e7alamasa, bun\u0131\u00f1 aqibeti pek fena olur&#8221;.<\/p>\n\n\n\n<p>Bun\u0131\u00f1 kibi de \u00c7ubarov iy\u00fcl 16 k\u00fcn\u00fc ol\u011fan adise pek \u00e7oq insann\u0131 \u011fadapland\u0131r\u011fan\u0131n\u0131 qayd etti. &#8220;Men bu aqta e\u015fitip ve ta ki kendim kelip resimge \u00e7ekmegenge qadar inan\u0131p olamad\u0131m, &#8211; dedi R. \u00c7ubarov. \u2013 Bu vah\u015fiy\u015flikni\u00f1 s\u0131mar\u0131\u015f\u00e7\u0131s\u0131, icrac\u0131s\u0131 tap\u0131lma\u011fance bu barbarl\u0131q ket-kete \u015fou\u011fa \u00e7evrilir&#8221;.<\/p>\n\n\n\n<p>\u00c7ubarov, bu vah\u015fiylik husus\u0131nda so\u00f1ki k\u00fcnler i\u00e7inde i\u00e7 bir kimse izaatlama\u011fan\u0131n\u0131 keder ile qayd etip, belki yaparlar, degen \u00fcm\u00fctni bildirdi. &#8220;Sovetler devletinde Amethan Sultann\u0131 bilmegen, on\u0131\u00f1 \u00f6g\u00fcnde temenna etmegen i\u00e7 bir insan yoq edi. O, 30 u\u00e7aqn\u0131 \u015fahsen \u00f6z\u00fc, 19 u\u00e7aqn\u0131 ise arqada\u015flar\u0131nen beraber ur\u0131p t\u00fc\u015f\u00fcrgen aqiqiy qaraman edi. Yap\u0131l\u011fan bu areket sadece vandall\u0131q degil, bu \u2013 cinayettir, &#8211; dedi arbiy ava k\u00fc\u00e7lerini\u00f1 istifadaki polkovnigi \u0130gor \u015e\u00e7ennikov.<\/p>\n\n\n\n<p>Meclis K\u00e2tibiyetini\u00f1 ba\u015f\u0131 Zair Smedl\u00e2yev bug\u00fcngece daa bir vandal cevapqa \u00e7ekilmegenini aytt\u0131. &#8220;Amethan Sultann\u0131\u00f1 y\u00fcz\u00fcnde \u00e7\u0131z\u0131l\u011fan gamal\u0131 ha\u00e7 bizim qalplerimizni te\u015fken ha\u00e7t\u0131r, b\u00fct\u00fcn q\u0131r\u0131mtatar halq\u0131n\u0131\u00f1 y\u00fcz\u00fcne, cenkte qan t\u00f6kip, qurban ketken b\u00fct\u00fcn askerlerni\u00f1 hat\u0131ras\u0131na t\u00fck\u00fcr\u00fcktir, -dedi Z. Smedl\u00e2yev. . \u00c7\u0131q\u0131\u015f\u0131n\u0131\u00f1 so\u00f1unda o dedi ki, vandallarn\u0131 yaqalap cezaland\u0131rmaq akimler i\u00e7\u00fcn \u015feref meselesidir.<\/p>\n\n\n\n<p>Naraz\u0131l\u0131q mitingi devam\u0131nda belli old\u0131 ki, \u0130\u00e7iki \u0130\u015fler Nazirligini\u00f1 \u0130nternet saifesinde Q\u0131r\u0131mda Sovetler Birligini\u00f1 Eki defa qaraman\u0131 Amethan Sultann\u0131\u00f1 portretini aqaret et\u00fcv al\u0131 belgilenmegeni aqq\u0131nda mal\u00fcmat berilgen. Bundan da \u011fayr\u0131 portret as\u0131l\u0131 evni\u00f1 sakinleri ve meydanda ticaret yapqan insanlarn\u0131\u00f1 i\u00e7 birisi &#8220;portretni aqaret etken i\u00e7 bir t\u00fcrl\u00fc plakat k\u00f6rmegenini s\u00f6ylegenler&#8221;.<\/p>\n","protected":false},"excerpt":{"rendered":"<p>2012 senesi iy\u00fcl 19 k\u00fcn\u00fc Aqmescitte Sovetler Birligini\u00f1 Eki defa qaraman\u0131 Amethan Sultan ad\u0131na meydanda \u00e7e\u015fit millet, \u00e7e\u015fit dinlerge ve t\u00fcrl\u00fc siyasiy aq\u0131mlar\u011fa mens\u00fcp insanlar so\u00f1ki y\u0131llarda Q\u0131r\u0131mda y\u00fcz bergen adiselerge nisbeten naraz\u0131l\u0131qlar\u0131n\u0131 bildirmek i\u00e7\u00fcn topland\u0131lar. Amethan Sultann\u0131\u00f1 Meydanda as\u0131l\u0131 balaban portretinde tamam y\u00fcz\u00fcnde fa\u015fistlerni\u00f1 temsili ol\u011fan gamal\u0131 ha\u00e7 \u00e7\u0131z\u0131lmas\u0131 cemaat \u011fadab\u0131n\u0131 ta\u015f\u0131tqan so\u00f1ki tam\u00e7\u0131 [&hellip;]<\/p>\n","protected":false},"author":1,"featured_media":0,"comment_status":"open","ping_status":"open","sticky":false,"template":"","format":"standard","meta":{"inline_featured_image":false,"footnotes":""},"categories":[265],"tags":[],"class_list":["post-32656","post","type-post","status-publish","format-standard","hentry","category-haberler"],"acf":[],"yoast_head":"<!-- This site is optimized with the Yoast SEO plugin v27.4 - https:\/\/yoast.com\/product\/yoast-seo-wordpress\/ -->\n<title>Aqmescitte vah\u015fiylikke qar\u015f\u0131 naraz\u0131l\u0131q mitingi ol\u0131p ke\u00e7ti - \u041c\u0435\u0434\u0436\u043b\u0456\u0441<\/title>\n<meta name=\"robots\" content=\"index, follow, max-snippet:-1, max-image-preview:large, max-video-preview:-1\" \/>\n<link rel=\"canonical\" href=\"https:\/\/qtmm.org\/qt\/aqmescitte-vahsiylikke-qarsi-naraziliq-mitingi-olip-kecti\/\" \/>\n<meta property=\"og:locale\" content=\"en_US\" \/>\n<meta property=\"og:type\" content=\"article\" \/>\n<meta property=\"og:title\" content=\"Aqmescitte vah\u015fiylikke qar\u015f\u0131 naraz\u0131l\u0131q mitingi ol\u0131p ke\u00e7ti - \u041c\u0435\u0434\u0436\u043b\u0456\u0441\" \/>\n<meta property=\"og:description\" content=\"2012 senesi iy\u00fcl 19 k\u00fcn\u00fc Aqmescitte Sovetler Birligini\u00f1 Eki defa qaraman\u0131 Amethan Sultan ad\u0131na meydanda \u00e7e\u015fit millet, \u00e7e\u015fit dinlerge ve t\u00fcrl\u00fc siyasiy aq\u0131mlar\u011fa mens\u00fcp insanlar so\u00f1ki y\u0131llarda Q\u0131r\u0131mda y\u00fcz bergen adiselerge nisbeten naraz\u0131l\u0131qlar\u0131n\u0131 bildirmek i\u00e7\u00fcn topland\u0131lar. Amethan Sultann\u0131\u00f1 Meydanda as\u0131l\u0131 balaban portretinde tamam y\u00fcz\u00fcnde fa\u015fistlerni\u00f1 temsili ol\u011fan gamal\u0131 ha\u00e7 \u00e7\u0131z\u0131lmas\u0131 cemaat \u011fadab\u0131n\u0131 ta\u015f\u0131tqan so\u00f1ki tam\u00e7\u0131 [&hellip;]\" \/>\n<meta property=\"og:url\" content=\"https:\/\/qtmm.org\/qt\/aqmescitte-vahsiylikke-qarsi-naraziliq-mitingi-olip-kecti\/\" \/>\n<meta property=\"og:site_name\" content=\"\u041c\u0435\u0434\u0436\u043b\u0456\u0441\" \/>\n<meta property=\"article:publisher\" content=\"https:\/\/www.facebook.com\/qtmm.info\/\" \/>\n<meta property=\"article:published_time\" content=\"2012-07-19T20:03:00+00:00\" \/>\n<meta property=\"article:modified_time\" content=\"2022-01-21T20:04:01+00:00\" \/>\n<meta name=\"author\" content=\"Developer\" \/>\n<meta name=\"twitter:card\" content=\"summary_large_image\" \/>\n<meta name=\"twitter:label1\" content=\"Written by\" \/>\n\t<meta name=\"twitter:data1\" content=\"Developer\" \/>\n\t<meta name=\"twitter:label2\" content=\"Est. reading time\" \/>\n\t<meta name=\"twitter:data2\" content=\"3 minutes\" \/>\n<script type=\"application\/ld+json\" class=\"yoast-schema-graph\">{\"@context\":\"https:\\\/\\\/schema.org\",\"@graph\":[{\"@type\":\"Article\",\"@id\":\"https:\\\/\\\/qtmm.org\\\/qt\\\/aqmescitte-vahsiylikke-qarsi-naraziliq-mitingi-olip-kecti\\\/#article\",\"isPartOf\":{\"@id\":\"https:\\\/\\\/qtmm.org\\\/qt\\\/aqmescitte-vahsiylikke-qarsi-naraziliq-mitingi-olip-kecti\\\/\"},\"author\":{\"name\":\"Developer\",\"@id\":\"https:\\\/\\\/qtmm.org\\\/qt\\\/#\\\/schema\\\/person\\\/de562469f971dec226ac06e60bbf74a7\"},\"headline\":\"Aqmescitte vah\u015fiylikke qar\u015f\u0131 naraz\u0131l\u0131q mitingi ol\u0131p ke\u00e7ti\",\"datePublished\":\"2012-07-19T20:03:00+00:00\",\"dateModified\":\"2022-01-21T20:04:01+00:00\",\"mainEntityOfPage\":{\"@id\":\"https:\\\/\\\/qtmm.org\\\/qt\\\/aqmescitte-vahsiylikke-qarsi-naraziliq-mitingi-olip-kecti\\\/\"},\"wordCount\":560,\"commentCount\":0,\"publisher\":{\"@id\":\"https:\\\/\\\/qtmm.org\\\/qt\\\/#organization\"},\"articleSection\":[\"Haberler\"],\"inLanguage\":\"qt\",\"potentialAction\":[{\"@type\":\"CommentAction\",\"name\":\"Comment\",\"target\":[\"https:\\\/\\\/qtmm.org\\\/qt\\\/aqmescitte-vahsiylikke-qarsi-naraziliq-mitingi-olip-kecti\\\/#respond\"]}]},{\"@type\":\"WebPage\",\"@id\":\"https:\\\/\\\/qtmm.org\\\/qt\\\/aqmescitte-vahsiylikke-qarsi-naraziliq-mitingi-olip-kecti\\\/\",\"url\":\"https:\\\/\\\/qtmm.org\\\/qt\\\/aqmescitte-vahsiylikke-qarsi-naraziliq-mitingi-olip-kecti\\\/\",\"name\":\"Aqmescitte vah\u015fiylikke qar\u015f\u0131 naraz\u0131l\u0131q mitingi ol\u0131p ke\u00e7ti - \u041c\u0435\u0434\u0436\u043b\u0456\u0441\",\"isPartOf\":{\"@id\":\"https:\\\/\\\/qtmm.org\\\/qt\\\/#website\"},\"datePublished\":\"2012-07-19T20:03:00+00:00\",\"dateModified\":\"2022-01-21T20:04:01+00:00\",\"breadcrumb\":{\"@id\":\"https:\\\/\\\/qtmm.org\\\/qt\\\/aqmescitte-vahsiylikke-qarsi-naraziliq-mitingi-olip-kecti\\\/#breadcrumb\"},\"inLanguage\":\"qt\",\"potentialAction\":[{\"@type\":\"ReadAction\",\"target\":[\"https:\\\/\\\/qtmm.org\\\/qt\\\/aqmescitte-vahsiylikke-qarsi-naraziliq-mitingi-olip-kecti\\\/\"]}]},{\"@type\":\"BreadcrumbList\",\"@id\":\"https:\\\/\\\/qtmm.org\\\/qt\\\/aqmescitte-vahsiylikke-qarsi-naraziliq-mitingi-olip-kecti\\\/#breadcrumb\",\"itemListElement\":[{\"@type\":\"ListItem\",\"position\":1,\"name\":\"\u0413\u043e\u043b\u043e\u0432\u043d\u0430\",\"item\":\"https:\\\/\\\/qtmm.org\\\/qt\\\/\"},{\"@type\":\"ListItem\",\"position\":2,\"name\":\"Aqmescitte vah\u015fiylikke qar\u015f\u0131 naraz\u0131l\u0131q mitingi ol\u0131p ke\u00e7ti\"}]},{\"@type\":\"WebSite\",\"@id\":\"https:\\\/\\\/qtmm.org\\\/qt\\\/#website\",\"url\":\"https:\\\/\\\/qtmm.org\\\/qt\\\/\",\"name\":\"\u041c\u0435\u0434\u0436\u043b\u0456\u0441\",\"description\":\"\",\"publisher\":{\"@id\":\"https:\\\/\\\/qtmm.org\\\/qt\\\/#organization\"},\"potentialAction\":[{\"@type\":\"SearchAction\",\"target\":{\"@type\":\"EntryPoint\",\"urlTemplate\":\"https:\\\/\\\/qtmm.org\\\/qt\\\/?s={search_term_string}\"},\"query-input\":{\"@type\":\"PropertyValueSpecification\",\"valueRequired\":true,\"valueName\":\"search_term_string\"}}],\"inLanguage\":\"qt\"},{\"@type\":\"Organization\",\"@id\":\"https:\\\/\\\/qtmm.org\\\/qt\\\/#organization\",\"name\":\"\u041c\u0435\u0434\u0436\u043b\u0456\u0441\",\"url\":\"https:\\\/\\\/qtmm.org\\\/qt\\\/\",\"logo\":{\"@type\":\"ImageObject\",\"inLanguage\":\"qt\",\"@id\":\"https:\\\/\\\/qtmm.org\\\/qt\\\/#\\\/schema\\\/logo\\\/image\\\/\",\"url\":\"https:\\\/\\\/qtmm.org\\\/wp-content\\\/uploads\\\/2024\\\/12\\\/ua-mejlis-logo-rgb.svg\",\"contentUrl\":\"https:\\\/\\\/qtmm.org\\\/wp-content\\\/uploads\\\/2024\\\/12\\\/ua-mejlis-logo-rgb.svg\",\"caption\":\"\u041c\u0435\u0434\u0436\u043b\u0456\u0441\"},\"image\":{\"@id\":\"https:\\\/\\\/qtmm.org\\\/qt\\\/#\\\/schema\\\/logo\\\/image\\\/\"},\"sameAs\":[\"https:\\\/\\\/www.facebook.com\\\/qtmm.info\\\/\"]},{\"@type\":\"Person\",\"@id\":\"https:\\\/\\\/qtmm.org\\\/qt\\\/#\\\/schema\\\/person\\\/de562469f971dec226ac06e60bbf74a7\",\"name\":\"Developer\",\"image\":{\"@type\":\"ImageObject\",\"inLanguage\":\"qt\",\"@id\":\"https:\\\/\\\/secure.gravatar.com\\\/avatar\\\/392b4cc8fbfeb00b39dfeeab4ee6edded39ffd48e25858637e4765810300227e?s=96&d=mm&r=g\",\"url\":\"https:\\\/\\\/secure.gravatar.com\\\/avatar\\\/392b4cc8fbfeb00b39dfeeab4ee6edded39ffd48e25858637e4765810300227e?s=96&d=mm&r=g\",\"contentUrl\":\"https:\\\/\\\/secure.gravatar.com\\\/avatar\\\/392b4cc8fbfeb00b39dfeeab4ee6edded39ffd48e25858637e4765810300227e?s=96&d=mm&r=g\",\"caption\":\"Developer\"},\"url\":\"https:\\\/\\\/qtmm.org\\\/qt\\\/author\\\/Developer\\\/\"}]}<\/script>\n<!-- \/ Yoast SEO plugin. -->","yoast_head_json":{"title":"Aqmescitte vah\u015fiylikke qar\u015f\u0131 naraz\u0131l\u0131q mitingi ol\u0131p ke\u00e7ti - \u041c\u0435\u0434\u0436\u043b\u0456\u0441","robots":{"index":"index","follow":"follow","max-snippet":"max-snippet:-1","max-image-preview":"max-image-preview:large","max-video-preview":"max-video-preview:-1"},"canonical":"https:\/\/qtmm.org\/qt\/aqmescitte-vahsiylikke-qarsi-naraziliq-mitingi-olip-kecti\/","og_locale":"en_US","og_type":"article","og_title":"Aqmescitte vah\u015fiylikke qar\u015f\u0131 naraz\u0131l\u0131q mitingi ol\u0131p ke\u00e7ti - \u041c\u0435\u0434\u0436\u043b\u0456\u0441","og_description":"2012 senesi iy\u00fcl 19 k\u00fcn\u00fc Aqmescitte Sovetler Birligini\u00f1 Eki defa qaraman\u0131 Amethan Sultan ad\u0131na meydanda \u00e7e\u015fit millet, \u00e7e\u015fit dinlerge ve t\u00fcrl\u00fc siyasiy aq\u0131mlar\u011fa mens\u00fcp insanlar so\u00f1ki y\u0131llarda Q\u0131r\u0131mda y\u00fcz bergen adiselerge nisbeten naraz\u0131l\u0131qlar\u0131n\u0131 bildirmek i\u00e7\u00fcn topland\u0131lar. Amethan Sultann\u0131\u00f1 Meydanda as\u0131l\u0131 balaban portretinde tamam y\u00fcz\u00fcnde fa\u015fistlerni\u00f1 temsili ol\u011fan gamal\u0131 ha\u00e7 \u00e7\u0131z\u0131lmas\u0131 cemaat \u011fadab\u0131n\u0131 ta\u015f\u0131tqan so\u00f1ki tam\u00e7\u0131 [&hellip;]","og_url":"https:\/\/qtmm.org\/qt\/aqmescitte-vahsiylikke-qarsi-naraziliq-mitingi-olip-kecti\/","og_site_name":"\u041c\u0435\u0434\u0436\u043b\u0456\u0441","article_publisher":"https:\/\/www.facebook.com\/qtmm.info\/","article_published_time":"2012-07-19T20:03:00+00:00","article_modified_time":"2022-01-21T20:04:01+00:00","author":"Developer","twitter_card":"summary_large_image","twitter_misc":{"Written by":"Developer","Est. reading time":"3 minutes"},"schema":{"@context":"https:\/\/schema.org","@graph":[{"@type":"Article","@id":"https:\/\/qtmm.org\/qt\/aqmescitte-vahsiylikke-qarsi-naraziliq-mitingi-olip-kecti\/#article","isPartOf":{"@id":"https:\/\/qtmm.org\/qt\/aqmescitte-vahsiylikke-qarsi-naraziliq-mitingi-olip-kecti\/"},"author":{"name":"Developer","@id":"https:\/\/qtmm.org\/qt\/#\/schema\/person\/de562469f971dec226ac06e60bbf74a7"},"headline":"Aqmescitte vah\u015fiylikke qar\u015f\u0131 naraz\u0131l\u0131q mitingi ol\u0131p ke\u00e7ti","datePublished":"2012-07-19T20:03:00+00:00","dateModified":"2022-01-21T20:04:01+00:00","mainEntityOfPage":{"@id":"https:\/\/qtmm.org\/qt\/aqmescitte-vahsiylikke-qarsi-naraziliq-mitingi-olip-kecti\/"},"wordCount":560,"commentCount":0,"publisher":{"@id":"https:\/\/qtmm.org\/qt\/#organization"},"articleSection":["Haberler"],"inLanguage":"qt","potentialAction":[{"@type":"CommentAction","name":"Comment","target":["https:\/\/qtmm.org\/qt\/aqmescitte-vahsiylikke-qarsi-naraziliq-mitingi-olip-kecti\/#respond"]}]},{"@type":"WebPage","@id":"https:\/\/qtmm.org\/qt\/aqmescitte-vahsiylikke-qarsi-naraziliq-mitingi-olip-kecti\/","url":"https:\/\/qtmm.org\/qt\/aqmescitte-vahsiylikke-qarsi-naraziliq-mitingi-olip-kecti\/","name":"Aqmescitte vah\u015fiylikke qar\u015f\u0131 naraz\u0131l\u0131q mitingi ol\u0131p ke\u00e7ti - \u041c\u0435\u0434\u0436\u043b\u0456\u0441","isPartOf":{"@id":"https:\/\/qtmm.org\/qt\/#website"},"datePublished":"2012-07-19T20:03:00+00:00","dateModified":"2022-01-21T20:04:01+00:00","breadcrumb":{"@id":"https:\/\/qtmm.org\/qt\/aqmescitte-vahsiylikke-qarsi-naraziliq-mitingi-olip-kecti\/#breadcrumb"},"inLanguage":"qt","potentialAction":[{"@type":"ReadAction","target":["https:\/\/qtmm.org\/qt\/aqmescitte-vahsiylikke-qarsi-naraziliq-mitingi-olip-kecti\/"]}]},{"@type":"BreadcrumbList","@id":"https:\/\/qtmm.org\/qt\/aqmescitte-vahsiylikke-qarsi-naraziliq-mitingi-olip-kecti\/#breadcrumb","itemListElement":[{"@type":"ListItem","position":1,"name":"\u0413\u043e\u043b\u043e\u0432\u043d\u0430","item":"https:\/\/qtmm.org\/qt\/"},{"@type":"ListItem","position":2,"name":"Aqmescitte vah\u015fiylikke qar\u015f\u0131 naraz\u0131l\u0131q mitingi ol\u0131p ke\u00e7ti"}]},{"@type":"WebSite","@id":"https:\/\/qtmm.org\/qt\/#website","url":"https:\/\/qtmm.org\/qt\/","name":"\u041c\u0435\u0434\u0436\u043b\u0456\u0441","description":"","publisher":{"@id":"https:\/\/qtmm.org\/qt\/#organization"},"potentialAction":[{"@type":"SearchAction","target":{"@type":"EntryPoint","urlTemplate":"https:\/\/qtmm.org\/qt\/?s={search_term_string}"},"query-input":{"@type":"PropertyValueSpecification","valueRequired":true,"valueName":"search_term_string"}}],"inLanguage":"qt"},{"@type":"Organization","@id":"https:\/\/qtmm.org\/qt\/#organization","name":"\u041c\u0435\u0434\u0436\u043b\u0456\u0441","url":"https:\/\/qtmm.org\/qt\/","logo":{"@type":"ImageObject","inLanguage":"qt","@id":"https:\/\/qtmm.org\/qt\/#\/schema\/logo\/image\/","url":"https:\/\/qtmm.org\/wp-content\/uploads\/2024\/12\/ua-mejlis-logo-rgb.svg","contentUrl":"https:\/\/qtmm.org\/wp-content\/uploads\/2024\/12\/ua-mejlis-logo-rgb.svg","caption":"\u041c\u0435\u0434\u0436\u043b\u0456\u0441"},"image":{"@id":"https:\/\/qtmm.org\/qt\/#\/schema\/logo\/image\/"},"sameAs":["https:\/\/www.facebook.com\/qtmm.info\/"]},{"@type":"Person","@id":"https:\/\/qtmm.org\/qt\/#\/schema\/person\/de562469f971dec226ac06e60bbf74a7","name":"Developer","image":{"@type":"ImageObject","inLanguage":"qt","@id":"https:\/\/secure.gravatar.com\/avatar\/392b4cc8fbfeb00b39dfeeab4ee6edded39ffd48e25858637e4765810300227e?s=96&d=mm&r=g","url":"https:\/\/secure.gravatar.com\/avatar\/392b4cc8fbfeb00b39dfeeab4ee6edded39ffd48e25858637e4765810300227e?s=96&d=mm&r=g","contentUrl":"https:\/\/secure.gravatar.com\/avatar\/392b4cc8fbfeb00b39dfeeab4ee6edded39ffd48e25858637e4765810300227e?s=96&d=mm&r=g","caption":"Developer"},"url":"https:\/\/qtmm.org\/qt\/author\/Developer\/"}]}},"_links":{"self":[{"href":"https:\/\/qtmm.org\/qt\/wp-json\/wp\/v2\/posts\/32656","targetHints":{"allow":["GET"]}}],"collection":[{"href":"https:\/\/qtmm.org\/qt\/wp-json\/wp\/v2\/posts"}],"about":[{"href":"https:\/\/qtmm.org\/qt\/wp-json\/wp\/v2\/types\/post"}],"author":[{"embeddable":true,"href":"https:\/\/qtmm.org\/qt\/wp-json\/wp\/v2\/users\/1"}],"replies":[{"embeddable":true,"href":"https:\/\/qtmm.org\/qt\/wp-json\/wp\/v2\/comments?post=32656"}],"version-history":[{"count":1,"href":"https:\/\/qtmm.org\/qt\/wp-json\/wp\/v2\/posts\/32656\/revisions"}],"predecessor-version":[{"id":32657,"href":"https:\/\/qtmm.org\/qt\/wp-json\/wp\/v2\/posts\/32656\/revisions\/32657"}],"wp:attachment":[{"href":"https:\/\/qtmm.org\/qt\/wp-json\/wp\/v2\/media?parent=32656"}],"wp:term":[{"taxonomy":"category","embeddable":true,"href":"https:\/\/qtmm.org\/qt\/wp-json\/wp\/v2\/categories?post=32656"},{"taxonomy":"post_tag","embeddable":true,"href":"https:\/\/qtmm.org\/qt\/wp-json\/wp\/v2\/tags?post=32656"}],"curies":[{"name":"wp","href":"https:\/\/api.w.org\/{rel}","templated":true}]}}