




{"id":32555,"date":"2012-07-17T22:09:00","date_gmt":"2012-07-17T19:09:00","guid":{"rendered":"http:\/\/qtmm.org\/?p=32555"},"modified":"2022-01-21T22:10:26","modified_gmt":"2022-01-21T19:10:26","slug":"sovetler-birliginin-eki-defa-qaramani-mesur-ucuci-amethan-sultan-portretini-aqaret-etkenlerni-cubarov-maneviy-vahsiyler-dedi","status":"publish","type":"post","link":"https:\/\/qtmm.org\/qt\/sovetler-birliginin-eki-defa-qaramani-mesur-ucuci-amethan-sultan-portretini-aqaret-etkenlerni-cubarov-maneviy-vahsiyler-dedi\/","title":{"rendered":"Sovetler Birligini\u00f1 Eki defa qaraman\u0131, me\u015fur u\u00e7uc\u0131 Amethan Sultan portretini aqaret etkenlerni \u00c7ubarov maneviy vah\u015fiyler, dedi"},"content":{"rendered":"\n<p>2012 senesi iy\u00fcl 17-de 5-nci \u00e7a\u011f\u0131r\u0131l\u0131\u015f Qurultayn\u0131\u00f1 olacaq 4-nci sessiyas\u0131 arfesinde ol\u0131p ke\u00e7ken matbuat konferentsiyas\u0131nda Q\u0131r\u0131mtatar halq\u0131 Meclisi reisini\u00f1 birinci muavini Refat \u00c7ubarov Sovetler Birligini\u00f1 Eki defa qaraman\u0131, me\u015fur u\u00e7uc\u0131 Amethan Sultan portretini aqaret etkenlerni\u00f1 areketlerini b\u00f6yle izaatlad\u0131: &#8220;Bu\u00f1a nas\u0131l izaat bermek kerekligini asla da bilmeyim, &#8211; dedi Refat \u00c7ubarov. \u2013 Men \u015fahsen Amethan Sultan ad\u0131na meydan\u011fa bar\u0131p, Amethan Sultan portretinde pis resimlerni k\u00f6rip, \u015fok ke\u00e7irdim. Siz bilesi\u00f1iz, portret pek y\u00fcksekte as\u0131l\u0131. Amma vah\u015fiyler qara i\u015flerini yapmaqn\u0131\u00f1 \u00e7aresini tapqanlar\u2026&#8221;<\/p>\n\n\n\n<p>Refat \u00c7ubarovn\u0131\u00f1 tahminine k\u00f6re, elbetteki soqaqta videokozet\u00fcv al\u0131p bar\u0131la. Ya militsiya \u015feerni\u00f1 tam merkezinde b\u00f6yle vah\u015fiylik yap\u0131lmas\u0131na nas\u0131l yol bere, dep taac\u00fcplendi \u00c7ubarov ve jurnalistlerge h\u0131taben, tek ondan degil de \u015feer akimlerinden de izaat soramalar\u0131n\u0131 tevsiye etti.<\/p>\n\n\n\n<p>&#8220;Q\u0131r\u0131m Yuqar\u0131 \u015euras\u0131 endi \u00e7oqtan berli \u015feerdeki ava liman\u0131na Sovetler Birligini\u00f1 eki defa qaraman\u0131 Amethan Sultann\u0131\u00f1 ad\u0131n\u0131 bermek husus\u0131nda qarar qabul etmey. \u0130\u015fte, vazifedar insanlarn\u0131\u00f1 l\u00e2qaydl\u0131\u011f\u0131 m\u0131na boly aqibetlerge ketire&#8221;.<\/p>\n\n\n\n<p>\u015eun\u0131 hat\u0131rlatmal\u0131 ki, iy\u00fcl 15-ten 16-\u011fa ke\u00e7er gecesi belgisiz \u015fah\u0131slar q\u0131rm\u0131z\u0131 boyanen qaramann\u0131\u00f1 y\u00fcz\u00fcnde fa\u015fistlerni\u00f1 simvol\u0131n\u0131 \u00e7\u0131z\u011fanlar.<\/p>\n\n\n\n<figure class=\"wp-block-image size-full\"><img loading=\"lazy\" decoding=\"async\" width=\"800\" height=\"492\" src=\"http:\/\/qtmm.org\/wp-content\/uploads\/2022\/01\/3_37.jpeg\" alt=\"\" class=\"wp-image-32562\" srcset=\"https:\/\/qtmm.org\/wp-content\/uploads\/2022\/01\/3_37.jpeg 800w, https:\/\/qtmm.org\/wp-content\/uploads\/2022\/01\/3_37-300x185.jpeg 300w, https:\/\/qtmm.org\/wp-content\/uploads\/2022\/01\/3_37-768x472.jpeg 768w\" sizes=\"auto, (max-width: 800px) 100vw, 800px\" \/><\/figure>\n","protected":false},"excerpt":{"rendered":"<p>2012 senesi iy\u00fcl 17-de 5-nci \u00e7a\u011f\u0131r\u0131l\u0131\u015f Qurultayn\u0131\u00f1 olacaq 4-nci sessiyas\u0131 arfesinde ol\u0131p ke\u00e7ken matbuat konferentsiyas\u0131nda Q\u0131r\u0131mtatar halq\u0131 Meclisi reisini\u00f1 birinci muavini Refat \u00c7ubarov Sovetler Birligini\u00f1 Eki defa qaraman\u0131, me\u015fur u\u00e7uc\u0131 Amethan Sultan portretini aqaret etkenlerni\u00f1 areketlerini b\u00f6yle izaatlad\u0131: &#8220;Bu\u00f1a nas\u0131l izaat bermek kerekligini asla da bilmeyim, &#8211; dedi Refat \u00c7ubarov. \u2013 Men \u015fahsen Amethan Sultan [&hellip;]<\/p>\n","protected":false},"author":1,"featured_media":32557,"comment_status":"open","ping_status":"open","sticky":false,"template":"","format":"standard","meta":{"inline_featured_image":false,"footnotes":""},"categories":[265],"tags":[],"class_list":["post-32555","post","type-post","status-publish","format-standard","has-post-thumbnail","hentry","category-haberler"],"acf":[],"yoast_head":"<!-- This site is optimized with the Yoast SEO plugin v27.4 - https:\/\/yoast.com\/product\/yoast-seo-wordpress\/ -->\n<title>Sovetler Birligini\u00f1 Eki defa qaraman\u0131, me\u015fur u\u00e7uc\u0131 Amethan Sultan portretini aqaret etkenlerni \u00c7ubarov maneviy vah\u015fiyler, dedi - \u041c\u0435\u0434\u0436\u043b\u0456\u0441<\/title>\n<meta name=\"robots\" content=\"index, follow, max-snippet:-1, max-image-preview:large, max-video-preview:-1\" \/>\n<link rel=\"canonical\" href=\"https:\/\/qtmm.org\/qt\/sovetler-birliginin-eki-defa-qaramani-mesur-ucuci-amethan-sultan-portretini-aqaret-etkenlerni-cubarov-maneviy-vahsiyler-dedi\/\" \/>\n<meta property=\"og:locale\" content=\"en_US\" \/>\n<meta property=\"og:type\" content=\"article\" \/>\n<meta property=\"og:title\" content=\"Sovetler Birligini\u00f1 Eki defa qaraman\u0131, me\u015fur u\u00e7uc\u0131 Amethan Sultan portretini aqaret etkenlerni \u00c7ubarov maneviy vah\u015fiyler, dedi - \u041c\u0435\u0434\u0436\u043b\u0456\u0441\" \/>\n<meta property=\"og:description\" content=\"2012 senesi iy\u00fcl 17-de 5-nci \u00e7a\u011f\u0131r\u0131l\u0131\u015f Qurultayn\u0131\u00f1 olacaq 4-nci sessiyas\u0131 arfesinde ol\u0131p ke\u00e7ken matbuat konferentsiyas\u0131nda Q\u0131r\u0131mtatar halq\u0131 Meclisi reisini\u00f1 birinci muavini Refat \u00c7ubarov Sovetler Birligini\u00f1 Eki defa qaraman\u0131, me\u015fur u\u00e7uc\u0131 Amethan Sultan portretini aqaret etkenlerni\u00f1 areketlerini b\u00f6yle izaatlad\u0131: &#8220;Bu\u00f1a nas\u0131l izaat bermek kerekligini asla da bilmeyim, &#8211; dedi Refat \u00c7ubarov. \u2013 Men \u015fahsen Amethan Sultan [&hellip;]\" \/>\n<meta property=\"og:url\" content=\"https:\/\/qtmm.org\/qt\/sovetler-birliginin-eki-defa-qaramani-mesur-ucuci-amethan-sultan-portretini-aqaret-etkenlerni-cubarov-maneviy-vahsiyler-dedi\/\" \/>\n<meta property=\"og:site_name\" content=\"\u041c\u0435\u0434\u0436\u043b\u0456\u0441\" \/>\n<meta property=\"article:publisher\" content=\"https:\/\/www.facebook.com\/qtmm.info\/\" \/>\n<meta property=\"article:published_time\" content=\"2012-07-17T19:09:00+00:00\" \/>\n<meta property=\"article:modified_time\" content=\"2022-01-21T19:10:26+00:00\" \/>\n<meta property=\"og:image\" content=\"https:\/\/qtmm.org\/wp-content\/uploads\/2022\/01\/4_35.jpeg\" \/>\n\t<meta property=\"og:image:width\" content=\"650\" \/>\n\t<meta property=\"og:image:height\" content=\"400\" \/>\n\t<meta property=\"og:image:type\" content=\"image\/jpeg\" \/>\n<meta name=\"author\" content=\"Developer\" \/>\n<meta name=\"twitter:card\" content=\"summary_large_image\" \/>\n<meta name=\"twitter:label1\" content=\"Written by\" \/>\n\t<meta name=\"twitter:data1\" content=\"Developer\" \/>\n\t<meta name=\"twitter:label2\" content=\"Est. reading time\" \/>\n\t<meta name=\"twitter:data2\" content=\"1 minute\" \/>\n<script type=\"application\/ld+json\" class=\"yoast-schema-graph\">{\"@context\":\"https:\\\/\\\/schema.org\",\"@graph\":[{\"@type\":\"Article\",\"@id\":\"https:\\\/\\\/qtmm.org\\\/qt\\\/sovetler-birliginin-eki-defa-qaramani-mesur-ucuci-amethan-sultan-portretini-aqaret-etkenlerni-cubarov-maneviy-vahsiyler-dedi\\\/#article\",\"isPartOf\":{\"@id\":\"https:\\\/\\\/qtmm.org\\\/qt\\\/sovetler-birliginin-eki-defa-qaramani-mesur-ucuci-amethan-sultan-portretini-aqaret-etkenlerni-cubarov-maneviy-vahsiyler-dedi\\\/\"},\"author\":{\"name\":\"Developer\",\"@id\":\"https:\\\/\\\/qtmm.org\\\/qt\\\/#\\\/schema\\\/person\\\/de562469f971dec226ac06e60bbf74a7\"},\"headline\":\"Sovetler Birligini\u00f1 Eki defa qaraman\u0131, me\u015fur u\u00e7uc\u0131 Amethan Sultan portretini aqaret etkenlerni \u00c7ubarov maneviy vah\u015fiyler, dedi\",\"datePublished\":\"2012-07-17T19:09:00+00:00\",\"dateModified\":\"2022-01-21T19:10:26+00:00\",\"mainEntityOfPage\":{\"@id\":\"https:\\\/\\\/qtmm.org\\\/qt\\\/sovetler-birliginin-eki-defa-qaramani-mesur-ucuci-amethan-sultan-portretini-aqaret-etkenlerni-cubarov-maneviy-vahsiyler-dedi\\\/\"},\"wordCount\":234,\"commentCount\":0,\"publisher\":{\"@id\":\"https:\\\/\\\/qtmm.org\\\/qt\\\/#organization\"},\"image\":{\"@id\":\"https:\\\/\\\/qtmm.org\\\/qt\\\/sovetler-birliginin-eki-defa-qaramani-mesur-ucuci-amethan-sultan-portretini-aqaret-etkenlerni-cubarov-maneviy-vahsiyler-dedi\\\/#primaryimage\"},\"thumbnailUrl\":\"https:\\\/\\\/qtmm.org\\\/wp-content\\\/uploads\\\/2022\\\/01\\\/4_35.jpeg\",\"articleSection\":[\"Haberler\"],\"inLanguage\":\"qt\",\"potentialAction\":[{\"@type\":\"CommentAction\",\"name\":\"Comment\",\"target\":[\"https:\\\/\\\/qtmm.org\\\/qt\\\/sovetler-birliginin-eki-defa-qaramani-mesur-ucuci-amethan-sultan-portretini-aqaret-etkenlerni-cubarov-maneviy-vahsiyler-dedi\\\/#respond\"]}]},{\"@type\":\"WebPage\",\"@id\":\"https:\\\/\\\/qtmm.org\\\/qt\\\/sovetler-birliginin-eki-defa-qaramani-mesur-ucuci-amethan-sultan-portretini-aqaret-etkenlerni-cubarov-maneviy-vahsiyler-dedi\\\/\",\"url\":\"https:\\\/\\\/qtmm.org\\\/qt\\\/sovetler-birliginin-eki-defa-qaramani-mesur-ucuci-amethan-sultan-portretini-aqaret-etkenlerni-cubarov-maneviy-vahsiyler-dedi\\\/\",\"name\":\"Sovetler Birligini\u00f1 Eki defa qaraman\u0131, me\u015fur u\u00e7uc\u0131 Amethan Sultan portretini aqaret etkenlerni \u00c7ubarov maneviy vah\u015fiyler, dedi - \u041c\u0435\u0434\u0436\u043b\u0456\u0441\",\"isPartOf\":{\"@id\":\"https:\\\/\\\/qtmm.org\\\/qt\\\/#website\"},\"primaryImageOfPage\":{\"@id\":\"https:\\\/\\\/qtmm.org\\\/qt\\\/sovetler-birliginin-eki-defa-qaramani-mesur-ucuci-amethan-sultan-portretini-aqaret-etkenlerni-cubarov-maneviy-vahsiyler-dedi\\\/#primaryimage\"},\"image\":{\"@id\":\"https:\\\/\\\/qtmm.org\\\/qt\\\/sovetler-birliginin-eki-defa-qaramani-mesur-ucuci-amethan-sultan-portretini-aqaret-etkenlerni-cubarov-maneviy-vahsiyler-dedi\\\/#primaryimage\"},\"thumbnailUrl\":\"https:\\\/\\\/qtmm.org\\\/wp-content\\\/uploads\\\/2022\\\/01\\\/4_35.jpeg\",\"datePublished\":\"2012-07-17T19:09:00+00:00\",\"dateModified\":\"2022-01-21T19:10:26+00:00\",\"breadcrumb\":{\"@id\":\"https:\\\/\\\/qtmm.org\\\/qt\\\/sovetler-birliginin-eki-defa-qaramani-mesur-ucuci-amethan-sultan-portretini-aqaret-etkenlerni-cubarov-maneviy-vahsiyler-dedi\\\/#breadcrumb\"},\"inLanguage\":\"qt\",\"potentialAction\":[{\"@type\":\"ReadAction\",\"target\":[\"https:\\\/\\\/qtmm.org\\\/qt\\\/sovetler-birliginin-eki-defa-qaramani-mesur-ucuci-amethan-sultan-portretini-aqaret-etkenlerni-cubarov-maneviy-vahsiyler-dedi\\\/\"]}]},{\"@type\":\"ImageObject\",\"inLanguage\":\"qt\",\"@id\":\"https:\\\/\\\/qtmm.org\\\/qt\\\/sovetler-birliginin-eki-defa-qaramani-mesur-ucuci-amethan-sultan-portretini-aqaret-etkenlerni-cubarov-maneviy-vahsiyler-dedi\\\/#primaryimage\",\"url\":\"https:\\\/\\\/qtmm.org\\\/wp-content\\\/uploads\\\/2022\\\/01\\\/4_35.jpeg\",\"contentUrl\":\"https:\\\/\\\/qtmm.org\\\/wp-content\\\/uploads\\\/2022\\\/01\\\/4_35.jpeg\",\"width\":650,\"height\":400},{\"@type\":\"BreadcrumbList\",\"@id\":\"https:\\\/\\\/qtmm.org\\\/qt\\\/sovetler-birliginin-eki-defa-qaramani-mesur-ucuci-amethan-sultan-portretini-aqaret-etkenlerni-cubarov-maneviy-vahsiyler-dedi\\\/#breadcrumb\",\"itemListElement\":[{\"@type\":\"ListItem\",\"position\":1,\"name\":\"\u0413\u043e\u043b\u043e\u0432\u043d\u0430\",\"item\":\"https:\\\/\\\/qtmm.org\\\/qt\\\/\"},{\"@type\":\"ListItem\",\"position\":2,\"name\":\"Sovetler Birligini\u00f1 Eki defa qaraman\u0131, me\u015fur u\u00e7uc\u0131 Amethan Sultan portretini aqaret etkenlerni \u00c7ubarov maneviy vah\u015fiyler, dedi\"}]},{\"@type\":\"WebSite\",\"@id\":\"https:\\\/\\\/qtmm.org\\\/qt\\\/#website\",\"url\":\"https:\\\/\\\/qtmm.org\\\/qt\\\/\",\"name\":\"\u041c\u0435\u0434\u0436\u043b\u0456\u0441\",\"description\":\"\",\"publisher\":{\"@id\":\"https:\\\/\\\/qtmm.org\\\/qt\\\/#organization\"},\"potentialAction\":[{\"@type\":\"SearchAction\",\"target\":{\"@type\":\"EntryPoint\",\"urlTemplate\":\"https:\\\/\\\/qtmm.org\\\/qt\\\/?s={search_term_string}\"},\"query-input\":{\"@type\":\"PropertyValueSpecification\",\"valueRequired\":true,\"valueName\":\"search_term_string\"}}],\"inLanguage\":\"qt\"},{\"@type\":\"Organization\",\"@id\":\"https:\\\/\\\/qtmm.org\\\/qt\\\/#organization\",\"name\":\"\u041c\u0435\u0434\u0436\u043b\u0456\u0441\",\"url\":\"https:\\\/\\\/qtmm.org\\\/qt\\\/\",\"logo\":{\"@type\":\"ImageObject\",\"inLanguage\":\"qt\",\"@id\":\"https:\\\/\\\/qtmm.org\\\/qt\\\/#\\\/schema\\\/logo\\\/image\\\/\",\"url\":\"https:\\\/\\\/qtmm.org\\\/wp-content\\\/uploads\\\/2024\\\/12\\\/ua-mejlis-logo-rgb.svg\",\"contentUrl\":\"https:\\\/\\\/qtmm.org\\\/wp-content\\\/uploads\\\/2024\\\/12\\\/ua-mejlis-logo-rgb.svg\",\"caption\":\"\u041c\u0435\u0434\u0436\u043b\u0456\u0441\"},\"image\":{\"@id\":\"https:\\\/\\\/qtmm.org\\\/qt\\\/#\\\/schema\\\/logo\\\/image\\\/\"},\"sameAs\":[\"https:\\\/\\\/www.facebook.com\\\/qtmm.info\\\/\"]},{\"@type\":\"Person\",\"@id\":\"https:\\\/\\\/qtmm.org\\\/qt\\\/#\\\/schema\\\/person\\\/de562469f971dec226ac06e60bbf74a7\",\"name\":\"Developer\",\"image\":{\"@type\":\"ImageObject\",\"inLanguage\":\"qt\",\"@id\":\"https:\\\/\\\/secure.gravatar.com\\\/avatar\\\/392b4cc8fbfeb00b39dfeeab4ee6edded39ffd48e25858637e4765810300227e?s=96&d=mm&r=g\",\"url\":\"https:\\\/\\\/secure.gravatar.com\\\/avatar\\\/392b4cc8fbfeb00b39dfeeab4ee6edded39ffd48e25858637e4765810300227e?s=96&d=mm&r=g\",\"contentUrl\":\"https:\\\/\\\/secure.gravatar.com\\\/avatar\\\/392b4cc8fbfeb00b39dfeeab4ee6edded39ffd48e25858637e4765810300227e?s=96&d=mm&r=g\",\"caption\":\"Developer\"},\"url\":\"https:\\\/\\\/qtmm.org\\\/qt\\\/author\\\/Developer\\\/\"}]}<\/script>\n<!-- \/ Yoast SEO plugin. -->","yoast_head_json":{"title":"Sovetler Birligini\u00f1 Eki defa qaraman\u0131, me\u015fur u\u00e7uc\u0131 Amethan Sultan portretini aqaret etkenlerni \u00c7ubarov maneviy vah\u015fiyler, dedi - \u041c\u0435\u0434\u0436\u043b\u0456\u0441","robots":{"index":"index","follow":"follow","max-snippet":"max-snippet:-1","max-image-preview":"max-image-preview:large","max-video-preview":"max-video-preview:-1"},"canonical":"https:\/\/qtmm.org\/qt\/sovetler-birliginin-eki-defa-qaramani-mesur-ucuci-amethan-sultan-portretini-aqaret-etkenlerni-cubarov-maneviy-vahsiyler-dedi\/","og_locale":"en_US","og_type":"article","og_title":"Sovetler Birligini\u00f1 Eki defa qaraman\u0131, me\u015fur u\u00e7uc\u0131 Amethan Sultan portretini aqaret etkenlerni \u00c7ubarov maneviy vah\u015fiyler, dedi - \u041c\u0435\u0434\u0436\u043b\u0456\u0441","og_description":"2012 senesi iy\u00fcl 17-de 5-nci \u00e7a\u011f\u0131r\u0131l\u0131\u015f Qurultayn\u0131\u00f1 olacaq 4-nci sessiyas\u0131 arfesinde ol\u0131p ke\u00e7ken matbuat konferentsiyas\u0131nda Q\u0131r\u0131mtatar halq\u0131 Meclisi reisini\u00f1 birinci muavini Refat \u00c7ubarov Sovetler Birligini\u00f1 Eki defa qaraman\u0131, me\u015fur u\u00e7uc\u0131 Amethan Sultan portretini aqaret etkenlerni\u00f1 areketlerini b\u00f6yle izaatlad\u0131: &#8220;Bu\u00f1a nas\u0131l izaat bermek kerekligini asla da bilmeyim, &#8211; dedi Refat \u00c7ubarov. \u2013 Men \u015fahsen Amethan Sultan [&hellip;]","og_url":"https:\/\/qtmm.org\/qt\/sovetler-birliginin-eki-defa-qaramani-mesur-ucuci-amethan-sultan-portretini-aqaret-etkenlerni-cubarov-maneviy-vahsiyler-dedi\/","og_site_name":"\u041c\u0435\u0434\u0436\u043b\u0456\u0441","article_publisher":"https:\/\/www.facebook.com\/qtmm.info\/","article_published_time":"2012-07-17T19:09:00+00:00","article_modified_time":"2022-01-21T19:10:26+00:00","og_image":[{"width":650,"height":400,"url":"https:\/\/qtmm.org\/wp-content\/uploads\/2022\/01\/4_35.jpeg","type":"image\/jpeg"}],"author":"Developer","twitter_card":"summary_large_image","twitter_misc":{"Written by":"Developer","Est. reading time":"1 minute"},"schema":{"@context":"https:\/\/schema.org","@graph":[{"@type":"Article","@id":"https:\/\/qtmm.org\/qt\/sovetler-birliginin-eki-defa-qaramani-mesur-ucuci-amethan-sultan-portretini-aqaret-etkenlerni-cubarov-maneviy-vahsiyler-dedi\/#article","isPartOf":{"@id":"https:\/\/qtmm.org\/qt\/sovetler-birliginin-eki-defa-qaramani-mesur-ucuci-amethan-sultan-portretini-aqaret-etkenlerni-cubarov-maneviy-vahsiyler-dedi\/"},"author":{"name":"Developer","@id":"https:\/\/qtmm.org\/qt\/#\/schema\/person\/de562469f971dec226ac06e60bbf74a7"},"headline":"Sovetler Birligini\u00f1 Eki defa qaraman\u0131, me\u015fur u\u00e7uc\u0131 Amethan Sultan portretini aqaret etkenlerni \u00c7ubarov maneviy vah\u015fiyler, dedi","datePublished":"2012-07-17T19:09:00+00:00","dateModified":"2022-01-21T19:10:26+00:00","mainEntityOfPage":{"@id":"https:\/\/qtmm.org\/qt\/sovetler-birliginin-eki-defa-qaramani-mesur-ucuci-amethan-sultan-portretini-aqaret-etkenlerni-cubarov-maneviy-vahsiyler-dedi\/"},"wordCount":234,"commentCount":0,"publisher":{"@id":"https:\/\/qtmm.org\/qt\/#organization"},"image":{"@id":"https:\/\/qtmm.org\/qt\/sovetler-birliginin-eki-defa-qaramani-mesur-ucuci-amethan-sultan-portretini-aqaret-etkenlerni-cubarov-maneviy-vahsiyler-dedi\/#primaryimage"},"thumbnailUrl":"https:\/\/qtmm.org\/wp-content\/uploads\/2022\/01\/4_35.jpeg","articleSection":["Haberler"],"inLanguage":"qt","potentialAction":[{"@type":"CommentAction","name":"Comment","target":["https:\/\/qtmm.org\/qt\/sovetler-birliginin-eki-defa-qaramani-mesur-ucuci-amethan-sultan-portretini-aqaret-etkenlerni-cubarov-maneviy-vahsiyler-dedi\/#respond"]}]},{"@type":"WebPage","@id":"https:\/\/qtmm.org\/qt\/sovetler-birliginin-eki-defa-qaramani-mesur-ucuci-amethan-sultan-portretini-aqaret-etkenlerni-cubarov-maneviy-vahsiyler-dedi\/","url":"https:\/\/qtmm.org\/qt\/sovetler-birliginin-eki-defa-qaramani-mesur-ucuci-amethan-sultan-portretini-aqaret-etkenlerni-cubarov-maneviy-vahsiyler-dedi\/","name":"Sovetler Birligini\u00f1 Eki defa qaraman\u0131, me\u015fur u\u00e7uc\u0131 Amethan Sultan portretini aqaret etkenlerni \u00c7ubarov maneviy vah\u015fiyler, dedi - \u041c\u0435\u0434\u0436\u043b\u0456\u0441","isPartOf":{"@id":"https:\/\/qtmm.org\/qt\/#website"},"primaryImageOfPage":{"@id":"https:\/\/qtmm.org\/qt\/sovetler-birliginin-eki-defa-qaramani-mesur-ucuci-amethan-sultan-portretini-aqaret-etkenlerni-cubarov-maneviy-vahsiyler-dedi\/#primaryimage"},"image":{"@id":"https:\/\/qtmm.org\/qt\/sovetler-birliginin-eki-defa-qaramani-mesur-ucuci-amethan-sultan-portretini-aqaret-etkenlerni-cubarov-maneviy-vahsiyler-dedi\/#primaryimage"},"thumbnailUrl":"https:\/\/qtmm.org\/wp-content\/uploads\/2022\/01\/4_35.jpeg","datePublished":"2012-07-17T19:09:00+00:00","dateModified":"2022-01-21T19:10:26+00:00","breadcrumb":{"@id":"https:\/\/qtmm.org\/qt\/sovetler-birliginin-eki-defa-qaramani-mesur-ucuci-amethan-sultan-portretini-aqaret-etkenlerni-cubarov-maneviy-vahsiyler-dedi\/#breadcrumb"},"inLanguage":"qt","potentialAction":[{"@type":"ReadAction","target":["https:\/\/qtmm.org\/qt\/sovetler-birliginin-eki-defa-qaramani-mesur-ucuci-amethan-sultan-portretini-aqaret-etkenlerni-cubarov-maneviy-vahsiyler-dedi\/"]}]},{"@type":"ImageObject","inLanguage":"qt","@id":"https:\/\/qtmm.org\/qt\/sovetler-birliginin-eki-defa-qaramani-mesur-ucuci-amethan-sultan-portretini-aqaret-etkenlerni-cubarov-maneviy-vahsiyler-dedi\/#primaryimage","url":"https:\/\/qtmm.org\/wp-content\/uploads\/2022\/01\/4_35.jpeg","contentUrl":"https:\/\/qtmm.org\/wp-content\/uploads\/2022\/01\/4_35.jpeg","width":650,"height":400},{"@type":"BreadcrumbList","@id":"https:\/\/qtmm.org\/qt\/sovetler-birliginin-eki-defa-qaramani-mesur-ucuci-amethan-sultan-portretini-aqaret-etkenlerni-cubarov-maneviy-vahsiyler-dedi\/#breadcrumb","itemListElement":[{"@type":"ListItem","position":1,"name":"\u0413\u043e\u043b\u043e\u0432\u043d\u0430","item":"https:\/\/qtmm.org\/qt\/"},{"@type":"ListItem","position":2,"name":"Sovetler Birligini\u00f1 Eki defa qaraman\u0131, me\u015fur u\u00e7uc\u0131 Amethan Sultan portretini aqaret etkenlerni \u00c7ubarov maneviy vah\u015fiyler, dedi"}]},{"@type":"WebSite","@id":"https:\/\/qtmm.org\/qt\/#website","url":"https:\/\/qtmm.org\/qt\/","name":"\u041c\u0435\u0434\u0436\u043b\u0456\u0441","description":"","publisher":{"@id":"https:\/\/qtmm.org\/qt\/#organization"},"potentialAction":[{"@type":"SearchAction","target":{"@type":"EntryPoint","urlTemplate":"https:\/\/qtmm.org\/qt\/?s={search_term_string}"},"query-input":{"@type":"PropertyValueSpecification","valueRequired":true,"valueName":"search_term_string"}}],"inLanguage":"qt"},{"@type":"Organization","@id":"https:\/\/qtmm.org\/qt\/#organization","name":"\u041c\u0435\u0434\u0436\u043b\u0456\u0441","url":"https:\/\/qtmm.org\/qt\/","logo":{"@type":"ImageObject","inLanguage":"qt","@id":"https:\/\/qtmm.org\/qt\/#\/schema\/logo\/image\/","url":"https:\/\/qtmm.org\/wp-content\/uploads\/2024\/12\/ua-mejlis-logo-rgb.svg","contentUrl":"https:\/\/qtmm.org\/wp-content\/uploads\/2024\/12\/ua-mejlis-logo-rgb.svg","caption":"\u041c\u0435\u0434\u0436\u043b\u0456\u0441"},"image":{"@id":"https:\/\/qtmm.org\/qt\/#\/schema\/logo\/image\/"},"sameAs":["https:\/\/www.facebook.com\/qtmm.info\/"]},{"@type":"Person","@id":"https:\/\/qtmm.org\/qt\/#\/schema\/person\/de562469f971dec226ac06e60bbf74a7","name":"Developer","image":{"@type":"ImageObject","inLanguage":"qt","@id":"https:\/\/secure.gravatar.com\/avatar\/392b4cc8fbfeb00b39dfeeab4ee6edded39ffd48e25858637e4765810300227e?s=96&d=mm&r=g","url":"https:\/\/secure.gravatar.com\/avatar\/392b4cc8fbfeb00b39dfeeab4ee6edded39ffd48e25858637e4765810300227e?s=96&d=mm&r=g","contentUrl":"https:\/\/secure.gravatar.com\/avatar\/392b4cc8fbfeb00b39dfeeab4ee6edded39ffd48e25858637e4765810300227e?s=96&d=mm&r=g","caption":"Developer"},"url":"https:\/\/qtmm.org\/qt\/author\/Developer\/"}]}},"_links":{"self":[{"href":"https:\/\/qtmm.org\/qt\/wp-json\/wp\/v2\/posts\/32555","targetHints":{"allow":["GET"]}}],"collection":[{"href":"https:\/\/qtmm.org\/qt\/wp-json\/wp\/v2\/posts"}],"about":[{"href":"https:\/\/qtmm.org\/qt\/wp-json\/wp\/v2\/types\/post"}],"author":[{"embeddable":true,"href":"https:\/\/qtmm.org\/qt\/wp-json\/wp\/v2\/users\/1"}],"replies":[{"embeddable":true,"href":"https:\/\/qtmm.org\/qt\/wp-json\/wp\/v2\/comments?post=32555"}],"version-history":[{"count":1,"href":"https:\/\/qtmm.org\/qt\/wp-json\/wp\/v2\/posts\/32555\/revisions"}],"predecessor-version":[{"id":32567,"href":"https:\/\/qtmm.org\/qt\/wp-json\/wp\/v2\/posts\/32555\/revisions\/32567"}],"wp:featuredmedia":[{"embeddable":true,"href":"https:\/\/qtmm.org\/qt\/wp-json\/wp\/v2\/media\/32557"}],"wp:attachment":[{"href":"https:\/\/qtmm.org\/qt\/wp-json\/wp\/v2\/media?parent=32555"}],"wp:term":[{"taxonomy":"category","embeddable":true,"href":"https:\/\/qtmm.org\/qt\/wp-json\/wp\/v2\/categories?post=32555"},{"taxonomy":"post_tag","embeddable":true,"href":"https:\/\/qtmm.org\/qt\/wp-json\/wp\/v2\/tags?post=32555"}],"curies":[{"name":"wp","href":"https:\/\/api.w.org\/{rel}","templated":true}]}}